{"id":3028,"date":"2023-10-19T13:27:53","date_gmt":"2023-10-19T19:27:53","guid":{"rendered":"https:\/\/soymigrante.com\/revista\/?p=3028"},"modified":"2024-07-29T20:48:25","modified_gmt":"2024-07-30T02:48:25","slug":"atleta-migrante-luis-grijalva-pide-a-cc-que-agilice-retorno-de-guatemala-a-comite-olimpico","status":"publish","type":"post","link":"https:\/\/soymigrante.com\/revista\/atleta-migrante-luis-grijalva-pide-a-cc-que-agilice-retorno-de-guatemala-a-comite-olimpico\/","title":{"rendered":"Atleta migrante Luis Grijalva pide a CC agilizar acceso de Guatemala a Juegos Ol\u00edmpicos"},"content":{"rendered":"\t\t<div data-elementor-type=\"wp-post\" data-elementor-id=\"3028\" class=\"elementor elementor-3028\" data-elementor-post-type=\"post\">\n\t\t\t\t\t\t<section data-particle_enable=\"false\" data-particle-mobile-disabled=\"false\" class=\"elementor-section elementor-top-section elementor-element elementor-element-072c544 elementor-section-boxed elementor-section-height-default elementor-section-height-default\" data-id=\"072c544\" data-element_type=\"section\" data-e-type=\"section\">\n\t\t\t\t\t\t<div class=\"elementor-container elementor-column-gap-default\">\n\t\t\t\t\t<div class=\"elementor-column elementor-col-100 elementor-top-column elementor-element elementor-element-78e6ad7\" data-id=\"78e6ad7\" data-element_type=\"column\" data-e-type=\"column\">\n\t\t\t<div class=\"elementor-widget-wrap elementor-element-populated\">\n\t\t\t\t\t\t<div class=\"elementor-element elementor-element-257d49a elementor-widget elementor-widget-heading\" data-id=\"257d49a\" data-element_type=\"widget\" data-e-type=\"widget\" data-widget_type=\"heading.default\">\n\t\t\t\t\t<h1 class=\"elementor-heading-title elementor-size-default\">Los atletas ol\u00edmpicos guatemaltecos no pueden actualmente representar a nuestro pa\u00eds por la suspensi\u00f3n del Comit\u00e9 Ol\u00edmpico al pa\u00eds desde 2022. El atleta guatemalteco migrante Luis Grijalva, 4o. del mundo en  5 mil metros, dirigi\u00f3 esta carta a magistrados para que gestionen la participaci\u00f3n de Guatemala en los Juegos Ol\u00edmpicos de Par\u00eds 2024<\/h1>\t\t\t\t<\/div>\n\t\t\t\t\t<\/div>\n\t\t<\/div>\n\t\t\t\t\t<\/div>\n\t\t<\/section>\n\t\t\t\t<section data-particle_enable=\"false\" data-particle-mobile-disabled=\"false\" class=\"elementor-section elementor-top-section elementor-element elementor-element-cb10c4a elementor-section-boxed elementor-section-height-default elementor-section-height-default\" data-id=\"cb10c4a\" data-element_type=\"section\" data-e-type=\"section\">\n\t\t\t\t\t\t<div class=\"elementor-container elementor-column-gap-default\">\n\t\t\t\t\t<div class=\"elementor-column elementor-col-100 elementor-top-column elementor-element elementor-element-c8ba8f7\" data-id=\"c8ba8f7\" data-element_type=\"column\" data-e-type=\"column\">\n\t\t\t<div class=\"elementor-widget-wrap elementor-element-populated\">\n\t\t\t\t\t\t<div class=\"elementor-element elementor-element-ef11af8 elementor-widget elementor-widget-image\" data-id=\"ef11af8\" data-element_type=\"widget\" data-e-type=\"widget\" data-widget_type=\"image.default\">\n\t\t\t\t\t\t\t\t\t\t\t\t\t\t\t<img fetchpriority=\"high\" decoding=\"async\" width=\"768\" height=\"317\" src=\"https:\/\/soymigrante.com\/revista\/wp-content\/uploads\/2023\/10\/Captura-de-pantalla-2023-10-19-131845-1024x423.webp\" class=\"attachment-large size-large wp-image-3033\" alt=\"\" srcset=\"https:\/\/soymigrante.com\/revista\/wp-content\/uploads\/2023\/10\/Captura-de-pantalla-2023-10-19-131845-1024x423.webp 1024w, https:\/\/soymigrante.com\/revista\/wp-content\/uploads\/2023\/10\/Captura-de-pantalla-2023-10-19-131845-300x124.webp 300w, https:\/\/soymigrante.com\/revista\/wp-content\/uploads\/2023\/10\/Captura-de-pantalla-2023-10-19-131845-768x317.webp 768w, https:\/\/soymigrante.com\/revista\/wp-content\/uploads\/2023\/10\/Captura-de-pantalla-2023-10-19-131845-1536x634.webp 1536w, https:\/\/soymigrante.com\/revista\/wp-content\/uploads\/2023\/10\/Captura-de-pantalla-2023-10-19-131845-750x310.webp 750w, https:\/\/soymigrante.com\/revista\/wp-content\/uploads\/2023\/10\/Captura-de-pantalla-2023-10-19-131845-1140x471.webp 1140w, https:\/\/soymigrante.com\/revista\/wp-content\/uploads\/2023\/10\/Captura-de-pantalla-2023-10-19-131845.webp 1881w\" sizes=\"(max-width: 768px) 100vw, 768px\" title=\"Captura de pantalla 2023-10-19 131845 \u2013 SoyMigrante.com REVISTA\" \/>\t\t\t\t\t\t\t\t\t\t\t\t\t\t\t<\/div>\n\t\t\t\t\t<\/div>\n\t\t<\/div>\n\t\t\t\t\t<\/div>\n\t\t<\/section>\n\t\t\t\t<section data-particle_enable=\"false\" data-particle-mobile-disabled=\"false\" class=\"elementor-section elementor-top-section elementor-element elementor-element-0020b09 elementor-section-boxed elementor-section-height-default elementor-section-height-default\" data-id=\"0020b09\" data-element_type=\"section\" data-e-type=\"section\">\n\t\t\t\t\t\t<div class=\"elementor-container elementor-column-gap-default\">\n\t\t\t\t\t<div class=\"elementor-column elementor-col-100 elementor-top-column elementor-element elementor-element-813f05f\" data-id=\"813f05f\" data-element_type=\"column\" data-e-type=\"column\">\n\t\t\t<div class=\"elementor-widget-wrap elementor-element-populated\">\n\t\t\t\t\t\t<div class=\"elementor-element elementor-element-cb64020 elementor-widget elementor-widget-text-editor\" data-id=\"cb64020\" data-element_type=\"widget\" data-e-type=\"widget\" data-widget_type=\"text-editor.default\">\n\t\t\t\t\t\t\t\t\t<p>CONTEXTO: Luis Grijalva es un atleta migrante, nacido en Guatemala y radicado en Arizona, Estados Unidos desde su ni\u00f1ez. Es actualmente el 4o. lugar en el ranking mundial de 5 mil metros planos. Desde los Juegos Ol\u00edmpicos de Tokio quiso representar a Guatemala.<\/p>\n<p>Pero desde el 15 de octubre de 2022, Guatemala est\u00e1 suspendida de toda participaci\u00f3n ol\u00edmpica, debido a barreras legales creadas por una decisi\u00f3n de la Corte de Constitucionalidad, que no aceptaba los estatutos internacionales requeridos.<\/p>\n<p>La CC autoriz\u00f3 finalmente estos estatutos en septiembre de 2023, pero a\u00fan no se realizan elecciones para una nueva directiva de acuerdo a los mismos. <br>Los Juegos Ol\u00edmpicos de Par\u00eds 2024 NO extendieron invitaci\u00f3n a Guatemala debido a que la suspensi\u00f3n contin\u00faa. Luis Grijalva exhorta a la CC a buscar soluci\u00f3n.<br>Esta es la carta.&nbsp;<\/p>\t\t\t\t\t\t\t\t<\/div>\n\t\t\t\t\t<\/div>\n\t\t<\/div>\n\t\t\t\t\t<\/div>\n\t\t<\/section>\n\t\t\t\t<section data-particle_enable=\"false\" data-particle-mobile-disabled=\"false\" class=\"elementor-section elementor-top-section elementor-element elementor-element-1fa0a75 elementor-section-boxed elementor-section-height-default elementor-section-height-default\" data-id=\"1fa0a75\" data-element_type=\"section\" data-e-type=\"section\">\n\t\t\t\t\t\t<div class=\"elementor-container elementor-column-gap-default\">\n\t\t\t\t\t<div class=\"elementor-column elementor-col-100 elementor-top-column elementor-element elementor-element-6856663\" data-id=\"6856663\" data-element_type=\"column\" data-e-type=\"column\">\n\t\t\t<div class=\"elementor-widget-wrap elementor-element-populated\">\n\t\t\t\t\t\t<div class=\"elementor-element elementor-element-3f9d316 elementor-widget elementor-widget-image\" data-id=\"3f9d316\" data-element_type=\"widget\" data-e-type=\"widget\" data-widget_type=\"image.default\">\n\t\t\t\t\t\t\t\t\t\t\t\t\t\t\t<img decoding=\"async\" width=\"768\" height=\"680\" src=\"https:\/\/soymigrante.com\/revista\/wp-content\/uploads\/2023\/10\/GRIJALVA-CORRE-e1697742497701.webp\" class=\"attachment-large size-large wp-image-3030\" alt=\"\" srcset=\"https:\/\/soymigrante.com\/revista\/wp-content\/uploads\/2023\/10\/GRIJALVA-CORRE-e1697742497701.webp 768w, https:\/\/soymigrante.com\/revista\/wp-content\/uploads\/2023\/10\/GRIJALVA-CORRE-e1697742497701-300x266.webp 300w, https:\/\/soymigrante.com\/revista\/wp-content\/uploads\/2023\/10\/GRIJALVA-CORRE-e1697742497701-750x664.webp 750w\" sizes=\"(max-width: 768px) 100vw, 768px\" title=\"GRIJALVA CORRE \u2013 SoyMigrante.com REVISTA\" \/>\t\t\t\t\t\t\t\t\t\t\t\t\t\t\t<\/div>\n\t\t\t\t\t<\/div>\n\t\t<\/div>\n\t\t\t\t\t<\/div>\n\t\t<\/section>\n\t\t\t\t<section data-particle_enable=\"false\" data-particle-mobile-disabled=\"false\" class=\"elementor-section elementor-top-section elementor-element elementor-element-f4f2d39 elementor-section-boxed elementor-section-height-default elementor-section-height-default\" data-id=\"f4f2d39\" data-element_type=\"section\" data-e-type=\"section\">\n\t\t\t\t\t\t<div class=\"elementor-container elementor-column-gap-default\">\n\t\t\t\t\t<div class=\"elementor-column elementor-col-100 elementor-top-column elementor-element elementor-element-a9dae40\" data-id=\"a9dae40\" data-element_type=\"column\" data-e-type=\"column\">\n\t\t\t<div class=\"elementor-widget-wrap elementor-element-populated\">\n\t\t\t\t\t\t<div class=\"elementor-element elementor-element-a17180b elementor-widget elementor-widget-text-editor\" data-id=\"a17180b\" data-element_type=\"widget\" data-e-type=\"widget\" data-widget_type=\"text-editor.default\">\n\t\t\t\t\t\t\t\t\t<p><span style=\"color: var( --e-global-color-text ); background-color: var(--ak-bg-color);\">Arizona,<br>Estados Unidos de Am\u00e9rica, 11 de octubre de 2023<br><\/span><span style=\"background-color: var(--ak-bg-color); color: var( --e-global-color-text );\">&nbsp;Se\u00f1ores magistrados de la Corte<br>de Constitucionalidad<\/span><\/p>\n<p><span style=\"background-color: var(--ak-bg-color); color: var( --e-global-color-text );\">En esta ocasi\u00f3n me permito enviarles un saludo y a la vez expresar mi preocupaci\u00f3n por la cual el deporte en Guatemala se est\u00e1 viendo&nbsp;afectado a nivel internacional.<\/span><span style=\"color: var( --e-global-color-text ); background-color: var(--ak-bg-color);\"><br><\/span><\/p>\n<p><span lang=\"ES-MX\">Desde muy&nbsp;peque\u00f1o nos mudamos a Estados Unidos con mi familia. <u>Nunca olvidando mis ra\u00edces&nbsp;y siempre recordando a Guatemala<\/u>. En la secundaria inici\u00e9 practicando&nbsp;atletismo. Un deporte que considero que tiene una gran audiencia tanto en&nbsp;Guatemala como en otros pa\u00edses.&nbsp;<\/span><\/p>\n<p><span lang=\"ES-MX\">Con mucho esfuerzo he logrado sobresalir en mi&nbsp;deporte y <u>me siento orgulloso de representar a millones de guatemaltecos, como<br>tambi\u00e9n. De representar a muchos inmigrantes que d\u00eda a d\u00eda luchan fuera de su&nbsp;pa\u00eds lejos de muchos seres queridos.<\/u>&nbsp;<\/span><\/p>\n<p><span lang=\"ES-MX\">Cuando inici\u00e9 mi sue\u00f1o ol\u00edmpico de Tokio2020, siempre estuvo en mi mente trabajar duro para conseguir una medalla&nbsp;ol\u00edmpica para mi pa\u00eds. <u>El \u00fanico objetivo que he tenido en los \u00faltimos a\u00f1os ha<br>sido darle a Guatemala una alegr\u00eda tan grande como la de ver la bandera de&nbsp;Guatemala, ondear en lo m\u00e1s alto.&nbsp;<\/u><\/span><\/p>\n<p><span lang=\"ES-MX\">Actualmente me encuentro en el cuarto lugar a&nbsp;nivel mundial y clasificado a los pr\u00f3ximos Juegos Ol\u00edmpicos de Par\u00eds 2024 en&nbsp;los 5 mil metros.&nbsp;<\/span><span style=\"color: var( --e-global-color-text ); background-color: var(--ak-bg-color);\">En las \u00faltimas competencias que he tenido, no podr\u00eda haber estado&nbsp;<\/span><span style=\"color: var( --e-global-color-text ); background-color: var(--ak-bg-color);\">m\u00e1s orgulloso de llevar a Guatemala en mi pecho y haber representado a mi pa\u00eds.<\/span><\/p>\n<p><span style=\"color: var( --e-global-color-text ); background-color: var(--ak-bg-color);\">Sin embargo, el Comit\u00e9 Ol\u00edmpico Internacional anunci\u00f3 que no girar\u00e1 cartas de&nbsp;<\/span><span style=\"color: var( --e-global-color-text ); background-color: var(--ak-bg-color);\">invitaci\u00f3n para los Comit\u00e9s Ol\u00edmpicos de Rusia, Bielorrusia y Guatemala. Por lo&nbsp;<\/span><span style=\"color: var( --e-global-color-text ); background-color: var(--ak-bg-color);\">que <u>es frustrante y triste no portar uniforme, no poder mostrar mi bandera ni&nbsp;<\/u><\/span><span style=\"color: var( --e-global-color-text ); background-color: var(--ak-bg-color);\"><u>cantar el himno de Guatemala.<\/u>&nbsp;<\/span><\/p>\n<p><span style=\"color: var( --e-global-color-text ); background-color: var(--ak-bg-color);\">He sido inspirado por tanta gente que desde que&nbsp;<\/span><span style=\"color: var( --e-global-color-text ); background-color: var(--ak-bg-color);\">inici\u00f3 mi sue\u00f1o ol\u00edmpico, el apoyo de la Comunidad a mi alrededor me ha llevado&nbsp;<\/span><span style=\"color: var( --e-global-color-text ); background-color: var(--ak-bg-color);\">m\u00e1s all\u00e1 de lo que hubiera imaginado. Tengo mucha gratitud con todos los&nbsp;<\/span><span style=\"color: var( --e-global-color-text ); background-color: var(--ak-bg-color);\">guatemaltecos por su apoyo y por hacer mis sue\u00f1os realidad.&nbsp;<\/span><\/p>\n<p><span style=\"color: var( --e-global-color-text ); background-color: var(--ak-bg-color);\">En ese sentido,&nbsp;<\/span><span style=\"color: var( --e-global-color-text ); background-color: var(--ak-bg-color);\">ruego a ustedes resolver a la brevedad posible la situaci\u00f3n relacionada con el&nbsp;<\/span><span style=\"color: var( --e-global-color-text ); background-color: var(--ak-bg-color);\">Comit\u00e9 Ol\u00edmpico Guatemalteco para que el Comit\u00e9 Ol\u00edmpico Internaciona levante&nbsp;<\/span><span style=\"color: var( --e-global-color-text ); background-color: var(--ak-bg-color);\">la suspensi\u00f3n impuesta al Comit\u00e9 Ol\u00edmpico Guatemalteco y as\u00ed pueda ejercer mi&nbsp;<\/span><span style=\"color: var( --e-global-color-text ); background-color: var(--ak-bg-color);\">derecho a representar dignamente a Guatemala en los Juegos Ol\u00edmpicos de Par\u00eds&nbsp;<\/span><span style=\"color: var( --e-global-color-text ); background-color: var(--ak-bg-color);\">2024.&nbsp;<\/span><\/p>\n<p><span style=\"color: var( --e-global-color-text ); background-color: var(--ak-bg-color);\">Agradezco su atenci\u00f3n.<\/span><\/p><p>LUIS GRIJALVA<\/p>\n<p><o:p><\/o:p><\/p>\t\t\t\t\t\t\t\t<\/div>\n\t\t\t\t\t<\/div>\n\t\t<\/div>\n\t\t\t\t\t<\/div>\n\t\t<\/section>\n\t\t\t\t<section data-particle_enable=\"false\" data-particle-mobile-disabled=\"false\" class=\"elementor-section elementor-top-section elementor-element elementor-element-39a17a1 elementor-section-boxed elementor-section-height-default elementor-section-height-default\" data-id=\"39a17a1\" data-element_type=\"section\" data-e-type=\"section\">\n\t\t\t\t\t\t<div class=\"elementor-container elementor-column-gap-default\">\n\t\t\t\t\t<div class=\"elementor-column elementor-col-100 elementor-top-column elementor-element elementor-element-c460575\" data-id=\"c460575\" data-element_type=\"column\" data-e-type=\"column\">\n\t\t\t<div class=\"elementor-widget-wrap elementor-element-populated\">\n\t\t\t\t\t\t<div class=\"elementor-element elementor-element-dd55975 elementor-widget elementor-widget-video\" data-id=\"dd55975\" data-element_type=\"widget\" data-e-type=\"widget\" data-settings=\"{&quot;youtube_url&quot;:&quot;https:\\\/\\\/www.youtube.com\\\/watch?v=tZByK8LuVxw&quot;,&quot;autoplay&quot;:&quot;yes&quot;,&quot;video_type&quot;:&quot;youtube&quot;,&quot;controls&quot;:&quot;yes&quot;}\" data-widget_type=\"video.default\">\n\t\t\t\t\t\t\t<div class=\"elementor-wrapper elementor-open-inline\">\n\t\t\t<div class=\"elementor-video\"><\/div>\t\t<\/div>\n\t\t\t\t\t\t<\/div>\n\t\t\t\t\t<\/div>\n\t\t<\/div>\n\t\t\t\t\t<\/div>\n\t\t<\/section>\n\t\t\t\t<\/div>\n\t\t","protected":false},"excerpt":{"rendered":"<p>Los atletas ol\u00edmpicos guatemaltecos no pueden actualmente representar a nuestro pa\u00eds por la suspensi\u00f3n del Comit\u00e9 Ol\u00edmpico al pa\u00eds desde 2022. El atleta guatemalteco migrante Luis Grijalva, 4o. del mundo en 5 mil metros, dirigi\u00f3 esta carta a magistrados para que gestionen la participaci\u00f3n de Guatemala en los Juegos Ol\u00edmpicos de Par\u00eds 2024 CONTEXTO: Luis [&hellip;]<\/p>\n","protected":false},"author":1,"featured_media":3030,"comment_status":"open","ping_status":"open","sticky":false,"template":"","format":"standard","meta":{"_acf_changed":false,"_eb_attr":"","footnotes":""},"categories":[56],"tags":[],"class_list":["post-3028","post","type-post","status-publish","format-standard","has-post-thumbnail","hentry","category-lugar-de-voces"],"acf":[],"aioseo_notices":[],"aioseo_head":"\n\t\t<!-- All in One SEO Pro 4.9.6.2 - aioseo.com -->\n\t<meta name=\"description\" content=\"Luis Grijalva, atleta guatemalteco migrante, se posiciona en el cuarto lugar mundial en 5 mil metros y busca representar a Guatemala en los Juegos Ol\u00edmpicos de Par\u00eds 2024.\" \/>\n\t<meta name=\"robots\" content=\"max-snippet:-1, max-image-preview:large, max-video-preview:-1\" \/>\n\t<meta name=\"author\" content=\"SoyMigrante.com REVISTA\"\/>\n\t<link rel=\"canonical\" href=\"https:\/\/soymigrante.com\/revista\/atleta-migrante-luis-grijalva-pide-a-cc-que-agilice-retorno-de-guatemala-a-comite-olimpico\/\" \/>\n\t<meta name=\"generator\" content=\"All in One SEO Pro (AIOSEO) 4.9.6.2\" \/>\n\n\t\t<link rel=\"preconnect\" href=\"https:\/\/fonts.googleapis.com\" crossorigin>\n<link rel=\"preconnect\" href=\"https:\/\/fonts.gstatic.com\" crossorigin>\n\t\t<meta property=\"og:locale\" content=\"es_ES\" \/>\n\t\t<meta property=\"og:site_name\" content=\"SoyMigrante.com REVISTA \u2013 Nuestra misi\u00f3n es reconocer y dignificar al migrante.\" \/>\n\t\t<meta property=\"og:type\" content=\"article\" \/>\n\t\t<meta property=\"og:title\" content=\"Atleta migrante Luis Grijalva pide a CC agilizar acceso de Guatemala a Juegos Ol\u00edmpicos\" \/>\n\t\t<meta property=\"og:description\" content=\"Luis Grijalva, atleta guatemalteco migrante, se posiciona en el cuarto lugar mundial en 5 mil metros y busca representar a Guatemala en los Juegos Ol\u00edmpicos de Par\u00eds 2024.\" \/>\n\t\t<meta property=\"og:url\" content=\"https:\/\/soymigrante.com\/revista\/atleta-migrante-luis-grijalva-pide-a-cc-que-agilice-retorno-de-guatemala-a-comite-olimpico\/\" \/>\n\t\t<meta property=\"og:image\" content=\"https:\/\/soymigrante.com\/revista\/wp-content\/uploads\/2023\/10\/GRIJALVA-CORRE-e1697742497701.webp\" \/>\n\t\t<meta property=\"og:image:secure_url\" content=\"https:\/\/soymigrante.com\/revista\/wp-content\/uploads\/2023\/10\/GRIJALVA-CORRE-e1697742497701.webp\" \/>\n\t\t<meta property=\"og:image:width\" content=\"768\" \/>\n\t\t<meta property=\"og:image:height\" content=\"680\" \/>\n\t\t<meta property=\"article:published_time\" content=\"2023-10-19T19:27:53+00:00\" \/>\n\t\t<meta property=\"article:modified_time\" content=\"2024-07-30T02:48:25+00:00\" \/>\n\t\t<meta property=\"article:publisher\" content=\"https:\/\/www.facebook.com\/soymigrantecom\" \/>\n\t\t<meta name=\"twitter:card\" content=\"summary_large_image\" \/>\n\t\t<meta name=\"twitter:site\" content=\"@SoyMigrante_com\" \/>\n\t\t<meta name=\"twitter:title\" content=\"Atleta migrante Luis Grijalva pide a CC agilizar acceso de Guatemala a Juegos Ol\u00edmpicos\" \/>\n\t\t<meta name=\"twitter:description\" content=\"Luis Grijalva, atleta guatemalteco migrante, se posiciona en el cuarto lugar mundial en 5 mil metros y busca representar a Guatemala en los Juegos Ol\u00edmpicos de Par\u00eds 2024.\" \/>\n\t\t<meta name=\"twitter:creator\" content=\"@SoyMigrante_com\" \/>\n\t\t<meta name=\"twitter:image\" content=\"https:\/\/soymigrante.com\/revista\/wp-content\/uploads\/2023\/10\/GRIJALVA-CORRE-e1697742497701.webp\" \/>\n\t\t<!-- All in One SEO Pro -->\r\n\t\t<title>Atleta migrante Luis Grijalva pide a CC agilizar acceso de Guatemala a Juegos Ol\u00edmpicos<\/title>\n\n","aioseo_head_json":{"title":"Atleta migrante Luis Grijalva pide a CC agilizar acceso de Guatemala a Juegos Ol\u00edmpicos","description":"Luis Grijalva, atleta guatemalteco migrante, se posiciona en el cuarto lugar mundial en 5 mil metros y busca representar a Guatemala en los Juegos Ol\u00edmpicos de Par\u00eds 2024.","canonical_url":"https:\/\/soymigrante.com\/revista\/atleta-migrante-luis-grijalva-pide-a-cc-que-agilice-retorno-de-guatemala-a-comite-olimpico\/","robots":"max-snippet:-1, max-image-preview:large, max-video-preview:-1","keywords":"","webmasterTools":{"miscellaneous":"&lt;link rel=\"preconnect\" href=\"https:\/\/fonts.googleapis.com\" crossorigin&gt;\n&lt;link rel=\"preconnect\" href=\"https:\/\/fonts.gstatic.com\" crossorigin&gt;"},"schema":null,"og:locale":"es_ES","og:site_name":"SoyMigrante.com REVISTA \u2013 Nuestra misi\u00f3n es reconocer y dignificar al migrante.","og:type":"article","og:title":"Atleta migrante Luis Grijalva pide a CC agilizar acceso de Guatemala a Juegos Ol\u00edmpicos","og:description":"Luis Grijalva, atleta guatemalteco migrante, se posiciona en el cuarto lugar mundial en 5 mil metros y busca representar a Guatemala en los Juegos Ol\u00edmpicos de Par\u00eds 2024.","og:url":"https:\/\/soymigrante.com\/revista\/atleta-migrante-luis-grijalva-pide-a-cc-que-agilice-retorno-de-guatemala-a-comite-olimpico\/","og:image":"https:\/\/soymigrante.com\/revista\/wp-content\/uploads\/2023\/10\/GRIJALVA-CORRE-e1697742497701.webp","og:image:secure_url":"https:\/\/soymigrante.com\/revista\/wp-content\/uploads\/2023\/10\/GRIJALVA-CORRE-e1697742497701.webp","og:image:width":768,"og:image:height":680,"article:published_time":"2023-10-19T19:27:53+00:00","article:modified_time":"2024-07-30T02:48:25+00:00","article:publisher":"https:\/\/www.facebook.com\/soymigrantecom","twitter:card":"summary_large_image","twitter:site":"@SoyMigrante_com","twitter:title":"Atleta migrante Luis Grijalva pide a CC agilizar acceso de Guatemala a Juegos Ol\u00edmpicos","twitter:description":"Luis Grijalva, atleta guatemalteco migrante, se posiciona en el cuarto lugar mundial en 5 mil metros y busca representar a Guatemala en los Juegos Ol\u00edmpicos de Par\u00eds 2024.","twitter:creator":"@SoyMigrante_com","twitter:image":"https:\/\/soymigrante.com\/revista\/wp-content\/uploads\/2023\/10\/GRIJALVA-CORRE-e1697742497701.webp"},"aioseo_meta_data":{"post_id":"3028","title":null,"description":"Luis Grijalva, atleta guatemalteco migrante, se posiciona en el cuarto lugar mundial en 5 mil metros y busca representar a Guatemala en los Juegos Ol\u00edmpicos de Par\u00eds 2024.","keywords":[],"keyphrases":{"focus":{"keyphrase":"Migrante","score":64,"analysis":{"keyphraseInTitle":{"score":9,"maxScore":9,"error":0},"keyphraseInDescription":{"score":9,"maxScore":9,"error":0},"keyphraseLength":{"score":9,"maxScore":9,"error":0,"length":1},"keyphraseInURL":{"score":5,"maxScore":5,"error":0},"keyphraseInIntroduction":{"score":3,"maxScore":9,"error":1},"keyphraseInSubHeadings":[],"keyphraseInImageAlt":{"score":3,"maxScore":9,"error":1},"keywordDensity":{"score":0,"type":"low","maxScore":9,"error":1}}},"additional":[]},"primary_term":null,"canonical_url":null,"og_title":null,"og_description":null,"og_object_type":"default","og_image_type":"default","og_image_url":null,"og_image_width":null,"og_image_height":null,"og_image_custom_url":null,"og_image_custom_fields":null,"og_video":"","og_custom_url":null,"og_article_section":null,"og_article_tags":[],"twitter_use_og":false,"twitter_card":"default","twitter_image_type":"default","twitter_image_url":null,"twitter_image_custom_url":null,"twitter_image_custom_fields":null,"twitter_title":null,"twitter_description":null,"schema":{"blockGraphs":[],"customGraphs":[],"default":{"data":{"Article":[],"Course":[],"Dataset":[],"FAQPage":[],"Movie":[],"Person":[],"Product":[],"ProductReview":[],"Car":[],"Recipe":[],"Service":[],"SoftwareApplication":[],"WebPage":[]},"graphName":"BlogPosting","isEnabled":true},"graphs":[]},"schema_type":"default","schema_type_options":null,"pillar_content":false,"robots_default":true,"robots_noindex":false,"robots_noarchive":false,"robots_nosnippet":false,"robots_nofollow":false,"robots_noimageindex":false,"robots_noodp":false,"robots_notranslate":false,"robots_max_snippet":"-1","robots_max_videopreview":"-1","robots_max_imagepreview":"large","priority":null,"frequency":"default","local_seo":null,"seo_analyzer_scan_date":"2025-10-08 20:33:41","breadcrumb_settings":null,"limit_modified_date":false,"reviewed_by":null,"open_ai":null,"ai":null,"created":"2023-10-19 19:27:55","updated":"2026-02-04 09:46:21"},"aioseo_breadcrumb":"<div class=\"aioseo-breadcrumbs\"><span class=\"aioseo-breadcrumb\">\n\t<a href=\"https:\/\/soymigrante.com\/revista\" title=\"Home\">Home<\/a>\n<\/span><span class=\"aioseo-breadcrumb-separator\">\u00bb<\/span><span class=\"aioseo-breadcrumb\">\n\t<a href=\"https:\/\/soymigrante.com\/revista\/category\/estamos-unidos\/\" title=\"Estamos Unidos\">Estamos Unidos<\/a>\n<\/span><span class=\"aioseo-breadcrumb-separator\">\u00bb<\/span><span class=\"aioseo-breadcrumb\">\n\t<a href=\"https:\/\/soymigrante.com\/revista\/category\/estamos-unidos\/lugar-de-voces\/\" title=\"Lugar de Voces\">Lugar de Voces<\/a>\n<\/span><span class=\"aioseo-breadcrumb-separator\">\u00bb<\/span><span class=\"aioseo-breadcrumb\">\n\tAtleta migrante Luis Grijalva pide a CC agilizar acceso de Guatemala a Juegos Ol\u00edmpicos\n<\/span><\/div>","aioseo_breadcrumb_json":[{"label":"Home","link":"https:\/\/soymigrante.com\/revista"},{"label":"Estamos Unidos","link":"https:\/\/soymigrante.com\/revista\/category\/estamos-unidos\/"},{"label":"Lugar de Voces","link":"https:\/\/soymigrante.com\/revista\/category\/estamos-unidos\/lugar-de-voces\/"},{"label":"Atleta migrante Luis Grijalva pide a CC agilizar acceso de Guatemala a Juegos Ol\u00edmpicos","link":"https:\/\/soymigrante.com\/revista\/atleta-migrante-luis-grijalva-pide-a-cc-que-agilice-retorno-de-guatemala-a-comite-olimpico\/"}],"_links":{"self":[{"href":"https:\/\/soymigrante.com\/revista\/wp-json\/wp\/v2\/posts\/3028","targetHints":{"allow":["GET"]}}],"collection":[{"href":"https:\/\/soymigrante.com\/revista\/wp-json\/wp\/v2\/posts"}],"about":[{"href":"https:\/\/soymigrante.com\/revista\/wp-json\/wp\/v2\/types\/post"}],"author":[{"embeddable":true,"href":"https:\/\/soymigrante.com\/revista\/wp-json\/wp\/v2\/users\/1"}],"replies":[{"embeddable":true,"href":"https:\/\/soymigrante.com\/revista\/wp-json\/wp\/v2\/comments?post=3028"}],"version-history":[{"count":0,"href":"https:\/\/soymigrante.com\/revista\/wp-json\/wp\/v2\/posts\/3028\/revisions"}],"wp:featuredmedia":[{"embeddable":true,"href":"https:\/\/soymigrante.com\/revista\/wp-json\/wp\/v2\/media\/3030"}],"wp:attachment":[{"href":"https:\/\/soymigrante.com\/revista\/wp-json\/wp\/v2\/media?parent=3028"}],"wp:term":[{"taxonomy":"category","embeddable":true,"href":"https:\/\/soymigrante.com\/revista\/wp-json\/wp\/v2\/categories?post=3028"},{"taxonomy":"post_tag","embeddable":true,"href":"https:\/\/soymigrante.com\/revista\/wp-json\/wp\/v2\/tags?post=3028"}],"curies":[{"name":"wp","href":"https:\/\/api.w.org\/{rel}","templated":true}]}}