{"id":30252,"date":"2025-04-11T06:00:00","date_gmt":"2025-04-11T12:00:00","guid":{"rendered":"https:\/\/soymigrante.com\/revista\/?p=30252"},"modified":"2025-04-17T02:45:45","modified_gmt":"2025-04-17T08:45:45","slug":"biotopo-chocon-machacas-santuario-natural-y-ultimo-refugio-del-manati-en-guatemala","status":"publish","type":"post","link":"https:\/\/soymigrante.com\/revista\/biotopo-chocon-machacas-santuario-natural-y-ultimo-refugio-del-manati-en-guatemala\/","title":{"rendered":"Biotopo Choc\u00f3n Machacas: santuario natural y \u00faltimo refugio del manat\u00ed en Guatemala"},"content":{"rendered":"\t\t<div data-elementor-type=\"wp-post\" data-elementor-id=\"30252\" class=\"elementor elementor-30252\" data-elementor-post-type=\"post\">\n\t\t\t\t<div data-particle_enable=\"false\" data-particle-mobile-disabled=\"false\" class=\"elementor-element elementor-element-89da264 e-flex e-con-boxed e-con e-parent\" data-id=\"89da264\" data-element_type=\"container\" data-e-type=\"container\">\n\t\t\t\t\t<div class=\"e-con-inner\">\n\t\t\t\t<div class=\"elementor-element elementor-element-053d17c elementor-widget elementor-widget-heading\" data-id=\"053d17c\" data-element_type=\"widget\" data-e-type=\"widget\" data-widget_type=\"heading.default\">\n\t\t\t\t\t<h2 class=\"elementor-heading-title elementor-size-default\">El biotopo Chac\u00f3n Machacas es un santuario natural que se encuentra en la ribera de R\u00edo Dulce, Izabal. Es el refugio del manat\u00ed y de otras especies. Puede ser visitado para valorar la naturaleza guatemalteca.\n<\/h2>\t\t\t\t<\/div>\n\t\t\t\t\t<\/div>\n\t\t\t\t<\/div>\n\t\t<div data-particle_enable=\"false\" data-particle-mobile-disabled=\"false\" class=\"elementor-element elementor-element-be0be8a e-flex e-con-boxed e-con e-parent\" data-id=\"be0be8a\" data-element_type=\"container\" data-e-type=\"container\">\n\t\t\t\t\t<div class=\"e-con-inner\">\n\t\t\t\t<div class=\"elementor-element elementor-element-8900c67 elementor-widget elementor-widget-text-editor\" data-id=\"8900c67\" data-element_type=\"widget\" data-e-type=\"widget\" data-widget_type=\"text-editor.default\">\n\t\t\t\t\t\t\t\t\t<p>Ubicado en el municipio de Livingston, <a href=\"https:\/\/soymigrante.com\/revista\/departamentos-de-guatemala-izabal-es-la-puerta-del-caribe\/\" target=\"_blank\" rel=\"noopener\">departamento de Izabal,<\/a> el Biotopo Choc\u00f3n Machacas es una reserva natural creada en 1989 con el prop\u00f3sito principal de proteger al manat\u00ed, una especie en peligro de extinci\u00f3n, as\u00ed como la rica biodiversidad de la regi\u00f3n.<\/p><p>Este biotopo abarca aproximadamente 6,245 <a href=\"https:\/\/soymigrante.com\/revista\/departamentos-de-guatemala-izabal-es-la-puerta-del-caribe\/\" target=\"_blank\" rel=\"noopener\">hect\u00e1reas de ecosistemas acu\u00e1ticos y terrestres, incluyendo bosques tropicales<\/a> h\u00famedos y humedales.<\/p><p>Entre sus principales atractivos, el Biotopo alberga tres lagunas: Salvador, C\u00e1lix y Negra. Estas lagunas, junto con los r\u00edos Choc\u00f3n Machacas y Ci\u00e9naga,<a href=\"https:\/\/soymigrante.com\/revista\/departamentos-de-guatemala-izabal-es-la-puerta-del-caribe\/\" target=\"_blank\" rel=\"noopener\"> conforman un h\u00e1bitat ideal para diversas especies de flora y fauna<\/a>.<\/p>\t\t\t\t\t\t\t\t<\/div>\n\t\t\t\t\t<\/div>\n\t\t\t\t<\/div>\n\t\t<div data-particle_enable=\"false\" data-particle-mobile-disabled=\"false\" class=\"elementor-element elementor-element-41ce669 e-flex e-con-boxed e-con e-parent\" data-id=\"41ce669\" data-element_type=\"container\" data-e-type=\"container\">\n\t\t\t\t\t<div class=\"e-con-inner\">\n\t\t\t\t<div class=\"elementor-element elementor-element-3aff47f elementor-widget elementor-widget-image\" data-id=\"3aff47f\" data-element_type=\"widget\" data-e-type=\"widget\" data-widget_type=\"image.default\">\n\t\t\t\t\t\t\t\t\t\t\t\t<figure class=\"wp-caption\">\n\t\t\t\t\t\t\t\t\t\t<img fetchpriority=\"high\" decoding=\"async\" width=\"768\" height=\"436\" src=\"https:\/\/soymigrante.com\/revista\/wp-content\/uploads\/2025\/04\/Biotopo-Chocon-Machacas-4.webp\" class=\"attachment-large size-large wp-image-30263\" alt=\"Sendero en la selva amaz\u00f3nica con vista a un r\u00edo y cubierta vegetal densa, ideal para ecoturismo y turismo sostenible en la naturaleza.\" srcset=\"https:\/\/soymigrante.com\/revista\/wp-content\/uploads\/2025\/04\/Biotopo-Chocon-Machacas-4.webp 890w, https:\/\/soymigrante.com\/revista\/wp-content\/uploads\/2025\/04\/Biotopo-Chocon-Machacas-4-300x170.jpg 300w, https:\/\/soymigrante.com\/revista\/wp-content\/uploads\/2025\/04\/Biotopo-Chocon-Machacas-4-768x436.jpg 768w, https:\/\/soymigrante.com\/revista\/wp-content\/uploads\/2025\/04\/Biotopo-Chocon-Machacas-4-750x426.webp 750w\" sizes=\"(max-width: 768px) 100vw, 768px\" title=\"Biotopo Choc\u00f3n Machacas: Santuario natural en el caribe \u2013 SoyMigrante.com REVISTA\" \/>\t\t\t\t\t\t\t\t\t\t\t<figcaption class=\"widget-image-caption wp-caption-text\">Paisaje natural de la selva amaz\u00f3nica con r\u00edo y muelle de madera, perfectos para turismo ecol\u00f3gico y actividades sustentables.<\/figcaption>\n\t\t\t\t\t\t\t\t\t\t<\/figure>\n\t\t\t\t\t\t\t\t\t<\/div>\n\t\t\t\t\t<\/div>\n\t\t\t\t<\/div>\n\t\t<div data-particle_enable=\"false\" data-particle-mobile-disabled=\"false\" class=\"elementor-element elementor-element-7e2f450 e-flex e-con-boxed e-con e-parent\" data-id=\"7e2f450\" data-element_type=\"container\" data-e-type=\"container\">\n\t\t\t\t\t<div class=\"e-con-inner\">\n\t\t\t\t<div class=\"elementor-element elementor-element-343b8bd elementor-widget elementor-widget-heading\" data-id=\"343b8bd\" data-element_type=\"widget\" data-e-type=\"widget\" data-widget_type=\"heading.default\">\n\t\t\t\t\t<h3 class=\"elementor-heading-title elementor-size-default\">Principales atractivos <\/h3>\t\t\t\t<\/div>\n\t\t\t\t\t<\/div>\n\t\t\t\t<\/div>\n\t\t<div data-particle_enable=\"false\" data-particle-mobile-disabled=\"false\" class=\"elementor-element elementor-element-1c8af3b e-flex e-con-boxed e-con e-parent\" data-id=\"1c8af3b\" data-element_type=\"container\" data-e-type=\"container\">\n\t\t\t\t\t<div class=\"e-con-inner\">\n\t\t\t\t<div class=\"elementor-element elementor-element-1cb3009 elementor-widget elementor-widget-text-editor\" data-id=\"1cb3009\" data-element_type=\"widget\" data-e-type=\"widget\" data-widget_type=\"text-editor.default\">\n\t\t\t\t\t\t\t\t\t<p><a href=\"https:\/\/soymigrante.com\/revista\/departamentos-de-guatemala-izabal-es-la-puerta-del-caribe\/\" target=\"_blank\" rel=\"noopener\">Los visitantes pueden recorrer senderos bien se\u00f1alizados<\/a> que atraviesan densos bosques donde predominan \u00e1rboles como la caoba gigante, la ceiba y el San Juan, este \u00faltimo reconocido por sus flores amarillas. Adem\u00e1s, es com\u00fan encontrar plantas ex\u00f3ticas como orqu\u00eddeas y bromelias.<\/p><p>La fauna del Biotopo es igualmente impresionante. Adem\u00e1s del manat\u00ed, se pueden avistar halcones, venados de cola blanca, tapires, tortugas, nutrias y una variedad de aves, reptiles y peces.<\/p><p><a href=\"https:\/\/soymigrante.com\/revista\/departamentos-de-guatemala-izabal-es-la-puerta-del-caribe\/\" target=\"_blank\" rel=\"noopener\">Para los amantes del ecoturismo,<\/a> el Biotopo ofrece actividades como paseos en bote por los cuerpos de agua, observaci\u00f3n de aves y visitas a miradores naturales que permiten una vista panor\u00e1mica del entorno.<\/p>\t\t\t\t\t\t\t\t<\/div>\n\t\t\t\t\t<\/div>\n\t\t\t\t<\/div>\n\t\t<div data-particle_enable=\"false\" data-particle-mobile-disabled=\"false\" class=\"elementor-element elementor-element-17351ea e-flex e-con-boxed e-con e-parent\" data-id=\"17351ea\" data-element_type=\"container\" data-e-type=\"container\">\n\t\t\t\t\t<div class=\"e-con-inner\">\n\t\t\t\t<div class=\"elementor-element elementor-element-bba0c3d elementor-widget elementor-widget-image\" data-id=\"bba0c3d\" data-element_type=\"widget\" data-e-type=\"widget\" data-widget_type=\"image.default\">\n\t\t\t\t\t\t\t\t\t\t\t\t<figure class=\"wp-caption\">\n\t\t\t\t\t\t\t\t\t\t<img decoding=\"async\" width=\"762\" height=\"400\" src=\"https:\/\/soymigrante.com\/revista\/wp-content\/uploads\/2025\/04\/Biotopo-Chocon-Machacas-2.webp\" class=\"attachment-large size-large wp-image-30258\" alt=\"Amphibious landscape with lush green trees, calm water, and traditional hut, showcasing natural beauty and ecosystems.\" srcset=\"https:\/\/soymigrante.com\/revista\/wp-content\/uploads\/2025\/04\/Biotopo-Chocon-Machacas-2.webp 762w, https:\/\/soymigrante.com\/revista\/wp-content\/uploads\/2025\/04\/Biotopo-Chocon-Machacas-2-300x157.jpg 300w, https:\/\/soymigrante.com\/revista\/wp-content\/uploads\/2025\/04\/Biotopo-Chocon-Machacas-2-750x394.webp 750w\" sizes=\"(max-width: 762px) 100vw, 762px\" title=\"Biotopo Choc\u00f3n Machacas: Santuario natural en el caribe \u2013 SoyMigrante.com REVISTA\" \/>\t\t\t\t\t\t\t\t\t\t\t<figcaption class=\"widget-image-caption wp-caption-text\">Paisaje acu\u00e1tico con vegetaci\u00f3n exuberante, agua tranquila y una caba\u00f1a tradicional, resaltando la belleza natural y los ecosistemas en zonas rurales o selv\u00e1ticas.<\/figcaption>\n\t\t\t\t\t\t\t\t\t\t<\/figure>\n\t\t\t\t\t\t\t\t\t<\/div>\n\t\t\t\t\t<\/div>\n\t\t\t\t<\/div>\n\t\t<div data-particle_enable=\"false\" data-particle-mobile-disabled=\"false\" class=\"elementor-element elementor-element-e75dd89 e-flex e-con-boxed e-con e-parent\" data-id=\"e75dd89\" data-element_type=\"container\" data-e-type=\"container\">\n\t\t\t\t\t<div class=\"e-con-inner\">\n\t\t\t\t<div class=\"elementor-element elementor-element-7a2c79a elementor-widget elementor-widget-heading\" data-id=\"7a2c79a\" data-element_type=\"widget\" data-e-type=\"widget\" data-widget_type=\"heading.default\">\n\t\t\t\t\t<h3 class=\"elementor-heading-title elementor-size-default\">\u00bfC\u00f3mo llegar? <\/h3>\t\t\t\t<\/div>\n\t\t\t\t\t<\/div>\n\t\t\t\t<\/div>\n\t\t<div data-particle_enable=\"false\" data-particle-mobile-disabled=\"false\" class=\"elementor-element elementor-element-b710b08 e-flex e-con-boxed e-con e-parent\" data-id=\"b710b08\" data-element_type=\"container\" data-e-type=\"container\">\n\t\t\t\t\t<div class=\"e-con-inner\">\n\t\t\t\t<div class=\"elementor-element elementor-element-db30d9d elementor-widget elementor-widget-text-editor\" data-id=\"db30d9d\" data-element_type=\"widget\" data-e-type=\"widget\" data-widget_type=\"text-editor.default\">\n\t\t\t\t\t\t\t\t\t<p><a href=\"https:\/\/soymigrante.com\/revista\/departamentos-de-guatemala-izabal-es-la-puerta-del-caribe\/\" target=\"_blank\" rel=\"noopener\">El acceso al Biotopo se realiza principalmente por v\u00eda acu\u00e1tica.<\/a> Desde la Ciudad de Guatemala, se toma la Carretera al Atl\u00e1ntico (CA-9) hasta la comunidad de La Ruidosa (Km 245), luego se contin\u00faa por la carretera CA-13 hasta llegar al puente sobre el r\u00edo Dulce<a href=\"https:\/\/soymigrante.com\/revista\/departamentos-de-guatemala-izabal-es-la-puerta-del-caribe\/\" target=\"_blank\" rel=\"noopener\">. Desde all\u00ed, es necesario abordar una lancha que recorre el r\u00edo Dulce hasta el Biotopo, en un trayecto de aproximadamente 45 minutos.<\/a><\/p><p>Es importante destacar que, debido a la fragilidad de sus ecosistemas y la presencia de especies en peligro, el Biotopo Choc\u00f3n Machacas enfrenta amenazas como la caza furtiva, la pesca ilegal y la deforestaci\u00f3n. Por ello, se recomienda a los visitantes seguir las normativas establecidas y colaborar en la conservaci\u00f3n de este invaluable patrimonio natural de Guatemala.<\/p>\t\t\t\t\t\t\t\t<\/div>\n\t\t\t\t\t<\/div>\n\t\t\t\t<\/div>\n\t\t<div data-particle_enable=\"false\" data-particle-mobile-disabled=\"false\" class=\"elementor-element elementor-element-be3a0a6 e-flex e-con-boxed e-con e-parent\" data-id=\"be3a0a6\" data-element_type=\"container\" data-e-type=\"container\">\n\t\t\t\t\t<div class=\"e-con-inner\">\n\t\t\t\t<div class=\"elementor-element elementor-element-f438ba6 elementor-widget elementor-widget-google_maps\" data-id=\"f438ba6\" data-element_type=\"widget\" data-e-type=\"widget\" data-widget_type=\"google_maps.default\">\n\t\t\t\t\t\t\t<div class=\"elementor-custom-embed\">\n\t\t\t<iframe loading=\"lazy\"\n\t\t\t\t\tsrc=\"https:\/\/maps.google.com\/maps?q=Chocon%20Machacas&#038;t=m&#038;z=10&#038;output=embed&#038;iwloc=near\"\n\t\t\t\t\ttitle=\"Chocon Machacas\"\n\t\t\t\t\taria-label=\"Chocon Machacas\"\n\t\t\t><\/iframe>\n\t\t<\/div>\n\t\t\t\t\t\t<\/div>\n\t\t\t\t\t<\/div>\n\t\t\t\t<\/div>\n\t\t<div data-particle_enable=\"false\" data-particle-mobile-disabled=\"false\" class=\"elementor-element elementor-element-7d4ebed e-flex e-con-boxed e-con e-parent\" data-id=\"7d4ebed\" data-element_type=\"container\" data-e-type=\"container\">\n\t\t\t\t\t<div class=\"e-con-inner\">\n\t\t\t\t<div class=\"elementor-element elementor-element-3709252 elementor-widget elementor-widget-image\" data-id=\"3709252\" data-element_type=\"widget\" data-e-type=\"widget\" data-widget_type=\"image.default\">\n\t\t\t\t\t\t\t\t\t\t\t\t<figure class=\"wp-caption\">\n\t\t\t\t\t\t\t\t\t\t<img decoding=\"async\" width=\"768\" height=\"384\" src=\"https:\/\/soymigrante.com\/revista\/wp-content\/uploads\/2025\/04\/Biotopo-Chocon-Machacas-3.webp\" class=\"attachment-large size-large wp-image-30259\" alt=\"Rinoceronte de Mar en Abisso Marino, imagen submarina para revista SoyMigrante.com REVISTA.\" srcset=\"https:\/\/soymigrante.com\/revista\/wp-content\/uploads\/2025\/04\/Biotopo-Chocon-Machacas-3.webp 800w, https:\/\/soymigrante.com\/revista\/wp-content\/uploads\/2025\/04\/Biotopo-Chocon-Machacas-3-300x150.jpg 300w, https:\/\/soymigrante.com\/revista\/wp-content\/uploads\/2025\/04\/Biotopo-Chocon-Machacas-3-768x384.jpg 768w, https:\/\/soymigrante.com\/revista\/wp-content\/uploads\/2025\/04\/Biotopo-Chocon-Machacas-3-360x180.webp 360w, https:\/\/soymigrante.com\/revista\/wp-content\/uploads\/2025\/04\/Biotopo-Chocon-Machacas-3-750x375.webp 750w\" sizes=\"(max-width: 768px) 100vw, 768px\" title=\"Biotopo Choc\u00f3n Machacas: Santuario natural en el caribe \u2013 SoyMigrante.com REVISTA\" \/>\t\t\t\t\t\t\t\t\t\t\t<figcaption class=\"widget-image-caption wp-caption-text\">Rinoceronte de mar en su h\u00e1bitat natural, en el fondo del oc\u00e9ano con agua cristalina y arena, ilustrando la diversidad de la vida marina presentada en SoyMigrante.com REVISTA.<\/figcaption>\n\t\t\t\t\t\t\t\t\t\t<\/figure>\n\t\t\t\t\t\t\t\t\t<\/div>\n\t\t\t\t\t<\/div>\n\t\t\t\t<\/div>\n\t\t<div data-particle_enable=\"false\" data-particle-mobile-disabled=\"false\" class=\"elementor-element elementor-element-1abd077 e-flex e-con-boxed e-con e-parent\" data-id=\"1abd077\" data-element_type=\"container\" data-e-type=\"container\">\n\t\t\t\t\t<div class=\"e-con-inner\">\n\t\t\t\t<div class=\"elementor-element elementor-element-5c0ef2e elementor-widget elementor-widget-heading\" data-id=\"5c0ef2e\" data-element_type=\"widget\" data-e-type=\"widget\" data-widget_type=\"heading.default\">\n\t\t\t\t\t<h2 class=\"elementor-heading-title elementor-size-default\">Conoce m\u00e1s de Guatemala, ac\u00e1...<\/h2>\t\t\t\t<\/div>\n\t\t\t\t\t<\/div>\n\t\t\t\t<\/div>\n\t\t<div data-particle_enable=\"false\" data-particle-mobile-disabled=\"false\" class=\"elementor-element elementor-element-5d58967 e-flex e-con-boxed e-con e-parent\" data-id=\"5d58967\" data-element_type=\"container\" data-e-type=\"container\">\n\t\t\t\t\t<div class=\"e-con-inner\">\n\t\t\t\t<div class=\"elementor-element elementor-element-e0d30bf elementor-grid-eael-col-3 elementor-grid-tablet-eael-col-2 elementor-grid-mobile-eael-col-1 elementor-widget elementor-widget-eael-post-grid\" data-id=\"e0d30bf\" data-element_type=\"widget\" data-e-type=\"widget\" data-settings=\"{&quot;eael_post_grid_columns&quot;:&quot;eael-col-3&quot;,&quot;eael_post_grid_columns_tablet&quot;:&quot;eael-col-2&quot;,&quot;eael_post_grid_columns_mobile&quot;:&quot;eael-col-1&quot;}\" data-widget_type=\"eael-post-grid.default\">\n\t\t\t\t\t<div id=\"eael-post-grid-e0d30bf\" class=\"eael-post-grid-container\">\n            <div class=\"eael-post-grid eael-post-appender eael-post-appender-e0d30bf eael-post-grid-style-one\" data-layout-mode=\"masonry\"><article class=\"eael-grid-post  eael-post-grid-column eael-pg-post-10236 category-guate-nuestra\" data-id=\"10236\">\n        <div class=\"eael-grid-post-holder\">\n            <div class=\"eael-grid-post-holder-inner\"><div class=\"eael-entry-media\"><div class=\"eael-entry-overlay fade-in\"><i class=\"far fa-hand-pointer\" aria-hidden=\"true\"><\/i><a href=\"https:\/\/soymigrante.com\/revista\/10-datos-que-ya-sabias-o-quiza-no-acerca-del-lago-de-izabal\/\"><\/a><\/div><div class=\"eael-entry-thumbnail \">\n                <img loading=\"lazy\" decoding=\"async\" width=\"773\" height=\"773\" src=\"https:\/\/soymigrante.com\/revista\/wp-content\/uploads\/2024\/11\/lago-izabal.webp\" class=\"attachment-large size-large wp-image-11924\" alt=\"Lago rodeado de naturaleza verde y monta\u00f1as, vista a\u00e9rea, paisaje natural en una regi\u00f3n tranquila y esc\u00e9nica.\" srcset=\"https:\/\/soymigrante.com\/revista\/wp-content\/uploads\/2024\/11\/lago-izabal.webp 773w, https:\/\/soymigrante.com\/revista\/wp-content\/uploads\/2024\/11\/lago-izabal-300x300.webp 300w, https:\/\/soymigrante.com\/revista\/wp-content\/uploads\/2024\/11\/lago-izabal-150x150.webp 150w, https:\/\/soymigrante.com\/revista\/wp-content\/uploads\/2024\/11\/lago-izabal-768x768.jpg 768w, https:\/\/soymigrante.com\/revista\/wp-content\/uploads\/2024\/11\/lago-izabal-75x75.webp 75w, https:\/\/soymigrante.com\/revista\/wp-content\/uploads\/2024\/11\/lago-izabal-750x750.webp 750w\" sizes=\"(max-width: 773px) 100vw, 773px\" \/>\n            <\/div>\n        <\/div><div class=\"eael-entry-wrapper\"><header class=\"eael-entry-header\"><h2 class=\"eael-entry-title\"><a class=\"eael-grid-post-link\" href=\"https:\/\/soymigrante.com\/revista\/10-datos-que-ya-sabias-o-quiza-no-acerca-del-lago-de-izabal\/\" title=\"10 datos que ya sab\u00edas (o quiz\u00e1 no) acerca del Lago de Izabal\">10 datos que ya sab\u00edas (o quiz\u00e1 no) acerca del Lago de Izabal<\/a><\/h2><\/header><div class=\"eael-entry-content\">\n                        <div class=\"eael-grid-post-excerpt\"><a href=\"https:\/\/soymigrante.com\/revista\/10-datos-que-ya-sabias-o-quiza-no-acerca-del-lago-de-izabal\/\" class=\"eael-post-elements-readmore-btn\">CONOCE SU HISTORIA <\/a><\/div>\n                    <\/div><\/div><\/div>\n        <\/div>\n    <\/article><article class=\"eael-grid-post  eael-post-grid-column eael-pg-post-28616 category-guate-nuestra\" data-id=\"28616\">\n        <div class=\"eael-grid-post-holder\">\n            <div class=\"eael-grid-post-holder-inner\"><div class=\"eael-entry-media\"><div class=\"eael-entry-overlay fade-in\"><i class=\"far fa-hand-pointer\" aria-hidden=\"true\"><\/i><a href=\"https:\/\/soymigrante.com\/revista\/lago-de-izabal-es-el-gigante-de-agua-dulce-en-guatemala\/\"><\/a><\/div><div class=\"eael-entry-thumbnail \">\n                <img loading=\"lazy\" decoding=\"async\" width=\"1024\" height=\"1024\" src=\"https:\/\/soymigrante.com\/revista\/wp-content\/uploads\/2025\/03\/lago-de-izabal-1-1024x1024.jpg\" class=\"attachment-large size-large wp-image-28863\" alt=\"Lago de Izabal es el gigante de agua dulce en Guatemala - Mapa aereo\" srcset=\"https:\/\/soymigrante.com\/revista\/wp-content\/uploads\/2025\/03\/lago-de-izabal-1-1024x1024.jpg 1024w, https:\/\/soymigrante.com\/revista\/wp-content\/uploads\/2025\/03\/lago-de-izabal-1-300x300.jpg 300w, https:\/\/soymigrante.com\/revista\/wp-content\/uploads\/2025\/03\/lago-de-izabal-1-150x150.jpg 150w, https:\/\/soymigrante.com\/revista\/wp-content\/uploads\/2025\/03\/lago-de-izabal-1-768x768.jpg 768w, https:\/\/soymigrante.com\/revista\/wp-content\/uploads\/2025\/03\/lago-de-izabal-1-1536x1536.jpg 1536w, https:\/\/soymigrante.com\/revista\/wp-content\/uploads\/2025\/03\/lago-de-izabal-1-75x75.webp 75w, https:\/\/soymigrante.com\/revista\/wp-content\/uploads\/2025\/03\/lago-de-izabal-1-750x750.webp 750w, https:\/\/soymigrante.com\/revista\/wp-content\/uploads\/2025\/03\/lago-de-izabal-1-1140x1140.webp 1140w, https:\/\/soymigrante.com\/revista\/wp-content\/uploads\/2025\/03\/lago-de-izabal-1.webp 1605w\" sizes=\"(max-width: 1024px) 100vw, 1024px\" \/>\n            <\/div>\n        <\/div><div class=\"eael-entry-wrapper\"><header class=\"eael-entry-header\"><h2 class=\"eael-entry-title\"><a class=\"eael-grid-post-link\" href=\"https:\/\/soymigrante.com\/revista\/lago-de-izabal-es-el-gigante-de-agua-dulce-en-guatemala\/\" title=\"Lago de Izabal es el gigante de agua dulce en Guatemala\">Lago de Izabal es el gigante de agua dulce en Guatemala<\/a><\/h2><\/header><div class=\"eael-entry-content\">\n                        <div class=\"eael-grid-post-excerpt\"><a href=\"https:\/\/soymigrante.com\/revista\/lago-de-izabal-es-el-gigante-de-agua-dulce-en-guatemala\/\" class=\"eael-post-elements-readmore-btn\">CONOCE SU HISTORIA <\/a><\/div>\n                    <\/div><\/div><\/div>\n        <\/div>\n    <\/article><article class=\"eael-grid-post  eael-post-grid-column eael-pg-post-21040 category-guate-nuestra tags-departamentos-de-guatemala\" data-id=\"21040\">\n        <div class=\"eael-grid-post-holder\">\n            <div class=\"eael-grid-post-holder-inner\"><div class=\"eael-entry-media\"><div class=\"eael-entry-overlay fade-in\"><i class=\"far fa-hand-pointer\" aria-hidden=\"true\"><\/i><a href=\"https:\/\/soymigrante.com\/revista\/departamentos-de-guatemala-izabal-es-la-puerta-del-caribe\/\"><\/a><\/div><div class=\"eael-entry-thumbnail \">\n                <img loading=\"lazy\" decoding=\"async\" width=\"713\" height=\"713\" src=\"https:\/\/soymigrante.com\/revista\/wp-content\/uploads\/2025\/01\/izabal.webp\" class=\"attachment-large size-large wp-image-21437\" alt=\"Puerto Viejo, fortaleza hist\u00f3rica en el agua, s\u00edmbolo de patrimonio y cultura en el Caribe, ideal para explorar historia, turismo y migrantes en extremo sur de Am\u00e9rica.\" srcset=\"https:\/\/soymigrante.com\/revista\/wp-content\/uploads\/2025\/01\/izabal.webp 713w, https:\/\/soymigrante.com\/revista\/wp-content\/uploads\/2025\/01\/izabal-300x300.jpg 300w, https:\/\/soymigrante.com\/revista\/wp-content\/uploads\/2025\/01\/izabal-150x150.jpg 150w, https:\/\/soymigrante.com\/revista\/wp-content\/uploads\/2025\/01\/izabal-75x75.webp 75w\" sizes=\"(max-width: 713px) 100vw, 713px\" \/>\n            <\/div>\n        <\/div><div class=\"eael-entry-wrapper\"><header class=\"eael-entry-header\"><h2 class=\"eael-entry-title\"><a class=\"eael-grid-post-link\" href=\"https:\/\/soymigrante.com\/revista\/departamentos-de-guatemala-izabal-es-la-puerta-del-caribe\/\" title=\"Departamentos de Guatemala: Izabal es la puerta del Caribe\">Departamentos de Guatemala: Izabal es la puerta del Caribe<\/a><\/h2><\/header><div class=\"eael-entry-content\">\n                        <div class=\"eael-grid-post-excerpt\"><a href=\"https:\/\/soymigrante.com\/revista\/departamentos-de-guatemala-izabal-es-la-puerta-del-caribe\/\" class=\"eael-post-elements-readmore-btn\">CONOCE SU HISTORIA <\/a><\/div>\n                    <\/div><\/div><\/div>\n        <\/div>\n    <\/article><\/div>\n            <div class=\"clearfix\"><\/div>\n        <\/div>\t\t\t\t<\/div>\n\t\t\t\t\t<\/div>\n\t\t\t\t<\/div>\n\t\t\t\t<\/div>\n\t\t","protected":false},"excerpt":{"rendered":"<p>El biotopo Chac\u00f3n Machacas es un santuario natural que se encuentra en la ribera de R\u00edo Dulce, Izabal. Es el refugio del manat\u00ed y de otras especies. Puede ser visitado para valorar la naturaleza guatemalteca. Ubicado en el municipio de Livingston, departamento de Izabal, el Biotopo Choc\u00f3n Machacas es una reserva natural creada en 1989 [&hellip;]<\/p>\n","protected":false},"author":19,"featured_media":30256,"comment_status":"open","ping_status":"open","sticky":false,"template":"","format":"standard","meta":{"_acf_changed":false,"_eb_attr":"","footnotes":""},"categories":[58],"tags":[],"class_list":["post-30252","post","type-post","status-publish","format-standard","has-post-thumbnail","hentry","category-guate-nuestra"],"acf":[],"aioseo_notices":[],"aioseo_head":"\n\t\t<!-- All in One SEO Pro 4.9.6.2 - aioseo.com -->\n\t<meta name=\"description\" content=\"Izabal no solo posee el mayor lago de Guatemala, tambi\u00e9n la mayor estela de la cultura maya y valiosos atractivos naturales. Conoce m\u00e1s aqu\u00ed.\" \/>\n\t<meta name=\"robots\" content=\"max-snippet:-1, max-image-preview:large, max-video-preview:-1\" \/>\n\t<meta name=\"author\" content=\"Marysabel Aldana\"\/>\n\t<link rel=\"canonical\" href=\"https:\/\/soymigrante.com\/revista\/departamentos-de-guatemala-izabal-es-la-puerta-del-caribe\/\" \/>\n\t<meta name=\"generator\" content=\"All in One SEO Pro (AIOSEO) 4.9.6.2\" \/>\n\n\t\t<link rel=\"preconnect\" href=\"https:\/\/fonts.googleapis.com\" crossorigin>\n<link rel=\"preconnect\" href=\"https:\/\/fonts.gstatic.com\" crossorigin>\n\t\t<meta property=\"og:locale\" content=\"es_ES\" \/>\n\t\t<meta property=\"og:site_name\" content=\"SoyMigrante.com REVISTA \u2013 Nuestra misi\u00f3n es reconocer y dignificar al migrante.\" \/>\n\t\t<meta property=\"og:type\" content=\"article\" \/>\n\t\t<meta property=\"og:title\" content=\"Departamentos de Guatemala: Izabal es la puerta del Caribe\" \/>\n\t\t<meta property=\"og:description\" content=\"Izabal no solo posee el mayor lago de Guatemala, tambi\u00e9n la mayor estela de la cultura maya y valiosos atractivos naturales. Conoce m\u00e1s aqu\u00ed.\" \/>\n\t\t<meta property=\"og:url\" content=\"https:\/\/soymigrante.com\/revista\/departamentos-de-guatemala-izabal-es-la-puerta-del-caribe\/\" \/>\n\t\t<meta property=\"og:image\" content=\"https:\/\/soymigrante.com\/revista\/wp-content\/uploads\/2025\/01\/izabal.webp\" \/>\n\t\t<meta property=\"og:image:secure_url\" content=\"https:\/\/soymigrante.com\/revista\/wp-content\/uploads\/2025\/01\/izabal.webp\" \/>\n\t\t<meta property=\"og:image:width\" content=\"713\" \/>\n\t\t<meta property=\"og:image:height\" content=\"713\" \/>\n\t\t<meta property=\"article:published_time\" content=\"2025-01-17T13:00:00+00:00\" \/>\n\t\t<meta property=\"article:modified_time\" content=\"2025-03-04T18:30:57+00:00\" \/>\n\t\t<meta property=\"article:publisher\" content=\"https:\/\/www.facebook.com\/soymigrantecom\" \/>\n\t\t<meta name=\"twitter:card\" content=\"summary_large_image\" \/>\n\t\t<meta name=\"twitter:site\" content=\"@SoyMigrante_com\" \/>\n\t\t<meta name=\"twitter:title\" content=\"Departamentos de Guatemala: Izabal es la puerta del Caribe\" \/>\n\t\t<meta name=\"twitter:description\" content=\"Izabal no solo posee el mayor lago de Guatemala, tambi\u00e9n la mayor estela de la cultura maya y valiosos atractivos naturales. Conoce m\u00e1s aqu\u00ed.\" \/>\n\t\t<meta name=\"twitter:creator\" content=\"@SoyMigrante_com\" \/>\n\t\t<meta name=\"twitter:image\" content=\"https:\/\/soymigrante.com\/revista\/wp-content\/uploads\/2025\/01\/izabal.webp\" \/>\n\t\t<!-- All in One SEO Pro -->\r\n\t\t<title>Departamentos de Guatemala: Izabal es la puerta del Caribe<\/title>\n\n","aioseo_head_json":{"title":"Departamentos de Guatemala: Izabal es la puerta del Caribe","description":"Izabal no solo posee el mayor lago de Guatemala, tambi\u00e9n la mayor estela de la cultura maya y valiosos atractivos naturales. Conoce m\u00e1s aqu\u00ed.","canonical_url":"https:\/\/soymigrante.com\/revista\/departamentos-de-guatemala-izabal-es-la-puerta-del-caribe\/","robots":"max-snippet:-1, max-image-preview:large, max-video-preview:-1","keywords":"","webmasterTools":{"miscellaneous":"&lt;link rel=\"preconnect\" href=\"https:\/\/fonts.googleapis.com\" crossorigin&gt;\n&lt;link rel=\"preconnect\" href=\"https:\/\/fonts.gstatic.com\" crossorigin&gt;"},"schema":null,"og:locale":"es_ES","og:site_name":"SoyMigrante.com REVISTA \u2013 Nuestra misi\u00f3n es reconocer y dignificar al migrante.","og:type":"article","og:title":"Departamentos de Guatemala: Izabal es la puerta del Caribe","og:description":"Izabal no solo posee el mayor lago de Guatemala, tambi\u00e9n la mayor estela de la cultura maya y valiosos atractivos naturales. Conoce m\u00e1s aqu\u00ed.","og:url":"https:\/\/soymigrante.com\/revista\/departamentos-de-guatemala-izabal-es-la-puerta-del-caribe\/","og:image":"https:\/\/soymigrante.com\/revista\/wp-content\/uploads\/2025\/01\/izabal.webp","og:image:secure_url":"https:\/\/soymigrante.com\/revista\/wp-content\/uploads\/2025\/01\/izabal.webp","og:image:width":713,"og:image:height":713,"article:published_time":"2025-01-17T13:00:00+00:00","article:modified_time":"2025-03-04T18:30:57+00:00","article:publisher":"https:\/\/www.facebook.com\/soymigrantecom","twitter:card":"summary_large_image","twitter:site":"@SoyMigrante_com","twitter:title":"Departamentos de Guatemala: Izabal es la puerta del Caribe","twitter:description":"Izabal no solo posee el mayor lago de Guatemala, tambi\u00e9n la mayor estela de la cultura maya y valiosos atractivos naturales. Conoce m\u00e1s aqu\u00ed.","twitter:creator":"@SoyMigrante_com","twitter:image":"https:\/\/soymigrante.com\/revista\/wp-content\/uploads\/2025\/01\/izabal.webp"},"aioseo_meta_data":{"post_id":"30252","title":"Santuario del manat\u00ed: biotopo Choc\u00f3n Machacas en Izabal","description":"Esta reserva natural fue creada en 1989 para proteger al manat\u00ed, inofensivo mam\u00edfero que habita en sus tranquilas aguas. Puede ser visitado con respeto al entorno.","keywords":null,"keyphrases":{"focus":{"keyphrase":"Biotopo","score":82,"analysis":{"keyphraseInTitle":{"score":9,"maxScore":9,"error":0},"keyphraseInDescription":{"score":3,"maxScore":9,"error":1},"keyphraseLength":{"score":9,"maxScore":9,"error":0,"length":1},"keyphraseInURL":{"score":5,"maxScore":5,"error":0},"keyphraseInIntroduction":{"score":9,"maxScore":9,"error":0},"keyphraseInSubHeadings":{"score":3,"maxScore":9,"error":1},"keyphraseInImageAlt":{"score":9,"maxScore":9,"error":0},"keywordDensity":{"type":"best","score":9,"maxScore":9,"error":0}}},"additional":[{"keyphrase":"manat\u00ed","score":87,"analysis":{"keyphraseInDescription":{"score":9,"maxScore":9,"error":0},"keyphraseLength":{"score":9,"maxScore":9,"error":0,"length":1},"keyphraseInIntroduction":{"score":9,"maxScore":9,"error":0},"keyphraseInImageAlt":{"score":3,"maxScore":9,"error":1},"keywordDensity":{"type":"best","score":9,"maxScore":9,"error":0}}},{"keyphrase":"Choc\u00f3n Machacas","score":87,"analysis":{"keyphraseInDescription":{"score":3,"maxScore":9,"error":1},"keyphraseLength":{"score":9,"maxScore":9,"error":0,"length":3},"keyphraseInIntroduction":{"score":9,"maxScore":9,"error":0},"keyphraseInImageAlt":{"score":9,"maxScore":9,"error":0},"keywordDensity":{"type":"best","score":9,"maxScore":9,"error":0}}},{"keyphrase":"Izabal","score":87,"analysis":{"keyphraseInDescription":{"score":3,"maxScore":9,"error":1},"keyphraseLength":{"score":9,"maxScore":9,"error":0,"length":1},"keyphraseInIntroduction":{"score":9,"maxScore":9,"error":0},"keyphraseInImageAlt":{"score":9,"maxScore":9,"error":0},"keywordDensity":{"type":"best","score":9,"maxScore":9,"error":0}}}]},"primary_term":null,"canonical_url":null,"og_title":null,"og_description":null,"og_object_type":"default","og_image_type":"default","og_image_url":null,"og_image_width":null,"og_image_height":null,"og_image_custom_url":null,"og_image_custom_fields":null,"og_video":"","og_custom_url":null,"og_article_section":null,"og_article_tags":null,"twitter_use_og":false,"twitter_card":"default","twitter_image_type":"default","twitter_image_url":null,"twitter_image_custom_url":null,"twitter_image_custom_fields":null,"twitter_title":null,"twitter_description":null,"schema":{"blockGraphs":[],"customGraphs":[],"default":{"data":{"Article":[],"Course":[],"Dataset":[],"FAQPage":[],"Movie":[],"Person":[],"Product":[],"ProductReview":[],"Car":[],"Recipe":[],"Service":[],"SoftwareApplication":[],"WebPage":[]},"graphName":"BlogPosting","isEnabled":true},"graphs":[]},"schema_type":"default","schema_type_options":null,"pillar_content":false,"robots_default":true,"robots_noindex":false,"robots_noarchive":false,"robots_nosnippet":false,"robots_nofollow":false,"robots_noimageindex":false,"robots_noodp":false,"robots_notranslate":false,"robots_max_snippet":"-1","robots_max_videopreview":"-1","robots_max_imagepreview":"large","priority":null,"frequency":"default","local_seo":null,"seo_analyzer_scan_date":"2025-10-09 04:17:17","breadcrumb_settings":null,"limit_modified_date":false,"reviewed_by":null,"open_ai":"{\"title\":{\"suggestions\":[],\"usage\":0},\"description\":{\"suggestions\":[],\"usage\":0}}","ai":null,"created":"2025-04-07 21:46:57","updated":"2026-02-04 22:55:10"},"aioseo_breadcrumb":"<div class=\"aioseo-breadcrumbs\"><span class=\"aioseo-breadcrumb\">\n\t<a href=\"https:\/\/soymigrante.com\/revista\" title=\"Home\">Home<\/a>\n<\/span><span class=\"aioseo-breadcrumb-separator\">\u00bb<\/span><span class=\"aioseo-breadcrumb\">\n\t<a href=\"https:\/\/soymigrante.com\/revista\/category\/guate-nuestra\/\" title=\"Guate Nuestra\">Guate Nuestra<\/a>\n<\/span><span class=\"aioseo-breadcrumb-separator\">\u00bb<\/span><span class=\"aioseo-breadcrumb\">\n\tBiotopo Choc\u00f3n Machacas: santuario natural y \u00faltimo refugio del manat\u00ed en Guatemala\n<\/span><\/div>","aioseo_breadcrumb_json":[{"label":"Home","link":"https:\/\/soymigrante.com\/revista"},{"label":"Guate Nuestra","link":"https:\/\/soymigrante.com\/revista\/category\/guate-nuestra\/"},{"label":"Biotopo Choc\u00f3n Machacas: santuario natural y \u00faltimo refugio del manat\u00ed en Guatemala","link":"https:\/\/soymigrante.com\/revista\/biotopo-chocon-machacas-santuario-natural-y-ultimo-refugio-del-manati-en-guatemala\/"}],"_links":{"self":[{"href":"https:\/\/soymigrante.com\/revista\/wp-json\/wp\/v2\/posts\/30252","targetHints":{"allow":["GET"]}}],"collection":[{"href":"https:\/\/soymigrante.com\/revista\/wp-json\/wp\/v2\/posts"}],"about":[{"href":"https:\/\/soymigrante.com\/revista\/wp-json\/wp\/v2\/types\/post"}],"author":[{"embeddable":true,"href":"https:\/\/soymigrante.com\/revista\/wp-json\/wp\/v2\/users\/19"}],"replies":[{"embeddable":true,"href":"https:\/\/soymigrante.com\/revista\/wp-json\/wp\/v2\/comments?post=30252"}],"version-history":[{"count":1,"href":"https:\/\/soymigrante.com\/revista\/wp-json\/wp\/v2\/posts\/30252\/revisions"}],"predecessor-version":[{"id":31353,"href":"https:\/\/soymigrante.com\/revista\/wp-json\/wp\/v2\/posts\/30252\/revisions\/31353"}],"wp:featuredmedia":[{"embeddable":true,"href":"https:\/\/soymigrante.com\/revista\/wp-json\/wp\/v2\/media\/30256"}],"wp:attachment":[{"href":"https:\/\/soymigrante.com\/revista\/wp-json\/wp\/v2\/media?parent=30252"}],"wp:term":[{"taxonomy":"category","embeddable":true,"href":"https:\/\/soymigrante.com\/revista\/wp-json\/wp\/v2\/categories?post=30252"},{"taxonomy":"post_tag","embeddable":true,"href":"https:\/\/soymigrante.com\/revista\/wp-json\/wp\/v2\/tags?post=30252"}],"curies":[{"name":"wp","href":"https:\/\/api.w.org\/{rel}","templated":true}]}}