{"id":3022,"date":"2023-11-07T15:34:31","date_gmt":"2023-11-07T21:34:31","guid":{"rendered":"https:\/\/soymigrante.com\/revista\/?p=3022"},"modified":"2026-03-25T17:39:44","modified_gmt":"2026-03-25T23:39:44","slug":"escultor-del-monumento-al-migrante-cuenta-los-detalles-13-anos-despues","status":"publish","type":"post","link":"https:\/\/soymigrante.com\/revista\/escultor-del-monumento-al-migrante-cuenta-los-detalles-13-anos-despues\/","title":{"rendered":"Significado y detalles del monumento al Migrante en Salcaj\u00e1, explicados por su  autor, Eduardo Sac"},"content":{"rendered":"\t\t<div data-elementor-type=\"wp-post\" data-elementor-id=\"3022\" class=\"elementor elementor-3022\" data-elementor-post-type=\"post\">\n\t\t\t\t\t\t<section data-particle_enable=\"false\" data-particle-mobile-disabled=\"false\" class=\"elementor-section elementor-top-section elementor-element elementor-element-cb0b205 elementor-section-boxed elementor-section-height-default elementor-section-height-default\" data-id=\"cb0b205\" data-element_type=\"section\" data-e-type=\"section\">\n\t\t\t\t\t\t<div class=\"elementor-container elementor-column-gap-default\">\n\t\t\t\t\t<div class=\"elementor-column elementor-col-100 elementor-top-column elementor-element elementor-element-5583e8b\" data-id=\"5583e8b\" data-element_type=\"column\" data-e-type=\"column\">\n\t\t\t<div class=\"elementor-widget-wrap elementor-element-populated\">\n\t\t\t\t\t\t<div class=\"elementor-element elementor-element-2319f64 elementor-widget elementor-widget-heading\" data-id=\"2319f64\" data-element_type=\"widget\" data-e-type=\"widget\" data-widget_type=\"heading.default\">\n\t\t\t\t\t<h1 class=\"elementor-heading-title elementor-size-default\">El escultor Eduardo Sac cre\u00f3 hace 13 a\u00f1os el Monumento al Migrante ubicado en Salcaj\u00e1, Quetzaltenango: una obra en honor a los guatemaltecos que se marcharon a Estados Unidos en busca de un mejor porvenir. Revela detalles como la fundici\u00f3n por partes o la raz\u00f3n de la postura de la efigie. \n<\/h1>\t\t\t\t<\/div>\n\t\t\t\t\t<\/div>\n\t\t<\/div>\n\t\t\t\t\t<\/div>\n\t\t<\/section>\n\t\t\t\t<section data-particle_enable=\"false\" data-particle-mobile-disabled=\"false\" class=\"elementor-section elementor-top-section elementor-element elementor-element-a55b6c9 elementor-section-boxed elementor-section-height-default elementor-section-height-default\" data-id=\"a55b6c9\" data-element_type=\"section\" data-e-type=\"section\">\n\t\t\t\t\t\t<div class=\"elementor-container elementor-column-gap-default\">\n\t\t\t\t\t<div class=\"elementor-column elementor-col-100 elementor-top-column elementor-element elementor-element-cd3e1e6\" data-id=\"cd3e1e6\" data-element_type=\"column\" data-e-type=\"column\">\n\t\t\t<div class=\"elementor-widget-wrap elementor-element-populated\">\n\t\t\t\t\t\t<div class=\"elementor-element elementor-element-1b9fc61 elementor-widget elementor-widget-video\" data-id=\"1b9fc61\" data-element_type=\"widget\" data-e-type=\"widget\" data-settings=\"{&quot;youtube_url&quot;:&quot;https:\\\/\\\/www.youtube.com\\\/watch?v=LfyZxZLGPF8&quot;,&quot;video_type&quot;:&quot;youtube&quot;,&quot;controls&quot;:&quot;yes&quot;}\" data-widget_type=\"video.default\">\n\t\t\t\t\t\t\t<div class=\"elementor-wrapper elementor-open-inline\">\n\t\t\t<div class=\"elementor-video\"><\/div>\t\t<\/div>\n\t\t\t\t\t\t<\/div>\n\t\t\t\t\t<\/div>\n\t\t<\/div>\n\t\t\t\t\t<\/div>\n\t\t<\/section>\n\t\t\t\t<section data-particle_enable=\"false\" data-particle-mobile-disabled=\"false\" class=\"elementor-section elementor-top-section elementor-element elementor-element-e8eeb20 elementor-section-boxed elementor-section-height-default elementor-section-height-default\" data-id=\"e8eeb20\" data-element_type=\"section\" data-e-type=\"section\">\n\t\t\t\t\t\t<div class=\"elementor-container elementor-column-gap-default\">\n\t\t\t\t\t<div class=\"elementor-column elementor-col-100 elementor-top-column elementor-element elementor-element-a69686f\" data-id=\"a69686f\" data-element_type=\"column\" data-e-type=\"column\">\n\t\t\t<div class=\"elementor-widget-wrap elementor-element-populated\">\n\t\t\t\t\t\t<div class=\"elementor-element elementor-element-72f902c elementor-widget elementor-widget-heading\" data-id=\"72f902c\" data-element_type=\"widget\" data-e-type=\"widget\" data-widget_type=\"heading.default\">\n\t\t\t\t\t<h2 class=\"elementor-heading-title elementor-size-default\">Un mes antes le confirmaron la escultura <\/h2>\t\t\t\t<\/div>\n\t\t\t\t<div class=\"elementor-element elementor-element-9af73eb elementor-widget elementor-widget-text-editor\" data-id=\"9af73eb\" data-element_type=\"widget\" data-e-type=\"widget\" data-widget_type=\"text-editor.default\">\n\t\t\t\t\t\t\t\t\t<p><span style=\"font-weight: 400;\">En el a\u00f1o 2010 en el municipio de Salcaj\u00e1, Quetzaltenango, Guatemala, el artista Eduardo Sac erigi\u00f3 el monumento al migrante una obra que se ubica en el kil\u00f3metro 190 de la ruta hacia la cabecera departamental. \u201cComo homenaje a los migrantes guatemaltecos, que van en busca de una oportunidad y su aporte a la econom\u00eda del pa\u00eds\u201d.<\/span><\/p>\n<p><span style=\"font-weight: 400;\">Bajo una solicitud de la municipalidad de Salcaj\u00e1 y arquitectos, el maestro Eduardo Sac fue contactado en 2009 para construir la escultura.&nbsp;Desde un inicio estaba pensado en un tama\u00f1o natural (1.60 metros) pero el artista solicit\u00f3 ver el lugar para determinar la propuesta \u201cCuando me dijeron que iba a ser en una carretera, propuse hacer una rotonda y sobre ella el monumento\u201d, para que fuera visible para los que transitan.&nbsp;<\/span><\/p>\n<p><span style=\"font-weight: 400;\">La propuesta se concret\u00f3, aunque tard\u00f3 en llegar. \u201cLa rotonda tendr\u00eda seis metros de alto y seis metros el monumento, pero no se ejecut\u00f3 hasta despu\u00e9s de un a\u00f1o\u201d. Cuando ya estaba construira la rotonda, le dieron un mes a Sac para erigir la efigie del migrante. \u201cDe repente me solicitaron que iniciara. Me dieron un mes; tiempo que era insuficiente y casi imposible entregarlo a la fecha\u201d.<\/span><\/p>\n<p>El artista se esforz\u00f3 al m\u00e1ximo, debido al&nbsp;<span style=\"font-weight: 400; color: var( --e-global-color-text ); background-color: var(--ak-bg-color);\">compromiso de la palabra. Fue un arduo trabajo durante un mes mes el artista recuerda: \u201cUn d\u00eda antes de la inauguraci\u00f3n del monumento, estaba por culminar la obra tipo cuatro o cinco de la tarde, ya preparaban el espacio de la inauguraci\u00f3n, sillas y adornados fueron colocados en el lugar, en un buen momento para terminar\u201d. Fue oficialmente develado el 4 de septiembre de 2010.&nbsp;<\/span><\/p>\n<p><span style=\"font-weight: 400;\">La ejecuci\u00f3n de la obra fue financiada por la gesti\u00f3n municipal y donaciones de migrantes radicados en Estados Unidos, un monumento dedicado a los migrantes guatemaltecos por su aporte econ\u00f3mico local y nacional.<\/span><\/p>\t\t\t\t\t\t\t\t<\/div>\n\t\t\t\t\t<\/div>\n\t\t<\/div>\n\t\t\t\t\t<\/div>\n\t\t<\/section>\n\t\t\t\t<section data-particle_enable=\"false\" data-particle-mobile-disabled=\"false\" class=\"elementor-section elementor-top-section elementor-element elementor-element-2a76b81 elementor-section-boxed elementor-section-height-default elementor-section-height-default\" data-id=\"2a76b81\" data-element_type=\"section\" data-e-type=\"section\">\n\t\t\t\t\t\t<div class=\"elementor-container elementor-column-gap-default\">\n\t\t\t\t\t<div class=\"elementor-column elementor-col-100 elementor-top-column elementor-element elementor-element-9b94b37\" data-id=\"9b94b37\" data-element_type=\"column\" data-e-type=\"column\">\n\t\t\t<div class=\"elementor-widget-wrap elementor-element-populated\">\n\t\t\t\t\t\t<div class=\"elementor-element elementor-element-24d557b elementor-widget elementor-widget-image\" data-id=\"24d557b\" data-element_type=\"widget\" data-e-type=\"widget\" data-widget_type=\"image.default\">\n\t\t\t\t\t\t\t\t\t\t\t\t<figure class=\"wp-caption\">\n\t\t\t\t\t\t\t\t\t\t<img fetchpriority=\"high\" decoding=\"async\" width=\"1007\" height=\"578\" src=\"https:\/\/soymigrante.com\/revista\/wp-content\/uploads\/2023\/10\/migrante.webp\" class=\"attachment-large size-large wp-image-3261\" alt=\"El monumento al Migrante explicado por su autor, Eduardo Sac, a 13 a\u00f1os de su inauguraci\u00f3n\" srcset=\"https:\/\/soymigrante.com\/revista\/wp-content\/uploads\/2023\/10\/migrante.webp 1007w, https:\/\/soymigrante.com\/revista\/wp-content\/uploads\/2023\/10\/migrante-300x172.webp 300w, https:\/\/soymigrante.com\/revista\/wp-content\/uploads\/2023\/10\/migrante-768x441.webp 768w, https:\/\/soymigrante.com\/revista\/wp-content\/uploads\/2023\/10\/migrante-750x430.webp 750w\" sizes=\"(max-width: 1007px) 100vw, 1007px\" title=\"El autor de la escultura del Monumento al Migrante sugiri\u00f3 en 2009 que se hiciera una rotonda para darle mayor visibilidad. \u2013 SoyMigrante.com REVISTA\" \/>\t\t\t\t\t\t\t\t\t\t\t<figcaption class=\"widget-image-caption wp-caption-text\">El autor de la escultura del Monumento al Migrante sugiri\u00f3 en 2009 que se hiciera una rotonda para darle mayor visibilidad.<\/figcaption>\n\t\t\t\t\t\t\t\t\t\t<\/figure>\n\t\t\t\t\t\t\t\t\t<\/div>\n\t\t\t\t\t<\/div>\n\t\t<\/div>\n\t\t\t\t\t<\/div>\n\t\t<\/section>\n\t\t\t\t<section data-particle_enable=\"false\" data-particle-mobile-disabled=\"false\" class=\"elementor-section elementor-top-section elementor-element elementor-element-256a5cf elementor-section-boxed elementor-section-height-default elementor-section-height-default\" data-id=\"256a5cf\" data-element_type=\"section\" data-e-type=\"section\">\n\t\t\t\t\t\t<div class=\"elementor-container elementor-column-gap-default\">\n\t\t\t\t\t<div class=\"elementor-column elementor-col-100 elementor-top-column elementor-element elementor-element-be148d2\" data-id=\"be148d2\" data-element_type=\"column\" data-e-type=\"column\">\n\t\t\t<div class=\"elementor-widget-wrap elementor-element-populated\">\n\t\t\t\t\t\t<div class=\"elementor-element elementor-element-0c0ee39 elementor-widget elementor-widget-heading\" data-id=\"0c0ee39\" data-element_type=\"widget\" data-e-type=\"widget\" data-widget_type=\"heading.default\">\n\t\t\t\t\t<h1 class=\"elementor-heading-title elementor-size-default\">PREGUNTAS Y RESPUESTAS \n<\/h1>\t\t\t\t<\/div>\n\t\t\t\t\t<\/div>\n\t\t<\/div>\n\t\t\t\t\t<\/div>\n\t\t<\/section>\n\t\t\t\t<section data-particle_enable=\"false\" data-particle-mobile-disabled=\"false\" class=\"elementor-section elementor-top-section elementor-element elementor-element-91c4ea9 elementor-section-boxed elementor-section-height-default elementor-section-height-default\" data-id=\"91c4ea9\" data-element_type=\"section\" data-e-type=\"section\">\n\t\t\t\t\t\t<div class=\"elementor-container elementor-column-gap-default\">\n\t\t\t\t\t<div class=\"elementor-column elementor-col-100 elementor-top-column elementor-element elementor-element-3238780\" data-id=\"3238780\" data-element_type=\"column\" data-e-type=\"column\">\n\t\t\t<div class=\"elementor-widget-wrap elementor-element-populated\">\n\t\t\t\t\t\t<div class=\"elementor-element elementor-element-c4ef392 elementor-widget elementor-widget-heading\" data-id=\"c4ef392\" data-element_type=\"widget\" data-e-type=\"widget\" data-widget_type=\"heading.default\">\n\t\t\t\t\t<h2 class=\"elementor-heading-title elementor-size-default\">\u00bfSe inspir\u00f3 en una persona en espec\u00edfico?<\/h2>\t\t\t\t<\/div>\n\t\t\t\t<div class=\"elementor-element elementor-element-0c7a2de elementor-widget elementor-widget-text-editor\" data-id=\"0c7a2de\" data-element_type=\"widget\" data-e-type=\"widget\" data-widget_type=\"text-editor.default\">\n\t\t\t\t\t\t\t\t\t<p><span style=\"font-weight: 400;\">El monumento <\/span><b>recrea <\/b><span style=\"font-weight: 400;\">a un migrante de los <\/span><b>a\u00f1os 1970<\/b><span style=\"font-weight: 400;\">, con pelo largo, gorra de visera, mochila en la espalda y un pantal\u00f3n de lona. \u201cMi modelo fue una persona de aproximadamente de 40 a\u00f1os de edad, lo que se pretendi\u00f3 fue interpretar y recordar a esa persona que se fue en esa \u00e9poca, acate ciertas directrices de las autoridades para su elaboraci\u00f3n\u201d, expone el artista Eduardo Sac.<\/span><\/p><p><span style=\"font-weight: 400;\">Es importante mencionar que los migrantes guatemaltecos representan un eje indispensable en la econom\u00eda del pa\u00eds, adem\u00e1s este refleja el agradecimiento de las personas que han partido en busca de la oportunidad. \u201cAlgunos regresan, otros ya no tienen la oportunidad\u201d.<\/span><\/p>\t\t\t\t\t\t\t\t<\/div>\n\t\t\t\t\t<\/div>\n\t\t<\/div>\n\t\t\t\t\t<\/div>\n\t\t<\/section>\n\t\t\t\t<section data-particle_enable=\"false\" data-particle-mobile-disabled=\"false\" class=\"elementor-section elementor-top-section elementor-element elementor-element-8312a12 elementor-section-boxed elementor-section-height-default elementor-section-height-default\" data-id=\"8312a12\" data-element_type=\"section\" data-e-type=\"section\">\n\t\t\t\t\t\t<div class=\"elementor-container elementor-column-gap-default\">\n\t\t\t\t\t<div class=\"elementor-column elementor-col-100 elementor-top-column elementor-element elementor-element-2e7c656\" data-id=\"2e7c656\" data-element_type=\"column\" data-e-type=\"column\">\n\t\t\t<div class=\"elementor-widget-wrap elementor-element-populated\">\n\t\t\t\t\t\t<div class=\"elementor-element elementor-element-16263e6 elementor-widget elementor-widget-heading\" data-id=\"16263e6\" data-element_type=\"widget\" data-e-type=\"widget\" data-widget_type=\"heading.default\">\n\t\t\t\t\t<h2 class=\"elementor-heading-title elementor-size-default\">\u00bfVa o viene?<\/h2>\t\t\t\t<\/div>\n\t\t\t\t<div class=\"elementor-element elementor-element-f85756c elementor-widget elementor-widget-text-editor\" data-id=\"f85756c\" data-element_type=\"widget\" data-e-type=\"widget\" data-widget_type=\"text-editor.default\">\n\t\t\t\t\t\t\t\t\t<p><span style=\"font-weight: 400;\">Uno de los cuestionamientos era definir el significado y la forma en la que se iba a posicionar el monumento, el artista se pregunt\u00f3 \u00bfCu\u00e1l era el momento mas significativo en la vida, cuando se van o regresa? \u201cDijeron cuando se van, por que crea un dolor y un trauma para la madre, esposa e hijos\u201d por eso el monumento se encuentra d\u00e1ndole espalda a Salcaj\u00e1, porque es cuando est\u00e1 a punto de partir \u201cSe dej\u00f3 registrado en esa obra escult\u00f3rica la tristeza que deja la partida de un familiar\u201d, agrega el maestro Sac.<\/span><\/p><p><span style=\"font-weight: 400;\">\u201cEl monumento est\u00e1 un poco de lado como viendo hacia atr\u00e1s, el brazo derecho lo tiene alzado para despedir a su gente\u201d el rostro refleja tristeza y a la vez la esperanza de una oportunidad y retornar a su hogar.<\/span><\/p>\t\t\t\t\t\t\t\t<\/div>\n\t\t\t\t\t<\/div>\n\t\t<\/div>\n\t\t\t\t\t<\/div>\n\t\t<\/section>\n\t\t\t\t<section data-particle_enable=\"false\" data-particle-mobile-disabled=\"false\" class=\"elementor-section elementor-top-section elementor-element elementor-element-ed33af8 elementor-section-boxed elementor-section-height-default elementor-section-height-default\" data-id=\"ed33af8\" data-element_type=\"section\" data-e-type=\"section\">\n\t\t\t\t\t\t<div class=\"elementor-container elementor-column-gap-default\">\n\t\t\t\t\t<div class=\"elementor-column elementor-col-100 elementor-top-column elementor-element elementor-element-1a9f88f\" data-id=\"1a9f88f\" data-element_type=\"column\" data-e-type=\"column\">\n\t\t\t<div class=\"elementor-widget-wrap elementor-element-populated\">\n\t\t\t\t\t\t<div class=\"elementor-element elementor-element-18ba6eb elementor-widget elementor-widget-heading\" data-id=\"18ba6eb\" data-element_type=\"widget\" data-e-type=\"widget\" data-widget_type=\"heading.default\">\n\t\t\t\t\t<h2 class=\"elementor-heading-title elementor-size-default\">\u00bfQu\u00e9 materiales utiliz\u00f3?<\/h2>\t\t\t\t<\/div>\n\t\t\t\t<div class=\"elementor-element elementor-element-981689d elementor-widget elementor-widget-text-editor\" data-id=\"981689d\" data-element_type=\"widget\" data-e-type=\"widget\" data-widget_type=\"text-editor.default\">\n\t\t\t\t\t\t\t\t\t<p><span style=\"font-weight: 400;\">El monumento se trabaj\u00f3 a base de concreto y moldes previamente trabajados por precio y tiempo. \u201cSe pens\u00f3 hacerlo en bronce, pero triplicaba el precio y tiempo\u201d, cuenta el maestro Sac. De hecho, desde el suelo se encuentra asentada la base que sostiene toda la obra (zapata). Se ten\u00eda pensado trabajar la obra en el taller del escultor, pero su traslado al lugar requerir\u00eda un alto costo.<\/span><\/p><p><span style=\"font-weight: 400;\">La soluci\u00f3n fue fundirlo en el lugar, mientras en el taller se trabajaron las figuras, luego se realizaron los moldes de las formas del monumento. \u201cUna semana me tarde en tallar la escultura en duroport, otra para hacer el molde, una semana para desmontar y trasladar los moldes a Salcaj\u00e1 y otra semana para fundir la obra\u201d, cuenta Sac.<\/span><\/p><p><span style=\"font-weight: 400;\">El proceso de fundici\u00f3n se realiz\u00f3 por d\u00eda para evitar que el molde se rompiera, el primer d\u00eda se llen\u00f3 de concreto hasta las rodillas, aceleraron el secado y sucesivamente se avanz\u00f3 hasta llegar al rostro, por \u00faltimo, se fundi\u00f3 los brazos<\/span><\/p>\t\t\t\t\t\t\t\t<\/div>\n\t\t\t\t\t<\/div>\n\t\t<\/div>\n\t\t\t\t\t<\/div>\n\t\t<\/section>\n\t\t\t\t<section data-particle_enable=\"false\" data-particle-mobile-disabled=\"false\" class=\"elementor-section elementor-top-section elementor-element elementor-element-91d61d0 elementor-section-boxed elementor-section-height-default elementor-section-height-default\" data-id=\"91d61d0\" data-element_type=\"section\" data-e-type=\"section\">\n\t\t\t\t\t\t<div class=\"elementor-container elementor-column-gap-default\">\n\t\t\t\t\t<div class=\"elementor-column elementor-col-100 elementor-top-column elementor-element elementor-element-66b4336\" data-id=\"66b4336\" data-element_type=\"column\" data-e-type=\"column\">\n\t\t\t<div class=\"elementor-widget-wrap elementor-element-populated\">\n\t\t\t\t\t\t<div class=\"elementor-element elementor-element-90ef257 elementor-widget elementor-widget-heading\" data-id=\"90ef257\" data-element_type=\"widget\" data-e-type=\"widget\" data-widget_type=\"heading.default\">\n\t\t\t\t\t<h2 class=\"elementor-heading-title elementor-size-default\">\u00bfC\u00f3mo se eligi\u00f3 el color?&nbsp;<\/h2>\t\t\t\t<\/div>\n\t\t\t\t<div class=\"elementor-element elementor-element-d0e2cc1 elementor-widget elementor-widget-text-editor\" data-id=\"d0e2cc1\" data-element_type=\"widget\" data-e-type=\"widget\" data-widget_type=\"text-editor.default\">\n\t\t\t\t\t\t\t\t\t<p><span style=\"font-weight: 400\">En cuanto al color se utiliz\u00f3 pintura en polvo o colores secos mezclado con el concreto para darle un autocuidado \u201cSe pens\u00f3 que los monumentos los hacen y no les dan el cuidado y mantenimiento, entonces si alg\u00fan momento llegar\u00e1 a deteriorarse va mantener el color original, toda la fundici\u00f3n tiene el mismo color\u201d.<\/span><\/p><p><span style=\"font-weight: 400\">El acabado final de la escultura se aprecia los detalles del rostro, las manos y movimientos. Para garantizar su estabilidad el escultor sold\u00f3 y ensambl\u00f3 la estructura, \u201cEst\u00e1 totalmente pegada, no est\u00e1 sobrepuesta. Puede pasar el tiempo y el monumento se mantendr\u00e1\u201d.<\/span><\/p>\t\t\t\t\t\t\t\t<\/div>\n\t\t\t\t\t<\/div>\n\t\t<\/div>\n\t\t\t\t\t<\/div>\n\t\t<\/section>\n\t\t\t\t<section data-particle_enable=\"false\" data-particle-mobile-disabled=\"false\" class=\"elementor-section elementor-top-section elementor-element elementor-element-63201d1 elementor-section-boxed elementor-section-height-default elementor-section-height-default\" data-id=\"63201d1\" data-element_type=\"section\" data-e-type=\"section\">\n\t\t\t\t\t\t<div class=\"elementor-container elementor-column-gap-default\">\n\t\t\t\t\t<div class=\"elementor-column elementor-col-100 elementor-top-column elementor-element elementor-element-861a54b\" data-id=\"861a54b\" data-element_type=\"column\" data-e-type=\"column\">\n\t\t\t<div class=\"elementor-widget-wrap elementor-element-populated\">\n\t\t\t\t\t\t<div class=\"elementor-element elementor-element-195cbfc elementor-widget elementor-widget-heading\" data-id=\"195cbfc\" data-element_type=\"widget\" data-e-type=\"widget\" data-widget_type=\"heading.default\">\n\t\t\t\t\t<h2 class=\"elementor-heading-title elementor-size-default\">\u00bfQu\u00e9 representa el monumento?<\/h2>\t\t\t\t<\/div>\n\t\t\t\t<div class=\"elementor-element elementor-element-f501679 elementor-widget elementor-widget-text-editor\" data-id=\"f501679\" data-element_type=\"widget\" data-e-type=\"widget\" data-widget_type=\"text-editor.default\">\n\t\t\t\t\t\t\t\t\t<p><span style=\"font-weight: 400\">El monumento al migrante se ha convertido en un s\u00edmbolo de esperanza y nostalgia para las familias y migrantes. Lugar donde se observa en ocasiones veladoras, arreglos florales en muestra de las personas que van en ruta o han perdido la vida en la traves\u00eda. Tambi\u00e9n este es el punto de encuentro para despedir, encomendar o recibir a un familiar migrante.<\/span><\/p><p><span style=\"font-weight: 400\">\u201cEste espacio se ha convertido un lugar de compromisos, promesas y objetivos para las personas que se van, pero tambi\u00e9n representa la esperanza que alg\u00fan d\u00eda van a volver, Cada persona tiene una ilusi\u00f3n y algo por que luchar, nunca deben perder el camino\u201d.<\/span><\/p>\t\t\t\t\t\t\t\t<\/div>\n\t\t\t\t\t<\/div>\n\t\t<\/div>\n\t\t\t\t\t<\/div>\n\t\t<\/section>\n\t\t\t\t<section data-particle_enable=\"false\" data-particle-mobile-disabled=\"false\" class=\"elementor-section elementor-top-section elementor-element elementor-element-e3feac0 elementor-section-boxed elementor-section-height-default elementor-section-height-default\" data-id=\"e3feac0\" data-element_type=\"section\" data-e-type=\"section\">\n\t\t\t\t\t\t<div class=\"elementor-container elementor-column-gap-default\">\n\t\t\t\t\t<div class=\"elementor-column elementor-col-100 elementor-top-column elementor-element elementor-element-019dc7f\" data-id=\"019dc7f\" data-element_type=\"column\" data-e-type=\"column\">\n\t\t\t<div class=\"elementor-widget-wrap elementor-element-populated\">\n\t\t\t\t\t\t<div class=\"elementor-element elementor-element-0668e92 elementor-invisible elementor-widget elementor-widget-image\" data-id=\"0668e92\" data-element_type=\"widget\" data-e-type=\"widget\" data-settings=\"{&quot;_animation&quot;:&quot;fadeInUp&quot;}\" data-widget_type=\"image.default\">\n\t\t\t\t\t\t\t\t\t\t\t\t<figure class=\"wp-caption\">\n\t\t\t\t\t\t\t\t\t\t<img decoding=\"async\" width=\"768\" height=\"768\" src=\"https:\/\/soymigrante.com\/revista\/wp-content\/uploads\/2023\/10\/En-el-ano-2010-en-el-municipio-de-Salcaja-Quetzaltenango-Guatemala-el-artista-Eduardo-Sac-erigio-el-monumento-al-migrante-una-obra-que-se-ubica-en-el-kilometro-190-de-la-ruta-occidente-768x768.webp\" class=\"attachment-medium_large size-medium_large wp-image-3023\" alt=\"En el a\u00f1o 2010 en el municipio de Salcaj\u00e1, Quetzaltenango, Guatemala el artista Eduardo Sac erigi\u00f3 el monumento al migrante una obra que se ubica en el kil\u00f3metro 190 de la ruta occidente\" srcset=\"https:\/\/soymigrante.com\/revista\/wp-content\/uploads\/2023\/10\/En-el-ano-2010-en-el-municipio-de-Salcaja-Quetzaltenango-Guatemala-el-artista-Eduardo-Sac-erigio-el-monumento-al-migrante-una-obra-que-se-ubica-en-el-kilometro-190-de-la-ruta-occidente-768x768.webp 768w, https:\/\/soymigrante.com\/revista\/wp-content\/uploads\/2023\/10\/En-el-ano-2010-en-el-municipio-de-Salcaja-Quetzaltenango-Guatemala-el-artista-Eduardo-Sac-erigio-el-monumento-al-migrante-una-obra-que-se-ubica-en-el-kilometro-190-de-la-ruta-occidente-300x300.webp 300w, https:\/\/soymigrante.com\/revista\/wp-content\/uploads\/2023\/10\/En-el-ano-2010-en-el-municipio-de-Salcaja-Quetzaltenango-Guatemala-el-artista-Eduardo-Sac-erigio-el-monumento-al-migrante-una-obra-que-se-ubica-en-el-kilometro-190-de-la-ruta-occidente-1024x1024.webp 1024w, https:\/\/soymigrante.com\/revista\/wp-content\/uploads\/2023\/10\/En-el-ano-2010-en-el-municipio-de-Salcaja-Quetzaltenango-Guatemala-el-artista-Eduardo-Sac-erigio-el-monumento-al-migrante-una-obra-que-se-ubica-en-el-kilometro-190-de-la-ruta-occidente-150x150.webp 150w, https:\/\/soymigrante.com\/revista\/wp-content\/uploads\/2023\/10\/En-el-ano-2010-en-el-municipio-de-Salcaja-Quetzaltenango-Guatemala-el-artista-Eduardo-Sac-erigio-el-monumento-al-migrante-una-obra-que-se-ubica-en-el-kilometro-190-de-la-ruta-occidente-1536x1536.webp 1536w, https:\/\/soymigrante.com\/revista\/wp-content\/uploads\/2023\/10\/En-el-ano-2010-en-el-municipio-de-Salcaja-Quetzaltenango-Guatemala-el-artista-Eduardo-Sac-erigio-el-monumento-al-migrante-una-obra-que-se-ubica-en-el-kilometro-190-de-la-ruta-occidente-75x75.webp 75w, https:\/\/soymigrante.com\/revista\/wp-content\/uploads\/2023\/10\/En-el-ano-2010-en-el-municipio-de-Salcaja-Quetzaltenango-Guatemala-el-artista-Eduardo-Sac-erigio-el-monumento-al-migrante-una-obra-que-se-ubica-en-el-kilometro-190-de-la-ruta-occidente-750x750.webp 750w, https:\/\/soymigrante.com\/revista\/wp-content\/uploads\/2023\/10\/En-el-ano-2010-en-el-municipio-de-Salcaja-Quetzaltenango-Guatemala-el-artista-Eduardo-Sac-erigio-el-monumento-al-migrante-una-obra-que-se-ubica-en-el-kilometro-190-de-la-ruta-occidente-1140x1140.webp 1140w, https:\/\/soymigrante.com\/revista\/wp-content\/uploads\/2023\/10\/En-el-ano-2010-en-el-municipio-de-Salcaja-Quetzaltenango-Guatemala-el-artista-Eduardo-Sac-erigio-el-monumento-al-migrante-una-obra-que-se-ubica-en-el-kilometro-190-de-la-ruta-occidente-600x600.webp 600w, https:\/\/soymigrante.com\/revista\/wp-content\/uploads\/2023\/10\/En-el-ano-2010-en-el-municipio-de-Salcaja-Quetzaltenango-Guatemala-el-artista-Eduardo-Sac-erigio-el-monumento-al-migrante-una-obra-que-se-ubica-en-el-kilometro-190-de-la-ruta-occidente.webp 1920w\" sizes=\"(max-width: 768px) 100vw, 768px\" title=\"En el a\u00f1o 2010 en el municipio de Salcaj\u00e1, Quetzaltenango, Guatemala el artista Eduardo Sac erigi\u00f3 el monumento al migrante una obra que se ubica en el kil\u00f3metro 190 de la ruta occidente \u2013 SoyMigrante.com REVISTA\" \/>\t\t\t\t\t\t\t\t\t\t\t<figcaption class=\"widget-image-caption wp-caption-text\">En el a\u00f1o 2010 en el municipio de Salcaj\u00e1, Quetzaltenango, Guatemala el artista Eduardo Sac erigi\u00f3 el monumento al migrante una obra que se ubica en el kil\u00f3metro 190 de la ruta occidente<\/figcaption>\n\t\t\t\t\t\t\t\t\t\t<\/figure>\n\t\t\t\t\t\t\t\t\t<\/div>\n\t\t\t\t\t<\/div>\n\t\t<\/div>\n\t\t\t\t\t<\/div>\n\t\t<\/section>\n\t\t\t\t<section data-particle_enable=\"false\" data-particle-mobile-disabled=\"false\" class=\"elementor-section elementor-top-section elementor-element elementor-element-c7a7440 elementor-section-boxed elementor-section-height-default elementor-section-height-default\" data-id=\"c7a7440\" data-element_type=\"section\" data-e-type=\"section\">\n\t\t\t\t\t\t<div class=\"elementor-container elementor-column-gap-default\">\n\t\t\t\t\t<div class=\"elementor-column elementor-col-100 elementor-top-column elementor-element elementor-element-e634dc2\" data-id=\"e634dc2\" data-element_type=\"column\" data-e-type=\"column\">\n\t\t\t<div class=\"elementor-widget-wrap elementor-element-populated\">\n\t\t\t\t\t\t<div class=\"elementor-element elementor-element-afd5121 elementor-widget elementor-widget-heading\" data-id=\"afd5121\" data-element_type=\"widget\" data-e-type=\"widget\" data-widget_type=\"heading.default\">\n\t\t\t\t\t<h2 class=\"elementor-heading-title elementor-size-default\">\u00bfQui\u00e9n es el artista Eduardo Sac?<\/h2>\t\t\t\t<\/div>\n\t\t\t\t<div class=\"elementor-element elementor-element-1cc2d71 elementor-widget elementor-widget-text-editor\" data-id=\"1cc2d71\" data-element_type=\"widget\" data-e-type=\"widget\" data-widget_type=\"text-editor.default\">\n\t\t\t\t\t\t\t\t\t<p><span style=\"font-weight: 400\">El escultor Eduardo Sac es originario de Quetzaltenango, Guatemala ha dedicado su vida art\u00edstica por mas de 35 a\u00f1os, es Licenciado en Artes Visuales con especialidad Escultura, Universidad San Carlos de Guatemala, Licenciado en Pedagog\u00eda y Ciencias de la Educaci\u00f3n, fundador de la escuela de arte ESFAC en Quetzaltenango y ex director de la Escuela Humberto Garavito.<\/span><\/p><p><span style=\"font-weight: 400\">Ha representado a Guatemala en diferentes simposios; Festival Internacional de Escultura monumental sobre m\u00e1rmol, \u201cGuatemala Inmortal\u201d, \u201cArte en concreto\u201d \u201cobra en conjunto en puerto Escondido Oaxaca, M\u00e9xico\u201d \u201cArte en concreto en Sidrix, Texas, E.E.U.U. y m\u00e1s de 16 monumentos elaborados en el territorio guatemalteco.<\/span><\/p><p><span style=\"font-weight: 400\">\u201cDesde muy peque\u00f1o me llamaba la atenci\u00f3n el dibujo, utilizaba el barro cocido y jabones de la casa para realizar esculturas, para mi era un juego, sin saber que se convirti\u00f3 en mi profesi\u00f3n\u201d Public\u00f3 un libro \u201cEscultura en piedra\u201d, actualmente es docente de la escuela privada mixta de formaci\u00f3n art\u00edstica de Quetzaltenango y trabaja en su taller de esculturas.<\/span><\/p>\t\t\t\t\t\t\t\t<\/div>\n\t\t\t\t\t<\/div>\n\t\t<\/div>\n\t\t\t\t\t<\/div>\n\t\t<\/section>\n\t\t\t\t<section data-particle_enable=\"false\" data-particle-mobile-disabled=\"false\" class=\"elementor-section elementor-top-section elementor-element elementor-element-db2ecc1 elementor-section-boxed elementor-section-height-default elementor-section-height-default\" data-id=\"db2ecc1\" data-element_type=\"section\" data-e-type=\"section\">\n\t\t\t\t\t\t<div class=\"elementor-container elementor-column-gap-default\">\n\t\t\t\t\t<div class=\"elementor-column elementor-col-100 elementor-top-column elementor-element elementor-element-341e0ef\" data-id=\"341e0ef\" data-element_type=\"column\" data-e-type=\"column\">\n\t\t\t<div class=\"elementor-widget-wrap elementor-element-populated\">\n\t\t\t\t\t\t<div class=\"elementor-element elementor-element-b996393 elementor-widget elementor-widget-image\" data-id=\"b996393\" data-element_type=\"widget\" data-e-type=\"widget\" data-widget_type=\"image.default\">\n\t\t\t\t\t\t\t\t\t\t\t\t<figure class=\"wp-caption\">\n\t\t\t\t\t\t\t\t\t\t<img decoding=\"async\" width=\"768\" height=\"576\" src=\"https:\/\/soymigrante.com\/revista\/wp-content\/uploads\/2023\/10\/El-escultor-Eduardo-Sac-es-originario-de-Quetzaltenango-Guatemala-ha-dedicado-su-vida-artistica-por-mas-de-35-anos-es-Licenciado-en-Artes-Visuales-con-especialidad-Escultura-768x576.webp\" class=\"attachment-medium_large size-medium_large wp-image-3024\" alt=\"El escultor Eduardo Sac es originario de Quetzaltenango, Guatemala ha dedicado su vida art\u00edstica por m\u00e1s de 35 a\u00f1os, es Licenciado en Artes Visuales con especialidad Escultura,\" srcset=\"https:\/\/soymigrante.com\/revista\/wp-content\/uploads\/2023\/10\/El-escultor-Eduardo-Sac-es-originario-de-Quetzaltenango-Guatemala-ha-dedicado-su-vida-artistica-por-mas-de-35-anos-es-Licenciado-en-Artes-Visuales-con-especialidad-Escultura-768x576.webp 768w, https:\/\/soymigrante.com\/revista\/wp-content\/uploads\/2023\/10\/El-escultor-Eduardo-Sac-es-originario-de-Quetzaltenango-Guatemala-ha-dedicado-su-vida-artistica-por-mas-de-35-anos-es-Licenciado-en-Artes-Visuales-con-especialidad-Escultura-300x225.webp 300w, https:\/\/soymigrante.com\/revista\/wp-content\/uploads\/2023\/10\/El-escultor-Eduardo-Sac-es-originario-de-Quetzaltenango-Guatemala-ha-dedicado-su-vida-artistica-por-mas-de-35-anos-es-Licenciado-en-Artes-Visuales-con-especialidad-Escultura-1024x768.webp 1024w, https:\/\/soymigrante.com\/revista\/wp-content\/uploads\/2023\/10\/El-escultor-Eduardo-Sac-es-originario-de-Quetzaltenango-Guatemala-ha-dedicado-su-vida-artistica-por-mas-de-35-anos-es-Licenciado-en-Artes-Visuales-con-especialidad-Escultura-750x563.webp 750w, https:\/\/soymigrante.com\/revista\/wp-content\/uploads\/2023\/10\/El-escultor-Eduardo-Sac-es-originario-de-Quetzaltenango-Guatemala-ha-dedicado-su-vida-artistica-por-mas-de-35-anos-es-Licenciado-en-Artes-Visuales-con-especialidad-Escultura.webp 1080w\" sizes=\"(max-width: 768px) 100vw, 768px\" title=\"El escultor Eduardo Sac es originario de Quetzaltenango, Guatemala ha dedicado su vida art\u00edstica por m\u00e1s de 35 a\u00f1os, es Licenciado en Artes Visuales con especialidad Escultura, \u2013 SoyMigrante.com REVISTA\" \/>\t\t\t\t\t\t\t\t\t\t\t<figcaption class=\"widget-image-caption wp-caption-text\">El escultor Eduardo Sac es originario de Quetzaltenango, Guatemala ha dedicado su vida art\u00edstica por m\u00e1s de 35 a\u00f1os, es Licenciado en Artes Visuales con especialidad Escultura,<\/figcaption>\n\t\t\t\t\t\t\t\t\t\t<\/figure>\n\t\t\t\t\t\t\t\t\t<\/div>\n\t\t\t\t\t<\/div>\n\t\t<\/div>\n\t\t\t\t\t<\/div>\n\t\t<\/section>\n\t\t\t\t<section data-particle_enable=\"false\" data-particle-mobile-disabled=\"false\" class=\"elementor-section elementor-top-section elementor-element elementor-element-8a43bfb elementor-section-boxed elementor-section-height-default elementor-section-height-default\" data-id=\"8a43bfb\" data-element_type=\"section\" data-e-type=\"section\">\n\t\t\t\t\t\t<div class=\"elementor-container elementor-column-gap-default\">\n\t\t\t\t\t<div class=\"elementor-column elementor-col-100 elementor-top-column elementor-element elementor-element-c5b58ef\" data-id=\"c5b58ef\" data-element_type=\"column\" data-e-type=\"column\">\n\t\t\t<div class=\"elementor-widget-wrap elementor-element-populated\">\n\t\t\t\t\t\t<div class=\"elementor-element elementor-element-3f0d822 elementor-widget elementor-widget-eael-creative-button\" data-id=\"3f0d822\" data-element_type=\"widget\" data-e-type=\"widget\" data-widget_type=\"eael-creative-button.default\">\n\t\t\t\t\t        <div class=\"eael-creative-button-wrapper\">\n\n            <a class=\"eael-creative-button eael-creative-button--default eael-cb-icon-position-right\" href=\"https:\/\/uploads.knightlab.com\/storymapjs\/e697f1430e5bfefa5863064f4a7b862d\/manifestaciones-2023\/index.html\" data-text=\"S\u00ed quiero!!\">\n            \t    \n                <div class=\"creative-button-inner\">\n\n                    \n                    <span class=\"cretive-button-text\">SI DESEAS CONOCER M\u00c1S OBRAS DEL MAESTRO SAC PUEDES DAR CLIC AQU\u00cd<\/span>\n\n                                            <span class=\"eael-creative-button-icon-right\"><i aria-hidden=\"true\" class=\"far fa-eye\"><\/i><\/span>                                    <\/div>\n\t                        <\/a>\n        <\/div>\n        \t\t\t\t<\/div>\n\t\t\t\t\t<\/div>\n\t\t<\/div>\n\t\t\t\t\t<\/div>\n\t\t<\/section>\n\t\t\t\t<section data-particle_enable=\"false\" data-particle-mobile-disabled=\"false\" class=\"elementor-section elementor-top-section elementor-element elementor-element-9ef5d30 elementor-section-boxed elementor-section-height-default elementor-section-height-default\" data-id=\"9ef5d30\" data-element_type=\"section\" data-e-type=\"section\">\n\t\t\t\t\t\t<div class=\"elementor-container elementor-column-gap-default\">\n\t\t\t\t\t<div class=\"elementor-column elementor-col-100 elementor-top-column elementor-element elementor-element-7a71b05\" data-id=\"7a71b05\" data-element_type=\"column\" data-e-type=\"column\">\n\t\t\t<div class=\"elementor-widget-wrap elementor-element-populated\">\n\t\t\t\t\t\t<div class=\"elementor-element elementor-element-3d1f8c5 elementor-widget elementor-widget-blfe-post-list\" data-id=\"3d1f8c5\" data-element_type=\"widget\" data-e-type=\"widget\" data-settings=\"{&quot;classic2_slides_to_show&quot;:1,&quot;columns&quot;:&quot;6&quot;,&quot;columns_tablet&quot;:&quot;6&quot;,&quot;columns_mobile&quot;:&quot;12&quot;,&quot;classic2_slides_to_show_tablet&quot;:1,&quot;classic2_slides_to_show_mobile&quot;:1,&quot;classic2_autoplay&quot;:&quot;yes&quot;,&quot;classic2_autoplay_speed&quot;:5000,&quot;classic2_pause_on_hover&quot;:&quot;no&quot;,&quot;classic2_loop&quot;:&quot;yes&quot;,&quot;classic2_animation_speed&quot;:200,&quot;classic2_navigation&quot;:&quot;dots&quot;,&quot;classic2_carousel_arrow_size&quot;:{&quot;unit&quot;:&quot;px&quot;,&quot;size&quot;:&quot;&quot;,&quot;sizes&quot;:[]},&quot;classic2_carousel_arrow_size_tablet&quot;:{&quot;unit&quot;:&quot;px&quot;,&quot;size&quot;:&quot;&quot;,&quot;sizes&quot;:[]},&quot;classic2_carousel_arrow_size_mobile&quot;:{&quot;unit&quot;:&quot;px&quot;,&quot;size&quot;:&quot;&quot;,&quot;sizes&quot;:[]},&quot;classic2_carousel_arrow_height&quot;:{&quot;unit&quot;:&quot;px&quot;,&quot;size&quot;:&quot;&quot;,&quot;sizes&quot;:[]},&quot;classic2_carousel_arrow_height_tablet&quot;:{&quot;unit&quot;:&quot;px&quot;,&quot;size&quot;:&quot;&quot;,&quot;sizes&quot;:[]},&quot;classic2_carousel_arrow_height_mobile&quot;:{&quot;unit&quot;:&quot;px&quot;,&quot;size&quot;:&quot;&quot;,&quot;sizes&quot;:[]},&quot;classic2_carousel_arrow_width&quot;:{&quot;unit&quot;:&quot;px&quot;,&quot;size&quot;:&quot;&quot;,&quot;sizes&quot;:[]},&quot;classic2_carousel_arrow_width_tablet&quot;:{&quot;unit&quot;:&quot;px&quot;,&quot;size&quot;:&quot;&quot;,&quot;sizes&quot;:[]},&quot;classic2_carousel_arrow_width_mobile&quot;:{&quot;unit&quot;:&quot;px&quot;,&quot;size&quot;:&quot;&quot;,&quot;sizes&quot;:[]},&quot;classic2_carousel_dots_size&quot;:{&quot;unit&quot;:&quot;px&quot;,&quot;size&quot;:&quot;&quot;,&quot;sizes&quot;:[]},&quot;classic2_carousel_dots_size_tablet&quot;:{&quot;unit&quot;:&quot;px&quot;,&quot;size&quot;:&quot;&quot;,&quot;sizes&quot;:[]},&quot;classic2_carousel_dots_size_mobile&quot;:{&quot;unit&quot;:&quot;px&quot;,&quot;size&quot;:&quot;&quot;,&quot;sizes&quot;:[]}}\" data-widget_type=\"blfe-post-list.classic2\">\n\t\t\t\t<div class=\"elementor-widget-container\">\n\t\t\t\t\t\n            <div class=\"blfe-post-list-container blfe-active-post-loader\">\n                <div data-skin=\"classic2\" class=\"blfe-classic2 blfe-row blfe-posts-inner    blfe-carousel  \">\n                            <div class=\"blfe-post-list-item blfe-equal-height \">\n            <span class=\"blfe-post-category\"><a href=\"https:\/\/soymigrante.com\/revista\/category\/bienestar\/\">Bienestar<\/a><\/span><div class=\"blfe-post-image-wrapper\"><a class=\"blfe-post-list-image\" href=\"https:\/\/soymigrante.com\/revista\/estrategias-para-fidelizar-clientes-pequenas-acciones-que-te-ayudaran-en-el-comercio-digital\/\" title=\"Estrategias para fidelizar clientes: peque\u00f1as acciones que te ayudar\u00e1n en el comercio digital\" rel=\"nofollow\" target=\"_blank\"><span style=\"background-image: url(https:\/\/soymigrante.com\/revista\/wp-content\/uploads\/2026\/04\/vendedora-soymigrantecom-emprendimiento-emprendedora-comercio-digital.png)\"><\/span><\/a><\/div>            <div class=\"blfe-post-list-details\">\n                <h3 class=\"blfe-post-list-title\">\n            <a href=\"https:\/\/soymigrante.com\/revista\/estrategias-para-fidelizar-clientes-pequenas-acciones-que-te-ayudaran-en-el-comercio-digital\/\" title=\"Estrategias para fidelizar clientes: peque\u00f1as acciones que te ayudar\u00e1n en el comercio digital\" rel=\"nofollow\" target=\"_blank\">Estrategias para fidelizar clientes: peque\u00f1as acciones que te ayudar\u00e1n en el comercio digital<\/a>\n            <\/h3>                        <div class=\"blfe-post-list-meta\">\n            <span class=\"blfe-post-list-time\"><i class=\"fas fa-book-reader\"><\/i>5 Min read<\/span>        <\/div>\n                        <p class=\"blfe-post-list-excerpt\">\u00bfYa tienes tu tienda digital en MERCADO? Excelente. \u00bfYa hiciste tu primera venta? Genial. Ahora viene la parte m\u00e1s importante,...<\/p>                        <a class=\"blfe-post-read-more\" href=\"https:\/\/soymigrante.com\/revista\/estrategias-para-fidelizar-clientes-pequenas-acciones-que-te-ayudaran-en-el-comercio-digital\/\" >\n            <span class=\"blfe-read-more-btn-wrapper\">\n\n             <span class=\"blfe-read-more-btn-text\">Lea m\u00e1s<\/span>\n\n                                    <span class=\"blfe-read-more-btn-icon blfe-read-more-btn-align-icon-right\">\n                <i aria-hidden=\"true\" class=\"fas fa-long-arrow-alt-right\"><\/i>                    <\/span>\n                \n            <\/span>\n        <\/a>\n                    <\/div>\n        <\/div>\n                <div class=\"blfe-post-list-item blfe-equal-height \">\n            <span class=\"blfe-post-category\"><a href=\"https:\/\/soymigrante.com\/revista\/category\/recursos-migratorios\/\">Recursos Migratorios<\/a><\/span><div class=\"blfe-post-image-wrapper\"><a class=\"blfe-post-list-image\" href=\"https:\/\/soymigrante.com\/revista\/migrante-hispana-se-hace-viral-al-utilizar-una-tarjeta-roja-conoce-tus-derechos-ante-agentes\/\" title=\"Migrante hispana se hace viral al utilizar una tarjeta roja Conoce tus Derechos, ante agentes\" rel=\"nofollow\" target=\"_blank\"><span style=\"background-image: url(https:\/\/soymigrante.com\/revista\/wp-content\/uploads\/2026\/04\/tarjeta-roja.jpg)\"><\/span><\/a><\/div>            <div class=\"blfe-post-list-details\">\n                <h3 class=\"blfe-post-list-title\">\n            <a href=\"https:\/\/soymigrante.com\/revista\/migrante-hispana-se-hace-viral-al-utilizar-una-tarjeta-roja-conoce-tus-derechos-ante-agentes\/\" title=\"Migrante hispana se hace viral al utilizar una tarjeta roja Conoce tus Derechos, ante agentes\" rel=\"nofollow\" target=\"_blank\">Migrante hispana se hace viral al utilizar una tarjeta roja Conoce tus Derechos, ante agentes<\/a>\n            <\/h3>                        <div class=\"blfe-post-list-meta\">\n            <span class=\"blfe-post-list-time\"><i class=\"fas fa-book-reader\"><\/i>5 Min read<\/span>        <\/div>\n                        <p class=\"blfe-post-list-excerpt\">Video viral muestra a una migrante hispana que con respeto y legalidad respondi\u00f3 a un agente migratorio que intent\u00f3 interrogarla...<\/p>                        <a class=\"blfe-post-read-more\" href=\"https:\/\/soymigrante.com\/revista\/migrante-hispana-se-hace-viral-al-utilizar-una-tarjeta-roja-conoce-tus-derechos-ante-agentes\/\" >\n            <span class=\"blfe-read-more-btn-wrapper\">\n\n             <span class=\"blfe-read-more-btn-text\">Lea m\u00e1s<\/span>\n\n                                    <span class=\"blfe-read-more-btn-icon blfe-read-more-btn-align-icon-right\">\n                <i aria-hidden=\"true\" class=\"fas fa-long-arrow-alt-right\"><\/i>                    <\/span>\n                \n            <\/span>\n        <\/a>\n                    <\/div>\n        <\/div>\n                <div class=\"blfe-post-list-item blfe-equal-height \">\n            <span class=\"blfe-post-category\"><a href=\"https:\/\/soymigrante.com\/revista\/category\/bienestar\/en-familia\/\">En Familia<\/a><\/span><div class=\"blfe-post-image-wrapper\"><a class=\"blfe-post-list-image\" href=\"https:\/\/soymigrante.com\/revista\/violencia-intrafamiliar-domestica-se-debe-reconocer-y-denunciar-donde-obtener-ayuda-en-estados-unidos\/\" title=\"Violencia intrafamiliar se debe reconocer,  denunciar y frenar \u00bfD\u00f3nde obtener ayuda en Estados Unidos?\" rel=\"nofollow\" target=\"_blank\"><span style=\"background-image: url(https:\/\/soymigrante.com\/revista\/wp-content\/uploads\/2026\/04\/frenar-violencia-domestica-estados-unidos.png)\"><\/span><\/a><\/div>            <div class=\"blfe-post-list-details\">\n                <h3 class=\"blfe-post-list-title\">\n            <a href=\"https:\/\/soymigrante.com\/revista\/violencia-intrafamiliar-domestica-se-debe-reconocer-y-denunciar-donde-obtener-ayuda-en-estados-unidos\/\" title=\"Violencia intrafamiliar se debe reconocer,  denunciar y frenar \u00bfD\u00f3nde obtener ayuda en Estados Unidos?\" rel=\"nofollow\" target=\"_blank\">Violencia intrafamiliar se debe reconocer,  denunciar y frenar \u00bfD\u00f3nde obtener ayuda en Estados Unidos?<\/a>\n            <\/h3>                        <div class=\"blfe-post-list-meta\">\n            <span class=\"blfe-post-list-time\"><i class=\"fas fa-book-reader\"><\/i>5 Min read<\/span>        <\/div>\n                        <p class=\"blfe-post-list-excerpt\">Tragedia en Tulsa, Oklahoma, en la que una migrante guatemalteca muri\u00f3 agredida por su esposo, demuestra la necesidad de reconocer,...<\/p>                        <a class=\"blfe-post-read-more\" href=\"https:\/\/soymigrante.com\/revista\/violencia-intrafamiliar-domestica-se-debe-reconocer-y-denunciar-donde-obtener-ayuda-en-estados-unidos\/\" >\n            <span class=\"blfe-read-more-btn-wrapper\">\n\n             <span class=\"blfe-read-more-btn-text\">Lea m\u00e1s<\/span>\n\n                                    <span class=\"blfe-read-more-btn-icon blfe-read-more-btn-align-icon-right\">\n                <i aria-hidden=\"true\" class=\"fas fa-long-arrow-alt-right\"><\/i>                    <\/span>\n                \n            <\/span>\n        <\/a>\n                    <\/div>\n        <\/div>\n                <div class=\"blfe-post-list-item blfe-equal-height \">\n            <span class=\"blfe-post-category\"><a href=\"https:\/\/soymigrante.com\/revista\/category\/recursos-migratorios\/\">Recursos Migratorios<\/a><\/span><div class=\"blfe-post-image-wrapper\"><a class=\"blfe-post-list-image\" href=\"https:\/\/soymigrante.com\/revista\/por-que-es-necesario-declarar-hasta-las-infracciones-de-transito-para-tramitar-residencia-o-ciudadania\/\" title=\"\u00bfPor qu\u00e9 es necesario declarar hasta las infracciones de tr\u00e1nsito para tramitar residencia o ciudadan\u00eda?\" rel=\"nofollow\" target=\"_blank\"><span style=\"background-image: url(https:\/\/soymigrante.com\/revista\/wp-content\/uploads\/2026\/04\/a-red-light-on-and-a-traffic-police-ticket-in-a-windshield-at-us-street-1.jpg)\"><\/span><\/a><\/div>            <div class=\"blfe-post-list-details\">\n                <h3 class=\"blfe-post-list-title\">\n            <a href=\"https:\/\/soymigrante.com\/revista\/por-que-es-necesario-declarar-hasta-las-infracciones-de-transito-para-tramitar-residencia-o-ciudadania\/\" title=\"\u00bfPor qu\u00e9 es necesario declarar hasta las infracciones de tr\u00e1nsito para tramitar residencia o ciudadan\u00eda?\" rel=\"nofollow\" target=\"_blank\">\u00bfPor qu\u00e9 es necesario declarar hasta las infracciones de tr\u00e1nsito para tramitar residencia o ciudadan\u00eda?<\/a>\n            <\/h3>                        <div class=\"blfe-post-list-meta\">\n            <span class=\"blfe-post-list-time\"><i class=\"fas fa-book-reader\"><\/i>4 Min read<\/span>        <\/div>\n                        <p class=\"blfe-post-list-excerpt\">Abogada migratoria guatemalteca Ana Gabriela Ur\u00edzar advierte que ocultar informaci\u00f3n en el formulario N-400 para tr\u00e1mite de ciudadan\u00eda y otros...<\/p>                        <a class=\"blfe-post-read-more\" href=\"https:\/\/soymigrante.com\/revista\/por-que-es-necesario-declarar-hasta-las-infracciones-de-transito-para-tramitar-residencia-o-ciudadania\/\" >\n            <span class=\"blfe-read-more-btn-wrapper\">\n\n             <span class=\"blfe-read-more-btn-text\">Lea m\u00e1s<\/span>\n\n                                    <span class=\"blfe-read-more-btn-icon blfe-read-more-btn-align-icon-right\">\n                <i aria-hidden=\"true\" class=\"fas fa-long-arrow-alt-right\"><\/i>                    <\/span>\n                \n            <\/span>\n        <\/a>\n                    <\/div>\n        <\/div>\n                <div class=\"blfe-post-list-item blfe-equal-height \">\n            <span class=\"blfe-post-category\"><a href=\"https:\/\/soymigrante.com\/revista\/category\/bienestar\/salud-emocional\/\">Salud Emocional<\/a><\/span><div class=\"blfe-post-image-wrapper\"><a class=\"blfe-post-list-image\" href=\"https:\/\/soymigrante.com\/revista\/claves-sobre-primeros-auxilios-psicologicos-para-ayudar-a-alguien-agobiado-por-dolor-miedo-o-angustia\/\" title=\"Claves sobre Primeros Auxilios Psicol\u00f3gicos para ayudar a alguien agobiado por dolor, miedo o angustia\" rel=\"nofollow\" target=\"_blank\"><span style=\"background-image: url(https:\/\/soymigrante.com\/revista\/wp-content\/uploads\/2026\/04\/primeros-auxilios-emocionales.png)\"><\/span><\/a><\/div>            <div class=\"blfe-post-list-details\">\n                <h3 class=\"blfe-post-list-title\">\n            <a href=\"https:\/\/soymigrante.com\/revista\/claves-sobre-primeros-auxilios-psicologicos-para-ayudar-a-alguien-agobiado-por-dolor-miedo-o-angustia\/\" title=\"Claves sobre Primeros Auxilios Psicol\u00f3gicos para ayudar a alguien agobiado por dolor, miedo o angustia\" rel=\"nofollow\" target=\"_blank\">Claves sobre Primeros Auxilios Psicol\u00f3gicos para ayudar a alguien agobiado por dolor, miedo o angustia<\/a>\n            <\/h3>                        <div class=\"blfe-post-list-meta\">\n            <span class=\"blfe-post-list-time\"><i class=\"fas fa-book-reader\"><\/i>6 Min read<\/span>        <\/div>\n                        <p class=\"blfe-post-list-excerpt\">En momentos de crisis emocional por circunstancias familiares, econ\u00f3micas o alg\u00fan suceso, como accidente, desastre o fallecimiento de un familiar,...<\/p>                        <a class=\"blfe-post-read-more\" href=\"https:\/\/soymigrante.com\/revista\/claves-sobre-primeros-auxilios-psicologicos-para-ayudar-a-alguien-agobiado-por-dolor-miedo-o-angustia\/\" >\n            <span class=\"blfe-read-more-btn-wrapper\">\n\n             <span class=\"blfe-read-more-btn-text\">Lea m\u00e1s<\/span>\n\n                                    <span class=\"blfe-read-more-btn-icon blfe-read-more-btn-align-icon-right\">\n                <i aria-hidden=\"true\" class=\"fas fa-long-arrow-alt-right\"><\/i>                    <\/span>\n                \n            <\/span>\n        <\/a>\n                    <\/div>\n        <\/div>\n                <div class=\"blfe-post-list-item blfe-equal-height \">\n            <span class=\"blfe-post-category\"><a href=\"https:\/\/soymigrante.com\/revista\/category\/recursos-migratorios\/\">Recursos Migratorios<\/a><\/span><div class=\"blfe-post-image-wrapper\"><a class=\"blfe-post-list-image\" href=\"https:\/\/soymigrante.com\/revista\/abogada-guatemalteca-explica-como-migrantes-detenidos-sin-fianza-podrian-beneficiarse-con-fallo-de-jueza\/\" title=\"Abogada guatemalteca explica c\u00f3mo migrantes detenidos sin fianza podr\u00edan beneficiarse con fallo judicial reciente\" rel=\"nofollow\" target=\"_blank\"><span style=\"background-image: url(https:\/\/soymigrante.com\/revista\/wp-content\/uploads\/2026\/03\/abogada-ana-gabriela-urizar-migrante-guatemalteca.jpg)\"><\/span><\/a><\/div>            <div class=\"blfe-post-list-details\">\n                <h3 class=\"blfe-post-list-title\">\n            <a href=\"https:\/\/soymigrante.com\/revista\/abogada-guatemalteca-explica-como-migrantes-detenidos-sin-fianza-podrian-beneficiarse-con-fallo-de-jueza\/\" title=\"Abogada guatemalteca explica c\u00f3mo migrantes detenidos sin fianza podr\u00edan beneficiarse con fallo judicial reciente\" rel=\"nofollow\" target=\"_blank\">Abogada guatemalteca explica c\u00f3mo migrantes detenidos sin fianza podr\u00edan beneficiarse con fallo judicial reciente<\/a>\n            <\/h3>                        <div class=\"blfe-post-list-meta\">\n            <span class=\"blfe-post-list-time\"><i class=\"fas fa-book-reader\"><\/i>6 Min read<\/span>        <\/div>\n                        <p class=\"blfe-post-list-excerpt\">El caso Maldonado Bautista v. Santacruz se ha convertido en una de las decisiones m\u00e1s importantes en materia de detenci\u00f3n...<\/p>                        <a class=\"blfe-post-read-more\" href=\"https:\/\/soymigrante.com\/revista\/abogada-guatemalteca-explica-como-migrantes-detenidos-sin-fianza-podrian-beneficiarse-con-fallo-de-jueza\/\" >\n            <span class=\"blfe-read-more-btn-wrapper\">\n\n             <span class=\"blfe-read-more-btn-text\">Lea m\u00e1s<\/span>\n\n                                    <span class=\"blfe-read-more-btn-icon blfe-read-more-btn-align-icon-right\">\n                <i aria-hidden=\"true\" class=\"fas fa-long-arrow-alt-right\"><\/i>                    <\/span>\n                \n            <\/span>\n        <\/a>\n                    <\/div>\n        <\/div>\n                        <\/div>\n            <\/div>\n\n            \t\t\t\t<\/div>\n\t\t\t\t<\/div>\n\t\t\t\t\t<\/div>\n\t\t<\/div>\n\t\t\t\t\t<\/div>\n\t\t<\/section>\n\t\t\t\t<\/div>\n\t\t","protected":false},"excerpt":{"rendered":"<p>El escultor Eduardo Sac cre\u00f3 hace 13 a\u00f1os el Monumento al Migrante ubicado en Salcaj\u00e1, Quetzaltenango: una obra en honor a los guatemaltecos que se marcharon a Estados Unidos en busca de un mejor porvenir. Revela detalles como la fundici\u00f3n por partes o la raz\u00f3n de la postura de la efigie. https:\/\/www.youtube.com\/watch?v=LfyZxZLGPF8 Un mes antes [&hellip;]<\/p>\n","protected":false},"author":10,"featured_media":3264,"comment_status":"open","ping_status":"open","sticky":false,"template":"","format":"standard","meta":{"_acf_changed":false,"_eb_attr":"","footnotes":""},"categories":[58],"tags":[],"class_list":["post-3022","post","type-post","status-publish","format-standard","has-post-thumbnail","hentry","category-guate-nuestra"],"acf":[],"aioseo_notices":[],"aioseo_head":"\n\t\t<!-- All in One SEO Pro 4.9.6.2 - aioseo.com -->\n\t<meta name=\"description\" content=\"Caso Maldonado Bautista abri\u00f3 oportunidad de audiencia ante juez y solicitud de fianza para migrantes detenidos. Abogada guatemalteca Ana Ur\u00edzar explica.\" \/>\n\t<meta name=\"robots\" content=\"max-snippet:-1, max-image-preview:large, max-video-preview:-1\" \/>\n\t<meta name=\"author\" content=\"Gustavo Montenegro\"\/>\n\t<link rel=\"canonical\" href=\"https:\/\/soymigrante.com\/revista\/abogada-guatemalteca-explica-como-migrantes-detenidos-sin-fianza-podrian-beneficiarse-con-fallo-de-jueza\/\" \/>\n\t<meta name=\"generator\" content=\"All in One SEO Pro (AIOSEO) 4.9.6.2\" \/>\n\n\t\t<link rel=\"preconnect\" href=\"https:\/\/fonts.googleapis.com\" crossorigin>\n<link rel=\"preconnect\" href=\"https:\/\/fonts.gstatic.com\" crossorigin>\n\t\t<meta property=\"og:locale\" content=\"es_ES\" \/>\n\t\t<meta property=\"og:site_name\" content=\"SoyMigrante.com REVISTA \u2013 Nuestra misi\u00f3n es reconocer y dignificar al migrante.\" \/>\n\t\t<meta property=\"og:type\" content=\"article\" \/>\n\t\t<meta property=\"og:title\" content=\"Abogada explica fallo a favor de migrantes detenidos sin fianza\" \/>\n\t\t<meta property=\"og:description\" content=\"Caso Maldonado Bautista abri\u00f3 oportunidad de audiencia ante juez y solicitud de fianza para migrantes detenidos. Abogada guatemalteca Ana Ur\u00edzar explica.\" \/>\n\t\t<meta property=\"og:url\" content=\"https:\/\/soymigrante.com\/revista\/abogada-guatemalteca-explica-como-migrantes-detenidos-sin-fianza-podrian-beneficiarse-con-fallo-de-jueza\/\" \/>\n\t\t<meta property=\"og:image\" content=\"https:\/\/soymigrante.com\/revista\/wp-content\/uploads\/2026\/03\/abogada-ana-gabriela-urizar-migrante-guatemalteca.jpg\" \/>\n\t\t<meta property=\"og:image:secure_url\" content=\"https:\/\/soymigrante.com\/revista\/wp-content\/uploads\/2026\/03\/abogada-ana-gabriela-urizar-migrante-guatemalteca.jpg\" \/>\n\t\t<meta property=\"og:image:width\" content=\"670\" \/>\n\t\t<meta property=\"og:image:height\" content=\"670\" \/>\n\t\t<meta property=\"article:published_time\" content=\"2026-03-23T19:32:33+00:00\" \/>\n\t\t<meta property=\"article:modified_time\" content=\"2026-03-23T19:33:24+00:00\" \/>\n\t\t<meta property=\"article:publisher\" content=\"https:\/\/www.facebook.com\/soymigrantecom\" \/>\n\t\t<meta name=\"twitter:card\" content=\"summary_large_image\" \/>\n\t\t<meta name=\"twitter:site\" content=\"@SoyMigrante_com\" \/>\n\t\t<meta name=\"twitter:title\" content=\"Abogada explica fallo a favor de migrantes detenidos sin fianza\" \/>\n\t\t<meta name=\"twitter:description\" content=\"Caso Maldonado Bautista abri\u00f3 oportunidad de audiencia ante juez y solicitud de fianza para migrantes detenidos. Abogada guatemalteca Ana Ur\u00edzar explica.\" \/>\n\t\t<meta name=\"twitter:creator\" content=\"@SoyMigrante_com\" \/>\n\t\t<meta name=\"twitter:image\" content=\"https:\/\/soymigrante.com\/revista\/wp-content\/uploads\/2026\/03\/abogada-ana-gabriela-urizar-migrante-guatemalteca.jpg\" \/>\n\t\t<!-- All in One SEO Pro -->\r\n\t\t<title>Abogada explica fallo a favor de migrantes detenidos sin fianza<\/title>\n\n","aioseo_head_json":{"title":"Abogada explica fallo a favor de migrantes detenidos sin fianza","description":"Caso Maldonado Bautista abri\u00f3 oportunidad de audiencia ante juez y solicitud de fianza para migrantes detenidos. Abogada guatemalteca Ana Ur\u00edzar explica.","canonical_url":"https:\/\/soymigrante.com\/revista\/abogada-guatemalteca-explica-como-migrantes-detenidos-sin-fianza-podrian-beneficiarse-con-fallo-de-jueza\/","robots":"max-snippet:-1, max-image-preview:large, max-video-preview:-1","keywords":"","webmasterTools":{"miscellaneous":"&lt;link rel=\"preconnect\" href=\"https:\/\/fonts.googleapis.com\" crossorigin&gt;\n&lt;link rel=\"preconnect\" href=\"https:\/\/fonts.gstatic.com\" crossorigin&gt;"},"schema":null,"og:locale":"es_ES","og:site_name":"SoyMigrante.com REVISTA \u2013 Nuestra misi\u00f3n es reconocer y dignificar al migrante.","og:type":"article","og:title":"Abogada explica fallo a favor de migrantes detenidos sin fianza","og:description":"Caso Maldonado Bautista abri\u00f3 oportunidad de audiencia ante juez y solicitud de fianza para migrantes detenidos. Abogada guatemalteca Ana Ur\u00edzar explica.","og:url":"https:\/\/soymigrante.com\/revista\/abogada-guatemalteca-explica-como-migrantes-detenidos-sin-fianza-podrian-beneficiarse-con-fallo-de-jueza\/","og:image":"https:\/\/soymigrante.com\/revista\/wp-content\/uploads\/2026\/03\/abogada-ana-gabriela-urizar-migrante-guatemalteca.jpg","og:image:secure_url":"https:\/\/soymigrante.com\/revista\/wp-content\/uploads\/2026\/03\/abogada-ana-gabriela-urizar-migrante-guatemalteca.jpg","og:image:width":670,"og:image:height":670,"article:published_time":"2026-03-23T19:32:33+00:00","article:modified_time":"2026-03-23T19:33:24+00:00","article:publisher":"https:\/\/www.facebook.com\/soymigrantecom","twitter:card":"summary_large_image","twitter:site":"@SoyMigrante_com","twitter:title":"Abogada explica fallo a favor de migrantes detenidos sin fianza","twitter:description":"Caso Maldonado Bautista abri\u00f3 oportunidad de audiencia ante juez y solicitud de fianza para migrantes detenidos. Abogada guatemalteca Ana Ur\u00edzar explica.","twitter:creator":"@SoyMigrante_com","twitter:image":"https:\/\/soymigrante.com\/revista\/wp-content\/uploads\/2026\/03\/abogada-ana-gabriela-urizar-migrante-guatemalteca.jpg"},"aioseo_meta_data":{"post_id":"3022","title":"Escultor del Monumento al Migrante en Salcaj\u00e1 explica detalles","description":"Artista Eduardo Sac erigi\u00f3 en 2010 el m\u00e1s famoso monumento a los migrantes guatemaltecos en Salcaj\u00e1, Quetzaltenango: cuenta el proceso de su elaboraci\u00f3n.","keywords":null,"keyphrases":{"focus":{"keyphrase":"migrante","score":82,"analysis":{"keyphraseInTitle":{"score":9,"maxScore":9,"error":0},"keyphraseInDescription":{"score":3,"maxScore":9,"error":1},"keyphraseLength":{"score":9,"maxScore":9,"error":0,"length":1},"keyphraseInURL":{"score":5,"maxScore":5,"error":0},"keyphraseInIntroduction":{"score":9,"maxScore":9,"error":0},"keyphraseInSubHeadings":{"score":3,"maxScore":9,"error":1},"keyphraseInImageAlt":{"score":9,"maxScore":9,"error":0},"keywordDensity":{"type":"best","score":9,"maxScore":9,"error":0}}},"additional":[]},"primary_term":null,"canonical_url":null,"og_title":null,"og_description":null,"og_object_type":"default","og_image_type":"default","og_image_url":null,"og_image_width":null,"og_image_height":null,"og_image_custom_url":null,"og_image_custom_fields":null,"og_video":"","og_custom_url":null,"og_article_section":null,"og_article_tags":null,"twitter_use_og":false,"twitter_card":"default","twitter_image_type":"default","twitter_image_url":null,"twitter_image_custom_url":null,"twitter_image_custom_fields":null,"twitter_title":null,"twitter_description":null,"schema":{"blockGraphs":[],"customGraphs":[],"default":{"data":{"Article":[],"Course":[],"Dataset":[],"FAQPage":[],"Movie":[],"Person":[],"Product":[],"ProductReview":[],"Car":[],"Recipe":[],"Service":[],"SoftwareApplication":[],"WebPage":[]},"graphName":"NewsArticle","isEnabled":true},"graphs":[]},"schema_type":"default","schema_type_options":null,"pillar_content":false,"robots_default":true,"robots_noindex":false,"robots_noarchive":false,"robots_nosnippet":false,"robots_nofollow":false,"robots_noimageindex":false,"robots_noodp":false,"robots_notranslate":false,"robots_max_snippet":"-1","robots_max_videopreview":"-1","robots_max_imagepreview":"large","priority":null,"frequency":"default","local_seo":null,"seo_analyzer_scan_date":"2026-04-24 14:07:12","breadcrumb_settings":null,"limit_modified_date":false,"reviewed_by":"0","open_ai":null,"ai":{"faqs":[],"keyPoints":[],"titles":[],"descriptions":[],"socialPosts":{"email":[],"linkedin":[],"twitter":[],"facebook":[],"instagram":[]}},"created":"2023-10-19 06:53:05","updated":"2026-04-24 14:07:12"},"aioseo_breadcrumb":"<div class=\"aioseo-breadcrumbs\"><span class=\"aioseo-breadcrumb\">\n\t<a href=\"https:\/\/soymigrante.com\/revista\" title=\"Home\">Home<\/a>\n<\/span><span class=\"aioseo-breadcrumb-separator\">\u00bb<\/span><span class=\"aioseo-breadcrumb\">\n\t<a href=\"https:\/\/soymigrante.com\/revista\/category\/guate-nuestra\/\" title=\"Guate Nuestra\">Guate Nuestra<\/a>\n<\/span><span class=\"aioseo-breadcrumb-separator\">\u00bb<\/span><span class=\"aioseo-breadcrumb\">\n\tSignificado y detalles del monumento al Migrante en Salcaj\u00e1, explicados por su  autor, Eduardo Sac\n<\/span><\/div>","aioseo_breadcrumb_json":[{"label":"Home","link":"https:\/\/soymigrante.com\/revista"},{"label":"Guate Nuestra","link":"https:\/\/soymigrante.com\/revista\/category\/guate-nuestra\/"},{"label":"Significado y detalles del monumento al Migrante en Salcaj\u00e1, explicados por su  autor, Eduardo Sac","link":"https:\/\/soymigrante.com\/revista\/escultor-del-monumento-al-migrante-cuenta-los-detalles-13-anos-despues\/"}],"_links":{"self":[{"href":"https:\/\/soymigrante.com\/revista\/wp-json\/wp\/v2\/posts\/3022","targetHints":{"allow":["GET"]}}],"collection":[{"href":"https:\/\/soymigrante.com\/revista\/wp-json\/wp\/v2\/posts"}],"about":[{"href":"https:\/\/soymigrante.com\/revista\/wp-json\/wp\/v2\/types\/post"}],"author":[{"embeddable":true,"href":"https:\/\/soymigrante.com\/revista\/wp-json\/wp\/v2\/users\/10"}],"replies":[{"embeddable":true,"href":"https:\/\/soymigrante.com\/revista\/wp-json\/wp\/v2\/comments?post=3022"}],"version-history":[{"count":5,"href":"https:\/\/soymigrante.com\/revista\/wp-json\/wp\/v2\/posts\/3022\/revisions"}],"predecessor-version":[{"id":54120,"href":"https:\/\/soymigrante.com\/revista\/wp-json\/wp\/v2\/posts\/3022\/revisions\/54120"}],"wp:featuredmedia":[{"embeddable":true,"href":"https:\/\/soymigrante.com\/revista\/wp-json\/wp\/v2\/media\/3264"}],"wp:attachment":[{"href":"https:\/\/soymigrante.com\/revista\/wp-json\/wp\/v2\/media?parent=3022"}],"wp:term":[{"taxonomy":"category","embeddable":true,"href":"https:\/\/soymigrante.com\/revista\/wp-json\/wp\/v2\/categories?post=3022"},{"taxonomy":"post_tag","embeddable":true,"href":"https:\/\/soymigrante.com\/revista\/wp-json\/wp\/v2\/tags?post=3022"}],"curies":[{"name":"wp","href":"https:\/\/api.w.org\/{rel}","templated":true}]}}