{"id":30052,"date":"2025-04-03T18:31:50","date_gmt":"2025-04-04T00:31:50","guid":{"rendered":"https:\/\/soymigrante.com\/revista\/?p=30052"},"modified":"2025-04-03T18:34:02","modified_gmt":"2025-04-04T00:34:02","slug":"marcos-antil-habla-acerca-de-su-libro-autobiografico-migrante-en-noticiero-telemundo","status":"publish","type":"post","link":"https:\/\/soymigrante.com\/revista\/marcos-antil-habla-acerca-de-su-libro-autobiografico-migrante-en-noticiero-telemundo\/","title":{"rendered":"Marcos Antil habla acerca de su libro autobiogr\u00e1fico Migrante, en noticiero Telemundo"},"content":{"rendered":"\t\t<div data-elementor-type=\"wp-post\" data-elementor-id=\"30052\" class=\"elementor elementor-30052\" data-elementor-post-type=\"post\">\n\t\t\t\t<div data-particle_enable=\"false\" data-particle-mobile-disabled=\"false\" class=\"elementor-element elementor-element-7bba971 e-flex e-con-boxed e-con e-parent\" data-id=\"7bba971\" data-element_type=\"container\" data-e-type=\"container\">\n\t\t\t\t\t<div class=\"e-con-inner\">\n\t\t\t\t<div class=\"elementor-element elementor-element-b06ddb8 elementor-widget elementor-widget-heading\" data-id=\"b06ddb8\" data-element_type=\"widget\" data-e-type=\"widget\" data-widget_type=\"heading.default\">\n\t\t\t\t\t<h2 class=\"elementor-heading-title elementor-size-default\">El emprendedor tecnol\u00f3gico Marcos Antil comparti\u00f3 su historia de superaci\u00f3n, plasmada en su libro autobiogr\u00e1fico Migrante, en el canal internacional Telemundo, de  Estados Unidos. <\/h2>\t\t\t\t<\/div>\n\t\t\t\t\t<\/div>\n\t\t\t\t<\/div>\n\t\t<div data-particle_enable=\"false\" data-particle-mobile-disabled=\"false\" class=\"elementor-element elementor-element-198891f e-flex e-con-boxed e-con e-parent\" data-id=\"198891f\" data-element_type=\"container\" data-e-type=\"container\">\n\t\t\t\t\t<div class=\"e-con-inner\">\n\t\t\t\t<div class=\"elementor-element elementor-element-60922c6 elementor-widget elementor-widget-text-editor\" data-id=\"60922c6\" data-element_type=\"widget\" data-e-type=\"widget\" data-widget_type=\"text-editor.default\">\n\t\t\t\t\t\t\t\t\t<p>El emprendedor digital maya q&#8217;anjob&#8217;al guatemalteco <a href=\"https:\/\/marcosantil.com\/mi-historia\/\" target=\"_blank\" rel=\"noopener\">Marcos Antil<\/a> present\u00f3 su libro Migrante en una entrevista en el noticiero Ahora de Telemundo, donde comparti\u00f3 detalles sobre su traves\u00eda desde Guatemala hasta Estados Unidos, su incursi\u00f3n en el mundo tecnol\u00f3gico y su experiencia como emprendedor digital.<\/p>\n<p>Marcos Antil, quien es el CEO de la plataforma en l\u00ednea <a href=\"https:\/\/soymigrante.com\/revista\/\" target=\"_blank\" rel=\"noopener\">SoyMigrante.com<\/a>, ha sido un referente para la comunidad migrante, destac\u00e1ndose por su visi\u00f3n innovadora y su compromiso con el desarrollo tecnol\u00f3gico, pero tambi\u00e9n con la educaci\u00f3n en \u00e1reas rurales de Guatemala, a trav\u00e9s de su proyecto Caf\u00e9 con Causa. Actualmente tambi\u00e9n impulsa y apoya a los emprendedores rurales a trav\u00e9s de <a href=\"https:\/\/soymigrante.com\/mercado\/\">SoyMigrante.com MERCADO.<\/a><\/p>\n<p>Durante la entrevista, <a href=\"https:\/\/marcosantil.com\/mi-historia\/\" target=\"_blank\" rel=\"noopener\">Antil relat\u00f3 c\u00f3mo su infancia en Santa Eulalia, comunidad ind\u00edgena de Guatemala<\/a> estuvo marcada por la pobreza y la falta de oportunidades. Emigr\u00f3 a Estados Unidos junto con su familia, a causa del conflicto armado interno de Guatemala. Enfrent\u00f3 las barreras del idioma y la adaptaci\u00f3n a una nueva cultura. Su historia es un reflejo de la lucha y perseverancia de millones de migrantes que buscan un mejor futuro.<\/p>\t\t\t\t\t\t\t\t<\/div>\n\t\t\t\t\t<\/div>\n\t\t\t\t<\/div>\n\t\t<div data-particle_enable=\"false\" data-particle-mobile-disabled=\"false\" class=\"elementor-element elementor-element-a1db310 e-flex e-con-boxed e-con e-parent\" data-id=\"a1db310\" data-element_type=\"container\" data-e-type=\"container\">\n\t\t\t\t\t<div class=\"e-con-inner\">\n\t\t\t\t<div class=\"elementor-element elementor-element-2ab7df8 elementor-widget elementor-widget-video\" data-id=\"2ab7df8\" data-element_type=\"widget\" data-e-type=\"widget\" data-settings=\"{&quot;youtube_url&quot;:&quot;https:\\\/\\\/www.youtube.com\\\/watch?v=zofx9r5z4Fw&quot;,&quot;video_type&quot;:&quot;youtube&quot;,&quot;controls&quot;:&quot;yes&quot;}\" data-widget_type=\"video.default\">\n\t\t\t\t\t\t\t<div class=\"elementor-wrapper elementor-open-inline\">\n\t\t\t<div class=\"elementor-video\"><\/div>\t\t<\/div>\n\t\t\t\t\t\t<\/div>\n\t\t\t\t\t<\/div>\n\t\t\t\t<\/div>\n\t\t<div data-particle_enable=\"false\" data-particle-mobile-disabled=\"false\" class=\"elementor-element elementor-element-e7db267 e-flex e-con-boxed e-con e-parent\" data-id=\"e7db267\" data-element_type=\"container\" data-e-type=\"container\">\n\t\t\t\t\t<div class=\"e-con-inner\">\n\t\t\t\t<div class=\"elementor-element elementor-element-4e5f4d5 elementor-widget elementor-widget-heading\" data-id=\"4e5f4d5\" data-element_type=\"widget\" data-e-type=\"widget\" data-widget_type=\"heading.default\">\n\t\t\t\t\t<h3 class=\"elementor-heading-title elementor-size-default\">Un testimonio de que nada es imposible en la vida<\/h3>\t\t\t\t<\/div>\n\t\t\t\t\t<\/div>\n\t\t\t\t<\/div>\n\t\t<div data-particle_enable=\"false\" data-particle-mobile-disabled=\"false\" class=\"elementor-element elementor-element-42887e3 e-flex e-con-boxed e-con e-parent\" data-id=\"42887e3\" data-element_type=\"container\" data-e-type=\"container\">\n\t\t\t\t\t<div class=\"e-con-inner\">\n\t\t\t\t<div class=\"elementor-element elementor-element-f30ed78 elementor-widget elementor-widget-text-editor\" data-id=\"f30ed78\" data-element_type=\"widget\" data-e-type=\"widget\" data-widget_type=\"text-editor.default\">\n\t\t\t\t\t\t\t\t\t<p><a href=\"https:\/\/marcosantil.com\/mi-historia\/\" target=\"_blank\" rel=\"noopener\">&#8220;Migrante&#8221;<\/a> es una obra autobiogr\u00e1fica en la que <a href=\"https:\/\/marcosantil.com\/mi-historia\/\" target=\"_blank\" rel=\"noopener\">Marcos Antil<\/a> narra su vida desde su ni\u00f1ez en Guatemala hasta convertirse en un exitoso empresario en Estados Unidos. <a href=\"https:\/\/marcosantil.com\/mi-historia\/\" target=\"_blank\" rel=\"noopener\">El libro est\u00e1 lleno de reflexiones sobre el esfuerzo<\/a>, la educaci\u00f3n y el papel fundamental de la tecnolog\u00eda en su desarrollo profesional.<\/p><p>En sus p\u00e1ginas, el autor describe los desaf\u00edos que enfrent\u00f3 al llegar a un pa\u00eds donde no hablaba ingl\u00e9s, la discriminaci\u00f3n que sufri\u00f3 y la forma en que convirti\u00f3 esos obst\u00e1culos en motivaci\u00f3n para superarse. Antil destaca la importancia de la educaci\u00f3n y la tecnolog\u00eda como herramientas clave para el crecimiento personal y profesional.<\/p><p><a href=\"https:\/\/marcosantil.com\/mi-historia\/\" target=\"_blank\" rel=\"noopener\">El libro tambi\u00e9n aborda el proceso de fundar su empresa en el sector tecnol\u00f3gico<\/a>, desafiando las probabilidades y consolid\u00e1ndose como un referente en la industria. La historia de Antil no solo es un testimonio de superaci\u00f3n personal, sino tambi\u00e9n una fuente de inspiraci\u00f3n para miles de migrantes que buscan abrirse camino en el extranjero.<\/p>\t\t\t\t\t\t\t\t<\/div>\n\t\t\t\t\t<\/div>\n\t\t\t\t<\/div>\n\t\t<div data-particle_enable=\"false\" data-particle-mobile-disabled=\"false\" class=\"elementor-element elementor-element-92d5b70 e-flex e-con-boxed e-con e-parent\" data-id=\"92d5b70\" data-element_type=\"container\" data-e-type=\"container\">\n\t\t\t\t\t<div class=\"e-con-inner\">\n\t\t\t\t<div class=\"elementor-element elementor-element-8cbbd2b elementor-invisible elementor-widget elementor-widget-testimonial\" data-id=\"8cbbd2b\" data-element_type=\"widget\" data-e-type=\"widget\" data-settings=\"{&quot;_animation&quot;:&quot;rotateInUpRight&quot;}\" data-widget_type=\"testimonial.default\">\n\t\t\t\t\t\t\t<div class=\"elementor-testimonial-wrapper\">\n\t\t\t\t\t\t\t<div class=\"elementor-testimonial-content\"><b>\"Desde que llegu\u00e9 a EE.UU. a los 14 a\u00f1os, Telemundo era parte de mi hogar. Verme hoy ah\u00ed, compartiendo mi historia en el programa Noticias en Positivo con Claudia de la Fuente, fue un momento lleno de emoci\u00f3n.\nPresent\u00e9 mi libro autobiogr\u00e1fico \"Migrante\", donde comparto no solo mi historia, sino la de millones de migrantes como yo, nuestrar ra\u00edces mayas, esfuerzos y sue\u00f1os\"..\n<\/b><div><br><\/div><\/div>\n\t\t\t\n\t\t\t\t\t\t<div class=\"elementor-testimonial-meta elementor-has-image elementor-testimonial-image-position-aside\">\n\t\t\t\t<div class=\"elementor-testimonial-meta-inner\">\n\t\t\t\t\t\t\t\t\t\t\t<div class=\"elementor-testimonial-image\">\n\t\t\t\t\t\t\t<img fetchpriority=\"high\" decoding=\"async\" width=\"551\" height=\"530\" src=\"https:\/\/soymigrante.com\/revista\/wp-content\/uploads\/2025\/04\/marcos-antil-en-telemundo-2.webp\" class=\"attachment-full size-full wp-image-30103\" alt=\"Conversaci\u00f3n de un hombre durante una entrevista en el estudio, con un libro en la mesa.\" title=\"marcos antil en telemundo 2 \u2013 SoyMigrante.com REVISTA\" srcset=\"https:\/\/soymigrante.com\/revista\/wp-content\/uploads\/2025\/04\/marcos-antil-en-telemundo-2.webp 551w, https:\/\/soymigrante.com\/revista\/wp-content\/uploads\/2025\/04\/marcos-antil-en-telemundo-2-300x289.jpg 300w\" sizes=\"(max-width: 551px) 100vw, 551px\" \/>\t\t\t\t\t\t<\/div>\n\t\t\t\t\t\n\t\t\t\t\t\t\t\t\t\t<div class=\"elementor-testimonial-details\">\n\t\t\t\t\t\t\t\t\t\t\t\t\t\t<div class=\"elementor-testimonial-name\">Marcos Antil<\/div>\n\t\t\t\t\t\t\t\t\t\t\t\t\t\t\t\t\t\t\t\t\t\t<div class=\"elementor-testimonial-job\">Emprendedor tecnol\u00f3gico \nmaya q'anjob'al<\/div>\n\t\t\t\t\t\t\t\t\t\t\t\t\t<\/div>\n\t\t\t\t\t\t\t\t\t<\/div>\n\t\t\t<\/div>\n\t\t\t\t\t<\/div>\n\t\t\t\t\t\t<\/div>\n\t\t\t\t\t<\/div>\n\t\t\t\t<\/div>\n\t\t<div data-particle_enable=\"false\" data-particle-mobile-disabled=\"false\" class=\"elementor-element elementor-element-d760413 e-flex e-con-boxed e-con e-parent\" data-id=\"d760413\" data-element_type=\"container\" data-e-type=\"container\">\n\t\t\t\t\t<div class=\"e-con-inner\">\n\t\t\t\t<div class=\"elementor-element elementor-element-0321545 elementor-widget elementor-widget-heading\" data-id=\"0321545\" data-element_type=\"widget\" data-e-type=\"widget\" data-widget_type=\"heading.default\">\n\t\t\t\t\t<h3 class=\"elementor-heading-title elementor-size-default\">Disponibilidad del libro y su impacto en la comunidad\n<\/h3>\t\t\t\t<\/div>\n\t\t\t\t\t<\/div>\n\t\t\t\t<\/div>\n\t\t<div data-particle_enable=\"false\" data-particle-mobile-disabled=\"false\" class=\"elementor-element elementor-element-b3232a3 e-flex e-con-boxed e-con e-parent\" data-id=\"b3232a3\" data-element_type=\"container\" data-e-type=\"container\">\n\t\t\t\t\t<div class=\"e-con-inner\">\n\t\t\t\t<div class=\"elementor-element elementor-element-61b57a1 elementor-widget elementor-widget-text-editor\" data-id=\"61b57a1\" data-element_type=\"widget\" data-e-type=\"widget\" data-widget_type=\"text-editor.default\">\n\t\t\t\t\t\t\t\t\t<p><a href=\"https:\/\/marcosantil.com\/mi-historia\/\" target=\"_blank\" rel=\"noopener\">&#8220;Migrante&#8221;<\/a> est\u00e1 disponible en librer\u00edas de Estados Unidos y Guatemala, as\u00ed como en plataformas digitales como Amazon, Barnes &amp; Noble y <a href=\"https:\/\/soymigrante.com\/mercado\/\" target=\"_blank\" rel=\"noopener\">SoyMigrante.comMercad<\/a>o. La accesibilidad de la obra permite que tanto migrantes como personas interesadas en conocer m\u00e1s sobre la experiencia de la migraci\u00f3n puedan leerla y reflexionar sobre los retos que enfrentan quienes dejan su pa\u00eds en busca de nuevas oportunidades.<\/p><p><a href=\"https:\/\/marcosantil.com\/mi-historia\/\" target=\"_blank\" rel=\"noopener\">El impacto del libro ha sido significativo dentro de la comunidad latina en Estados Unidos<\/a>. Muchos migrantes se identifican con la historia de Antil y encuentran en su relato una fuente de motivaci\u00f3n para seguir adelante. Adem\u00e1s, el autor ha participado en distintas charlas y conferencias donde promueve la importancia de la educaci\u00f3n y la tecnolog\u00eda en la vida de los migrantes.<\/p>\t\t\t\t\t\t\t\t<\/div>\n\t\t\t\t\t<\/div>\n\t\t\t\t<\/div>\n\t\t<div data-particle_enable=\"false\" data-particle-mobile-disabled=\"false\" class=\"elementor-element elementor-element-ae61632 e-flex e-con-boxed e-con e-parent\" data-id=\"ae61632\" data-element_type=\"container\" data-e-type=\"container\">\n\t\t\t\t\t<div class=\"e-con-inner\">\n\t\t\t\t<div class=\"elementor-element elementor-element-82194e6 elementor-widget elementor-widget-image\" data-id=\"82194e6\" data-element_type=\"widget\" data-e-type=\"widget\" data-widget_type=\"image.default\">\n\t\t\t\t\t\t\t\t\t\t\t\t<figure class=\"wp-caption\">\n\t\t\t\t\t\t\t\t\t\t<img decoding=\"async\" width=\"768\" height=\"320\" src=\"https:\/\/soymigrante.com\/revista\/wp-content\/uploads\/2025\/04\/ENTREVISTA-MERCOS-ANTIL-TELEMUNDO-1024x426.jpg\" class=\"attachment-large size-large wp-image-30104\" alt=\"Especificidades sobre migrantes en la revista SoyMigrante.com, con temas de integraci\u00f3n, derechos y experiencias en la cobertura de noticias y an\u00e1lisis actuales.\" srcset=\"https:\/\/soymigrante.com\/revista\/wp-content\/uploads\/2025\/04\/ENTREVISTA-MERCOS-ANTIL-TELEMUNDO-1024x426.jpg 1024w, https:\/\/soymigrante.com\/revista\/wp-content\/uploads\/2025\/04\/ENTREVISTA-MERCOS-ANTIL-TELEMUNDO-300x125.jpg 300w, https:\/\/soymigrante.com\/revista\/wp-content\/uploads\/2025\/04\/ENTREVISTA-MERCOS-ANTIL-TELEMUNDO-768x320.jpg 768w, https:\/\/soymigrante.com\/revista\/wp-content\/uploads\/2025\/04\/ENTREVISTA-MERCOS-ANTIL-TELEMUNDO-750x312.webp 750w, https:\/\/soymigrante.com\/revista\/wp-content\/uploads\/2025\/04\/ENTREVISTA-MERCOS-ANTIL-TELEMUNDO.webp 1043w\" sizes=\"(max-width: 768px) 100vw, 768px\" title=\"Durante la entrevista Marcos Antil comparti\u00f3  detalles de su carrera tecnol\u00f3gica y tambi\u00e9n de su impulso al desarrollo en su natal Guatemala. \u2013 SoyMigrante.com REVISTA\" \/>\t\t\t\t\t\t\t\t\t\t\t<figcaption class=\"widget-image-caption wp-caption-text\">Entrevista en vivo en SoyMigrante.com REVISTA, enfocada en temas de migrantes, derechos humanos, integraci\u00f3n y actualidad migratoria en un set de noticias.<\/figcaption>\n\t\t\t\t\t\t\t\t\t\t<\/figure>\n\t\t\t\t\t\t\t\t\t<\/div>\n\t\t\t\t\t<\/div>\n\t\t\t\t<\/div>\n\t\t<div data-particle_enable=\"false\" data-particle-mobile-disabled=\"false\" class=\"elementor-element elementor-element-7a1a36a e-flex e-con-boxed e-con e-parent\" data-id=\"7a1a36a\" data-element_type=\"container\" data-e-type=\"container\">\n\t\t\t\t\t<div class=\"e-con-inner\">\n\t\t\t\t<div class=\"elementor-element elementor-element-be8a1d9 elementor-widget elementor-widget-heading\" data-id=\"be8a1d9\" data-element_type=\"widget\" data-e-type=\"widget\" data-widget_type=\"heading.default\">\n\t\t\t\t\t<h3 class=\"elementor-heading-title elementor-size-default\">Un empresario comprometido con la comunidad migrante<\/h3>\t\t\t\t<\/div>\n\t\t\t\t\t<\/div>\n\t\t\t\t<\/div>\n\t\t<div data-particle_enable=\"false\" data-particle-mobile-disabled=\"false\" class=\"elementor-element elementor-element-3bb5c01 e-flex e-con-boxed e-con e-parent\" data-id=\"3bb5c01\" data-element_type=\"container\" data-e-type=\"container\">\n\t\t\t\t\t<div class=\"e-con-inner\">\n\t\t\t\t<div class=\"elementor-element elementor-element-2750f6f elementor-widget elementor-widget-text-editor\" data-id=\"2750f6f\" data-element_type=\"widget\" data-e-type=\"widget\" data-widget_type=\"text-editor.default\">\n\t\t\t\t\t\t\t\t\t<p>Adem\u00e1s de ser escritor y empresario,<a href=\"https:\/\/marcosantil.com\/mi-historia\/\" target=\"_blank\" rel=\"noopener\"> Marcos Antil<\/a> es el CEO de <a href=\"https:\/\/soymigrante.com\/revista\/\" target=\"_blank\" rel=\"noopener\">SoyMigrante.com<\/a>, una plataforma en l\u00ednea que ofrece informaci\u00f3n y recursos para la comunidad migrante. A trav\u00e9s de esta iniciativa, Antil busca brindar apoyo y orientaci\u00f3n a quienes llegan a Estados Unidos, ayud\u00e1ndolos a integrarse y a encontrar oportunidades de crecimiento.<\/p><p>Con <a href=\"https:\/\/soymigrante.com\/revista\/\" target=\"_blank\" rel=\"noopener\">SoyMigrante.com<\/a>, Antil ha creado un espacio donde los migrantes pueden compartir experiencias, acceder a herramientas educativas y conocer opciones para mejorar su calidad de vida en el extranjero. Su compromiso con la comunidad lo ha convertido en un l\u00edder influyente y en una voz que representa las aspiraciones de muchos.<\/p>\t\t\t\t\t\t\t\t<\/div>\n\t\t\t\t\t<\/div>\n\t\t\t\t<\/div>\n\t\t<div data-particle_enable=\"false\" data-particle-mobile-disabled=\"false\" class=\"elementor-element elementor-element-b48fb59 e-flex e-con-boxed e-con e-parent\" data-id=\"b48fb59\" data-element_type=\"container\" data-e-type=\"container\">\n\t\t\t\t\t<div class=\"e-con-inner\">\n\t\t\t\t<div class=\"elementor-element elementor-element-b55a557 elementor-widget elementor-widget-image\" data-id=\"b55a557\" data-element_type=\"widget\" data-e-type=\"widget\" data-widget_type=\"image.default\">\n\t\t\t\t\t\t\t\t\t\t\t\t<figure class=\"wp-caption\">\n\t\t\t\t\t\t\t\t\t\t\t<a href=\"https:\/\/soymigrante.com\/mercado\/marketplace\/seller\/migrante\/products?srsltid=AfmBOooM6BPB6QifDfJK1x423pBMWt0ZZg4azkMg65A8bcwjEUdwg0E5\">\n\t\t\t\t\t\t\t<img decoding=\"async\" width=\"768\" height=\"449\" src=\"https:\/\/soymigrante.com\/revista\/wp-content\/uploads\/2024\/12\/libro-migrante-1024x598.png\" class=\"attachment-large size-large wp-image-17460\" alt=\"Libro Migrante autobiograf\u00eda Marcos Antil Soy migrante guatemalteco, historia de migraci\u00f3n, hijo, hermano, esposo, padre, emprendedor, ra\u00edces, testimonio, libro de migrante, autobiograf\u00eda.\" srcset=\"https:\/\/soymigrante.com\/revista\/wp-content\/uploads\/2024\/12\/libro-migrante-1024x598.png 1024w, https:\/\/soymigrante.com\/revista\/wp-content\/uploads\/2024\/12\/libro-migrante-300x175.png 300w, https:\/\/soymigrante.com\/revista\/wp-content\/uploads\/2024\/12\/libro-migrante-768x449.png 768w, https:\/\/soymigrante.com\/revista\/wp-content\/uploads\/2024\/12\/libro-migrante-750x438.webp 750w, https:\/\/soymigrante.com\/revista\/wp-content\/uploads\/2024\/12\/libro-migrante-1140x666.webp 1140w, https:\/\/soymigrante.com\/revista\/wp-content\/uploads\/2024\/12\/libro-migrante.webp 1279w\" sizes=\"(max-width: 768px) 100vw, 768px\" title=\"Los 7 libros guatemaltecos y sus valiosas ense\u00f1anzas \u2013 SoyMigrante.com REVISTA\" \/>\t\t\t\t\t\t\t\t<\/a>\n\t\t\t\t\t\t\t\t\t\t\t<figcaption class=\"widget-image-caption wp-caption-text\">El libro autobiogr\u00e1fico Migrante se encuentra disponible a trav\u00e9s de SoyMigrante.com MERCADO.<\/figcaption>\n\t\t\t\t\t\t\t\t\t\t<\/figure>\n\t\t\t\t\t\t\t\t\t<\/div>\n\t\t\t\t\t<\/div>\n\t\t\t\t<\/div>\n\t\t<div data-particle_enable=\"false\" data-particle-mobile-disabled=\"false\" class=\"elementor-element elementor-element-7687552 e-flex e-con-boxed e-con e-parent\" data-id=\"7687552\" data-element_type=\"container\" data-e-type=\"container\">\n\t\t\t\t\t<div class=\"e-con-inner\">\n\t\t\t\t<div class=\"elementor-element elementor-element-8c6c832 elementor-widget elementor-widget-text-editor\" data-id=\"8c6c832\" data-element_type=\"widget\" data-e-type=\"widget\" data-widget_type=\"text-editor.default\">\n\t\t\t\t\t\t\t\t\t<p>La presentaci\u00f3n de Migrante en Telemundo refuerza la importancia de contar historias de \u00e9xito dentro de la comunidad migrante. La historia de<a href=\"https:\/\/marcosantil.com\/mi-historia\/\" target=\"_blank\" rel=\"noopener\"> Marcos Antil<\/a> es un testimonio de que, con esfuerzo y determinaci\u00f3n, es posible superar las adversidades y alcanzar el \u00e9xito.<\/p>\t\t\t\t\t\t\t\t<\/div>\n\t\t\t\t\t<\/div>\n\t\t\t\t<\/div>\n\t\t<div data-particle_enable=\"false\" data-particle-mobile-disabled=\"false\" class=\"elementor-element elementor-element-f5321b9 e-flex e-con-boxed e-con e-parent\" data-id=\"f5321b9\" data-element_type=\"container\" data-e-type=\"container\">\n\t\t\t\t\t<div class=\"e-con-inner\">\n\t\t\t\t<div class=\"elementor-element elementor-element-616e9c2 elementor-widget elementor-widget-heading\" data-id=\"616e9c2\" data-element_type=\"widget\" data-e-type=\"widget\" data-widget_type=\"heading.default\">\n\t\t\t\t\t<h2 class=\"elementor-heading-title elementor-size-default\">Conoce m\u00e1s de Marcos Antil, ac\u00e1...<\/h2>\t\t\t\t<\/div>\n\t\t\t\t\t<\/div>\n\t\t\t\t<\/div>\n\t\t<div data-particle_enable=\"false\" data-particle-mobile-disabled=\"false\" class=\"elementor-element elementor-element-760abfb e-flex e-con-boxed e-con e-parent\" data-id=\"760abfb\" data-element_type=\"container\" data-e-type=\"container\">\n\t\t\t\t\t<div class=\"e-con-inner\">\n\t\t\t\t<div class=\"elementor-element elementor-element-581873a elementor-grid-eael-col-3 elementor-grid-tablet-eael-col-2 elementor-grid-mobile-eael-col-1 elementor-widget elementor-widget-eael-post-grid\" data-id=\"581873a\" data-element_type=\"widget\" data-e-type=\"widget\" data-settings=\"{&quot;eael_post_grid_columns&quot;:&quot;eael-col-3&quot;,&quot;eael_post_grid_columns_tablet&quot;:&quot;eael-col-2&quot;,&quot;eael_post_grid_columns_mobile&quot;:&quot;eael-col-1&quot;}\" data-widget_type=\"eael-post-grid.default\">\n\t\t\t\t\t<div id=\"eael-post-grid-581873a\" class=\"eael-post-grid-container\">\n            <div class=\"eael-post-grid eael-post-appender eael-post-appender-581873a eael-post-grid-style-one\" data-layout-mode=\"masonry\"><article class=\"eael-grid-post  eael-post-grid-column eael-pg-post-29515 category-estamos-unidos\" data-id=\"29515\">\n        <div class=\"eael-grid-post-holder\">\n            <div class=\"eael-grid-post-holder-inner\"><div class=\"eael-entry-media\"><div class=\"eael-entry-overlay fade-in\"><i class=\"far fa-hand-pointer\" aria-hidden=\"true\"><\/i><a href=\"https:\/\/soymigrante.com\/revista\/asi-fue-la-presentacion-del-libro-immigrant-de-marcos-antil-en-la-biblioteca-de-penn-yan-ny\/\"><\/a><\/div><div class=\"eael-entry-thumbnail \">\n                <img loading=\"lazy\" decoding=\"async\" width=\"1024\" height=\"1024\" src=\"https:\/\/soymigrante.com\/revista\/wp-content\/uploads\/2025\/03\/libro-migrante-marcos-antil-penn-yan-NY-1-1024x1024.jpg\" class=\"attachment-large size-large wp-image-29516\" alt=\"Autoras y autores en una lectura de la revista SoyMigrante.com REVISTA en una iglesia con vitrales coloridos al fondo.\" srcset=\"https:\/\/soymigrante.com\/revista\/wp-content\/uploads\/2025\/03\/libro-migrante-marcos-antil-penn-yan-NY-1-1024x1024.jpg 1024w, https:\/\/soymigrante.com\/revista\/wp-content\/uploads\/2025\/03\/libro-migrante-marcos-antil-penn-yan-NY-1-300x300.jpg 300w, https:\/\/soymigrante.com\/revista\/wp-content\/uploads\/2025\/03\/libro-migrante-marcos-antil-penn-yan-NY-1-150x150.jpg 150w, https:\/\/soymigrante.com\/revista\/wp-content\/uploads\/2025\/03\/libro-migrante-marcos-antil-penn-yan-NY-1-768x768.jpg 768w, https:\/\/soymigrante.com\/revista\/wp-content\/uploads\/2025\/03\/libro-migrante-marcos-antil-penn-yan-NY-1-75x75.webp 75w, https:\/\/soymigrante.com\/revista\/wp-content\/uploads\/2025\/03\/libro-migrante-marcos-antil-penn-yan-NY-1-750x750.webp 750w, https:\/\/soymigrante.com\/revista\/wp-content\/uploads\/2025\/03\/libro-migrante-marcos-antil-penn-yan-NY-1-1140x1140.webp 1140w, https:\/\/soymigrante.com\/revista\/wp-content\/uploads\/2025\/03\/libro-migrante-marcos-antil-penn-yan-NY-1.webp 1200w\" sizes=\"(max-width: 1024px) 100vw, 1024px\" \/>\n            <\/div>\n        <\/div><div class=\"eael-entry-wrapper\"><header class=\"eael-entry-header\"><h2 class=\"eael-entry-title\"><a class=\"eael-grid-post-link\" href=\"https:\/\/soymigrante.com\/revista\/asi-fue-la-presentacion-del-libro-immigrant-de-marcos-antil-en-la-biblioteca-de-penn-yan-ny\/\" title=\"As\u00ed fue la presentaci\u00f3n del libro Immigrant de Marcos Antil en la biblioteca de Penn Yan, NY\">As\u00ed fue la presentaci\u00f3n del libro Immigrant de Marcos Antil en la biblioteca de Penn Yan, NY<\/a><\/h2><\/header><div class=\"eael-entry-content\">\n                        <div class=\"eael-grid-post-excerpt\"><a href=\"https:\/\/soymigrante.com\/revista\/asi-fue-la-presentacion-del-libro-immigrant-de-marcos-antil-en-la-biblioteca-de-penn-yan-ny\/\" class=\"eael-post-elements-readmore-btn\">CONOCE SU HISTORIA <\/a><\/div>\n                    <\/div><\/div><\/div>\n        <\/div>\n    <\/article><article class=\"eael-grid-post  eael-post-grid-column eael-pg-post-14060 category-guate-nuestra\" data-id=\"14060\">\n        <div class=\"eael-grid-post-holder\">\n            <div class=\"eael-grid-post-holder-inner\"><div class=\"eael-entry-media\"><div class=\"eael-entry-overlay fade-in\"><i class=\"far fa-hand-pointer\" aria-hidden=\"true\"><\/i><a href=\"https:\/\/soymigrante.com\/revista\/mercado-es-una-plataforma-abierta-a-todos-los-emprendedores-marcos-antil-en-disruptfest-2024\/\"><\/a><\/div><div class=\"eael-entry-thumbnail \">\n                <img loading=\"lazy\" decoding=\"async\" width=\"1024\" height=\"1024\" src=\"https:\/\/soymigrante.com\/revista\/wp-content\/uploads\/2024\/11\/marcos-antil-mercado-2-1-scaled-e1732291192264-1024x1024.webp\" class=\"attachment-large size-large wp-image-14055\" alt=\"Mercado en l\u00ednea para migrantes, promoviendo productos hechos a mano y personalizados en SoyMigrante.com REVISTA.\" srcset=\"https:\/\/soymigrante.com\/revista\/wp-content\/uploads\/2024\/11\/marcos-antil-mercado-2-1-scaled-e1732291192264-1024x1024.webp 1024w, https:\/\/soymigrante.com\/revista\/wp-content\/uploads\/2024\/11\/marcos-antil-mercado-2-1-scaled-e1732291192264-300x300.webp 300w, https:\/\/soymigrante.com\/revista\/wp-content\/uploads\/2024\/11\/marcos-antil-mercado-2-1-scaled-e1732291192264-150x150.webp 150w, https:\/\/soymigrante.com\/revista\/wp-content\/uploads\/2024\/11\/marcos-antil-mercado-2-1-scaled-e1732291192264-768x768.webp 768w, https:\/\/soymigrante.com\/revista\/wp-content\/uploads\/2024\/11\/marcos-antil-mercado-2-1-scaled-e1732291192264-75x75.webp 75w, https:\/\/soymigrante.com\/revista\/wp-content\/uploads\/2024\/11\/marcos-antil-mercado-2-1-scaled-e1732291192264-750x750.webp 750w, https:\/\/soymigrante.com\/revista\/wp-content\/uploads\/2024\/11\/marcos-antil-mercado-2-1-scaled-e1732291192264-1140x1140.webp 1140w, https:\/\/soymigrante.com\/revista\/wp-content\/uploads\/2024\/11\/marcos-antil-mercado-2-1-scaled-e1732291192264.webp 1280w\" sizes=\"(max-width: 1024px) 100vw, 1024px\" \/>\n            <\/div>\n        <\/div><div class=\"eael-entry-wrapper\"><header class=\"eael-entry-header\"><h2 class=\"eael-entry-title\"><a class=\"eael-grid-post-link\" href=\"https:\/\/soymigrante.com\/revista\/mercado-es-una-plataforma-abierta-a-todos-los-emprendedores-marcos-antil-en-disruptfest-2024\/\" title=\"&#8220;MERCADO es una plataforma abierta a todos los emprendedores&#8221;: Marcos Antil en DisruptFest 2024\">&#8220;MERCADO es una plataforma abierta a todos los emprendedores&#8221;: Marcos Antil en DisruptFest 2024<\/a><\/h2><\/header><div class=\"eael-entry-content\">\n                        <div class=\"eael-grid-post-excerpt\"><a href=\"https:\/\/soymigrante.com\/revista\/mercado-es-una-plataforma-abierta-a-todos-los-emprendedores-marcos-antil-en-disruptfest-2024\/\" class=\"eael-post-elements-readmore-btn\">CONOCE SU HISTORIA <\/a><\/div>\n                    <\/div><\/div><\/div>\n        <\/div>\n    <\/article><article class=\"eael-grid-post  eael-post-grid-column eael-pg-post-7866 category-estamos-unidos tags-agosto-9-dia-de-los-pueblos-indigenas\" data-id=\"7866\">\n        <div class=\"eael-grid-post-holder\">\n            <div class=\"eael-grid-post-holder-inner\"><div class=\"eael-entry-media\"><div class=\"eael-entry-overlay fade-in\"><i class=\"far fa-hand-pointer\" aria-hidden=\"true\"><\/i><a href=\"https:\/\/soymigrante.com\/revista\/emprendedor-tecnologico-marcos-antil-expone-sobre-desarrollo-indigena-y-migracion\/\"><\/a><\/div><div class=\"eael-entry-thumbnail \">\n                <img loading=\"lazy\" decoding=\"async\" width=\"517\" height=\"517\" src=\"https:\/\/soymigrante.com\/revista\/wp-content\/uploads\/2024\/08\/marcos-antil.webp\" class=\"attachment-large size-large wp-image-7869\" alt=\"Voz en\u00e9rgica de un conferencista latinoamericano en una reuni\u00f3n o seminario, destacando la participaci\u00f3n cultural y educativa en la revista SoyMigrante.com REVISTA.\" srcset=\"https:\/\/soymigrante.com\/revista\/wp-content\/uploads\/2024\/08\/marcos-antil.webp 517w, https:\/\/soymigrante.com\/revista\/wp-content\/uploads\/2024\/08\/marcos-antil-300x300.webp 300w, https:\/\/soymigrante.com\/revista\/wp-content\/uploads\/2024\/08\/marcos-antil-150x150.webp 150w, https:\/\/soymigrante.com\/revista\/wp-content\/uploads\/2024\/08\/marcos-antil-75x75.webp 75w\" sizes=\"(max-width: 517px) 100vw, 517px\" \/>\n            <\/div>\n        <\/div><div class=\"eael-entry-wrapper\"><header class=\"eael-entry-header\"><h2 class=\"eael-entry-title\"><a class=\"eael-grid-post-link\" href=\"https:\/\/soymigrante.com\/revista\/emprendedor-tecnologico-marcos-antil-expone-sobre-desarrollo-indigena-y-migracion\/\" title=\"Emprendedor tecnol\u00f3gico Marcos Antil expone sobre desarrollo ind\u00edgena y migraci\u00f3n\">Emprendedor tecnol\u00f3gico Marcos Antil expone sobre desarrollo ind\u00edgena y migraci\u00f3n<\/a><\/h2><\/header><div class=\"eael-entry-content\">\n                        <div class=\"eael-grid-post-excerpt\"><a href=\"https:\/\/soymigrante.com\/revista\/emprendedor-tecnologico-marcos-antil-expone-sobre-desarrollo-indigena-y-migracion\/\" class=\"eael-post-elements-readmore-btn\">CONOCE SU HISTORIA <\/a><\/div>\n                    <\/div><\/div><\/div>\n        <\/div>\n    <\/article><\/div>\n            <div class=\"clearfix\"><\/div>\n        <\/div>\t\t\t\t<\/div>\n\t\t\t\t\t<\/div>\n\t\t\t\t<\/div>\n\t\t\t\t<\/div>\n\t\t","protected":false},"excerpt":{"rendered":"<p>El emprendedor tecnol\u00f3gico Marcos Antil comparti\u00f3 su historia de superaci\u00f3n, plasmada en su libro autobiogr\u00e1fico Migrante, en el canal internacional Telemundo, de Estados Unidos. El emprendedor digital maya q&#8217;anjob&#8217;al guatemalteco Marcos Antil present\u00f3 su libro Migrante en una entrevista en el noticiero Ahora de Telemundo, donde comparti\u00f3 detalles sobre su traves\u00eda desde Guatemala hasta Estados [&hellip;]<\/p>\n","protected":false},"author":19,"featured_media":30060,"comment_status":"open","ping_status":"open","sticky":false,"template":"","format":"standard","meta":{"_acf_changed":false,"_eb_attr":"","footnotes":""},"categories":[58],"tags":[],"class_list":["post-30052","post","type-post","status-publish","format-standard","has-post-thumbnail","hentry","category-guate-nuestra"],"acf":[],"aioseo_notices":[],"aioseo_head":"\n\t\t<!-- All in One SEO Pro 4.9.6.2 - aioseo.com -->\n\t<meta name=\"description\" content=\"Migrante y empresario digital propone generar v\u00edas para integrar a migrantes guatemaltecos con emprendedores guatemaltecos para generar oportunidades locales\" \/>\n\t<meta name=\"robots\" content=\"max-snippet:-1, max-image-preview:large, max-video-preview:-1\" \/>\n\t<meta name=\"author\" content=\"Gustavo Montenegro\"\/>\n\t<link rel=\"canonical\" href=\"https:\/\/soymigrante.com\/revista\/emprendedor-tecnologico-marcos-antil-expone-sobre-desarrollo-indigena-y-migracion\/\" \/>\n\t<meta name=\"generator\" content=\"All in One SEO Pro (AIOSEO) 4.9.6.2\" \/>\n\n\t\t<link rel=\"preconnect\" href=\"https:\/\/fonts.googleapis.com\" crossorigin>\n<link rel=\"preconnect\" href=\"https:\/\/fonts.gstatic.com\" crossorigin>\n\t\t<meta property=\"og:locale\" content=\"es_ES\" \/>\n\t\t<meta property=\"og:site_name\" content=\"SoyMigrante.com REVISTA \u2013 Nuestra misi\u00f3n es reconocer y dignificar al migrante.\" \/>\n\t\t<meta property=\"og:type\" content=\"article\" \/>\n\t\t<meta property=\"og:title\" content=\"Empresario digital Marcos Antil expone sobre desarrollo ind\u00edgena y migraci\u00f3n\" \/>\n\t\t<meta property=\"og:description\" content=\"Migrante y empresario digital propone generar v\u00edas para integrar a migrantes guatemaltecos con emprendedores guatemaltecos para generar oportunidades locales\" \/>\n\t\t<meta property=\"og:url\" content=\"https:\/\/soymigrante.com\/revista\/emprendedor-tecnologico-marcos-antil-expone-sobre-desarrollo-indigena-y-migracion\/\" \/>\n\t\t<meta property=\"og:image\" content=\"https:\/\/soymigrante.com\/revista\/wp-content\/uploads\/2024\/08\/marcos-antil.webp\" \/>\n\t\t<meta property=\"og:image:secure_url\" content=\"https:\/\/soymigrante.com\/revista\/wp-content\/uploads\/2024\/08\/marcos-antil.webp\" \/>\n\t\t<meta property=\"og:image:width\" content=\"517\" \/>\n\t\t<meta property=\"og:image:height\" content=\"517\" \/>\n\t\t<meta property=\"article:published_time\" content=\"2024-08-07T22:26:16+00:00\" \/>\n\t\t<meta property=\"article:modified_time\" content=\"2024-11-01T08:08:24+00:00\" \/>\n\t\t<meta property=\"article:publisher\" content=\"https:\/\/www.facebook.com\/soymigrantecom\" \/>\n\t\t<meta name=\"twitter:card\" content=\"summary_large_image\" \/>\n\t\t<meta name=\"twitter:site\" content=\"@SoyMigrante_com\" \/>\n\t\t<meta name=\"twitter:title\" content=\"Empresario digital Marcos Antil expone sobre desarrollo ind\u00edgena y migraci\u00f3n\" \/>\n\t\t<meta name=\"twitter:description\" content=\"Migrante y empresario digital propone generar v\u00edas para integrar a migrantes guatemaltecos con emprendedores guatemaltecos para generar oportunidades locales\" \/>\n\t\t<meta name=\"twitter:creator\" content=\"@SoyMigrante_com\" \/>\n\t\t<meta name=\"twitter:image\" content=\"https:\/\/soymigrante.com\/revista\/wp-content\/uploads\/2024\/08\/marcos-antil.webp\" \/>\n\t\t<!-- All in One SEO Pro -->\r\n\t\t<title>Empresario digital Marcos Antil expone sobre desarrollo ind\u00edgena y migraci\u00f3n<\/title>\n\n","aioseo_head_json":{"title":"Empresario digital Marcos Antil expone sobre desarrollo ind\u00edgena y migraci\u00f3n","description":"Migrante y empresario digital propone generar v\u00edas para integrar a migrantes guatemaltecos con emprendedores guatemaltecos para generar oportunidades locales","canonical_url":"https:\/\/soymigrante.com\/revista\/emprendedor-tecnologico-marcos-antil-expone-sobre-desarrollo-indigena-y-migracion\/","robots":"max-snippet:-1, max-image-preview:large, max-video-preview:-1","keywords":"","webmasterTools":{"miscellaneous":"&lt;link rel=\"preconnect\" href=\"https:\/\/fonts.googleapis.com\" crossorigin&gt;\n&lt;link rel=\"preconnect\" href=\"https:\/\/fonts.gstatic.com\" crossorigin&gt;"},"schema":null,"og:locale":"es_ES","og:site_name":"SoyMigrante.com REVISTA \u2013 Nuestra misi\u00f3n es reconocer y dignificar al migrante.","og:type":"article","og:title":"Empresario digital Marcos Antil expone sobre desarrollo ind\u00edgena y migraci\u00f3n","og:description":"Migrante y empresario digital propone generar v\u00edas para integrar a migrantes guatemaltecos con emprendedores guatemaltecos para generar oportunidades locales","og:url":"https:\/\/soymigrante.com\/revista\/emprendedor-tecnologico-marcos-antil-expone-sobre-desarrollo-indigena-y-migracion\/","og:image":"https:\/\/soymigrante.com\/revista\/wp-content\/uploads\/2024\/08\/marcos-antil.webp","og:image:secure_url":"https:\/\/soymigrante.com\/revista\/wp-content\/uploads\/2024\/08\/marcos-antil.webp","og:image:width":517,"og:image:height":517,"article:published_time":"2024-08-07T22:26:16+00:00","article:modified_time":"2024-11-01T08:08:24+00:00","article:publisher":"https:\/\/www.facebook.com\/soymigrantecom","twitter:card":"summary_large_image","twitter:site":"@SoyMigrante_com","twitter:title":"Empresario digital Marcos Antil expone sobre desarrollo ind\u00edgena y migraci\u00f3n","twitter:description":"Migrante y empresario digital propone generar v\u00edas para integrar a migrantes guatemaltecos con emprendedores guatemaltecos para generar oportunidades locales","twitter:creator":"@SoyMigrante_com","twitter:image":"https:\/\/soymigrante.com\/revista\/wp-content\/uploads\/2024\/08\/marcos-antil.webp"},"aioseo_meta_data":{"post_id":"30052","title":"Marcos Antil habla en Telemundo sobre su libro Migrante","description":"\"Crec\u00ed viendo Telemundo y es emocionante estar aqu\u00ed\", expres\u00f3 el emprendedor tecnol\u00f3gico maya Marcos Antil al presentar su libro Migrante en canal internacional","keywords":null,"keyphrases":{"focus":{"keyphrase":"Marcos Antil","score":100,"analysis":{"keyphraseInTitle":{"score":9,"maxScore":9,"error":0},"keyphraseInDescription":{"score":9,"maxScore":9,"error":0},"keyphraseLength":{"score":9,"maxScore":9,"error":0,"length":2},"keyphraseInURL":{"score":5,"maxScore":5,"error":0},"keyphraseInIntroduction":{"score":9,"maxScore":9,"error":0},"keyphraseInSubHeadings":{"score":9,"maxScore":9,"error":0},"keyphraseInImageAlt":{"score":9,"maxScore":9,"error":0},"keywordDensity":{"type":"best","score":9,"maxScore":9,"error":0}}},"additional":[{"keyphrase":"Marcos Antil","score":100,"analysis":{"keyphraseInDescription":{"score":9,"maxScore":9,"error":0},"keyphraseLength":{"score":9,"maxScore":9,"error":0,"length":2},"keyphraseInIntroduction":{"score":9,"maxScore":9,"error":0},"keyphraseInImageAlt":{"score":9,"maxScore":9,"error":0},"keywordDensity":{"type":"best","score":9,"maxScore":9,"error":0}}},{"keyphrase":"Migrante","score":80,"analysis":{"keyphraseInDescription":{"score":9,"maxScore":9,"error":0},"keyphraseLength":{"score":9,"maxScore":9,"error":0,"length":1},"keyphraseInIntroduction":{"score":9,"maxScore":9,"error":0},"keyphraseInImageAlt":{"score":9,"maxScore":9,"error":0},"keywordDensity":{"type":"high","score":0,"maxScore":9,"error":1}}},{"keyphrase":"Telemundo","score":67,"analysis":{"keyphraseInDescription":{"score":9,"maxScore":9,"error":0},"keyphraseLength":{"score":9,"maxScore":9,"error":0,"length":1},"keyphraseInIntroduction":{"score":9,"maxScore":9,"error":0},"keyphraseInImageAlt":{"score":3,"maxScore":9,"error":1},"keywordDensity":{"score":0,"type":"low","maxScore":9,"error":1}}}]},"primary_term":null,"canonical_url":null,"og_title":null,"og_description":null,"og_object_type":"default","og_image_type":"default","og_image_url":null,"og_image_width":null,"og_image_height":null,"og_image_custom_url":null,"og_image_custom_fields":null,"og_video":"","og_custom_url":null,"og_article_section":null,"og_article_tags":null,"twitter_use_og":false,"twitter_card":"default","twitter_image_type":"default","twitter_image_url":null,"twitter_image_custom_url":null,"twitter_image_custom_fields":null,"twitter_title":null,"twitter_description":null,"schema":{"blockGraphs":[],"customGraphs":[],"default":{"data":{"Article":[],"Course":[],"Dataset":[],"FAQPage":[],"Movie":[],"Person":[],"Product":[],"ProductReview":[],"Car":[],"Recipe":[],"Service":[],"SoftwareApplication":[],"WebPage":[]},"graphName":"BlogPosting","isEnabled":true},"graphs":[]},"schema_type":"default","schema_type_options":null,"pillar_content":false,"robots_default":true,"robots_noindex":false,"robots_noarchive":false,"robots_nosnippet":false,"robots_nofollow":false,"robots_noimageindex":false,"robots_noodp":false,"robots_notranslate":false,"robots_max_snippet":"-1","robots_max_videopreview":"-1","robots_max_imagepreview":"large","priority":null,"frequency":"default","local_seo":null,"seo_analyzer_scan_date":"2025-10-09 04:02:14","breadcrumb_settings":null,"limit_modified_date":false,"reviewed_by":null,"open_ai":"{\"title\":{\"suggestions\":[],\"usage\":0},\"description\":{\"suggestions\":[],\"usage\":0}}","ai":null,"created":"2025-04-03 21:59:40","updated":"2026-02-04 22:41:58"},"aioseo_breadcrumb":"<div class=\"aioseo-breadcrumbs\"><span class=\"aioseo-breadcrumb\">\n\t<a href=\"https:\/\/soymigrante.com\/revista\" title=\"Home\">Home<\/a>\n<\/span><span class=\"aioseo-breadcrumb-separator\">\u00bb<\/span><span class=\"aioseo-breadcrumb\">\n\t<a href=\"https:\/\/soymigrante.com\/revista\/category\/guate-nuestra\/\" title=\"Guate Nuestra\">Guate Nuestra<\/a>\n<\/span><span class=\"aioseo-breadcrumb-separator\">\u00bb<\/span><span class=\"aioseo-breadcrumb\">\n\tMarcos Antil habla acerca de su libro autobiogr\u00e1fico Migrante, en noticiero Telemundo\n<\/span><\/div>","aioseo_breadcrumb_json":[{"label":"Home","link":"https:\/\/soymigrante.com\/revista"},{"label":"Guate Nuestra","link":"https:\/\/soymigrante.com\/revista\/category\/guate-nuestra\/"},{"label":"Marcos Antil habla acerca de su libro autobiogr\u00e1fico Migrante, en noticiero Telemundo","link":"https:\/\/soymigrante.com\/revista\/marcos-antil-habla-acerca-de-su-libro-autobiografico-migrante-en-noticiero-telemundo\/"}],"_links":{"self":[{"href":"https:\/\/soymigrante.com\/revista\/wp-json\/wp\/v2\/posts\/30052","targetHints":{"allow":["GET"]}}],"collection":[{"href":"https:\/\/soymigrante.com\/revista\/wp-json\/wp\/v2\/posts"}],"about":[{"href":"https:\/\/soymigrante.com\/revista\/wp-json\/wp\/v2\/types\/post"}],"author":[{"embeddable":true,"href":"https:\/\/soymigrante.com\/revista\/wp-json\/wp\/v2\/users\/19"}],"replies":[{"embeddable":true,"href":"https:\/\/soymigrante.com\/revista\/wp-json\/wp\/v2\/comments?post=30052"}],"version-history":[{"count":0,"href":"https:\/\/soymigrante.com\/revista\/wp-json\/wp\/v2\/posts\/30052\/revisions"}],"wp:featuredmedia":[{"embeddable":true,"href":"https:\/\/soymigrante.com\/revista\/wp-json\/wp\/v2\/media\/30060"}],"wp:attachment":[{"href":"https:\/\/soymigrante.com\/revista\/wp-json\/wp\/v2\/media?parent=30052"}],"wp:term":[{"taxonomy":"category","embeddable":true,"href":"https:\/\/soymigrante.com\/revista\/wp-json\/wp\/v2\/categories?post=30052"},{"taxonomy":"post_tag","embeddable":true,"href":"https:\/\/soymigrante.com\/revista\/wp-json\/wp\/v2\/tags?post=30052"}],"curies":[{"name":"wp","href":"https:\/\/api.w.org\/{rel}","templated":true}]}}