{"id":30051,"date":"2025-04-17T10:31:56","date_gmt":"2025-04-17T16:31:56","guid":{"rendered":"https:\/\/soymigrante.com\/revista\/?p=30051"},"modified":"2025-04-17T10:32:05","modified_gmt":"2025-04-17T16:32:05","slug":"procesiones-en-la-capital-antigua-guatemala-xela-coban-y-toto-en-el-pregon-del-inguat","status":"publish","type":"post","link":"https:\/\/soymigrante.com\/revista\/procesiones-en-la-capital-antigua-guatemala-xela-coban-y-toto-en-el-pregon-del-inguat\/","title":{"rendered":"Gu\u00edas descargables de procesiones de Semana Santa 2025 en la capital, Antigua, Xela. Cob\u00e1n y Toto"},"content":{"rendered":"\t\t<div data-elementor-type=\"wp-post\" data-elementor-id=\"30051\" class=\"elementor elementor-30051\" data-elementor-post-type=\"post\">\n\t\t\t\t<div data-particle_enable=\"false\" data-particle-mobile-disabled=\"false\" class=\"elementor-element elementor-element-ebfaff6 e-flex e-con-boxed e-con e-parent\" data-id=\"ebfaff6\" data-element_type=\"container\" data-e-type=\"container\">\n\t\t\t\t\t<div class=\"e-con-inner\">\n\t\t\t\t<div class=\"elementor-element elementor-element-132c8c5 elementor-widget elementor-widget-heading\" data-id=\"132c8c5\" data-element_type=\"widget\" data-e-type=\"widget\" data-widget_type=\"heading.default\">\n\t\t\t\t\t<h2 class=\"elementor-heading-title elementor-size-default\">Se acercan los d\u00edas de la Semana Mayor 2025 y con ello las m\u00e1s solemnes procesiones, ceremonias y actividades para conmemorar la Pasi\u00f3n, Muerte y Resurrecci\u00f3n de Jes\u00fas. El Inguat publica El Preg\u00f3n, gu\u00edas de cortejos y tradiciones en 5 ciudades; dos de ellas, tambi\u00e9n en ingl\u00e9s.<\/h2>\t\t\t\t<\/div>\n\t\t\t\t\t<\/div>\n\t\t\t\t<\/div>\n\t\t<div data-particle_enable=\"false\" data-particle-mobile-disabled=\"false\" class=\"elementor-element elementor-element-771866f e-flex e-con-boxed e-con e-parent\" data-id=\"771866f\" data-element_type=\"container\" data-e-type=\"container\">\n\t\t\t\t\t<div class=\"e-con-inner\">\n\t\t\t\t<div class=\"elementor-element elementor-element-2d06586 elementor-widget elementor-widget-text-editor\" data-id=\"2d06586\" data-element_type=\"widget\" data-e-type=\"widget\" data-widget_type=\"text-editor.default\">\n\t\t\t\t\t\t\t\t\t<p>Un equipo de comunicadores y tambi\u00e9n de colaboradores voluntarios de hermandades y cortejos de Semana Santa elaborar\u00f3 gu\u00edas procesionales de cinco ciudades de Guatemala: la capital,<a href=\"https:\/\/soymigrante.com\/revista\/7-datos-de-antigua-guatemala-que-seguro-ya-sabias-o-quiza-no\/\"> Antigua Guatemala<\/a>, <a href=\"https:\/\/soymigrante.com\/revista\/quetzaltenango-500-15-datos-que-quiza-ya-sabias-o-tal-vez-no\/\">Quetzaltenango<\/a>, <a href=\"https:\/\/soymigrante.com\/revista\/departamentos-de-guatemala-alta-verapaz-mosaico-cultural-y-natural\/\">Cob\u00e1n<\/a> y <a href=\"https:\/\/soymigrante.com\/revista\/departamentos-de-guatemala-totonicapan-la-tierra-del-gran-atanasio-tzul\/\">Totonicap\u00e1n<\/a>, bajo el t\u00edtulo El Preg\u00f3n, del Instituto Guatemalteco de Turismo, INGUAT. Contienen datos de im\u00e1genes, recorridos procesionales y&nbsp; tradiciones, para la Semana Mayor 2025.<\/p>\n<p>Dichos documentos se pueden descargar gratuitamente de la p\u00e1gina del Inguat, entidad dirigida actualmente por Harris Withbeck. Este aporte a la devoci\u00f3n guatemalteca tambi\u00e9n contribuye a que los visitantes, nacionales y extranjeros, puedan conocer de mejor forma horarios, direcciones y detalles de los cortejos procesionales.&nbsp;<\/p>\n<p>A continuaci\u00f3n, las car\u00e1tulas de las gu\u00edas, en las cuales se puede dar clic para ir al sitio del Inguat y descargarlas en formato PDF, que ser\u00e1 de mucha utilidad, as\u00ed como de realce para esta celebraci\u00f3n que fue declarada Patrimonio Cultural Intangible de la Humanidad en 2022.<\/p>\t\t\t\t\t\t\t\t<\/div>\n\t\t\t\t\t<\/div>\n\t\t\t\t<\/div>\n\t\t<div data-particle_enable=\"false\" data-particle-mobile-disabled=\"false\" class=\"elementor-element elementor-element-224fc48 e-flex e-con-boxed e-con e-parent\" data-id=\"224fc48\" data-element_type=\"container\" data-e-type=\"container\">\n\t\t\t\t\t<div class=\"e-con-inner\">\n\t\t\t\t<div class=\"elementor-element elementor-element-f9b8268 elementor-widget elementor-widget-heading\" data-id=\"f9b8268\" data-element_type=\"widget\" data-e-type=\"widget\" data-widget_type=\"heading.default\">\n\t\t\t\t\t<h3 class=\"elementor-heading-title elementor-size-default\">Gu\u00eda de procesiones El Preg\u00f3n INGUAT en la ciudad de Guatemala (Espa\u00f1ol e ingl\u00e9s)<\/h3>\t\t\t\t<\/div>\n\t\t\t\t\t<\/div>\n\t\t\t\t<\/div>\n\t\t<div data-particle_enable=\"false\" data-particle-mobile-disabled=\"false\" class=\"elementor-element elementor-element-b7e5442 e-flex e-con-boxed e-con e-parent\" data-id=\"b7e5442\" data-element_type=\"container\" data-e-type=\"container\">\n\t\t\t\t\t<div class=\"e-con-inner\">\n\t\t\t\t<div class=\"elementor-element elementor-element-ddce316 elementor-widget elementor-widget-image\" data-id=\"ddce316\" data-element_type=\"widget\" data-e-type=\"widget\" data-widget_type=\"image.default\">\n\t\t\t\t\t\t\t\t\t\t\t\t<figure class=\"wp-caption\">\n\t\t\t\t\t\t\t\t\t\t\t<a href=\"https:\/\/inguat.gob.gt\/es\/descargas-inguat-guatemala\/153-el-pregon.html?download=1054:pregon-ciudad-de-guatemala-2025\">\n\t\t\t\t\t\t\t<img fetchpriority=\"high\" decoding=\"async\" width=\"605\" height=\"793\" src=\"https:\/\/soymigrante.com\/revista\/wp-content\/uploads\/2025\/04\/RECORRIDO-PROCESIONES-CAPITAL-GUIA-2.webp\" class=\"attachment-large size-large wp-image-30070\" alt=\"El Preg\u00f3n, Semana Santa en Guatemala, figura religiosa con detalle y devoci\u00f3n, representando la tradici\u00f3n cultural y espiritual en la celebraci\u00f3n de la Semana Santa en Guatemala, 2025.\" srcset=\"https:\/\/soymigrante.com\/revista\/wp-content\/uploads\/2025\/04\/RECORRIDO-PROCESIONES-CAPITAL-GUIA-2.webp 605w, https:\/\/soymigrante.com\/revista\/wp-content\/uploads\/2025\/04\/RECORRIDO-PROCESIONES-CAPITAL-GUIA-2-229x300.jpg 229w\" sizes=\"(max-width: 605px) 100vw, 605px\" title=\"El Preg\u00f3n del Inguat en ESPA\u00d1OL. Gu\u00eda de procesiones en ciudad capital. Si desea descargarla desde sl sitio del Inguat, clic en la imagen. \u2013 SoyMigrante.com REVISTA\" \/>\t\t\t\t\t\t\t\t<\/a>\n\t\t\t\t\t\t\t\t\t\t\t<figcaption class=\"widget-image-caption wp-caption-text\">La imagen muestra una figura religiosa durante los actos de Semana Santa en Guatemala, resaltando la tradici\u00f3n y devoci\u00f3n en la celebraci\u00f3n.<\/figcaption>\n\t\t\t\t\t\t\t\t\t\t<\/figure>\n\t\t\t\t\t\t\t\t\t<\/div>\n\t\t\t\t\t<\/div>\n\t\t\t\t<\/div>\n\t\t<div data-particle_enable=\"false\" data-particle-mobile-disabled=\"false\" class=\"elementor-element elementor-element-efe5e14 e-flex e-con-boxed e-con e-parent\" data-id=\"efe5e14\" data-element_type=\"container\" data-e-type=\"container\">\n\t\t\t\t\t<div class=\"e-con-inner\">\n\t\t\t\t<div class=\"elementor-element elementor-element-2911cb2 elementor-widget elementor-widget-image\" data-id=\"2911cb2\" data-element_type=\"widget\" data-e-type=\"widget\" data-widget_type=\"image.default\">\n\t\t\t\t\t\t\t\t\t\t\t\t<figure class=\"wp-caption\">\n\t\t\t\t\t\t\t\t\t\t\t<a href=\"https:\/\/inguat.gob.gt\/es\/descargas-inguat-guatemala\/153-el-pregon.html?download=1052:pregon-guatemala-city-2025\">\n\t\t\t\t\t\t\t<img decoding=\"async\" width=\"573\" height=\"714\" src=\"https:\/\/soymigrante.com\/revista\/wp-content\/uploads\/2025\/04\/RECORRIDO-PROCESIONES-CAPITAL-GUIA-1.webp\" class=\"attachment-large size-large wp-image-30069\" alt=\"M#1: Pobreza, religi\u00f3n y cultura en Guatemala en la Semana Santa, tradici\u00f3n religiosa, im\u00e1genes religiosas, Semana Santa en Guatemala, cultura aut\u00e9ntica, procesiones tradicionales, fe y devoci\u00f3n, cultura guatemalteca, revista SoyMigrante.\" srcset=\"https:\/\/soymigrante.com\/revista\/wp-content\/uploads\/2025\/04\/RECORRIDO-PROCESIONES-CAPITAL-GUIA-1.webp 573w, https:\/\/soymigrante.com\/revista\/wp-content\/uploads\/2025\/04\/RECORRIDO-PROCESIONES-CAPITAL-GUIA-1-241x300.jpg 241w\" sizes=\"(max-width: 573px) 100vw, 573px\" title=\"Versi\u00f3n  de El Preg\u00f3n del Inguat en ingl\u00e9s. Clic para descargarlo del sitio del Instituto Guatemalteco de Turismo. \u2013 SoyMigrante.com REVISTA\" \/>\t\t\t\t\t\t\t\t<\/a>\n\t\t\t\t\t\t\t\t\t\t\t<figcaption class=\"widget-image-caption wp-caption-text\">Versi\u00f3n  de El Preg\u00f3n del Inguat en ingl\u00e9s. Clic para descargarlo del sitio del Instituto Guatemalteco de Turismo.<\/figcaption>\n\t\t\t\t\t\t\t\t\t\t<\/figure>\n\t\t\t\t\t\t\t\t\t<\/div>\n\t\t\t\t\t<\/div>\n\t\t\t\t<\/div>\n\t\t<div data-particle_enable=\"false\" data-particle-mobile-disabled=\"false\" class=\"elementor-element elementor-element-9da2140 e-flex e-con-boxed e-con e-parent\" data-id=\"9da2140\" data-element_type=\"container\" data-e-type=\"container\">\n\t\t\t\t\t<div class=\"e-con-inner\">\n\t\t\t\t<div class=\"elementor-element elementor-element-7a81fee elementor-widget-divider--view-line elementor-widget elementor-widget-divider\" data-id=\"7a81fee\" data-element_type=\"widget\" data-e-type=\"widget\" data-widget_type=\"divider.default\">\n\t\t\t\t\t\t\t<div class=\"elementor-divider\">\n\t\t\t<span class=\"elementor-divider-separator\">\n\t\t\t\t\t\t<\/span>\n\t\t<\/div>\n\t\t\t\t\t\t<\/div>\n\t\t\t\t\t<\/div>\n\t\t\t\t<\/div>\n\t\t<div data-particle_enable=\"false\" data-particle-mobile-disabled=\"false\" class=\"elementor-element elementor-element-5d15eba e-flex e-con-boxed e-con e-parent\" data-id=\"5d15eba\" data-element_type=\"container\" data-e-type=\"container\">\n\t\t\t\t\t<div class=\"e-con-inner\">\n\t\t\t\t<div class=\"elementor-element elementor-element-ce7ea3f elementor-widget elementor-widget-heading\" data-id=\"ce7ea3f\" data-element_type=\"widget\" data-e-type=\"widget\" data-widget_type=\"heading.default\">\n\t\t\t\t\t<h3 class=\"elementor-heading-title elementor-size-default\">Gu\u00eda de procesiones El Preg\u00f3n INGUAT en Antigua Guatemala (espa\u00f1ol e ingl\u00e9s)<\/h3>\t\t\t\t<\/div>\n\t\t\t\t\t<\/div>\n\t\t\t\t<\/div>\n\t\t<div data-particle_enable=\"false\" data-particle-mobile-disabled=\"false\" class=\"elementor-element elementor-element-e320399 e-flex e-con-boxed e-con e-parent\" data-id=\"e320399\" data-element_type=\"container\" data-e-type=\"container\">\n\t\t\t\t\t<div class=\"e-con-inner\">\n\t\t\t\t<div class=\"elementor-element elementor-element-b03a073 elementor-widget elementor-widget-image\" data-id=\"b03a073\" data-element_type=\"widget\" data-e-type=\"widget\" data-widget_type=\"image.default\">\n\t\t\t\t\t\t\t\t\t\t\t\t<figure class=\"wp-caption\">\n\t\t\t\t\t\t\t\t\t\t\t<a href=\"https:\/\/inguat.gob.gt\/es\/descargas-inguat-guatemala\/153-el-pregon.html?download=1049:pregon-antigua-guatemala-2025-es\">\n\t\t\t\t\t\t\t<img decoding=\"async\" width=\"606\" height=\"760\" src=\"https:\/\/soymigrante.com\/revista\/wp-content\/uploads\/2025\/04\/Recorridos-procesiones-Semana-Santa-2025-Antigua-Guatemala-2.webp\" class=\"attachment-large size-large wp-image-30081\" alt=\"El Nazareno de Guatemala en Semana Santa, imagen religiosa de Jes\u00fas con corona y cruz, tradici\u00f3n cultural y religiosa en Antigua Guatemala durante la Semana Santa 2025.\" srcset=\"https:\/\/soymigrante.com\/revista\/wp-content\/uploads\/2025\/04\/Recorridos-procesiones-Semana-Santa-2025-Antigua-Guatemala-2.webp 606w, https:\/\/soymigrante.com\/revista\/wp-content\/uploads\/2025\/04\/Recorridos-procesiones-Semana-Santa-2025-Antigua-Guatemala-2-239x300.jpg 239w\" sizes=\"(max-width: 606px) 100vw, 606px\" title=\"El Preg\u00f3n del Inguat en ESPA\u00d1OL. Gu\u00eda de procesiones en Antigua Guatemala. Si desea descargarla desde sl sitio del Inguat, clic en la imagen. \u2013 SoyMigrante.com REVISTA\" \/>\t\t\t\t\t\t\t\t<\/a>\n\t\t\t\t\t\t\t\t\t\t\t<figcaption class=\"widget-image-caption wp-caption-text\">Imagen religiosa de Jes\u00fas en Semana Santa en Antigua Guatemala, representando la devoci\u00f3n y tradiciones culturales durante la Semana Santa 2025 en Guatemala.<\/figcaption>\n\t\t\t\t\t\t\t\t\t\t<\/figure>\n\t\t\t\t\t\t\t\t\t<\/div>\n\t\t\t\t\t<\/div>\n\t\t\t\t<\/div>\n\t\t<div data-particle_enable=\"false\" data-particle-mobile-disabled=\"false\" class=\"elementor-element elementor-element-9de60f0 e-flex e-con-boxed e-con e-parent\" data-id=\"9de60f0\" data-element_type=\"container\" data-e-type=\"container\">\n\t\t\t\t\t<div class=\"e-con-inner\">\n\t\t\t\t<div class=\"elementor-element elementor-element-8f24631 elementor-widget elementor-widget-image\" data-id=\"8f24631\" data-element_type=\"widget\" data-e-type=\"widget\" data-widget_type=\"image.default\">\n\t\t\t\t\t\t\t\t\t\t\t\t<figure class=\"wp-caption\">\n\t\t\t\t\t\t\t\t\t\t\t<a href=\"https:\/\/inguat.gob.gt\/es\/descargas-inguat-guatemala\/153-el-pregon.html?download=1053:pregon-antigua-guatemala-2025-english\">\n\t\t\t\t\t\t\t<img loading=\"lazy\" decoding=\"async\" width=\"719\" height=\"929\" src=\"https:\/\/soymigrante.com\/revista\/wp-content\/uploads\/2025\/04\/Recorridos-procesiones-Semana-Santa-2025-Antigua-Guatemala-1.webp\" class=\"attachment-large size-large wp-image-30082\" alt=\"Cristo crucificado con corona y t\u00fanica morada en conmemoraci\u00f3n de la Semana Santa en Guatemala.\" srcset=\"https:\/\/soymigrante.com\/revista\/wp-content\/uploads\/2025\/04\/Recorridos-procesiones-Semana-Santa-2025-Antigua-Guatemala-1.webp 719w, https:\/\/soymigrante.com\/revista\/wp-content\/uploads\/2025\/04\/Recorridos-procesiones-Semana-Santa-2025-Antigua-Guatemala-1-232x300.jpg 232w\" sizes=\"(max-width: 719px) 100vw, 719px\" title=\"El Preg\u00f3n del Inguat en INGL\u00c9S. Gu\u00eda de procesiones en Antigua Guatemala. Si desea descargarla desde sl sitio del Inguat, clic en la imagen. \u2013 SoyMigrante.com REVISTA\" \/>\t\t\t\t\t\t\t\t<\/a>\n\t\t\t\t\t\t\t\t\t\t\t<figcaption class=\"widget-image-caption wp-caption-text\">Celebraci\u00f3n de la Semana Santa en Guatemala 2025 resaltando tradici\u00f3n, cultura y fe en Antigua Guatemala.<\/figcaption>\n\t\t\t\t\t\t\t\t\t\t<\/figure>\n\t\t\t\t\t\t\t\t\t<\/div>\n\t\t\t\t\t<\/div>\n\t\t\t\t<\/div>\n\t\t<div data-particle_enable=\"false\" data-particle-mobile-disabled=\"false\" class=\"elementor-element elementor-element-fc6a1b3 e-flex e-con-boxed e-con e-parent\" data-id=\"fc6a1b3\" data-element_type=\"container\" data-e-type=\"container\">\n\t\t\t\t\t<div class=\"e-con-inner\">\n\t\t\t\t<div class=\"elementor-element elementor-element-92fe975 elementor-widget-divider--view-line elementor-widget elementor-widget-divider\" data-id=\"92fe975\" data-element_type=\"widget\" data-e-type=\"widget\" data-widget_type=\"divider.default\">\n\t\t\t\t\t\t\t<div class=\"elementor-divider\">\n\t\t\t<span class=\"elementor-divider-separator\">\n\t\t\t\t\t\t<\/span>\n\t\t<\/div>\n\t\t\t\t\t\t<\/div>\n\t\t\t\t\t<\/div>\n\t\t\t\t<\/div>\n\t\t<div data-particle_enable=\"false\" data-particle-mobile-disabled=\"false\" class=\"elementor-element elementor-element-4ad38c9 e-flex e-con-boxed e-con e-parent\" data-id=\"4ad38c9\" data-element_type=\"container\" data-e-type=\"container\">\n\t\t\t\t\t<div class=\"e-con-inner\">\n\t\t\t\t<div class=\"elementor-element elementor-element-b1041c6 elementor-widget elementor-widget-heading\" data-id=\"b1041c6\" data-element_type=\"widget\" data-e-type=\"widget\" data-widget_type=\"heading.default\">\n\t\t\t\t\t<h3 class=\"elementor-heading-title elementor-size-default\">Gu\u00eda de procesiones El Preg\u00f3n INGUAT en Quetzaltenango  <\/h3>\t\t\t\t<\/div>\n\t\t\t\t\t<\/div>\n\t\t\t\t<\/div>\n\t\t<div data-particle_enable=\"false\" data-particle-mobile-disabled=\"false\" class=\"elementor-element elementor-element-632cfec e-flex e-con-boxed e-con e-parent\" data-id=\"632cfec\" data-element_type=\"container\" data-e-type=\"container\">\n\t\t\t\t\t<div class=\"e-con-inner\">\n\t\t\t\t<div class=\"elementor-element elementor-element-c296511 elementor-widget elementor-widget-image\" data-id=\"c296511\" data-element_type=\"widget\" data-e-type=\"widget\" data-widget_type=\"image.default\">\n\t\t\t\t\t\t\t\t\t\t\t\t<figure class=\"wp-caption\">\n\t\t\t\t\t\t\t\t\t\t\t<a href=\"https:\/\/inguat.gob.gt\/es\/descargas-inguat-guatemala\/153-el-pregon.html?download=1050:pregon-quetzaltenango-2025\">\n\t\t\t\t\t\t\t<img loading=\"lazy\" decoding=\"async\" width=\"608\" height=\"777\" src=\"https:\/\/soymigrante.com\/revista\/wp-content\/uploads\/2025\/04\/guia-procesiones-Quetzaltenango-El-Pregon-Inguat.webp\" class=\"attachment-large size-large wp-image-30083\" alt=\"Nuestra Semana Santa en Guatemala, tradici\u00f3n religiosa y cultural, refleja devoci\u00f3n y fe a trav\u00e9s de procesiones, im\u00e1genes religiosas y celebraciones que se viven intensamente en cada rinc\u00f3n del pa\u00eds.\" srcset=\"https:\/\/soymigrante.com\/revista\/wp-content\/uploads\/2025\/04\/guia-procesiones-Quetzaltenango-El-Pregon-Inguat.webp 608w, https:\/\/soymigrante.com\/revista\/wp-content\/uploads\/2025\/04\/guia-procesiones-Quetzaltenango-El-Pregon-Inguat-235x300.jpg 235w\" sizes=\"(max-width: 608px) 100vw, 608px\" title=\"El Preg\u00f3n del Inguat. Gu\u00eda de procesiones en Quetzaltenango 2025. Si desea descargarla desde sl sitio del Inguat, clic en la imagen. \u2013 SoyMigrante.com REVISTA\" \/>\t\t\t\t\t\t\t\t<\/a>\n\t\t\t\t\t\t\t\t\t\t\t<figcaption class=\"widget-image-caption wp-caption-text\">Celebraci\u00f3n de la Semana Santa en Guatemala, mostrando la devoci\u00f3n y tradiciones religiosas a trav\u00e9s de una figura jesu\u00e1nica con elementos culturales y art\u00edsticos \u00fanicos.<\/figcaption>\n\t\t\t\t\t\t\t\t\t\t<\/figure>\n\t\t\t\t\t\t\t\t\t<\/div>\n\t\t\t\t\t<\/div>\n\t\t\t\t<\/div>\n\t\t<div data-particle_enable=\"false\" data-particle-mobile-disabled=\"false\" class=\"elementor-element elementor-element-f87ea55 e-flex e-con-boxed e-con e-parent\" data-id=\"f87ea55\" data-element_type=\"container\" data-e-type=\"container\">\n\t\t\t\t\t<div class=\"e-con-inner\">\n\t\t\t\t<div class=\"elementor-element elementor-element-4804fc2 elementor-widget-divider--view-line elementor-widget elementor-widget-divider\" data-id=\"4804fc2\" data-element_type=\"widget\" data-e-type=\"widget\" data-widget_type=\"divider.default\">\n\t\t\t\t\t\t\t<div class=\"elementor-divider\">\n\t\t\t<span class=\"elementor-divider-separator\">\n\t\t\t\t\t\t<\/span>\n\t\t<\/div>\n\t\t\t\t\t\t<\/div>\n\t\t\t\t\t<\/div>\n\t\t\t\t<\/div>\n\t\t<div data-particle_enable=\"false\" data-particle-mobile-disabled=\"false\" class=\"elementor-element elementor-element-d7269f2 e-flex e-con-boxed e-con e-parent\" data-id=\"d7269f2\" data-element_type=\"container\" data-e-type=\"container\">\n\t\t\t\t\t<div class=\"e-con-inner\">\n\t\t\t\t<div class=\"elementor-element elementor-element-e5e581e elementor-widget elementor-widget-heading\" data-id=\"e5e581e\" data-element_type=\"widget\" data-e-type=\"widget\" data-widget_type=\"heading.default\">\n\t\t\t\t\t<h3 class=\"elementor-heading-title elementor-size-default\">Gu\u00eda de procesiones El Preg\u00f3n INGUAT en Totonicap\u00e1n <\/h3>\t\t\t\t<\/div>\n\t\t\t\t\t<\/div>\n\t\t\t\t<\/div>\n\t\t<div data-particle_enable=\"false\" data-particle-mobile-disabled=\"false\" class=\"elementor-element elementor-element-2cecdb1 e-flex e-con-boxed e-con e-parent\" data-id=\"2cecdb1\" data-element_type=\"container\" data-e-type=\"container\">\n\t\t\t\t\t<div class=\"e-con-inner\">\n\t\t\t\t<div class=\"elementor-element elementor-element-ba44810 elementor-widget elementor-widget-image\" data-id=\"ba44810\" data-element_type=\"widget\" data-e-type=\"widget\" data-widget_type=\"image.default\">\n\t\t\t\t\t\t\t\t\t\t\t\t<figure class=\"wp-caption\">\n\t\t\t\t\t\t\t\t\t\t\t<a href=\"https:\/\/inguat.gob.gt\/es\/descargas-inguat-guatemala\/153-el-pregon.html?download=1051:pregon-totonicapan-2025\">\n\t\t\t\t\t\t\t<img loading=\"lazy\" decoding=\"async\" width=\"603\" height=\"774\" src=\"https:\/\/soymigrante.com\/revista\/wp-content\/uploads\/2025\/04\/procesiones-totonicapan-guia-Inguat.webp\" class=\"attachment-large size-large wp-image-30084\" alt=\"El Pregon Nuestra Semana Santa en Guatemala 2025, cultura y tradiciones religiosas, vestimenta t\u00edpica, procesiones, historia y celebraci\u00f3n cultural en Totonicap\u00e1n.\" srcset=\"https:\/\/soymigrante.com\/revista\/wp-content\/uploads\/2025\/04\/procesiones-totonicapan-guia-Inguat.webp 603w, https:\/\/soymigrante.com\/revista\/wp-content\/uploads\/2025\/04\/procesiones-totonicapan-guia-Inguat-234x300.jpg 234w\" sizes=\"(max-width: 603px) 100vw, 603px\" title=\"Gu\u00eda de procesiones El Preg\u00f3n del Inguat  en Totonicap\u00e1n. Si desea descargarla  dar clic en la imagen. \u2013 SoyMigrante.com REVISTA\" \/>\t\t\t\t\t\t\t\t<\/a>\n\t\t\t\t\t\t\t\t\t\t\t<figcaption class=\"widget-image-caption wp-caption-text\">Semana Santa en Guatemala, procesiones y tradiciones culturales, cultura religiosa, vestimenta t\u00edpica, historia de la Semana Santa, celebraci\u00f3n en Totonicap\u00e1n.<\/figcaption>\n\t\t\t\t\t\t\t\t\t\t<\/figure>\n\t\t\t\t\t\t\t\t\t<\/div>\n\t\t\t\t\t<\/div>\n\t\t\t\t<\/div>\n\t\t<div data-particle_enable=\"false\" data-particle-mobile-disabled=\"false\" class=\"elementor-element elementor-element-2f90308 e-flex e-con-boxed e-con e-parent\" data-id=\"2f90308\" data-element_type=\"container\" data-e-type=\"container\">\n\t\t\t\t\t<div class=\"e-con-inner\">\n\t\t\t\t<div class=\"elementor-element elementor-element-85ccb82 elementor-widget-divider--view-line elementor-widget elementor-widget-divider\" data-id=\"85ccb82\" data-element_type=\"widget\" data-e-type=\"widget\" data-widget_type=\"divider.default\">\n\t\t\t\t\t\t\t<div class=\"elementor-divider\">\n\t\t\t<span class=\"elementor-divider-separator\">\n\t\t\t\t\t\t<\/span>\n\t\t<\/div>\n\t\t\t\t\t\t<\/div>\n\t\t\t\t\t<\/div>\n\t\t\t\t<\/div>\n\t\t<div data-particle_enable=\"false\" data-particle-mobile-disabled=\"false\" class=\"elementor-element elementor-element-2f9747b e-flex e-con-boxed e-con e-parent\" data-id=\"2f9747b\" data-element_type=\"container\" data-e-type=\"container\">\n\t\t\t\t\t<div class=\"e-con-inner\">\n\t\t\t\t<div class=\"elementor-element elementor-element-2f4d9a6 elementor-widget elementor-widget-heading\" data-id=\"2f4d9a6\" data-element_type=\"widget\" data-e-type=\"widget\" data-widget_type=\"heading.default\">\n\t\t\t\t\t<h3 class=\"elementor-heading-title elementor-size-default\">Gu\u00eda de procesiones El Preg\u00f3n INGUAT  en Cob\u00e1n, Alta Verapaz<\/h3>\t\t\t\t<\/div>\n\t\t\t\t\t<\/div>\n\t\t\t\t<\/div>\n\t\t<div data-particle_enable=\"false\" data-particle-mobile-disabled=\"false\" class=\"elementor-element elementor-element-e4f48f3 e-flex e-con-boxed e-con e-parent\" data-id=\"e4f48f3\" data-element_type=\"container\" data-e-type=\"container\">\n\t\t\t\t\t<div class=\"e-con-inner\">\n\t\t\t\t<div class=\"elementor-element elementor-element-298664f elementor-widget elementor-widget-image\" data-id=\"298664f\" data-element_type=\"widget\" data-e-type=\"widget\" data-widget_type=\"image.default\">\n\t\t\t\t\t\t\t\t\t\t\t\t<figure class=\"wp-caption\">\n\t\t\t\t\t\t\t\t\t\t\t<a href=\"https:\/\/inguat.gob.gt\/es\/descargas-inguat-guatemala\/153-el-pregon.html?download=1048:pregon-alta-verapaz-2025\">\n\t\t\t\t\t\t\t<img loading=\"lazy\" decoding=\"async\" width=\"562\" height=\"728\" src=\"https:\/\/soymigrante.com\/revista\/wp-content\/uploads\/2025\/04\/Captura-de-pantalla-2025-04-03-174735.webp\" class=\"attachment-large size-large wp-image-30085\" alt=\"Cruz de Jesucristo en la cabeza de una figura religiosa con corona de espinas, tem\u00e1tica de Semana Santa, imagen emocional y art\u00edstica, relevante para art\u00edculos culturales y religiosos.\" srcset=\"https:\/\/soymigrante.com\/revista\/wp-content\/uploads\/2025\/04\/Captura-de-pantalla-2025-04-03-174735.webp 562w, https:\/\/soymigrante.com\/revista\/wp-content\/uploads\/2025\/04\/Captura-de-pantalla-2025-04-03-174735-232x300.jpg 232w\" sizes=\"(max-width: 562px) 100vw, 562px\" title=\"Procesiones en Alta Verapaz 2025. Para descargar, dar clic en la imagen. \u2013 SoyMigrante.com REVISTA\" \/>\t\t\t\t\t\t\t\t<\/a>\n\t\t\t\t\t\t\t\t\t\t\t<figcaption class=\"widget-image-caption wp-caption-text\">Semana Santa en Guatemala, arte religioso, cultura tradicional, fotograf\u00eda emotiva de Jesucristo, eventos religiosos y festividades culturales.<\/figcaption>\n\t\t\t\t\t\t\t\t\t\t<\/figure>\n\t\t\t\t\t\t\t\t\t<\/div>\n\t\t\t\t\t<\/div>\n\t\t\t\t<\/div>\n\t\t<div data-particle_enable=\"false\" data-particle-mobile-disabled=\"false\" class=\"elementor-element elementor-element-c823ccb e-flex e-con-boxed e-con e-parent\" data-id=\"c823ccb\" data-element_type=\"container\" data-e-type=\"container\">\n\t\t\t\t\t<div class=\"e-con-inner\">\n\t\t\t\t<div class=\"elementor-element elementor-element-010a578 elementor-widget elementor-widget-heading\" data-id=\"010a578\" data-element_type=\"widget\" data-e-type=\"widget\" data-widget_type=\"heading.default\">\n\t\t\t\t\t<h2 class=\"elementor-heading-title elementor-size-default\">Semana Santa Guatemalteca: Patrimonio Cultural Inmaterial de la Humanidad<\/h2>\t\t\t\t<\/div>\n\t\t\t\t\t<\/div>\n\t\t\t\t<\/div>\n\t\t<div data-particle_enable=\"false\" data-particle-mobile-disabled=\"false\" class=\"elementor-element elementor-element-857fa27 e-flex e-con-boxed e-con e-parent\" data-id=\"857fa27\" data-element_type=\"container\" data-e-type=\"container\">\n\t\t\t\t\t<div class=\"e-con-inner\">\n\t\t\t\t<div class=\"elementor-element elementor-element-9c61a5e elementor-grid-eael-col-3 elementor-grid-tablet-eael-col-2 elementor-grid-mobile-eael-col-1 elementor-widget elementor-widget-eael-post-grid\" data-id=\"9c61a5e\" data-element_type=\"widget\" data-e-type=\"widget\" data-settings=\"{&quot;eael_post_grid_columns&quot;:&quot;eael-col-3&quot;,&quot;eael_post_grid_columns_tablet&quot;:&quot;eael-col-2&quot;,&quot;eael_post_grid_columns_mobile&quot;:&quot;eael-col-1&quot;}\" data-widget_type=\"eael-post-grid.default\">\n\t\t\t\t\t<div id=\"eael-post-grid-9c61a5e\" class=\"eael-post-grid-container\">\n            <div class=\"eael-post-grid eael-post-appender eael-post-appender-9c61a5e eael-post-grid-style-one\" data-layout-mode=\"masonry\"><article class=\"eael-grid-post  eael-post-grid-column eael-pg-post-29642 category-guate-nuestra tags-patrimonio-cuaresma-y-semana-santa\" data-id=\"29642\">\n        <div class=\"eael-grid-post-holder\">\n            <div class=\"eael-grid-post-holder-inner\"><div class=\"eael-entry-media\"><div class=\"eael-entry-overlay fade-in\"><i class=\"far fa-hand-pointer\" aria-hidden=\"true\"><\/i><a href=\"https:\/\/soymigrante.com\/revista\/galeria-de-indumentarias-de-devotos-y-cucuruchos-de-cuaresma-y-semana-santa-guatemalteca\/\"><\/a><\/div><div class=\"eael-entry-thumbnail \">\n                <img loading=\"lazy\" decoding=\"async\" width=\"1024\" height=\"1024\" src=\"https:\/\/soymigrante.com\/revista\/wp-content\/uploads\/2025\/03\/galeria-de-indumentaria-semana-santa-1024x1024.png\" class=\"attachment-large size-large wp-image-29648\" alt=\"Traje del cucurucho y el devoto en la Cuaresma y Semana Santa Guatemalteca\" srcset=\"https:\/\/soymigrante.com\/revista\/wp-content\/uploads\/2025\/03\/galeria-de-indumentaria-semana-santa-1024x1024.png 1024w, https:\/\/soymigrante.com\/revista\/wp-content\/uploads\/2025\/03\/galeria-de-indumentaria-semana-santa-300x300.png 300w, https:\/\/soymigrante.com\/revista\/wp-content\/uploads\/2025\/03\/galeria-de-indumentaria-semana-santa-150x150.png 150w, https:\/\/soymigrante.com\/revista\/wp-content\/uploads\/2025\/03\/galeria-de-indumentaria-semana-santa-768x768.png 768w, https:\/\/soymigrante.com\/revista\/wp-content\/uploads\/2025\/03\/galeria-de-indumentaria-semana-santa-75x75.webp 75w, https:\/\/soymigrante.com\/revista\/wp-content\/uploads\/2025\/03\/galeria-de-indumentaria-semana-santa-750x750.webp 750w, https:\/\/soymigrante.com\/revista\/wp-content\/uploads\/2025\/03\/galeria-de-indumentaria-semana-santa.webp 1080w\" sizes=\"(max-width: 1024px) 100vw, 1024px\" \/>\n            <\/div>\n        <\/div><div class=\"eael-entry-wrapper\"><header class=\"eael-entry-header\"><h2 class=\"eael-entry-title\"><a class=\"eael-grid-post-link\" href=\"https:\/\/soymigrante.com\/revista\/galeria-de-indumentarias-de-devotos-y-cucuruchos-de-cuaresma-y-semana-santa-guatemalteca\/\" title=\"Lleg\u00f3 la Cuaresma y esta es una galer\u00eda de cucuruchos y devotos en procesiones guatemaltecas\">Lleg\u00f3 la Cuaresma y esta es una galer\u00eda de cucuruchos y devotos en procesiones guatemaltecas<\/a><\/h2><\/header><div class=\"eael-entry-content\">\n                        <div class=\"eael-grid-post-excerpt\"><a href=\"https:\/\/soymigrante.com\/revista\/galeria-de-indumentarias-de-devotos-y-cucuruchos-de-cuaresma-y-semana-santa-guatemalteca\/\" class=\"eael-post-elements-readmore-btn\">CONOCE SU HISTORIA <\/a><\/div>\n                    <\/div><\/div><\/div>\n        <\/div>\n    <\/article><article class=\"eael-grid-post  eael-post-grid-column eael-pg-post-29827 category-guate-nuestra\" data-id=\"29827\">\n        <div class=\"eael-grid-post-holder\">\n            <div class=\"eael-grid-post-holder-inner\"><div class=\"eael-entry-media\"><div class=\"eael-entry-overlay fade-in\"><i class=\"far fa-hand-pointer\" aria-hidden=\"true\"><\/i><a href=\"https:\/\/soymigrante.com\/revista\/el-maestro-hector-gomez-lleva-la-musica-sacra-de-cuaresma-y-semana-santa-en-el-alma\/\"><\/a><\/div><div class=\"eael-entry-thumbnail \">\n                <img loading=\"lazy\" decoding=\"async\" width=\"1024\" height=\"1024\" src=\"https:\/\/soymigrante.com\/revista\/wp-content\/uploads\/2025\/04\/He\u0301ctor-Go\u0301mez-foto-de-Marco-Pereira-scaled-e1743522233442-1024x1024.webp\" class=\"attachment-large size-large wp-image-29828\" alt=\"H\u00e9ctor G\u00f3mez: El maestro de la m\u00fasica sacra en el coraz\u00f3n\" srcset=\"https:\/\/soymigrante.com\/revista\/wp-content\/uploads\/2025\/04\/He\u0301ctor-Go\u0301mez-foto-de-Marco-Pereira-scaled-e1743522233442-1024x1024.webp 1024w, https:\/\/soymigrante.com\/revista\/wp-content\/uploads\/2025\/04\/He\u0301ctor-Go\u0301mez-foto-de-Marco-Pereira-scaled-e1743522233442-300x300.webp 300w, https:\/\/soymigrante.com\/revista\/wp-content\/uploads\/2025\/04\/He\u0301ctor-Go\u0301mez-foto-de-Marco-Pereira-scaled-e1743522233442-150x150.webp 150w, https:\/\/soymigrante.com\/revista\/wp-content\/uploads\/2025\/04\/He\u0301ctor-Go\u0301mez-foto-de-Marco-Pereira-scaled-e1743522233442-768x768.webp 768w, https:\/\/soymigrante.com\/revista\/wp-content\/uploads\/2025\/04\/He\u0301ctor-Go\u0301mez-foto-de-Marco-Pereira-scaled-e1743522233442-75x75.webp 75w, https:\/\/soymigrante.com\/revista\/wp-content\/uploads\/2025\/04\/He\u0301ctor-Go\u0301mez-foto-de-Marco-Pereira-scaled-e1743522233442-750x750.webp 750w, https:\/\/soymigrante.com\/revista\/wp-content\/uploads\/2025\/04\/He\u0301ctor-Go\u0301mez-foto-de-Marco-Pereira-scaled-e1743522233442-1140x1140.webp 1140w, https:\/\/soymigrante.com\/revista\/wp-content\/uploads\/2025\/04\/He\u0301ctor-Go\u0301mez-foto-de-Marco-Pereira-scaled-e1743522233442.webp 1440w\" sizes=\"(max-width: 1024px) 100vw, 1024px\" \/>\n            <\/div>\n        <\/div><div class=\"eael-entry-wrapper\"><header class=\"eael-entry-header\"><h2 class=\"eael-entry-title\"><a class=\"eael-grid-post-link\" href=\"https:\/\/soymigrante.com\/revista\/el-maestro-hector-gomez-lleva-la-musica-sacra-de-cuaresma-y-semana-santa-en-el-alma\/\" title=\"El maestro H\u00e9ctor G\u00f3mez lleva la m\u00fasica sacra de Cuaresma y Semana Santa en el alma\">El maestro H\u00e9ctor G\u00f3mez lleva la m\u00fasica sacra de Cuaresma y Semana Santa en el alma<\/a><\/h2><\/header><div class=\"eael-entry-content\">\n                        <div class=\"eael-grid-post-excerpt\"><a href=\"https:\/\/soymigrante.com\/revista\/el-maestro-hector-gomez-lleva-la-musica-sacra-de-cuaresma-y-semana-santa-en-el-alma\/\" class=\"eael-post-elements-readmore-btn\">CONOCE SU HISTORIA <\/a><\/div>\n                    <\/div><\/div><\/div>\n        <\/div>\n    <\/article><article class=\"eael-grid-post  eael-post-grid-column eael-pg-post-5452 category-guate-nuestra\" data-id=\"5452\">\n        <div class=\"eael-grid-post-holder\">\n            <div class=\"eael-grid-post-holder-inner\"><div class=\"eael-entry-media\"><div class=\"eael-entry-overlay fade-in\"><i class=\"far fa-hand-pointer\" aria-hidden=\"true\"><\/i><a href=\"https:\/\/soymigrante.com\/revista\/antigua-guatemala-alfombras-serrin-semana-santa-fe-tradicion\/\"><\/a><\/div><div class=\"eael-entry-thumbnail \">\n                <img loading=\"lazy\" decoding=\"async\" width=\"487\" height=\"638\" src=\"https:\/\/soymigrante.com\/revista\/wp-content\/uploads\/2024\/03\/Alfombras-de-Cuaresma-y-Semana-Santa-en-Antigua-Guatemala-Fotos-Michelle-Gonzalez-8.webp\" class=\"attachment-large size-large wp-image-5460\" alt=\"Los dise\u00f1os geom\u00e9tricos pueden adquirir enorme complejidad y requieren de hasta 10 moldes para ser completados. Quienes los elaboran se colocan sobre tablas sostenidas con bloques para poder trabajar por encima e ir coloreando con aserr\u00edn la forma prevista, El aserr\u00edn con los tintes se prepara desde muchas semanas antes, para que su color no var\u00ede al secarse. (Foto Michelle Gonzalez)\" srcset=\"https:\/\/soymigrante.com\/revista\/wp-content\/uploads\/2024\/03\/Alfombras-de-Cuaresma-y-Semana-Santa-en-Antigua-Guatemala-Fotos-Michelle-Gonzalez-8.webp 487w, https:\/\/soymigrante.com\/revista\/wp-content\/uploads\/2024\/03\/Alfombras-de-Cuaresma-y-Semana-Santa-en-Antigua-Guatemala-Fotos-Michelle-Gonzalez-8-229x300.webp 229w\" sizes=\"(max-width: 487px) 100vw, 487px\" \/>\n            <\/div>\n        <\/div><div class=\"eael-entry-wrapper\"><header class=\"eael-entry-header\"><h2 class=\"eael-entry-title\"><a class=\"eael-grid-post-link\" href=\"https:\/\/soymigrante.com\/revista\/antigua-guatemala-alfombras-serrin-semana-santa-fe-tradicion\/\" title=\"Alfombras de Antigua Guatemala: ofrenda de fe, trabajo y devoci\u00f3n\">Alfombras de Antigua Guatemala: ofrenda de fe, trabajo y devoci\u00f3n<\/a><\/h2><\/header><div class=\"eael-entry-content\">\n                        <div class=\"eael-grid-post-excerpt\"><a href=\"https:\/\/soymigrante.com\/revista\/antigua-guatemala-alfombras-serrin-semana-santa-fe-tradicion\/\" class=\"eael-post-elements-readmore-btn\">CONOCE SU HISTORIA <\/a><\/div>\n                    <\/div><\/div><\/div>\n        <\/div>\n    <\/article><\/div>\n            <div class=\"clearfix\"><\/div>\n        <\/div>\t\t\t\t<\/div>\n\t\t\t\t\t<\/div>\n\t\t\t\t<\/div>\n\t\t\t\t<\/div>\n\t\t","protected":false},"excerpt":{"rendered":"<p>Se acercan los d\u00edas de la Semana Mayor 2025 y con ello las m\u00e1s solemnes procesiones, ceremonias y actividades para conmemorar la Pasi\u00f3n, Muerte y Resurrecci\u00f3n de Jes\u00fas. El Inguat publica El Preg\u00f3n, gu\u00edas de cortejos y tradiciones en 5 ciudades; dos de ellas, tambi\u00e9n en ingl\u00e9s. Un equipo de comunicadores y tambi\u00e9n de colaboradores [&hellip;]<\/p>\n","protected":false},"author":7,"featured_media":30062,"comment_status":"open","ping_status":"open","sticky":false,"template":"","format":"standard","meta":{"_acf_changed":false,"_eb_attr":"","footnotes":""},"categories":[58],"tags":[],"class_list":["post-30051","post","type-post","status-publish","format-standard","has-post-thumbnail","hentry","category-guate-nuestra"],"acf":[],"aioseo_notices":[],"aioseo_head":"\n\t\t<!-- All in One SEO Pro 4.9.6.2 - aioseo.com -->\n\t<meta name=\"description\" content=\"Las piedras de Antigua Guatemala se visten de colores fugaces y devotos en las tradicionales alfombras de aserr\u00edn, que son una fusi\u00f3n de elementos prehisp\u00e1nicos y espa\u00f1oles, en un admirable lenguaje de fe. Devoci\u00f3n de siglos se hace presente La elaboraci\u00f3n de alfombras de aserr\u00edn, flores, frutas y otros materiales vegetales es todo un s\u00edmbolo\" \/>\n\t<meta name=\"robots\" content=\"max-snippet:-1, max-image-preview:large, max-video-preview:-1\" \/>\n\t<meta name=\"author\" content=\"Gustavo Montenegro\"\/>\n\t<link rel=\"canonical\" href=\"https:\/\/soymigrante.com\/revista\/procesiones-en-la-capital-antigua-guatemala-xela-coban-y-toto-en-el-pregon-del-inguat\/\" \/>\n\t<meta name=\"generator\" content=\"All in One SEO Pro (AIOSEO) 4.9.6.2\" \/>\n\n\t\t<link rel=\"preconnect\" href=\"https:\/\/fonts.googleapis.com\" crossorigin>\n<link rel=\"preconnect\" href=\"https:\/\/fonts.gstatic.com\" crossorigin>\n\t\t<meta property=\"og:locale\" content=\"es_ES\" \/>\n\t\t<meta property=\"og:site_name\" content=\"SoyMigrante.com REVISTA \u2013 Nuestra misi\u00f3n es reconocer y dignificar al migrante.\" \/>\n\t\t<meta property=\"og:type\" content=\"article\" \/>\n\t\t<meta property=\"og:title\" content=\"Procesiones en Capital, Antigua, Xela, Toto en gu\u00eda del Inguat\" \/>\n\t\t<meta property=\"og:description\" content=\"Gu\u00edas descargables El Preg\u00f3n del Inguat, presenta procesiones, recorridos y tradiciones en la capital, Antigua Guatemala, Xela, Toto y Cob\u00e1n.\" \/>\n\t\t<meta property=\"og:url\" content=\"https:\/\/soymigrante.com\/revista\/procesiones-en-la-capital-antigua-guatemala-xela-coban-y-toto-en-el-pregon-del-inguat\/\" \/>\n\t\t<meta property=\"og:image\" content=\"https:\/\/soymigrante.com\/revista\/wp-content\/uploads\/2025\/04\/Pregon-guia-procesiones-inguat.webp\" \/>\n\t\t<meta property=\"og:image:secure_url\" content=\"https:\/\/soymigrante.com\/revista\/wp-content\/uploads\/2025\/04\/Pregon-guia-procesiones-inguat.webp\" \/>\n\t\t<meta property=\"og:image:width\" content=\"1080\" \/>\n\t\t<meta property=\"og:image:height\" content=\"1080\" \/>\n\t\t<meta property=\"article:published_time\" content=\"2025-04-17T16:31:56+00:00\" \/>\n\t\t<meta property=\"article:modified_time\" content=\"2025-04-17T16:32:05+00:00\" \/>\n\t\t<meta property=\"article:publisher\" content=\"https:\/\/www.facebook.com\/soymigrantecom\" \/>\n\t\t<meta name=\"twitter:card\" content=\"summary_large_image\" \/>\n\t\t<meta name=\"twitter:site\" content=\"@SoyMigrante_com\" \/>\n\t\t<meta name=\"twitter:title\" content=\"Procesiones en Capital, Antigua, Xela, Toto en gu\u00eda del Inguat\" \/>\n\t\t<meta name=\"twitter:description\" content=\"Gu\u00edas descargables El Preg\u00f3n del Inguat, presenta procesiones, recorridos y tradiciones en la capital, Antigua Guatemala, Xela, Toto y Cob\u00e1n.\" \/>\n\t\t<meta name=\"twitter:creator\" content=\"@SoyMigrante_com\" \/>\n\t\t<meta name=\"twitter:image\" content=\"https:\/\/soymigrante.com\/revista\/wp-content\/uploads\/2025\/04\/Pregon-guia-procesiones-inguat.webp\" \/>\n\t\t<!-- All in One SEO Pro -->\r\n\t\t<title>Procesiones en Capital, Antigua, Xela, Toto en gu\u00eda del Inguat<\/title>\n\n","aioseo_head_json":{"title":"Procesiones en Capital, Antigua, Xela, Toto en gu\u00eda del Inguat","description":"Gu\u00edas descargables El Preg\u00f3n del Inguat, presenta procesiones, recorridos y tradiciones en la capital, Antigua Guatemala, Xela, Toto y Cob\u00e1n.","canonical_url":"https:\/\/soymigrante.com\/revista\/procesiones-en-la-capital-antigua-guatemala-xela-coban-y-toto-en-el-pregon-del-inguat\/","robots":"max-snippet:-1, max-image-preview:large, max-video-preview:-1","keywords":"","webmasterTools":{"miscellaneous":"&lt;link rel=\"preconnect\" href=\"https:\/\/fonts.googleapis.com\" crossorigin&gt;\n&lt;link rel=\"preconnect\" href=\"https:\/\/fonts.gstatic.com\" crossorigin&gt;"},"schema":null,"og:locale":"es_ES","og:site_name":"SoyMigrante.com REVISTA \u2013 Nuestra misi\u00f3n es reconocer y dignificar al migrante.","og:type":"article","og:title":"Procesiones en Capital, Antigua, Xela, Toto en gu\u00eda del Inguat","og:description":"Gu\u00edas descargables El Preg\u00f3n del Inguat, presenta procesiones, recorridos y tradiciones en la capital, Antigua Guatemala, Xela, Toto y Cob\u00e1n.","og:url":"https:\/\/soymigrante.com\/revista\/procesiones-en-la-capital-antigua-guatemala-xela-coban-y-toto-en-el-pregon-del-inguat\/","og:image":"https:\/\/soymigrante.com\/revista\/wp-content\/uploads\/2025\/04\/Pregon-guia-procesiones-inguat.webp","og:image:secure_url":"https:\/\/soymigrante.com\/revista\/wp-content\/uploads\/2025\/04\/Pregon-guia-procesiones-inguat.webp","og:image:width":1080,"og:image:height":1080,"article:published_time":"2025-04-17T16:31:56+00:00","article:modified_time":"2025-04-17T16:32:05+00:00","article:publisher":"https:\/\/www.facebook.com\/soymigrantecom","twitter:card":"summary_large_image","twitter:site":"@SoyMigrante_com","twitter:title":"Procesiones en Capital, Antigua, Xela, Toto en gu\u00eda del Inguat","twitter:description":"Gu\u00edas descargables El Preg\u00f3n del Inguat, presenta procesiones, recorridos y tradiciones en la capital, Antigua Guatemala, Xela, Toto y Cob\u00e1n.","twitter:creator":"@SoyMigrante_com","twitter:image":"https:\/\/soymigrante.com\/revista\/wp-content\/uploads\/2025\/04\/Pregon-guia-procesiones-inguat.webp"},"aioseo_meta_data":{"post_id":"30051","title":"Procesiones en Capital, Antigua, Xela, Toto en gu\u00eda del Inguat","description":"Gu\u00edas descargables El Preg\u00f3n del Inguat, presenta procesiones, recorridos y tradiciones en la capital, Antigua Guatemala, Xela, Toto y Cob\u00e1n.","keywords":null,"keyphrases":{"focus":{"keyphrase":"Procesiones","score":82,"analysis":{"keyphraseInTitle":{"score":9,"maxScore":9,"error":0},"keyphraseInDescription":{"score":9,"maxScore":9,"error":0},"keyphraseLength":{"score":9,"maxScore":9,"error":0,"length":1},"keyphraseInURL":{"score":5,"maxScore":5,"error":0},"keyphraseInIntroduction":{"score":3,"maxScore":9,"error":1},"keyphraseInSubHeadings":{"score":3,"maxScore":9,"error":1},"keyphraseInImageAlt":{"score":9,"maxScore":9,"error":0},"keywordDensity":{"type":"best","score":9,"maxScore":9,"error":0}}},"additional":[{"keyphrase":"Antigua Guatemala","score":100,"analysis":{"keyphraseInDescription":{"score":9,"maxScore":9,"error":0},"keyphraseLength":{"score":9,"maxScore":9,"error":0,"length":2},"keyphraseInIntroduction":{"score":9,"maxScore":9,"error":0},"keyphraseInImageAlt":{"score":9,"maxScore":9,"error":0},"keywordDensity":{"type":"best","score":9,"maxScore":9,"error":0}}},{"keyphrase":"Procesiones en Guatemala","score":53,"analysis":{"keyphraseInDescription":{"score":3,"maxScore":9,"error":1},"keyphraseLength":{"score":9,"maxScore":9,"error":0,"length":3},"keyphraseInIntroduction":{"score":3,"maxScore":9,"error":1},"keyphraseInImageAlt":{"score":9,"maxScore":9,"error":0},"keywordDensity":{"score":0,"type":"low","maxScore":9,"error":1}}},{"keyphrase":"Semana Santa","score":87,"analysis":{"keyphraseInDescription":{"score":3,"maxScore":9,"error":1},"keyphraseLength":{"score":9,"maxScore":9,"error":0,"length":2},"keyphraseInIntroduction":{"score":9,"maxScore":9,"error":0},"keyphraseInImageAlt":{"score":9,"maxScore":9,"error":0},"keywordDensity":{"type":"best","score":9,"maxScore":9,"error":0}}},{"keyphrase":"Inguat","score":80,"analysis":{"keyphraseInDescription":{"score":9,"maxScore":9,"error":0},"keyphraseLength":{"score":9,"maxScore":9,"error":0,"length":1},"keyphraseInIntroduction":{"score":9,"maxScore":9,"error":0},"keyphraseInImageAlt":{"score":9,"maxScore":9,"error":0},"keywordDensity":{"type":"high","score":0,"maxScore":9,"error":1}}}]},"primary_term":null,"canonical_url":null,"og_title":null,"og_description":null,"og_object_type":"default","og_image_type":"default","og_image_url":null,"og_image_width":null,"og_image_height":null,"og_image_custom_url":null,"og_image_custom_fields":null,"og_video":"","og_custom_url":null,"og_article_section":null,"og_article_tags":null,"twitter_use_og":false,"twitter_card":"default","twitter_image_type":"default","twitter_image_url":null,"twitter_image_custom_url":null,"twitter_image_custom_fields":null,"twitter_title":null,"twitter_description":null,"schema":{"blockGraphs":[],"customGraphs":[],"default":{"data":{"Article":[],"Course":[],"Dataset":[],"FAQPage":[],"Movie":[],"Person":[],"Product":[],"ProductReview":[],"Car":[],"Recipe":[],"Service":[],"SoftwareApplication":[],"WebPage":[]},"graphName":"none","isEnabled":true},"graphs":[]},"schema_type":"default","schema_type_options":null,"pillar_content":false,"robots_default":true,"robots_noindex":false,"robots_noarchive":false,"robots_nosnippet":false,"robots_nofollow":false,"robots_noimageindex":false,"robots_noodp":false,"robots_notranslate":false,"robots_max_snippet":"-1","robots_max_videopreview":"-1","robots_max_imagepreview":"large","priority":null,"frequency":"default","local_seo":null,"seo_analyzer_scan_date":"2025-10-09 04:24:52","breadcrumb_settings":null,"limit_modified_date":false,"reviewed_by":null,"open_ai":"{\"title\":{\"suggestions\":[],\"usage\":0},\"description\":{\"suggestions\":[],\"usage\":0}}","ai":null,"created":"2025-04-03 21:46:51","updated":"2026-02-04 23:00:50"},"aioseo_breadcrumb":"<div class=\"aioseo-breadcrumbs\"><span class=\"aioseo-breadcrumb\">\n\t<a href=\"https:\/\/soymigrante.com\/revista\" title=\"Home\">Home<\/a>\n<\/span><span class=\"aioseo-breadcrumb-separator\">\u00bb<\/span><span class=\"aioseo-breadcrumb\">\n\t<a href=\"https:\/\/soymigrante.com\/revista\/category\/guate-nuestra\/\" title=\"Guate Nuestra\">Guate Nuestra<\/a>\n<\/span><span class=\"aioseo-breadcrumb-separator\">\u00bb<\/span><span class=\"aioseo-breadcrumb\">\n\tGu\u00edas descargables de procesiones de Semana Santa 2025 en la capital, Antigua, Xela. Cob\u00e1n y Toto\n<\/span><\/div>","aioseo_breadcrumb_json":[{"label":"Home","link":"https:\/\/soymigrante.com\/revista"},{"label":"Guate Nuestra","link":"https:\/\/soymigrante.com\/revista\/category\/guate-nuestra\/"},{"label":"Gu\u00edas descargables de procesiones de Semana Santa 2025 en la capital, Antigua, Xela. Cob\u00e1n y Toto","link":"https:\/\/soymigrante.com\/revista\/procesiones-en-la-capital-antigua-guatemala-xela-coban-y-toto-en-el-pregon-del-inguat\/"}],"_links":{"self":[{"href":"https:\/\/soymigrante.com\/revista\/wp-json\/wp\/v2\/posts\/30051","targetHints":{"allow":["GET"]}}],"collection":[{"href":"https:\/\/soymigrante.com\/revista\/wp-json\/wp\/v2\/posts"}],"about":[{"href":"https:\/\/soymigrante.com\/revista\/wp-json\/wp\/v2\/types\/post"}],"author":[{"embeddable":true,"href":"https:\/\/soymigrante.com\/revista\/wp-json\/wp\/v2\/users\/7"}],"replies":[{"embeddable":true,"href":"https:\/\/soymigrante.com\/revista\/wp-json\/wp\/v2\/comments?post=30051"}],"version-history":[{"count":2,"href":"https:\/\/soymigrante.com\/revista\/wp-json\/wp\/v2\/posts\/30051\/revisions"}],"predecessor-version":[{"id":31435,"href":"https:\/\/soymigrante.com\/revista\/wp-json\/wp\/v2\/posts\/30051\/revisions\/31435"}],"wp:featuredmedia":[{"embeddable":true,"href":"https:\/\/soymigrante.com\/revista\/wp-json\/wp\/v2\/media\/30062"}],"wp:attachment":[{"href":"https:\/\/soymigrante.com\/revista\/wp-json\/wp\/v2\/media?parent=30051"}],"wp:term":[{"taxonomy":"category","embeddable":true,"href":"https:\/\/soymigrante.com\/revista\/wp-json\/wp\/v2\/categories?post=30051"},{"taxonomy":"post_tag","embeddable":true,"href":"https:\/\/soymigrante.com\/revista\/wp-json\/wp\/v2\/tags?post=30051"}],"curies":[{"name":"wp","href":"https:\/\/api.w.org\/{rel}","templated":true}]}}