{"id":30041,"date":"2025-04-08T11:00:00","date_gmt":"2025-04-08T17:00:00","guid":{"rendered":"https:\/\/soymigrante.com\/revista\/?p=30041"},"modified":"2025-04-08T00:17:25","modified_gmt":"2025-04-08T06:17:25","slug":"diez-marchas-procesionales-guatemaltecas-emblematicas-esta-tu-favorita-aqui","status":"publish","type":"post","link":"https:\/\/soymigrante.com\/revista\/diez-marchas-procesionales-guatemaltecas-emblematicas-esta-tu-favorita-aqui\/","title":{"rendered":"Diez marchas procesionales guatemaltecas emblem\u00e1ticas \u00bfest\u00e1 tu favorita aqu\u00ed?"},"content":{"rendered":"\t\t<div data-elementor-type=\"wp-post\" data-elementor-id=\"30041\" class=\"elementor elementor-30041\" data-elementor-post-type=\"post\">\n\t\t\t\t<div data-particle_enable=\"false\" data-particle-mobile-disabled=\"false\" class=\"elementor-element elementor-element-d222bbb e-flex e-con-boxed e-con e-parent\" data-id=\"d222bbb\" data-element_type=\"container\" data-e-type=\"container\">\n\t\t\t\t\t<div class=\"e-con-inner\">\n\t\t\t\t<div class=\"elementor-element elementor-element-72de0b5 elementor-widget elementor-widget-heading\" data-id=\"72de0b5\" data-element_type=\"widget\" data-e-type=\"widget\" data-widget_type=\"heading.default\">\n\t\t\t\t\t<h2 class=\"elementor-heading-title elementor-size-default\">Las marchas en Guatemala representan ese sonido tan emblem\u00e1tico de las procesiones recorriendo las calles y avenidas. \n<\/h2>\t\t\t\t<\/div>\n\t\t\t\t\t<\/div>\n\t\t\t\t<\/div>\n\t\t<div data-particle_enable=\"false\" data-particle-mobile-disabled=\"false\" class=\"elementor-element elementor-element-a21ad8f e-flex e-con-boxed e-con e-parent\" data-id=\"a21ad8f\" data-element_type=\"container\" data-e-type=\"container\">\n\t\t\t\t\t<div class=\"e-con-inner\">\n\t\t\t\t<div class=\"elementor-element elementor-element-540dc12 elementor-widget elementor-widget-text-editor\" data-id=\"540dc12\" data-element_type=\"widget\" data-e-type=\"widget\" data-widget_type=\"text-editor.default\">\n\t\t\t\t\t\t\t\t\t<p><a href=\"https:\/\/soymigrante.com\/revista\/galeria-de-indumentarias-de-devotos-y-cucuruchos-de-cuaresma-y-semana-santa-guatemalteca\/\" target=\"_blank\" rel=\"noopener\">La Semana Santa en Guatemala es una manifestaci\u00f3n cultural y religiosa de gran importancia<\/a>, donde la m\u00fasica juega un papel esencial en las procesiones.<\/p><p>Las marchas f\u00fanebres, en particular, acompa\u00f1an los cortejos procesionales, creando una atm\u00f3sfera de reflexi\u00f3n y solemnidad.<\/p><p>A continuaci\u00f3n,<a href=\"https:\/\/soymigrante.com\/revista\/galeria-de-indumentarias-de-devotos-y-cucuruchos-de-cuaresma-y-semana-santa-guatemalteca\/\" target=\"_blank\" rel=\"noopener\"> se presentan diez de las marchas procesionales m\u00e1s destacadas en Guatemala<\/a>, junto con sus respectivos compositores:<\/p>\t\t\t\t\t\t\t\t<\/div>\n\t\t\t\t\t<\/div>\n\t\t\t\t<\/div>\n\t\t<div data-particle_enable=\"false\" data-particle-mobile-disabled=\"false\" class=\"elementor-element elementor-element-eecb6cb e-flex e-con-boxed e-con e-parent\" data-id=\"eecb6cb\" data-element_type=\"container\" data-e-type=\"container\">\n\t\t\t\t\t<div class=\"e-con-inner\">\n\t\t\t\t<div class=\"elementor-element elementor-element-451d369 elementor-widget elementor-widget-heading\" data-id=\"451d369\" data-element_type=\"widget\" data-e-type=\"widget\" data-widget_type=\"heading.default\">\n\t\t\t\t\t<h3 class=\"elementor-heading-title elementor-size-default\">Las 10 marchas m\u00e1s emblem\u00e1ticas<\/h3>\t\t\t\t<\/div>\n\t\t\t\t\t<\/div>\n\t\t\t\t<\/div>\n\t\t<div data-particle_enable=\"false\" data-particle-mobile-disabled=\"false\" class=\"elementor-element elementor-element-6e083eb e-flex e-con-boxed e-con e-parent\" data-id=\"6e083eb\" data-element_type=\"container\" data-e-type=\"container\">\n\t\t\t\t\t<div class=\"e-con-inner\">\n\t\t\t\t<div class=\"elementor-element elementor-element-25931b9 elementor-widget elementor-widget-text-editor\" data-id=\"25931b9\" data-element_type=\"widget\" data-e-type=\"widget\" data-widget_type=\"text-editor.default\">\n\t\t\t\t\t\t\t\t\t<div><strong>1. Una l\u00e1grima<\/strong><\/div><div>\u2022Compositor: Manuel Moraga.\u00a0\u00a0<\/div><div>\u2022Descripci\u00f3n: Marcha oficial de Jes\u00fas de la Parroquia Nuestra Se\u00f1ora de Candelaria, interpretada durante la procesi\u00f3n del Jueves Santo.\u00a0 \u00a0<\/div>\t\t\t\t\t\t\t\t<\/div>\n\t\t\t\t\t<\/div>\n\t\t\t\t<\/div>\n\t\t<div data-particle_enable=\"false\" data-particle-mobile-disabled=\"false\" class=\"elementor-element elementor-element-5302265 e-flex e-con-boxed e-con e-parent\" data-id=\"5302265\" data-element_type=\"container\" data-e-type=\"container\">\n\t\t\t\t\t<div class=\"e-con-inner\">\n\t\t\t\t<div class=\"elementor-element elementor-element-74cc97a elementor-widget elementor-widget-video\" data-id=\"74cc97a\" data-element_type=\"widget\" data-e-type=\"widget\" data-settings=\"{&quot;youtube_url&quot;:&quot;https:\\\/\\\/www.youtube.com\\\/watch?v=3v7LiuLHDoY&quot;,&quot;video_type&quot;:&quot;youtube&quot;,&quot;controls&quot;:&quot;yes&quot;}\" data-widget_type=\"video.default\">\n\t\t\t\t\t\t\t<div class=\"elementor-wrapper elementor-open-inline\">\n\t\t\t<div class=\"elementor-video\"><\/div>\t\t<\/div>\n\t\t\t\t\t\t<\/div>\n\t\t\t\t\t<\/div>\n\t\t\t\t<\/div>\n\t\t<div data-particle_enable=\"false\" data-particle-mobile-disabled=\"false\" class=\"elementor-element elementor-element-acf73a0 e-flex e-con-boxed e-con e-parent\" data-id=\"acf73a0\" data-element_type=\"container\" data-e-type=\"container\">\n\t\t\t\t\t<div class=\"e-con-inner\">\n\t\t\t\t<div class=\"elementor-element elementor-element-dbeb89d elementor-widget elementor-widget-text-editor\" data-id=\"dbeb89d\" data-element_type=\"widget\" data-e-type=\"widget\" data-widget_type=\"text-editor.default\">\n\t\t\t\t\t\t\t\t\t<div><strong>2. Se\u00f1or, pequ\u00e9<\/strong><\/div><div>\u2022Compositor: Santiago Coronado Porras.\u00a0\u00a0<\/div><div>\u2022Descripci\u00f3n: Marcha oficial de Jes\u00fas Nazareno de la Parroquia de Nuestra Se\u00f1ora de La Merced, utilizada en la procesi\u00f3n del Viernes Santo.\u00a0\u00a0<\/div>\t\t\t\t\t\t\t\t<\/div>\n\t\t\t\t\t<\/div>\n\t\t\t\t<\/div>\n\t\t<div data-particle_enable=\"false\" data-particle-mobile-disabled=\"false\" class=\"elementor-element elementor-element-a08a580 e-flex e-con-boxed e-con e-parent\" data-id=\"a08a580\" data-element_type=\"container\" data-e-type=\"container\">\n\t\t\t\t\t<div class=\"e-con-inner\">\n\t\t\t\t<div class=\"elementor-element elementor-element-79d2812 elementor-widget elementor-widget-video\" data-id=\"79d2812\" data-element_type=\"widget\" data-e-type=\"widget\" data-settings=\"{&quot;youtube_url&quot;:&quot;https:\\\/\\\/www.youtube.com\\\/watch?v=GG0FPMt8d4M&quot;,&quot;video_type&quot;:&quot;youtube&quot;,&quot;controls&quot;:&quot;yes&quot;}\" data-widget_type=\"video.default\">\n\t\t\t\t\t\t\t<div class=\"elementor-wrapper elementor-open-inline\">\n\t\t\t<div class=\"elementor-video\"><\/div>\t\t<\/div>\n\t\t\t\t\t\t<\/div>\n\t\t\t\t\t<\/div>\n\t\t\t\t<\/div>\n\t\t<div data-particle_enable=\"false\" data-particle-mobile-disabled=\"false\" class=\"elementor-element elementor-element-0a508ec e-flex e-con-boxed e-con e-parent\" data-id=\"0a508ec\" data-element_type=\"container\" data-e-type=\"container\">\n\t\t\t\t\t<div class=\"e-con-inner\">\n\t\t\t\t<div class=\"elementor-element elementor-element-4eb9e68 elementor-widget elementor-widget-text-editor\" data-id=\"4eb9e68\" data-element_type=\"widget\" data-e-type=\"widget\" data-widget_type=\"text-editor.default\">\n\t\t\t\t\t\t\t\t\t<div><strong>3. Jes\u00fas del Consuelo<\/strong><\/div><div>\u2022Compositor: Fray Miguel Murcia.\u00a0\u00a0<\/div><div>\u2022Descripci\u00f3n: Marcha oficial de Jes\u00fas Nazareno del Consuelo del templo de El Sant\u00edsimo Nombre de Jes\u00fas, La Recolecci\u00f3n.\u00a0 \u00a0<\/div><div>\u00a0<\/div>\t\t\t\t\t\t\t\t<\/div>\n\t\t\t\t\t<\/div>\n\t\t\t\t<\/div>\n\t\t<div data-particle_enable=\"false\" data-particle-mobile-disabled=\"false\" class=\"elementor-element elementor-element-9c21d04 e-flex e-con-boxed e-con e-parent\" data-id=\"9c21d04\" data-element_type=\"container\" data-e-type=\"container\">\n\t\t\t\t\t<div class=\"e-con-inner\">\n\t\t\t\t<div class=\"elementor-element elementor-element-18be943 elementor-widget elementor-widget-video\" data-id=\"18be943\" data-element_type=\"widget\" data-e-type=\"widget\" data-settings=\"{&quot;youtube_url&quot;:&quot;https:\\\/\\\/www.youtube.com\\\/watch?v=KEG2e0T9jqA&quot;,&quot;video_type&quot;:&quot;youtube&quot;,&quot;controls&quot;:&quot;yes&quot;}\" data-widget_type=\"video.default\">\n\t\t\t\t\t\t\t<div class=\"elementor-wrapper elementor-open-inline\">\n\t\t\t<div class=\"elementor-video\"><\/div>\t\t<\/div>\n\t\t\t\t\t\t<\/div>\n\t\t\t\t\t<\/div>\n\t\t\t\t<\/div>\n\t\t<div data-particle_enable=\"false\" data-particle-mobile-disabled=\"false\" class=\"elementor-element elementor-element-1fdd033 e-flex e-con-boxed e-con e-parent\" data-id=\"1fdd033\" data-element_type=\"container\" data-e-type=\"container\">\n\t\t\t\t\t<div class=\"e-con-inner\">\n\t\t\t\t<div class=\"elementor-element elementor-element-14f5ec0 elementor-widget elementor-widget-text-editor\" data-id=\"14f5ec0\" data-element_type=\"widget\" data-e-type=\"widget\" data-widget_type=\"text-editor.default\">\n\t\t\t\t\t\t\t\t\t<div><strong>4. La Fosa<\/strong><\/div><div>\u2022Compositor: Santiago Coronado Porras.\u00a0\u00a0<\/div><div>\u2022Descripci\u00f3n: Interpretada durante el Santo Entierro de la Bas\u00edlica de Nuestra Se\u00f1ora del Rosario en la iglesia de Santo Domingo.\u00a0 \u00a0<\/div><p>\u00a0<\/p>\t\t\t\t\t\t\t\t<\/div>\n\t\t\t\t\t<\/div>\n\t\t\t\t<\/div>\n\t\t<div data-particle_enable=\"false\" data-particle-mobile-disabled=\"false\" class=\"elementor-element elementor-element-a6ae6f4 e-flex e-con-boxed e-con e-parent\" data-id=\"a6ae6f4\" data-element_type=\"container\" data-e-type=\"container\">\n\t\t\t\t\t<div class=\"e-con-inner\">\n\t\t\t\t<div class=\"elementor-element elementor-element-49c1b00 elementor-widget elementor-widget-video\" data-id=\"49c1b00\" data-element_type=\"widget\" data-e-type=\"widget\" data-settings=\"{&quot;youtube_url&quot;:&quot;https:\\\/\\\/www.youtube.com\\\/watch?v=vn8l8tU5MAQ&quot;,&quot;video_type&quot;:&quot;youtube&quot;,&quot;controls&quot;:&quot;yes&quot;}\" data-widget_type=\"video.default\">\n\t\t\t\t\t\t\t<div class=\"elementor-wrapper elementor-open-inline\">\n\t\t\t<div class=\"elementor-video\"><\/div>\t\t<\/div>\n\t\t\t\t\t\t<\/div>\n\t\t\t\t\t<\/div>\n\t\t\t\t<\/div>\n\t\t<div data-particle_enable=\"false\" data-particle-mobile-disabled=\"false\" class=\"elementor-element elementor-element-933eb9f e-flex e-con-boxed e-con e-parent\" data-id=\"933eb9f\" data-element_type=\"container\" data-e-type=\"container\">\n\t\t\t\t\t<div class=\"e-con-inner\">\n\t\t\t\t<div class=\"elementor-element elementor-element-721c923 elementor-widget elementor-widget-text-editor\" data-id=\"721c923\" data-element_type=\"widget\" data-e-type=\"widget\" data-widget_type=\"text-editor.default\">\n\t\t\t\t\t\t\t\t\t<div><strong>5. Mater Dolorosa<\/strong><\/div><div>\u2022Compositor: Marta Julia Qui\u00f1\u00f3nez Yd\u00edgoras.\u00a0\u00a0<\/div><div>\u2022Descripci\u00f3n: Dedicada a la Virgen de Dolores, esta marcha es una de las m\u00e1s reconocidas en las procesiones guatemaltecas.\u00a0 \u00a0<\/div><div>\u00a0<\/div>\t\t\t\t\t\t\t\t<\/div>\n\t\t\t\t\t<\/div>\n\t\t\t\t<\/div>\n\t\t<div data-particle_enable=\"false\" data-particle-mobile-disabled=\"false\" class=\"elementor-element elementor-element-5ba57c1 e-flex e-con-boxed e-con e-parent\" data-id=\"5ba57c1\" data-element_type=\"container\" data-e-type=\"container\">\n\t\t\t\t\t<div class=\"e-con-inner\">\n\t\t\t\t<div class=\"elementor-element elementor-element-bdf983f elementor-widget elementor-widget-video\" data-id=\"bdf983f\" data-element_type=\"widget\" data-e-type=\"widget\" data-settings=\"{&quot;youtube_url&quot;:&quot;https:\\\/\\\/www.youtube.com\\\/watch?v=ul-y4WLb7RQ&quot;,&quot;video_type&quot;:&quot;youtube&quot;,&quot;controls&quot;:&quot;yes&quot;}\" data-widget_type=\"video.default\">\n\t\t\t\t\t\t\t<div class=\"elementor-wrapper elementor-open-inline\">\n\t\t\t<div class=\"elementor-video\"><\/div>\t\t<\/div>\n\t\t\t\t\t\t<\/div>\n\t\t\t\t\t<\/div>\n\t\t\t\t<\/div>\n\t\t<div data-particle_enable=\"false\" data-particle-mobile-disabled=\"false\" class=\"elementor-element elementor-element-8f4a4d0 e-flex e-con-boxed e-con e-parent\" data-id=\"8f4a4d0\" data-element_type=\"container\" data-e-type=\"container\">\n\t\t\t\t\t<div class=\"e-con-inner\">\n\t\t\t\t<div class=\"elementor-element elementor-element-0a0993a elementor-widget elementor-widget-text-editor\" data-id=\"0a0993a\" data-element_type=\"widget\" data-e-type=\"widget\" data-widget_type=\"text-editor.default\">\n\t\t\t\t\t\t\t\t\t<div><strong>6. La Granadera<\/strong><\/div><div>\u2022Compositor: Jos\u00e9 Eulalio Samayoa Vel\u00e1zquez.\u00a0\u00a0<\/div><div>\u2022Descripci\u00f3n: Considerada una de las marchas m\u00e1s antiguas y emblem\u00e1ticas, es interpretada en diversas procesiones del pa\u00eds.<\/div><div>\u00a0<\/div>\t\t\t\t\t\t\t\t<\/div>\n\t\t\t\t\t<\/div>\n\t\t\t\t<\/div>\n\t\t<div data-particle_enable=\"false\" data-particle-mobile-disabled=\"false\" class=\"elementor-element elementor-element-e514e37 e-flex e-con-boxed e-con e-parent\" data-id=\"e514e37\" data-element_type=\"container\" data-e-type=\"container\">\n\t\t\t\t\t<div class=\"e-con-inner\">\n\t\t\t\t<div class=\"elementor-element elementor-element-ebc2fbc elementor-widget elementor-widget-video\" data-id=\"ebc2fbc\" data-element_type=\"widget\" data-e-type=\"widget\" data-settings=\"{&quot;youtube_url&quot;:&quot;https:\\\/\\\/www.youtube.com\\\/watch?v=aDRdCLy8JVk&quot;,&quot;video_type&quot;:&quot;youtube&quot;,&quot;controls&quot;:&quot;yes&quot;}\" data-widget_type=\"video.default\">\n\t\t\t\t\t\t\t<div class=\"elementor-wrapper elementor-open-inline\">\n\t\t\t<div class=\"elementor-video\"><\/div>\t\t<\/div>\n\t\t\t\t\t\t<\/div>\n\t\t\t\t\t<\/div>\n\t\t\t\t<\/div>\n\t\t<div data-particle_enable=\"false\" data-particle-mobile-disabled=\"false\" class=\"elementor-element elementor-element-e213cf4 e-flex e-con-boxed e-con e-parent\" data-id=\"e213cf4\" data-element_type=\"container\" data-e-type=\"container\">\n\t\t\t\t\t<div class=\"e-con-inner\">\n\t\t\t\t<div class=\"elementor-element elementor-element-2297bd0 elementor-widget elementor-widget-text-editor\" data-id=\"2297bd0\" data-element_type=\"widget\" data-e-type=\"widget\" data-widget_type=\"text-editor.default\">\n\t\t\t\t\t\t\t\t\t<div><strong>7. Martirio<\/strong><\/div><div>\u2022Compositor: Alberto Vel\u00e1squez Collado.\u00a0\u00a0<\/div><div>\u2022Descripci\u00f3n: Esta marcha es conocida por su profundidad emocional y es frecuentemente interpretada en los cortejos procesionales.\u00a0 \u00a0<\/div><div>\u00a0<\/div>\t\t\t\t\t\t\t\t<\/div>\n\t\t\t\t\t<\/div>\n\t\t\t\t<\/div>\n\t\t<div data-particle_enable=\"false\" data-particle-mobile-disabled=\"false\" class=\"elementor-element elementor-element-4597cfe e-flex e-con-boxed e-con e-parent\" data-id=\"4597cfe\" data-element_type=\"container\" data-e-type=\"container\">\n\t\t\t\t\t<div class=\"e-con-inner\">\n\t\t\t\t<div class=\"elementor-element elementor-element-88fb6ce elementor-widget elementor-widget-video\" data-id=\"88fb6ce\" data-element_type=\"widget\" data-e-type=\"widget\" data-settings=\"{&quot;youtube_url&quot;:&quot;https:\\\/\\\/www.youtube.com\\\/watch?v=BJ7jw72VKX4&quot;,&quot;video_type&quot;:&quot;youtube&quot;,&quot;controls&quot;:&quot;yes&quot;}\" data-widget_type=\"video.default\">\n\t\t\t\t\t\t\t<div class=\"elementor-wrapper elementor-open-inline\">\n\t\t\t<div class=\"elementor-video\"><\/div>\t\t<\/div>\n\t\t\t\t\t\t<\/div>\n\t\t\t\t\t<\/div>\n\t\t\t\t<\/div>\n\t\t<div data-particle_enable=\"false\" data-particle-mobile-disabled=\"false\" class=\"elementor-element elementor-element-c58abcd e-flex e-con-boxed e-con e-parent\" data-id=\"c58abcd\" data-element_type=\"container\" data-e-type=\"container\">\n\t\t\t\t\t<div class=\"e-con-inner\">\n\t\t\t\t<div class=\"elementor-element elementor-element-4fba104 elementor-widget elementor-widget-text-editor\" data-id=\"4fba104\" data-element_type=\"widget\" data-e-type=\"widget\" data-widget_type=\"text-editor.default\">\n\t\t\t\t\t\t\t\t\t<div><strong>8. Condena<\/strong><\/div><div>\u2022Compositor: Rafael Ju\u00e1rez Castellanos.\u00a0\u00a0<\/div><div>\u2022Descripci\u00f3n: Una de las m\u00faltiples marchas f\u00fanebres compuestas por Ju\u00e1rez Castellanos, destacada por su solemnidad y profundidad.\u00a0 \u00a0<\/div><div>\u00a0<\/div>\t\t\t\t\t\t\t\t<\/div>\n\t\t\t\t\t<\/div>\n\t\t\t\t<\/div>\n\t\t<div data-particle_enable=\"false\" data-particle-mobile-disabled=\"false\" class=\"elementor-element elementor-element-a2e756e e-flex e-con-boxed e-con e-parent\" data-id=\"a2e756e\" data-element_type=\"container\" data-e-type=\"container\">\n\t\t\t\t\t<div class=\"e-con-inner\">\n\t\t\t\t<div class=\"elementor-element elementor-element-e3ad741 elementor-widget elementor-widget-video\" data-id=\"e3ad741\" data-element_type=\"widget\" data-e-type=\"widget\" data-settings=\"{&quot;youtube_url&quot;:&quot;https:\\\/\\\/www.youtube.com\\\/watch?v=wOCGFywXPgE&quot;,&quot;video_type&quot;:&quot;youtube&quot;,&quot;controls&quot;:&quot;yes&quot;}\" data-widget_type=\"video.default\">\n\t\t\t\t\t\t\t<div class=\"elementor-wrapper elementor-open-inline\">\n\t\t\t<div class=\"elementor-video\"><\/div>\t\t<\/div>\n\t\t\t\t\t\t<\/div>\n\t\t\t\t\t<\/div>\n\t\t\t\t<\/div>\n\t\t<div data-particle_enable=\"false\" data-particle-mobile-disabled=\"false\" class=\"elementor-element elementor-element-1a60bcd e-flex e-con-boxed e-con e-parent\" data-id=\"1a60bcd\" data-element_type=\"container\" data-e-type=\"container\">\n\t\t\t\t\t<div class=\"e-con-inner\">\n\t\t\t\t<div class=\"elementor-element elementor-element-793793d elementor-widget elementor-widget-text-editor\" data-id=\"793793d\" data-element_type=\"widget\" data-e-type=\"widget\" data-widget_type=\"text-editor.default\">\n\t\t\t\t\t\t\t\t\t<div><strong>9. Cristo del Perd\u00f3n<\/strong><\/div><div>\u2022Compositor: Jos\u00e9 Rodr\u00edguez L\u00f3pez\u00a0<\/div><div>\u2022Descripci\u00f3n: Obra significativa de Jos\u00e9 Rodr\u00edguez L\u00f3pez, interpretada en diversas procesiones en honor a Cristo del Perd\u00f3n.\u00a0 \u00a0<\/div><div>\u00a0<\/div>\t\t\t\t\t\t\t\t<\/div>\n\t\t\t\t\t<\/div>\n\t\t\t\t<\/div>\n\t\t<div data-particle_enable=\"false\" data-particle-mobile-disabled=\"false\" class=\"elementor-element elementor-element-147cbb1 e-flex e-con-boxed e-con e-parent\" data-id=\"147cbb1\" data-element_type=\"container\" data-e-type=\"container\">\n\t\t\t\t\t<div class=\"e-con-inner\">\n\t\t\t\t<div class=\"elementor-element elementor-element-a091256 elementor-widget elementor-widget-video\" data-id=\"a091256\" data-element_type=\"widget\" data-e-type=\"widget\" data-settings=\"{&quot;youtube_url&quot;:&quot;https:\\\/\\\/www.youtube.com\\\/watch?v=Ew37CREpQec&quot;,&quot;video_type&quot;:&quot;youtube&quot;,&quot;controls&quot;:&quot;yes&quot;}\" data-widget_type=\"video.default\">\n\t\t\t\t\t\t\t<div class=\"elementor-wrapper elementor-open-inline\">\n\t\t\t<div class=\"elementor-video\"><\/div>\t\t<\/div>\n\t\t\t\t\t\t<\/div>\n\t\t\t\t\t<\/div>\n\t\t\t\t<\/div>\n\t\t<div data-particle_enable=\"false\" data-particle-mobile-disabled=\"false\" class=\"elementor-element elementor-element-974afbf e-flex e-con-boxed e-con e-parent\" data-id=\"974afbf\" data-element_type=\"container\" data-e-type=\"container\">\n\t\t\t\t\t<div class=\"e-con-inner\">\n\t\t\t\t<div class=\"elementor-element elementor-element-77b7311 elementor-widget elementor-widget-text-editor\" data-id=\"77b7311\" data-element_type=\"widget\" data-e-type=\"widget\" data-widget_type=\"text-editor.default\">\n\t\t\t\t\t\t\t\t\t<div><strong>10. Una l\u00e1grima\u00a0<\/strong><\/div><div>\u2022Compositor: Manuel Enrique Moraga.<\/div><div>\u2022Descripci\u00f3n: Es una obra del maestro pianista Manuel Moraga Cosp\u00edn, un m\u00fasico civil que naci\u00f3 el 12 de julio de 1860 y falleci\u00f3 el 24 de octubre de 1924.<\/div>\t\t\t\t\t\t\t\t<\/div>\n\t\t\t\t\t<\/div>\n\t\t\t\t<\/div>\n\t\t<div data-particle_enable=\"false\" data-particle-mobile-disabled=\"false\" class=\"elementor-element elementor-element-987c0e5 e-flex e-con-boxed e-con e-parent\" data-id=\"987c0e5\" data-element_type=\"container\" data-e-type=\"container\">\n\t\t\t\t\t<div class=\"e-con-inner\">\n\t\t\t\t<div class=\"elementor-element elementor-element-eaa91d4 elementor-widget elementor-widget-video\" data-id=\"eaa91d4\" data-element_type=\"widget\" data-e-type=\"widget\" data-settings=\"{&quot;youtube_url&quot;:&quot;https:\\\/\\\/www.youtube.com\\\/watch?v=Y_5JXTFfWg8&amp;list=PLnUDHJz-31cFWr4p7dxKkpSa5NCAVLL1f&amp;index=7&quot;,&quot;video_type&quot;:&quot;youtube&quot;,&quot;controls&quot;:&quot;yes&quot;}\" data-widget_type=\"video.default\">\n\t\t\t\t\t\t\t<div class=\"elementor-wrapper elementor-open-inline\">\n\t\t\t<div class=\"elementor-video\"><\/div>\t\t<\/div>\n\t\t\t\t\t\t<\/div>\n\t\t\t\t\t<\/div>\n\t\t\t\t<\/div>\n\t\t<div data-particle_enable=\"false\" data-particle-mobile-disabled=\"false\" class=\"elementor-element elementor-element-3ac8e68 e-flex e-con-boxed e-con e-parent\" data-id=\"3ac8e68\" data-element_type=\"container\" data-e-type=\"container\">\n\t\t\t\t\t<div class=\"e-con-inner\">\n\t\t\t\t<div class=\"elementor-element elementor-element-fdec74e elementor-widget elementor-widget-text-editor\" data-id=\"fdec74e\" data-element_type=\"widget\" data-e-type=\"widget\" data-widget_type=\"text-editor.default\">\n\t\t\t\t\t\t\t\t\t<p><a href=\"https:\/\/soymigrante.com\/revista\/galeria-de-indumentarias-de-devotos-y-cucuruchos-de-cuaresma-y-semana-santa-guatemalteca\/\" target=\"_blank\" rel=\"noopener\">Estas marchas no solo enriquecen el acervo musical de Guatemala,<\/a> sino que tambi\u00e9n reflejan la profunda espiritualidad y tradici\u00f3n del pueblo guatemalteco durante la Semana Santa.<\/p>\t\t\t\t\t\t\t\t<\/div>\n\t\t\t\t\t<\/div>\n\t\t\t\t<\/div>\n\t\t<div data-particle_enable=\"false\" data-particle-mobile-disabled=\"false\" class=\"elementor-element elementor-element-61a701d e-flex e-con-boxed e-con e-parent\" data-id=\"61a701d\" data-element_type=\"container\" data-e-type=\"container\">\n\t\t\t\t\t<div class=\"e-con-inner\">\n\t\t\t\t<div class=\"elementor-element elementor-element-3682496 elementor-widget elementor-widget-heading\" data-id=\"3682496\" data-element_type=\"widget\" data-e-type=\"widget\" data-widget_type=\"heading.default\">\n\t\t\t\t\t<h2 class=\"elementor-heading-title elementor-size-default\">Conoce m\u00e1s de la Semana Santa guatemalteca, ac\u00e1...<\/h2>\t\t\t\t<\/div>\n\t\t\t\t\t<\/div>\n\t\t\t\t<\/div>\n\t\t<div data-particle_enable=\"false\" data-particle-mobile-disabled=\"false\" class=\"elementor-element elementor-element-2e52db7 e-flex e-con-boxed e-con e-parent\" data-id=\"2e52db7\" data-element_type=\"container\" data-e-type=\"container\">\n\t\t\t\t\t<div class=\"e-con-inner\">\n\t\t\t\t<div class=\"elementor-element elementor-element-b5566cb elementor-grid-eael-col-3 elementor-grid-tablet-eael-col-2 elementor-grid-mobile-eael-col-1 elementor-widget elementor-widget-eael-post-grid\" data-id=\"b5566cb\" data-element_type=\"widget\" data-e-type=\"widget\" data-settings=\"{&quot;eael_post_grid_columns&quot;:&quot;eael-col-3&quot;,&quot;eael_post_grid_columns_tablet&quot;:&quot;eael-col-2&quot;,&quot;eael_post_grid_columns_mobile&quot;:&quot;eael-col-1&quot;}\" data-widget_type=\"eael-post-grid.default\">\n\t\t\t\t\t<div id=\"eael-post-grid-b5566cb\" class=\"eael-post-grid-container\">\n            <div class=\"eael-post-grid eael-post-appender eael-post-appender-b5566cb eael-post-grid-style-one\" data-layout-mode=\"masonry\"><article class=\"eael-grid-post  eael-post-grid-column eael-pg-post-27712 category-guate-nuestra\" data-id=\"27712\">\n        <div class=\"eael-grid-post-holder\">\n            <div class=\"eael-grid-post-holder-inner\"><div class=\"eael-entry-media\"><div class=\"eael-entry-overlay fade-in\"><i class=\"far fa-hand-pointer\" aria-hidden=\"true\"><\/i><a href=\"https:\/\/soymigrante.com\/revista\/fe-migrante-carlos-cano-regresa-cada-ano-a-vivir-la-devocion-de-semana-santa-en-guatemala\/\"><\/a><\/div><div class=\"eael-entry-thumbnail \">\n                <img fetchpriority=\"high\" decoding=\"async\" width=\"300\" height=\"300\" src=\"https:\/\/soymigrante.com\/revista\/wp-content\/uploads\/2025\/03\/Carlos-Cano2-1-e1741720778496-300x300-copy.webp\" class=\"attachment-large size-large wp-image-27998\" alt=\"Celebraci\u00f3n tradicional de la Semana Santa con procesiones y demostraciones culturales en Espa\u00f1a.\" srcset=\"https:\/\/soymigrante.com\/revista\/wp-content\/uploads\/2025\/03\/Carlos-Cano2-1-e1741720778496-300x300-copy.webp 300w, https:\/\/soymigrante.com\/revista\/wp-content\/uploads\/2025\/03\/Carlos-Cano2-1-e1741720778496-300x300-copy-150x150.webp 150w, https:\/\/soymigrante.com\/revista\/wp-content\/uploads\/2025\/03\/Carlos-Cano2-1-e1741720778496-300x300-copy-75x75.webp 75w\" sizes=\"(max-width: 300px) 100vw, 300px\" \/>\n            <\/div>\n        <\/div><div class=\"eael-entry-wrapper\"><header class=\"eael-entry-header\"><h2 class=\"eael-entry-title\"><a class=\"eael-grid-post-link\" href=\"https:\/\/soymigrante.com\/revista\/fe-migrante-carlos-cano-regresa-cada-ano-a-vivir-la-devocion-de-semana-santa-en-guatemala\/\" title=\"Fe migrante: Carlos Cano regresa cada a\u00f1o a vivir la devoci\u00f3n de Semana Santa en Guatemala\">Fe migrante: Carlos Cano regresa cada a\u00f1o a vivir la devoci\u00f3n de Semana Santa en Guatemala<\/a><\/h2><\/header><div class=\"eael-entry-content\">\n                        <div class=\"eael-grid-post-excerpt\"><a href=\"https:\/\/soymigrante.com\/revista\/fe-migrante-carlos-cano-regresa-cada-ano-a-vivir-la-devocion-de-semana-santa-en-guatemala\/\" class=\"eael-post-elements-readmore-btn\">CONOCE SU HISTORIA <\/a><\/div>\n                    <\/div><\/div><\/div>\n        <\/div>\n    <\/article><article class=\"eael-grid-post  eael-post-grid-column eael-pg-post-27268 category-guate-nuestra\" data-id=\"27268\">\n        <div class=\"eael-grid-post-holder\">\n            <div class=\"eael-grid-post-holder-inner\"><div class=\"eael-entry-media\"><div class=\"eael-entry-overlay fade-in\"><i class=\"far fa-hand-pointer\" aria-hidden=\"true\"><\/i><a href=\"https:\/\/soymigrante.com\/revista\/los-huertos-de-semana-santa-y-sus-historias-de-agradecimientos\/\"><\/a><\/div><div class=\"eael-entry-thumbnail \">\n                <img decoding=\"async\" width=\"303\" height=\"303\" src=\"https:\/\/soymigrante.com\/revista\/wp-content\/uploads\/2025\/03\/hnuertos--e1741284463853.webp\" class=\"attachment-large size-large wp-image-27269\" alt=\"Jard\u00edn floral decorativo con alfombra de flores coloridas y detalles tradicionales, exhibido en la Catedral de Antigua Guatemala durante la Semana Santa 2008.\" srcset=\"https:\/\/soymigrante.com\/revista\/wp-content\/uploads\/2025\/03\/hnuertos--e1741284463853.webp 303w, https:\/\/soymigrante.com\/revista\/wp-content\/uploads\/2025\/03\/hnuertos--e1741284463853-300x300.png 300w, https:\/\/soymigrante.com\/revista\/wp-content\/uploads\/2025\/03\/hnuertos--e1741284463853-150x150.png 150w, https:\/\/soymigrante.com\/revista\/wp-content\/uploads\/2025\/03\/hnuertos--e1741284463853-75x75.webp 75w\" sizes=\"(max-width: 303px) 100vw, 303px\" \/>\n            <\/div>\n        <\/div><div class=\"eael-entry-wrapper\"><header class=\"eael-entry-header\"><h2 class=\"eael-entry-title\"><a class=\"eael-grid-post-link\" href=\"https:\/\/soymigrante.com\/revista\/los-huertos-de-semana-santa-y-sus-historias-de-agradecimientos\/\" title=\"Los huertos de Semana Santa y sus historias de agradecimientos\">Los huertos de Semana Santa y sus historias de agradecimientos<\/a><\/h2><\/header><div class=\"eael-entry-content\">\n                        <div class=\"eael-grid-post-excerpt\"><a href=\"https:\/\/soymigrante.com\/revista\/los-huertos-de-semana-santa-y-sus-historias-de-agradecimientos\/\" class=\"eael-post-elements-readmore-btn\">CONOCE SU HISTORIA <\/a><\/div>\n                    <\/div><\/div><\/div>\n        <\/div>\n    <\/article><article class=\"eael-grid-post  eael-post-grid-column eael-pg-post-26140 category-guate-nuestra\" data-id=\"26140\">\n        <div class=\"eael-grid-post-holder\">\n            <div class=\"eael-grid-post-holder-inner\"><div class=\"eael-entry-media\"><div class=\"eael-entry-overlay fade-in\"><i class=\"far fa-hand-pointer\" aria-hidden=\"true\"><\/i><a href=\"https:\/\/soymigrante.com\/revista\/algunas-sugerencias-para-que-devotos-migrantes-vivan-mejor-la-cuaresma-y-semana-santa\/\"><\/a><\/div><div class=\"eael-entry-thumbnail \">\n                <img decoding=\"async\" width=\"720\" height=\"720\" src=\"https:\/\/soymigrante.com\/revista\/wp-content\/uploads\/2023\/03\/2-FOTOS-DE-NAZARENO-DE-CANDELARIA-CORTESIA-DE-LANZA-SAGRADA-4-e1740965775791.webp\" class=\"attachment-large size-large wp-image-615\" alt=\"\" srcset=\"https:\/\/soymigrante.com\/revista\/wp-content\/uploads\/2023\/03\/2-FOTOS-DE-NAZARENO-DE-CANDELARIA-CORTESIA-DE-LANZA-SAGRADA-4-e1740965775791.webp 720w, https:\/\/soymigrante.com\/revista\/wp-content\/uploads\/2023\/03\/2-FOTOS-DE-NAZARENO-DE-CANDELARIA-CORTESIA-DE-LANZA-SAGRADA-4-e1740965775791-300x300.webp 300w, https:\/\/soymigrante.com\/revista\/wp-content\/uploads\/2023\/03\/2-FOTOS-DE-NAZARENO-DE-CANDELARIA-CORTESIA-DE-LANZA-SAGRADA-4-e1740965775791-150x150.webp 150w, https:\/\/soymigrante.com\/revista\/wp-content\/uploads\/2023\/03\/2-FOTOS-DE-NAZARENO-DE-CANDELARIA-CORTESIA-DE-LANZA-SAGRADA-4-e1740965775791-75x75.webp 75w\" sizes=\"(max-width: 720px) 100vw, 720px\" \/>\n            <\/div>\n        <\/div><div class=\"eael-entry-wrapper\"><header class=\"eael-entry-header\"><h2 class=\"eael-entry-title\"><a class=\"eael-grid-post-link\" href=\"https:\/\/soymigrante.com\/revista\/algunas-sugerencias-para-que-devotos-migrantes-vivan-mejor-la-cuaresma-y-semana-santa\/\" title=\"Algunas sugerencias para que devotos migrantes vivan mejor la Cuaresma y Semana Santa\">Algunas sugerencias para que devotos migrantes vivan mejor la Cuaresma y Semana Santa<\/a><\/h2><\/header><div class=\"eael-entry-content\">\n                        <div class=\"eael-grid-post-excerpt\"><a href=\"https:\/\/soymigrante.com\/revista\/algunas-sugerencias-para-que-devotos-migrantes-vivan-mejor-la-cuaresma-y-semana-santa\/\" class=\"eael-post-elements-readmore-btn\">CONOCE SU HISTORIA <\/a><\/div>\n                    <\/div><\/div><\/div>\n        <\/div>\n    <\/article><\/div>\n            <div class=\"clearfix\"><\/div>\n        <\/div>\t\t\t\t<\/div>\n\t\t\t\t\t<\/div>\n\t\t\t\t<\/div>\n\t\t\t\t<\/div>\n\t\t","protected":false},"excerpt":{"rendered":"<p>Las marchas en Guatemala representan ese sonido tan emblem\u00e1tico de las procesiones recorriendo las calles y avenidas. La Semana Santa en Guatemala es una manifestaci\u00f3n cultural y religiosa de gran importancia, donde la m\u00fasica juega un papel esencial en las procesiones. Las marchas f\u00fanebres, en particular, acompa\u00f1an los cortejos procesionales, creando una atm\u00f3sfera de reflexi\u00f3n [&hellip;]<\/p>\n","protected":false},"author":19,"featured_media":30042,"comment_status":"open","ping_status":"open","sticky":false,"template":"","format":"standard","meta":{"_acf_changed":false,"_eb_attr":"","footnotes":""},"categories":[58],"tags":[],"class_list":["post-30041","post","type-post","status-publish","format-standard","has-post-thumbnail","hentry","category-guate-nuestra"],"acf":[],"aioseo_notices":[],"aioseo_head":"\n\t\t<!-- All in One SEO Pro 4.9.6.2 - aioseo.com -->\n\t<meta name=\"description\" content=\"Los migrantes que viven en Estados Unidos pueden recordar la Cuaresma y Semana Santa para no sentir la nostalgia.\" \/>\n\t<meta name=\"robots\" content=\"max-snippet:-1, max-image-preview:large, max-video-preview:-1\" \/>\n\t<meta name=\"author\" content=\"Marysabel Aldana\"\/>\n\t<link rel=\"canonical\" href=\"https:\/\/soymigrante.com\/revista\/algunas-sugerencias-para-que-devotos-migrantes-vivan-mejor-la-cuaresma-y-semana-santa\/\" \/>\n\t<meta name=\"generator\" content=\"All in One SEO Pro (AIOSEO) 4.9.6.2\" \/>\n\n\t\t<link rel=\"preconnect\" href=\"https:\/\/fonts.googleapis.com\" crossorigin>\n<link rel=\"preconnect\" href=\"https:\/\/fonts.gstatic.com\" crossorigin>\n\t\t<meta property=\"og:locale\" content=\"es_ES\" \/>\n\t\t<meta property=\"og:site_name\" content=\"SoyMigrante.com REVISTA \u2013 Nuestra misi\u00f3n es reconocer y dignificar al migrante.\" \/>\n\t\t<meta property=\"og:type\" content=\"article\" \/>\n\t\t<meta property=\"og:title\" content=\"Algunas sugerencias para que devotos migrantes vivan mejor la Cuaresma y Semana Santa\" \/>\n\t\t<meta property=\"og:description\" content=\"Los migrantes que viven en Estados Unidos pueden recordar la Cuaresma y Semana Santa para no sentir la nostalgia.\" \/>\n\t\t<meta property=\"og:url\" content=\"https:\/\/soymigrante.com\/revista\/algunas-sugerencias-para-que-devotos-migrantes-vivan-mejor-la-cuaresma-y-semana-santa\/\" \/>\n\t\t<meta property=\"og:image\" content=\"https:\/\/soymigrante.com\/revista\/wp-content\/uploads\/2023\/03\/2-FOTOS-DE-NAZARENO-DE-CANDELARIA-CORTESIA-DE-LANZA-SAGRADA-4-e1740965775791.webp\" \/>\n\t\t<meta property=\"og:image:secure_url\" content=\"https:\/\/soymigrante.com\/revista\/wp-content\/uploads\/2023\/03\/2-FOTOS-DE-NAZARENO-DE-CANDELARIA-CORTESIA-DE-LANZA-SAGRADA-4-e1740965775791.webp\" \/>\n\t\t<meta property=\"og:image:width\" content=\"720\" \/>\n\t\t<meta property=\"og:image:height\" content=\"720\" \/>\n\t\t<meta property=\"article:published_time\" content=\"2025-03-03T11:00:00+00:00\" \/>\n\t\t<meta property=\"article:modified_time\" content=\"2025-03-03T01:37:08+00:00\" \/>\n\t\t<meta property=\"article:publisher\" content=\"https:\/\/www.facebook.com\/soymigrantecom\" \/>\n\t\t<meta name=\"twitter:card\" content=\"summary_large_image\" \/>\n\t\t<meta name=\"twitter:site\" content=\"@SoyMigrante_com\" \/>\n\t\t<meta name=\"twitter:title\" content=\"Algunas sugerencias para que devotos migrantes vivan mejor la Cuaresma y Semana Santa\" \/>\n\t\t<meta name=\"twitter:description\" content=\"Los migrantes que viven en Estados Unidos pueden recordar la Cuaresma y Semana Santa para no sentir la nostalgia.\" \/>\n\t\t<meta name=\"twitter:creator\" content=\"@SoyMigrante_com\" \/>\n\t\t<meta name=\"twitter:image\" content=\"https:\/\/soymigrante.com\/revista\/wp-content\/uploads\/2023\/03\/2-FOTOS-DE-NAZARENO-DE-CANDELARIA-CORTESIA-DE-LANZA-SAGRADA-4-e1740965775791.webp\" \/>\n\t\t<!-- All in One SEO Pro -->\r\n\t\t<title>Algunas sugerencias para que devotos migrantes vivan mejor la Cuaresma y Semana Santa<\/title>\n\n","aioseo_head_json":{"title":"Algunas sugerencias para que devotos migrantes vivan mejor la Cuaresma y Semana Santa","description":"Los migrantes que viven en Estados Unidos pueden recordar la Cuaresma y Semana Santa para no sentir la nostalgia.","canonical_url":"https:\/\/soymigrante.com\/revista\/algunas-sugerencias-para-que-devotos-migrantes-vivan-mejor-la-cuaresma-y-semana-santa\/","robots":"max-snippet:-1, max-image-preview:large, max-video-preview:-1","keywords":"","webmasterTools":{"miscellaneous":"&lt;link rel=\"preconnect\" href=\"https:\/\/fonts.googleapis.com\" crossorigin&gt;\n&lt;link rel=\"preconnect\" href=\"https:\/\/fonts.gstatic.com\" crossorigin&gt;"},"schema":null,"og:locale":"es_ES","og:site_name":"SoyMigrante.com REVISTA \u2013 Nuestra misi\u00f3n es reconocer y dignificar al migrante.","og:type":"article","og:title":"Algunas sugerencias para que devotos migrantes vivan mejor la Cuaresma y Semana Santa","og:description":"Los migrantes que viven en Estados Unidos pueden recordar la Cuaresma y Semana Santa para no sentir la nostalgia.","og:url":"https:\/\/soymigrante.com\/revista\/algunas-sugerencias-para-que-devotos-migrantes-vivan-mejor-la-cuaresma-y-semana-santa\/","og:image":"https:\/\/soymigrante.com\/revista\/wp-content\/uploads\/2023\/03\/2-FOTOS-DE-NAZARENO-DE-CANDELARIA-CORTESIA-DE-LANZA-SAGRADA-4-e1740965775791.webp","og:image:secure_url":"https:\/\/soymigrante.com\/revista\/wp-content\/uploads\/2023\/03\/2-FOTOS-DE-NAZARENO-DE-CANDELARIA-CORTESIA-DE-LANZA-SAGRADA-4-e1740965775791.webp","og:image:width":720,"og:image:height":720,"article:published_time":"2025-03-03T11:00:00+00:00","article:modified_time":"2025-03-03T01:37:08+00:00","article:publisher":"https:\/\/www.facebook.com\/soymigrantecom","twitter:card":"summary_large_image","twitter:site":"@SoyMigrante_com","twitter:title":"Algunas sugerencias para que devotos migrantes vivan mejor la Cuaresma y Semana Santa","twitter:description":"Los migrantes que viven en Estados Unidos pueden recordar la Cuaresma y Semana Santa para no sentir la nostalgia.","twitter:creator":"@SoyMigrante_com","twitter:image":"https:\/\/soymigrante.com\/revista\/wp-content\/uploads\/2023\/03\/2-FOTOS-DE-NAZARENO-DE-CANDELARIA-CORTESIA-DE-LANZA-SAGRADA-4-e1740965775791.webp"},"aioseo_meta_data":{"post_id":"30041","title":"10 marchas procesionales guatemaltecas emblem\u00e1ticas","description":"El compas de las marchas f\u00fanebres guatemaltecas es un g\u00e9nero musical \u00fanico en su tipo y forma parte del Patrimonio Cultural Intangible de la Semana Santa.","keywords":null,"keyphrases":{"focus":{"keyphrase":"Marchas","score":82,"analysis":{"keyphraseInTitle":{"score":9,"maxScore":9,"error":0},"keyphraseInDescription":{"score":9,"maxScore":9,"error":0},"keyphraseLength":{"score":9,"maxScore":9,"error":0,"length":1},"keyphraseInURL":{"score":5,"maxScore":5,"error":0},"keyphraseInIntroduction":{"score":3,"maxScore":9,"error":1},"keyphraseInSubHeadings":{"score":9,"maxScore":9,"error":0},"keyphraseInImageAlt":{"score":3,"maxScore":9,"error":1},"keywordDensity":{"type":"best","score":9,"maxScore":9,"error":0}}},"additional":[{"keyphrase":"Procesiones","score":73,"analysis":{"keyphraseInDescription":{"score":3,"maxScore":9,"error":1},"keyphraseLength":{"score":9,"maxScore":9,"error":0,"length":1},"keyphraseInIntroduction":{"score":9,"maxScore":9,"error":0},"keyphraseInImageAlt":{"score":3,"maxScore":9,"error":1},"keywordDensity":{"type":"best","score":9,"maxScore":9,"error":0}}},{"keyphrase":"Guatemala","score":87,"analysis":{"keyphraseInDescription":{"score":3,"maxScore":9,"error":1},"keyphraseLength":{"score":9,"maxScore":9,"error":0,"length":1},"keyphraseInIntroduction":{"score":9,"maxScore":9,"error":0},"keyphraseInImageAlt":{"score":9,"maxScore":9,"error":0},"keywordDensity":{"type":"best","score":9,"maxScore":9,"error":0}}}]},"primary_term":null,"canonical_url":null,"og_title":null,"og_description":null,"og_object_type":"default","og_image_type":"default","og_image_url":null,"og_image_width":null,"og_image_height":null,"og_image_custom_url":null,"og_image_custom_fields":null,"og_video":"","og_custom_url":null,"og_article_section":null,"og_article_tags":null,"twitter_use_og":false,"twitter_card":"default","twitter_image_type":"default","twitter_image_url":null,"twitter_image_custom_url":null,"twitter_image_custom_fields":null,"twitter_title":null,"twitter_description":null,"schema":{"blockGraphs":[],"customGraphs":[],"default":{"data":{"Article":[],"Course":[],"Dataset":[],"FAQPage":[],"Movie":[],"Person":[],"Product":[],"ProductReview":[],"Car":[],"Recipe":[],"Service":[],"SoftwareApplication":[],"WebPage":[]},"graphName":"BlogPosting","isEnabled":true},"graphs":[]},"schema_type":"default","schema_type_options":null,"pillar_content":false,"robots_default":true,"robots_noindex":false,"robots_noarchive":false,"robots_nosnippet":false,"robots_nofollow":false,"robots_noimageindex":false,"robots_noodp":false,"robots_notranslate":false,"robots_max_snippet":"-1","robots_max_videopreview":"-1","robots_max_imagepreview":"large","priority":null,"frequency":"default","local_seo":null,"seo_analyzer_scan_date":"2025-10-09 04:11:13","breadcrumb_settings":null,"limit_modified_date":false,"reviewed_by":null,"open_ai":"{\"title\":{\"suggestions\":[],\"usage\":0},\"description\":{\"suggestions\":[],\"usage\":0}}","ai":null,"created":"2025-04-03 19:28:18","updated":"2026-02-04 22:51:26"},"aioseo_breadcrumb":"<div class=\"aioseo-breadcrumbs\"><span class=\"aioseo-breadcrumb\">\n\t<a href=\"https:\/\/soymigrante.com\/revista\" title=\"Home\">Home<\/a>\n<\/span><span class=\"aioseo-breadcrumb-separator\">\u00bb<\/span><span class=\"aioseo-breadcrumb\">\n\t<a href=\"https:\/\/soymigrante.com\/revista\/category\/guate-nuestra\/\" title=\"Guate Nuestra\">Guate Nuestra<\/a>\n<\/span><span class=\"aioseo-breadcrumb-separator\">\u00bb<\/span><span class=\"aioseo-breadcrumb\">\n\tDiez marchas procesionales guatemaltecas emblem\u00e1ticas \u00bfest\u00e1 tu favorita aqu\u00ed?\n<\/span><\/div>","aioseo_breadcrumb_json":[{"label":"Home","link":"https:\/\/soymigrante.com\/revista"},{"label":"Guate Nuestra","link":"https:\/\/soymigrante.com\/revista\/category\/guate-nuestra\/"},{"label":"Diez marchas procesionales guatemaltecas emblem\u00e1ticas \u00bfest\u00e1 tu favorita aqu\u00ed?","link":"https:\/\/soymigrante.com\/revista\/diez-marchas-procesionales-guatemaltecas-emblematicas-esta-tu-favorita-aqui\/"}],"_links":{"self":[{"href":"https:\/\/soymigrante.com\/revista\/wp-json\/wp\/v2\/posts\/30041","targetHints":{"allow":["GET"]}}],"collection":[{"href":"https:\/\/soymigrante.com\/revista\/wp-json\/wp\/v2\/posts"}],"about":[{"href":"https:\/\/soymigrante.com\/revista\/wp-json\/wp\/v2\/types\/post"}],"author":[{"embeddable":true,"href":"https:\/\/soymigrante.com\/revista\/wp-json\/wp\/v2\/users\/19"}],"replies":[{"embeddable":true,"href":"https:\/\/soymigrante.com\/revista\/wp-json\/wp\/v2\/comments?post=30041"}],"version-history":[{"count":0,"href":"https:\/\/soymigrante.com\/revista\/wp-json\/wp\/v2\/posts\/30041\/revisions"}],"wp:featuredmedia":[{"embeddable":true,"href":"https:\/\/soymigrante.com\/revista\/wp-json\/wp\/v2\/media\/30042"}],"wp:attachment":[{"href":"https:\/\/soymigrante.com\/revista\/wp-json\/wp\/v2\/media?parent=30041"}],"wp:term":[{"taxonomy":"category","embeddable":true,"href":"https:\/\/soymigrante.com\/revista\/wp-json\/wp\/v2\/categories?post=30041"},{"taxonomy":"post_tag","embeddable":true,"href":"https:\/\/soymigrante.com\/revista\/wp-json\/wp\/v2\/tags?post=30041"}],"curies":[{"name":"wp","href":"https:\/\/api.w.org\/{rel}","templated":true}]}}