{"id":300,"date":"2023-05-26T00:42:37","date_gmt":"2023-05-26T00:42:37","guid":{"rendered":"https:\/\/soymigrante.wpengine.com\/?p=300"},"modified":"2024-06-25T16:34:59","modified_gmt":"2024-06-25T22:34:59","slug":"el-duelo-migratorio-existe-y-no-solo-es-uno-son-siete-los-duelos-del-migrante","status":"publish","type":"post","link":"https:\/\/soymigrante.com\/revista\/el-duelo-migratorio-existe-y-no-solo-es-uno-son-siete-los-duelos-del-migrante\/","title":{"rendered":"Duelo de distancia  es real pero se puede y se debe superar"},"content":{"rendered":"\n<h4 class=\"wp-block-heading\">La separaci\u00f3n de la familia, el lugar de origen, los grupos de contacto social y de la propia rutina a causa de relocalizarse en otro pa\u00eds, tiene impactos que deben cuidarse para no volverse cr\u00f3nicos<\/h4>\n\n\n\n<p>Por Rafael Flores<br>Ilustraci\u00f3n de Maugdo V\u00e1squez, artista guatemalteco<\/p>\n\n\n\n<p>Toda persona que se traslada a vivir a una localidad distante de su lugar de origen o de habitual residencia puede experimentar grados de duelo, entendi\u00e9ndose esta palabra como el proceso de perder algo. \u201cEs importante visualizarlo, reconocerlo y llamarlo por su nombre, porque usualmente duelo se entiende como el sentimiento tras la muerte de un ser querido, pero en psicolog\u00eda hay otras circunstancias que pueden dispararlo\u201d, expone el psic\u00f3logo espa\u00f1ol Carlos Rodr\u00edguez, quien ha vivido esa misma experiencia, debido a que tuvo que migrar a Munich, Alemania, con otra cultura, otro clima y m\u00e1s cambios.<\/p>\n\n\n\n<p>De hecho, el duelo no es solo uno sino al menos siete posibles duelos, seg\u00fan lo aborda otro experto en el \u00e1rea emocional de la migraci\u00f3n, Joseba Achoategui, barcelon\u00e9s.&nbsp;<\/p>\n\n\n\n<p>\u201cExistir\u00edan siete duelos en la migraci\u00f3n: la familia y los seres queridos, la lengua, la cultura, la tierra, el estatus social, el contacto con el grupo de pertenencia, los riesgos para la integridad f\u00edsica\u201d, expone Achoategui&nbsp; en su ensayo \u201cDuelo migratorio extremo: el s\u00edndrome del inmigrante con estr\u00e9s cr\u00f3nico\u201d y detalla que existen tres grados de duelo: simple, complicado y extremo.<\/p>\n\n\n\n<ol class=\"wp-block-list\">\n<li><strong>Simple<\/strong> es una transici\u00f3n bastante normal que puede ser asimilado o elaborado f\u00e1cilmente. Por ejemplo un joven adulto que se va a estudiar a otro pa\u00eds, que no deja atr\u00e1s hijos peque\u00f1os o padres enfermos.<\/li>\n\n\n\n<li><strong>Complicado: <\/strong>Cuando existen factores que complican su manejo y causan cierto malestar. Puede ser el caso de quienes se marchan por estudios o trabajo, que s\u00ed tienen padres muy ancianos o enfermos, hijos, c\u00f3nyuge o familiares que puedan tener alguna situaci\u00f3n apremiante de la cual se entera a la distancia. NO obstante, puede regresar a visitarlos eventualmente.<\/li>\n\n\n\n<li><strong>Extremo<\/strong> es cuando se conjugan las anteriores situaciones de seres queridos en el lugar de origen a los cuales no puede visitar, ni llevarlos hasta donde est\u00e1 e incluso con dificultades para poder ayudarles.&nbsp;<\/li>\n<\/ol>\n\n\n\n<p>Pero al duelo por la familia tambi\u00e9n pueden sumarse situaciones de tensi\u00f3n a causa de la falta de dominio del nuevo idioma, el cambio s\u00fabito de cultura, dificultades econ\u00f3micas en la nueva localizaci\u00f3n, situaciones complicadas de trabajo o condiciones precarias de vivienda, ya sea por malas condiciones del inmueble o hacinamiento.<\/p>\n\n\n\n<figure class=\"wp-block-gallery has-nested-images columns-default is-cropped wp-block-gallery-1 is-layout-flex wp-block-gallery-is-layout-flex\">\n<figure class=\"wp-block-image size-large\"><img fetchpriority=\"high\" decoding=\"async\" width=\"1024\" height=\"768\" data-id=\"301\" src=\"https:\/\/soymigrante.wpengine.com\/wp-content\/uploads\/2023\/02\/IMG_20170505_161001-1024x768.jpg\" alt=\"El cambio de costumbres y rutinas parece novedad al principio y luego tiende a convertirse en una nostalgia que se debe superar.\" class=\"wp-image-301\" srcset=\"https:\/\/soymigrante.com\/revista\/wp-content\/uploads\/2023\/02\/IMG_20170505_161001-1024x768.jpg 1024w, https:\/\/soymigrante.com\/revista\/wp-content\/uploads\/2023\/02\/IMG_20170505_161001-300x225.webp 300w, https:\/\/soymigrante.com\/revista\/wp-content\/uploads\/2023\/02\/IMG_20170505_161001-768x576.jpg 768w, https:\/\/soymigrante.com\/revista\/wp-content\/uploads\/2023\/02\/IMG_20170505_161001-1536x1152.jpg 1536w, https:\/\/soymigrante.com\/revista\/wp-content\/uploads\/2023\/02\/IMG_20170505_161001-2048x1536.jpg 2048w, https:\/\/soymigrante.com\/revista\/wp-content\/uploads\/2023\/02\/IMG_20170505_161001-750x563.webp 750w, https:\/\/soymigrante.com\/revista\/wp-content\/uploads\/2023\/02\/IMG_20170505_161001-1140x855.jpg 1140w, https:\/\/soymigrante.com\/revista\/wp-content\/uploads\/2023\/02\/IMG_20170505_161001-scaled.webp 1920w\" sizes=\"(max-width: 1024px) 100vw, 1024px\" \/><\/figure>\n<\/figure>\n\n\n\n<p>La tensi\u00f3n por la necesidad de enviar recursos econ\u00f3micos a la familia en el lugar de origen puede llegar a detonar, en conjunto con algunos de los factores anteriores una posible crisis de ansiedad o incluso una depresi\u00f3n, manifestada a trav\u00e9s de s\u00edntomas como insomnio, falta de apetito, sentido de desmotivaci\u00f3n, miedo constante, ataques de p\u00e1nico, deseos de salir corriendo.<br>Ante estas situaciones es necesario buscar ayuda ya sea a trav\u00e9s de l\u00edderes religiosos de comunidades locales o fraternidades migrantes. Tambi\u00e9n existe apoyo psicol\u00f3gico prestado por psic\u00f3logos mexicanos a trav\u00e9s de la l\u00ednea gratuita 1-877-223-7725.<br>As\u00ed tambi\u00e9n canales digitales como el del psic\u00f3logo Carlos Rodr\u00edguez exponen inquietudes emocionales de la vida migrante que pueden contribuir a subsanarlas.&nbsp;<\/p>\n\n\n\n<p>Lo importante es reconocer la presencia de un duelo migrante, sus causas y complicaciones para poder comenzar a buscar ayuda para trabajar en ellas.<\/p>\n\n\n\n<p><strong> <\/strong><\/p>\n\n\n\n<figure class=\"wp-block-embed is-type-video is-provider-youtube wp-block-embed-youtube wp-embed-aspect-16-9 wp-has-aspect-ratio\"><div class=\"wp-block-embed__wrapper\">\n<iframe title=\"\u00bfQu\u00e9 es el DUELO MIGRATORIO? | Proceso Migratorio | Psico Expat\" width=\"500\" height=\"281\" src=\"https:\/\/www.youtube.com\/embed\/wcRamWR9HkM?feature=oembed\" frameborder=\"0\" allow=\"accelerometer; autoplay; clipboard-write; encrypted-media; gyroscope; picture-in-picture; web-share\" referrerpolicy=\"strict-origin-when-cross-origin\" allowfullscreen><\/iframe>\n<\/div><\/figure>\n","protected":false},"excerpt":{"rendered":"<p>Toda persona que se traslada a vivir a una localidad distante de su lugar de origen o de habitual residencia&#8230;<\/p>\n","protected":false},"author":1,"featured_media":6099,"comment_status":"open","ping_status":"open","sticky":false,"template":"","format":"standard","meta":{"_acf_changed":false,"_eb_attr":"","footnotes":""},"categories":[55],"tags":[],"class_list":["post-300","post","type-post","status-publish","format-standard","has-post-thumbnail","hentry","category-bienestar"],"acf":[],"aioseo_notices":[],"aioseo_head":"\n\t\t<!-- All in One SEO Pro 4.9.6.2 - aioseo.com -->\n\t<meta name=\"description\" content=\"Toda persona que se traslada a vivir a una localidad distante de su lugar de origen o de habitual residencia...\" \/>\n\t<meta name=\"robots\" content=\"max-snippet:-1, max-image-preview:large, max-video-preview:-1\" \/>\n\t<meta name=\"author\" content=\"SoyMigrante.com REVISTA\"\/>\n\t<link rel=\"canonical\" href=\"https:\/\/soymigrante.com\/revista\/el-duelo-migratorio-existe-y-no-solo-es-uno-son-siete-los-duelos-del-migrante\/\" \/>\n\t<meta name=\"generator\" content=\"All in One SEO Pro (AIOSEO) 4.9.6.2\" \/>\n\n\t\t<link rel=\"preconnect\" href=\"https:\/\/fonts.googleapis.com\" crossorigin>\n<link rel=\"preconnect\" href=\"https:\/\/fonts.gstatic.com\" crossorigin>\n\t\t<meta property=\"og:locale\" content=\"es_ES\" \/>\n\t\t<meta property=\"og:site_name\" content=\"SoyMigrante.com REVISTA \u2013 Nuestra misi\u00f3n es reconocer y dignificar al migrante.\" \/>\n\t\t<meta property=\"og:type\" content=\"article\" \/>\n\t\t<meta property=\"og:title\" content=\"Duelo de distancia es real pero se puede y se debe superar\" \/>\n\t\t<meta property=\"og:description\" content=\"Toda persona que se traslada a vivir a una localidad distante de su lugar de origen o de habitual residencia...\" \/>\n\t\t<meta property=\"og:url\" content=\"https:\/\/soymigrante.com\/revista\/el-duelo-migratorio-existe-y-no-solo-es-uno-son-siete-los-duelos-del-migrante\/\" \/>\n\t\t<meta property=\"og:image\" content=\"https:\/\/soymigrante.com\/revista\/wp-content\/uploads\/2024\/01\/Duelo-de-distancia-es-real.webp\" \/>\n\t\t<meta property=\"og:image:secure_url\" content=\"https:\/\/soymigrante.com\/revista\/wp-content\/uploads\/2024\/01\/Duelo-de-distancia-es-real.webp\" \/>\n\t\t<meta property=\"og:image:width\" content=\"1024\" \/>\n\t\t<meta property=\"og:image:height\" content=\"1024\" \/>\n\t\t<meta property=\"article:published_time\" content=\"2023-05-26T00:42:37+00:00\" \/>\n\t\t<meta property=\"article:modified_time\" content=\"2024-06-25T22:34:59+00:00\" \/>\n\t\t<meta property=\"article:publisher\" content=\"https:\/\/www.facebook.com\/soymigrantecom\" \/>\n\t\t<meta name=\"twitter:card\" content=\"summary_large_image\" \/>\n\t\t<meta name=\"twitter:site\" content=\"@SoyMigrante_com\" \/>\n\t\t<meta name=\"twitter:title\" content=\"Duelo de distancia es real pero se puede y se debe superar\" \/>\n\t\t<meta name=\"twitter:description\" content=\"Toda persona que se traslada a vivir a una localidad distante de su lugar de origen o de habitual residencia...\" \/>\n\t\t<meta name=\"twitter:creator\" content=\"@SoyMigrante_com\" \/>\n\t\t<meta name=\"twitter:image\" content=\"https:\/\/soymigrante.com\/revista\/wp-content\/uploads\/2024\/01\/Duelo-de-distancia-es-real.webp\" \/>\n\t\t<!-- All in One SEO Pro -->\r\n\t\t<title>Duelo de distancia es real pero se puede y se debe superar<\/title>\n\n","aioseo_head_json":{"title":"Duelo de distancia es real pero se puede y se debe superar","description":"Toda persona que se traslada a vivir a una localidad distante de su lugar de origen o de habitual residencia...","canonical_url":"https:\/\/soymigrante.com\/revista\/el-duelo-migratorio-existe-y-no-solo-es-uno-son-siete-los-duelos-del-migrante\/","robots":"max-snippet:-1, max-image-preview:large, max-video-preview:-1","keywords":"","webmasterTools":{"miscellaneous":"&lt;link rel=\"preconnect\" href=\"https:\/\/fonts.googleapis.com\" crossorigin&gt;\n&lt;link rel=\"preconnect\" href=\"https:\/\/fonts.gstatic.com\" crossorigin&gt;"},"schema":null,"og:locale":"es_ES","og:site_name":"SoyMigrante.com REVISTA \u2013 Nuestra misi\u00f3n es reconocer y dignificar al migrante.","og:type":"article","og:title":"Duelo de distancia es real pero se puede y se debe superar","og:description":"Toda persona que se traslada a vivir a una localidad distante de su lugar de origen o de habitual residencia...","og:url":"https:\/\/soymigrante.com\/revista\/el-duelo-migratorio-existe-y-no-solo-es-uno-son-siete-los-duelos-del-migrante\/","og:image":"https:\/\/soymigrante.com\/revista\/wp-content\/uploads\/2024\/01\/Duelo-de-distancia-es-real.webp","og:image:secure_url":"https:\/\/soymigrante.com\/revista\/wp-content\/uploads\/2024\/01\/Duelo-de-distancia-es-real.webp","og:image:width":1024,"og:image:height":1024,"article:published_time":"2023-05-26T00:42:37+00:00","article:modified_time":"2024-06-25T22:34:59+00:00","article:publisher":"https:\/\/www.facebook.com\/soymigrantecom","twitter:card":"summary_large_image","twitter:site":"@SoyMigrante_com","twitter:title":"Duelo de distancia es real pero se puede y se debe superar","twitter:description":"Toda persona que se traslada a vivir a una localidad distante de su lugar de origen o de habitual residencia...","twitter:creator":"@SoyMigrante_com","twitter:image":"https:\/\/soymigrante.com\/revista\/wp-content\/uploads\/2024\/01\/Duelo-de-distancia-es-real.webp"},"aioseo_meta_data":{"post_id":"300","title":null,"description":null,"keywords":null,"keyphrases":{"focus":{"keyphrase":"Duelo","score":69,"analysis":{"keyphraseInTitle":{"score":9,"maxScore":9,"error":0},"keyphraseInDescription":{"score":3,"maxScore":9,"error":1},"keyphraseLength":{"score":9,"maxScore":9,"error":0,"length":1},"keyphraseInURL":{"score":5,"maxScore":5,"error":0},"keyphraseInIntroduction":{"score":3,"maxScore":9,"error":1},"keyphraseInSubHeadings":[],"keyphraseInImageAlt":{"score":3,"maxScore":9,"error":1},"keywordDensity":{"type":"best","score":9,"maxScore":9,"error":0}}},"additional":[]},"primary_term":null,"canonical_url":null,"og_title":null,"og_description":null,"og_object_type":"default","og_image_type":"default","og_image_url":null,"og_image_width":null,"og_image_height":null,"og_image_custom_url":null,"og_image_custom_fields":null,"og_video":"","og_custom_url":null,"og_article_section":null,"og_article_tags":null,"twitter_use_og":false,"twitter_card":"default","twitter_image_type":"default","twitter_image_url":null,"twitter_image_custom_url":null,"twitter_image_custom_fields":null,"twitter_title":null,"twitter_description":null,"schema":{"blockGraphs":[],"customGraphs":[],"default":{"data":{"Article":[],"Course":[],"Dataset":[],"FAQPage":[],"Movie":[],"Person":[],"Product":[],"ProductReview":[],"Car":[],"Recipe":[],"Service":[],"SoftwareApplication":[],"WebPage":[]},"graphName":"Article","isEnabled":true},"graphs":[]},"schema_type":"default","schema_type_options":null,"pillar_content":false,"robots_default":true,"robots_noindex":false,"robots_noarchive":false,"robots_nosnippet":false,"robots_nofollow":false,"robots_noimageindex":false,"robots_noodp":false,"robots_notranslate":false,"robots_max_snippet":"-1","robots_max_videopreview":"-1","robots_max_imagepreview":"large","priority":null,"frequency":"default","local_seo":null,"seo_analyzer_scan_date":"2025-10-08 19:45:12","breadcrumb_settings":null,"limit_modified_date":false,"reviewed_by":null,"open_ai":"{\"title\":{\"suggestions\":[],\"usage\":0},\"description\":{\"suggestions\":[],\"usage\":0}}","ai":null,"created":"2023-08-17 09:34:42","updated":"2026-02-04 04:30:40"},"aioseo_breadcrumb":"<div class=\"aioseo-breadcrumbs\"><span class=\"aioseo-breadcrumb\">\n\t<a href=\"https:\/\/soymigrante.com\/revista\" title=\"Home\">Home<\/a>\n<\/span><span class=\"aioseo-breadcrumb-separator\">\u00bb<\/span><span class=\"aioseo-breadcrumb\">\n\t<a href=\"https:\/\/soymigrante.com\/revista\/category\/bienestar\/\" title=\"Bienestar\">Bienestar<\/a>\n<\/span><span class=\"aioseo-breadcrumb-separator\">\u00bb<\/span><span class=\"aioseo-breadcrumb\">\n\tDuelo de distancia  es real pero se puede y se debe superar\n<\/span><\/div>","aioseo_breadcrumb_json":[{"label":"Home","link":"https:\/\/soymigrante.com\/revista"},{"label":"Bienestar","link":"https:\/\/soymigrante.com\/revista\/category\/bienestar\/"},{"label":"Duelo de distancia  es real pero se puede y se debe superar","link":"https:\/\/soymigrante.com\/revista\/el-duelo-migratorio-existe-y-no-solo-es-uno-son-siete-los-duelos-del-migrante\/"}],"_links":{"self":[{"href":"https:\/\/soymigrante.com\/revista\/wp-json\/wp\/v2\/posts\/300","targetHints":{"allow":["GET"]}}],"collection":[{"href":"https:\/\/soymigrante.com\/revista\/wp-json\/wp\/v2\/posts"}],"about":[{"href":"https:\/\/soymigrante.com\/revista\/wp-json\/wp\/v2\/types\/post"}],"author":[{"embeddable":true,"href":"https:\/\/soymigrante.com\/revista\/wp-json\/wp\/v2\/users\/1"}],"replies":[{"embeddable":true,"href":"https:\/\/soymigrante.com\/revista\/wp-json\/wp\/v2\/comments?post=300"}],"version-history":[{"count":0,"href":"https:\/\/soymigrante.com\/revista\/wp-json\/wp\/v2\/posts\/300\/revisions"}],"wp:featuredmedia":[{"embeddable":true,"href":"https:\/\/soymigrante.com\/revista\/wp-json\/wp\/v2\/media\/6099"}],"wp:attachment":[{"href":"https:\/\/soymigrante.com\/revista\/wp-json\/wp\/v2\/media?parent=300"}],"wp:term":[{"taxonomy":"category","embeddable":true,"href":"https:\/\/soymigrante.com\/revista\/wp-json\/wp\/v2\/categories?post=300"},{"taxonomy":"post_tag","embeddable":true,"href":"https:\/\/soymigrante.com\/revista\/wp-json\/wp\/v2\/tags?post=300"}],"curies":[{"name":"wp","href":"https:\/\/api.w.org\/{rel}","templated":true}]}}