{"id":29977,"date":"2025-04-04T06:00:00","date_gmt":"2025-04-04T12:00:00","guid":{"rendered":"https:\/\/soymigrante.com\/revista\/?p=29977"},"modified":"2025-04-03T19:55:37","modified_gmt":"2025-04-04T01:55:37","slug":"confesarse-resolviendo-dudas-sobre-este-sacramento-catolico","status":"publish","type":"post","link":"https:\/\/soymigrante.com\/revista\/confesarse-resolviendo-dudas-sobre-este-sacramento-catolico\/","title":{"rendered":"\u00bfConfesarse? Resolviendo dudas sobre este sacramento cat\u00f3lico"},"content":{"rendered":"\t\t<div data-elementor-type=\"wp-post\" data-elementor-id=\"29977\" class=\"elementor elementor-29977\" data-elementor-post-type=\"post\">\n\t\t\t\t<div data-particle_enable=\"false\" data-particle-mobile-disabled=\"false\" class=\"elementor-element elementor-element-dbda5d4 e-flex e-con-boxed e-con e-parent\" data-id=\"dbda5d4\" data-element_type=\"container\" data-e-type=\"container\">\n\t\t\t\t\t<div class=\"e-con-inner\">\n\t\t\t\t<div class=\"elementor-element elementor-element-1896769 elementor-widget elementor-widget-heading\" data-id=\"1896769\" data-element_type=\"widget\" data-e-type=\"widget\" data-widget_type=\"heading.default\">\n\t\t\t\t\t<h2 class=\"elementor-heading-title elementor-size-default\">Confesarse es uno de los sacramentos de la iglesia cat\u00f3lica, ac\u00e1 te explicamos sus beneficios. <\/h2>\t\t\t\t<\/div>\n\t\t\t\t\t<\/div>\n\t\t\t\t<\/div>\n\t\t<div data-particle_enable=\"false\" data-particle-mobile-disabled=\"false\" class=\"elementor-element elementor-element-f0c4cf7 e-flex e-con-boxed e-con e-parent\" data-id=\"f0c4cf7\" data-element_type=\"container\" data-e-type=\"container\">\n\t\t\t\t\t<div class=\"e-con-inner\">\n\t\t\t\t<div class=\"elementor-element elementor-element-38f7aee elementor-widget elementor-widget-text-editor\" data-id=\"38f7aee\" data-element_type=\"widget\" data-e-type=\"widget\" data-widget_type=\"text-editor.default\">\n\t\t\t\t\t\t\t\t\t<p><a href=\"https:\/\/soymigrante.com\/revista\/los-huertos-de-semana-santa-y-sus-historias-de-agradecimientos\/\" target=\"_blank\" rel=\"noopener\">La confesi\u00f3n es uno de los siete sacramentos de la Iglesia cat\u00f3lica y una pr\u00e1ctica espiritual<\/a> que, para los creyentes, representa una oportunidad de reconciliaci\u00f3n con Dios y con la comunidad. Sin embargo, muchas personas se preguntan cu\u00e1l es su prop\u00f3sito, c\u00f3mo prepararse adecuadamente y qu\u00e9 beneficios trae a la vida espiritual y emocional.<\/p>\t\t\t\t\t\t\t\t<\/div>\n\t\t\t\t\t<\/div>\n\t\t\t\t<\/div>\n\t\t<div data-particle_enable=\"false\" data-particle-mobile-disabled=\"false\" class=\"elementor-element elementor-element-dcd9f15 e-flex e-con-boxed e-con e-parent\" data-id=\"dcd9f15\" data-element_type=\"container\" data-e-type=\"container\">\n\t\t\t\t\t<div class=\"e-con-inner\">\n\t\t\t\t<div class=\"elementor-element elementor-element-b5825af elementor-widget elementor-widget-heading\" data-id=\"b5825af\" data-element_type=\"widget\" data-e-type=\"widget\" data-widget_type=\"heading.default\">\n\t\t\t\t\t<h3 class=\"elementor-heading-title elementor-size-default\">\u00bfPara qu\u00e9 confesarse?<\/h3>\t\t\t\t<\/div>\n\t\t\t\t\t<\/div>\n\t\t\t\t<\/div>\n\t\t<div data-particle_enable=\"false\" data-particle-mobile-disabled=\"false\" class=\"elementor-element elementor-element-16d1fb6 e-flex e-con-boxed e-con e-parent\" data-id=\"16d1fb6\" data-element_type=\"container\" data-e-type=\"container\">\n\t\t\t\t\t<div class=\"e-con-inner\">\n\t\t\t\t<div class=\"elementor-element elementor-element-ae26831 elementor-widget elementor-widget-text-editor\" data-id=\"ae26831\" data-element_type=\"widget\" data-e-type=\"widget\" data-widget_type=\"text-editor.default\">\n\t\t\t\t\t\t\t\t\t<p><a href=\"https:\/\/soymigrante.com\/revista\/los-huertos-de-semana-santa-y-sus-historias-de-agradecimientos\/\" target=\"_blank\" rel=\"noopener\">El sacramento de la confesi\u00f3n, tambi\u00e9n llamado reconciliaci\u00f3n o penitencia,<\/a> tiene como objetivo que los fieles reconozcan sus faltas, se arrepientan sinceramente y reciban el perd\u00f3n de Dios a trav\u00e9s de un sacerdote, coment\u00f3 el p\u00e1rroco, Jose luis Paiz. Seg\u00fan la doctrina cat\u00f3lica, este sacramento permite restaurar la relaci\u00f3n con Dios, renovar el esp\u00edritu y fortalecer la vida cristiana.<\/p><p>En palabras del Papa Francisco, la confesi\u00f3n es m\u00e1s que una lista de pecados: \u201cEs un encuentro con el amor de Dios que nos ayuda a cambiar y a ser mejores\u201d.<\/p>\t\t\t\t\t\t\t\t<\/div>\n\t\t\t\t\t<\/div>\n\t\t\t\t<\/div>\n\t\t<div data-particle_enable=\"false\" data-particle-mobile-disabled=\"false\" class=\"elementor-element elementor-element-22114b5 e-flex e-con-boxed e-con e-parent\" data-id=\"22114b5\" data-element_type=\"container\" data-e-type=\"container\">\n\t\t\t\t\t<div class=\"e-con-inner\">\n\t\t\t\t<div class=\"elementor-element elementor-element-975e88a elementor-widget elementor-widget-image\" data-id=\"975e88a\" data-element_type=\"widget\" data-e-type=\"widget\" data-widget_type=\"image.default\">\n\t\t\t\t\t\t\t\t\t\t\t\t<figure class=\"wp-caption\">\n\t\t\t\t\t\t\t\t\t\t<img fetchpriority=\"high\" decoding=\"async\" width=\"768\" height=\"511\" src=\"https:\/\/soymigrante.com\/revista\/wp-content\/uploads\/2025\/04\/Confesarse-La-importancia-y-beneficios-de-esta-pra\u0301ctica--1024x681.png\" class=\"attachment-large size-large wp-image-29980\" alt=\"\u00bfConfesarse? La importancia y beneficios de esta pr\u00e1ctica\" srcset=\"https:\/\/soymigrante.com\/revista\/wp-content\/uploads\/2025\/04\/Confesarse-La-importancia-y-beneficios-de-esta-pra\u0301ctica--1024x681.png 1024w, https:\/\/soymigrante.com\/revista\/wp-content\/uploads\/2025\/04\/Confesarse-La-importancia-y-beneficios-de-esta-pra\u0301ctica--300x199.png 300w, https:\/\/soymigrante.com\/revista\/wp-content\/uploads\/2025\/04\/Confesarse-La-importancia-y-beneficios-de-esta-pra\u0301ctica--768x510.png 768w, https:\/\/soymigrante.com\/revista\/wp-content\/uploads\/2025\/04\/Confesarse-La-importancia-y-beneficios-de-esta-pra\u0301ctica--750x498.webp 750w, https:\/\/soymigrante.com\/revista\/wp-content\/uploads\/2025\/04\/Confesarse-La-importancia-y-beneficios-de-esta-pra\u0301ctica--1140x758.webp 1140w, https:\/\/soymigrante.com\/revista\/wp-content\/uploads\/2025\/04\/Confesarse-La-importancia-y-beneficios-de-esta-pra\u0301ctica-.webp 1431w\" sizes=\"(max-width: 768px) 100vw, 768px\" title=\"Confesarse La importancia y beneficios de esta pra\u0301ctica \u2013 SoyMigrante.com REVISTA\" \/>\t\t\t\t\t\t\t\t\t\t\t<figcaption class=\"widget-image-caption wp-caption-text\">La confesi\u00f3n es uno de los sacramentos de la iglesia. (Foto: Envato)<\/figcaption>\n\t\t\t\t\t\t\t\t\t\t<\/figure>\n\t\t\t\t\t\t\t\t\t<\/div>\n\t\t\t\t\t<\/div>\n\t\t\t\t<\/div>\n\t\t<div data-particle_enable=\"false\" data-particle-mobile-disabled=\"false\" class=\"elementor-element elementor-element-2e100c8 e-flex e-con-boxed e-con e-parent\" data-id=\"2e100c8\" data-element_type=\"container\" data-e-type=\"container\">\n\t\t\t\t\t<div class=\"e-con-inner\">\n\t\t\t\t<div class=\"elementor-element elementor-element-b3fa4f8 elementor-widget elementor-widget-heading\" data-id=\"b3fa4f8\" data-element_type=\"widget\" data-e-type=\"widget\" data-widget_type=\"heading.default\">\n\t\t\t\t\t<h3 class=\"elementor-heading-title elementor-size-default\">C\u00f3mo prepararse para la confesi\u00f3n<\/h3>\t\t\t\t<\/div>\n\t\t\t\t\t<\/div>\n\t\t\t\t<\/div>\n\t\t<div data-particle_enable=\"false\" data-particle-mobile-disabled=\"false\" class=\"elementor-element elementor-element-a597cff e-flex e-con-boxed e-con e-parent\" data-id=\"a597cff\" data-element_type=\"container\" data-e-type=\"container\">\n\t\t\t\t\t<div class=\"e-con-inner\">\n\t\t\t\t<div class=\"elementor-element elementor-element-4caf63c elementor-widget elementor-widget-text-editor\" data-id=\"4caf63c\" data-element_type=\"widget\" data-e-type=\"widget\" data-widget_type=\"text-editor.default\">\n\t\t\t\t\t\t\t\t\t<div>Para <a href=\"https:\/\/soymigrante.com\/revista\/los-huertos-de-semana-santa-y-sus-historias-de-agradecimientos\/\" target=\"_blank\" rel=\"noopener\">vivir este sacramento de manera consciente y significativa<\/a>, es recomendable seguir estos pasos:<\/div><div><strong>1.Examen de conciencia:<\/strong> Reflexionar sobre las acciones, pensamientos y omisiones que han causado da\u00f1o a uno mismo, a otros o a la relaci\u00f3n con Dios. Para ello, se pueden usar los Diez Mandamientos o el Evangelio como gu\u00eda.<\/div><div><strong>2.Arrepentimiento sincero:<\/strong> Sentir verdadero pesar por las faltas cometidas, con el deseo de cambiar y no repetirlas.<\/div><div><strong>3.Prop\u00f3sito de enmienda:<\/strong> Decidir tomar medidas concretas para mejorar la conducta y reparar, en la medida de lo posible, el da\u00f1o causado.<\/div><div><strong>4.Confesi\u00f3n ante un sacerdote:<\/strong> Expresar los pecados con humildad y sinceridad, sin miedo ni verg\u00fcenza, recordando que el sacerdote act\u00faa como instrumento de la misericordia de Dios.<\/div><div><strong>5.Cumplir la penitencia:<\/strong> Realizar la acci\u00f3n o oraci\u00f3n que el sacerdote indique como signo de conversi\u00f3n y reparaci\u00f3n.<\/div>\t\t\t\t\t\t\t\t<\/div>\n\t\t\t\t\t<\/div>\n\t\t\t\t<\/div>\n\t\t<div data-particle_enable=\"false\" data-particle-mobile-disabled=\"false\" class=\"elementor-element elementor-element-ba4858c e-flex e-con-boxed e-con e-parent\" data-id=\"ba4858c\" data-element_type=\"container\" data-e-type=\"container\">\n\t\t\t\t\t<div class=\"e-con-inner\">\n\t\t\t\t<div class=\"elementor-element elementor-element-7a27ebd elementor-widget elementor-widget-heading\" data-id=\"7a27ebd\" data-element_type=\"widget\" data-e-type=\"widget\" data-widget_type=\"heading.default\">\n\t\t\t\t\t<h3 class=\"elementor-heading-title elementor-size-default\">Beneficios de la confesi\u00f3n<\/h3>\t\t\t\t<\/div>\n\t\t\t\t\t<\/div>\n\t\t\t\t<\/div>\n\t\t<div data-particle_enable=\"false\" data-particle-mobile-disabled=\"false\" class=\"elementor-element elementor-element-29e6b62 e-flex e-con-boxed e-con e-parent\" data-id=\"29e6b62\" data-element_type=\"container\" data-e-type=\"container\">\n\t\t\t\t\t<div class=\"e-con-inner\">\n\t\t\t\t<div class=\"elementor-element elementor-element-2fe5777 elementor-widget elementor-widget-text-editor\" data-id=\"2fe5777\" data-element_type=\"widget\" data-e-type=\"widget\" data-widget_type=\"text-editor.default\">\n\t\t\t\t\t\t\t\t\t<div><a href=\"https:\/\/soymigrante.com\/revista\/los-huertos-de-semana-santa-y-sus-historias-de-agradecimientos\/\" target=\"_blank\" rel=\"noopener\">M\u00e1s all\u00e1 del aspecto religioso, la confesi\u00f3n aporta importantes beneficios espirituales<\/a> y emocionales:<\/div><div><strong>\u2022Paz interior y alivio emocional:<\/strong> Expresar las faltas y recibir el perd\u00f3n ayuda a liberar la culpa y encontrar tranquilidad.<\/div><div><strong>\u2022Fortaleza espiritual:<\/strong> La confesi\u00f3n motiva a la persona a mejorar su vida y fortalecer su relaci\u00f3n con Dios.<\/div><div>\u2022<strong>Reconciliaci\u00f3n con los dem\u00e1s:<\/strong> Fomenta la humildad y la disposici\u00f3n a reparar el da\u00f1o causado en las relaciones personales.<\/div><div><strong>\u2022Renovaci\u00f3n de la vida cristiana:<\/strong> Permite recibir la gracia de Dios y fortalecer la fe, especialmente antes de celebraciones importantes como la Pascua o la Navidad.<\/div>\t\t\t\t\t\t\t\t<\/div>\n\t\t\t\t\t<\/div>\n\t\t\t\t<\/div>\n\t\t<div data-particle_enable=\"false\" data-particle-mobile-disabled=\"false\" class=\"elementor-element elementor-element-af8d298 e-flex e-con-boxed e-con e-parent\" data-id=\"af8d298\" data-element_type=\"container\" data-e-type=\"container\">\n\t\t\t\t\t<div class=\"e-con-inner\">\n\t\t\t\t<div class=\"elementor-element elementor-element-a97a544 elementor-widget elementor-widget-video\" data-id=\"a97a544\" data-element_type=\"widget\" data-e-type=\"widget\" data-settings=\"{&quot;youtube_url&quot;:&quot;https:\\\/\\\/www.youtube.com\\\/watch?v=Dci1B-P8Ql4&quot;,&quot;video_type&quot;:&quot;youtube&quot;,&quot;controls&quot;:&quot;yes&quot;}\" data-widget_type=\"video.default\">\n\t\t\t\t\t\t\t<div class=\"elementor-wrapper elementor-open-inline\">\n\t\t\t<div class=\"elementor-video\"><\/div>\t\t<\/div>\n\t\t\t\t\t\t<\/div>\n\t\t\t\t\t<\/div>\n\t\t\t\t<\/div>\n\t\t<div data-particle_enable=\"false\" data-particle-mobile-disabled=\"false\" class=\"elementor-element elementor-element-564321e e-flex e-con-boxed e-con e-parent\" data-id=\"564321e\" data-element_type=\"container\" data-e-type=\"container\">\n\t\t\t\t\t<div class=\"e-con-inner\">\n\t\t\t\t<div class=\"elementor-element elementor-element-6546d6e elementor-widget elementor-widget-text-editor\" data-id=\"6546d6e\" data-element_type=\"widget\" data-e-type=\"widget\" data-widget_type=\"text-editor.default\">\n\t\t\t\t\t\t\t\t\t<p><a href=\"https:\/\/soymigrante.com\/revista\/los-huertos-de-semana-santa-y-sus-historias-de-agradecimientos\/\" target=\"_blank\" rel=\"noopener\">Para los cat\u00f3licos, la confesi\u00f3n no es solo una obligaci\u00f3n, sino una oportunidad para el crecimiento<\/a> espiritual y la renovaci\u00f3n personal. M\u00e1s all\u00e1 del miedo o la verg\u00fcenza, este sacramento ofrece un espacio de amor y misericordia donde la persona puede encontrarse con Dios y consigo misma.<\/p>\t\t\t\t\t\t\t\t<\/div>\n\t\t\t\t\t<\/div>\n\t\t\t\t<\/div>\n\t\t<div data-particle_enable=\"false\" data-particle-mobile-disabled=\"false\" class=\"elementor-element elementor-element-cf0dff0 e-flex e-con-boxed e-con e-parent\" data-id=\"cf0dff0\" data-element_type=\"container\" data-e-type=\"container\">\n\t\t\t\t\t<div class=\"e-con-inner\">\n\t\t\t\t<div class=\"elementor-element elementor-element-1eb631c elementor-widget elementor-widget-heading\" data-id=\"1eb631c\" data-element_type=\"widget\" data-e-type=\"widget\" data-widget_type=\"heading.default\">\n\t\t\t\t\t<h2 class=\"elementor-heading-title elementor-size-default\">Conoce estos temas que te pueden interesar...<\/h2>\t\t\t\t<\/div>\n\t\t\t\t\t<\/div>\n\t\t\t\t<\/div>\n\t\t<div data-particle_enable=\"false\" data-particle-mobile-disabled=\"false\" class=\"elementor-element elementor-element-947794c e-flex e-con-boxed e-con e-parent\" data-id=\"947794c\" data-element_type=\"container\" data-e-type=\"container\">\n\t\t\t\t\t<div class=\"e-con-inner\">\n\t\t\t\t<div class=\"elementor-element elementor-element-4da4bf9 elementor-grid-eael-col-3 elementor-grid-tablet-eael-col-2 elementor-grid-mobile-eael-col-1 elementor-widget elementor-widget-eael-post-grid\" data-id=\"4da4bf9\" data-element_type=\"widget\" data-e-type=\"widget\" data-settings=\"{&quot;eael_post_grid_columns&quot;:&quot;eael-col-3&quot;,&quot;eael_post_grid_columns_tablet&quot;:&quot;eael-col-2&quot;,&quot;eael_post_grid_columns_mobile&quot;:&quot;eael-col-1&quot;}\" data-widget_type=\"eael-post-grid.default\">\n\t\t\t\t\t<div id=\"eael-post-grid-4da4bf9\" class=\"eael-post-grid-container\">\n            <div class=\"eael-post-grid eael-post-appender eael-post-appender-4da4bf9 eael-post-grid-style-one\" data-layout-mode=\"masonry\"><article class=\"eael-grid-post  eael-post-grid-column eael-pg-post-27268 category-guate-nuestra\" data-id=\"27268\">\n        <div class=\"eael-grid-post-holder\">\n            <div class=\"eael-grid-post-holder-inner\"><div class=\"eael-entry-media\"><div class=\"eael-entry-overlay fade-in\"><i class=\"far fa-hand-pointer\" aria-hidden=\"true\"><\/i><a href=\"https:\/\/soymigrante.com\/revista\/los-huertos-de-semana-santa-y-sus-historias-de-agradecimientos\/\"><\/a><\/div><div class=\"eael-entry-thumbnail \">\n                <img decoding=\"async\" width=\"303\" height=\"303\" src=\"https:\/\/soymigrante.com\/revista\/wp-content\/uploads\/2025\/03\/hnuertos--e1741284463853.webp\" class=\"attachment-large size-large wp-image-27269\" alt=\"Jard\u00edn floral decorativo con alfombra de flores coloridas y detalles tradicionales, exhibido en la Catedral de Antigua Guatemala durante la Semana Santa 2008.\" srcset=\"https:\/\/soymigrante.com\/revista\/wp-content\/uploads\/2025\/03\/hnuertos--e1741284463853.webp 303w, https:\/\/soymigrante.com\/revista\/wp-content\/uploads\/2025\/03\/hnuertos--e1741284463853-300x300.png 300w, https:\/\/soymigrante.com\/revista\/wp-content\/uploads\/2025\/03\/hnuertos--e1741284463853-150x150.png 150w, https:\/\/soymigrante.com\/revista\/wp-content\/uploads\/2025\/03\/hnuertos--e1741284463853-75x75.webp 75w\" sizes=\"(max-width: 303px) 100vw, 303px\" \/>\n            <\/div>\n        <\/div><div class=\"eael-entry-wrapper\"><header class=\"eael-entry-header\"><h2 class=\"eael-entry-title\"><a class=\"eael-grid-post-link\" href=\"https:\/\/soymigrante.com\/revista\/los-huertos-de-semana-santa-y-sus-historias-de-agradecimientos\/\" title=\"Los huertos de Semana Santa y sus historias de agradecimientos\">Los huertos de Semana Santa y sus historias de agradecimientos<\/a><\/h2><\/header><div class=\"eael-entry-content\">\n                        <div class=\"eael-grid-post-excerpt\"><a href=\"https:\/\/soymigrante.com\/revista\/los-huertos-de-semana-santa-y-sus-historias-de-agradecimientos\/\" class=\"eael-post-elements-readmore-btn\">CONOCE SU HISTORIA <\/a><\/div>\n                    <\/div><\/div><\/div>\n        <\/div>\n    <\/article><article class=\"eael-grid-post  eael-post-grid-column eael-pg-post-26140 category-guate-nuestra\" data-id=\"26140\">\n        <div class=\"eael-grid-post-holder\">\n            <div class=\"eael-grid-post-holder-inner\"><div class=\"eael-entry-media\"><div class=\"eael-entry-overlay fade-in\"><i class=\"far fa-hand-pointer\" aria-hidden=\"true\"><\/i><a href=\"https:\/\/soymigrante.com\/revista\/algunas-sugerencias-para-que-devotos-migrantes-vivan-mejor-la-cuaresma-y-semana-santa\/\"><\/a><\/div><div class=\"eael-entry-thumbnail \">\n                <img decoding=\"async\" width=\"720\" height=\"720\" src=\"https:\/\/soymigrante.com\/revista\/wp-content\/uploads\/2023\/03\/2-FOTOS-DE-NAZARENO-DE-CANDELARIA-CORTESIA-DE-LANZA-SAGRADA-4-e1740965775791.webp\" class=\"attachment-large size-large wp-image-615\" alt=\"\" srcset=\"https:\/\/soymigrante.com\/revista\/wp-content\/uploads\/2023\/03\/2-FOTOS-DE-NAZARENO-DE-CANDELARIA-CORTESIA-DE-LANZA-SAGRADA-4-e1740965775791.webp 720w, https:\/\/soymigrante.com\/revista\/wp-content\/uploads\/2023\/03\/2-FOTOS-DE-NAZARENO-DE-CANDELARIA-CORTESIA-DE-LANZA-SAGRADA-4-e1740965775791-300x300.webp 300w, https:\/\/soymigrante.com\/revista\/wp-content\/uploads\/2023\/03\/2-FOTOS-DE-NAZARENO-DE-CANDELARIA-CORTESIA-DE-LANZA-SAGRADA-4-e1740965775791-150x150.webp 150w, https:\/\/soymigrante.com\/revista\/wp-content\/uploads\/2023\/03\/2-FOTOS-DE-NAZARENO-DE-CANDELARIA-CORTESIA-DE-LANZA-SAGRADA-4-e1740965775791-75x75.webp 75w\" sizes=\"(max-width: 720px) 100vw, 720px\" \/>\n            <\/div>\n        <\/div><div class=\"eael-entry-wrapper\"><header class=\"eael-entry-header\"><h2 class=\"eael-entry-title\"><a class=\"eael-grid-post-link\" href=\"https:\/\/soymigrante.com\/revista\/algunas-sugerencias-para-que-devotos-migrantes-vivan-mejor-la-cuaresma-y-semana-santa\/\" title=\"Algunas sugerencias para que devotos migrantes vivan mejor la Cuaresma y Semana Santa\">Algunas sugerencias para que devotos migrantes vivan mejor la Cuaresma y Semana Santa<\/a><\/h2><\/header><div class=\"eael-entry-content\">\n                        <div class=\"eael-grid-post-excerpt\"><a href=\"https:\/\/soymigrante.com\/revista\/algunas-sugerencias-para-que-devotos-migrantes-vivan-mejor-la-cuaresma-y-semana-santa\/\" class=\"eael-post-elements-readmore-btn\">CONOCE SU HISTORIA <\/a><\/div>\n                    <\/div><\/div><\/div>\n        <\/div>\n    <\/article><article class=\"eael-grid-post  eael-post-grid-column eael-pg-post-5615 category-bienestar\" data-id=\"5615\">\n        <div class=\"eael-grid-post-holder\">\n            <div class=\"eael-grid-post-holder-inner\"><div class=\"eael-entry-media\"><div class=\"eael-entry-overlay fade-in\"><i class=\"far fa-hand-pointer\" aria-hidden=\"true\"><\/i><a href=\"https:\/\/soymigrante.com\/revista\/dar-y-compartir-en-esta-semana-santa-y-mas-alla\/\"><\/a><\/div><div class=\"eael-entry-thumbnail \">\n                <img loading=\"lazy\" decoding=\"async\" width=\"1002\" height=\"700\" src=\"https:\/\/soymigrante.com\/revista\/wp-content\/uploads\/2024\/03\/Captura-de-pantalla-2024-03-25-132254.webp\" class=\"attachment-large size-large wp-image-5616\" alt=\"Consejos de salud f\u00edsica y espiritual para migrantes en Semana Santa. Foto de atardecer mujer en oraci\u00f3n\" srcset=\"https:\/\/soymigrante.com\/revista\/wp-content\/uploads\/2024\/03\/Captura-de-pantalla-2024-03-25-132254.webp 1002w, https:\/\/soymigrante.com\/revista\/wp-content\/uploads\/2024\/03\/Captura-de-pantalla-2024-03-25-132254-300x210.webp 300w, https:\/\/soymigrante.com\/revista\/wp-content\/uploads\/2024\/03\/Captura-de-pantalla-2024-03-25-132254-768x537.webp 768w, https:\/\/soymigrante.com\/revista\/wp-content\/uploads\/2024\/03\/Captura-de-pantalla-2024-03-25-132254-750x524.webp 750w\" sizes=\"(max-width: 1002px) 100vw, 1002px\" \/>\n            <\/div>\n        <\/div><div class=\"eael-entry-wrapper\"><header class=\"eael-entry-header\"><h2 class=\"eael-entry-title\"><a class=\"eael-grid-post-link\" href=\"https:\/\/soymigrante.com\/revista\/dar-y-compartir-en-esta-semana-santa-y-mas-alla\/\" title=\"Salud f\u00edsica y espiritual en esta Semana Santa y m\u00e1s all\u00e1\">Salud f\u00edsica y espiritual en esta Semana Santa y m\u00e1s all\u00e1<\/a><\/h2><\/header><div class=\"eael-entry-content\">\n                        <div class=\"eael-grid-post-excerpt\"><a href=\"https:\/\/soymigrante.com\/revista\/dar-y-compartir-en-esta-semana-santa-y-mas-alla\/\" class=\"eael-post-elements-readmore-btn\">CONOCE SU HISTORIA <\/a><\/div>\n                    <\/div><\/div><\/div>\n        <\/div>\n    <\/article><\/div>\n            <div class=\"clearfix\"><\/div>\n        <\/div>\t\t\t\t<\/div>\n\t\t\t\t\t<\/div>\n\t\t\t\t<\/div>\n\t\t\t\t<\/div>\n\t\t","protected":false},"excerpt":{"rendered":"<p>Confesarse es uno de los sacramentos de la iglesia cat\u00f3lica, ac\u00e1 te explicamos sus beneficios. La confesi\u00f3n es uno de los siete sacramentos de la Iglesia cat\u00f3lica y una pr\u00e1ctica espiritual que, para los creyentes, representa una oportunidad de reconciliaci\u00f3n con Dios y con la comunidad. Sin embargo, muchas personas se preguntan cu\u00e1l es su [&hellip;]<\/p>\n","protected":false},"author":19,"featured_media":29978,"comment_status":"open","ping_status":"open","sticky":false,"template":"","format":"standard","meta":{"_acf_changed":false,"_eb_attr":"","footnotes":""},"categories":[55],"tags":[],"class_list":["post-29977","post","type-post","status-publish","format-standard","has-post-thumbnail","hentry","category-bienestar"],"acf":[],"aioseo_notices":[],"aioseo_head":"\n\t\t<!-- All in One SEO Pro 4.9.6.2 - aioseo.com -->\n\t<meta name=\"description\" content=\"La vida del migrante tiene aspiraciones y trabajos, dificultades y momentos en que se clama al cielo o se ayuda a alguien m\u00e1s. Esta Semana Santa puede ser para descubrir a Dios y ayudar a los dem\u00e1s a encontrarlo. Por Guillermo Delgado, fraile dominico, espcial para SoyMigrante.com En esta Semana Santa deseamos que todo lo\" \/>\n\t<meta name=\"robots\" content=\"max-snippet:-1, max-image-preview:large, max-video-preview:-1\" \/>\n\t<meta name=\"author\" content=\"Marysabel Aldana\"\/>\n\t<link rel=\"canonical\" href=\"https:\/\/soymigrante.com\/revista\/confesarse-resolviendo-dudas-sobre-este-sacramento-catolico\/\" \/>\n\t<meta name=\"generator\" content=\"All in One SEO Pro (AIOSEO) 4.9.6.2\" \/>\n\n\t\t<link rel=\"preconnect\" href=\"https:\/\/fonts.googleapis.com\" crossorigin>\n<link rel=\"preconnect\" href=\"https:\/\/fonts.gstatic.com\" crossorigin>\n\t\t<meta property=\"og:locale\" content=\"es_ES\" \/>\n\t\t<meta property=\"og:site_name\" content=\"SoyMigrante.com REVISTA \u2013 Nuestra misi\u00f3n es reconocer y dignificar al migrante.\" \/>\n\t\t<meta property=\"og:type\" content=\"article\" \/>\n\t\t<meta property=\"og:title\" content=\"\u00bfConfesarse? Resolviendo dudas sobre este sacramento cat\u00f3lico\" \/>\n\t\t<meta property=\"og:description\" content=\"La confesi\u00f3n es un acto voluntario que para muchos no es f\u00e1cil. \u00bfCu\u00e1les son sus beneficios? \u00bfPor qu\u00e9 en Cuaresma se anima a practicarlo? Algunas claves.\" \/>\n\t\t<meta property=\"og:url\" content=\"https:\/\/soymigrante.com\/revista\/confesarse-resolviendo-dudas-sobre-este-sacramento-catolico\/\" \/>\n\t\t<meta property=\"og:image\" content=\"https:\/\/soymigrante.com\/revista\/wp-content\/uploads\/2025\/04\/Confesarse-La-importancia-y-beneficios-de-esta-pra\u0301ctica-1-e1743627328442.webp\" \/>\n\t\t<meta property=\"og:image:secure_url\" content=\"https:\/\/soymigrante.com\/revista\/wp-content\/uploads\/2025\/04\/Confesarse-La-importancia-y-beneficios-de-esta-pra\u0301ctica-1-e1743627328442.webp\" \/>\n\t\t<meta property=\"og:image:width\" content=\"1424\" \/>\n\t\t<meta property=\"og:image:height\" content=\"949\" \/>\n\t\t<meta property=\"article:published_time\" content=\"2025-04-04T12:00:00+00:00\" \/>\n\t\t<meta property=\"article:modified_time\" content=\"2025-04-04T01:55:37+00:00\" \/>\n\t\t<meta property=\"article:publisher\" content=\"https:\/\/www.facebook.com\/soymigrantecom\" \/>\n\t\t<meta name=\"twitter:card\" content=\"summary_large_image\" \/>\n\t\t<meta name=\"twitter:site\" content=\"@SoyMigrante_com\" \/>\n\t\t<meta name=\"twitter:title\" content=\"\u00bfConfesarse? Resolviendo dudas sobre este sacramento cat\u00f3lico\" \/>\n\t\t<meta name=\"twitter:description\" content=\"La confesi\u00f3n es un acto voluntario que para muchos no es f\u00e1cil. \u00bfCu\u00e1les son sus beneficios? \u00bfPor qu\u00e9 en Cuaresma se anima a practicarlo? Algunas claves.\" \/>\n\t\t<meta name=\"twitter:creator\" content=\"@SoyMigrante_com\" \/>\n\t\t<meta name=\"twitter:image\" content=\"https:\/\/soymigrante.com\/revista\/wp-content\/uploads\/2025\/04\/Confesarse-La-importancia-y-beneficios-de-esta-pra\u0301ctica-1-e1743627328442.webp\" \/>\n\t\t<!-- All in One SEO Pro -->\r\n\t\t<title>\u00bfConfesarse? Resolviendo dudas sobre este sacramento cat\u00f3lico<\/title>\n\n","aioseo_head_json":{"title":"\u00bfConfesarse? Resolviendo dudas sobre este sacramento cat\u00f3lico","description":"La confesi\u00f3n es un acto voluntario que para muchos no es f\u00e1cil. \u00bfCu\u00e1les son sus beneficios? \u00bfPor qu\u00e9 en Cuaresma se anima a practicarlo? Algunas claves.","canonical_url":"https:\/\/soymigrante.com\/revista\/confesarse-resolviendo-dudas-sobre-este-sacramento-catolico\/","robots":"max-snippet:-1, max-image-preview:large, max-video-preview:-1","keywords":"","webmasterTools":{"miscellaneous":"&lt;link rel=\"preconnect\" href=\"https:\/\/fonts.googleapis.com\" crossorigin&gt;\n&lt;link rel=\"preconnect\" href=\"https:\/\/fonts.gstatic.com\" crossorigin&gt;"},"schema":null,"og:locale":"es_ES","og:site_name":"SoyMigrante.com REVISTA \u2013 Nuestra misi\u00f3n es reconocer y dignificar al migrante.","og:type":"article","og:title":"\u00bfConfesarse? Resolviendo dudas sobre este sacramento cat\u00f3lico","og:description":"La confesi\u00f3n es un acto voluntario que para muchos no es f\u00e1cil. \u00bfCu\u00e1les son sus beneficios? \u00bfPor qu\u00e9 en Cuaresma se anima a practicarlo? Algunas claves.","og:url":"https:\/\/soymigrante.com\/revista\/confesarse-resolviendo-dudas-sobre-este-sacramento-catolico\/","og:image":"https:\/\/soymigrante.com\/revista\/wp-content\/uploads\/2025\/04\/Confesarse-La-importancia-y-beneficios-de-esta-pra\u0301ctica-1-e1743627328442.webp","og:image:secure_url":"https:\/\/soymigrante.com\/revista\/wp-content\/uploads\/2025\/04\/Confesarse-La-importancia-y-beneficios-de-esta-pra\u0301ctica-1-e1743627328442.webp","og:image:width":1424,"og:image:height":949,"article:published_time":"2025-04-04T12:00:00+00:00","article:modified_time":"2025-04-04T01:55:37+00:00","article:publisher":"https:\/\/www.facebook.com\/soymigrantecom","twitter:card":"summary_large_image","twitter:site":"@SoyMigrante_com","twitter:title":"\u00bfConfesarse? Resolviendo dudas sobre este sacramento cat\u00f3lico","twitter:description":"La confesi\u00f3n es un acto voluntario que para muchos no es f\u00e1cil. \u00bfCu\u00e1les son sus beneficios? \u00bfPor qu\u00e9 en Cuaresma se anima a practicarlo? Algunas claves.","twitter:creator":"@SoyMigrante_com","twitter:image":"https:\/\/soymigrante.com\/revista\/wp-content\/uploads\/2025\/04\/Confesarse-La-importancia-y-beneficios-de-esta-pra\u0301ctica-1-e1743627328442.webp"},"aioseo_meta_data":{"post_id":"29977","title":null,"description":"La confesi\u00f3n es un acto voluntario que para muchos no es f\u00e1cil. \u00bfCu\u00e1les son sus beneficios? \u00bfPor qu\u00e9 en Cuaresma se anima a practicarlo? Algunas claves.","keywords":null,"keyphrases":{"focus":{"keyphrase":"Confesarse","score":69,"analysis":{"keyphraseInTitle":{"score":9,"maxScore":9,"error":0},"keyphraseInDescription":{"score":3,"maxScore":9,"error":1},"keyphraseLength":{"score":9,"maxScore":9,"error":0,"length":1},"keyphraseInURL":{"score":5,"maxScore":5,"error":0},"keyphraseInIntroduction":{"score":3,"maxScore":9,"error":1},"keyphraseInSubHeadings":{"score":9,"maxScore":9,"error":0},"keyphraseInImageAlt":{"score":9,"maxScore":9,"error":0},"keywordDensity":{"score":0,"type":"low","maxScore":9,"error":1}}},"additional":[{"keyphrase":"Confesarse","score":53,"analysis":{"keyphraseInDescription":{"score":3,"maxScore":9,"error":1},"keyphraseLength":{"score":9,"maxScore":9,"error":0,"length":1},"keyphraseInIntroduction":{"score":3,"maxScore":9,"error":1},"keyphraseInImageAlt":{"score":9,"maxScore":9,"error":0},"keywordDensity":{"score":0,"type":"low","maxScore":9,"error":1}}},{"keyphrase":"Confesi\u00f3n","score":87,"analysis":{"keyphraseInDescription":{"score":9,"maxScore":9,"error":0},"keyphraseLength":{"score":9,"maxScore":9,"error":0,"length":2},"keyphraseInIntroduction":{"score":9,"maxScore":9,"error":0},"keyphraseInImageAlt":{"score":3,"maxScore":9,"error":1},"keywordDensity":{"type":"best","score":9,"maxScore":9,"error":0}}}]},"primary_term":null,"canonical_url":null,"og_title":null,"og_description":null,"og_object_type":"default","og_image_type":"default","og_image_url":null,"og_image_width":null,"og_image_height":null,"og_image_custom_url":null,"og_image_custom_fields":null,"og_video":"","og_custom_url":null,"og_article_section":null,"og_article_tags":null,"twitter_use_og":false,"twitter_card":"default","twitter_image_type":"default","twitter_image_url":null,"twitter_image_custom_url":null,"twitter_image_custom_fields":null,"twitter_title":null,"twitter_description":null,"schema":{"blockGraphs":[],"customGraphs":[],"default":{"data":{"Article":[],"Course":[],"Dataset":[],"FAQPage":[],"Movie":[],"Person":[],"Product":[],"ProductReview":[],"Car":[],"Recipe":[],"Service":[],"SoftwareApplication":[],"WebPage":[]},"graphName":"BlogPosting","isEnabled":true},"graphs":[]},"schema_type":"default","schema_type_options":null,"pillar_content":false,"robots_default":true,"robots_noindex":false,"robots_noarchive":false,"robots_nosnippet":false,"robots_nofollow":false,"robots_noimageindex":false,"robots_noodp":false,"robots_notranslate":false,"robots_max_snippet":"-1","robots_max_videopreview":"-1","robots_max_imagepreview":"large","priority":null,"frequency":"default","local_seo":null,"seo_analyzer_scan_date":"2025-10-09 04:04:22","breadcrumb_settings":null,"limit_modified_date":false,"reviewed_by":null,"open_ai":"{\"title\":{\"suggestions\":[],\"usage\":0},\"description\":{\"suggestions\":[],\"usage\":0}}","ai":null,"created":"2025-04-02 20:56:18","updated":"2026-02-04 22:41:59"},"aioseo_breadcrumb":"<div class=\"aioseo-breadcrumbs\"><span class=\"aioseo-breadcrumb\">\n\t<a href=\"https:\/\/soymigrante.com\/revista\" title=\"Home\">Home<\/a>\n<\/span><span class=\"aioseo-breadcrumb-separator\">\u00bb<\/span><span class=\"aioseo-breadcrumb\">\n\t<a href=\"https:\/\/soymigrante.com\/revista\/category\/bienestar\/\" title=\"Bienestar\">Bienestar<\/a>\n<\/span><span class=\"aioseo-breadcrumb-separator\">\u00bb<\/span><span class=\"aioseo-breadcrumb\">\n\t\u00bfConfesarse? Resolviendo dudas sobre este sacramento cat\u00f3lico\n<\/span><\/div>","aioseo_breadcrumb_json":[{"label":"Home","link":"https:\/\/soymigrante.com\/revista"},{"label":"Bienestar","link":"https:\/\/soymigrante.com\/revista\/category\/bienestar\/"},{"label":"\u00bfConfesarse? Resolviendo dudas sobre este sacramento cat\u00f3lico","link":"https:\/\/soymigrante.com\/revista\/confesarse-resolviendo-dudas-sobre-este-sacramento-catolico\/"}],"_links":{"self":[{"href":"https:\/\/soymigrante.com\/revista\/wp-json\/wp\/v2\/posts\/29977","targetHints":{"allow":["GET"]}}],"collection":[{"href":"https:\/\/soymigrante.com\/revista\/wp-json\/wp\/v2\/posts"}],"about":[{"href":"https:\/\/soymigrante.com\/revista\/wp-json\/wp\/v2\/types\/post"}],"author":[{"embeddable":true,"href":"https:\/\/soymigrante.com\/revista\/wp-json\/wp\/v2\/users\/19"}],"replies":[{"embeddable":true,"href":"https:\/\/soymigrante.com\/revista\/wp-json\/wp\/v2\/comments?post=29977"}],"version-history":[{"count":0,"href":"https:\/\/soymigrante.com\/revista\/wp-json\/wp\/v2\/posts\/29977\/revisions"}],"wp:featuredmedia":[{"embeddable":true,"href":"https:\/\/soymigrante.com\/revista\/wp-json\/wp\/v2\/media\/29978"}],"wp:attachment":[{"href":"https:\/\/soymigrante.com\/revista\/wp-json\/wp\/v2\/media?parent=29977"}],"wp:term":[{"taxonomy":"category","embeddable":true,"href":"https:\/\/soymigrante.com\/revista\/wp-json\/wp\/v2\/categories?post=29977"},{"taxonomy":"post_tag","embeddable":true,"href":"https:\/\/soymigrante.com\/revista\/wp-json\/wp\/v2\/tags?post=29977"}],"curies":[{"name":"wp","href":"https:\/\/api.w.org\/{rel}","templated":true}]}}