{"id":2997,"date":"2023-10-17T10:41:13","date_gmt":"2023-10-17T16:41:13","guid":{"rendered":"https:\/\/soymigrante.com\/revista\/?p=2997"},"modified":"2025-12-26T14:55:08","modified_gmt":"2025-12-26T20:55:08","slug":"espiritualidad-maya-kaqchiqel-tambien-es-migrante-en-new-jersey","status":"publish","type":"post","link":"https:\/\/soymigrante.com\/revista\/espiritualidad-maya-kaqchiqel-tambien-es-migrante-en-new-jersey\/","title":{"rendered":"Espiritualidad maya kaqchikel tambi\u00e9n es migrante en New Jersey junto a Efr\u00e9n Mej\u00eda"},"content":{"rendered":"\t\t<div data-elementor-type=\"wp-post\" data-elementor-id=\"2997\" class=\"elementor elementor-2997\" data-elementor-post-type=\"post\">\n\t\t\t\t\t\t<section data-particle_enable=\"false\" data-particle-mobile-disabled=\"false\" class=\"elementor-section elementor-top-section elementor-element elementor-element-4569c68 elementor-section-boxed elementor-section-height-default elementor-section-height-default\" data-id=\"4569c68\" data-element_type=\"section\" data-e-type=\"section\">\n\t\t\t\t\t\t<div class=\"elementor-container elementor-column-gap-default\">\n\t\t\t\t\t<div class=\"elementor-column elementor-col-100 elementor-top-column elementor-element elementor-element-3fb495a\" data-id=\"3fb495a\" data-element_type=\"column\" data-e-type=\"column\">\n\t\t\t<div class=\"elementor-widget-wrap elementor-element-populated\">\n\t\t\t\t\t\t<div class=\"elementor-element elementor-element-0fee63a elementor-widget elementor-widget-heading\" data-id=\"0fee63a\" data-element_type=\"widget\" data-e-type=\"widget\" data-widget_type=\"heading.default\">\n\t\t\t\t\t<h1 class=\"elementor-heading-title elementor-size-default\"><span style=\"font-size: 39.04px\">Padre, hijo, nieto, esposo y sobre todo guatemalteco originario de San Mart\u00edn Jilotepeque, Chimaltenango, el migrante Efren Mej\u00eda, radicado en New Jersey promueve  los valores de la cultura maya k'aqchiq'el\n<\/span><\/h1>\t\t\t\t<\/div>\n\t\t\t\t<div class=\"elementor-element elementor-element-336cdb0 elementor-widget elementor-widget-html\" data-id=\"336cdb0\" data-element_type=\"widget\" data-e-type=\"widget\" data-widget_type=\"html.default\">\n\t\t\t\t\t<div id=\"buzzsprout-player-18417044\"><\/div><script src=\"https:\/\/www.buzzsprout.com\/2444168\/episodes\/18417044-efren-mejia-cosmovision-maya-sin-fronteras-en-new-jersey.js?container_id=buzzsprout-player-18417044&player=small\" type=\"text\/javascript\" charset=\"utf-8\"><\/script>\t\t\t\t<\/div>\n\t\t\t\t\t<\/div>\n\t\t<\/div>\n\t\t\t\t\t<\/div>\n\t\t<\/section>\n\t\t\t\t<section data-particle_enable=\"false\" data-particle-mobile-disabled=\"false\" class=\"elementor-section elementor-top-section elementor-element elementor-element-9719181 elementor-section-boxed elementor-section-height-default elementor-section-height-default\" data-id=\"9719181\" data-element_type=\"section\" data-e-type=\"section\">\n\t\t\t\t\t\t<div class=\"elementor-container elementor-column-gap-default\">\n\t\t\t\t\t<div class=\"elementor-column elementor-col-100 elementor-top-column elementor-element elementor-element-59365b2\" data-id=\"59365b2\" data-element_type=\"column\" data-e-type=\"column\">\n\t\t\t<div class=\"elementor-widget-wrap elementor-element-populated\">\n\t\t\t\t\t\t<div class=\"elementor-element elementor-element-fc4cb9c elementor-widget elementor-widget-image\" data-id=\"fc4cb9c\" data-element_type=\"widget\" data-e-type=\"widget\" data-widget_type=\"image.default\">\n\t\t\t\t\t\t\t\t\t\t\t\t<figure class=\"wp-caption\">\n\t\t\t\t\t\t\t\t\t\t<img fetchpriority=\"high\" decoding=\"async\" width=\"683\" height=\"1024\" src=\"https:\/\/soymigrante.com\/revista\/wp-content\/uploads\/2023\/10\/efren-mejia-enla-u-683x1024.webp\" class=\"attachment-large size-large wp-image-3006\" alt=\"Efr\u00e9n Mej\u00eda, de San Mart\u00edn Jilotepeque, efect\u00faa una ceremonia maya de agradecimiento, en un \u00e1rea verde de la William and Mary University, de Baltimore, a donde fue invitado para disertar en ingl\u00e9s acerca de la cosmovisi\u00f3n maya kaqchiqel. Su esposa Mari le asiste en el ritual.\" srcset=\"https:\/\/soymigrante.com\/revista\/wp-content\/uploads\/2023\/10\/efren-mejia-enla-u-683x1024.webp 683w, https:\/\/soymigrante.com\/revista\/wp-content\/uploads\/2023\/10\/efren-mejia-enla-u-200x300.webp 200w, https:\/\/soymigrante.com\/revista\/wp-content\/uploads\/2023\/10\/efren-mejia-enla-u-768x1152.webp 768w, https:\/\/soymigrante.com\/revista\/wp-content\/uploads\/2023\/10\/efren-mejia-enla-u-1024x1536.webp 1024w, https:\/\/soymigrante.com\/revista\/wp-content\/uploads\/2023\/10\/efren-mejia-enla-u-750x1125.webp 750w, https:\/\/soymigrante.com\/revista\/wp-content\/uploads\/2023\/10\/efren-mejia-enla-u-1140x1710.webp 1140w, https:\/\/soymigrante.com\/revista\/wp-content\/uploads\/2023\/10\/efren-mejia-enla-u.webp 1280w\" sizes=\"(max-width: 683px) 100vw, 683px\" title=\"Efr\u00e9n Mej\u00eda, de San Mart\u00edn Jilotepeque, efect\u00faa una ceremonia maya de agradecimiento, en un \u00e1rea verde de la William and Mary University, de Baltimore, a donde fue invitado para disertar en ingl\u00e9s acerca de la cosmovisi\u00f3n maya kaqchiqel. Su esposa Mari le asiste en el ritual. \u2013 SoyMigrante.com REVISTA\" \/>\t\t\t\t\t\t\t\t\t\t\t<figcaption class=\"widget-image-caption wp-caption-text\">Efr\u00e9n Mej\u00eda, de San Mart\u00edn Jilotepeque, efect\u00faa una ceremonia maya de agradecimiento, en un \u00e1rea verde de la William and Mary University, de Baltimore, a donde fue invitado para disertar en ingl\u00e9s acerca de la cosmovisi\u00f3n maya kaqchiqel. Su esposa Mari le asiste en el ritual.<\/figcaption>\n\t\t\t\t\t\t\t\t\t\t<\/figure>\n\t\t\t\t\t\t\t\t\t<\/div>\n\t\t\t\t\t<\/div>\n\t\t<\/div>\n\t\t\t\t\t<\/div>\n\t\t<\/section>\n\t\t\t\t<section data-particle_enable=\"false\" data-particle-mobile-disabled=\"false\" class=\"elementor-section elementor-top-section elementor-element elementor-element-d372c12 elementor-section-boxed elementor-section-height-default elementor-section-height-default\" data-id=\"d372c12\" data-element_type=\"section\" data-e-type=\"section\">\n\t\t\t\t\t\t<div class=\"elementor-container elementor-column-gap-default\">\n\t\t\t\t\t<div class=\"elementor-column elementor-col-100 elementor-top-column elementor-element elementor-element-b7f98ea\" data-id=\"b7f98ea\" data-element_type=\"column\" data-e-type=\"column\">\n\t\t\t<div class=\"elementor-widget-wrap elementor-element-populated\">\n\t\t\t\t\t\t<div class=\"elementor-element elementor-element-21b3f03 elementor-widget elementor-widget-heading\" data-id=\"21b3f03\" data-element_type=\"widget\" data-e-type=\"widget\" data-widget_type=\"heading.default\">\n\t\t\t\t\t<h2 class=\"elementor-heading-title elementor-size-default\">Migrante con ra\u00edz de identidad<\/h2>\t\t\t\t<\/div>\n\t\t\t\t\t<\/div>\n\t\t<\/div>\n\t\t\t\t\t<\/div>\n\t\t<\/section>\n\t\t\t\t<section data-particle_enable=\"false\" data-particle-mobile-disabled=\"false\" class=\"elementor-section elementor-top-section elementor-element elementor-element-3ad1e6f elementor-section-boxed elementor-section-height-default elementor-section-height-default\" data-id=\"3ad1e6f\" data-element_type=\"section\" data-e-type=\"section\">\n\t\t\t\t\t\t<div class=\"elementor-container elementor-column-gap-default\">\n\t\t\t\t\t<div class=\"elementor-column elementor-col-100 elementor-top-column elementor-element elementor-element-340d194\" data-id=\"340d194\" data-element_type=\"column\" data-e-type=\"column\">\n\t\t\t<div class=\"elementor-widget-wrap elementor-element-populated\">\n\t\t\t\t\t\t<div class=\"elementor-element elementor-element-e727b8e elementor-widget elementor-widget-text-editor\" data-id=\"e727b8e\" data-element_type=\"widget\" data-e-type=\"widget\" data-widget_type=\"text-editor.default\">\n\t\t\t\t\t\t\t\t\t<p><span style=\"background-color: var(--ak-bg-color);\">El fuego encendido. Un gu\u00eda espiritual eleva oraciones al Coraz\u00f3n del Cielo. Incienso, velas Parece una ceremonia maya en alg\u00fan sitio sagrado de Guatemala.\u00a0<\/span><\/p><p>Pero es la Universidad William and Mary de Baltimore, en donde el migrante guatemalteco Efr\u00e9n Mej\u00eda expuso la cosmovisi\u00f3n maya que tambi\u00e9n migr\u00f3 con \u00e9l. Efr\u00e9n es originario de San Mart\u00edn Jilotepeque, de donde sali\u00f3 con su familia hace cuatro a\u00f1os.<\/p><p>Se estableci\u00f3 en New Jersey, en donde efect\u00faa trabajos de construcci\u00f3n.\u00a0Al migrar se llev\u00f3 a su esposa e hijo. Extra\u00f1a inmensamente a su mam\u00e1. Pero no hab\u00eda oportunidades de trabajo en su comunidad. Desde el primer d\u00eda empez\u00f3 a laborar.\u00a0 &#8220;Ayudar a preparar cemento para un se\u00f1or que repellaba un edificio. Me toc\u00f3 andar por los andamios. Nunca lo hab\u00eda hecho. Pero ya me acostumbr\u00e9. Pero para m\u00ed el trabajo es bendici\u00f3n. Desde ni\u00f1o trabaj\u00e9 en el corte de caf\u00e9&#8221;, relata el migrante Efr\u00e9n.<\/p>\t\t\t\t\t\t\t\t<\/div>\n\t\t\t\t\t<\/div>\n\t\t<\/div>\n\t\t\t\t\t<\/div>\n\t\t<\/section>\n\t\t\t\t<section data-particle_enable=\"false\" data-particle-mobile-disabled=\"false\" class=\"elementor-section elementor-top-section elementor-element elementor-element-829a5e8 elementor-section-boxed elementor-section-height-default elementor-section-height-default\" data-id=\"829a5e8\" data-element_type=\"section\" data-e-type=\"section\">\n\t\t\t\t\t\t<div class=\"elementor-container elementor-column-gap-default\">\n\t\t\t\t\t<div class=\"elementor-column elementor-col-100 elementor-top-column elementor-element elementor-element-5b303fc\" data-id=\"5b303fc\" data-element_type=\"column\" data-e-type=\"column\">\n\t\t\t<div class=\"elementor-widget-wrap elementor-element-populated\">\n\t\t\t\t\t\t<div class=\"elementor-element elementor-element-1fcf43b elementor-widget elementor-widget-facebook-embed\" data-id=\"1fcf43b\" data-element_type=\"widget\" data-e-type=\"widget\" data-widget_type=\"facebook-embed.default\">\n\t\t\t\t\t<div style=\"min-height: 1px\" class=\"elementor-facebook-widget fb-post\" data-href=\"https:\/\/www.facebook.com\/reel\/1272657100292864\" data-show-text=\"false\"><\/div>\t\t\t\t<\/div>\n\t\t\t\t\t<\/div>\n\t\t<\/div>\n\t\t\t\t\t<\/div>\n\t\t<\/section>\n\t\t\t\t<section data-particle_enable=\"false\" data-particle-mobile-disabled=\"false\" class=\"elementor-section elementor-top-section elementor-element elementor-element-855e20e elementor-section-boxed elementor-section-height-default elementor-section-height-default\" data-id=\"855e20e\" data-element_type=\"section\" data-e-type=\"section\">\n\t\t\t\t\t\t<div class=\"elementor-container elementor-column-gap-default\">\n\t\t\t\t\t<div class=\"elementor-column elementor-col-100 elementor-top-column elementor-element elementor-element-8886338\" data-id=\"8886338\" data-element_type=\"column\" data-e-type=\"column\">\n\t\t\t<div class=\"elementor-widget-wrap elementor-element-populated\">\n\t\t\t\t\t\t<div class=\"elementor-element elementor-element-5cd4cf1 elementor-widget elementor-widget-heading\" data-id=\"5cd4cf1\" data-element_type=\"widget\" data-e-type=\"widget\" data-widget_type=\"heading.default\">\n\t\t\t\t\t<h2 class=\"elementor-heading-title elementor-size-default\">\"Mis abuelos me ense\u00f1aron\" <\/h2>\t\t\t\t<\/div>\n\t\t\t\t\t<\/div>\n\t\t<\/div>\n\t\t\t\t\t<\/div>\n\t\t<\/section>\n\t\t\t\t<section data-particle_enable=\"false\" data-particle-mobile-disabled=\"false\" class=\"elementor-section elementor-top-section elementor-element elementor-element-3d34825 elementor-section-boxed elementor-section-height-default elementor-section-height-default\" data-id=\"3d34825\" data-element_type=\"section\" data-e-type=\"section\">\n\t\t\t\t\t\t<div class=\"elementor-container elementor-column-gap-default\">\n\t\t\t\t\t<div class=\"elementor-column elementor-col-100 elementor-top-column elementor-element elementor-element-390c9f0\" data-id=\"390c9f0\" data-element_type=\"column\" data-e-type=\"column\">\n\t\t\t<div class=\"elementor-widget-wrap elementor-element-populated\">\n\t\t\t\t\t\t<div class=\"elementor-element elementor-element-fae955a elementor-widget elementor-widget-text-editor\" data-id=\"fae955a\" data-element_type=\"widget\" data-e-type=\"widget\" data-widget_type=\"text-editor.default\">\n\t\t\t\t\t\t\t\t\t<p><span style=\"background-color: var(--ak-bg-color);\">&#8220;La herencia espiritual viene de mi familia, de mis abuelos maternos: Celedonio Mej\u00eda Cal\u00e1n y Pascuala Tom\u00e1s Chal\u00ed. De ellos aprend\u00ed toda la base y el fundamento de la espiritualidad. Yo crec\u00ed con mi mam\u00e1 y viv\u00edamos donde mis abuelos. Esa fue mi primera gran escuela&#8221;, cuenta Efr\u00e9n, quien en Estados Unidos trabaja en construcci\u00f3n.<\/span><\/p><p>&#8220;Cuando estaba en 5o. grado de primaria un maestro nos habl\u00f3 del calendario maya. Me interes\u00f3 y busqu\u00e9 libros para aprender. Pero mi abuelo me explic\u00f3, tambi\u00e9n otros abuelos mayas. Mucho conocimiento no est\u00e1 escrito y me llegaron de viva voz&#8221;.<\/p>\t\t\t\t\t\t\t\t<\/div>\n\t\t\t\t\t<\/div>\n\t\t<\/div>\n\t\t\t\t\t<\/div>\n\t\t<\/section>\n\t\t\t\t<section data-particle_enable=\"false\" data-particle-mobile-disabled=\"false\" class=\"elementor-section elementor-top-section elementor-element elementor-element-2521366 elementor-section-boxed elementor-section-height-default elementor-section-height-default\" data-id=\"2521366\" data-element_type=\"section\" data-e-type=\"section\">\n\t\t\t\t\t\t<div class=\"elementor-container elementor-column-gap-default\">\n\t\t\t\t\t<div class=\"elementor-column elementor-col-100 elementor-top-column elementor-element elementor-element-0ca669b\" data-id=\"0ca669b\" data-element_type=\"column\" data-e-type=\"column\">\n\t\t\t<div class=\"elementor-widget-wrap elementor-element-populated\">\n\t\t\t\t\t\t<div class=\"elementor-element elementor-element-4d7f718 elementor-widget elementor-widget-image\" data-id=\"4d7f718\" data-element_type=\"widget\" data-e-type=\"widget\" data-widget_type=\"image.default\">\n\t\t\t\t\t\t\t\t\t\t\t\t<figure class=\"wp-caption\">\n\t\t\t\t\t\t\t\t\t\t<img decoding=\"async\" width=\"1024\" height=\"768\" src=\"https:\/\/soymigrante.com\/revista\/wp-content\/uploads\/2023\/10\/abuelos-efren-1024x768.webp\" class=\"attachment-large size-large wp-image-3009\" alt=\"Efr\u00e9n recuerda siempre con especial cari\u00f1o a sus abuelos maternos, quienes le compartieron la sabidur\u00eda de la cosmovisi\u00f3n maya.\" srcset=\"https:\/\/soymigrante.com\/revista\/wp-content\/uploads\/2023\/10\/abuelos-efren-1024x768.webp 1024w, https:\/\/soymigrante.com\/revista\/wp-content\/uploads\/2023\/10\/abuelos-efren-300x225.webp 300w, https:\/\/soymigrante.com\/revista\/wp-content\/uploads\/2023\/10\/abuelos-efren-768x576.webp 768w, https:\/\/soymigrante.com\/revista\/wp-content\/uploads\/2023\/10\/abuelos-efren-750x563.webp 750w, https:\/\/soymigrante.com\/revista\/wp-content\/uploads\/2023\/10\/abuelos-efren-1140x855.webp 1140w, https:\/\/soymigrante.com\/revista\/wp-content\/uploads\/2023\/10\/abuelos-efren.webp 1280w\" sizes=\"(max-width: 1024px) 100vw, 1024px\" title=\"Efr\u00e9n recuerda siempre con especial cari\u00f1o a sus abuelos maternos, quienes le compartieron la sabidur\u00eda de la cosmovisi\u00f3n maya. \u2013 SoyMigrante.com REVISTA\" \/>\t\t\t\t\t\t\t\t\t\t\t<figcaption class=\"widget-image-caption wp-caption-text\">Efr\u00e9n recuerda siempre con especial cari\u00f1o a sus abuelos maternos, quienes le compartieron la sabidur\u00eda de la cosmovisi\u00f3n maya.<\/figcaption>\n\t\t\t\t\t\t\t\t\t\t<\/figure>\n\t\t\t\t\t\t\t\t\t<\/div>\n\t\t\t\t\t<\/div>\n\t\t<\/div>\n\t\t\t\t\t<\/div>\n\t\t<\/section>\n\t\t\t\t<section data-particle_enable=\"false\" data-particle-mobile-disabled=\"false\" class=\"elementor-section elementor-top-section elementor-element elementor-element-47f024e elementor-section-boxed elementor-section-height-default elementor-section-height-default\" data-id=\"47f024e\" data-element_type=\"section\" data-e-type=\"section\">\n\t\t\t\t\t\t<div class=\"elementor-container elementor-column-gap-default\">\n\t\t\t\t\t<div class=\"elementor-column elementor-col-100 elementor-top-column elementor-element elementor-element-0c2afc5\" data-id=\"0c2afc5\" data-element_type=\"column\" data-e-type=\"column\">\n\t\t\t<div class=\"elementor-widget-wrap elementor-element-populated\">\n\t\t\t\t\t\t<div class=\"elementor-element elementor-element-c30c440 elementor-widget elementor-widget-text-editor\" data-id=\"c30c440\" data-element_type=\"widget\" data-e-type=\"widget\" data-widget_type=\"text-editor.default\">\n\t\t\t\t\t\t\t\t\t<p><span style=\"background-color: var(--ak-bg-color);\">El migrante fr\u00e9n Mej\u00eda lamenta que la visi\u00f3n del calendario, con d\u00edas m\u00e1s propicios para ciertas actividades, no se aproveche. &#8220;Integra el cosmos, la naturaleza, la energ\u00eda con nuestro diario vivir.\u00a0<\/span><\/p><p>Por eso mismo le sorprendi\u00f3 cuando fue invitado por primera vez a un aula universitaria para exponer su cultura. Se dio cuenta de que su cultura tambi\u00e9n iba de migrante con \u00e9l.<br \/>&#8220;All\u00e1 a San Mart\u00edn llegaban extranjeros con ganas de aprender el idioma, los valores, la cultura. Recientemente estuvimos en la Universidad de William&amp;Mary, en Baltimore, donde se pudo efectuar un ritual de agradecimiento. Record\u00e9 a mi abuelo&#8221;.<\/p>\t\t\t\t\t\t\t\t<\/div>\n\t\t\t\t\t<\/div>\n\t\t<\/div>\n\t\t\t\t\t<\/div>\n\t\t<\/section>\n\t\t\t\t<section data-particle_enable=\"false\" data-particle-mobile-disabled=\"false\" class=\"elementor-section elementor-top-section elementor-element elementor-element-d9126e0 elementor-section-boxed elementor-section-height-default elementor-section-height-default\" data-id=\"d9126e0\" data-element_type=\"section\" data-e-type=\"section\">\n\t\t\t\t\t\t<div class=\"elementor-container elementor-column-gap-default\">\n\t\t\t\t\t<div class=\"elementor-column elementor-col-100 elementor-top-column elementor-element elementor-element-667793f\" data-id=\"667793f\" data-element_type=\"column\" data-e-type=\"column\">\n\t\t\t<div class=\"elementor-widget-wrap elementor-element-populated\">\n\t\t\t\t\t\t<div class=\"elementor-element elementor-element-b1e366b elementor-widget elementor-widget-image\" data-id=\"b1e366b\" data-element_type=\"widget\" data-e-type=\"widget\" data-widget_type=\"image.default\">\n\t\t\t\t\t\t\t\t\t\t\t\t\t\t\t<img decoding=\"async\" width=\"1024\" height=\"782\" src=\"https:\/\/soymigrante.com\/revista\/wp-content\/uploads\/2023\/10\/hijo-de-efren-le-ayuda-1024x782.webp\" class=\"attachment-large size-large wp-image-3000\" alt=\"Marcos, el hijo de Efr\u00e9n y Mari, ya est\u00e1 siendo formado en la cosmovisi\u00f3n maya. Asiste a la escuela, pero su padre siempre le dice que nunca olvide sus ra\u00edces. Aqu\u00ed ayuda a colocar los elementos para el altar de una ceremonia en la Universidad William &amp; Mary, de Baltimore.\" srcset=\"https:\/\/soymigrante.com\/revista\/wp-content\/uploads\/2023\/10\/hijo-de-efren-le-ayuda-1024x782.webp 1024w, https:\/\/soymigrante.com\/revista\/wp-content\/uploads\/2023\/10\/hijo-de-efren-le-ayuda-300x229.webp 300w, https:\/\/soymigrante.com\/revista\/wp-content\/uploads\/2023\/10\/hijo-de-efren-le-ayuda-768x586.webp 768w, https:\/\/soymigrante.com\/revista\/wp-content\/uploads\/2023\/10\/hijo-de-efren-le-ayuda-750x572.webp 750w, https:\/\/soymigrante.com\/revista\/wp-content\/uploads\/2023\/10\/hijo-de-efren-le-ayuda-1140x870.webp 1140w, https:\/\/soymigrante.com\/revista\/wp-content\/uploads\/2023\/10\/hijo-de-efren-le-ayuda.webp 1204w\" sizes=\"(max-width: 1024px) 100vw, 1024px\" title=\"Marcos, el hijo de Efr\u00e9n y Mari, ya est\u00e1 siendo formado en la cosmovisi\u00f3n maya.  Asiste a la escuela, pero su padre siempre le dice que nunca olvide sus ra\u00edces. Aqu\u00ed ayuda a colocar los elementos para el altar de una ceremonia en la Universidad William &amp; Mary, de Baltimore. \u2013 SoyMigrante.com REVISTA\" \/>\t\t\t\t\t\t\t\t\t\t\t\t\t\t\t<\/div>\n\t\t\t\t\t<\/div>\n\t\t<\/div>\n\t\t\t\t\t<\/div>\n\t\t<\/section>\n\t\t\t\t<section data-particle_enable=\"false\" data-particle-mobile-disabled=\"false\" class=\"elementor-section elementor-top-section elementor-element elementor-element-d065bb6 elementor-section-boxed elementor-section-height-default elementor-section-height-default\" data-id=\"d065bb6\" data-element_type=\"section\" data-e-type=\"section\">\n\t\t\t\t\t\t<div class=\"elementor-container elementor-column-gap-default\">\n\t\t\t\t\t<div class=\"elementor-column elementor-col-100 elementor-top-column elementor-element elementor-element-cdb2a58\" data-id=\"cdb2a58\" data-element_type=\"column\" data-e-type=\"column\">\n\t\t\t<div class=\"elementor-widget-wrap elementor-element-populated\">\n\t\t\t\t\t\t<div class=\"elementor-element elementor-element-c786cd0 elementor-widget elementor-widget-heading\" data-id=\"c786cd0\" data-element_type=\"widget\" data-e-type=\"widget\" data-widget_type=\"heading.default\">\n\t\t\t\t\t<h2 class=\"elementor-heading-title elementor-size-default\">Grandes sue\u00f1os<\/h2>\t\t\t\t<\/div>\n\t\t\t\t\t<\/div>\n\t\t<\/div>\n\t\t\t\t\t<\/div>\n\t\t<\/section>\n\t\t\t\t<section data-particle_enable=\"false\" data-particle-mobile-disabled=\"false\" class=\"elementor-section elementor-top-section elementor-element elementor-element-81e54c9 elementor-section-boxed elementor-section-height-default elementor-section-height-default\" data-id=\"81e54c9\" data-element_type=\"section\" data-e-type=\"section\">\n\t\t\t\t\t\t<div class=\"elementor-container elementor-column-gap-default\">\n\t\t\t\t\t<div class=\"elementor-column elementor-col-100 elementor-top-column elementor-element elementor-element-5c95dc4\" data-id=\"5c95dc4\" data-element_type=\"column\" data-e-type=\"column\">\n\t\t\t<div class=\"elementor-widget-wrap elementor-element-populated\">\n\t\t\t\t\t\t<div class=\"elementor-element elementor-element-20da2c6 elementor-widget elementor-widget-text-editor\" data-id=\"20da2c6\" data-element_type=\"widget\" data-e-type=\"widget\" data-widget_type=\"text-editor.default\">\n\t\t\t\t\t\t\t\t\t<p><span style=\"background-color: var(--ak-bg-color);\">La principal ense\u00f1anza del migrante Efr\u00e9n Mej\u00eda para su hijo Marcos es que siempre valore su identidad. Que aprenda mucho de otras culturas, pero que nunca olvide de d\u00f3nde viene, adem\u00e1s de que debe perseguir sus sue\u00f1os.<\/span><\/p><p>De hecho hace poco, Efr\u00e9n cumpli\u00f3 un gran sue\u00f1o: casarse formalmente con su esposa Mari Culajay. &#8220;No lo hab\u00edamos podido hacer en el pueblo y aqu\u00ed pasaron los a\u00f1os, pero lo hicimos. Fue un d\u00eda de mucha alegr\u00eda&#8221;.<\/p><p>Su otro gran sue\u00f1o es\u00a0 poder llegar a adquirir un terreno grande en su natal San Mart\u00edn en el cual se pueda crear un enorme centro de conservaci\u00f3n y difusi\u00f3n de la cultura y conocimiento maya kaqhiquel.<\/p>\t\t\t\t\t\t\t\t<\/div>\n\t\t\t\t\t<\/div>\n\t\t<\/div>\n\t\t\t\t\t<\/div>\n\t\t<\/section>\n\t\t\t\t<section data-particle_enable=\"false\" data-particle-mobile-disabled=\"false\" class=\"elementor-section elementor-top-section elementor-element elementor-element-b6ab67d elementor-section-boxed elementor-section-height-default elementor-section-height-default\" data-id=\"b6ab67d\" data-element_type=\"section\" data-e-type=\"section\">\n\t\t\t\t\t\t<div class=\"elementor-container elementor-column-gap-default\">\n\t\t\t\t\t<div class=\"elementor-column elementor-col-100 elementor-top-column elementor-element elementor-element-915ddba\" data-id=\"915ddba\" data-element_type=\"column\" data-e-type=\"column\">\n\t\t\t<div class=\"elementor-widget-wrap elementor-element-populated\">\n\t\t\t\t\t\t<div class=\"elementor-element elementor-element-c930f00 elementor-widget elementor-widget-image\" data-id=\"c930f00\" data-element_type=\"widget\" data-e-type=\"widget\" data-widget_type=\"image.default\">\n\t\t\t\t\t\t\t\t\t\t\t\t\t\t\t<img loading=\"lazy\" decoding=\"async\" width=\"947\" height=\"815\" src=\"https:\/\/soymigrante.com\/revista\/wp-content\/uploads\/2023\/10\/efren-casamiento.webp\" class=\"attachment-large size-large wp-image-3002\" alt=\"Un gran sue\u00f1o cumplido: en este mes de octubre, Efr\u00e9n y Mari se casaron por la Iglesia Cat\u00f3lica, un sue\u00f1o que ten\u00edan desde su partida de San Mart\u00edn Jilotepeque. Su multiculturalidad no les impide en absoluto conjugar la fe cristiana y los valores mayas en armon\u00eda.\" srcset=\"https:\/\/soymigrante.com\/revista\/wp-content\/uploads\/2023\/10\/efren-casamiento.webp 947w, https:\/\/soymigrante.com\/revista\/wp-content\/uploads\/2023\/10\/efren-casamiento-300x258.webp 300w, https:\/\/soymigrante.com\/revista\/wp-content\/uploads\/2023\/10\/efren-casamiento-768x661.webp 768w, https:\/\/soymigrante.com\/revista\/wp-content\/uploads\/2023\/10\/efren-casamiento-750x645.webp 750w\" sizes=\"(max-width: 947px) 100vw, 947px\" title=\"Un gran sue\u00f1o cumplido: en este mes de octubre, Efr\u00e9n y Mari se casaron por la Iglesia Cat\u00f3lica, un sue\u00f1o que ten\u00edan desde su partida de San Mart\u00edn Jilotepeque. Su multiculturalidad no les impide en absoluto conjugar la fe cristiana y los valores mayas en armon\u00eda. \u2013 SoyMigrante.com REVISTA\" \/>\t\t\t\t\t\t\t\t\t\t\t\t\t\t\t<\/div>\n\t\t\t\t\t<\/div>\n\t\t<\/div>\n\t\t\t\t\t<\/div>\n\t\t<\/section>\n\t\t\t\t<section data-particle_enable=\"false\" data-particle-mobile-disabled=\"false\" class=\"elementor-section elementor-top-section elementor-element elementor-element-fe3197d elementor-section-boxed elementor-section-height-default elementor-section-height-default\" data-id=\"fe3197d\" data-element_type=\"section\" data-e-type=\"section\">\n\t\t\t\t\t\t<div class=\"elementor-container elementor-column-gap-default\">\n\t\t\t\t\t<div class=\"elementor-column elementor-col-100 elementor-top-column elementor-element elementor-element-36f91cb\" data-id=\"36f91cb\" data-element_type=\"column\" data-e-type=\"column\">\n\t\t\t<div class=\"elementor-widget-wrap elementor-element-populated\">\n\t\t\t\t\t\t<div class=\"elementor-element elementor-element-c8fa990 elementor-widget elementor-widget-heading\" data-id=\"c8fa990\" data-element_type=\"widget\" data-e-type=\"widget\" data-widget_type=\"heading.default\">\n\t\t\t\t\t<h2 class=\"elementor-heading-title elementor-size-default\">M\u00e1s historias de gran inspiraci\u00f3n...<\/h2>\t\t\t\t<\/div>\n\t\t\t\t\t<\/div>\n\t\t<\/div>\n\t\t\t\t\t<\/div>\n\t\t<\/section>\n\t\t\t\t<section data-particle_enable=\"false\" data-particle-mobile-disabled=\"false\" class=\"elementor-section elementor-top-section elementor-element elementor-element-a782ccf elementor-section-boxed elementor-section-height-default elementor-section-height-default\" data-id=\"a782ccf\" data-element_type=\"section\" data-e-type=\"section\">\n\t\t\t\t\t\t<div class=\"elementor-container elementor-column-gap-default\">\n\t\t\t\t\t<div class=\"elementor-column elementor-col-100 elementor-top-column elementor-element elementor-element-d621ad7\" data-id=\"d621ad7\" data-element_type=\"column\" data-e-type=\"column\">\n\t\t\t<div class=\"elementor-widget-wrap elementor-element-populated\">\n\t\t\t\t\t\t<div class=\"elementor-element elementor-element-4b9f429 elementor-grid-eael-col-2 elementor-grid-tablet-eael-col-2 elementor-grid-mobile-eael-col-1 elementor-widget elementor-widget-eael-post-grid\" data-id=\"4b9f429\" data-element_type=\"widget\" data-e-type=\"widget\" data-settings=\"{&quot;eael_post_grid_columns&quot;:&quot;eael-col-2&quot;,&quot;eael_post_grid_columns_tablet&quot;:&quot;eael-col-2&quot;,&quot;eael_post_grid_columns_mobile&quot;:&quot;eael-col-1&quot;}\" data-widget_type=\"eael-post-grid.default\">\n\t\t\t\t\t<div id=\"eael-post-grid-4b9f429\" class=\"eael-post-grid-container\">\n            <div class=\"eael-post-grid eael-post-appender eael-post-appender-4b9f429 eael-post-grid-style-one\" data-layout-mode=\"masonry\"><article class=\"eael-grid-post  eael-post-grid-column eael-pg-post-208 category-exitos-guatemala tags-connecticut\" data-id=\"208\">\n        <div class=\"eael-grid-post-holder\">\n            <div class=\"eael-grid-post-holder-inner\"><div class=\"eael-entry-media\"><div class=\"eael-entry-overlay fade-in\"><i class=\"fas fa-long-arrow-alt-right\" aria-hidden=\"true\"><\/i><a href=\"https:\/\/soymigrante.com\/revista\/elisa-escamilla-emprendedora-invierte-en-guatemala\/\"><\/a><\/div><div class=\"eael-entry-thumbnail \">\n                <img loading=\"lazy\" decoding=\"async\" width=\"300\" height=\"183\" src=\"https:\/\/soymigrante.com\/revista\/wp-content\/uploads\/2023\/03\/SOY-ELISA-ESCAMILLA-ENTREVISTA-3-300x183.webp\" class=\"attachment-medium size-medium wp-image-944\" alt=\"Para Elisa Escamilla, el mayor \u00e9xito y su m\u00e1xima prioridad en la vida es su familia.\" srcset=\"https:\/\/soymigrante.com\/revista\/wp-content\/uploads\/2023\/03\/SOY-ELISA-ESCAMILLA-ENTREVISTA-3-300x183.webp 300w, https:\/\/soymigrante.com\/revista\/wp-content\/uploads\/2023\/03\/SOY-ELISA-ESCAMILLA-ENTREVISTA-3-1024x624.jpg 1024w, https:\/\/soymigrante.com\/revista\/wp-content\/uploads\/2023\/03\/SOY-ELISA-ESCAMILLA-ENTREVISTA-3-768x468.jpg 768w, https:\/\/soymigrante.com\/revista\/wp-content\/uploads\/2023\/03\/SOY-ELISA-ESCAMILLA-ENTREVISTA-3-1536x936.jpg 1536w, https:\/\/soymigrante.com\/revista\/wp-content\/uploads\/2023\/03\/SOY-ELISA-ESCAMILLA-ENTREVISTA-3-750x457.webp 750w, https:\/\/soymigrante.com\/revista\/wp-content\/uploads\/2023\/03\/SOY-ELISA-ESCAMILLA-ENTREVISTA-3-1140x694.jpg 1140w, https:\/\/soymigrante.com\/revista\/wp-content\/uploads\/2023\/03\/SOY-ELISA-ESCAMILLA-ENTREVISTA-3.webp 1768w\" sizes=\"(max-width: 300px) 100vw, 300px\" \/>\n            <\/div>\n        <\/div><div class=\"eael-entry-wrapper\"><header class=\"eael-entry-header\"><h2 class=\"eael-entry-title\"><a class=\"eael-grid-post-link\" href=\"https:\/\/soymigrante.com\/revista\/elisa-escamilla-emprendedora-invierte-en-guatemala\/\" title=\"Elisa Escamilla: una historia de amor, foto y grandes objetivos.\">Elisa Escamilla: una historia de amor, foto y grandes objetivos.<\/a><\/h2><\/header><div class=\"eael-entry-content\">\n                        <div class=\"eael-grid-post-excerpt\"><p>Elisa es emprendedora desde los 17 a\u00f1os, pero circunstancias del...<\/p><\/div>\n                    <\/div><\/div><\/div>\n        <\/div>\n    <\/article><article class=\"eael-grid-post  eael-post-grid-column eael-pg-post-214 category-exitos-guatemala tags-michigan\" data-id=\"214\">\n        <div class=\"eael-grid-post-holder\">\n            <div class=\"eael-grid-post-holder-inner\"><div class=\"eael-entry-media\"><div class=\"eael-entry-overlay fade-in\"><i class=\"fas fa-long-arrow-alt-right\" aria-hidden=\"true\"><\/i><a href=\"https:\/\/soymigrante.com\/revista\/juan-francisco-es-qanjobal-comunicador-impulsor-de-talentos-y-experto-en-robotica\/\"><\/a><\/div><div class=\"eael-entry-thumbnail \">\n                <img loading=\"lazy\" decoding=\"async\" width=\"202\" height=\"300\" src=\"https:\/\/soymigrante.com\/revista\/wp-content\/uploads\/2023\/02\/PANCHOLON-1-202x300.webp\" class=\"attachment-medium size-medium wp-image-960\" alt=\"Pancolon Radio Internacional Francisco\" srcset=\"https:\/\/soymigrante.com\/revista\/wp-content\/uploads\/2023\/02\/PANCHOLON-1-202x300.webp 202w, https:\/\/soymigrante.com\/revista\/wp-content\/uploads\/2023\/02\/PANCHOLON-1-689x1024.jpg 689w, https:\/\/soymigrante.com\/revista\/wp-content\/uploads\/2023\/02\/PANCHOLON-1.webp 720w\" sizes=\"(max-width: 202px) 100vw, 202px\" \/>\n            <\/div>\n        <\/div><div class=\"eael-entry-wrapper\"><header class=\"eael-entry-header\"><h2 class=\"eael-entry-title\"><a class=\"eael-grid-post-link\" href=\"https:\/\/soymigrante.com\/revista\/juan-francisco-es-qanjobal-comunicador-impulsor-de-talentos-y-experto-en-robotica\/\" title=\"Los guatemaltecos debemos cambiar de chip: Juan Francisco\">Los guatemaltecos debemos cambiar de chip: Juan Francisco<\/a><\/h2><\/header><div class=\"eael-entry-content\">\n                        <div class=\"eael-grid-post-excerpt\"><p>La radio es su pasi\u00f3n y por alg\u00fan tiempo fue...<\/p><\/div>\n                    <\/div><\/div><\/div>\n        <\/div>\n    <\/article><\/div>\n            <div class=\"clearfix\"><\/div>\n        <\/div>            <div class=\"eael-load-more-button-wrap eael-force-hide\">\n                <button class=\"eael-load-more-button\" id=\"eael-load-more-btn-4b9f429\" data-widget-id=\"4b9f429\" data-widget=\"4b9f429\" data-page-id=\"2997\" data-template=\"{&quot;dir&quot;:&quot;lite&quot;,&quot;file_name&quot;:&quot;one.php&quot;,&quot;name&quot;:&quot;Post-Grid&quot;}\" data-class=\"Essential_Addons_Elementor\\Elements\\Post_Grid\" data-layout=\"masonry\" data-page=\"1\" data-args=\"orderby=menu_order&amp;order=asc&amp;ignore_sticky_posts=1&amp;post_status=publish&amp;posts_per_page=2&amp;offset=0&amp;post_type=post&amp;tax_query%5B0%5D%5Btaxonomy%5D=category&amp;tax_query%5B0%5D%5Bfield%5D=term_id&amp;tax_query%5B0%5D%5Bterms%5D%5B0%5D=50&amp;tax_query%5Brelation%5D=AND\" data-max-page=\"156\">\n                    <span class=\"eael-btn-loader button__loader\"><\/span>\n                    <span class=\"eael_load_more_text\">Load More<\/span>\n                <\/button>\n            <\/div>\n            \t\t\t\t<\/div>\n\t\t\t\t\t<\/div>\n\t\t<\/div>\n\t\t\t\t\t<\/div>\n\t\t<\/section>\n\t\t\t\t<\/div>\n\t\t","protected":false},"excerpt":{"rendered":"<p>Padre, hijo, nieto, esposo y sobre todo guatemalteco originario de San Mart\u00edn Jilotepeque, Chimaltenango, el migrante Efren Mej\u00eda, radicado en New Jersey promueve los valores de la cultura maya k&#8217;aqchiq&#8217;el Efr\u00e9n Mej\u00eda, de San Mart\u00edn Jilotepeque, efect\u00faa una ceremonia maya de agradecimiento, en un \u00e1rea verde de la William and Mary University, de Baltimore, a [&hellip;]<\/p>\n","protected":false},"author":7,"featured_media":2999,"comment_status":"open","ping_status":"open","sticky":false,"template":"","format":"standard","meta":{"_acf_changed":false,"_eb_attr":"","footnotes":""},"categories":[50],"tags":[],"class_list":["post-2997","post","type-post","status-publish","format-standard","has-post-thumbnail","hentry","category-exitos"],"acf":[],"aioseo_notices":[],"aioseo_head":"\n\t\t<!-- All in One SEO Pro 4.9.6.2 - aioseo.com -->\n\t<meta name=\"description\" content=\"La radio es su pasi\u00f3n y por alg\u00fan tiempo fue un medio de ingresos. Juan Francisco, maya q\u2019anjob\u2019al guatemalteco, migrante, trabaja en el campo de la programaci\u00f3n rob\u00f3tica para la industria automotriz. No obstante, sigue adelante con el proyecto de sus sue\u00f1os Panchol\u00f3n Radio, una estaci\u00f3n digital que transmite m\u00fasica de marimba desde Michigan para todo el mundo.\" \/>\n\t<meta name=\"robots\" content=\"max-snippet:-1, max-image-preview:large, max-video-preview:-1\" \/>\n\t<meta name=\"author\" content=\"SoyMigrante.com REVISTA\"\/>\n\t<link rel=\"canonical\" href=\"https:\/\/soymigrante.com\/revista\/juan-francisco-es-qanjobal-comunicador-impulsor-de-talentos-y-experto-en-robotica\/\" \/>\n\t<meta name=\"generator\" content=\"All in One SEO Pro (AIOSEO) 4.9.6.2\" \/>\n\n\t\t<link rel=\"preconnect\" href=\"https:\/\/fonts.googleapis.com\" crossorigin>\n<link rel=\"preconnect\" href=\"https:\/\/fonts.gstatic.com\" crossorigin>\n\t\t<meta property=\"og:locale\" content=\"es_ES\" \/>\n\t\t<meta property=\"og:site_name\" content=\"SoyMigrante.com REVISTA \u2013 Nuestra misi\u00f3n es reconocer y dignificar al migrante.\" \/>\n\t\t<meta property=\"og:type\" content=\"article\" \/>\n\t\t<meta property=\"og:title\" content=\"Los guatemaltecos debemos cambiar de chip: Juan Francisco\" \/>\n\t\t<meta property=\"og:description\" content=\"La radio es su pasi\u00f3n y por alg\u00fan tiempo fue un medio de ingresos. Juan Francisco, maya q\u2019anjob\u2019al guatemalteco, migrante, trabaja en el campo de la programaci\u00f3n rob\u00f3tica para la industria automotriz. No obstante, sigue adelante con el proyecto de sus sue\u00f1os Panchol\u00f3n Radio, una estaci\u00f3n digital que transmite m\u00fasica de marimba desde Michigan para todo el mundo.\" \/>\n\t\t<meta property=\"og:url\" content=\"https:\/\/soymigrante.com\/revista\/juan-francisco-es-qanjobal-comunicador-impulsor-de-talentos-y-experto-en-robotica\/\" \/>\n\t\t<meta property=\"og:image\" content=\"https:\/\/soymigrante.com\/revista\/wp-content\/uploads\/2023\/02\/PANCHOLON-1.webp\" \/>\n\t\t<meta property=\"og:image:secure_url\" content=\"https:\/\/soymigrante.com\/revista\/wp-content\/uploads\/2023\/02\/PANCHOLON-1.webp\" \/>\n\t\t<meta property=\"og:image:width\" content=\"720\" \/>\n\t\t<meta property=\"og:image:height\" content=\"1070\" \/>\n\t\t<meta property=\"article:published_time\" content=\"2023-05-26T00:00:08+00:00\" \/>\n\t\t<meta property=\"article:modified_time\" content=\"2026-03-11T20:41:21+00:00\" \/>\n\t\t<meta property=\"article:publisher\" content=\"https:\/\/www.facebook.com\/soymigrantecom\" \/>\n\t\t<meta name=\"twitter:card\" content=\"summary_large_image\" \/>\n\t\t<meta name=\"twitter:site\" content=\"@SoyMigrante_com\" \/>\n\t\t<meta name=\"twitter:title\" content=\"Los guatemaltecos debemos cambiar de chip: Juan Francisco\" \/>\n\t\t<meta name=\"twitter:description\" content=\"La radio es su pasi\u00f3n y por alg\u00fan tiempo fue un medio de ingresos. Juan Francisco, maya q\u2019anjob\u2019al guatemalteco, migrante, trabaja en el campo de la programaci\u00f3n rob\u00f3tica para la industria automotriz. No obstante, sigue adelante con el proyecto de sus sue\u00f1os Panchol\u00f3n Radio, una estaci\u00f3n digital que transmite m\u00fasica de marimba desde Michigan para todo el mundo.\" \/>\n\t\t<meta name=\"twitter:creator\" content=\"@SoyMigrante_com\" \/>\n\t\t<meta name=\"twitter:image\" content=\"https:\/\/soymigrante.com\/revista\/wp-content\/uploads\/2023\/02\/PANCHOLON-1.webp\" \/>\n\t\t<!-- All in One SEO Pro -->\r\n\t\t<title>Los guatemaltecos debemos cambiar de chip: Juan Francisco<\/title>\n\n","aioseo_head_json":{"title":"Los guatemaltecos debemos cambiar de chip: Juan Francisco","description":"La radio es su pasi\u00f3n y por alg\u00fan tiempo fue un medio de ingresos. Juan Francisco, maya q\u2019anjob\u2019al guatemalteco, migrante, trabaja en el campo de la programaci\u00f3n rob\u00f3tica para la industria automotriz. No obstante, sigue adelante con el proyecto de sus sue\u00f1os Panchol\u00f3n Radio, una estaci\u00f3n digital que transmite m\u00fasica de marimba desde Michigan para todo el mundo.","canonical_url":"https:\/\/soymigrante.com\/revista\/juan-francisco-es-qanjobal-comunicador-impulsor-de-talentos-y-experto-en-robotica\/","robots":"max-snippet:-1, max-image-preview:large, max-video-preview:-1","keywords":"","webmasterTools":{"miscellaneous":"&lt;link rel=\"preconnect\" href=\"https:\/\/fonts.googleapis.com\" crossorigin&gt;\n&lt;link rel=\"preconnect\" href=\"https:\/\/fonts.gstatic.com\" crossorigin&gt;"},"schema":null,"og:locale":"es_ES","og:site_name":"SoyMigrante.com REVISTA \u2013 Nuestra misi\u00f3n es reconocer y dignificar al migrante.","og:type":"article","og:title":"Los guatemaltecos debemos cambiar de chip: Juan Francisco","og:description":"La radio es su pasi\u00f3n y por alg\u00fan tiempo fue un medio de ingresos. Juan Francisco, maya q\u2019anjob\u2019al guatemalteco, migrante, trabaja en el campo de la programaci\u00f3n rob\u00f3tica para la industria automotriz. No obstante, sigue adelante con el proyecto de sus sue\u00f1os Panchol\u00f3n Radio, una estaci\u00f3n digital que transmite m\u00fasica de marimba desde Michigan para todo el mundo.","og:url":"https:\/\/soymigrante.com\/revista\/juan-francisco-es-qanjobal-comunicador-impulsor-de-talentos-y-experto-en-robotica\/","og:image":"https:\/\/soymigrante.com\/revista\/wp-content\/uploads\/2023\/02\/PANCHOLON-1.webp","og:image:secure_url":"https:\/\/soymigrante.com\/revista\/wp-content\/uploads\/2023\/02\/PANCHOLON-1.webp","og:image:width":720,"og:image:height":1070,"article:published_time":"2023-05-26T00:00:08+00:00","article:modified_time":"2026-03-11T20:41:21+00:00","article:publisher":"https:\/\/www.facebook.com\/soymigrantecom","twitter:card":"summary_large_image","twitter:site":"@SoyMigrante_com","twitter:title":"Los guatemaltecos debemos cambiar de chip: Juan Francisco","twitter:description":"La radio es su pasi\u00f3n y por alg\u00fan tiempo fue un medio de ingresos. Juan Francisco, maya q\u2019anjob\u2019al guatemalteco, migrante, trabaja en el campo de la programaci\u00f3n rob\u00f3tica para la industria automotriz. No obstante, sigue adelante con el proyecto de sus sue\u00f1os Panchol\u00f3n Radio, una estaci\u00f3n digital que transmite m\u00fasica de marimba desde Michigan para todo el mundo.","twitter:creator":"@SoyMigrante_com","twitter:image":"https:\/\/soymigrante.com\/revista\/wp-content\/uploads\/2023\/02\/PANCHOLON-1.webp"},"aioseo_meta_data":{"post_id":"2997","title":null,"description":null,"keywords":null,"keyphrases":{"focus":{"keyphrase":"Migrante","score":82,"analysis":{"keyphraseInTitle":{"score":9,"maxScore":9,"error":0},"keyphraseInDescription":{"score":9,"maxScore":9,"error":0},"keyphraseLength":{"score":9,"maxScore":9,"error":0,"length":1},"keyphraseInURL":{"score":5,"maxScore":5,"error":0},"keyphraseInIntroduction":{"score":3,"maxScore":9,"error":1},"keyphraseInSubHeadings":{"score":9,"maxScore":9,"error":0},"keyphraseInImageAlt":{"score":3,"maxScore":9,"error":1},"keywordDensity":{"type":"best","score":9,"maxScore":9,"error":0}}},"additional":[]},"primary_term":null,"canonical_url":null,"og_title":null,"og_description":null,"og_object_type":"default","og_image_type":"default","og_image_url":null,"og_image_width":null,"og_image_height":null,"og_image_custom_url":null,"og_image_custom_fields":null,"og_video":"","og_custom_url":null,"og_article_section":null,"og_article_tags":null,"twitter_use_og":false,"twitter_card":"default","twitter_image_type":"default","twitter_image_url":null,"twitter_image_custom_url":null,"twitter_image_custom_fields":null,"twitter_title":null,"twitter_description":null,"schema":{"blockGraphs":[],"customGraphs":[],"default":{"data":{"Article":[],"Course":[],"Dataset":[],"FAQPage":[],"Movie":[],"Person":[],"Product":[],"ProductReview":[],"Car":[],"Recipe":[],"Service":[],"SoftwareApplication":[],"WebPage":[]},"graphName":"NewsArticle","isEnabled":true},"graphs":[]},"schema_type":"default","schema_type_options":null,"pillar_content":false,"robots_default":true,"robots_noindex":false,"robots_noarchive":false,"robots_nosnippet":false,"robots_nofollow":false,"robots_noimageindex":false,"robots_noodp":false,"robots_notranslate":false,"robots_max_snippet":"-1","robots_max_videopreview":"-1","robots_max_imagepreview":"large","priority":null,"frequency":"default","local_seo":null,"seo_analyzer_scan_date":"2025-12-29 20:09:35","breadcrumb_settings":null,"limit_modified_date":false,"reviewed_by":"0","open_ai":null,"ai":{"faqs":[],"keyPoints":[],"titles":[],"descriptions":[],"socialPosts":{"email":[],"linkedin":[],"twitter":[],"facebook":[],"instagram":[]}},"created":"2023-10-17 16:16:44","updated":"2026-02-04 09:46:21"},"aioseo_breadcrumb":"<div class=\"aioseo-breadcrumbs\"><span class=\"aioseo-breadcrumb\">\n\t<a href=\"https:\/\/soymigrante.com\/revista\" title=\"Home\">Home<\/a>\n<\/span><span class=\"aioseo-breadcrumb-separator\">\u00bb<\/span><span class=\"aioseo-breadcrumb\">\n\t<a href=\"https:\/\/soymigrante.com\/revista\/category\/exitos\/\" title=\"\u00c9xitos\">\u00c9xitos<\/a>\n<\/span><span class=\"aioseo-breadcrumb-separator\">\u00bb<\/span><span class=\"aioseo-breadcrumb\">\n\tEspiritualidad maya kaqchikel tambi\u00e9n es migrante en New Jersey junto a Efr\u00e9n Mej\u00eda\n<\/span><\/div>","aioseo_breadcrumb_json":[{"label":"Home","link":"https:\/\/soymigrante.com\/revista"},{"label":"\u00c9xitos","link":"https:\/\/soymigrante.com\/revista\/category\/exitos\/"},{"label":"Espiritualidad maya kaqchikel tambi\u00e9n es migrante en New Jersey junto a Efr\u00e9n Mej\u00eda","link":"https:\/\/soymigrante.com\/revista\/espiritualidad-maya-kaqchiqel-tambien-es-migrante-en-new-jersey\/"}],"_links":{"self":[{"href":"https:\/\/soymigrante.com\/revista\/wp-json\/wp\/v2\/posts\/2997","targetHints":{"allow":["GET"]}}],"collection":[{"href":"https:\/\/soymigrante.com\/revista\/wp-json\/wp\/v2\/posts"}],"about":[{"href":"https:\/\/soymigrante.com\/revista\/wp-json\/wp\/v2\/types\/post"}],"author":[{"embeddable":true,"href":"https:\/\/soymigrante.com\/revista\/wp-json\/wp\/v2\/users\/7"}],"replies":[{"embeddable":true,"href":"https:\/\/soymigrante.com\/revista\/wp-json\/wp\/v2\/comments?post=2997"}],"version-history":[{"count":4,"href":"https:\/\/soymigrante.com\/revista\/wp-json\/wp\/v2\/posts\/2997\/revisions"}],"predecessor-version":[{"id":50242,"href":"https:\/\/soymigrante.com\/revista\/wp-json\/wp\/v2\/posts\/2997\/revisions\/50242"}],"wp:featuredmedia":[{"embeddable":true,"href":"https:\/\/soymigrante.com\/revista\/wp-json\/wp\/v2\/media\/2999"}],"wp:attachment":[{"href":"https:\/\/soymigrante.com\/revista\/wp-json\/wp\/v2\/media?parent=2997"}],"wp:term":[{"taxonomy":"category","embeddable":true,"href":"https:\/\/soymigrante.com\/revista\/wp-json\/wp\/v2\/categories?post=2997"},{"taxonomy":"post_tag","embeddable":true,"href":"https:\/\/soymigrante.com\/revista\/wp-json\/wp\/v2\/tags?post=2997"}],"curies":[{"name":"wp","href":"https:\/\/api.w.org\/{rel}","templated":true}]}}