{"id":29968,"date":"2025-04-10T07:00:00","date_gmt":"2025-04-10T13:00:00","guid":{"rendered":"https:\/\/soymigrante.com\/revista\/?p=29968"},"modified":"2025-04-17T03:35:30","modified_gmt":"2025-04-17T09:35:30","slug":"5-metodos-para-nunca-olvidar-tus-citas-compromisos-y-pendientes","status":"publish","type":"post","link":"https:\/\/soymigrante.com\/revista\/5-metodos-para-nunca-olvidar-tus-citas-compromisos-y-pendientes\/","title":{"rendered":"5 m\u00e9todos para nunca olvidar tus citas, compromisos y pendientes"},"content":{"rendered":"\t\t<div data-elementor-type=\"wp-post\" data-elementor-id=\"29968\" class=\"elementor elementor-29968\" data-elementor-post-type=\"post\">\n\t\t\t\t<div data-particle_enable=\"false\" data-particle-mobile-disabled=\"false\" class=\"elementor-element elementor-element-25b9891 e-flex e-con-boxed e-con e-parent\" data-id=\"25b9891\" data-element_type=\"container\" data-e-type=\"container\">\n\t\t\t\t\t<div class=\"e-con-inner\">\n\t\t\t\t<div class=\"elementor-element elementor-element-3c5d614 elementor-widget elementor-widget-heading\" data-id=\"3c5d614\" data-element_type=\"widget\" data-e-type=\"widget\" data-widget_type=\"heading.default\">\n\t\t\t\t\t<h2 class=\"elementor-heading-title elementor-size-default\">Los 5 m\u00e9todos que te servir\u00e1n para no olvidar tus citas, compromisos y pendientes, as\u00ed lo puedes utilizar. <\/h2>\t\t\t\t<\/div>\n\t\t\t\t\t<\/div>\n\t\t\t\t<\/div>\n\t\t<div data-particle_enable=\"false\" data-particle-mobile-disabled=\"false\" class=\"elementor-element elementor-element-cd4b96c e-flex e-con-boxed e-con e-parent\" data-id=\"cd4b96c\" data-element_type=\"container\" data-e-type=\"container\">\n\t\t\t\t\t<div class=\"e-con-inner\">\n\t\t\t\t<div class=\"elementor-element elementor-element-b756808 elementor-widget elementor-widget-text-editor\" data-id=\"b756808\" data-element_type=\"widget\" data-e-type=\"widget\" data-widget_type=\"text-editor.default\">\n\t\t\t\t\t\t\t\t\t<p>En un mundo lleno de distracciones y m\u00faltiples responsabilidades, recordar reuniones, tareas y eventos importantes puede ser un desaf\u00edo.<\/p><p><a href=\"https:\/\/soymigrante.com\/revista\/cuanto-mantienes-enfocada-tu-atencion-en-el-trabajo\/\" target=\"_blank\" rel=\"noopener\">Para mantener el orden y la productividad, existen diversas herramientas y m\u00e9todos que pueden ayudarte<\/a> a gestionar tu tiempo de manera eficiente.<\/p><p>Aqu\u00ed te presentamos cinco opciones pr\u00e1cticas para no perder de vista tus compromisos.<\/p>\t\t\t\t\t\t\t\t<\/div>\n\t\t\t\t\t<\/div>\n\t\t\t\t<\/div>\n\t\t<div data-particle_enable=\"false\" data-particle-mobile-disabled=\"false\" class=\"elementor-element elementor-element-00b5ab1 e-flex e-con-boxed e-con e-parent\" data-id=\"00b5ab1\" data-element_type=\"container\" data-e-type=\"container\">\n\t\t\t\t\t<div class=\"e-con-inner\">\n\t\t\t\t<div class=\"elementor-element elementor-element-ad26fd3 elementor-widget elementor-widget-heading\" data-id=\"ad26fd3\" data-element_type=\"widget\" data-e-type=\"widget\" data-widget_type=\"heading.default\">\n\t\t\t\t\t<h3 class=\"elementor-heading-title elementor-size-default\">1. Usa una agenda f\u00edsica o digital<\/h3>\t\t\t\t<\/div>\n\t\t\t\t\t<\/div>\n\t\t\t\t<\/div>\n\t\t<div data-particle_enable=\"false\" data-particle-mobile-disabled=\"false\" class=\"elementor-element elementor-element-116ed91 e-flex e-con-boxed e-con e-parent\" data-id=\"116ed91\" data-element_type=\"container\" data-e-type=\"container\">\n\t\t\t\t\t<div class=\"e-con-inner\">\n\t\t\t\t<div class=\"elementor-element elementor-element-2d3aba9 elementor-widget elementor-widget-text-editor\" data-id=\"2d3aba9\" data-element_type=\"widget\" data-e-type=\"widget\" data-widget_type=\"text-editor.default\">\n\t\t\t\t\t\t\t\t\t<p>Las agendas son herramientas cl\u00e1sicas para organizar tus actividades. Puedes optar por una agenda de papel si prefieres escribir a mano, lo que ayuda a reforzar la memoria, o por una agenda digital con recordatorios autom\u00e1ticos.<\/p><p>Aplicaciones como<a href=\"https:\/\/soymigrante.com\/revista\/cuanto-mantienes-enfocada-tu-atencion-en-el-trabajo\/\" target=\"_blank\" rel=\"noopener\"> Google Calendar, Microsoft Outlook o Notion permiten programar alertas y sincronizar eventos<\/a> en distintos dispositivos.<\/p>\t\t\t\t\t\t\t\t<\/div>\n\t\t\t\t\t<\/div>\n\t\t\t\t<\/div>\n\t\t<div data-particle_enable=\"false\" data-particle-mobile-disabled=\"false\" class=\"elementor-element elementor-element-cc6a3e2 e-flex e-con-boxed e-con e-parent\" data-id=\"cc6a3e2\" data-element_type=\"container\" data-e-type=\"container\">\n\t\t\t\t\t<div class=\"e-con-inner\">\n\t\t\t\t<div class=\"elementor-element elementor-element-86da969 elementor-widget elementor-widget-heading\" data-id=\"86da969\" data-element_type=\"widget\" data-e-type=\"widget\" data-widget_type=\"heading.default\">\n\t\t\t\t\t<h3 class=\"elementor-heading-title elementor-size-default\">2. Ap\u00f3yate en un calendario visible<\/h3>\t\t\t\t<\/div>\n\t\t\t\t\t<\/div>\n\t\t\t\t<\/div>\n\t\t<div data-particle_enable=\"false\" data-particle-mobile-disabled=\"false\" class=\"elementor-element elementor-element-ef0a853 e-flex e-con-boxed e-con e-parent\" data-id=\"ef0a853\" data-element_type=\"container\" data-e-type=\"container\">\n\t\t\t\t\t<div class=\"e-con-inner\">\n\t\t\t\t<div class=\"elementor-element elementor-element-4fa80b7 elementor-widget elementor-widget-text-editor\" data-id=\"4fa80b7\" data-element_type=\"widget\" data-e-type=\"widget\" data-widget_type=\"text-editor.default\">\n\t\t\t\t\t\t\t\t\t<p>Tener un calendario f\u00edsico en tu oficina o en casa te ayuda a visualizar r\u00e1pidamente los eventos importantes del mes. Puedes marcar con colores diferentes cada tipo de compromiso: trabajo, familia, salud o proyectos personales.<\/p><p>Si prefieres lo digital, herramientas como <a href=\"https:\/\/soymigrante.com\/revista\/cuanto-mantienes-enfocada-tu-atencion-en-el-trabajo\/\" target=\"_blank\" rel=\"noopener\">Google Calendar o Apple Calendar<\/a> te permiten compartir eventos con otras personas y recibir notificaciones.<\/p>\t\t\t\t\t\t\t\t<\/div>\n\t\t\t\t\t<\/div>\n\t\t\t\t<\/div>\n\t\t<div data-particle_enable=\"false\" data-particle-mobile-disabled=\"false\" class=\"elementor-element elementor-element-f6c64eb e-flex e-con-boxed e-con e-parent\" data-id=\"f6c64eb\" data-element_type=\"container\" data-e-type=\"container\">\n\t\t\t\t\t<div class=\"e-con-inner\">\n\t\t\t\t<div class=\"elementor-element elementor-element-40617ae elementor-widget elementor-widget-image\" data-id=\"40617ae\" data-element_type=\"widget\" data-e-type=\"widget\" data-widget_type=\"image.default\">\n\t\t\t\t\t\t\t\t\t\t\t\t<figure class=\"wp-caption\">\n\t\t\t\t\t\t\t\t\t\t<img fetchpriority=\"high\" decoding=\"async\" width=\"768\" height=\"1024\" src=\"https:\/\/soymigrante.com\/revista\/wp-content\/uploads\/2025\/04\/ready-to-make-plan-for-the-week-2024-12-04-05-07-24-utc-768x1024.jpeg\" class=\"attachment-large size-large wp-image-29972\" alt=\"Calendario 2023 con trabajo y planificaci\u00f3n, alrededor de laptop, bol\u00edgrafo y gafas en oficina moderna para inmigrantes y trabajadores migrantes en Espa\u00f1a.\" srcset=\"https:\/\/soymigrante.com\/revista\/wp-content\/uploads\/2025\/04\/ready-to-make-plan-for-the-week-2024-12-04-05-07-24-utc-768x1024.jpeg 768w, https:\/\/soymigrante.com\/revista\/wp-content\/uploads\/2025\/04\/ready-to-make-plan-for-the-week-2024-12-04-05-07-24-utc-225x300.jpeg 225w, https:\/\/soymigrante.com\/revista\/wp-content\/uploads\/2025\/04\/ready-to-make-plan-for-the-week-2024-12-04-05-07-24-utc-1152x1536.jpeg 1152w, https:\/\/soymigrante.com\/revista\/wp-content\/uploads\/2025\/04\/ready-to-make-plan-for-the-week-2024-12-04-05-07-24-utc-1536x2048.jpeg 1536w, https:\/\/soymigrante.com\/revista\/wp-content\/uploads\/2025\/04\/ready-to-make-plan-for-the-week-2024-12-04-05-07-24-utc-750x1000.webp 750w, https:\/\/soymigrante.com\/revista\/wp-content\/uploads\/2025\/04\/ready-to-make-plan-for-the-week-2024-12-04-05-07-24-utc-1140x1520.webp 1140w, https:\/\/soymigrante.com\/revista\/wp-content\/uploads\/2025\/04\/ready-to-make-plan-for-the-week-2024-12-04-05-07-24-utc-scaled.webp 1440w\" sizes=\"(max-width: 768px) 100vw, 768px\" title=\"5 m\u00e9todos para no olvidar tus citas, compromisos y pendientes \u2013 SoyMigrante.com REVISTA\" \/>\t\t\t\t\t\t\t\t\t\t\t<figcaption class=\"widget-image-caption wp-caption-text\">Organizar el tiempo podr\u00e1 ayudarte a mejorar en el trabajo. (Foto: Envato)<\/figcaption>\n\t\t\t\t\t\t\t\t\t\t<\/figure>\n\t\t\t\t\t\t\t\t\t<\/div>\n\t\t\t\t\t<\/div>\n\t\t\t\t<\/div>\n\t\t<div data-particle_enable=\"false\" data-particle-mobile-disabled=\"false\" class=\"elementor-element elementor-element-025900c e-flex e-con-boxed e-con e-parent\" data-id=\"025900c\" data-element_type=\"container\" data-e-type=\"container\">\n\t\t\t\t\t<div class=\"e-con-inner\">\n\t\t\t\t<div class=\"elementor-element elementor-element-4ba7b0a elementor-widget elementor-widget-heading\" data-id=\"4ba7b0a\" data-element_type=\"widget\" data-e-type=\"widget\" data-widget_type=\"heading.default\">\n\t\t\t\t\t<h3 class=\"elementor-heading-title elementor-size-default\">3. Usa listas de tareas con fechas l\u00edmite<\/h3>\t\t\t\t<\/div>\n\t\t\t\t\t<\/div>\n\t\t\t\t<\/div>\n\t\t<div data-particle_enable=\"false\" data-particle-mobile-disabled=\"false\" class=\"elementor-element elementor-element-e8fc6f4 e-flex e-con-boxed e-con e-parent\" data-id=\"e8fc6f4\" data-element_type=\"container\" data-e-type=\"container\">\n\t\t\t\t\t<div class=\"e-con-inner\">\n\t\t\t\t<div class=\"elementor-element elementor-element-b6cfb5d elementor-widget elementor-widget-text-editor\" data-id=\"b6cfb5d\" data-element_type=\"widget\" data-e-type=\"widget\" data-widget_type=\"text-editor.default\">\n\t\t\t\t\t\t\t\t\t<p>Las listas de tareas (to-do lists) te permiten desglosar tus compromisos en actividades concretas. Aplicaciones como Todoist, Trello o Google Keep facilitan la creaci\u00f3n de listas con recordatorios y notificaciones.<\/p><p>Si prefieres lo tradicional, una libreta con checklists puede ayudarte a mantener el enfoque.<\/p>\t\t\t\t\t\t\t\t<\/div>\n\t\t\t\t\t<\/div>\n\t\t\t\t<\/div>\n\t\t<div data-particle_enable=\"false\" data-particle-mobile-disabled=\"false\" class=\"elementor-element elementor-element-7b4f605 e-flex e-con-boxed e-con e-parent\" data-id=\"7b4f605\" data-element_type=\"container\" data-e-type=\"container\">\n\t\t\t\t\t<div class=\"e-con-inner\">\n\t\t\t\t<div class=\"elementor-element elementor-element-b937d35 elementor-widget elementor-widget-heading\" data-id=\"b937d35\" data-element_type=\"widget\" data-e-type=\"widget\" data-widget_type=\"heading.default\">\n\t\t\t\t\t<h3 class=\"elementor-heading-title elementor-size-default\">4. Implementa la regla de los dos minutos<\/h3>\t\t\t\t<\/div>\n\t\t\t\t\t<\/div>\n\t\t\t\t<\/div>\n\t\t<div data-particle_enable=\"false\" data-particle-mobile-disabled=\"false\" class=\"elementor-element elementor-element-f886a35 e-flex e-con-boxed e-con e-parent\" data-id=\"f886a35\" data-element_type=\"container\" data-e-type=\"container\">\n\t\t\t\t\t<div class=\"e-con-inner\">\n\t\t\t\t<div class=\"elementor-element elementor-element-f3e2a1a elementor-widget elementor-widget-text-editor\" data-id=\"f3e2a1a\" data-element_type=\"widget\" data-e-type=\"widget\" data-widget_type=\"text-editor.default\">\n\t\t\t\t\t\t\t\t\t<p>Si una tarea puede hacerse en menos de dos minutos, hazla de inmediato. Este m\u00e9todo, propuesto por David Allen en el libro Getting Things Done, evita que peque\u00f1as tareas se acumulen y se conviertan en una carga mayor. <a href=\"https:\/\/soymigrante.com\/revista\/cuanto-mantienes-enfocada-tu-atencion-en-el-trabajo\/\" target=\"_blank\" rel=\"noopener\">Aplicarlo te permitir\u00e1 reducir la cantidad de pendientes<\/a> y liberar espacio mental para actividades m\u00e1s importantes.<\/p>\t\t\t\t\t\t\t\t<\/div>\n\t\t\t\t\t<\/div>\n\t\t\t\t<\/div>\n\t\t<div data-particle_enable=\"false\" data-particle-mobile-disabled=\"false\" class=\"elementor-element elementor-element-b0f8900 e-flex e-con-boxed e-con e-parent\" data-id=\"b0f8900\" data-element_type=\"container\" data-e-type=\"container\">\n\t\t\t\t\t<div class=\"e-con-inner\">\n\t\t\t\t<div class=\"elementor-element elementor-element-18efd9f elementor-widget elementor-widget-heading\" data-id=\"18efd9f\" data-element_type=\"widget\" data-e-type=\"widget\" data-widget_type=\"heading.default\">\n\t\t\t\t\t<h3 class=\"elementor-heading-title elementor-size-default\">5. Practica la revisi\u00f3n diaria y semanal<\/h3>\t\t\t\t<\/div>\n\t\t\t\t\t<\/div>\n\t\t\t\t<\/div>\n\t\t<div data-particle_enable=\"false\" data-particle-mobile-disabled=\"false\" class=\"elementor-element elementor-element-fb578c9 e-flex e-con-boxed e-con e-parent\" data-id=\"fb578c9\" data-element_type=\"container\" data-e-type=\"container\">\n\t\t\t\t\t<div class=\"e-con-inner\">\n\t\t\t\t<div class=\"elementor-element elementor-element-ccdcd99 elementor-widget elementor-widget-text-editor\" data-id=\"ccdcd99\" data-element_type=\"widget\" data-e-type=\"widget\" data-widget_type=\"text-editor.default\">\n\t\t\t\t\t\t\t\t\t<p>Antes de empezar el d\u00eda, revisa tus pendientes y define prioridades. Una planificaci\u00f3n semanal te permite anticipar compromisos importantes y hacer ajustes si es necesario.<\/p><p><a href=\"https:\/\/soymigrante.com\/revista\/cuanto-mantienes-enfocada-tu-atencion-en-el-trabajo\/\" target=\"_blank\" rel=\"noopener\">Dedicar unos minutos a revisar tu agenda y lista de tareas te ayudar\u00e1 a mantener el control<\/a> sobre tu tiempo y evitar olvidos.<\/p>\t\t\t\t\t\t\t\t<\/div>\n\t\t\t\t\t<\/div>\n\t\t\t\t<\/div>\n\t\t<div data-particle_enable=\"false\" data-particle-mobile-disabled=\"false\" class=\"elementor-element elementor-element-044659a e-flex e-con-boxed e-con e-parent\" data-id=\"044659a\" data-element_type=\"container\" data-e-type=\"container\">\n\t\t\t\t\t<div class=\"e-con-inner\">\n\t\t\t\t<div class=\"elementor-element elementor-element-e353b3d elementor-widget elementor-widget-image\" data-id=\"e353b3d\" data-element_type=\"widget\" data-e-type=\"widget\" data-widget_type=\"image.default\">\n\t\t\t\t\t\t\t\t\t\t\t\t<figure class=\"wp-caption\">\n\t\t\t\t\t\t\t\t\t\t<img decoding=\"async\" width=\"768\" height=\"514\" src=\"https:\/\/soymigrante.com\/revista\/wp-content\/uploads\/2025\/04\/today-s-agenda-2025-01-09-15-18-24-utc-1024x685.jpg\" class=\"attachment-large size-large wp-image-29973\" alt=\"Reloj despertador y agenda con la frase &quot;Today\u2019s Agenda&quot; en una mesa de madera, simbolizando planificaci\u00f3n y organizaci\u00f3n para migrantes y comunidad hispana.\" srcset=\"https:\/\/soymigrante.com\/revista\/wp-content\/uploads\/2025\/04\/today-s-agenda-2025-01-09-15-18-24-utc-1024x685.jpg 1024w, https:\/\/soymigrante.com\/revista\/wp-content\/uploads\/2025\/04\/today-s-agenda-2025-01-09-15-18-24-utc-300x201.jpg 300w, https:\/\/soymigrante.com\/revista\/wp-content\/uploads\/2025\/04\/today-s-agenda-2025-01-09-15-18-24-utc-768x513.jpg 768w, https:\/\/soymigrante.com\/revista\/wp-content\/uploads\/2025\/04\/today-s-agenda-2025-01-09-15-18-24-utc-1536x1027.jpg 1536w, https:\/\/soymigrante.com\/revista\/wp-content\/uploads\/2025\/04\/today-s-agenda-2025-01-09-15-18-24-utc-2048x1369.jpg 2048w, https:\/\/soymigrante.com\/revista\/wp-content\/uploads\/2025\/04\/today-s-agenda-2025-01-09-15-18-24-utc-750x501.webp 750w, https:\/\/soymigrante.com\/revista\/wp-content\/uploads\/2025\/04\/today-s-agenda-2025-01-09-15-18-24-utc-1140x762.webp 1140w, https:\/\/soymigrante.com\/revista\/wp-content\/uploads\/2025\/04\/today-s-agenda-2025-01-09-15-18-24-utc-scaled.webp 1920w\" sizes=\"(max-width: 768px) 100vw, 768px\" title=\"5 m\u00e9todos para no olvidar tus citas, compromisos y pendientes \u2013 SoyMigrante.com REVISTA\" \/>\t\t\t\t\t\t\t\t\t\t\t<figcaption class=\"widget-image-caption wp-caption-text\">Agenda para migrantes y comunidad hispana con reloj despertador en una mesa de madera, ideal para planificar el d\u00eda con productividad y enfoque en temas de inter\u00e9s para migrantes y comunidad hispana.<\/figcaption>\n\t\t\t\t\t\t\t\t\t\t<\/figure>\n\t\t\t\t\t\t\t\t\t<\/div>\n\t\t\t\t\t<\/div>\n\t\t\t\t<\/div>\n\t\t<div data-particle_enable=\"false\" data-particle-mobile-disabled=\"false\" class=\"elementor-element elementor-element-a6b1172 e-flex e-con-boxed e-con e-parent\" data-id=\"a6b1172\" data-element_type=\"container\" data-e-type=\"container\">\n\t\t\t\t\t<div class=\"e-con-inner\">\n\t\t\t\t<div class=\"elementor-element elementor-element-e6b9c9d elementor-widget elementor-widget-text-editor\" data-id=\"e6b9c9d\" data-element_type=\"widget\" data-e-type=\"widget\" data-widget_type=\"text-editor.default\">\n\t\t\t\t\t\t\t\t\t<p><a href=\"https:\/\/soymigrante.com\/revista\/cuanto-mantienes-enfocada-tu-atencion-en-el-trabajo\/\" target=\"_blank\" rel=\"noopener\">El uso de agendas, calendarios y t\u00e9cnicas de organizaci\u00f3n no solo mejora la productividad,<\/a> sino que tambi\u00e9n reduce el estr\u00e9s y la ansiedad. Elegir el m\u00e9todo adecuado seg\u00fan tu estilo de vida puede marcar la diferencia en c\u00f3mo manejas tus compromisos diarios. \u00bfCu\u00e1l de estos m\u00e9todos prefieres para organizar tu tiempo?<\/p>\t\t\t\t\t\t\t\t<\/div>\n\t\t\t\t\t<\/div>\n\t\t\t\t<\/div>\n\t\t<div data-particle_enable=\"false\" data-particle-mobile-disabled=\"false\" class=\"elementor-element elementor-element-92b8fb0 e-flex e-con-boxed e-con e-parent\" data-id=\"92b8fb0\" data-element_type=\"container\" data-e-type=\"container\">\n\t\t\t\t\t<div class=\"e-con-inner\">\n\t\t\t\t<div class=\"elementor-element elementor-element-accf8ec elementor-widget elementor-widget-heading\" data-id=\"accf8ec\" data-element_type=\"widget\" data-e-type=\"widget\" data-widget_type=\"heading.default\">\n\t\t\t\t\t<h2 class=\"elementor-heading-title elementor-size-default\">Estos temas te pueden interesar...<\/h2>\t\t\t\t<\/div>\n\t\t\t\t\t<\/div>\n\t\t\t\t<\/div>\n\t\t<div data-particle_enable=\"false\" data-particle-mobile-disabled=\"false\" class=\"elementor-element elementor-element-628771b e-flex e-con-boxed e-con e-parent\" data-id=\"628771b\" data-element_type=\"container\" data-e-type=\"container\">\n\t\t\t\t\t<div class=\"e-con-inner\">\n\t\t\t\t<div class=\"elementor-element elementor-element-9fbd579 elementor-grid-eael-col-3 elementor-grid-tablet-eael-col-2 elementor-grid-mobile-eael-col-1 elementor-widget elementor-widget-eael-post-grid\" data-id=\"9fbd579\" data-element_type=\"widget\" data-e-type=\"widget\" data-settings=\"{&quot;eael_post_grid_columns&quot;:&quot;eael-col-3&quot;,&quot;eael_post_grid_columns_tablet&quot;:&quot;eael-col-2&quot;,&quot;eael_post_grid_columns_mobile&quot;:&quot;eael-col-1&quot;}\" data-widget_type=\"eael-post-grid.default\">\n\t\t\t\t\t<div id=\"eael-post-grid-9fbd579\" class=\"eael-post-grid-container\">\n            <div class=\"eael-post-grid eael-post-appender eael-post-appender-9fbd579 eael-post-grid-style-one\" data-layout-mode=\"masonry\"><article class=\"eael-grid-post  eael-post-grid-column eael-pg-post-11956 category-bienestar\" data-id=\"11956\">\n        <div class=\"eael-grid-post-holder\">\n            <div class=\"eael-grid-post-holder-inner\"><div class=\"eael-entry-media\"><div class=\"eael-entry-overlay fade-in\"><i class=\"far fa-hand-pointer\" aria-hidden=\"true\"><\/i><a href=\"https:\/\/soymigrante.com\/revista\/un-buen-resume-es-clave-para-conseguir-un-mejor-trabajo\/\"><\/a><\/div><div class=\"eael-entry-thumbnail \">\n                <img decoding=\"async\" width=\"881\" height=\"881\" src=\"https:\/\/soymigrante.com\/revista\/wp-content\/uploads\/2024\/11\/resume-curriculum-envato.webp\" class=\"attachment-large size-large wp-image-12345\" alt=\"Resumen de curr\u00edculum vitae en papel con taza de caf\u00e9 en mano, enfoque en migrantes y trabajo, en un entorno de oficina laboral.\" srcset=\"https:\/\/soymigrante.com\/revista\/wp-content\/uploads\/2024\/11\/resume-curriculum-envato.webp 881w, https:\/\/soymigrante.com\/revista\/wp-content\/uploads\/2024\/11\/resume-curriculum-envato-300x300.webp 300w, https:\/\/soymigrante.com\/revista\/wp-content\/uploads\/2024\/11\/resume-curriculum-envato-150x150.webp 150w, https:\/\/soymigrante.com\/revista\/wp-content\/uploads\/2024\/11\/resume-curriculum-envato-768x768.jpg 768w, https:\/\/soymigrante.com\/revista\/wp-content\/uploads\/2024\/11\/resume-curriculum-envato-75x75.webp 75w, https:\/\/soymigrante.com\/revista\/wp-content\/uploads\/2024\/11\/resume-curriculum-envato-750x750.webp 750w\" sizes=\"(max-width: 881px) 100vw, 881px\" \/>\n            <\/div>\n        <\/div><div class=\"eael-entry-wrapper\"><header class=\"eael-entry-header\"><h2 class=\"eael-entry-title\"><a class=\"eael-grid-post-link\" href=\"https:\/\/soymigrante.com\/revista\/un-buen-resume-es-clave-para-conseguir-un-mejor-trabajo\/\" title=\"Un buen &#8220;resume&#8221; es clave para conseguir un mejor trabajo\">Un buen &#8220;resume&#8221; es clave para conseguir un mejor trabajo<\/a><\/h2><\/header><div class=\"eael-entry-content\">\n                        <div class=\"eael-grid-post-excerpt\"><a href=\"https:\/\/soymigrante.com\/revista\/un-buen-resume-es-clave-para-conseguir-un-mejor-trabajo\/\" class=\"eael-post-elements-readmore-btn\">CONOCE SU HISTORIA <\/a><\/div>\n                    <\/div><\/div><\/div>\n        <\/div>\n    <\/article><article class=\"eael-grid-post  eael-post-grid-column eael-pg-post-10411 category-bienestar\" data-id=\"10411\">\n        <div class=\"eael-grid-post-holder\">\n            <div class=\"eael-grid-post-holder-inner\"><div class=\"eael-entry-media\"><div class=\"eael-entry-overlay fade-in\"><i class=\"far fa-hand-pointer\" aria-hidden=\"true\"><\/i><a href=\"https:\/\/soymigrante.com\/revista\/cinco-claves-para-organizar-tu-tiempo-laboral-y-en-familia\/\"><\/a><\/div><div class=\"eael-entry-thumbnail \">\n                <img loading=\"lazy\" decoding=\"async\" width=\"782\" height=\"762\" src=\"https:\/\/soymigrante.com\/revista\/wp-content\/uploads\/2024\/10\/padre-trabajo-familia.webp\" class=\"attachment-large size-large wp-image-10465\" alt=\"Familia inmigrante disfrutando al aire libre, resaltando la importancia de la comunidad y la inclusi\u00f3n en la revista SoyMigrante.com Revista.\" srcset=\"https:\/\/soymigrante.com\/revista\/wp-content\/uploads\/2024\/10\/padre-trabajo-familia.webp 782w, https:\/\/soymigrante.com\/revista\/wp-content\/uploads\/2024\/10\/padre-trabajo-familia-300x292.webp 300w, https:\/\/soymigrante.com\/revista\/wp-content\/uploads\/2024\/10\/padre-trabajo-familia-768x748.webp 768w, https:\/\/soymigrante.com\/revista\/wp-content\/uploads\/2024\/10\/padre-trabajo-familia-750x731.webp 750w\" sizes=\"(max-width: 782px) 100vw, 782px\" \/>\n            <\/div>\n        <\/div><div class=\"eael-entry-wrapper\"><header class=\"eael-entry-header\"><h2 class=\"eael-entry-title\"><a class=\"eael-grid-post-link\" href=\"https:\/\/soymigrante.com\/revista\/cinco-claves-para-organizar-tu-tiempo-laboral-y-en-familia\/\" title=\"Cinco claves para organizar tu tiempo laboral y en familia\">Cinco claves para organizar tu tiempo laboral y en familia<\/a><\/h2><\/header><div class=\"eael-entry-content\">\n                        <div class=\"eael-grid-post-excerpt\"><a href=\"https:\/\/soymigrante.com\/revista\/cinco-claves-para-organizar-tu-tiempo-laboral-y-en-familia\/\" class=\"eael-post-elements-readmore-btn\">CONOCE SU HISTORIA <\/a><\/div>\n                    <\/div><\/div><\/div>\n        <\/div>\n    <\/article><article class=\"eael-grid-post  eael-post-grid-column eael-pg-post-9493 category-bienestar\" data-id=\"9493\">\n        <div class=\"eael-grid-post-holder\">\n            <div class=\"eael-grid-post-holder-inner\"><div class=\"eael-entry-media\"><div class=\"eael-entry-overlay fade-in\"><i class=\"far fa-hand-pointer\" aria-hidden=\"true\"><\/i><a href=\"https:\/\/soymigrante.com\/revista\/cuanto-mantienes-enfocada-tu-atencion-en-el-trabajo\/\"><\/a><\/div><div class=\"eael-entry-thumbnail \">\n                <img loading=\"lazy\" decoding=\"async\" width=\"637\" height=\"637\" src=\"https:\/\/soymigrante.com\/revista\/wp-content\/uploads\/2024\/09\/trabajo-enfoque-rendimiento-1-2.webp\" class=\"attachment-large size-large wp-image-9609\" alt=\"Carpintero trabajando en taller con herramientas el\u00e9ctricas, enfoque en empleo y habilidades para migrantes en la construcci\u00f3n.\" srcset=\"https:\/\/soymigrante.com\/revista\/wp-content\/uploads\/2024\/09\/trabajo-enfoque-rendimiento-1-2.webp 637w, https:\/\/soymigrante.com\/revista\/wp-content\/uploads\/2024\/09\/trabajo-enfoque-rendimiento-1-2-300x300.webp 300w, https:\/\/soymigrante.com\/revista\/wp-content\/uploads\/2024\/09\/trabajo-enfoque-rendimiento-1-2-150x150.webp 150w, https:\/\/soymigrante.com\/revista\/wp-content\/uploads\/2024\/09\/trabajo-enfoque-rendimiento-1-2-75x75.webp 75w\" sizes=\"(max-width: 637px) 100vw, 637px\" \/>\n            <\/div>\n        <\/div><div class=\"eael-entry-wrapper\"><header class=\"eael-entry-header\"><h2 class=\"eael-entry-title\"><a class=\"eael-grid-post-link\" href=\"https:\/\/soymigrante.com\/revista\/cuanto-mantienes-enfocada-tu-atencion-en-el-trabajo\/\" title=\"\u00bfCu\u00e1nto mantienes enfocada tu atenci\u00f3n en el trabajo?\">\u00bfCu\u00e1nto mantienes enfocada tu atenci\u00f3n en el trabajo?<\/a><\/h2><\/header><div class=\"eael-entry-content\">\n                        <div class=\"eael-grid-post-excerpt\"><a href=\"https:\/\/soymigrante.com\/revista\/cuanto-mantienes-enfocada-tu-atencion-en-el-trabajo\/\" class=\"eael-post-elements-readmore-btn\">CONOCE SU HISTORIA <\/a><\/div>\n                    <\/div><\/div><\/div>\n        <\/div>\n    <\/article><\/div>\n            <div class=\"clearfix\"><\/div>\n        <\/div>\t\t\t\t<\/div>\n\t\t\t\t\t<\/div>\n\t\t\t\t<\/div>\n\t\t\t\t<\/div>\n\t\t","protected":false},"excerpt":{"rendered":"<p>Los 5 m\u00e9todos que te servir\u00e1n para no olvidar tus citas, compromisos y pendientes, as\u00ed lo puedes utilizar. En un mundo lleno de distracciones y m\u00faltiples responsabilidades, recordar reuniones, tareas y eventos importantes puede ser un desaf\u00edo. Para mantener el orden y la productividad, existen diversas herramientas y m\u00e9todos que pueden ayudarte a gestionar tu [&hellip;]<\/p>\n","protected":false},"author":19,"featured_media":29970,"comment_status":"open","ping_status":"open","sticky":false,"template":"","format":"standard","meta":{"_acf_changed":false,"_eb_attr":"","footnotes":""},"categories":[55],"tags":[],"class_list":["post-29968","post","type-post","status-publish","format-standard","has-post-thumbnail","hentry","category-bienestar"],"acf":[],"aioseo_notices":[],"aioseo_head":"\n\t\t<!-- All in One SEO Pro 4.9.6.2 - aioseo.com -->\n\t<meta name=\"description\" content=\"No solo se trata de efectuar una labor para ganarse un salario: el enfoque durante el trabajo puede hacerlo m\u00e1s eficiente, m\u00e1s seguro y con mayor superaci\u00f3n.\" \/>\n\t<meta name=\"robots\" content=\"max-snippet:-1, max-image-preview:large, max-video-preview:-1\" \/>\n\t<meta name=\"author\" content=\"Marysabel Aldana\"\/>\n\t<link rel=\"canonical\" href=\"https:\/\/soymigrante.com\/revista\/cuanto-mantienes-enfocada-tu-atencion-en-el-trabajo\/\" \/>\n\t<meta name=\"generator\" content=\"All in One SEO Pro (AIOSEO) 4.9.6.2\" \/>\n\n\t\t<link rel=\"preconnect\" href=\"https:\/\/fonts.googleapis.com\" crossorigin>\n<link rel=\"preconnect\" href=\"https:\/\/fonts.gstatic.com\" crossorigin>\n\t\t<meta property=\"og:locale\" content=\"es_ES\" \/>\n\t\t<meta property=\"og:site_name\" content=\"SoyMigrante.com REVISTA \u2013 Nuestra misi\u00f3n es reconocer y dignificar al migrante.\" \/>\n\t\t<meta property=\"og:type\" content=\"article\" \/>\n\t\t<meta property=\"og:title\" content=\"\u00bfCu\u00e1nto mantienes enfocada tu atenci\u00f3n en el trabajo?\" \/>\n\t\t<meta property=\"og:description\" content=\"No solo se trata de efectuar una labor para ganarse un salario: el enfoque durante el trabajo puede hacerlo m\u00e1s eficiente, m\u00e1s seguro y con mayor superaci\u00f3n.\" \/>\n\t\t<meta property=\"og:url\" content=\"https:\/\/soymigrante.com\/revista\/cuanto-mantienes-enfocada-tu-atencion-en-el-trabajo\/\" \/>\n\t\t<meta property=\"og:image\" content=\"https:\/\/soymigrante.com\/revista\/wp-content\/uploads\/2024\/09\/trabajo-enfoque-rendimiento-1-2.webp\" \/>\n\t\t<meta property=\"og:image:secure_url\" content=\"https:\/\/soymigrante.com\/revista\/wp-content\/uploads\/2024\/09\/trabajo-enfoque-rendimiento-1-2.webp\" \/>\n\t\t<meta property=\"og:image:width\" content=\"637\" \/>\n\t\t<meta property=\"og:image:height\" content=\"637\" \/>\n\t\t<meta property=\"article:published_time\" content=\"2024-09-23T14:00:00+00:00\" \/>\n\t\t<meta property=\"article:modified_time\" content=\"2024-09-23T02:35:39+00:00\" \/>\n\t\t<meta property=\"article:publisher\" content=\"https:\/\/www.facebook.com\/soymigrantecom\" \/>\n\t\t<meta name=\"twitter:card\" content=\"summary_large_image\" \/>\n\t\t<meta name=\"twitter:site\" content=\"@SoyMigrante_com\" \/>\n\t\t<meta name=\"twitter:title\" content=\"\u00bfCu\u00e1nto mantienes enfocada tu atenci\u00f3n en el trabajo?\" \/>\n\t\t<meta name=\"twitter:description\" content=\"No solo se trata de efectuar una labor para ganarse un salario: el enfoque durante el trabajo puede hacerlo m\u00e1s eficiente, m\u00e1s seguro y con mayor superaci\u00f3n.\" \/>\n\t\t<meta name=\"twitter:creator\" content=\"@SoyMigrante_com\" \/>\n\t\t<meta name=\"twitter:image\" content=\"https:\/\/soymigrante.com\/revista\/wp-content\/uploads\/2024\/09\/trabajo-enfoque-rendimiento-1-2.webp\" \/>\n\t\t<!-- All in One SEO Pro -->\r\n\t\t<title>\u00bfCu\u00e1nto mantienes enfocada tu atenci\u00f3n en el trabajo?<\/title>\n\n","aioseo_head_json":{"title":"\u00bfCu\u00e1nto mantienes enfocada tu atenci\u00f3n en el trabajo?","description":"No solo se trata de efectuar una labor para ganarse un salario: el enfoque durante el trabajo puede hacerlo m\u00e1s eficiente, m\u00e1s seguro y con mayor superaci\u00f3n.","canonical_url":"https:\/\/soymigrante.com\/revista\/cuanto-mantienes-enfocada-tu-atencion-en-el-trabajo\/","robots":"max-snippet:-1, max-image-preview:large, max-video-preview:-1","keywords":"","webmasterTools":{"miscellaneous":"&lt;link rel=\"preconnect\" href=\"https:\/\/fonts.googleapis.com\" crossorigin&gt;\n&lt;link rel=\"preconnect\" href=\"https:\/\/fonts.gstatic.com\" crossorigin&gt;"},"schema":null,"og:locale":"es_ES","og:site_name":"SoyMigrante.com REVISTA \u2013 Nuestra misi\u00f3n es reconocer y dignificar al migrante.","og:type":"article","og:title":"\u00bfCu\u00e1nto mantienes enfocada tu atenci\u00f3n en el trabajo?","og:description":"No solo se trata de efectuar una labor para ganarse un salario: el enfoque durante el trabajo puede hacerlo m\u00e1s eficiente, m\u00e1s seguro y con mayor superaci\u00f3n.","og:url":"https:\/\/soymigrante.com\/revista\/cuanto-mantienes-enfocada-tu-atencion-en-el-trabajo\/","og:image":"https:\/\/soymigrante.com\/revista\/wp-content\/uploads\/2024\/09\/trabajo-enfoque-rendimiento-1-2.webp","og:image:secure_url":"https:\/\/soymigrante.com\/revista\/wp-content\/uploads\/2024\/09\/trabajo-enfoque-rendimiento-1-2.webp","og:image:width":637,"og:image:height":637,"article:published_time":"2024-09-23T14:00:00+00:00","article:modified_time":"2024-09-23T02:35:39+00:00","article:publisher":"https:\/\/www.facebook.com\/soymigrantecom","twitter:card":"summary_large_image","twitter:site":"@SoyMigrante_com","twitter:title":"\u00bfCu\u00e1nto mantienes enfocada tu atenci\u00f3n en el trabajo?","twitter:description":"No solo se trata de efectuar una labor para ganarse un salario: el enfoque durante el trabajo puede hacerlo m\u00e1s eficiente, m\u00e1s seguro y con mayor superaci\u00f3n.","twitter:creator":"@SoyMigrante_com","twitter:image":"https:\/\/soymigrante.com\/revista\/wp-content\/uploads\/2024\/09\/trabajo-enfoque-rendimiento-1-2.webp"},"aioseo_meta_data":{"post_id":"29968","title":null,"description":"Los 5 m\u00e9todos que te servir\u00e1n para no olvidar tus citas, compromisos y pendientes, as\u00ed lo puedes utilizar.","keywords":null,"keyphrases":{"focus":{"keyphrase":"citas","score":69,"analysis":{"keyphraseInTitle":{"score":9,"maxScore":9,"error":0},"keyphraseInDescription":{"score":9,"maxScore":9,"error":0},"keyphraseLength":{"score":9,"maxScore":9,"error":0,"length":1},"keyphraseInURL":{"score":5,"maxScore":5,"error":0},"keyphraseInIntroduction":{"score":3,"maxScore":9,"error":1},"keyphraseInSubHeadings":{"score":3,"maxScore":9,"error":1},"keyphraseInImageAlt":{"score":9,"maxScore":9,"error":0},"keywordDensity":{"score":0,"type":"low","maxScore":9,"error":1}}},"additional":[{"keyphrase":"citas","score":67,"analysis":{"keyphraseInDescription":{"score":9,"maxScore":9,"error":0},"keyphraseLength":{"score":9,"maxScore":9,"error":0,"length":1},"keyphraseInIntroduction":{"score":3,"maxScore":9,"error":1},"keyphraseInImageAlt":{"score":9,"maxScore":9,"error":0},"keywordDensity":{"score":0,"type":"low","maxScore":9,"error":1}}}]},"primary_term":null,"canonical_url":null,"og_title":null,"og_description":null,"og_object_type":"default","og_image_type":"default","og_image_url":null,"og_image_width":null,"og_image_height":null,"og_image_custom_url":null,"og_image_custom_fields":null,"og_video":"","og_custom_url":null,"og_article_section":null,"og_article_tags":null,"twitter_use_og":false,"twitter_card":"default","twitter_image_type":"default","twitter_image_url":null,"twitter_image_custom_url":null,"twitter_image_custom_fields":null,"twitter_title":null,"twitter_description":null,"schema":{"blockGraphs":[],"customGraphs":[],"default":{"data":{"Article":[],"Course":[],"Dataset":[],"FAQPage":[],"Movie":[],"Person":[],"Product":[],"ProductReview":[],"Car":[],"Recipe":[],"Service":[],"SoftwareApplication":[],"WebPage":[]},"graphName":"BlogPosting","isEnabled":true},"graphs":[]},"schema_type":"default","schema_type_options":null,"pillar_content":false,"robots_default":true,"robots_noindex":false,"robots_noarchive":false,"robots_nosnippet":false,"robots_nofollow":false,"robots_noimageindex":false,"robots_noodp":false,"robots_notranslate":false,"robots_max_snippet":"-1","robots_max_videopreview":"-1","robots_max_imagepreview":"large","priority":null,"frequency":"default","local_seo":null,"seo_analyzer_scan_date":"2025-10-09 04:15:21","breadcrumb_settings":null,"limit_modified_date":false,"reviewed_by":null,"open_ai":"{\"title\":{\"suggestions\":[],\"usage\":0},\"description\":{\"suggestions\":[],\"usage\":0}}","ai":null,"created":"2025-04-02 19:25:47","updated":"2026-02-04 22:55:08"},"aioseo_breadcrumb":"<div class=\"aioseo-breadcrumbs\"><span class=\"aioseo-breadcrumb\">\n\t<a href=\"https:\/\/soymigrante.com\/revista\" title=\"Home\">Home<\/a>\n<\/span><span class=\"aioseo-breadcrumb-separator\">\u00bb<\/span><span class=\"aioseo-breadcrumb\">\n\t<a href=\"https:\/\/soymigrante.com\/revista\/category\/bienestar\/\" title=\"Bienestar\">Bienestar<\/a>\n<\/span><span class=\"aioseo-breadcrumb-separator\">\u00bb<\/span><span class=\"aioseo-breadcrumb\">\n\t5 m\u00e9todos para nunca olvidar tus citas, compromisos y pendientes\n<\/span><\/div>","aioseo_breadcrumb_json":[{"label":"Home","link":"https:\/\/soymigrante.com\/revista"},{"label":"Bienestar","link":"https:\/\/soymigrante.com\/revista\/category\/bienestar\/"},{"label":"5 m\u00e9todos para nunca olvidar tus citas, compromisos y pendientes","link":"https:\/\/soymigrante.com\/revista\/5-metodos-para-nunca-olvidar-tus-citas-compromisos-y-pendientes\/"}],"_links":{"self":[{"href":"https:\/\/soymigrante.com\/revista\/wp-json\/wp\/v2\/posts\/29968","targetHints":{"allow":["GET"]}}],"collection":[{"href":"https:\/\/soymigrante.com\/revista\/wp-json\/wp\/v2\/posts"}],"about":[{"href":"https:\/\/soymigrante.com\/revista\/wp-json\/wp\/v2\/types\/post"}],"author":[{"embeddable":true,"href":"https:\/\/soymigrante.com\/revista\/wp-json\/wp\/v2\/users\/19"}],"replies":[{"embeddable":true,"href":"https:\/\/soymigrante.com\/revista\/wp-json\/wp\/v2\/comments?post=29968"}],"version-history":[{"count":1,"href":"https:\/\/soymigrante.com\/revista\/wp-json\/wp\/v2\/posts\/29968\/revisions"}],"predecessor-version":[{"id":31357,"href":"https:\/\/soymigrante.com\/revista\/wp-json\/wp\/v2\/posts\/29968\/revisions\/31357"}],"wp:featuredmedia":[{"embeddable":true,"href":"https:\/\/soymigrante.com\/revista\/wp-json\/wp\/v2\/media\/29970"}],"wp:attachment":[{"href":"https:\/\/soymigrante.com\/revista\/wp-json\/wp\/v2\/media?parent=29968"}],"wp:term":[{"taxonomy":"category","embeddable":true,"href":"https:\/\/soymigrante.com\/revista\/wp-json\/wp\/v2\/categories?post=29968"},{"taxonomy":"post_tag","embeddable":true,"href":"https:\/\/soymigrante.com\/revista\/wp-json\/wp\/v2\/tags?post=29968"}],"curies":[{"name":"wp","href":"https:\/\/api.w.org\/{rel}","templated":true}]}}