{"id":29942,"date":"2026-04-26T08:14:38","date_gmt":"2026-04-26T14:14:38","guid":{"rendered":"https:\/\/soymigrante.com\/revista\/?p=29942"},"modified":"2026-04-26T08:31:48","modified_gmt":"2026-04-26T14:31:48","slug":"fiestas-patronales-en-pueblos-de-guatemala-durante-mayo","status":"publish","type":"post","link":"https:\/\/soymigrante.com\/revista\/fiestas-patronales-en-pueblos-de-guatemala-durante-mayo\/","title":{"rendered":"Ferias patronales en pueblos y municipios de Guatemala durante el mes de mayo"},"content":{"rendered":"\t\t<div data-elementor-type=\"wp-post\" data-elementor-id=\"29942\" class=\"elementor elementor-29942\" data-elementor-post-type=\"post\">\n\t\t\t\t<div data-particle_enable=\"false\" data-particle-mobile-disabled=\"false\" class=\"elementor-element elementor-element-c3e5ed4 e-flex e-con-boxed e-con e-parent\" data-id=\"c3e5ed4\" data-element_type=\"container\" data-e-type=\"container\">\n\t\t\t\t\t<div class=\"e-con-inner\">\n\t\t\t\t<div class=\"elementor-element elementor-element-8ac3ea1 elementor-widget elementor-widget-heading\" data-id=\"8ac3ea1\" data-element_type=\"widget\" data-e-type=\"widget\" data-widget_type=\"heading.default\">\n\t\t\t\t\t<h2 class=\"elementor-heading-title elementor-size-default\">Guatemala celebra sus tradiciones, fiestas patronales en mayo con coloridas actividades y rica gastronom\u00eda. <\/h2>\t\t\t\t<\/div>\n\t\t\t\t\t<\/div>\n\t\t\t\t<\/div>\n\t\t<div data-particle_enable=\"false\" data-particle-mobile-disabled=\"false\" class=\"elementor-element elementor-element-b63d96d e-flex e-con-boxed e-con e-parent\" data-id=\"b63d96d\" data-element_type=\"container\" data-e-type=\"container\">\n\t\t\t\t\t<div class=\"e-con-inner\">\n\t\t\t\t<div class=\"elementor-element elementor-element-2332bad elementor-widget elementor-widget-text-editor\" data-id=\"2332bad\" data-element_type=\"widget\" data-e-type=\"widget\" data-widget_type=\"text-editor.default\">\n\t\t\t\t\t\t\t\t\t<p>Durante el mes de mayo, diversos municipios de Guatemala se visten de <a href=\"https:\/\/soymigrante.com\/revista\/fiestas-patronales-en-guatemala-busque-su-municipio\/\" target=\"_blank\" rel=\"noopener\">gala para celebrar sus fiestas patronales,<\/a> combinando fervor religioso y actividades culturales que reflejan la riqueza de sus tradiciones.<\/p>\t\t\t\t\t\t\t\t<\/div>\n\t\t\t\t\t<\/div>\n\t\t\t\t<\/div>\n\t\t<div data-particle_enable=\"false\" data-particle-mobile-disabled=\"false\" class=\"elementor-element elementor-element-9ed2029 e-flex e-con-boxed e-con e-parent\" data-id=\"9ed2029\" data-element_type=\"container\" data-e-type=\"container\">\n\t\t\t\t\t<div class=\"e-con-inner\">\n\t\t\t\t<div class=\"elementor-element elementor-element-196d51e elementor-widget elementor-widget-text-editor\" data-id=\"196d51e\" data-element_type=\"widget\" data-e-type=\"widget\" data-widget_type=\"text-editor.default\">\n\t\t\t\t\t\t\t\t\t<div><strong>Amatitl\u00e1n, Guatemala<\/strong><\/div><div>\u2022Fecha: 3 de mayo<\/div><div>\u2022Santo Patrono: La Santa Cruz y el Ni\u00f1o Dios de Amatitl\u00e1n \ufffc<\/div><div>\u2022Actividades destacadas: <a href=\"https:\/\/soymigrante.com\/revista\/fiestas-patronales-en-guatemala-busque-su-municipio\/\" target=\"_blank\" rel=\"noopener\">Procesi\u00f3n terrestre y acu\u00e1tica con la imagen del Ni\u00f1o Dios,<\/a> desfiles inaugurales, elecci\u00f3n de reinas de belleza, encuentros deportivos, juegos mec\u00e1nicos y ventas de comida y dulces t\u00edpicos.\u00a0\u00a0<\/div>\t\t\t\t\t\t\t\t<\/div>\n\t\t\t\t\t<\/div>\n\t\t\t\t<\/div>\n\t\t<div data-particle_enable=\"false\" data-particle-mobile-disabled=\"false\" class=\"elementor-element elementor-element-7514197 e-flex e-con-boxed e-con e-parent\" data-id=\"7514197\" data-element_type=\"container\" data-e-type=\"container\">\n\t\t\t\t\t<div class=\"e-con-inner\">\n\t\t\t\t<div class=\"elementor-element elementor-element-e645671 elementor-invisible elementor-widget elementor-widget-facebook-embed\" data-id=\"e645671\" data-element_type=\"widget\" data-e-type=\"widget\" data-settings=\"{&quot;_animation&quot;:&quot;zoomInDown&quot;}\" data-widget_type=\"facebook-embed.default\">\n\t\t\t\t\t<div style=\"min-height: 1px\" class=\"elementor-facebook-widget fb-post\" data-href=\"https:\/\/www.facebook.com\/photo\/?fbid=122115996386795674&#038;set=pb.61573870220508.-2207520000\" data-show-text=\"false\"><\/div>\t\t\t\t<\/div>\n\t\t\t\t\t<\/div>\n\t\t\t\t<\/div>\n\t\t<div data-particle_enable=\"false\" data-particle-mobile-disabled=\"false\" class=\"elementor-element elementor-element-c051075 e-flex e-con-boxed e-con e-parent\" data-id=\"c051075\" data-element_type=\"container\" data-e-type=\"container\">\n\t\t\t\t\t<div class=\"e-con-inner\">\n\t\t\t\t<div class=\"elementor-element elementor-element-ae250c4 elementor-widget elementor-widget-text-editor\" data-id=\"ae250c4\" data-element_type=\"widget\" data-e-type=\"widget\" data-widget_type=\"text-editor.default\">\n\t\t\t\t\t\t\t\t\t<div><strong>Santa Cruz Barillas, Huehuetenango<\/strong><\/div><div>\u2022Fecha: Del 30 de abril al 4 de mayo<\/div><div>\u2022Santo Patrono: La Santa Cruz<\/div><div>\u2022Actividades destacadas: Desfiles h\u00edpicos, rodeos, danzas tradicionales como el baile del torito, procesiones solemnes, peleas de gallos, presentaciones de bandas y marimbas, convites, encuentros deportivos y eventos culturales.<\/div>\t\t\t\t\t\t\t\t<\/div>\n\t\t\t\t\t<\/div>\n\t\t\t\t<\/div>\n\t\t<div data-particle_enable=\"false\" data-particle-mobile-disabled=\"false\" class=\"elementor-element elementor-element-54fb200 e-flex e-con-boxed e-con e-parent\" data-id=\"54fb200\" data-element_type=\"container\" data-e-type=\"container\">\n\t\t\t\t\t<div class=\"e-con-inner\">\n\t\t\t\t<div class=\"elementor-element elementor-element-0bf2990 elementor-invisible elementor-widget elementor-widget-facebook-embed\" data-id=\"0bf2990\" data-element_type=\"widget\" data-e-type=\"widget\" data-settings=\"{&quot;_animation&quot;:&quot;zoomInDown&quot;}\" data-widget_type=\"facebook-embed.default\">\n\t\t\t\t\t<div style=\"min-height: 1px\" class=\"elementor-facebook-widget fb-post\" data-href=\"https:\/\/www.facebook.com\/photo.php?fbid=858571362983835&#038;set=pb.100064929365090.-2207520000&#038;type=3\" data-show-text=\"false\"><\/div>\t\t\t\t<\/div>\n\t\t\t\t\t<\/div>\n\t\t\t\t<\/div>\n\t\t<div data-particle_enable=\"false\" data-particle-mobile-disabled=\"false\" class=\"elementor-element elementor-element-717ae05 e-flex e-con-boxed e-con e-parent\" data-id=\"717ae05\" data-element_type=\"container\" data-e-type=\"container\">\n\t\t\t\t\t<div class=\"e-con-inner\">\n\t\t\t\t<div class=\"elementor-element elementor-element-b7fda03 elementor-widget elementor-widget-text-editor\" data-id=\"b7fda03\" data-element_type=\"widget\" data-e-type=\"widget\" data-widget_type=\"text-editor.default\">\n\t\t\t\t\t\t\t\t\t<div><strong>Cajol\u00e1, Quetzaltenango<\/strong><\/div><div>\u2022Fecha: Del 1 al 3 de mayo<\/div><div>\u2022Santo Patrono: Santo Ni\u00f1o de La Cruz<\/div><div>\u2022Actividades destacadas: Danzas folcl\u00f3ricas, actividades religiosas, deportivas, <a href=\"https:\/\/soymigrante.com\/revista\/fiestas-patronales-en-guatemala-busque-su-municipio\/\" target=\"_blank\" rel=\"noopener\">culturales y sociales que atraen a visitantes de municipios cercanos.<\/a><\/div>\t\t\t\t\t\t\t\t<\/div>\n\t\t\t\t\t<\/div>\n\t\t\t\t<\/div>\n\t\t<div data-particle_enable=\"false\" data-particle-mobile-disabled=\"false\" class=\"elementor-element elementor-element-c810b54 e-flex e-con-boxed e-con e-parent\" data-id=\"c810b54\" data-element_type=\"container\" data-e-type=\"container\">\n\t\t\t\t\t<div class=\"e-con-inner\">\n\t\t\t\t<div class=\"elementor-element elementor-element-6161e78 elementor-invisible elementor-widget elementor-widget-facebook-embed\" data-id=\"6161e78\" data-element_type=\"widget\" data-e-type=\"widget\" data-settings=\"{&quot;_animation&quot;:&quot;zoomInDown&quot;}\" data-widget_type=\"facebook-embed.default\">\n\t\t\t\t\t<div style=\"min-height: 1px\" class=\"elementor-facebook-widget fb-post\" data-href=\"https:\/\/www.facebook.com\/municajola.gob.gt\/photos\/pb.100068528976456.-2207520000\/725532565590736\/?type=3\" data-show-text=\"false\"><\/div>\t\t\t\t<\/div>\n\t\t\t\t\t<\/div>\n\t\t\t\t<\/div>\n\t\t<div data-particle_enable=\"false\" data-particle-mobile-disabled=\"false\" class=\"elementor-element elementor-element-e6b2d9a e-flex e-con-boxed e-con e-parent\" data-id=\"e6b2d9a\" data-element_type=\"container\" data-e-type=\"container\">\n\t\t\t\t\t<div class=\"e-con-inner\">\n\t\t\t\t<div class=\"elementor-element elementor-element-9fb2c3e elementor-widget elementor-widget-text-editor\" data-id=\"9fb2c3e\" data-element_type=\"widget\" data-e-type=\"widget\" data-widget_type=\"text-editor.default\">\n\t\t\t\t\t\t\t\t\t<div><strong>San Miguel Uspant\u00e1n, Quich\u00e9<\/strong><\/div><div>\u2022Fecha: 8 de mayo<\/div><div>\u2022Santo Patrono: Arc\u00e1ngel San Miguel<\/div><div>\u2022Actividades destacadas: Celebraciones religiosas y culturales en honor a la aparici\u00f3n del Arc\u00e1ngel San Miguel.<\/div>\t\t\t\t\t\t\t\t<\/div>\n\t\t\t\t\t<\/div>\n\t\t\t\t<\/div>\n\t\t<div data-particle_enable=\"false\" data-particle-mobile-disabled=\"false\" class=\"elementor-element elementor-element-310d59f e-flex e-con-boxed e-con e-parent\" data-id=\"310d59f\" data-element_type=\"container\" data-e-type=\"container\">\n\t\t\t\t\t<div class=\"e-con-inner\">\n\t\t\t\t<div class=\"elementor-element elementor-element-9b67a2d elementor-invisible elementor-widget elementor-widget-facebook-embed\" data-id=\"9b67a2d\" data-element_type=\"widget\" data-e-type=\"widget\" data-settings=\"{&quot;_animation&quot;:&quot;zoomInDown&quot;}\" data-widget_type=\"facebook-embed.default\">\n\t\t\t\t\t<div style=\"min-height: 1px\" class=\"elementor-facebook-widget fb-post\" data-href=\"https:\/\/www.facebook.com\/photo.php?fbid=551637870457839&#038;set=pb.100068348931306.-2207520000&#038;type=3\" data-show-text=\"false\"><\/div>\t\t\t\t<\/div>\n\t\t\t\t\t<\/div>\n\t\t\t\t<\/div>\n\t\t<div data-particle_enable=\"false\" data-particle-mobile-disabled=\"false\" class=\"elementor-element elementor-element-56bcfbc e-flex e-con-boxed e-con e-parent\" data-id=\"56bcfbc\" data-element_type=\"container\" data-e-type=\"container\">\n\t\t\t\t\t<div class=\"e-con-inner\">\n\t\t\t\t<div class=\"elementor-element elementor-element-fcf1616 elementor-widget elementor-widget-text-editor\" data-id=\"fcf1616\" data-element_type=\"widget\" data-e-type=\"widget\" data-widget_type=\"text-editor.default\">\n\t\t\t\t\t\t\t\t\t<div><strong>Ixc\u00e1n, Quich\u00e9<\/strong><\/div><div>\u2022Fecha: 15 de mayo<\/div><div>\u2022Santo Patrono: San Isidro Labrador<\/div><div>\u2022Actividades destacadas: Festividades dedicadas al patr\u00f3n de los agricultores,<a href=\"https:\/\/soymigrante.com\/revista\/fiestas-patronales-en-guatemala-busque-su-municipio\/\" target=\"_blank\" rel=\"noopener\"> con eventos religiosos y comunitarios.<\/a><\/div>\t\t\t\t\t\t\t\t<\/div>\n\t\t\t\t\t<\/div>\n\t\t\t\t<\/div>\n\t\t<div data-particle_enable=\"false\" data-particle-mobile-disabled=\"false\" class=\"elementor-element elementor-element-13a1592 e-flex e-con-boxed e-con e-parent\" data-id=\"13a1592\" data-element_type=\"container\" data-e-type=\"container\">\n\t\t\t\t\t<div class=\"e-con-inner\">\n\t\t\t\t<div class=\"elementor-element elementor-element-1a95e50 elementor-invisible elementor-widget elementor-widget-facebook-embed\" data-id=\"1a95e50\" data-element_type=\"widget\" data-e-type=\"widget\" data-settings=\"{&quot;_animation&quot;:&quot;zoomInDown&quot;}\" data-widget_type=\"facebook-embed.default\">\n\t\t\t\t\t<div style=\"min-height: 1px\" class=\"elementor-facebook-widget fb-post\" data-href=\"https:\/\/www.facebook.com\/photo.php?fbid=1029643169211756&#038;set=pb.100064982462429.-2207520000&#038;type=3\" data-show-text=\"false\"><\/div>\t\t\t\t<\/div>\n\t\t\t\t\t<\/div>\n\t\t\t\t<\/div>\n\t\t<div data-particle_enable=\"false\" data-particle-mobile-disabled=\"false\" class=\"elementor-element elementor-element-2c9e2bf e-flex e-con-boxed e-con e-parent\" data-id=\"2c9e2bf\" data-element_type=\"container\" data-e-type=\"container\">\n\t\t\t\t\t<div class=\"e-con-inner\">\n\t\t\t\t<div class=\"elementor-element elementor-element-f51a45b elementor-widget elementor-widget-text-editor\" data-id=\"f51a45b\" data-element_type=\"widget\" data-e-type=\"widget\" data-widget_type=\"text-editor.default\">\n\t\t\t\t\t\t\t\t\t<div><strong>Los Amates, Izabal<\/strong><\/div><div>\u2022Fecha: 3 de mayo<\/div><div>\u2022Santo Patrono: La Santa Cruz<\/div><div>\u2022Actividades destacadas: Celebraciones religiosas y actividades comunitarias en honor a la Santa Cruz.<\/div>\t\t\t\t\t\t\t\t<\/div>\n\t\t\t\t\t<\/div>\n\t\t\t\t<\/div>\n\t\t<div data-particle_enable=\"false\" data-particle-mobile-disabled=\"false\" class=\"elementor-element elementor-element-7342892 e-flex e-con-boxed e-con e-parent\" data-id=\"7342892\" data-element_type=\"container\" data-e-type=\"container\">\n\t\t\t\t\t<div class=\"e-con-inner\">\n\t\t\t\t<div class=\"elementor-element elementor-element-179013d elementor-invisible elementor-widget elementor-widget-facebook-embed\" data-id=\"179013d\" data-element_type=\"widget\" data-e-type=\"widget\" data-settings=\"{&quot;_animation&quot;:&quot;zoomInDown&quot;}\" data-widget_type=\"facebook-embed.default\">\n\t\t\t\t\t<div style=\"min-height: 1px\" class=\"elementor-facebook-widget fb-post\" data-href=\"https:\/\/www.facebook.com\/MuniLosAmates\/photos\/pb.100064424840440.-2207520000\/2600254500034861\/?type=3\" data-show-text=\"false\"><\/div>\t\t\t\t<\/div>\n\t\t\t\t\t<\/div>\n\t\t\t\t<\/div>\n\t\t<div data-particle_enable=\"false\" data-particle-mobile-disabled=\"false\" class=\"elementor-element elementor-element-abb089e e-flex e-con-boxed e-con e-parent\" data-id=\"abb089e\" data-element_type=\"container\" data-e-type=\"container\">\n\t\t\t\t\t<div class=\"e-con-inner\">\n\t\t\t\t<div class=\"elementor-element elementor-element-e069daf elementor-widget elementor-widget-text-editor\" data-id=\"e069daf\" data-element_type=\"widget\" data-e-type=\"widget\" data-widget_type=\"text-editor.default\">\n\t\t\t\t\t\t\t\t\t<div><strong>Puerto Barrios, Izabal<\/strong><\/div><div>\u2022Fecha: 15 de mayo\u00a0<\/div><div>\u2022Santo Patrono: San Isidro Labrador<\/div><div>\u2022Actividades destacadas: Eventos religiosos y festividades en honor al patr\u00f3n de los agricultores.<\/div>\t\t\t\t\t\t\t\t<\/div>\n\t\t\t\t\t<\/div>\n\t\t\t\t<\/div>\n\t\t<div data-particle_enable=\"false\" data-particle-mobile-disabled=\"false\" class=\"elementor-element elementor-element-d130f50 e-flex e-con-boxed e-con e-parent\" data-id=\"d130f50\" data-element_type=\"container\" data-e-type=\"container\">\n\t\t\t\t\t<div class=\"e-con-inner\">\n\t\t\t\t<div class=\"elementor-element elementor-element-a7154c8 elementor-invisible elementor-widget elementor-widget-facebook-embed\" data-id=\"a7154c8\" data-element_type=\"widget\" data-e-type=\"widget\" data-settings=\"{&quot;_animation&quot;:&quot;zoomInDown&quot;}\" data-widget_type=\"facebook-embed.default\">\n\t\t\t\t\t<div style=\"min-height: 1px\" class=\"elementor-facebook-widget fb-post\" data-href=\"https:\/\/www.facebook.com\/photo.php?fbid=969048838744861&#038;set=pb.100069192606828.-2207520000&#038;type=3\" data-show-text=\"false\"><\/div>\t\t\t\t<\/div>\n\t\t\t\t\t<\/div>\n\t\t\t\t<\/div>\n\t\t<div data-particle_enable=\"false\" data-particle-mobile-disabled=\"false\" class=\"elementor-element elementor-element-d68acb6 e-flex e-con-boxed e-con e-parent\" data-id=\"d68acb6\" data-element_type=\"container\" data-e-type=\"container\">\n\t\t\t\t\t<div class=\"e-con-inner\">\n\t\t\t\t<div class=\"elementor-element elementor-element-a10fcbf elementor-widget elementor-widget-text-editor\" data-id=\"a10fcbf\" data-element_type=\"widget\" data-e-type=\"widget\" data-widget_type=\"text-editor.default\">\n\t\t\t\t\t\t\t\t\t<p><a href=\"https:\/\/soymigrante.com\/revista\/fiestas-patronales-en-guatemala-busque-su-municipio\/\" target=\"_blank\" rel=\"noopener\">Estas festividades no solo fortalecen la identidad cultural de cada municipio<\/a>, sino que tambi\u00e9n fomentan la convivencia y el turismo local, ofreciendo una oportunidad para que tanto habitantes como visitantes participen en tradiciones ancestrales y disfruten de la hospitalidad guatemalteca.<\/p>\t\t\t\t\t\t\t\t<\/div>\n\t\t\t\t\t<\/div>\n\t\t\t\t<\/div>\n\t\t<div data-particle_enable=\"false\" data-particle-mobile-disabled=\"false\" class=\"elementor-element elementor-element-09e2425 e-flex e-con-boxed e-con e-parent\" data-id=\"09e2425\" data-element_type=\"container\" data-e-type=\"container\">\n\t\t\t\t\t<div class=\"e-con-inner\">\n\t\t\t\t<div class=\"elementor-element elementor-element-16276c8 elementor-widget elementor-widget-heading\" data-id=\"16276c8\" data-element_type=\"widget\" data-e-type=\"widget\" data-widget_type=\"heading.default\">\n\t\t\t\t\t<h2 class=\"elementor-heading-title elementor-size-default\">Estos temas te pueden interesar...<\/h2>\t\t\t\t<\/div>\n\t\t\t\t\t<\/div>\n\t\t\t\t<\/div>\n\t\t<div data-particle_enable=\"false\" data-particle-mobile-disabled=\"false\" class=\"elementor-element elementor-element-4efa09d e-flex e-con-boxed e-con e-parent\" data-id=\"4efa09d\" data-element_type=\"container\" data-e-type=\"container\">\n\t\t\t\t\t<div class=\"e-con-inner\">\n\t\t\t\t<div class=\"elementor-element elementor-element-d63381d elementor-grid-eael-col-3 elementor-grid-tablet-eael-col-2 elementor-grid-mobile-eael-col-1 elementor-widget elementor-widget-eael-post-grid\" data-id=\"d63381d\" data-element_type=\"widget\" data-e-type=\"widget\" data-settings=\"{&quot;eael_post_grid_columns&quot;:&quot;eael-col-3&quot;,&quot;eael_post_grid_columns_tablet&quot;:&quot;eael-col-2&quot;,&quot;eael_post_grid_columns_mobile&quot;:&quot;eael-col-1&quot;}\" data-widget_type=\"eael-post-grid.default\">\n\t\t\t\t\t<div id=\"eael-post-grid-d63381d\" class=\"eael-post-grid-container\">\n            <div class=\"eael-post-grid eael-post-appender eael-post-appender-d63381d eael-post-grid-style-one\" data-layout-mode=\"masonry\"><article class=\"eael-grid-post  eael-post-grid-column eael-pg-post-19621 category-guate-nuestra tags-calendario-de-ferias\" data-id=\"19621\">\n        <div class=\"eael-grid-post-holder\">\n            <div class=\"eael-grid-post-holder-inner\"><div class=\"eael-entry-media\"><div class=\"eael-entry-overlay fade-in\"><i class=\"far fa-hand-pointer\" aria-hidden=\"true\"><\/i><a href=\"https:\/\/soymigrante.com\/revista\/ferias-titulares-municipios-guatemala-enero\/\"><\/a><\/div><div class=\"eael-entry-thumbnail \">\n                <img fetchpriority=\"high\" decoding=\"async\" width=\"1024\" height=\"1024\" src=\"https:\/\/soymigrante.com\/revista\/wp-content\/uploads\/2024\/08\/Ferias-patronales-en-agosto-Estas-seran-las-celebraciones4-e1736402054738-1024x1024.webp\" class=\"attachment-large size-large wp-image-7789\" alt=\"Parque de diversiones con rueda de la fortuna colorida y personas disfrutando en los asientos, rodeado de \u00e1rboles verdes, en un d\u00eda soleado.\" srcset=\"https:\/\/soymigrante.com\/revista\/wp-content\/uploads\/2024\/08\/Ferias-patronales-en-agosto-Estas-seran-las-celebraciones4-e1736402054738-1024x1024.webp 1024w, https:\/\/soymigrante.com\/revista\/wp-content\/uploads\/2024\/08\/Ferias-patronales-en-agosto-Estas-seran-las-celebraciones4-e1736402054738-300x300.webp 300w, https:\/\/soymigrante.com\/revista\/wp-content\/uploads\/2024\/08\/Ferias-patronales-en-agosto-Estas-seran-las-celebraciones4-e1736402054738-150x150.webp 150w, https:\/\/soymigrante.com\/revista\/wp-content\/uploads\/2024\/08\/Ferias-patronales-en-agosto-Estas-seran-las-celebraciones4-e1736402054738-768x768.webp 768w, https:\/\/soymigrante.com\/revista\/wp-content\/uploads\/2024\/08\/Ferias-patronales-en-agosto-Estas-seran-las-celebraciones4-e1736402054738-75x75.webp 75w, https:\/\/soymigrante.com\/revista\/wp-content\/uploads\/2024\/08\/Ferias-patronales-en-agosto-Estas-seran-las-celebraciones4-e1736402054738-750x750.webp 750w, https:\/\/soymigrante.com\/revista\/wp-content\/uploads\/2024\/08\/Ferias-patronales-en-agosto-Estas-seran-las-celebraciones4-e1736402054738.webp 1053w\" sizes=\"(max-width: 1024px) 100vw, 1024px\" \/>\n            <\/div>\n        <\/div><div class=\"eael-entry-wrapper\"><header class=\"eael-entry-header\"><h2 class=\"eael-entry-title\"><a class=\"eael-grid-post-link\" href=\"https:\/\/soymigrante.com\/revista\/ferias-titulares-municipios-guatemala-enero\/\" title=\"\u00bfQu\u00e9 ferias titulares se celebran en Guatemala en enero?\">\u00bfQu\u00e9 ferias titulares se celebran en Guatemala en enero?<\/a><\/h2><\/header><div class=\"eael-entry-content\">\n                        <div class=\"eael-grid-post-excerpt\"><a href=\"https:\/\/soymigrante.com\/revista\/ferias-titulares-municipios-guatemala-enero\/\" class=\"eael-post-elements-readmore-btn\">CONOCE SU HISTORIA <\/a><\/div>\n                    <\/div><\/div><\/div>\n        <\/div>\n    <\/article><article class=\"eael-grid-post  eael-post-grid-column eael-pg-post-9789 category-guate-nuestra\" data-id=\"9789\">\n        <div class=\"eael-grid-post-holder\">\n            <div class=\"eael-grid-post-holder-inner\"><div class=\"eael-entry-media\"><div class=\"eael-entry-overlay fade-in\"><i class=\"far fa-hand-pointer\" aria-hidden=\"true\"><\/i><a href=\"https:\/\/soymigrante.com\/revista\/migrantes-pueden-vivir-las-fiestas-de-fin-de-ano-en-usa-sin-perder-identidad-claves-para-lograrlo\/\"><\/a><\/div><div class=\"eael-entry-thumbnail \">\n                <img decoding=\"async\" width=\"744\" height=\"744\" src=\"https:\/\/soymigrante.com\/revista\/wp-content\/uploads\/2024\/09\/Los-migrantes-guatemaltecos-pueden-vivir-las-festividades-asi-5-e1727459503711.webp\" class=\"attachment-large size-large wp-image-9790\" alt=\"\u00c1rbol de Navidad decorado con luces, adornos plateados y cinta decorativa, en sal\u00f3n familiar con decoraciones navide\u00f1as tradicionales para crear ambiente festivo y acogedor.\" srcset=\"https:\/\/soymigrante.com\/revista\/wp-content\/uploads\/2024\/09\/Los-migrantes-guatemaltecos-pueden-vivir-las-festividades-asi-5-e1727459503711.webp 744w, https:\/\/soymigrante.com\/revista\/wp-content\/uploads\/2024\/09\/Los-migrantes-guatemaltecos-pueden-vivir-las-festividades-asi-5-e1727459503711-300x300.webp 300w, https:\/\/soymigrante.com\/revista\/wp-content\/uploads\/2024\/09\/Los-migrantes-guatemaltecos-pueden-vivir-las-festividades-asi-5-e1727459503711-150x150.webp 150w, https:\/\/soymigrante.com\/revista\/wp-content\/uploads\/2024\/09\/Los-migrantes-guatemaltecos-pueden-vivir-las-festividades-asi-5-e1727459503711-75x75.webp 75w\" sizes=\"(max-width: 744px) 100vw, 744px\" \/>\n            <\/div>\n        <\/div><div class=\"eael-entry-wrapper\"><header class=\"eael-entry-header\"><h2 class=\"eael-entry-title\"><a class=\"eael-grid-post-link\" href=\"https:\/\/soymigrante.com\/revista\/migrantes-pueden-vivir-las-fiestas-de-fin-de-ano-en-usa-sin-perder-identidad-claves-para-lograrlo\/\" title=\"Migrantes pueden vivir las fiestas de fin de a\u00f1o en USA sin perder identidad: claves para lograrlo\">Migrantes pueden vivir las fiestas de fin de a\u00f1o en USA sin perder identidad: claves para lograrlo<\/a><\/h2><\/header><div class=\"eael-entry-content\">\n                        <div class=\"eael-grid-post-excerpt\"><a href=\"https:\/\/soymigrante.com\/revista\/migrantes-pueden-vivir-las-fiestas-de-fin-de-ano-en-usa-sin-perder-identidad-claves-para-lograrlo\/\" class=\"eael-post-elements-readmore-btn\">CONOCE SU HISTORIA <\/a><\/div>\n                    <\/div><\/div><\/div>\n        <\/div>\n    <\/article><article class=\"eael-grid-post  eael-post-grid-column eael-pg-post-7390 category-guate-nuestra tags-calendario-de-ferias\" data-id=\"7390\">\n        <div class=\"eael-grid-post-holder\">\n            <div class=\"eael-grid-post-holder-inner\"><div class=\"eael-entry-media\"><div class=\"eael-entry-overlay fade-in\"><i class=\"far fa-hand-pointer\" aria-hidden=\"true\"><\/i><a href=\"https:\/\/soymigrante.com\/revista\/fiestas-patronales-en-guatemala-busque-su-municipio\/\"><\/a><\/div><div class=\"eael-entry-thumbnail \">\n                <img decoding=\"async\" width=\"1024\" height=\"1024\" src=\"https:\/\/soymigrante.com\/revista\/wp-content\/uploads\/2024\/07\/WhatsApp-Image-2024-06-28-at-111908-AM-e1720800331515-1024x1024.webp\" class=\"attachment-large size-large wp-image-7395\" alt=\"Ferias patronales de los municipios de Guatemala, por departamento\" srcset=\"https:\/\/soymigrante.com\/revista\/wp-content\/uploads\/2024\/07\/WhatsApp-Image-2024-06-28-at-111908-AM-e1720800331515-1024x1024.webp 1024w, https:\/\/soymigrante.com\/revista\/wp-content\/uploads\/2024\/07\/WhatsApp-Image-2024-06-28-at-111908-AM-e1720800331515-300x300.webp 300w, https:\/\/soymigrante.com\/revista\/wp-content\/uploads\/2024\/07\/WhatsApp-Image-2024-06-28-at-111908-AM-e1720800331515-150x150.webp 150w, https:\/\/soymigrante.com\/revista\/wp-content\/uploads\/2024\/07\/WhatsApp-Image-2024-06-28-at-111908-AM-e1720800331515-768x768.webp 768w, https:\/\/soymigrante.com\/revista\/wp-content\/uploads\/2024\/07\/WhatsApp-Image-2024-06-28-at-111908-AM-e1720800331515-75x75.webp 75w, https:\/\/soymigrante.com\/revista\/wp-content\/uploads\/2024\/07\/WhatsApp-Image-2024-06-28-at-111908-AM-e1720800331515-750x750.webp 750w, https:\/\/soymigrante.com\/revista\/wp-content\/uploads\/2024\/07\/WhatsApp-Image-2024-06-28-at-111908-AM-e1720800331515.webp 1066w\" sizes=\"(max-width: 1024px) 100vw, 1024px\" \/>\n            <\/div>\n        <\/div><div class=\"eael-entry-wrapper\"><header class=\"eael-entry-header\"><h2 class=\"eael-entry-title\"><a class=\"eael-grid-post-link\" href=\"https:\/\/soymigrante.com\/revista\/fiestas-patronales-en-guatemala-busque-su-municipio\/\" title=\"Ferias patronales de los municipios de Guatemala, por departamento\">Ferias patronales de los municipios de Guatemala, por departamento<\/a><\/h2><\/header><div class=\"eael-entry-content\">\n                        <div class=\"eael-grid-post-excerpt\"><a href=\"https:\/\/soymigrante.com\/revista\/fiestas-patronales-en-guatemala-busque-su-municipio\/\" class=\"eael-post-elements-readmore-btn\">CONOCE SU HISTORIA <\/a><\/div>\n                    <\/div><\/div><\/div>\n        <\/div>\n    <\/article><\/div>\n            <div class=\"clearfix\"><\/div>\n        <\/div>\t\t\t\t<\/div>\n\t\t\t\t\t<\/div>\n\t\t\t\t<\/div>\n\t\t\t\t<\/div>\n\t\t","protected":false},"excerpt":{"rendered":"<p>Guatemala celebra sus tradiciones, fiestas patronales en mayo con coloridas actividades y rica gastronom\u00eda. Durante el mes de mayo, diversos municipios de Guatemala se visten de gala para celebrar sus fiestas patronales, combinando fervor religioso y actividades culturales que reflejan la riqueza de sus tradiciones. Amatitl\u00e1n, Guatemala\u2022Fecha: 3 de mayo\u2022Santo Patrono: La Santa Cruz y [&hellip;]<\/p>\n","protected":false},"author":1,"featured_media":26763,"comment_status":"open","ping_status":"open","sticky":false,"template":"","format":"standard","meta":{"_acf_changed":false,"_eb_attr":"","footnotes":""},"categories":[58],"tags":[272],"class_list":["post-29942","post","type-post","status-publish","format-standard","has-post-thumbnail","hentry","category-guate-nuestra","tag-calendario-de-ferias"],"acf":[],"aioseo_notices":[],"aioseo_head":"\n\t\t<!-- All in One SEO Pro 4.9.6.2 - aioseo.com -->\n\t<meta name=\"description\" content=\"La feria patronal de cada municipio es siempre un recuerdo festivo, alegre, familiar que acompa\u00f1a a muchos migrantes guatemaltecos en Estados Unidos.\" \/>\n\t<meta name=\"robots\" content=\"max-snippet:-1, max-image-preview:large, max-video-preview:-1\" \/>\n\t<meta name=\"author\" content=\"Marysabel Aldana\"\/>\n\t<link rel=\"canonical\" href=\"https:\/\/soymigrante.com\/revista\/fiestas-patronales-en-guatemala-busque-su-municipio\/\" \/>\n\t<meta name=\"generator\" content=\"All in One SEO Pro (AIOSEO) 4.9.6.2\" \/>\n\n\t\t<link rel=\"preconnect\" href=\"https:\/\/fonts.googleapis.com\" crossorigin>\n<link rel=\"preconnect\" href=\"https:\/\/fonts.gstatic.com\" crossorigin>\n\t\t<meta property=\"og:locale\" content=\"es_ES\" \/>\n\t\t<meta property=\"og:site_name\" content=\"SoyMigrante.com REVISTA \u2013 Nuestra misi\u00f3n es reconocer y dignificar al migrante.\" \/>\n\t\t<meta property=\"og:type\" content=\"article\" \/>\n\t\t<meta property=\"og:title\" content=\"Ferias patronales de los municipios de Guatemala, por departamento\" \/>\n\t\t<meta property=\"og:description\" content=\"La feria patronal de cada municipio es siempre un recuerdo festivo, alegre, familiar que acompa\u00f1a a muchos migrantes guatemaltecos en Estados Unidos.\" \/>\n\t\t<meta property=\"og:url\" content=\"https:\/\/soymigrante.com\/revista\/fiestas-patronales-en-guatemala-busque-su-municipio\/\" \/>\n\t\t<meta property=\"og:image\" content=\"https:\/\/soymigrante.com\/revista\/wp-content\/uploads\/2024\/07\/WhatsApp-Image-2024-06-28-at-111908-AM-e1720800331515.webp\" \/>\n\t\t<meta property=\"og:image:secure_url\" content=\"https:\/\/soymigrante.com\/revista\/wp-content\/uploads\/2024\/07\/WhatsApp-Image-2024-06-28-at-111908-AM-e1720800331515.webp\" \/>\n\t\t<meta property=\"og:image:width\" content=\"1066\" \/>\n\t\t<meta property=\"og:image:height\" content=\"1066\" \/>\n\t\t<meta property=\"article:published_time\" content=\"2024-11-24T01:11:17+00:00\" \/>\n\t\t<meta property=\"article:modified_time\" content=\"2025-09-16T12:35:23+00:00\" \/>\n\t\t<meta property=\"article:publisher\" content=\"https:\/\/www.facebook.com\/soymigrantecom\" \/>\n\t\t<meta name=\"twitter:card\" content=\"summary_large_image\" \/>\n\t\t<meta name=\"twitter:site\" content=\"@SoyMigrante_com\" \/>\n\t\t<meta name=\"twitter:title\" content=\"Ferias patronales de los municipios de Guatemala, por departamento\" \/>\n\t\t<meta name=\"twitter:description\" content=\"La feria patronal de cada municipio es siempre un recuerdo festivo, alegre, familiar que acompa\u00f1a a muchos migrantes guatemaltecos en Estados Unidos.\" \/>\n\t\t<meta name=\"twitter:creator\" content=\"@SoyMigrante_com\" \/>\n\t\t<meta name=\"twitter:image\" content=\"https:\/\/soymigrante.com\/revista\/wp-content\/uploads\/2024\/07\/WhatsApp-Image-2024-06-28-at-111908-AM-e1720800331515.webp\" \/>\n\t\t<!-- All in One SEO Pro -->\r\n\t\t<title>Ferias patronales de los municipios de Guatemala, por departamento<\/title>\n\n","aioseo_head_json":{"title":"Ferias patronales de los municipios de Guatemala, por departamento","description":"La feria patronal de cada municipio es siempre un recuerdo festivo, alegre, familiar que acompa\u00f1a a muchos migrantes guatemaltecos en Estados Unidos.","canonical_url":"https:\/\/soymigrante.com\/revista\/fiestas-patronales-en-guatemala-busque-su-municipio\/","robots":"max-snippet:-1, max-image-preview:large, max-video-preview:-1","keywords":"","webmasterTools":{"miscellaneous":"&lt;link rel=\"preconnect\" href=\"https:\/\/fonts.googleapis.com\" crossorigin&gt;\n&lt;link rel=\"preconnect\" href=\"https:\/\/fonts.gstatic.com\" crossorigin&gt;"},"schema":null,"og:locale":"es_ES","og:site_name":"SoyMigrante.com REVISTA \u2013 Nuestra misi\u00f3n es reconocer y dignificar al migrante.","og:type":"article","og:title":"Ferias patronales de los municipios de Guatemala, por departamento","og:description":"La feria patronal de cada municipio es siempre un recuerdo festivo, alegre, familiar que acompa\u00f1a a muchos migrantes guatemaltecos en Estados Unidos.","og:url":"https:\/\/soymigrante.com\/revista\/fiestas-patronales-en-guatemala-busque-su-municipio\/","og:image":"https:\/\/soymigrante.com\/revista\/wp-content\/uploads\/2024\/07\/WhatsApp-Image-2024-06-28-at-111908-AM-e1720800331515.webp","og:image:secure_url":"https:\/\/soymigrante.com\/revista\/wp-content\/uploads\/2024\/07\/WhatsApp-Image-2024-06-28-at-111908-AM-e1720800331515.webp","og:image:width":1066,"og:image:height":1066,"article:published_time":"2024-11-24T01:11:17+00:00","article:modified_time":"2025-09-16T12:35:23+00:00","article:publisher":"https:\/\/www.facebook.com\/soymigrantecom","twitter:card":"summary_large_image","twitter:site":"@SoyMigrante_com","twitter:title":"Ferias patronales de los municipios de Guatemala, por departamento","twitter:description":"La feria patronal de cada municipio es siempre un recuerdo festivo, alegre, familiar que acompa\u00f1a a muchos migrantes guatemaltecos en Estados Unidos.","twitter:creator":"@SoyMigrante_com","twitter:image":"https:\/\/soymigrante.com\/revista\/wp-content\/uploads\/2024\/07\/WhatsApp-Image-2024-06-28-at-111908-AM-e1720800331515.webp"},"aioseo_meta_data":{"post_id":"29942","title":null,"description":"Guatemala celebra sus tradiciones, fiestas patronales en mayo con coloridas actividades y rica gastronom\u00eda.","keywords":null,"keyphrases":{"focus":{"keyphrase":"Fiestas patronales","score":91,"analysis":{"keyphraseInTitle":{"score":3,"maxScore":9,"error":1},"keyphraseInDescription":{"score":9,"maxScore":9,"error":0},"keyphraseLength":{"score":9,"maxScore":9,"error":0,"length":2},"keyphraseInURL":{"score":5,"maxScore":5,"error":0},"keyphraseInIntroduction":{"score":9,"maxScore":9,"error":0},"keyphraseInSubHeadings":{"score":9,"maxScore":9,"error":0},"keyphraseInImageAlt":{"score":9,"maxScore":9,"error":0},"keywordDensity":{"type":"best","score":9,"maxScore":9,"error":0}}},"additional":[{"keyphrase":"fiestas patronales","score":100,"analysis":{"keyphraseInDescription":{"score":9,"maxScore":9,"error":0},"keyphraseLength":{"score":9,"maxScore":9,"error":0,"length":2},"keyphraseInIntroduction":{"score":9,"maxScore":9,"error":0},"keyphraseInImageAlt":{"score":9,"maxScore":9,"error":0},"keywordDensity":{"type":"best","score":9,"maxScore":9,"error":0}}},{"keyphrase":"mayo","score":87,"analysis":{"keyphraseInDescription":{"score":9,"maxScore":9,"error":0},"keyphraseLength":{"score":9,"maxScore":9,"error":0,"length":1},"keyphraseInIntroduction":{"score":9,"maxScore":9,"error":0},"keyphraseInImageAlt":{"score":3,"maxScore":9,"error":1},"keywordDensity":{"type":"best","score":9,"maxScore":9,"error":0}}}]},"primary_term":null,"canonical_url":null,"og_title":null,"og_description":null,"og_object_type":"default","og_image_type":"default","og_image_url":null,"og_image_width":null,"og_image_height":null,"og_image_custom_url":null,"og_image_custom_fields":null,"og_video":"","og_custom_url":null,"og_article_section":null,"og_article_tags":null,"twitter_use_og":false,"twitter_card":"default","twitter_image_type":"default","twitter_image_url":null,"twitter_image_custom_url":null,"twitter_image_custom_fields":null,"twitter_title":null,"twitter_description":null,"schema":{"blockGraphs":[],"customGraphs":[],"default":{"data":{"Article":[],"Course":[],"Dataset":[],"FAQPage":[],"Movie":[],"Person":[],"Product":[],"ProductReview":[],"Car":[],"Recipe":[],"Service":[],"SoftwareApplication":[],"WebPage":[]},"graphName":"NewsArticle","isEnabled":true},"graphs":[]},"schema_type":"default","schema_type_options":null,"pillar_content":false,"robots_default":true,"robots_noindex":false,"robots_noarchive":false,"robots_nosnippet":false,"robots_nofollow":false,"robots_noimageindex":false,"robots_noodp":false,"robots_notranslate":false,"robots_max_snippet":"-1","robots_max_videopreview":"-1","robots_max_imagepreview":"large","priority":null,"frequency":"default","local_seo":null,"seo_analyzer_scan_date":null,"breadcrumb_settings":null,"limit_modified_date":false,"reviewed_by":"0","open_ai":"{\"title\":{\"suggestions\":[],\"usage\":0},\"description\":{\"suggestions\":[],\"usage\":0}}","ai":{"faqs":[],"keyPoints":[],"schemas":[],"titles":[],"descriptions":[],"socialPosts":{"email":[],"linkedin":[],"twitter":[],"facebook":[],"instagram":[]}},"created":"2025-04-02 18:45:36","updated":"2026-04-26 15:16:03"},"aioseo_breadcrumb":"<div class=\"aioseo-breadcrumbs\"><span class=\"aioseo-breadcrumb\">\n\t<a href=\"https:\/\/soymigrante.com\/revista\" title=\"Home\">Home<\/a>\n<\/span><span class=\"aioseo-breadcrumb-separator\">\u00bb<\/span><span class=\"aioseo-breadcrumb\">\n\t<a href=\"https:\/\/soymigrante.com\/revista\/category\/guate-nuestra\/\" title=\"Guate Nuestra\">Guate Nuestra<\/a>\n<\/span><span class=\"aioseo-breadcrumb-separator\">\u00bb<\/span><span class=\"aioseo-breadcrumb\">\n\tFerias patronales en pueblos y municipios de Guatemala durante el mes de mayo\n<\/span><\/div>","aioseo_breadcrumb_json":[{"label":"Home","link":"https:\/\/soymigrante.com\/revista"},{"label":"Guate Nuestra","link":"https:\/\/soymigrante.com\/revista\/category\/guate-nuestra\/"},{"label":"Ferias patronales en pueblos y municipios de Guatemala durante el mes de mayo","link":"https:\/\/soymigrante.com\/revista\/fiestas-patronales-en-pueblos-de-guatemala-durante-mayo\/"}],"_links":{"self":[{"href":"https:\/\/soymigrante.com\/revista\/wp-json\/wp\/v2\/posts\/29942","targetHints":{"allow":["GET"]}}],"collection":[{"href":"https:\/\/soymigrante.com\/revista\/wp-json\/wp\/v2\/posts"}],"about":[{"href":"https:\/\/soymigrante.com\/revista\/wp-json\/wp\/v2\/types\/post"}],"author":[{"embeddable":true,"href":"https:\/\/soymigrante.com\/revista\/wp-json\/wp\/v2\/users\/1"}],"replies":[{"embeddable":true,"href":"https:\/\/soymigrante.com\/revista\/wp-json\/wp\/v2\/comments?post=29942"}],"version-history":[{"count":8,"href":"https:\/\/soymigrante.com\/revista\/wp-json\/wp\/v2\/posts\/29942\/revisions"}],"predecessor-version":[{"id":55480,"href":"https:\/\/soymigrante.com\/revista\/wp-json\/wp\/v2\/posts\/29942\/revisions\/55480"}],"wp:featuredmedia":[{"embeddable":true,"href":"https:\/\/soymigrante.com\/revista\/wp-json\/wp\/v2\/media\/26763"}],"wp:attachment":[{"href":"https:\/\/soymigrante.com\/revista\/wp-json\/wp\/v2\/media?parent=29942"}],"wp:term":[{"taxonomy":"category","embeddable":true,"href":"https:\/\/soymigrante.com\/revista\/wp-json\/wp\/v2\/categories?post=29942"},{"taxonomy":"post_tag","embeddable":true,"href":"https:\/\/soymigrante.com\/revista\/wp-json\/wp\/v2\/tags?post=29942"}],"curies":[{"name":"wp","href":"https:\/\/api.w.org\/{rel}","templated":true}]}}