{"id":29941,"date":"2025-04-02T13:07:22","date_gmt":"2025-04-02T19:07:22","guid":{"rendered":"https:\/\/soymigrante.com\/revista\/?p=29941"},"modified":"2025-04-02T13:18:44","modified_gmt":"2025-04-02T19:18:44","slug":"mes-del-libro-julio-fausto-aguilera-escritor-guatemalteco-patria-ansio","status":"publish","type":"post","link":"https:\/\/soymigrante.com\/revista\/mes-del-libro-julio-fausto-aguilera-escritor-guatemalteco-patria-ansio\/","title":{"rendered":"La patria que yo ans\u00edo, poema de Julio Fausto Aguilera (1928-2018)"},"content":{"rendered":"\t\t<div data-elementor-type=\"wp-post\" data-elementor-id=\"29941\" class=\"elementor elementor-29941\" data-elementor-post-type=\"post\">\n\t\t\t\t<div data-particle_enable=\"false\" data-particle-mobile-disabled=\"false\" class=\"elementor-element elementor-element-42dc977 e-flex e-con-boxed e-con e-parent\" data-id=\"42dc977\" data-element_type=\"container\" data-e-type=\"container\">\n\t\t\t\t\t<div class=\"e-con-inner\">\n\t\t\t\t<div class=\"elementor-element elementor-element-803e29b elementor-widget elementor-widget-heading\" data-id=\"803e29b\" data-element_type=\"widget\" data-e-type=\"widget\" data-widget_type=\"heading.default\">\n\t\t\t\t\t<h2 class=\"elementor-heading-title elementor-size-default\">Julio Fausto Aguilera, un poeta guatemalteco nacido en Jalapa en 1928. Destac\u00f3 en cert\u00e1menes y public\u00f3 varios libros. Uno de sus poemas m\u00e1s famosos es <i>La patria que yo an<\/i>s\u00edo. En el mes del libro y la lectura lo presentamos aqu\u00ed.<\/h2>\t\t\t\t<\/div>\n\t\t\t\t\t<\/div>\n\t\t\t\t<\/div>\n\t\t<div data-particle_enable=\"false\" data-particle-mobile-disabled=\"false\" class=\"elementor-element elementor-element-fc20f32 e-flex e-con-boxed e-con e-parent\" data-id=\"fc20f32\" data-element_type=\"container\" data-e-type=\"container\">\n\t\t\t\t\t<div class=\"e-con-inner\">\n\t\t\t\t<div class=\"elementor-element elementor-element-0657af3 elementor-widget elementor-widget-text-editor\" data-id=\"0657af3\" data-element_type=\"widget\" data-e-type=\"widget\" data-widget_type=\"text-editor.default\">\n\t\t\t\t\t\t\t\t\t<p><i><b>El mes de abril es dedicado internacionalmente al libro y la lectura. Por ello publicamos esta serie de poemas de autores guatemaltecos.<\/b><\/i><\/p>\t\t\t\t\t\t\t\t<\/div>\n\t\t\t\t\t<\/div>\n\t\t\t\t<\/div>\n\t\t<div data-particle_enable=\"false\" data-particle-mobile-disabled=\"false\" class=\"elementor-element elementor-element-2cd3b41 e-flex e-con-boxed e-con e-parent\" data-id=\"2cd3b41\" data-element_type=\"container\" data-e-type=\"container\">\n\t\t\t\t\t<div class=\"e-con-inner\">\n\t\t\t\t<div class=\"elementor-element elementor-element-969a9ae elementor-widget elementor-widget-text-editor\" data-id=\"969a9ae\" data-element_type=\"widget\" data-e-type=\"widget\" data-widget_type=\"text-editor.default\">\n\t\t\t\t\t\t\t\t\t<p>Julio Fausto Aguilera fue un poeta guatemalteco nacido en 1928, en Jalapa.\u00a0 Fue integrante del grupo literario Saker-Ti, en la d\u00e9cada 1960 y tambi\u00e9n fue fundador del grupo Nuevo Signo.<\/p><p><span style=\"color: var( --e-global-color-text ); text-align: var(--text-align);\">Su obra est\u00e1 llena de homenajes a la patria, aunque tambi\u00e9n denuncia contradicciones sociales aunque con esperanza e invitaci\u00f3n a la acci\u00f3n artistica y ciudadana.\u00a0 Recibi\u00f3 reconocimientos como el Premio Nacional de Literatura \u201cMiguel \u00c1ngel Asturias\u201d en 2002, el Diploma Emeritissimum de la Facultad de Humanidades de la Universidad de San Carlos de Guatemala en 1988, y el \u201cQuetzal de Oro\u201d en 1984, otorgado por la Asociaci\u00f3n de Periodistas de Guatemala, por su antolog\u00eda <\/span><em style=\"color: var( --e-global-color-text ); text-align: var(--text-align);\" data-start=\"516\" data-end=\"539\">La patria es una casa, cuyo poema La patria que yo ans\u00edo presentamos a continuaci\u00f3n.<\/em><\/p><p><em style=\"color: var( --e-global-color-text ); text-align: var(--text-align);\" data-start=\"516\" data-end=\"539\">Julio Fausto Aguilera muri\u00f3 en 2018, recluido en un asilo de ancianos.<\/em><\/p><p>\u00a0<\/p>\t\t\t\t\t\t\t\t<\/div>\n\t\t\t\t\t<\/div>\n\t\t\t\t<\/div>\n\t\t<div data-particle_enable=\"false\" data-particle-mobile-disabled=\"false\" class=\"elementor-element elementor-element-6a50a05 e-flex e-con-boxed e-con e-parent\" data-id=\"6a50a05\" data-element_type=\"container\" data-e-type=\"container\">\n\t\t\t\t\t<div class=\"e-con-inner\">\n\t\t\t\t<div class=\"elementor-element elementor-element-0b1926b elementor-widget elementor-widget-image\" data-id=\"0b1926b\" data-element_type=\"widget\" data-e-type=\"widget\" data-widget_type=\"image.default\">\n\t\t\t\t\t\t\t\t\t\t\t\t<figure class=\"wp-caption\">\n\t\t\t\t\t\t\t\t\t\t<img fetchpriority=\"high\" decoding=\"async\" width=\"768\" height=\"768\" src=\"https:\/\/soymigrante.com\/revista\/wp-content\/uploads\/2024\/10\/quetzal-canciones-guatemala-1024x1024.webp\" class=\"attachment-large size-large wp-image-10599\" alt=\"Colorido p\u00e1jaro de selva con plumaje verde, azul y negro posado en rama cubierta de musgo en un bosque tropical.\" srcset=\"https:\/\/soymigrante.com\/revista\/wp-content\/uploads\/2024\/10\/quetzal-canciones-guatemala-1024x1024.webp 1024w, https:\/\/soymigrante.com\/revista\/wp-content\/uploads\/2024\/10\/quetzal-canciones-guatemala-300x300.webp 300w, https:\/\/soymigrante.com\/revista\/wp-content\/uploads\/2024\/10\/quetzal-canciones-guatemala-150x150.webp 150w, https:\/\/soymigrante.com\/revista\/wp-content\/uploads\/2024\/10\/quetzal-canciones-guatemala-768x768.webp 768w, https:\/\/soymigrante.com\/revista\/wp-content\/uploads\/2024\/10\/quetzal-canciones-guatemala-1536x1536.webp 1536w, https:\/\/soymigrante.com\/revista\/wp-content\/uploads\/2024\/10\/quetzal-canciones-guatemala.webp 1920w, https:\/\/soymigrante.com\/revista\/wp-content\/uploads\/2024\/10\/quetzal-canciones-guatemala-75x75.webp 75w, https:\/\/soymigrante.com\/revista\/wp-content\/uploads\/2024\/10\/quetzal-canciones-guatemala-750x750.webp 750w, https:\/\/soymigrante.com\/revista\/wp-content\/uploads\/2024\/10\/quetzal-canciones-guatemala-1140x1140.jpg 1140w\" sizes=\"(max-width: 768px) 100vw, 768px\" title=\"Quetzal guatemalteco fotografiado por Ottoniel Supertramp \u2013 SoyMigrante.com REVISTA\" \/>\t\t\t\t\t\t\t\t\t\t\t<figcaption class=\"widget-image-caption wp-caption-text\">Maravilloso ave ex\u00f3tica en h\u00e1bitat natural, resaltando la biodiversidad y conservaci\u00f3n de especies en riesgo.<\/figcaption>\n\t\t\t\t\t\t\t\t\t\t<\/figure>\n\t\t\t\t\t\t\t\t\t<\/div>\n\t\t\t\t\t<\/div>\n\t\t\t\t<\/div>\n\t\t<div data-particle_enable=\"false\" data-particle-mobile-disabled=\"false\" class=\"elementor-element elementor-element-12c656d e-flex e-con-boxed e-con e-parent\" data-id=\"12c656d\" data-element_type=\"container\" data-e-type=\"container\">\n\t\t\t\t\t<div class=\"e-con-inner\">\n\t\t\t\t<div class=\"elementor-element elementor-element-90f64b8 elementor-widget elementor-widget-heading\" data-id=\"90f64b8\" data-element_type=\"widget\" data-e-type=\"widget\" data-widget_type=\"heading.default\">\n\t\t\t\t\t<h3 class=\"elementor-heading-title elementor-size-default\">La patria que yo ans\u00edo<\/h3>\t\t\t\t<\/div>\n\t\t\t\t\t<\/div>\n\t\t\t\t<\/div>\n\t\t<div data-particle_enable=\"false\" data-particle-mobile-disabled=\"false\" class=\"elementor-element elementor-element-b284f04 e-flex e-con-boxed e-con e-parent\" data-id=\"b284f04\" data-element_type=\"container\" data-e-type=\"container\">\n\t\t\t\t\t<div class=\"e-con-inner\">\n\t\t\t\t<div class=\"elementor-element elementor-element-b3873ee elementor-widget elementor-widget-text-editor\" data-id=\"b3873ee\" data-element_type=\"widget\" data-e-type=\"widget\" data-widget_type=\"text-editor.default\">\n\t\t\t\t\t\t\t\t\t<p>La patria, la que sue\u00f1o, es un plant\u00edo<br \/><span style=\"color: var( --e-global-color-text ); text-align: var(--text-align);\">donde triunfa el tractor, triunfa el arado<br \/><\/span><span style=\"color: var( --e-global-color-text ); text-align: var(--text-align);\">y un enjambre de brazos no se alcanza<br \/><\/span><span style=\"color: var( --e-global-color-text ); text-align: var(--text-align);\">cosechando los frutos y los granos.<\/span><\/p><p><span style=\"color: var( --e-global-color-text ); text-align: var(--text-align);\">Despensa para todos, bien provista:<br \/><\/span><span style=\"color: var( --e-global-color-text ); text-align: var(--text-align);\">Un granero que siempre est\u00e1 colmado<br \/><\/span><span style=\"color: var( --e-global-color-text ); text-align: var(--text-align);\">de trigos y ma\u00edces, orgulloso,<br \/><\/span><span style=\"color: var( --e-global-color-text ); text-align: var(--text-align);\">en invierno lo mismo que en verano.<\/span><\/p><p><span style=\"color: var( --e-global-color-text ); text-align: var(--text-align);\">Los colmillos del hambre no se ensa\u00f1an<br \/><\/span><span style=\"color: var( --e-global-color-text ); text-align: var(--text-align);\">en esa pulpa espl\u00e9ndida y dorada.<br \/><\/span><span style=\"color: var( --e-global-color-text ); text-align: var(--text-align);\">La loba de enemiga, negra historia,<br \/><\/span><span style=\"color: var( --e-global-color-text ); text-align: var(--text-align);\">aqu\u00ed fue condenada y enterrada.<\/span><\/p><p><span style=\"color: var( --e-global-color-text ); text-align: var(--text-align);\">No m\u00e1s acorralarte en los caminos.<br \/><\/span><span style=\"color: var( --e-global-color-text ); text-align: var(--text-align);\">como plantas end\u00e9micas cerc\u00e1ndote<br \/><\/span><span style=\"color: var( --e-global-color-text ); text-align: var(--text-align);\">los brazos y las bocas que desmayan<br \/><\/span><span style=\"color: var( --e-global-color-text ); text-align: var(--text-align);\">pidiendo por sus vientres sin bocado.<\/span><\/p><p><span style=\"color: var( --e-global-color-text ); text-align: var(--text-align);\">No m\u00e1s delincuencial r\u00edo que ulula<br \/><\/span><span style=\"color: var( --e-global-color-text ); text-align: var(--text-align);\">pu\u00f1ales\u00a0 en los hambres engendrados.<br \/><\/span><span style=\"color: var( --e-global-color-text ); text-align: var(--text-align);\">no m\u00e1s hermanos en el abandono.<br \/><\/span><span style=\"color: var( --e-global-color-text ); text-align: var(--text-align);\">no m\u00e1s honradas manos sin trabajo.<\/span><\/p><p><span style=\"color: var( --e-global-color-text ); text-align: var(--text-align);\">La patria que les digo, la que ans\u00edo,<br \/><\/span><span style=\"color: var( --e-global-color-text ); text-align: var(--text-align);\">-la que ser\u00e1, pues la defino y canto-,<br \/><\/span><span style=\"color: var( --e-global-color-text ); text-align: var(--text-align);\">por el trabajo es\u00a0 pan, es luz, es gozo:<br \/><\/span><span style=\"color: var( --e-global-color-text ); text-align: var(--text-align);\">no conoce al mendigo ni al par\u00e1sito.<\/span><\/p><p><span style=\"color: var( --e-global-color-text ); text-align: var(--text-align);\">Esta patria es taller, telar; es f\u00e1brica,<br \/><\/span><span style=\"color: var( --e-global-color-text ); text-align: var(--text-align);\">laboratorio, orfebrer\u00eda,\u00a0 andamio.<br \/><\/span><span style=\"color: var( --e-global-color-text ); text-align: var(--text-align);\">Hogar que se construye y embellece<br \/><\/span><span style=\"color: var( --e-global-color-text ); text-align: var(--text-align);\">sin un ocioso ni un privilegiado.<\/span><\/p><p><span style=\"color: var( --e-global-color-text ); text-align: var(--text-align);\">Tejedores, bioqu\u00edmicos, poetas\u2026<br \/><\/span><span style=\"color: var( --e-global-color-text ); text-align: var(--text-align);\">Todo el que puede hacer, est\u00e1 obligado.<br \/><\/span><span style=\"color: var( --e-global-color-text ); text-align: var(--text-align);\">de m\u00fasculos y sienes hay tarea<br \/><\/span><span style=\"color: var( --e-global-color-text ); text-align: var(--text-align);\">con exceso: ninguno se halla holgando.<\/span><\/p><p><span style=\"color: var( --e-global-color-text ); text-align: var(--text-align);\">Tienen madera todos los serruchos,<br \/><\/span><span style=\"color: var( --e-global-color-text ); text-align: var(--text-align);\">Hay para todos los martillos clavo.<br \/><\/span><span style=\"color: var( --e-global-color-text ); text-align: var(--text-align);\">Para toda canci\u00f3n sobran o\u00eddos<br \/><\/span><span style=\"color: var( --e-global-color-text ); text-align: var(--text-align);\">y nunca faltan temas a los bardos.<\/span><\/p><p><span style=\"color: var( --e-global-color-text ); text-align: var(--text-align);\">Democracia opulenta: eres racimo,<br \/><\/span><span style=\"color: var( --e-global-color-text ); text-align: var(--text-align);\">gajo de az\u00facar, fruto sazonado.<br \/><\/span><span style=\"color: var( --e-global-color-text ); text-align: var(--text-align);\">beso de miel tu comuni\u00f3n de hermanos,<br \/><\/span><span style=\"color: var( --e-global-color-text ); text-align: var(--text-align);\">tu\u00a0 popular, tu colectivo abrazo.<\/span><\/p><p><span style=\"color: var( --e-global-color-text ); text-align: var(--text-align);\">La patria que persigo es la justicia<br \/><\/span><span style=\"color: var( --e-global-color-text ); text-align: var(--text-align);\">castigando con blanco, limpio brazo.<br \/><\/span><span style=\"color: var( --e-global-color-text ); text-align: var(--text-align);\">Fusil sin mancha; espada limpia, blanca;<br \/><\/span><span style=\"color: var( --e-global-color-text ); text-align: var(--text-align);\">no ejerce la venganza ni el agravio.<\/span><\/p><p><span style=\"color: var( --e-global-color-text ); text-align: var(--text-align);\">Rompe el cantil, sepulta su veneno<br \/><\/span><span style=\"color: var( --e-global-color-text ); text-align: var(--text-align);\">y para el ciego, para el que ignoraba,<br \/><\/span><span style=\"color: var( --e-global-color-text ); text-align: var(--text-align);\">Ella es perd\u00f3n y vida: Ella es el alba<br \/><\/span><span style=\"color: var( --e-global-color-text ); text-align: var(--text-align);\">de un d\u00eda sin rencor, d\u00eda de hermanos.<\/span><\/p><p><span style=\"color: var( --e-global-color-text ); text-align: var(--text-align);\">De todos lados de la tierra vengan<br \/><\/span><span style=\"color: var( --e-global-color-text ); text-align: var(--text-align);\">con vino y con canci\u00f3n de todos lados,<br \/><\/span><span style=\"color: var( --e-global-color-text ); text-align: var(--text-align);\">y nosotros les demos aborigen<br \/><\/span><span style=\"color: var( --e-global-color-text ); text-align: var(--text-align);\">embriaguez de marimbas, por regalo.<\/span><\/p><p><span style=\"color: var( --e-global-color-text ); text-align: var(--text-align);\">Manos tendidas traigan, y se lleven<br \/><\/span><span style=\"color: var( --e-global-color-text ); text-align: var(--text-align);\">manos tendidas el avi\u00f3n y el barco.<br \/><\/span><span style=\"color: var( --e-global-color-text ); text-align: var(--text-align);\">Puerta es el puerto de la patria, puerta<br \/><\/span><span style=\"color: var( --e-global-color-text ); text-align: var(--text-align);\">que a ninguna bandera est\u00e1 cerrada.<\/span><\/p><p><span style=\"color: var( --e-global-color-text ); text-align: var(--text-align);\">Esta es la patria, esta es la que no existe,<br \/><\/span><span style=\"color: var( --e-global-color-text ); text-align: var(--text-align);\">la que vive en mi sue\u00f1o desvelado:<br \/><\/span><span style=\"color: var( --e-global-color-text ); text-align: var(--text-align);\">La que atisbo y asedio en mis insomnios<br \/><\/span><span style=\"color: var( --e-global-color-text ); text-align: var(--text-align);\">como un puma por hambres asediado.<\/span><\/p><p><span style=\"color: var( --e-global-color-text ); text-align: var(--text-align);\">Esta es la patria, esta es la que me mata.<br \/><\/span><span style=\"color: var( --e-global-color-text ); text-align: var(--text-align);\">La que vida me da con estos cantos.<br \/><\/span><span style=\"color: var( --e-global-color-text ); text-align: var(--text-align);\">\u00a1Que no s\u00e9 si son cantos o son lloros,<br \/><\/span><span style=\"color: var( --e-global-color-text ); text-align: var(--text-align);\">Porque tanto la espero y tarda tanto!<\/span><\/p>\t\t\t\t\t\t\t\t<\/div>\n\t\t\t\t\t<\/div>\n\t\t\t\t<\/div>\n\t\t<div data-particle_enable=\"false\" data-particle-mobile-disabled=\"false\" class=\"elementor-element elementor-element-86a94af e-flex e-con-boxed e-con e-parent\" data-id=\"86a94af\" data-element_type=\"container\" data-e-type=\"container\">\n\t\t\t\t\t<div class=\"e-con-inner\">\n\t\t\t\t<div class=\"elementor-element elementor-element-82f52ec elementor-widget elementor-widget-text-editor\" data-id=\"82f52ec\" data-element_type=\"widget\" data-e-type=\"widget\" data-widget_type=\"text-editor.default\">\n\t\t\t\t\t\t\t\t\t<p><a href=\"https:\/\/omegalfa.es\/downloadfile.php?file=libros\/cuaderno-de-poesia-critica-n-068-julio-fausto-aguilera.pdf\"><b><u>\u00bfDeseas conocer m\u00e1s textos de este autor guatemalteco? Clic en este link. Te encantar\u00e1n y cultivar\u00e1s m\u00e1s tu identidad guatemalteca y art\u00edstica.<\/u><\/b><\/a><\/p>\t\t\t\t\t\t\t\t<\/div>\n\t\t\t\t\t<\/div>\n\t\t\t\t<\/div>\n\t\t<div data-particle_enable=\"false\" data-particle-mobile-disabled=\"false\" class=\"elementor-element elementor-element-37094d9 e-flex e-con-boxed e-con e-parent\" data-id=\"37094d9\" data-element_type=\"container\" data-e-type=\"container\">\n\t\t\t\t\t<div class=\"e-con-inner\">\n\t\t\t\t<div class=\"elementor-element elementor-element-7d8a802 elementor-widget elementor-widget-video\" data-id=\"7d8a802\" data-element_type=\"widget\" data-e-type=\"widget\" data-settings=\"{&quot;youtube_url&quot;:&quot;https:\\\/\\\/youtu.be\\\/9U1JQnagbBM&quot;,&quot;video_type&quot;:&quot;youtube&quot;,&quot;controls&quot;:&quot;yes&quot;}\" data-widget_type=\"video.default\">\n\t\t\t\t\t\t\t<div class=\"elementor-wrapper elementor-open-inline\">\n\t\t\t<div class=\"elementor-video\"><\/div>\t\t<\/div>\n\t\t\t\t\t\t<\/div>\n\t\t\t\t\t<\/div>\n\t\t\t\t<\/div>\n\t\t<div data-particle_enable=\"false\" data-particle-mobile-disabled=\"false\" class=\"elementor-element elementor-element-9edffe4 e-flex e-con-boxed e-con e-parent\" data-id=\"9edffe4\" data-element_type=\"container\" data-e-type=\"container\">\n\t\t\t\t\t<div class=\"e-con-inner\">\n\t\t\t\t<div class=\"elementor-element elementor-element-9c074e9 elementor-widget elementor-widget-heading\" data-id=\"9c074e9\" data-element_type=\"widget\" data-e-type=\"widget\" data-widget_type=\"heading.default\">\n\t\t\t\t\t<h2 class=\"elementor-heading-title elementor-size-default\">M\u00e1s inspiraci\u00f3n guatemalteca<\/h2>\t\t\t\t<\/div>\n\t\t\t\t\t<\/div>\n\t\t\t\t<\/div>\n\t\t<div data-particle_enable=\"false\" data-particle-mobile-disabled=\"false\" class=\"elementor-element elementor-element-f9b26ad e-flex e-con-boxed e-con e-parent\" data-id=\"f9b26ad\" data-element_type=\"container\" data-e-type=\"container\">\n\t\t\t\t\t<div class=\"e-con-inner\">\n\t\t\t\t<div class=\"elementor-element elementor-element-d34e5ad elementor-grid-eael-col-3 elementor-grid-tablet-eael-col-2 elementor-grid-mobile-eael-col-1 elementor-widget elementor-widget-eael-post-grid\" data-id=\"d34e5ad\" data-element_type=\"widget\" data-e-type=\"widget\" data-settings=\"{&quot;eael_post_grid_columns&quot;:&quot;eael-col-3&quot;,&quot;eael_post_grid_columns_tablet&quot;:&quot;eael-col-2&quot;,&quot;eael_post_grid_columns_mobile&quot;:&quot;eael-col-1&quot;}\" data-widget_type=\"eael-post-grid.default\">\n\t\t\t\t\t<div id=\"eael-post-grid-d34e5ad\" class=\"eael-post-grid-container\">\n            <div class=\"eael-post-grid eael-post-appender eael-post-appender-d34e5ad eael-post-grid-style-one\" data-layout-mode=\"masonry\"><article class=\"eael-grid-post  eael-post-grid-column eael-pg-post-19798 category-estamos-unidos\" data-id=\"19798\">\n        <div class=\"eael-grid-post-holder\">\n            <div class=\"eael-grid-post-holder-inner\"><div class=\"eael-entry-media\"><div class=\"eael-entry-overlay fade-in\"><i class=\"far fa-hand-pointer\" aria-hidden=\"true\"><\/i><a href=\"https:\/\/soymigrante.com\/revista\/viajero-guatemalteco-leonel-ponce-presentara-su-libro-el-camino-de-las-estrellas-en-rhode-island\/\"><\/a><\/div><div class=\"eael-entry-thumbnail \">\n                <img decoding=\"async\" width=\"823\" height=\"823\" src=\"https:\/\/soymigrante.com\/revista\/wp-content\/uploads\/2025\/01\/leonel-ponce.webp\" class=\"attachment-large size-large wp-image-19799\" alt=\"Bicicleta de monta\u00f1a levantada en el aire frente a una iglesia hist\u00f3rica, ciclista sonriente con gafas deportivas y bandera, grupo de ciclistas en la plaza, deporte y aventura en espacios urbanos y culturales.\" srcset=\"https:\/\/soymigrante.com\/revista\/wp-content\/uploads\/2025\/01\/leonel-ponce.webp 823w, https:\/\/soymigrante.com\/revista\/wp-content\/uploads\/2025\/01\/leonel-ponce-300x300.jpg 300w, https:\/\/soymigrante.com\/revista\/wp-content\/uploads\/2025\/01\/leonel-ponce-150x150.jpg 150w, https:\/\/soymigrante.com\/revista\/wp-content\/uploads\/2025\/01\/leonel-ponce-768x768.jpg 768w, https:\/\/soymigrante.com\/revista\/wp-content\/uploads\/2025\/01\/leonel-ponce-75x75.webp 75w, https:\/\/soymigrante.com\/revista\/wp-content\/uploads\/2025\/01\/leonel-ponce-750x750.webp 750w\" sizes=\"(max-width: 823px) 100vw, 823px\" \/>\n            <\/div>\n        <\/div><div class=\"eael-entry-wrapper\"><header class=\"eael-entry-header\"><h2 class=\"eael-entry-title\"><a class=\"eael-grid-post-link\" href=\"https:\/\/soymigrante.com\/revista\/viajero-guatemalteco-leonel-ponce-presentara-su-libro-el-camino-de-las-estrellas-en-rhode-island\/\" title=\"Escritor guatemalteco Leonel Ponce presenta su libro El Camino de las Estrellas en Rhode Island\">Escritor guatemalteco Leonel Ponce presenta su libro El Camino de las Estrellas en Rhode Island<\/a><\/h2><\/header><div class=\"eael-entry-content\">\n                        <div class=\"eael-grid-post-excerpt\"><a href=\"https:\/\/soymigrante.com\/revista\/viajero-guatemalteco-leonel-ponce-presentara-su-libro-el-camino-de-las-estrellas-en-rhode-island\/\" class=\"eael-post-elements-readmore-btn\">CONOCE SU HISTORIA <\/a><\/div>\n                    <\/div><\/div><\/div>\n        <\/div>\n    <\/article><article class=\"eael-grid-post  eael-post-grid-column eael-pg-post-6891 category-guate-nuestra\" data-id=\"6891\">\n        <div class=\"eael-grid-post-holder\">\n            <div class=\"eael-grid-post-holder-inner\"><div class=\"eael-entry-media\"><div class=\"eael-entry-overlay fade-in\"><i class=\"far fa-hand-pointer\" aria-hidden=\"true\"><\/i><a href=\"https:\/\/soymigrante.com\/revista\/poema-a-tecun-uman-de-miguel-angel-asturias-premio-nobel-1967\/\"><\/a><\/div><div class=\"eael-entry-thumbnail \">\n                <img decoding=\"async\" width=\"657\" height=\"657\" src=\"https:\/\/soymigrante.com\/revista\/wp-content\/uploads\/2024\/06\/Captura-de-pantalla-2024-06-08-211636.webp\" class=\"attachment-large size-large wp-image-6892\" alt=\"120 a\u00f1os de Miguel \u00c1ngel Asturias Premio Nobel Guatemalteco: lee y oye su poema Tec\u00fan Um\u00e1n\" srcset=\"https:\/\/soymigrante.com\/revista\/wp-content\/uploads\/2024\/06\/Captura-de-pantalla-2024-06-08-211636.webp 657w, https:\/\/soymigrante.com\/revista\/wp-content\/uploads\/2024\/06\/Captura-de-pantalla-2024-06-08-211636-300x300.webp 300w, https:\/\/soymigrante.com\/revista\/wp-content\/uploads\/2024\/06\/Captura-de-pantalla-2024-06-08-211636-150x150.webp 150w, https:\/\/soymigrante.com\/revista\/wp-content\/uploads\/2024\/06\/Captura-de-pantalla-2024-06-08-211636-75x75.webp 75w\" sizes=\"(max-width: 657px) 100vw, 657px\" \/>\n            <\/div>\n        <\/div><div class=\"eael-entry-wrapper\"><header class=\"eael-entry-header\"><h2 class=\"eael-entry-title\"><a class=\"eael-grid-post-link\" href=\"https:\/\/soymigrante.com\/revista\/poema-a-tecun-uman-de-miguel-angel-asturias-premio-nobel-1967\/\" title=\"120 a\u00f1os de Miguel \u00c1ngel Asturias  Premio Nobel Guatemalteco: lee y oye su poema Tec\u00fan Um\u00e1n\">120 a\u00f1os de Miguel \u00c1ngel Asturias  Premio Nobel Guatemalteco: lee y oye su poema Tec\u00fan Um\u00e1n<\/a><\/h2><\/header><div class=\"eael-entry-content\">\n                        <div class=\"eael-grid-post-excerpt\"><a href=\"https:\/\/soymigrante.com\/revista\/poema-a-tecun-uman-de-miguel-angel-asturias-premio-nobel-1967\/\" class=\"eael-post-elements-readmore-btn\">CONOCE SU HISTORIA <\/a><\/div>\n                    <\/div><\/div><\/div>\n        <\/div>\n    <\/article><article class=\"eael-grid-post  eael-post-grid-column eael-pg-post-10466 category-guate-nuestra tags-mercado-emprendedores\" data-id=\"10466\">\n        <div class=\"eael-grid-post-holder\">\n            <div class=\"eael-grid-post-holder-inner\"><div class=\"eael-entry-media\"><div class=\"eael-entry-overlay fade-in\"><i class=\"far fa-hand-pointer\" aria-hidden=\"true\"><\/i><a href=\"https:\/\/soymigrante.com\/revista\/escritor-manuel-orantes-alvarez-confecciona-relatos-que-invitan-al-cambio\/\"><\/a><\/div><div class=\"eael-entry-thumbnail \">\n                <img loading=\"lazy\" decoding=\"async\" width=\"860\" height=\"860\" src=\"https:\/\/soymigrante.com\/revista\/wp-content\/uploads\/2024\/10\/manuel-orantes-guatemalteco-escritor-migrante-3.webp\" class=\"attachment-large size-large wp-image-10542\" alt=\"Discurso de migrante latinoamericano en parque p\u00fablico, promoviendo integraci\u00f3n y cultura, con libro en mano, vestido con camiseta azul y sombrero colorido.\" srcset=\"https:\/\/soymigrante.com\/revista\/wp-content\/uploads\/2024\/10\/manuel-orantes-guatemalteco-escritor-migrante-3.webp 860w, https:\/\/soymigrante.com\/revista\/wp-content\/uploads\/2024\/10\/manuel-orantes-guatemalteco-escritor-migrante-3-300x300.webp 300w, https:\/\/soymigrante.com\/revista\/wp-content\/uploads\/2024\/10\/manuel-orantes-guatemalteco-escritor-migrante-3-150x150.webp 150w, https:\/\/soymigrante.com\/revista\/wp-content\/uploads\/2024\/10\/manuel-orantes-guatemalteco-escritor-migrante-3-768x768.webp 768w, https:\/\/soymigrante.com\/revista\/wp-content\/uploads\/2024\/10\/manuel-orantes-guatemalteco-escritor-migrante-3-75x75.webp 75w, https:\/\/soymigrante.com\/revista\/wp-content\/uploads\/2024\/10\/manuel-orantes-guatemalteco-escritor-migrante-3-750x750.webp 750w\" sizes=\"(max-width: 860px) 100vw, 860px\" \/>\n            <\/div>\n        <\/div><div class=\"eael-entry-wrapper\"><header class=\"eael-entry-header\"><h2 class=\"eael-entry-title\"><a class=\"eael-grid-post-link\" href=\"https:\/\/soymigrante.com\/revista\/escritor-manuel-orantes-alvarez-confecciona-relatos-que-invitan-al-cambio\/\" title=\"Escritor Manuel Orantes-\u00c1lvarez crea relatos que invitan a la transformaci\u00f3n personal\">Escritor Manuel Orantes-\u00c1lvarez crea relatos que invitan a la transformaci\u00f3n personal<\/a><\/h2><\/header><div class=\"eael-entry-content\">\n                        <div class=\"eael-grid-post-excerpt\"><a href=\"https:\/\/soymigrante.com\/revista\/escritor-manuel-orantes-alvarez-confecciona-relatos-que-invitan-al-cambio\/\" class=\"eael-post-elements-readmore-btn\">CONOCE SU HISTORIA <\/a><\/div>\n                    <\/div><\/div><\/div>\n        <\/div>\n    <\/article><\/div>\n            <div class=\"clearfix\"><\/div>\n        <\/div>\t\t\t\t<\/div>\n\t\t\t\t\t<\/div>\n\t\t\t\t<\/div>\n\t\t\t\t<\/div>\n\t\t","protected":false},"excerpt":{"rendered":"<p>Julio Fausto Aguilera, un poeta guatemalteco nacido en Jalapa en 1928. Destac\u00f3 en cert\u00e1menes y public\u00f3 varios libros. Uno de sus poemas m\u00e1s famosos es La patria que yo ans\u00edo. En el mes del libro y la lectura lo presentamos aqu\u00ed. El mes de abril es dedicado internacionalmente al libro y la lectura. Por ello [&hellip;]<\/p>\n","protected":false},"author":1,"featured_media":29945,"comment_status":"open","ping_status":"open","sticky":false,"template":"","format":"standard","meta":{"_acf_changed":false,"_eb_attr":"","footnotes":""},"categories":[56],"tags":[],"class_list":["post-29941","post","type-post","status-publish","format-standard","has-post-thumbnail","hentry","category-lugar-de-voces"],"acf":[],"aioseo_notices":[],"aioseo_head":"\n\t\t<!-- All in One SEO Pro 4.9.6.2 - aioseo.com -->\n\t<meta name=\"description\" content=\"Escritor guatemalteco Carlos Orantes-\u00c1lvarez fue migrante en EE.UU. y vendr\u00e1 su libro Historia de un amor expatriado en SoyMigrante.comMERCADO.\" \/>\n\t<meta name=\"robots\" content=\"max-snippet:-1, max-image-preview:large, max-video-preview:-1\" \/>\n\t<meta name=\"author\" content=\"Gustavo Montenegro\"\/>\n\t<link rel=\"canonical\" href=\"https:\/\/soymigrante.com\/revista\/escritor-manuel-orantes-alvarez-confecciona-relatos-que-invitan-al-cambio\/\" \/>\n\t<meta name=\"generator\" content=\"All in One SEO Pro (AIOSEO) 4.9.6.2\" \/>\n\n\t\t<link rel=\"preconnect\" href=\"https:\/\/fonts.googleapis.com\" crossorigin>\n<link rel=\"preconnect\" href=\"https:\/\/fonts.gstatic.com\" crossorigin>\n\t\t<meta property=\"og:locale\" content=\"es_ES\" \/>\n\t\t<meta property=\"og:site_name\" content=\"SoyMigrante.com REVISTA \u2013 Nuestra misi\u00f3n es reconocer y dignificar al migrante.\" \/>\n\t\t<meta property=\"og:type\" content=\"article\" \/>\n\t\t<meta property=\"og:title\" content=\"Escritor Manuel Orantes-\u00c1lvarez crea relatos de transformaci\u00f3n\" \/>\n\t\t<meta property=\"og:description\" content=\"Escritor guatemalteco Carlos Orantes-\u00c1lvarez fue migrante en EE.UU. y vendr\u00e1 su libro Historia de un amor expatriado en SoyMigrante.comMERCADO.\" \/>\n\t\t<meta property=\"og:url\" content=\"https:\/\/soymigrante.com\/revista\/escritor-manuel-orantes-alvarez-confecciona-relatos-que-invitan-al-cambio\/\" \/>\n\t\t<meta property=\"og:image\" content=\"https:\/\/soymigrante.com\/revista\/wp-content\/uploads\/2024\/10\/manuel-orantes-guatemalteco-escritor-migrante-3.webp\" \/>\n\t\t<meta property=\"og:image:secure_url\" content=\"https:\/\/soymigrante.com\/revista\/wp-content\/uploads\/2024\/10\/manuel-orantes-guatemalteco-escritor-migrante-3.webp\" \/>\n\t\t<meta property=\"og:image:width\" content=\"860\" \/>\n\t\t<meta property=\"og:image:height\" content=\"860\" \/>\n\t\t<meta property=\"article:published_time\" content=\"2024-10-18T18:15:26+00:00\" \/>\n\t\t<meta property=\"article:modified_time\" content=\"2025-01-21T20:21:48+00:00\" \/>\n\t\t<meta property=\"article:publisher\" content=\"https:\/\/www.facebook.com\/soymigrantecom\" \/>\n\t\t<meta name=\"twitter:card\" content=\"summary_large_image\" \/>\n\t\t<meta name=\"twitter:site\" content=\"@SoyMigrante_com\" \/>\n\t\t<meta name=\"twitter:title\" content=\"Escritor Manuel Orantes-\u00c1lvarez crea relatos de transformaci\u00f3n\" \/>\n\t\t<meta name=\"twitter:description\" content=\"Escritor guatemalteco Carlos Orantes-\u00c1lvarez fue migrante en EE.UU. y vendr\u00e1 su libro Historia de un amor expatriado en SoyMigrante.comMERCADO.\" \/>\n\t\t<meta name=\"twitter:creator\" content=\"@SoyMigrante_com\" \/>\n\t\t<meta name=\"twitter:image\" content=\"https:\/\/soymigrante.com\/revista\/wp-content\/uploads\/2024\/10\/manuel-orantes-guatemalteco-escritor-migrante-3.webp\" \/>\n\t\t<!-- All in One SEO Pro -->\r\n\t\t<title>Escritor Manuel Orantes-\u00c1lvarez crea relatos de transformaci\u00f3n<\/title>\n\n","aioseo_head_json":{"title":"Escritor Manuel Orantes-\u00c1lvarez crea relatos de transformaci\u00f3n","description":"Escritor guatemalteco Carlos Orantes-\u00c1lvarez fue migrante en EE.UU. y vendr\u00e1 su libro Historia de un amor expatriado en SoyMigrante.comMERCADO.","canonical_url":"https:\/\/soymigrante.com\/revista\/escritor-manuel-orantes-alvarez-confecciona-relatos-que-invitan-al-cambio\/","robots":"max-snippet:-1, max-image-preview:large, max-video-preview:-1","keywords":"","webmasterTools":{"miscellaneous":"&lt;link rel=\"preconnect\" href=\"https:\/\/fonts.googleapis.com\" crossorigin&gt;\n&lt;link rel=\"preconnect\" href=\"https:\/\/fonts.gstatic.com\" crossorigin&gt;"},"schema":null,"og:locale":"es_ES","og:site_name":"SoyMigrante.com REVISTA \u2013 Nuestra misi\u00f3n es reconocer y dignificar al migrante.","og:type":"article","og:title":"Escritor Manuel Orantes-\u00c1lvarez crea relatos de transformaci\u00f3n","og:description":"Escritor guatemalteco Carlos Orantes-\u00c1lvarez fue migrante en EE.UU. y vendr\u00e1 su libro Historia de un amor expatriado en SoyMigrante.comMERCADO.","og:url":"https:\/\/soymigrante.com\/revista\/escritor-manuel-orantes-alvarez-confecciona-relatos-que-invitan-al-cambio\/","og:image":"https:\/\/soymigrante.com\/revista\/wp-content\/uploads\/2024\/10\/manuel-orantes-guatemalteco-escritor-migrante-3.webp","og:image:secure_url":"https:\/\/soymigrante.com\/revista\/wp-content\/uploads\/2024\/10\/manuel-orantes-guatemalteco-escritor-migrante-3.webp","og:image:width":860,"og:image:height":860,"article:published_time":"2024-10-18T18:15:26+00:00","article:modified_time":"2025-01-21T20:21:48+00:00","article:publisher":"https:\/\/www.facebook.com\/soymigrantecom","twitter:card":"summary_large_image","twitter:site":"@SoyMigrante_com","twitter:title":"Escritor Manuel Orantes-\u00c1lvarez crea relatos de transformaci\u00f3n","twitter:description":"Escritor guatemalteco Carlos Orantes-\u00c1lvarez fue migrante en EE.UU. y vendr\u00e1 su libro Historia de un amor expatriado en SoyMigrante.comMERCADO.","twitter:creator":"@SoyMigrante_com","twitter:image":"https:\/\/soymigrante.com\/revista\/wp-content\/uploads\/2024\/10\/manuel-orantes-guatemalteco-escritor-migrante-3.webp"},"aioseo_meta_data":{"post_id":"29941","title":"La patria que yo ans\u00edo, del guatemalteco Julio Fausto Aguilera","description":"\"La patria es una casa\" dice este inspirador poema del guatemalteco Julio Fausto Aguilera (1928-2018). Premio Nacional de Literatura 2002. Muri\u00f3 en un asilo.","keywords":null,"keyphrases":{"focus":{"keyphrase":"Lectura","score":54,"analysis":{"keyphraseInTitle":{"score":3,"maxScore":9,"error":1},"keyphraseInDescription":{"score":3,"maxScore":9,"error":1},"keyphraseLength":{"score":9,"maxScore":9,"error":0,"length":1},"keyphraseInURL":{"score":1,"maxScore":5,"error":1},"keyphraseInIntroduction":{"score":9,"maxScore":9,"error":0},"keyphraseInSubHeadings":{"score":9,"maxScore":9,"error":0},"keyphraseInImageAlt":{"score":3,"maxScore":9,"error":1},"keywordDensity":{"score":0,"type":"low","maxScore":9,"error":1}}},"additional":[{"keyphrase":"Poema","score":73,"analysis":{"keyphraseInDescription":{"score":9,"maxScore":9,"error":0},"keyphraseLength":{"score":9,"maxScore":9,"error":0,"length":1},"keyphraseInIntroduction":{"score":3,"maxScore":9,"error":1},"keyphraseInImageAlt":{"score":3,"maxScore":9,"error":1},"keywordDensity":{"type":"best","score":9,"maxScore":9,"error":0}}},{"keyphrase":"Patria","score":73,"analysis":{"keyphraseInDescription":{"score":9,"maxScore":9,"error":0},"keyphraseLength":{"score":9,"maxScore":9,"error":0,"length":1},"keyphraseInIntroduction":{"score":3,"maxScore":9,"error":1},"keyphraseInImageAlt":{"score":3,"maxScore":9,"error":1},"keywordDensity":{"type":"best","score":9,"maxScore":9,"error":0}}}]},"primary_term":null,"canonical_url":null,"og_title":null,"og_description":null,"og_object_type":"default","og_image_type":"default","og_image_url":null,"og_image_width":null,"og_image_height":null,"og_image_custom_url":null,"og_image_custom_fields":null,"og_video":"","og_custom_url":null,"og_article_section":null,"og_article_tags":null,"twitter_use_og":false,"twitter_card":"default","twitter_image_type":"default","twitter_image_url":null,"twitter_image_custom_url":null,"twitter_image_custom_fields":null,"twitter_title":null,"twitter_description":null,"schema":{"blockGraphs":[],"customGraphs":[],"default":{"data":{"Article":[],"Course":[],"Dataset":[],"FAQPage":[],"Movie":[],"Person":[],"Product":[],"ProductReview":[],"Car":[],"Recipe":[],"Service":[],"SoftwareApplication":[],"WebPage":[]},"graphName":"BlogPosting","isEnabled":true},"graphs":[]},"schema_type":"default","schema_type_options":null,"pillar_content":false,"robots_default":true,"robots_noindex":false,"robots_noarchive":false,"robots_nosnippet":false,"robots_nofollow":false,"robots_noimageindex":false,"robots_noodp":false,"robots_notranslate":false,"robots_max_snippet":"-1","robots_max_videopreview":"-1","robots_max_imagepreview":"large","priority":null,"frequency":"default","local_seo":null,"seo_analyzer_scan_date":"2025-10-09 03:59:46","breadcrumb_settings":null,"limit_modified_date":false,"reviewed_by":null,"open_ai":"{\"title\":{\"suggestions\":[],\"usage\":0},\"description\":{\"suggestions\":[],\"usage\":0}}","ai":null,"created":"2025-04-02 18:30:34","updated":"2026-02-04 22:39:02"},"aioseo_breadcrumb":"<div class=\"aioseo-breadcrumbs\"><span class=\"aioseo-breadcrumb\">\n\t<a href=\"https:\/\/soymigrante.com\/revista\" title=\"Home\">Home<\/a>\n<\/span><span class=\"aioseo-breadcrumb-separator\">\u00bb<\/span><span class=\"aioseo-breadcrumb\">\n\t<a href=\"https:\/\/soymigrante.com\/revista\/category\/estamos-unidos\/\" title=\"Estamos Unidos\">Estamos Unidos<\/a>\n<\/span><span class=\"aioseo-breadcrumb-separator\">\u00bb<\/span><span class=\"aioseo-breadcrumb\">\n\t<a href=\"https:\/\/soymigrante.com\/revista\/category\/estamos-unidos\/lugar-de-voces\/\" title=\"Lugar de Voces\">Lugar de Voces<\/a>\n<\/span><span class=\"aioseo-breadcrumb-separator\">\u00bb<\/span><span class=\"aioseo-breadcrumb\">\n\tLa patria que yo ans\u00edo, poema de Julio Fausto Aguilera (1928-2018)\n<\/span><\/div>","aioseo_breadcrumb_json":[{"label":"Home","link":"https:\/\/soymigrante.com\/revista"},{"label":"Estamos Unidos","link":"https:\/\/soymigrante.com\/revista\/category\/estamos-unidos\/"},{"label":"Lugar de Voces","link":"https:\/\/soymigrante.com\/revista\/category\/estamos-unidos\/lugar-de-voces\/"},{"label":"La patria que yo ans\u00edo, poema de Julio Fausto Aguilera (1928-2018)","link":"https:\/\/soymigrante.com\/revista\/mes-del-libro-julio-fausto-aguilera-escritor-guatemalteco-patria-ansio\/"}],"_links":{"self":[{"href":"https:\/\/soymigrante.com\/revista\/wp-json\/wp\/v2\/posts\/29941","targetHints":{"allow":["GET"]}}],"collection":[{"href":"https:\/\/soymigrante.com\/revista\/wp-json\/wp\/v2\/posts"}],"about":[{"href":"https:\/\/soymigrante.com\/revista\/wp-json\/wp\/v2\/types\/post"}],"author":[{"embeddable":true,"href":"https:\/\/soymigrante.com\/revista\/wp-json\/wp\/v2\/users\/1"}],"replies":[{"embeddable":true,"href":"https:\/\/soymigrante.com\/revista\/wp-json\/wp\/v2\/comments?post=29941"}],"version-history":[{"count":0,"href":"https:\/\/soymigrante.com\/revista\/wp-json\/wp\/v2\/posts\/29941\/revisions"}],"wp:featuredmedia":[{"embeddable":true,"href":"https:\/\/soymigrante.com\/revista\/wp-json\/wp\/v2\/media\/29945"}],"wp:attachment":[{"href":"https:\/\/soymigrante.com\/revista\/wp-json\/wp\/v2\/media?parent=29941"}],"wp:term":[{"taxonomy":"category","embeddable":true,"href":"https:\/\/soymigrante.com\/revista\/wp-json\/wp\/v2\/categories?post=29941"},{"taxonomy":"post_tag","embeddable":true,"href":"https:\/\/soymigrante.com\/revista\/wp-json\/wp\/v2\/tags?post=29941"}],"curies":[{"name":"wp","href":"https:\/\/api.w.org\/{rel}","templated":true}]}}