{"id":29859,"date":"2025-04-01T17:44:44","date_gmt":"2025-04-01T23:44:44","guid":{"rendered":"https:\/\/soymigrante.com\/revista\/?p=29859"},"modified":"2025-07-25T18:40:58","modified_gmt":"2025-07-26T00:40:58","slug":"cosmica-es-un-prisma-de-colorida-tradicion-textil-maya-y-esta-en-mercado","status":"publish","type":"post","link":"https:\/\/soymigrante.com\/revista\/cosmica-es-un-prisma-de-colorida-tradicion-textil-maya-y-esta-en-mercado\/","title":{"rendered":"C\u00f3smica es un prisma  de colorida tradici\u00f3n textil maya y est\u00e1 en MERCADO"},"content":{"rendered":"\t\t<div data-elementor-type=\"wp-post\" data-elementor-id=\"29859\" class=\"elementor elementor-29859\" data-elementor-post-type=\"post\">\n\t\t\t\t<div data-particle_enable=\"false\" data-particle-mobile-disabled=\"false\" class=\"elementor-element elementor-element-1b09bb7 e-flex e-con-boxed e-con e-parent\" data-id=\"1b09bb7\" data-element_type=\"container\" data-e-type=\"container\">\n\t\t\t\t\t<div class=\"e-con-inner\">\n\t\t\t\t<div class=\"elementor-element elementor-element-7795db8 elementor-widget elementor-widget-heading\" data-id=\"7795db8\" data-element_type=\"widget\" data-e-type=\"widget\" data-widget_type=\"heading.default\">\n\t\t\t\t\t<h2 class=\"elementor-heading-title elementor-size-default\">Cuarta generaci\u00f3n de una familia de artistas y emprendedores de Huehuetenango, Prisma L\u00f3pez Palma vende indumentaria y textiles creados por artesanos del Occidente a trav\u00e9s de su tienda C\u00f3smica, que ahora est\u00e1 disponible en SoyMigrante.com MERCADO.\n<\/h2>\t\t\t\t<\/div>\n\t\t\t\t<div class=\"elementor-element elementor-element-a56895c elementor-widget elementor-widget-html\" data-id=\"a56895c\" data-element_type=\"widget\" data-e-type=\"widget\" data-widget_type=\"html.default\">\n\t\t\t\t\t<div id=\"buzzsprout-player-16901321\"><\/div><script src=\"https:\/\/www.buzzsprout.com\/2444168\/episodes\/16901321-cosmica-y-la-tradicion-textil-maya-emprendimiento-de-prisma-lopez-palma-en-huehuetenango.js?container_id=buzzsprout-player-16901321&player=small\" type=\"text\/javascript\" charset=\"utf-8\"><\/script>\t\t\t\t<\/div>\n\t\t\t\t\t<\/div>\n\t\t\t\t<\/div>\n\t\t<div data-particle_enable=\"false\" data-particle-mobile-disabled=\"false\" class=\"elementor-element elementor-element-1a1fb47 e-flex e-con-boxed e-con e-parent\" data-id=\"1a1fb47\" data-element_type=\"container\" data-e-type=\"container\">\n\t\t\t\t\t<div class=\"e-con-inner\">\n\t\t\t\t<div class=\"elementor-element elementor-element-57b117a elementor-widget elementor-widget-text-editor\" data-id=\"57b117a\" data-element_type=\"widget\" data-e-type=\"widget\" data-widget_type=\"text-editor.default\">\n\t\t\t\t\t\t\t\t\t<p>En el municipio de Huehuetenango, donde las monta\u00f1as y comunidades susurran historias ancestrales, naci\u00f3 <a href=\"https:\/\/soymigrante.com\/mercado\/marketplace\/cosmica\">C\u00f3smica<\/a>, una tienda de artesan\u00edas textiles fundada por Prisma L\u00f3pez Palma, quien sigue una tradici\u00f3n de emprendimiento que viene de sus padres, abuela y bisabuela. Es decir, Prisma es la cuarta generaci\u00f3n de emprendimiento, aunque con una nueva visi\u00f3n innovadora.\u00a0\u00a0<\/p><p>C\u00f3smica tiene un local f\u00edsico, ya contaba con presencia en redes sociales, pero<a href=\"https:\/\/soymigrante.com\/mercado\/marketplace\/cosmica\"> su tienda digital ya se encuentra abierta en SoyMigrante.com Mercado,<\/a> la comunidad\u00a0<span style=\"color: var( --e-global-color-text ); text-align: var(--text-align);\">en l\u00ednea creada para que emprendedores y compradores guatemaltecos se encuentren: un proyecto activo, proactivo e innovador para peque\u00f1os negocios y creadores de productos elaborados a mano, detr\u00e1s de los cuales siempre hay una historia.\u00a0<\/span><\/p><p><span style=\"color: var( --e-global-color-text ); text-align: var(--text-align);\">Prisma nombr\u00f3 C\u00f3smica a su\u00a0 emprendimiento porque valora profundamente la simbolog\u00eda y el esfuerzo detr\u00e1s de cada textil de<a href=\"https:\/\/soymigrante.com\/revista\/category\/guate-nuestra\/pueblos-de-guatemala\/\"> los pueblos mayas de Guatemala:<\/a> &#8220;Hay toda una cosmovisi\u00f3n en los colores, las figuras, las t\u00e9cnicas de tejido. En mi familia, ni mi abuela ni mi mam\u00e1 tej\u00edan ni bordaban. Pero a m\u00ed me naci\u00f3 el deseo de aprender&#8230; Y mientras m\u00e1s aprendo, m\u00e1s me maravillo y admiro este legado ancestral. Y como se basa en una cosmovisi\u00f3n, le puse C\u00f3smica a la tienda&#8221;, relata.\u00a0<\/span><\/p><p><span style=\"color: var( --e-global-color-text ); text-align: var(--text-align);\">Y esta es su historia.<\/span><\/p>\t\t\t\t\t\t\t\t<\/div>\n\t\t\t\t\t<\/div>\n\t\t\t\t<\/div>\n\t\t<div data-particle_enable=\"false\" data-particle-mobile-disabled=\"false\" class=\"elementor-element elementor-element-f171303 e-flex e-con-boxed e-con e-parent\" data-id=\"f171303\" data-element_type=\"container\" data-e-type=\"container\">\n\t\t\t\t\t<div class=\"e-con-inner\">\n\t\t\t\t<div class=\"elementor-element elementor-element-29e3553 elementor-widget elementor-widget-image\" data-id=\"29e3553\" data-element_type=\"widget\" data-e-type=\"widget\" data-widget_type=\"image.default\">\n\t\t\t\t\t\t\t\t\t\t\t\t<figure class=\"wp-caption\">\n\t\t\t\t\t\t\t\t\t\t\t<a href=\"https:\/\/soymigrante.com\/mercado\/marketplace\/cosmica\">\n\t\t\t\t\t\t\t<img fetchpriority=\"high\" decoding=\"async\" width=\"768\" height=\"448\" src=\"https:\/\/soymigrante.com\/revista\/wp-content\/uploads\/2025\/04\/cosmica-soymigrante-mercado.webp\" class=\"attachment-large size-large wp-image-29869\" alt=\"Colores vibrantes textiles artesanales de Guatemala en Revista SoyMigrante, promoci\u00f3n de productos de artesan\u00eda maya y cultura guatemalteca.\" srcset=\"https:\/\/soymigrante.com\/revista\/wp-content\/uploads\/2025\/04\/cosmica-soymigrante-mercado.webp 997w, https:\/\/soymigrante.com\/revista\/wp-content\/uploads\/2025\/04\/cosmica-soymigrante-mercado-300x175.png 300w, https:\/\/soymigrante.com\/revista\/wp-content\/uploads\/2025\/04\/cosmica-soymigrante-mercado-768x448.png 768w, https:\/\/soymigrante.com\/revista\/wp-content\/uploads\/2025\/04\/cosmica-soymigrante-mercado-750x438.webp 750w\" sizes=\"(max-width: 768px) 100vw, 768px\" title=\"La tienda digital C\u00f3smica, de Huehuetenango ya se encuentra abierta en SoyMigrante.com MERCADO \u2013 SoyMigrante.com REVISTA\" \/>\t\t\t\t\t\t\t\t<\/a>\n\t\t\t\t\t\t\t\t\t\t\t<figcaption class=\"widget-image-caption wp-caption-text\">Textiles tradicionales de Guatemala en Revista SoyMigrante, destacando artesan\u00edas y cultura maya para promover el turismo y comercio local.<\/figcaption>\n\t\t\t\t\t\t\t\t\t\t<\/figure>\n\t\t\t\t\t\t\t\t\t<\/div>\n\t\t\t\t\t<\/div>\n\t\t\t\t<\/div>\n\t\t<div data-particle_enable=\"false\" data-particle-mobile-disabled=\"false\" class=\"elementor-element elementor-element-b47e74c e-flex e-con-boxed e-con e-parent\" data-id=\"b47e74c\" data-element_type=\"container\" data-e-type=\"container\">\n\t\t\t\t\t<div class=\"e-con-inner\">\n\t\t\t\t<div class=\"elementor-element elementor-element-843c459 elementor-widget elementor-widget-heading\" data-id=\"843c459\" data-element_type=\"widget\" data-e-type=\"widget\" data-widget_type=\"heading.default\">\n\t\t\t\t\t<h3 class=\"elementor-heading-title elementor-size-default\">Conocer la labor textil le hace valorarla m\u00e1s<\/h3>\t\t\t\t<\/div>\n\t\t\t\t\t<\/div>\n\t\t\t\t<\/div>\n\t\t<div data-particle_enable=\"false\" data-particle-mobile-disabled=\"false\" class=\"elementor-element elementor-element-0b988b9 e-flex e-con-boxed e-con e-parent\" data-id=\"0b988b9\" data-element_type=\"container\" data-e-type=\"container\">\n\t\t\t\t\t<div class=\"e-con-inner\">\n\t\t\t\t<div class=\"elementor-element elementor-element-9009070 elementor-widget elementor-widget-text-editor\" data-id=\"9009070\" data-element_type=\"widget\" data-e-type=\"widget\" data-widget_type=\"text-editor.default\">\n\t\t\t\t\t\t\t\t\t<p><span style=\"color: var( --e-global-color-text ); text-align: var(--text-align);\">Prisma proviene de una familia de gran vocaci\u00f3n art\u00edstica. Su padre, Fabio L\u00f3pez, es ebanista y escultor, mientras que su mam\u00e1, Dora Palma, es poeta y emprendedora. Ambos influyeron decisivamente en su vida y en su visi\u00f3n del arte. &#8220;Desde peque\u00f1a, he sido muy curiosa. Mi pap\u00e1 y mam\u00e1 siempre buscaron estimular mi creatividad y valorar la cultura&#8221;, comenta Prisma.\u00a0\u00a0<\/span><\/p><p>Do\u00f1a Dora, tambi\u00e9n comerciante de textiles mayas, le ense\u00f1\u00f3 <a href=\"https:\/\/soymigrante.com\/revista\/el-lenguaje-sagrado-de-los-textiles-mayas-y-sus-significados\/\">el valor de los tejidos, el significado profundo de los huipiles y la visi\u00f3n de la vida<\/a> que representan.<\/p><p>Prisma recuerda c\u00f3mo desde ni\u00f1a se sinti\u00f3 atra\u00edda por las t\u00e9cnicas de bordado y tejido. &#8220;Me naci\u00f3 el deseo de aprender a tejer, de crear. Era una curiosidad que no pod\u00eda evitar&#8221;, dice, con una sonrisa que refleja el amor por lo que hace. Aunque inicialmente aprendi\u00f3 a tejer y bordar de forma autodidacta, Prisma reconoce que las ense\u00f1anzas de tejedoras expertas enriquecieron su habilidad y su vida.\u00a0\u00a0<\/p><p>Varios integrantes de la familia tienen sus tiendas de textiles. Prisma quer\u00eda diferenciarse. &#8220;As\u00ed como un prisma divide la luz en siete colores, yo quer\u00eda tener mi propia identidad, sin perder de vista las ra\u00edces&#8221;, cuenta.\u00a0\u00a0<\/p>\t\t\t\t\t\t\t\t<\/div>\n\t\t\t\t\t<\/div>\n\t\t\t\t<\/div>\n\t\t<div data-particle_enable=\"false\" data-particle-mobile-disabled=\"false\" class=\"elementor-element elementor-element-bc0d4e2 e-flex e-con-boxed e-con e-parent\" data-id=\"bc0d4e2\" data-element_type=\"container\" data-e-type=\"container\">\n\t\t\t\t\t<div class=\"e-con-inner\">\n\t\t\t\t<div class=\"elementor-element elementor-element-0bca58f elementor-widget elementor-widget-image\" data-id=\"0bca58f\" data-element_type=\"widget\" data-e-type=\"widget\" data-widget_type=\"image.default\">\n\t\t\t\t\t\t\t\t\t\t\t\t<figure class=\"wp-caption\">\n\t\t\t\t\t\t\t\t\t\t<img decoding=\"async\" width=\"768\" height=\"522\" src=\"https:\/\/soymigrante.com\/revista\/wp-content\/uploads\/2025\/04\/PRISMA-LOPEZ-TIENDA-COSMICA.webp\" class=\"attachment-large size-large wp-image-29868\" alt=\"Huerta de migrante mujer cultivando plantas en invernadero, promoviendo la agricultura y la sustentabilidad en la comunidad, imagen que destaca la participaci\u00f3n femenina y el trabajo en el campo.\" srcset=\"https:\/\/soymigrante.com\/revista\/wp-content\/uploads\/2025\/04\/PRISMA-LOPEZ-TIENDA-COSMICA.webp 960w, https:\/\/soymigrante.com\/revista\/wp-content\/uploads\/2025\/04\/PRISMA-LOPEZ-TIENDA-COSMICA-300x204.jpg 300w, https:\/\/soymigrante.com\/revista\/wp-content\/uploads\/2025\/04\/PRISMA-LOPEZ-TIENDA-COSMICA-768x522.jpg 768w, https:\/\/soymigrante.com\/revista\/wp-content\/uploads\/2025\/04\/PRISMA-LOPEZ-TIENDA-COSMICA-750x510.webp 750w\" sizes=\"(max-width: 768px) 100vw, 768px\" title=\"Prisma L\u00f3pez aprovech\u00f3 la transformaci\u00f3n que trajo la pandemia para pasar de la tienda f\u00edsica a las ventas por internet. La apertura de la tienda digital de C\u00f3smica en SoyMigrante.com MERCADO es un nuevo desaf\u00edo para seguir impulsando la tradici\u00f3n textil maya guatemalteca. (Foto cortes\u00eda Prisma L\u00f3pez Palma) \u2013 SoyMigrante.com REVISTA\" \/>\t\t\t\t\t\t\t\t\t\t\t<figcaption class=\"widget-image-caption wp-caption-text\">Mujer migrante en un invernadero con plantas, promoviendo la agroindustria y la inclusi\u00f3n de migrantes en actividades sustentables en Am\u00e9rica Latina.<\/figcaption>\n\t\t\t\t\t\t\t\t\t\t<\/figure>\n\t\t\t\t\t\t\t\t\t<\/div>\n\t\t\t\t\t<\/div>\n\t\t\t\t<\/div>\n\t\t<div data-particle_enable=\"false\" data-particle-mobile-disabled=\"false\" class=\"elementor-element elementor-element-f1dc2fc e-flex e-con-boxed e-con e-parent\" data-id=\"f1dc2fc\" data-element_type=\"container\" data-e-type=\"container\">\n\t\t\t\t\t<div class=\"e-con-inner\">\n\t\t\t\t<div class=\"elementor-element elementor-element-56c0071 elementor-widget elementor-widget-heading\" data-id=\"56c0071\" data-element_type=\"widget\" data-e-type=\"widget\" data-widget_type=\"heading.default\">\n\t\t\t\t\t<h3 class=\"elementor-heading-title elementor-size-default\">C\u00f3smica: una palabra poderosa y sin l\u00edmites<\/h3>\t\t\t\t<\/div>\n\t\t\t\t\t<\/div>\n\t\t\t\t<\/div>\n\t\t<div data-particle_enable=\"false\" data-particle-mobile-disabled=\"false\" class=\"elementor-element elementor-element-6bff838 e-flex e-con-boxed e-con e-parent\" data-id=\"6bff838\" data-element_type=\"container\" data-e-type=\"container\">\n\t\t\t\t\t<div class=\"e-con-inner\">\n\t\t\t\t<div class=\"elementor-element elementor-element-b51b7d1 elementor-widget elementor-widget-text-editor\" data-id=\"b51b7d1\" data-element_type=\"widget\" data-e-type=\"widget\" data-widget_type=\"text-editor.default\">\n\t\t\t\t\t\t\t\t\t<p><span style=\"color: var( --e-global-color-text ); text-align: var(--text-align);\">C\u00f3smica fue una palabra inspiradora. &#8220;Mi mam\u00e1 siempre me ense\u00f1\u00f3 el significado profundo de los huipiles, c\u00f3mo los colores y los dise\u00f1os que usamos reflejan<a href=\"https:\/\/soymigrante.com\/mercado\/marketplace\/cosmica\/\"> la conexi\u00f3n con el cosmos<\/a>, los planetas, la fauna y la flora&#8221;, comenta. &#8220;\u00a1Y le puse C\u00f3smica a la tienda!&#8221;\u00a0\u00a0<\/span><\/p><p>No solo venden trajes, tambi\u00e9n tienen servicio de alquiler. Cuentan con un inventario de productos de diversas regiones y pueblos de Guatemala. &#8220;Tenemos todos los trajes de todos los municipios de Huehuetenango. Incluso hay algunos que ya pr\u00e1cticamente no se usan y est\u00e1n en peligro de desaparecer o ya no se elaboran igual. Nosotros tenemos algunos originales de hace varias d\u00e9cadas. Joyas&#8221;, cuenta.<\/p>\t\t\t\t\t\t\t\t<\/div>\n\t\t\t\t\t<\/div>\n\t\t\t\t<\/div>\n\t\t<div data-particle_enable=\"false\" data-particle-mobile-disabled=\"false\" class=\"elementor-element elementor-element-54f70fe e-flex e-con-boxed e-con e-parent\" data-id=\"54f70fe\" data-element_type=\"container\" data-e-type=\"container\">\n\t\t\t\t\t<div class=\"e-con-inner\">\n\t\t\t\t<div class=\"elementor-element elementor-element-c038bda elementor-invisible elementor-widget elementor-widget-testimonial\" data-id=\"c038bda\" data-element_type=\"widget\" data-e-type=\"widget\" data-settings=\"{&quot;_animation&quot;:&quot;rotateInUpRight&quot;}\" data-widget_type=\"testimonial.default\">\n\t\t\t\t\t\t\t<div class=\"elementor-testimonial-wrapper\">\n\t\t\t\t\t\t\t<div class=\"elementor-testimonial-content\">\"Traen sus piezas para que se las compremos y lo voy a decir as\u00ed: No me gusta regatear. Yo valoro el trabajo artesanal, y creo que los artesanos deben recibir el precio que su talento, su tiempo, dedicaci\u00f3n y cultura realmente merecen\"<\/div>\n\t\t\t\n\t\t\t\t\t\t<div class=\"elementor-testimonial-meta elementor-has-image elementor-testimonial-image-position-aside\">\n\t\t\t\t<div class=\"elementor-testimonial-meta-inner\">\n\t\t\t\t\t\t\t\t\t\t\t<div class=\"elementor-testimonial-image\">\n\t\t\t\t\t\t\t<img decoding=\"async\" width=\"937\" height=\"890\" src=\"https:\/\/soymigrante.com\/revista\/wp-content\/uploads\/2025\/04\/prisma-lopez.webp\" class=\"attachment-full size-full wp-image-29878\" alt=\"Sonriente mujer joven en retrato para revista SoyMigrante.com, resaltando temas de migraci\u00f3n, derechos y cultura migrante en M\u00e9xico y Am\u00e9rica Latina, en contexto de publicaci\u00f3n digital.\" title=\"prisma lopez \u2013 SoyMigrante.com REVISTA\" srcset=\"https:\/\/soymigrante.com\/revista\/wp-content\/uploads\/2025\/04\/prisma-lopez.webp 937w, https:\/\/soymigrante.com\/revista\/wp-content\/uploads\/2025\/04\/prisma-lopez-300x285.jpg 300w, https:\/\/soymigrante.com\/revista\/wp-content\/uploads\/2025\/04\/prisma-lopez-768x729.jpg 768w, https:\/\/soymigrante.com\/revista\/wp-content\/uploads\/2025\/04\/prisma-lopez-750x712.webp 750w\" sizes=\"(max-width: 937px) 100vw, 937px\" \/>\t\t\t\t\t\t<\/div>\n\t\t\t\t\t\n\t\t\t\t\t\t\t\t\t\t<div class=\"elementor-testimonial-details\">\n\t\t\t\t\t\t\t\t\t\t\t\t\t\t<div class=\"elementor-testimonial-name\">Prisma L\u00f3pez Palma<\/div>\n\t\t\t\t\t\t\t\t\t\t\t\t\t\t\t\t\t\t\t\t\t\t<div class=\"elementor-testimonial-job\">Emprendedora de Huehuetenango,\nfundadora de C\u00f3smica<\/div>\n\t\t\t\t\t\t\t\t\t\t\t\t\t<\/div>\n\t\t\t\t\t\t\t\t\t<\/div>\n\t\t\t<\/div>\n\t\t\t\t\t<\/div>\n\t\t\t\t\t\t<\/div>\n\t\t\t\t\t<\/div>\n\t\t\t\t<\/div>\n\t\t<div data-particle_enable=\"false\" data-particle-mobile-disabled=\"false\" class=\"elementor-element elementor-element-f6dfd33 e-flex e-con-boxed e-con e-parent\" data-id=\"f6dfd33\" data-element_type=\"container\" data-e-type=\"container\">\n\t\t\t\t\t<div class=\"e-con-inner\">\n\t\t\t\t<div class=\"elementor-element elementor-element-6226e80 elementor-widget elementor-widget-heading\" data-id=\"6226e80\" data-element_type=\"widget\" data-e-type=\"widget\" data-widget_type=\"heading.default\">\n\t\t\t\t\t<h3 class=\"elementor-heading-title elementor-size-default\">Responsabilidad y valoraci\u00f3n<\/h3>\t\t\t\t<\/div>\n\t\t\t\t\t<\/div>\n\t\t\t\t<\/div>\n\t\t<div data-particle_enable=\"false\" data-particle-mobile-disabled=\"false\" class=\"elementor-element elementor-element-1e5279f e-flex e-con-boxed e-con e-parent\" data-id=\"1e5279f\" data-element_type=\"container\" data-e-type=\"container\">\n\t\t\t\t\t<div class=\"e-con-inner\">\n\t\t\t\t<div class=\"elementor-element elementor-element-2c9cbba elementor-widget elementor-widget-text-editor\" data-id=\"2c9cbba\" data-element_type=\"widget\" data-e-type=\"widget\" data-widget_type=\"text-editor.default\">\n\t\t\t\t\t\t\t\t\t<p><span style=\"color: var( --e-global-color-text ); text-align: var(--text-align);\">C\u00f3smica es un emprendimiento comercial, pero tambi\u00e9n est\u00e1 marcado por un fuerte sentido comunitario. Prisma declara que su misi\u00f3n es respetar y dignificar el trabajo de los artesanos locales, a quienes paga un precio justo por sus productos. &#8220;Las tejedoras ya nos conocen y nos tienen confianza.\u00a0<\/span><span style=\"color: var( --e-global-color-text ); text-align: var(--text-align);\">Traen sus piezas para que se las compremos y lo voy a decir as\u00ed: No me gusta regatear. Yo valoro el trabajo artesanal, y creo que los artesanos deben recibir el precio que su talento, su tiempo, dedicaci\u00f3n y cultura realmente merecen&#8221;, dice convencida.\u00a0\u00a0<\/span><\/p><p>Esta filosof\u00eda se extiende a su visi\u00f3n de negocio, que tambi\u00e9n aboga por la sostenibilidad y el cuidado del medio ambiente. Su familia, en particular su padre, quien le ha ense\u00f1ado el amor a la naturaleza y a las ra\u00edces culturales.<\/p><p>C\u00f3smica tambi\u00e9n ha sido part\u00edcipe en eventos y festividades locales, como la elecci\u00f3n de la Reina <a href=\"https:\/\/soymigrante.com\/revista\/zaculeu-antigua-capital-mam-no-deja-de-sorprender\/\">Xinabajul<\/a>, en los cuales los trajes regionales tienen un papel importante. La familia ha suministrado trajes t\u00edpicos a lo largo de los a\u00f1os, lo que les ha permitido mantenerse como una referencia de indumentaria y memoria.<\/p>\t\t\t\t\t\t\t\t<\/div>\n\t\t\t\t\t<\/div>\n\t\t\t\t<\/div>\n\t\t<div data-particle_enable=\"false\" data-particle-mobile-disabled=\"false\" class=\"elementor-element elementor-element-60d9127 e-flex e-con-boxed e-con e-parent\" data-id=\"60d9127\" data-element_type=\"container\" data-e-type=\"container\">\n\t\t\t\t\t<div class=\"e-con-inner\">\n\t\t\t\t<div class=\"elementor-element elementor-element-2af0f42 elementor-widget elementor-widget-video\" data-id=\"2af0f42\" data-element_type=\"widget\" data-e-type=\"widget\" data-settings=\"{&quot;video_type&quot;:&quot;hosted&quot;,&quot;controls&quot;:&quot;yes&quot;}\" data-widget_type=\"video.default\">\n\t\t\t\t\t\t\t<div class=\"e-hosted-video elementor-wrapper elementor-open-inline\">\n\t\t\t\t\t<video class=\"elementor-video\" src=\"https:\/\/soymigrante.com\/revista\/wp-content\/uploads\/2025\/04\/PRISMA-PRENDAS-COSMICA.mp4\" controls=\"\" preload=\"metadata\" controlsList=\"nodownload\"><\/video>\n\t\t\t\t<\/div>\n\t\t\t\t\t\t<\/div>\n\t\t\t\t\t<\/div>\n\t\t\t\t<\/div>\n\t\t<div data-particle_enable=\"false\" data-particle-mobile-disabled=\"false\" class=\"elementor-element elementor-element-e006780 e-flex e-con-boxed e-con e-parent\" data-id=\"e006780\" data-element_type=\"container\" data-e-type=\"container\">\n\t\t\t\t\t<div class=\"e-con-inner\">\n\t\t\t\t<div class=\"elementor-element elementor-element-7193afd elementor-widget elementor-widget-heading\" data-id=\"7193afd\" data-element_type=\"widget\" data-e-type=\"widget\" data-widget_type=\"heading.default\">\n\t\t\t\t\t<h3 class=\"elementor-heading-title elementor-size-default\">\u00bfPor qu\u00e9 Prisma decidi\u00f3 abrir su tienda en MERCADO?<\/h3>\t\t\t\t<\/div>\n\t\t\t\t\t<\/div>\n\t\t\t\t<\/div>\n\t\t<div data-particle_enable=\"false\" data-particle-mobile-disabled=\"false\" class=\"elementor-element elementor-element-ce12bb3 e-flex e-con-boxed e-con e-parent\" data-id=\"ce12bb3\" data-element_type=\"container\" data-e-type=\"container\">\n\t\t\t\t\t<div class=\"e-con-inner\">\n\t\t\t\t<div class=\"elementor-element elementor-element-1410b82 elementor-widget elementor-widget-text-editor\" data-id=\"1410b82\" data-element_type=\"widget\" data-e-type=\"widget\" data-widget_type=\"text-editor.default\">\n\t\t\t\t\t\t\t\t\t<p><span style=\"color: var( --e-global-color-text ); text-align: var(--text-align);\">Con la llegada de la pandemia, Prisma vio una oportunidad de expansi\u00f3n. &#8220;La pandemia cambi\u00f3 muchas cosas, cre\u00f3 limitaciones, pero tambi\u00e9n oportunidades:;surgi\u00f3 una ola de transformaci\u00f3n e innovaciones. Yo vi en el comercio en l\u00ednea una forma de conectar con m\u00e1s personas y de llevar el arte guatemalteco a otras partes del mundo&#8221;, cuenta Prisma.\u00a0<\/span><\/p><p><span style=\"color: var( --e-global-color-text ); text-align: var(--text-align);\">Y as\u00ed, C\u00f3smica comenz\u00f3 a comercializarse a trav\u00e9s de internet, permiti\u00e9ndole llegar a un p\u00fablico global.\u00a0\u00a0<\/span><\/p><p>&#8220;Al abrirse SoyMigrante.com MERCADO, s\u00e9 que <a href=\"https:\/\/soymigrante.com\/revista\/marcos-antil-expone-plataforma-soymigrante-com-mercado-a-emprendedoras-en-republica-mujer\/\">la visi\u00f3n de Marcos Antil, por ser maya q&#8217;anjob&#8217;al, es la de impulsar m\u00e1s a los j\u00f3venes y a todos los guatemaltecos emprendedores. <\/a>Es un proyecto bell\u00edsimo y noble, que est\u00e1 abierto a todos. Desde que se anunci\u00f3 esta oportunidad, me interes\u00f3 y aqu\u00ed estamos&#8221;, dice Prisma.\u00a0\u00a0<\/p><p>&#8220;Vendemos creatividad heredada de tiempos ancestrales. Lo que quiero es que la gente se conecte con la historia que hay detr\u00e1s de cada prenda, de cada hilo. Porque en cada uno de ellos, hay un pedazo de nuestra identidad&#8221;, concluye Prisma.<\/p>\t\t\t\t\t\t\t\t<\/div>\n\t\t\t\t\t<\/div>\n\t\t\t\t<\/div>\n\t\t<div data-particle_enable=\"false\" data-particle-mobile-disabled=\"false\" class=\"elementor-element elementor-element-cdf920d e-flex e-con-boxed e-con e-parent\" data-id=\"cdf920d\" data-element_type=\"container\" data-e-type=\"container\">\n\t\t\t\t\t<div class=\"e-con-inner\">\n\t\t\t\t<div class=\"elementor-element elementor-element-f35908b elementor-arrows-position-inside elementor-pagination-position-outside elementor-widget elementor-widget-image-carousel\" data-id=\"f35908b\" data-element_type=\"widget\" data-e-type=\"widget\" data-settings=\"{&quot;slides_to_show&quot;:&quot;1&quot;,&quot;navigation&quot;:&quot;both&quot;,&quot;autoplay&quot;:&quot;yes&quot;,&quot;pause_on_hover&quot;:&quot;yes&quot;,&quot;pause_on_interaction&quot;:&quot;yes&quot;,&quot;autoplay_speed&quot;:5000,&quot;infinite&quot;:&quot;yes&quot;,&quot;effect&quot;:&quot;slide&quot;,&quot;speed&quot;:500}\" data-widget_type=\"image-carousel.default\">\n\t\t\t\t\t\t\t<div class=\"elementor-image-carousel-wrapper swiper\" role=\"region\" aria-roledescription=\"carousel\" aria-label=\"Carrusel de im\u00e1genes\" dir=\"ltr\">\n\t\t\t<div class=\"elementor-image-carousel swiper-wrapper\" aria-live=\"off\">\n\t\t\t\t\t\t\t\t<div class=\"swiper-slide\" role=\"group\" aria-roledescription=\"slide\" aria-label=\"1 de 4\"><figure class=\"swiper-slide-inner\"><img decoding=\"async\" class=\"swiper-slide-image\" src=\"https:\/\/soymigrante.com\/revista\/wp-content\/uploads\/2025\/04\/COSMICA-MERCADO-SOYMIGRANTE-2.webp\" alt=\"Camisas tradicionais de estilo ind\u00edgena con bordados coloridos, apiladas sobre fondo blanco, reflejando cultura y diversidad en la moda mexicana.\" \/><\/figure><\/div><div class=\"swiper-slide\" role=\"group\" aria-roledescription=\"slide\" aria-label=\"2 de 4\"><figure class=\"swiper-slide-inner\"><img decoding=\"async\" class=\"swiper-slide-image\" src=\"https:\/\/soymigrante.com\/revista\/wp-content\/uploads\/2025\/04\/PRENDAS-A-LA-VENTA-EN-COSMICA-ERCADP-3.webp\" alt=\"Vestido tradicional mexicano con bordados coloridos, mangas cortas y detalles en zigzag rosa, ideal para festivales y celebraciones culturales en M\u00e9xico.\" \/><\/figure><\/div><div class=\"swiper-slide\" role=\"group\" aria-roledescription=\"slide\" aria-label=\"3 de 4\"><figure class=\"swiper-slide-inner\"><img decoding=\"async\" class=\"swiper-slide-image\" src=\"https:\/\/soymigrante.com\/revista\/wp-content\/uploads\/2025\/04\/COSMICA-MERCADO-SOYMIGRANTE-3-1.webp\" alt=\"Colorido collar tradicional de fibras textiles con hebilla de madera, exhibido sobre una superficie de madera y acompa\u00f1ado de macetas decorativas en un ambiente natural.\" \/><\/figure><\/div><div class=\"swiper-slide\" role=\"group\" aria-roledescription=\"slide\" aria-label=\"4 de 4\"><figure class=\"swiper-slide-inner\"><img decoding=\"async\" class=\"swiper-slide-image\" src=\"https:\/\/soymigrante.com\/revista\/wp-content\/uploads\/2025\/04\/COSMICA-MERCADO-SOYMIGRANTE-1-copia.webp\" alt=\"Ropa tradicional mexicana con bordados coloridos y pantalones a rayas, representando la cultura ind\u00edgena.\" \/><\/figure><\/div>\t\t\t<\/div>\n\t\t\t\t\t\t\t\t\t\t\t\t<div class=\"elementor-swiper-button elementor-swiper-button-prev\" role=\"button\" tabindex=\"0\">\n\t\t\t\t\t\t<i aria-hidden=\"true\" class=\"eicon-chevron-left\"><\/i>\t\t\t\t\t<\/div>\n\t\t\t\t\t<div class=\"elementor-swiper-button elementor-swiper-button-next\" role=\"button\" tabindex=\"0\">\n\t\t\t\t\t\t<i aria-hidden=\"true\" class=\"eicon-chevron-right\"><\/i>\t\t\t\t\t<\/div>\n\t\t\t\t\n\t\t\t\t\t\t\t\t\t<div class=\"swiper-pagination\"><\/div>\n\t\t\t\t\t\t\t\t\t<\/div>\n\t\t\t\t\t\t<\/div>\n\t\t\t\t\t<\/div>\n\t\t\t\t<\/div>\n\t\t<div data-particle_enable=\"false\" data-particle-mobile-disabled=\"false\" class=\"elementor-element elementor-element-3908c8c e-flex e-con-boxed e-con e-parent\" data-id=\"3908c8c\" data-element_type=\"container\" data-e-type=\"container\">\n\t\t\t\t\t<div class=\"e-con-inner\">\n\t\t\t\t<div class=\"elementor-element elementor-element-880c61c elementor-widget elementor-widget-heading\" data-id=\"880c61c\" data-element_type=\"widget\" data-e-type=\"widget\" data-widget_type=\"heading.default\">\n\t\t\t\t\t<h2 class=\"elementor-heading-title elementor-size-default\">Claves de emprendimiento para todos<\/h2>\t\t\t\t<\/div>\n\t\t\t\t\t<\/div>\n\t\t\t\t<\/div>\n\t\t<div data-particle_enable=\"false\" data-particle-mobile-disabled=\"false\" class=\"elementor-element elementor-element-a5932a4 e-flex e-con-boxed e-con e-parent\" data-id=\"a5932a4\" data-element_type=\"container\" data-e-type=\"container\">\n\t\t\t\t\t<div class=\"e-con-inner\">\n\t\t\t\t<div class=\"elementor-element elementor-element-73c0fe6 elementor-grid-eael-col-3 elementor-grid-tablet-eael-col-2 elementor-grid-mobile-eael-col-1 elementor-widget elementor-widget-eael-post-grid\" data-id=\"73c0fe6\" data-element_type=\"widget\" data-e-type=\"widget\" data-settings=\"{&quot;eael_post_grid_columns&quot;:&quot;eael-col-3&quot;,&quot;eael_post_grid_columns_tablet&quot;:&quot;eael-col-2&quot;,&quot;eael_post_grid_columns_mobile&quot;:&quot;eael-col-1&quot;}\" data-widget_type=\"eael-post-grid.default\">\n\t\t\t\t\t<div id=\"eael-post-grid-73c0fe6\" class=\"eael-post-grid-container\">\n            <div class=\"eael-post-grid eael-post-appender eael-post-appender-73c0fe6 eael-post-grid-style-one\" data-layout-mode=\"masonry\"><article class=\"eael-grid-post  eael-post-grid-column eael-pg-post-13301 category-bienestar\" data-id=\"13301\">\n        <div class=\"eael-grid-post-holder\">\n            <div class=\"eael-grid-post-holder-inner\"><div class=\"eael-entry-media\"><div class=\"eael-entry-overlay fade-in\"><i class=\"far fa-hand-pointer\" aria-hidden=\"true\"><\/i><a href=\"https:\/\/soymigrante.com\/revista\/construye-una-marca-que-enamore-claves-para-emprendedores-exitosos\/\"><\/a><\/div><div class=\"eael-entry-thumbnail \">\n                <img loading=\"lazy\" decoding=\"async\" width=\"1024\" height=\"1024\" src=\"https:\/\/soymigrante.com\/revista\/wp-content\/uploads\/2024\/11\/emprendedor-1024x1024.jpg\" class=\"attachment-large size-large wp-image-13307\" alt=\"Armario de madera en taller de carpinter\u00eda, joven hombre trabaja con creatividad y pasi\u00f3n en proyecto de mobiliario.\" srcset=\"https:\/\/soymigrante.com\/revista\/wp-content\/uploads\/2024\/11\/emprendedor-1024x1024.jpg 1024w, https:\/\/soymigrante.com\/revista\/wp-content\/uploads\/2024\/11\/emprendedor-300x300.jpg 300w, https:\/\/soymigrante.com\/revista\/wp-content\/uploads\/2024\/11\/emprendedor-150x150.jpg 150w, https:\/\/soymigrante.com\/revista\/wp-content\/uploads\/2024\/11\/emprendedor-768x768.jpg 768w, https:\/\/soymigrante.com\/revista\/wp-content\/uploads\/2024\/11\/emprendedor-1536x1536.jpg 1536w, https:\/\/soymigrante.com\/revista\/wp-content\/uploads\/2024\/11\/emprendedor-2048x2048.jpg 2048w, https:\/\/soymigrante.com\/revista\/wp-content\/uploads\/2024\/11\/emprendedor-75x75.webp 75w, https:\/\/soymigrante.com\/revista\/wp-content\/uploads\/2024\/11\/emprendedor-750x750.webp 750w, https:\/\/soymigrante.com\/revista\/wp-content\/uploads\/2024\/11\/emprendedor-1140x1140.webp 1140w, https:\/\/soymigrante.com\/revista\/wp-content\/uploads\/2024\/11\/emprendedor-scaled.webp 1920w\" sizes=\"(max-width: 1024px) 100vw, 1024px\" \/>\n            <\/div>\n        <\/div><div class=\"eael-entry-wrapper\"><header class=\"eael-entry-header\"><h2 class=\"eael-entry-title\"><a class=\"eael-grid-post-link\" href=\"https:\/\/soymigrante.com\/revista\/construye-una-marca-que-enamore-claves-para-emprendedores-exitosos\/\" title=\"Construye una marca que enamore: claves para emprendedores exitosos\">Construye una marca que enamore: claves para emprendedores exitosos<\/a><\/h2><\/header><div class=\"eael-entry-content\">\n                        <div class=\"eael-grid-post-excerpt\"><a href=\"https:\/\/soymigrante.com\/revista\/construye-una-marca-que-enamore-claves-para-emprendedores-exitosos\/\" class=\"eael-post-elements-readmore-btn\">CONOCE SU HISTORIA <\/a><\/div>\n                    <\/div><\/div><\/div>\n        <\/div>\n    <\/article><article class=\"eael-grid-post  eael-post-grid-column eael-pg-post-12390 category-bienestar\" data-id=\"12390\">\n        <div class=\"eael-grid-post-holder\">\n            <div class=\"eael-grid-post-holder-inner\"><div class=\"eael-entry-media\"><div class=\"eael-entry-overlay fade-in\"><i class=\"far fa-hand-pointer\" aria-hidden=\"true\"><\/i><a href=\"https:\/\/soymigrante.com\/revista\/claves-de-transformacion-digital-para-emprendedores\/\"><\/a><\/div><div class=\"eael-entry-thumbnail \">\n                <img loading=\"lazy\" decoding=\"async\" width=\"684\" height=\"684\" src=\"https:\/\/soymigrante.com\/revista\/wp-content\/uploads\/2024\/11\/transformacion-digital-imagen-envato-2.webp\" class=\"attachment-large size-large wp-image-13004\" alt=\"Asistencia virtual y atenci\u00f3n al cliente en l\u00ednea, comunicaci\u00f3n digital y consultor\u00eda en redes sociales para migrantes y comunidades hispanohablantes.\" srcset=\"https:\/\/soymigrante.com\/revista\/wp-content\/uploads\/2024\/11\/transformacion-digital-imagen-envato-2.webp 684w, https:\/\/soymigrante.com\/revista\/wp-content\/uploads\/2024\/11\/transformacion-digital-imagen-envato-2-300x300.webp 300w, https:\/\/soymigrante.com\/revista\/wp-content\/uploads\/2024\/11\/transformacion-digital-imagen-envato-2-150x150.webp 150w, https:\/\/soymigrante.com\/revista\/wp-content\/uploads\/2024\/11\/transformacion-digital-imagen-envato-2-75x75.webp 75w\" sizes=\"(max-width: 684px) 100vw, 684px\" \/>\n            <\/div>\n        <\/div><div class=\"eael-entry-wrapper\"><header class=\"eael-entry-header\"><h2 class=\"eael-entry-title\"><a class=\"eael-grid-post-link\" href=\"https:\/\/soymigrante.com\/revista\/claves-de-transformacion-digital-para-emprendedores\/\" title=\"\u00bfTienes un emprendimiento? Algunas claves de transformaci\u00f3n digital para crecer\">\u00bfTienes un emprendimiento? Algunas claves de transformaci\u00f3n digital para crecer<\/a><\/h2><\/header><div class=\"eael-entry-content\">\n                        <div class=\"eael-grid-post-excerpt\"><a href=\"https:\/\/soymigrante.com\/revista\/claves-de-transformacion-digital-para-emprendedores\/\" class=\"eael-post-elements-readmore-btn\">CONOCE SU HISTORIA <\/a><\/div>\n                    <\/div><\/div><\/div>\n        <\/div>\n    <\/article><article class=\"eael-grid-post  eael-post-grid-column eael-pg-post-9994 category-bienestar\" data-id=\"9994\">\n        <div class=\"eael-grid-post-holder\">\n            <div class=\"eael-grid-post-holder-inner\"><div class=\"eael-entry-media\"><div class=\"eael-entry-overlay fade-in\"><i class=\"far fa-hand-pointer\" aria-hidden=\"true\"><\/i><a href=\"https:\/\/soymigrante.com\/revista\/tips-y-tutoriales-para-mejorar-retratos-y-fotografias-de-productos\/\"><\/a><\/div><div class=\"eael-entry-thumbnail \">\n                <img loading=\"lazy\" decoding=\"async\" width=\"903\" height=\"903\" src=\"https:\/\/soymigrante.com\/revista\/wp-content\/uploads\/2024\/10\/fotografia-producto.webp\" class=\"attachment-large size-large wp-image-10016\" alt=\"Emprendedora migrante preparando productos textiles para su negocio.\" srcset=\"https:\/\/soymigrante.com\/revista\/wp-content\/uploads\/2024\/10\/fotografia-producto.webp 903w, https:\/\/soymigrante.com\/revista\/wp-content\/uploads\/2024\/10\/fotografia-producto-300x300.webp 300w, https:\/\/soymigrante.com\/revista\/wp-content\/uploads\/2024\/10\/fotografia-producto-150x150.webp 150w, https:\/\/soymigrante.com\/revista\/wp-content\/uploads\/2024\/10\/fotografia-producto-768x768.webp 768w, https:\/\/soymigrante.com\/revista\/wp-content\/uploads\/2024\/10\/fotografia-producto-75x75.webp 75w, https:\/\/soymigrante.com\/revista\/wp-content\/uploads\/2024\/10\/fotografia-producto-750x750.webp 750w\" sizes=\"(max-width: 903px) 100vw, 903px\" \/>\n            <\/div>\n        <\/div><div class=\"eael-entry-wrapper\"><header class=\"eael-entry-header\"><h2 class=\"eael-entry-title\"><a class=\"eael-grid-post-link\" href=\"https:\/\/soymigrante.com\/revista\/tips-y-tutoriales-para-mejorar-retratos-y-fotografias-de-productos\/\" title=\"Tips y tutoriales para mejorar retratos y fotograf\u00edas de productos\">Tips y tutoriales para mejorar retratos y fotograf\u00edas de productos<\/a><\/h2><\/header><div class=\"eael-entry-content\">\n                        <div class=\"eael-grid-post-excerpt\"><a href=\"https:\/\/soymigrante.com\/revista\/tips-y-tutoriales-para-mejorar-retratos-y-fotografias-de-productos\/\" class=\"eael-post-elements-readmore-btn\">CONOCE SU HISTORIA <\/a><\/div>\n                    <\/div><\/div><\/div>\n        <\/div>\n    <\/article><\/div>\n            <div class=\"clearfix\"><\/div>\n        <\/div>\t\t\t\t<\/div>\n\t\t\t\t\t<\/div>\n\t\t\t\t<\/div>\n\t\t\t\t<\/div>\n\t\t","protected":false},"excerpt":{"rendered":"<p>Cuarta generaci\u00f3n de una familia de artistas y emprendedores de Huehuetenango, Prisma L\u00f3pez Palma vende indumentaria y textiles creados por artesanos del Occidente a trav\u00e9s de su tienda C\u00f3smica, que ahora est\u00e1 disponible en SoyMigrante.com MERCADO. En el municipio de Huehuetenango, donde las monta\u00f1as y comunidades susurran historias ancestrales, naci\u00f3 C\u00f3smica, una tienda de artesan\u00edas [&hellip;]<\/p>\n","protected":false},"author":7,"featured_media":29860,"comment_status":"open","ping_status":"open","sticky":false,"template":"","format":"standard","meta":{"_acf_changed":false,"_eb_attr":"","footnotes":""},"categories":[58],"tags":[130],"class_list":["post-29859","post","type-post","status-publish","format-standard","has-post-thumbnail","hentry","category-guate-nuestra","tag-mercado-emprendedores"],"acf":[],"aioseo_notices":[],"aioseo_head":"\n\t\t<!-- All in One SEO Pro 4.9.6.2 - aioseo.com -->\n\t<meta name=\"description\" content=\"Lo que se ve se vende: este es un concepto clave para el comercio digital. Presentar una mejor foto de tu producto o de quien lo fabrica puede potenciar ventas\" \/>\n\t<meta name=\"robots\" content=\"max-snippet:-1, max-image-preview:large, max-video-preview:-1\" \/>\n\t<meta name=\"author\" content=\"Marysabel Aldana\"\/>\n\t<link rel=\"canonical\" href=\"https:\/\/soymigrante.com\/revista\/tips-y-tutoriales-para-mejorar-retratos-y-fotografias-de-productos\/\" \/>\n\t<meta name=\"generator\" content=\"All in One SEO Pro (AIOSEO) 4.9.6.2\" \/>\n\n\t\t<link rel=\"preconnect\" href=\"https:\/\/fonts.googleapis.com\" crossorigin>\n<link rel=\"preconnect\" href=\"https:\/\/fonts.gstatic.com\" crossorigin>\n\t\t<meta property=\"og:locale\" content=\"es_ES\" \/>\n\t\t<meta property=\"og:site_name\" content=\"SoyMigrante.com REVISTA \u2013 Nuestra misi\u00f3n es reconocer y dignificar al migrante.\" \/>\n\t\t<meta property=\"og:type\" content=\"article\" \/>\n\t\t<meta property=\"og:title\" content=\"Tips y tutoriales para mejorar retratos y fotograf\u00edas de productos\" \/>\n\t\t<meta property=\"og:description\" content=\"Lo que se ve se vende: este es un concepto clave para el comercio digital. Presentar una mejor foto de tu producto o de quien lo fabrica puede potenciar ventas\" \/>\n\t\t<meta property=\"og:url\" content=\"https:\/\/soymigrante.com\/revista\/tips-y-tutoriales-para-mejorar-retratos-y-fotografias-de-productos\/\" \/>\n\t\t<meta property=\"og:image\" content=\"https:\/\/soymigrante.com\/revista\/wp-content\/uploads\/2024\/10\/fotografia-producto.webp\" \/>\n\t\t<meta property=\"og:image:secure_url\" content=\"https:\/\/soymigrante.com\/revista\/wp-content\/uploads\/2024\/10\/fotografia-producto.webp\" \/>\n\t\t<meta property=\"og:image:width\" content=\"903\" \/>\n\t\t<meta property=\"og:image:height\" content=\"903\" \/>\n\t\t<meta property=\"article:published_time\" content=\"2024-10-04T16:57:43+00:00\" \/>\n\t\t<meta property=\"article:modified_time\" content=\"2024-10-04T16:57:44+00:00\" \/>\n\t\t<meta property=\"article:publisher\" content=\"https:\/\/www.facebook.com\/soymigrantecom\" \/>\n\t\t<meta name=\"twitter:card\" content=\"summary_large_image\" \/>\n\t\t<meta name=\"twitter:site\" content=\"@SoyMigrante_com\" \/>\n\t\t<meta name=\"twitter:title\" content=\"Tips y tutoriales para mejorar retratos y fotograf\u00edas de productos\" \/>\n\t\t<meta name=\"twitter:description\" content=\"Lo que se ve se vende: este es un concepto clave para el comercio digital. Presentar una mejor foto de tu producto o de quien lo fabrica puede potenciar ventas\" \/>\n\t\t<meta name=\"twitter:creator\" content=\"@SoyMigrante_com\" \/>\n\t\t<meta name=\"twitter:image\" content=\"https:\/\/soymigrante.com\/revista\/wp-content\/uploads\/2024\/10\/fotografia-producto.webp\" \/>\n\t\t<!-- All in One SEO Pro -->\r\n\t\t<title>Tips y tutoriales para mejorar retratos y fotograf\u00edas de productos<\/title>\n\n","aioseo_head_json":{"title":"Tips y tutoriales para mejorar retratos y fotograf\u00edas de productos","description":"Lo que se ve se vende: este es un concepto clave para el comercio digital. Presentar una mejor foto de tu producto o de quien lo fabrica puede potenciar ventas","canonical_url":"https:\/\/soymigrante.com\/revista\/tips-y-tutoriales-para-mejorar-retratos-y-fotografias-de-productos\/","robots":"max-snippet:-1, max-image-preview:large, max-video-preview:-1","keywords":"","webmasterTools":{"miscellaneous":"&lt;link rel=\"preconnect\" href=\"https:\/\/fonts.googleapis.com\" crossorigin&gt;\n&lt;link rel=\"preconnect\" href=\"https:\/\/fonts.gstatic.com\" crossorigin&gt;"},"schema":null,"og:locale":"es_ES","og:site_name":"SoyMigrante.com REVISTA \u2013 Nuestra misi\u00f3n es reconocer y dignificar al migrante.","og:type":"article","og:title":"Tips y tutoriales para mejorar retratos y fotograf\u00edas de productos","og:description":"Lo que se ve se vende: este es un concepto clave para el comercio digital. Presentar una mejor foto de tu producto o de quien lo fabrica puede potenciar ventas","og:url":"https:\/\/soymigrante.com\/revista\/tips-y-tutoriales-para-mejorar-retratos-y-fotografias-de-productos\/","og:image":"https:\/\/soymigrante.com\/revista\/wp-content\/uploads\/2024\/10\/fotografia-producto.webp","og:image:secure_url":"https:\/\/soymigrante.com\/revista\/wp-content\/uploads\/2024\/10\/fotografia-producto.webp","og:image:width":903,"og:image:height":903,"article:published_time":"2024-10-04T16:57:43+00:00","article:modified_time":"2024-10-04T16:57:44+00:00","article:publisher":"https:\/\/www.facebook.com\/soymigrantecom","twitter:card":"summary_large_image","twitter:site":"@SoyMigrante_com","twitter:title":"Tips y tutoriales para mejorar retratos y fotograf\u00edas de productos","twitter:description":"Lo que se ve se vende: este es un concepto clave para el comercio digital. Presentar una mejor foto de tu producto o de quien lo fabrica puede potenciar ventas","twitter:creator":"@SoyMigrante_com","twitter:image":"https:\/\/soymigrante.com\/revista\/wp-content\/uploads\/2024\/10\/fotografia-producto.webp"},"aioseo_meta_data":{"post_id":"29859","title":"C\u00f3smica: Prisma de colorida tradici\u00f3n textil maya","description":"Prisma L\u00f3pez fund\u00f3 la tienda C\u00f3smica, una tienda de textiles y artesan\u00edas mayas en Huehuetenango. Ahora abri\u00f3 su tienda digital en SoyMigrante.com MERCADO","keywords":null,"keyphrases":{"focus":{"keyphrase":"Mercado","score":74,"analysis":{"keyphraseInTitle":{"score":3,"maxScore":9,"error":1},"keyphraseInDescription":{"score":9,"maxScore":9,"error":0},"keyphraseLength":{"score":9,"maxScore":9,"error":0,"length":1},"keyphraseInURL":{"score":5,"maxScore":5,"error":0},"keyphraseInIntroduction":{"score":3,"maxScore":9,"error":1},"keyphraseInSubHeadings":{"score":3,"maxScore":9,"error":1},"keyphraseInImageAlt":{"score":9,"maxScore":9,"error":0},"keywordDensity":{"type":"best","score":9,"maxScore":9,"error":0}}},"additional":[{"keyphrase":"Textil maya","score":53,"analysis":{"keyphraseInDescription":{"score":3,"maxScore":9,"error":1},"keyphraseLength":{"score":9,"maxScore":9,"error":0,"length":2},"keyphraseInIntroduction":{"score":3,"maxScore":9,"error":1},"keyphraseInImageAlt":{"score":9,"maxScore":9,"error":0},"keywordDensity":{"score":0,"type":"low","maxScore":9,"error":1}}},{"keyphrase":"Prisma","score":100,"analysis":{"keyphraseInDescription":{"score":9,"maxScore":9,"error":0},"keyphraseLength":{"score":9,"maxScore":9,"error":0,"length":1},"keyphraseInIntroduction":{"score":9,"maxScore":9,"error":0},"keyphraseInImageAlt":{"score":9,"maxScore":9,"error":0},"keywordDensity":{"type":"best","score":9,"maxScore":9,"error":0}}},{"keyphrase":"C\u00f3smica","score":100,"analysis":{"keyphraseInDescription":{"score":9,"maxScore":9,"error":0},"keyphraseLength":{"score":9,"maxScore":9,"error":0,"length":2},"keyphraseInIntroduction":{"score":9,"maxScore":9,"error":0},"keyphraseInImageAlt":{"score":9,"maxScore":9,"error":0},"keywordDensity":{"type":"best","score":9,"maxScore":9,"error":0}}},{"keyphrase":"Tradici\u00f3n","score":67,"analysis":{"keyphraseInDescription":{"score":3,"maxScore":9,"error":1},"keyphraseLength":{"score":9,"maxScore":9,"error":0,"length":2},"keyphraseInIntroduction":{"score":9,"maxScore":9,"error":0},"keyphraseInImageAlt":{"score":9,"maxScore":9,"error":0},"keywordDensity":{"score":0,"type":"low","maxScore":9,"error":1}}}]},"primary_term":null,"canonical_url":null,"og_title":null,"og_description":null,"og_object_type":"default","og_image_type":"default","og_image_url":null,"og_image_width":null,"og_image_height":null,"og_image_custom_url":null,"og_image_custom_fields":null,"og_video":"","og_custom_url":null,"og_article_section":null,"og_article_tags":null,"twitter_use_og":false,"twitter_card":"default","twitter_image_type":"default","twitter_image_url":null,"twitter_image_custom_url":null,"twitter_image_custom_fields":null,"twitter_title":null,"twitter_description":null,"schema":{"blockGraphs":[],"customGraphs":[],"default":{"data":{"Article":[],"Course":[],"Dataset":[],"FAQPage":[],"Movie":[],"Person":[],"Product":[],"ProductReview":[],"Car":[],"Recipe":[],"Service":[],"SoftwareApplication":[],"WebPage":[]},"graphName":"BlogPosting","isEnabled":true},"graphs":[]},"schema_type":"default","schema_type_options":null,"pillar_content":false,"robots_default":true,"robots_noindex":false,"robots_noarchive":false,"robots_nosnippet":false,"robots_nofollow":false,"robots_noimageindex":false,"robots_noodp":false,"robots_notranslate":false,"robots_max_snippet":"-1","robots_max_videopreview":"-1","robots_max_imagepreview":"large","priority":null,"frequency":"default","local_seo":null,"seo_analyzer_scan_date":"2025-10-09 03:56:18","breadcrumb_settings":null,"limit_modified_date":false,"reviewed_by":null,"open_ai":"{\"title\":{\"suggestions\":[],\"usage\":0},\"description\":{\"suggestions\":[],\"usage\":0}}","ai":null,"created":"2025-04-01 22:44:01","updated":"2026-02-04 22:39:01"},"aioseo_breadcrumb":"<div class=\"aioseo-breadcrumbs\"><span class=\"aioseo-breadcrumb\">\n\t<a href=\"https:\/\/soymigrante.com\/revista\" title=\"Home\">Home<\/a>\n<\/span><span class=\"aioseo-breadcrumb-separator\">\u00bb<\/span><span class=\"aioseo-breadcrumb\">\n\t<a href=\"https:\/\/soymigrante.com\/revista\/category\/guate-nuestra\/\" title=\"Guate Nuestra\">Guate Nuestra<\/a>\n<\/span><span class=\"aioseo-breadcrumb-separator\">\u00bb<\/span><span class=\"aioseo-breadcrumb\">\n\tC\u00f3smica es un prisma  de colorida tradici\u00f3n textil maya y est\u00e1 en MERCADO\n<\/span><\/div>","aioseo_breadcrumb_json":[{"label":"Home","link":"https:\/\/soymigrante.com\/revista"},{"label":"Guate Nuestra","link":"https:\/\/soymigrante.com\/revista\/category\/guate-nuestra\/"},{"label":"C\u00f3smica es un prisma  de colorida tradici\u00f3n textil maya y est\u00e1 en MERCADO","link":"https:\/\/soymigrante.com\/revista\/cosmica-es-un-prisma-de-colorida-tradicion-textil-maya-y-esta-en-mercado\/"}],"_links":{"self":[{"href":"https:\/\/soymigrante.com\/revista\/wp-json\/wp\/v2\/posts\/29859","targetHints":{"allow":["GET"]}}],"collection":[{"href":"https:\/\/soymigrante.com\/revista\/wp-json\/wp\/v2\/posts"}],"about":[{"href":"https:\/\/soymigrante.com\/revista\/wp-json\/wp\/v2\/types\/post"}],"author":[{"embeddable":true,"href":"https:\/\/soymigrante.com\/revista\/wp-json\/wp\/v2\/users\/7"}],"replies":[{"embeddable":true,"href":"https:\/\/soymigrante.com\/revista\/wp-json\/wp\/v2\/comments?post=29859"}],"version-history":[{"count":10,"href":"https:\/\/soymigrante.com\/revista\/wp-json\/wp\/v2\/posts\/29859\/revisions"}],"predecessor-version":[{"id":40489,"href":"https:\/\/soymigrante.com\/revista\/wp-json\/wp\/v2\/posts\/29859\/revisions\/40489"}],"wp:featuredmedia":[{"embeddable":true,"href":"https:\/\/soymigrante.com\/revista\/wp-json\/wp\/v2\/media\/29860"}],"wp:attachment":[{"href":"https:\/\/soymigrante.com\/revista\/wp-json\/wp\/v2\/media?parent=29859"}],"wp:term":[{"taxonomy":"category","embeddable":true,"href":"https:\/\/soymigrante.com\/revista\/wp-json\/wp\/v2\/categories?post=29859"},{"taxonomy":"post_tag","embeddable":true,"href":"https:\/\/soymigrante.com\/revista\/wp-json\/wp\/v2\/tags?post=29859"}],"curies":[{"name":"wp","href":"https:\/\/api.w.org\/{rel}","templated":true}]}}