{"id":29827,"date":"2025-04-01T18:39:21","date_gmt":"2025-04-02T00:39:21","guid":{"rendered":"https:\/\/soymigrante.com\/revista\/?p=29827"},"modified":"2025-04-01T18:40:34","modified_gmt":"2025-04-02T00:40:34","slug":"el-maestro-hector-gomez-lleva-la-musica-sacra-de-cuaresma-y-semana-santa-en-el-alma","status":"publish","type":"post","link":"https:\/\/soymigrante.com\/revista\/el-maestro-hector-gomez-lleva-la-musica-sacra-de-cuaresma-y-semana-santa-en-el-alma\/","title":{"rendered":"El maestro H\u00e9ctor G\u00f3mez lleva la m\u00fasica sacra de Cuaresma y Semana Santa en el alma"},"content":{"rendered":"\t\t<div data-elementor-type=\"wp-post\" data-elementor-id=\"29827\" class=\"elementor elementor-29827\" data-elementor-post-type=\"post\">\n\t\t\t\t<div data-particle_enable=\"false\" data-particle-mobile-disabled=\"false\" class=\"elementor-element elementor-element-0549bcb e-flex e-con-boxed e-con e-parent\" data-id=\"0549bcb\" data-element_type=\"container\" data-e-type=\"container\">\n\t\t\t\t\t<div class=\"e-con-inner\">\n\t\t\t\t<div class=\"elementor-element elementor-element-93da7cd elementor-widget elementor-widget-heading\" data-id=\"93da7cd\" data-element_type=\"widget\" data-e-type=\"widget\" data-widget_type=\"heading.default\">\n\t\t\t\t\t<h2 class=\"elementor-heading-title elementor-size-default\">H\u00e9ctor G\u00f3mez es un apasionado de la m\u00fasica sacra que la lleva en el coraz\u00f3n durante las procesiones. <\/h2>\t\t\t\t<\/div>\n\t\t\t\t\t<\/div>\n\t\t\t\t<\/div>\n\t\t<div data-particle_enable=\"false\" data-particle-mobile-disabled=\"false\" class=\"elementor-element elementor-element-b856fdf e-flex e-con-boxed e-con e-parent\" data-id=\"b856fdf\" data-element_type=\"container\" data-e-type=\"container\">\n\t\t\t\t\t<div class=\"e-con-inner\">\n\t\t\t\t<div class=\"elementor-element elementor-element-eb18d01 elementor-widget elementor-widget-text-editor\" data-id=\"eb18d01\" data-element_type=\"widget\" data-e-type=\"widget\" data-widget_type=\"text-editor.default\">\n\t\t\t\t\t\t\t\t\t<p><a href=\"https:\/\/soymigrante.com\/revista\/galeria-de-indumentarias-de-devotos-y-cucuruchos-de-cuaresma-y-semana-santa-guatemalteca\/\" target=\"_blank\" rel=\"noopener\">Las procesiones en Guatemala son una de las expresiones de fe<\/a> m\u00e1s arraigadas en la cultura del pa\u00eds.<\/p><p>En ellas, la m\u00fasica juega un papel esencial, transportando a los devotos a un encuentro espiritual a trav\u00e9s de cada nota.<\/p><p>Detr\u00e1s de estas interpretaciones hay m\u00fasicos dedicados, como H\u00e9ctor Alfredo G\u00f3mez Barillas, un maestro de educaci\u00f3n musical cuya vida ha estado <a href=\"https:\/\/soymigrante.com\/revista\/galeria-de-indumentarias-de-devotos-y-cucuruchos-de-cuaresma-y-semana-santa-guatemalteca\/\" target=\"_blank\" rel=\"noopener\">marcada por su amor a la m\u00fasica sacra y su vocaci\u00f3n de ense\u00f1anza.<\/a><\/p>\t\t\t\t\t\t\t\t<\/div>\n\t\t\t\t\t<\/div>\n\t\t\t\t<\/div>\n\t\t<div data-particle_enable=\"false\" data-particle-mobile-disabled=\"false\" class=\"elementor-element elementor-element-e69da3a e-flex e-con-boxed e-con e-parent\" data-id=\"e69da3a\" data-element_type=\"container\" data-e-type=\"container\">\n\t\t\t\t\t<div class=\"e-con-inner\">\n\t\t\t\t<div class=\"elementor-element elementor-element-b973964 elementor-widget elementor-widget-video\" data-id=\"b973964\" data-element_type=\"widget\" data-e-type=\"widget\" data-settings=\"{&quot;youtube_url&quot;:&quot;https:\\\/\\\/www.youtube.com\\\/watch?v=-Nq-9dbfns4&quot;,&quot;video_type&quot;:&quot;youtube&quot;,&quot;controls&quot;:&quot;yes&quot;}\" data-widget_type=\"video.default\">\n\t\t\t\t\t\t\t<div class=\"elementor-wrapper elementor-open-inline\">\n\t\t\t<div class=\"elementor-video\"><\/div>\t\t<\/div>\n\t\t\t\t\t\t<\/div>\n\t\t\t\t\t<\/div>\n\t\t\t\t<\/div>\n\t\t<div data-particle_enable=\"false\" data-particle-mobile-disabled=\"false\" class=\"elementor-element elementor-element-93d9ce1 e-flex e-con-boxed e-con e-parent\" data-id=\"93d9ce1\" data-element_type=\"container\" data-e-type=\"container\">\n\t\t\t\t\t<div class=\"e-con-inner\">\n\t\t\t\t<div class=\"elementor-element elementor-element-1151ca9 elementor-widget elementor-widget-heading\" data-id=\"1151ca9\" data-element_type=\"widget\" data-e-type=\"widget\" data-widget_type=\"heading.default\">\n\t\t\t\t\t<h3 class=\"elementor-heading-title elementor-size-default\">El inicio de un camino musical<\/h3>\t\t\t\t<\/div>\n\t\t\t\t\t<\/div>\n\t\t\t\t<\/div>\n\t\t<div data-particle_enable=\"false\" data-particle-mobile-disabled=\"false\" class=\"elementor-element elementor-element-9ba503f e-flex e-con-boxed e-con e-parent\" data-id=\"9ba503f\" data-element_type=\"container\" data-e-type=\"container\">\n\t\t\t\t\t<div class=\"e-con-inner\">\n\t\t\t\t<div class=\"elementor-element elementor-element-a3a058e elementor-widget elementor-widget-text-editor\" data-id=\"a3a058e\" data-element_type=\"widget\" data-e-type=\"widget\" data-widget_type=\"text-editor.default\">\n\t\t\t\t\t\t\t\t\t<p>H\u00e9ctor G\u00f3mez naci\u00f3 en 1971 en Antigua Guatemala, un lugar reconocido por su fervor religioso y sus imponentes cortejos procesionales.<\/p><p>Desde ni\u00f1o, <a href=\"https:\/\/soymigrante.com\/revista\/galeria-de-indumentarias-de-devotos-y-cucuruchos-de-cuaresma-y-semana-santa-guatemalteca\/\" target=\"_blank\" rel=\"noopener\">la m\u00fasica captur\u00f3 su atenci\u00f3n<\/a>, y muy pronto comenz\u00f3 a formar parte de bandas musicales.<\/p>\t\t\t\t\t\t\t\t<\/div>\n\t\t\t\t\t<\/div>\n\t\t\t\t<\/div>\n\t\t<div data-particle_enable=\"false\" data-particle-mobile-disabled=\"false\" class=\"elementor-element elementor-element-24adb79 e-flex e-con-boxed e-con e-parent\" data-id=\"24adb79\" data-element_type=\"container\" data-e-type=\"container\">\n\t\t\t\t\t<div class=\"e-con-inner\">\n\t\t\t\t<div class=\"elementor-element elementor-element-77205c3 elementor-widget elementor-widget-text-editor\" data-id=\"77205c3\" data-element_type=\"widget\" data-e-type=\"widget\" data-widget_type=\"text-editor.default\">\n\t\t\t\t\t\t\t\t\t<p><a href=\"https:\/\/soymigrante.com\/revista\/galeria-de-indumentarias-de-devotos-y-cucuruchos-de-cuaresma-y-semana-santa-guatemalteca\/\" target=\"_blank\" rel=\"noopener\">Su primer acercamiento fue de manera emp\u00edrica<\/a>, pero su talento y determinaci\u00f3n lo llevaron a ingresar al Conservatorio de M\u00fasica a los 16 a\u00f1os, mientras tambi\u00e9n recib\u00eda formaci\u00f3n en la Escuela de M\u00fasica.<\/p><p><a href=\"https:\/\/soymigrante.com\/revista\/galeria-de-indumentarias-de-devotos-y-cucuruchos-de-cuaresma-y-semana-santa-guatemalteca\/\" target=\"_blank\" rel=\"noopener\">El primer instrumento que aprendi\u00f3 a ejecutar fue la lira, con la que encontr\u00f3 su conexi\u00f3n con las marchas f\u00fanebres<\/a> y las procesiones. Su amor por estas tradiciones creci\u00f3 al lado de su padre, quien lo llevaba a ver los cortejos en las calles empedradas de Antigua Guatemala. Desde entonces, supo que quer\u00eda ser parte de las bandas procesionales, y a lo largo de los a\u00f1os perfeccion\u00f3 su interpretaci\u00f3n de la lira, el clarinete y la flauta piccolo.<\/p>\t\t\t\t\t\t\t\t<\/div>\n\t\t\t\t\t<\/div>\n\t\t\t\t<\/div>\n\t\t<div data-particle_enable=\"false\" data-particle-mobile-disabled=\"false\" class=\"elementor-element elementor-element-3928432 e-flex e-con-boxed e-con e-parent\" data-id=\"3928432\" data-element_type=\"container\" data-e-type=\"container\">\n\t\t\t\t\t<div class=\"e-con-inner\">\n\t\t\t\t<div class=\"elementor-element elementor-element-f8f5855 elementor-widget elementor-widget-heading\" data-id=\"f8f5855\" data-element_type=\"widget\" data-e-type=\"widget\" data-widget_type=\"heading.default\">\n\t\t\t\t\t<h3 class=\"elementor-heading-title elementor-size-default\">Una vida dedicada a la ense\u00f1anza y a la m\u00fasica sacra<\/h3>\t\t\t\t<\/div>\n\t\t\t\t\t<\/div>\n\t\t\t\t<\/div>\n\t\t<div data-particle_enable=\"false\" data-particle-mobile-disabled=\"false\" class=\"elementor-element elementor-element-bae2945 e-flex e-con-boxed e-con e-parent\" data-id=\"bae2945\" data-element_type=\"container\" data-e-type=\"container\">\n\t\t\t\t\t<div class=\"e-con-inner\">\n\t\t\t\t<div class=\"elementor-element elementor-element-3bcdf82 elementor-widget elementor-widget-text-editor\" data-id=\"3bcdf82\" data-element_type=\"widget\" data-e-type=\"widget\" data-widget_type=\"text-editor.default\">\n\t\t\t\t\t\t\t\t\t<p>Si bien su pasi\u00f3n por la m\u00fasica lo ha llevado <a href=\"https:\/\/soymigrante.com\/revista\/galeria-de-indumentarias-de-devotos-y-cucuruchos-de-cuaresma-y-semana-santa-guatemalteca\/\" target=\"_blank\" rel=\"noopener\">a recorrer diferentes escenarios procesionales<\/a>, lo que m\u00e1s lo motiva es la ense\u00f1anza.<\/p><p>Como docente de educaci\u00f3n musical en escuelas del gobierno, G\u00f3mez busca que sus estudiantes encuentren en la m\u00fasica un espacio de expresi\u00f3n y crecimiento.<\/p>\t\t\t\t\t\t\t\t<\/div>\n\t\t\t\t\t<\/div>\n\t\t\t\t<\/div>\n\t\t<div data-particle_enable=\"false\" data-particle-mobile-disabled=\"false\" class=\"elementor-element elementor-element-2d01047 e-flex e-con-boxed e-con e-parent\" data-id=\"2d01047\" data-element_type=\"container\" data-e-type=\"container\">\n\t\t\t\t\t<div class=\"e-con-inner\">\n\t\t\t\t<div class=\"elementor-element elementor-element-ab75a30 elementor-invisible elementor-widget elementor-widget-testimonial\" data-id=\"ab75a30\" data-element_type=\"widget\" data-e-type=\"widget\" data-settings=\"{&quot;_animation&quot;:&quot;rotateInUpRight&quot;}\" data-widget_type=\"testimonial.default\">\n\t\t\t\t\t\t\t<div class=\"elementor-testimonial-wrapper\">\n\t\t\t\t\t\t\t<div class=\"elementor-testimonial-content\">\u201cMe inspira ayudar a los ni\u00f1os a desempe\u00f1arse en el \u00e1mbito musical, que puedan encontrar en la m\u00fasica un desahogo y compartir su talento con los dem\u00e1s\u201d.\n<\/div>\n\t\t\t\n\t\t\t\t\t\t<div class=\"elementor-testimonial-meta elementor-has-image elementor-testimonial-image-position-aside\">\n\t\t\t\t<div class=\"elementor-testimonial-meta-inner\">\n\t\t\t\t\t\t\t\t\t\t\t<div class=\"elementor-testimonial-image\">\n\t\t\t\t\t\t\t<img fetchpriority=\"high\" decoding=\"async\" width=\"1440\" height=\"1440\" src=\"https:\/\/soymigrante.com\/revista\/wp-content\/uploads\/2025\/04\/He\u0301ctor-Go\u0301mez-foto-de-Marco-Pereira-scaled-e1743522233442.webp\" class=\"attachment-full size-full wp-image-29828\" alt=\"H\u00e9ctor G\u00f3mez: El maestro de la m\u00fasica sacra en el coraz\u00f3n\" title=\"He\u0301ctor Go\u0301mez foto de Marco Pereira \u2013 SoyMigrante.com REVISTA\" srcset=\"https:\/\/soymigrante.com\/revista\/wp-content\/uploads\/2025\/04\/He\u0301ctor-Go\u0301mez-foto-de-Marco-Pereira-scaled-e1743522233442.webp 1440w, https:\/\/soymigrante.com\/revista\/wp-content\/uploads\/2025\/04\/He\u0301ctor-Go\u0301mez-foto-de-Marco-Pereira-scaled-e1743522233442-300x300.webp 300w, https:\/\/soymigrante.com\/revista\/wp-content\/uploads\/2025\/04\/He\u0301ctor-Go\u0301mez-foto-de-Marco-Pereira-scaled-e1743522233442-1024x1024.webp 1024w, https:\/\/soymigrante.com\/revista\/wp-content\/uploads\/2025\/04\/He\u0301ctor-Go\u0301mez-foto-de-Marco-Pereira-scaled-e1743522233442-150x150.webp 150w, https:\/\/soymigrante.com\/revista\/wp-content\/uploads\/2025\/04\/He\u0301ctor-Go\u0301mez-foto-de-Marco-Pereira-scaled-e1743522233442-768x768.webp 768w, https:\/\/soymigrante.com\/revista\/wp-content\/uploads\/2025\/04\/He\u0301ctor-Go\u0301mez-foto-de-Marco-Pereira-scaled-e1743522233442-75x75.webp 75w, https:\/\/soymigrante.com\/revista\/wp-content\/uploads\/2025\/04\/He\u0301ctor-Go\u0301mez-foto-de-Marco-Pereira-scaled-e1743522233442-750x750.webp 750w, https:\/\/soymigrante.com\/revista\/wp-content\/uploads\/2025\/04\/He\u0301ctor-Go\u0301mez-foto-de-Marco-Pereira-scaled-e1743522233442-1140x1140.webp 1140w\" sizes=\"(max-width: 1440px) 100vw, 1440px\" \/>\t\t\t\t\t\t<\/div>\n\t\t\t\t\t\n\t\t\t\t\t\t\t\t\t\t<div class=\"elementor-testimonial-details\">\n\t\t\t\t\t\t\t\t\t\t\t\t\t\t<div class=\"elementor-testimonial-name\">H\u00e9ctor G\u00f3mez<\/div>\n\t\t\t\t\t\t\t\t\t\t\t\t\t\t\t\t\t\t\t\t\t\t<div class=\"elementor-testimonial-job\">M\u00fasico<\/div>\n\t\t\t\t\t\t\t\t\t\t\t\t\t<\/div>\n\t\t\t\t\t\t\t\t\t<\/div>\n\t\t\t<\/div>\n\t\t\t\t\t<\/div>\n\t\t\t\t\t\t<\/div>\n\t\t\t\t\t<\/div>\n\t\t\t\t<\/div>\n\t\t<div data-particle_enable=\"false\" data-particle-mobile-disabled=\"false\" class=\"elementor-element elementor-element-236d010 e-flex e-con-boxed e-con e-parent\" data-id=\"236d010\" data-element_type=\"container\" data-e-type=\"container\">\n\t\t\t\t\t<div class=\"e-con-inner\">\n\t\t\t\t<div class=\"elementor-element elementor-element-1e9f2ba elementor-widget elementor-widget-text-editor\" data-id=\"1e9f2ba\" data-element_type=\"widget\" data-e-type=\"widget\" data-widget_type=\"text-editor.default\">\n\t\t\t\t\t\t\t\t\t<p>Desde 1985, ha sido parte de distintas bandas que han marcado la historia musical de Guatemala, pero su mayor logro ha sido la creaci\u00f3n de su propia agrupaci\u00f3n: la Banda H\u00e9ctor G\u00f3mez, integrada por 50 filarm\u00f3nicos que lo acompa\u00f1an en cada presentaci\u00f3n.<\/p><p>Su labor es altamente demandada, y cada a\u00f1o <a href=\"https:\/\/soymigrante.com\/revista\/galeria-de-indumentarias-de-devotos-y-cucuruchos-de-cuaresma-y-semana-santa-guatemalteca\/\" target=\"_blank\" rel=\"noopener\">las hermandades organizadoras de las procesiones<\/a> lo contactan con anticipaci\u00f3n para asegurar su participaci\u00f3n en los cortejos m\u00e1s importantes del pa\u00eds.<\/p>\t\t\t\t\t\t\t\t<\/div>\n\t\t\t\t\t<\/div>\n\t\t\t\t<\/div>\n\t\t<div data-particle_enable=\"false\" data-particle-mobile-disabled=\"false\" class=\"elementor-element elementor-element-883ea2a e-flex e-con-boxed e-con e-parent\" data-id=\"883ea2a\" data-element_type=\"container\" data-e-type=\"container\">\n\t\t\t\t\t<div class=\"e-con-inner\">\n\t\t\t\t<div class=\"elementor-element elementor-element-ec027c7 elementor-invisible elementor-widget elementor-widget-testimonial\" data-id=\"ec027c7\" data-element_type=\"widget\" data-e-type=\"widget\" data-settings=\"{&quot;_animation&quot;:&quot;rotateInUpRight&quot;}\" data-widget_type=\"testimonial.default\">\n\t\t\t\t\t\t\t<div class=\"elementor-testimonial-wrapper\">\n\t\t\t\t\t\t\t<div class=\"elementor-testimonial-content\">\u201cLa m\u00fasica tiene una funci\u00f3n especial: permite que las personas se transporten a una cercan\u00eda con Dios\u201d.<\/div>\n\t\t\t\n\t\t\t\t\t\t<div class=\"elementor-testimonial-meta elementor-has-image elementor-testimonial-image-position-aside\">\n\t\t\t\t<div class=\"elementor-testimonial-meta-inner\">\n\t\t\t\t\t\t\t\t\t\t\t<div class=\"elementor-testimonial-image\">\n\t\t\t\t\t\t\t<img fetchpriority=\"high\" decoding=\"async\" width=\"1440\" height=\"1440\" src=\"https:\/\/soymigrante.com\/revista\/wp-content\/uploads\/2025\/04\/He\u0301ctor-Go\u0301mez-foto-de-Marco-Pereira-scaled-e1743522233442.webp\" class=\"attachment-full size-full wp-image-29828\" alt=\"H\u00e9ctor G\u00f3mez: El maestro de la m\u00fasica sacra en el coraz\u00f3n\" title=\"He\u0301ctor Go\u0301mez foto de Marco Pereira \u2013 SoyMigrante.com REVISTA\" srcset=\"https:\/\/soymigrante.com\/revista\/wp-content\/uploads\/2025\/04\/He\u0301ctor-Go\u0301mez-foto-de-Marco-Pereira-scaled-e1743522233442.webp 1440w, https:\/\/soymigrante.com\/revista\/wp-content\/uploads\/2025\/04\/He\u0301ctor-Go\u0301mez-foto-de-Marco-Pereira-scaled-e1743522233442-300x300.webp 300w, https:\/\/soymigrante.com\/revista\/wp-content\/uploads\/2025\/04\/He\u0301ctor-Go\u0301mez-foto-de-Marco-Pereira-scaled-e1743522233442-1024x1024.webp 1024w, https:\/\/soymigrante.com\/revista\/wp-content\/uploads\/2025\/04\/He\u0301ctor-Go\u0301mez-foto-de-Marco-Pereira-scaled-e1743522233442-150x150.webp 150w, https:\/\/soymigrante.com\/revista\/wp-content\/uploads\/2025\/04\/He\u0301ctor-Go\u0301mez-foto-de-Marco-Pereira-scaled-e1743522233442-768x768.webp 768w, https:\/\/soymigrante.com\/revista\/wp-content\/uploads\/2025\/04\/He\u0301ctor-Go\u0301mez-foto-de-Marco-Pereira-scaled-e1743522233442-75x75.webp 75w, https:\/\/soymigrante.com\/revista\/wp-content\/uploads\/2025\/04\/He\u0301ctor-Go\u0301mez-foto-de-Marco-Pereira-scaled-e1743522233442-750x750.webp 750w, https:\/\/soymigrante.com\/revista\/wp-content\/uploads\/2025\/04\/He\u0301ctor-Go\u0301mez-foto-de-Marco-Pereira-scaled-e1743522233442-1140x1140.webp 1140w\" sizes=\"(max-width: 1440px) 100vw, 1440px\" \/>\t\t\t\t\t\t<\/div>\n\t\t\t\t\t\n\t\t\t\t\t\t\t\t\t\t<div class=\"elementor-testimonial-details\">\n\t\t\t\t\t\t\t\t\t\t\t\t\t\t<div class=\"elementor-testimonial-name\">H\u00e9ctor G\u00f3mez<\/div>\n\t\t\t\t\t\t\t\t\t\t\t\t\t\t\t\t\t\t\t\t\t\t<div class=\"elementor-testimonial-job\">M\u00fasico<\/div>\n\t\t\t\t\t\t\t\t\t\t\t\t\t<\/div>\n\t\t\t\t\t\t\t\t\t<\/div>\n\t\t\t<\/div>\n\t\t\t\t\t<\/div>\n\t\t\t\t\t\t<\/div>\n\t\t\t\t\t<\/div>\n\t\t\t\t<\/div>\n\t\t<div data-particle_enable=\"false\" data-particle-mobile-disabled=\"false\" class=\"elementor-element elementor-element-0cab7fd e-flex e-con-boxed e-con e-parent\" data-id=\"0cab7fd\" data-element_type=\"container\" data-e-type=\"container\">\n\t\t\t\t\t<div class=\"e-con-inner\">\n\t\t\t\t<div class=\"elementor-element elementor-element-144de56 elementor-widget elementor-widget-heading\" data-id=\"144de56\" data-element_type=\"widget\" data-e-type=\"widget\" data-widget_type=\"heading.default\">\n\t\t\t\t\t<h3 class=\"elementor-heading-title elementor-size-default\">Las procesiones que ha acompa\u00f1ado<\/h3>\t\t\t\t<\/div>\n\t\t\t\t\t<\/div>\n\t\t\t\t<\/div>\n\t\t<div data-particle_enable=\"false\" data-particle-mobile-disabled=\"false\" class=\"elementor-element elementor-element-5f4a5be e-flex e-con-boxed e-con e-parent\" data-id=\"5f4a5be\" data-element_type=\"container\" data-e-type=\"container\">\n\t\t\t\t\t<div class=\"e-con-inner\">\n\t\t\t\t<div class=\"elementor-element elementor-element-dd7d123 elementor-widget elementor-widget-text-editor\" data-id=\"dd7d123\" data-element_type=\"widget\" data-e-type=\"widget\" data-widget_type=\"text-editor.default\">\n\t\t\t\t\t\t\t\t\t<div>La trayectoria de H\u00e9ctor G\u00f3mez lo ha llevado a dirigir la m\u00fasica en algunas de las procesiones m\u00e1s emblem\u00e1ticas de Guatemala, entre ellas:<\/div><div>\u2022Sant\u00edsima Virgen de Dolores de La Merced (Domingo de Ramos y Viernes Santo)<\/div><div>\u2022Jes\u00fas Nazareno de La Merced de Antigua Guatemala (Domingo de Ramos y Viernes Santo)<\/div><div>\u2022Se\u00f1or Sepultado de San Felipe de La Antigua Guatemala<\/div><div>\u2022Jes\u00fas Nazareno del Perd\u00f3n de San Francisco El Grande<\/div><div>\u2022Se\u00f1or Sepultado de la Escuela de Cristo<\/div><div>\u2022Jes\u00fas Nazareno de las Tres Potencias<\/div><div>\u2022Se\u00f1or Jes\u00fas de Santa Ana<\/div><div>\u2022Jes\u00fas Nazareno de la Salvaci\u00f3n<\/div><div>\u2022Sant\u00edsima Virgen de la Soledad de San Felipe<\/div><div>\u2022Sant\u00edsima Virgen de la Soledad de la Escuela de Cristo<\/div><div>\u00a0<\/div><div>Para poder participar en estos eventos, G\u00f3mez debe coordinarse con las hermandades al menos un a\u00f1o antes. La planificaci\u00f3n incluye la selecci\u00f3n de repertorio, la organizaci\u00f3n de la banda y la preparaci\u00f3n de los m\u00fasicos.<\/div>\t\t\t\t\t\t\t\t<\/div>\n\t\t\t\t\t<\/div>\n\t\t\t\t<\/div>\n\t\t<div data-particle_enable=\"false\" data-particle-mobile-disabled=\"false\" class=\"elementor-element elementor-element-058ae3e e-flex e-con-boxed e-con e-parent\" data-id=\"058ae3e\" data-element_type=\"container\" data-e-type=\"container\">\n\t\t\t\t\t<div class=\"e-con-inner\">\n\t\t\t\t<div class=\"elementor-element elementor-element-d071108 elementor-widget elementor-widget-heading\" data-id=\"d071108\" data-element_type=\"widget\" data-e-type=\"widget\" data-widget_type=\"heading.default\">\n\t\t\t\t\t<h3 class=\"elementor-heading-title elementor-size-default\">Los desaf\u00edos de un maestro de la m\u00fasica sacra<\/h3>\t\t\t\t<\/div>\n\t\t\t\t\t<\/div>\n\t\t\t\t<\/div>\n\t\t<div data-particle_enable=\"false\" data-particle-mobile-disabled=\"false\" class=\"elementor-element elementor-element-fd33b35 e-flex e-con-boxed e-con e-parent\" data-id=\"fd33b35\" data-element_type=\"container\" data-e-type=\"container\">\n\t\t\t\t\t<div class=\"e-con-inner\">\n\t\t\t\t<div class=\"elementor-element elementor-element-9410e4a elementor-widget elementor-widget-text-editor\" data-id=\"9410e4a\" data-element_type=\"widget\" data-e-type=\"widget\" data-widget_type=\"text-editor.default\">\n\t\t\t\t\t\t\t\t\t<p><a href=\"https:\/\/soymigrante.com\/revista\/galeria-de-indumentarias-de-devotos-y-cucuruchos-de-cuaresma-y-semana-santa-guatemalteca\/\" target=\"_blank\" rel=\"noopener\">Aunque la m\u00fasica procesional evoca solemnidad y espiritualidad<\/a>, detr\u00e1s de cada interpretaci\u00f3n hay una gran responsabilidad.<\/p>\t\t\t\t\t\t\t\t<\/div>\n\t\t\t\t\t<\/div>\n\t\t\t\t<\/div>\n\t\t<div data-particle_enable=\"false\" data-particle-mobile-disabled=\"false\" class=\"elementor-element elementor-element-99e32ec e-flex e-con-boxed e-con e-parent\" data-id=\"99e32ec\" data-element_type=\"container\" data-e-type=\"container\">\n\t\t\t\t\t<div class=\"e-con-inner\">\n\t\t\t\t<div class=\"elementor-element elementor-element-01698f0 elementor-invisible elementor-widget elementor-widget-testimonial\" data-id=\"01698f0\" data-element_type=\"widget\" data-e-type=\"widget\" data-settings=\"{&quot;_animation&quot;:&quot;rotateInUpRight&quot;}\" data-widget_type=\"testimonial.default\">\n\t\t\t\t\t\t\t<div class=\"elementor-testimonial-wrapper\">\n\t\t\t\t\t\t\t<div class=\"elementor-testimonial-content\">\u201cDios es la motivaci\u00f3n para continuar con esta carrera y el compromiso de llevarle la m\u00fasica al Se\u00f1or. Hay nervios y preocupaci\u00f3n por todo lo que se debe dar ese d\u00eda, pero Dios nos ayuda\u201d.\n<\/div>\n\t\t\t\n\t\t\t\t\t\t<div class=\"elementor-testimonial-meta elementor-has-image elementor-testimonial-image-position-aside\">\n\t\t\t\t<div class=\"elementor-testimonial-meta-inner\">\n\t\t\t\t\t\t\t\t\t\t\t<div class=\"elementor-testimonial-image\">\n\t\t\t\t\t\t\t<img fetchpriority=\"high\" decoding=\"async\" width=\"1440\" height=\"1440\" src=\"https:\/\/soymigrante.com\/revista\/wp-content\/uploads\/2025\/04\/He\u0301ctor-Go\u0301mez-foto-de-Marco-Pereira-scaled-e1743522233442.webp\" class=\"attachment-full size-full wp-image-29828\" alt=\"H\u00e9ctor G\u00f3mez: El maestro de la m\u00fasica sacra en el coraz\u00f3n\" title=\"He\u0301ctor Go\u0301mez foto de Marco Pereira \u2013 SoyMigrante.com REVISTA\" srcset=\"https:\/\/soymigrante.com\/revista\/wp-content\/uploads\/2025\/04\/He\u0301ctor-Go\u0301mez-foto-de-Marco-Pereira-scaled-e1743522233442.webp 1440w, https:\/\/soymigrante.com\/revista\/wp-content\/uploads\/2025\/04\/He\u0301ctor-Go\u0301mez-foto-de-Marco-Pereira-scaled-e1743522233442-300x300.webp 300w, https:\/\/soymigrante.com\/revista\/wp-content\/uploads\/2025\/04\/He\u0301ctor-Go\u0301mez-foto-de-Marco-Pereira-scaled-e1743522233442-1024x1024.webp 1024w, https:\/\/soymigrante.com\/revista\/wp-content\/uploads\/2025\/04\/He\u0301ctor-Go\u0301mez-foto-de-Marco-Pereira-scaled-e1743522233442-150x150.webp 150w, https:\/\/soymigrante.com\/revista\/wp-content\/uploads\/2025\/04\/He\u0301ctor-Go\u0301mez-foto-de-Marco-Pereira-scaled-e1743522233442-768x768.webp 768w, https:\/\/soymigrante.com\/revista\/wp-content\/uploads\/2025\/04\/He\u0301ctor-Go\u0301mez-foto-de-Marco-Pereira-scaled-e1743522233442-75x75.webp 75w, https:\/\/soymigrante.com\/revista\/wp-content\/uploads\/2025\/04\/He\u0301ctor-Go\u0301mez-foto-de-Marco-Pereira-scaled-e1743522233442-750x750.webp 750w, https:\/\/soymigrante.com\/revista\/wp-content\/uploads\/2025\/04\/He\u0301ctor-Go\u0301mez-foto-de-Marco-Pereira-scaled-e1743522233442-1140x1140.webp 1140w\" sizes=\"(max-width: 1440px) 100vw, 1440px\" \/>\t\t\t\t\t\t<\/div>\n\t\t\t\t\t\n\t\t\t\t\t\t\t\t\t\t<div class=\"elementor-testimonial-details\">\n\t\t\t\t\t\t\t\t\t\t\t\t\t\t<div class=\"elementor-testimonial-name\">H\u00e9ctor G\u00f3mez<\/div>\n\t\t\t\t\t\t\t\t\t\t\t\t\t\t\t\t\t\t\t\t\t\t<div class=\"elementor-testimonial-job\">M\u00fasico<\/div>\n\t\t\t\t\t\t\t\t\t\t\t\t\t<\/div>\n\t\t\t\t\t\t\t\t\t<\/div>\n\t\t\t<\/div>\n\t\t\t\t\t<\/div>\n\t\t\t\t\t\t<\/div>\n\t\t\t\t\t<\/div>\n\t\t\t\t<\/div>\n\t\t<div data-particle_enable=\"false\" data-particle-mobile-disabled=\"false\" class=\"elementor-element elementor-element-71be4a9 e-flex e-con-boxed e-con e-parent\" data-id=\"71be4a9\" data-element_type=\"container\" data-e-type=\"container\">\n\t\t\t\t\t<div class=\"e-con-inner\">\n\t\t\t\t<div class=\"elementor-element elementor-element-67f46ae elementor-widget elementor-widget-text-editor\" data-id=\"67f46ae\" data-element_type=\"widget\" data-e-type=\"widget\" data-widget_type=\"text-editor.default\">\n\t\t\t\t\t\t\t\t\t<p>Como en toda actividad en vivo, pueden surgir imprevistos. G\u00f3mez menciona que durante algunas procesiones han enfrentado dificultades como la rotura de parches, da\u00f1os en los instrumentos o la ausencia de m\u00fasicos por emergencias. Sin embargo, <a href=\"https:\/\/soymigrante.com\/revista\/galeria-de-indumentarias-de-devotos-y-cucuruchos-de-cuaresma-y-semana-santa-guatemalteca\/\" target=\"_blank\" rel=\"noopener\">siempre encuentran la manera de resolver estos contratiempos para que la m\u00fasica no deje de sonar.<\/a><\/p><p>Con 40 a\u00f1os de experiencia en los cortejos procesionales, H\u00e9ctor G\u00f3mez se ha convertido en un referente de la m\u00fasica sacra en Guatemala.<\/p><p><a href=\"https:\/\/soymigrante.com\/revista\/galeria-de-indumentarias-de-devotos-y-cucuruchos-de-cuaresma-y-semana-santa-guatemalteca\/\" target=\"_blank\" rel=\"noopener\">Su pasi\u00f3n y entrega han hecho que su legado trascienda<\/a>, no solo en las procesiones, sino tambi\u00e9n en las nuevas generaciones de m\u00fasicos que \u00e9l mismo forma con dedicaci\u00f3n.<\/p>\t\t\t\t\t\t\t\t<\/div>\n\t\t\t\t\t<\/div>\n\t\t\t\t<\/div>\n\t\t<div data-particle_enable=\"false\" data-particle-mobile-disabled=\"false\" class=\"elementor-element elementor-element-539b90d e-flex e-con-boxed e-con e-parent\" data-id=\"539b90d\" data-element_type=\"container\" data-e-type=\"container\">\n\t\t\t\t\t<div class=\"e-con-inner\">\n\t\t\t\t<div class=\"elementor-element elementor-element-3930030 elementor-widget elementor-widget-video\" data-id=\"3930030\" data-element_type=\"widget\" data-e-type=\"widget\" data-settings=\"{&quot;youtube_url&quot;:&quot;https:\\\/\\\/www.youtube.com\\\/watch?v=iVqmjOWNZ8I&quot;,&quot;video_type&quot;:&quot;youtube&quot;,&quot;controls&quot;:&quot;yes&quot;}\" data-widget_type=\"video.default\">\n\t\t\t\t\t\t\t<div class=\"elementor-wrapper elementor-open-inline\">\n\t\t\t<div class=\"elementor-video\"><\/div>\t\t<\/div>\n\t\t\t\t\t\t<\/div>\n\t\t\t\t\t<\/div>\n\t\t\t\t<\/div>\n\t\t<div data-particle_enable=\"false\" data-particle-mobile-disabled=\"false\" class=\"elementor-element elementor-element-457ef6d e-flex e-con-boxed e-con e-parent\" data-id=\"457ef6d\" data-element_type=\"container\" data-e-type=\"container\">\n\t\t\t\t\t<div class=\"e-con-inner\">\n\t\t\t\t<div class=\"elementor-element elementor-element-4700027 elementor-widget elementor-widget-heading\" data-id=\"4700027\" data-element_type=\"widget\" data-e-type=\"widget\" data-widget_type=\"heading.default\">\n\t\t\t\t\t<h2 class=\"elementor-heading-title elementor-size-default\">Conoce m\u00e1s sobre la Semana Santa, ac\u00e1...<\/h2>\t\t\t\t<\/div>\n\t\t\t\t\t<\/div>\n\t\t\t\t<\/div>\n\t\t<div data-particle_enable=\"false\" data-particle-mobile-disabled=\"false\" class=\"elementor-element elementor-element-3642432 e-flex e-con-boxed e-con e-parent\" data-id=\"3642432\" data-element_type=\"container\" data-e-type=\"container\">\n\t\t\t\t\t<div class=\"e-con-inner\">\n\t\t\t\t<div class=\"elementor-element elementor-element-0c95916 elementor-grid-eael-col-3 elementor-grid-tablet-eael-col-2 elementor-grid-mobile-eael-col-1 elementor-widget elementor-widget-eael-post-grid\" data-id=\"0c95916\" data-element_type=\"widget\" data-e-type=\"widget\" data-settings=\"{&quot;eael_post_grid_columns&quot;:&quot;eael-col-3&quot;,&quot;eael_post_grid_columns_tablet&quot;:&quot;eael-col-2&quot;,&quot;eael_post_grid_columns_mobile&quot;:&quot;eael-col-1&quot;}\" data-widget_type=\"eael-post-grid.default\">\n\t\t\t\t\t<div id=\"eael-post-grid-0c95916\" class=\"eael-post-grid-container\">\n            <div class=\"eael-post-grid eael-post-appender eael-post-appender-0c95916 eael-post-grid-style-one\" data-layout-mode=\"masonry\"><article class=\"eael-grid-post  eael-post-grid-column eael-pg-post-27712 category-guate-nuestra\" data-id=\"27712\">\n        <div class=\"eael-grid-post-holder\">\n            <div class=\"eael-grid-post-holder-inner\"><div class=\"eael-entry-media\"><div class=\"eael-entry-overlay fade-in\"><i class=\"far fa-hand-pointer\" aria-hidden=\"true\"><\/i><a href=\"https:\/\/soymigrante.com\/revista\/fe-migrante-carlos-cano-regresa-cada-ano-a-vivir-la-devocion-de-semana-santa-en-guatemala\/\"><\/a><\/div><div class=\"eael-entry-thumbnail \">\n                <img decoding=\"async\" width=\"300\" height=\"300\" src=\"https:\/\/soymigrante.com\/revista\/wp-content\/uploads\/2025\/03\/Carlos-Cano2-1-e1741720778496-300x300-copy.webp\" class=\"attachment-large size-large wp-image-27998\" alt=\"Celebraci\u00f3n tradicional de la Semana Santa con procesiones y demostraciones culturales en Espa\u00f1a.\" srcset=\"https:\/\/soymigrante.com\/revista\/wp-content\/uploads\/2025\/03\/Carlos-Cano2-1-e1741720778496-300x300-copy.webp 300w, https:\/\/soymigrante.com\/revista\/wp-content\/uploads\/2025\/03\/Carlos-Cano2-1-e1741720778496-300x300-copy-150x150.webp 150w, https:\/\/soymigrante.com\/revista\/wp-content\/uploads\/2025\/03\/Carlos-Cano2-1-e1741720778496-300x300-copy-75x75.webp 75w\" sizes=\"(max-width: 300px) 100vw, 300px\" \/>\n            <\/div>\n        <\/div><div class=\"eael-entry-wrapper\"><header class=\"eael-entry-header\"><h2 class=\"eael-entry-title\"><a class=\"eael-grid-post-link\" href=\"https:\/\/soymigrante.com\/revista\/fe-migrante-carlos-cano-regresa-cada-ano-a-vivir-la-devocion-de-semana-santa-en-guatemala\/\" title=\"Fe migrante: Carlos Cano regresa cada a\u00f1o a vivir la devoci\u00f3n de Semana Santa en Guatemala\">Fe migrante: Carlos Cano regresa cada a\u00f1o a vivir la devoci\u00f3n de Semana Santa en Guatemala<\/a><\/h2><\/header><div class=\"eael-entry-content\">\n                        <div class=\"eael-grid-post-excerpt\"><a href=\"https:\/\/soymigrante.com\/revista\/fe-migrante-carlos-cano-regresa-cada-ano-a-vivir-la-devocion-de-semana-santa-en-guatemala\/\" class=\"eael-post-elements-readmore-btn\">CONOCE SU HISTORIA <\/a><\/div>\n                    <\/div><\/div><\/div>\n        <\/div>\n    <\/article><article class=\"eael-grid-post  eael-post-grid-column eael-pg-post-27268 category-guate-nuestra\" data-id=\"27268\">\n        <div class=\"eael-grid-post-holder\">\n            <div class=\"eael-grid-post-holder-inner\"><div class=\"eael-entry-media\"><div class=\"eael-entry-overlay fade-in\"><i class=\"far fa-hand-pointer\" aria-hidden=\"true\"><\/i><a href=\"https:\/\/soymigrante.com\/revista\/los-huertos-de-semana-santa-y-sus-historias-de-agradecimientos\/\"><\/a><\/div><div class=\"eael-entry-thumbnail \">\n                <img decoding=\"async\" width=\"303\" height=\"303\" src=\"https:\/\/soymigrante.com\/revista\/wp-content\/uploads\/2025\/03\/hnuertos--e1741284463853.webp\" class=\"attachment-large size-large wp-image-27269\" alt=\"Jard\u00edn floral decorativo con alfombra de flores coloridas y detalles tradicionales, exhibido en la Catedral de Antigua Guatemala durante la Semana Santa 2008.\" srcset=\"https:\/\/soymigrante.com\/revista\/wp-content\/uploads\/2025\/03\/hnuertos--e1741284463853.webp 303w, https:\/\/soymigrante.com\/revista\/wp-content\/uploads\/2025\/03\/hnuertos--e1741284463853-300x300.png 300w, https:\/\/soymigrante.com\/revista\/wp-content\/uploads\/2025\/03\/hnuertos--e1741284463853-150x150.png 150w, https:\/\/soymigrante.com\/revista\/wp-content\/uploads\/2025\/03\/hnuertos--e1741284463853-75x75.webp 75w\" sizes=\"(max-width: 303px) 100vw, 303px\" \/>\n            <\/div>\n        <\/div><div class=\"eael-entry-wrapper\"><header class=\"eael-entry-header\"><h2 class=\"eael-entry-title\"><a class=\"eael-grid-post-link\" href=\"https:\/\/soymigrante.com\/revista\/los-huertos-de-semana-santa-y-sus-historias-de-agradecimientos\/\" title=\"Los huertos de Semana Santa y sus historias de agradecimientos\">Los huertos de Semana Santa y sus historias de agradecimientos<\/a><\/h2><\/header><div class=\"eael-entry-content\">\n                        <div class=\"eael-grid-post-excerpt\"><a href=\"https:\/\/soymigrante.com\/revista\/los-huertos-de-semana-santa-y-sus-historias-de-agradecimientos\/\" class=\"eael-post-elements-readmore-btn\">CONOCE SU HISTORIA <\/a><\/div>\n                    <\/div><\/div><\/div>\n        <\/div>\n    <\/article><article class=\"eael-grid-post  eael-post-grid-column eael-pg-post-26140 category-guate-nuestra\" data-id=\"26140\">\n        <div class=\"eael-grid-post-holder\">\n            <div class=\"eael-grid-post-holder-inner\"><div class=\"eael-entry-media\"><div class=\"eael-entry-overlay fade-in\"><i class=\"far fa-hand-pointer\" aria-hidden=\"true\"><\/i><a href=\"https:\/\/soymigrante.com\/revista\/algunas-sugerencias-para-que-devotos-migrantes-vivan-mejor-la-cuaresma-y-semana-santa\/\"><\/a><\/div><div class=\"eael-entry-thumbnail \">\n                <img loading=\"lazy\" decoding=\"async\" width=\"720\" height=\"720\" src=\"https:\/\/soymigrante.com\/revista\/wp-content\/uploads\/2023\/03\/2-FOTOS-DE-NAZARENO-DE-CANDELARIA-CORTESIA-DE-LANZA-SAGRADA-4-e1740965775791.webp\" class=\"attachment-large size-large wp-image-615\" alt=\"\" srcset=\"https:\/\/soymigrante.com\/revista\/wp-content\/uploads\/2023\/03\/2-FOTOS-DE-NAZARENO-DE-CANDELARIA-CORTESIA-DE-LANZA-SAGRADA-4-e1740965775791.webp 720w, https:\/\/soymigrante.com\/revista\/wp-content\/uploads\/2023\/03\/2-FOTOS-DE-NAZARENO-DE-CANDELARIA-CORTESIA-DE-LANZA-SAGRADA-4-e1740965775791-300x300.webp 300w, https:\/\/soymigrante.com\/revista\/wp-content\/uploads\/2023\/03\/2-FOTOS-DE-NAZARENO-DE-CANDELARIA-CORTESIA-DE-LANZA-SAGRADA-4-e1740965775791-150x150.webp 150w, https:\/\/soymigrante.com\/revista\/wp-content\/uploads\/2023\/03\/2-FOTOS-DE-NAZARENO-DE-CANDELARIA-CORTESIA-DE-LANZA-SAGRADA-4-e1740965775791-75x75.webp 75w\" sizes=\"(max-width: 720px) 100vw, 720px\" \/>\n            <\/div>\n        <\/div><div class=\"eael-entry-wrapper\"><header class=\"eael-entry-header\"><h2 class=\"eael-entry-title\"><a class=\"eael-grid-post-link\" href=\"https:\/\/soymigrante.com\/revista\/algunas-sugerencias-para-que-devotos-migrantes-vivan-mejor-la-cuaresma-y-semana-santa\/\" title=\"Algunas sugerencias para que devotos migrantes vivan mejor la Cuaresma y Semana Santa\">Algunas sugerencias para que devotos migrantes vivan mejor la Cuaresma y Semana Santa<\/a><\/h2><\/header><div class=\"eael-entry-content\">\n                        <div class=\"eael-grid-post-excerpt\"><a href=\"https:\/\/soymigrante.com\/revista\/algunas-sugerencias-para-que-devotos-migrantes-vivan-mejor-la-cuaresma-y-semana-santa\/\" class=\"eael-post-elements-readmore-btn\">CONOCE SU HISTORIA <\/a><\/div>\n                    <\/div><\/div><\/div>\n        <\/div>\n    <\/article><\/div>\n            <div class=\"clearfix\"><\/div>\n        <\/div>\t\t\t\t<\/div>\n\t\t\t\t\t<\/div>\n\t\t\t\t<\/div>\n\t\t\t\t<\/div>\n\t\t","protected":false},"excerpt":{"rendered":"<p>H\u00e9ctor G\u00f3mez es un apasionado de la m\u00fasica sacra que la lleva en el coraz\u00f3n durante las procesiones. Las procesiones en Guatemala son una de las expresiones de fe m\u00e1s arraigadas en la cultura del pa\u00eds. En ellas, la m\u00fasica juega un papel esencial, transportando a los devotos a un encuentro espiritual a trav\u00e9s de [&hellip;]<\/p>\n","protected":false},"author":19,"featured_media":29828,"comment_status":"open","ping_status":"open","sticky":false,"template":"","format":"standard","meta":{"_acf_changed":false,"_eb_attr":"","footnotes":""},"categories":[58],"tags":[],"class_list":["post-29827","post","type-post","status-publish","format-standard","has-post-thumbnail","hentry","category-guate-nuestra"],"acf":[],"aioseo_notices":[],"aioseo_head":"\n\t\t<!-- All in One SEO Pro 4.9.6.2 - aioseo.com -->\n\t<meta name=\"description\" content=\"Los migrantes que viven en Estados Unidos pueden recordar la Cuaresma y Semana Santa para no sentir la nostalgia.\" \/>\n\t<meta name=\"robots\" content=\"max-snippet:-1, max-image-preview:large, max-video-preview:-1\" \/>\n\t<meta name=\"author\" content=\"Marysabel Aldana\"\/>\n\t<link rel=\"canonical\" href=\"https:\/\/soymigrante.com\/revista\/algunas-sugerencias-para-que-devotos-migrantes-vivan-mejor-la-cuaresma-y-semana-santa\/\" \/>\n\t<meta name=\"generator\" content=\"All in One SEO Pro (AIOSEO) 4.9.6.2\" \/>\n\n\t\t<link rel=\"preconnect\" href=\"https:\/\/fonts.googleapis.com\" crossorigin>\n<link rel=\"preconnect\" href=\"https:\/\/fonts.gstatic.com\" crossorigin>\n\t\t<meta property=\"og:locale\" content=\"es_ES\" \/>\n\t\t<meta property=\"og:site_name\" content=\"SoyMigrante.com REVISTA \u2013 Nuestra misi\u00f3n es reconocer y dignificar al migrante.\" \/>\n\t\t<meta property=\"og:type\" content=\"article\" \/>\n\t\t<meta property=\"og:title\" content=\"Algunas sugerencias para que devotos migrantes vivan mejor la Cuaresma y Semana Santa\" \/>\n\t\t<meta property=\"og:description\" content=\"Los migrantes que viven en Estados Unidos pueden recordar la Cuaresma y Semana Santa para no sentir la nostalgia.\" \/>\n\t\t<meta property=\"og:url\" content=\"https:\/\/soymigrante.com\/revista\/algunas-sugerencias-para-que-devotos-migrantes-vivan-mejor-la-cuaresma-y-semana-santa\/\" \/>\n\t\t<meta property=\"og:image\" content=\"https:\/\/soymigrante.com\/revista\/wp-content\/uploads\/2023\/03\/2-FOTOS-DE-NAZARENO-DE-CANDELARIA-CORTESIA-DE-LANZA-SAGRADA-4-e1740965775791.webp\" \/>\n\t\t<meta property=\"og:image:secure_url\" content=\"https:\/\/soymigrante.com\/revista\/wp-content\/uploads\/2023\/03\/2-FOTOS-DE-NAZARENO-DE-CANDELARIA-CORTESIA-DE-LANZA-SAGRADA-4-e1740965775791.webp\" \/>\n\t\t<meta property=\"og:image:width\" content=\"720\" \/>\n\t\t<meta property=\"og:image:height\" content=\"720\" \/>\n\t\t<meta property=\"article:published_time\" content=\"2025-03-03T11:00:00+00:00\" \/>\n\t\t<meta property=\"article:modified_time\" content=\"2025-03-03T01:37:08+00:00\" \/>\n\t\t<meta property=\"article:publisher\" content=\"https:\/\/www.facebook.com\/soymigrantecom\" \/>\n\t\t<meta name=\"twitter:card\" content=\"summary_large_image\" \/>\n\t\t<meta name=\"twitter:site\" content=\"@SoyMigrante_com\" \/>\n\t\t<meta name=\"twitter:title\" content=\"Algunas sugerencias para que devotos migrantes vivan mejor la Cuaresma y Semana Santa\" \/>\n\t\t<meta name=\"twitter:description\" content=\"Los migrantes que viven en Estados Unidos pueden recordar la Cuaresma y Semana Santa para no sentir la nostalgia.\" \/>\n\t\t<meta name=\"twitter:creator\" content=\"@SoyMigrante_com\" \/>\n\t\t<meta name=\"twitter:image\" content=\"https:\/\/soymigrante.com\/revista\/wp-content\/uploads\/2023\/03\/2-FOTOS-DE-NAZARENO-DE-CANDELARIA-CORTESIA-DE-LANZA-SAGRADA-4-e1740965775791.webp\" \/>\n\t\t<!-- All in One SEO Pro -->\r\n\t\t<title>Algunas sugerencias para que devotos migrantes vivan mejor la Cuaresma y Semana Santa<\/title>\n\n","aioseo_head_json":{"title":"Algunas sugerencias para que devotos migrantes vivan mejor la Cuaresma y Semana Santa","description":"Los migrantes que viven en Estados Unidos pueden recordar la Cuaresma y Semana Santa para no sentir la nostalgia.","canonical_url":"https:\/\/soymigrante.com\/revista\/algunas-sugerencias-para-que-devotos-migrantes-vivan-mejor-la-cuaresma-y-semana-santa\/","robots":"max-snippet:-1, max-image-preview:large, max-video-preview:-1","keywords":"","webmasterTools":{"miscellaneous":"&lt;link rel=\"preconnect\" href=\"https:\/\/fonts.googleapis.com\" crossorigin&gt;\n&lt;link rel=\"preconnect\" href=\"https:\/\/fonts.gstatic.com\" crossorigin&gt;"},"schema":null,"og:locale":"es_ES","og:site_name":"SoyMigrante.com REVISTA \u2013 Nuestra misi\u00f3n es reconocer y dignificar al migrante.","og:type":"article","og:title":"Algunas sugerencias para que devotos migrantes vivan mejor la Cuaresma y Semana Santa","og:description":"Los migrantes que viven en Estados Unidos pueden recordar la Cuaresma y Semana Santa para no sentir la nostalgia.","og:url":"https:\/\/soymigrante.com\/revista\/algunas-sugerencias-para-que-devotos-migrantes-vivan-mejor-la-cuaresma-y-semana-santa\/","og:image":"https:\/\/soymigrante.com\/revista\/wp-content\/uploads\/2023\/03\/2-FOTOS-DE-NAZARENO-DE-CANDELARIA-CORTESIA-DE-LANZA-SAGRADA-4-e1740965775791.webp","og:image:secure_url":"https:\/\/soymigrante.com\/revista\/wp-content\/uploads\/2023\/03\/2-FOTOS-DE-NAZARENO-DE-CANDELARIA-CORTESIA-DE-LANZA-SAGRADA-4-e1740965775791.webp","og:image:width":720,"og:image:height":720,"article:published_time":"2025-03-03T11:00:00+00:00","article:modified_time":"2025-03-03T01:37:08+00:00","article:publisher":"https:\/\/www.facebook.com\/soymigrantecom","twitter:card":"summary_large_image","twitter:site":"@SoyMigrante_com","twitter:title":"Algunas sugerencias para que devotos migrantes vivan mejor la Cuaresma y Semana Santa","twitter:description":"Los migrantes que viven en Estados Unidos pueden recordar la Cuaresma y Semana Santa para no sentir la nostalgia.","twitter:creator":"@SoyMigrante_com","twitter:image":"https:\/\/soymigrante.com\/revista\/wp-content\/uploads\/2023\/03\/2-FOTOS-DE-NAZARENO-DE-CANDELARIA-CORTESIA-DE-LANZA-SAGRADA-4-e1740965775791.webp"},"aioseo_meta_data":{"post_id":"29827","title":"Maestro H\u00e9ctor G\u00f3mez lleva la m\u00fasica de Semana Santa en el alma","description":"H\u00e9ctor G\u00f3mez es un apasionado de la m\u00fasica sacra que dirige bandas procesionales durante Cuaresma y Semana Santa. Lleva las partituras y marchas en el coraz\u00f3n.","keywords":null,"keyphrases":{"focus":{"keyphrase":"H\u00e9ctor G\u00f3mez","score":82,"analysis":{"keyphraseInTitle":{"score":9,"maxScore":9,"error":0},"keyphraseInDescription":{"score":9,"maxScore":9,"error":0},"keyphraseLength":{"score":9,"maxScore":9,"error":0,"length":4},"keyphraseInURL":{"score":5,"maxScore":5,"error":0},"keyphraseInIntroduction":{"score":3,"maxScore":9,"error":1},"keyphraseInSubHeadings":{"score":3,"maxScore":9,"error":1},"keyphraseInImageAlt":{"score":9,"maxScore":9,"error":0},"keywordDensity":{"type":"best","score":9,"maxScore":9,"error":0}}},"additional":[{"keyphrase":"H\u00e9ctor G\u00f3mez","score":87,"analysis":{"keyphraseInDescription":{"score":9,"maxScore":9,"error":0},"keyphraseLength":{"score":9,"maxScore":9,"error":0,"length":4},"keyphraseInIntroduction":{"score":3,"maxScore":9,"error":1},"keyphraseInImageAlt":{"score":9,"maxScore":9,"error":0},"keywordDensity":{"type":"best","score":9,"maxScore":9,"error":0}}},{"keyphrase":"M\u00fasica sacra","score":87,"analysis":{"keyphraseInDescription":{"score":9,"maxScore":9,"error":0},"keyphraseLength":{"score":9,"maxScore":9,"error":0,"length":3},"keyphraseInIntroduction":{"score":3,"maxScore":9,"error":1},"keyphraseInImageAlt":{"score":9,"maxScore":9,"error":0},"keywordDensity":{"type":"best","score":9,"maxScore":9,"error":0}}},{"keyphrase":"Semana Santa","score":67,"analysis":{"keyphraseInDescription":{"score":9,"maxScore":9,"error":0},"keyphraseLength":{"score":9,"maxScore":9,"error":0,"length":2},"keyphraseInIntroduction":{"score":3,"maxScore":9,"error":1},"keyphraseInImageAlt":{"score":9,"maxScore":9,"error":0},"keywordDensity":{"score":0,"type":"low","maxScore":9,"error":1}}},{"keyphrase":"M\u00fasica de Semana Santa","score":33,"analysis":{"keyphraseInDescription":{"score":3,"maxScore":9,"error":1},"keyphraseLength":{"score":6,"maxScore":9,"error":1,"length":5},"keyphraseInIntroduction":{"score":3,"maxScore":9,"error":1},"keyphraseInImageAlt":{"score":3,"maxScore":9,"error":1},"keywordDensity":{"score":0,"type":"low","maxScore":9,"error":1}}}]},"primary_term":null,"canonical_url":null,"og_title":null,"og_description":null,"og_object_type":"default","og_image_type":"default","og_image_url":null,"og_image_width":null,"og_image_height":null,"og_image_custom_url":null,"og_image_custom_fields":null,"og_video":"","og_custom_url":null,"og_article_section":null,"og_article_tags":null,"twitter_use_og":false,"twitter_card":"default","twitter_image_type":"default","twitter_image_url":null,"twitter_image_custom_url":null,"twitter_image_custom_fields":null,"twitter_title":null,"twitter_description":null,"schema":{"blockGraphs":[],"customGraphs":[],"default":{"data":{"Article":[],"Course":[],"Dataset":[],"FAQPage":[],"Movie":[],"Person":[],"Product":[],"ProductReview":[],"Car":[],"Recipe":[],"Service":[],"SoftwareApplication":[],"WebPage":[]},"graphName":"BlogPosting","isEnabled":true},"graphs":[]},"schema_type":"default","schema_type_options":null,"pillar_content":false,"robots_default":true,"robots_noindex":false,"robots_noarchive":false,"robots_nosnippet":false,"robots_nofollow":false,"robots_noimageindex":false,"robots_noodp":false,"robots_notranslate":false,"robots_max_snippet":"-1","robots_max_videopreview":"-1","robots_max_imagepreview":"large","priority":null,"frequency":"default","local_seo":null,"seo_analyzer_scan_date":"2025-10-09 03:57:27","breadcrumb_settings":null,"limit_modified_date":false,"reviewed_by":null,"open_ai":"{\"title\":{\"suggestions\":[],\"usage\":0},\"description\":{\"suggestions\":[],\"usage\":0}}","ai":null,"created":"2025-04-01 15:44:47","updated":"2026-02-04 22:39:01"},"aioseo_breadcrumb":"<div class=\"aioseo-breadcrumbs\"><span class=\"aioseo-breadcrumb\">\n\t<a href=\"https:\/\/soymigrante.com\/revista\" title=\"Home\">Home<\/a>\n<\/span><span class=\"aioseo-breadcrumb-separator\">\u00bb<\/span><span class=\"aioseo-breadcrumb\">\n\t<a href=\"https:\/\/soymigrante.com\/revista\/category\/guate-nuestra\/\" title=\"Guate Nuestra\">Guate Nuestra<\/a>\n<\/span><span class=\"aioseo-breadcrumb-separator\">\u00bb<\/span><span class=\"aioseo-breadcrumb\">\n\tEl maestro H\u00e9ctor G\u00f3mez lleva la m\u00fasica sacra de Cuaresma y Semana Santa en el alma\n<\/span><\/div>","aioseo_breadcrumb_json":[{"label":"Home","link":"https:\/\/soymigrante.com\/revista"},{"label":"Guate Nuestra","link":"https:\/\/soymigrante.com\/revista\/category\/guate-nuestra\/"},{"label":"El maestro H\u00e9ctor G\u00f3mez lleva la m\u00fasica sacra de Cuaresma y Semana Santa en el alma","link":"https:\/\/soymigrante.com\/revista\/el-maestro-hector-gomez-lleva-la-musica-sacra-de-cuaresma-y-semana-santa-en-el-alma\/"}],"_links":{"self":[{"href":"https:\/\/soymigrante.com\/revista\/wp-json\/wp\/v2\/posts\/29827","targetHints":{"allow":["GET"]}}],"collection":[{"href":"https:\/\/soymigrante.com\/revista\/wp-json\/wp\/v2\/posts"}],"about":[{"href":"https:\/\/soymigrante.com\/revista\/wp-json\/wp\/v2\/types\/post"}],"author":[{"embeddable":true,"href":"https:\/\/soymigrante.com\/revista\/wp-json\/wp\/v2\/users\/19"}],"replies":[{"embeddable":true,"href":"https:\/\/soymigrante.com\/revista\/wp-json\/wp\/v2\/comments?post=29827"}],"version-history":[{"count":0,"href":"https:\/\/soymigrante.com\/revista\/wp-json\/wp\/v2\/posts\/29827\/revisions"}],"wp:featuredmedia":[{"embeddable":true,"href":"https:\/\/soymigrante.com\/revista\/wp-json\/wp\/v2\/media\/29828"}],"wp:attachment":[{"href":"https:\/\/soymigrante.com\/revista\/wp-json\/wp\/v2\/media?parent=29827"}],"wp:term":[{"taxonomy":"category","embeddable":true,"href":"https:\/\/soymigrante.com\/revista\/wp-json\/wp\/v2\/categories?post=29827"},{"taxonomy":"post_tag","embeddable":true,"href":"https:\/\/soymigrante.com\/revista\/wp-json\/wp\/v2\/tags?post=29827"}],"curies":[{"name":"wp","href":"https:\/\/api.w.org\/{rel}","templated":true}]}}