{"id":29815,"date":"2025-04-02T06:00:00","date_gmt":"2025-04-02T12:00:00","guid":{"rendered":"https:\/\/soymigrante.com\/revista\/?p=29815"},"modified":"2025-04-17T06:34:21","modified_gmt":"2025-04-17T12:34:21","slug":"vuelos-internos-en-guatemala-rutas-y-destinos-para-ahorrar-tiempo","status":"publish","type":"post","link":"https:\/\/soymigrante.com\/revista\/vuelos-internos-en-guatemala-rutas-y-destinos-para-ahorrar-tiempo\/","title":{"rendered":"Vuelos internos en Guatemala: rutas y destinos para ahorrar tiempo"},"content":{"rendered":"\t\t<div data-elementor-type=\"wp-post\" data-elementor-id=\"29815\" class=\"elementor elementor-29815\" data-elementor-post-type=\"post\">\n\t\t\t\t<div data-particle_enable=\"false\" data-particle-mobile-disabled=\"false\" class=\"elementor-element elementor-element-c0fc9bf e-flex e-con-boxed e-con e-parent\" data-id=\"c0fc9bf\" data-element_type=\"container\" data-e-type=\"container\">\n\t\t\t\t\t<div class=\"e-con-inner\">\n\t\t\t\t<div class=\"elementor-element elementor-element-6deb1c9 elementor-widget elementor-widget-heading\" data-id=\"6deb1c9\" data-element_type=\"widget\" data-e-type=\"widget\" data-widget_type=\"heading.default\">\n\t\t\t\t\t<h2 class=\"elementor-heading-title elementor-size-default\">Los vuelos internos en Guatemala son para varios lugares, entre ellos Pet\u00e9n, Puerto Barrios y m\u00e1s. <\/h2>\t\t\t\t<\/div>\n\t\t\t\t\t<\/div>\n\t\t\t\t<\/div>\n\t\t<div data-particle_enable=\"false\" data-particle-mobile-disabled=\"false\" class=\"elementor-element elementor-element-42f8c72 e-flex e-con-boxed e-con e-parent\" data-id=\"42f8c72\" data-element_type=\"container\" data-e-type=\"container\">\n\t\t\t\t\t<div class=\"e-con-inner\">\n\t\t\t\t<div class=\"elementor-element elementor-element-95534a9 elementor-widget elementor-widget-text-editor\" data-id=\"95534a9\" data-element_type=\"widget\" data-e-type=\"widget\" data-widget_type=\"text-editor.default\">\n\t\t\t\t\t\t\t\t\t<p><a href=\"https:\/\/soymigrante.com\/revista\/vuelos-aeropuerto-la-aurora-de-guatemala-llegadas-y-salidas\/\" target=\"_blank\" rel=\"noopener\">Guatemala cuenta con una variedad de vuelos internos<\/a> que facilitan la conexi\u00f3n entre sus principales ciudades y destinos tur\u00edsticos.<\/p><p>A continuaci\u00f3n, se detallan algunas de las aerol\u00edneas y rutas disponibles:<\/p>\t\t\t\t\t\t\t\t<\/div>\n\t\t\t\t\t<\/div>\n\t\t\t\t<\/div>\n\t\t<div data-particle_enable=\"false\" data-particle-mobile-disabled=\"false\" class=\"elementor-element elementor-element-4a1db5d e-flex e-con-boxed e-con e-parent\" data-id=\"4a1db5d\" data-element_type=\"container\" data-e-type=\"container\">\n\t\t\t\t\t<div class=\"e-con-inner\">\n\t\t\t\t<div class=\"elementor-element elementor-element-a90578e elementor-widget elementor-widget-heading\" data-id=\"a90578e\" data-element_type=\"widget\" data-e-type=\"widget\" data-widget_type=\"heading.default\">\n\t\t\t\t\t<h3 class=\"elementor-heading-title elementor-size-default\">Transportes A\u00e9reos Guatemaltecos (TAG Airlines):<\/h3>\t\t\t\t<\/div>\n\t\t\t\t\t<\/div>\n\t\t\t\t<\/div>\n\t\t<div data-particle_enable=\"false\" data-particle-mobile-disabled=\"false\" class=\"elementor-element elementor-element-050b5b1 e-flex e-con-boxed e-con e-parent\" data-id=\"050b5b1\" data-element_type=\"container\" data-e-type=\"container\">\n\t\t\t\t\t<div class=\"e-con-inner\">\n\t\t\t\t<div class=\"elementor-element elementor-element-6cc4dd6 elementor-widget elementor-widget-text-editor\" data-id=\"6cc4dd6\" data-element_type=\"widget\" data-e-type=\"widget\" data-widget_type=\"text-editor.default\">\n\t\t\t\t\t\t\t\t\t<div>Fundada en 1961, TAG Airlines es la aerol\u00ednea bandera de Guatemala. <a href=\"https:\/\/soymigrante.com\/revista\/vuelos-aeropuerto-la-aurora-de-guatemala-llegadas-y-salidas\/\" target=\"_blank\" rel=\"noopener\">Ofrece vuelos regulares entre la Ciudad de Guatemala y varios destinos nacionales,<\/a> incluyendo:\u00a0<\/div><div><strong>\u2022Flores (Aeropuerto Internacional Mundo Maya):<\/strong> Este destino es la puerta de entrada a la regi\u00f3n de Pet\u00e9n, conocida por el Parque Nacional Tikal y otras zonas arqueol\u00f3gicas mayas.<\/div><div><strong>\u2022Puerto Barrios:<\/strong> Ubicado en la costa atl\u00e1ntica, es un punto clave para el comercio y el turismo en el Caribe guatemalteco.<\/div><div><strong>\u2022Quetzaltenango:<\/strong> La segunda ciudad m\u00e1s grande del pa\u00eds, conocida por su rica cultura y arquitectura colonial.<\/div><div><strong>\u2022Retalhuleu:<\/strong> Destino que alberga sitios arqueol\u00f3gicos y parques tem\u00e1ticos, atractivo para el turismo familiar.<\/div><div>\u00a0<\/div><div>Adem\u00e1s, TAG Airlines ha anunciado planes de expansi\u00f3n para incluir nuevas rutas dentro del pa\u00eds, fortaleciendo la conectividad a\u00e9rea nacional.\u00a0\u00a0<\/div>\t\t\t\t\t\t\t\t<\/div>\n\t\t\t\t\t<\/div>\n\t\t\t\t<\/div>\n\t\t<div data-particle_enable=\"false\" data-particle-mobile-disabled=\"false\" class=\"elementor-element elementor-element-7b9131f e-flex e-con-boxed e-con e-parent\" data-id=\"7b9131f\" data-element_type=\"container\" data-e-type=\"container\">\n\t\t\t\t\t<div class=\"e-con-inner\">\n\t\t\t\t<div class=\"elementor-element elementor-element-6d41bdb elementor-widget elementor-widget-image\" data-id=\"6d41bdb\" data-element_type=\"widget\" data-e-type=\"widget\" data-widget_type=\"image.default\">\n\t\t\t\t\t\t\t\t\t\t\t\t<figure class=\"wp-caption\">\n\t\t\t\t\t\t\t\t\t\t<img fetchpriority=\"high\" decoding=\"async\" width=\"768\" height=\"506\" src=\"https:\/\/soymigrante.com\/revista\/wp-content\/uploads\/2025\/04\/Vuelos-internos-en-Guatemala-Estos-son-los-lugares--1024x674.png\" class=\"attachment-large size-large wp-image-29818\" alt=\"Vuelos internos en Guatemala: Estos son los lugares\" srcset=\"https:\/\/soymigrante.com\/revista\/wp-content\/uploads\/2025\/04\/Vuelos-internos-en-Guatemala-Estos-son-los-lugares--1024x674.png 1024w, https:\/\/soymigrante.com\/revista\/wp-content\/uploads\/2025\/04\/Vuelos-internos-en-Guatemala-Estos-son-los-lugares--300x197.png 300w, https:\/\/soymigrante.com\/revista\/wp-content\/uploads\/2025\/04\/Vuelos-internos-en-Guatemala-Estos-son-los-lugares--768x505.png 768w, https:\/\/soymigrante.com\/revista\/wp-content\/uploads\/2025\/04\/Vuelos-internos-en-Guatemala-Estos-son-los-lugares--750x493.webp 750w, https:\/\/soymigrante.com\/revista\/wp-content\/uploads\/2025\/04\/Vuelos-internos-en-Guatemala-Estos-son-los-lugares--1140x750.webp 1140w, https:\/\/soymigrante.com\/revista\/wp-content\/uploads\/2025\/04\/Vuelos-internos-en-Guatemala-Estos-son-los-lugares-.webp 1441w\" sizes=\"(max-width: 768px) 100vw, 768px\" title=\"Vuelos internos en Guatemala: Estos son los lugares \u2013 SoyMigrante.com REVISTA\" \/>\t\t\t\t\t\t\t\t\t\t\t<figcaption class=\"widget-image-caption wp-caption-text\">Los vuelos en Guatemala est\u00e1n disponibles todos los d\u00edas. (Foto: Envato)<\/figcaption>\n\t\t\t\t\t\t\t\t\t\t<\/figure>\n\t\t\t\t\t\t\t\t\t<\/div>\n\t\t\t\t\t<\/div>\n\t\t\t\t<\/div>\n\t\t<div data-particle_enable=\"false\" data-particle-mobile-disabled=\"false\" class=\"elementor-element elementor-element-c6bcb68 e-flex e-con-boxed e-con e-parent\" data-id=\"c6bcb68\" data-element_type=\"container\" data-e-type=\"container\">\n\t\t\t\t\t<div class=\"e-con-inner\">\n\t\t\t\t<div class=\"elementor-element elementor-element-9b04054 elementor-widget elementor-widget-heading\" data-id=\"9b04054\" data-element_type=\"widget\" data-e-type=\"widget\" data-widget_type=\"heading.default\">\n\t\t\t\t\t<h3 class=\"elementor-heading-title elementor-size-default\">ARM Aviaci\u00f3n:<\/h3>\t\t\t\t<\/div>\n\t\t\t\t\t<\/div>\n\t\t\t\t<\/div>\n\t\t<div data-particle_enable=\"false\" data-particle-mobile-disabled=\"false\" class=\"elementor-element elementor-element-7b7362e e-flex e-con-boxed e-con e-parent\" data-id=\"7b7362e\" data-element_type=\"container\" data-e-type=\"container\">\n\t\t\t\t\t<div class=\"e-con-inner\">\n\t\t\t\t<div class=\"elementor-element elementor-element-3a4e431 elementor-widget elementor-widget-text-editor\" data-id=\"3a4e431\" data-element_type=\"widget\" data-e-type=\"widget\" data-widget_type=\"text-editor.default\">\n\t\t\t\t\t\t\t\t\t<div>Con m\u00e1s de 45 a\u00f1os de experiencia, ARM Aviaci\u00f3n <a href=\"https:\/\/soymigrante.com\/revista\/vuelos-aeropuerto-la-aurora-de-guatemala-llegadas-y-salidas\/\" target=\"_blank\" rel=\"noopener\">ofrece vuelos comerciales programados y ch\u00e1rter a diversos destinos nacionales<\/a>, tales como:\u00a0<\/div><div><strong>\u2022Flores:<\/strong> Similar a TAG Airlines, conecta la capital con la regi\u00f3n de Pet\u00e9n.\u00a0<\/div><div><strong>\u2022Puerto Barrios:<\/strong> Ofrece otra opci\u00f3n para acceder a la costa atl\u00e1ntica.<\/div><div><strong>\u2022Chiquimula:<\/strong> Ciudad en el oriente del pa\u00eds, cercana a la frontera con Honduras.<\/div><div><strong>\u2022Huehuetenango:<\/strong> Localizada en el altiplano occidental, conocida por su diversidad cultural y paisajes monta\u00f1osos.<\/div><div><strong>\u2022Quetzaltenango:<\/strong> Similar a TAG Airlines, conecta la capital con la segunda ciudad m\u00e1s grande del pa\u00eds.<\/div><div>\u00a0<\/div><div>ARM Aviaci\u00f3n tambi\u00e9n ofrece servicios especializados como vuelos privados, traslado de carga, ambulancia a\u00e9rea y m\u00e1s.\u00a0\u00a0<\/div>\t\t\t\t\t\t\t\t<\/div>\n\t\t\t\t\t<\/div>\n\t\t\t\t<\/div>\n\t\t<div data-particle_enable=\"false\" data-particle-mobile-disabled=\"false\" class=\"elementor-element elementor-element-f88936f e-flex e-con-boxed e-con e-parent\" data-id=\"f88936f\" data-element_type=\"container\" data-e-type=\"container\">\n\t\t\t\t\t<div class=\"e-con-inner\">\n\t\t\t\t<div class=\"elementor-element elementor-element-7f8935f elementor-widget elementor-widget-image\" data-id=\"7f8935f\" data-element_type=\"widget\" data-e-type=\"widget\" data-widget_type=\"image.default\">\n\t\t\t\t\t\t\t\t\t\t\t\t<figure class=\"wp-caption\">\n\t\t\t\t\t\t\t\t\t\t<img decoding=\"async\" width=\"768\" height=\"509\" src=\"https:\/\/soymigrante.com\/revista\/wp-content\/uploads\/2025\/04\/Vuelos-internos-en-Guatemala-Estos-son-los-lugares-3-1024x679.png\" class=\"attachment-large size-large wp-image-29819\" alt=\"Avi\u00f3n despegando en aeropuerto con vista panor\u00e1mica de la ventana, cielo al amanecer, ambiente de viajes y migraci\u00f3n internacional en SoyMigrante.com REVISTA.\" srcset=\"https:\/\/soymigrante.com\/revista\/wp-content\/uploads\/2025\/04\/Vuelos-internos-en-Guatemala-Estos-son-los-lugares-3-1024x679.png 1024w, https:\/\/soymigrante.com\/revista\/wp-content\/uploads\/2025\/04\/Vuelos-internos-en-Guatemala-Estos-son-los-lugares-3-300x199.png 300w, https:\/\/soymigrante.com\/revista\/wp-content\/uploads\/2025\/04\/Vuelos-internos-en-Guatemala-Estos-son-los-lugares-3-768x509.png 768w, https:\/\/soymigrante.com\/revista\/wp-content\/uploads\/2025\/04\/Vuelos-internos-en-Guatemala-Estos-son-los-lugares-3-750x498.webp 750w, https:\/\/soymigrante.com\/revista\/wp-content\/uploads\/2025\/04\/Vuelos-internos-en-Guatemala-Estos-son-los-lugares-3-1140x756.webp 1140w, https:\/\/soymigrante.com\/revista\/wp-content\/uploads\/2025\/04\/Vuelos-internos-en-Guatemala-Estos-son-los-lugares-3.webp 1432w\" sizes=\"(max-width: 768px) 100vw, 768px\" title=\"Vuelos internos en Guatemala: Estos son los lugares \u2013 SoyMigrante.com REVISTA\" \/>\t\t\t\t\t\t\t\t\t\t\t<figcaption class=\"widget-image-caption wp-caption-text\">Imagen que muestra la vista desde la sala de embarque de un aeropuerto, con un avi\u00f3n despegando al atardecer y un cielo con nubes, simbolizando el viaje, la migraci\u00f3n y las historias de migrantes en SoyMigrante.com REVISTA.<\/figcaption>\n\t\t\t\t\t\t\t\t\t\t<\/figure>\n\t\t\t\t\t\t\t\t\t<\/div>\n\t\t\t\t\t<\/div>\n\t\t\t\t<\/div>\n\t\t<div data-particle_enable=\"false\" data-particle-mobile-disabled=\"false\" class=\"elementor-element elementor-element-3252a45 e-flex e-con-boxed e-con e-parent\" data-id=\"3252a45\" data-element_type=\"container\" data-e-type=\"container\">\n\t\t\t\t\t<div class=\"e-con-inner\">\n\t\t\t\t<div class=\"elementor-element elementor-element-c619ed9 elementor-widget elementor-widget-heading\" data-id=\"c619ed9\" data-element_type=\"widget\" data-e-type=\"widget\" data-widget_type=\"heading.default\">\n\t\t\t\t\t<h3 class=\"elementor-heading-title elementor-size-default\">RACSA Airlines:<\/h3>\t\t\t\t<\/div>\n\t\t\t\t\t<\/div>\n\t\t\t\t<\/div>\n\t\t<div data-particle_enable=\"false\" data-particle-mobile-disabled=\"false\" class=\"elementor-element elementor-element-cd3f3f8 e-flex e-con-boxed e-con e-parent\" data-id=\"cd3f3f8\" data-element_type=\"container\" data-e-type=\"container\">\n\t\t\t\t\t<div class=\"e-con-inner\">\n\t\t\t\t<div class=\"elementor-element elementor-element-0439261 elementor-widget elementor-widget-text-editor\" data-id=\"0439261\" data-element_type=\"widget\" data-e-type=\"widget\" data-widget_type=\"text-editor.default\">\n\t\t\t\t\t\t\t\t\t<p>RACSA es una aerol\u00ednea privada que opera principalmente vuelos ch\u00e1rter de pasajeros y <a href=\"https:\/\/soymigrante.com\/revista\/vuelos-aeropuerto-la-aurora-de-guatemala-llegadas-y-salidas\/\" target=\"_blank\" rel=\"noopener\">carga a diversos destinos dentro de Guatemala.<\/a> Ha participado en operaciones de ayuda humanitaria y es miembro de la Asociaci\u00f3n de Aerol\u00edneas Privadas de Guatemala.<\/p>\t\t\t\t\t\t\t\t<\/div>\n\t\t\t\t\t<\/div>\n\t\t\t\t<\/div>\n\t\t<div data-particle_enable=\"false\" data-particle-mobile-disabled=\"false\" class=\"elementor-element elementor-element-41c239b e-flex e-con-boxed e-con e-parent\" data-id=\"41c239b\" data-element_type=\"container\" data-e-type=\"container\">\n\t\t\t\t\t<div class=\"e-con-inner\">\n\t\t\t\t<div class=\"elementor-element elementor-element-2d23a5e elementor-widget elementor-widget-heading\" data-id=\"2d23a5e\" data-element_type=\"widget\" data-e-type=\"widget\" data-widget_type=\"heading.default\">\n\t\t\t\t\t<h3 class=\"elementor-heading-title elementor-size-default\">Aeropuerto de Quetzaltenango y curiosidades:<\/h3>\t\t\t\t<\/div>\n\t\t\t\t\t<\/div>\n\t\t\t\t<\/div>\n\t\t<div data-particle_enable=\"false\" data-particle-mobile-disabled=\"false\" class=\"elementor-element elementor-element-6a0ce2b e-flex e-con-boxed e-con e-parent\" data-id=\"6a0ce2b\" data-element_type=\"container\" data-e-type=\"container\">\n\t\t\t\t\t<div class=\"e-con-inner\">\n\t\t\t\t<div class=\"elementor-element elementor-element-ae84889 elementor-widget elementor-widget-text-editor\" data-id=\"ae84889\" data-element_type=\"widget\" data-e-type=\"widget\" data-widget_type=\"text-editor.default\">\n\t\t\t\t\t\t\t\t\t<p>Elevado a categor\u00eda internacional el 4 de agosto de 2023, este aeropuerto sirve a la ciudad de Quetzaltenango y a los departamentos circundantes en el occidente del pa\u00eds.<\/p><p>Es el tercer aeropuerto internacional de Guatemala, junto con La Aurora y Mundo Maya. <\/p>\t\t\t\t\t\t\t\t<\/div>\n\t\t\t\t\t<\/div>\n\t\t\t\t<\/div>\n\t\t<div data-particle_enable=\"false\" data-particle-mobile-disabled=\"false\" class=\"elementor-element elementor-element-ee356cb e-flex e-con-boxed e-con e-parent\" data-id=\"ee356cb\" data-element_type=\"container\" data-e-type=\"container\">\n\t\t\t\t\t<div class=\"e-con-inner\">\n\t\t\t\t<div class=\"elementor-element elementor-element-3f23890 elementor-widget elementor-widget-text-editor\" data-id=\"3f23890\" data-element_type=\"widget\" data-e-type=\"widget\" data-widget_type=\"text-editor.default\">\n\t\t\t\t\t\t\t\t\t<p><a href=\"https:\/\/soymigrante.com\/revista\/vuelos-aeropuerto-la-aurora-de-guatemala-llegadas-y-salidas\/\" target=\"_blank\" rel=\"noopener\">Es recomendable contactar directamente a las aerol\u00edneas o agencias de viaje para obtener informaci\u00f3n actualizada<\/a> sobre horarios, frecuencias y disponibilidad de vuelos internos en Guatemala.<\/p>\t\t\t\t\t\t\t\t<\/div>\n\t\t\t\t\t<\/div>\n\t\t\t\t<\/div>\n\t\t<div data-particle_enable=\"false\" data-particle-mobile-disabled=\"false\" class=\"elementor-element elementor-element-23b0947 e-flex e-con-boxed e-con e-parent\" data-id=\"23b0947\" data-element_type=\"container\" data-e-type=\"container\">\n\t\t\t\t\t<div class=\"e-con-inner\">\n\t\t\t\t<div class=\"elementor-element elementor-element-40f9dfd elementor-widget elementor-widget-heading\" data-id=\"40f9dfd\" data-element_type=\"widget\" data-e-type=\"widget\" data-widget_type=\"heading.default\">\n\t\t\t\t\t<h2 class=\"elementor-heading-title elementor-size-default\">Conoce otros temas que te pueden interesar...<\/h2>\t\t\t\t<\/div>\n\t\t\t\t\t<\/div>\n\t\t\t\t<\/div>\n\t\t<div data-particle_enable=\"false\" data-particle-mobile-disabled=\"false\" class=\"elementor-element elementor-element-482ee1e e-flex e-con-boxed e-con e-parent\" data-id=\"482ee1e\" data-element_type=\"container\" data-e-type=\"container\">\n\t\t\t\t\t<div class=\"e-con-inner\">\n\t\t\t\t<div class=\"elementor-element elementor-element-66f9ea3 elementor-grid-eael-col-3 elementor-grid-tablet-eael-col-2 elementor-grid-mobile-eael-col-1 elementor-widget elementor-widget-eael-post-grid\" data-id=\"66f9ea3\" data-element_type=\"widget\" data-e-type=\"widget\" data-settings=\"{&quot;eael_post_grid_columns&quot;:&quot;eael-col-3&quot;,&quot;eael_post_grid_columns_tablet&quot;:&quot;eael-col-2&quot;,&quot;eael_post_grid_columns_mobile&quot;:&quot;eael-col-1&quot;}\" data-widget_type=\"eael-post-grid.default\">\n\t\t\t\t\t<div id=\"eael-post-grid-66f9ea3\" class=\"eael-post-grid-container\">\n            <div class=\"eael-post-grid eael-post-appender eael-post-appender-66f9ea3 eael-post-grid-style-one\" data-layout-mode=\"masonry\"><article class=\"eael-grid-post  eael-post-grid-column eael-pg-post-14173 category-recursos-migratorios\" data-id=\"14173\">\n        <div class=\"eael-grid-post-holder\">\n            <div class=\"eael-grid-post-holder-inner\"><div class=\"eael-entry-media\"><div class=\"eael-entry-overlay fade-in\"><i class=\"far fa-hand-pointer\" aria-hidden=\"true\"><\/i><a href=\"https:\/\/soymigrante.com\/revista\/documento-real-id-sera-obligatorio-para-vuelos-internos-en-usa-por-que-y-cuando\/\"><\/a><\/div><div class=\"eael-entry-thumbnail \">\n                <img decoding=\"async\" width=\"765\" height=\"752\" src=\"https:\/\/soymigrante.com\/revista\/wp-content\/uploads\/2024\/11\/real-id-obligatorio-vuelos-usa-1.webp\" class=\"attachment-large size-large wp-image-14174\" alt=\"Pasajeros en el aeropuerto con personal de inmigraci\u00f3n y control de seguridad, escenario com\u00fan para migrantes en tr\u00e1nsito en una terminal a\u00e9rea internacional.\" srcset=\"https:\/\/soymigrante.com\/revista\/wp-content\/uploads\/2024\/11\/real-id-obligatorio-vuelos-usa-1.webp 765w, https:\/\/soymigrante.com\/revista\/wp-content\/uploads\/2024\/11\/real-id-obligatorio-vuelos-usa-1-300x295.jpg 300w, https:\/\/soymigrante.com\/revista\/wp-content\/uploads\/2024\/11\/real-id-obligatorio-vuelos-usa-1-75x75.webp 75w, https:\/\/soymigrante.com\/revista\/wp-content\/uploads\/2024\/11\/real-id-obligatorio-vuelos-usa-1-750x737.webp 750w\" sizes=\"(max-width: 765px) 100vw, 765px\" \/>\n            <\/div>\n        <\/div><div class=\"eael-entry-wrapper\"><header class=\"eael-entry-header\"><h2 class=\"eael-entry-title\"><a class=\"eael-grid-post-link\" href=\"https:\/\/soymigrante.com\/revista\/documento-real-id-sera-obligatorio-para-vuelos-internos-en-usa-por-que-y-cuando\/\" title=\"Documento Real ID es obligatorio para vuelos internos en USA desde este 7 de mayo de 2025\">Documento Real ID es obligatorio para vuelos internos en USA desde este 7 de mayo de 2025<\/a><\/h2><\/header><div class=\"eael-entry-content\">\n                        <div class=\"eael-grid-post-excerpt\"><a href=\"https:\/\/soymigrante.com\/revista\/documento-real-id-sera-obligatorio-para-vuelos-internos-en-usa-por-que-y-cuando\/\" class=\"eael-post-elements-readmore-btn\">CONOCE SU HISTORIA <\/a><\/div>\n                    <\/div><\/div><\/div>\n        <\/div>\n    <\/article><article class=\"eael-grid-post  eael-post-grid-column eael-pg-post-29009 category-guate-nuestra\" data-id=\"29009\">\n        <div class=\"eael-grid-post-holder\">\n            <div class=\"eael-grid-post-holder-inner\"><div class=\"eael-entry-media\"><div class=\"eael-entry-overlay fade-in\"><i class=\"far fa-hand-pointer\" aria-hidden=\"true\"><\/i><a href=\"https:\/\/soymigrante.com\/revista\/vuelos-aeropuerto-la-aurora-de-guatemala-llegadas-y-salidas\/\"><\/a><\/div><div class=\"eael-entry-thumbnail \">\n                <img loading=\"lazy\" decoding=\"async\" width=\"1024\" height=\"1024\" src=\"https:\/\/soymigrante.com\/revista\/wp-content\/uploads\/2025\/03\/salidas-y-llegadas-aeropuerto-la-aurora-1024x1024.jpg\" class=\"attachment-large size-large wp-image-29011\" alt=\"Vuelo de avi\u00f3n en atardecer con cielo colorido, s\u00edmbolo de migraci\u00f3n y viajes internacionales.\" srcset=\"https:\/\/soymigrante.com\/revista\/wp-content\/uploads\/2025\/03\/salidas-y-llegadas-aeropuerto-la-aurora-1024x1024.jpg 1024w, https:\/\/soymigrante.com\/revista\/wp-content\/uploads\/2025\/03\/salidas-y-llegadas-aeropuerto-la-aurora-300x300.jpg 300w, https:\/\/soymigrante.com\/revista\/wp-content\/uploads\/2025\/03\/salidas-y-llegadas-aeropuerto-la-aurora-150x150.jpg 150w, https:\/\/soymigrante.com\/revista\/wp-content\/uploads\/2025\/03\/salidas-y-llegadas-aeropuerto-la-aurora-768x768.jpg 768w, https:\/\/soymigrante.com\/revista\/wp-content\/uploads\/2025\/03\/salidas-y-llegadas-aeropuerto-la-aurora-75x75.webp 75w, https:\/\/soymigrante.com\/revista\/wp-content\/uploads\/2025\/03\/salidas-y-llegadas-aeropuerto-la-aurora-750x750.webp 750w, https:\/\/soymigrante.com\/revista\/wp-content\/uploads\/2025\/03\/salidas-y-llegadas-aeropuerto-la-aurora-1140x1140.webp 1140w, https:\/\/soymigrante.com\/revista\/wp-content\/uploads\/2025\/03\/salidas-y-llegadas-aeropuerto-la-aurora.webp 1332w\" sizes=\"(max-width: 1024px) 100vw, 1024px\" \/>\n            <\/div>\n        <\/div><div class=\"eael-entry-wrapper\"><header class=\"eael-entry-header\"><h2 class=\"eael-entry-title\"><a class=\"eael-grid-post-link\" href=\"https:\/\/soymigrante.com\/revista\/vuelos-aeropuerto-la-aurora-de-guatemala-llegadas-y-salidas\/\" title=\"Vuelos Aeropuerto La Aurora de Guatemala  Llegadas y salidas\">Vuelos Aeropuerto La Aurora de Guatemala  Llegadas y salidas<\/a><\/h2><\/header><div class=\"eael-entry-content\">\n                        <div class=\"eael-grid-post-excerpt\"><a href=\"https:\/\/soymigrante.com\/revista\/vuelos-aeropuerto-la-aurora-de-guatemala-llegadas-y-salidas\/\" class=\"eael-post-elements-readmore-btn\">CONOCE SU HISTORIA <\/a><\/div>\n                    <\/div><\/div><\/div>\n        <\/div>\n    <\/article><article class=\"eael-grid-post  eael-post-grid-column eael-pg-post-1989 category-recursos-migratorios\" data-id=\"1989\">\n        <div class=\"eael-grid-post-holder\">\n            <div class=\"eael-grid-post-holder-inner\"><div class=\"eael-entry-media\"><div class=\"eael-entry-overlay fade-in\"><i class=\"far fa-hand-pointer\" aria-hidden=\"true\"><\/i><a href=\"https:\/\/soymigrante.com\/revista\/declaracion-jurada-viajero-guatemala-formulario\/\"><\/a><\/div><div class=\"eael-entry-thumbnail \">\n                <img loading=\"lazy\" decoding=\"async\" width=\"1024\" height=\"1024\" src=\"https:\/\/soymigrante.com\/revista\/wp-content\/uploads\/2023\/10\/formulario-entrar-salir-Guatemala-migratorio-declaracion-viajero-1024x1024.png\" class=\"attachment-large size-large wp-image-36876\" alt=\"C\u00f3mo llenar el formulario para entrar y salir de Guatemala\" srcset=\"https:\/\/soymigrante.com\/revista\/wp-content\/uploads\/2023\/10\/formulario-entrar-salir-Guatemala-migratorio-declaracion-viajero-1024x1024.png 1024w, https:\/\/soymigrante.com\/revista\/wp-content\/uploads\/2023\/10\/formulario-entrar-salir-Guatemala-migratorio-declaracion-viajero-300x300.png 300w, https:\/\/soymigrante.com\/revista\/wp-content\/uploads\/2023\/10\/formulario-entrar-salir-Guatemala-migratorio-declaracion-viajero-150x150.png 150w, https:\/\/soymigrante.com\/revista\/wp-content\/uploads\/2023\/10\/formulario-entrar-salir-Guatemala-migratorio-declaracion-viajero-768x768.png 768w, https:\/\/soymigrante.com\/revista\/wp-content\/uploads\/2023\/10\/formulario-entrar-salir-Guatemala-migratorio-declaracion-viajero-75x75.webp 75w, https:\/\/soymigrante.com\/revista\/wp-content\/uploads\/2023\/10\/formulario-entrar-salir-Guatemala-migratorio-declaracion-viajero-750x750.webp 750w, https:\/\/soymigrante.com\/revista\/wp-content\/uploads\/2023\/10\/formulario-entrar-salir-Guatemala-migratorio-declaracion-viajero.webp 1080w\" sizes=\"(max-width: 1024px) 100vw, 1024px\" \/>\n            <\/div>\n        <\/div><div class=\"eael-entry-wrapper\"><header class=\"eael-entry-header\"><h2 class=\"eael-entry-title\"><a class=\"eael-grid-post-link\" href=\"https:\/\/soymigrante.com\/revista\/declaracion-jurada-viajero-guatemala-formulario\/\" title=\"C\u00f3mo llenar el formulario para entrar y salir de Guatemala\">C\u00f3mo llenar el formulario para entrar y salir de Guatemala<\/a><\/h2><\/header><div class=\"eael-entry-content\">\n                        <div class=\"eael-grid-post-excerpt\"><a href=\"https:\/\/soymigrante.com\/revista\/declaracion-jurada-viajero-guatemala-formulario\/\" class=\"eael-post-elements-readmore-btn\">CONOCE SU HISTORIA <\/a><\/div>\n                    <\/div><\/div><\/div>\n        <\/div>\n    <\/article><\/div>\n            <div class=\"clearfix\"><\/div>\n        <\/div>\t\t\t\t<\/div>\n\t\t\t\t\t<\/div>\n\t\t\t\t<\/div>\n\t\t\t\t<\/div>\n\t\t","protected":false},"excerpt":{"rendered":"<p>Los vuelos internos en Guatemala son para varios lugares, entre ellos Pet\u00e9n, Puerto Barrios y m\u00e1s. Guatemala cuenta con una variedad de vuelos internos que facilitan la conexi\u00f3n entre sus principales ciudades y destinos tur\u00edsticos. A continuaci\u00f3n, se detallan algunas de las aerol\u00edneas y rutas disponibles: Transportes A\u00e9reos Guatemaltecos (TAG Airlines): Fundada en 1961, TAG [&hellip;]<\/p>\n","protected":false},"author":19,"featured_media":29816,"comment_status":"open","ping_status":"open","sticky":false,"template":"","format":"standard","meta":{"_acf_changed":false,"_eb_attr":"","footnotes":""},"categories":[58],"tags":[],"class_list":["post-29815","post","type-post","status-publish","format-standard","has-post-thumbnail","hentry","category-guate-nuestra"],"acf":[],"aioseo_notices":[],"aioseo_head":"\n\t\t<!-- All in One SEO Pro 4.9.6.2 - aioseo.com -->\n\t<meta name=\"description\" content=\"Gu\u00eda paso a paso para llenar el formulario SAT 2025 y entrar o salir de Guatemala sin contratiempos. Requisitos, enlaces, y consejos.\" \/>\n\t<meta name=\"robots\" content=\"max-snippet:-1, max-image-preview:large, max-video-preview:-1\" \/>\n\t<meta name=\"author\" content=\"SoyMigrante.com REVISTA\"\/>\n\t<link rel=\"canonical\" href=\"https:\/\/soymigrante.com\/revista\/declaracion-jurada-viajero-guatemala-formulario\/\" \/>\n\t<meta name=\"generator\" content=\"All in One SEO Pro (AIOSEO) 4.9.6.2\" \/>\n\n\t\t<link rel=\"preconnect\" href=\"https:\/\/fonts.googleapis.com\" crossorigin>\n<link rel=\"preconnect\" href=\"https:\/\/fonts.gstatic.com\" crossorigin>\n\t\t<meta property=\"og:locale\" content=\"es_ES\" \/>\n\t\t<meta property=\"og:site_name\" content=\"SoyMigrante.com REVISTA \u2013 Nuestra misi\u00f3n es reconocer y dignificar al migrante.\" \/>\n\t\t<meta property=\"og:type\" content=\"article\" \/>\n\t\t<meta property=\"og:title\" content=\"C\u00f3mo llenar la Declaraci\u00f3n Jurada del Viajero Guatemala\" \/>\n\t\t<meta property=\"og:description\" content=\"Gu\u00eda paso a paso para llenar el formulario SAT 2025 y entrar o salir de Guatemala sin contratiempos. Requisitos, enlaces, y consejos.\" \/>\n\t\t<meta property=\"og:url\" content=\"https:\/\/soymigrante.com\/revista\/declaracion-jurada-viajero-guatemala-formulario\/\" \/>\n\t\t<meta property=\"og:image\" content=\"https:\/\/soymigrante.com\/revista\/wp-content\/uploads\/2023\/10\/formulario-entrar-salir-Guatemala-migratorio-declaracion-viajero.webp\" \/>\n\t\t<meta property=\"og:image:secure_url\" content=\"https:\/\/soymigrante.com\/revista\/wp-content\/uploads\/2023\/10\/formulario-entrar-salir-Guatemala-migratorio-declaracion-viajero.webp\" \/>\n\t\t<meta property=\"og:image:width\" content=\"1080\" \/>\n\t\t<meta property=\"og:image:height\" content=\"1080\" \/>\n\t\t<meta property=\"article:published_time\" content=\"2023-10-02T16:01:31+00:00\" \/>\n\t\t<meta property=\"article:modified_time\" content=\"2025-10-01T20:04:48+00:00\" \/>\n\t\t<meta property=\"article:publisher\" content=\"https:\/\/www.facebook.com\/soymigrantecom\" \/>\n\t\t<meta name=\"twitter:card\" content=\"summary_large_image\" \/>\n\t\t<meta name=\"twitter:site\" content=\"@SoyMigrante_com\" \/>\n\t\t<meta name=\"twitter:title\" content=\"C\u00f3mo llenar la Declaraci\u00f3n Jurada del Viajero Guatemala\" \/>\n\t\t<meta name=\"twitter:description\" content=\"Gu\u00eda paso a paso para llenar el formulario SAT 2025 y entrar o salir de Guatemala sin contratiempos. Requisitos, enlaces, y consejos.\" \/>\n\t\t<meta name=\"twitter:creator\" content=\"@SoyMigrante_com\" \/>\n\t\t<meta name=\"twitter:image\" content=\"https:\/\/soymigrante.com\/revista\/wp-content\/uploads\/2023\/10\/formulario-entrar-salir-Guatemala-migratorio-declaracion-viajero.webp\" \/>\n\t\t<!-- All in One SEO Pro -->\r\n\t\t<title>C\u00f3mo llenar la Declaraci\u00f3n Jurada del Viajero Guatemala<\/title>\n\n","aioseo_head_json":{"title":"C\u00f3mo llenar la Declaraci\u00f3n Jurada del Viajero Guatemala","description":"Gu\u00eda paso a paso para llenar el formulario SAT 2025 y entrar o salir de Guatemala sin contratiempos. Requisitos, enlaces, y consejos.","canonical_url":"https:\/\/soymigrante.com\/revista\/declaracion-jurada-viajero-guatemala-formulario\/","robots":"max-snippet:-1, max-image-preview:large, max-video-preview:-1","keywords":"","webmasterTools":{"miscellaneous":"&lt;link rel=\"preconnect\" href=\"https:\/\/fonts.googleapis.com\" crossorigin&gt;\n&lt;link rel=\"preconnect\" href=\"https:\/\/fonts.gstatic.com\" crossorigin&gt;"},"schema":null,"og:locale":"es_ES","og:site_name":"SoyMigrante.com REVISTA \u2013 Nuestra misi\u00f3n es reconocer y dignificar al migrante.","og:type":"article","og:title":"C\u00f3mo llenar la Declaraci\u00f3n Jurada del Viajero Guatemala","og:description":"Gu\u00eda paso a paso para llenar el formulario SAT 2025 y entrar o salir de Guatemala sin contratiempos. Requisitos, enlaces, y consejos.","og:url":"https:\/\/soymigrante.com\/revista\/declaracion-jurada-viajero-guatemala-formulario\/","og:image":"https:\/\/soymigrante.com\/revista\/wp-content\/uploads\/2023\/10\/formulario-entrar-salir-Guatemala-migratorio-declaracion-viajero.webp","og:image:secure_url":"https:\/\/soymigrante.com\/revista\/wp-content\/uploads\/2023\/10\/formulario-entrar-salir-Guatemala-migratorio-declaracion-viajero.webp","og:image:width":1080,"og:image:height":1080,"article:published_time":"2023-10-02T16:01:31+00:00","article:modified_time":"2025-10-01T20:04:48+00:00","article:publisher":"https:\/\/www.facebook.com\/soymigrantecom","twitter:card":"summary_large_image","twitter:site":"@SoyMigrante_com","twitter:title":"C\u00f3mo llenar la Declaraci\u00f3n Jurada del Viajero Guatemala","twitter:description":"Gu\u00eda paso a paso para llenar el formulario SAT 2025 y entrar o salir de Guatemala sin contratiempos. Requisitos, enlaces, y consejos.","twitter:creator":"@SoyMigrante_com","twitter:image":"https:\/\/soymigrante.com\/revista\/wp-content\/uploads\/2023\/10\/formulario-entrar-salir-Guatemala-migratorio-declaracion-viajero.webp"},"aioseo_meta_data":{"post_id":"29815","title":null,"description":"Los vuelos internos en Guatemala son para varios lugares, entre ellos Pet\u00e9n, Puerto Barrios y m\u00e1s.","keywords":null,"keyphrases":{"focus":{"keyphrase":"vuelos internos en Guatemala","score":69,"analysis":{"keyphraseInTitle":{"score":9,"maxScore":9,"error":0},"keyphraseInDescription":{"score":9,"maxScore":9,"error":0},"keyphraseLength":{"score":9,"maxScore":9,"error":0,"length":4},"keyphraseInURL":{"score":5,"maxScore":5,"error":0},"keyphraseInIntroduction":{"score":3,"maxScore":9,"error":1},"keyphraseInSubHeadings":{"score":3,"maxScore":9,"error":1},"keyphraseInImageAlt":{"score":9,"maxScore":9,"error":0},"keywordDensity":{"score":0,"type":"low","maxScore":9,"error":1}}},"additional":[{"keyphrase":"vuelos internos en guatemala","score":67,"analysis":{"keyphraseInDescription":{"score":9,"maxScore":9,"error":0},"keyphraseLength":{"score":9,"maxScore":9,"error":0,"length":4},"keyphraseInIntroduction":{"score":3,"maxScore":9,"error":1},"keyphraseInImageAlt":{"score":9,"maxScore":9,"error":0},"keywordDensity":{"score":0,"type":"low","maxScore":9,"error":1}}}]},"primary_term":null,"canonical_url":null,"og_title":null,"og_description":null,"og_object_type":"default","og_image_type":"default","og_image_url":null,"og_image_width":null,"og_image_height":null,"og_image_custom_url":null,"og_image_custom_fields":null,"og_video":"","og_custom_url":null,"og_article_section":null,"og_article_tags":null,"twitter_use_og":false,"twitter_card":"default","twitter_image_type":"default","twitter_image_url":null,"twitter_image_custom_url":null,"twitter_image_custom_fields":null,"twitter_title":null,"twitter_description":null,"schema":{"blockGraphs":[],"customGraphs":[],"default":{"data":{"Article":[],"Course":[],"Dataset":[],"FAQPage":[],"Movie":[],"Person":[],"Product":[],"ProductReview":[],"Car":[],"Recipe":[],"Service":[],"SoftwareApplication":[],"WebPage":[]},"graphName":"BlogPosting","isEnabled":true},"graphs":[]},"schema_type":"default","schema_type_options":null,"pillar_content":false,"robots_default":true,"robots_noindex":false,"robots_noarchive":false,"robots_nosnippet":false,"robots_nofollow":false,"robots_noimageindex":false,"robots_noodp":false,"robots_notranslate":false,"robots_max_snippet":"-1","robots_max_videopreview":"-1","robots_max_imagepreview":"large","priority":null,"frequency":"default","local_seo":null,"seo_analyzer_scan_date":"2025-10-09 03:57:27","breadcrumb_settings":null,"limit_modified_date":false,"reviewed_by":null,"open_ai":"{\"title\":{\"suggestions\":[],\"usage\":0},\"description\":{\"suggestions\":[],\"usage\":0}}","ai":null,"created":"2025-04-01 15:01:06","updated":"2026-02-04 22:39:01"},"aioseo_breadcrumb":"<div class=\"aioseo-breadcrumbs\"><span class=\"aioseo-breadcrumb\">\n\t<a href=\"https:\/\/soymigrante.com\/revista\" title=\"Home\">Home<\/a>\n<\/span><span class=\"aioseo-breadcrumb-separator\">\u00bb<\/span><span class=\"aioseo-breadcrumb\">\n\t<a href=\"https:\/\/soymigrante.com\/revista\/category\/guate-nuestra\/\" title=\"Guate Nuestra\">Guate Nuestra<\/a>\n<\/span><span class=\"aioseo-breadcrumb-separator\">\u00bb<\/span><span class=\"aioseo-breadcrumb\">\n\tVuelos internos en Guatemala: rutas y destinos para ahorrar tiempo\n<\/span><\/div>","aioseo_breadcrumb_json":[{"label":"Home","link":"https:\/\/soymigrante.com\/revista"},{"label":"Guate Nuestra","link":"https:\/\/soymigrante.com\/revista\/category\/guate-nuestra\/"},{"label":"Vuelos internos en Guatemala: rutas y destinos para ahorrar tiempo","link":"https:\/\/soymigrante.com\/revista\/vuelos-internos-en-guatemala-rutas-y-destinos-para-ahorrar-tiempo\/"}],"_links":{"self":[{"href":"https:\/\/soymigrante.com\/revista\/wp-json\/wp\/v2\/posts\/29815","targetHints":{"allow":["GET"]}}],"collection":[{"href":"https:\/\/soymigrante.com\/revista\/wp-json\/wp\/v2\/posts"}],"about":[{"href":"https:\/\/soymigrante.com\/revista\/wp-json\/wp\/v2\/types\/post"}],"author":[{"embeddable":true,"href":"https:\/\/soymigrante.com\/revista\/wp-json\/wp\/v2\/users\/19"}],"replies":[{"embeddable":true,"href":"https:\/\/soymigrante.com\/revista\/wp-json\/wp\/v2\/comments?post=29815"}],"version-history":[{"count":2,"href":"https:\/\/soymigrante.com\/revista\/wp-json\/wp\/v2\/posts\/29815\/revisions"}],"predecessor-version":[{"id":31375,"href":"https:\/\/soymigrante.com\/revista\/wp-json\/wp\/v2\/posts\/29815\/revisions\/31375"}],"wp:featuredmedia":[{"embeddable":true,"href":"https:\/\/soymigrante.com\/revista\/wp-json\/wp\/v2\/media\/29816"}],"wp:attachment":[{"href":"https:\/\/soymigrante.com\/revista\/wp-json\/wp\/v2\/media?parent=29815"}],"wp:term":[{"taxonomy":"category","embeddable":true,"href":"https:\/\/soymigrante.com\/revista\/wp-json\/wp\/v2\/categories?post=29815"},{"taxonomy":"post_tag","embeddable":true,"href":"https:\/\/soymigrante.com\/revista\/wp-json\/wp\/v2\/tags?post=29815"}],"curies":[{"name":"wp","href":"https:\/\/api.w.org\/{rel}","templated":true}]}}