{"id":29698,"date":"2025-03-31T15:15:59","date_gmt":"2025-03-31T21:15:59","guid":{"rendered":"https:\/\/soymigrante.com\/revista\/?p=29698"},"modified":"2025-03-31T15:16:02","modified_gmt":"2025-03-31T21:16:02","slug":"cantautora-gaby-moreno-lanza-el-videoclip-lamento-un-tributo-a-los-migrantes-guatemaltecos","status":"publish","type":"post","link":"https:\/\/soymigrante.com\/revista\/cantautora-gaby-moreno-lanza-el-videoclip-lamento-un-tributo-a-los-migrantes-guatemaltecos\/","title":{"rendered":"Cantautora Gaby Moreno lanza el videoclip Lamento, un tributo a los migrantes guatemaltecos"},"content":{"rendered":"\t\t<div data-elementor-type=\"wp-post\" data-elementor-id=\"29698\" class=\"elementor elementor-29698\" data-elementor-post-type=\"post\">\n\t\t\t\t<div data-particle_enable=\"false\" data-particle-mobile-disabled=\"false\" class=\"elementor-element elementor-element-3d2e78a e-flex e-con-boxed e-con e-parent\" data-id=\"3d2e78a\" data-element_type=\"container\" data-e-type=\"container\">\n\t\t\t\t\t<div class=\"e-con-inner\">\n\t\t\t\t<div class=\"elementor-element elementor-element-fdcead1 elementor-widget elementor-widget-heading\" data-id=\"fdcead1\" data-element_type=\"widget\" data-e-type=\"widget\" data-widget_type=\"heading.default\">\n\t\t\t\t\t<h2 class=\"elementor-heading-title elementor-size-default\">Gaby Moreno present\u00f3 su cortometraje \u201cLamento\u201d como un tributo al migrante guatemalteco y su camino. \n<\/h2>\t\t\t\t<\/div>\n\t\t\t\t\t<\/div>\n\t\t\t\t<\/div>\n\t\t<div data-particle_enable=\"false\" data-particle-mobile-disabled=\"false\" class=\"elementor-element elementor-element-9902085 e-flex e-con-boxed e-con e-parent\" data-id=\"9902085\" data-element_type=\"container\" data-e-type=\"container\">\n\t\t\t\t\t<div class=\"e-con-inner\">\n\t\t\t\t<div class=\"elementor-element elementor-element-35d33fe elementor-widget elementor-widget-text-editor\" data-id=\"35d33fe\" data-element_type=\"widget\" data-e-type=\"widget\" data-widget_type=\"text-editor.default\">\n\t\t\t\t\t\t\t\t\t<p>El desarraigo, la transformaci\u00f3n del hogar y la memoria de lo que se deja atr\u00e1s son sentimientos que muchos <a href=\"https:\/\/soymigrante.com\/revista\/soy-una-migrante-cantante-guatemalteca-gaby-moreno-en-la-casa-blanca\/\" target=\"_blank\" rel=\"noopener\">migrantes guatemaltecos experimentan al salir de su pa\u00eds en busca de nuevas oportunidade<\/a>s.<\/p><p>Estos mismos sentimientos son los que la cantante <a href=\"https:\/\/soymigrante.com\/revista\/soy-una-migrante-cantante-guatemalteca-gaby-moreno-en-la-casa-blanca\/\" target=\"_blank\" rel=\"noopener\">Gaby Moreno<\/a> y el actor Tony Revolori plasman en \u201cLamento\u201d, un cortometraje musical que rinde homenaje a la experiencia del migrante y su conexi\u00f3n con la tierra natal.<\/p><p>El proyecto, dirigido por el cineasta guatemalteco Diego Contreras, se film\u00f3 en el antiguo Turicentro Likin Itzapa, <a href=\"https:\/\/soymigrante.com\/revista\/soy-una-migrante-cantante-guatemalteca-gaby-moreno-en-la-casa-blanca\/\" target=\"_blank\" rel=\"noopener\">hoy en ruinas, un sitio que simboliza el paso del tiempo y la fragilidad de los recuerdos<\/a>.<\/p><p>A trav\u00e9s de una atm\u00f3sfera futurista, <a href=\"https:\/\/soymigrante.com\/revista\/soy-una-migrante-cantante-guatemalteca-gaby-moreno-en-la-casa-blanca\/\" target=\"_blank\" rel=\"noopener\">Moreno<\/a> y Revolori exploran la nostalgia de un migrante que regresa a un lugar de su infancia solo para descubrir que est\u00e1 desapareciendo, un reflejo de la transformaci\u00f3n inevitable que sufren los espacios que alguna vez fueron hogar.<\/p>\t\t\t\t\t\t\t\t<\/div>\n\t\t\t\t\t<\/div>\n\t\t\t\t<\/div>\n\t\t<div data-particle_enable=\"false\" data-particle-mobile-disabled=\"false\" class=\"elementor-element elementor-element-1fbae86 e-flex e-con-boxed e-con e-parent\" data-id=\"1fbae86\" data-element_type=\"container\" data-e-type=\"container\">\n\t\t\t\t\t<div class=\"e-con-inner\">\n\t\t\t\t<div class=\"elementor-element elementor-element-0831047 elementor-invisible elementor-widget elementor-widget-facebook-embed\" data-id=\"0831047\" data-element_type=\"widget\" data-e-type=\"widget\" data-settings=\"{&quot;_animation&quot;:&quot;zoomInDown&quot;}\" data-widget_type=\"facebook-embed.default\">\n\t\t\t\t\t<div style=\"min-height: 1px\" class=\"elementor-facebook-widget fb-post\" data-href=\"https:\/\/www.facebook.com\/photo?fbid=1200163738133647&#038;set=pcb.1200165804800107\" data-show-text=\"false\"><\/div>\t\t\t\t<\/div>\n\t\t\t\t\t<\/div>\n\t\t\t\t<\/div>\n\t\t<div data-particle_enable=\"false\" data-particle-mobile-disabled=\"false\" class=\"elementor-element elementor-element-9a4a9a3 e-flex e-con-boxed e-con e-parent\" data-id=\"9a4a9a3\" data-element_type=\"container\" data-e-type=\"container\">\n\t\t\t\t\t<div class=\"e-con-inner\">\n\t\t\t\t<div class=\"elementor-element elementor-element-b961834 elementor-widget elementor-widget-heading\" data-id=\"b961834\" data-element_type=\"widget\" data-e-type=\"widget\" data-widget_type=\"heading.default\">\n\t\t\t\t\t<h3 class=\"elementor-heading-title elementor-size-default\">La historia de los migrantes reflejada en \u201cLamento\u201d<\/h3>\t\t\t\t<\/div>\n\t\t\t\t\t<\/div>\n\t\t\t\t<\/div>\n\t\t<div data-particle_enable=\"false\" data-particle-mobile-disabled=\"false\" class=\"elementor-element elementor-element-bde0eb6 e-flex e-con-boxed e-con e-parent\" data-id=\"bde0eb6\" data-element_type=\"container\" data-e-type=\"container\">\n\t\t\t\t\t<div class=\"e-con-inner\">\n\t\t\t\t<div class=\"elementor-element elementor-element-7500527 elementor-widget elementor-widget-text-editor\" data-id=\"7500527\" data-element_type=\"widget\" data-e-type=\"widget\" data-widget_type=\"text-editor.default\">\n\t\t\t\t\t\t\t\t\t<p><a href=\"https:\/\/soymigrante.com\/revista\/soy-una-migrante-cantante-guatemalteca-gaby-moreno-en-la-casa-blanca\/\" target=\"_blank\" rel=\"noopener\">Gaby Moreno, quien emigr\u00f3 hace dos d\u00e9cadas a Estados Unidos para construir su carrera musical<\/a>, reconoce en \u201cLamento\u201d la sensaci\u00f3n de anhelo y p\u00e9rdida que acompa\u00f1a a los migrantes guatemaltecos.<\/p><p>\u201cSiempre llevo conmigo los recuerdos, los paisajes y las emociones de mi hogar\u201d, expres\u00f3 en una entrevista con Rolling Stone, destacando que el cortometraje es su manera de capturar esa lucha por aferrarse a las ra\u00edces mientras la vida sigue su curso.<\/p><p>El actor Tony Revolori, de ascendencia guatemalteca, tambi\u00e9n sinti\u00f3 una profunda conexi\u00f3n con el proyecto, pues le permiti\u00f3 filmar en la tierra de sus padres.<\/p>\t\t\t\t\t\t\t\t<\/div>\n\t\t\t\t\t<\/div>\n\t\t\t\t<\/div>\n\t\t<div data-particle_enable=\"false\" data-particle-mobile-disabled=\"false\" class=\"elementor-element elementor-element-fa81f85 e-flex e-con-boxed e-con e-parent\" data-id=\"fa81f85\" data-element_type=\"container\" data-e-type=\"container\">\n\t\t\t\t\t<div class=\"e-con-inner\">\n\t\t\t\t<div class=\"elementor-element elementor-element-b1aba8a elementor-widget elementor-widget-text-editor\" data-id=\"b1aba8a\" data-element_type=\"widget\" data-e-type=\"widget\" data-widget_type=\"text-editor.default\">\n\t\t\t\t\t\t\t\t\t<p>\u201cFue una experiencia especial que me permiti\u00f3 trabajar en el pa\u00eds de donde son mis padres, algo verdaderamente hermoso y significativo\u201d, coment\u00f3.<\/p><p>Para muchos migrantes, \u201cLamento\u201d es m\u00e1s que una obra visual; es un espejo de su propia historia.<\/p><p><a href=\"https:\/\/soymigrante.com\/revista\/soy-una-migrante-cantante-guatemalteca-gaby-moreno-en-la-casa-blanca\/\" target=\"_blank\" rel=\"noopener\">La incertidumbre de dejar atr\u00e1s la tierra natal, la constante adaptaci\u00f3n a una nueva realidad y la transformaci\u00f3n de lo que una vez fue hogar<\/a> son sentimientos que acompa\u00f1an a quienes han emprendido este viaje.<\/p>\t\t\t\t\t\t\t\t<\/div>\n\t\t\t\t\t<\/div>\n\t\t\t\t<\/div>\n\t\t<div data-particle_enable=\"false\" data-particle-mobile-disabled=\"false\" class=\"elementor-element elementor-element-c05cff9 e-flex e-con-boxed e-con e-parent\" data-id=\"c05cff9\" data-element_type=\"container\" data-e-type=\"container\">\n\t\t\t\t\t<div class=\"e-con-inner\">\n\t\t\t\t<div class=\"elementor-element elementor-element-f795151 elementor-invisible elementor-widget elementor-widget-facebook-embed\" data-id=\"f795151\" data-element_type=\"widget\" data-e-type=\"widget\" data-settings=\"{&quot;_animation&quot;:&quot;zoomInDown&quot;}\" data-widget_type=\"facebook-embed.default\">\n\t\t\t\t\t<div style=\"min-height: 1px\" class=\"elementor-facebook-widget fb-post\" data-href=\"https:\/\/www.facebook.com\/photo\/?fbid=1195532531930101&#038;set=pcb.1195534471929907\" data-show-text=\"false\"><\/div>\t\t\t\t<\/div>\n\t\t\t\t\t<\/div>\n\t\t\t\t<\/div>\n\t\t<div data-particle_enable=\"false\" data-particle-mobile-disabled=\"false\" class=\"elementor-element elementor-element-54c3266 e-flex e-con-boxed e-con e-parent\" data-id=\"54c3266\" data-element_type=\"container\" data-e-type=\"container\">\n\t\t\t\t\t<div class=\"e-con-inner\">\n\t\t\t\t<div class=\"elementor-element elementor-element-25d1947 elementor-widget elementor-widget-heading\" data-id=\"25d1947\" data-element_type=\"widget\" data-e-type=\"widget\" data-widget_type=\"heading.default\">\n\t\t\t\t\t<h3 class=\"elementor-heading-title elementor-size-default\">Un mensaje para los guatemaltecos migrantes<\/h3>\t\t\t\t<\/div>\n\t\t\t\t\t<\/div>\n\t\t\t\t<\/div>\n\t\t<div data-particle_enable=\"false\" data-particle-mobile-disabled=\"false\" class=\"elementor-element elementor-element-9b67a83 e-flex e-con-boxed e-con e-parent\" data-id=\"9b67a83\" data-element_type=\"container\" data-e-type=\"container\">\n\t\t\t\t\t<div class=\"e-con-inner\">\n\t\t\t\t<div class=\"elementor-element elementor-element-b86b4ef elementor-widget elementor-widget-text-editor\" data-id=\"b86b4ef\" data-element_type=\"widget\" data-e-type=\"widget\" data-widget_type=\"text-editor.default\">\n\t\t\t\t\t\t\t\t\t<p>M\u00e1s all\u00e1 de su impecable calidad visual y narrativa, \u201cLamento\u201d <a href=\"https:\/\/soymigrante.com\/revista\/soy-una-migrante-cantante-guatemalteca-gaby-moreno-en-la-casa-blanca\/\" target=\"_blank\" rel=\"noopener\">se convierte en un testimonio de la memoria colectiva de los migrantes guatemaltecos.<\/a><\/p><p>El cortometraje ha sido galardonado con seis premios en el Indie Short Fest, consolidando su impacto en la comunidad art\u00edstica y migrante.<\/p>\t\t\t\t\t\t\t\t<\/div>\n\t\t\t\t\t<\/div>\n\t\t\t\t<\/div>\n\t\t<div data-particle_enable=\"false\" data-particle-mobile-disabled=\"false\" class=\"elementor-element elementor-element-d0917b2 e-flex e-con-boxed e-con e-parent\" data-id=\"d0917b2\" data-element_type=\"container\" data-e-type=\"container\">\n\t\t\t\t\t<div class=\"e-con-inner\">\n\t\t\t\t<div class=\"elementor-element elementor-element-66c67d5 elementor-widget elementor-widget-video\" data-id=\"66c67d5\" data-element_type=\"widget\" data-e-type=\"widget\" data-settings=\"{&quot;youtube_url&quot;:&quot;https:\\\/\\\/www.youtube.com\\\/watch?v=xFH2I9VH7vA&quot;,&quot;video_type&quot;:&quot;youtube&quot;,&quot;controls&quot;:&quot;yes&quot;}\" data-widget_type=\"video.default\">\n\t\t\t\t\t\t\t<div class=\"elementor-wrapper elementor-open-inline\">\n\t\t\t<div class=\"elementor-video\"><\/div>\t\t<\/div>\n\t\t\t\t\t\t<\/div>\n\t\t\t\t\t<\/div>\n\t\t\t\t<\/div>\n\t\t<div data-particle_enable=\"false\" data-particle-mobile-disabled=\"false\" class=\"elementor-element elementor-element-d5ea799 e-flex e-con-boxed e-con e-parent\" data-id=\"d5ea799\" data-element_type=\"container\" data-e-type=\"container\">\n\t\t\t\t\t<div class=\"e-con-inner\">\n\t\t\t\t<div class=\"elementor-element elementor-element-b9031d3 elementor-widget elementor-widget-heading\" data-id=\"b9031d3\" data-element_type=\"widget\" data-e-type=\"widget\" data-widget_type=\"heading.default\">\n\t\t\t\t\t<h2 class=\"elementor-heading-title elementor-size-default\">Conoce m\u00e1s de Gaby Moreno, ac\u00e1...<\/h2>\t\t\t\t<\/div>\n\t\t\t\t\t<\/div>\n\t\t\t\t<\/div>\n\t\t<div data-particle_enable=\"false\" data-particle-mobile-disabled=\"false\" class=\"elementor-element elementor-element-c148533 e-flex e-con-boxed e-con e-parent\" data-id=\"c148533\" data-element_type=\"container\" data-e-type=\"container\">\n\t\t\t\t\t<div class=\"e-con-inner\">\n\t\t\t\t<div class=\"elementor-element elementor-element-ce5d773 elementor-grid-eael-col-3 elementor-grid-tablet-eael-col-2 elementor-grid-mobile-eael-col-1 elementor-widget elementor-widget-eael-post-grid\" data-id=\"ce5d773\" data-element_type=\"widget\" data-e-type=\"widget\" data-settings=\"{&quot;eael_post_grid_columns&quot;:&quot;eael-col-3&quot;,&quot;eael_post_grid_columns_tablet&quot;:&quot;eael-col-2&quot;,&quot;eael_post_grid_columns_mobile&quot;:&quot;eael-col-1&quot;}\" data-widget_type=\"eael-post-grid.default\">\n\t\t\t\t\t<div id=\"eael-post-grid-ce5d773\" class=\"eael-post-grid-container\">\n            <div class=\"eael-post-grid eael-post-appender eael-post-appender-ce5d773 eael-post-grid-style-one\" data-layout-mode=\"masonry\"><article class=\"eael-grid-post  eael-post-grid-column eael-pg-post-6029 category-estamos-unidos\" data-id=\"6029\">\n        <div class=\"eael-grid-post-holder\">\n            <div class=\"eael-grid-post-holder-inner\"><div class=\"eael-entry-media\"><div class=\"eael-entry-overlay fade-in\"><i class=\"far fa-hand-pointer\" aria-hidden=\"true\"><\/i><a href=\"https:\/\/soymigrante.com\/revista\/siete-cualidades-hacen-poderosa-a-la-cantautora-gaby-moreno\/\"><\/a><\/div><div class=\"eael-entry-thumbnail \">\n                <img fetchpriority=\"high\" decoding=\"async\" width=\"618\" height=\"471\" src=\"https:\/\/soymigrante.com\/revista\/wp-content\/uploads\/2024\/04\/Captura-de-pantalla-2024-04-16-230638.webp\" class=\"attachment-large size-large wp-image-6031\" alt=\"SoyMigrante.com REVISTA - Artista mujer cantando con guitarra en concierto en un escenario con fondo de cortinas rojas.\" srcset=\"https:\/\/soymigrante.com\/revista\/wp-content\/uploads\/2024\/04\/Captura-de-pantalla-2024-04-16-230638.webp 618w, https:\/\/soymigrante.com\/revista\/wp-content\/uploads\/2024\/04\/Captura-de-pantalla-2024-04-16-230638-300x229.webp 300w\" sizes=\"(max-width: 618px) 100vw, 618px\" \/>\n            <\/div>\n        <\/div><div class=\"eael-entry-wrapper\"><header class=\"eael-entry-header\"><h2 class=\"eael-entry-title\"><a class=\"eael-grid-post-link\" href=\"https:\/\/soymigrante.com\/revista\/siete-cualidades-hacen-poderosa-a-la-cantautora-gaby-moreno\/\" title=\"Mira y oye: Siete cualidades hacen poderosa a la cantautora Gaby Moreno\">Mira y oye: Siete cualidades hacen poderosa a la cantautora Gaby Moreno<\/a><\/h2><\/header><div class=\"eael-entry-content\">\n                        <div class=\"eael-grid-post-excerpt\"><a href=\"https:\/\/soymigrante.com\/revista\/siete-cualidades-hacen-poderosa-a-la-cantautora-gaby-moreno\/\" class=\"eael-post-elements-readmore-btn\">CONOCE SU HISTORIA <\/a><\/div>\n                    <\/div><\/div><\/div>\n        <\/div>\n    <\/article><article class=\"eael-grid-post  eael-post-grid-column eael-pg-post-3049 category-estamos-unidos\" data-id=\"3049\">\n        <div class=\"eael-grid-post-holder\">\n            <div class=\"eael-grid-post-holder-inner\"><div class=\"eael-entry-media\"><div class=\"eael-entry-overlay fade-in\"><i class=\"far fa-hand-pointer\" aria-hidden=\"true\"><\/i><a href=\"https:\/\/soymigrante.com\/revista\/soy-una-migrante-cantante-guatemalteca-gaby-moreno-en-la-casa-blanca\/\"><\/a><\/div><div class=\"eael-entry-thumbnail \">\n                <img decoding=\"async\" width=\"967\" height=\"713\" src=\"https:\/\/soymigrante.com\/revista\/wp-content\/uploads\/2023\/10\/GABY-CB.webp\" class=\"attachment-large size-large wp-image-3050\" alt=\"\" srcset=\"https:\/\/soymigrante.com\/revista\/wp-content\/uploads\/2023\/10\/GABY-CB.webp 967w, https:\/\/soymigrante.com\/revista\/wp-content\/uploads\/2023\/10\/GABY-CB-300x221.webp 300w, https:\/\/soymigrante.com\/revista\/wp-content\/uploads\/2023\/10\/GABY-CB-768x566.webp 768w, https:\/\/soymigrante.com\/revista\/wp-content\/uploads\/2023\/10\/GABY-CB-750x553.webp 750w\" sizes=\"(max-width: 967px) 100vw, 967px\" \/>\n            <\/div>\n        <\/div><div class=\"eael-entry-wrapper\"><header class=\"eael-entry-header\"><h2 class=\"eael-entry-title\"><a class=\"eael-grid-post-link\" href=\"https:\/\/soymigrante.com\/revista\/soy-una-migrante-cantante-guatemalteca-gaby-moreno-en-la-casa-blanca\/\" title=\"&#8220;Soy una migrante&#8221;: cantante guatemalteca Gaby Moreno en la Casa Blanca\">&#8220;Soy una migrante&#8221;: cantante guatemalteca Gaby Moreno en la Casa Blanca<\/a><\/h2><\/header><div class=\"eael-entry-content\">\n                        <div class=\"eael-grid-post-excerpt\"><a href=\"https:\/\/soymigrante.com\/revista\/soy-una-migrante-cantante-guatemalteca-gaby-moreno-en-la-casa-blanca\/\" class=\"eael-post-elements-readmore-btn\">CONOCE SU HISTORIA <\/a><\/div>\n                    <\/div><\/div><\/div>\n        <\/div>\n    <\/article><\/div>\n            <div class=\"clearfix\"><\/div>\n        <\/div>\t\t\t\t<\/div>\n\t\t\t\t\t<\/div>\n\t\t\t\t<\/div>\n\t\t\t\t<\/div>\n\t\t","protected":false},"excerpt":{"rendered":"<p>Gaby Moreno present\u00f3 su cortometraje \u201cLamento\u201d como un tributo al migrante guatemalteco y su camino. El desarraigo, la transformaci\u00f3n del hogar y la memoria de lo que se deja atr\u00e1s son sentimientos que muchos migrantes guatemaltecos experimentan al salir de su pa\u00eds en busca de nuevas oportunidades. Estos mismos sentimientos son los que la cantante [&hellip;]<\/p>\n","protected":false},"author":19,"featured_media":29699,"comment_status":"open","ping_status":"open","sticky":false,"template":"","format":"standard","meta":{"_acf_changed":false,"_eb_attr":"","footnotes":""},"categories":[58],"tags":[],"class_list":["post-29698","post","type-post","status-publish","format-standard","has-post-thumbnail","hentry","category-guate-nuestra"],"acf":[],"aioseo_notices":[],"aioseo_head":"\n\t\t<!-- All in One SEO Pro 4.9.6.2 - aioseo.com -->\n\t<meta name=\"description\" content=\"Cantante y compositora migrante Gaby Moreno declar\u00f3 con orgullo sus ra\u00edces guatemaltecas en gala del Mes de la Herencia Hispana, en la Casa Blanca, Washington D.C. donde abri\u00f3 su presentaci\u00f3n con Luna de Xelaj\u00fa \u201cSoy una migrante\u201d, dijo en ingl\u00e9s la cantante y compositora guatemalteca Gaby Moreno al iniciar su presentaci\u00f3n en La Casa Blanca,\" \/>\n\t<meta name=\"robots\" content=\"max-snippet:-1, max-image-preview:large, max-video-preview:-1\" \/>\n\t<meta name=\"author\" content=\"Marysabel Aldana\"\/>\n\t<link rel=\"canonical\" href=\"https:\/\/soymigrante.com\/revista\/cantautora-gaby-moreno-lanza-el-videoclip-lamento-un-tributo-a-los-migrantes-guatemaltecos\/\" \/>\n\t<meta name=\"generator\" content=\"All in One SEO Pro (AIOSEO) 4.9.6.2\" \/>\n\n\t\t<link rel=\"preconnect\" href=\"https:\/\/fonts.googleapis.com\" crossorigin>\n<link rel=\"preconnect\" href=\"https:\/\/fonts.gstatic.com\" crossorigin>\n\t\t<meta property=\"og:locale\" content=\"es_ES\" \/>\n\t\t<meta property=\"og:site_name\" content=\"SoyMigrante.com REVISTA \u2013 Nuestra misi\u00f3n es reconocer y dignificar al migrante.\" \/>\n\t\t<meta property=\"og:type\" content=\"article\" \/>\n\t\t<meta property=\"og:title\" content=\"Cantautora Gaby Moreno lanza el videoclip Lamento, un tributo a los migrantes guatemaltecos\" \/>\n\t\t<meta property=\"og:description\" content=\"Gaby Moreno present\u00f3 el cortometraje \u201cLamento\u201d como un tributo a los guatemaltecos migrantes. En \u00e9l tambi\u00e9n figura el actor migrante Tony Revolori.\" \/>\n\t\t<meta property=\"og:url\" content=\"https:\/\/soymigrante.com\/revista\/cantautora-gaby-moreno-lanza-el-videoclip-lamento-un-tributo-a-los-migrantes-guatemaltecos\/\" \/>\n\t\t<meta property=\"og:image\" content=\"https:\/\/soymigrante.com\/revista\/wp-content\/uploads\/2025\/03\/Gaby-Moreno--e1743449314894.webp\" \/>\n\t\t<meta property=\"og:image:secure_url\" content=\"https:\/\/soymigrante.com\/revista\/wp-content\/uploads\/2025\/03\/Gaby-Moreno--e1743449314894.webp\" \/>\n\t\t<meta property=\"og:image:width\" content=\"1080\" \/>\n\t\t<meta property=\"og:image:height\" content=\"1080\" \/>\n\t\t<meta property=\"article:published_time\" content=\"2025-03-31T21:15:59+00:00\" \/>\n\t\t<meta property=\"article:modified_time\" content=\"2025-03-31T21:16:02+00:00\" \/>\n\t\t<meta property=\"article:publisher\" content=\"https:\/\/www.facebook.com\/soymigrantecom\" \/>\n\t\t<meta name=\"twitter:card\" content=\"summary_large_image\" \/>\n\t\t<meta name=\"twitter:site\" content=\"@SoyMigrante_com\" \/>\n\t\t<meta name=\"twitter:title\" content=\"Cantautora Gaby Moreno lanza el videoclip Lamento, un tributo a los migrantes guatemaltecos\" \/>\n\t\t<meta name=\"twitter:description\" content=\"Gaby Moreno present\u00f3 el cortometraje \u201cLamento\u201d como un tributo a los guatemaltecos migrantes. En \u00e9l tambi\u00e9n figura el actor migrante Tony Revolori.\" \/>\n\t\t<meta name=\"twitter:creator\" content=\"@SoyMigrante_com\" \/>\n\t\t<meta name=\"twitter:image\" content=\"https:\/\/soymigrante.com\/revista\/wp-content\/uploads\/2025\/03\/Gaby-Moreno--e1743449314894.webp\" \/>\n\t\t<!-- All in One SEO Pro -->\r\n\t\t<title>Cantautora Gaby Moreno lanza el videoclip Lamento, un tributo a los migrantes guatemaltecos<\/title>\n\n","aioseo_head_json":{"title":"Cantautora Gaby Moreno lanza el videoclip Lamento, un tributo a los migrantes guatemaltecos","description":"Gaby Moreno present\u00f3 el cortometraje \u201cLamento\u201d como un tributo a los guatemaltecos migrantes. En \u00e9l tambi\u00e9n figura el actor migrante Tony Revolori.","canonical_url":"https:\/\/soymigrante.com\/revista\/cantautora-gaby-moreno-lanza-el-videoclip-lamento-un-tributo-a-los-migrantes-guatemaltecos\/","robots":"max-snippet:-1, max-image-preview:large, max-video-preview:-1","keywords":"","webmasterTools":{"miscellaneous":"&lt;link rel=\"preconnect\" href=\"https:\/\/fonts.googleapis.com\" crossorigin&gt;\n&lt;link rel=\"preconnect\" href=\"https:\/\/fonts.gstatic.com\" crossorigin&gt;"},"schema":null,"og:locale":"es_ES","og:site_name":"SoyMigrante.com REVISTA \u2013 Nuestra misi\u00f3n es reconocer y dignificar al migrante.","og:type":"article","og:title":"Cantautora Gaby Moreno lanza el videoclip Lamento, un tributo a los migrantes guatemaltecos","og:description":"Gaby Moreno present\u00f3 el cortometraje \u201cLamento\u201d como un tributo a los guatemaltecos migrantes. En \u00e9l tambi\u00e9n figura el actor migrante Tony Revolori.","og:url":"https:\/\/soymigrante.com\/revista\/cantautora-gaby-moreno-lanza-el-videoclip-lamento-un-tributo-a-los-migrantes-guatemaltecos\/","og:image":"https:\/\/soymigrante.com\/revista\/wp-content\/uploads\/2025\/03\/Gaby-Moreno--e1743449314894.webp","og:image:secure_url":"https:\/\/soymigrante.com\/revista\/wp-content\/uploads\/2025\/03\/Gaby-Moreno--e1743449314894.webp","og:image:width":1080,"og:image:height":1080,"article:published_time":"2025-03-31T21:15:59+00:00","article:modified_time":"2025-03-31T21:16:02+00:00","article:publisher":"https:\/\/www.facebook.com\/soymigrantecom","twitter:card":"summary_large_image","twitter:site":"@SoyMigrante_com","twitter:title":"Cantautora Gaby Moreno lanza el videoclip Lamento, un tributo a los migrantes guatemaltecos","twitter:description":"Gaby Moreno present\u00f3 el cortometraje \u201cLamento\u201d como un tributo a los guatemaltecos migrantes. En \u00e9l tambi\u00e9n figura el actor migrante Tony Revolori.","twitter:creator":"@SoyMigrante_com","twitter:image":"https:\/\/soymigrante.com\/revista\/wp-content\/uploads\/2025\/03\/Gaby-Moreno--e1743449314894.webp"},"aioseo_meta_data":{"post_id":"29698","title":null,"description":"Gaby Moreno present\u00f3 el cortometraje \u201cLamento\u201d como un tributo a los guatemaltecos migrantes. En \u00e9l tambi\u00e9n figura el actor migrante Tony Revolori.","keywords":null,"keyphrases":{"focus":{"keyphrase":"Gaby Moreno","score":91,"analysis":{"keyphraseInTitle":{"score":9,"maxScore":9,"error":0},"keyphraseInDescription":{"score":9,"maxScore":9,"error":0},"keyphraseLength":{"score":9,"maxScore":9,"error":0,"length":2},"keyphraseInURL":{"score":5,"maxScore":5,"error":0},"keyphraseInIntroduction":{"score":3,"maxScore":9,"error":1},"keyphraseInSubHeadings":{"score":9,"maxScore":9,"error":0},"keyphraseInImageAlt":{"score":9,"maxScore":9,"error":0},"keywordDensity":{"type":"best","score":9,"maxScore":9,"error":0}}},"additional":[{"keyphrase":"Gaby Moreno","score":87,"analysis":{"keyphraseInDescription":{"score":9,"maxScore":9,"error":0},"keyphraseLength":{"score":9,"maxScore":9,"error":0,"length":2},"keyphraseInIntroduction":{"score":3,"maxScore":9,"error":1},"keyphraseInImageAlt":{"score":9,"maxScore":9,"error":0},"keywordDensity":{"type":"best","score":9,"maxScore":9,"error":0}}},{"keyphrase":"Migrante","score":53,"analysis":{"keyphraseInDescription":{"score":9,"maxScore":9,"error":0},"keyphraseLength":{"score":9,"maxScore":9,"error":0,"length":1},"keyphraseInIntroduction":{"score":3,"maxScore":9,"error":1},"keyphraseInImageAlt":{"score":3,"maxScore":9,"error":1},"keywordDensity":{"type":"high","score":0,"maxScore":9,"error":1}}}]},"primary_term":null,"canonical_url":null,"og_title":null,"og_description":null,"og_object_type":"default","og_image_type":"default","og_image_url":null,"og_image_width":null,"og_image_height":null,"og_image_custom_url":null,"og_image_custom_fields":null,"og_video":"","og_custom_url":null,"og_article_section":null,"og_article_tags":null,"twitter_use_og":false,"twitter_card":"default","twitter_image_type":"default","twitter_image_url":null,"twitter_image_custom_url":null,"twitter_image_custom_fields":null,"twitter_title":null,"twitter_description":null,"schema":{"blockGraphs":[],"customGraphs":[],"default":{"data":{"Article":[],"Course":[],"Dataset":[],"FAQPage":[],"Movie":[],"Person":[],"Product":[],"ProductReview":[],"Car":[],"Recipe":[],"Service":[],"SoftwareApplication":[],"WebPage":[]},"graphName":"BlogPosting","isEnabled":true},"graphs":[]},"schema_type":"default","schema_type_options":null,"pillar_content":false,"robots_default":true,"robots_noindex":false,"robots_noarchive":false,"robots_nosnippet":false,"robots_nofollow":false,"robots_noimageindex":false,"robots_noodp":false,"robots_notranslate":false,"robots_max_snippet":"-1","robots_max_videopreview":"-1","robots_max_imagepreview":"large","priority":null,"frequency":"default","local_seo":null,"seo_analyzer_scan_date":"2025-10-09 03:56:17","breadcrumb_settings":null,"limit_modified_date":false,"reviewed_by":null,"open_ai":"{\"title\":{\"suggestions\":[],\"usage\":0},\"description\":{\"suggestions\":[],\"usage\":0}}","ai":null,"created":"2025-03-31 19:28:32","updated":"2026-02-04 22:35:17"},"aioseo_breadcrumb":"<div class=\"aioseo-breadcrumbs\"><span class=\"aioseo-breadcrumb\">\n\t<a href=\"https:\/\/soymigrante.com\/revista\" title=\"Home\">Home<\/a>\n<\/span><span class=\"aioseo-breadcrumb-separator\">\u00bb<\/span><span class=\"aioseo-breadcrumb\">\n\t<a href=\"https:\/\/soymigrante.com\/revista\/category\/guate-nuestra\/\" title=\"Guate Nuestra\">Guate Nuestra<\/a>\n<\/span><span class=\"aioseo-breadcrumb-separator\">\u00bb<\/span><span class=\"aioseo-breadcrumb\">\n\tCantautora Gaby Moreno lanza el videoclip Lamento, un tributo a los migrantes guatemaltecos\n<\/span><\/div>","aioseo_breadcrumb_json":[{"label":"Home","link":"https:\/\/soymigrante.com\/revista"},{"label":"Guate Nuestra","link":"https:\/\/soymigrante.com\/revista\/category\/guate-nuestra\/"},{"label":"Cantautora Gaby Moreno lanza el videoclip Lamento, un tributo a los migrantes guatemaltecos","link":"https:\/\/soymigrante.com\/revista\/cantautora-gaby-moreno-lanza-el-videoclip-lamento-un-tributo-a-los-migrantes-guatemaltecos\/"}],"_links":{"self":[{"href":"https:\/\/soymigrante.com\/revista\/wp-json\/wp\/v2\/posts\/29698","targetHints":{"allow":["GET"]}}],"collection":[{"href":"https:\/\/soymigrante.com\/revista\/wp-json\/wp\/v2\/posts"}],"about":[{"href":"https:\/\/soymigrante.com\/revista\/wp-json\/wp\/v2\/types\/post"}],"author":[{"embeddable":true,"href":"https:\/\/soymigrante.com\/revista\/wp-json\/wp\/v2\/users\/19"}],"replies":[{"embeddable":true,"href":"https:\/\/soymigrante.com\/revista\/wp-json\/wp\/v2\/comments?post=29698"}],"version-history":[{"count":0,"href":"https:\/\/soymigrante.com\/revista\/wp-json\/wp\/v2\/posts\/29698\/revisions"}],"wp:featuredmedia":[{"embeddable":true,"href":"https:\/\/soymigrante.com\/revista\/wp-json\/wp\/v2\/media\/29699"}],"wp:attachment":[{"href":"https:\/\/soymigrante.com\/revista\/wp-json\/wp\/v2\/media?parent=29698"}],"wp:term":[{"taxonomy":"category","embeddable":true,"href":"https:\/\/soymigrante.com\/revista\/wp-json\/wp\/v2\/categories?post=29698"},{"taxonomy":"post_tag","embeddable":true,"href":"https:\/\/soymigrante.com\/revista\/wp-json\/wp\/v2\/tags?post=29698"}],"curies":[{"name":"wp","href":"https:\/\/api.w.org\/{rel}","templated":true}]}}