{"id":29642,"date":"2026-02-18T21:54:28","date_gmt":"2026-02-19T03:54:28","guid":{"rendered":"https:\/\/soymigrante.com\/revista\/?p=29642"},"modified":"2026-02-18T21:54:37","modified_gmt":"2026-02-19T03:54:37","slug":"galeria-de-indumentarias-de-devotos-y-cucuruchos-de-cuaresma-y-semana-santa-guatemalteca","status":"publish","type":"post","link":"https:\/\/soymigrante.com\/revista\/galeria-de-indumentarias-de-devotos-y-cucuruchos-de-cuaresma-y-semana-santa-guatemalteca\/","title":{"rendered":"Lleg\u00f3 la Cuaresma y esta es una galer\u00eda de cucuruchos y devotos en procesiones guatemaltecas"},"content":{"rendered":"\t\t<div data-elementor-type=\"wp-post\" data-elementor-id=\"29642\" class=\"elementor elementor-29642\" data-elementor-post-type=\"post\">\n\t\t\t\t<div data-particle_enable=\"false\" data-particle-mobile-disabled=\"false\" class=\"elementor-element elementor-element-0f2e1ac e-flex e-con-boxed e-con e-parent\" data-id=\"0f2e1ac\" data-element_type=\"container\" data-e-type=\"container\">\n\t\t\t\t\t<div class=\"e-con-inner\">\n\t\t\t\t<div class=\"elementor-element elementor-element-3ee602d elementor-widget elementor-widget-heading\" data-id=\"3ee602d\" data-element_type=\"widget\" data-e-type=\"widget\" data-widget_type=\"heading.default\">\n\t\t\t\t\t<h2 class=\"elementor-heading-title elementor-size-default\">Cada procesi\u00f3n y hermandad procesional tiene su toque distintivo de indumentaria: desde los penitentes de la \u00e9poca colonial hasta los tradicionales cucuruchos. El fot\u00f3grafo \u00d3scar Rivas los registra en una galer\u00eda para la historia.<\/h2>\t\t\t\t<\/div>\n\t\t\t\t\t<\/div>\n\t\t\t\t<\/div>\n\t\t<div data-particle_enable=\"false\" data-particle-mobile-disabled=\"false\" class=\"elementor-element elementor-element-e3e8618 e-flex e-con-boxed e-con e-parent\" data-id=\"e3e8618\" data-element_type=\"container\" data-e-type=\"container\">\n\t\t\t\t\t<div class=\"e-con-inner\">\n\t\t\t\t<div class=\"elementor-element elementor-element-4043611 elementor-widget elementor-widget-text-editor\" data-id=\"4043611\" data-element_type=\"widget\" data-e-type=\"widget\" data-widget_type=\"text-editor.default\">\n\t\t\t\t\t\t\t\t\t<p>La palabra cucurucho hace alusi\u00f3n a la capucha de forma c\u00f3nica que utilizaban los penitentes para cubrirse el rostro y ocultar su identidad durante actividades de Cuaresma y Semana Santa. Este tipo de indumentaria surgi\u00f3 en la Europa Medieval y fue tra\u00edda por los espa\u00f1oles durante la colonia.<\/p>\n<p>Con el paso de los siglos, el t\u00e9rmino se convirti\u00f3 en el com\u00fan denominador para las t\u00fanicas de color morado, negro, blanco u otros colores utilizadas por devotos durante cortejos procesionales, como una expresi\u00f3n de arrepentimiento, penitencia, fe y tambi\u00e9n de pertenencia a alguna Hermandad de Pasi\u00f3n bajo el patronazgo de una imagen de Jes\u00fas Nazareno con la Cruz o Sepultado.<\/p>\n<p>El traje del cucurucho recuerda las t\u00fanicas de los tiempos de Jes\u00fas y tambi\u00e9n hacen alusi\u00f3n a los h\u00e1bitos de diversas \u00f3rdenes religiosas. Los elementos que integran la indumentaria procesional var\u00edan, as\u00ed como los colores. El morado y negro son los m\u00e1s usuales, porque reflejan penitencia y luto.<\/p>\n<p>El fot\u00f3grafo guatemalteco \u00d3scar Rivas, con el apoyo de Dujo Producciones, emprendi\u00f3 el proyecto Identidad Cucurucha en 2023, haciendo fotos de estudio a integrantes de hermandades, cofrad\u00edas y asociaciones de Pasi\u00f3n,\u00a0<span style=\"color: var( --e-global-color-text ); text-align: var(--text-align);\">con el apoyo de Jos\u00e9 Escobar como editor de im\u00e1genes y Williams Escobar como coordinador del proyecto y enlace con las Hermandades, Cofrad\u00edas y Asociaciones.\u00a0<\/span><\/p>\n<p>Esta es una galer\u00eda de fe, penitencia y devoci\u00f3n de diversas hermandades, con rama femenina y masculina. Aqu\u00ed no est\u00e1n todas las que son pues la labor de registro con fotograf\u00edas de estudio contin\u00faa.<\/p>\t\t\t\t\t\t\t\t<\/div>\n\t\t\t\t\t<\/div>\n\t\t\t\t<\/div>\n\t\t<div data-particle_enable=\"false\" data-particle-mobile-disabled=\"false\" class=\"elementor-element elementor-element-42887a3 e-flex e-con-boxed e-con e-parent\" data-id=\"42887a3\" data-element_type=\"container\" data-e-type=\"container\">\n\t\t\t\t\t<div class=\"e-con-inner\">\n\t\t\t\t<div class=\"elementor-element elementor-element-3b5f331 elementor-widget elementor-widget-heading\" data-id=\"3b5f331\" data-element_type=\"widget\" data-e-type=\"widget\" data-widget_type=\"heading.default\">\n\t\t\t\t\t<h3 class=\"elementor-heading-title elementor-size-default\">Primero las damas: devotas guatemaltecas<\/h3>\t\t\t\t<\/div>\n\t\t\t\t\t<\/div>\n\t\t\t\t<\/div>\n\t\t<div data-particle_enable=\"false\" data-particle-mobile-disabled=\"false\" class=\"elementor-element elementor-element-6bbe154 e-flex e-con-boxed e-con e-parent\" data-id=\"6bbe154\" data-element_type=\"container\" data-e-type=\"container\">\n\t\t\t\t\t<div class=\"e-con-inner\">\n\t\t\t\t<div class=\"elementor-element elementor-element-06cb240 elementor-widget elementor-widget-image-gallery\" data-id=\"06cb240\" data-element_type=\"widget\" data-e-type=\"widget\" data-widget_type=\"image-gallery.default\">\n\t\t\t\t\t\t\t<div class=\"elementor-image-gallery\">\n\t\t\t<div id='gallery-14' class='gallery galleryid-29642 gallery-columns-1 gallery-size-large'><figure class='gallery-item'>\n\t\t\t<div class='gallery-icon portrait'>\n\t\t\t\t<a data-elementor-open-lightbox=\"yes\" data-elementor-lightbox-slideshow=\"06cb240\" data-elementor-lightbox-title=\"Hermandad de la Virgen de Dolores, de Jueves Santo, Parroquia de Candelaria. (Foto Oscar Rivas)\" data-elementor-lightbox-description=\"Hermandad de la Virgen de Dolores, de Jueves Santo, Parroquia de Candelaria. (Foto Oscar Rivas)\" data-e-action-hash=\"#elementor-action%3Aaction%3Dlightbox%26settings%3DeyJpZCI6Mjk2NjQsInVybCI6Imh0dHBzOlwvXC9zb3ltaWdyYW50ZS5jb21cL3JldmlzdGFcL3dwLWNvbnRlbnRcL3VwbG9hZHNcLzIwMjVcLzAzXC90cmFqZXMtaGVybWFuZGFkZXMtZ3VhdGVtYWxhLXBvci1Pc2Nhci1SaXZhcy0xLndlYnAiLCJzbGlkZXNob3ciOiIwNmNiMjQwIn0%3D\" href='https:\/\/soymigrante.com\/revista\/wp-content\/uploads\/2025\/03\/trajes-hermandades-guatemala-por-Oscar-Rivas-1.webp'><img fetchpriority=\"high\" decoding=\"async\" width=\"682\" height=\"1024\" src=\"https:\/\/soymigrante.com\/revista\/wp-content\/uploads\/2025\/03\/trajes-hermandades-guatemala-por-Oscar-Rivas-1-682x1024.jpg\" class=\"attachment-large size-large\" alt=\"Hermandad de la Virgen de Dolores, de Jueves Santo, Parroquia de Candelaria. (Foto Oscar Rivas)\" aria-describedby=\"gallery-14-29664\" srcset=\"https:\/\/soymigrante.com\/revista\/wp-content\/uploads\/2025\/03\/trajes-hermandades-guatemala-por-Oscar-Rivas-1-682x1024.jpg 682w, https:\/\/soymigrante.com\/revista\/wp-content\/uploads\/2025\/03\/trajes-hermandades-guatemala-por-Oscar-Rivas-1-200x300.jpg 200w, https:\/\/soymigrante.com\/revista\/wp-content\/uploads\/2025\/03\/trajes-hermandades-guatemala-por-Oscar-Rivas-1-768x1153.jpg 768w, https:\/\/soymigrante.com\/revista\/wp-content\/uploads\/2025\/03\/trajes-hermandades-guatemala-por-Oscar-Rivas-1-1023x1536.jpg 1023w, https:\/\/soymigrante.com\/revista\/wp-content\/uploads\/2025\/03\/trajes-hermandades-guatemala-por-Oscar-Rivas-1-750x1126.webp 750w, https:\/\/soymigrante.com\/revista\/wp-content\/uploads\/2025\/03\/trajes-hermandades-guatemala-por-Oscar-Rivas-1.webp 1066w\" sizes=\"(max-width: 682px) 100vw, 682px\" title=\"Hermandad de la Virgen de Dolores, de Jueves Santo, Parroquia de Candelaria. (Foto Oscar Rivas) \u2013 SoyMigrante.com REVISTA\" \/><\/a>\n\t\t\t<\/div>\n\t\t\t\t<figcaption class='wp-caption-text gallery-caption' id='gallery-14-29664'>\n\t\t\t\tHermandad de la Virgen de Dolores, de Jueves Santo, Parroquia de Candelaria. (Foto Oscar Rivas)\n\t\t\t\t<\/figcaption><\/figure><figure class='gallery-item'>\n\t\t\t<div class='gallery-icon portrait'>\n\t\t\t\t<a data-elementor-open-lightbox=\"yes\" data-elementor-lightbox-slideshow=\"06cb240\" data-elementor-lightbox-title=\"Hermandad de la Virgen de Dolores, parroquia Santa Cruz del Milagro o Parroquia Vieja zona 6, cuyo cortejo sale en Lunes Santo. (Foto Oscar Rivas)\" data-elementor-lightbox-description=\"Hermandad de la Virgen de Dolores, parroquia Santa Cruz del Milagro o Parroquia Vieja zona 6, cuyo cortejo sale en Lunes Santo. (Foto Oscar Rivas)\" data-e-action-hash=\"#elementor-action%3Aaction%3Dlightbox%26settings%3DeyJpZCI6Mjk2NjUsInVybCI6Imh0dHBzOlwvXC9zb3ltaWdyYW50ZS5jb21cL3JldmlzdGFcL3dwLWNvbnRlbnRcL3VwbG9hZHNcLzIwMjVcLzAzXC90cmFqZXMtaGVybWFuZGFkZXMtZ3VhdGVtYWxhLXBvci1Pc2Nhci1SaXZhcy0xNy53ZWJwIiwic2xpZGVzaG93IjoiMDZjYjI0MCJ9\" href='https:\/\/soymigrante.com\/revista\/wp-content\/uploads\/2025\/03\/trajes-hermandades-guatemala-por-Oscar-Rivas-17.webp'><img decoding=\"async\" width=\"682\" height=\"1024\" src=\"https:\/\/soymigrante.com\/revista\/wp-content\/uploads\/2025\/03\/trajes-hermandades-guatemala-por-Oscar-Rivas-17-682x1024.jpg\" class=\"attachment-large size-large\" alt=\"Hermandad de la Virgen de Dolores, parroquia Santa Cruz del Milagro o Parroquia Vieja zona 6, cuyo cortejo sale en Lunes Santo. (Foto Oscar Rivas)\" aria-describedby=\"gallery-14-29665\" srcset=\"https:\/\/soymigrante.com\/revista\/wp-content\/uploads\/2025\/03\/trajes-hermandades-guatemala-por-Oscar-Rivas-17-682x1024.jpg 682w, https:\/\/soymigrante.com\/revista\/wp-content\/uploads\/2025\/03\/trajes-hermandades-guatemala-por-Oscar-Rivas-17-200x300.jpg 200w, https:\/\/soymigrante.com\/revista\/wp-content\/uploads\/2025\/03\/trajes-hermandades-guatemala-por-Oscar-Rivas-17-768x1153.jpg 768w, https:\/\/soymigrante.com\/revista\/wp-content\/uploads\/2025\/03\/trajes-hermandades-guatemala-por-Oscar-Rivas-17-1023x1536.jpg 1023w, https:\/\/soymigrante.com\/revista\/wp-content\/uploads\/2025\/03\/trajes-hermandades-guatemala-por-Oscar-Rivas-17-750x1126.webp 750w, https:\/\/soymigrante.com\/revista\/wp-content\/uploads\/2025\/03\/trajes-hermandades-guatemala-por-Oscar-Rivas-17.webp 1066w\" sizes=\"(max-width: 682px) 100vw, 682px\" title=\"Hermandad de la Virgen de Dolores, parroquia Santa Cruz del Milagro o Parroquia Vieja zona 6, cuyo cortejo sale en Lunes Santo. (Foto Oscar Rivas) \u2013 SoyMigrante.com REVISTA\" \/><\/a>\n\t\t\t<\/div>\n\t\t\t\t<figcaption class='wp-caption-text gallery-caption' id='gallery-14-29665'>\n\t\t\t\tHermandad de la Virgen de Dolores, parroquia Santa Cruz del Milagro o Parroquia Vieja zona 6, cuyo cortejo sale en Lunes Santo. (Foto Oscar Rivas)\n\t\t\t\t<\/figcaption><\/figure><figure class='gallery-item'>\n\t\t\t<div class='gallery-icon portrait'>\n\t\t\t\t<a data-elementor-open-lightbox=\"yes\" data-elementor-lightbox-slideshow=\"06cb240\" data-elementor-lightbox-title=\"Virgen de Dolores del templo La Recolecci\u00f3n, zona 1 de Guatemala.\" data-elementor-lightbox-description=\"Virgen de Dolores del templo La Recolecci\u00f3n, zona 1 de Guatemala.\" data-e-action-hash=\"#elementor-action%3Aaction%3Dlightbox%26settings%3DeyJpZCI6Mjk2NjYsInVybCI6Imh0dHBzOlwvXC9zb3ltaWdyYW50ZS5jb21cL3JldmlzdGFcL3dwLWNvbnRlbnRcL3VwbG9hZHNcLzIwMjVcLzAzXC90cmFqZXMtaGVybWFuZGFkZXMtZ3VhdGVtYWxhLXBvci1Pc2Nhci1SaXZhcy0xOC53ZWJwIiwic2xpZGVzaG93IjoiMDZjYjI0MCJ9\" href='https:\/\/soymigrante.com\/revista\/wp-content\/uploads\/2025\/03\/trajes-hermandades-guatemala-por-Oscar-Rivas-18.webp'><img decoding=\"async\" width=\"682\" height=\"1024\" src=\"https:\/\/soymigrante.com\/revista\/wp-content\/uploads\/2025\/03\/trajes-hermandades-guatemala-por-Oscar-Rivas-18-682x1024.jpg\" class=\"attachment-large size-large\" alt=\"Virgen de Dolores del templo La Recolecci\u00f3n, zona 1 de Guatemala.\" aria-describedby=\"gallery-14-29666\" srcset=\"https:\/\/soymigrante.com\/revista\/wp-content\/uploads\/2025\/03\/trajes-hermandades-guatemala-por-Oscar-Rivas-18-682x1024.jpg 682w, https:\/\/soymigrante.com\/revista\/wp-content\/uploads\/2025\/03\/trajes-hermandades-guatemala-por-Oscar-Rivas-18-200x300.jpg 200w, https:\/\/soymigrante.com\/revista\/wp-content\/uploads\/2025\/03\/trajes-hermandades-guatemala-por-Oscar-Rivas-18-768x1153.jpg 768w, https:\/\/soymigrante.com\/revista\/wp-content\/uploads\/2025\/03\/trajes-hermandades-guatemala-por-Oscar-Rivas-18-1023x1536.jpg 1023w, https:\/\/soymigrante.com\/revista\/wp-content\/uploads\/2025\/03\/trajes-hermandades-guatemala-por-Oscar-Rivas-18-750x1126.webp 750w, https:\/\/soymigrante.com\/revista\/wp-content\/uploads\/2025\/03\/trajes-hermandades-guatemala-por-Oscar-Rivas-18.webp 1066w\" sizes=\"(max-width: 682px) 100vw, 682px\" title=\"Virgen de Dolores del templo La Recolecci\u00f3n, zona 1 de Guatemala. \u2013 SoyMigrante.com REVISTA\" \/><\/a>\n\t\t\t<\/div>\n\t\t\t\t<figcaption class='wp-caption-text gallery-caption' id='gallery-14-29666'>\n\t\t\t\tVirgen de Dolores del templo La Recolecci\u00f3n, zona 1 de Guatemala.\n\t\t\t\t<\/figcaption><\/figure><figure class='gallery-item'>\n\t\t\t<div class='gallery-icon portrait'>\n\t\t\t\t<a data-elementor-open-lightbox=\"yes\" data-elementor-lightbox-slideshow=\"06cb240\" data-elementor-lightbox-title=\"Hermandad de la Virgen de Dolores del templo de San Nicol\u00e1s, Quetzaltenango.\" data-elementor-lightbox-description=\"Hermandad de la Virgen de Dolores del templo de San Nicol\u00e1s, Quetzaltenango.\" data-e-action-hash=\"#elementor-action%3Aaction%3Dlightbox%26settings%3DeyJpZCI6Mjk2NjcsInVybCI6Imh0dHBzOlwvXC9zb3ltaWdyYW50ZS5jb21cL3JldmlzdGFcL3dwLWNvbnRlbnRcL3VwbG9hZHNcLzIwMjVcLzAzXC90cmFqZXMtaGVybWFuZGFkZXMtZ3VhdGVtYWxhLXBvci1Pc2Nhci1SaXZhcy0xOS53ZWJwIiwic2xpZGVzaG93IjoiMDZjYjI0MCJ9\" href='https:\/\/soymigrante.com\/revista\/wp-content\/uploads\/2025\/03\/trajes-hermandades-guatemala-por-Oscar-Rivas-19.webp'><img loading=\"lazy\" decoding=\"async\" width=\"682\" height=\"1024\" src=\"https:\/\/soymigrante.com\/revista\/wp-content\/uploads\/2025\/03\/trajes-hermandades-guatemala-por-Oscar-Rivas-19-682x1024.jpg\" class=\"attachment-large size-large\" alt=\"Hermandad de la Virgen de Dolores del templo de San Nicol\u00e1s, Quetzaltenango.\" aria-describedby=\"gallery-14-29667\" srcset=\"https:\/\/soymigrante.com\/revista\/wp-content\/uploads\/2025\/03\/trajes-hermandades-guatemala-por-Oscar-Rivas-19-682x1024.jpg 682w, https:\/\/soymigrante.com\/revista\/wp-content\/uploads\/2025\/03\/trajes-hermandades-guatemala-por-Oscar-Rivas-19-200x300.jpg 200w, https:\/\/soymigrante.com\/revista\/wp-content\/uploads\/2025\/03\/trajes-hermandades-guatemala-por-Oscar-Rivas-19-768x1153.jpg 768w, https:\/\/soymigrante.com\/revista\/wp-content\/uploads\/2025\/03\/trajes-hermandades-guatemala-por-Oscar-Rivas-19-1023x1536.jpg 1023w, https:\/\/soymigrante.com\/revista\/wp-content\/uploads\/2025\/03\/trajes-hermandades-guatemala-por-Oscar-Rivas-19-750x1126.webp 750w, https:\/\/soymigrante.com\/revista\/wp-content\/uploads\/2025\/03\/trajes-hermandades-guatemala-por-Oscar-Rivas-19.webp 1066w\" sizes=\"(max-width: 682px) 100vw, 682px\" title=\"Hermandad de la Virgen de Dolores del templo de San Nicol\u00e1s, Quetzaltenango. \u2013 SoyMigrante.com REVISTA\" \/><\/a>\n\t\t\t<\/div>\n\t\t\t\t<figcaption class='wp-caption-text gallery-caption' id='gallery-14-29667'>\n\t\t\t\tHermandad de la Virgen de Dolores del templo de San Nicol\u00e1s, Quetzaltenango.\n\t\t\t\t<\/figcaption><\/figure><figure class='gallery-item'>\n\t\t\t<div class='gallery-icon portrait'>\n\t\t\t\t<a data-elementor-open-lightbox=\"yes\" data-elementor-lightbox-slideshow=\"06cb240\" data-elementor-lightbox-title=\"Cofrad\u00eda de la Santa Vera Cruz, templo de San Francisco.\" data-elementor-lightbox-description=\"Cofrad\u00eda de la Santa Vera Cruz, templo de San Francisco.\" data-e-action-hash=\"#elementor-action%3Aaction%3Dlightbox%26settings%3DeyJpZCI6Mjk2NjgsInVybCI6Imh0dHBzOlwvXC9zb3ltaWdyYW50ZS5jb21cL3JldmlzdGFcL3dwLWNvbnRlbnRcL3VwbG9hZHNcLzIwMjVcLzAzXC90cmFqZXMtaGVybWFuZGFkZXMtZ3VhdGVtYWxhLXBvci1Pc2Nhci1SaXZhcy0yMS53ZWJwIiwic2xpZGVzaG93IjoiMDZjYjI0MCJ9\" href='https:\/\/soymigrante.com\/revista\/wp-content\/uploads\/2025\/03\/trajes-hermandades-guatemala-por-Oscar-Rivas-21.webp'><img loading=\"lazy\" decoding=\"async\" width=\"682\" height=\"1024\" src=\"https:\/\/soymigrante.com\/revista\/wp-content\/uploads\/2025\/03\/trajes-hermandades-guatemala-por-Oscar-Rivas-21-682x1024.jpg\" class=\"attachment-large size-large\" alt=\"Cofrad\u00eda de la Santa Vera Cruz, templo de San Francisco.\" aria-describedby=\"gallery-14-29668\" srcset=\"https:\/\/soymigrante.com\/revista\/wp-content\/uploads\/2025\/03\/trajes-hermandades-guatemala-por-Oscar-Rivas-21-682x1024.jpg 682w, https:\/\/soymigrante.com\/revista\/wp-content\/uploads\/2025\/03\/trajes-hermandades-guatemala-por-Oscar-Rivas-21-200x300.jpg 200w, https:\/\/soymigrante.com\/revista\/wp-content\/uploads\/2025\/03\/trajes-hermandades-guatemala-por-Oscar-Rivas-21-768x1153.jpg 768w, https:\/\/soymigrante.com\/revista\/wp-content\/uploads\/2025\/03\/trajes-hermandades-guatemala-por-Oscar-Rivas-21-1023x1536.jpg 1023w, https:\/\/soymigrante.com\/revista\/wp-content\/uploads\/2025\/03\/trajes-hermandades-guatemala-por-Oscar-Rivas-21-750x1126.webp 750w, https:\/\/soymigrante.com\/revista\/wp-content\/uploads\/2025\/03\/trajes-hermandades-guatemala-por-Oscar-Rivas-21.webp 1066w\" sizes=\"(max-width: 682px) 100vw, 682px\" title=\"Cofrad\u00eda de la Santa Vera Cruz, templo de San Francisco. \u2013 SoyMigrante.com REVISTA\" \/><\/a>\n\t\t\t<\/div>\n\t\t\t\t<figcaption class='wp-caption-text gallery-caption' id='gallery-14-29668'>\n\t\t\t\tCofrad\u00eda de la Santa Vera Cruz, templo de San Francisco.\n\t\t\t\t<\/figcaption><\/figure><figure class='gallery-item'>\n\t\t\t<div class='gallery-icon portrait'>\n\t\t\t\t<a data-elementor-open-lightbox=\"yes\" data-elementor-lightbox-slideshow=\"06cb240\" data-elementor-lightbox-title=\"Hermandad de la Virgen de la Soledad, Reina de la Paz, parroquia Nuestra Se\u00f1ora de los Remedios, templo El Calvario, 18 calle zona 1 de Guatemala.\" data-elementor-lightbox-description=\"Hermandad de la Virgen de la Soledad, Reina de la Paz, parroquia Nuestra Se\u00f1ora de los Remedios, templo El Calvario, 18 calle zona 1 de Guatemala.\" data-e-action-hash=\"#elementor-action%3Aaction%3Dlightbox%26settings%3DeyJpZCI6Mjk2NzEsInVybCI6Imh0dHBzOlwvXC9zb3ltaWdyYW50ZS5jb21cL3JldmlzdGFcL3dwLWNvbnRlbnRcL3VwbG9hZHNcLzIwMjVcLzAzXC90cmFqZXMtaGVybWFuZGFkZXMtZ3VhdGVtYWxhLXBvci1Pc2Nhci1SaXZhcy0yNy53ZWJwIiwic2xpZGVzaG93IjoiMDZjYjI0MCJ9\" href='https:\/\/soymigrante.com\/revista\/wp-content\/uploads\/2025\/03\/trajes-hermandades-guatemala-por-Oscar-Rivas-27.webp'><img loading=\"lazy\" decoding=\"async\" width=\"682\" height=\"1024\" src=\"https:\/\/soymigrante.com\/revista\/wp-content\/uploads\/2025\/03\/trajes-hermandades-guatemala-por-Oscar-Rivas-27-682x1024.jpg\" class=\"attachment-large size-large\" alt=\"Hermandad de la Virgen de la Soledad, Reina de la Paz, parroquia Nuestra Se\u00f1ora de los Remedios, templo El Calvario, 18 calle zona 1 de Guatemala.\" aria-describedby=\"gallery-14-29671\" srcset=\"https:\/\/soymigrante.com\/revista\/wp-content\/uploads\/2025\/03\/trajes-hermandades-guatemala-por-Oscar-Rivas-27-682x1024.jpg 682w, https:\/\/soymigrante.com\/revista\/wp-content\/uploads\/2025\/03\/trajes-hermandades-guatemala-por-Oscar-Rivas-27-200x300.jpg 200w, https:\/\/soymigrante.com\/revista\/wp-content\/uploads\/2025\/03\/trajes-hermandades-guatemala-por-Oscar-Rivas-27-768x1153.jpg 768w, https:\/\/soymigrante.com\/revista\/wp-content\/uploads\/2025\/03\/trajes-hermandades-guatemala-por-Oscar-Rivas-27-1023x1536.jpg 1023w, https:\/\/soymigrante.com\/revista\/wp-content\/uploads\/2025\/03\/trajes-hermandades-guatemala-por-Oscar-Rivas-27-750x1126.webp 750w, https:\/\/soymigrante.com\/revista\/wp-content\/uploads\/2025\/03\/trajes-hermandades-guatemala-por-Oscar-Rivas-27.webp 1066w\" sizes=\"(max-width: 682px) 100vw, 682px\" title=\"Hermandad de la Virgen de la Soledad, Reina de la Paz, parroquia Nuestra Se\u00f1ora de los Remedios, templo El Calvario, 18 calle zona 1 de Guatemala. \u2013 SoyMigrante.com REVISTA\" \/><\/a>\n\t\t\t<\/div>\n\t\t\t\t<figcaption class='wp-caption-text gallery-caption' id='gallery-14-29671'>\n\t\t\t\tConversi\u00f3n de logro y reconocimiento en el contexto de migraci\u00f3n y derechos humanos en la revista SoyMigrante.com.\n\t\t\t\t<\/figcaption><\/figure>\n\t\t<\/div>\n\t\t<\/div>\n\t\t\t\t\t\t<\/div>\n\t\t\t\t\t<\/div>\n\t\t\t\t<\/div>\n\t\t<div data-particle_enable=\"false\" data-particle-mobile-disabled=\"false\" class=\"elementor-element elementor-element-be9e883 e-flex e-con-boxed e-con e-parent\" data-id=\"be9e883\" data-element_type=\"container\" data-e-type=\"container\">\n\t\t\t\t\t<div class=\"e-con-inner\">\n\t\t\t\t<div class=\"elementor-element elementor-element-1c45138 elementor-widget elementor-widget-heading\" data-id=\"1c45138\" data-element_type=\"widget\" data-e-type=\"widget\" data-widget_type=\"heading.default\">\n\t\t\t\t\t<h3 class=\"elementor-heading-title elementor-size-default\">Trajes penitenciales masculinos con capirote<\/h3>\t\t\t\t<\/div>\n\t\t\t\t\t<\/div>\n\t\t\t\t<\/div>\n\t\t<div data-particle_enable=\"false\" data-particle-mobile-disabled=\"false\" class=\"elementor-element elementor-element-944a530 e-flex e-con-boxed e-con e-parent\" data-id=\"944a530\" data-element_type=\"container\" data-e-type=\"container\">\n\t\t\t\t\t<div class=\"e-con-inner\">\n\t\t\t\t<div class=\"elementor-element elementor-element-64b420c elementor-widget elementor-widget-text-editor\" data-id=\"64b420c\" data-element_type=\"widget\" data-e-type=\"widget\" data-widget_type=\"text-editor.default\">\n\t\t\t\t\t\t\t\t\t<p>Este tipo de traje con el cono penitencial, estuvo en desuso por muchos a\u00f1os a causa de una supuesta prohibici\u00f3n originada por un atentado planificado en contra del dictador Manuel Estrada Cabrera, ocurrido en 1907.\u00a0<\/p><p>Dicho ataque ser\u00eda cometido en Viernes Santo por individuos vestidos con traje penitencial y con el rostro cubierto. Ello origin\u00f3 que dejaran de utilizarse por muchos a\u00f1os.\u00a0<\/p><p><span style=\"font-family: Roboto, sans-serif; font-size: 16px; font-style: normal; font-variant-ligatures: normal; font-variant-caps: normal; font-weight: 400; color: var( --e-global-color-text ); text-align: var(--text-align);\">Este tipo de traje sigue la usanza espa\u00f1ola tra\u00edda por los conquistadores y se utiliz\u00f3 en la Antigua Guetemala y tambi\u00e9n en la Nueva Guatemala de la Asunci\u00f3n. Se ha ido recuperando su uso como expresi\u00f3n de devoci\u00f3n y penitencia an\u00f3nima, pues al estar en procesi\u00f3n no se sabe la identidad de la persona.<\/span><\/p>\t\t\t\t\t\t\t\t<\/div>\n\t\t\t\t\t<\/div>\n\t\t\t\t<\/div>\n\t\t<div data-particle_enable=\"false\" data-particle-mobile-disabled=\"false\" class=\"elementor-element elementor-element-3a6b869 e-flex e-con-boxed e-con e-parent\" data-id=\"3a6b869\" data-element_type=\"container\" data-e-type=\"container\">\n\t\t\t\t\t<div class=\"e-con-inner\">\n\t\t\t\t<div class=\"elementor-element elementor-element-f52c6e7 elementor-widget elementor-widget-heading\" data-id=\"f52c6e7\" data-element_type=\"widget\" data-e-type=\"widget\" data-widget_type=\"heading.default\">\n\t\t\t\t\t<h2 class=\"elementor-heading-title elementor-size-default\">Y por supuesto, los cucuruchos guatemaltecos<\/h2>\t\t\t\t<\/div>\n\t\t\t\t\t<\/div>\n\t\t\t\t<\/div>\n\t\t<div data-particle_enable=\"false\" data-particle-mobile-disabled=\"false\" class=\"elementor-element elementor-element-c5f54d1 e-flex e-con-boxed e-con e-parent\" data-id=\"c5f54d1\" data-element_type=\"container\" data-e-type=\"container\">\n\t\t\t\t\t<div class=\"e-con-inner\">\n\t\t\t\t<div class=\"elementor-element elementor-element-fb2637e elementor-widget elementor-widget-image-gallery\" data-id=\"fb2637e\" data-element_type=\"widget\" data-e-type=\"widget\" data-widget_type=\"image-gallery.default\">\n\t\t\t\t\t\t\t<div class=\"elementor-image-gallery\">\n\t\t\t<div id='gallery-15' class='gallery galleryid-29642 gallery-columns-1 gallery-size-large'><figure class='gallery-item'>\n\t\t\t<div class='gallery-icon portrait'>\n\t\t\t\t<a data-elementor-open-lightbox=\"yes\" data-elementor-lightbox-slideshow=\"fb2637e\" data-elementor-lightbox-title=\"Cucurucho de Jes\u00fas Nazareno de Candelaria. (Fotograf\u00eda cortes\u00eda Oscar Rivas)\" data-elementor-lightbox-description=\"Cucurucho de Jes\u00fas Nazareno de Candelaria. (Fotograf\u00eda cortes\u00eda Oscar Rivas)\" data-e-action-hash=\"#elementor-action%3Aaction%3Dlightbox%26settings%3DeyJpZCI6Mjk3MTMsInVybCI6Imh0dHBzOlwvXC9zb3ltaWdyYW50ZS5jb21cL3JldmlzdGFcL3dwLWNvbnRlbnRcL3VwbG9hZHNcLzIwMjVcLzAzXC90cmFqZXMtaGVybWFuZGFkZXMtZ3VhdGVtYWxhLXBvci1Pc2Nhci1SaXZhcy03LTEud2VicCIsInNsaWRlc2hvdyI6ImZiMjYzN2UifQ%3D%3D\" href='https:\/\/soymigrante.com\/revista\/wp-content\/uploads\/2025\/03\/trajes-hermandades-guatemala-por-Oscar-Rivas-7-1.webp'><img loading=\"lazy\" decoding=\"async\" width=\"682\" height=\"1024\" src=\"https:\/\/soymigrante.com\/revista\/wp-content\/uploads\/2025\/03\/trajes-hermandades-guatemala-por-Oscar-Rivas-7-1-682x1024.jpg\" class=\"attachment-large size-large\" alt=\"Cucurucho de Jes\u00fas Nazareno de Candelaria. (Fotograf\u00eda cortes\u00eda Oscar Rivas)\" aria-describedby=\"gallery-15-29713\" srcset=\"https:\/\/soymigrante.com\/revista\/wp-content\/uploads\/2025\/03\/trajes-hermandades-guatemala-por-Oscar-Rivas-7-1-682x1024.jpg 682w, https:\/\/soymigrante.com\/revista\/wp-content\/uploads\/2025\/03\/trajes-hermandades-guatemala-por-Oscar-Rivas-7-1-200x300.jpg 200w, https:\/\/soymigrante.com\/revista\/wp-content\/uploads\/2025\/03\/trajes-hermandades-guatemala-por-Oscar-Rivas-7-1-768x1153.jpg 768w, https:\/\/soymigrante.com\/revista\/wp-content\/uploads\/2025\/03\/trajes-hermandades-guatemala-por-Oscar-Rivas-7-1-1023x1536.jpg 1023w, https:\/\/soymigrante.com\/revista\/wp-content\/uploads\/2025\/03\/trajes-hermandades-guatemala-por-Oscar-Rivas-7-1-750x1126.webp 750w, https:\/\/soymigrante.com\/revista\/wp-content\/uploads\/2025\/03\/trajes-hermandades-guatemala-por-Oscar-Rivas-7-1.webp 1066w\" sizes=\"(max-width: 682px) 100vw, 682px\" title=\"Cucurucho de Jes\u00fas Nazareno de Candelaria. (Fotograf\u00eda cortes\u00eda Oscar Rivas) \u2013 SoyMigrante.com REVISTA\" \/><\/a>\n\t\t\t<\/div>\n\t\t\t\t<figcaption class='wp-caption-text gallery-caption' id='gallery-15-29713'>\n\t\t\t\tCucurucho de Jes\u00fas Nazareno de Candelaria. (Fotograf\u00eda cortes\u00eda Oscar Rivas)\n\t\t\t\t<\/figcaption><\/figure><figure class='gallery-item'>\n\t\t\t<div class='gallery-icon portrait'>\n\t\t\t\t<a data-elementor-open-lightbox=\"yes\" data-elementor-lightbox-slideshow=\"fb2637e\" data-elementor-lightbox-title=\"Hermandad de Jes\u00fas Nazareno Rey Celestial y Virgen de Dolores, madre del Cordero. Iglesia Nuestra Se\u00f1ora de los \u00c1ngeles, zona 6. (Fotograf\u00eda \u00d3scar Rivas)\" data-elementor-lightbox-description=\"Hermandad de Jes\u00fas Nazareno Rey Celestial y Virgen de Dolores, madre del Cordero. Iglesia Nuestra Se\u00f1ora de los \u00c1ngeles, zona 6. (Fotograf\u00eda \u00d3scar Rivas)\" data-e-action-hash=\"#elementor-action%3Aaction%3Dlightbox%26settings%3DeyJpZCI6Mjk3MzksInVybCI6Imh0dHBzOlwvXC9zb3ltaWdyYW50ZS5jb21cL3JldmlzdGFcL3dwLWNvbnRlbnRcL3VwbG9hZHNcLzIwMjVcLzAzXC90cmFqZXMtaGVybWFuZGFkZXMtZ3VhdGVtYWxhLXBvci1Pc2Nhci1SaXZhcy00LTIud2VicCIsInNsaWRlc2hvdyI6ImZiMjYzN2UifQ%3D%3D\" href='https:\/\/soymigrante.com\/revista\/wp-content\/uploads\/2025\/03\/trajes-hermandades-guatemala-por-Oscar-Rivas-4-2.webp'><img loading=\"lazy\" decoding=\"async\" width=\"682\" height=\"1024\" src=\"https:\/\/soymigrante.com\/revista\/wp-content\/uploads\/2025\/03\/trajes-hermandades-guatemala-por-Oscar-Rivas-4-2-682x1024.jpg\" class=\"attachment-large size-large\" alt=\"Hermandad de Jes\u00fas Nazareno Rey Celestial y Virgen de Dolores, madre del Cordero. Iglesia Nuestra Se\u00f1ora de los \u00c1ngeles, zona 6. (Fotograf\u00eda \u00d3scar Rivas)\" aria-describedby=\"gallery-15-29739\" srcset=\"https:\/\/soymigrante.com\/revista\/wp-content\/uploads\/2025\/03\/trajes-hermandades-guatemala-por-Oscar-Rivas-4-2-682x1024.jpg 682w, https:\/\/soymigrante.com\/revista\/wp-content\/uploads\/2025\/03\/trajes-hermandades-guatemala-por-Oscar-Rivas-4-2-200x300.jpg 200w, https:\/\/soymigrante.com\/revista\/wp-content\/uploads\/2025\/03\/trajes-hermandades-guatemala-por-Oscar-Rivas-4-2-768x1153.jpg 768w, https:\/\/soymigrante.com\/revista\/wp-content\/uploads\/2025\/03\/trajes-hermandades-guatemala-por-Oscar-Rivas-4-2-1023x1536.jpg 1023w, https:\/\/soymigrante.com\/revista\/wp-content\/uploads\/2025\/03\/trajes-hermandades-guatemala-por-Oscar-Rivas-4-2-750x1126.webp 750w, https:\/\/soymigrante.com\/revista\/wp-content\/uploads\/2025\/03\/trajes-hermandades-guatemala-por-Oscar-Rivas-4-2.webp 1066w\" sizes=\"(max-width: 682px) 100vw, 682px\" title=\"Hermandad de Jes\u00fas Nazareno Rey Celestial y Virgen de Dolores, madre del Cordero. Iglesia Nuestra Se\u00f1ora de los \u00c1ngeles, zona 6. (Fotograf\u00eda \u00d3scar Rivas) \u2013 SoyMigrante.com REVISTA\" \/><\/a>\n\t\t\t<\/div>\n\t\t\t\t<figcaption class='wp-caption-text gallery-caption' id='gallery-15-29739'>\n\t\t\t\tHermandad de Jes\u00fas Nazareno Rey Celestial y Virgen de Dolores, madre del Cordero. Iglesia Nuestra Se\u00f1ora de los \u00c1ngeles, zona 6. (Fotograf\u00eda \u00d3scar Rivas)\n\t\t\t\t<\/figcaption><\/figure><figure class='gallery-item'>\n\t\t\t<div class='gallery-icon portrait'>\n\t\t\t\t<a data-elementor-open-lightbox=\"yes\" data-elementor-lightbox-slideshow=\"fb2637e\" data-elementor-lightbox-title=\"Hermandad de la Consagrada Imagen de Jes\u00fas Nazareno del Consuelo del templo de La Recolecci\u00f3n. (Fotograf\u00eda Oscar Rivas)\" data-elementor-lightbox-description=\"Hermandad de la Consagrada Imagen de Jes\u00fas Nazareno del Consuelo del templo de La Recolecci\u00f3n. (Fotograf\u00eda Oscar Rivas)\" data-e-action-hash=\"#elementor-action%3Aaction%3Dlightbox%26settings%3DeyJpZCI6Mjk3NTksInVybCI6Imh0dHBzOlwvXC9zb3ltaWdyYW50ZS5jb21cL3JldmlzdGFcL3dwLWNvbnRlbnRcL3VwbG9hZHNcLzIwMjVcLzAzXC90cmFqZXMtaGVybWFuZGFkZXMtc2VtYW5hLXNhbnRhLW9zY2FyLXJpdmFzLTEud2VicCIsInNsaWRlc2hvdyI6ImZiMjYzN2UifQ%3D%3D\" href='https:\/\/soymigrante.com\/revista\/wp-content\/uploads\/2025\/03\/trajes-hermandades-semana-santa-oscar-rivas-1.webp'><img loading=\"lazy\" decoding=\"async\" width=\"674\" height=\"1024\" src=\"https:\/\/soymigrante.com\/revista\/wp-content\/uploads\/2025\/03\/trajes-hermandades-semana-santa-oscar-rivas-1-674x1024.png\" class=\"attachment-large size-large\" alt=\"Hermandad de la Consagrada Imagen de Jes\u00fas Nazareno del Consuelo del templo de La Recolecci\u00f3n. (Fotograf\u00eda Oscar Rivas)\" aria-describedby=\"gallery-15-29759\" srcset=\"https:\/\/soymigrante.com\/revista\/wp-content\/uploads\/2025\/03\/trajes-hermandades-semana-santa-oscar-rivas-1-674x1024.png 674w, https:\/\/soymigrante.com\/revista\/wp-content\/uploads\/2025\/03\/trajes-hermandades-semana-santa-oscar-rivas-1-197x300.png 197w, https:\/\/soymigrante.com\/revista\/wp-content\/uploads\/2025\/03\/trajes-hermandades-semana-santa-oscar-rivas-1.webp 724w\" sizes=\"(max-width: 674px) 100vw, 674px\" title=\"Hermandad de la Consagrada Imagen de Jes\u00fas Nazareno del Consuelo del templo de La Recolecci\u00f3n. (Fotograf\u00eda Oscar Rivas) \u2013 SoyMigrante.com REVISTA\" \/><\/a>\n\t\t\t<\/div>\n\t\t\t\t<figcaption class='wp-caption-text gallery-caption' id='gallery-15-29759'>\n\t\t\t\tHermandad de la Consagrada Imagen de Jes\u00fas Nazareno del Consuelo del templo de La Recolecci\u00f3n. (Fotograf\u00eda Oscar Rivas)\n\t\t\t\t<\/figcaption><\/figure><figure class='gallery-item'>\n\t\t\t<div class='gallery-icon portrait'>\n\t\t\t\t<a data-elementor-open-lightbox=\"yes\" data-elementor-lightbox-slideshow=\"fb2637e\" data-elementor-lightbox-title=\"Devotos cargadores de Jes\u00fas Nazareno de la Indulgencia, iglesia del Beaterio de Bel\u00e9n.  Foto \u00d3scar Rivas\" data-elementor-lightbox-description=\"Devotos cargadores de Jes\u00fas Nazareno de la Indulgencia, iglesia del Beaterio de Bel\u00e9n.  Foto \u00d3scar Rivas\" data-e-action-hash=\"#elementor-action%3Aaction%3Dlightbox%26settings%3DeyJpZCI6Mjk3MzYsInVybCI6Imh0dHBzOlwvXC9zb3ltaWdyYW50ZS5jb21cL3JldmlzdGFcL3dwLWNvbnRlbnRcL3VwbG9hZHNcLzIwMjVcLzAzXC90cmFqZXMtaGVybWFuZGFkZXMtZ3VhdGVtYWxhLXBvci1Pc2Nhci1SaXZhcy0yOC0xLndlYnAiLCJzbGlkZXNob3ciOiJmYjI2MzdlIn0%3D\" href='https:\/\/soymigrante.com\/revista\/wp-content\/uploads\/2025\/03\/trajes-hermandades-guatemala-por-Oscar-Rivas-28-1.webp'><img loading=\"lazy\" decoding=\"async\" width=\"682\" height=\"1024\" src=\"https:\/\/soymigrante.com\/revista\/wp-content\/uploads\/2025\/03\/trajes-hermandades-guatemala-por-Oscar-Rivas-28-1-682x1024.jpg\" class=\"attachment-large size-large\" alt=\"Devotos cargadores de Jes\u00fas Nazareno de la Indulgencia, iglesia del Beaterio de Bel\u00e9n. Foto \u00d3scar Rivas\" aria-describedby=\"gallery-15-29736\" srcset=\"https:\/\/soymigrante.com\/revista\/wp-content\/uploads\/2025\/03\/trajes-hermandades-guatemala-por-Oscar-Rivas-28-1-682x1024.jpg 682w, https:\/\/soymigrante.com\/revista\/wp-content\/uploads\/2025\/03\/trajes-hermandades-guatemala-por-Oscar-Rivas-28-1-200x300.jpg 200w, https:\/\/soymigrante.com\/revista\/wp-content\/uploads\/2025\/03\/trajes-hermandades-guatemala-por-Oscar-Rivas-28-1-768x1153.jpg 768w, https:\/\/soymigrante.com\/revista\/wp-content\/uploads\/2025\/03\/trajes-hermandades-guatemala-por-Oscar-Rivas-28-1-1023x1536.jpg 1023w, https:\/\/soymigrante.com\/revista\/wp-content\/uploads\/2025\/03\/trajes-hermandades-guatemala-por-Oscar-Rivas-28-1-750x1126.webp 750w, https:\/\/soymigrante.com\/revista\/wp-content\/uploads\/2025\/03\/trajes-hermandades-guatemala-por-Oscar-Rivas-28-1.webp 1066w\" sizes=\"(max-width: 682px) 100vw, 682px\" title=\"Devotos cargadores de Jes\u00fas Nazareno de la Indulgencia, iglesia del Beaterio de Bel\u00e9n.  Foto \u00d3scar Rivas \u2013 SoyMigrante.com REVISTA\" \/><\/a>\n\t\t\t<\/div>\n\t\t\t\t<figcaption class='wp-caption-text gallery-caption' id='gallery-15-29736'>\n\t\t\t\tDevotos cargadores de Jes\u00fas Nazareno de la Indulgencia, iglesia del Beaterio de Bel\u00e9n.  Foto \u00d3scar Rivas\n\t\t\t\t<\/figcaption><\/figure><figure class='gallery-item'>\n\t\t\t<div class='gallery-icon portrait'>\n\t\t\t\t<a data-elementor-open-lightbox=\"yes\" data-elementor-lightbox-slideshow=\"fb2637e\" data-elementor-lightbox-title=\"Escuadr\u00f3n de palestinos, iglesia de San Miguel de Capuchinas, zona 1 de Guatemala., (Foto \u00d3scar Rivas)\" data-elementor-lightbox-description=\"Escuadr\u00f3n de palestinos, iglesia de San Miguel de Capuchinas, zona 1 de Guatemala., (Foto \u00d3scar Rivas)\" data-e-action-hash=\"#elementor-action%3Aaction%3Dlightbox%26settings%3DeyJpZCI6Mjk3MjIsInVybCI6Imh0dHBzOlwvXC9zb3ltaWdyYW50ZS5jb21cL3JldmlzdGFcL3dwLWNvbnRlbnRcL3VwbG9hZHNcLzIwMjVcLzAzXC90cmFqZXMtaGVybWFuZGFkZXMtZ3VhdGVtYWxhLXBvci1Pc2Nhci1SaXZhcy0yOS53ZWJwIiwic2xpZGVzaG93IjoiZmIyNjM3ZSJ9\" href='https:\/\/soymigrante.com\/revista\/wp-content\/uploads\/2025\/03\/trajes-hermandades-guatemala-por-Oscar-Rivas-29.webp'><img loading=\"lazy\" decoding=\"async\" width=\"682\" height=\"1024\" src=\"https:\/\/soymigrante.com\/revista\/wp-content\/uploads\/2025\/03\/trajes-hermandades-guatemala-por-Oscar-Rivas-29-682x1024.jpg\" class=\"attachment-large size-large\" alt=\"Escuadr\u00f3n de palestinos, iglesia de San Miguel de Capuchinas, zona 1 de Guatemala., (Foto \u00d3scar Rivas)\" aria-describedby=\"gallery-15-29722\" srcset=\"https:\/\/soymigrante.com\/revista\/wp-content\/uploads\/2025\/03\/trajes-hermandades-guatemala-por-Oscar-Rivas-29-682x1024.jpg 682w, https:\/\/soymigrante.com\/revista\/wp-content\/uploads\/2025\/03\/trajes-hermandades-guatemala-por-Oscar-Rivas-29-200x300.jpg 200w, https:\/\/soymigrante.com\/revista\/wp-content\/uploads\/2025\/03\/trajes-hermandades-guatemala-por-Oscar-Rivas-29-768x1153.jpg 768w, https:\/\/soymigrante.com\/revista\/wp-content\/uploads\/2025\/03\/trajes-hermandades-guatemala-por-Oscar-Rivas-29-1023x1536.jpg 1023w, https:\/\/soymigrante.com\/revista\/wp-content\/uploads\/2025\/03\/trajes-hermandades-guatemala-por-Oscar-Rivas-29-750x1126.webp 750w, https:\/\/soymigrante.com\/revista\/wp-content\/uploads\/2025\/03\/trajes-hermandades-guatemala-por-Oscar-Rivas-29.webp 1066w\" sizes=\"(max-width: 682px) 100vw, 682px\" title=\"Escuadr\u00f3n de palestinos, iglesia de San Miguel de Capuchinas, zona 1 de Guatemala., (Foto \u00d3scar Rivas) \u2013 SoyMigrante.com REVISTA\" \/><\/a>\n\t\t\t<\/div>\n\t\t\t\t<figcaption class='wp-caption-text gallery-caption' id='gallery-15-29722'>\n\t\t\t\tEscuadr\u00f3n de palestinos, iglesia de San Miguel de Capuchinas, zona 1 de Guatemala., (Foto \u00d3scar Rivas)\n\t\t\t\t<\/figcaption><\/figure><figure class='gallery-item'>\n\t\t\t<div class='gallery-icon portrait'>\n\t\t\t\t<a data-elementor-open-lightbox=\"yes\" data-elementor-lightbox-slideshow=\"fb2637e\" data-elementor-lightbox-title=\"Asociaci\u00f3n de Religiosidad Popular de la iglesia La Merced, procesi\u00f3n de Jes\u00fas Nazareno de la Merced, Patr\u00f3n Jurado de la Ciudad, en Viernes Santo. (Foto \u00d3scar Rivas)\" data-elementor-lightbox-description=\"Asociaci\u00f3n de Religiosidad Popular de la iglesia La Merced, procesi\u00f3n de Jes\u00fas Nazareno de la Merced, Patr\u00f3n Jurado de la Ciudad, en Viernes Santo. (Foto \u00d3scar Rivas)\" data-e-action-hash=\"#elementor-action%3Aaction%3Dlightbox%26settings%3DeyJpZCI6Mjk3MjcsInVybCI6Imh0dHBzOlwvXC9zb3ltaWdyYW50ZS5jb21cL3JldmlzdGFcL3dwLWNvbnRlbnRcL3VwbG9hZHNcLzIwMjVcLzAzXC90cmFqZXMtaGVybWFuZGFkZXMtZ3VhdGVtYWxhLXBvci1Pc2Nhci1SaXZhcy0xNi0yLndlYnAiLCJzbGlkZXNob3ciOiJmYjI2MzdlIn0%3D\" href='https:\/\/soymigrante.com\/revista\/wp-content\/uploads\/2025\/03\/trajes-hermandades-guatemala-por-Oscar-Rivas-16-2.webp'><img loading=\"lazy\" decoding=\"async\" width=\"682\" height=\"1024\" src=\"https:\/\/soymigrante.com\/revista\/wp-content\/uploads\/2025\/03\/trajes-hermandades-guatemala-por-Oscar-Rivas-16-2-682x1024.jpg\" class=\"attachment-large size-large\" alt=\"Asociaci\u00f3n de Religiosidad Popular de la iglesia La Merced, procesi\u00f3n de Jes\u00fas Nazareno de la Merced, Patr\u00f3n Jurado de la Ciudad, en Viernes Santo. (Foto \u00d3scar Rivas)\" aria-describedby=\"gallery-15-29727\" srcset=\"https:\/\/soymigrante.com\/revista\/wp-content\/uploads\/2025\/03\/trajes-hermandades-guatemala-por-Oscar-Rivas-16-2-682x1024.jpg 682w, https:\/\/soymigrante.com\/revista\/wp-content\/uploads\/2025\/03\/trajes-hermandades-guatemala-por-Oscar-Rivas-16-2-200x300.jpg 200w, https:\/\/soymigrante.com\/revista\/wp-content\/uploads\/2025\/03\/trajes-hermandades-guatemala-por-Oscar-Rivas-16-2-768x1153.jpg 768w, https:\/\/soymigrante.com\/revista\/wp-content\/uploads\/2025\/03\/trajes-hermandades-guatemala-por-Oscar-Rivas-16-2-1023x1536.jpg 1023w, https:\/\/soymigrante.com\/revista\/wp-content\/uploads\/2025\/03\/trajes-hermandades-guatemala-por-Oscar-Rivas-16-2-750x1126.webp 750w, https:\/\/soymigrante.com\/revista\/wp-content\/uploads\/2025\/03\/trajes-hermandades-guatemala-por-Oscar-Rivas-16-2.webp 1066w\" sizes=\"(max-width: 682px) 100vw, 682px\" title=\"Asociaci\u00f3n de Religiosidad Popular de la iglesia La Merced, procesi\u00f3n de Jes\u00fas Nazareno de la Merced, Patr\u00f3n Jurado de la Ciudad, en Viernes Santo. (Foto \u00d3scar Rivas) \u2013 SoyMigrante.com REVISTA\" \/><\/a>\n\t\t\t<\/div>\n\t\t\t\t<figcaption class='wp-caption-text gallery-caption' id='gallery-15-29727'>\n\t\t\t\tAsociaci\u00f3n de Religiosidad Popular de la iglesia La Merced, procesi\u00f3n de Jes\u00fas Nazareno de la Merced, Patr\u00f3n Jurado de la Ciudad, en Viernes Santo. (Foto \u00d3scar Rivas)\n\t\t\t\t<\/figcaption><\/figure><figure class='gallery-item'>\n\t\t\t<div class='gallery-icon portrait'>\n\t\t\t\t<a data-elementor-open-lightbox=\"yes\" data-elementor-lightbox-slideshow=\"fb2637e\" data-elementor-lightbox-title=\"Hermandad de la Consagrada Imagen de Jes\u00fas Nazareno de las Tres Potencias, iglesia de la Santa Cruz del Milagro (Fotograf\u00eda cortes\u00eda \u00d3scar Rivas)\" data-elementor-lightbox-description=\"Hermandad de la Consagrada Imagen de Jes\u00fas Nazareno de las Tres Potencias, iglesia de la Santa Cruz del Milagro (Fotograf\u00eda cortes\u00eda \u00d3scar Rivas)\" data-e-action-hash=\"#elementor-action%3Aaction%3Dlightbox%26settings%3DeyJpZCI6Mjk3MTYsInVybCI6Imh0dHBzOlwvXC9zb3ltaWdyYW50ZS5jb21cL3JldmlzdGFcL3dwLWNvbnRlbnRcL3VwbG9hZHNcLzIwMjVcLzAzXC90cmFqZXMtaGVybWFuZGFkZXMtZ3VhdGVtYWxhLXBvci1Pc2Nhci1SaXZhcy0xMi0xLndlYnAiLCJzbGlkZXNob3ciOiJmYjI2MzdlIn0%3D\" href='https:\/\/soymigrante.com\/revista\/wp-content\/uploads\/2025\/03\/trajes-hermandades-guatemala-por-Oscar-Rivas-12-1.webp'><img loading=\"lazy\" decoding=\"async\" width=\"682\" height=\"1024\" src=\"https:\/\/soymigrante.com\/revista\/wp-content\/uploads\/2025\/03\/trajes-hermandades-guatemala-por-Oscar-Rivas-12-1-682x1024.jpg\" class=\"attachment-large size-large\" alt=\"Hermandad de la Consagrada Imagen de Jes\u00fas Nazareno de las Tres Potencias, iglesia de la Santa Cruz del Milagro (Fotograf\u00eda cortes\u00eda \u00d3scar Rivas)\" aria-describedby=\"gallery-15-29716\" srcset=\"https:\/\/soymigrante.com\/revista\/wp-content\/uploads\/2025\/03\/trajes-hermandades-guatemala-por-Oscar-Rivas-12-1-682x1024.jpg 682w, https:\/\/soymigrante.com\/revista\/wp-content\/uploads\/2025\/03\/trajes-hermandades-guatemala-por-Oscar-Rivas-12-1-200x300.jpg 200w, https:\/\/soymigrante.com\/revista\/wp-content\/uploads\/2025\/03\/trajes-hermandades-guatemala-por-Oscar-Rivas-12-1-768x1153.jpg 768w, https:\/\/soymigrante.com\/revista\/wp-content\/uploads\/2025\/03\/trajes-hermandades-guatemala-por-Oscar-Rivas-12-1-1023x1536.jpg 1023w, https:\/\/soymigrante.com\/revista\/wp-content\/uploads\/2025\/03\/trajes-hermandades-guatemala-por-Oscar-Rivas-12-1-750x1126.webp 750w, https:\/\/soymigrante.com\/revista\/wp-content\/uploads\/2025\/03\/trajes-hermandades-guatemala-por-Oscar-Rivas-12-1.webp 1066w\" sizes=\"(max-width: 682px) 100vw, 682px\" title=\"Hermandad de la Consagrada Imagen de Jes\u00fas Nazareno de las Tres Potencias, iglesia de la Santa Cruz del Milagro (Fotograf\u00eda cortes\u00eda \u00d3scar Rivas) \u2013 SoyMigrante.com REVISTA\" \/><\/a>\n\t\t\t<\/div>\n\t\t\t\t<figcaption class='wp-caption-text gallery-caption' id='gallery-15-29716'>\n\t\t\t\tHermandad de la Consagrada Imagen de Jes\u00fas Nazareno de las Tres Potencias, iglesia de la Santa Cruz del Milagro (Fotograf\u00eda cortes\u00eda \u00d3scar Rivas)\n\t\t\t\t<\/figcaption><\/figure><figure class='gallery-item'>\n\t\t\t<div class='gallery-icon portrait'>\n\t\t\t\t<a data-elementor-open-lightbox=\"yes\" data-elementor-lightbox-slideshow=\"fb2637e\" data-elementor-lightbox-title=\"Asociaci\u00f3n de Cruzados del Santo Sepulcro de la iglesia La Recolecci\u00f3n, procesi\u00f3n de Santo Entierro el Viernes Santo. (Fotograf\u00eda cortes\u00eda \u00d3scar Rivas)\" data-elementor-lightbox-description=\"Asociaci\u00f3n de Cruzados del Santo Sepulcro de la iglesia La Recolecci\u00f3n, procesi\u00f3n de Santo Entierro el Viernes Santo. (Fotograf\u00eda cortes\u00eda \u00d3scar Rivas)\" data-e-action-hash=\"#elementor-action%3Aaction%3Dlightbox%26settings%3DeyJpZCI6Mjk3MjQsInVybCI6Imh0dHBzOlwvXC9zb3ltaWdyYW50ZS5jb21cL3JldmlzdGFcL3dwLWNvbnRlbnRcL3VwbG9hZHNcLzIwMjVcLzAzXC90cmFqZXMtaGVybWFuZGFkZXMtZ3VhdGVtYWxhLXBvci1Pc2Nhci1SaXZhcy0zMS53ZWJwIiwic2xpZGVzaG93IjoiZmIyNjM3ZSJ9\" href='https:\/\/soymigrante.com\/revista\/wp-content\/uploads\/2025\/03\/trajes-hermandades-guatemala-por-Oscar-Rivas-31.webp'><img loading=\"lazy\" decoding=\"async\" width=\"682\" height=\"1024\" src=\"https:\/\/soymigrante.com\/revista\/wp-content\/uploads\/2025\/03\/trajes-hermandades-guatemala-por-Oscar-Rivas-31-682x1024.jpg\" class=\"attachment-large size-large\" alt=\"Asociaci\u00f3n de Cruzados del Santo Sepulcro de la iglesia La Recolecci\u00f3n, procesi\u00f3n de Santo Entierro el Viernes Santo. (Fotograf\u00eda cortes\u00eda \u00d3scar Rivas)\" aria-describedby=\"gallery-15-29724\" srcset=\"https:\/\/soymigrante.com\/revista\/wp-content\/uploads\/2025\/03\/trajes-hermandades-guatemala-por-Oscar-Rivas-31-682x1024.jpg 682w, https:\/\/soymigrante.com\/revista\/wp-content\/uploads\/2025\/03\/trajes-hermandades-guatemala-por-Oscar-Rivas-31-200x300.jpg 200w, https:\/\/soymigrante.com\/revista\/wp-content\/uploads\/2025\/03\/trajes-hermandades-guatemala-por-Oscar-Rivas-31-768x1153.jpg 768w, https:\/\/soymigrante.com\/revista\/wp-content\/uploads\/2025\/03\/trajes-hermandades-guatemala-por-Oscar-Rivas-31-1023x1536.jpg 1023w, https:\/\/soymigrante.com\/revista\/wp-content\/uploads\/2025\/03\/trajes-hermandades-guatemala-por-Oscar-Rivas-31-750x1126.webp 750w, https:\/\/soymigrante.com\/revista\/wp-content\/uploads\/2025\/03\/trajes-hermandades-guatemala-por-Oscar-Rivas-31.webp 1066w\" sizes=\"(max-width: 682px) 100vw, 682px\" title=\"Asociaci\u00f3n de Cruzados del Santo Sepulcro de la iglesia La Recolecci\u00f3n, procesi\u00f3n de Santo Entierro el Viernes Santo. (Fotograf\u00eda cortes\u00eda \u00d3scar Rivas) \u2013 SoyMigrante.com REVISTA\" \/><\/a>\n\t\t\t<\/div>\n\t\t\t\t<figcaption class='wp-caption-text gallery-caption' id='gallery-15-29724'>\n\t\t\t\tAsociaci\u00f3n de Cruzados del Santo Sepulcro de la iglesia La Recolecci\u00f3n, procesi\u00f3n de Santo Entierro el Viernes Santo. (Fotograf\u00eda cortes\u00eda \u00d3scar Rivas)\n\t\t\t\t<\/figcaption><\/figure><figure class='gallery-item'>\n\t\t\t<div class='gallery-icon portrait'>\n\t\t\t\t<a data-elementor-open-lightbox=\"yes\" data-elementor-lightbox-slideshow=\"fb2637e\" data-elementor-lightbox-title=\"Devotos cargadores de Jes\u00fas de la Merced Patr\u00f3n Jurado de la Ciudad de Guatemala en su procesi\u00f3n de La Rese\u00f1a (Martes Santo) iglesia La Merced, ciudad de Guatemala. El anda sale sin adorno y los fieles le lanzan flores.  (Fotograf\u00eda cortes\u00eda \u00d3scar Rivas)\" data-elementor-lightbox-description=\"Devotos cargadores de Jes\u00fas de la Merced Patr\u00f3n Jurado de la Ciudad de Guatemala en su procesi\u00f3n de La Rese\u00f1a (Martes Santo) iglesia La Merced, ciudad de Guatemala. El anda sale sin adorno y los fieles le lanzan flores.  (Fotograf\u00eda cortes\u00eda \u00d3scar Rivas)\" data-e-action-hash=\"#elementor-action%3Aaction%3Dlightbox%26settings%3DeyJpZCI6Mjk3MjMsInVybCI6Imh0dHBzOlwvXC9zb3ltaWdyYW50ZS5jb21cL3JldmlzdGFcL3dwLWNvbnRlbnRcL3VwbG9hZHNcLzIwMjVcLzAzXC90cmFqZXMtaGVybWFuZGFkZXMtZ3VhdGVtYWxhLXBvci1Pc2Nhci1SaXZhcy0zMC53ZWJwIiwic2xpZGVzaG93IjoiZmIyNjM3ZSJ9\" href='https:\/\/soymigrante.com\/revista\/wp-content\/uploads\/2025\/03\/trajes-hermandades-guatemala-por-Oscar-Rivas-30.webp'><img loading=\"lazy\" decoding=\"async\" width=\"682\" height=\"1024\" src=\"https:\/\/soymigrante.com\/revista\/wp-content\/uploads\/2025\/03\/trajes-hermandades-guatemala-por-Oscar-Rivas-30-682x1024.jpg\" class=\"attachment-large size-large\" alt=\"Devotos cargadores de Jes\u00fas de la Merced Patr\u00f3n Jurado de la Ciudad de Guatemala en su procesi\u00f3n de La Rese\u00f1a (Martes Santo) iglesia La Merced, ciudad de Guatemala. El anda sale sin adorno y los fieles le lanzan flores. (Fotograf\u00eda cortes\u00eda \u00d3scar Rivas)\" aria-describedby=\"gallery-15-29723\" srcset=\"https:\/\/soymigrante.com\/revista\/wp-content\/uploads\/2025\/03\/trajes-hermandades-guatemala-por-Oscar-Rivas-30-682x1024.jpg 682w, https:\/\/soymigrante.com\/revista\/wp-content\/uploads\/2025\/03\/trajes-hermandades-guatemala-por-Oscar-Rivas-30-200x300.jpg 200w, https:\/\/soymigrante.com\/revista\/wp-content\/uploads\/2025\/03\/trajes-hermandades-guatemala-por-Oscar-Rivas-30-768x1153.jpg 768w, https:\/\/soymigrante.com\/revista\/wp-content\/uploads\/2025\/03\/trajes-hermandades-guatemala-por-Oscar-Rivas-30-1023x1536.jpg 1023w, https:\/\/soymigrante.com\/revista\/wp-content\/uploads\/2025\/03\/trajes-hermandades-guatemala-por-Oscar-Rivas-30-750x1126.webp 750w, https:\/\/soymigrante.com\/revista\/wp-content\/uploads\/2025\/03\/trajes-hermandades-guatemala-por-Oscar-Rivas-30.webp 1066w\" sizes=\"(max-width: 682px) 100vw, 682px\" title=\"Devotos cargadores de Jes\u00fas de la Merced Patr\u00f3n Jurado de la Ciudad de Guatemala en su procesi\u00f3n de La Rese\u00f1a (Martes Santo) iglesia La Merced, ciudad de Guatemala. El anda sale sin adorno y los fieles le lanzan flores.  (Fotograf\u00eda cortes\u00eda \u00d3scar Rivas) \u2013 SoyMigrante.com REVISTA\" \/><\/a>\n\t\t\t<\/div>\n\t\t\t\t<figcaption class='wp-caption-text gallery-caption' id='gallery-15-29723'>\n\t\t\t\tDevotos cargadores de Jes\u00fas de la Merced Patr\u00f3n Jurado de la Ciudad de Guatemala en su procesi\u00f3n de La Rese\u00f1a (Martes Santo) iglesia La Merced, ciudad de Guatemala. El anda sale sin adorno y los fieles le lanzan flores.  (Fotograf\u00eda cortes\u00eda \u00d3scar Rivas)\n\t\t\t\t<\/figcaption><\/figure><figure class='gallery-item'>\n\t\t\t<div class='gallery-icon portrait'>\n\t\t\t\t<a data-elementor-open-lightbox=\"yes\" data-elementor-lightbox-slideshow=\"fb2637e\" data-elementor-lightbox-title=\"Hermandad del Cristo Yacente de las \u00c1nimas, iglesia de San Sebasti\u00e1n, zona 1 de Guatemala. (Fotograf\u00eda \u00d3scar Rivas)\" data-elementor-lightbox-description=\"Hermandad del Cristo Yacente de las \u00c1nimas, iglesia de San Sebasti\u00e1n, zona 1 de Guatemala. (Fotograf\u00eda \u00d3scar Rivas)\" data-e-action-hash=\"#elementor-action%3Aaction%3Dlightbox%26settings%3DeyJpZCI6Mjk3MTksInVybCI6Imh0dHBzOlwvXC9zb3ltaWdyYW50ZS5jb21cL3JldmlzdGFcL3dwLWNvbnRlbnRcL3VwbG9hZHNcLzIwMjVcLzAzXC90cmFqZXMtaGVybWFuZGFkZXMtZ3VhdGVtYWxhLXBvci1Pc2Nhci1SaXZhcy0yMi0xLndlYnAiLCJzbGlkZXNob3ciOiJmYjI2MzdlIn0%3D\" href='https:\/\/soymigrante.com\/revista\/wp-content\/uploads\/2025\/03\/trajes-hermandades-guatemala-por-Oscar-Rivas-22-1.webp'><img loading=\"lazy\" decoding=\"async\" width=\"682\" height=\"1024\" src=\"https:\/\/soymigrante.com\/revista\/wp-content\/uploads\/2025\/03\/trajes-hermandades-guatemala-por-Oscar-Rivas-22-1-682x1024.jpg\" class=\"attachment-large size-large\" alt=\"Hermandad del Cristo Yacente de las \u00c1nimas, iglesia de San Sebasti\u00e1n, zona 1 de Guatemala. (Fotograf\u00eda \u00d3scar Rivas)\" aria-describedby=\"gallery-15-29719\" srcset=\"https:\/\/soymigrante.com\/revista\/wp-content\/uploads\/2025\/03\/trajes-hermandades-guatemala-por-Oscar-Rivas-22-1-682x1024.jpg 682w, https:\/\/soymigrante.com\/revista\/wp-content\/uploads\/2025\/03\/trajes-hermandades-guatemala-por-Oscar-Rivas-22-1-200x300.jpg 200w, https:\/\/soymigrante.com\/revista\/wp-content\/uploads\/2025\/03\/trajes-hermandades-guatemala-por-Oscar-Rivas-22-1-768x1153.jpg 768w, https:\/\/soymigrante.com\/revista\/wp-content\/uploads\/2025\/03\/trajes-hermandades-guatemala-por-Oscar-Rivas-22-1-1023x1536.jpg 1023w, https:\/\/soymigrante.com\/revista\/wp-content\/uploads\/2025\/03\/trajes-hermandades-guatemala-por-Oscar-Rivas-22-1-750x1126.webp 750w, https:\/\/soymigrante.com\/revista\/wp-content\/uploads\/2025\/03\/trajes-hermandades-guatemala-por-Oscar-Rivas-22-1.webp 1066w\" sizes=\"(max-width: 682px) 100vw, 682px\" title=\"Hermandad del Cristo Yacente de las \u00c1nimas, iglesia de San Sebasti\u00e1n, zona 1 de Guatemala. (Fotograf\u00eda \u00d3scar Rivas) \u2013 SoyMigrante.com REVISTA\" \/><\/a>\n\t\t\t<\/div>\n\t\t\t\t<figcaption class='wp-caption-text gallery-caption' id='gallery-15-29719'>\n\t\t\t\tHermandad del Cristo Yacente de las \u00c1nimas, iglesia de San Sebasti\u00e1n, zona 1 de Guatemala. (Fotograf\u00eda \u00d3scar Rivas)\n\t\t\t\t<\/figcaption><\/figure><figure class='gallery-item'>\n\t\t\t<div class='gallery-icon portrait'>\n\t\t\t\t<a data-elementor-open-lightbox=\"yes\" data-elementor-lightbox-slideshow=\"fb2637e\" data-elementor-lightbox-title=\"Hermandad del Se\u00f1or Sepultado de San Nicol\u00e1s, Quetzaltenango. (Fotograf\u00eda \u00d3scar Rivas)\" data-elementor-lightbox-description=\"Hermandad del Se\u00f1or Sepultado de San Nicol\u00e1s, Quetzaltenango. (Fotograf\u00eda \u00d3scar Rivas)\" data-e-action-hash=\"#elementor-action%3Aaction%3Dlightbox%26settings%3DeyJpZCI6Mjk3MTgsInVybCI6Imh0dHBzOlwvXC9zb3ltaWdyYW50ZS5jb21cL3JldmlzdGFcL3dwLWNvbnRlbnRcL3VwbG9hZHNcLzIwMjVcLzAzXC90cmFqZXMtaGVybWFuZGFkZXMtZ3VhdGVtYWxhLXBvci1Pc2Nhci1SaXZhcy0yMC0xLndlYnAiLCJzbGlkZXNob3ciOiJmYjI2MzdlIn0%3D\" href='https:\/\/soymigrante.com\/revista\/wp-content\/uploads\/2025\/03\/trajes-hermandades-guatemala-por-Oscar-Rivas-20-1.webp'><img loading=\"lazy\" decoding=\"async\" width=\"682\" height=\"1024\" src=\"https:\/\/soymigrante.com\/revista\/wp-content\/uploads\/2025\/03\/trajes-hermandades-guatemala-por-Oscar-Rivas-20-1-682x1024.jpg\" class=\"attachment-large size-large\" alt=\"Hermandad del Se\u00f1or Sepultado de San Nicol\u00e1s, Quetzaltenango. (Fotograf\u00eda \u00d3scar Rivas)\" aria-describedby=\"gallery-15-29718\" srcset=\"https:\/\/soymigrante.com\/revista\/wp-content\/uploads\/2025\/03\/trajes-hermandades-guatemala-por-Oscar-Rivas-20-1-682x1024.jpg 682w, https:\/\/soymigrante.com\/revista\/wp-content\/uploads\/2025\/03\/trajes-hermandades-guatemala-por-Oscar-Rivas-20-1-200x300.jpg 200w, https:\/\/soymigrante.com\/revista\/wp-content\/uploads\/2025\/03\/trajes-hermandades-guatemala-por-Oscar-Rivas-20-1-768x1153.jpg 768w, https:\/\/soymigrante.com\/revista\/wp-content\/uploads\/2025\/03\/trajes-hermandades-guatemala-por-Oscar-Rivas-20-1-1023x1536.jpg 1023w, https:\/\/soymigrante.com\/revista\/wp-content\/uploads\/2025\/03\/trajes-hermandades-guatemala-por-Oscar-Rivas-20-1-750x1126.webp 750w, https:\/\/soymigrante.com\/revista\/wp-content\/uploads\/2025\/03\/trajes-hermandades-guatemala-por-Oscar-Rivas-20-1.webp 1066w\" sizes=\"(max-width: 682px) 100vw, 682px\" title=\"Hermandad del Se\u00f1or Sepultado de San Nicol\u00e1s, Quetzaltenango. (Fotograf\u00eda \u00d3scar Rivas) \u2013 SoyMigrante.com REVISTA\" \/><\/a>\n\t\t\t<\/div>\n\t\t\t\t<figcaption class='wp-caption-text gallery-caption' id='gallery-15-29718'>\n\t\t\t\tHermandad del Se\u00f1or Sepultado de San Nicol\u00e1s, Quetzaltenango. (Fotograf\u00eda \u00d3scar Rivas)\n\t\t\t\t<\/figcaption><\/figure><figure class='gallery-item'>\n\t\t\t<div class='gallery-icon portrait'>\n\t\t\t\t<a data-elementor-open-lightbox=\"yes\" data-elementor-lightbox-slideshow=\"fb2637e\" data-elementor-lightbox-title=\"trajes hermandades guatemala por Oscar Rivas 11\" data-elementor-lightbox-description=\"trajes hermandades guatemala por Oscar Rivas 11\" data-e-action-hash=\"#elementor-action%3Aaction%3Dlightbox%26settings%3DeyJpZCI6Mjk3MTUsInVybCI6Imh0dHBzOlwvXC9zb3ltaWdyYW50ZS5jb21cL3JldmlzdGFcL3dwLWNvbnRlbnRcL3VwbG9hZHNcLzIwMjVcLzAzXC90cmFqZXMtaGVybWFuZGFkZXMtZ3VhdGVtYWxhLXBvci1Pc2Nhci1SaXZhcy0xMS0xLndlYnAiLCJzbGlkZXNob3ciOiJmYjI2MzdlIn0%3D\" href='https:\/\/soymigrante.com\/revista\/wp-content\/uploads\/2025\/03\/trajes-hermandades-guatemala-por-Oscar-Rivas-11-1.webp'><img loading=\"lazy\" decoding=\"async\" width=\"682\" height=\"1024\" src=\"https:\/\/soymigrante.com\/revista\/wp-content\/uploads\/2025\/03\/trajes-hermandades-guatemala-por-Oscar-Rivas-11-1-682x1024.jpg\" class=\"attachment-large size-large\" alt=\"trajes hermandades guatemala por Oscar Rivas 11\" aria-describedby=\"gallery-15-29715\" srcset=\"https:\/\/soymigrante.com\/revista\/wp-content\/uploads\/2025\/03\/trajes-hermandades-guatemala-por-Oscar-Rivas-11-1-682x1024.jpg 682w, https:\/\/soymigrante.com\/revista\/wp-content\/uploads\/2025\/03\/trajes-hermandades-guatemala-por-Oscar-Rivas-11-1-200x300.jpg 200w, https:\/\/soymigrante.com\/revista\/wp-content\/uploads\/2025\/03\/trajes-hermandades-guatemala-por-Oscar-Rivas-11-1-768x1153.jpg 768w, https:\/\/soymigrante.com\/revista\/wp-content\/uploads\/2025\/03\/trajes-hermandades-guatemala-por-Oscar-Rivas-11-1-1023x1536.jpg 1023w, https:\/\/soymigrante.com\/revista\/wp-content\/uploads\/2025\/03\/trajes-hermandades-guatemala-por-Oscar-Rivas-11-1-750x1126.webp 750w, https:\/\/soymigrante.com\/revista\/wp-content\/uploads\/2025\/03\/trajes-hermandades-guatemala-por-Oscar-Rivas-11-1.webp 1066w\" sizes=\"(max-width: 682px) 100vw, 682px\" title=\"trajes hermandades guatemala por Oscar Rivas 11 \u2013 SoyMigrante.com REVISTA\" \/><\/a>\n\t\t\t<\/div>\n\t\t\t\t<figcaption class='wp-caption-text gallery-caption' id='gallery-15-29715'>\n\t\t\t\ttrajes hermandades guatemala por Oscar Rivas 11\n\t\t\t\t<\/figcaption><\/figure><figure class='gallery-item'>\n\t\t\t<div class='gallery-icon portrait'>\n\t\t\t\t<a data-elementor-open-lightbox=\"yes\" data-elementor-lightbox-slideshow=\"fb2637e\" data-elementor-lightbox-title=\"Escuadr\u00f3n de Caballeros del Se\u00f1or Sepultado de Santo Domingo. El escudo tiene relaci\u00f3n con la \u00f3rden Dominica que administra dicho templo. (Fotograf\u00eda \u00d3scar Rivas)\" data-elementor-lightbox-description=\"Escuadr\u00f3n de Caballeros del Se\u00f1or Sepultado de Santo Domingo. El escudo tiene relaci\u00f3n con la \u00f3rden Dominica que administra dicho templo. (Fotograf\u00eda \u00d3scar Rivas)\" data-e-action-hash=\"#elementor-action%3Aaction%3Dlightbox%26settings%3DeyJpZCI6Mjk3MTQsInVybCI6Imh0dHBzOlwvXC9zb3ltaWdyYW50ZS5jb21cL3JldmlzdGFcL3dwLWNvbnRlbnRcL3VwbG9hZHNcLzIwMjVcLzAzXC90cmFqZXMtaGVybWFuZGFkZXMtZ3VhdGVtYWxhLXBvci1Pc2Nhci1SaXZhcy04LTEud2VicCIsInNsaWRlc2hvdyI6ImZiMjYzN2UifQ%3D%3D\" href='https:\/\/soymigrante.com\/revista\/wp-content\/uploads\/2025\/03\/trajes-hermandades-guatemala-por-Oscar-Rivas-8-1.webp'><img loading=\"lazy\" decoding=\"async\" width=\"682\" height=\"1024\" src=\"https:\/\/soymigrante.com\/revista\/wp-content\/uploads\/2025\/03\/trajes-hermandades-guatemala-por-Oscar-Rivas-8-1-682x1024.jpg\" class=\"attachment-large size-large\" alt=\"Escuadr\u00f3n de Caballeros del Se\u00f1or Sepultado de Santo Domingo. El escudo tiene relaci\u00f3n con la \u00f3rden Dominica que administra dicho templo. (Fotograf\u00eda \u00d3scar Rivas)\" aria-describedby=\"gallery-15-29714\" srcset=\"https:\/\/soymigrante.com\/revista\/wp-content\/uploads\/2025\/03\/trajes-hermandades-guatemala-por-Oscar-Rivas-8-1-682x1024.jpg 682w, https:\/\/soymigrante.com\/revista\/wp-content\/uploads\/2025\/03\/trajes-hermandades-guatemala-por-Oscar-Rivas-8-1-200x300.jpg 200w, https:\/\/soymigrante.com\/revista\/wp-content\/uploads\/2025\/03\/trajes-hermandades-guatemala-por-Oscar-Rivas-8-1-768x1153.jpg 768w, https:\/\/soymigrante.com\/revista\/wp-content\/uploads\/2025\/03\/trajes-hermandades-guatemala-por-Oscar-Rivas-8-1-1023x1536.jpg 1023w, https:\/\/soymigrante.com\/revista\/wp-content\/uploads\/2025\/03\/trajes-hermandades-guatemala-por-Oscar-Rivas-8-1-750x1126.webp 750w, https:\/\/soymigrante.com\/revista\/wp-content\/uploads\/2025\/03\/trajes-hermandades-guatemala-por-Oscar-Rivas-8-1.webp 1066w\" sizes=\"(max-width: 682px) 100vw, 682px\" title=\"Escuadr\u00f3n de Caballeros del Se\u00f1or Sepultado de Santo Domingo. El escudo tiene relaci\u00f3n con la \u00f3rden Dominica que administra dicho templo. (Fotograf\u00eda \u00d3scar Rivas) \u2013 SoyMigrante.com REVISTA\" \/><\/a>\n\t\t\t<\/div>\n\t\t\t\t<figcaption class='wp-caption-text gallery-caption' id='gallery-15-29714'>\n\t\t\t\tEscuadr\u00f3n de Caballeros del Se\u00f1or Sepultado de Santo Domingo. El escudo tiene relaci\u00f3n con la \u00f3rden Dominica que administra dicho templo. (Fotograf\u00eda \u00d3scar Rivas)\n\t\t\t\t<\/figcaption><\/figure><figure class='gallery-item'>\n\t\t\t<div class='gallery-icon portrait'>\n\t\t\t\t<a data-elementor-open-lightbox=\"yes\" data-elementor-lightbox-slideshow=\"fb2637e\" data-elementor-lightbox-title=\"Escuadr\u00f3n de Palestinos de la Hermandad de Devotos Cargadores de Jes\u00fas Nazareno de Candelaria. (Fotograf\u00eda \u00d3scar Rivas)\" data-elementor-lightbox-description=\"Escuadr\u00f3n de Palestinos de la Hermandad de Devotos Cargadores de Jes\u00fas Nazareno de Candelaria. (Fotograf\u00eda \u00d3scar Rivas)\" data-e-action-hash=\"#elementor-action%3Aaction%3Dlightbox%26settings%3DeyJpZCI6Mjk3MTEsInVybCI6Imh0dHBzOlwvXC9zb3ltaWdyYW50ZS5jb21cL3JldmlzdGFcL3dwLWNvbnRlbnRcL3VwbG9hZHNcLzIwMjVcLzAzXC90cmFqZXMtaGVybWFuZGFkZXMtZ3VhdGVtYWxhLXBvci1Pc2Nhci1SaXZhcy0yLWNvcGlhLndlYnAiLCJzbGlkZXNob3ciOiJmYjI2MzdlIn0%3D\" href='https:\/\/soymigrante.com\/revista\/wp-content\/uploads\/2025\/03\/trajes-hermandades-guatemala-por-Oscar-Rivas-2-copia.webp'><img loading=\"lazy\" decoding=\"async\" width=\"682\" height=\"1024\" src=\"https:\/\/soymigrante.com\/revista\/wp-content\/uploads\/2025\/03\/trajes-hermandades-guatemala-por-Oscar-Rivas-2-copia-682x1024.jpg\" class=\"attachment-large size-large\" alt=\"Escuadr\u00f3n de Palestinos de la Hermandad de Devotos Cargadores de Jes\u00fas Nazareno de Candelaria. (Fotograf\u00eda \u00d3scar Rivas)\" aria-describedby=\"gallery-15-29711\" srcset=\"https:\/\/soymigrante.com\/revista\/wp-content\/uploads\/2025\/03\/trajes-hermandades-guatemala-por-Oscar-Rivas-2-copia-682x1024.jpg 682w, https:\/\/soymigrante.com\/revista\/wp-content\/uploads\/2025\/03\/trajes-hermandades-guatemala-por-Oscar-Rivas-2-copia-200x300.jpg 200w, https:\/\/soymigrante.com\/revista\/wp-content\/uploads\/2025\/03\/trajes-hermandades-guatemala-por-Oscar-Rivas-2-copia-768x1153.jpg 768w, https:\/\/soymigrante.com\/revista\/wp-content\/uploads\/2025\/03\/trajes-hermandades-guatemala-por-Oscar-Rivas-2-copia-1023x1536.jpg 1023w, https:\/\/soymigrante.com\/revista\/wp-content\/uploads\/2025\/03\/trajes-hermandades-guatemala-por-Oscar-Rivas-2-copia-750x1126.webp 750w, https:\/\/soymigrante.com\/revista\/wp-content\/uploads\/2025\/03\/trajes-hermandades-guatemala-por-Oscar-Rivas-2-copia.webp 1066w\" sizes=\"(max-width: 682px) 100vw, 682px\" title=\"Escuadr\u00f3n de Palestinos de la Hermandad de Devotos Cargadores de Jes\u00fas Nazareno de Candelaria. (Fotograf\u00eda \u00d3scar Rivas) \u2013 SoyMigrante.com REVISTA\" \/><\/a>\n\t\t\t<\/div>\n\t\t\t\t<figcaption class='wp-caption-text gallery-caption' id='gallery-15-29711'>\n\t\t\t\tEscuadr\u00f3n de Palestinos de la Hermandad de Devotos Cargadores de Jes\u00fas Nazareno de Candelaria. (Fotograf\u00eda \u00d3scar Rivas)\n\t\t\t\t<\/figcaption><\/figure><figure class='gallery-item'>\n\t\t\t<div class='gallery-icon portrait'>\n\t\t\t\t<a data-elementor-open-lightbox=\"yes\" data-elementor-lightbox-slideshow=\"fb2637e\" data-elementor-lightbox-title=\"Cofrad\u00eda de la Santa Vera Cruz del Templo Hist\u00f3rico de San Francisco. (Fotograf\u00eda \u00d3scar Rivas)\" data-elementor-lightbox-description=\"Cofrad\u00eda de la Santa Vera Cruz del Templo Hist\u00f3rico de San Francisco. (Fotograf\u00eda \u00d3scar Rivas)\" data-e-action-hash=\"#elementor-action%3Aaction%3Dlightbox%26settings%3DeyJpZCI6Mjk2OTMsInVybCI6Imh0dHBzOlwvXC9zb3ltaWdyYW50ZS5jb21cL3JldmlzdGFcL3dwLWNvbnRlbnRcL3VwbG9hZHNcLzIwMjVcLzAzXC90cmFqZXMtaGVybWFuZGFkZXMtZ3VhdGVtYWxhLXBvci1Pc2Nhci1SaXZhcy0yNC53ZWJwIiwic2xpZGVzaG93IjoiZmIyNjM3ZSJ9\" href='https:\/\/soymigrante.com\/revista\/wp-content\/uploads\/2025\/03\/trajes-hermandades-guatemala-por-Oscar-Rivas-24.webp'><img loading=\"lazy\" decoding=\"async\" width=\"682\" height=\"1024\" src=\"https:\/\/soymigrante.com\/revista\/wp-content\/uploads\/2025\/03\/trajes-hermandades-guatemala-por-Oscar-Rivas-24-682x1024.jpg\" class=\"attachment-large size-large\" alt=\"Cofrad\u00eda de la Santa Vera Cruz del Templo Hist\u00f3rico de San Francisco. (Fotograf\u00eda \u00d3scar Rivas)\" aria-describedby=\"gallery-15-29693\" srcset=\"https:\/\/soymigrante.com\/revista\/wp-content\/uploads\/2025\/03\/trajes-hermandades-guatemala-por-Oscar-Rivas-24-682x1024.jpg 682w, https:\/\/soymigrante.com\/revista\/wp-content\/uploads\/2025\/03\/trajes-hermandades-guatemala-por-Oscar-Rivas-24-200x300.jpg 200w, https:\/\/soymigrante.com\/revista\/wp-content\/uploads\/2025\/03\/trajes-hermandades-guatemala-por-Oscar-Rivas-24-768x1153.jpg 768w, https:\/\/soymigrante.com\/revista\/wp-content\/uploads\/2025\/03\/trajes-hermandades-guatemala-por-Oscar-Rivas-24-1023x1536.jpg 1023w, https:\/\/soymigrante.com\/revista\/wp-content\/uploads\/2025\/03\/trajes-hermandades-guatemala-por-Oscar-Rivas-24-750x1126.webp 750w, https:\/\/soymigrante.com\/revista\/wp-content\/uploads\/2025\/03\/trajes-hermandades-guatemala-por-Oscar-Rivas-24.webp 1066w\" sizes=\"(max-width: 682px) 100vw, 682px\" title=\"Cofrad\u00eda de la Santa Vera Cruz del Templo Hist\u00f3rico de San Francisco. (Fotograf\u00eda \u00d3scar Rivas) \u2013 SoyMigrante.com REVISTA\" \/><\/a>\n\t\t\t<\/div>\n\t\t\t\t<figcaption class='wp-caption-text gallery-caption' id='gallery-15-29693'>\n\t\t\t\tCofrad\u00eda de la Santa Vera Cruz del Templo Hist\u00f3rico de San Francisco. (Fotograf\u00eda \u00d3scar Rivas)\n\t\t\t\t<\/figcaption><\/figure><figure class='gallery-item'>\n\t\t\t<div class='gallery-icon portrait'>\n\t\t\t\t<a data-elementor-open-lightbox=\"yes\" data-elementor-lightbox-slideshow=\"fb2637e\" data-elementor-lightbox-title=\"Escuadr\u00f3n de Palestinos de Jes\u00fas Nazareno, Protector Perpetuo de Mixco, iglesia de Santo Domingo de Guzm\u00e1n. (Foto \u00d3scar Rivas)\" data-elementor-lightbox-description=\"Escuadr\u00f3n de Palestinos de Jes\u00fas Nazareno, Protector Perpetuo de Mixco, iglesia de Santo Domingo de Guzm\u00e1n. (Foto \u00d3scar Rivas)\" data-e-action-hash=\"#elementor-action%3Aaction%3Dlightbox%26settings%3DeyJpZCI6Mjk2ODYsInVybCI6Imh0dHBzOlwvXC9zb3ltaWdyYW50ZS5jb21cL3JldmlzdGFcL3dwLWNvbnRlbnRcL3VwbG9hZHNcLzIwMjVcLzAzXC90cmFqZXMtaGVybWFuZGFkZXMtZ3VhdGVtYWxhLXBvci1Pc2Nhci1SaXZhcy0xMy53ZWJwIiwic2xpZGVzaG93IjoiZmIyNjM3ZSJ9\" href='https:\/\/soymigrante.com\/revista\/wp-content\/uploads\/2025\/03\/trajes-hermandades-guatemala-por-Oscar-Rivas-13.webp'><img loading=\"lazy\" decoding=\"async\" width=\"682\" height=\"1024\" src=\"https:\/\/soymigrante.com\/revista\/wp-content\/uploads\/2025\/03\/trajes-hermandades-guatemala-por-Oscar-Rivas-13-682x1024.jpg\" class=\"attachment-large size-large\" alt=\"Escuadr\u00f3n de Palestinos de Jes\u00fas Nazareno, Protector Perpetuo de Mixco, iglesia de Santo Domingo de Guzm\u00e1n. (Foto \u00d3scar Rivas)\" aria-describedby=\"gallery-15-29686\" srcset=\"https:\/\/soymigrante.com\/revista\/wp-content\/uploads\/2025\/03\/trajes-hermandades-guatemala-por-Oscar-Rivas-13-682x1024.jpg 682w, https:\/\/soymigrante.com\/revista\/wp-content\/uploads\/2025\/03\/trajes-hermandades-guatemala-por-Oscar-Rivas-13-200x300.jpg 200w, https:\/\/soymigrante.com\/revista\/wp-content\/uploads\/2025\/03\/trajes-hermandades-guatemala-por-Oscar-Rivas-13-768x1153.jpg 768w, https:\/\/soymigrante.com\/revista\/wp-content\/uploads\/2025\/03\/trajes-hermandades-guatemala-por-Oscar-Rivas-13-1023x1536.jpg 1023w, https:\/\/soymigrante.com\/revista\/wp-content\/uploads\/2025\/03\/trajes-hermandades-guatemala-por-Oscar-Rivas-13-750x1126.webp 750w, https:\/\/soymigrante.com\/revista\/wp-content\/uploads\/2025\/03\/trajes-hermandades-guatemala-por-Oscar-Rivas-13.webp 1066w\" sizes=\"(max-width: 682px) 100vw, 682px\" title=\"Escuadr\u00f3n de Palestinos de Jes\u00fas Nazareno, Protector Perpetuo de Mixco, iglesia de Santo Domingo de Guzm\u00e1n. (Foto \u00d3scar Rivas) \u2013 SoyMigrante.com REVISTA\" \/><\/a>\n\t\t\t<\/div>\n\t\t\t\t<figcaption class='wp-caption-text gallery-caption' id='gallery-15-29686'>\n\t\t\t\tEscuadr\u00f3n de Palestinos de Jes\u00fas Nazareno, Protector Perpetuo de Mixco, iglesia de Santo Domingo de Guzm\u00e1n. (Foto \u00d3scar Rivas)\n\t\t\t\t<\/figcaption><\/figure><figure class='gallery-item'>\n\t\t\t<div class='gallery-icon portrait'>\n\t\t\t\t<a data-elementor-open-lightbox=\"yes\" data-elementor-lightbox-slideshow=\"fb2637e\" data-elementor-lightbox-title=\"Escuadr\u00f3n de Romanos de la Hermandad de Cruzados de Cristo de la iglesia El Calvario.\" data-elementor-lightbox-description=\"Escuadr\u00f3n de Romanos de la Hermandad de Cruzados de Cristo de la iglesia El Calvario.\" data-e-action-hash=\"#elementor-action%3Aaction%3Dlightbox%26settings%3DeyJpZCI6Mjk2ODMsInVybCI6Imh0dHBzOlwvXC9zb3ltaWdyYW50ZS5jb21cL3JldmlzdGFcL3dwLWNvbnRlbnRcL3VwbG9hZHNcLzIwMjVcLzAzXC90cmFqZXMtaGVybWFuZGFkZXMtZ3VhdGVtYWxhLXBvci1Pc2Nhci1SaXZhcy0xMC53ZWJwIiwic2xpZGVzaG93IjoiZmIyNjM3ZSJ9\" href='https:\/\/soymigrante.com\/revista\/wp-content\/uploads\/2025\/03\/trajes-hermandades-guatemala-por-Oscar-Rivas-10.webp'><img loading=\"lazy\" decoding=\"async\" width=\"682\" height=\"1024\" src=\"https:\/\/soymigrante.com\/revista\/wp-content\/uploads\/2025\/03\/trajes-hermandades-guatemala-por-Oscar-Rivas-10-682x1024.jpg\" class=\"attachment-large size-large\" alt=\"Escuadr\u00f3n de Romanos de la Hermandad de Cruzados de Cristo de la iglesia El Calvario.\" aria-describedby=\"gallery-15-29683\" srcset=\"https:\/\/soymigrante.com\/revista\/wp-content\/uploads\/2025\/03\/trajes-hermandades-guatemala-por-Oscar-Rivas-10-682x1024.jpg 682w, https:\/\/soymigrante.com\/revista\/wp-content\/uploads\/2025\/03\/trajes-hermandades-guatemala-por-Oscar-Rivas-10-200x300.jpg 200w, https:\/\/soymigrante.com\/revista\/wp-content\/uploads\/2025\/03\/trajes-hermandades-guatemala-por-Oscar-Rivas-10-768x1153.jpg 768w, https:\/\/soymigrante.com\/revista\/wp-content\/uploads\/2025\/03\/trajes-hermandades-guatemala-por-Oscar-Rivas-10-1023x1536.jpg 1023w, https:\/\/soymigrante.com\/revista\/wp-content\/uploads\/2025\/03\/trajes-hermandades-guatemala-por-Oscar-Rivas-10-750x1126.webp 750w, https:\/\/soymigrante.com\/revista\/wp-content\/uploads\/2025\/03\/trajes-hermandades-guatemala-por-Oscar-Rivas-10.webp 1066w\" sizes=\"(max-width: 682px) 100vw, 682px\" title=\"Escuadr\u00f3n de Romanos de la Hermandad de Cruzados de Cristo de la iglesia El Calvario. \u2013 SoyMigrante.com REVISTA\" \/><\/a>\n\t\t\t<\/div>\n\t\t\t\t<figcaption class='wp-caption-text gallery-caption' id='gallery-15-29683'>\n\t\t\t\tEscuadr\u00f3n de Romanos de la Hermandad de Cruzados de Cristo de la iglesia El Calvario.\n\t\t\t\t<\/figcaption><\/figure>\n\t\t<\/div>\n\t\t<\/div>\n\t\t\t\t\t\t<\/div>\n\t\t\t\t\t<\/div>\n\t\t\t\t<\/div>\n\t\t<div data-particle_enable=\"false\" data-particle-mobile-disabled=\"false\" class=\"elementor-element elementor-element-9fc010a e-flex e-con-boxed e-con e-parent\" data-id=\"9fc010a\" data-element_type=\"container\" data-e-type=\"container\">\n\t\t\t\t\t<div class=\"e-con-inner\">\n\t\t\t\t<div class=\"elementor-element elementor-element-cefe6c9 elementor-widget elementor-widget-heading\" data-id=\"cefe6c9\" data-element_type=\"widget\" data-e-type=\"widget\" data-widget_type=\"heading.default\">\n\t\t\t\t\t<h2 class=\"elementor-heading-title elementor-size-default\">Una expresi\u00f3n de fe que es Patrimonio Mundial de la Humanidad<\/h2>\t\t\t\t<\/div>\n\t\t\t\t\t<\/div>\n\t\t\t\t<\/div>\n\t\t<div data-particle_enable=\"false\" data-particle-mobile-disabled=\"false\" class=\"elementor-element elementor-element-d740032 e-flex e-con-boxed e-con e-parent\" data-id=\"d740032\" data-element_type=\"container\" data-e-type=\"container\">\n\t\t\t\t\t<div class=\"e-con-inner\">\n\t\t\t\t<div class=\"elementor-element elementor-element-db4b959 elementor-grid-eael-col-3 elementor-grid-tablet-eael-col-2 elementor-grid-mobile-eael-col-1 elementor-widget elementor-widget-eael-post-grid\" data-id=\"db4b959\" data-element_type=\"widget\" data-e-type=\"widget\" data-settings=\"{&quot;eael_post_grid_columns&quot;:&quot;eael-col-3&quot;,&quot;eael_post_grid_columns_tablet&quot;:&quot;eael-col-2&quot;,&quot;eael_post_grid_columns_mobile&quot;:&quot;eael-col-1&quot;}\" data-widget_type=\"eael-post-grid.default\">\n\t\t\t\t\t<div id=\"eael-post-grid-db4b959\" class=\"eael-post-grid-container\">\n            <div class=\"eael-post-grid eael-post-appender eael-post-appender-db4b959 eael-post-grid-style-one\" data-layout-mode=\"masonry\"><article class=\"eael-grid-post  eael-post-grid-column eael-pg-post-28695 category-guate-nuestra\" data-id=\"28695\">\n        <div class=\"eael-grid-post-holder\">\n            <div class=\"eael-grid-post-holder-inner\"><div class=\"eael-entry-media\"><div class=\"eael-entry-overlay fade-in\"><i class=\"far fa-hand-pointer\" aria-hidden=\"true\"><\/i><a href=\"https:\/\/soymigrante.com\/revista\/llevar-un-bebe-en-el-turno-y-otras-costumbres-populares-de-cucuruchos-en-procesiones\/\"><\/a><\/div><div class=\"eael-entry-thumbnail \">\n                <img loading=\"lazy\" decoding=\"async\" width=\"683\" height=\"1024\" src=\"https:\/\/soymigrante.com\/revista\/wp-content\/uploads\/2025\/03\/cordon-683x1024.jpeg\" class=\"attachment-large size-large wp-image-27912\" alt=\"El D\u00eda del Cucurucho: Devoci\u00f3n y tradici\u00f3n de Guatemala\" \/>\n            <\/div>\n        <\/div><div class=\"eael-entry-wrapper\"><header class=\"eael-entry-header\"><h2 class=\"eael-entry-title\"><a class=\"eael-grid-post-link\" href=\"https:\/\/soymigrante.com\/revista\/llevar-un-bebe-en-el-turno-y-otras-costumbres-populares-de-cucuruchos-en-procesiones\/\" title=\"Llevar un beb\u00e9 en el turno y otras costumbres populares de cucuruchos en procesiones\">Llevar un beb\u00e9 en el turno y otras costumbres populares de cucuruchos en procesiones<\/a><\/h2><\/header><div class=\"eael-entry-content\">\n                        <div class=\"eael-grid-post-excerpt\"><a href=\"https:\/\/soymigrante.com\/revista\/llevar-un-bebe-en-el-turno-y-otras-costumbres-populares-de-cucuruchos-en-procesiones\/\" class=\"eael-post-elements-readmore-btn\">CONOCE SU HISTORIA <\/a><\/div>\n                    <\/div><\/div><\/div>\n        <\/div>\n    <\/article><article class=\"eael-grid-post  eael-post-grid-column eael-pg-post-5589 category-guate-nuestra\" data-id=\"5589\">\n        <div class=\"eael-grid-post-holder\">\n            <div class=\"eael-grid-post-holder-inner\"><div class=\"eael-entry-media\"><div class=\"eael-entry-overlay fade-in\"><i class=\"far fa-hand-pointer\" aria-hidden=\"true\"><\/i><a href=\"https:\/\/soymigrante.com\/revista\/semana-santa-guatemalteca-sin-fronteras-cruza-el-mar\/\"><\/a><\/div><div class=\"eael-entry-thumbnail \">\n                <img loading=\"lazy\" decoding=\"async\" width=\"795\" height=\"636\" src=\"https:\/\/soymigrante.com\/revista\/wp-content\/uploads\/2024\/03\/dfdfdfdf.webp\" class=\"attachment-large size-large wp-image-5601\" alt=\"Semana Santa guatemalteca fotos de Danny Gamboa\" srcset=\"https:\/\/soymigrante.com\/revista\/wp-content\/uploads\/2024\/03\/dfdfdfdf.webp 795w, https:\/\/soymigrante.com\/revista\/wp-content\/uploads\/2024\/03\/dfdfdfdf-300x240.webp 300w, https:\/\/soymigrante.com\/revista\/wp-content\/uploads\/2024\/03\/dfdfdfdf-768x614.webp 768w, https:\/\/soymigrante.com\/revista\/wp-content\/uploads\/2024\/03\/dfdfdfdf-750x600.webp 750w\" sizes=\"(max-width: 795px) 100vw, 795px\" \/>\n            <\/div>\n        <\/div><div class=\"eael-entry-wrapper\"><header class=\"eael-entry-header\"><h2 class=\"eael-entry-title\"><a class=\"eael-grid-post-link\" href=\"https:\/\/soymigrante.com\/revista\/semana-santa-guatemalteca-sin-fronteras-cruza-el-mar\/\" title=\"Semana Santa guatemalteca sobrepasa fronteras\">Semana Santa guatemalteca sobrepasa fronteras<\/a><\/h2><\/header><div class=\"eael-entry-content\">\n                        <div class=\"eael-grid-post-excerpt\"><a href=\"https:\/\/soymigrante.com\/revista\/semana-santa-guatemalteca-sin-fronteras-cruza-el-mar\/\" class=\"eael-post-elements-readmore-btn\">CONOCE SU HISTORIA <\/a><\/div>\n                    <\/div><\/div><\/div>\n        <\/div>\n    <\/article><article class=\"eael-grid-post  eael-post-grid-column eael-pg-post-5452 category-guate-nuestra\" data-id=\"5452\">\n        <div class=\"eael-grid-post-holder\">\n            <div class=\"eael-grid-post-holder-inner\"><div class=\"eael-entry-media\"><div class=\"eael-entry-overlay fade-in\"><i class=\"far fa-hand-pointer\" aria-hidden=\"true\"><\/i><a href=\"https:\/\/soymigrante.com\/revista\/antigua-guatemala-alfombras-serrin-semana-santa-fe-tradicion\/\"><\/a><\/div><div class=\"eael-entry-thumbnail \">\n                <img loading=\"lazy\" decoding=\"async\" width=\"487\" height=\"638\" src=\"https:\/\/soymigrante.com\/revista\/wp-content\/uploads\/2024\/03\/Alfombras-de-Cuaresma-y-Semana-Santa-en-Antigua-Guatemala-Fotos-Michelle-Gonzalez-8.webp\" class=\"attachment-large size-large wp-image-5460\" alt=\"Los dise\u00f1os geom\u00e9tricos pueden adquirir enorme complejidad y requieren de hasta 10 moldes para ser completados. Quienes los elaboran se colocan sobre tablas sostenidas con bloques para poder trabajar por encima e ir coloreando con aserr\u00edn la forma prevista, El aserr\u00edn con los tintes se prepara desde muchas semanas antes, para que su color no var\u00ede al secarse. (Foto Michelle Gonzalez)\" srcset=\"https:\/\/soymigrante.com\/revista\/wp-content\/uploads\/2024\/03\/Alfombras-de-Cuaresma-y-Semana-Santa-en-Antigua-Guatemala-Fotos-Michelle-Gonzalez-8.webp 487w, https:\/\/soymigrante.com\/revista\/wp-content\/uploads\/2024\/03\/Alfombras-de-Cuaresma-y-Semana-Santa-en-Antigua-Guatemala-Fotos-Michelle-Gonzalez-8-229x300.webp 229w\" sizes=\"(max-width: 487px) 100vw, 487px\" \/>\n            <\/div>\n        <\/div><div class=\"eael-entry-wrapper\"><header class=\"eael-entry-header\"><h2 class=\"eael-entry-title\"><a class=\"eael-grid-post-link\" href=\"https:\/\/soymigrante.com\/revista\/antigua-guatemala-alfombras-serrin-semana-santa-fe-tradicion\/\" title=\"Alfombras de Antigua Guatemala: ofrenda de fe, trabajo y devoci\u00f3n\">Alfombras de Antigua Guatemala: ofrenda de fe, trabajo y devoci\u00f3n<\/a><\/h2><\/header><div class=\"eael-entry-content\">\n                        <div class=\"eael-grid-post-excerpt\"><a href=\"https:\/\/soymigrante.com\/revista\/antigua-guatemala-alfombras-serrin-semana-santa-fe-tradicion\/\" class=\"eael-post-elements-readmore-btn\">CONOCE SU HISTORIA <\/a><\/div>\n                    <\/div><\/div><\/div>\n        <\/div>\n    <\/article><\/div>\n            <div class=\"clearfix\"><\/div>\n        <\/div>\t\t\t\t<\/div>\n\t\t\t\t\t<\/div>\n\t\t\t\t<\/div>\n\t\t\t\t<\/div>\n\t\t","protected":false},"excerpt":{"rendered":"<p>Cada procesi\u00f3n y hermandad procesional tiene su toque distintivo de indumentaria: desde los penitentes de la \u00e9poca colonial hasta los tradicionales cucuruchos. El fot\u00f3grafo \u00d3scar Rivas los registra en una galer\u00eda para la historia. La palabra cucurucho hace alusi\u00f3n a la capucha de forma c\u00f3nica que utilizaban los penitentes para cubrirse el rostro y ocultar [&hellip;]<\/p>\n","protected":false},"author":1,"featured_media":29648,"comment_status":"open","ping_status":"open","sticky":false,"template":"","format":"standard","meta":{"_acf_changed":false,"_eb_attr":"","footnotes":""},"categories":[58],"tags":[138],"class_list":["post-29642","post","type-post","status-publish","format-standard","has-post-thumbnail","hentry","category-guate-nuestra","tag-patrimonio-cuaresma-y-semana-santa"],"acf":[],"aioseo_notices":[],"aioseo_head":"\n\t\t<!-- All in One SEO Pro 4.9.6.2 - aioseo.com -->\n\t<meta name=\"description\" content=\"Las piedras de Antigua Guatemala se visten de colores fugaces y devotos en las tradicionales alfombras de aserr\u00edn, que son una fusi\u00f3n de elementos prehisp\u00e1nicos y espa\u00f1oles, en un admirable lenguaje de fe. Devoci\u00f3n de siglos se hace presente La elaboraci\u00f3n de alfombras de aserr\u00edn, flores, frutas y otros materiales vegetales es todo un s\u00edmbolo\" \/>\n\t<meta name=\"robots\" content=\"max-snippet:-1, max-image-preview:large, max-video-preview:-1\" \/>\n\t<meta name=\"author\" content=\"SoyMigrante.com REVISTA\"\/>\n\t<link rel=\"canonical\" href=\"https:\/\/soymigrante.com\/revista\/galeria-de-indumentarias-de-devotos-y-cucuruchos-de-cuaresma-y-semana-santa-guatemalteca\/\" \/>\n\t<meta name=\"generator\" content=\"All in One SEO Pro (AIOSEO) 4.9.6.2\" \/>\n\n\t\t<link rel=\"preconnect\" href=\"https:\/\/fonts.googleapis.com\" crossorigin>\n<link rel=\"preconnect\" href=\"https:\/\/fonts.gstatic.com\" crossorigin>\n\t\t<meta property=\"og:locale\" content=\"es_ES\" \/>\n\t\t<meta property=\"og:site_name\" content=\"SoyMigrante.com REVISTA \u2013 Nuestra misi\u00f3n es reconocer y dignificar al migrante.\" \/>\n\t\t<meta property=\"og:type\" content=\"article\" \/>\n\t\t<meta property=\"og:title\" content=\"Galer\u00eda de indumentarias de devotos y cucuruchos en Guatemala\" \/>\n\t\t<meta property=\"og:description\" content=\"Devoci\u00f3n, tradici\u00f3n y fe se integran en el traje de los devotos guatemaltecos en cuaresma y Semana SAnta. Fot\u00f3grafo \u00d3scar Rivas los registra en fotograf\u00edas.\" \/>\n\t\t<meta property=\"og:url\" content=\"https:\/\/soymigrante.com\/revista\/galeria-de-indumentarias-de-devotos-y-cucuruchos-de-cuaresma-y-semana-santa-guatemalteca\/\" \/>\n\t\t<meta property=\"og:image\" content=\"https:\/\/soymigrante.com\/revista\/wp-content\/uploads\/2025\/03\/galeria-de-indumentaria-semana-santa.webp\" \/>\n\t\t<meta property=\"og:image:secure_url\" content=\"https:\/\/soymigrante.com\/revista\/wp-content\/uploads\/2025\/03\/galeria-de-indumentaria-semana-santa.webp\" \/>\n\t\t<meta property=\"og:image:width\" content=\"1080\" \/>\n\t\t<meta property=\"og:image:height\" content=\"1080\" \/>\n\t\t<meta property=\"article:published_time\" content=\"2026-02-19T03:54:28+00:00\" \/>\n\t\t<meta property=\"article:modified_time\" content=\"2026-02-19T03:54:37+00:00\" \/>\n\t\t<meta property=\"article:publisher\" content=\"https:\/\/www.facebook.com\/soymigrantecom\" \/>\n\t\t<meta name=\"twitter:card\" content=\"summary_large_image\" \/>\n\t\t<meta name=\"twitter:site\" content=\"@SoyMigrante_com\" \/>\n\t\t<meta name=\"twitter:title\" content=\"Galer\u00eda de indumentarias de devotos y cucuruchos en Guatemala\" \/>\n\t\t<meta name=\"twitter:description\" content=\"Devoci\u00f3n, tradici\u00f3n y fe se integran en el traje de los devotos guatemaltecos en cuaresma y Semana SAnta. Fot\u00f3grafo \u00d3scar Rivas los registra en fotograf\u00edas.\" \/>\n\t\t<meta name=\"twitter:creator\" content=\"@SoyMigrante_com\" \/>\n\t\t<meta name=\"twitter:image\" content=\"https:\/\/soymigrante.com\/revista\/wp-content\/uploads\/2025\/03\/galeria-de-indumentaria-semana-santa.webp\" \/>\n\t\t<!-- All in One SEO Pro -->\r\n\t\t<title>Galer\u00eda de indumentarias de devotos y cucuruchos en Guatemala<\/title>\n\n","aioseo_head_json":{"title":"Galer\u00eda de indumentarias de devotos y cucuruchos en Guatemala","description":"Devoci\u00f3n, tradici\u00f3n y fe se integran en el traje de los devotos guatemaltecos en cuaresma y Semana SAnta. Fot\u00f3grafo \u00d3scar Rivas los registra en fotograf\u00edas.","canonical_url":"https:\/\/soymigrante.com\/revista\/galeria-de-indumentarias-de-devotos-y-cucuruchos-de-cuaresma-y-semana-santa-guatemalteca\/","robots":"max-snippet:-1, max-image-preview:large, max-video-preview:-1","keywords":"","webmasterTools":{"miscellaneous":"&lt;link rel=\"preconnect\" href=\"https:\/\/fonts.googleapis.com\" crossorigin&gt;\n&lt;link rel=\"preconnect\" href=\"https:\/\/fonts.gstatic.com\" crossorigin&gt;"},"schema":null,"og:locale":"es_ES","og:site_name":"SoyMigrante.com REVISTA \u2013 Nuestra misi\u00f3n es reconocer y dignificar al migrante.","og:type":"article","og:title":"Galer\u00eda de indumentarias de devotos y cucuruchos en Guatemala","og:description":"Devoci\u00f3n, tradici\u00f3n y fe se integran en el traje de los devotos guatemaltecos en cuaresma y Semana SAnta. Fot\u00f3grafo \u00d3scar Rivas los registra en fotograf\u00edas.","og:url":"https:\/\/soymigrante.com\/revista\/galeria-de-indumentarias-de-devotos-y-cucuruchos-de-cuaresma-y-semana-santa-guatemalteca\/","og:image":"https:\/\/soymigrante.com\/revista\/wp-content\/uploads\/2025\/03\/galeria-de-indumentaria-semana-santa.webp","og:image:secure_url":"https:\/\/soymigrante.com\/revista\/wp-content\/uploads\/2025\/03\/galeria-de-indumentaria-semana-santa.webp","og:image:width":1080,"og:image:height":1080,"article:published_time":"2026-02-19T03:54:28+00:00","article:modified_time":"2026-02-19T03:54:37+00:00","article:publisher":"https:\/\/www.facebook.com\/soymigrantecom","twitter:card":"summary_large_image","twitter:site":"@SoyMigrante_com","twitter:title":"Galer\u00eda de indumentarias de devotos y cucuruchos en Guatemala","twitter:description":"Devoci\u00f3n, tradici\u00f3n y fe se integran en el traje de los devotos guatemaltecos en cuaresma y Semana SAnta. Fot\u00f3grafo \u00d3scar Rivas los registra en fotograf\u00edas.","twitter:creator":"@SoyMigrante_com","twitter:image":"https:\/\/soymigrante.com\/revista\/wp-content\/uploads\/2025\/03\/galeria-de-indumentaria-semana-santa.webp"},"aioseo_meta_data":{"post_id":"29642","title":"Galer\u00eda de indumentarias de devotos y cucuruchos en Guatemala","description":"Devoci\u00f3n, tradici\u00f3n y fe se integran en el traje de los devotos guatemaltecos en cuaresma y Semana SAnta. Fot\u00f3grafo \u00d3scar Rivas los registra en fotograf\u00edas.","keywords":null,"keyphrases":{"focus":{"keyphrase":"Cuaresma","score":60,"analysis":{"keyphraseInTitle":{"score":3,"maxScore":9,"error":1},"keyphraseInDescription":{"score":9,"maxScore":9,"error":0},"keyphraseLength":{"score":9,"maxScore":9,"error":0,"length":1},"keyphraseInURL":{"score":5,"maxScore":5,"error":0},"keyphraseInIntroduction":{"score":9,"maxScore":9,"error":0},"keyphraseInSubHeadings":{"score":3,"maxScore":9,"error":1},"keyphraseInImageAlt":{"score":3,"maxScore":9,"error":1},"keywordDensity":{"score":0,"type":"low","maxScore":9,"error":1}}},"additional":[{"keyphrase":"Semana Santa","score":80,"analysis":{"keyphraseInDescription":{"score":9,"maxScore":9,"error":0},"keyphraseLength":{"score":9,"maxScore":9,"error":0,"length":2},"keyphraseInIntroduction":{"score":9,"maxScore":9,"error":0},"keyphraseInImageAlt":{"score":9,"maxScore":9,"error":0},"keywordDensity":{"score":0,"type":"low","maxScore":9,"error":1}}},{"keyphrase":"Cucurucho","score":87,"analysis":{"keyphraseInDescription":{"score":3,"maxScore":9,"error":1},"keyphraseLength":{"score":9,"maxScore":9,"error":0,"length":1},"keyphraseInIntroduction":{"score":9,"maxScore":9,"error":0},"keyphraseInImageAlt":{"score":9,"maxScore":9,"error":0},"keywordDensity":{"type":"best","score":9,"maxScore":9,"error":0}}},{"keyphrase":"cucuruchos","score":40,"analysis":{"keyphraseInDescription":{"score":3,"maxScore":9,"error":1},"keyphraseLength":{"score":9,"maxScore":9,"error":0,"length":1},"keyphraseInIntroduction":{"score":3,"maxScore":9,"error":1},"keyphraseInImageAlt":{"score":3,"maxScore":9,"error":1},"keywordDensity":{"score":0,"type":"low","maxScore":9,"error":1}}}]},"primary_term":null,"canonical_url":null,"og_title":null,"og_description":null,"og_object_type":"default","og_image_type":"default","og_image_url":null,"og_image_width":null,"og_image_height":null,"og_image_custom_url":null,"og_image_custom_fields":null,"og_video":"","og_custom_url":null,"og_article_section":null,"og_article_tags":null,"twitter_use_og":false,"twitter_card":"default","twitter_image_type":"default","twitter_image_url":null,"twitter_image_custom_url":null,"twitter_image_custom_fields":null,"twitter_title":null,"twitter_description":null,"schema":{"blockGraphs":[],"customGraphs":[],"default":{"data":{"Article":[],"Course":[],"Dataset":[],"FAQPage":[],"Movie":[],"Person":[],"Product":[],"ProductReview":[],"Car":[],"Recipe":[],"Service":[],"SoftwareApplication":[],"WebPage":[]},"graphName":"NewsArticle","isEnabled":true},"graphs":[]},"schema_type":"default","schema_type_options":null,"pillar_content":false,"robots_default":true,"robots_noindex":false,"robots_noarchive":false,"robots_nosnippet":false,"robots_nofollow":false,"robots_noimageindex":false,"robots_noodp":false,"robots_notranslate":false,"robots_max_snippet":"-1","robots_max_videopreview":"-1","robots_max_imagepreview":"large","priority":null,"frequency":"default","local_seo":null,"seo_analyzer_scan_date":null,"breadcrumb_settings":null,"limit_modified_date":false,"reviewed_by":"0","open_ai":"{\"title\":{\"suggestions\":[],\"usage\":0},\"description\":{\"suggestions\":[],\"usage\":0}}","ai":{"faqs":[],"keyPoints":[],"titles":[],"descriptions":[],"socialPosts":{"email":[],"linkedin":[],"twitter":[],"facebook":[],"instagram":[]}},"created":"2025-03-31 17:11:08","updated":"2026-03-06 15:45:42"},"aioseo_breadcrumb":"<div class=\"aioseo-breadcrumbs\"><span class=\"aioseo-breadcrumb\">\n\t<a href=\"https:\/\/soymigrante.com\/revista\" title=\"Home\">Home<\/a>\n<\/span><span class=\"aioseo-breadcrumb-separator\">\u00bb<\/span><span class=\"aioseo-breadcrumb\">\n\t<a href=\"https:\/\/soymigrante.com\/revista\/category\/guate-nuestra\/\" title=\"Guate Nuestra\">Guate Nuestra<\/a>\n<\/span><span class=\"aioseo-breadcrumb-separator\">\u00bb<\/span><span class=\"aioseo-breadcrumb\">\n\tLleg\u00f3 la Cuaresma y esta es una galer\u00eda de cucuruchos y devotos en procesiones guatemaltecas\n<\/span><\/div>","aioseo_breadcrumb_json":[{"label":"Home","link":"https:\/\/soymigrante.com\/revista"},{"label":"Guate Nuestra","link":"https:\/\/soymigrante.com\/revista\/category\/guate-nuestra\/"},{"label":"Lleg\u00f3 la Cuaresma y esta es una galer\u00eda de cucuruchos y devotos en procesiones guatemaltecas","link":"https:\/\/soymigrante.com\/revista\/galeria-de-indumentarias-de-devotos-y-cucuruchos-de-cuaresma-y-semana-santa-guatemalteca\/"}],"_links":{"self":[{"href":"https:\/\/soymigrante.com\/revista\/wp-json\/wp\/v2\/posts\/29642","targetHints":{"allow":["GET"]}}],"collection":[{"href":"https:\/\/soymigrante.com\/revista\/wp-json\/wp\/v2\/posts"}],"about":[{"href":"https:\/\/soymigrante.com\/revista\/wp-json\/wp\/v2\/types\/post"}],"author":[{"embeddable":true,"href":"https:\/\/soymigrante.com\/revista\/wp-json\/wp\/v2\/users\/1"}],"replies":[{"embeddable":true,"href":"https:\/\/soymigrante.com\/revista\/wp-json\/wp\/v2\/comments?post=29642"}],"version-history":[{"count":11,"href":"https:\/\/soymigrante.com\/revista\/wp-json\/wp\/v2\/posts\/29642\/revisions"}],"predecessor-version":[{"id":52669,"href":"https:\/\/soymigrante.com\/revista\/wp-json\/wp\/v2\/posts\/29642\/revisions\/52669"}],"wp:featuredmedia":[{"embeddable":true,"href":"https:\/\/soymigrante.com\/revista\/wp-json\/wp\/v2\/media\/29648"}],"wp:attachment":[{"href":"https:\/\/soymigrante.com\/revista\/wp-json\/wp\/v2\/media?parent=29642"}],"wp:term":[{"taxonomy":"category","embeddable":true,"href":"https:\/\/soymigrante.com\/revista\/wp-json\/wp\/v2\/categories?post=29642"},{"taxonomy":"post_tag","embeddable":true,"href":"https:\/\/soymigrante.com\/revista\/wp-json\/wp\/v2\/tags?post=29642"}],"curies":[{"name":"wp","href":"https:\/\/api.w.org\/{rel}","templated":true}]}}