{"id":29580,"date":"2025-04-01T05:00:00","date_gmt":"2025-04-01T11:00:00","guid":{"rendered":"https:\/\/soymigrante.com\/revista\/?p=29580"},"modified":"2025-08-27T23:30:43","modified_gmt":"2025-08-28T05:30:43","slug":"empanadas-de-manjar-un-dulce-de-semana-santa","status":"publish","type":"post","link":"https:\/\/soymigrante.com\/revista\/empanadas-de-manjar-un-dulce-de-semana-santa\/","title":{"rendered":"Empanadas de manjar: Un dulce de Semana Santa"},"content":{"rendered":"\t\t<div data-elementor-type=\"wp-post\" data-elementor-id=\"29580\" class=\"elementor elementor-29580\" data-elementor-post-type=\"post\">\n\t\t\t\t<div data-particle_enable=\"false\" data-particle-mobile-disabled=\"false\" class=\"elementor-element elementor-element-60f3fd1 e-flex e-con-boxed e-con e-parent\" data-id=\"60f3fd1\" data-element_type=\"container\" data-e-type=\"container\">\n\t\t\t\t\t<div class=\"e-con-inner\">\n\t\t\t\t<div class=\"elementor-element elementor-element-0b3bbb0 elementor-widget elementor-widget-heading\" data-id=\"0b3bbb0\" data-element_type=\"widget\" data-e-type=\"widget\" data-widget_type=\"heading.default\">\n\t\t\t\t\t<h2 class=\"elementor-heading-title elementor-size-default\">Las empanadas de manjar son una dulce tradici\u00f3n de Semana Santa en Guatemala.<\/h2>\t\t\t\t<\/div>\n\t\t\t\t\t<\/div>\n\t\t\t\t<\/div>\n\t\t<div data-particle_enable=\"false\" data-particle-mobile-disabled=\"false\" class=\"elementor-element elementor-element-41f7c91 e-flex e-con-boxed e-con e-parent\" data-id=\"41f7c91\" data-element_type=\"container\" data-e-type=\"container\">\n\t\t\t\t\t<div class=\"e-con-inner\">\n\t\t\t\t<div class=\"elementor-element elementor-element-040c488 elementor-widget elementor-widget-text-editor\" data-id=\"040c488\" data-element_type=\"widget\" data-e-type=\"widget\" data-widget_type=\"text-editor.default\">\n\t\t\t\t\t\t\t\t\t<p><a href=\"https:\/\/soymigrante.com\/revista\/las-comidas-de-semana-santa-en-guatemala-tradicion-y-sabor\/\" target=\"_blank\" rel=\"noopener\">La Semana Santa en Guatemala es una \u00e9poca de fervor religioso, procesiones solemnes<\/a> y, por supuesto, una gastronom\u00eda llena de tradici\u00f3n.<\/p><p><a href=\"https:\/\/soymigrante.com\/revista\/las-comidas-de-semana-santa-en-guatemala-tradicion-y-sabor\/\" target=\"_blank\" rel=\"noopener\">Entre los platillos m\u00e1s esperados de esta temporada destacan las empanadas de manjar<\/a>, un postre t\u00edpico que se ha convertido en un s\u00edmbolo de la Cuaresma y la celebraci\u00f3n de la Pasi\u00f3n de Cristo.<\/p><p>Pero, \u00bfqu\u00e9 hace que estas empanadas sean tan importantes en Semana Santa y por qu\u00e9 son tan consumidas en esta \u00e9poca?<\/p>\t\t\t\t\t\t\t\t<\/div>\n\t\t\t\t\t<\/div>\n\t\t\t\t<\/div>\n\t\t<div data-particle_enable=\"false\" data-particle-mobile-disabled=\"false\" class=\"elementor-element elementor-element-346a17a e-flex e-con-boxed e-con e-parent\" data-id=\"346a17a\" data-element_type=\"container\" data-e-type=\"container\">\n\t\t\t\t\t<div class=\"e-con-inner\">\n\t\t\t\t<div class=\"elementor-element elementor-element-88c4baf elementor-widget elementor-widget-video\" data-id=\"88c4baf\" data-element_type=\"widget\" data-e-type=\"widget\" data-settings=\"{&quot;youtube_url&quot;:&quot;https:\\\/\\\/www.youtube.com\\\/watch?v=50XyLy9kJRE&quot;,&quot;video_type&quot;:&quot;youtube&quot;,&quot;controls&quot;:&quot;yes&quot;}\" data-widget_type=\"video.default\">\n\t\t\t\t\t\t\t<div class=\"elementor-wrapper elementor-open-inline\">\n\t\t\t<div class=\"elementor-video\"><\/div>\t\t<\/div>\n\t\t\t\t\t\t<\/div>\n\t\t\t\t\t<\/div>\n\t\t\t\t<\/div>\n\t\t<div data-particle_enable=\"false\" data-particle-mobile-disabled=\"false\" class=\"elementor-element elementor-element-c2dae0c e-flex e-con-boxed e-con e-parent\" data-id=\"c2dae0c\" data-element_type=\"container\" data-e-type=\"container\">\n\t\t\t\t\t<div class=\"e-con-inner\">\n\t\t\t\t<div class=\"elementor-element elementor-element-59db098 elementor-widget elementor-widget-heading\" data-id=\"59db098\" data-element_type=\"widget\" data-e-type=\"widget\" data-widget_type=\"heading.default\">\n\t\t\t\t\t<h3 class=\"elementor-heading-title elementor-size-default\">Un dulce con historia y significado<\/h3>\t\t\t\t<\/div>\n\t\t\t\t\t<\/div>\n\t\t\t\t<\/div>\n\t\t<div data-particle_enable=\"false\" data-particle-mobile-disabled=\"false\" class=\"elementor-element elementor-element-d4b201d e-flex e-con-boxed e-con e-parent\" data-id=\"d4b201d\" data-element_type=\"container\" data-e-type=\"container\">\n\t\t\t\t\t<div class=\"e-con-inner\">\n\t\t\t\t<div class=\"elementor-element elementor-element-8c73cbc elementor-widget elementor-widget-text-editor\" data-id=\"8c73cbc\" data-element_type=\"widget\" data-e-type=\"widget\" data-widget_type=\"text-editor.default\">\n\t\t\t\t\t\t\t\t\t<p><a href=\"https:\/\/soymigrante.com\/revista\/las-comidas-de-semana-santa-en-guatemala-tradicion-y-sabor\/\" target=\"_blank\" rel=\"noopener\">Las empanadas de manjar tienen su origen en la influencia espa\u00f1ola en la cocina guatemalteca<\/a>, pero con el tiempo han adquirido un sello propio dentro de la gastronom\u00eda del pa\u00eds.<\/p><p>Son elaboradas con una masa suave y delicada, rellena de un manjar cremoso hecho a base de leche, az\u00facar, harina y vainilla.<\/p><p>El consumo de postres en Semana Santa tiene una fuerte relaci\u00f3n con las restricciones alimenticias de la Cuaresma.<\/p>\t\t\t\t\t\t\t\t<\/div>\n\t\t\t\t\t<\/div>\n\t\t\t\t<\/div>\n\t\t<div data-particle_enable=\"false\" data-particle-mobile-disabled=\"false\" class=\"elementor-element elementor-element-e5bbbec e-flex e-con-boxed e-con e-parent\" data-id=\"e5bbbec\" data-element_type=\"container\" data-e-type=\"container\">\n\t\t\t\t\t<div class=\"e-con-inner\">\n\t\t\t\t<div class=\"elementor-element elementor-element-1bba7f6 elementor-invisible elementor-widget elementor-widget-facebook-embed\" data-id=\"1bba7f6\" data-element_type=\"widget\" data-e-type=\"widget\" data-settings=\"{&quot;_animation&quot;:&quot;zoomInDown&quot;}\" data-widget_type=\"facebook-embed.default\">\n\t\t\t\t\t<div style=\"min-height: 1px\" class=\"elementor-facebook-widget fb-post\" data-href=\"https:\/\/www.facebook.com\/photo?fbid=1180624077397090&#038;set=pb.100063485261291.-2207520000\" data-show-text=\"false\"><\/div>\t\t\t\t<\/div>\n\t\t\t\t\t<\/div>\n\t\t\t\t<\/div>\n\t\t<div data-particle_enable=\"false\" data-particle-mobile-disabled=\"false\" class=\"elementor-element elementor-element-8a2c5de e-flex e-con-boxed e-con e-parent\" data-id=\"8a2c5de\" data-element_type=\"container\" data-e-type=\"container\">\n\t\t\t\t\t<div class=\"e-con-inner\">\n\t\t\t\t<div class=\"elementor-element elementor-element-56edbc4 elementor-widget elementor-widget-text-editor\" data-id=\"56edbc4\" data-element_type=\"widget\" data-e-type=\"widget\" data-widget_type=\"text-editor.default\">\n\t\t\t\t\t\t\t\t\t<p>Al limitarse la ingesta de carne roja en muchos hogares, los dulces se convierten en una alternativa reconfortante y deliciosa durante este periodo.<\/p><p>Adem\u00e1s, l<a href=\"https:\/\/soymigrante.com\/revista\/las-comidas-de-semana-santa-en-guatemala-tradicion-y-sabor\/\" target=\"_blank\" rel=\"noopener\">a preparaci\u00f3n de estas empanadas ha sido parte de la tradici\u00f3n familiar en muchas casas guatemaltecas.<\/a><\/p><p>Desde generaciones atr\u00e1s, las abuelas y madres han ense\u00f1ado a sus hijos a hacer la masa y cocinar el manjar, convirtiendo su elaboraci\u00f3n en un acto de uni\u00f3n familiar y cultural.<\/p>\t\t\t\t\t\t\t\t<\/div>\n\t\t\t\t\t<\/div>\n\t\t\t\t<\/div>\n\t\t<div data-particle_enable=\"false\" data-particle-mobile-disabled=\"false\" class=\"elementor-element elementor-element-9855a39 e-flex e-con-boxed e-con e-parent\" data-id=\"9855a39\" data-element_type=\"container\" data-e-type=\"container\">\n\t\t\t\t\t<div class=\"e-con-inner\">\n\t\t\t\t<div class=\"elementor-element elementor-element-2358ed9 elementor-invisible elementor-widget elementor-widget-facebook-embed\" data-id=\"2358ed9\" data-element_type=\"widget\" data-e-type=\"widget\" data-settings=\"{&quot;_animation&quot;:&quot;zoomInDown&quot;}\" data-widget_type=\"facebook-embed.default\">\n\t\t\t\t\t<div style=\"min-height: 1px\" class=\"elementor-facebook-widget fb-post\" data-href=\"https:\/\/www.facebook.com\/lacasadelaempanada.org\/photos\/pb.100063485261291.-2207520000\/3700632326688546\/?type=3\" data-show-text=\"false\"><\/div>\t\t\t\t<\/div>\n\t\t\t\t\t<\/div>\n\t\t\t\t<\/div>\n\t\t<div data-particle_enable=\"false\" data-particle-mobile-disabled=\"false\" class=\"elementor-element elementor-element-294b965 e-flex e-con-boxed e-con e-parent\" data-id=\"294b965\" data-element_type=\"container\" data-e-type=\"container\">\n\t\t\t\t\t<div class=\"e-con-inner\">\n\t\t\t\t<div class=\"elementor-element elementor-element-ef32477 elementor-widget elementor-widget-heading\" data-id=\"ef32477\" data-element_type=\"widget\" data-e-type=\"widget\" data-widget_type=\"heading.default\">\n\t\t\t\t\t<h3 class=\"elementor-heading-title elementor-size-default\">\u00bfPor qu\u00e9 son tan consumidas en Semana Santa?<\/h3>\t\t\t\t<\/div>\n\t\t\t\t\t<\/div>\n\t\t\t\t<\/div>\n\t\t<div data-particle_enable=\"false\" data-particle-mobile-disabled=\"false\" class=\"elementor-element elementor-element-9e28cae e-flex e-con-boxed e-con e-parent\" data-id=\"9e28cae\" data-element_type=\"container\" data-e-type=\"container\">\n\t\t\t\t\t<div class=\"e-con-inner\">\n\t\t\t\t<div class=\"elementor-element elementor-element-63d0bc4 elementor-widget elementor-widget-text-editor\" data-id=\"63d0bc4\" data-element_type=\"widget\" data-e-type=\"widget\" data-widget_type=\"text-editor.default\">\n\t\t\t\t\t\t\t\t\t<div><strong>1. Tradici\u00f3n familiar y religiosa<\/strong><\/div><div>\u2022Son parte del men\u00fa t\u00edpico de Cuaresma y Semana Santa, junto con platillos como el pescado seco, los garbanzos en dulce y las torrejas.<\/div><div>\u2022Suelen compartirse en reuniones familiares o despu\u00e9s de las procesiones.<\/div><div><strong>2.Sabor inconfundible y nost\u00e1lgico<\/strong><\/div><div>\u2022Su mezcla de texturas (una masa crujiente con un relleno cremoso) y el toque de az\u00facar glass las hacen irresistibles.<\/div><div>\u2022Su aroma a vainilla y canela evoca recuerdos de la infancia y la tradici\u00f3n guatemalteca.<\/div><div><strong>3.Disponibilidad y consumo masivo<\/strong><\/div><div>\u2022Durante Semana Santa, las empanadas de manjar se venden en mercados, ferias y panader\u00edas de todo el pa\u00eds.<\/div><div>\u2022Son un postre accesible y f\u00e1cil de encontrar, lo que impulsa su popularidad en esta \u00e9poca.<\/div><div><strong>4.Un dulce permitido en tiempos de abstinencia<\/strong><\/div><div>\u2022Como no contienen carne ni ingredientes restringidos durante la Cuaresma, se convierten en una opci\u00f3n ideal para quienes siguen las normas religiosas de la \u00e9poca.<\/div>\t\t\t\t\t\t\t\t<\/div>\n\t\t\t\t\t<\/div>\n\t\t\t\t<\/div>\n\t\t<div data-particle_enable=\"false\" data-particle-mobile-disabled=\"false\" class=\"elementor-element elementor-element-18d7cb0 e-flex e-con-boxed e-con e-parent\" data-id=\"18d7cb0\" data-element_type=\"container\" data-e-type=\"container\">\n\t\t\t\t\t<div class=\"e-con-inner\">\n\t\t\t\t<div class=\"elementor-element elementor-element-0b2a56f elementor-invisible elementor-widget elementor-widget-facebook-embed\" data-id=\"0b2a56f\" data-element_type=\"widget\" data-e-type=\"widget\" data-settings=\"{&quot;_animation&quot;:&quot;zoomInDown&quot;}\" data-widget_type=\"facebook-embed.default\">\n\t\t\t\t\t<div style=\"min-height: 1px\" class=\"elementor-facebook-widget fb-post\" data-href=\"https:\/\/www.facebook.com\/photo\/?fbid=1175522707907227&#038;set=a.504793288313509\" data-show-text=\"false\"><\/div>\t\t\t\t<\/div>\n\t\t\t\t\t<\/div>\n\t\t\t\t<\/div>\n\t\t<div data-particle_enable=\"false\" data-particle-mobile-disabled=\"false\" class=\"elementor-element elementor-element-cd9f13b e-flex e-con-boxed e-con e-parent\" data-id=\"cd9f13b\" data-element_type=\"container\" data-e-type=\"container\">\n\t\t\t\t\t<div class=\"e-con-inner\">\n\t\t\t\t<div class=\"elementor-element elementor-element-c0365ff elementor-widget elementor-widget-heading\" data-id=\"c0365ff\" data-element_type=\"widget\" data-e-type=\"widget\" data-widget_type=\"heading.default\">\n\t\t\t\t\t<h3 class=\"elementor-heading-title elementor-size-default\">Un postre que perdura en el tiempo<\/h3>\t\t\t\t<\/div>\n\t\t\t\t\t<\/div>\n\t\t\t\t<\/div>\n\t\t<div data-particle_enable=\"false\" data-particle-mobile-disabled=\"false\" class=\"elementor-element elementor-element-4a60b2f e-flex e-con-boxed e-con e-parent\" data-id=\"4a60b2f\" data-element_type=\"container\" data-e-type=\"container\">\n\t\t\t\t\t<div class=\"e-con-inner\">\n\t\t\t\t<div class=\"elementor-element elementor-element-1b3c208 elementor-widget elementor-widget-text-editor\" data-id=\"1b3c208\" data-element_type=\"widget\" data-e-type=\"widget\" data-widget_type=\"text-editor.default\">\n\t\t\t\t\t\t\t\t\t<p>Las empanadas de manjar no solo son un deleite gastron\u00f3mico, sino tambi\u00e9n un recordatorio de la identidad y las costumbres guatemaltecas. <a href=\"https:\/\/soymigrante.com\/revista\/las-comidas-de-semana-santa-en-guatemala-tradicion-y-sabor\/\" target=\"_blank\" rel=\"noopener\">Cada bocado representa una historia familiar, una tradici\u00f3n que sigue viva y una conexi\u00f3n con las celebraciones de Semana Santa.<\/a><\/p><p>Ya sean preparadas en casa o compradas en una panader\u00eda, estas empanadas siguen siendo una de las expresiones m\u00e1s dulces de la cultura guatemalteca en esta temporada especial.<\/p>\t\t\t\t\t\t\t\t<\/div>\n\t\t\t\t\t<\/div>\n\t\t\t\t<\/div>\n\t\t<div data-particle_enable=\"false\" data-particle-mobile-disabled=\"false\" class=\"elementor-element elementor-element-167ca07 e-flex e-con-boxed e-con e-parent\" data-id=\"167ca07\" data-element_type=\"container\" data-e-type=\"container\">\n\t\t\t\t\t<div class=\"e-con-inner\">\n\t\t\t\t<div class=\"elementor-element elementor-element-3f15c51 elementor-widget elementor-widget-heading\" data-id=\"3f15c51\" data-element_type=\"widget\" data-e-type=\"widget\" data-widget_type=\"heading.default\">\n\t\t\t\t\t<h2 class=\"elementor-heading-title elementor-size-default\">Conoce otros platillos de Semana Santa, ac\u00e1...<\/h2>\t\t\t\t<\/div>\n\t\t\t\t\t<\/div>\n\t\t\t\t<\/div>\n\t\t<div data-particle_enable=\"false\" data-particle-mobile-disabled=\"false\" class=\"elementor-element elementor-element-a90e617 e-flex e-con-boxed e-con e-parent\" data-id=\"a90e617\" data-element_type=\"container\" data-e-type=\"container\">\n\t\t\t\t\t<div class=\"e-con-inner\">\n\t\t\t\t<div class=\"elementor-element elementor-element-5534430 elementor-grid-eael-col-3 elementor-grid-tablet-eael-col-2 elementor-grid-mobile-eael-col-1 elementor-widget elementor-widget-eael-post-grid\" data-id=\"5534430\" data-element_type=\"widget\" data-e-type=\"widget\" data-settings=\"{&quot;eael_post_grid_columns&quot;:&quot;eael-col-3&quot;,&quot;eael_post_grid_columns_tablet&quot;:&quot;eael-col-2&quot;,&quot;eael_post_grid_columns_mobile&quot;:&quot;eael-col-1&quot;}\" data-widget_type=\"eael-post-grid.default\">\n\t\t\t\t\t<div id=\"eael-post-grid-5534430\" class=\"eael-post-grid-container\">\n            <div class=\"eael-post-grid eael-post-appender eael-post-appender-5534430 eael-post-grid-style-one\" data-layout-mode=\"masonry\"><article class=\"eael-grid-post  eael-post-grid-column eael-pg-post-28057 category-recetas-guatemaltecas\" data-id=\"28057\">\n        <div class=\"eael-grid-post-holder\">\n            <div class=\"eael-grid-post-holder-inner\"><div class=\"eael-entry-media\"><div class=\"eael-entry-overlay fade-in\"><i class=\"far fa-hand-pointer\" aria-hidden=\"true\"><\/i><a href=\"https:\/\/soymigrante.com\/revista\/el-pescado-seco-en-guatemala-historia-sabor-receta-y-tradicion\/\"><\/a><\/div><div class=\"eael-entry-thumbnail \">\n                <img fetchpriority=\"high\" decoding=\"async\" width=\"1024\" height=\"633\" src=\"https:\/\/soymigrante.com\/revista\/wp-content\/uploads\/2025\/03\/Pescado-seco-3-1024x633.jpeg\" class=\"attachment-large size-large wp-image-28058\" alt=\"El pescado seco en Guatemala: historia, receta y tradici\u00f3n\" \/>\n            <\/div>\n        <\/div><div class=\"eael-entry-wrapper\"><header class=\"eael-entry-header\"><h2 class=\"eael-entry-title\"><a class=\"eael-grid-post-link\" href=\"https:\/\/soymigrante.com\/revista\/el-pescado-seco-en-guatemala-historia-sabor-receta-y-tradicion\/\" title=\"El pescado seco en Guatemala: historia, sabor receta y tradici\u00f3n\">El pescado seco en Guatemala: historia, sabor receta y tradici\u00f3n<\/a><\/h2><\/header><div class=\"eael-entry-content\">\n                        <div class=\"eael-grid-post-excerpt\"><a href=\"https:\/\/soymigrante.com\/revista\/el-pescado-seco-en-guatemala-historia-sabor-receta-y-tradicion\/\" class=\"eael-post-elements-readmore-btn\">CONOCE SU HISTORIA <\/a><\/div>\n                    <\/div><\/div><\/div>\n        <\/div>\n    <\/article><article class=\"eael-grid-post  eael-post-grid-column eael-pg-post-25144 category-guate-nuestra\" data-id=\"25144\">\n        <div class=\"eael-grid-post-holder\">\n            <div class=\"eael-grid-post-holder-inner\"><div class=\"eael-entry-media\"><div class=\"eael-entry-overlay fade-in\"><i class=\"far fa-hand-pointer\" aria-hidden=\"true\"><\/i><a href=\"https:\/\/soymigrante.com\/revista\/siete-platillos-guatemaltecos-a-base-de-mariscos\/\"><\/a><\/div><div class=\"eael-entry-thumbnail \">\n                <img decoding=\"async\" width=\"1024\" height=\"1024\" src=\"https:\/\/soymigrante.com\/revista\/wp-content\/uploads\/2025\/02\/shrimp-cocktail-2024-11-25-12-43-29-utc-1024x1024.jpg\" class=\"attachment-large size-large wp-image-25730\" alt=\"Deliciosa entrada de c\u00f3ctel de camarones con aguacate y galletas saladas en platos tradicionales mexicanos, ideal para cultura y gastronom\u00eda mexicana en Revista SoyMigrante.com.\" srcset=\"https:\/\/soymigrante.com\/revista\/wp-content\/uploads\/2025\/02\/shrimp-cocktail-2024-11-25-12-43-29-utc-1024x1024.jpg 1024w, https:\/\/soymigrante.com\/revista\/wp-content\/uploads\/2025\/02\/shrimp-cocktail-2024-11-25-12-43-29-utc-300x300.jpg 300w, https:\/\/soymigrante.com\/revista\/wp-content\/uploads\/2025\/02\/shrimp-cocktail-2024-11-25-12-43-29-utc-150x150.jpg 150w, https:\/\/soymigrante.com\/revista\/wp-content\/uploads\/2025\/02\/shrimp-cocktail-2024-11-25-12-43-29-utc-768x768.jpg 768w, https:\/\/soymigrante.com\/revista\/wp-content\/uploads\/2025\/02\/shrimp-cocktail-2024-11-25-12-43-29-utc-1536x1536.jpg 1536w, https:\/\/soymigrante.com\/revista\/wp-content\/uploads\/2025\/02\/shrimp-cocktail-2024-11-25-12-43-29-utc-2048x2048.jpg 2048w, https:\/\/soymigrante.com\/revista\/wp-content\/uploads\/2025\/02\/shrimp-cocktail-2024-11-25-12-43-29-utc-75x75.webp 75w, https:\/\/soymigrante.com\/revista\/wp-content\/uploads\/2025\/02\/shrimp-cocktail-2024-11-25-12-43-29-utc-750x750.webp 750w, https:\/\/soymigrante.com\/revista\/wp-content\/uploads\/2025\/02\/shrimp-cocktail-2024-11-25-12-43-29-utc-1140x1140.webp 1140w, https:\/\/soymigrante.com\/revista\/wp-content\/uploads\/2025\/02\/shrimp-cocktail-2024-11-25-12-43-29-utc-scaled.webp 1920w\" sizes=\"(max-width: 1024px) 100vw, 1024px\" \/>\n            <\/div>\n        <\/div><div class=\"eael-entry-wrapper\"><header class=\"eael-entry-header\"><h2 class=\"eael-entry-title\"><a class=\"eael-grid-post-link\" href=\"https:\/\/soymigrante.com\/revista\/siete-platillos-guatemaltecos-a-base-de-mariscos\/\" title=\"Ya se siente el sabor del verano: Siete platillos guatemaltecos a base de mariscos\">Ya se siente el sabor del verano: Siete platillos guatemaltecos a base de mariscos<\/a><\/h2><\/header><div class=\"eael-entry-content\">\n                        <div class=\"eael-grid-post-excerpt\"><a href=\"https:\/\/soymigrante.com\/revista\/siete-platillos-guatemaltecos-a-base-de-mariscos\/\" class=\"eael-post-elements-readmore-btn\">CONOCE SU HISTORIA <\/a><\/div>\n                    <\/div><\/div><\/div>\n        <\/div>\n    <\/article><article class=\"eael-grid-post  eael-post-grid-column eael-pg-post-6116 category-recetas-guatemaltecas\" data-id=\"6116\">\n        <div class=\"eael-grid-post-holder\">\n            <div class=\"eael-grid-post-holder-inner\"><div class=\"eael-entry-media\"><div class=\"eael-entry-overlay fade-in\"><i class=\"far fa-hand-pointer\" aria-hidden=\"true\"><\/i><a href=\"https:\/\/soymigrante.com\/revista\/recetas-chapinas-cinco-increibles-refrescos-naturales-faciles-de-preparar\/\"><\/a><\/div><div class=\"eael-entry-thumbnail \">\n                <img decoding=\"async\" width=\"1024\" height=\"711\" src=\"https:\/\/soymigrante.com\/revista\/wp-content\/uploads\/2024\/04\/Captura-de-pantalla-2024-04-23-132752-1024x711.webp\" class=\"attachment-large size-large wp-image-6129\" alt=\"Refresco de lim\u00f3n con menta en vaso de vidrio con dise\u00f1o, hielo y condensaci\u00f3n, ideado para refrescar en verano, ideal para eventos y bebidas refrescantes.\" srcset=\"https:\/\/soymigrante.com\/revista\/wp-content\/uploads\/2024\/04\/Captura-de-pantalla-2024-04-23-132752-1024x711.webp 1024w, https:\/\/soymigrante.com\/revista\/wp-content\/uploads\/2024\/04\/Captura-de-pantalla-2024-04-23-132752-300x208.webp 300w, https:\/\/soymigrante.com\/revista\/wp-content\/uploads\/2024\/04\/Captura-de-pantalla-2024-04-23-132752-768x533.webp 768w, https:\/\/soymigrante.com\/revista\/wp-content\/uploads\/2024\/04\/Captura-de-pantalla-2024-04-23-132752-750x520.webp 750w, https:\/\/soymigrante.com\/revista\/wp-content\/uploads\/2024\/04\/Captura-de-pantalla-2024-04-23-132752.webp 1075w\" sizes=\"(max-width: 1024px) 100vw, 1024px\" \/>\n            <\/div>\n        <\/div><div class=\"eael-entry-wrapper\"><header class=\"eael-entry-header\"><h2 class=\"eael-entry-title\"><a class=\"eael-grid-post-link\" href=\"https:\/\/soymigrante.com\/revista\/recetas-chapinas-cinco-increibles-refrescos-naturales-faciles-de-preparar\/\" title=\"Recetas chapinas: cinco refrescos naturales f\u00e1ciles de preparar\">Recetas chapinas: cinco refrescos naturales f\u00e1ciles de preparar<\/a><\/h2><\/header><div class=\"eael-entry-content\">\n                        <div class=\"eael-grid-post-excerpt\"><a href=\"https:\/\/soymigrante.com\/revista\/recetas-chapinas-cinco-increibles-refrescos-naturales-faciles-de-preparar\/\" class=\"eael-post-elements-readmore-btn\">CONOCE SU HISTORIA <\/a><\/div>\n                    <\/div><\/div><\/div>\n        <\/div>\n    <\/article><\/div>\n            <div class=\"clearfix\"><\/div>\n        <\/div>\t\t\t\t<\/div>\n\t\t\t\t\t<\/div>\n\t\t\t\t<\/div>\n\t\t\t\t<\/div>\n\t\t","protected":false},"excerpt":{"rendered":"<p>Las empanadas de manjar son una dulce tradici\u00f3n de Semana Santa en Guatemala. La Semana Santa en Guatemala es una \u00e9poca de fervor religioso, procesiones solemnes y, por supuesto, una gastronom\u00eda llena de tradici\u00f3n. Entre los platillos m\u00e1s esperados de esta temporada destacan las empanadas de manjar, un postre t\u00edpico que se ha convertido en [&hellip;]<\/p>\n","protected":false},"author":19,"featured_media":29581,"comment_status":"open","ping_status":"open","sticky":false,"template":"","format":"standard","meta":{"_acf_changed":false,"_eb_attr":"","footnotes":""},"categories":[58,247],"tags":[],"class_list":["post-29580","post","type-post","status-publish","format-standard","has-post-thumbnail","hentry","category-guate-nuestra","category-recetas-guatemaltecas"],"acf":[],"aioseo_notices":[],"aioseo_head":"\n\t\t<!-- All in One SEO Pro 4.9.6.2 - aioseo.com -->\n\t<meta name=\"description\" content=\"Las recetas chapinas tambi\u00e9n se beben: estason con bebidas tradicionales elaboradas a partir de frutas, semillas y cereales que los migrantes guatemaltecos tambi\u00e9n pueden disfrutar en familia y sorprender a sus invitados. Para preparar un refresco natural de Guatemala se requiere de cuidado y poner atenci\u00f3n en los ingredientes. El proceso de esta bebida comienza\" \/>\n\t<meta name=\"robots\" content=\"max-snippet:-1, max-image-preview:large, max-video-preview:-1\" \/>\n\t<meta name=\"author\" content=\"Marysabel Aldana\"\/>\n\t<link rel=\"canonical\" href=\"https:\/\/soymigrante.com\/revista\/empanadas-de-manjar-un-dulce-de-semana-santa\/\" \/>\n\t<meta name=\"generator\" content=\"All in One SEO Pro (AIOSEO) 4.9.6.2\" \/>\n\n\t\t<link rel=\"preconnect\" href=\"https:\/\/fonts.googleapis.com\" crossorigin>\n<link rel=\"preconnect\" href=\"https:\/\/fonts.gstatic.com\" crossorigin>\n\t\t<meta property=\"og:locale\" content=\"es_ES\" \/>\n\t\t<meta property=\"og:site_name\" content=\"SoyMigrante.com REVISTA \u2013 Nuestra misi\u00f3n es reconocer y dignificar al migrante.\" \/>\n\t\t<meta property=\"og:type\" content=\"article\" \/>\n\t\t<meta property=\"og:title\" content=\"Empanadas de manjar: Un dulce de Semana Santa\" \/>\n\t\t<meta property=\"og:description\" content=\"Las empanadas de manjar son una dulce tradici\u00f3n de Semana Santa en Guatemala.\" \/>\n\t\t<meta property=\"og:url\" content=\"https:\/\/soymigrante.com\/revista\/empanadas-de-manjar-un-dulce-de-semana-santa\/\" \/>\n\t\t<meta property=\"og:image\" content=\"https:\/\/soymigrante.com\/revista\/wp-content\/uploads\/2025\/03\/empanada-de-manjar-.webp\" \/>\n\t\t<meta property=\"og:image:secure_url\" content=\"https:\/\/soymigrante.com\/revista\/wp-content\/uploads\/2025\/03\/empanada-de-manjar-.webp\" \/>\n\t\t<meta property=\"og:image:width\" content=\"960\" \/>\n\t\t<meta property=\"og:image:height\" content=\"960\" \/>\n\t\t<meta property=\"article:published_time\" content=\"2025-04-01T11:00:00+00:00\" \/>\n\t\t<meta property=\"article:modified_time\" content=\"2025-08-28T05:30:43+00:00\" \/>\n\t\t<meta property=\"article:publisher\" content=\"https:\/\/www.facebook.com\/soymigrantecom\" \/>\n\t\t<meta name=\"twitter:card\" content=\"summary_large_image\" \/>\n\t\t<meta name=\"twitter:site\" content=\"@SoyMigrante_com\" \/>\n\t\t<meta name=\"twitter:title\" content=\"Empanadas de manjar: Un dulce de Semana Santa\" \/>\n\t\t<meta name=\"twitter:description\" content=\"Las empanadas de manjar son una dulce tradici\u00f3n de Semana Santa en Guatemala.\" \/>\n\t\t<meta name=\"twitter:creator\" content=\"@SoyMigrante_com\" \/>\n\t\t<meta name=\"twitter:image\" content=\"https:\/\/soymigrante.com\/revista\/wp-content\/uploads\/2025\/03\/empanada-de-manjar-.webp\" \/>\n\t\t<!-- All in One SEO Pro -->\r\n\t\t<title>Empanadas de manjar: Un dulce de Semana Santa<\/title>\n\n","aioseo_head_json":{"title":"Empanadas de manjar: Un dulce de Semana Santa","description":"Las empanadas de manjar son una dulce tradici\u00f3n de Semana Santa en Guatemala.","canonical_url":"https:\/\/soymigrante.com\/revista\/empanadas-de-manjar-un-dulce-de-semana-santa\/","robots":"max-snippet:-1, max-image-preview:large, max-video-preview:-1","keywords":"","webmasterTools":{"miscellaneous":"&lt;link rel=\"preconnect\" href=\"https:\/\/fonts.googleapis.com\" crossorigin&gt;\n&lt;link rel=\"preconnect\" href=\"https:\/\/fonts.gstatic.com\" crossorigin&gt;"},"schema":null,"og:locale":"es_ES","og:site_name":"SoyMigrante.com REVISTA \u2013 Nuestra misi\u00f3n es reconocer y dignificar al migrante.","og:type":"article","og:title":"Empanadas de manjar: Un dulce de Semana Santa","og:description":"Las empanadas de manjar son una dulce tradici\u00f3n de Semana Santa en Guatemala.","og:url":"https:\/\/soymigrante.com\/revista\/empanadas-de-manjar-un-dulce-de-semana-santa\/","og:image":"https:\/\/soymigrante.com\/revista\/wp-content\/uploads\/2025\/03\/empanada-de-manjar-.webp","og:image:secure_url":"https:\/\/soymigrante.com\/revista\/wp-content\/uploads\/2025\/03\/empanada-de-manjar-.webp","og:image:width":960,"og:image:height":960,"article:published_time":"2025-04-01T11:00:00+00:00","article:modified_time":"2025-08-28T05:30:43+00:00","article:publisher":"https:\/\/www.facebook.com\/soymigrantecom","twitter:card":"summary_large_image","twitter:site":"@SoyMigrante_com","twitter:title":"Empanadas de manjar: Un dulce de Semana Santa","twitter:description":"Las empanadas de manjar son una dulce tradici\u00f3n de Semana Santa en Guatemala.","twitter:creator":"@SoyMigrante_com","twitter:image":"https:\/\/soymigrante.com\/revista\/wp-content\/uploads\/2025\/03\/empanada-de-manjar-.webp"},"aioseo_meta_data":{"post_id":"29580","title":"#post_title","description":"Las empanadas de manjar son una dulce tradici\u00f3n de Semana Santa en Guatemala.","keywords":null,"keyphrases":{"focus":{"keyphrase":"Empanadas","score":74,"analysis":{"keyphraseInTitle":{"score":9,"maxScore":9,"error":0},"keyphraseInDescription":{"score":9,"maxScore":9,"error":0},"keyphraseLength":{"score":9,"maxScore":9,"error":0,"length":1},"keyphraseInURL":{"score":5,"maxScore":5,"error":0},"keyphraseInIntroduction":{"score":3,"maxScore":9,"error":1},"keyphraseInSubHeadings":{"score":3,"maxScore":9,"error":1},"keyphraseInImageAlt":{"score":3,"maxScore":9,"error":1},"keywordDensity":{"type":"best","score":9,"maxScore":9,"error":0}}},"additional":[{"keyphrase":"Empanadas","score":73,"analysis":{"keyphraseInDescription":{"score":9,"maxScore":9,"error":0},"keyphraseLength":{"score":9,"maxScore":9,"error":0,"length":1},"keyphraseInIntroduction":{"score":3,"maxScore":9,"error":1},"keyphraseInImageAlt":{"score":3,"maxScore":9,"error":1},"keywordDensity":{"type":"best","score":9,"maxScore":9,"error":0}}},{"keyphrase":"Semana Santa","score":87,"analysis":{"keyphraseInDescription":{"score":9,"maxScore":9,"error":0},"keyphraseLength":{"score":9,"maxScore":9,"error":0,"length":2},"keyphraseInIntroduction":{"score":9,"maxScore":9,"error":0},"keyphraseInImageAlt":{"score":3,"maxScore":9,"error":1},"keywordDensity":{"type":"best","score":9,"maxScore":9,"error":0}}}]},"primary_term":null,"canonical_url":null,"og_title":null,"og_description":null,"og_object_type":"default","og_image_type":"default","og_image_url":null,"og_image_width":null,"og_image_height":null,"og_image_custom_url":null,"og_image_custom_fields":null,"og_video":"","og_custom_url":null,"og_article_section":null,"og_article_tags":null,"twitter_use_og":false,"twitter_card":"default","twitter_image_type":"default","twitter_image_url":null,"twitter_image_custom_url":null,"twitter_image_custom_fields":null,"twitter_title":null,"twitter_description":null,"schema":{"blockGraphs":[],"customGraphs":[],"default":{"data":{"Article":[],"Course":[],"Dataset":[],"FAQPage":[],"Movie":[],"Person":[],"Product":[],"ProductReview":[],"Car":[],"Recipe":[],"Service":[],"SoftwareApplication":[],"WebPage":[]},"graphName":"BlogPosting","isEnabled":true},"graphs":[]},"schema_type":"default","schema_type_options":null,"pillar_content":false,"robots_default":true,"robots_noindex":false,"robots_noarchive":false,"robots_nosnippet":false,"robots_nofollow":false,"robots_noimageindex":false,"robots_noodp":false,"robots_notranslate":false,"robots_max_snippet":"-1","robots_max_videopreview":"-1","robots_max_imagepreview":"large","priority":null,"frequency":"default","local_seo":null,"seo_analyzer_scan_date":"2025-10-09 03:56:17","breadcrumb_settings":null,"limit_modified_date":false,"reviewed_by":null,"open_ai":"{\"title\":{\"suggestions\":[],\"usage\":0},\"description\":{\"suggestions\":[],\"usage\":0}}","ai":null,"created":"2025-03-28 21:14:46","updated":"2026-02-04 22:35:17"},"aioseo_breadcrumb":"<div class=\"aioseo-breadcrumbs\"><span class=\"aioseo-breadcrumb\">\n\t<a href=\"https:\/\/soymigrante.com\/revista\" title=\"Home\">Home<\/a>\n<\/span><span class=\"aioseo-breadcrumb-separator\">\u00bb<\/span><span class=\"aioseo-breadcrumb\">\n\t<a href=\"https:\/\/soymigrante.com\/revista\/category\/guate-nuestra\/\" title=\"Guate Nuestra\">Guate Nuestra<\/a>\n<\/span><span class=\"aioseo-breadcrumb-separator\">\u00bb<\/span><span class=\"aioseo-breadcrumb\">\n\t<a href=\"https:\/\/soymigrante.com\/revista\/category\/guate-nuestra\/recetas-guatemaltecas\/\" title=\"Recetas guatemaltecas\">Recetas guatemaltecas<\/a>\n<\/span><span class=\"aioseo-breadcrumb-separator\">\u00bb<\/span><span class=\"aioseo-breadcrumb\">\n\tEmpanadas de manjar: Un dulce de Semana Santa\n<\/span><\/div>","aioseo_breadcrumb_json":[{"label":"Home","link":"https:\/\/soymigrante.com\/revista"},{"label":"Guate Nuestra","link":"https:\/\/soymigrante.com\/revista\/category\/guate-nuestra\/"},{"label":"Recetas guatemaltecas","link":"https:\/\/soymigrante.com\/revista\/category\/guate-nuestra\/recetas-guatemaltecas\/"},{"label":"Empanadas de manjar: Un dulce de Semana Santa","link":"https:\/\/soymigrante.com\/revista\/empanadas-de-manjar-un-dulce-de-semana-santa\/"}],"_links":{"self":[{"href":"https:\/\/soymigrante.com\/revista\/wp-json\/wp\/v2\/posts\/29580","targetHints":{"allow":["GET"]}}],"collection":[{"href":"https:\/\/soymigrante.com\/revista\/wp-json\/wp\/v2\/posts"}],"about":[{"href":"https:\/\/soymigrante.com\/revista\/wp-json\/wp\/v2\/types\/post"}],"author":[{"embeddable":true,"href":"https:\/\/soymigrante.com\/revista\/wp-json\/wp\/v2\/users\/19"}],"replies":[{"embeddable":true,"href":"https:\/\/soymigrante.com\/revista\/wp-json\/wp\/v2\/comments?post=29580"}],"version-history":[{"count":1,"href":"https:\/\/soymigrante.com\/revista\/wp-json\/wp\/v2\/posts\/29580\/revisions"}],"predecessor-version":[{"id":43002,"href":"https:\/\/soymigrante.com\/revista\/wp-json\/wp\/v2\/posts\/29580\/revisions\/43002"}],"wp:featuredmedia":[{"embeddable":true,"href":"https:\/\/soymigrante.com\/revista\/wp-json\/wp\/v2\/media\/29581"}],"wp:attachment":[{"href":"https:\/\/soymigrante.com\/revista\/wp-json\/wp\/v2\/media?parent=29580"}],"wp:term":[{"taxonomy":"category","embeddable":true,"href":"https:\/\/soymigrante.com\/revista\/wp-json\/wp\/v2\/categories?post=29580"},{"taxonomy":"post_tag","embeddable":true,"href":"https:\/\/soymigrante.com\/revista\/wp-json\/wp\/v2\/tags?post=29580"}],"curies":[{"name":"wp","href":"https:\/\/api.w.org\/{rel}","templated":true}]}}