{"id":29515,"date":"2025-02-28T12:10:29","date_gmt":"2025-02-28T18:10:29","guid":{"rendered":"https:\/\/soymigrante.com\/revista\/?p=29515"},"modified":"2025-04-17T05:08:20","modified_gmt":"2025-04-17T11:08:20","slug":"asi-fue-la-presentacion-del-libro-immigrant-de-marcos-antil-en-la-biblioteca-de-penn-yan-ny","status":"publish","type":"post","link":"https:\/\/soymigrante.com\/revista\/asi-fue-la-presentacion-del-libro-immigrant-de-marcos-antil-en-la-biblioteca-de-penn-yan-ny\/","title":{"rendered":"As\u00ed fue la presentaci\u00f3n del libro Immigrant de Marcos Antil en la biblioteca de Penn Yan, NY"},"content":{"rendered":"\t\t<div data-elementor-type=\"wp-post\" data-elementor-id=\"29515\" class=\"elementor elementor-29515\" data-elementor-post-type=\"post\">\n\t\t\t\t<div data-particle_enable=\"false\" data-particle-mobile-disabled=\"false\" class=\"elementor-element elementor-element-402df99 e-flex e-con-boxed e-con e-parent\" data-id=\"402df99\" data-element_type=\"container\" data-e-type=\"container\">\n\t\t\t\t\t<div class=\"e-con-inner\">\n\t\t\t\t<div class=\"elementor-element elementor-element-34e507d elementor-widget elementor-widget-heading\" data-id=\"34e507d\" data-element_type=\"widget\" data-e-type=\"widget\" data-widget_type=\"heading.default\">\n\t\t\t\t\t<h2 class=\"elementor-heading-title elementor-size-default\">El emprendedor tecnol\u00f3gico Marcos Antil convers\u00f3 con la comunidad de lectura de Penn Yan, NY, acerca de Immigrant, traducci\u00f3n al ingl\u00e9s de Migrante, libro autobiogr\u00e1fico, en la biblioteca local. Fue un encuentro muy positivo e inspirador. <\/h2>\t\t\t\t<\/div>\n\t\t\t\t\t<\/div>\n\t\t\t\t<\/div>\n\t\t<div data-particle_enable=\"false\" data-particle-mobile-disabled=\"false\" class=\"elementor-element elementor-element-d91fc0f e-flex e-con-boxed e-con e-parent\" data-id=\"d91fc0f\" data-element_type=\"container\" data-e-type=\"container\">\n\t\t\t\t\t<div class=\"e-con-inner\">\n\t\t\t\t<div class=\"elementor-element elementor-element-182d144 elementor-widget elementor-widget-text-editor\" data-id=\"182d144\" data-element_type=\"widget\" data-e-type=\"widget\" data-widget_type=\"text-editor.default\">\n\t\t\t\t\t\t\t\t\t<p>Un encuentro de amistad, vivencias y valoraci\u00f3n de la multiculturalidad generada en Estados Unidos por la migraci\u00f3n de personas desde todas partes del mundo: la comunidad de Penn Yan, condado Yates del Estado de <a href=\"https:\/\/soymigrante.com\/revista\/joyas-mayas-migrantes-la-ofrenda-de-un-gobernante-dintel-en-el-museo-met-de-nueva-york\/\">Nueva York<\/a> invit\u00f3 al emprendedor tecnol\u00f3gico maya q&#8217;anjob&#8217;al guatemalteco&nbsp;a disertar y conversar sobre su libro Immigrant,&nbsp; traducci\u00f3n al ingl\u00e9s de su autobiograf\u00eda Migrante.<\/p>\n<p>La reuni\u00f3n fue voncoada en la biblioteca local del pueblo, pero por la cantidad de asistentes ses traslad\u00f3 a una iglesia cercana. Este pueblo es uno de los m\u00e1s antiguos de Estados Unidos, de poblaci\u00f3n predominantemente anglo pero con una apertura cultural a todas las culturas y una valoraci\u00f3n total hacia la riqueza que la migraci\u00f3n ha aportado y aporta a dicha Naci\u00f3n.&nbsp;<\/p>\n<p>El 15 de marzo \u00faltimo, Marcos Antil l<span style=\"color: var( --e-global-color-text ); text-align: var(--text-align);\">ey\u00f3 fragmentos de su libro <a href=\"https:\/\/www.amazon.com\/-\/es\/MIGRANTE-guatemalteco-emprendedor-tecnol%C3%B3gico-testimonio\/dp\/1096708566\">Migrante<\/a> y tambi\u00e9n present\u00f3, en compa\u00f1\u00eda de su hija Yanushka Luc\u00eda Antil, de 8 a\u00f1os,&nbsp; la edici\u00f3n preliminar de la versi\u00f3n infantil, una s\u00edntesis ilustrada de su relato de vida.<\/span><\/p>\t\t\t\t\t\t\t\t<\/div>\n\t\t\t\t\t<\/div>\n\t\t\t\t<\/div>\n\t\t<div data-particle_enable=\"false\" data-particle-mobile-disabled=\"false\" class=\"elementor-element elementor-element-cc2573b e-flex e-con-boxed e-con e-parent\" data-id=\"cc2573b\" data-element_type=\"container\" data-e-type=\"container\">\n\t\t\t\t\t<div class=\"e-con-inner\">\n\t\t\t\t<div class=\"elementor-element elementor-element-81d63d1 elementor-widget elementor-widget-image\" data-id=\"81d63d1\" data-element_type=\"widget\" data-e-type=\"widget\" data-widget_type=\"image.default\">\n\t\t\t\t\t\t\t\t\t\t\t\t<figure class=\"wp-caption\">\n\t\t\t\t\t\t\t\t\t\t<img fetchpriority=\"high\" decoding=\"async\" width=\"768\" height=\"452\" src=\"https:\/\/soymigrante.com\/revista\/wp-content\/uploads\/2025\/03\/libro-migrante-marcos-antil-penn-yan-NY-6-1024x603.jpg\" class=\"attachment-large size-large wp-image-29520\" alt=\"Multigeneracional de mujeres en grupo, disfrutando juntas, en un evento cultural o social, mostrando diversidad, amistad y comunidad en el contexto de la revista SoyMigrante.com REVISTA.\" srcset=\"https:\/\/soymigrante.com\/revista\/wp-content\/uploads\/2025\/03\/libro-migrante-marcos-antil-penn-yan-NY-6-1024x603.jpg 1024w, https:\/\/soymigrante.com\/revista\/wp-content\/uploads\/2025\/03\/libro-migrante-marcos-antil-penn-yan-NY-6-300x177.jpg 300w, https:\/\/soymigrante.com\/revista\/wp-content\/uploads\/2025\/03\/libro-migrante-marcos-antil-penn-yan-NY-6-768x452.jpg 768w, https:\/\/soymigrante.com\/revista\/wp-content\/uploads\/2025\/03\/libro-migrante-marcos-antil-penn-yan-NY-6-1536x905.jpg 1536w, https:\/\/soymigrante.com\/revista\/wp-content\/uploads\/2025\/03\/libro-migrante-marcos-antil-penn-yan-NY-6-750x442.webp 750w, https:\/\/soymigrante.com\/revista\/wp-content\/uploads\/2025\/03\/libro-migrante-marcos-antil-penn-yan-NY-6-1140x671.webp 1140w, https:\/\/soymigrante.com\/revista\/wp-content\/uploads\/2025\/03\/libro-migrante-marcos-antil-penn-yan-NY-6.webp 1920w\" sizes=\"(max-width: 768px) 100vw, 768px\" title=\"El encuentro con la comunidad lectora de Penn Yan, Estado de Nueva York, fue de hermandad, valoraci\u00f3n de la multiculturalidad y tambi\u00e9n motiv\u00f3 a m\u00e1s lectores locales a conocer el teestimonio de Migrante, autobiograf\u00eda de Marcos Antil, quien particip\u00f3 junto a su hija Yanushka Luc\u00eda. (Foto Penn Yan Community) \u2013 SoyMigrante.com REVISTA\" \/>\t\t\t\t\t\t\t\t\t\t\t<figcaption class=\"widget-image-caption wp-caption-text\">Mujeres de diferentes edades compartiendo un momento alegre, simbolizando uni\u00f3n y diversidad cultural, resaltando temas de migraci\u00f3n y comunidad en SoyMigrante.com REVISTA.<\/figcaption>\n\t\t\t\t\t\t\t\t\t\t<\/figure>\n\t\t\t\t\t\t\t\t\t<\/div>\n\t\t\t\t\t<\/div>\n\t\t\t\t<\/div>\n\t\t<div data-particle_enable=\"false\" data-particle-mobile-disabled=\"false\" class=\"elementor-element elementor-element-eb1c947 e-flex e-con-boxed e-con e-parent\" data-id=\"eb1c947\" data-element_type=\"container\" data-e-type=\"container\">\n\t\t\t\t\t<div class=\"e-con-inner\">\n\t\t\t\t<div class=\"elementor-element elementor-element-a6fcdb6 elementor-widget elementor-widget-heading\" data-id=\"a6fcdb6\" data-element_type=\"widget\" data-e-type=\"widget\" data-widget_type=\"heading.default\">\n\t\t\t\t\t<h3 class=\"elementor-heading-title elementor-size-default\">Una comunidad muy antigua y abierta a las culturas<\/h3>\t\t\t\t<\/div>\n\t\t\t\t\t<\/div>\n\t\t\t\t<\/div>\n\t\t<div data-particle_enable=\"false\" data-particle-mobile-disabled=\"false\" class=\"elementor-element elementor-element-989f5d0 e-flex e-con-boxed e-con e-parent\" data-id=\"989f5d0\" data-element_type=\"container\" data-e-type=\"container\">\n\t\t\t\t\t<div class=\"e-con-inner\">\n\t\t\t\t<div class=\"elementor-element elementor-element-9462965 elementor-widget elementor-widget-text-editor\" data-id=\"9462965\" data-element_type=\"widget\" data-e-type=\"widget\" data-widget_type=\"text-editor.default\">\n\t\t\t\t\t\t\t\t\t<p><span style=\"color: var( --e-global-color-text ); text-align: var(--text-align);\">\u201cPenn Yan est\u00e1 a orillas del lado Keuka, uno de los 11 \u201cFinger Lakes\u201d (lagos dedos, llamados as\u00ed por su forma alargada) del Estado de NY. Este pueblo tiene unos 5 mil habitantes y se encuentra del condado de Yates, que no supera los 25 mil habitantes&#8221;, explica Jim Crevelling, uno de los asistentes a la actividad.\u00a0<\/span><\/p><p><span style=\"color: var( --e-global-color-text ); text-align: var(--text-align);\">Penn Yan es uno de los pueblos m\u00e1s antiguos de la Uni\u00f3n Americana y su molino funciona desde 1797, aunque el pueblo se estableci\u00f3 en 1799. Es una regi\u00f3n de suelo muy f\u00e9rtil&#8221;, agrega Crevelling. Sin embargo se debe hacer notar que esta zona fue poblada por pueblos ind\u00edgenas mucho antes de la llegada de europeos a Norte Am\u00e9rica. Esta vocaci\u00f3n multicultural se refleja en una postura abierta a la migraci\u00f3n. De hecho, muchos <a href=\"https:\/\/soymigrante.com\/revista\/los-guatemaltecos-estan-acostumbrados-a-superar-condiciones-adversas-pedro-pablo-solares-experto-migratorio\/\">migrantes<\/a> laboran en granjas locales.<\/span><\/p>\t\t\t\t\t\t\t\t<\/div>\n\t\t\t\t\t<\/div>\n\t\t\t\t<\/div>\n\t\t<div data-particle_enable=\"false\" data-particle-mobile-disabled=\"false\" class=\"elementor-element elementor-element-6d5434c e-flex e-con-boxed e-con e-parent\" data-id=\"6d5434c\" data-element_type=\"container\" data-e-type=\"container\">\n\t\t\t\t\t<div class=\"e-con-inner\">\n\t\t\t\t<div class=\"elementor-element elementor-element-edd6948 elementor-widget elementor-widget-google_maps\" data-id=\"edd6948\" data-element_type=\"widget\" data-e-type=\"widget\" data-widget_type=\"google_maps.default\">\n\t\t\t\t\t\t\t<div class=\"elementor-custom-embed\">\n\t\t\t<iframe loading=\"lazy\"\n\t\t\t\t\tsrc=\"https:\/\/maps.google.com\/maps?q=Penn%20Yan&#038;t=m&#038;z=9&#038;output=embed&#038;iwloc=near\"\n\t\t\t\t\ttitle=\"Penn Yan\"\n\t\t\t\t\taria-label=\"Penn Yan\"\n\t\t\t><\/iframe>\n\t\t<\/div>\n\t\t\t\t\t\t<\/div>\n\t\t\t\t\t<\/div>\n\t\t\t\t<\/div>\n\t\t<div data-particle_enable=\"false\" data-particle-mobile-disabled=\"false\" class=\"elementor-element elementor-element-e614307 e-flex e-con-boxed e-con e-parent\" data-id=\"e614307\" data-element_type=\"container\" data-e-type=\"container\">\n\t\t\t\t\t<div class=\"e-con-inner\">\n\t\t\t\t<div class=\"elementor-element elementor-element-135a2c4 elementor-widget elementor-widget-text-editor\" data-id=\"135a2c4\" data-element_type=\"widget\" data-e-type=\"widget\" data-widget_type=\"text-editor.default\">\n\t\t\t\t\t\t\t\t\t<p>\u00a0<\/p><p>En este suelo pero tambi\u00e9n en un entorno f\u00e9rtil para la lectura, Marcos Antil comparti\u00f3 su testimonio, c\u00f3mo sali\u00f3 junto a su familia de Guatemala en 1990, escapando del conflicto armado interno. Lleg\u00f3 a <a href=\"https:\/\/soymigrante.com\/revista\/migrantes-de-los-angeles-impulsan-casas-de-la-cultura-en-el-pais\/\">Los Angeles<\/a> donde vivi\u00f3 una transformaci\u00f3n personal que le condujo hasta la industria tecnol\u00f3gica en donde lleg\u00f3 a fundar la compa\u00f1\u00eda Xumak, que trabaj\u00f3 con empresas del Fortune 500 en 26 pa\u00edses con central de operaciones en Guatemala.\u00a0<\/p>\t\t\t\t\t\t\t\t<\/div>\n\t\t\t\t\t<\/div>\n\t\t\t\t<\/div>\n\t\t<div data-particle_enable=\"false\" data-particle-mobile-disabled=\"false\" class=\"elementor-element elementor-element-02bbb8b e-flex e-con-boxed e-con e-parent\" data-id=\"02bbb8b\" data-element_type=\"container\" data-e-type=\"container\">\n\t\t\t\t\t<div class=\"e-con-inner\">\n\t\t\t\t<div class=\"elementor-element elementor-element-85686f5 elementor-widget elementor-widget-image\" data-id=\"85686f5\" data-element_type=\"widget\" data-e-type=\"widget\" data-widget_type=\"image.default\">\n\t\t\t\t\t\t\t\t\t\t\t\t<figure class=\"wp-caption\">\n\t\t\t\t\t\t\t\t\t\t<img decoding=\"async\" width=\"768\" height=\"576\" src=\"https:\/\/soymigrante.com\/revista\/wp-content\/uploads\/2025\/03\/immigrant-marcos-antil-2-1024x768.jpg\" class=\"attachment-large size-large wp-image-29521\" alt=\"Libros sobre migrantes y cultura, incluyendo &quot;Marcos Antil&quot; y &quot;Marcos Antiu&quot; en un ambiente de librer\u00eda o feria de libros, ideal para contenido sobre historias migrantes y literatura infantil y juvenil.\" srcset=\"https:\/\/soymigrante.com\/revista\/wp-content\/uploads\/2025\/03\/immigrant-marcos-antil-2-1024x768.jpg 1024w, https:\/\/soymigrante.com\/revista\/wp-content\/uploads\/2025\/03\/immigrant-marcos-antil-2-300x225.jpg 300w, https:\/\/soymigrante.com\/revista\/wp-content\/uploads\/2025\/03\/immigrant-marcos-antil-2-768x576.jpg 768w, https:\/\/soymigrante.com\/revista\/wp-content\/uploads\/2025\/03\/immigrant-marcos-antil-2-750x563.webp 750w, https:\/\/soymigrante.com\/revista\/wp-content\/uploads\/2025\/03\/immigrant-marcos-antil-2-1140x855.webp 1140w, https:\/\/soymigrante.com\/revista\/wp-content\/uploads\/2025\/03\/immigrant-marcos-antil-2.webp 1440w\" sizes=\"(max-width: 768px) 100vw, 768px\" title=\"En esta ocasi\u00f3n se convers\u00f3 sobre la autobiograf\u00eda Immigrant, traducci\u00f3n al ingl\u00e9s de Migrante, pero adem\u00e1s se ley\u00f3 la edici\u00f3n preliminar de la versi\u00f3n infantil biling\u00fce de la biograf\u00eda: Marcos y el gran sue\u00f1o. \u2013 SoyMigrante.com REVISTA\" \/>\t\t\t\t\t\t\t\t\t\t\t<figcaption class=\"widget-image-caption wp-caption-text\">Historias de migrantes y literatura infantil, con libros destacados en un espacio de librer\u00eda o feria cultural, promoviendo la lectura y el conocimiento sobre experiencias migrantes y autores latinoamericanos.<\/figcaption>\n\t\t\t\t\t\t\t\t\t\t<\/figure>\n\t\t\t\t\t\t\t\t\t<\/div>\n\t\t\t\t\t<\/div>\n\t\t\t\t<\/div>\n\t\t<div data-particle_enable=\"false\" data-particle-mobile-disabled=\"false\" class=\"elementor-element elementor-element-5c614b7 e-flex e-con-boxed e-con e-parent\" data-id=\"5c614b7\" data-element_type=\"container\" data-e-type=\"container\">\n\t\t\t\t\t<div class=\"e-con-inner\">\n\t\t\t\t<div class=\"elementor-element elementor-element-8310158 elementor-widget elementor-widget-heading\" data-id=\"8310158\" data-element_type=\"widget\" data-e-type=\"widget\" data-widget_type=\"heading.default\">\n\t\t\t\t\t<h3 class=\"elementor-heading-title elementor-size-default\">Coalici\u00f3n a favor de la migraci\u00f3n y la multiculturalidad<\/h3>\t\t\t\t<\/div>\n\t\t\t\t\t<\/div>\n\t\t\t\t<\/div>\n\t\t<div data-particle_enable=\"false\" data-particle-mobile-disabled=\"false\" class=\"elementor-element elementor-element-60916c9 e-flex e-con-boxed e-con e-parent\" data-id=\"60916c9\" data-element_type=\"container\" data-e-type=\"container\">\n\t\t\t\t\t<div class=\"e-con-inner\">\n\t\t\t\t<div class=\"elementor-element elementor-element-e78114d elementor-widget elementor-widget-text-editor\" data-id=\"e78114d\" data-element_type=\"widget\" data-e-type=\"widget\" data-widget_type=\"text-editor.default\">\n\t\t\t\t\t\t\t\t\t<p><span style=\"color: var( --e-global-color-text ); text-align: var(--text-align);\">La invitaci\u00f3n surgi\u00f3 de la Coalici\u00f3n de Acci\u00f3n de Penn Yan, un grupo comunitario creado en 2017 \u201cen respuesta al arresto y deportaci\u00f3n de un querido miembro de la comunidad\u201d, expresa Claudia Guthrie, integrante de dicho grupo.<\/span><\/p><p><span style=\"color: var( --e-global-color-text ); text-align: var(--text-align);\">\u00a0\u201cNuestra misi\u00f3n ha sido educar a la comunidad sobre los problemas y las leyes de<a href=\"https:\/\/soymigrante.com\/revista\/migrantes-guatemaltecos-asi-fortalecen-y-aportan-a-estados-unidos\/\"> inmigraci\u00f3n<\/a>. Nuestra principal actividad han sido nuestras lecturas comunitarias anuales. Comenzamos con seis personas. Actualmente, tenemos catorce miembros\u201d, agrega.\u00a0<\/span><\/p>\t\t\t\t\t\t\t\t<\/div>\n\t\t\t\t\t<\/div>\n\t\t\t\t<\/div>\n\t\t<div data-particle_enable=\"false\" data-particle-mobile-disabled=\"false\" class=\"elementor-element elementor-element-85424ab e-flex e-con-boxed e-con e-parent\" data-id=\"85424ab\" data-element_type=\"container\" data-e-type=\"container\">\n\t\t\t\t\t<div class=\"e-con-inner\">\n\t\t\t\t<div class=\"elementor-element elementor-element-3d5299d elementor-invisible elementor-widget elementor-widget-facebook-embed\" data-id=\"3d5299d\" data-element_type=\"widget\" data-e-type=\"widget\" data-settings=\"{&quot;_animation&quot;:&quot;zoomInDown&quot;}\" data-widget_type=\"facebook-embed.default\">\n\t\t\t\t\t<div style=\"min-height: 1px\" class=\"elementor-facebook-widget fb-video\" data-href=\"https:\/\/www.facebook.com\/reel\/699625235732099\" data-show-text=\"false\" data-allowfullscreen=\"false\" data-autoplay=\"false\" data-show-captions=\"false\"><\/div>\t\t\t\t<\/div>\n\t\t\t\t\t<\/div>\n\t\t\t\t<\/div>\n\t\t<div data-particle_enable=\"false\" data-particle-mobile-disabled=\"false\" class=\"elementor-element elementor-element-f1936d5 e-flex e-con-boxed e-con e-parent\" data-id=\"f1936d5\" data-element_type=\"container\" data-e-type=\"container\">\n\t\t\t\t\t<div class=\"e-con-inner\">\n\t\t\t\t<div class=\"elementor-element elementor-element-ff5774d elementor-widget elementor-widget-heading\" data-id=\"ff5774d\" data-element_type=\"widget\" data-e-type=\"widget\" data-widget_type=\"heading.default\">\n\t\t\t\t\t<h3 class=\"elementor-heading-title elementor-size-default\">\u00bfPor qu\u00e9 decidieron elegir Immigrant como lectura?<\/h3>\t\t\t\t<\/div>\n\t\t\t\t\t<\/div>\n\t\t\t\t<\/div>\n\t\t<div data-particle_enable=\"false\" data-particle-mobile-disabled=\"false\" class=\"elementor-element elementor-element-e75d633 e-flex e-con-boxed e-con e-parent\" data-id=\"e75d633\" data-element_type=\"container\" data-e-type=\"container\">\n\t\t\t\t\t<div class=\"e-con-inner\">\n\t\t\t\t<div class=\"elementor-element elementor-element-928fa06 elementor-widget elementor-widget-text-editor\" data-id=\"928fa06\" data-element_type=\"widget\" data-e-type=\"widget\" data-widget_type=\"text-editor.default\">\n\t\t\t\t\t\t\t\t\t<p><span style=\"color: var( --e-global-color-text ); text-align: var(--text-align);\">En esta comunidad lectora est\u00e1n constantemente en b\u00fasqueda de libros que expliquen, valoren y pongan de relieve el valor de los <a href=\"https:\/\/soymigrante.com\/revista\/migrantes-guatemaltecos-asi-fortalecen-y-aportan-a-estados-unidos\/\">migrantes en Estados Unidos.<\/a> Tienen una lista de lecturas en constante renovaci\u00f3n.<\/span><\/p><p><span style=\"color: var( --e-global-color-text ); text-align: var(--text-align);\">\u201cQuer\u00edamos un libro que fuera atractivo, f\u00e1cil de leer, no abrumara al lector\u2026 los temas que Marcos toc\u00f3 en el libro no solo son aplicables a los migrantes, sino a todas las personas, como el trauma infantil, la separaci\u00f3n familiar, el acoso, las pandillas, el suicidio, la pobreza, el alcoholismo, y la importancia de los sistemas de apoyo para el \u00e9xito\u201d, agrega Guthrie.<\/span><\/p><p>Immigran motiv\u00f3 pensamientos como este:\u00a0 &#8221; \u00bfQu\u00e9 tal si cada uno tuviera la oportunidad de sentarse a escuchar y escuchar la historia del otro?&#8230; Podr\u00edamos crear un mundo de paz aqu\u00ed y ahora. \u00a1Gracias Marcos por traernos tu mundo a nosotros!&#8221;, escribi\u00f3 Anne Meyer Wilber, tras la presentaci\u00f3n.<\/p><div style=\"color: #222222; font-family: Arial, Helvetica, sans-serif; font-size: small; font-style: normal; font-variant-ligatures: normal; font-variant-caps: normal; font-weight: 400;\">\u00a0<\/div>\t\t\t\t\t\t\t\t<\/div>\n\t\t\t\t\t<\/div>\n\t\t\t\t<\/div>\n\t\t<div data-particle_enable=\"false\" data-particle-mobile-disabled=\"false\" class=\"elementor-element elementor-element-07f452f e-flex e-con-boxed e-con e-parent\" data-id=\"07f452f\" data-element_type=\"container\" data-e-type=\"container\">\n\t\t\t\t\t<div class=\"e-con-inner\">\n\t\t\t\t<div class=\"elementor-element elementor-element-4bbbe2e elementor-widget elementor-widget-image\" data-id=\"4bbbe2e\" data-element_type=\"widget\" data-e-type=\"widget\" data-widget_type=\"image.default\">\n\t\t\t\t\t\t\t\t\t\t\t\t<figure class=\"wp-caption\">\n\t\t\t\t\t\t\t\t\t\t<img decoding=\"async\" width=\"733\" height=\"762\" src=\"https:\/\/soymigrante.com\/revista\/wp-content\/uploads\/2025\/03\/libro-migrante-marcos-antil-penn-yan-NY-2.webp\" class=\"attachment-large size-large wp-image-29525\" alt=\"LaSIGLA-REVISTA-SONRISA-COLEGIO-ESP-04.jpg.\" srcset=\"https:\/\/soymigrante.com\/revista\/wp-content\/uploads\/2025\/03\/libro-migrante-marcos-antil-penn-yan-NY-2.webp 733w, https:\/\/soymigrante.com\/revista\/wp-content\/uploads\/2025\/03\/libro-migrante-marcos-antil-penn-yan-NY-2-289x300.jpg 289w\" sizes=\"(max-width: 733px) 100vw, 733px\" title=\"El encuentro fue fruct\u00edfero, con muchas experiencias compartidas y amplio consenso acerca de las ventajas y aportes de la migraci\u00f3n en Estados Unidos. (Foto Penn Yan Coalition) \u2013 SoyMigrante.com REVISTA\" \/>\t\t\t\t\t\t\t\t\t\t\t<figcaption class=\"widget-image-caption wp-caption-text\">Preparando un cuento en la iglesia con un actor de habla hispana en un escenario con sillones de madera y decoraci\u00f3n cl\u00e1sica.<\/figcaption>\n\t\t\t\t\t\t\t\t\t\t<\/figure>\n\t\t\t\t\t\t\t\t\t<\/div>\n\t\t\t\t\t<\/div>\n\t\t\t\t<\/div>\n\t\t<div data-particle_enable=\"false\" data-particle-mobile-disabled=\"false\" class=\"elementor-element elementor-element-c5d2699 e-flex e-con-boxed e-con e-parent\" data-id=\"c5d2699\" data-element_type=\"container\" data-e-type=\"container\">\n\t\t\t\t\t<div class=\"e-con-inner\">\n\t\t\t\t<div class=\"elementor-element elementor-element-82a45e6 elementor-widget elementor-widget-heading\" data-id=\"82a45e6\" data-element_type=\"widget\" data-e-type=\"widget\" data-widget_type=\"heading.default\">\n\t\t\t\t\t<h3 class=\"elementor-heading-title elementor-size-default\">Reacciones positivas y confluencia de valores<\/h3>\t\t\t\t<\/div>\n\t\t\t\t\t<\/div>\n\t\t\t\t<\/div>\n\t\t<div data-particle_enable=\"false\" data-particle-mobile-disabled=\"false\" class=\"elementor-element elementor-element-0b3d98e e-flex e-con-boxed e-con e-parent\" data-id=\"0b3d98e\" data-element_type=\"container\" data-e-type=\"container\">\n\t\t\t\t\t<div class=\"e-con-inner\">\n\t\t\t\t<div class=\"elementor-element elementor-element-ae1a659 elementor-widget elementor-widget-text-editor\" data-id=\"ae1a659\" data-element_type=\"widget\" data-e-type=\"widget\" data-widget_type=\"text-editor.default\">\n\t\t\t\t\t\t\t\t\t<p><span style=\"color: var( --e-global-color-text ); text-align: var(--text-align);\">En Penn Yan tratan de tener a un autor en persona para poder conversar sobre su obra. \u201c\u00a1Marcos lo logr\u00f3! Los lectores definitivamente se conectaron con \u00e9l. Se mostr\u00f3 como una persona muy accesible, humilde, real y amorosa. Su mensaje tambi\u00e9n fue inspirador y lleno de <a href=\"https:\/\/soymigrante.com\/revista\/pablo-mazariegos-psicologo-migrante-guatemalteco\/\">esperanza<\/a>. La gente no ha dejado de hablar de \u00e9l. Estaba en una clase de ejercicios para personas mayores unos d\u00edas despu\u00e9s y muchos de los presentes tambi\u00e9n lo hab\u00edan escuchado hablar. No pod\u00edan dejar de hablar de \u00e9l y compartirlo con los dem\u00e1s. Eso es lo que queremos\u201d, refiere Guthrie.<\/span><\/p><p><span style=\"color: var( --e-global-color-text ); text-align: var(--text-align);\">Para finalizar, Mickey y Eddie Shultz dieron estas conclusiones sobre las grandes claves que Migrante y la conversaci\u00f3n con Marcos Antil inspiraron:\u00a0 &#8220;Perseverancia enmedio de la dificultad; la familia significa siempre el mejor acuerdo; y cada uno tiene una historia para contar&#8221;.<\/span><\/p>\t\t\t\t\t\t\t\t<\/div>\n\t\t\t\t\t<\/div>\n\t\t\t\t<\/div>\n\t\t<div data-particle_enable=\"false\" data-particle-mobile-disabled=\"false\" class=\"elementor-element elementor-element-d07b473 e-flex e-con-boxed e-con e-parent\" data-id=\"d07b473\" data-element_type=\"container\" data-e-type=\"container\">\n\t\t\t\t\t<div class=\"e-con-inner\">\n\t\t\t\t<div class=\"elementor-element elementor-element-0a47b13 gallery-spacing-custom elementor-widget elementor-widget-image-gallery\" data-id=\"0a47b13\" data-element_type=\"widget\" data-e-type=\"widget\" data-widget_type=\"image-gallery.default\">\n\t\t\t\t\t\t\t<div class=\"elementor-image-gallery\">\n\t\t\t<div id='gallery-1' class='gallery galleryid-29515 gallery-columns-1 gallery-size-large'><figure class='gallery-item'>\n\t\t\t<div class='gallery-icon landscape'>\n\t\t\t\t<a data-elementor-open-lightbox=\"yes\" data-elementor-lightbox-slideshow=\"0a47b13\" data-elementor-lightbox-title=\"Asistentes a la conferencia relatan que en la semana siguiente a la conferencia de Marcos Antil, detalles y lecciones de su biograf\u00eda Immigrant fueron tema de conversaci\u00f3n en diversos espacios del pueblo y aumentaron los pr\u00e9stamos del libro en la biblioteca local o la compra de ejemplares.\" data-elementor-lightbox-description=\"Personas sonriendo en una iglesia durante la presentaci\u00f3n de libros sobre inmigraci\u00f3n, rodeadas de vitrales coloridos y arquitectura religiosa, promoviendo temas migratorios y la integraci\u00f3n cultural en una atm\u00f3sfera acogedora y de reflexi\u00f3n.\" data-e-action-hash=\"#elementor-action%3Aaction%3Dlightbox%26settings%3DeyJpZCI6Mjk1MzIsInVybCI6Imh0dHBzOlwvXC9zb3ltaWdyYW50ZS5jb21cL3JldmlzdGFcL3dwLWNvbnRlbnRcL3VwbG9hZHNcLzIwMjVcLzAzXC9saWJyby1taWdyYW50ZS1tYXJjb3MtYW50aWwtcGVubi15YW4tTlktMS0xLndlYnAiLCJzbGlkZXNob3ciOiIwYTQ3YjEzIn0%3D\" href='https:\/\/soymigrante.com\/revista\/wp-content\/uploads\/2025\/03\/libro-migrante-marcos-antil-penn-yan-NY-1-1.webp'><img loading=\"lazy\" decoding=\"async\" width=\"768\" height=\"768\" src=\"https:\/\/soymigrante.com\/revista\/wp-content\/uploads\/2025\/03\/libro-migrante-marcos-antil-penn-yan-NY-1-1-1024x1024.jpg\" class=\"attachment-large size-large\" alt=\"Aut\u00e9nticos momentos en una iglesia con personas que celebran la publicaci\u00f3n de libros sobre inmigraci\u00f3n, creando conciencia y promoviendo el di\u00e1logo sobre temas migratorios en un entorno comunitario.\" aria-describedby=\"gallery-1-29532\" srcset=\"https:\/\/soymigrante.com\/revista\/wp-content\/uploads\/2025\/03\/libro-migrante-marcos-antil-penn-yan-NY-1-1-1024x1024.jpg 1024w, https:\/\/soymigrante.com\/revista\/wp-content\/uploads\/2025\/03\/libro-migrante-marcos-antil-penn-yan-NY-1-1-300x300.jpg 300w, https:\/\/soymigrante.com\/revista\/wp-content\/uploads\/2025\/03\/libro-migrante-marcos-antil-penn-yan-NY-1-1-150x150.jpg 150w, https:\/\/soymigrante.com\/revista\/wp-content\/uploads\/2025\/03\/libro-migrante-marcos-antil-penn-yan-NY-1-1-768x768.jpg 768w, https:\/\/soymigrante.com\/revista\/wp-content\/uploads\/2025\/03\/libro-migrante-marcos-antil-penn-yan-NY-1-1-75x75.webp 75w, https:\/\/soymigrante.com\/revista\/wp-content\/uploads\/2025\/03\/libro-migrante-marcos-antil-penn-yan-NY-1-1-750x750.webp 750w, https:\/\/soymigrante.com\/revista\/wp-content\/uploads\/2025\/03\/libro-migrante-marcos-antil-penn-yan-NY-1-1-1140x1140.webp 1140w, https:\/\/soymigrante.com\/revista\/wp-content\/uploads\/2025\/03\/libro-migrante-marcos-antil-penn-yan-NY-1-1.webp 1200w\" sizes=\"(max-width: 768px) 100vw, 768px\" title=\"Asistentes a la conferencia relatan que en la semana siguiente a la conferencia de Marcos Antil, detalles y lecciones de su biograf\u00eda Immigrant fueron tema de conversaci\u00f3n en diversos espacios del pueblo y aumentaron los pr\u00e9stamos del libro en la biblioteca local o la compra de ejemplares. \u2013 SoyMigrante.com REVISTA\" \/><\/a>\n\t\t\t<\/div>\n\t\t\t\t<figcaption class='wp-caption-text gallery-caption' id='gallery-1-29532'>\n\t\t\t\tAsistentes a la conferencia relatan que en la semana siguiente a la conferencia de Marcos Antil, detalles y lecciones de su biograf\u00eda Immigrant fueron tema de conversaci\u00f3n en diversos espacios del pueblo y aumentaron los pr\u00e9stamos del libro en la biblioteca local o la compra de ejemplares.\n\t\t\t\t<\/figcaption><\/figure><figure class='gallery-item'>\n\t\t\t<div class='gallery-icon portrait'>\n\t\t\t\t<a data-elementor-open-lightbox=\"yes\" data-elementor-lightbox-slideshow=\"0a47b13\" data-elementor-lightbox-title=\"El emprendedor digital Marcos Antil respondi\u00f3 a las preguntas sobre su familia, las circunstancias decisivas que marcaron su camino  en la tecnolog\u00eda y las claves para mantener la identidad a pesar de la migraci\u00f3n.\" data-elementor-lightbox-description=\"Un hombre participando en un evento comunitario en una iglesia con vitrales coloridos, rodeado de ni\u00f1os y adultos, en un ambiente de celebraci\u00f3n y cultura migrante, mostrando compromiso y participaci\u00f3n social.\" data-e-action-hash=\"#elementor-action%3Aaction%3Dlightbox%26settings%3DeyJpZCI6Mjk1MzUsInVybCI6Imh0dHBzOlwvXC9zb3ltaWdyYW50ZS5jb21cL3JldmlzdGFcL3dwLWNvbnRlbnRcL3VwbG9hZHNcLzIwMjVcLzAzXC9saWJyby1taWdyYW50ZS1tYXJjb3MtYW50aWwtcGVubi15YW4tTlktNS53ZWJwIiwic2xpZGVzaG93IjoiMGE0N2IxMyJ9\" href='https:\/\/soymigrante.com\/revista\/wp-content\/uploads\/2025\/03\/libro-migrante-marcos-antil-penn-yan-NY-5.webp'><img loading=\"lazy\" decoding=\"async\" width=\"480\" height=\"640\" src=\"https:\/\/soymigrante.com\/revista\/wp-content\/uploads\/2025\/03\/libro-migrante-marcos-antil-penn-yan-NY-5.webp\" class=\"attachment-large size-large\" alt=\"Un hombre en una iglesia con vitrales coloridos, participando en un evento comunitario, vistiendo ropa casual, rodeado de ni\u00f1os y adultos, en un ambiente de reuni\u00f3n y celebraci\u00f3n.\" aria-describedby=\"gallery-1-29535\" srcset=\"https:\/\/soymigrante.com\/revista\/wp-content\/uploads\/2025\/03\/libro-migrante-marcos-antil-penn-yan-NY-5.webp 480w, https:\/\/soymigrante.com\/revista\/wp-content\/uploads\/2025\/03\/libro-migrante-marcos-antil-penn-yan-NY-5-225x300.jpg 225w\" sizes=\"(max-width: 480px) 100vw, 480px\" title=\"El emprendedor digital Marcos Antil respondi\u00f3 a las preguntas sobre su familia, las circunstancias decisivas que marcaron su camino  en la tecnolog\u00eda y las claves para mantener la identidad a pesar de la migraci\u00f3n. \u2013 SoyMigrante.com REVISTA\" \/><\/a>\n\t\t\t<\/div>\n\t\t\t\t<figcaption class='wp-caption-text gallery-caption' id='gallery-1-29535'>\n\t\t\t\tImagen de un hombre hablando en una iglesia durante un evento comunitario, con vitrales en el fondo, rodeado de ni\u00f1os y adultos, en un ambiente de reuni\u00f3n, celebraci\u00f3n y cultura migrante.\n\t\t\t\t<\/figcaption><\/figure><figure class='gallery-item'>\n\t\t\t<div class='gallery-icon portrait'>\n\t\t\t\t<a data-elementor-open-lightbox=\"yes\" data-elementor-lightbox-slideshow=\"0a47b13\" data-elementor-lightbox-title=\"La firma de aut\u00f3grafos se extendi\u00f3 con nuevas conversaciones en un encuentro de historias y culturas.\" data-elementor-lightbox-description=\"Imagen de una interacci\u00f3n entre una mujer mayor y un joven en una iglesia, simbolizando el apoyo y la comunidad migrante, en un ambiente con vitrales y decoraciones religiosas.\" data-e-action-hash=\"#elementor-action%3Aaction%3Dlightbox%26settings%3DeyJpZCI6Mjk1MzQsInVybCI6Imh0dHBzOlwvXC9zb3ltaWdyYW50ZS5jb21cL3JldmlzdGFcL3dwLWNvbnRlbnRcL3VwbG9hZHNcLzIwMjVcLzAzXC9saWJyby1taWdyYW50ZS1tYXJjb3MtYW50aWwtcGVubi15YW4tTlktNC53ZWJwIiwic2xpZGVzaG93IjoiMGE0N2IxMyJ9\" href='https:\/\/soymigrante.com\/revista\/wp-content\/uploads\/2025\/03\/libro-migrante-marcos-antil-penn-yan-NY-4.webp'><img loading=\"lazy\" decoding=\"async\" width=\"600\" height=\"800\" src=\"https:\/\/soymigrante.com\/revista\/wp-content\/uploads\/2025\/03\/libro-migrante-marcos-antil-penn-yan-NY-4.webp\" class=\"attachment-large size-large\" alt=\"Familia inmigrante conversando en una iglesia, intercambiando experiencias y apoyo dentro de la comunidad migrante, en un ambiente acogedor y religioso.\" aria-describedby=\"gallery-1-29534\" srcset=\"https:\/\/soymigrante.com\/revista\/wp-content\/uploads\/2025\/03\/libro-migrante-marcos-antil-penn-yan-NY-4.webp 600w, https:\/\/soymigrante.com\/revista\/wp-content\/uploads\/2025\/03\/libro-migrante-marcos-antil-penn-yan-NY-4-225x300.jpg 225w\" sizes=\"(max-width: 600px) 100vw, 600px\" title=\"La firma de aut\u00f3grafos se extendi\u00f3 con nuevas conversaciones en un encuentro de historias y culturas. \u2013 SoyMigrante.com REVISTA\" \/><\/a>\n\t\t\t<\/div>\n\t\t\t\t<figcaption class='wp-caption-text gallery-caption' id='gallery-1-29534'>\n\t\t\t\tFoto de una mujer mayor y un joven en un entorno religioso intercambiando informaci\u00f3n o apoyo en una iglesia cat\u00f3lica.\n\t\t\t\t<\/figcaption><\/figure><figure class='gallery-item'>\n\t\t\t<div class='gallery-icon landscape'>\n\t\t\t\t<a data-elementor-open-lightbox=\"yes\" data-elementor-lightbox-slideshow=\"0a47b13\" data-elementor-lightbox-title=\"Migrante figura dentro de las lecturas del a\u00f1os 2025 en la Biblioteca y la Coalici\u00f3n de Penn Yan\" data-elementor-lightbox-description=\"Libros sobre inmigraci\u00f3n, derechos humanos y experiencias de inmigrantes en un puesto de lectura cultural, promoviendo el conocimiento y la integraci\u00f3n.\" data-e-action-hash=\"#elementor-action%3Aaction%3Dlightbox%26settings%3DeyJpZCI6Mjk1MzMsInVybCI6Imh0dHBzOlwvXC9zb3ltaWdyYW50ZS5jb21cL3JldmlzdGFcL3dwLWNvbnRlbnRcL3VwbG9hZHNcLzIwMjVcLzAzXC9pbW1pZ3JhbnQtbWFyY29zLWFudGlsLTEud2VicCIsInNsaWRlc2hvdyI6IjBhNDdiMTMifQ%3D%3D\" href='https:\/\/soymigrante.com\/revista\/wp-content\/uploads\/2025\/03\/immigrant-marcos-antil-1.webp'><img loading=\"lazy\" decoding=\"async\" width=\"768\" height=\"576\" src=\"https:\/\/soymigrante.com\/revista\/wp-content\/uploads\/2025\/03\/immigrant-marcos-antil-1-1024x768.jpg\" class=\"attachment-large size-large\" alt=\"Pasaporte y libros sobre inmigraci\u00f3n y derechos de los inmigrantes en un puesto de lectura en la comunidad.\" aria-describedby=\"gallery-1-29533\" srcset=\"https:\/\/soymigrante.com\/revista\/wp-content\/uploads\/2025\/03\/immigrant-marcos-antil-1-1024x768.jpg 1024w, https:\/\/soymigrante.com\/revista\/wp-content\/uploads\/2025\/03\/immigrant-marcos-antil-1-300x225.jpg 300w, https:\/\/soymigrante.com\/revista\/wp-content\/uploads\/2025\/03\/immigrant-marcos-antil-1-768x576.jpg 768w, https:\/\/soymigrante.com\/revista\/wp-content\/uploads\/2025\/03\/immigrant-marcos-antil-1-750x563.webp 750w, https:\/\/soymigrante.com\/revista\/wp-content\/uploads\/2025\/03\/immigrant-marcos-antil-1-1140x855.webp 1140w, https:\/\/soymigrante.com\/revista\/wp-content\/uploads\/2025\/03\/immigrant-marcos-antil-1.webp 1440w\" sizes=\"(max-width: 768px) 100vw, 768px\" title=\"Migrante figura dentro de las lecturas del a\u00f1os 2025 en la Biblioteca y la Coalici\u00f3n de Penn Yan \u2013 SoyMigrante.com REVISTA\" \/><\/a>\n\t\t\t<\/div>\n\t\t\t\t<figcaption class='wp-caption-text gallery-caption' id='gallery-1-29533'>\n\t\t\t\tMesa con libros de inmigraci\u00f3n, derechos y experiencias de inmigrantes en evento cultural.\n\t\t\t\t<\/figcaption><\/figure>\n\t\t<\/div>\n\t\t<\/div>\n\t\t\t\t\t\t<\/div>\n\t\t\t\t\t<\/div>\n\t\t\t\t<\/div>\n\t\t<div data-particle_enable=\"false\" data-particle-mobile-disabled=\"false\" class=\"elementor-element elementor-element-e3f275f e-flex e-con-boxed e-con e-parent\" data-id=\"e3f275f\" data-element_type=\"container\" data-e-type=\"container\">\n\t\t\t\t\t<div class=\"e-con-inner\">\n\t\t\t\t<div class=\"elementor-element elementor-element-a6736cf elementor-widget elementor-widget-heading\" data-id=\"a6736cf\" data-element_type=\"widget\" data-e-type=\"widget\" data-widget_type=\"heading.default\">\n\t\t\t\t\t<h2 class=\"elementor-heading-title elementor-size-default\">El aporte migrante guatemalteco en Estados Unidos es concreto y positivo<\/h2>\t\t\t\t<\/div>\n\t\t\t\t\t<\/div>\n\t\t\t\t<\/div>\n\t\t<div data-particle_enable=\"false\" data-particle-mobile-disabled=\"false\" class=\"elementor-element elementor-element-bbed3ac e-flex e-con-boxed e-con e-parent\" data-id=\"bbed3ac\" data-element_type=\"container\" data-e-type=\"container\">\n\t\t\t\t\t<div class=\"e-con-inner\">\n\t\t\t\t<div class=\"elementor-element elementor-element-526bbed elementor-grid-eael-col-3 elementor-grid-tablet-eael-col-2 elementor-grid-mobile-eael-col-1 elementor-widget elementor-widget-eael-post-grid\" data-id=\"526bbed\" data-element_type=\"widget\" data-e-type=\"widget\" data-settings=\"{&quot;eael_post_grid_columns&quot;:&quot;eael-col-3&quot;,&quot;eael_post_grid_columns_tablet&quot;:&quot;eael-col-2&quot;,&quot;eael_post_grid_columns_mobile&quot;:&quot;eael-col-1&quot;}\" data-widget_type=\"eael-post-grid.default\">\n\t\t\t\t\t<div id=\"eael-post-grid-526bbed\" class=\"eael-post-grid-container\">\n            <div class=\"eael-post-grid eael-post-appender eael-post-appender-526bbed eael-post-grid-style-one\" data-layout-mode=\"masonry\"><article class=\"eael-grid-post  eael-post-grid-column eael-pg-post-16900 category-exitos\" data-id=\"16900\">\n        <div class=\"eael-grid-post-holder\">\n            <div class=\"eael-grid-post-holder-inner\"><div class=\"eael-entry-media\"><div class=\"eael-entry-overlay fade-in\"><i class=\"far fa-hand-pointer\" aria-hidden=\"true\"><\/i><a href=\"https:\/\/soymigrante.com\/revista\/karolin-espana-dirige-kika-proyecto-de-ayuda-alimentaria-impulsado-por-sus-hijas\/\"><\/a><\/div><div class=\"eael-entry-thumbnail \">\n                <img loading=\"lazy\" decoding=\"async\" width=\"861\" height=\"861\" src=\"https:\/\/soymigrante.com\/revista\/wp-content\/uploads\/2024\/12\/historia-karolin-espana-KIKA.webp\" class=\"attachment-large size-large wp-image-16901\" alt=\"Ni\u00f1a en desfile cultural participando en evento de apoyo a la infancia y la nutrici\u00f3n en M\u00e9xico, con grupo de personas en vestimenta tradicional y cartel de organizaci\u00f3n KIKA, promoviendo derechos infantiles.\" srcset=\"https:\/\/soymigrante.com\/revista\/wp-content\/uploads\/2024\/12\/historia-karolin-espana-KIKA.webp 861w, https:\/\/soymigrante.com\/revista\/wp-content\/uploads\/2024\/12\/historia-karolin-espana-KIKA-300x300.jpg 300w, https:\/\/soymigrante.com\/revista\/wp-content\/uploads\/2024\/12\/historia-karolin-espana-KIKA-150x150.jpg 150w, https:\/\/soymigrante.com\/revista\/wp-content\/uploads\/2024\/12\/historia-karolin-espana-KIKA-768x768.jpg 768w, https:\/\/soymigrante.com\/revista\/wp-content\/uploads\/2024\/12\/historia-karolin-espana-KIKA-75x75.webp 75w, https:\/\/soymigrante.com\/revista\/wp-content\/uploads\/2024\/12\/historia-karolin-espana-KIKA-750x750.webp 750w\" sizes=\"(max-width: 861px) 100vw, 861px\" \/>\n            <\/div>\n        <\/div><div class=\"eael-entry-wrapper\"><header class=\"eael-entry-header\"><h2 class=\"eael-entry-title\"><a class=\"eael-grid-post-link\" href=\"https:\/\/soymigrante.com\/revista\/karolin-espana-dirige-kika-proyecto-de-ayuda-alimentaria-impulsado-por-sus-hijas\/\" title=\"Karolin Rasc\u00f3n dirige KIKA, iniciativa de ayuda alimentaria desde L.A. a Guatemala, inspirada por sus hijas Kiara y Kaili\">Karolin Rasc\u00f3n dirige KIKA, iniciativa de ayuda alimentaria desde L.A. a Guatemala, inspirada por sus hijas Kiara y Kaili<\/a><\/h2><\/header><div class=\"eael-entry-content\">\n                        <div class=\"eael-grid-post-excerpt\"><a href=\"https:\/\/soymigrante.com\/revista\/karolin-espana-dirige-kika-proyecto-de-ayuda-alimentaria-impulsado-por-sus-hijas\/\" class=\"eael-post-elements-readmore-btn\">CONOCE SU HISTORIA <\/a><\/div>\n                    <\/div><\/div><\/div>\n        <\/div>\n    <\/article><article class=\"eael-grid-post  eael-post-grid-column eael-pg-post-7769 category-estamos-unidos\" data-id=\"7769\">\n        <div class=\"eael-grid-post-holder\">\n            <div class=\"eael-grid-post-holder-inner\"><div class=\"eael-entry-media\"><div class=\"eael-entry-overlay fade-in\"><i class=\"far fa-hand-pointer\" aria-hidden=\"true\"><\/i><a href=\"https:\/\/soymigrante.com\/revista\/migrantes-indocumentados-aportan-us100-mil-millones-en-impuestos-a-estados-unidos\/\"><\/a><\/div><div class=\"eael-entry-thumbnail \">\n                <img loading=\"lazy\" decoding=\"async\" width=\"681\" height=\"681\" src=\"https:\/\/soymigrante.com\/revista\/wp-content\/uploads\/2024\/08\/aporte-migrante-en-impuestos-en-estados-unidos-2.webp\" class=\"attachment-large size-large wp-image-7775\" alt=\"Reparador de ventanas en altura en un edificio de vidrio, realizando mantenimiento exterior con equipo de seguridad en un rascacielos, en un contexto urbano y empresarial.\" srcset=\"https:\/\/soymigrante.com\/revista\/wp-content\/uploads\/2024\/08\/aporte-migrante-en-impuestos-en-estados-unidos-2.webp 681w, https:\/\/soymigrante.com\/revista\/wp-content\/uploads\/2024\/08\/aporte-migrante-en-impuestos-en-estados-unidos-2-300x300.webp 300w, https:\/\/soymigrante.com\/revista\/wp-content\/uploads\/2024\/08\/aporte-migrante-en-impuestos-en-estados-unidos-2-150x150.webp 150w, https:\/\/soymigrante.com\/revista\/wp-content\/uploads\/2024\/08\/aporte-migrante-en-impuestos-en-estados-unidos-2-75x75.webp 75w\" sizes=\"(max-width: 681px) 100vw, 681px\" \/>\n            <\/div>\n        <\/div><div class=\"eael-entry-wrapper\"><header class=\"eael-entry-header\"><h2 class=\"eael-entry-title\"><a class=\"eael-grid-post-link\" href=\"https:\/\/soymigrante.com\/revista\/migrantes-indocumentados-aportan-us100-mil-millones-en-impuestos-a-estados-unidos\/\" title=\"Migrantes indocumentados aportan US$96 mil millones en impuestos a Estados Unidos\">Migrantes indocumentados aportan US$96 mil millones en impuestos a Estados Unidos<\/a><\/h2><\/header><div class=\"eael-entry-content\">\n                        <div class=\"eael-grid-post-excerpt\"><a href=\"https:\/\/soymigrante.com\/revista\/migrantes-indocumentados-aportan-us100-mil-millones-en-impuestos-a-estados-unidos\/\" class=\"eael-post-elements-readmore-btn\">CONOCE SU HISTORIA <\/a><\/div>\n                    <\/div><\/div><\/div>\n        <\/div>\n    <\/article><article class=\"eael-grid-post  eael-post-grid-column eael-pg-post-3381 category-exitos\" data-id=\"3381\">\n        <div class=\"eael-grid-post-holder\">\n            <div class=\"eael-grid-post-holder-inner\"><div class=\"eael-entry-media\"><div class=\"eael-entry-overlay fade-in\"><i class=\"far fa-hand-pointer\" aria-hidden=\"true\"><\/i><a href=\"https:\/\/soymigrante.com\/revista\/migrante-fredy-hernandez-impulsa-musica-arte-y-shukos-gourmet\/\"><\/a><\/div><div class=\"eael-entry-thumbnail \">\n                <img loading=\"lazy\" decoding=\"async\" width=\"1024\" height=\"977\" src=\"https:\/\/soymigrante.com\/revista\/wp-content\/uploads\/2023\/11\/fredo-2-1024x977.webp\" class=\"attachment-large size-large wp-image-3393\" alt=\"\" srcset=\"https:\/\/soymigrante.com\/revista\/wp-content\/uploads\/2023\/11\/fredo-2-1024x977.webp 1024w, https:\/\/soymigrante.com\/revista\/wp-content\/uploads\/2023\/11\/fredo-2-300x286.webp 300w, https:\/\/soymigrante.com\/revista\/wp-content\/uploads\/2023\/11\/fredo-2-768x733.webp 768w, https:\/\/soymigrante.com\/revista\/wp-content\/uploads\/2023\/11\/fredo-2-750x716.webp 750w, https:\/\/soymigrante.com\/revista\/wp-content\/uploads\/2023\/11\/fredo-2-1140x1088.webp 1140w, https:\/\/soymigrante.com\/revista\/wp-content\/uploads\/2023\/11\/fredo-2.webp 1425w\" sizes=\"(max-width: 1024px) 100vw, 1024px\" \/>\n            <\/div>\n        <\/div><div class=\"eael-entry-wrapper\"><header class=\"eael-entry-header\"><h2 class=\"eael-entry-title\"><a class=\"eael-grid-post-link\" href=\"https:\/\/soymigrante.com\/revista\/migrante-fredy-hernandez-impulsa-musica-arte-y-shukos-gourmet\/\" title=\"Migrante Fredy Hern\u00e1ndez impulsa m\u00fasica, arte y shukos gourmet\">Migrante Fredy Hern\u00e1ndez impulsa m\u00fasica, arte y shukos gourmet<\/a><\/h2><\/header><div class=\"eael-entry-content\">\n                        <div class=\"eael-grid-post-excerpt\"><a href=\"https:\/\/soymigrante.com\/revista\/migrante-fredy-hernandez-impulsa-musica-arte-y-shukos-gourmet\/\" class=\"eael-post-elements-readmore-btn\">CONOCE SU HISTORIA <\/a><\/div>\n                    <\/div><\/div><\/div>\n        <\/div>\n    <\/article><\/div>\n            <div class=\"clearfix\"><\/div>\n        <\/div>\t\t\t\t<\/div>\n\t\t\t\t\t<\/div>\n\t\t\t\t<\/div>\n\t\t\t\t<\/div>\n\t\t","protected":false},"excerpt":{"rendered":"<p>El emprendedor tecnol\u00f3gico Marcos Antil convers\u00f3 con la comunidad de lectura de Penn Yan, NY, acerca de Immigrant, traducci\u00f3n al ingl\u00e9s de Migrante, libro autobiogr\u00e1fico, en la biblioteca local. Fue un encuentro muy positivo e inspirador. Un encuentro de amistad, vivencias y valoraci\u00f3n de la multiculturalidad generada en Estados Unidos por la migraci\u00f3n de personas [&hellip;]<\/p>\n","protected":false},"author":7,"featured_media":29516,"comment_status":"open","ping_status":"open","sticky":false,"template":"","format":"standard","meta":{"_acf_changed":false,"_eb_attr":"","footnotes":""},"categories":[54],"tags":[],"class_list":["post-29515","post","type-post","status-publish","format-standard","has-post-thumbnail","hentry","category-estamos-unidos"],"acf":[],"aioseo_notices":[],"aioseo_head":"\n\t\t<!-- All in One SEO Pro 4.9.6.2 - aioseo.com -->\n\t<meta name=\"description\" content=\"&quot;Guatemala me ha dado todo&quot; expresa el migrante Fredy Hern\u00e1ndez, originario de Escuintla y residente en Massachussets, cuyos panes con creativos ingredientes se abren paso en el gusto de lugare\u00f1os y visitantes. &quot;Casi soy migrante de nacimiento&quot; S\u00ed, Fredy Hern\u00e1ndez se considera pr\u00e1cticamente un migrante de nacimiento. Su pap\u00e1 era de Santa Cruz del Quich\u00e9 y\" \/>\n\t<meta name=\"robots\" content=\"max-snippet:-1, max-image-preview:large, max-video-preview:-1\" \/>\n\t<meta name=\"author\" content=\"Gustavo Montenegro\"\/>\n\t<link rel=\"canonical\" href=\"https:\/\/soymigrante.com\/revista\/asi-fue-la-presentacion-del-libro-immigrant-de-marcos-antil-en-la-biblioteca-de-penn-yan-ny\/\" \/>\n\t<meta name=\"generator\" content=\"All in One SEO Pro (AIOSEO) 4.9.6.2\" \/>\n\n\t\t<link rel=\"preconnect\" href=\"https:\/\/fonts.googleapis.com\" crossorigin>\n<link rel=\"preconnect\" href=\"https:\/\/fonts.gstatic.com\" crossorigin>\n\t\t<meta property=\"og:locale\" content=\"es_ES\" \/>\n\t\t<meta property=\"og:site_name\" content=\"SoyMigrante.com REVISTA \u2013 Nuestra misi\u00f3n es reconocer y dignificar al migrante.\" \/>\n\t\t<meta property=\"og:type\" content=\"article\" \/>\n\t\t<meta property=\"og:title\" content=\"Marcos Antil presenta Immigrant en Penn Yan Nueva York\" \/>\n\t\t<meta property=\"og:description\" content=\"Emprendedor digital maya convers\u00f3 sobre su libro Immigrant traducci\u00f3n al ingl\u00e9s de Migrante, en la biblioteca de Penn Yan, Nueva York. As\u00ed ocurri\u00f3.\" \/>\n\t\t<meta property=\"og:url\" content=\"https:\/\/soymigrante.com\/revista\/asi-fue-la-presentacion-del-libro-immigrant-de-marcos-antil-en-la-biblioteca-de-penn-yan-ny\/\" \/>\n\t\t<meta property=\"og:image\" content=\"https:\/\/soymigrante.com\/revista\/wp-content\/uploads\/2025\/03\/libro-migrante-marcos-antil-penn-yan-NY-1.webp\" \/>\n\t\t<meta property=\"og:image:secure_url\" content=\"https:\/\/soymigrante.com\/revista\/wp-content\/uploads\/2025\/03\/libro-migrante-marcos-antil-penn-yan-NY-1.webp\" \/>\n\t\t<meta property=\"og:image:width\" content=\"1200\" \/>\n\t\t<meta property=\"og:image:height\" content=\"1200\" \/>\n\t\t<meta property=\"article:published_time\" content=\"2025-02-28T18:10:29+00:00\" \/>\n\t\t<meta property=\"article:modified_time\" content=\"2025-04-17T11:08:20+00:00\" \/>\n\t\t<meta property=\"article:publisher\" content=\"https:\/\/www.facebook.com\/soymigrantecom\" \/>\n\t\t<meta name=\"twitter:card\" content=\"summary_large_image\" \/>\n\t\t<meta name=\"twitter:site\" content=\"@SoyMigrante_com\" \/>\n\t\t<meta name=\"twitter:title\" content=\"Marcos Antil presenta Immigrant en Penn Yan Nueva York\" \/>\n\t\t<meta name=\"twitter:description\" content=\"Emprendedor digital maya convers\u00f3 sobre su libro Immigrant traducci\u00f3n al ingl\u00e9s de Migrante, en la biblioteca de Penn Yan, Nueva York. As\u00ed ocurri\u00f3.\" \/>\n\t\t<meta name=\"twitter:creator\" content=\"@SoyMigrante_com\" \/>\n\t\t<meta name=\"twitter:image\" content=\"https:\/\/soymigrante.com\/revista\/wp-content\/uploads\/2025\/03\/libro-migrante-marcos-antil-penn-yan-NY-1.webp\" \/>\n\t\t<!-- All in One SEO Pro -->\r\n\t\t<title>Marcos Antil presenta Immigrant en Penn Yan Nueva York<\/title>\n\n","aioseo_head_json":{"title":"Marcos Antil presenta Immigrant en Penn Yan Nueva York","description":"Emprendedor digital maya convers\u00f3 sobre su libro Immigrant traducci\u00f3n al ingl\u00e9s de Migrante, en la biblioteca de Penn Yan, Nueva York. As\u00ed ocurri\u00f3.","canonical_url":"https:\/\/soymigrante.com\/revista\/asi-fue-la-presentacion-del-libro-immigrant-de-marcos-antil-en-la-biblioteca-de-penn-yan-ny\/","robots":"max-snippet:-1, max-image-preview:large, max-video-preview:-1","keywords":"","webmasterTools":{"miscellaneous":"&lt;link rel=\"preconnect\" href=\"https:\/\/fonts.googleapis.com\" crossorigin&gt;\n&lt;link rel=\"preconnect\" href=\"https:\/\/fonts.gstatic.com\" crossorigin&gt;"},"schema":null,"og:locale":"es_ES","og:site_name":"SoyMigrante.com REVISTA \u2013 Nuestra misi\u00f3n es reconocer y dignificar al migrante.","og:type":"article","og:title":"Marcos Antil presenta Immigrant en Penn Yan Nueva York","og:description":"Emprendedor digital maya convers\u00f3 sobre su libro Immigrant traducci\u00f3n al ingl\u00e9s de Migrante, en la biblioteca de Penn Yan, Nueva York. As\u00ed ocurri\u00f3.","og:url":"https:\/\/soymigrante.com\/revista\/asi-fue-la-presentacion-del-libro-immigrant-de-marcos-antil-en-la-biblioteca-de-penn-yan-ny\/","og:image":"https:\/\/soymigrante.com\/revista\/wp-content\/uploads\/2025\/03\/libro-migrante-marcos-antil-penn-yan-NY-1.webp","og:image:secure_url":"https:\/\/soymigrante.com\/revista\/wp-content\/uploads\/2025\/03\/libro-migrante-marcos-antil-penn-yan-NY-1.webp","og:image:width":1200,"og:image:height":1200,"article:published_time":"2025-02-28T18:10:29+00:00","article:modified_time":"2025-04-17T11:08:20+00:00","article:publisher":"https:\/\/www.facebook.com\/soymigrantecom","twitter:card":"summary_large_image","twitter:site":"@SoyMigrante_com","twitter:title":"Marcos Antil presenta Immigrant en Penn Yan Nueva York","twitter:description":"Emprendedor digital maya convers\u00f3 sobre su libro Immigrant traducci\u00f3n al ingl\u00e9s de Migrante, en la biblioteca de Penn Yan, Nueva York. As\u00ed ocurri\u00f3.","twitter:creator":"@SoyMigrante_com","twitter:image":"https:\/\/soymigrante.com\/revista\/wp-content\/uploads\/2025\/03\/libro-migrante-marcos-antil-penn-yan-NY-1.webp"},"aioseo_meta_data":{"post_id":"29515","title":"Marcos Antil presenta Immigrant en Penn Yan Nueva York","description":"Emprendedor digital maya convers\u00f3 sobre su libro Immigrant traducci\u00f3n al ingl\u00e9s de Migrante, en la biblioteca de Penn Yan, Nueva York. As\u00ed ocurri\u00f3.","keywords":null,"keyphrases":{"focus":{"keyphrase":"Marcos Antil","score":81,"analysis":{"keyphraseInTitle":{"score":9,"maxScore":9,"error":0},"keyphraseInDescription":{"score":3,"maxScore":9,"error":1},"keyphraseLength":{"score":9,"maxScore":9,"error":0,"length":2},"keyphraseInURL":{"score":5,"maxScore":5,"error":0}}},"additional":[{"keyphrase":"Migrante","score":100,"analysis":{"keyphraseInDescription":{"score":9,"maxScore":9,"error":0},"keyphraseLength":{"score":9,"maxScore":9,"error":0,"length":1}}},{"keyphrase":"Immigrant","score":100,"analysis":{"keyphraseInDescription":{"score":9,"maxScore":9,"error":0},"keyphraseLength":{"score":9,"maxScore":9,"error":0,"length":1}}},{"keyphrase":"New York","score":67,"analysis":{"keyphraseInDescription":{"score":3,"maxScore":9,"error":1},"keyphraseLength":{"score":9,"maxScore":9,"error":0,"length":2}}}]},"primary_term":null,"canonical_url":null,"og_title":null,"og_description":null,"og_object_type":"default","og_image_type":"default","og_image_url":null,"og_image_width":null,"og_image_height":null,"og_image_custom_url":null,"og_image_custom_fields":null,"og_video":"","og_custom_url":null,"og_article_section":null,"og_article_tags":null,"twitter_use_og":false,"twitter_card":"default","twitter_image_type":"default","twitter_image_url":null,"twitter_image_custom_url":null,"twitter_image_custom_fields":null,"twitter_title":null,"twitter_description":null,"schema":{"blockGraphs":[],"customGraphs":[],"default":{"data":{"Article":[],"Course":[],"Dataset":[],"FAQPage":[],"Movie":[],"Person":[],"Product":[],"ProductReview":[],"Car":[],"Recipe":[],"Service":[],"SoftwareApplication":[],"WebPage":[]},"graphName":"BlogPosting","isEnabled":true},"graphs":[]},"schema_type":"default","schema_type_options":null,"pillar_content":false,"robots_default":true,"robots_noindex":false,"robots_noarchive":false,"robots_nosnippet":false,"robots_nofollow":false,"robots_noimageindex":false,"robots_noodp":false,"robots_notranslate":false,"robots_max_snippet":"-1","robots_max_videopreview":"-1","robots_max_imagepreview":"large","priority":null,"frequency":"default","local_seo":null,"seo_analyzer_scan_date":"2025-10-09 03:04:03","breadcrumb_settings":null,"limit_modified_date":false,"reviewed_by":null,"open_ai":"{\"title\":{\"suggestions\":[],\"usage\":0},\"description\":{\"suggestions\":[],\"usage\":0}}","ai":null,"created":"2025-03-28 16:20:34","updated":"2026-02-04 21:54:39"},"aioseo_breadcrumb":"<div class=\"aioseo-breadcrumbs\"><span class=\"aioseo-breadcrumb\">\n\t<a href=\"https:\/\/soymigrante.com\/revista\" title=\"Home\">Home<\/a>\n<\/span><span class=\"aioseo-breadcrumb-separator\">\u00bb<\/span><span class=\"aioseo-breadcrumb\">\n\t<a href=\"https:\/\/soymigrante.com\/revista\/category\/estamos-unidos\/\" title=\"Estamos Unidos\">Estamos Unidos<\/a>\n<\/span><span class=\"aioseo-breadcrumb-separator\">\u00bb<\/span><span class=\"aioseo-breadcrumb\">\n\tAs\u00ed fue la presentaci\u00f3n del libro Immigrant de Marcos Antil en la biblioteca de Penn Yan, NY\n<\/span><\/div>","aioseo_breadcrumb_json":[{"label":"Home","link":"https:\/\/soymigrante.com\/revista"},{"label":"Estamos Unidos","link":"https:\/\/soymigrante.com\/revista\/category\/estamos-unidos\/"},{"label":"As\u00ed fue la presentaci\u00f3n del libro Immigrant de Marcos Antil en la biblioteca de Penn Yan, NY","link":"https:\/\/soymigrante.com\/revista\/asi-fue-la-presentacion-del-libro-immigrant-de-marcos-antil-en-la-biblioteca-de-penn-yan-ny\/"}],"_links":{"self":[{"href":"https:\/\/soymigrante.com\/revista\/wp-json\/wp\/v2\/posts\/29515","targetHints":{"allow":["GET"]}}],"collection":[{"href":"https:\/\/soymigrante.com\/revista\/wp-json\/wp\/v2\/posts"}],"about":[{"href":"https:\/\/soymigrante.com\/revista\/wp-json\/wp\/v2\/types\/post"}],"author":[{"embeddable":true,"href":"https:\/\/soymigrante.com\/revista\/wp-json\/wp\/v2\/users\/7"}],"replies":[{"embeddable":true,"href":"https:\/\/soymigrante.com\/revista\/wp-json\/wp\/v2\/comments?post=29515"}],"version-history":[{"count":1,"href":"https:\/\/soymigrante.com\/revista\/wp-json\/wp\/v2\/posts\/29515\/revisions"}],"predecessor-version":[{"id":31366,"href":"https:\/\/soymigrante.com\/revista\/wp-json\/wp\/v2\/posts\/29515\/revisions\/31366"}],"wp:featuredmedia":[{"embeddable":true,"href":"https:\/\/soymigrante.com\/revista\/wp-json\/wp\/v2\/media\/29516"}],"wp:attachment":[{"href":"https:\/\/soymigrante.com\/revista\/wp-json\/wp\/v2\/media?parent=29515"}],"wp:term":[{"taxonomy":"category","embeddable":true,"href":"https:\/\/soymigrante.com\/revista\/wp-json\/wp\/v2\/categories?post=29515"},{"taxonomy":"post_tag","embeddable":true,"href":"https:\/\/soymigrante.com\/revista\/wp-json\/wp\/v2\/tags?post=29515"}],"curies":[{"name":"wp","href":"https:\/\/api.w.org\/{rel}","templated":true}]}}