{"id":29449,"date":"2025-04-02T17:24:26","date_gmt":"2025-04-02T23:24:26","guid":{"rendered":"https:\/\/soymigrante.com\/revista\/?p=29449"},"modified":"2025-04-02T15:25:52","modified_gmt":"2025-04-02T21:25:52","slug":"por-que-se-extinguio-el-legendario-pato-poc-del-lago-de-atitlan","status":"publish","type":"post","link":"https:\/\/soymigrante.com\/revista\/por-que-se-extinguio-el-legendario-pato-poc-del-lago-de-atitlan\/","title":{"rendered":"\u00bfPor qu\u00e9 se extingui\u00f3 el legendario pato Poc del lago de Atitl\u00e1n?"},"content":{"rendered":"\t\t<div data-elementor-type=\"wp-post\" data-elementor-id=\"29449\" class=\"elementor elementor-29449\" data-elementor-post-type=\"post\">\n\t\t\t\t<div data-particle_enable=\"false\" data-particle-mobile-disabled=\"false\" class=\"elementor-element elementor-element-86c4aca e-flex e-con-boxed e-con e-parent\" data-id=\"86c4aca\" data-element_type=\"container\" data-e-type=\"container\">\n\t\t\t\t\t<div class=\"e-con-inner\">\n\t\t\t\t<div class=\"elementor-element elementor-element-f8efa95 elementor-widget elementor-widget-heading\" data-id=\"f8efa95\" data-element_type=\"widget\" data-e-type=\"widget\" data-widget_type=\"heading.default\">\n\t\t\t\t\t<h2 class=\"elementor-heading-title elementor-size-default\">El pato poc era una ave que habitaba el lago de Atitl\u00e1n, pero en la d\u00e9cada del 80 desapareci\u00f3. <\/h2>\t\t\t\t<\/div>\n\t\t\t\t\t<\/div>\n\t\t\t\t<\/div>\n\t\t<div data-particle_enable=\"false\" data-particle-mobile-disabled=\"false\" class=\"elementor-element elementor-element-60174ef e-flex e-con-boxed e-con e-parent\" data-id=\"60174ef\" data-element_type=\"container\" data-e-type=\"container\">\n\t\t\t\t\t<div class=\"e-con-inner\">\n\t\t\t\t<div class=\"elementor-element elementor-element-a162461 elementor-widget elementor-widget-text-editor\" data-id=\"a162461\" data-element_type=\"widget\" data-e-type=\"widget\" data-widget_type=\"text-editor.default\">\n\t\t\t\t\t\t\t\t\t<p><a href=\"https:\/\/soymigrante.com\/revista\/atitlan-lago-de-atitlan\/\" target=\"_blank\" rel=\"noopener\">El lago de Atitl\u00e1n,<\/a> una de las maravillas naturales de Guatemala, es hogar de numerosas especies de flora y fauna. Sin embargo, una de sus criaturas m\u00e1s emblem\u00e1ticas, el pato poc (Podilymbus gigas), desapareci\u00f3 para siempre en 1989.<\/p><p>Con su extinci\u00f3n, naci\u00f3 una leyenda que mantiene viva su memoria entre los pobladores de los alrededores del lago.<\/p>\t\t\t\t\t\t\t\t<\/div>\n\t\t\t\t\t<\/div>\n\t\t\t\t<\/div>\n\t\t<div data-particle_enable=\"false\" data-particle-mobile-disabled=\"false\" class=\"elementor-element elementor-element-32f016a e-flex e-con-boxed e-con e-parent\" data-id=\"32f016a\" data-element_type=\"container\" data-e-type=\"container\">\n\t\t\t\t\t<div class=\"e-con-inner\">\n\t\t\t\t<div class=\"elementor-element elementor-element-065b453 elementor-widget elementor-widget-heading\" data-id=\"065b453\" data-element_type=\"widget\" data-e-type=\"widget\" data-widget_type=\"heading.default\">\n\t\t\t\t\t<h3 class=\"elementor-heading-title elementor-size-default\">\u00bfQu\u00e9 era el pato poc?<\/h3>\t\t\t\t<\/div>\n\t\t\t\t\t<\/div>\n\t\t\t\t<\/div>\n\t\t<div data-particle_enable=\"false\" data-particle-mobile-disabled=\"false\" class=\"elementor-element elementor-element-6ed0acd e-flex e-con-boxed e-con e-parent\" data-id=\"6ed0acd\" data-element_type=\"container\" data-e-type=\"container\">\n\t\t\t\t\t<div class=\"e-con-inner\">\n\t\t\t\t<div class=\"elementor-element elementor-element-4a76fad elementor-widget elementor-widget-text-editor\" data-id=\"4a76fad\" data-element_type=\"widget\" data-e-type=\"widget\" data-widget_type=\"text-editor.default\">\n\t\t\t\t\t\t\t\t\t<p>El pato poc, <a href=\"https:\/\/soymigrante.com\/revista\/atitlan-lago-de-atitlan\/\" target=\"_blank\" rel=\"noopener\">conocido tambi\u00e9n como el zambullidor de Atitl\u00e1n<\/a>, era una especie de ave acu\u00e1tica end\u00e9mica del lago.<\/p><p>Se caracterizaba por su incapacidad para volar, su plumaje marr\u00f3n y su habilidad para sumergirse en busca de peces y crust\u00e1ceos.<\/p><p>Fue descubierto en 1960 por el ornit\u00f3logo estadounidense William H. Burt y <a href=\"https:\/\/soymigrante.com\/revista\/atitlan-lago-de-atitlan\/\" target=\"_blank\" rel=\"noopener\">r\u00e1pidamente se convirti\u00f3 en un s\u00edmbolo del ecosistema \u00fanico del lago.<\/a><\/p>\t\t\t\t\t\t\t\t<\/div>\n\t\t\t\t\t<\/div>\n\t\t\t\t<\/div>\n\t\t<div data-particle_enable=\"false\" data-particle-mobile-disabled=\"false\" class=\"elementor-element elementor-element-a9674be e-flex e-con-boxed e-con e-parent\" data-id=\"a9674be\" data-element_type=\"container\" data-e-type=\"container\">\n\t\t\t\t\t<div class=\"e-con-inner\">\n\t\t\t\t<div class=\"elementor-element elementor-element-13d2e67 elementor-widget elementor-widget-heading\" data-id=\"13d2e67\" data-element_type=\"widget\" data-e-type=\"widget\" data-widget_type=\"heading.default\">\n\t\t\t\t\t<h3 class=\"elementor-heading-title elementor-size-default\">El origen de la leyenda<\/h3>\t\t\t\t<\/div>\n\t\t\t\t\t<\/div>\n\t\t\t\t<\/div>\n\t\t<div data-particle_enable=\"false\" data-particle-mobile-disabled=\"false\" class=\"elementor-element elementor-element-aa5389f e-flex e-con-boxed e-con e-parent\" data-id=\"aa5389f\" data-element_type=\"container\" data-e-type=\"container\">\n\t\t\t\t\t<div class=\"e-con-inner\">\n\t\t\t\t<div class=\"elementor-element elementor-element-01a79a9 elementor-widget elementor-widget-text-editor\" data-id=\"01a79a9\" data-element_type=\"widget\" data-e-type=\"widget\" data-widget_type=\"text-editor.default\">\n\t\t\t\t\t\t\t\t\t<p><a href=\"https:\/\/soymigrante.com\/revista\/atitlan-lago-de-atitlan\/\" target=\"_blank\" rel=\"noopener\">Los habitantes de los pueblos alrededor del lago de Atitl\u00e1n<\/a> cuentan una leyenda sobre la desaparici\u00f3n del pato poc. Seg\u00fan la historia, en tiempos antiguos, el pato poc era considerado un ave sagrada por los ancestros mayas.<\/p><p>Se dec\u00eda que era el guardi\u00e1n del lago y que su canto anunciaba la llegada de buenas cosechas o lluvias abundantes.<\/p><p>Sin embargo, un d\u00eda, los hombres comenzaron a cazarlo sin control, no por necesidad, sino por avaricia.<\/p>\t\t\t\t\t\t\t\t<\/div>\n\t\t\t\t\t<\/div>\n\t\t\t\t<\/div>\n\t\t<div data-particle_enable=\"false\" data-particle-mobile-disabled=\"false\" class=\"elementor-element elementor-element-6568fd3 e-flex e-con-boxed e-con e-parent\" data-id=\"6568fd3\" data-element_type=\"container\" data-e-type=\"container\">\n\t\t\t\t\t<div class=\"e-con-inner\">\n\t\t\t\t<div class=\"elementor-element elementor-element-9043b90 elementor-invisible elementor-widget elementor-widget-facebook-embed\" data-id=\"9043b90\" data-element_type=\"widget\" data-e-type=\"widget\" data-settings=\"{&quot;_animation&quot;:&quot;zoomInDown&quot;}\" data-widget_type=\"facebook-embed.default\">\n\t\t\t\t\t<div style=\"min-height: 1px\" class=\"elementor-facebook-widget fb-post\" data-href=\"https:\/\/www.facebook.com\/photo\/?fbid=2663545610543224&#038;set=pcb.2663545717209880\" data-show-text=\"false\"><\/div>\t\t\t\t<\/div>\n\t\t\t\t\t<\/div>\n\t\t\t\t<\/div>\n\t\t<div data-particle_enable=\"false\" data-particle-mobile-disabled=\"false\" class=\"elementor-element elementor-element-7d86d23 e-flex e-con-boxed e-con e-parent\" data-id=\"7d86d23\" data-element_type=\"container\" data-e-type=\"container\">\n\t\t\t\t\t<div class=\"e-con-inner\">\n\t\t\t\t<div class=\"elementor-element elementor-element-b1c2c0d elementor-widget elementor-widget-text-editor\" data-id=\"b1c2c0d\" data-element_type=\"widget\" data-e-type=\"widget\" data-widget_type=\"text-editor.default\">\n\t\t\t\t\t\t\t\t\t<p>Los ancianos advirtieron que si el pato poc desaparec\u00eda, <a href=\"https:\/\/soymigrante.com\/revista\/atitlan-lago-de-atitlan\/\" target=\"_blank\" rel=\"noopener\">el equilibrio del lago se romper\u00eda.<\/a> Pero nadie escuch\u00f3. La especie fue diezmada por la caza y la introducci\u00f3n de especies invasoras como la lobina negra, que devoraba sus cr\u00edas.<\/p><p>Cuando el \u00faltimo pato poc desapareci\u00f3 en 1989, los pescadores notaron que las aguas del lago se tornaron m\u00e1s turbias, y que los peces eran cada vez m\u00e1s escasos.<\/p><p>Desde entonces, la leyenda dice que, en noches tranquilas, el esp\u00edritu del pato poc todav\u00eda se escucha zambullirse en el agua, record\u00e1ndole a la humanidad la importancia de proteger la naturaleza.<\/p>\t\t\t\t\t\t\t\t<\/div>\n\t\t\t\t\t<\/div>\n\t\t\t\t<\/div>\n\t\t<div data-particle_enable=\"false\" data-particle-mobile-disabled=\"false\" class=\"elementor-element elementor-element-646bb28 e-flex e-con-boxed e-con e-parent\" data-id=\"646bb28\" data-element_type=\"container\" data-e-type=\"container\">\n\t\t\t\t\t<div class=\"e-con-inner\">\n\t\t\t\t<div class=\"elementor-element elementor-element-407f1e8 elementor-invisible elementor-widget elementor-widget-facebook-embed\" data-id=\"407f1e8\" data-element_type=\"widget\" data-e-type=\"widget\" data-settings=\"{&quot;_animation&quot;:&quot;zoomInDown&quot;}\" data-widget_type=\"facebook-embed.default\">\n\t\t\t\t\t<div style=\"min-height: 1px\" class=\"elementor-facebook-widget fb-post\" data-href=\"https:\/\/www.facebook.com\/photo.php?fbid=395085204019043&#038;id=382726118588285&#038;set=a.383239735203590&#038;locale=ms_MY\" data-show-text=\"false\"><\/div>\t\t\t\t<\/div>\n\t\t\t\t\t<\/div>\n\t\t\t\t<\/div>\n\t\t<div data-particle_enable=\"false\" data-particle-mobile-disabled=\"false\" class=\"elementor-element elementor-element-a35c7a9 e-flex e-con-boxed e-con e-parent\" data-id=\"a35c7a9\" data-element_type=\"container\" data-e-type=\"container\">\n\t\t\t\t\t<div class=\"e-con-inner\">\n\t\t\t\t<div class=\"elementor-element elementor-element-10732cd elementor-widget elementor-widget-heading\" data-id=\"10732cd\" data-element_type=\"widget\" data-e-type=\"widget\" data-widget_type=\"heading.default\">\n\t\t\t\t\t<h3 class=\"elementor-heading-title elementor-size-default\">Un llamado a la conservaci\u00f3n<\/h3>\t\t\t\t<\/div>\n\t\t\t\t\t<\/div>\n\t\t\t\t<\/div>\n\t\t<div data-particle_enable=\"false\" data-particle-mobile-disabled=\"false\" class=\"elementor-element elementor-element-e6712e7 e-flex e-con-boxed e-con e-parent\" data-id=\"e6712e7\" data-element_type=\"container\" data-e-type=\"container\">\n\t\t\t\t\t<div class=\"e-con-inner\">\n\t\t\t\t<div class=\"elementor-element elementor-element-1dc87ae elementor-widget elementor-widget-text-editor\" data-id=\"1dc87ae\" data-element_type=\"widget\" data-e-type=\"widget\" data-widget_type=\"text-editor.default\">\n\t\t\t\t\t\t\t\t\t<p>M\u00e1s all\u00e1 de la leyenda, la historia del pato poc es un recordatorio real sobre los efectos de la intervenci\u00f3n humana en los ecosistemas. Su extinci\u00f3n fue resultado de la caza, la contaminaci\u00f3n y la introducci\u00f3n de especies for\u00e1neas. <a href=\"https:\/\/soymigrante.com\/revista\/atitlan-lago-de-atitlan\/\" target=\"_blank\" rel=\"noopener\">Hoy, el lago de Atitl\u00e1n enfrenta nuevas amenazas ambientales,<\/a> y los esfuerzos de conservaci\u00f3n buscan evitar que otras especies corran la misma suerte que el pato poc.<\/p><p>Esta leyenda, transmitida de generaci\u00f3n en generaci\u00f3n, sigue viva como una advertencia: cuando una especie desaparece, el equilibrio de la naturaleza se ve afectado, y con ello, la vida misma del lago y sus habitantes.<\/p>\t\t\t\t\t\t\t\t<\/div>\n\t\t\t\t\t<\/div>\n\t\t\t\t<\/div>\n\t\t<div data-particle_enable=\"false\" data-particle-mobile-disabled=\"false\" class=\"elementor-element elementor-element-43344cb e-flex e-con-boxed e-con e-parent\" data-id=\"43344cb\" data-element_type=\"container\" data-e-type=\"container\">\n\t\t\t\t\t<div class=\"e-con-inner\">\n\t\t\t\t<div class=\"elementor-element elementor-element-d4033bd elementor-widget elementor-widget-heading\" data-id=\"d4033bd\" data-element_type=\"widget\" data-e-type=\"widget\" data-widget_type=\"heading.default\">\n\t\t\t\t\t<h2 class=\"elementor-heading-title elementor-size-default\">Conoce m\u00e1s de Atitl\u00e1n, ac\u00e1...<\/h2>\t\t\t\t<\/div>\n\t\t\t\t\t<\/div>\n\t\t\t\t<\/div>\n\t\t<div data-particle_enable=\"false\" data-particle-mobile-disabled=\"false\" class=\"elementor-element elementor-element-0baa8a0 e-flex e-con-boxed e-con e-parent\" data-id=\"0baa8a0\" data-element_type=\"container\" data-e-type=\"container\">\n\t\t\t\t\t<div class=\"e-con-inner\">\n\t\t\t\t<div class=\"elementor-element elementor-element-04d9b69 elementor-grid-eael-col-3 elementor-grid-tablet-eael-col-2 elementor-grid-mobile-eael-col-1 elementor-widget elementor-widget-eael-post-grid\" data-id=\"04d9b69\" data-element_type=\"widget\" data-e-type=\"widget\" data-settings=\"{&quot;eael_post_grid_columns&quot;:&quot;eael-col-3&quot;,&quot;eael_post_grid_columns_tablet&quot;:&quot;eael-col-2&quot;,&quot;eael_post_grid_columns_mobile&quot;:&quot;eael-col-1&quot;}\" data-widget_type=\"eael-post-grid.default\">\n\t\t\t\t\t<div id=\"eael-post-grid-04d9b69\" class=\"eael-post-grid-container\">\n            <div class=\"eael-post-grid eael-post-appender eael-post-appender-04d9b69 eael-post-grid-style-one\" data-layout-mode=\"masonry\"><article class=\"eael-grid-post  eael-post-grid-column eael-pg-post-21465 category-guate-nuestra\" data-id=\"21465\">\n        <div class=\"eael-grid-post-holder\">\n            <div class=\"eael-grid-post-holder-inner\"><div class=\"eael-entry-media\"><div class=\"eael-entry-overlay fade-in\"><i class=\"far fa-hand-pointer\" aria-hidden=\"true\"><\/i><a href=\"https:\/\/soymigrante.com\/revista\/sabias-que-bajo-las-aguas-del-lago-atitlan-esta-el-sitio-maya-samabaj\/\"><\/a><\/div><div class=\"eael-entry-thumbnail \">\n                <img fetchpriority=\"high\" decoding=\"async\" width=\"1024\" height=\"1024\" src=\"https:\/\/soymigrante.com\/revista\/wp-content\/uploads\/2025\/01\/samabaj-atitaln-3-1024x1024.jpg\" class=\"attachment-large size-large wp-image-21510\" alt=\"Cr\u00e1ter del volc\u00e1n cerca de un lago en Indonesia con paisaje natural y vegetaci\u00f3n en primer plano.\" srcset=\"https:\/\/soymigrante.com\/revista\/wp-content\/uploads\/2025\/01\/samabaj-atitaln-3-1024x1024.jpg 1024w, https:\/\/soymigrante.com\/revista\/wp-content\/uploads\/2025\/01\/samabaj-atitaln-3-300x300.jpg 300w, https:\/\/soymigrante.com\/revista\/wp-content\/uploads\/2025\/01\/samabaj-atitaln-3-150x150.jpg 150w, https:\/\/soymigrante.com\/revista\/wp-content\/uploads\/2025\/01\/samabaj-atitaln-3-768x768.jpg 768w, https:\/\/soymigrante.com\/revista\/wp-content\/uploads\/2025\/01\/samabaj-atitaln-3-1536x1536.jpg 1536w, https:\/\/soymigrante.com\/revista\/wp-content\/uploads\/2025\/01\/samabaj-atitaln-3-2048x2048.jpg 2048w, https:\/\/soymigrante.com\/revista\/wp-content\/uploads\/2025\/01\/samabaj-atitaln-3-75x75.webp 75w, https:\/\/soymigrante.com\/revista\/wp-content\/uploads\/2025\/01\/samabaj-atitaln-3-750x750.webp 750w, https:\/\/soymigrante.com\/revista\/wp-content\/uploads\/2025\/01\/samabaj-atitaln-3-1140x1140.webp 1140w, https:\/\/soymigrante.com\/revista\/wp-content\/uploads\/2025\/01\/samabaj-atitaln-3-scaled.webp 1920w\" sizes=\"(max-width: 1024px) 100vw, 1024px\" \/>\n            <\/div>\n        <\/div><div class=\"eael-entry-wrapper\"><header class=\"eael-entry-header\"><h2 class=\"eael-entry-title\"><a class=\"eael-grid-post-link\" href=\"https:\/\/soymigrante.com\/revista\/sabias-que-bajo-las-aguas-del-lago-atitlan-esta-el-sitio-maya-samabaj\/\" title=\"\u00bfPor qu\u00e9 al sitio prehisp\u00e1nico Samabaj en Atitl\u00e1n le dicen la Atl\u00e1ntida maya?\">\u00bfPor qu\u00e9 al sitio prehisp\u00e1nico Samabaj en Atitl\u00e1n le dicen la Atl\u00e1ntida maya?<\/a><\/h2><\/header><div class=\"eael-entry-content\">\n                        <div class=\"eael-grid-post-excerpt\"><a href=\"https:\/\/soymigrante.com\/revista\/sabias-que-bajo-las-aguas-del-lago-atitlan-esta-el-sitio-maya-samabaj\/\" class=\"eael-post-elements-readmore-btn\">CONOCE SU HISTORIA <\/a><\/div>\n                    <\/div><\/div><\/div>\n        <\/div>\n    <\/article><article class=\"eael-grid-post  eael-post-grid-column eael-pg-post-9129 category-pueblos-de-guatemala\" data-id=\"9129\">\n        <div class=\"eael-grid-post-holder\">\n            <div class=\"eael-grid-post-holder-inner\"><div class=\"eael-entry-media\"><div class=\"eael-entry-overlay fade-in\"><i class=\"far fa-hand-pointer\" aria-hidden=\"true\"><\/i><a href=\"https:\/\/soymigrante.com\/revista\/pueblo-tzutujil-se-cobija-en-el-lago-atitlan-hace-mas-de-7-siglos\/\"><\/a><\/div><div class=\"eael-entry-thumbnail \">\n                <img decoding=\"async\" width=\"1024\" height=\"1024\" src=\"https:\/\/soymigrante.com\/revista\/wp-content\/uploads\/2024\/09\/tzutujil-2-1-1024x1024.webp\" class=\"attachment-large size-large wp-image-9521\" alt=\"Gente ind\u00edgena con trajes tradicionales y paisaje monta\u00f1oso al fondo, reflejando cultura y tradici\u00f3n en M\u00e9xico.\" srcset=\"https:\/\/soymigrante.com\/revista\/wp-content\/uploads\/2024\/09\/tzutujil-2-1-1024x1024.webp 1024w, https:\/\/soymigrante.com\/revista\/wp-content\/uploads\/2024\/09\/tzutujil-2-1-300x300.webp 300w, https:\/\/soymigrante.com\/revista\/wp-content\/uploads\/2024\/09\/tzutujil-2-1-150x150.webp 150w, https:\/\/soymigrante.com\/revista\/wp-content\/uploads\/2024\/09\/tzutujil-2-1-768x768.webp 768w, https:\/\/soymigrante.com\/revista\/wp-content\/uploads\/2024\/09\/tzutujil-2-1-75x75.webp 75w, https:\/\/soymigrante.com\/revista\/wp-content\/uploads\/2024\/09\/tzutujil-2-1-750x750.webp 750w, https:\/\/soymigrante.com\/revista\/wp-content\/uploads\/2024\/09\/tzutujil-2-1.webp 1066w\" sizes=\"(max-width: 1024px) 100vw, 1024px\" \/>\n            <\/div>\n        <\/div><div class=\"eael-entry-wrapper\"><header class=\"eael-entry-header\"><h2 class=\"eael-entry-title\"><a class=\"eael-grid-post-link\" href=\"https:\/\/soymigrante.com\/revista\/pueblo-tzutujil-se-cobija-en-el-lago-atitlan-hace-mas-de-7-siglos\/\" title=\"Pueblo Tz&#8217;utujil lleva m\u00e1s de 700 a\u00f1os en las riberas del  lago de Atitl\u00e1n\">Pueblo Tz&#8217;utujil lleva m\u00e1s de 700 a\u00f1os en las riberas del  lago de Atitl\u00e1n<\/a><\/h2><\/header><div class=\"eael-entry-content\">\n                        <div class=\"eael-grid-post-excerpt\"><a href=\"https:\/\/soymigrante.com\/revista\/pueblo-tzutujil-se-cobija-en-el-lago-atitlan-hace-mas-de-7-siglos\/\" class=\"eael-post-elements-readmore-btn\">CONOCE SU HISTORIA <\/a><\/div>\n                    <\/div><\/div><\/div>\n        <\/div>\n    <\/article><article class=\"eael-grid-post  eael-post-grid-column eael-pg-post-8594 category-guate-nuestra\" data-id=\"8594\">\n        <div class=\"eael-grid-post-holder\">\n            <div class=\"eael-grid-post-holder-inner\"><div class=\"eael-entry-media\"><div class=\"eael-entry-overlay fade-in\"><i class=\"far fa-hand-pointer\" aria-hidden=\"true\"><\/i><a href=\"https:\/\/soymigrante.com\/revista\/10-pueblos-a-la-orilla-del-lago-de-atitlan-que-debes-descubrir\/\"><\/a><\/div><div class=\"eael-entry-thumbnail \">\n                <img decoding=\"async\" width=\"1024\" height=\"1024\" src=\"https:\/\/soymigrante.com\/revista\/wp-content\/uploads\/2024\/08\/agricultura-san-antonio-palopo-face-soy-migrante-2-1024x1024.webp\" class=\"attachment-large size-large wp-image-8615\" alt=\"Paisaje del Lago de Atitl\u00e1n, volcanes y zonas agr\u00edcolas en Guatemala, turismo y paisaje natural en Centroam\u00e9rica.\" srcset=\"https:\/\/soymigrante.com\/revista\/wp-content\/uploads\/2024\/08\/agricultura-san-antonio-palopo-face-soy-migrante-2-1024x1024.webp 1024w, https:\/\/soymigrante.com\/revista\/wp-content\/uploads\/2024\/08\/agricultura-san-antonio-palopo-face-soy-migrante-2-300x300.webp 300w, https:\/\/soymigrante.com\/revista\/wp-content\/uploads\/2024\/08\/agricultura-san-antonio-palopo-face-soy-migrante-2-150x150.webp 150w, https:\/\/soymigrante.com\/revista\/wp-content\/uploads\/2024\/08\/agricultura-san-antonio-palopo-face-soy-migrante-2-768x768.webp 768w, https:\/\/soymigrante.com\/revista\/wp-content\/uploads\/2024\/08\/agricultura-san-antonio-palopo-face-soy-migrante-2-1536x1536.webp 1536w, https:\/\/soymigrante.com\/revista\/wp-content\/uploads\/2024\/08\/agricultura-san-antonio-palopo-face-soy-migrante-2-75x75.webp 75w, https:\/\/soymigrante.com\/revista\/wp-content\/uploads\/2024\/08\/agricultura-san-antonio-palopo-face-soy-migrante-2-750x750.webp 750w, https:\/\/soymigrante.com\/revista\/wp-content\/uploads\/2024\/08\/agricultura-san-antonio-palopo-face-soy-migrante-2-1140x1140.webp 1140w, https:\/\/soymigrante.com\/revista\/wp-content\/uploads\/2024\/08\/agricultura-san-antonio-palopo-face-soy-migrante-2.webp 1538w\" sizes=\"(max-width: 1024px) 100vw, 1024px\" \/>\n            <\/div>\n        <\/div><div class=\"eael-entry-wrapper\"><header class=\"eael-entry-header\"><h2 class=\"eael-entry-title\"><a class=\"eael-grid-post-link\" href=\"https:\/\/soymigrante.com\/revista\/10-pueblos-a-la-orilla-del-lago-de-atitlan-que-debes-descubrir\/\" title=\"Ocho pueblos a la orilla del lago de Atitl\u00e1n que debes descubrir\">Ocho pueblos a la orilla del lago de Atitl\u00e1n que debes descubrir<\/a><\/h2><\/header><div class=\"eael-entry-content\">\n                        <div class=\"eael-grid-post-excerpt\"><a href=\"https:\/\/soymigrante.com\/revista\/10-pueblos-a-la-orilla-del-lago-de-atitlan-que-debes-descubrir\/\" class=\"eael-post-elements-readmore-btn\">CONOCE SU HISTORIA <\/a><\/div>\n                    <\/div><\/div><\/div>\n        <\/div>\n    <\/article><\/div>\n            <div class=\"clearfix\"><\/div>\n        <\/div>\t\t\t\t<\/div>\n\t\t\t\t\t<\/div>\n\t\t\t\t<\/div>\n\t\t\t\t<\/div>\n\t\t","protected":false},"excerpt":{"rendered":"<p>El pato poc era una ave que habitaba el lago de Atitl\u00e1n, pero en la d\u00e9cada del 80 desapareci\u00f3. El lago de Atitl\u00e1n, una de las maravillas naturales de Guatemala, es hogar de numerosas especies de flora y fauna. Sin embargo, una de sus criaturas m\u00e1s emblem\u00e1ticas, el pato poc (Podilymbus gigas), desapareci\u00f3 para siempre [&hellip;]<\/p>\n","protected":false},"author":19,"featured_media":29450,"comment_status":"open","ping_status":"open","sticky":false,"template":"","format":"standard","meta":{"_acf_changed":false,"_eb_attr":"","footnotes":""},"categories":[58],"tags":[],"class_list":["post-29449","post","type-post","status-publish","format-standard","has-post-thumbnail","hentry","category-guate-nuestra"],"acf":[],"aioseo_notices":[],"aioseo_head":"\n\t\t<!-- All in One SEO Pro 4.9.6.2 - aioseo.com -->\n\t<meta name=\"description\" content=\"Aunque ya has de conocer esta historia y algunos pueblos de la orilla del lago de Atitl\u00e1n, te compartimos datos de inter\u00e9s para explorar cada uno.\" \/>\n\t<meta name=\"robots\" content=\"max-snippet:-1, max-image-preview:large, max-video-preview:-1\" \/>\n\t<meta name=\"author\" content=\"Beatriz Tercero\"\/>\n\t<link rel=\"canonical\" href=\"https:\/\/soymigrante.com\/revista\/10-pueblos-a-la-orilla-del-lago-de-atitlan-que-debes-descubrir\/\" \/>\n\t<meta name=\"generator\" content=\"All in One SEO Pro (AIOSEO) 4.9.6.2\" \/>\n\n\t\t<link rel=\"preconnect\" href=\"https:\/\/fonts.googleapis.com\" crossorigin>\n<link rel=\"preconnect\" href=\"https:\/\/fonts.gstatic.com\" crossorigin>\n\t\t<meta property=\"og:locale\" content=\"es_ES\" \/>\n\t\t<meta property=\"og:site_name\" content=\"SoyMigrante.com REVISTA \u2013 Nuestra misi\u00f3n es reconocer y dignificar al migrante.\" \/>\n\t\t<meta property=\"og:type\" content=\"article\" \/>\n\t\t<meta property=\"og:title\" content=\"Ocho pueblos a la orilla del lago de Atitl\u00e1n que debes descubrir\" \/>\n\t\t<meta property=\"og:description\" content=\"Aunque ya has de conocer esta historia y algunos pueblos de la orilla del lago de Atitl\u00e1n, te compartimos datos de inter\u00e9s para explorar cada uno.\" \/>\n\t\t<meta property=\"og:url\" content=\"https:\/\/soymigrante.com\/revista\/10-pueblos-a-la-orilla-del-lago-de-atitlan-que-debes-descubrir\/\" \/>\n\t\t<meta property=\"og:image\" content=\"https:\/\/soymigrante.com\/revista\/wp-content\/uploads\/2024\/08\/agricultura-san-antonio-palopo-face-soy-migrante-2.webp\" \/>\n\t\t<meta property=\"og:image:secure_url\" content=\"https:\/\/soymigrante.com\/revista\/wp-content\/uploads\/2024\/08\/agricultura-san-antonio-palopo-face-soy-migrante-2.webp\" \/>\n\t\t<meta property=\"og:image:width\" content=\"1538\" \/>\n\t\t<meta property=\"og:image:height\" content=\"1538\" \/>\n\t\t<meta property=\"article:published_time\" content=\"2024-08-31T16:29:40+00:00\" \/>\n\t\t<meta property=\"article:modified_time\" content=\"2025-01-09T15:18:49+00:00\" \/>\n\t\t<meta property=\"article:publisher\" content=\"https:\/\/www.facebook.com\/soymigrantecom\" \/>\n\t\t<meta name=\"twitter:card\" content=\"summary_large_image\" \/>\n\t\t<meta name=\"twitter:site\" content=\"@SoyMigrante_com\" \/>\n\t\t<meta name=\"twitter:title\" content=\"Ocho pueblos a la orilla del lago de Atitl\u00e1n que debes descubrir\" \/>\n\t\t<meta name=\"twitter:description\" content=\"Aunque ya has de conocer esta historia y algunos pueblos de la orilla del lago de Atitl\u00e1n, te compartimos datos de inter\u00e9s para explorar cada uno.\" \/>\n\t\t<meta name=\"twitter:creator\" content=\"@SoyMigrante_com\" \/>\n\t\t<meta name=\"twitter:image\" content=\"https:\/\/soymigrante.com\/revista\/wp-content\/uploads\/2024\/08\/agricultura-san-antonio-palopo-face-soy-migrante-2.webp\" \/>\n\t\t<!-- All in One SEO Pro -->\r\n\t\t<title>Ocho pueblos a la orilla del lago de Atitl\u00e1n que debes descubrir<\/title>\n\n","aioseo_head_json":{"title":"Ocho pueblos a la orilla del lago de Atitl\u00e1n que debes descubrir","description":"Aunque ya has de conocer esta historia y algunos pueblos de la orilla del lago de Atitl\u00e1n, te compartimos datos de inter\u00e9s para explorar cada uno.","canonical_url":"https:\/\/soymigrante.com\/revista\/10-pueblos-a-la-orilla-del-lago-de-atitlan-que-debes-descubrir\/","robots":"max-snippet:-1, max-image-preview:large, max-video-preview:-1","keywords":"","webmasterTools":{"miscellaneous":"&lt;link rel=\"preconnect\" href=\"https:\/\/fonts.googleapis.com\" crossorigin&gt;\n&lt;link rel=\"preconnect\" href=\"https:\/\/fonts.gstatic.com\" crossorigin&gt;"},"schema":null,"og:locale":"es_ES","og:site_name":"SoyMigrante.com REVISTA \u2013 Nuestra misi\u00f3n es reconocer y dignificar al migrante.","og:type":"article","og:title":"Ocho pueblos a la orilla del lago de Atitl\u00e1n que debes descubrir","og:description":"Aunque ya has de conocer esta historia y algunos pueblos de la orilla del lago de Atitl\u00e1n, te compartimos datos de inter\u00e9s para explorar cada uno.","og:url":"https:\/\/soymigrante.com\/revista\/10-pueblos-a-la-orilla-del-lago-de-atitlan-que-debes-descubrir\/","og:image":"https:\/\/soymigrante.com\/revista\/wp-content\/uploads\/2024\/08\/agricultura-san-antonio-palopo-face-soy-migrante-2.webp","og:image:secure_url":"https:\/\/soymigrante.com\/revista\/wp-content\/uploads\/2024\/08\/agricultura-san-antonio-palopo-face-soy-migrante-2.webp","og:image:width":1538,"og:image:height":1538,"article:published_time":"2024-08-31T16:29:40+00:00","article:modified_time":"2025-01-09T15:18:49+00:00","article:publisher":"https:\/\/www.facebook.com\/soymigrantecom","twitter:card":"summary_large_image","twitter:site":"@SoyMigrante_com","twitter:title":"Ocho pueblos a la orilla del lago de Atitl\u00e1n que debes descubrir","twitter:description":"Aunque ya has de conocer esta historia y algunos pueblos de la orilla del lago de Atitl\u00e1n, te compartimos datos de inter\u00e9s para explorar cada uno.","twitter:creator":"@SoyMigrante_com","twitter:image":"https:\/\/soymigrante.com\/revista\/wp-content\/uploads\/2024\/08\/agricultura-san-antonio-palopo-face-soy-migrante-2.webp"},"aioseo_meta_data":{"post_id":"29449","title":null,"description":"El pato poc era una ave que habitaba en el lago de Atitl\u00e1n y en ninguna otra parte del mundo m\u00e1s. Sin embargo se extingui\u00f3. \u00bfPor qu\u00e9 ocurri\u00f3 eso? Te lo contamos","keywords":null,"keyphrases":{"focus":{"keyphrase":"Pato poc","score":91,"analysis":{"keyphraseInTitle":{"score":9,"maxScore":9,"error":0},"keyphraseInDescription":{"score":9,"maxScore":9,"error":0},"keyphraseLength":{"score":9,"maxScore":9,"error":0,"length":2},"keyphraseInURL":{"score":5,"maxScore":5,"error":0},"keyphraseInIntroduction":{"score":9,"maxScore":9,"error":0},"keyphraseInSubHeadings":{"score":9,"maxScore":9,"error":0},"keyphraseInImageAlt":{"score":3,"maxScore":9,"error":1},"keywordDensity":{"type":"best","score":9,"maxScore":9,"error":0}}},"additional":[{"keyphrase":"Atitl\u00e1n","score":100,"analysis":{"keyphraseInDescription":{"score":9,"maxScore":9,"error":0},"keyphraseLength":{"score":9,"maxScore":9,"error":0,"length":2},"keyphraseInIntroduction":{"score":9,"maxScore":9,"error":0},"keyphraseInImageAlt":{"score":9,"maxScore":9,"error":0},"keywordDensity":{"type":"best","score":9,"maxScore":9,"error":0}}},{"keyphrase":"Lago","score":100,"analysis":{"keyphraseInDescription":{"score":9,"maxScore":9,"error":0},"keyphraseLength":{"score":9,"maxScore":9,"error":0,"length":1},"keyphraseInIntroduction":{"score":9,"maxScore":9,"error":0},"keyphraseInImageAlt":{"score":9,"maxScore":9,"error":0},"keywordDensity":{"type":"best","score":9,"maxScore":9,"error":0}}}]},"primary_term":null,"canonical_url":null,"og_title":null,"og_description":null,"og_object_type":"default","og_image_type":"default","og_image_url":null,"og_image_width":null,"og_image_height":null,"og_image_custom_url":null,"og_image_custom_fields":null,"og_video":"","og_custom_url":null,"og_article_section":null,"og_article_tags":null,"twitter_use_og":false,"twitter_card":"default","twitter_image_type":"default","twitter_image_url":null,"twitter_image_custom_url":null,"twitter_image_custom_fields":null,"twitter_title":null,"twitter_description":null,"schema":{"blockGraphs":[],"customGraphs":[],"default":{"data":{"Article":[],"Course":[],"Dataset":[],"FAQPage":[],"Movie":[],"Person":[],"Product":[],"ProductReview":[],"Car":[],"Recipe":[],"Service":[],"SoftwareApplication":[],"WebPage":[]},"graphName":"BlogPosting","isEnabled":true},"graphs":[]},"schema_type":"default","schema_type_options":null,"pillar_content":false,"robots_default":true,"robots_noindex":false,"robots_noarchive":false,"robots_nosnippet":false,"robots_nofollow":false,"robots_noimageindex":false,"robots_noodp":false,"robots_notranslate":false,"robots_max_snippet":"-1","robots_max_videopreview":"-1","robots_max_imagepreview":"large","priority":null,"frequency":"default","local_seo":null,"seo_analyzer_scan_date":"2025-10-09 03:59:46","breadcrumb_settings":null,"limit_modified_date":false,"reviewed_by":null,"open_ai":"{\"title\":{\"suggestions\":[],\"usage\":0},\"description\":{\"suggestions\":[],\"usage\":0}}","ai":null,"created":"2025-03-27 18:40:03","updated":"2026-02-04 22:39:02"},"aioseo_breadcrumb":"<div class=\"aioseo-breadcrumbs\"><span class=\"aioseo-breadcrumb\">\n\t<a href=\"https:\/\/soymigrante.com\/revista\" title=\"Home\">Home<\/a>\n<\/span><span class=\"aioseo-breadcrumb-separator\">\u00bb<\/span><span class=\"aioseo-breadcrumb\">\n\t<a href=\"https:\/\/soymigrante.com\/revista\/category\/guate-nuestra\/\" title=\"Guate Nuestra\">Guate Nuestra<\/a>\n<\/span><span class=\"aioseo-breadcrumb-separator\">\u00bb<\/span><span class=\"aioseo-breadcrumb\">\n\t\u00bfPor qu\u00e9 se extingui\u00f3 el legendario pato Poc del lago de Atitl\u00e1n?\n<\/span><\/div>","aioseo_breadcrumb_json":[{"label":"Home","link":"https:\/\/soymigrante.com\/revista"},{"label":"Guate Nuestra","link":"https:\/\/soymigrante.com\/revista\/category\/guate-nuestra\/"},{"label":"\u00bfPor qu\u00e9 se extingui\u00f3 el legendario pato Poc del lago de Atitl\u00e1n?","link":"https:\/\/soymigrante.com\/revista\/por-que-se-extinguio-el-legendario-pato-poc-del-lago-de-atitlan\/"}],"_links":{"self":[{"href":"https:\/\/soymigrante.com\/revista\/wp-json\/wp\/v2\/posts\/29449","targetHints":{"allow":["GET"]}}],"collection":[{"href":"https:\/\/soymigrante.com\/revista\/wp-json\/wp\/v2\/posts"}],"about":[{"href":"https:\/\/soymigrante.com\/revista\/wp-json\/wp\/v2\/types\/post"}],"author":[{"embeddable":true,"href":"https:\/\/soymigrante.com\/revista\/wp-json\/wp\/v2\/users\/19"}],"replies":[{"embeddable":true,"href":"https:\/\/soymigrante.com\/revista\/wp-json\/wp\/v2\/comments?post=29449"}],"version-history":[{"count":0,"href":"https:\/\/soymigrante.com\/revista\/wp-json\/wp\/v2\/posts\/29449\/revisions"}],"wp:featuredmedia":[{"embeddable":true,"href":"https:\/\/soymigrante.com\/revista\/wp-json\/wp\/v2\/media\/29450"}],"wp:attachment":[{"href":"https:\/\/soymigrante.com\/revista\/wp-json\/wp\/v2\/media?parent=29449"}],"wp:term":[{"taxonomy":"category","embeddable":true,"href":"https:\/\/soymigrante.com\/revista\/wp-json\/wp\/v2\/categories?post=29449"},{"taxonomy":"post_tag","embeddable":true,"href":"https:\/\/soymigrante.com\/revista\/wp-json\/wp\/v2\/tags?post=29449"}],"curies":[{"name":"wp","href":"https:\/\/api.w.org\/{rel}","templated":true}]}}