{"id":29340,"date":"2025-03-28T12:32:44","date_gmt":"2025-03-28T18:32:44","guid":{"rendered":"https:\/\/soymigrante.com\/revista\/?p=29340"},"modified":"2025-03-28T12:33:05","modified_gmt":"2025-03-28T18:33:05","slug":"astroturismo-en-guatemala-una-experiencia-de-otro-planeta","status":"publish","type":"post","link":"https:\/\/soymigrante.com\/revista\/astroturismo-en-guatemala-una-experiencia-de-otro-planeta\/","title":{"rendered":"Astroturismo en Guatemala: Una experiencia que parece de otro planeta"},"content":{"rendered":"\t\t<div data-elementor-type=\"wp-post\" data-elementor-id=\"29340\" class=\"elementor elementor-29340\" data-elementor-post-type=\"post\">\n\t\t\t\t<div data-particle_enable=\"false\" data-particle-mobile-disabled=\"false\" class=\"elementor-element elementor-element-0713b5e e-flex e-con-boxed e-con e-parent\" data-id=\"0713b5e\" data-element_type=\"container\" data-e-type=\"container\">\n\t\t\t\t\t<div class=\"e-con-inner\">\n\t\t\t\t<div class=\"elementor-element elementor-element-edd1c8f elementor-widget elementor-widget-heading\" data-id=\"edd1c8f\" data-element_type=\"widget\" data-e-type=\"widget\" data-widget_type=\"heading.default\">\n\t\t\t\t\t<h2 class=\"elementor-heading-title elementor-size-default\">El Astroturismo en Guatemala es una experiencia para observar el cielo, estrellas y constelaciones aprovechando las \u00e1reas con cielos menos afectados por la contaminaci\u00f3n lum\u00ednica.<\/h2>\t\t\t\t<\/div>\n\t\t\t\t\t<\/div>\n\t\t\t\t<\/div>\n\t\t<div data-particle_enable=\"false\" data-particle-mobile-disabled=\"false\" class=\"elementor-element elementor-element-4394544 e-flex e-con-boxed e-con e-parent\" data-id=\"4394544\" data-element_type=\"container\" data-e-type=\"container\">\n\t\t\t\t\t<div class=\"e-con-inner\">\n\t\t\t\t<div class=\"elementor-element elementor-element-9d6711b elementor-widget elementor-widget-text-editor\" data-id=\"9d6711b\" data-element_type=\"widget\" data-e-type=\"widget\" data-widget_type=\"text-editor.default\">\n\t\t\t\t\t\t\t\t\t<p>Guatemala, con sus cielos despejados y baja contaminaci\u00f3n lum\u00ednica en diversas regiones, se ha convertido en <a href=\"https:\/\/inguat.gob.gt\/es\/documentos\/manual-de-buenas-practicas-de-turismo-astronomico-para-guatemala?format=html\" target=\"_blank\" rel=\"noopener\">un destino emergente para el astroturismo.<\/a>&nbsp;\u00bfQu\u00e9 quiere decir baja contaminaci\u00f3n lum\u00ednica? Es la posibilidad de poder observar el firmamento sin el excesivo reflejo o efecto de la luz el\u00e9ctrica artificial urbana. En el pa\u00eds existen regiones como la Costa Sur, las monta\u00f1as de Alta Verapaz, en Pet\u00e9n o del Occidente, en donde se pueden ver muchas m\u00e1s estrellas que en zonas urbanas.<\/p>\n<p>La combinaci\u00f3n de su riqueza natural y cultural ofrece a los entusiastas de la astronom\u00eda experiencias \u00fanicas al observar el cosmos, seg\u00fan <a href=\"https:\/\/inguat.gob.gt\/es\/documentos\/manual-de-buenas-practicas-de-turismo-astronomico-para-guatemala?format=html\" target=\"_blank\" rel=\"noopener\">el Instituto Guatemalteco de Turismo (INGUAT)<\/a>.<\/p>\t\t\t\t\t\t\t\t<\/div>\n\t\t\t\t\t<\/div>\n\t\t\t\t<\/div>\n\t\t<div data-particle_enable=\"false\" data-particle-mobile-disabled=\"false\" class=\"elementor-element elementor-element-b489df4 e-flex e-con-boxed e-con e-parent\" data-id=\"b489df4\" data-element_type=\"container\" data-e-type=\"container\">\n\t\t\t\t\t<div class=\"e-con-inner\">\n\t\t\t\t<div class=\"elementor-element elementor-element-287d9f4 elementor-widget elementor-widget-heading\" data-id=\"287d9f4\" data-element_type=\"widget\" data-e-type=\"widget\" data-widget_type=\"heading.default\">\n\t\t\t\t\t<h3 class=\"elementor-heading-title elementor-size-default\">Lugares recomendados para la observaci\u00f3n astron\u00f3mica:\n<\/h3>\t\t\t\t<\/div>\n\t\t\t\t\t<\/div>\n\t\t\t\t<\/div>\n\t\t<div data-particle_enable=\"false\" data-particle-mobile-disabled=\"false\" class=\"elementor-element elementor-element-2b1dd88 e-flex e-con-boxed e-con e-parent\" data-id=\"2b1dd88\" data-element_type=\"container\" data-e-type=\"container\">\n\t\t\t\t\t<div class=\"e-con-inner\">\n\t\t\t\t<div class=\"elementor-element elementor-element-2e687fe elementor-widget elementor-widget-text-editor\" data-id=\"2e687fe\" data-element_type=\"widget\" data-e-type=\"widget\" data-widget_type=\"text-editor.default\">\n\t\t\t\t\t\t\t\t\t<div><strong>\u2022 Observatorio \u201cLuz de Luna\u201d:<\/strong> Situado en la aldea Los Pocitos, Villa Canales, este observatorio ofrece alojamiento y facilidades para la observaci\u00f3n estelar, permitiendo a los visitantes combinar descanso y astronom\u00eda.\u00a0\u00a0<\/div><div><strong>\u2022Parque Nacional Tikal:<\/strong> Adem\u00e1s de su importancia arqueol\u00f3gica, Tikal ofrece cielos oscuros ideales para la observaci\u00f3n astron\u00f3mica, permitiendo una conexi\u00f3n entre las estrellas y la historia maya.\u00a0\u00a0<\/div><div><strong>\u2022Parque Arqueol\u00f3gico Tak\u2019alik Ab\u2019aj:<\/strong> Este sitio combina la observaci\u00f3n de estrellas con la riqueza cultural, ofreciendo una experiencia integral para los visitantes interesados en el cosmos y la historia.<\/div>\t\t\t\t\t\t\t\t<\/div>\n\t\t\t\t\t<\/div>\n\t\t\t\t<\/div>\n\t\t<div data-particle_enable=\"false\" data-particle-mobile-disabled=\"false\" class=\"elementor-element elementor-element-1d95ca7 e-flex e-con-boxed e-con e-parent\" data-id=\"1d95ca7\" data-element_type=\"container\" data-e-type=\"container\">\n\t\t\t\t\t<div class=\"e-con-inner\">\n\t\t\t\t<div class=\"elementor-element elementor-element-da4990e elementor-widget elementor-widget-heading\" data-id=\"da4990e\" data-element_type=\"widget\" data-e-type=\"widget\" data-widget_type=\"heading.default\">\n\t\t\t\t\t<h3 class=\"elementor-heading-title elementor-size-default\">Recomendaciones y consejos para la observaci\u00f3n:<\/h3>\t\t\t\t<\/div>\n\t\t\t\t\t<\/div>\n\t\t\t\t<\/div>\n\t\t<div data-particle_enable=\"false\" data-particle-mobile-disabled=\"false\" class=\"elementor-element elementor-element-2448b3d e-flex e-con-boxed e-con e-parent\" data-id=\"2448b3d\" data-element_type=\"container\" data-e-type=\"container\">\n\t\t\t\t\t<div class=\"e-con-inner\">\n\t\t\t\t<div class=\"elementor-element elementor-element-82b8a4b elementor-widget elementor-widget-text-editor\" data-id=\"82b8a4b\" data-element_type=\"widget\" data-e-type=\"widget\" data-widget_type=\"text-editor.default\">\n\t\t\t\t\t\t\t\t\t<div><strong>\u2022 Equipamiento adecuado:<\/strong> Aunque muchos fen\u00f3menos son visibles a simple vista, <a href=\"https:\/\/inguat.gob.gt\/es\/documentos\/manual-de-buenas-practicas-de-turismo-astronomico-para-guatemala?format=html\" target=\"_blank\" rel=\"noopener\">el uso de telescopios o binoculares mejora la experiencia.<\/a><\/div><div><strong>\u2022Condiciones clim\u00e1ticas:<\/strong> Es esencial verificar el pron\u00f3stico del tiempo y elegir noches despejadas para una observaci\u00f3n \u00f3ptima.<\/div><div><strong>\u2022Lugares oscuros:<\/strong> Alejarse de las luces urbanas mejora la visibilidad de cuerpos celestes.<\/div>\t\t\t\t\t\t\t\t<\/div>\n\t\t\t\t\t<\/div>\n\t\t\t\t<\/div>\n\t\t<div data-particle_enable=\"false\" data-particle-mobile-disabled=\"false\" class=\"elementor-element elementor-element-b42f613 e-flex e-con-boxed e-con e-parent\" data-id=\"b42f613\" data-element_type=\"container\" data-e-type=\"container\">\n\t\t\t\t\t<div class=\"e-con-inner\">\n\t\t\t\t<div class=\"elementor-element elementor-element-ded7930 elementor-invisible elementor-widget elementor-widget-facebook-embed\" data-id=\"ded7930\" data-element_type=\"widget\" data-e-type=\"widget\" data-settings=\"{&quot;_animation&quot;:&quot;zoomInDown&quot;}\" data-widget_type=\"facebook-embed.default\">\n\t\t\t\t\t<div style=\"min-height: 1px\" class=\"elementor-facebook-widget fb-post\" data-href=\"https:\/\/www.facebook.com\/photo.php?fbid=1074011441429833&#038;set=pb.100064629614277.-2207520000&#038;type=3\" data-show-text=\"false\"><\/div>\t\t\t\t<\/div>\n\t\t\t\t\t<\/div>\n\t\t\t\t<\/div>\n\t\t<div data-particle_enable=\"false\" data-particle-mobile-disabled=\"false\" class=\"elementor-element elementor-element-8cdfd3e e-flex e-con-boxed e-con e-parent\" data-id=\"8cdfd3e\" data-element_type=\"container\" data-e-type=\"container\">\n\t\t\t\t\t<div class=\"e-con-inner\">\n\t\t\t\t<div class=\"elementor-element elementor-element-f504956 elementor-widget elementor-widget-heading\" data-id=\"f504956\" data-element_type=\"widget\" data-e-type=\"widget\" data-widget_type=\"heading.default\">\n\t\t\t\t\t<h3 class=\"elementor-heading-title elementor-size-default\">Eventos astron\u00f3micos destacados en 2025:<\/h3>\t\t\t\t<\/div>\n\t\t\t\t\t<\/div>\n\t\t\t\t<\/div>\n\t\t<div data-particle_enable=\"false\" data-particle-mobile-disabled=\"false\" class=\"elementor-element elementor-element-4ada15d e-flex e-con-boxed e-con e-parent\" data-id=\"4ada15d\" data-element_type=\"container\" data-e-type=\"container\">\n\t\t\t\t\t<div class=\"e-con-inner\">\n\t\t\t\t<div class=\"elementor-element elementor-element-43d34d3 elementor-widget elementor-widget-text-editor\" data-id=\"43d34d3\" data-element_type=\"widget\" data-e-type=\"widget\" data-widget_type=\"text-editor.default\">\n\t\t\t\t\t\t\t\t\t<div><strong>\u2022 Eclipse solar (29 de marzo):<\/strong> Aunque la cobertura ser\u00e1 parcial en Guatemala, es una oportunidad notable para los observadores locales.<\/div><div><strong>\u2022Lluvia de meteoros Le\u00f3nidas (17-18 de noviembre):<\/strong> Con cielos despejados, se podr\u00e1n observar numerosos meteoros por hora, ofreciendo un espect\u00e1culo natural impresionante.<\/div>\t\t\t\t\t\t\t\t<\/div>\n\t\t\t\t\t<\/div>\n\t\t\t\t<\/div>\n\t\t<div data-particle_enable=\"false\" data-particle-mobile-disabled=\"false\" class=\"elementor-element elementor-element-0b11a59 e-flex e-con-boxed e-con e-parent\" data-id=\"0b11a59\" data-element_type=\"container\" data-e-type=\"container\">\n\t\t\t\t\t<div class=\"e-con-inner\">\n\t\t\t\t<div class=\"elementor-element elementor-element-6a7d138 elementor-invisible elementor-widget elementor-widget-facebook-embed\" data-id=\"6a7d138\" data-element_type=\"widget\" data-e-type=\"widget\" data-settings=\"{&quot;_animation&quot;:&quot;zoomInDown&quot;}\" data-widget_type=\"facebook-embed.default\">\n\t\t\t\t\t<div style=\"min-height: 1px\" class=\"elementor-facebook-widget fb-post\" data-href=\"https:\/\/www.facebook.com\/photo.php?fbid=1063061369191507&#038;set=pb.100064629614277.-2207520000&#038;type=3\" data-show-text=\"false\"><\/div>\t\t\t\t<\/div>\n\t\t\t\t\t<\/div>\n\t\t\t\t<\/div>\n\t\t<div data-particle_enable=\"false\" data-particle-mobile-disabled=\"false\" class=\"elementor-element elementor-element-e9e4de5 e-flex e-con-boxed e-con e-parent\" data-id=\"e9e4de5\" data-element_type=\"container\" data-e-type=\"container\">\n\t\t\t\t\t<div class=\"e-con-inner\">\n\t\t\t\t<div class=\"elementor-element elementor-element-edafcea elementor-widget elementor-widget-heading\" data-id=\"edafcea\" data-element_type=\"widget\" data-e-type=\"widget\" data-widget_type=\"heading.default\">\n\t\t\t\t\t<h3 class=\"elementor-heading-title elementor-size-default\">Qu\u00e9 observar en el cielo guatemalteco:<\/h3>\t\t\t\t<\/div>\n\t\t\t\t\t<\/div>\n\t\t\t\t<\/div>\n\t\t<div data-particle_enable=\"false\" data-particle-mobile-disabled=\"false\" class=\"elementor-element elementor-element-e4c64ad e-flex e-con-boxed e-con e-parent\" data-id=\"e4c64ad\" data-element_type=\"container\" data-e-type=\"container\">\n\t\t\t\t\t<div class=\"e-con-inner\">\n\t\t\t\t<div class=\"elementor-element elementor-element-d5071b2 elementor-widget elementor-widget-text-editor\" data-id=\"d5071b2\" data-element_type=\"widget\" data-e-type=\"widget\" data-widget_type=\"text-editor.default\">\n\t\t\t\t\t\t\t\t\t<div><strong>\u2022 Constelaciones:<\/strong> Durante el a\u00f1o, destacan constelaciones como Ori\u00f3n, Escorpio y Sagitario, f\u00e1cilmente identificables en el firmamento.<\/div><div><strong>\u2022Planetas:<\/strong> Dependiendo de la \u00e9poca, planetas como Venus, Marte, J\u00fapiter y Saturno son visibles<a href=\"https:\/\/inguat.gob.gt\/es\/documentos\/manual-de-buenas-practicas-de-turismo-astronomico-para-guatemala?format=html\" target=\"_blank\" rel=\"noopener\"> a simple vista, ofreciendo vistas impresionantes.<\/a><\/div>\t\t\t\t\t\t\t\t<\/div>\n\t\t\t\t\t<\/div>\n\t\t\t\t<\/div>\n\t\t<div data-particle_enable=\"false\" data-particle-mobile-disabled=\"false\" class=\"elementor-element elementor-element-5639053 e-flex e-con-boxed e-con e-parent\" data-id=\"5639053\" data-element_type=\"container\" data-e-type=\"container\">\n\t\t\t\t\t<div class=\"e-con-inner\">\n\t\t\t\t<div class=\"elementor-element elementor-element-9388386 elementor-widget elementor-widget-text-editor\" data-id=\"9388386\" data-element_type=\"widget\" data-e-type=\"widget\" data-widget_type=\"text-editor.default\">\n\t\t\t\t\t\t\t\t\t<p><a href=\"https:\/\/inguat.gob.gt\/es\/documentos\/manual-de-buenas-practicas-de-turismo-astronomico-para-guatemala?format=html\" target=\"_blank\" rel=\"noopener\">El astroturismo en Guatemala no solo permite la observaci\u00f3n del cosmos,<\/a> sino que tambi\u00e9n ofrece una conexi\u00f3n profunda con la naturaleza y la cultura del pa\u00eds, brindando experiencias inolvidables para locales y visitantes.<\/p>\t\t\t\t\t\t\t\t<\/div>\n\t\t\t\t\t<\/div>\n\t\t\t\t<\/div>\n\t\t<div data-particle_enable=\"false\" data-particle-mobile-disabled=\"false\" class=\"elementor-element elementor-element-403225f e-flex e-con-boxed e-con e-parent\" data-id=\"403225f\" data-element_type=\"container\" data-e-type=\"container\">\n\t\t\t\t\t<div class=\"e-con-inner\">\n\t\t\t\t<div class=\"elementor-element elementor-element-17ef990 elementor-widget elementor-widget-heading\" data-id=\"17ef990\" data-element_type=\"widget\" data-e-type=\"widget\" data-widget_type=\"heading.default\">\n\t\t\t\t\t<h2 class=\"elementor-heading-title elementor-size-default\">Conoce m\u00e1s de la riqueza guatemalteca...<\/h2>\t\t\t\t<\/div>\n\t\t\t\t\t<\/div>\n\t\t\t\t<\/div>\n\t\t<div data-particle_enable=\"false\" data-particle-mobile-disabled=\"false\" class=\"elementor-element elementor-element-f73047c e-flex e-con-boxed e-con e-parent\" data-id=\"f73047c\" data-element_type=\"container\" data-e-type=\"container\">\n\t\t\t\t\t<div class=\"e-con-inner\">\n\t\t\t\t<div class=\"elementor-element elementor-element-da4c6ac elementor-grid-eael-col-3 elementor-grid-tablet-eael-col-2 elementor-grid-mobile-eael-col-1 elementor-widget elementor-widget-eael-post-grid\" data-id=\"da4c6ac\" data-element_type=\"widget\" data-e-type=\"widget\" data-settings=\"{&quot;eael_post_grid_columns&quot;:&quot;eael-col-3&quot;,&quot;eael_post_grid_columns_tablet&quot;:&quot;eael-col-2&quot;,&quot;eael_post_grid_columns_mobile&quot;:&quot;eael-col-1&quot;}\" data-widget_type=\"eael-post-grid.default\">\n\t\t\t\t\t<div id=\"eael-post-grid-da4c6ac\" class=\"eael-post-grid-container\">\n            <div class=\"eael-post-grid eael-post-appender eael-post-appender-da4c6ac eael-post-grid-style-one\" data-layout-mode=\"masonry\"><article class=\"eael-grid-post  eael-post-grid-column eael-pg-post-6996 category-guate-nuestra\" data-id=\"6996\">\n        <div class=\"eael-grid-post-holder\">\n            <div class=\"eael-grid-post-holder-inner\"><div class=\"eael-entry-media\"><div class=\"eael-entry-overlay fade-in\"><i class=\"far fa-hand-pointer\" aria-hidden=\"true\"><\/i><a href=\"https:\/\/soymigrante.com\/revista\/solsticio-de-verano-marca-sitios-mayas-de-uaxactun-e-iximche\/\"><\/a><\/div><div class=\"eael-entry-thumbnail \">\n                <img fetchpriority=\"high\" decoding=\"async\" width=\"1024\" height=\"1024\" src=\"https:\/\/soymigrante.com\/revista\/wp-content\/uploads\/2025\/03\/ICE-3-1024x1024.png\" class=\"attachment-large size-large wp-image-53933\" alt=\"equinoccio 20 a 21 de marzo de cada a\u00f1o en uaxactun observatorio maya\" srcset=\"https:\/\/soymigrante.com\/revista\/wp-content\/uploads\/2025\/03\/ICE-3-1024x1024.png 1024w, https:\/\/soymigrante.com\/revista\/wp-content\/uploads\/2025\/03\/ICE-3-300x300.png 300w, https:\/\/soymigrante.com\/revista\/wp-content\/uploads\/2025\/03\/ICE-3-150x150.png 150w, https:\/\/soymigrante.com\/revista\/wp-content\/uploads\/2025\/03\/ICE-3-768x768.png 768w, https:\/\/soymigrante.com\/revista\/wp-content\/uploads\/2025\/03\/ICE-3-75x75.png 75w, https:\/\/soymigrante.com\/revista\/wp-content\/uploads\/2025\/03\/ICE-3-750x750.png 750w, https:\/\/soymigrante.com\/revista\/wp-content\/uploads\/2025\/03\/ICE-3-1140x1140.png 1140w, https:\/\/soymigrante.com\/revista\/wp-content\/uploads\/2025\/03\/ICE-3.png 1200w\" sizes=\"(max-width: 1024px) 100vw, 1024px\" \/>\n            <\/div>\n        <\/div><div class=\"eael-entry-wrapper\"><header class=\"eael-entry-header\"><h2 class=\"eael-entry-title\"><a class=\"eael-grid-post-link\" href=\"https:\/\/soymigrante.com\/revista\/solsticio-de-verano-marca-sitios-mayas-de-uaxactun-e-iximche\/\" title=\"Equinoccio de primavera se celebra entre 20 y 21 de marzo en sitios mayas como Uaxact\u00fan e Iximch\u00e9\">Equinoccio de primavera se celebra entre 20 y 21 de marzo en sitios mayas como Uaxact\u00fan e Iximch\u00e9<\/a><\/h2><\/header><div class=\"eael-entry-content\">\n                        <div class=\"eael-grid-post-excerpt\"><a href=\"https:\/\/soymigrante.com\/revista\/solsticio-de-verano-marca-sitios-mayas-de-uaxactun-e-iximche\/\" class=\"eael-post-elements-readmore-btn\">CONOCE SU HISTORIA <\/a><\/div>\n                    <\/div><\/div><\/div>\n        <\/div>\n    <\/article><article class=\"eael-grid-post  eael-post-grid-column eael-pg-post-26472 category-guate-nuestra\" data-id=\"26472\">\n        <div class=\"eael-grid-post-holder\">\n            <div class=\"eael-grid-post-holder-inner\"><div class=\"eael-entry-media\"><div class=\"eael-entry-overlay fade-in\"><i class=\"far fa-hand-pointer\" aria-hidden=\"true\"><\/i><a href=\"https:\/\/soymigrante.com\/revista\/cuando-se-descubrio-tikal-y-cual-era-su-nombre-prehispanico\/\"><\/a><\/div><div class=\"eael-entry-thumbnail \">\n                <img decoding=\"async\" width=\"766\" height=\"766\" src=\"https:\/\/soymigrante.com\/revista\/wp-content\/uploads\/2025\/02\/Boda-tikal--e1740608132635.webp\" class=\"attachment-large size-large wp-image-24930\" alt=\"Gran pir\u00e1mide maya en ruinas en un entorno selv\u00e1tico, s\u00edmbolo de la cultura ancestral y el turismo en M\u00e9xico.\" srcset=\"https:\/\/soymigrante.com\/revista\/wp-content\/uploads\/2025\/02\/Boda-tikal--e1740608132635.webp 766w, https:\/\/soymigrante.com\/revista\/wp-content\/uploads\/2025\/02\/Boda-tikal--e1740608132635-300x300.jpeg 300w, https:\/\/soymigrante.com\/revista\/wp-content\/uploads\/2025\/02\/Boda-tikal--e1740608132635-150x150.jpeg 150w, https:\/\/soymigrante.com\/revista\/wp-content\/uploads\/2025\/02\/Boda-tikal--e1740608132635-75x75.webp 75w, https:\/\/soymigrante.com\/revista\/wp-content\/uploads\/2025\/02\/Boda-tikal--e1740608132635-750x750.webp 750w\" sizes=\"(max-width: 766px) 100vw, 766px\" \/>\n            <\/div>\n        <\/div><div class=\"eael-entry-wrapper\"><header class=\"eael-entry-header\"><h2 class=\"eael-entry-title\"><a class=\"eael-grid-post-link\" href=\"https:\/\/soymigrante.com\/revista\/cuando-se-descubrio-tikal-y-cual-era-su-nombre-prehispanico\/\" title=\"\u00bfCu\u00e1ndo se descubri\u00f3 Tikal y cu\u00e1l era su nombre prehisp\u00e1nico?\">\u00bfCu\u00e1ndo se descubri\u00f3 Tikal y cu\u00e1l era su nombre prehisp\u00e1nico?<\/a><\/h2><\/header><div class=\"eael-entry-content\">\n                        <div class=\"eael-grid-post-excerpt\"><a href=\"https:\/\/soymigrante.com\/revista\/cuando-se-descubrio-tikal-y-cual-era-su-nombre-prehispanico\/\" class=\"eael-post-elements-readmore-btn\">CONOCE SU HISTORIA <\/a><\/div>\n                    <\/div><\/div><\/div>\n        <\/div>\n    <\/article><article class=\"eael-grid-post  eael-post-grid-column eael-pg-post-25372 category-guate-nuestra\" data-id=\"25372\">\n        <div class=\"eael-grid-post-holder\">\n            <div class=\"eael-grid-post-holder-inner\"><div class=\"eael-entry-media\"><div class=\"eael-entry-overlay fade-in\"><i class=\"far fa-hand-pointer\" aria-hidden=\"true\"><\/i><a href=\"https:\/\/soymigrante.com\/revista\/takalik-abaj-es-un-tesoro-de-la-humanidad-en-el-asintal-retalhuleu\/\"><\/a><\/div><div class=\"eael-entry-thumbnail \">\n                <img decoding=\"async\" width=\"720\" height=\"720\" src=\"https:\/\/soymigrante.com\/revista\/wp-content\/uploads\/2025\/02\/takalik-abaj2.webp\" class=\"attachment-large size-large wp-image-25373\" alt=\"Antigua estructura de piedra en zona arqueol\u00f3gica de Chiapas, s\u00edmbolo de cultura maya y patrimonio hist\u00f3rico.\" srcset=\"https:\/\/soymigrante.com\/revista\/wp-content\/uploads\/2025\/02\/takalik-abaj2.webp 720w, https:\/\/soymigrante.com\/revista\/wp-content\/uploads\/2025\/02\/takalik-abaj2-300x300.jpeg 300w, https:\/\/soymigrante.com\/revista\/wp-content\/uploads\/2025\/02\/takalik-abaj2-150x150.jpeg 150w, https:\/\/soymigrante.com\/revista\/wp-content\/uploads\/2025\/02\/takalik-abaj2-75x75.webp 75w\" sizes=\"(max-width: 720px) 100vw, 720px\" \/>\n            <\/div>\n        <\/div><div class=\"eael-entry-wrapper\"><header class=\"eael-entry-header\"><h2 class=\"eael-entry-title\"><a class=\"eael-grid-post-link\" href=\"https:\/\/soymigrante.com\/revista\/takalik-abaj-es-un-tesoro-de-la-humanidad-en-el-asintal-retalhuleu\/\" title=\"Takalik Abaj es un tesoro de la humanidad en El Asintal, Retalhuleu\">Takalik Abaj es un tesoro de la humanidad en El Asintal, Retalhuleu<\/a><\/h2><\/header><div class=\"eael-entry-content\">\n                        <div class=\"eael-grid-post-excerpt\"><a href=\"https:\/\/soymigrante.com\/revista\/takalik-abaj-es-un-tesoro-de-la-humanidad-en-el-asintal-retalhuleu\/\" class=\"eael-post-elements-readmore-btn\">CONOCE SU HISTORIA <\/a><\/div>\n                    <\/div><\/div><\/div>\n        <\/div>\n    <\/article><\/div>\n            <div class=\"clearfix\"><\/div>\n        <\/div>\t\t\t\t<\/div>\n\t\t\t\t\t<\/div>\n\t\t\t\t<\/div>\n\t\t\t\t<\/div>\n\t\t","protected":false},"excerpt":{"rendered":"<p>El Astroturismo en Guatemala es una experiencia para observar el cielo, estrellas y constelaciones aprovechando las \u00e1reas con cielos menos afectados por la contaminaci\u00f3n lum\u00ednica. Guatemala, con sus cielos despejados y baja contaminaci\u00f3n lum\u00ednica en diversas regiones, se ha convertido en un destino emergente para el astroturismo.&nbsp;\u00bfQu\u00e9 quiere decir baja contaminaci\u00f3n lum\u00ednica? Es la posibilidad [&hellip;]<\/p>\n","protected":false},"author":19,"featured_media":29341,"comment_status":"open","ping_status":"open","sticky":false,"template":"","format":"standard","meta":{"_acf_changed":false,"_eb_attr":"","footnotes":""},"categories":[58],"tags":[],"class_list":["post-29340","post","type-post","status-publish","format-standard","has-post-thumbnail","hentry","category-guate-nuestra"],"acf":[],"aioseo_notices":[],"aioseo_head":"\n\t\t<!-- All in One SEO Pro 4.9.6.2 - aioseo.com -->\n\t<meta name=\"description\" content=\"Takalik Abaj es un sitio que se encuentra en Retalhuleu y revela los or\u00edgenes de los mayas y su historia.\" \/>\n\t<meta name=\"robots\" content=\"max-snippet:-1, max-image-preview:large, max-video-preview:-1\" \/>\n\t<meta name=\"author\" content=\"Marysabel Aldana\"\/>\n\t<link rel=\"canonical\" href=\"https:\/\/soymigrante.com\/revista\/takalik-abaj-es-un-tesoro-de-la-humanidad-en-el-asintal-retalhuleu\/\" \/>\n\t<meta name=\"generator\" content=\"All in One SEO Pro (AIOSEO) 4.9.6.2\" \/>\n\n\t\t<link rel=\"preconnect\" href=\"https:\/\/fonts.googleapis.com\" crossorigin>\n<link rel=\"preconnect\" href=\"https:\/\/fonts.gstatic.com\" crossorigin>\n\t\t<meta property=\"og:locale\" content=\"es_ES\" \/>\n\t\t<meta property=\"og:site_name\" content=\"SoyMigrante.com REVISTA \u2013 Nuestra misi\u00f3n es reconocer y dignificar al migrante.\" \/>\n\t\t<meta property=\"og:type\" content=\"article\" \/>\n\t\t<meta property=\"og:title\" content=\"Takalik Abaj es un tesoro de la humanidad en El Asintal, Retalhuleu\" \/>\n\t\t<meta property=\"og:description\" content=\"Takalik Abaj es un sitio que se encuentra en Retalhuleu y revela los or\u00edgenes de los mayas y su historia.\" \/>\n\t\t<meta property=\"og:url\" content=\"https:\/\/soymigrante.com\/revista\/takalik-abaj-es-un-tesoro-de-la-humanidad-en-el-asintal-retalhuleu\/\" \/>\n\t\t<meta property=\"og:image\" content=\"https:\/\/soymigrante.com\/revista\/wp-content\/uploads\/2025\/02\/takalik-abaj2.webp\" \/>\n\t\t<meta property=\"og:image:secure_url\" content=\"https:\/\/soymigrante.com\/revista\/wp-content\/uploads\/2025\/02\/takalik-abaj2.webp\" \/>\n\t\t<meta property=\"og:image:width\" content=\"720\" \/>\n\t\t<meta property=\"og:image:height\" content=\"720\" \/>\n\t\t<meta property=\"article:published_time\" content=\"2025-02-17T20:58:49+00:00\" \/>\n\t\t<meta property=\"article:modified_time\" content=\"2025-03-10T20:31:21+00:00\" \/>\n\t\t<meta property=\"article:publisher\" content=\"https:\/\/www.facebook.com\/soymigrantecom\" \/>\n\t\t<meta name=\"twitter:card\" content=\"summary_large_image\" \/>\n\t\t<meta name=\"twitter:site\" content=\"@SoyMigrante_com\" \/>\n\t\t<meta name=\"twitter:title\" content=\"Takalik Abaj es un tesoro de la humanidad en El Asintal, Retalhuleu\" \/>\n\t\t<meta name=\"twitter:description\" content=\"Takalik Abaj es un sitio que se encuentra en Retalhuleu y revela los or\u00edgenes de los mayas y su historia.\" \/>\n\t\t<meta name=\"twitter:creator\" content=\"@SoyMigrante_com\" \/>\n\t\t<meta name=\"twitter:image\" content=\"https:\/\/soymigrante.com\/revista\/wp-content\/uploads\/2025\/02\/takalik-abaj2.webp\" \/>\n\t\t<!-- All in One SEO Pro -->\r\n\t\t<title>Takalik Abaj es un tesoro de la humanidad en El Asintal, Retalhuleu<\/title>\n\n","aioseo_head_json":{"title":"Takalik Abaj es un tesoro de la humanidad en El Asintal, Retalhuleu","description":"Takalik Abaj es un sitio que se encuentra en Retalhuleu y revela los or\u00edgenes de los mayas y su historia.","canonical_url":"https:\/\/soymigrante.com\/revista\/takalik-abaj-es-un-tesoro-de-la-humanidad-en-el-asintal-retalhuleu\/","robots":"max-snippet:-1, max-image-preview:large, max-video-preview:-1","keywords":"","webmasterTools":{"miscellaneous":"&lt;link rel=\"preconnect\" href=\"https:\/\/fonts.googleapis.com\" crossorigin&gt;\n&lt;link rel=\"preconnect\" href=\"https:\/\/fonts.gstatic.com\" crossorigin&gt;"},"schema":null,"og:locale":"es_ES","og:site_name":"SoyMigrante.com REVISTA \u2013 Nuestra misi\u00f3n es reconocer y dignificar al migrante.","og:type":"article","og:title":"Takalik Abaj es un tesoro de la humanidad en El Asintal, Retalhuleu","og:description":"Takalik Abaj es un sitio que se encuentra en Retalhuleu y revela los or\u00edgenes de los mayas y su historia.","og:url":"https:\/\/soymigrante.com\/revista\/takalik-abaj-es-un-tesoro-de-la-humanidad-en-el-asintal-retalhuleu\/","og:image":"https:\/\/soymigrante.com\/revista\/wp-content\/uploads\/2025\/02\/takalik-abaj2.webp","og:image:secure_url":"https:\/\/soymigrante.com\/revista\/wp-content\/uploads\/2025\/02\/takalik-abaj2.webp","og:image:width":720,"og:image:height":720,"article:published_time":"2025-02-17T20:58:49+00:00","article:modified_time":"2025-03-10T20:31:21+00:00","article:publisher":"https:\/\/www.facebook.com\/soymigrantecom","twitter:card":"summary_large_image","twitter:site":"@SoyMigrante_com","twitter:title":"Takalik Abaj es un tesoro de la humanidad en El Asintal, Retalhuleu","twitter:description":"Takalik Abaj es un sitio que se encuentra en Retalhuleu y revela los or\u00edgenes de los mayas y su historia.","twitter:creator":"@SoyMigrante_com","twitter:image":"https:\/\/soymigrante.com\/revista\/wp-content\/uploads\/2025\/02\/takalik-abaj2.webp"},"aioseo_meta_data":{"post_id":"29340","title":null,"description":"El Astroturismo en Guatemala es una experiencia para observar el cielo, estrellas y constelaciones.","keywords":null,"keyphrases":{"focus":{"keyphrase":"Astroturismo","score":82,"analysis":{"keyphraseInTitle":{"score":9,"maxScore":9,"error":0},"keyphraseInDescription":{"score":9,"maxScore":9,"error":0},"keyphraseLength":{"score":9,"maxScore":9,"error":0,"length":1},"keyphraseInURL":{"score":5,"maxScore":5,"error":0},"keyphraseInIntroduction":{"score":9,"maxScore":9,"error":0},"keyphraseInSubHeadings":{"score":3,"maxScore":9,"error":1},"keyphraseInImageAlt":{"score":3,"maxScore":9,"error":1},"keywordDensity":{"type":"best","score":9,"maxScore":9,"error":0}}},"additional":[{"keyphrase":"Astroturismo","score":87,"analysis":{"keyphraseInDescription":{"score":9,"maxScore":9,"error":0},"keyphraseLength":{"score":9,"maxScore":9,"error":0,"length":1},"keyphraseInIntroduction":{"score":9,"maxScore":9,"error":0},"keyphraseInImageAlt":{"score":3,"maxScore":9,"error":1},"keywordDensity":{"type":"best","score":9,"maxScore":9,"error":0}}},{"keyphrase":"Guatemala","score":87,"analysis":{"keyphraseInDescription":{"score":9,"maxScore":9,"error":0},"keyphraseLength":{"score":9,"maxScore":9,"error":0,"length":1},"keyphraseInIntroduction":{"score":9,"maxScore":9,"error":0},"keyphraseInImageAlt":{"score":3,"maxScore":9,"error":1},"keywordDensity":{"type":"best","score":9,"maxScore":9,"error":0}}}]},"primary_term":null,"canonical_url":null,"og_title":null,"og_description":null,"og_object_type":"default","og_image_type":"default","og_image_url":null,"og_image_width":null,"og_image_height":null,"og_image_custom_url":null,"og_image_custom_fields":null,"og_video":"","og_custom_url":null,"og_article_section":null,"og_article_tags":null,"twitter_use_og":false,"twitter_card":"default","twitter_image_type":"default","twitter_image_url":null,"twitter_image_custom_url":null,"twitter_image_custom_fields":null,"twitter_title":null,"twitter_description":null,"schema":{"blockGraphs":[],"customGraphs":[],"default":{"data":{"Article":[],"Course":[],"Dataset":[],"FAQPage":[],"Movie":[],"Person":[],"Product":[],"ProductReview":[],"Car":[],"Recipe":[],"Service":[],"SoftwareApplication":[],"WebPage":[]},"graphName":"BlogPosting","isEnabled":true},"graphs":[]},"schema_type":"default","schema_type_options":null,"pillar_content":false,"robots_default":true,"robots_noindex":false,"robots_noarchive":false,"robots_nosnippet":false,"robots_nofollow":false,"robots_noimageindex":false,"robots_noodp":false,"robots_notranslate":false,"robots_max_snippet":"-1","robots_max_videopreview":"-1","robots_max_imagepreview":"large","priority":null,"frequency":"default","local_seo":null,"seo_analyzer_scan_date":"2025-10-09 03:52:21","breadcrumb_settings":null,"limit_modified_date":false,"reviewed_by":null,"open_ai":"{\"title\":{\"suggestions\":[],\"usage\":0},\"description\":{\"suggestions\":[],\"usage\":0}}","ai":null,"created":"2025-03-26 18:49:00","updated":"2026-02-04 22:35:14"},"aioseo_breadcrumb":"<div class=\"aioseo-breadcrumbs\"><span class=\"aioseo-breadcrumb\">\n\t<a href=\"https:\/\/soymigrante.com\/revista\" title=\"Home\">Home<\/a>\n<\/span><span class=\"aioseo-breadcrumb-separator\">\u00bb<\/span><span class=\"aioseo-breadcrumb\">\n\t<a href=\"https:\/\/soymigrante.com\/revista\/category\/guate-nuestra\/\" title=\"Guate Nuestra\">Guate Nuestra<\/a>\n<\/span><span class=\"aioseo-breadcrumb-separator\">\u00bb<\/span><span class=\"aioseo-breadcrumb\">\n\tAstroturismo en Guatemala: Una experiencia que parece de otro planeta\n<\/span><\/div>","aioseo_breadcrumb_json":[{"label":"Home","link":"https:\/\/soymigrante.com\/revista"},{"label":"Guate Nuestra","link":"https:\/\/soymigrante.com\/revista\/category\/guate-nuestra\/"},{"label":"Astroturismo en Guatemala: Una experiencia que parece de otro planeta","link":"https:\/\/soymigrante.com\/revista\/astroturismo-en-guatemala-una-experiencia-de-otro-planeta\/"}],"_links":{"self":[{"href":"https:\/\/soymigrante.com\/revista\/wp-json\/wp\/v2\/posts\/29340","targetHints":{"allow":["GET"]}}],"collection":[{"href":"https:\/\/soymigrante.com\/revista\/wp-json\/wp\/v2\/posts"}],"about":[{"href":"https:\/\/soymigrante.com\/revista\/wp-json\/wp\/v2\/types\/post"}],"author":[{"embeddable":true,"href":"https:\/\/soymigrante.com\/revista\/wp-json\/wp\/v2\/users\/19"}],"replies":[{"embeddable":true,"href":"https:\/\/soymigrante.com\/revista\/wp-json\/wp\/v2\/comments?post=29340"}],"version-history":[{"count":0,"href":"https:\/\/soymigrante.com\/revista\/wp-json\/wp\/v2\/posts\/29340\/revisions"}],"wp:featuredmedia":[{"embeddable":true,"href":"https:\/\/soymigrante.com\/revista\/wp-json\/wp\/v2\/media\/29341"}],"wp:attachment":[{"href":"https:\/\/soymigrante.com\/revista\/wp-json\/wp\/v2\/media?parent=29340"}],"wp:term":[{"taxonomy":"category","embeddable":true,"href":"https:\/\/soymigrante.com\/revista\/wp-json\/wp\/v2\/categories?post=29340"},{"taxonomy":"post_tag","embeddable":true,"href":"https:\/\/soymigrante.com\/revista\/wp-json\/wp\/v2\/tags?post=29340"}],"curies":[{"name":"wp","href":"https:\/\/api.w.org\/{rel}","templated":true}]}}