{"id":29338,"date":"2025-03-26T14:20:44","date_gmt":"2025-03-26T20:20:44","guid":{"rendered":"https:\/\/soymigrante.com\/revista\/?p=29338"},"modified":"2025-05-12T15:39:19","modified_gmt":"2025-05-12T21:39:19","slug":"joyas-mayas-migrantes-procesion-prehispanica-en-el-vaso-de-ratinlixul-conservado-en-pensilvania","status":"publish","type":"post","link":"https:\/\/soymigrante.com\/revista\/joyas-mayas-migrantes-procesion-prehispanica-en-el-vaso-de-ratinlixul-conservado-en-pensilvania\/","title":{"rendered":"Joyas mayas migrantes: procesi\u00f3n prehisp\u00e1nica en el vaso de Ratinlixul, conservado en Pensilvania"},"content":{"rendered":"\t\t<div data-elementor-type=\"wp-post\" data-elementor-id=\"29338\" class=\"elementor elementor-29338\" data-elementor-post-type=\"post\">\n\t\t\t\t<div data-particle_enable=\"false\" data-particle-mobile-disabled=\"false\" class=\"elementor-element elementor-element-3b1e622 e-flex e-con-boxed e-con e-parent\" data-id=\"3b1e622\" data-element_type=\"container\" data-e-type=\"container\">\n\t\t\t\t\t<div class=\"e-con-inner\">\n\t\t\t\t<div class=\"elementor-element elementor-element-5409df5 elementor-widget elementor-widget-heading\" data-id=\"5409df5\" data-element_type=\"widget\" data-e-type=\"widget\" data-widget_type=\"heading.default\">\n\t\t\t\t\t<h2 class=\"elementor-heading-title elementor-size-default\">Con solo 12 cent\u00edmetros de altura es una maravillosa joya cer\u00e1mica maya migrante: el vaso de Ratinlixul (data del a\u00f1o 600 al 900) y muestra la procesi\u00f3n de un personaje poderoso, posiblemente fallecido, portado por dos cargadores y acompa\u00f1ado por m\u00fasicos.<\/h2>\t\t\t\t<\/div>\n\t\t\t\t<div class=\"elementor-element elementor-element-a577e1c elementor-widget elementor-widget-html\" data-id=\"a577e1c\" data-element_type=\"widget\" data-e-type=\"widget\" data-widget_type=\"html.default\">\n\t\t\t\t\t<div id=\"buzzsprout-player-17147535\"><\/div><script src=\"https:\/\/www.buzzsprout.com\/2444168\/episodes\/17147535-una-procesion-maya-en-el-vaso-de-ratinlixul.js?container_id=buzzsprout-player-17147535&player=small\" type=\"text\/javascript\" charset=\"utf-8\"><\/script>\t\t\t\t<\/div>\n\t\t\t\t\t<\/div>\n\t\t\t\t<\/div>\n\t\t<div data-particle_enable=\"false\" data-particle-mobile-disabled=\"false\" class=\"elementor-element elementor-element-26f740a e-flex e-con-boxed e-con e-parent\" data-id=\"26f740a\" data-element_type=\"container\" data-e-type=\"container\">\n\t\t\t\t\t<div class=\"e-con-inner\">\n\t\t\t\t<div class=\"elementor-element elementor-element-0a5bcde elementor-widget elementor-widget-text-editor\" data-id=\"0a5bcde\" data-element_type=\"widget\" data-e-type=\"widget\" data-widget_type=\"text-editor.default\">\n\t\t\t\t\t\t\t\t\t<p><span style=\"text-align: var(--text-align);\">El Vaso de Ratinlixul es una pieza emblem\u00e1tica de la cer\u00e1mica maya debido a la escena de una procesi\u00f3n funeraria representada en \u00e9l. Esta pieza de 12 centr\u00edmetros de altura proviene de la tradici\u00f3n cer\u00e1mica denominada Cham\u00e1 y fue hallada en un sitio maya de <a href=\"https:\/\/soymigrante.com\/revista\/departamentos-de-guatemala-quiche-tierra-de-rios-arboles-montanas-y-el-popol-vuh\/\">Quich\u00e9<\/a>. Data aproximadamente del siglo VII. Se encuentra conservada y expuesta permanentemente en la <a href=\"https:\/\/www.penn.museum\/collections\/object\/206554\">galer\u00eda\u00a0 de arqueolog\u00eda mesoamericana (M\u00e9xico y Guatemala) en el Museo de la Universidad de Pensilvania, en Filadelfia.<\/a><\/span><\/p><p>Esta joya maya fue descubierta en 1924 por el arque\u00f3logo Robert Burkitt, en el sitio de Ratinlixul, en la regi\u00f3n de El Quich\u00e9, Guatemala. De all\u00ed su nombre y desde su hallazgo ha sido motivo de muchos estudios y debates, sobre todo porque representa a un hombre llevado en un palanqu\u00edn o andarilla por dos cargadores y seguido por un s\u00e9quito de m\u00fasicos.\u00a0<\/p><p>Este concepto autom\u00e1ticamente se conecta con la tradici\u00f3n de las <a href=\"https:\/\/soymigrante.com\/revista\/procesiones-de-cuaresma-2025-en-la-ciudad-de-guatemala\/\">procesiones guatemaltecas<\/a>, que tiene muchos elementos de la tradici\u00f3n cat\u00f3lica colonial espa\u00f1ola, pero que, seg\u00fan este vaso, conecta con elementos mayas prehisp\u00e1nicos.<\/p>\t\t\t\t\t\t\t\t<\/div>\n\t\t\t\t\t<\/div>\n\t\t\t\t<\/div>\n\t\t<div data-particle_enable=\"false\" data-particle-mobile-disabled=\"false\" class=\"elementor-element elementor-element-730781d e-flex e-con-boxed e-con e-parent\" data-id=\"730781d\" data-element_type=\"container\" data-e-type=\"container\">\n\t\t\t\t\t<div class=\"e-con-inner\">\n\t\t\t\t<div class=\"elementor-element elementor-element-a3c091b elementor-widget elementor-widget-image\" data-id=\"a3c091b\" data-element_type=\"widget\" data-e-type=\"widget\" data-widget_type=\"image.default\">\n\t\t\t\t\t\t\t\t\t\t\t\t<figure class=\"wp-caption\">\n\t\t\t\t\t\t\t\t\t\t\t<a href=\"https:\/\/www.penn.museum\/on-view\/galleries-exhibitions\/mexico-central-america-gallery\">\n\t\t\t\t\t\t\t<img fetchpriority=\"high\" decoding=\"async\" width=\"768\" height=\"999\" src=\"https:\/\/soymigrante.com\/revista\/wp-content\/uploads\/2025\/03\/vaso-ratinlixul-universidad-de-pensilvania-787x1024.jpg\" class=\"attachment-large size-large wp-image-29361\" alt=\"Colorido vaso prehisp\u00e1nico con detalles de arte azteca, exhibiendo historia y cultura mexicana, ideal para art\u00edculos sobre arte, antig\u00fcedades y civilizaciones antiguas.\" srcset=\"https:\/\/soymigrante.com\/revista\/wp-content\/uploads\/2025\/03\/vaso-ratinlixul-universidad-de-pensilvania-787x1024.jpg 787w, https:\/\/soymigrante.com\/revista\/wp-content\/uploads\/2025\/03\/vaso-ratinlixul-universidad-de-pensilvania-230x300.jpg 230w, https:\/\/soymigrante.com\/revista\/wp-content\/uploads\/2025\/03\/vaso-ratinlixul-universidad-de-pensilvania-768x1000.jpg 768w, https:\/\/soymigrante.com\/revista\/wp-content\/uploads\/2025\/03\/vaso-ratinlixul-universidad-de-pensilvania-1180x1536.jpg 1180w, https:\/\/soymigrante.com\/revista\/wp-content\/uploads\/2025\/03\/vaso-ratinlixul-universidad-de-pensilvania-750x976.webp 750w, https:\/\/soymigrante.com\/revista\/wp-content\/uploads\/2025\/03\/vaso-ratinlixul-universidad-de-pensilvania-1140x1484.webp 1140w, https:\/\/soymigrante.com\/revista\/wp-content\/uploads\/2025\/03\/vaso-ratinlixul-universidad-de-pensilvania.webp 1229w\" sizes=\"(max-width: 768px) 100vw, 768px\" title=\"El vaso de Ratinlixul, Quich\u00e9, se encuentra expuesto en la galer\u00eda Mesoamericana del Museo de la Universidad de Pensilvania. (Fotograf\u00eda Penn Museum -Guatemalan Expedition, Robert Burkitt, 1924) Si deseas visitar la p\u00e1gina del museo clic en la imagen. \u2013 SoyMigrante.com REVISTA\" \/>\t\t\t\t\t\t\t\t<\/a>\n\t\t\t\t\t\t\t\t\t\t\t<figcaption class=\"widget-image-caption wp-caption-text\">Vaso prehisp\u00e1nico con arte azteca, historia y cultura mexicana antigua, perfecto para art\u00edculos sobre civilizaciones, antig\u00fcedades y arte hist\u00f3rico.<\/figcaption>\n\t\t\t\t\t\t\t\t\t\t<\/figure>\n\t\t\t\t\t\t\t\t\t<\/div>\n\t\t\t\t\t<\/div>\n\t\t\t\t<\/div>\n\t\t<div data-particle_enable=\"false\" data-particle-mobile-disabled=\"false\" class=\"elementor-element elementor-element-b34d1e0 e-flex e-con-boxed e-con e-parent\" data-id=\"b34d1e0\" data-element_type=\"container\" data-e-type=\"container\">\n\t\t\t\t\t<div class=\"e-con-inner\">\n\t\t\t\t<div class=\"elementor-element elementor-element-cffc828 elementor-widget elementor-widget-heading\" data-id=\"cffc828\" data-element_type=\"widget\" data-e-type=\"widget\" data-widget_type=\"heading.default\">\n\t\t\t\t\t<h3 class=\"elementor-heading-title elementor-size-default\">Detalles llamativos de la procesi\u00f3n maya<\/h3>\t\t\t\t<\/div>\n\t\t\t\t\t<\/div>\n\t\t\t\t<\/div>\n\t\t<div data-particle_enable=\"false\" data-particle-mobile-disabled=\"false\" class=\"elementor-element elementor-element-f4d8165 e-flex e-con-boxed e-con e-parent\" data-id=\"f4d8165\" data-element_type=\"container\" data-e-type=\"container\">\n\t\t\t\t\t<div class=\"e-con-inner\">\n\t\t\t\t<div class=\"elementor-element elementor-element-689c328 elementor-widget elementor-widget-text-editor\" data-id=\"689c328\" data-element_type=\"widget\" data-e-type=\"widget\" data-widget_type=\"text-editor.default\">\n\t\t\t\t\t\t\t\t\t<p><span style=\"color: var( --e-global-color-text ); text-align: var(--text-align);\">La escena representada en el <a href=\"https:\/\/www.penn.museum\/collections\/object\/206554\">Vaso de Ratinlixul<\/a> ha sido objeto de extensos estudios y debates. En ella se muestra a un hombre transportado en una andarilla o palanqu\u00edn por dos cargadores. Un perro se puede ver debajo de la litera, y este detalle tiene un significado espec\u00edfico.<\/span><\/p><p>El personaje transportado sostiene un abanico, s\u00edmbolo de poder y estatus, asociado tanto con comerciantes como, sobre todo, con gobernantes y miembros de \u00e9lites. Se sabe que este personaje est\u00e1 muerto porque de su frente emana una figura relacionada con la muerte y la trascendencia. Adem\u00e1s, su tocado se adorna con la llamarada del <a href=\"https:\/\/soymigrante.com\/revista\/joyas-mayas-migrantes-senora-luna-envuelta-por-una-serpiente-vaso-conservado-en-los-angeles\/\">Dios K, una deidad asociada con el rayo y la descendencia din\u00e1stica y que tambi\u00e9n aparece en otras joyas mayas migrantes.<\/a><\/p><p><a href=\"https:\/\/soymigrante.com\/revista\/a-la-mascota-con-carino-cuidados-del-perro-que-no-siempre-se-conocen\/\">El perro <\/a>debajo de la litera representa un guardi\u00e1n del inframundo o tambi\u00e9n un nahual de alg\u00fan cham\u00e1n, que acompa\u00f1a el alma del finado en la otra dimensi\u00f3n. A los perros se les atribu\u00edan facultades sobrenaturales y la capacidad de conectar con el mundo de los muertos.<\/p>\t\t\t\t\t\t\t\t<\/div>\n\t\t\t\t\t<\/div>\n\t\t\t\t<\/div>\n\t\t<div data-particle_enable=\"false\" data-particle-mobile-disabled=\"false\" class=\"elementor-element elementor-element-8995e40 e-flex e-con-boxed e-con e-parent\" data-id=\"8995e40\" data-element_type=\"container\" data-e-type=\"container\">\n\t\t\t\t\t<div class=\"e-con-inner\">\n\t\t\t\t<div class=\"elementor-element elementor-element-dae4565 elementor-widget elementor-widget-image\" data-id=\"dae4565\" data-element_type=\"widget\" data-e-type=\"widget\" data-widget_type=\"image.default\">\n\t\t\t\t\t\t\t\t\t\t\t\t<figure class=\"wp-caption\">\n\t\t\t\t\t\t\t\t\t\t<img decoding=\"async\" width=\"768\" height=\"279\" src=\"https:\/\/soymigrante.com\/revista\/wp-content\/uploads\/2025\/03\/vaso-ratinlixul-museo-universidad-de-pensilvania-1024x372.jpg\" class=\"attachment-large size-large wp-image-29362\" alt=\"Huellas de la antigua civilizaci\u00f3n maya en una piedra, con personajes y escenas que reflejan la cultura, mitolog\u00eda y historia prehisp\u00e1nica de M\u00e9xico.\" srcset=\"https:\/\/soymigrante.com\/revista\/wp-content\/uploads\/2025\/03\/vaso-ratinlixul-museo-universidad-de-pensilvania-1024x372.jpg 1024w, https:\/\/soymigrante.com\/revista\/wp-content\/uploads\/2025\/03\/vaso-ratinlixul-museo-universidad-de-pensilvania-300x109.jpg 300w, https:\/\/soymigrante.com\/revista\/wp-content\/uploads\/2025\/03\/vaso-ratinlixul-museo-universidad-de-pensilvania-768x279.jpg 768w, https:\/\/soymigrante.com\/revista\/wp-content\/uploads\/2025\/03\/vaso-ratinlixul-museo-universidad-de-pensilvania-750x273.webp 750w, https:\/\/soymigrante.com\/revista\/wp-content\/uploads\/2025\/03\/vaso-ratinlixul-museo-universidad-de-pensilvania-1140x414.webp 1140w, https:\/\/soymigrante.com\/revista\/wp-content\/uploads\/2025\/03\/vaso-ratinlixul-museo-universidad-de-pensilvania.webp 1315w\" sizes=\"(max-width: 768px) 100vw, 768px\" title=\"Esta es una visi\u00f3n &quot;roll out&quot; o plana de la escena procesional, posiblemente f\u00fanebre, del vaso de Ratinlixul. Im\u00e1gen presentada para prop\u00f3sitos educativos y de valoraci\u00f3n de patrimonio cultural maya (Fotograf\u00eda Penn Museum -Guatemalan Expedition, Robert Burkitt, 1924) Si deseas visitar la p\u00e1gina del museo en donde hay m\u00e1s fotograf\u00edas de esta pieza haz clic en la imagen. \u2013 SoyMigrante.com REVISTA\" \/>\t\t\t\t\t\t\t\t\t\t\t<figcaption class=\"widget-image-caption wp-caption-text\">Mural antiguo maya con escenas culturales y personajes en colores terrosos, representando la historia y mitolog\u00eda maya, destacado en la revista SoyMigrante.com.<\/figcaption>\n\t\t\t\t\t\t\t\t\t\t<\/figure>\n\t\t\t\t\t\t\t\t\t<\/div>\n\t\t\t\t\t<\/div>\n\t\t\t\t<\/div>\n\t\t<div data-particle_enable=\"false\" data-particle-mobile-disabled=\"false\" class=\"elementor-element elementor-element-72011ff e-flex e-con-boxed e-con e-parent\" data-id=\"72011ff\" data-element_type=\"container\" data-e-type=\"container\">\n\t\t\t\t\t<div class=\"e-con-inner\">\n\t\t\t\t<div class=\"elementor-element elementor-element-a962d4a elementor-widget elementor-widget-image\" data-id=\"a962d4a\" data-element_type=\"widget\" data-e-type=\"widget\" data-widget_type=\"image.default\">\n\t\t\t\t\t\t\t\t\t\t\t\t<figure class=\"wp-caption\">\n\t\t\t\t\t\t\t\t\t\t<img decoding=\"async\" width=\"768\" height=\"491\" src=\"https:\/\/soymigrante.com\/revista\/wp-content\/uploads\/2025\/03\/dibujo-vaso-ratinlixul-1024x655.jpg\" class=\"attachment-large size-large wp-image-29363\" alt=\"Detalles de una pintura mural prehisp\u00e1nica mexicana con personajes hist\u00f3ricos y s\u00edmbolos culturales.\" srcset=\"https:\/\/soymigrante.com\/revista\/wp-content\/uploads\/2025\/03\/dibujo-vaso-ratinlixul-1024x655.jpg 1024w, https:\/\/soymigrante.com\/revista\/wp-content\/uploads\/2025\/03\/dibujo-vaso-ratinlixul-300x192.jpg 300w, https:\/\/soymigrante.com\/revista\/wp-content\/uploads\/2025\/03\/dibujo-vaso-ratinlixul-768x492.jpg 768w, https:\/\/soymigrante.com\/revista\/wp-content\/uploads\/2025\/03\/dibujo-vaso-ratinlixul-1536x983.jpg 1536w, https:\/\/soymigrante.com\/revista\/wp-content\/uploads\/2025\/03\/dibujo-vaso-ratinlixul-750x480.webp 750w, https:\/\/soymigrante.com\/revista\/wp-content\/uploads\/2025\/03\/dibujo-vaso-ratinlixul-1140x730.webp 1140w, https:\/\/soymigrante.com\/revista\/wp-content\/uploads\/2025\/03\/dibujo-vaso-ratinlixul.webp 1600w\" sizes=\"(max-width: 768px) 100vw, 768px\" title=\"Seg\u00fan describe la arque\u00f3loga Kornelia Kurbujuhn, en un estudio sobre el Vaso de Ratinlijul el personaje destacado es portado por dos dignatarios (lo cual indica que portar el anda es un honor). Detr\u00e1s de estos va un individuo con una piel de jaguar y una estera y tres m\u00fasicos. (Dibujo hecho por el arque\u00f3logo Sylvanus Morley) \u2013 SoyMigrante.com REVISTA\" \/>\t\t\t\t\t\t\t\t\t\t\t<figcaption class=\"widget-image-caption wp-caption-text\">Virreinal y arte prehisp\u00e1nico mexicano en la revista SoyMigrante.com.<\/figcaption>\n\t\t\t\t\t\t\t\t\t\t<\/figure>\n\t\t\t\t\t\t\t\t\t<\/div>\n\t\t\t\t\t<\/div>\n\t\t\t\t<\/div>\n\t\t<div data-particle_enable=\"false\" data-particle-mobile-disabled=\"false\" class=\"elementor-element elementor-element-810121e e-flex e-con-boxed e-con e-parent\" data-id=\"810121e\" data-element_type=\"container\" data-e-type=\"container\">\n\t\t\t\t\t<div class=\"e-con-inner\">\n\t\t\t\t<div class=\"elementor-element elementor-element-128f913 elementor-widget elementor-widget-heading\" data-id=\"128f913\" data-element_type=\"widget\" data-e-type=\"widget\" data-widget_type=\"heading.default\">\n\t\t\t\t\t<h3 class=\"elementor-heading-title elementor-size-default\">M\u00fasicos detr\u00e1s de los cargadores<\/h3>\t\t\t\t<\/div>\n\t\t\t\t\t<\/div>\n\t\t\t\t<\/div>\n\t\t<div data-particle_enable=\"false\" data-particle-mobile-disabled=\"false\" class=\"elementor-element elementor-element-7e3235f e-flex e-con-boxed e-con e-parent\" data-id=\"7e3235f\" data-element_type=\"container\" data-e-type=\"container\">\n\t\t\t\t\t<div class=\"e-con-inner\">\n\t\t\t\t<div class=\"elementor-element elementor-element-6196634 elementor-widget elementor-widget-text-editor\" data-id=\"6196634\" data-element_type=\"widget\" data-e-type=\"widget\" data-widget_type=\"text-editor.default\">\n\t\t\t\t\t\t\t\t\t<p><span style=\"color: var( --e-global-color-text ); text-align: var(--text-align);\">La escena tambi\u00e9n muestra m\u00fasicos que acompa\u00f1an al personaje en la litera, sugiriendo que podr\u00edan ser sacerdotes o astr\u00f3nomos. Los tres asistentes llevan trompetas largas que podr\u00edan sonar en alg\u00fan punto del ritual. Tambi\u00e9n se ha especulado que uno de los acompa\u00f1antes del cortejo lleva a la espalda un objeto que podr\u00eda ser una &#8220;marimba&#8221;, pero en tal \u00e9poca a\u00fan no exist\u00eda el concepto de tablillas agrupadas. Por eso otras interpretaciones indican que se trata de una estera enrollada, posiblemente para la sepultura del personaje.<\/span><\/p><p>La procesi\u00f3n del Vaso de Ratinlixul ha sido representada en otros vasos de cer\u00e1mica del estilo Cham\u00e1, que repiten el mismo tema, lo cual refleja la importancia o el alto nivel que tuvo el personaje. El Vaso de Nebaj y otros dos conservados en colecciones privadas muestran al personaje transportado por dos cargadores, con un perro debajo de la litera. Existen variantes, pues en uno de los vasos aparece un enano junto al perro.<\/p><p>Existen otros vasos mayas con una escena similar, lo cual se ha interpretado como una reproducci\u00f3n manual del mismo suceso, aunque con leves diferencias. En una de estas escenas junto al perro hay un ni\u00f1o o un enano, recordando que las personas de estatura peque\u00f1a eran consideradas portadoras de dones especiales.<\/p><p>La <a href=\"https:\/\/soymigrante.com\/revista\/joyas-mayas-migrantes-el-vaso-chama-en-pennsylvania\/\">cer\u00e1mica de Cham\u00e1<\/a> alcanz\u00f3 alto desarrollo y sus ejemplos son deslumbrantes, pero solo dur\u00f3 durante dos o tres generaciones. Es caracter\u00edstico en alla el uso de tonos rojizos y negros, as\u00ed como los patrones arriba y abajo de las escenas.<\/p>\t\t\t\t\t\t\t\t<\/div>\n\t\t\t\t\t<\/div>\n\t\t\t\t<\/div>\n\t\t<div data-particle_enable=\"false\" data-particle-mobile-disabled=\"false\" class=\"elementor-element elementor-element-6956a2c e-flex e-con-boxed e-con e-parent\" data-id=\"6956a2c\" data-element_type=\"container\" data-e-type=\"container\">\n\t\t\t\t\t<div class=\"e-con-inner\">\n\t\t\t\t<div class=\"elementor-element elementor-element-fd9dde7 elementor-widget elementor-widget-heading\" data-id=\"fd9dde7\" data-element_type=\"widget\" data-e-type=\"widget\" data-widget_type=\"heading.default\">\n\t\t\t\t\t<h4 class=\"elementor-heading-title elementor-size-default\">Otros vasos que al parecer representan la misma procesi\u00f3n<\/h4>\t\t\t\t<\/div>\n\t\t\t\t\t<\/div>\n\t\t\t\t<\/div>\n\t\t<div data-particle_enable=\"false\" data-particle-mobile-disabled=\"false\" class=\"elementor-element elementor-element-2ae9527 e-flex e-con-boxed e-con e-parent\" data-id=\"2ae9527\" data-element_type=\"container\" data-e-type=\"container\">\n\t\t\t\t\t<div class=\"e-con-inner\">\n\t\t\t\t<div class=\"elementor-element elementor-element-7737155 elementor-widget elementor-widget-image\" data-id=\"7737155\" data-element_type=\"widget\" data-e-type=\"widget\" data-widget_type=\"image.default\">\n\t\t\t\t\t\t\t\t\t\t\t\t<figure class=\"wp-caption\">\n\t\t\t\t\t\t\t\t\t\t\t<a href=\"https:\/\/mcd.gob.gt\/wp-content\/uploads\/2021\/03\/Semana-Santa-Dossier-UNESCO.pdf\">\n\t\t\t\t\t\t\t<img loading=\"lazy\" decoding=\"async\" width=\"768\" height=\"216\" src=\"https:\/\/soymigrante.com\/revista\/wp-content\/uploads\/2025\/03\/vaso-maya-coleccion-privada.webp\" class=\"attachment-large size-large wp-image-29364\" alt=\"Mural prehisp\u00e1nico de figuras humanas y animales en colores terracota y ocre, representando una escena cultural ancestral mexicana.\" srcset=\"https:\/\/soymigrante.com\/revista\/wp-content\/uploads\/2025\/03\/vaso-maya-coleccion-privada.webp 874w, https:\/\/soymigrante.com\/revista\/wp-content\/uploads\/2025\/03\/vaso-maya-coleccion-privada-300x84.png 300w, https:\/\/soymigrante.com\/revista\/wp-content\/uploads\/2025\/03\/vaso-maya-coleccion-privada-768x216.png 768w, https:\/\/soymigrante.com\/revista\/wp-content\/uploads\/2025\/03\/vaso-maya-coleccion-privada-750x211.webp 750w\" sizes=\"(max-width: 768px) 100vw, 768px\" title=\"Este es otro vaso maya con una escena parecida al de Ratinlixul. Aunque en este caso, adem\u00e1s de los m\u00fasicos algunos de los seguidores parecen llevar remos, lo cual tambi\u00e9n hace alusi\u00f3n al viaje al inframundo. Este vaso est\u00e1 en una colecci\u00f3n privada cuya ubicaci\u00f3n no se revela. La ilustraci\u00f3n aparece en el informe del Ministerio de Cultura y Deportes dedicado a exponer las razones para declarar  la Semana Santa Guatemalteca como Patrimonio Mundial de la Humanidad ante la Unesco. Para ver el informe completo puede dar clic en la imagen. \u2013 SoyMigrante.com REVISTA\" \/>\t\t\t\t\t\t\t\t<\/a>\n\t\t\t\t\t\t\t\t\t\t\t<figcaption class=\"widget-image-caption wp-caption-text\">Detalle de un mural ind\u00edgena con figuras humanas, m\u00fasicos y animales en tonos ocres y rojo, reflejando tradiciones culturales mexicanas antiguas.<\/figcaption>\n\t\t\t\t\t\t\t\t\t\t<\/figure>\n\t\t\t\t\t\t\t\t\t<\/div>\n\t\t\t\t\t<\/div>\n\t\t\t\t<\/div>\n\t\t<div data-particle_enable=\"false\" data-particle-mobile-disabled=\"false\" class=\"elementor-element elementor-element-3282195 e-flex e-con-boxed e-con e-parent\" data-id=\"3282195\" data-element_type=\"container\" data-e-type=\"container\">\n\t\t\t\t\t<div class=\"e-con-inner\">\n\t\t\t\t<div class=\"elementor-element elementor-element-1531342 elementor-widget elementor-widget-image\" data-id=\"1531342\" data-element_type=\"widget\" data-e-type=\"widget\" data-widget_type=\"image.default\">\n\t\t\t\t\t\t\t\t\t\t\t\t<figure class=\"wp-caption\">\n\t\t\t\t\t\t\t\t\t\t<img loading=\"lazy\" decoding=\"async\" width=\"727\" height=\"266\" src=\"https:\/\/soymigrante.com\/revista\/wp-content\/uploads\/2025\/03\/Captura-de-pantalla-2025-03-26-135529.webp\" class=\"attachment-large size-large wp-image-29366\" alt=\"Migrantes mayas en relieve, arte prehisp\u00e1nico, mural antiguo, figuras arqueol\u00f3gicas, historia de M\u00e9xico, cultura ind\u00edgena, artesan\u00eda y legado ancestral, decorado tradicional en cer\u00e1mica.\" srcset=\"https:\/\/soymigrante.com\/revista\/wp-content\/uploads\/2025\/03\/Captura-de-pantalla-2025-03-26-135529.webp 727w, https:\/\/soymigrante.com\/revista\/wp-content\/uploads\/2025\/03\/Captura-de-pantalla-2025-03-26-135529-300x110.png 300w\" sizes=\"(max-width: 727px) 100vw, 727px\" title=\"Dibujo del vaso maya anterior, de una colecci\u00f3n privada, efectuado por la arqueologa Kornelia Kurbujuhn en un estudio acerca del vaso de Ratinlixul. \u2013 SoyMigrante.com REVISTA\" \/>\t\t\t\t\t\t\t\t\t\t\t<figcaption class=\"widget-image-caption wp-caption-text\">Dibujo del vaso maya anterior, de una colecci\u00f3n privada, efectuado por la arqueologa Kornelia Kurbujuhn en un estudio acerca del vaso de Ratinlixul.<\/figcaption>\n\t\t\t\t\t\t\t\t\t\t<\/figure>\n\t\t\t\t\t\t\t\t\t<\/div>\n\t\t\t\t\t<\/div>\n\t\t\t\t<\/div>\n\t\t<div data-particle_enable=\"false\" data-particle-mobile-disabled=\"false\" class=\"elementor-element elementor-element-156ef2d e-flex e-con-boxed e-con e-parent\" data-id=\"156ef2d\" data-element_type=\"container\" data-e-type=\"container\">\n\t\t\t\t\t<div class=\"e-con-inner\">\n\t\t\t\t<div class=\"elementor-element elementor-element-bcd0969 elementor-widget elementor-widget-image\" data-id=\"bcd0969\" data-element_type=\"widget\" data-e-type=\"widget\" data-widget_type=\"image.default\">\n\t\t\t\t\t\t\t\t\t\t\t\t<figure class=\"wp-caption\">\n\t\t\t\t\t\t\t\t\t\t\t<a href=\"https:\/\/research.mayavase.com\/kerrmaya.html\">\n\t\t\t\t\t\t\t<img loading=\"lazy\" decoding=\"async\" width=\"768\" height=\"268\" src=\"https:\/\/soymigrante.com\/revista\/wp-content\/uploads\/2025\/03\/Captura-de-pantalla-2025-03-26-105230.webp\" class=\"attachment-large size-large wp-image-29367\" alt=\"Influencias prehisp\u00e1nicas y cultura ind\u00edgena en la cultura mexicana, representadas en un mural con figuras humanas adornadas con vestimentas tradicionales y s\u00edmbolos ancestrales.\" srcset=\"https:\/\/soymigrante.com\/revista\/wp-content\/uploads\/2025\/03\/Captura-de-pantalla-2025-03-26-105230.webp 773w, https:\/\/soymigrante.com\/revista\/wp-content\/uploads\/2025\/03\/Captura-de-pantalla-2025-03-26-105230-300x105.png 300w, https:\/\/soymigrante.com\/revista\/wp-content\/uploads\/2025\/03\/Captura-de-pantalla-2025-03-26-105230-768x268.png 768w, https:\/\/soymigrante.com\/revista\/wp-content\/uploads\/2025\/03\/Captura-de-pantalla-2025-03-26-105230-750x262.webp 750w\" sizes=\"(max-width: 768px) 100vw, 768px\" title=\"Otra versi\u00f3n del tema de procesi\u00f3n, similar al vaso de Ratinlixul. Este es un vaso de Cham\u00e1. N\u00f3tese que tambi\u00e9n tiene un perro, aunque la calidad del dibujo es distinta. Esto evidencia c\u00f3mo la tradici\u00f3n cer\u00e1mica de Cham\u00e1 decay\u00f3 r\u00e1pidamente quiz\u00e1 a causa de rivalidades y enfrentamientos. (Fotograf\u00eda de la colecci\u00f3n de Justin Kerr, fot\u00f3grafo que cre\u00f3 el sistema Roll Our para poder presentar en un solo plano las im\u00e1genes de vasos mayas. Si desea entrar a su sitio Mayavase, puede hacer clic en la imagen. \u2013 SoyMigrante.com REVISTA\" \/>\t\t\t\t\t\t\t\t<\/a>\n\t\t\t\t\t\t\t\t\t\t\t<figcaption class=\"widget-image-caption wp-caption-text\">Mural que refleja las influencias culturales prehisp\u00e1nicas en M\u00e9xico, con figuras humanas con vestimentas tradicionales y s\u00edmbolos ancestrales, destacando la historia y la herencia ind\u00edgena.<\/figcaption>\n\t\t\t\t\t\t\t\t\t\t<\/figure>\n\t\t\t\t\t\t\t\t\t<\/div>\n\t\t\t\t\t<\/div>\n\t\t\t\t<\/div>\n\t\t<div data-particle_enable=\"false\" data-particle-mobile-disabled=\"false\" class=\"elementor-element elementor-element-ae19de3 e-flex e-con-boxed e-con e-parent\" data-id=\"ae19de3\" data-element_type=\"container\" data-e-type=\"container\">\n\t\t\t\t\t<div class=\"e-con-inner\">\n\t\t\t\t<div class=\"elementor-element elementor-element-0f5dbaa elementor-widget elementor-widget-heading\" data-id=\"0f5dbaa\" data-element_type=\"widget\" data-e-type=\"widget\" data-widget_type=\"heading.default\">\n\t\t\t\t\t<h3 class=\"elementor-heading-title elementor-size-default\">Una conexi\u00f3n milenaria<\/h3>\t\t\t\t<\/div>\n\t\t\t\t\t<\/div>\n\t\t\t\t<\/div>\n\t\t<div data-particle_enable=\"false\" data-particle-mobile-disabled=\"false\" class=\"elementor-element elementor-element-190f20b e-flex e-con-boxed e-con e-parent\" data-id=\"190f20b\" data-element_type=\"container\" data-e-type=\"container\">\n\t\t\t\t\t<div class=\"e-con-inner\">\n\t\t\t\t<div class=\"elementor-element elementor-element-36be217 elementor-widget elementor-widget-text-editor\" data-id=\"36be217\" data-element_type=\"widget\" data-e-type=\"widget\" data-widget_type=\"text-editor.default\">\n\t\t\t\t\t\t\t\t\t<p><span style=\"color: var( --e-global-color-text ); text-align: var(--text-align);\">El arque\u00f3logo <a href=\"https:\/\/www.mesoweb.com\/es\/informes\/JuanAntonioValdes.html\">Juan Antonio Vald\u00e9s (1954-2011),<\/a> en su profundo estudio Contemplaciones de la Semana Santa Guatemalteca, tambien incluido en <a href=\"https:\/\/mcd.gob.gt\/wp-content\/uploads\/2021\/03\/Semana-Santa-Dossier-UNESCO.pdf\">el dossier del Ministerio de Cultura dirigido a la Unesco, sobre la Semana Santa Guatemalteca<\/a> resalt\u00f3 el Vaso de Ratinlixul como un valioso argumento para confirmar la fusi\u00f3n de elementos prehisp\u00e1nicos mayas con las tradiciones cat\u00f3licas espa\u00f1olas.\u00a0<\/span><\/p><p><span style=\"color: var( --e-global-color-text ); text-align: var(--text-align);\">&#8220;En piezas de cer\u00e1mica y grafitos incisos sobre paredes aparec\u00edan soberanos&#8230; llevados sobre los hombros de personas de mayor rango&#8221;, dijo Vald\u00e9s. Sobre este vaso en particular, coment\u00f3: &#8220;Dos hombres sostienen los palos rollizos&#8230; y detr\u00e1s de ellos vienen cinco m\u00fasicos portando instrumentos musicales, destacando trompetas y chinchines.&#8221;<\/span><\/p>\t\t\t\t\t\t\t\t<\/div>\n\t\t\t\t\t<\/div>\n\t\t\t\t<\/div>\n\t\t<div data-particle_enable=\"false\" data-particle-mobile-disabled=\"false\" class=\"elementor-element elementor-element-31a8e9c e-flex e-con-boxed e-con e-parent\" data-id=\"31a8e9c\" data-element_type=\"container\" data-e-type=\"container\">\n\t\t\t\t\t<div class=\"e-con-inner\">\n\t\t\t\t<div class=\"elementor-element elementor-element-07febce elementor-widget elementor-widget-html\" data-id=\"07febce\" data-element_type=\"widget\" data-e-type=\"widget\" data-widget_type=\"html.default\">\n\t\t\t\t\t<blockquote class=\"tiktok-embed\" cite=\"https:\/\/www.tiktok.com\/@guateapata\/video\/7213822146571734277\" data-video-id=\"7213822146571734277\" style=\"max-width: 605px;min-width: 325px;\" > <section> <a target=\"_blank\" title=\"@guateapata\" href=\"https:\/\/www.tiktok.com\/@guateapata?refer=embed\">@guateapata<\/a> Vaso de Ratinlinxul, encontrado en el sitio arqueol\u00f3gico Cham\u00e1. Actual plantaci\u00f3n de caf\u00e9 Dieseldorff <a title=\"guateapata\" target=\"_blank\" href=\"https:\/\/www.tiktok.com\/tag\/guateapata?refer=embed\">#guateapata<\/a> <a title=\"guatemala\" target=\"_blank\" href=\"https:\/\/www.tiktok.com\/tag\/guatemala?refer=embed\">#guatemala<\/a> <a title=\"coban\" target=\"_blank\" href=\"https:\/\/www.tiktok.com\/tag\/coban?refer=embed\">#coban<\/a> <a title=\"arte\" target=\"_blank\" href=\"https:\/\/www.tiktok.com\/tag\/arte?refer=embed\">#arte<\/a> <a title=\"historia\" target=\"_blank\" href=\"https:\/\/www.tiktok.com\/tag\/historia?refer=embed\">#historia<\/a> <a title=\"semanasanta\" target=\"_blank\" href=\"https:\/\/www.tiktok.com\/tag\/semanasanta?refer=embed\">#semanasanta<\/a> <a title=\"maya\" target=\"_blank\" href=\"https:\/\/www.tiktok.com\/tag\/maya?refer=embed\">#maya<\/a> <a title=\"arqueologia\" target=\"_blank\" href=\"https:\/\/www.tiktok.com\/tag\/arqueologia?refer=embed\">#arqueologia<\/a> <a target=\"_blank\" title=\"\u266c original sound - Guate a Pata\" href=\"https:\/\/www.tiktok.com\/music\/original-sound-7213822155577248517?refer=embed\">\u266c original sound - Guate a Pata<\/a> <\/section> <\/blockquote> <script async src=\"https:\/\/www.tiktok.com\/embed.js\"><\/script>\t\t\t\t<\/div>\n\t\t\t\t\t<\/div>\n\t\t\t\t<\/div>\n\t\t<div data-particle_enable=\"false\" data-particle-mobile-disabled=\"false\" class=\"elementor-element elementor-element-3c067a5 e-flex e-con-boxed e-con e-parent\" data-id=\"3c067a5\" data-element_type=\"container\" data-e-type=\"container\">\n\t\t\t\t\t<div class=\"e-con-inner\">\n\t\t\t\t<div class=\"elementor-element elementor-element-646d6a8 elementor-widget elementor-widget-heading\" data-id=\"646d6a8\" data-element_type=\"widget\" data-e-type=\"widget\" data-widget_type=\"heading.default\">\n\t\t\t\t\t<h2 class=\"elementor-heading-title elementor-size-default\">Sorpr\u00e9ndete con las maravillas mayas de Guatemala<\/h2>\t\t\t\t<\/div>\n\t\t\t\t\t<\/div>\n\t\t\t\t<\/div>\n\t\t<div data-particle_enable=\"false\" data-particle-mobile-disabled=\"false\" class=\"elementor-element elementor-element-8aa4d72 e-flex e-con-boxed e-con e-parent\" data-id=\"8aa4d72\" data-element_type=\"container\" data-e-type=\"container\">\n\t\t\t\t\t<div class=\"e-con-inner\">\n\t\t\t\t<div class=\"elementor-element elementor-element-1cdc758 elementor-grid-eael-col-3 elementor-grid-tablet-eael-col-2 elementor-grid-mobile-eael-col-1 elementor-widget elementor-widget-eael-post-grid\" data-id=\"1cdc758\" data-element_type=\"widget\" data-e-type=\"widget\" data-settings=\"{&quot;eael_post_grid_columns&quot;:&quot;eael-col-3&quot;,&quot;eael_post_grid_columns_tablet&quot;:&quot;eael-col-2&quot;,&quot;eael_post_grid_columns_mobile&quot;:&quot;eael-col-1&quot;}\" data-widget_type=\"eael-post-grid.default\">\n\t\t\t\t\t<div id=\"eael-post-grid-1cdc758\" class=\"eael-post-grid-container\">\n            <div class=\"eael-post-grid eael-post-appender eael-post-appender-1cdc758 eael-post-grid-style-one\" data-layout-mode=\"masonry\"><article class=\"eael-grid-post  eael-post-grid-column eael-pg-post-10441 category-guate-nuestra\" data-id=\"10441\">\n        <div class=\"eael-grid-post-holder\">\n            <div class=\"eael-grid-post-holder-inner\"><div class=\"eael-entry-media\"><div class=\"eael-entry-overlay fade-in\"><i class=\"far fa-hand-pointer\" aria-hidden=\"true\"><\/i><a href=\"https:\/\/soymigrante.com\/revista\/uaxactun-la-ciudad-maya-que-sigue-viva-en-la-selva\/\"><\/a><\/div><div class=\"eael-entry-thumbnail \">\n                <img loading=\"lazy\" decoding=\"async\" width=\"1024\" height=\"768\" src=\"https:\/\/soymigrante.com\/revista\/wp-content\/uploads\/2024\/10\/Uaxactun-La-ciudad-maya-que-sigue-viva-en-la-selva-4-1024x768.webp\" class=\"attachment-large size-large wp-image-10442\" alt=\"Ruinas mayas antiguas en medio de la selva, patrimonio cultural e hist\u00f3rica de M\u00e9xico, fascinante historia y arquitectura impresionante, ideal para explorar y aprender sobre las civilizaciones antiguas.\" srcset=\"https:\/\/soymigrante.com\/revista\/wp-content\/uploads\/2024\/10\/Uaxactun-La-ciudad-maya-que-sigue-viva-en-la-selva-4-1024x768.webp 1024w, https:\/\/soymigrante.com\/revista\/wp-content\/uploads\/2024\/10\/Uaxactun-La-ciudad-maya-que-sigue-viva-en-la-selva-4-300x225.webp 300w, https:\/\/soymigrante.com\/revista\/wp-content\/uploads\/2024\/10\/Uaxactun-La-ciudad-maya-que-sigue-viva-en-la-selva-4-768x576.webp 768w, https:\/\/soymigrante.com\/revista\/wp-content\/uploads\/2024\/10\/Uaxactun-La-ciudad-maya-que-sigue-viva-en-la-selva-4-1536x1152.webp 1536w, https:\/\/soymigrante.com\/revista\/wp-content\/uploads\/2024\/10\/Uaxactun-La-ciudad-maya-que-sigue-viva-en-la-selva-4-750x563.webp 750w, https:\/\/soymigrante.com\/revista\/wp-content\/uploads\/2024\/10\/Uaxactun-La-ciudad-maya-que-sigue-viva-en-la-selva-4-1140x855.webp 1140w, https:\/\/soymigrante.com\/revista\/wp-content\/uploads\/2024\/10\/Uaxactun-La-ciudad-maya-que-sigue-viva-en-la-selva-4.webp 1600w\" sizes=\"(max-width: 1024px) 100vw, 1024px\" \/>\n            <\/div>\n        <\/div><div class=\"eael-entry-wrapper\"><header class=\"eael-entry-header\"><h2 class=\"eael-entry-title\"><a class=\"eael-grid-post-link\" href=\"https:\/\/soymigrante.com\/revista\/uaxactun-la-ciudad-maya-que-sigue-viva-en-la-selva\/\" title=\"Uaxact\u00fan: La ciudad maya que sigue viva en la selva\">Uaxact\u00fan: La ciudad maya que sigue viva en la selva<\/a><\/h2><\/header><div class=\"eael-entry-content\">\n                        <div class=\"eael-grid-post-excerpt\"><a href=\"https:\/\/soymigrante.com\/revista\/uaxactun-la-ciudad-maya-que-sigue-viva-en-la-selva\/\" class=\"eael-post-elements-readmore-btn\">CONOCE SU HISTORIA <\/a><\/div>\n                    <\/div><\/div><\/div>\n        <\/div>\n    <\/article><article class=\"eael-grid-post  eael-post-grid-column eael-pg-post-7469 category-guate-nuestra tags-joyas-mayas-migrantes\" data-id=\"7469\">\n        <div class=\"eael-grid-post-holder\">\n            <div class=\"eael-grid-post-holder-inner\"><div class=\"eael-entry-media\"><div class=\"eael-entry-overlay fade-in\"><i class=\"far fa-hand-pointer\" aria-hidden=\"true\"><\/i><a href=\"https:\/\/soymigrante.com\/revista\/joyas-mayas-migrantes-el-vaso-chama-en-pennsylvania\/\"><\/a><\/div><div class=\"eael-entry-thumbnail \">\n                <img loading=\"lazy\" decoding=\"async\" width=\"431\" height=\"431\" src=\"https:\/\/soymigrante.com\/revista\/wp-content\/uploads\/2024\/07\/vaso-chama-penn-museum.webp\" class=\"attachment-large size-large wp-image-7470\" alt=\"Guerrero tolteca con escudo y arma, arte prehisp\u00e1nico mexicano, historia y cultura ind\u00edgena, decoraci\u00f3n mural antigua, hallazgo arqueol\u00f3gico en M\u00e9xico, patrimonio cultural.\" srcset=\"https:\/\/soymigrante.com\/revista\/wp-content\/uploads\/2024\/07\/vaso-chama-penn-museum.webp 431w, https:\/\/soymigrante.com\/revista\/wp-content\/uploads\/2024\/07\/vaso-chama-penn-museum-300x300.webp 300w, https:\/\/soymigrante.com\/revista\/wp-content\/uploads\/2024\/07\/vaso-chama-penn-museum-150x150.webp 150w, https:\/\/soymigrante.com\/revista\/wp-content\/uploads\/2024\/07\/vaso-chama-penn-museum-75x75.webp 75w\" sizes=\"(max-width: 431px) 100vw, 431px\" \/>\n            <\/div>\n        <\/div><div class=\"eael-entry-wrapper\"><header class=\"eael-entry-header\"><h2 class=\"eael-entry-title\"><a class=\"eael-grid-post-link\" href=\"https:\/\/soymigrante.com\/revista\/joyas-mayas-migrantes-el-vaso-chama-en-pennsylvania\/\" title=\"Joyas mayas migrantes: el vaso Cham\u00e1, en Pennsylvania\">Joyas mayas migrantes: el vaso Cham\u00e1, en Pennsylvania<\/a><\/h2><\/header><div class=\"eael-entry-content\">\n                        <div class=\"eael-grid-post-excerpt\"><a href=\"https:\/\/soymigrante.com\/revista\/joyas-mayas-migrantes-el-vaso-chama-en-pennsylvania\/\" class=\"eael-post-elements-readmore-btn\">CONOCE SU HISTORIA <\/a><\/div>\n                    <\/div><\/div><\/div>\n        <\/div>\n    <\/article><article class=\"eael-grid-post  eael-post-grid-column eael-pg-post-1536 category-guate-nuestra\" data-id=\"1536\">\n        <div class=\"eael-grid-post-holder\">\n            <div class=\"eael-grid-post-holder-inner\"><div class=\"eael-entry-media\"><div class=\"eael-entry-overlay fade-in\"><i class=\"far fa-hand-pointer\" aria-hidden=\"true\"><\/i><a href=\"https:\/\/soymigrante.com\/revista\/7-datos-que-ya-sabias-o-quiza-no-sobre-el-gran-jaguar-y-tikal\/\"><\/a><\/div><div class=\"eael-entry-thumbnail \">\n                <img loading=\"lazy\" decoding=\"async\" width=\"1024\" height=\"475\" src=\"https:\/\/soymigrante.com\/revista\/wp-content\/uploads\/2023\/06\/Captura-de-pantalla-2023-06-21-143338-1024x475.webp\" class=\"attachment-large size-large wp-image-1538\" alt=\"Tikal: 7 datos que ya sab\u00edas (o quiz\u00e1 no) sobre el Templo I o Gran Jaguar\" srcset=\"https:\/\/soymigrante.com\/revista\/wp-content\/uploads\/2023\/06\/Captura-de-pantalla-2023-06-21-143338-1024x475.webp 1024w, https:\/\/soymigrante.com\/revista\/wp-content\/uploads\/2023\/06\/Captura-de-pantalla-2023-06-21-143338-300x139.webp 300w, https:\/\/soymigrante.com\/revista\/wp-content\/uploads\/2023\/06\/Captura-de-pantalla-2023-06-21-143338-768x356.webp 768w, https:\/\/soymigrante.com\/revista\/wp-content\/uploads\/2023\/06\/Captura-de-pantalla-2023-06-21-143338-750x348.webp 750w, https:\/\/soymigrante.com\/revista\/wp-content\/uploads\/2023\/06\/Captura-de-pantalla-2023-06-21-143338-1140x529.webp 1140w, https:\/\/soymigrante.com\/revista\/wp-content\/uploads\/2023\/06\/Captura-de-pantalla-2023-06-21-143338.webp 1427w\" sizes=\"(max-width: 1024px) 100vw, 1024px\" \/>\n            <\/div>\n        <\/div><div class=\"eael-entry-wrapper\"><header class=\"eael-entry-header\"><h2 class=\"eael-entry-title\"><a class=\"eael-grid-post-link\" href=\"https:\/\/soymigrante.com\/revista\/7-datos-que-ya-sabias-o-quiza-no-sobre-el-gran-jaguar-y-tikal\/\" title=\"Tikal: 7 datos que ya sab\u00edas (o quiz\u00e1 no) sobre el Templo I o Gran Jaguar\">Tikal: 7 datos que ya sab\u00edas (o quiz\u00e1 no) sobre el Templo I o Gran Jaguar<\/a><\/h2><\/header><div class=\"eael-entry-content\">\n                        <div class=\"eael-grid-post-excerpt\"><a href=\"https:\/\/soymigrante.com\/revista\/7-datos-que-ya-sabias-o-quiza-no-sobre-el-gran-jaguar-y-tikal\/\" class=\"eael-post-elements-readmore-btn\">CONOCE SU HISTORIA <\/a><\/div>\n                    <\/div><\/div><\/div>\n        <\/div>\n    <\/article><\/div>\n            <div class=\"clearfix\"><\/div>\n        <\/div>\t\t\t\t<\/div>\n\t\t\t\t\t<\/div>\n\t\t\t\t<\/div>\n\t\t<div data-particle_enable=\"false\" data-particle-mobile-disabled=\"false\" class=\"elementor-element elementor-element-9bc8095 e-flex e-con-boxed e-con e-parent\" data-id=\"9bc8095\" data-element_type=\"container\" data-e-type=\"container\">\n\t\t\t\t\t<div class=\"e-con-inner\">\n\t\t\t\t\t<\/div>\n\t\t\t\t<\/div>\n\t\t\t\t<\/div>\n\t\t","protected":false},"excerpt":{"rendered":"<p>Con solo 12 cent\u00edmetros de altura es una maravillosa joya cer\u00e1mica maya migrante: el vaso de Ratinlixul (data del a\u00f1o 600 al 900) y muestra la procesi\u00f3n de un personaje poderoso, posiblemente fallecido, portado por dos cargadores y acompa\u00f1ado por m\u00fasicos. El Vaso de Ratinlixul es una pieza emblem\u00e1tica de la cer\u00e1mica maya debido a [&hellip;]<\/p>\n","protected":false},"author":7,"featured_media":29343,"comment_status":"open","ping_status":"open","sticky":false,"template":"","format":"standard","meta":{"_acf_changed":false,"_eb_attr":"","footnotes":""},"categories":[58],"tags":[134],"class_list":["post-29338","post","type-post","status-publish","format-standard","has-post-thumbnail","hentry","category-guate-nuestra","tag-joyas-mayas-migrantes"],"acf":[],"aioseo_notices":[],"aioseo_head":"\n\t\t<!-- All in One SEO Pro 4.9.6.2 - aioseo.com -->\n\t<meta name=\"description\" content=\"\u00cdcono mundial, Patrimonio Cultural de la Humanidad de la Humanidad desde 1979, Tikal a\u00fan refleja la magnificencia maya prehisp\u00e1nica e inspira recuerdos en muchos migrantes guatemaltecos. El Templo I de Tikal, m\u00e1s conocido como El Gran Jaguar, es uno de los \u00edconos mundiales de Guatemala y de la legendaria ciudad maya, enclavada en el centro\" \/>\n\t<meta name=\"robots\" content=\"max-snippet:-1, max-image-preview:large, max-video-preview:-1\" \/>\n\t<meta name=\"author\" content=\"Gustavo Montenegro\"\/>\n\t<link rel=\"canonical\" href=\"https:\/\/soymigrante.com\/revista\/7-datos-que-ya-sabias-o-quiza-no-sobre-el-gran-jaguar-y-tikal\/\" \/>\n\t<meta name=\"generator\" content=\"All in One SEO Pro (AIOSEO) 4.9.6.2\" \/>\n\n\t\t<link rel=\"preconnect\" href=\"https:\/\/fonts.googleapis.com\" crossorigin>\n<link rel=\"preconnect\" href=\"https:\/\/fonts.gstatic.com\" crossorigin>\n\t\t<meta property=\"og:locale\" content=\"es_ES\" \/>\n\t\t<meta property=\"og:site_name\" content=\"SoyMigrante.com REVISTA \u2013 Nuestra misi\u00f3n es reconocer y dignificar al migrante.\" \/>\n\t\t<meta property=\"og:type\" content=\"article\" \/>\n\t\t<meta property=\"og:title\" content=\"Tikal: 7 datos que ya sab\u00edas (o quiz\u00e1 no) sobre el Templo I o Gran Jaguar\" \/>\n\t\t<meta property=\"og:description\" content=\"\u00cdcono mundial, Patrimonio Cultural de la Humanidad de la Humanidad desde 1979, Tikal a\u00fan refleja la magnificencia maya prehisp\u00e1nica e inspira recuerdos en muchos migrantes guatemaltecos. El Templo I de Tikal, m\u00e1s conocido como El Gran Jaguar, es uno de los \u00edconos mundiales de Guatemala y de la legendaria ciudad maya, enclavada en el centro\" \/>\n\t\t<meta property=\"og:url\" content=\"https:\/\/soymigrante.com\/revista\/7-datos-que-ya-sabias-o-quiza-no-sobre-el-gran-jaguar-y-tikal\/\" \/>\n\t\t<meta property=\"og:image\" content=\"https:\/\/soymigrante.com\/revista\/wp-content\/uploads\/2023\/06\/Captura-de-pantalla-2023-06-21-143338.webp\" \/>\n\t\t<meta property=\"og:image:secure_url\" content=\"https:\/\/soymigrante.com\/revista\/wp-content\/uploads\/2023\/06\/Captura-de-pantalla-2023-06-21-143338.webp\" \/>\n\t\t<meta property=\"og:image:width\" content=\"1427\" \/>\n\t\t<meta property=\"og:image:height\" content=\"662\" \/>\n\t\t<meta property=\"article:published_time\" content=\"2023-06-22T20:28:51+00:00\" \/>\n\t\t<meta property=\"article:modified_time\" content=\"2025-09-15T23:22:23+00:00\" \/>\n\t\t<meta property=\"article:publisher\" content=\"https:\/\/www.facebook.com\/soymigrantecom\" \/>\n\t\t<meta name=\"twitter:card\" content=\"summary_large_image\" \/>\n\t\t<meta name=\"twitter:site\" content=\"@SoyMigrante_com\" \/>\n\t\t<meta name=\"twitter:title\" content=\"Tikal: 7 datos que ya sab\u00edas (o quiz\u00e1 no) sobre el Templo I o Gran Jaguar\" \/>\n\t\t<meta name=\"twitter:description\" content=\"\u00cdcono mundial, Patrimonio Cultural de la Humanidad de la Humanidad desde 1979, Tikal a\u00fan refleja la magnificencia maya prehisp\u00e1nica e inspira recuerdos en muchos migrantes guatemaltecos. El Templo I de Tikal, m\u00e1s conocido como El Gran Jaguar, es uno de los \u00edconos mundiales de Guatemala y de la legendaria ciudad maya, enclavada en el centro\" \/>\n\t\t<meta name=\"twitter:creator\" content=\"@SoyMigrante_com\" \/>\n\t\t<meta name=\"twitter:image\" content=\"https:\/\/soymigrante.com\/revista\/wp-content\/uploads\/2023\/06\/Captura-de-pantalla-2023-06-21-143338.webp\" \/>\n\t\t<!-- All in One SEO Pro -->\r\n\t\t<title>Tikal: 7 datos que ya sab\u00edas (o quiz\u00e1 no) sobre el Templo I o Gran Jaguar<\/title>\n\n","aioseo_head_json":{"title":"Tikal: 7 datos que ya sab\u00edas (o quiz\u00e1 no) sobre el Templo I o Gran Jaguar","description":"\u00cdcono mundial, Patrimonio Cultural de la Humanidad de la Humanidad desde 1979, Tikal a\u00fan refleja la magnificencia maya prehisp\u00e1nica e inspira recuerdos en muchos migrantes guatemaltecos. El Templo I de Tikal, m\u00e1s conocido como El Gran Jaguar, es uno de los \u00edconos mundiales de Guatemala y de la legendaria ciudad maya, enclavada en el centro","canonical_url":"https:\/\/soymigrante.com\/revista\/7-datos-que-ya-sabias-o-quiza-no-sobre-el-gran-jaguar-y-tikal\/","robots":"max-snippet:-1, max-image-preview:large, max-video-preview:-1","keywords":"","webmasterTools":{"miscellaneous":"&lt;link rel=\"preconnect\" href=\"https:\/\/fonts.googleapis.com\" crossorigin&gt;\n&lt;link rel=\"preconnect\" href=\"https:\/\/fonts.gstatic.com\" crossorigin&gt;"},"schema":null,"og:locale":"es_ES","og:site_name":"SoyMigrante.com REVISTA \u2013 Nuestra misi\u00f3n es reconocer y dignificar al migrante.","og:type":"article","og:title":"Tikal: 7 datos que ya sab\u00edas (o quiz\u00e1 no) sobre el Templo I o Gran Jaguar","og:description":"\u00cdcono mundial, Patrimonio Cultural de la Humanidad de la Humanidad desde 1979, Tikal a\u00fan refleja la magnificencia maya prehisp\u00e1nica e inspira recuerdos en muchos migrantes guatemaltecos. El Templo I de Tikal, m\u00e1s conocido como El Gran Jaguar, es uno de los \u00edconos mundiales de Guatemala y de la legendaria ciudad maya, enclavada en el centro","og:url":"https:\/\/soymigrante.com\/revista\/7-datos-que-ya-sabias-o-quiza-no-sobre-el-gran-jaguar-y-tikal\/","og:image":"https:\/\/soymigrante.com\/revista\/wp-content\/uploads\/2023\/06\/Captura-de-pantalla-2023-06-21-143338.webp","og:image:secure_url":"https:\/\/soymigrante.com\/revista\/wp-content\/uploads\/2023\/06\/Captura-de-pantalla-2023-06-21-143338.webp","og:image:width":1427,"og:image:height":662,"article:published_time":"2023-06-22T20:28:51+00:00","article:modified_time":"2025-09-15T23:22:23+00:00","article:publisher":"https:\/\/www.facebook.com\/soymigrantecom","twitter:card":"summary_large_image","twitter:site":"@SoyMigrante_com","twitter:title":"Tikal: 7 datos que ya sab\u00edas (o quiz\u00e1 no) sobre el Templo I o Gran Jaguar","twitter:description":"\u00cdcono mundial, Patrimonio Cultural de la Humanidad de la Humanidad desde 1979, Tikal a\u00fan refleja la magnificencia maya prehisp\u00e1nica e inspira recuerdos en muchos migrantes guatemaltecos. El Templo I de Tikal, m\u00e1s conocido como El Gran Jaguar, es uno de los \u00edconos mundiales de Guatemala y de la legendaria ciudad maya, enclavada en el centro","twitter:creator":"@SoyMigrante_com","twitter:image":"https:\/\/soymigrante.com\/revista\/wp-content\/uploads\/2023\/06\/Captura-de-pantalla-2023-06-21-143338.webp"},"aioseo_meta_data":{"post_id":"29338","title":"Procesi\u00f3n prehisp\u00e1nica en vaso maya expuesto en Pensilvania","description":"El vaso maya de Ratinlixul, del siglo 7,conservado en el Museo de la Universidad de Pensilvania muestra una procesi\u00f3n posiblemente f\u00fanebre. Conoce m\u00e1s.","keywords":null,"keyphrases":{"focus":{"keyphrase":"Joyas mayas","score":43,"analysis":{"keyphraseInTitle":{"score":3,"maxScore":9,"error":1},"keyphraseInDescription":{"score":3,"maxScore":9,"error":1},"keyphraseLength":{"score":9,"maxScore":9,"error":0,"length":2},"keyphraseInURL":{"score":5,"maxScore":5,"error":0},"keyphraseInIntroduction":{"score":3,"maxScore":9,"error":1},"keyphraseInSubHeadings":{"score":3,"maxScore":9,"error":1},"keyphraseInImageAlt":{"score":3,"maxScore":9,"error":1},"keywordDensity":{"score":0,"type":"low","maxScore":9,"error":1}}},"additional":[{"keyphrase":"Procesi\u00f3n","score":80,"analysis":{"keyphraseInDescription":{"score":9,"maxScore":9,"error":0},"keyphraseLength":{"score":9,"maxScore":9,"error":0,"length":2},"keyphraseInIntroduction":{"score":9,"maxScore":9,"error":0},"keyphraseInImageAlt":{"score":9,"maxScore":9,"error":0},"keywordDensity":{"score":0,"type":"low","maxScore":9,"error":1}}},{"keyphrase":"Vaso","score":100,"analysis":{"keyphraseInDescription":{"score":9,"maxScore":9,"error":0},"keyphraseLength":{"score":9,"maxScore":9,"error":0,"length":1},"keyphraseInIntroduction":{"score":9,"maxScore":9,"error":0},"keyphraseInImageAlt":{"score":9,"maxScore":9,"error":0},"keywordDensity":{"type":"best","score":9,"maxScore":9,"error":0}}}]},"primary_term":null,"canonical_url":null,"og_title":null,"og_description":null,"og_object_type":"default","og_image_type":"default","og_image_url":null,"og_image_width":null,"og_image_height":null,"og_image_custom_url":null,"og_image_custom_fields":null,"og_video":"","og_custom_url":null,"og_article_section":null,"og_article_tags":null,"twitter_use_og":false,"twitter_card":"default","twitter_image_type":"default","twitter_image_url":null,"twitter_image_custom_url":null,"twitter_image_custom_fields":null,"twitter_title":null,"twitter_description":null,"schema":{"blockGraphs":[],"customGraphs":[],"default":{"data":{"Article":[],"Course":[],"Dataset":[],"FAQPage":[],"Movie":[],"Person":[],"Product":[],"ProductReview":[],"Car":[],"Recipe":[],"Service":[],"SoftwareApplication":[],"WebPage":[]},"graphName":"BlogPosting","isEnabled":true},"graphs":[]},"schema_type":"default","schema_type_options":null,"pillar_content":false,"robots_default":true,"robots_noindex":false,"robots_noarchive":false,"robots_nosnippet":false,"robots_nofollow":false,"robots_noimageindex":false,"robots_noodp":false,"robots_notranslate":false,"robots_max_snippet":"-1","robots_max_videopreview":"-1","robots_max_imagepreview":"large","priority":null,"frequency":"default","local_seo":null,"seo_analyzer_scan_date":"2025-10-09 03:47:56","breadcrumb_settings":null,"limit_modified_date":false,"reviewed_by":null,"open_ai":"{\"title\":{\"suggestions\":[],\"usage\":0},\"description\":{\"suggestions\":[],\"usage\":0}}","ai":null,"created":"2025-03-26 18:44:02","updated":"2026-02-04 22:24:53"},"aioseo_breadcrumb":"<div class=\"aioseo-breadcrumbs\"><span class=\"aioseo-breadcrumb\">\n\t<a href=\"https:\/\/soymigrante.com\/revista\" title=\"Home\">Home<\/a>\n<\/span><span class=\"aioseo-breadcrumb-separator\">\u00bb<\/span><span class=\"aioseo-breadcrumb\">\n\t<a href=\"https:\/\/soymigrante.com\/revista\/category\/guate-nuestra\/\" title=\"Guate Nuestra\">Guate Nuestra<\/a>\n<\/span><span class=\"aioseo-breadcrumb-separator\">\u00bb<\/span><span class=\"aioseo-breadcrumb\">\n\tJoyas mayas migrantes: procesi\u00f3n prehisp\u00e1nica en el vaso de Ratinlixul, conservado en Pensilvania\n<\/span><\/div>","aioseo_breadcrumb_json":[{"label":"Home","link":"https:\/\/soymigrante.com\/revista"},{"label":"Guate Nuestra","link":"https:\/\/soymigrante.com\/revista\/category\/guate-nuestra\/"},{"label":"Joyas mayas migrantes: procesi\u00f3n prehisp\u00e1nica en el vaso de Ratinlixul, conservado en Pensilvania","link":"https:\/\/soymigrante.com\/revista\/joyas-mayas-migrantes-procesion-prehispanica-en-el-vaso-de-ratinlixul-conservado-en-pensilvania\/"}],"_links":{"self":[{"href":"https:\/\/soymigrante.com\/revista\/wp-json\/wp\/v2\/posts\/29338","targetHints":{"allow":["GET"]}}],"collection":[{"href":"https:\/\/soymigrante.com\/revista\/wp-json\/wp\/v2\/posts"}],"about":[{"href":"https:\/\/soymigrante.com\/revista\/wp-json\/wp\/v2\/types\/post"}],"author":[{"embeddable":true,"href":"https:\/\/soymigrante.com\/revista\/wp-json\/wp\/v2\/users\/7"}],"replies":[{"embeddable":true,"href":"https:\/\/soymigrante.com\/revista\/wp-json\/wp\/v2\/comments?post=29338"}],"version-history":[{"count":4,"href":"https:\/\/soymigrante.com\/revista\/wp-json\/wp\/v2\/posts\/29338\/revisions"}],"predecessor-version":[{"id":33308,"href":"https:\/\/soymigrante.com\/revista\/wp-json\/wp\/v2\/posts\/29338\/revisions\/33308"}],"wp:featuredmedia":[{"embeddable":true,"href":"https:\/\/soymigrante.com\/revista\/wp-json\/wp\/v2\/media\/29343"}],"wp:attachment":[{"href":"https:\/\/soymigrante.com\/revista\/wp-json\/wp\/v2\/media?parent=29338"}],"wp:term":[{"taxonomy":"category","embeddable":true,"href":"https:\/\/soymigrante.com\/revista\/wp-json\/wp\/v2\/categories?post=29338"},{"taxonomy":"post_tag","embeddable":true,"href":"https:\/\/soymigrante.com\/revista\/wp-json\/wp\/v2\/tags?post=29338"}],"curies":[{"name":"wp","href":"https:\/\/api.w.org\/{rel}","templated":true}]}}