{"id":29317,"date":"2025-03-27T19:40:25","date_gmt":"2025-03-28T01:40:25","guid":{"rendered":"https:\/\/soymigrante.com\/revista\/?p=29317"},"modified":"2025-03-27T19:40:58","modified_gmt":"2025-03-28T01:40:58","slug":"consulados-moviles-de-guatemala-y-sabados-consulares-en-abril-2025","status":"publish","type":"post","link":"https:\/\/soymigrante.com\/revista\/consulados-moviles-de-guatemala-y-sabados-consulares-en-abril-2025\/","title":{"rendered":"Consulados m\u00f3viles de Guatemala y s\u00e1bados consulares en abril 2025"},"content":{"rendered":"\t\t<div data-elementor-type=\"wp-post\" data-elementor-id=\"29317\" class=\"elementor elementor-29317\" data-elementor-post-type=\"post\">\n\t\t\t\t<div data-particle_enable=\"false\" data-particle-mobile-disabled=\"false\" class=\"elementor-element elementor-element-b48a4ee e-flex e-con-boxed e-con e-parent\" data-id=\"b48a4ee\" data-element_type=\"container\" data-e-type=\"container\">\n\t\t\t\t\t<div class=\"e-con-inner\">\n\t\t\t\t<div class=\"elementor-element elementor-element-d5d5ee7 elementor-widget elementor-widget-heading\" data-id=\"d5d5ee7\" data-element_type=\"widget\" data-e-type=\"widget\" data-widget_type=\"heading.default\">\n\t\t\t\t\t<h2 class=\"elementor-heading-title elementor-size-default\">Los consulados m\u00f3viles guatemaltecos en Estados Unidos, estar\u00e1n disponibles durante abril para ayudarle a hacer tr\u00e1mites. <br>recuerda programar tu cita digitalmente con anticipaci\u00f3n.<\/h2>\t\t\t\t<\/div>\n\t\t\t\t\t<\/div>\n\t\t\t\t<\/div>\n\t\t<div data-particle_enable=\"false\" data-particle-mobile-disabled=\"false\" class=\"elementor-element elementor-element-0712592 e-flex e-con-boxed e-con e-parent\" data-id=\"0712592\" data-element_type=\"container\" data-e-type=\"container\">\n\t\t\t\t\t<div class=\"e-con-inner\">\n\t\t\t\t<div class=\"elementor-element elementor-element-548724a elementor-widget elementor-widget-text-editor\" data-id=\"548724a\" data-element_type=\"widget\" data-e-type=\"widget\" data-widget_type=\"text-editor.default\">\n\t\t\t\t\t\t\t\t\t<p><a href=\"https:\/\/www.minex.gob.gt\/\" target=\"_blank\" rel=\"noopener\">El Ministerio de Relaciones Exteriores de Guatemala (Minex<\/a>) ha programado una serie de consulados m\u00f3viles en Estados Unidos durante abril de 2025, con el objetivo de acercar servicios consulares a los connacionales que <a href=\"https:\/\/minex-gob-gt.my.site.com\/pc\/s\/citas-consulares\" target=\"_blank\" rel=\"noopener\">residen lejos de las sedes consulares permanentes.<\/a><\/p><p>Es muy importante que el ciudadano solicitante de cualquier tr\u00e1mite haga una cita previa a trav\u00e9s del sitio digital de Canciller\u00eda. All\u00ed debe elegir el Consulado que atiende el \u00e1rea elegida: por ejemplo, en Nueva Orl\u00e9ans habr\u00e1 un Consulado M\u00f3vil brindado por la sede consular de Houston.<\/p>\t\t\t\t\t\t\t\t<\/div>\n\t\t\t\t\t<\/div>\n\t\t\t\t<\/div>\n\t\t\t\t<section data-particle_enable=\"false\" data-particle-mobile-disabled=\"false\" class=\"elementor-section elementor-top-section elementor-element elementor-element-30e17c8 elementor-section-boxed elementor-section-height-default elementor-section-height-default\" data-id=\"30e17c8\" data-element_type=\"section\" data-e-type=\"section\">\n\t\t\t\t\t\t<div class=\"elementor-container elementor-column-gap-default\">\n\t\t\t\t\t<div class=\"elementor-column elementor-col-100 elementor-top-column elementor-element elementor-element-5ca6137\" data-id=\"5ca6137\" data-element_type=\"column\" data-e-type=\"column\">\n\t\t\t<div class=\"elementor-widget-wrap elementor-element-populated\">\n\t\t\t\t\t\t<div class=\"elementor-element elementor-element-b055bfb elementor-align-justify elementor-button-info elementor-widget elementor-widget-global elementor-global-5407 elementor-widget-button\" data-id=\"b055bfb\" data-element_type=\"widget\" data-e-type=\"widget\" data-widget_type=\"button.default\">\n\t\t\t\t\t\t\t\t\t\t<a class=\"elementor-button elementor-button-link elementor-size-lg\" href=\"https:\/\/minex-gob-gt.my.site.com\/pc\/s\/citas-consulares\" id=\"https:\/\/minex-gob-gt.my.site.com\/pc\/s\/citas-consulares\">\n\t\t\t\t\t\t<span class=\"elementor-button-content-wrapper\">\n\t\t\t\t\t\t\t\t\t<span class=\"elementor-button-text\">PROGRAMA AQU\u00cd TU CITA CONSULAR<\/span>\n\t\t\t\t\t<\/span>\n\t\t\t\t\t<\/a>\n\t\t\t\t\t\t\t\t<\/div>\n\t\t\t\t\t<\/div>\n\t\t<\/div>\n\t\t\t\t\t<\/div>\n\t\t<\/section>\n\t\t<div data-particle_enable=\"false\" data-particle-mobile-disabled=\"false\" class=\"elementor-element elementor-element-bba9c84 e-flex e-con-boxed e-con e-parent\" data-id=\"bba9c84\" data-element_type=\"container\" data-e-type=\"container\">\n\t\t\t\t\t<div class=\"e-con-inner\">\n\t\t\t\t<div class=\"elementor-element elementor-element-a59bb5b elementor-widget elementor-widget-heading\" data-id=\"a59bb5b\" data-element_type=\"widget\" data-e-type=\"widget\" data-widget_type=\"heading.default\">\n\t\t\t\t\t<h3 class=\"elementor-heading-title elementor-size-default\">Consulados m\u00f3viles programados para abril de 2025<\/h3>\t\t\t\t<\/div>\n\t\t\t\t\t<\/div>\n\t\t\t\t<\/div>\n\t\t<div data-particle_enable=\"false\" data-particle-mobile-disabled=\"false\" class=\"elementor-element elementor-element-e7a001a e-flex e-con-boxed e-con e-parent\" data-id=\"e7a001a\" data-element_type=\"container\" data-e-type=\"container\">\n\t\t\t\t\t<div class=\"e-con-inner\">\n\t\t\t\t<div class=\"elementor-element elementor-element-a63a5aa elementor-widget elementor-widget-text-editor\" data-id=\"a63a5aa\" data-element_type=\"widget\" data-e-type=\"widget\" data-widget_type=\"text-editor.default\">\n\t\t\t\t\t\t\t\t\t<p>Seg\u00fan el calendario oficial del Minex, las jornadas consulares m\u00f3viles se llevar\u00e1n a cabo en las siguientes fechas y ubicaciones:<\/p>\t\t\t\t\t\t\t\t<\/div>\n\t\t\t\t\t<\/div>\n\t\t\t\t<\/div>\n\t\t<div data-particle_enable=\"false\" data-particle-mobile-disabled=\"false\" class=\"elementor-element elementor-element-ffa3e8b e-flex e-con-boxed e-con e-parent\" data-id=\"ffa3e8b\" data-element_type=\"container\" data-e-type=\"container\">\n\t\t\t\t\t<div class=\"e-con-inner\">\n\t\t\t\t<div class=\"elementor-element elementor-element-fe22f75 elementor-widget elementor-widget-heading\" data-id=\"fe22f75\" data-element_type=\"widget\" data-e-type=\"widget\" data-widget_type=\"heading.default\">\n\t\t\t\t\t<h3 class=\"elementor-heading-title elementor-size-default\">Viernes 11 y  s\u00e1bado 12 de abril 2025:<\/h3>\t\t\t\t<\/div>\n\t\t\t\t\t<\/div>\n\t\t\t\t<\/div>\n\t\t<div data-particle_enable=\"false\" data-particle-mobile-disabled=\"false\" class=\"elementor-element elementor-element-a045e41 e-flex e-con-boxed e-con e-parent\" data-id=\"a045e41\" data-element_type=\"container\" data-e-type=\"container\">\n\t\t\t\t\t<div class=\"e-con-inner\">\n\t\t\t\t<div class=\"elementor-element elementor-element-8abcf83 elementor-widget elementor-widget-text-editor\" data-id=\"8abcf83\" data-element_type=\"widget\" data-e-type=\"widget\" data-widget_type=\"text-editor.default\">\n\t\t\t\t\t\t\t\t\t<p>En la ciudad de New Orleans, Louisiana, el consulado m\u00f3vil ser\u00e1 atendido por la sede de Guatemala en\u00a0\u00a0<a href=\"https:\/\/soymigrante.com\/revista\/consulados-de-guatemala-en-texas-estados-unidos\/\" target=\"_blank\" rel=\"noopener\">Houston<\/a>, Texas.<\/p>\t\t\t\t\t\t\t\t<\/div>\n\t\t\t\t\t<\/div>\n\t\t\t\t<\/div>\n\t\t<div data-particle_enable=\"false\" data-particle-mobile-disabled=\"false\" class=\"elementor-element elementor-element-7502695 e-flex e-con-boxed e-con e-parent\" data-id=\"7502695\" data-element_type=\"container\" data-e-type=\"container\">\n\t\t\t\t\t<div class=\"e-con-inner\">\n\t\t\t\t<div class=\"elementor-element elementor-element-ebbb4d5 elementor-widget elementor-widget-heading\" data-id=\"ebbb4d5\" data-element_type=\"widget\" data-e-type=\"widget\" data-widget_type=\"heading.default\">\n\t\t\t\t\t<h3 class=\"elementor-heading-title elementor-size-default\">12 y 13 de abril 2025:<\/h3>\t\t\t\t<\/div>\n\t\t\t\t\t<\/div>\n\t\t\t\t<\/div>\n\t\t<div data-particle_enable=\"false\" data-particle-mobile-disabled=\"false\" class=\"elementor-element elementor-element-e94e42c e-flex e-con-boxed e-con e-parent\" data-id=\"e94e42c\" data-element_type=\"container\" data-e-type=\"container\">\n\t\t\t\t\t<div class=\"e-con-inner\">\n\t\t\t\t<div class=\"elementor-element elementor-element-bd61b96 elementor-widget elementor-widget-text-editor\" data-id=\"bd61b96\" data-element_type=\"widget\" data-e-type=\"widget\" data-widget_type=\"text-editor.default\">\n\t\t\t\t\t\t\t\t\t<p>Caldwell, Idaho, organizado por el Consulado de\u00a0<a href=\"https:\/\/soymigrante.com\/revista\/consulado-de-guatemala-seattle-ubicacion-contacto\/\" target=\"_blank\" rel=\"noopener\">Washington<\/a>\u00a0State<br \/>Jacksonville, Beach, Florida; organizado por el consulado\u00a0 de\u00a0<a href=\"https:\/\/soymigrante.com\/revista\/migrante-4\/\" target=\"_blank\" rel=\"noopener\">Lake Worth, Florida<\/a> <br \/>Dodge City, Kansas, coordinado por el Consulado de\u00a0<a href=\"https:\/\/soymigrante.com\/revista\/consulado-de-guatemala-en-oklahoma-ubicacion-servicio\/\" target=\"_blank\" rel=\"noopener\">Oklahoma City, Oklahoma<\/a> <br \/>Stamford, Connecticut, atendido por el consulado de Riverhead, New York<br \/>Victorville, California, atendido por el consulado de\u00a0<a href=\"https:\/\/soymigrante.com\/revista\/consulados-de-guatemala-en-california-ubicacion-y-horarios\/\" target=\"_blank\" rel=\"noopener\">San Bernardino, California<\/a> <br \/>Hyattsville, organizado por el consulado de\u00a0<a href=\"https:\/\/soymigrante.com\/revista\/consulado-de-guatemala-en-maryland-area-de-washington-dc\/\" target=\"_blank\" rel=\"noopener\">Maryland<\/a><\/p>\t\t\t\t\t\t\t\t<\/div>\n\t\t\t\t\t<\/div>\n\t\t\t\t<\/div>\n\t\t<div data-particle_enable=\"false\" data-particle-mobile-disabled=\"false\" class=\"elementor-element elementor-element-644a96a e-flex e-con-boxed e-con e-parent\" data-id=\"644a96a\" data-element_type=\"container\" data-e-type=\"container\">\n\t\t\t\t\t<div class=\"e-con-inner\">\n\t\t\t\t<div class=\"elementor-element elementor-element-c249fbd elementor-widget elementor-widget-heading\" data-id=\"c249fbd\" data-element_type=\"widget\" data-e-type=\"widget\" data-widget_type=\"heading.default\">\n\t\t\t\t\t<h3 class=\"elementor-heading-title elementor-size-default\">19 y 20 de abril 2025:<\/h3>\t\t\t\t<\/div>\n\t\t\t\t\t<\/div>\n\t\t\t\t<\/div>\n\t\t<div data-particle_enable=\"false\" data-particle-mobile-disabled=\"false\" class=\"elementor-element elementor-element-4e21694 e-flex e-con-boxed e-con e-parent\" data-id=\"4e21694\" data-element_type=\"container\" data-e-type=\"container\">\n\t\t\t\t\t<div class=\"e-con-inner\">\n\t\t\t\t<div class=\"elementor-element elementor-element-3f186d1 elementor-widget elementor-widget-text-editor\" data-id=\"3f186d1\" data-element_type=\"widget\" data-e-type=\"widget\" data-widget_type=\"text-editor.default\">\n\t\t\t\t\t\t\t\t\t<p>Stamford, Connecticut organizado por el Consulado de <a href=\"https:\/\/soymigrante.com\/revista\/consulado-de-guatemala-en-nueva-york-new-ubicacion-servicios\/\" target=\"_blank\" rel=\"noopener\">Riverhead, Nueva York\u00a0<\/a><\/p><p>Indianapolis, Indiana, organizado por el Consulado de<a href=\"https:\/\/soymigrante.com\/revista\/consulado-de-guatemala-en-chicago-citas-ubicacion\/\" target=\"_blank\" rel=\"noopener\">\u00a0Chinaco, Illinois\u00a0<\/a><\/p><p>Siuox Falk, Dakota del Sur, organizado por el Consulado de <a href=\"https:\/\/soymigrante.com\/revista\/consulado-de-guatemala-en-nebraska\/\" target=\"_blank\" rel=\"noopener\">Ohama, Nebraska\u00a0<\/a><\/p><p>Yuba City, California, organizado por el Consulado de <a href=\"https:\/\/soymigrante.com\/revista\/consulados-de-guatemala-en-california-ubicacion-y-horarios\/\" target=\"_blank\" rel=\"noopener\">San Francisco, Ca<\/a><\/p>\t\t\t\t\t\t\t\t<\/div>\n\t\t\t\t\t<\/div>\n\t\t\t\t<\/div>\n\t\t<div data-particle_enable=\"false\" data-particle-mobile-disabled=\"false\" class=\"elementor-element elementor-element-676bf74 e-flex e-con-boxed e-con e-parent\" data-id=\"676bf74\" data-element_type=\"container\" data-e-type=\"container\">\n\t\t\t\t\t<div class=\"e-con-inner\">\n\t\t\t\t<div class=\"elementor-element elementor-element-88c36a3 elementor-grid-eael-col-1 elementor-grid-tablet-eael-col-2 elementor-grid-mobile-eael-col-1 elementor-widget elementor-widget-eael-post-grid\" data-id=\"88c36a3\" data-element_type=\"widget\" data-e-type=\"widget\" data-settings=\"{&quot;eael_post_grid_columns&quot;:&quot;eael-col-1&quot;,&quot;eael_post_grid_columns_tablet&quot;:&quot;eael-col-2&quot;,&quot;eael_post_grid_columns_mobile&quot;:&quot;eael-col-1&quot;}\" data-widget_type=\"eael-post-grid.default\">\n\t\t\t\t\t<div id=\"eael-post-grid-88c36a3\" class=\"eael-post-grid-container\">\n            <div class=\"eael-post-grid eael-post-appender eael-post-appender-88c36a3 eael-post-grid-style-one\" data-layout-mode=\"masonry\"><article class=\"eael-grid-post  eael-post-grid-column eael-pg-post-5978 category-recursos-migratorios\" data-id=\"5978\">\n        <div class=\"eael-grid-post-holder\">\n            <div class=\"eael-grid-post-holder-inner\"><div class=\"eael-entry-media\"><div class=\"eael-entry-overlay fade-in\"><i class=\"far fa-hand-pointer\" aria-hidden=\"true\"><\/i><a href=\"https:\/\/soymigrante.com\/revista\/buscas-un-consulado-de-guatemala-en-us-contactos-ubicacion-y-citas-de-todos\/\"><\/a><\/div><div class=\"eael-entry-thumbnail \">\n                <img fetchpriority=\"high\" decoding=\"async\" width=\"1024\" height=\"576\" src=\"https:\/\/soymigrante.com\/revista\/wp-content\/uploads\/2024\/03\/Oklahoma-consulado-gt.webp\" class=\"attachment-large size-large wp-image-5486\" alt=\"Oklahoma consulado gt\" srcset=\"https:\/\/soymigrante.com\/revista\/wp-content\/uploads\/2024\/03\/Oklahoma-consulado-gt.webp 1024w, https:\/\/soymigrante.com\/revista\/wp-content\/uploads\/2024\/03\/Oklahoma-consulado-gt-300x169.webp 300w, https:\/\/soymigrante.com\/revista\/wp-content\/uploads\/2024\/03\/Oklahoma-consulado-gt-768x432.webp 768w, https:\/\/soymigrante.com\/revista\/wp-content\/uploads\/2024\/03\/Oklahoma-consulado-gt-750x422.webp 750w\" sizes=\"(max-width: 1024px) 100vw, 1024px\" \/>\n            <\/div>\n        <\/div><div class=\"eael-entry-wrapper\"><header class=\"eael-entry-header\"><h2 class=\"eael-entry-title\"><a class=\"eael-grid-post-link\" href=\"https:\/\/soymigrante.com\/revista\/buscas-un-consulado-de-guatemala-en-us-contactos-ubicacion-y-citas-de-todos\/\" title=\"\u00bfBuscas un consulado de Guatemala en USA? Contactos, ubicaci\u00f3n y citas de todos\">\u00bfBuscas un consulado de Guatemala en USA? Contactos, ubicaci\u00f3n y citas de todos<\/a><\/h2><\/header><div class=\"eael-entry-content\">\n                        <div class=\"eael-grid-post-excerpt\"><a href=\"https:\/\/soymigrante.com\/revista\/buscas-un-consulado-de-guatemala-en-us-contactos-ubicacion-y-citas-de-todos\/\" class=\"eael-post-elements-readmore-btn\">CONOCE SU HISTORIA <\/a><\/div>\n                    <\/div><\/div><\/div>\n        <\/div>\n    <\/article><\/div>\n            <div class=\"clearfix\"><\/div>\n        <\/div>\t\t\t\t<\/div>\n\t\t\t\t\t<\/div>\n\t\t\t\t<\/div>\n\t\t<div data-particle_enable=\"false\" data-particle-mobile-disabled=\"false\" class=\"elementor-element elementor-element-a3908d2 e-flex e-con-boxed e-con e-parent\" data-id=\"a3908d2\" data-element_type=\"container\" data-e-type=\"container\">\n\t\t\t\t\t<div class=\"e-con-inner\">\n\t\t\t\t<div class=\"elementor-element elementor-element-7f63672 elementor-widget elementor-widget-heading\" data-id=\"7f63672\" data-element_type=\"widget\" data-e-type=\"widget\" data-widget_type=\"heading.default\">\n\t\t\t\t\t<h3 class=\"elementor-heading-title elementor-size-default\">26 y 27 de abril de 2025:<\/h3>\t\t\t\t<\/div>\n\t\t\t\t\t<\/div>\n\t\t\t\t<\/div>\n\t\t<div data-particle_enable=\"false\" data-particle-mobile-disabled=\"false\" class=\"elementor-element elementor-element-318f77a e-flex e-con-boxed e-con e-parent\" data-id=\"318f77a\" data-element_type=\"container\" data-e-type=\"container\">\n\t\t\t\t\t<div class=\"e-con-inner\">\n\t\t\t\t<div class=\"elementor-element elementor-element-9f69e34 elementor-widget elementor-widget-text-editor\" data-id=\"9f69e34\" data-element_type=\"widget\" data-e-type=\"widget\" data-widget_type=\"text-editor.default\">\n\t\t\t\t\t\t\t\t\t<p>San Diego, California, organizado por el Consulado de\u00a0<a href=\"https:\/\/soymigrante.com\/revista\/consulados-de-guatemala-en-california-ubicacion-y-horarios\/\" target=\"_blank\" rel=\"noopener\">Los Angeles California\u00a0<\/a><\/p><p>Mamaroneck, Nueva York, organizado por el Consulado de <a href=\"https:\/\/soymigrante.com\/revista\/consulado-de-guatemala-en-nueva-york-new-ubicacion-servicios\/\" target=\"_blank\" rel=\"noopener\">Nueva York, Nueva York\u00a0<\/a><\/p><p>Clovis, Nuevo M\u00e9xico, organizado por el Consulado de <a href=\"https:\/\/soymigrante.com\/revista\/consulado-de-guatemala-en-arizona-ubicacion-contacto\/\" target=\"_blank\" rel=\"noopener\">Phoenix, Arizona\u00a0<\/a><\/p><p>Wilmington, Caronila del Norte, organizado por el Consulado de <a href=\"https:\/\/soymigrante.com\/revista\/consulado-de-guatemala-en-carolina-del-norte\/\" target=\"_blank\" rel=\"noopener\">Raleigh, Carolina del Norte\u00a0<\/a><\/p><p>Greeley, Colorado, organizado por el Consulado de <a href=\"https:\/\/soymigrante.com\/revista\/consulado-de-guatemala-denver-colorado-servicios\/\" target=\"_blank\" rel=\"noopener\">Denver, Colorado\u00a0<\/a><\/p><p>Savannah, Georgia,\u00a0organizado por el Consulado de <a href=\"https:\/\/soymigrante.com\/revista\/consulado-de-guatemala-en-atlanta-hoarios-ubicacion\/\" target=\"_blank\" rel=\"noopener\">Atlanta Georgia\u00a0<\/a><\/p><p>Corpus Chtisti, Texas, organizado por el Consulado de <a href=\"https:\/\/soymigrante.com\/revista\/consulados-de-guatemala-en-texas-estados-unidos\/\" target=\"_blank\" rel=\"noopener\">Mcallen, Texas\u00a0<\/a><\/p><p>Memphis, TN, organizado por el Consulado de <a href=\"https:\/\/soymigrante.com\/revista\/consulado-de-guatemala-en-tennessee-ubicacion-servicios-horario\/\" target=\"_blank\" rel=\"noopener\">Nashville, Tennessee\u00a0<\/a><\/p><p>Springfield, Massachusets, organizado por el Consulado de <a href=\"https:\/\/soymigrante.com\/revista\/consulado-de-guatemala-en-rhode-island\/\" target=\"_blank\" rel=\"noopener\">Providenche, Rhode Island\u00a0<\/a><\/p><p>Lakewood, New Jersey organizado por el Consulado de \u00a0<a href=\"https:\/\/soymigrante.com\/revista\/consulado-de-guatemala-en-filadelfia-pennsylvania-usa\/\" target=\"_blank\" rel=\"noopener\">Philadelphia, Pennsylvania\u00a0<\/a><\/p><p>Canton, Ohio, organizado por el Consulado de <a href=\"https:\/\/soymigrante.com\/revista\/consulado-de-guatemala-ohio-citas-tramites\/\" target=\"_blank\" rel=\"noopener\">Columbus, Ohio\u00a0<\/a><\/p><p>Tampa. Wimauma, organizado por el Consulado de <a href=\"https:\/\/soymigrante.com\/revista\/migrante-4\/\" target=\"_blank\" rel=\"noopener\">Miami, Florida<\/a><\/p>\t\t\t\t\t\t\t\t<\/div>\n\t\t\t\t\t<\/div>\n\t\t\t\t<\/div>\n\t\t<div data-particle_enable=\"false\" data-particle-mobile-disabled=\"false\" class=\"elementor-element elementor-element-c53a044 e-flex e-con-boxed e-con e-parent\" data-id=\"c53a044\" data-element_type=\"container\" data-e-type=\"container\">\n\t\t\t\t\t<div class=\"e-con-inner\">\n\t\t\t\t<div class=\"elementor-element elementor-element-dc6f2ba elementor-invisible elementor-widget elementor-widget-facebook-embed\" data-id=\"dc6f2ba\" data-element_type=\"widget\" data-e-type=\"widget\" data-settings=\"{&quot;_animation&quot;:&quot;zoomInDown&quot;}\" data-widget_type=\"facebook-embed.default\">\n\t\t\t\t\t<div style=\"min-height: 1px\" class=\"elementor-facebook-widget fb-post\" data-href=\"https:\/\/www.facebook.com\/photo\/?fbid=669503218755923&#038;set=pb.100070887519629.-2207520000\" data-show-text=\"false\"><\/div>\t\t\t\t<\/div>\n\t\t\t\t\t<\/div>\n\t\t\t\t<\/div>\n\t\t<div data-particle_enable=\"false\" data-particle-mobile-disabled=\"false\" class=\"elementor-element elementor-element-872d71b e-flex e-con-boxed e-con e-parent\" data-id=\"872d71b\" data-element_type=\"container\" data-e-type=\"container\">\n\t\t\t\t\t<div class=\"e-con-inner\">\n\t\t\t\t<div class=\"elementor-element elementor-element-68aa0ce elementor-widget elementor-widget-text-editor\" data-id=\"68aa0ce\" data-element_type=\"widget\" data-e-type=\"widget\" data-widget_type=\"text-editor.default\">\n\t\t\t\t\t\t\t\t\t<p>Estas jornadas permiten a los guatemaltecos en dichas \u00e1reas acceder a servicios consulares sin necesidad de desplazarse largas distancias. <\/p>\t\t\t\t\t\t\t\t<\/div>\n\t\t\t\t\t<\/div>\n\t\t\t\t<\/div>\n\t\t<div data-particle_enable=\"false\" data-particle-mobile-disabled=\"false\" class=\"elementor-element elementor-element-ae509ab e-flex e-con-boxed e-con e-parent\" data-id=\"ae509ab\" data-element_type=\"container\" data-e-type=\"container\">\n\t\t\t\t\t<div class=\"e-con-inner\">\n\t\t\t\t<div class=\"elementor-element elementor-element-fb83edb elementor-widget elementor-widget-heading\" data-id=\"fb83edb\" data-element_type=\"widget\" data-e-type=\"widget\" data-widget_type=\"heading.default\">\n\t\t\t\t\t<h3 class=\"elementor-heading-title elementor-size-default\">Servicios ofrecidos en los consulados m\u00f3viles<\/h3>\t\t\t\t<\/div>\n\t\t\t\t\t<\/div>\n\t\t\t\t<\/div>\n\t\t<div data-particle_enable=\"false\" data-particle-mobile-disabled=\"false\" class=\"elementor-element elementor-element-fa94ee3 e-flex e-con-boxed e-con e-parent\" data-id=\"fa94ee3\" data-element_type=\"container\" data-e-type=\"container\">\n\t\t\t\t\t<div class=\"e-con-inner\">\n\t\t\t\t<div class=\"elementor-element elementor-element-627f577 elementor-widget elementor-widget-text-editor\" data-id=\"627f577\" data-element_type=\"widget\" data-e-type=\"widget\" data-widget_type=\"text-editor.default\">\n\t\t\t\t\t\t\t\t\t<div>Durante estas jornadas, se brindan diversos servicios consulares, entre los que destacan:\u00a0<\/div><div>\u2022Emisi\u00f3n y renovaci\u00f3n de pasaportes.\u00a0<\/div><div>\u2022Tramitaci\u00f3n de la Tarjeta de Identificaci\u00f3n Consular Guatemalteca (TICG).\u00a0<\/div><div>\u2022Registro de nacimientos.<\/div><div>\u2022Asesor\u00eda legal y protecci\u00f3n consular.\u00a0<\/div><div>\u2022Certificaciones varias y orientaci\u00f3n en tr\u00e1mites migratorios.\u00a0<\/div>\t\t\t\t\t\t\t\t<\/div>\n\t\t\t\t\t<\/div>\n\t\t\t\t<\/div>\n\t\t<div data-particle_enable=\"false\" data-particle-mobile-disabled=\"false\" class=\"elementor-element elementor-element-6c5d807 e-flex e-con-boxed e-con e-parent\" data-id=\"6c5d807\" data-element_type=\"container\" data-e-type=\"container\">\n\t\t\t\t\t<div class=\"e-con-inner\">\n\t\t\t\t<div class=\"elementor-element elementor-element-ebff69a elementor-widget elementor-widget-text-editor\" data-id=\"ebff69a\" data-element_type=\"widget\" data-e-type=\"widget\" data-widget_type=\"text-editor.default\">\n\t\t\t\t\t\t\t\t\t<p><a href=\"https:\/\/www.minex.gob.gt\/\" target=\"_blank\" rel=\"noopener\">Es importante destacar que, seg\u00fan reportes del Minex,<\/a> en anteriores consulados m\u00f3viles el servicio m\u00e1s solicitado ha sido la captura de datos para pasaportes, seguido del enrolamiento para la TICG .<\/p><p><strong>S\u00e1bados consulares:<\/strong> atenci\u00f3n extendida en consulados permanentes<\/p><p>Adem\u00e1s de los consulados m\u00f3viles, el Minex ha implementado los S\u00e1bados Consulares, una iniciativa que ofrece atenci\u00f3n al p\u00fablico el primer s\u00e1bado de cada mes en los consulados permanentes de Guatemala en Estados Unidos.<\/p><p>Durante estas jornadas, los consulados extienden su horario de atenci\u00f3n de 8:00 a.m. a 1:00 p.m., facilitando el acceso a servicios consulares para aquellos que no pueden asistir durante la semana.<\/p>\t\t\t\t\t\t\t\t<\/div>\n\t\t\t\t\t<\/div>\n\t\t\t\t<\/div>\n\t\t<div data-particle_enable=\"false\" data-particle-mobile-disabled=\"false\" class=\"elementor-element elementor-element-3cd88f1 e-flex e-con-boxed e-con e-parent\" data-id=\"3cd88f1\" data-element_type=\"container\" data-e-type=\"container\">\n\t\t\t\t\t<div class=\"e-con-inner\">\n\t\t\t\t<div class=\"elementor-element elementor-element-367c039 elementor-invisible elementor-widget elementor-widget-facebook-embed\" data-id=\"367c039\" data-element_type=\"widget\" data-e-type=\"widget\" data-settings=\"{&quot;_animation&quot;:&quot;zoomInDown&quot;}\" data-widget_type=\"facebook-embed.default\">\n\t\t\t\t\t<div style=\"min-height: 1px\" class=\"elementor-facebook-widget fb-video\" data-href=\"https:\/\/fb.watch\/yBJVS062-t\/\" data-show-text=\"false\" data-allowfullscreen=\"false\" data-autoplay=\"false\" data-show-captions=\"false\"><\/div>\t\t\t\t<\/div>\n\t\t\t\t\t<\/div>\n\t\t\t\t<\/div>\n\t\t<div data-particle_enable=\"false\" data-particle-mobile-disabled=\"false\" class=\"elementor-element elementor-element-4f3a0e9 e-flex e-con-boxed e-con e-parent\" data-id=\"4f3a0e9\" data-element_type=\"container\" data-e-type=\"container\">\n\t\t\t\t\t<div class=\"e-con-inner\">\n\t\t\t\t<div class=\"elementor-element elementor-element-d667253 elementor-widget elementor-widget-heading\" data-id=\"d667253\" data-element_type=\"widget\" data-e-type=\"widget\" data-widget_type=\"heading.default\">\n\t\t\t\t\t<h3 class=\"elementor-heading-title elementor-size-default\">C\u00f3mo programar una cita<\/h3>\t\t\t\t<\/div>\n\t\t\t\t\t<\/div>\n\t\t\t\t<\/div>\n\t\t<div data-particle_enable=\"false\" data-particle-mobile-disabled=\"false\" class=\"elementor-element elementor-element-c528653 e-flex e-con-boxed e-con e-parent\" data-id=\"c528653\" data-element_type=\"container\" data-e-type=\"container\">\n\t\t\t\t\t<div class=\"e-con-inner\">\n\t\t\t\t<div class=\"elementor-element elementor-element-6150a8d elementor-widget elementor-widget-text-editor\" data-id=\"6150a8d\" data-element_type=\"widget\" data-e-type=\"widget\" data-widget_type=\"text-editor.default\">\n\t\t\t\t\t\t\t\t\t<p>Para acceder a los servicios durante los consulados m\u00f3viles o los S\u00e1bados Consulares, es recomendable programar una cita previa.<\/p><p>Las citas para pasaporte, DPI y tarjeta consular pueden agendarse a trav\u00e9s de la p\u00e1gina oficial del Minex: <a href=\"https:\/\/www.minex.gob.gt\/\" target=\"_blank\" rel=\"noopener\">www.minex.gob.gt<\/a>. Para otros tr\u00e1mites, no es necesario agendar cita.<\/p><p>E<a href=\"https:\/\/www.minex.gob.gt\/\" target=\"_blank\" rel=\"noopener\">l Minex reitera su compromiso de acercar los servicios consulares a la comunidad guatemalteca en el extranjero<\/a>, facilitando tr\u00e1mites y brindando apoyo a los connacionales en Estados Unidos. <\/p>\t\t\t\t\t\t\t\t<\/div>\n\t\t\t\t\t<\/div>\n\t\t\t\t<\/div>\n\t\t<div data-particle_enable=\"false\" data-particle-mobile-disabled=\"false\" class=\"elementor-element elementor-element-76e350a e-flex e-con-boxed e-con e-parent\" data-id=\"76e350a\" data-element_type=\"container\" data-e-type=\"container\">\n\t\t\t\t\t<div class=\"e-con-inner\">\n\t\t\t\t<div class=\"elementor-element elementor-element-ea83658 elementor-widget elementor-widget-heading\" data-id=\"ea83658\" data-element_type=\"widget\" data-e-type=\"widget\" data-widget_type=\"heading.default\">\n\t\t\t\t\t<h2 class=\"elementor-heading-title elementor-size-default\">Conoce m\u00e1s de otros recursos migratorios ac\u00e1...<\/h2>\t\t\t\t<\/div>\n\t\t\t\t\t<\/div>\n\t\t\t\t<\/div>\n\t\t<div data-particle_enable=\"false\" data-particle-mobile-disabled=\"false\" class=\"elementor-element elementor-element-a7b32b9 e-flex e-con-boxed e-con e-parent\" data-id=\"a7b32b9\" data-element_type=\"container\" data-e-type=\"container\">\n\t\t\t\t\t<div class=\"e-con-inner\">\n\t\t\t\t<div class=\"elementor-element elementor-element-cc85593 elementor-grid-eael-col-3 elementor-grid-tablet-eael-col-2 elementor-grid-mobile-eael-col-1 elementor-widget elementor-widget-eael-post-grid\" data-id=\"cc85593\" data-element_type=\"widget\" data-e-type=\"widget\" data-settings=\"{&quot;eael_post_grid_columns&quot;:&quot;eael-col-3&quot;,&quot;eael_post_grid_columns_tablet&quot;:&quot;eael-col-2&quot;,&quot;eael_post_grid_columns_mobile&quot;:&quot;eael-col-1&quot;}\" data-widget_type=\"eael-post-grid.default\">\n\t\t\t\t\t<div id=\"eael-post-grid-cc85593\" class=\"eael-post-grid-container\">\n            <div class=\"eael-post-grid eael-post-appender eael-post-appender-cc85593 eael-post-grid-style-one\" data-layout-mode=\"masonry\"><article class=\"eael-grid-post  eael-post-grid-column eael-pg-post-275 category-estamos-unidos\" data-id=\"275\">\n        <div class=\"eael-grid-post-holder\">\n            <div class=\"eael-grid-post-holder-inner\"><div class=\"eael-entry-media\"><div class=\"eael-entry-overlay fade-in\"><i class=\"far fa-hand-pointer\" aria-hidden=\"true\"><\/i><a href=\"https:\/\/soymigrante.com\/revista\/licencia-de-conducir\/\"><\/a><\/div><div class=\"eael-entry-thumbnail \">\n                <img decoding=\"async\" width=\"1024\" height=\"683\" src=\"https:\/\/soymigrante.com\/revista\/wp-content\/uploads\/2023\/05\/woman-with-keys-and-license-near-the-car-at-the-pa-2021-09-02-01-35-46-utc-1024x683.jpg\" class=\"attachment-large size-large wp-image-1136\" alt=\"Conductora luciendo su licencia, imagen de referencia. Cr\u00e9dito Envato\" srcset=\"https:\/\/soymigrante.com\/revista\/wp-content\/uploads\/2023\/05\/woman-with-keys-and-license-near-the-car-at-the-pa-2021-09-02-01-35-46-utc-1024x683.jpg 1024w, https:\/\/soymigrante.com\/revista\/wp-content\/uploads\/2023\/05\/woman-with-keys-and-license-near-the-car-at-the-pa-2021-09-02-01-35-46-utc-300x200.webp 300w, https:\/\/soymigrante.com\/revista\/wp-content\/uploads\/2023\/05\/woman-with-keys-and-license-near-the-car-at-the-pa-2021-09-02-01-35-46-utc-768x513.jpg 768w, https:\/\/soymigrante.com\/revista\/wp-content\/uploads\/2023\/05\/woman-with-keys-and-license-near-the-car-at-the-pa-2021-09-02-01-35-46-utc-1536x1025.jpg 1536w, https:\/\/soymigrante.com\/revista\/wp-content\/uploads\/2023\/05\/woman-with-keys-and-license-near-the-car-at-the-pa-2021-09-02-01-35-46-utc-2048x1367.jpg 2048w, https:\/\/soymigrante.com\/revista\/wp-content\/uploads\/2023\/05\/woman-with-keys-and-license-near-the-car-at-the-pa-2021-09-02-01-35-46-utc-750x501.webp 750w, https:\/\/soymigrante.com\/revista\/wp-content\/uploads\/2023\/05\/woman-with-keys-and-license-near-the-car-at-the-pa-2021-09-02-01-35-46-utc-1140x761.jpg 1140w, https:\/\/soymigrante.com\/revista\/wp-content\/uploads\/2023\/05\/woman-with-keys-and-license-near-the-car-at-the-pa-2021-09-02-01-35-46-utc-600x400.jpg 600w, https:\/\/soymigrante.com\/revista\/wp-content\/uploads\/2023\/05\/woman-with-keys-and-license-near-the-car-at-the-pa-2021-09-02-01-35-46-utc-scaled.webp 1920w\" sizes=\"(max-width: 1024px) 100vw, 1024px\" \/>\n            <\/div>\n        <\/div><div class=\"eael-entry-wrapper\"><header class=\"eael-entry-header\"><h2 class=\"eael-entry-title\"><a class=\"eael-grid-post-link\" href=\"https:\/\/soymigrante.com\/revista\/licencia-de-conducir\/\" title=\"\u00bfPor qu\u00e9 la licencia de conducir en EE.UU. se considera un privilegio y no un derecho?\">\u00bfPor qu\u00e9 la licencia de conducir en EE.UU. se considera un privilegio y no un derecho?<\/a><\/h2><\/header><div class=\"eael-entry-content\">\n                        <div class=\"eael-grid-post-excerpt\"><a href=\"https:\/\/soymigrante.com\/revista\/licencia-de-conducir\/\" class=\"eael-post-elements-readmore-btn\">CONOCE SU HISTORIA <\/a><\/div>\n                    <\/div><\/div><\/div>\n        <\/div>\n    <\/article><article class=\"eael-grid-post  eael-post-grid-column eael-pg-post-20220 category-estamos-unidos\" data-id=\"20220\">\n        <div class=\"eael-grid-post-holder\">\n            <div class=\"eael-grid-post-holder-inner\"><div class=\"eael-entry-media\"><div class=\"eael-entry-overlay fade-in\"><i class=\"far fa-hand-pointer\" aria-hidden=\"true\"><\/i><a href=\"https:\/\/soymigrante.com\/revista\/conoce-los-nuevos-cambios-en-el-dpi-guatemalteco\/\"><\/a><\/div><div class=\"eael-entry-thumbnail \">\n                <img decoding=\"async\" width=\"1024\" height=\"1024\" src=\"https:\/\/soymigrante.com\/revista\/wp-content\/uploads\/2025\/01\/DPI-FRENTE-1-1024x1024.jpg\" class=\"attachment-large size-large wp-image-20288\" alt=\"Tarjeta de identificaci\u00f3n personal de Guatemala, Centroam\u00e9rica, utilizada por migrantes y oficiales en procesos migratorios, con informaci\u00f3n personal y foto de la titular.\" srcset=\"https:\/\/soymigrante.com\/revista\/wp-content\/uploads\/2025\/01\/DPI-FRENTE-1-1024x1024.jpg 1024w, https:\/\/soymigrante.com\/revista\/wp-content\/uploads\/2025\/01\/DPI-FRENTE-1-300x300.jpg 300w, https:\/\/soymigrante.com\/revista\/wp-content\/uploads\/2025\/01\/DPI-FRENTE-1-150x150.jpg 150w, https:\/\/soymigrante.com\/revista\/wp-content\/uploads\/2025\/01\/DPI-FRENTE-1-768x768.jpg 768w, https:\/\/soymigrante.com\/revista\/wp-content\/uploads\/2025\/01\/DPI-FRENTE-1-1536x1536.jpg 1536w, https:\/\/soymigrante.com\/revista\/wp-content\/uploads\/2025\/01\/DPI-FRENTE-1-2048x2048.jpg 2048w, https:\/\/soymigrante.com\/revista\/wp-content\/uploads\/2025\/01\/DPI-FRENTE-1-75x75.webp 75w, https:\/\/soymigrante.com\/revista\/wp-content\/uploads\/2025\/01\/DPI-FRENTE-1-750x750.webp 750w, https:\/\/soymigrante.com\/revista\/wp-content\/uploads\/2025\/01\/DPI-FRENTE-1-1140x1140.webp 1140w, https:\/\/soymigrante.com\/revista\/wp-content\/uploads\/2025\/01\/DPI-FRENTE-1-scaled.webp 1920w\" sizes=\"(max-width: 1024px) 100vw, 1024px\" \/>\n            <\/div>\n        <\/div><div class=\"eael-entry-wrapper\"><header class=\"eael-entry-header\"><h2 class=\"eael-entry-title\"><a class=\"eael-grid-post-link\" href=\"https:\/\/soymigrante.com\/revista\/conoce-los-nuevos-cambios-en-el-dpi-guatemalteco\/\" title=\"Conoce los nuevos cambios en el DPI guatemalteco: ser\u00e1 a colores y algo m\u00e1s\">Conoce los nuevos cambios en el DPI guatemalteco: ser\u00e1 a colores y algo m\u00e1s<\/a><\/h2><\/header><div class=\"eael-entry-content\">\n                        <div class=\"eael-grid-post-excerpt\"><a href=\"https:\/\/soymigrante.com\/revista\/conoce-los-nuevos-cambios-en-el-dpi-guatemalteco\/\" class=\"eael-post-elements-readmore-btn\">CONOCE SU HISTORIA <\/a><\/div>\n                    <\/div><\/div><\/div>\n        <\/div>\n    <\/article><article class=\"eael-grid-post  eael-post-grid-column eael-pg-post-2949 category-recursos-migratorios\" data-id=\"2949\">\n        <div class=\"eael-grid-post-holder\">\n            <div class=\"eael-grid-post-holder-inner\"><div class=\"eael-entry-media\"><div class=\"eael-entry-overlay fade-in\"><i class=\"far fa-hand-pointer\" aria-hidden=\"true\"><\/i><a href=\"https:\/\/soymigrante.com\/revista\/como-tramitar-el-pasaporte-guatemalteco-en-estados-unidos\/\"><\/a><\/div><div class=\"eael-entry-thumbnail \">\n                <img loading=\"lazy\" decoding=\"async\" width=\"1024\" height=\"460\" src=\"https:\/\/soymigrante.com\/revista\/wp-content\/uploads\/2023\/10\/El-pasaporte-se-puede-tramitar-desde-las-embajadas-y-consulados-oficiales-en-Estados-Unidos-1024x460.webp\" class=\"attachment-large size-large wp-image-2961\" alt=\"El pasaporte se puede tramitar desde las embajadas y consulados oficiales en Estados Unidos\" srcset=\"https:\/\/soymigrante.com\/revista\/wp-content\/uploads\/2023\/10\/El-pasaporte-se-puede-tramitar-desde-las-embajadas-y-consulados-oficiales-en-Estados-Unidos-1024x460.webp 1024w, https:\/\/soymigrante.com\/revista\/wp-content\/uploads\/2023\/10\/El-pasaporte-se-puede-tramitar-desde-las-embajadas-y-consulados-oficiales-en-Estados-Unidos-300x135.webp 300w, https:\/\/soymigrante.com\/revista\/wp-content\/uploads\/2023\/10\/El-pasaporte-se-puede-tramitar-desde-las-embajadas-y-consulados-oficiales-en-Estados-Unidos-768x345.webp 768w, https:\/\/soymigrante.com\/revista\/wp-content\/uploads\/2023\/10\/El-pasaporte-se-puede-tramitar-desde-las-embajadas-y-consulados-oficiales-en-Estados-Unidos-1536x690.webp 1536w, https:\/\/soymigrante.com\/revista\/wp-content\/uploads\/2023\/10\/El-pasaporte-se-puede-tramitar-desde-las-embajadas-y-consulados-oficiales-en-Estados-Unidos-scaled.webp 1920w, https:\/\/soymigrante.com\/revista\/wp-content\/uploads\/2023\/10\/El-pasaporte-se-puede-tramitar-desde-las-embajadas-y-consulados-oficiales-en-Estados-Unidos-750x337.webp 750w, https:\/\/soymigrante.com\/revista\/wp-content\/uploads\/2023\/10\/El-pasaporte-se-puede-tramitar-desde-las-embajadas-y-consulados-oficiales-en-Estados-Unidos-1140x512.webp 1140w\" sizes=\"(max-width: 1024px) 100vw, 1024px\" \/>\n            <\/div>\n        <\/div><div class=\"eael-entry-wrapper\"><header class=\"eael-entry-header\"><h2 class=\"eael-entry-title\"><a class=\"eael-grid-post-link\" href=\"https:\/\/soymigrante.com\/revista\/como-tramitar-el-pasaporte-guatemalteco-en-estados-unidos\/\" title=\"\u00bfC\u00f3mo tramitar el pasaporte guatemalteco en Estados Unidos?\">\u00bfC\u00f3mo tramitar el pasaporte guatemalteco en Estados Unidos?<\/a><\/h2><\/header><div class=\"eael-entry-content\">\n                        <div class=\"eael-grid-post-excerpt\"><a href=\"https:\/\/soymigrante.com\/revista\/como-tramitar-el-pasaporte-guatemalteco-en-estados-unidos\/\" class=\"eael-post-elements-readmore-btn\">CONOCE SU HISTORIA <\/a><\/div>\n                    <\/div><\/div><\/div>\n        <\/div>\n    <\/article><\/div>\n            <div class=\"clearfix\"><\/div>\n        <\/div>\t\t\t\t<\/div>\n\t\t\t\t\t<\/div>\n\t\t\t\t<\/div>\n\t\t\t\t<\/div>\n\t\t","protected":false},"excerpt":{"rendered":"<p>Los consulados m\u00f3viles guatemaltecos en Estados Unidos, estar\u00e1n disponibles durante abril para ayudarle a hacer tr\u00e1mites. recuerda programar tu cita digitalmente con anticipaci\u00f3n. El Ministerio de Relaciones Exteriores de Guatemala (Minex) ha programado una serie de consulados m\u00f3viles en Estados Unidos durante abril de 2025, con el objetivo de acercar servicios consulares a los connacionales [&hellip;]<\/p>\n","protected":false},"author":19,"featured_media":29318,"comment_status":"open","ping_status":"open","sticky":false,"template":"","format":"standard","meta":{"_acf_changed":false,"_eb_attr":"","footnotes":""},"categories":[59],"tags":[],"class_list":["post-29317","post","type-post","status-publish","format-standard","has-post-thumbnail","hentry","category-recursos-migratorios"],"acf":[],"aioseo_notices":[],"aioseo_head":"\n\t\t<!-- All in One SEO Pro 4.9.6.2 - aioseo.com -->\n\t<meta name=\"description\" content=\"El pasaporte guatemalteco se puede tramitar desde las embajadas y consulados de la Rep\u00fablica en Estados Unidos. Los guatemaltecos pueden informarse en los consulados, llamar por tel\u00e9fono o contactar por redes sociales. Pasos para tramitar tu pasaporte, DPI o ID consular Antes de dirigirte a tramitar tu pasaporte, DPI o ID Consular debes agendar una\" \/>\n\t<meta name=\"robots\" content=\"max-snippet:-1, max-image-preview:large, max-video-preview:-1\" \/>\n\t<meta name=\"author\" content=\"Marysabel Aldana\"\/>\n\t<link rel=\"canonical\" href=\"https:\/\/soymigrante.com\/revista\/consulados-moviles-de-guatemala-y-sabados-consulares-en-abril-2025\/\" \/>\n\t<meta name=\"generator\" content=\"All in One SEO Pro (AIOSEO) 4.9.6.2\" \/>\n\n\t\t<link rel=\"preconnect\" href=\"https:\/\/fonts.googleapis.com\" crossorigin>\n<link rel=\"preconnect\" href=\"https:\/\/fonts.gstatic.com\" crossorigin>\n\t\t<meta property=\"og:locale\" content=\"es_ES\" \/>\n\t\t<meta property=\"og:site_name\" content=\"SoyMigrante.com REVISTA \u2013 Nuestra misi\u00f3n es reconocer y dignificar al migrante.\" \/>\n\t\t<meta property=\"og:type\" content=\"article\" \/>\n\t\t<meta property=\"og:title\" content=\"Consulados m\u00f3viles de Guatemala y s\u00e1bados consulares en abril 2025\" \/>\n\t\t<meta property=\"og:description\" content=\"Los consulados m\u00f3viles guatemaltecos en Estados Unidos, estar\u00e1n disponibles durante abril para ayudarle a hacer tr\u00e1mites. recuerda programar tu cita digitalmente con anticipaci\u00f3n. El Ministerio de Relaciones Exteriores de Guatemala (Minex) ha programado una serie de consulados m\u00f3viles en Estados Unidos durante abril de 2025, con el objetivo de acercar servicios consulares a los connacionales\" \/>\n\t\t<meta property=\"og:url\" content=\"https:\/\/soymigrante.com\/revista\/consulados-moviles-de-guatemala-y-sabados-consulares-en-abril-2025\/\" \/>\n\t\t<meta property=\"og:image\" content=\"https:\/\/soymigrante.com\/revista\/wp-content\/uploads\/2025\/03\/Consulados-mo\u0301viles-de-Guatemala-y-sa\u0301bados-consulares-en-abril-2025-e1743008659537.webp\" \/>\n\t\t<meta property=\"og:image:secure_url\" content=\"https:\/\/soymigrante.com\/revista\/wp-content\/uploads\/2025\/03\/Consulados-mo\u0301viles-de-Guatemala-y-sa\u0301bados-consulares-en-abril-2025-e1743008659537.webp\" \/>\n\t\t<meta property=\"og:image:width\" content=\"1920\" \/>\n\t\t<meta property=\"og:image:height\" content=\"1558\" \/>\n\t\t<meta property=\"article:published_time\" content=\"2025-03-28T01:40:25+00:00\" \/>\n\t\t<meta property=\"article:modified_time\" content=\"2025-03-28T01:40:58+00:00\" \/>\n\t\t<meta property=\"article:publisher\" content=\"https:\/\/www.facebook.com\/soymigrantecom\" \/>\n\t\t<meta name=\"twitter:card\" content=\"summary_large_image\" \/>\n\t\t<meta name=\"twitter:site\" content=\"@SoyMigrante_com\" \/>\n\t\t<meta name=\"twitter:title\" content=\"Consulados m\u00f3viles de Guatemala y s\u00e1bados consulares en abril 2025\" \/>\n\t\t<meta name=\"twitter:description\" content=\"Los consulados m\u00f3viles guatemaltecos en Estados Unidos, estar\u00e1n disponibles durante abril para ayudarle a hacer tr\u00e1mites. recuerda programar tu cita digitalmente con anticipaci\u00f3n. El Ministerio de Relaciones Exteriores de Guatemala (Minex) ha programado una serie de consulados m\u00f3viles en Estados Unidos durante abril de 2025, con el objetivo de acercar servicios consulares a los connacionales\" \/>\n\t\t<meta name=\"twitter:creator\" content=\"@SoyMigrante_com\" \/>\n\t\t<meta name=\"twitter:image\" content=\"https:\/\/soymigrante.com\/revista\/wp-content\/uploads\/2025\/03\/Consulados-mo\u0301viles-de-Guatemala-y-sa\u0301bados-consulares-en-abril-2025-e1743008659537.webp\" \/>\n\t\t<!-- All in One SEO Pro -->\r\n\t\t<title>Consulados m\u00f3viles de Guatemala y s\u00e1bados consulares en abril 2025<\/title>\n\n","aioseo_head_json":{"title":"Consulados m\u00f3viles de Guatemala y s\u00e1bados consulares en abril 2025","description":"Los consulados m\u00f3viles guatemaltecos en Estados Unidos, estar\u00e1n disponibles durante abril para ayudarle a hacer tr\u00e1mites. recuerda programar tu cita digitalmente con anticipaci\u00f3n. El Ministerio de Relaciones Exteriores de Guatemala (Minex) ha programado una serie de consulados m\u00f3viles en Estados Unidos durante abril de 2025, con el objetivo de acercar servicios consulares a los connacionales","canonical_url":"https:\/\/soymigrante.com\/revista\/consulados-moviles-de-guatemala-y-sabados-consulares-en-abril-2025\/","robots":"max-snippet:-1, max-image-preview:large, max-video-preview:-1","keywords":"","webmasterTools":{"miscellaneous":"&lt;link rel=\"preconnect\" href=\"https:\/\/fonts.googleapis.com\" crossorigin&gt;\n&lt;link rel=\"preconnect\" href=\"https:\/\/fonts.gstatic.com\" crossorigin&gt;"},"schema":null,"og:locale":"es_ES","og:site_name":"SoyMigrante.com REVISTA \u2013 Nuestra misi\u00f3n es reconocer y dignificar al migrante.","og:type":"article","og:title":"Consulados m\u00f3viles de Guatemala y s\u00e1bados consulares en abril 2025","og:description":"Los consulados m\u00f3viles guatemaltecos en Estados Unidos, estar\u00e1n disponibles durante abril para ayudarle a hacer tr\u00e1mites. recuerda programar tu cita digitalmente con anticipaci\u00f3n. El Ministerio de Relaciones Exteriores de Guatemala (Minex) ha programado una serie de consulados m\u00f3viles en Estados Unidos durante abril de 2025, con el objetivo de acercar servicios consulares a los connacionales","og:url":"https:\/\/soymigrante.com\/revista\/consulados-moviles-de-guatemala-y-sabados-consulares-en-abril-2025\/","og:image":"https:\/\/soymigrante.com\/revista\/wp-content\/uploads\/2025\/03\/Consulados-mo\u0301viles-de-Guatemala-y-sa\u0301bados-consulares-en-abril-2025-e1743008659537.webp","og:image:secure_url":"https:\/\/soymigrante.com\/revista\/wp-content\/uploads\/2025\/03\/Consulados-mo\u0301viles-de-Guatemala-y-sa\u0301bados-consulares-en-abril-2025-e1743008659537.webp","og:image:width":1920,"og:image:height":1558,"article:published_time":"2025-03-28T01:40:25+00:00","article:modified_time":"2025-03-28T01:40:58+00:00","article:publisher":"https:\/\/www.facebook.com\/soymigrantecom","twitter:card":"summary_large_image","twitter:site":"@SoyMigrante_com","twitter:title":"Consulados m\u00f3viles de Guatemala y s\u00e1bados consulares en abril 2025","twitter:description":"Los consulados m\u00f3viles guatemaltecos en Estados Unidos, estar\u00e1n disponibles durante abril para ayudarle a hacer tr\u00e1mites. recuerda programar tu cita digitalmente con anticipaci\u00f3n. El Ministerio de Relaciones Exteriores de Guatemala (Minex) ha programado una serie de consulados m\u00f3viles en Estados Unidos durante abril de 2025, con el objetivo de acercar servicios consulares a los connacionales","twitter:creator":"@SoyMigrante_com","twitter:image":"https:\/\/soymigrante.com\/revista\/wp-content\/uploads\/2025\/03\/Consulados-mo\u0301viles-de-Guatemala-y-sa\u0301bados-consulares-en-abril-2025-e1743008659537.webp"},"aioseo_meta_data":{"post_id":"29317","title":null,"description":null,"keywords":null,"keyphrases":{"focus":{"keyphrase":"Consulados","score":83,"analysis":{"keyphraseInTitle":{"score":9,"maxScore":9,"error":0},"keyphraseInDescription":[],"keyphraseLength":{"score":9,"maxScore":9,"error":0,"length":1},"keyphraseInURL":{"score":1,"maxScore":5,"error":1}}},"additional":[{"keyphrase":"Consulados","score":100,"analysis":{"keyphraseInDescription":[],"keyphraseLength":{"score":9,"maxScore":9,"error":0,"length":1}}}]},"primary_term":null,"canonical_url":null,"og_title":null,"og_description":null,"og_object_type":"default","og_image_type":"default","og_image_url":null,"og_image_width":null,"og_image_height":null,"og_image_custom_url":null,"og_image_custom_fields":null,"og_video":"","og_custom_url":null,"og_article_section":null,"og_article_tags":null,"twitter_use_og":false,"twitter_card":"default","twitter_image_type":"default","twitter_image_url":null,"twitter_image_custom_url":null,"twitter_image_custom_fields":null,"twitter_title":null,"twitter_description":null,"schema":{"blockGraphs":[],"customGraphs":[],"default":{"data":{"Article":[],"Course":[],"Dataset":[],"FAQPage":[],"Movie":[],"Person":[],"Product":[],"ProductReview":[],"Car":[],"Recipe":[],"Service":[],"SoftwareApplication":[],"WebPage":[]},"graphName":"BlogPosting","isEnabled":true},"graphs":[]},"schema_type":"default","schema_type_options":null,"pillar_content":false,"robots_default":true,"robots_noindex":false,"robots_noarchive":false,"robots_nosnippet":false,"robots_nofollow":false,"robots_noimageindex":false,"robots_noodp":false,"robots_notranslate":false,"robots_max_snippet":"-1","robots_max_videopreview":"-1","robots_max_imagepreview":"large","priority":null,"frequency":"default","local_seo":null,"seo_analyzer_scan_date":"2025-10-09 03:50:21","breadcrumb_settings":null,"limit_modified_date":false,"reviewed_by":null,"open_ai":"{\"title\":{\"suggestions\":[],\"usage\":0},\"description\":{\"suggestions\":[],\"usage\":0}}","ai":null,"created":"2025-03-26 17:04:46","updated":"2026-02-04 22:24:54"},"aioseo_breadcrumb":"<div class=\"aioseo-breadcrumbs\"><span class=\"aioseo-breadcrumb\">\n\t<a href=\"https:\/\/soymigrante.com\/revista\" title=\"Home\">Home<\/a>\n<\/span><span class=\"aioseo-breadcrumb-separator\">\u00bb<\/span><span class=\"aioseo-breadcrumb\">\n\t<a href=\"https:\/\/soymigrante.com\/revista\/category\/recursos-migratorios\/\" title=\"Recursos Migratorios\">Recursos Migratorios<\/a>\n<\/span><span class=\"aioseo-breadcrumb-separator\">\u00bb<\/span><span class=\"aioseo-breadcrumb\">\n\tConsulados m\u00f3viles de Guatemala y s\u00e1bados consulares en abril 2025\n<\/span><\/div>","aioseo_breadcrumb_json":[{"label":"Home","link":"https:\/\/soymigrante.com\/revista"},{"label":"Recursos Migratorios","link":"https:\/\/soymigrante.com\/revista\/category\/recursos-migratorios\/"},{"label":"Consulados m\u00f3viles de Guatemala y s\u00e1bados consulares en abril 2025","link":"https:\/\/soymigrante.com\/revista\/consulados-moviles-de-guatemala-y-sabados-consulares-en-abril-2025\/"}],"_links":{"self":[{"href":"https:\/\/soymigrante.com\/revista\/wp-json\/wp\/v2\/posts\/29317","targetHints":{"allow":["GET"]}}],"collection":[{"href":"https:\/\/soymigrante.com\/revista\/wp-json\/wp\/v2\/posts"}],"about":[{"href":"https:\/\/soymigrante.com\/revista\/wp-json\/wp\/v2\/types\/post"}],"author":[{"embeddable":true,"href":"https:\/\/soymigrante.com\/revista\/wp-json\/wp\/v2\/users\/19"}],"replies":[{"embeddable":true,"href":"https:\/\/soymigrante.com\/revista\/wp-json\/wp\/v2\/comments?post=29317"}],"version-history":[{"count":0,"href":"https:\/\/soymigrante.com\/revista\/wp-json\/wp\/v2\/posts\/29317\/revisions"}],"wp:featuredmedia":[{"embeddable":true,"href":"https:\/\/soymigrante.com\/revista\/wp-json\/wp\/v2\/media\/29318"}],"wp:attachment":[{"href":"https:\/\/soymigrante.com\/revista\/wp-json\/wp\/v2\/media?parent=29317"}],"wp:term":[{"taxonomy":"category","embeddable":true,"href":"https:\/\/soymigrante.com\/revista\/wp-json\/wp\/v2\/categories?post=29317"},{"taxonomy":"post_tag","embeddable":true,"href":"https:\/\/soymigrante.com\/revista\/wp-json\/wp\/v2\/tags?post=29317"}],"curies":[{"name":"wp","href":"https:\/\/api.w.org\/{rel}","templated":true}]}}