{"id":29191,"date":"2025-03-24T16:48:33","date_gmt":"2025-03-24T22:48:33","guid":{"rendered":"https:\/\/soymigrante.com\/revista\/?p=29191"},"modified":"2025-04-17T07:06:59","modified_gmt":"2025-04-17T13:06:59","slug":"desde-texas-a-casarse-en-antigua-guatemala-cancion-de-amor-y-magia-a-dos-voces","status":"publish","type":"post","link":"https:\/\/soymigrante.com\/revista\/desde-texas-a-casarse-en-antigua-guatemala-cancion-de-amor-y-magia-a-dos-voces\/","title":{"rendered":"Desde Texas a casarse en Antigua Guatemala: una canci\u00f3n de amor a dos voces"},"content":{"rendered":"\t\t<div data-elementor-type=\"wp-post\" data-elementor-id=\"29191\" class=\"elementor elementor-29191\" data-elementor-post-type=\"post\">\n\t\t\t\t<div data-particle_enable=\"false\" data-particle-mobile-disabled=\"false\" class=\"elementor-element elementor-element-37d1170 e-flex e-con-boxed e-con e-parent\" data-id=\"37d1170\" data-element_type=\"container\" data-e-type=\"container\">\n\t\t\t\t\t<div class=\"e-con-inner\">\n\t\t\t\t<div class=\"elementor-element elementor-element-425b46b elementor-widget elementor-widget-heading\" data-id=\"425b46b\" data-element_type=\"widget\" data-e-type=\"widget\" data-widget_type=\"heading.default\">\n\t\t\t\t\t<h2 class=\"elementor-heading-title elementor-size-default\">Elizabeth Cot\u00ed,  la maestra de Texas, de padres guatemaltecos, que se hizo viral por ense\u00f1ar espa\u00f1ol a sus alumnos con canciones populares, cumpli\u00f3 junto a su esposo Logan el sue\u00f1o de casarse en Antigua Guatemala. Juntos cuentan este suceso inolvidable y m\u00e1gico.<\/h2>\t\t\t\t<\/div>\n\t\t\t\t\t<\/div>\n\t\t\t\t<\/div>\n\t\t<div data-particle_enable=\"false\" data-particle-mobile-disabled=\"false\" class=\"elementor-element elementor-element-5cb15bb e-flex e-con-boxed e-con e-parent\" data-id=\"5cb15bb\" data-element_type=\"container\" data-e-type=\"container\">\n\t\t\t\t\t<div class=\"e-con-inner\">\n\t\t\t\t<div class=\"elementor-element elementor-element-13f4a12 elementor-widget elementor-widget-text-editor\" data-id=\"13f4a12\" data-element_type=\"widget\" data-e-type=\"widget\" data-widget_type=\"text-editor.default\">\n\t\t\t\t\t\t\t\t\t<p><b>Por Elizabeth y Logan, especial para SoyMIgrante.com<\/b><\/p>\t\t\t\t\t\t\t\t<\/div>\n\t\t\t\t\t<\/div>\n\t\t\t\t<\/div>\n\t\t<div data-particle_enable=\"false\" data-particle-mobile-disabled=\"false\" class=\"elementor-element elementor-element-44f4cf0 e-flex e-con-boxed e-con e-parent\" data-id=\"44f4cf0\" data-element_type=\"container\" data-e-type=\"container\">\n\t\t\t\t\t<div class=\"e-con-inner\">\n\t\t\t\t<div class=\"elementor-element elementor-element-e61962e elementor-widget elementor-widget-text-editor\" data-id=\"e61962e\" data-element_type=\"widget\" data-e-type=\"widget\" data-widget_type=\"text-editor.default\">\n\t\t\t\t\t\t\t\t\t<p>En SoyMigrante.com conocimos a <a href=\"https:\/\/soymigrante.com\/revista\/elizabeth-coti-maestra-espanol-texas-guatemala\/\">Elizabeth Cot\u00ed <\/a>en 2023, cuando su original y efectiva metodolog\u00eda de ense\u00f1anza de espa\u00f1ol,\u00a0 con canciones populares, se hizo viral. Nos cont\u00f3 acerca de su creatividad docente pero tambi\u00e9n de sus padres, <a href=\"https:\/\/soymigrante.com\/revista\/historia-migrantes-guatemaltecos-hector-lupe\/\">Guadalupe y H\u00e9ctor, migrantes guatemaltecos originarios de Quetzaltenango a quienes tambi\u00e9n conocimos.<\/a><\/p><p><a href=\"https:\/\/soymigrante.com\/revista\/un-gran-sueno-de-amor-en-antigua-guatemala\/\">En julio de 2024, Elizabeth visit\u00f3 Antigua Guatemala junto con su\u00a0 entonces prometido Logan Sprinkle,<\/a> para planificar la boda de sus sue\u00f1os.\u00a0 Y el gran d\u00eda lleg\u00f3, el 14 de marzo de 2025. En el magn\u00edfico marco del convento colonial de <a href=\"https:\/\/soymigrante.com\/revista\/joyas-de-antigua-guatemala-7-datos-de-las-ruinas-de-santa-clara\/\">Santa Clara, monumento nacional,<\/a> Elizabeth y Logan se prometieron amor por siempre.<\/p><p>As\u00ed cuentan su vivencia de amor, en compa\u00f1\u00eda de sus seres queridos, en la legendaria ciudad de <a href=\"https:\/\/soymigrante.com\/revista\/7-datos-de-antigua-guatemala-que-seguro-ya-sabias-o-quiza-no\/\">Santiago de los Caballeros de Guatemala, Antigua Guatemala<\/a>. Gracias a Elizabeth y Logan por compartir sus sentimientos de tan memorable fecha con SoyMigrante.com<\/p>\t\t\t\t\t\t\t\t<\/div>\n\t\t\t\t\t<\/div>\n\t\t\t\t<\/div>\n\t\t<div data-particle_enable=\"false\" data-particle-mobile-disabled=\"false\" class=\"elementor-element elementor-element-f5daad5 e-flex e-con-boxed e-con e-parent\" data-id=\"f5daad5\" data-element_type=\"container\" data-e-type=\"container\">\n\t\t\t\t\t<div class=\"e-con-inner\">\n\t\t\t\t<div class=\"elementor-element elementor-element-f5b9712 elementor-invisible elementor-widget elementor-widget-image\" data-id=\"f5b9712\" data-element_type=\"widget\" data-e-type=\"widget\" data-settings=\"{&quot;_animation&quot;:&quot;slideInLeft&quot;}\" data-widget_type=\"image.default\">\n\t\t\t\t\t\t\t\t\t\t\t\t<figure class=\"wp-caption\">\n\t\t\t\t\t\t\t\t\t\t<img fetchpriority=\"high\" decoding=\"async\" width=\"576\" height=\"1024\" src=\"https:\/\/soymigrante.com\/revista\/wp-content\/uploads\/2025\/03\/elizabeth-coti-maestra-1-576x1024.jpg\" class=\"attachment-large size-large wp-image-29199\" alt=\"Boda de inmigrantes en una iglesia hist\u00f3rica, celebraci\u00f3n de amor y diversidad, promoviendo integraci\u00f3n y cultura en la comunidad migrante en M\u00e9xico.\" srcset=\"https:\/\/soymigrante.com\/revista\/wp-content\/uploads\/2025\/03\/elizabeth-coti-maestra-1-576x1024.jpg 576w, https:\/\/soymigrante.com\/revista\/wp-content\/uploads\/2025\/03\/elizabeth-coti-maestra-1-169x300.jpg 169w, https:\/\/soymigrante.com\/revista\/wp-content\/uploads\/2025\/03\/elizabeth-coti-maestra-1-768x1365.jpg 768w, https:\/\/soymigrante.com\/revista\/wp-content\/uploads\/2025\/03\/elizabeth-coti-maestra-1-864x1536.jpg 864w, https:\/\/soymigrante.com\/revista\/wp-content\/uploads\/2025\/03\/elizabeth-coti-maestra-1-750x1333.webp 750w, https:\/\/soymigrante.com\/revista\/wp-content\/uploads\/2025\/03\/elizabeth-coti-maestra-1.webp 1080w\" sizes=\"(max-width: 576px) 100vw, 576px\" title=\"Los novios Elizabeth y Logan entraron bailando de alegr\u00eda a la ceremonia. \u2013 SoyMigrante.com REVISTA\" \/>\t\t\t\t\t\t\t\t\t\t\t<figcaption class=\"widget-image-caption wp-caption-text\">Boda de inmigrantes en iglesia antigua, celebraci\u00f3n de uni\u00f3n y diversidad cultural, resaltando el valor de la inclusi\u00f3n en la comunidad migrante mexicana.<\/figcaption>\n\t\t\t\t\t\t\t\t\t\t<\/figure>\n\t\t\t\t\t\t\t\t\t<\/div>\n\t\t\t\t\t<\/div>\n\t\t\t\t<\/div>\n\t\t<div data-particle_enable=\"false\" data-particle-mobile-disabled=\"false\" class=\"elementor-element elementor-element-6fc2a05 e-flex e-con-boxed e-con e-parent\" data-id=\"6fc2a05\" data-element_type=\"container\" data-e-type=\"container\">\n\t\t\t\t\t<div class=\"e-con-inner\">\n\t\t\t\t<div class=\"elementor-element elementor-element-62aa769 elementor-widget elementor-widget-heading\" data-id=\"62aa769\" data-element_type=\"widget\" data-e-type=\"widget\" data-widget_type=\"heading.default\">\n\t\t\t\t\t<h3 class=\"elementor-heading-title elementor-size-default\">Dos vidas, un gran amor en Antigua Guatemala<\/h3>\t\t\t\t<\/div>\n\t\t\t\t\t<\/div>\n\t\t\t\t<\/div>\n\t\t<div data-particle_enable=\"false\" data-particle-mobile-disabled=\"false\" class=\"elementor-element elementor-element-6a6c22c e-flex e-con-boxed e-con e-parent\" data-id=\"6a6c22c\" data-element_type=\"container\" data-e-type=\"container\">\n\t\t\t\t\t<div class=\"e-con-inner\">\n\t\t\t\t<div class=\"elementor-element elementor-element-d5c9b42 elementor-widget elementor-widget-text-editor\" data-id=\"d5c9b42\" data-element_type=\"widget\" data-e-type=\"widget\" data-widget_type=\"text-editor.default\">\n\t\t\t\t\t\t\t\t\t<p>As\u00ed comparten Elizabeth y Logan el recuerdo de su boda con los lectores de SoyMigrante.com<\/p>\t\t\t\t\t\t\t\t<\/div>\n\t\t\t\t\t<\/div>\n\t\t\t\t<\/div>\n\t\t<div data-particle_enable=\"false\" data-particle-mobile-disabled=\"false\" class=\"elementor-element elementor-element-d43dfe3 e-flex e-con-boxed e-con e-parent\" data-id=\"d43dfe3\" data-element_type=\"container\" data-e-type=\"container\">\n\t\t\t\t\t<div class=\"e-con-inner\">\n\t\t\t\t<div class=\"elementor-element elementor-element-61c64f0 elementor-widget elementor-widget-text-editor\" data-id=\"61c64f0\" data-element_type=\"widget\" data-e-type=\"widget\" data-widget_type=\"text-editor.default\">\n\t\t\t\t\t\t\t\t\t<p><b>Elizabeth<\/b>: Desde que era peque\u00f1a, so\u00f1aba con casarme en Guatemala para poder tener a mi familia con nosotros, todos juntos en un mismo lugar. Signific\u00f3 mucho para m\u00ed que nuestros seres queridos, muchos de los cuales viven en Guatemala, pudieran estar presentes en un momento tan importante de nuestras vidas. Tambi\u00e9n sent\u00ed mucha emoci\u00f3n y gratitud al saber que tantos de nuestros amigos viajaron desde Estados Unidos para celebrar con nosotros.\u00a0<\/p><p><b>Logan<\/b>: Haber podido celebrar nuestra boda con familiares de Elizabeth que no habr\u00edan podido asistir en Estados Unidos fue especial.\u00a0 Antigua es un lugar grandioso que me encant\u00f3 desde la primera vez que lo visit\u00e9.<\/p>\t\t\t\t\t\t\t\t<\/div>\n\t\t\t\t\t<\/div>\n\t\t\t\t<\/div>\n\t\t<div data-particle_enable=\"false\" data-particle-mobile-disabled=\"false\" class=\"elementor-element elementor-element-3dbe00a e-flex e-con-boxed e-con e-parent\" data-id=\"3dbe00a\" data-element_type=\"container\" data-e-type=\"container\">\n\t\t\t\t\t<div class=\"e-con-inner\">\n\t\t\t\t<div class=\"elementor-element elementor-element-d12c223 elementor-invisible elementor-widget elementor-widget-video\" data-id=\"d12c223\" data-element_type=\"widget\" data-e-type=\"widget\" data-settings=\"{&quot;video_type&quot;:&quot;hosted&quot;,&quot;_animation&quot;:&quot;rollIn&quot;,&quot;controls&quot;:&quot;yes&quot;}\" data-widget_type=\"video.default\">\n\t\t\t\t\t\t\t<div class=\"e-hosted-video elementor-wrapper elementor-open-inline\">\n\t\t\t\t\t<video class=\"elementor-video\" src=\"https:\/\/soymigrante.com\/revista\/wp-content\/uploads\/2025\/03\/boda-elizabeth-coti-y-logan.mp4\" controls=\"\" preload=\"metadata\" controlsList=\"nodownload\"><\/video>\n\t\t\t\t<\/div>\n\t\t\t\t\t\t<\/div>\n\t\t\t\t\t<\/div>\n\t\t\t\t<\/div>\n\t\t<div data-particle_enable=\"false\" data-particle-mobile-disabled=\"false\" class=\"elementor-element elementor-element-76084cb e-flex e-con-boxed e-con e-parent\" data-id=\"76084cb\" data-element_type=\"container\" data-e-type=\"container\">\n\t\t\t\t\t<div class=\"e-con-inner\">\n\t\t\t\t<div class=\"elementor-element elementor-element-ac021e9 elementor-widget elementor-widget-heading\" data-id=\"ac021e9\" data-element_type=\"widget\" data-e-type=\"widget\" data-widget_type=\"heading.default\">\n\t\t\t\t\t<h3 class=\"elementor-heading-title elementor-size-default\">Un gran sue\u00f1o de amor se hace realidad <\/h3>\t\t\t\t<\/div>\n\t\t\t\t\t<\/div>\n\t\t\t\t<\/div>\n\t\t<div data-particle_enable=\"false\" data-particle-mobile-disabled=\"false\" class=\"elementor-element elementor-element-e9001a1 e-flex e-con-boxed e-con e-parent\" data-id=\"e9001a1\" data-element_type=\"container\" data-e-type=\"container\">\n\t\t\t\t\t<div class=\"e-con-inner\">\n\t\t\t\t<div class=\"elementor-element elementor-element-0a54339 elementor-widget elementor-widget-text-editor\" data-id=\"0a54339\" data-element_type=\"widget\" data-e-type=\"widget\" data-widget_type=\"text-editor.default\">\n\t\t\t\t\t\t\t\t\t<p><b style=\"color: var( --e-global-color-text ); text-align: var(--text-align);\">Elizabeth<\/b><span style=\"color: var( --e-global-color-text ); text-align: var(--text-align);\">:\u00a0 Ver c\u00f3mo ambos mundos se unieron en Antigua, rodeados de tanto amor y apoyo, fue realmente un sue\u00f1o hecho realidad.\u00a0 Hubo varios momentos emocionantes que marcaron nuestra boda. Ver a Logan cuando entr\u00e9 a Santa Clara me dej\u00f3 sin aliento, y nunca olvidar\u00e9 esa sensaci\u00f3n. Otro momento profundamente emotivo fue cuando mi pap\u00e1 or\u00f3 por nuestro matrimonio, lo que signific\u00f3 much\u00edsimo para m\u00ed. Pero quiz\u00e1s lo m\u00e1s conmovedor fue mirar alrededor y ver a toda nuestra familia all\u00ed, apoy\u00e1ndonos y celebrando con nosotros. Esto es lo que siempre hab\u00eda so\u00f1ado, y se hizo realidad.<\/span><\/p><p><b>Logan<\/b>: Fue un gran honor celebrar nuestra boda en un lugar tan hist\u00f3rico como el convento de Santa Clara. Para m\u00ed el momento m\u00e1s emocionante fue ver presentes all\u00ed, acompa\u00f1\u00e1ndonos a nuestras familias y a nuestros amigos. En el momento que Elizabeth apareci\u00f3 y entr\u00f3, yo qued\u00e9 totalmente deslumbrado de la emoci\u00f3n de verla tan hermosa con su traje de novia.<\/p>\t\t\t\t\t\t\t\t<\/div>\n\t\t\t\t\t<\/div>\n\t\t\t\t<\/div>\n\t\t<div data-particle_enable=\"false\" data-particle-mobile-disabled=\"false\" class=\"elementor-element elementor-element-1b70718 e-flex e-con-boxed e-con e-parent\" data-id=\"1b70718\" data-element_type=\"container\" data-e-type=\"container\">\n\t\t\t\t\t<div class=\"e-con-inner\">\n\t\t\t\t<div class=\"elementor-element elementor-element-d9ee005 elementor-arrows-position-inside elementor-pagination-position-outside elementor-invisible elementor-widget elementor-widget-image-carousel\" data-id=\"d9ee005\" data-element_type=\"widget\" data-e-type=\"widget\" data-settings=\"{&quot;slides_to_show&quot;:&quot;1&quot;,&quot;_animation&quot;:&quot;swing&quot;,&quot;navigation&quot;:&quot;both&quot;,&quot;autoplay&quot;:&quot;yes&quot;,&quot;pause_on_hover&quot;:&quot;yes&quot;,&quot;pause_on_interaction&quot;:&quot;yes&quot;,&quot;autoplay_speed&quot;:5000,&quot;infinite&quot;:&quot;yes&quot;,&quot;effect&quot;:&quot;slide&quot;,&quot;speed&quot;:500}\" data-widget_type=\"image-carousel.default\">\n\t\t\t\t\t\t\t<div class=\"elementor-image-carousel-wrapper swiper\" role=\"region\" aria-roledescription=\"carousel\" aria-label=\"Carrusel de im\u00e1genes\" dir=\"ltr\">\n\t\t\t<div class=\"elementor-image-carousel swiper-wrapper\" aria-live=\"off\">\n\t\t\t\t\t\t\t\t<div class=\"swiper-slide\" role=\"group\" aria-roledescription=\"slide\" aria-label=\"1 de 4\"><a data-elementor-open-lightbox=\"yes\" data-elementor-lightbox-slideshow=\"d9ee005\" data-elementor-lightbox-title=\"El Convento de Santa Clara, finalizado en 1700 fue el marco de la boda de Elizabeth y Logan.\" data-elementor-lightbox-description=\"Una pareja de novios en vestido y traje formal en un lugar de ruinas antiguas, creando un ambiente rom\u00e1ntico para una sesi\u00f3n fotogr\u00e1fica de boda con historia y belleza arquitect\u00f3nica.\" data-e-action-hash=\"#elementor-action%3Aaction%3Dlightbox%26settings%3DeyJpZCI6MjkyMDYsInVybCI6Imh0dHBzOlwvXC9zb3ltaWdyYW50ZS5jb21cL3JldmlzdGFcL3dwLWNvbnRlbnRcL3VwbG9hZHNcLzIwMjVcLzAzXC9lbGl6YWJldGgtY290aS1tYWVzdHJhLTIud2VicCIsInNsaWRlc2hvdyI6ImQ5ZWUwMDUifQ%3D%3D\" href=\"https:\/\/www.facebook.com\/ecoti\"><figure class=\"swiper-slide-inner\"><img decoding=\"async\" class=\"swiper-slide-image\" src=\"https:\/\/soymigrante.com\/revista\/wp-content\/uploads\/2025\/03\/elizabeth-coti-maestra-2-576x1024.jpg\" alt=\"Vestido de novia y traje de novio en ruinas hist\u00f3ricas, escenario de boda rom\u00e1ntica, arquitectura antigua y fotograf\u00eda de pareja de novios, celebraci\u00f3n matrimonial en monumento.\" \/><figcaption class=\"elementor-image-carousel-caption\">Boda en ruinas hist\u00f3ricas: pareja de novios en escenario rom\u00e1ntico con arquitectura antigua y estilo vintage.<\/figcaption><\/figure><\/a><\/div><div class=\"swiper-slide\" role=\"group\" aria-roledescription=\"slide\" aria-label=\"2 de 4\"><a data-elementor-open-lightbox=\"yes\" data-elementor-lightbox-slideshow=\"d9ee005\" data-elementor-lightbox-title=\"Cada detalle fue planificado con meses de antcipaci\u00f3n por los ahora esposos.\" data-elementor-lightbox-description=\"Cada detalle fue planificado con meses de antcipaci\u00f3n por los ahora esposos.\" data-e-action-hash=\"#elementor-action%3Aaction%3Dlightbox%26settings%3DeyJpZCI6MjkyMDQsInVybCI6Imh0dHBzOlwvXC9zb3ltaWdyYW50ZS5jb21cL3JldmlzdGFcL3dwLWNvbnRlbnRcL3VwbG9hZHNcLzIwMjVcLzAzXC9lbGl6YWJldGgtY290aS1tYWVzdHJhLTYtMS53ZWJwIiwic2xpZGVzaG93IjoiZDllZTAwNSJ9\" href=\"https:\/\/www.facebook.com\/ecoti\"><figure class=\"swiper-slide-inner\"><img decoding=\"async\" class=\"swiper-slide-image\" src=\"https:\/\/soymigrante.com\/revista\/wp-content\/uploads\/2025\/03\/elizabeth-coti-maestra-6-1-1024x1024.jpg\" alt=\"Vestido de novia y traje de novio en escenario hist\u00f3rico, fotograf\u00eda de boda en lugar antiguo y rom\u00e1ntico, celebraci\u00f3n matrimonial en ruin structures, amor y compromiso en la ceremonia.\" \/><figcaption class=\"elementor-image-carousel-caption\">Rom\u00e1ntico retrato de pareja de boda en escenario hist\u00f3rico y r\u00fastico. Perfecto para contenido de boda, migrantes y cultura en M\u00e9xico, resaltando amor y diversidad.<\/figcaption><\/figure><\/a><\/div><div class=\"swiper-slide\" role=\"group\" aria-roledescription=\"slide\" aria-label=\"3 de 4\"><a data-elementor-open-lightbox=\"yes\" data-elementor-lightbox-slideshow=\"d9ee005\" data-elementor-lightbox-title=\"Cada detalle fue planificado con meses de antcipaci\u00f3n por los ahora esposos.\" data-elementor-lightbox-description=\"Fotograf\u00eda de una ceremonia de boda con miembros de la comunidad migrante en un entorno colonial, resaltando la cultura, la migraci\u00f3n y la celebraci\u00f3n de tradiciones en eventos importantes.\" data-e-action-hash=\"#elementor-action%3Aaction%3Dlightbox%26settings%3DeyJpZCI6MjkyMDcsInVybCI6Imh0dHBzOlwvXC9zb3ltaWdyYW50ZS5jb21cL3JldmlzdGFcL3dwLWNvbnRlbnRcL3VwbG9hZHNcLzIwMjVcLzAzXC9lbGl6YWJldGgtY290aS1tYWVzdHJhLTMud2VicCIsInNsaWRlc2hvdyI6ImQ5ZWUwMDUifQ%3D%3D\" href=\"https:\/\/www.facebook.com\/ecoti\"><figure class=\"swiper-slide-inner\"><img decoding=\"async\" class=\"swiper-slide-image\" src=\"https:\/\/soymigrante.com\/revista\/wp-content\/uploads\/2025\/03\/elizabeth-coti-maestra-3-553x1024.jpg\" alt=\"Celebraci\u00f3n de boda con miembros de la comunidad migrante en un escenario hist\u00f3rico. Destaca la integraci\u00f3n cultural y el papel de la comunidad en eventos importantes. Ideal para sitios sobre migraci\u00f3n y cultura hispana.\" \/><figcaption class=\"elementor-image-carousel-caption\">Una boda en un escenario hist\u00f3rico con miembros de la comunidad migrante, mostrando la fusi\u00f3n de tradiciones culturales en un evento especial. La imagen resalta la diversidad y la riqueza cultural de la migraci\u00f3n en contextos tradicionales.<\/figcaption><\/figure><\/a><\/div><div class=\"swiper-slide\" role=\"group\" aria-roledescription=\"slide\" aria-label=\"4 de 4\"><a data-elementor-open-lightbox=\"yes\" data-elementor-lightbox-slideshow=\"d9ee005\" data-elementor-lightbox-title=\"Cada detalle fue planificado con meses de antcipaci\u00f3n por los ahora esposos.\" data-elementor-lightbox-description=\"#image_title #separator_sa #blog_title\" data-e-action-hash=\"#elementor-action%3Aaction%3Dlightbox%26settings%3DeyJpZCI6MjkyMDgsInVybCI6Imh0dHBzOlwvXC9zb3ltaWdyYW50ZS5jb21cL3JldmlzdGFcL3dwLWNvbnRlbnRcL3VwbG9hZHNcLzIwMjVcLzAzXC9lbGl6YWJldGgtY290aS1tYWVzdHJhLTUud2VicCIsInNsaWRlc2hvdyI6ImQ5ZWUwMDUifQ%3D%3D\" href=\"https:\/\/www.facebook.com\/ecoti\"><figure class=\"swiper-slide-inner\"><img decoding=\"async\" class=\"swiper-slide-image\" src=\"https:\/\/soymigrante.com\/revista\/wp-content\/uploads\/2025\/03\/elizabeth-coti-maestra-5-576x1024.jpg\" alt=\"Ancianos en iglesia hist\u00f3rica, celebraci\u00f3n de boda, parejas en ceremonia nupcial, celebraci\u00f3n matrimonial en iglesia antigua, cultura y tradiciones matrimoniales en lugar hist\u00f3rico.\" \/><figcaption class=\"elementor-image-carousel-caption\">Elizabeth y Logan quedaron deslumbrados y felices por la belleza indescriptible de Antigua Guatemala, un lugar de ensue\u00f1o para unir sus vidas.<\/figcaption><\/figure><\/a><\/div>\t\t\t<\/div>\n\t\t\t\t\t\t\t\t\t\t\t\t<div class=\"elementor-swiper-button elementor-swiper-button-prev\" role=\"button\" tabindex=\"0\">\n\t\t\t\t\t\t<i aria-hidden=\"true\" class=\"eicon-chevron-left\"><\/i>\t\t\t\t\t<\/div>\n\t\t\t\t\t<div class=\"elementor-swiper-button elementor-swiper-button-next\" role=\"button\" tabindex=\"0\">\n\t\t\t\t\t\t<i aria-hidden=\"true\" class=\"eicon-chevron-right\"><\/i>\t\t\t\t\t<\/div>\n\t\t\t\t\n\t\t\t\t\t\t\t\t\t<div class=\"swiper-pagination\"><\/div>\n\t\t\t\t\t\t\t\t\t<\/div>\n\t\t\t\t\t\t<\/div>\n\t\t\t\t\t<\/div>\n\t\t\t\t<\/div>\n\t\t<div data-particle_enable=\"false\" data-particle-mobile-disabled=\"false\" class=\"elementor-element elementor-element-06bb5c6 e-flex e-con-boxed e-con e-parent\" data-id=\"06bb5c6\" data-element_type=\"container\" data-e-type=\"container\">\n\t\t\t\t\t<div class=\"e-con-inner\">\n\t\t\t\t<div class=\"elementor-element elementor-element-3247240 elementor-widget elementor-widget-heading\" data-id=\"3247240\" data-element_type=\"widget\" data-e-type=\"widget\" data-widget_type=\"heading.default\">\n\t\t\t\t\t<h3 class=\"elementor-heading-title elementor-size-default\">Maravilloso y m\u00e1gico marco colonial de Antigua Guatemala<\/h3>\t\t\t\t<\/div>\n\t\t\t\t\t<\/div>\n\t\t\t\t<\/div>\n\t\t<div data-particle_enable=\"false\" data-particle-mobile-disabled=\"false\" class=\"elementor-element elementor-element-2b49e3d e-flex e-con-boxed e-con e-parent\" data-id=\"2b49e3d\" data-element_type=\"container\" data-e-type=\"container\">\n\t\t\t\t\t<div class=\"e-con-inner\">\n\t\t\t\t<div class=\"elementor-element elementor-element-ab9af7d elementor-widget elementor-widget-text-editor\" data-id=\"ab9af7d\" data-element_type=\"widget\" data-e-type=\"widget\" data-widget_type=\"text-editor.default\">\n\t\t\t\t\t\t\t\t\t<p><b style=\"color: var( --e-global-color-text ); text-align: var(--text-align);\">Elizabeth<\/b><span style=\"color: var( --e-global-color-text ); text-align: var(--text-align);\">: Nuestra familia y amigos no dejaban de hablar de lo mucho que disfrutaron la celebraci\u00f3n en Antigua. Todos quedaron impresionados con lo hermoso que fue todo, y nuestros amigos de Estados Unidos estaban especialmente sorprendidos por lo incre\u00edblemente bella que es Antigua Guatemala. Simplemente quedaron impresonados. Muchos de ellos nos han dicho que fue una de las bodas m\u00e1s hermosas a las que han asistido.<\/span><\/p><p><b>Logan<\/b>: La boda fue solemne y maravillosa, pero tambien fue una gran fiesta.\u00a0 Es que Antigua brinda esa sensaci\u00f3n \u00fanica y especial, que la hace sentir siempre atractiva pero a la vez con una sensaci\u00f3n especial para cada uno.\u00a0 Si alguien me pregunta, yo les recomiendo venir a visitar, experimentar y disfrutar el color, la cultura y la historia de Antigua Guatemala.<\/p><p><b>Elizabeh<\/b>: De verdad sentimos la magia de esta ciudad tan especial; sus calles empedradas, la impresionante arquitectura colonial y las vistas espectaculares de los volcanes crearon una atm\u00f3sfera inolvidable. Pero m\u00e1s all\u00e1 de la belleza, lo que realmente hizo que fuera m\u00e1gico fue la calidez de la gente y la profunda conexi\u00f3n que sentimos con mis ra\u00edces.\u00a0\u00a0<\/p>\t\t\t\t\t\t\t\t<\/div>\n\t\t\t\t\t<\/div>\n\t\t\t\t<\/div>\n\t\t<div data-particle_enable=\"false\" data-particle-mobile-disabled=\"false\" class=\"elementor-element elementor-element-b76d2d0 e-flex e-con-boxed e-con e-parent\" data-id=\"b76d2d0\" data-element_type=\"container\" data-e-type=\"container\">\n\t\t\t\t\t<div class=\"e-con-inner\">\n\t\t\t\t<div class=\"elementor-element elementor-element-e1a475f elementor-widget elementor-widget-heading\" data-id=\"e1a475f\" data-element_type=\"widget\" data-e-type=\"widget\" data-widget_type=\"heading.default\">\n\t\t\t\t\t<h2 class=\"elementor-heading-title elementor-size-default\">Por si quieres conocer o recordar la historia<\/h2>\t\t\t\t<\/div>\n\t\t\t\t\t<\/div>\n\t\t\t\t<\/div>\n\t\t<div data-particle_enable=\"false\" data-particle-mobile-disabled=\"false\" class=\"elementor-element elementor-element-17ab766 e-flex e-con-boxed e-con e-parent\" data-id=\"17ab766\" data-element_type=\"container\" data-e-type=\"container\">\n\t\t\t\t\t<div class=\"e-con-inner\">\n\t\t\t\t<div class=\"elementor-element elementor-element-34aa77d elementor-grid-eael-col-3 elementor-grid-tablet-eael-col-2 elementor-grid-mobile-eael-col-1 elementor-widget elementor-widget-eael-post-grid\" data-id=\"34aa77d\" data-element_type=\"widget\" data-e-type=\"widget\" data-settings=\"{&quot;eael_post_grid_columns&quot;:&quot;eael-col-3&quot;,&quot;eael_post_grid_columns_tablet&quot;:&quot;eael-col-2&quot;,&quot;eael_post_grid_columns_mobile&quot;:&quot;eael-col-1&quot;}\" data-widget_type=\"eael-post-grid.default\">\n\t\t\t\t\t<div id=\"eael-post-grid-34aa77d\" class=\"eael-post-grid-container\">\n            <div class=\"eael-post-grid eael-post-appender eael-post-appender-34aa77d eael-post-grid-style-one\" data-layout-mode=\"masonry\"><article class=\"eael-grid-post  eael-post-grid-column eael-pg-post-7634 category-lugar-de-voces\" data-id=\"7634\">\n        <div class=\"eael-grid-post-holder\">\n            <div class=\"eael-grid-post-holder-inner\"><div class=\"eael-entry-media\"><div class=\"eael-entry-overlay fade-in\"><i class=\"far fa-hand-pointer\" aria-hidden=\"true\"><\/i><a href=\"https:\/\/soymigrante.com\/revista\/un-gran-sueno-de-amor-en-antigua-guatemala\/\"><\/a><\/div><div class=\"eael-entry-thumbnail \">\n                <img decoding=\"async\" width=\"1024\" height=\"1024\" src=\"https:\/\/soymigrante.com\/revista\/wp-content\/uploads\/2024\/07\/antigua-guatemala-maestra-texas-4-1024x1024.webp\" class=\"attachment-large size-large wp-image-7635\" alt=\"Felices migrantes mostrando su compromiso y alegr\u00eda en la comunidad, promoviendo inclusi\u00f3n y culturalidad en la revista SoyMigrante.com.\" srcset=\"https:\/\/soymigrante.com\/revista\/wp-content\/uploads\/2024\/07\/antigua-guatemala-maestra-texas-4-1024x1024.webp 1024w, https:\/\/soymigrante.com\/revista\/wp-content\/uploads\/2024\/07\/antigua-guatemala-maestra-texas-4-300x300.webp 300w, https:\/\/soymigrante.com\/revista\/wp-content\/uploads\/2024\/07\/antigua-guatemala-maestra-texas-4-150x150.webp 150w, https:\/\/soymigrante.com\/revista\/wp-content\/uploads\/2024\/07\/antigua-guatemala-maestra-texas-4-768x768.webp 768w, https:\/\/soymigrante.com\/revista\/wp-content\/uploads\/2024\/07\/antigua-guatemala-maestra-texas-4-75x75.webp 75w, https:\/\/soymigrante.com\/revista\/wp-content\/uploads\/2024\/07\/antigua-guatemala-maestra-texas-4-750x750.webp 750w, https:\/\/soymigrante.com\/revista\/wp-content\/uploads\/2024\/07\/antigua-guatemala-maestra-texas-4-1140x1140.webp 1140w, https:\/\/soymigrante.com\/revista\/wp-content\/uploads\/2024\/07\/antigua-guatemala-maestra-texas-4.webp 1293w\" sizes=\"(max-width: 1024px) 100vw, 1024px\" \/>\n            <\/div>\n        <\/div><div class=\"eael-entry-wrapper\"><header class=\"eael-entry-header\"><h2 class=\"eael-entry-title\"><a class=\"eael-grid-post-link\" href=\"https:\/\/soymigrante.com\/revista\/un-gran-sueno-de-amor-en-antigua-guatemala\/\" title=\"Un gran sue\u00f1o de amor que llega desde Texas hasta Antigua Guatemala\">Un gran sue\u00f1o de amor que llega desde Texas hasta Antigua Guatemala<\/a><\/h2><\/header><div class=\"eael-entry-content\">\n                        <div class=\"eael-grid-post-excerpt\"><a href=\"https:\/\/soymigrante.com\/revista\/un-gran-sueno-de-amor-en-antigua-guatemala\/\" class=\"eael-post-elements-readmore-btn\">CONOCE SU HISTORIA <\/a><\/div>\n                    <\/div><\/div><\/div>\n        <\/div>\n    <\/article><article class=\"eael-grid-post  eael-post-grid-column eael-pg-post-2318 category-exitos\" data-id=\"2318\">\n        <div class=\"eael-grid-post-holder\">\n            <div class=\"eael-grid-post-holder-inner\"><div class=\"eael-entry-media\"><div class=\"eael-entry-overlay fade-in\"><i class=\"far fa-hand-pointer\" aria-hidden=\"true\"><\/i><a href=\"https:\/\/soymigrante.com\/revista\/historia-migrantes-guatemaltecos-hector-lupe\/\"><\/a><\/div><div class=\"eael-entry-thumbnail \">\n                <img decoding=\"async\" width=\"1024\" height=\"683\" src=\"https:\/\/soymigrante.com\/revista\/wp-content\/uploads\/2023\/08\/Formaron-una-familia-integrada-pos-sus-dos-hijas-e-hijo-aman-y-disfrutan-cada-vez-que-regresan-a-Guatemala-disfrutan-de-el-calor-familiar-y-de-las-tradiciones-1024x683.webp\" class=\"attachment-large size-large wp-image-2315\" alt=\"Formaron una familia integrada por Laura, Yonathan y Elizabeth, los esposos disfrutan cada vez que regresan a Guatemala, el calor de familiar y de las tradiciones\" srcset=\"https:\/\/soymigrante.com\/revista\/wp-content\/uploads\/2023\/08\/Formaron-una-familia-integrada-pos-sus-dos-hijas-e-hijo-aman-y-disfrutan-cada-vez-que-regresan-a-Guatemala-disfrutan-de-el-calor-familiar-y-de-las-tradiciones-1024x683.webp 1024w, https:\/\/soymigrante.com\/revista\/wp-content\/uploads\/2023\/08\/Formaron-una-familia-integrada-pos-sus-dos-hijas-e-hijo-aman-y-disfrutan-cada-vez-que-regresan-a-Guatemala-disfrutan-de-el-calor-familiar-y-de-las-tradiciones-300x200.webp 300w, https:\/\/soymigrante.com\/revista\/wp-content\/uploads\/2023\/08\/Formaron-una-familia-integrada-pos-sus-dos-hijas-e-hijo-aman-y-disfrutan-cada-vez-que-regresan-a-Guatemala-disfrutan-de-el-calor-familiar-y-de-las-tradiciones-768x512.webp 768w, https:\/\/soymigrante.com\/revista\/wp-content\/uploads\/2023\/08\/Formaron-una-familia-integrada-pos-sus-dos-hijas-e-hijo-aman-y-disfrutan-cada-vez-que-regresan-a-Guatemala-disfrutan-de-el-calor-familiar-y-de-las-tradiciones-1536x1024.webp 1536w, https:\/\/soymigrante.com\/revista\/wp-content\/uploads\/2023\/08\/Formaron-una-familia-integrada-pos-sus-dos-hijas-e-hijo-aman-y-disfrutan-cada-vez-que-regresan-a-Guatemala-disfrutan-de-el-calor-familiar-y-de-las-tradiciones-scaled.webp 1920w, https:\/\/soymigrante.com\/revista\/wp-content\/uploads\/2023\/08\/Formaron-una-familia-integrada-pos-sus-dos-hijas-e-hijo-aman-y-disfrutan-cada-vez-que-regresan-a-Guatemala-disfrutan-de-el-calor-familiar-y-de-las-tradiciones-750x500.webp 750w, https:\/\/soymigrante.com\/revista\/wp-content\/uploads\/2023\/08\/Formaron-una-familia-integrada-pos-sus-dos-hijas-e-hijo-aman-y-disfrutan-cada-vez-que-regresan-a-Guatemala-disfrutan-de-el-calor-familiar-y-de-las-tradiciones-1140x760.webp 1140w, https:\/\/soymigrante.com\/revista\/wp-content\/uploads\/2023\/08\/Formaron-una-familia-integrada-pos-sus-dos-hijas-e-hijo-aman-y-disfrutan-cada-vez-que-regresan-a-Guatemala-disfrutan-de-el-calor-familiar-y-de-las-tradiciones-600x400.webp 600w\" sizes=\"(max-width: 1024px) 100vw, 1024px\" \/>\n            <\/div>\n        <\/div><div class=\"eael-entry-wrapper\"><header class=\"eael-entry-header\"><h2 class=\"eael-entry-title\"><a class=\"eael-grid-post-link\" href=\"https:\/\/soymigrante.com\/revista\/historia-migrantes-guatemaltecos-hector-lupe\/\" title=\"El Legado de Dos Migrantes Guatemaltecos Apasionados\">El Legado de Dos Migrantes Guatemaltecos Apasionados<\/a><\/h2><\/header><div class=\"eael-entry-content\">\n                        <div class=\"eael-grid-post-excerpt\"><a href=\"https:\/\/soymigrante.com\/revista\/historia-migrantes-guatemaltecos-hector-lupe\/\" class=\"eael-post-elements-readmore-btn\">CONOCE SU HISTORIA <\/a><\/div>\n                    <\/div><\/div><\/div>\n        <\/div>\n    <\/article><article class=\"eael-grid-post  eael-post-grid-column eael-pg-post-2368 category-exitos\" data-id=\"2368\">\n        <div class=\"eael-grid-post-holder\">\n            <div class=\"eael-grid-post-holder-inner\"><div class=\"eael-entry-media\"><div class=\"eael-entry-overlay fade-in\"><i class=\"far fa-hand-pointer\" aria-hidden=\"true\"><\/i><a href=\"https:\/\/soymigrante.com\/revista\/elizabeth-coti-maestra-espanol-texas-guatemala\/\"><\/a><\/div><div class=\"eael-entry-thumbnail \">\n                <img loading=\"lazy\" decoding=\"async\" width=\"1024\" height=\"731\" src=\"https:\/\/soymigrante.com\/revista\/wp-content\/uploads\/2023\/08\/705345_4157588903679_1136987468_o-e1693334157790-1024x731.webp\" class=\"attachment-large size-large wp-image-2369\" alt=\"El cari\u00f1o de sus padres H\u00e9ctor y Guadalupe ense\u00f1\u00f3 a Elizabeth a valorar la multiculturalidad guatemalteca.\" srcset=\"https:\/\/soymigrante.com\/revista\/wp-content\/uploads\/2023\/08\/705345_4157588903679_1136987468_o-e1693334157790-1024x731.webp 1024w, https:\/\/soymigrante.com\/revista\/wp-content\/uploads\/2023\/08\/705345_4157588903679_1136987468_o-e1693334157790-300x214.webp 300w, https:\/\/soymigrante.com\/revista\/wp-content\/uploads\/2023\/08\/705345_4157588903679_1136987468_o-e1693334157790-768x548.webp 768w, https:\/\/soymigrante.com\/revista\/wp-content\/uploads\/2023\/08\/705345_4157588903679_1136987468_o-e1693334157790-1536x1096.webp 1536w, https:\/\/soymigrante.com\/revista\/wp-content\/uploads\/2023\/08\/705345_4157588903679_1136987468_o-e1693334157790-120x86.webp 120w, https:\/\/soymigrante.com\/revista\/wp-content\/uploads\/2023\/08\/705345_4157588903679_1136987468_o-e1693334157790-350x250.webp 350w, https:\/\/soymigrante.com\/revista\/wp-content\/uploads\/2023\/08\/705345_4157588903679_1136987468_o-e1693334157790-750x535.webp 750w, https:\/\/soymigrante.com\/revista\/wp-content\/uploads\/2023\/08\/705345_4157588903679_1136987468_o-e1693334157790-1140x814.webp 1140w, https:\/\/soymigrante.com\/revista\/wp-content\/uploads\/2023\/08\/705345_4157588903679_1136987468_o-e1693334157790.webp 1774w\" sizes=\"(max-width: 1024px) 100vw, 1024px\" \/>\n            <\/div>\n        <\/div><div class=\"eael-entry-wrapper\"><header class=\"eael-entry-header\"><h2 class=\"eael-entry-title\"><a class=\"eael-grid-post-link\" href=\"https:\/\/soymigrante.com\/revista\/elizabeth-coti-maestra-espanol-texas-guatemala\/\" title=\"Elizabeth Cot\u00ed: La maestra texana con ra\u00edces guatemaltecas que ense\u00f1a espa\u00f1ol\">Elizabeth Cot\u00ed: La maestra texana con ra\u00edces guatemaltecas que ense\u00f1a espa\u00f1ol<\/a><\/h2><\/header><div class=\"eael-entry-content\">\n                        <div class=\"eael-grid-post-excerpt\"><a href=\"https:\/\/soymigrante.com\/revista\/elizabeth-coti-maestra-espanol-texas-guatemala\/\" class=\"eael-post-elements-readmore-btn\">CONOCE SU HISTORIA <\/a><\/div>\n                    <\/div><\/div><\/div>\n        <\/div>\n    <\/article><\/div>\n            <div class=\"clearfix\"><\/div>\n        <\/div>\t\t\t\t<\/div>\n\t\t\t\t\t<\/div>\n\t\t\t\t<\/div>\n\t\t\t\t<\/div>\n\t\t","protected":false},"excerpt":{"rendered":"<p>Elizabeth Cot\u00ed, la maestra de Texas, de padres guatemaltecos, que se hizo viral por ense\u00f1ar espa\u00f1ol a sus alumnos con canciones populares, cumpli\u00f3 junto a su esposo Logan el sue\u00f1o de casarse en Antigua Guatemala. Juntos cuentan este suceso inolvidable y m\u00e1gico. Por Elizabeth y Logan, especial para SoyMIgrante.com En SoyMigrante.com conocimos a Elizabeth Cot\u00ed [&hellip;]<\/p>\n","protected":false},"author":1,"featured_media":29192,"comment_status":"open","ping_status":"open","sticky":false,"template":"","format":"standard","meta":{"_acf_changed":false,"_eb_attr":"","footnotes":""},"categories":[56],"tags":[],"class_list":["post-29191","post","type-post","status-publish","format-standard","has-post-thumbnail","hentry","category-lugar-de-voces"],"acf":[],"aioseo_notices":[],"aioseo_head":"\n\t\t<!-- All in One SEO Pro 4.9.6.2 - aioseo.com -->\n\t<meta name=\"description\" content=\"Elizabeth Cot\u00ed, nacida en Texas y con padres guatemaltecos, se ha destacado por su din\u00e1mico m\u00e9todo para ense\u00f1ar espa\u00f1ol, conectando culturas y tradiciones.\" \/>\n\t<meta name=\"robots\" content=\"max-snippet:-1, max-image-preview:large, max-video-preview:-1\" \/>\n\t<meta name=\"author\" content=\"Gustavo Montenegro\"\/>\n\t<link rel=\"canonical\" href=\"https:\/\/soymigrante.com\/revista\/elizabeth-coti-maestra-espanol-texas-guatemala\/\" \/>\n\t<meta name=\"generator\" content=\"All in One SEO Pro (AIOSEO) 4.9.6.2\" \/>\n\n\t\t<link rel=\"preconnect\" href=\"https:\/\/fonts.googleapis.com\" crossorigin>\n<link rel=\"preconnect\" href=\"https:\/\/fonts.gstatic.com\" crossorigin>\n\t\t<meta property=\"og:locale\" content=\"es_ES\" \/>\n\t\t<meta property=\"og:site_name\" content=\"SoyMigrante.com REVISTA \u2013 Nuestra misi\u00f3n es reconocer y dignificar al migrante.\" \/>\n\t\t<meta property=\"og:type\" content=\"article\" \/>\n\t\t<meta property=\"og:title\" content=\"Elizabeth Cot\u00ed: La maestra texana con ra\u00edces guatemaltecas que ense\u00f1a espa\u00f1ol \u2013\" \/>\n\t\t<meta property=\"og:description\" content=\"Elizabeth Cot\u00ed, nacida en Texas y con padres guatemaltecos, se ha destacado por su din\u00e1mico m\u00e9todo para ense\u00f1ar espa\u00f1ol, conectando culturas y tradiciones.\" \/>\n\t\t<meta property=\"og:url\" content=\"https:\/\/soymigrante.com\/revista\/elizabeth-coti-maestra-espanol-texas-guatemala\/\" \/>\n\t\t<meta property=\"og:image\" content=\"https:\/\/soymigrante.com\/revista\/wp-content\/uploads\/2023\/08\/705345_4157588903679_1136987468_o-e1693334157790.webp\" \/>\n\t\t<meta property=\"og:image:secure_url\" content=\"https:\/\/soymigrante.com\/revista\/wp-content\/uploads\/2023\/08\/705345_4157588903679_1136987468_o-e1693334157790.webp\" \/>\n\t\t<meta property=\"og:image:width\" content=\"1774\" \/>\n\t\t<meta property=\"og:image:height\" content=\"1266\" \/>\n\t\t<meta property=\"article:published_time\" content=\"2023-08-29T18:36:14+00:00\" \/>\n\t\t<meta property=\"article:modified_time\" content=\"2024-07-30T23:33:49+00:00\" \/>\n\t\t<meta property=\"article:publisher\" content=\"https:\/\/www.facebook.com\/soymigrantecom\" \/>\n\t\t<meta name=\"twitter:card\" content=\"summary_large_image\" \/>\n\t\t<meta name=\"twitter:site\" content=\"@SoyMigrante_com\" \/>\n\t\t<meta name=\"twitter:title\" content=\"Elizabeth Cot\u00ed: La maestra texana con ra\u00edces guatemaltecas que ense\u00f1a espa\u00f1ol \u2013\" \/>\n\t\t<meta name=\"twitter:description\" content=\"Elizabeth Cot\u00ed, nacida en Texas y con padres guatemaltecos, se ha destacado por su din\u00e1mico m\u00e9todo para ense\u00f1ar espa\u00f1ol, conectando culturas y tradiciones.\" \/>\n\t\t<meta name=\"twitter:creator\" content=\"@SoyMigrante_com\" \/>\n\t\t<meta name=\"twitter:image\" content=\"https:\/\/soymigrante.com\/revista\/wp-content\/uploads\/2023\/08\/705345_4157588903679_1136987468_o-e1693334157790.webp\" \/>\n\t\t<!-- All in One SEO Pro -->\r\n\t\t<title>Elizabeth Cot\u00ed: La maestra texana con ra\u00edces guatemaltecas que ense\u00f1a espa\u00f1ol \u2013<\/title>\n\n","aioseo_head_json":{"title":"Elizabeth Cot\u00ed: La maestra texana con ra\u00edces guatemaltecas que ense\u00f1a espa\u00f1ol \u2013","description":"Elizabeth Cot\u00ed, nacida en Texas y con padres guatemaltecos, se ha destacado por su din\u00e1mico m\u00e9todo para ense\u00f1ar espa\u00f1ol, conectando culturas y tradiciones.","canonical_url":"https:\/\/soymigrante.com\/revista\/elizabeth-coti-maestra-espanol-texas-guatemala\/","robots":"max-snippet:-1, max-image-preview:large, max-video-preview:-1","keywords":"","webmasterTools":{"miscellaneous":"&lt;link rel=\"preconnect\" href=\"https:\/\/fonts.googleapis.com\" crossorigin&gt;\n&lt;link rel=\"preconnect\" href=\"https:\/\/fonts.gstatic.com\" crossorigin&gt;"},"schema":null,"og:locale":"es_ES","og:site_name":"SoyMigrante.com REVISTA \u2013 Nuestra misi\u00f3n es reconocer y dignificar al migrante.","og:type":"article","og:title":"Elizabeth Cot\u00ed: La maestra texana con ra\u00edces guatemaltecas que ense\u00f1a espa\u00f1ol \u2013","og:description":"Elizabeth Cot\u00ed, nacida en Texas y con padres guatemaltecos, se ha destacado por su din\u00e1mico m\u00e9todo para ense\u00f1ar espa\u00f1ol, conectando culturas y tradiciones.","og:url":"https:\/\/soymigrante.com\/revista\/elizabeth-coti-maestra-espanol-texas-guatemala\/","og:image":"https:\/\/soymigrante.com\/revista\/wp-content\/uploads\/2023\/08\/705345_4157588903679_1136987468_o-e1693334157790.webp","og:image:secure_url":"https:\/\/soymigrante.com\/revista\/wp-content\/uploads\/2023\/08\/705345_4157588903679_1136987468_o-e1693334157790.webp","og:image:width":1774,"og:image:height":1266,"article:published_time":"2023-08-29T18:36:14+00:00","article:modified_time":"2024-07-30T23:33:49+00:00","article:publisher":"https:\/\/www.facebook.com\/soymigrantecom","twitter:card":"summary_large_image","twitter:site":"@SoyMigrante_com","twitter:title":"Elizabeth Cot\u00ed: La maestra texana con ra\u00edces guatemaltecas que ense\u00f1a espa\u00f1ol \u2013","twitter:description":"Elizabeth Cot\u00ed, nacida en Texas y con padres guatemaltecos, se ha destacado por su din\u00e1mico m\u00e9todo para ense\u00f1ar espa\u00f1ol, conectando culturas y tradiciones.","twitter:creator":"@SoyMigrante_com","twitter:image":"https:\/\/soymigrante.com\/revista\/wp-content\/uploads\/2023\/08\/705345_4157588903679_1136987468_o-e1693334157790.webp"},"aioseo_meta_data":{"post_id":"29191","title":"Desde Texas a casarse en Antigua Guatemala: sue\u00f1o cumplido","description":"La maestra Elizabeth Cot\u00ed, hija de migrantes guatemaltecos y su esposo Logan cuentan el sue\u00f1o realizado de casarse en Antigua Guatemala. Un relato a dos voces:","keywords":null,"keyphrases":{"focus":{"keyphrase":"Antigua Guatemala","score":91,"analysis":{"keyphraseInTitle":{"score":9,"maxScore":9,"error":0},"keyphraseInDescription":{"score":9,"maxScore":9,"error":0},"keyphraseLength":{"score":9,"maxScore":9,"error":0,"length":2},"keyphraseInURL":{"score":5,"maxScore":5,"error":0},"keyphraseInIntroduction":{"score":3,"maxScore":9,"error":1},"keyphraseInSubHeadings":{"score":9,"maxScore":9,"error":0},"keyphraseInImageAlt":{"score":9,"maxScore":9,"error":0},"keywordDensity":{"type":"best","score":9,"maxScore":9,"error":0}}},"additional":[{"keyphrase":"Elizabeth Cot\u00ed","score":67,"analysis":{"keyphraseInDescription":{"score":9,"maxScore":9,"error":0},"keyphraseLength":{"score":9,"maxScore":9,"error":0,"length":2},"keyphraseInIntroduction":{"score":3,"maxScore":9,"error":1},"keyphraseInImageAlt":{"score":9,"maxScore":9,"error":0},"keywordDensity":{"score":0,"type":"low","maxScore":9,"error":1}}},{"keyphrase":"Maestra","score":67,"analysis":{"keyphraseInDescription":{"score":9,"maxScore":9,"error":0},"keyphraseLength":{"score":9,"maxScore":9,"error":0,"length":1},"keyphraseInIntroduction":{"score":3,"maxScore":9,"error":1},"keyphraseInImageAlt":{"score":9,"maxScore":9,"error":0},"keywordDensity":{"score":0,"type":"low","maxScore":9,"error":1}}}]},"primary_term":null,"canonical_url":null,"og_title":null,"og_description":null,"og_object_type":"default","og_image_type":"default","og_image_url":null,"og_image_width":null,"og_image_height":null,"og_image_custom_url":null,"og_image_custom_fields":null,"og_video":"","og_custom_url":null,"og_article_section":null,"og_article_tags":null,"twitter_use_og":false,"twitter_card":"default","twitter_image_type":"default","twitter_image_url":null,"twitter_image_custom_url":null,"twitter_image_custom_fields":null,"twitter_title":null,"twitter_description":null,"schema":{"blockGraphs":[],"customGraphs":[],"default":{"data":{"Article":[],"Course":[],"Dataset":[],"FAQPage":[],"Movie":[],"Person":[],"Product":[],"ProductReview":[],"Car":[],"Recipe":[],"Service":[],"SoftwareApplication":[],"WebPage":[]},"graphName":"BlogPosting","isEnabled":true},"graphs":[]},"schema_type":"default","schema_type_options":null,"pillar_content":false,"robots_default":true,"robots_noindex":false,"robots_noarchive":false,"robots_nosnippet":false,"robots_nofollow":false,"robots_noimageindex":false,"robots_noodp":false,"robots_notranslate":false,"robots_max_snippet":"-1","robots_max_videopreview":"-1","robots_max_imagepreview":"large","priority":null,"frequency":"default","local_seo":null,"seo_analyzer_scan_date":"2025-10-09 03:44:03","breadcrumb_settings":null,"limit_modified_date":false,"reviewed_by":null,"open_ai":"{\"title\":{\"suggestions\":[],\"usage\":0},\"description\":{\"suggestions\":[],\"usage\":0}}","ai":null,"created":"2025-03-24 22:01:40","updated":"2026-02-04 22:22:30"},"aioseo_breadcrumb":"<div class=\"aioseo-breadcrumbs\"><span class=\"aioseo-breadcrumb\">\n\t<a href=\"https:\/\/soymigrante.com\/revista\" title=\"Home\">Home<\/a>\n<\/span><span class=\"aioseo-breadcrumb-separator\">\u00bb<\/span><span class=\"aioseo-breadcrumb\">\n\t<a href=\"https:\/\/soymigrante.com\/revista\/category\/estamos-unidos\/\" title=\"Estamos Unidos\">Estamos Unidos<\/a>\n<\/span><span class=\"aioseo-breadcrumb-separator\">\u00bb<\/span><span class=\"aioseo-breadcrumb\">\n\t<a href=\"https:\/\/soymigrante.com\/revista\/category\/estamos-unidos\/lugar-de-voces\/\" title=\"Lugar de Voces\">Lugar de Voces<\/a>\n<\/span><span class=\"aioseo-breadcrumb-separator\">\u00bb<\/span><span class=\"aioseo-breadcrumb\">\n\tDesde Texas a casarse en Antigua Guatemala: una canci\u00f3n de amor a dos voces\n<\/span><\/div>","aioseo_breadcrumb_json":[{"label":"Home","link":"https:\/\/soymigrante.com\/revista"},{"label":"Estamos Unidos","link":"https:\/\/soymigrante.com\/revista\/category\/estamos-unidos\/"},{"label":"Lugar de Voces","link":"https:\/\/soymigrante.com\/revista\/category\/estamos-unidos\/lugar-de-voces\/"},{"label":"Desde Texas a casarse en Antigua Guatemala: una canci\u00f3n de amor a dos voces","link":"https:\/\/soymigrante.com\/revista\/desde-texas-a-casarse-en-antigua-guatemala-cancion-de-amor-y-magia-a-dos-voces\/"}],"_links":{"self":[{"href":"https:\/\/soymigrante.com\/revista\/wp-json\/wp\/v2\/posts\/29191","targetHints":{"allow":["GET"]}}],"collection":[{"href":"https:\/\/soymigrante.com\/revista\/wp-json\/wp\/v2\/posts"}],"about":[{"href":"https:\/\/soymigrante.com\/revista\/wp-json\/wp\/v2\/types\/post"}],"author":[{"embeddable":true,"href":"https:\/\/soymigrante.com\/revista\/wp-json\/wp\/v2\/users\/1"}],"replies":[{"embeddable":true,"href":"https:\/\/soymigrante.com\/revista\/wp-json\/wp\/v2\/comments?post=29191"}],"version-history":[{"count":1,"href":"https:\/\/soymigrante.com\/revista\/wp-json\/wp\/v2\/posts\/29191\/revisions"}],"predecessor-version":[{"id":31379,"href":"https:\/\/soymigrante.com\/revista\/wp-json\/wp\/v2\/posts\/29191\/revisions\/31379"}],"wp:featuredmedia":[{"embeddable":true,"href":"https:\/\/soymigrante.com\/revista\/wp-json\/wp\/v2\/media\/29192"}],"wp:attachment":[{"href":"https:\/\/soymigrante.com\/revista\/wp-json\/wp\/v2\/media?parent=29191"}],"wp:term":[{"taxonomy":"category","embeddable":true,"href":"https:\/\/soymigrante.com\/revista\/wp-json\/wp\/v2\/categories?post=29191"},{"taxonomy":"post_tag","embeddable":true,"href":"https:\/\/soymigrante.com\/revista\/wp-json\/wp\/v2\/tags?post=29191"}],"curies":[{"name":"wp","href":"https:\/\/api.w.org\/{rel}","templated":true}]}}