{"id":2918,"date":"2023-10-12T09:47:08","date_gmt":"2023-10-12T15:47:08","guid":{"rendered":"https:\/\/soymigrante.com\/revista\/?p=2918"},"modified":"2024-07-30T03:21:10","modified_gmt":"2024-07-30T09:21:10","slug":"migrantes-en-houston-oran-por-el-pueblo-de-guatemala-y-por-la-democracia","status":"publish","type":"post","link":"https:\/\/soymigrante.com\/revista\/migrantes-en-houston-oran-por-el-pueblo-de-guatemala-y-por-la-democracia\/","title":{"rendered":"Migrantes en Houston se re\u00fanen para orar por Guatemala"},"content":{"rendered":"\t\t<div data-elementor-type=\"wp-post\" data-elementor-id=\"2918\" class=\"elementor elementor-2918\" data-elementor-post-type=\"post\">\n\t\t\t\t\t\t<section data-particle_enable=\"false\" data-particle-mobile-disabled=\"false\" class=\"elementor-section elementor-top-section elementor-element elementor-element-a85d768 elementor-section-boxed elementor-section-height-default elementor-section-height-default\" data-id=\"a85d768\" data-element_type=\"section\" data-e-type=\"section\">\n\t\t\t\t\t\t<div class=\"elementor-container elementor-column-gap-default\">\n\t\t\t\t\t<div class=\"elementor-column elementor-col-100 elementor-top-column elementor-element elementor-element-a1bfbe3\" data-id=\"a1bfbe3\" data-element_type=\"column\" data-e-type=\"column\">\n\t\t\t<div class=\"elementor-widget-wrap elementor-element-populated\">\n\t\t\t\t\t\t<div class=\"elementor-element elementor-element-4b288cc elementor-widget elementor-widget-heading\" data-id=\"4b288cc\" data-element_type=\"widget\" data-e-type=\"widget\" data-widget_type=\"heading.default\">\n\t\t\t\t\t<h1 class=\"elementor-heading-title elementor-size-default\">Migrantes guatemaltecos participan en vigilia y manifestaci\u00f3n Por la Paz, en Houston, Texas, para respaldar al pueblo de Guatemala y pedir la continuidad democr\u00e1tica en el pa\u00eds. En Washington D.C. se programa otra vigilia<\/h1>\t\t\t\t<\/div>\n\t\t\t\t\t<\/div>\n\t\t<\/div>\n\t\t\t\t\t<\/div>\n\t\t<\/section>\n\t\t\t\t<section data-particle_enable=\"false\" data-particle-mobile-disabled=\"false\" class=\"elementor-section elementor-top-section elementor-element elementor-element-059bfe4 elementor-section-boxed elementor-section-height-default elementor-section-height-default\" data-id=\"059bfe4\" data-element_type=\"section\" data-e-type=\"section\">\n\t\t\t\t\t\t<div class=\"elementor-container elementor-column-gap-default\">\n\t\t\t\t\t<div class=\"elementor-column elementor-col-100 elementor-top-column elementor-element elementor-element-cbbe55b\" data-id=\"cbbe55b\" data-element_type=\"column\" data-e-type=\"column\">\n\t\t\t<div class=\"elementor-widget-wrap elementor-element-populated\">\n\t\t\t\t\t\t<div class=\"elementor-element elementor-element-7328655 elementor-widget elementor-widget-image\" data-id=\"7328655\" data-element_type=\"widget\" data-e-type=\"widget\" data-widget_type=\"image.default\">\n\t\t\t\t\t\t\t\t\t\t\t\t<figure class=\"wp-caption\">\n\t\t\t\t\t\t\t\t\t\t<img fetchpriority=\"high\" decoding=\"async\" width=\"768\" height=\"512\" src=\"https:\/\/soymigrante.com\/revista\/wp-content\/uploads\/2023\/10\/Imagen-de-WhatsApp-2023-10-12-a-las-10.04.41_4d11f44d-1024x683.webp\" class=\"attachment-large size-large wp-image-2934\" alt=\"La alegr\u00eda no falt\u00f3 sin restarle nada de seriedad y convicci\u00f3n a esta reuni\u00f3n de compatriotas guatemaltecos para pedir por la paz y el Estado de Derecho en el pa\u00eds.\" srcset=\"https:\/\/soymigrante.com\/revista\/wp-content\/uploads\/2023\/10\/Imagen-de-WhatsApp-2023-10-12-a-las-10.04.41_4d11f44d-1024x683.webp 1024w, https:\/\/soymigrante.com\/revista\/wp-content\/uploads\/2023\/10\/Imagen-de-WhatsApp-2023-10-12-a-las-10.04.41_4d11f44d-300x200.webp 300w, https:\/\/soymigrante.com\/revista\/wp-content\/uploads\/2023\/10\/Imagen-de-WhatsApp-2023-10-12-a-las-10.04.41_4d11f44d-768x512.webp 768w, https:\/\/soymigrante.com\/revista\/wp-content\/uploads\/2023\/10\/Imagen-de-WhatsApp-2023-10-12-a-las-10.04.41_4d11f44d-750x500.webp 750w, https:\/\/soymigrante.com\/revista\/wp-content\/uploads\/2023\/10\/Imagen-de-WhatsApp-2023-10-12-a-las-10.04.41_4d11f44d-600x400.webp 600w, https:\/\/soymigrante.com\/revista\/wp-content\/uploads\/2023\/10\/Imagen-de-WhatsApp-2023-10-12-a-las-10.04.41_4d11f44d.webp 1079w\" sizes=\"(max-width: 768px) 100vw, 768px\" title=\"La alegr\u00eda no falt\u00f3 sin restarle nada de seriedad y convicci\u00f3n a esta reuni\u00f3n de compatriotas guatemaltecos para pedir por la paz y el Estado de Derecho en el pa\u00eds. \u2013 SoyMigrante.com REVISTA\" \/>\t\t\t\t\t\t\t\t\t\t\t<figcaption class=\"widget-image-caption wp-caption-text\">La alegr\u00eda no falt\u00f3 sin restarle nada de seriedad y convicci\u00f3n a esta reuni\u00f3n de compatriotas guatemaltecos para pedir por la paz y el Estado de Derecho en el pa\u00eds.<\/figcaption>\n\t\t\t\t\t\t\t\t\t\t<\/figure>\n\t\t\t\t\t\t\t\t\t<\/div>\n\t\t\t\t\t<\/div>\n\t\t<\/div>\n\t\t\t\t\t<\/div>\n\t\t<\/section>\n\t\t\t\t<section data-particle_enable=\"false\" data-particle-mobile-disabled=\"false\" class=\"elementor-section elementor-top-section elementor-element elementor-element-95b600c elementor-section-boxed elementor-section-height-default elementor-section-height-default\" data-id=\"95b600c\" data-element_type=\"section\" data-e-type=\"section\">\n\t\t\t\t\t\t<div class=\"elementor-container elementor-column-gap-default\">\n\t\t\t\t\t<div class=\"elementor-column elementor-col-100 elementor-top-column elementor-element elementor-element-496d94c\" data-id=\"496d94c\" data-element_type=\"column\" data-e-type=\"column\">\n\t\t\t<div class=\"elementor-widget-wrap elementor-element-populated\">\n\t\t\t\t\t\t<div class=\"elementor-element elementor-element-63409e3 elementor-widget elementor-widget-heading\" data-id=\"63409e3\" data-element_type=\"widget\" data-e-type=\"widget\" data-widget_type=\"heading.default\">\n\t\t\t\t\t<h2 class=\"elementor-heading-title elementor-size-default\">Fe y uni\u00f3n de guatemaltecos migrantes<\/h2>\t\t\t\t<\/div>\n\t\t\t\t\t<\/div>\n\t\t<\/div>\n\t\t\t\t\t<\/div>\n\t\t<\/section>\n\t\t\t\t<section data-particle_enable=\"false\" data-particle-mobile-disabled=\"false\" class=\"elementor-section elementor-top-section elementor-element elementor-element-a1f5a5f elementor-section-boxed elementor-section-height-default elementor-section-height-default\" data-id=\"a1f5a5f\" data-element_type=\"section\" data-e-type=\"section\">\n\t\t\t\t\t\t<div class=\"elementor-container elementor-column-gap-default\">\n\t\t\t\t\t<div class=\"elementor-column elementor-col-100 elementor-top-column elementor-element elementor-element-5433f9e\" data-id=\"5433f9e\" data-element_type=\"column\" data-e-type=\"column\">\n\t\t\t<div class=\"elementor-widget-wrap elementor-element-populated\">\n\t\t\t\t\t\t<div class=\"elementor-element elementor-element-f137dcf elementor-widget elementor-widget-text-editor\" data-id=\"f137dcf\" data-element_type=\"widget\" data-e-type=\"widget\" data-widget_type=\"text-editor.default\">\n\t\t\t\t\t\t\t\t\t<p><span style=\"font-family: Roboto, sans-serif; font-size: 16px; font-style: normal; font-variant-ligatures: normal; font-variant-caps: normal; font-weight: 400; color: var( --e-global-color-text ); background-color: var(--ak-bg-color);\">\u201cEstamos aqu\u00ed para clamar a Dios para que escuche y que Guatemala est\u00e1 unida. , Aunque estemos lejos de nuestra patria, a nuestro pa\u00eds lo tenemos en el coraz\u00f3n. Guatemala tus hijos en el extranjero rendimos tributo y estamos contigo siempre\u201d expres\u00f3 la migrante guatemalteca Susana Oxlaj, del grupo Chapines de Coraz\u00f3n, que convoc\u00f3 a la Vigilia por la Paz.<\/span><\/p>\n<p><span style=\"font-family: Roboto, sans-serif; font-size: 16px; font-style: normal; font-variant-ligatures: normal; font-variant-caps: normal; font-weight: 400; color: var( --e-global-color-text ); background-color: var(--ak-bg-color);\">A esta actividad de oraci\u00f3n y manifestaci\u00f3n pac\u00edfica en favor del pueblo de Guatemala y la continuidad democr\u00e1tica en el pa\u00eds asistieron decenas de guatemaltecos migrantes radicados en Houston, Texas y ciudades vecinas.&nbsp; Antes de comenzar el evento en s\u00ed, los organizadores agradec\u00edan a los asistentes, que incluso pidieron permiso en sus trabajos.&nbsp;<\/span><\/p>\n<p><span style=\"font-weight: 400;\">El Himno Nacional fue la apertura de la actividad. El migrante Alejandro Morales inician el acto de oraci\u00f3n con ni\u00f1os, ni\u00f1as, j\u00f3venes, grupos art\u00edsticos y familias completas que se solidarizaron con las de todo un pa\u00eds.&nbsp; El acto se desarroll\u00f3 la noche del mi\u00e9rcoles 11 de octubre en&nbsp;<\/span><span style=\"font-weight: 400; color: var( --e-global-color-text ); background-color: var(--ak-bg-color);\">parqueo de la organizaci\u00f3n Fiel Houston, que tambi\u00e9n apoy\u00f3 el evento. En el centro del \u00e1rea hab\u00eda un altar y un incensario con algunas im\u00e1genes religiosas, aunque no hab\u00eda distinci\u00f3n de credos, sino una sola fe unida para orar por el pa\u00eds.&nbsp;<\/span><\/p>\t\t\t\t\t\t\t\t<\/div>\n\t\t\t\t\t<\/div>\n\t\t<\/div>\n\t\t\t\t\t<\/div>\n\t\t<\/section>\n\t\t\t\t<section data-particle_enable=\"false\" data-particle-mobile-disabled=\"false\" class=\"elementor-section elementor-top-section elementor-element elementor-element-6eca7e7 elementor-section-boxed elementor-section-height-default elementor-section-height-default\" data-id=\"6eca7e7\" data-element_type=\"section\" data-e-type=\"section\">\n\t\t\t\t\t\t<div class=\"elementor-container elementor-column-gap-default\">\n\t\t\t\t\t<div class=\"elementor-column elementor-col-100 elementor-top-column elementor-element elementor-element-9730158\" data-id=\"9730158\" data-element_type=\"column\" data-e-type=\"column\">\n\t\t\t<div class=\"elementor-widget-wrap elementor-element-populated\">\n\t\t\t\t\t\t<div class=\"elementor-element elementor-element-048081e elementor-widget elementor-widget-image\" data-id=\"048081e\" data-element_type=\"widget\" data-e-type=\"widget\" data-widget_type=\"image.default\">\n\t\t\t\t\t\t\t\t\t\t\t\t\t\t\t<img decoding=\"async\" width=\"768\" height=\"1024\" src=\"https:\/\/soymigrante.com\/revista\/wp-content\/uploads\/2023\/10\/editar-768x1024.webp\" class=\"attachment-large size-large wp-image-2941\" alt=\"El inicio de la actividad fue emotivo, con mucho fervor y esperanza.\" title=\"El inicio de la actividad fue emotivo, con mucho fervor y esperanza. \u2013 SoyMigrante.com REVISTA\" \/>\t\t\t\t\t\t\t\t\t\t\t\t\t\t\t<\/div>\n\t\t\t\t\t<\/div>\n\t\t<\/div>\n\t\t\t\t\t<\/div>\n\t\t<\/section>\n\t\t\t\t<section data-particle_enable=\"false\" data-particle-mobile-disabled=\"false\" class=\"elementor-section elementor-top-section elementor-element elementor-element-8c1b7db elementor-section-boxed elementor-section-height-default elementor-section-height-default\" data-id=\"8c1b7db\" data-element_type=\"section\" data-e-type=\"section\">\n\t\t\t\t\t\t<div class=\"elementor-container elementor-column-gap-default\">\n\t\t\t\t\t<div class=\"elementor-column elementor-col-100 elementor-top-column elementor-element elementor-element-34ef787\" data-id=\"34ef787\" data-element_type=\"column\" data-e-type=\"column\">\n\t\t\t<div class=\"elementor-widget-wrap elementor-element-populated\">\n\t\t\t\t\t\t<div class=\"elementor-element elementor-element-6cd81c4 elementor-widget elementor-widget-text-editor\" data-id=\"6cd81c4\" data-element_type=\"widget\" data-e-type=\"widget\" data-widget_type=\"text-editor.default\">\n\t\t\t\t\t\t\t\t\t<p><span style=\"font-family: Roboto, sans-serif; font-size: 16px; font-style: normal; font-variant-ligatures: normal; font-variant-caps: normal; font-weight: 400; text-align: justify; color: var( --e-global-color-text ); background-color: var(--ak-bg-color);\">En las pancartas se pod\u00eda leer: \u201cLos ni\u00f1os de Guatemala merecen un pa\u00eds en paz y libre de corrupci\u00f3n\u201d \u201c\u00c1nimo comunidades ind\u00edgenas\u201d \u201cDesde Houston somos Guatemala\u201d \u201cUnidos en oraci\u00f3n por Guatemala\u201d.\u00a0<\/span><span style=\"font-family: Roboto, sans-serif; font-size: 16px; font-style: normal; font-variant-ligatures: normal; font-variant-caps: normal; font-weight: 400; text-align: justify; color: var( --e-global-color-text ); background-color: var(--ak-bg-color);\">Varios de los connacionales asistieron con su indumentaria maya tradicional.<\/span><\/p><p style=\"font-style: normal; font-variant-ligatures: normal; font-variant-caps: normal; font-weight: 400; font-size: 16px; font-family: Roboto, sans-serif; text-align: justify;\"><span style=\"font-weight: 400;\">\u201cMuchas gracias por apoyar a nuestra hermosa gente de Guatemala pasan hambre, fr\u00edo, calor, lluvia y esto es muestra que a pesar de estar lejos los apoyamos desde Houston Texas hasta Guatemala \u00a1arriba Guatemala! queremos que se respete lo que el pueblo ya decidi\u00f3\u201d expres\u00f3 uno de los asistentes a esta manifestaci\u00f3n.<\/span><\/p><p style=\"font-style: normal; font-variant-ligatures: normal; font-variant-caps: normal; font-weight: 400; font-size: 16px; font-family: Roboto, sans-serif; text-align: justify;\"><span style=\"font-weight: 400;\">Uno de los representantes en el acto indic\u00f3: \u201cQuerida comunidad guatemalteca estamos reunidos por nuestra patria, desafortunadamente est\u00e1 en una situaci\u00f3n dif\u00edcil, vamos hablar del poder la oraci\u00f3n y la buena vibra, gente honesta est\u00e1 al frente y por ellos vamos a orar. Guatemala ya decidi\u00f3, fuimos testigos de una transparencia en el voto\u201d actividad que promueve la unificaci\u00f3n, paz y defensa de la democracia.<\/span><\/p>\t\t\t\t\t\t\t\t<\/div>\n\t\t\t\t\t<\/div>\n\t\t<\/div>\n\t\t\t\t\t<\/div>\n\t\t<\/section>\n\t\t\t\t<section data-particle_enable=\"false\" data-particle-mobile-disabled=\"false\" class=\"elementor-section elementor-top-section elementor-element elementor-element-614a823 elementor-section-boxed elementor-section-height-default elementor-section-height-default\" data-id=\"614a823\" data-element_type=\"section\" data-e-type=\"section\">\n\t\t\t\t\t\t<div class=\"elementor-container elementor-column-gap-default\">\n\t\t\t\t\t<div class=\"elementor-column elementor-col-100 elementor-top-column elementor-element elementor-element-09ab35d\" data-id=\"09ab35d\" data-element_type=\"column\" data-e-type=\"column\">\n\t\t\t<div class=\"elementor-widget-wrap elementor-element-populated\">\n\t\t\t\t\t\t<div class=\"elementor-element elementor-element-e15f7f1 elementor-arrows-position-inside elementor-pagination-position-outside elementor-widget elementor-widget-image-carousel\" data-id=\"e15f7f1\" data-element_type=\"widget\" data-e-type=\"widget\" data-settings=\"{&quot;slides_to_show&quot;:&quot;1&quot;,&quot;navigation&quot;:&quot;both&quot;,&quot;autoplay&quot;:&quot;yes&quot;,&quot;pause_on_hover&quot;:&quot;yes&quot;,&quot;pause_on_interaction&quot;:&quot;yes&quot;,&quot;autoplay_speed&quot;:5000,&quot;infinite&quot;:&quot;yes&quot;,&quot;effect&quot;:&quot;slide&quot;,&quot;speed&quot;:500}\" data-widget_type=\"image-carousel.default\">\n\t\t\t\t\t\t\t<div class=\"elementor-image-carousel-wrapper swiper\" role=\"region\" aria-roledescription=\"carousel\" aria-label=\"Carrusel de im\u00e1genes\" dir=\"ltr\">\n\t\t\t<div class=\"elementor-image-carousel swiper-wrapper\" aria-live=\"off\">\n\t\t\t\t\t\t\t\t<div class=\"swiper-slide\" role=\"group\" aria-roledescription=\"slide\" aria-label=\"1 de 6\"><figure class=\"swiper-slide-inner\"><img decoding=\"async\" class=\"swiper-slide-image\" src=\"https:\/\/soymigrante.com\/revista\/wp-content\/uploads\/2023\/10\/Organizadores-inician-con-los-preparativos-apoyan-connacionales--e1697130308841-768x545.webp\" alt=\"Desde la tarde ya hab\u00eda preparativos en el parqueo de la organizaci\u00f3n humanitaria Fiel Houston.\" \/><figcaption class=\"elementor-image-carousel-caption\">Desde la tarde ya hab\u00eda preparativos en el parqueo de la organizaci\u00f3n humanitaria Fiel Houston.<\/figcaption><\/figure><\/div><div class=\"swiper-slide\" role=\"group\" aria-roledescription=\"slide\" aria-label=\"2 de 6\"><figure class=\"swiper-slide-inner\"><img decoding=\"async\" class=\"swiper-slide-image\" src=\"https:\/\/soymigrante.com\/revista\/wp-content\/uploads\/2023\/10\/Migrantes-guatemaltecos-radicados-en-Houston-Texas-se-suman-en-oracion-a-las-manifestaciones-en-Guatemala-768x397.webp\" alt=\"Migrantes guatemaltecos radicados en Houston Texas se suman en oraci\u00f3n a las manifestaciones en Guatemala\" \/><figcaption class=\"elementor-image-carousel-caption\">Migrantes guatemaltecos radicados en Houston Texas se suman en oraci\u00f3n a las manifestaciones en Guatemala<\/figcaption><\/figure><\/div><div class=\"swiper-slide\" role=\"group\" aria-roledescription=\"slide\" aria-label=\"3 de 6\"><figure class=\"swiper-slide-inner\"><img decoding=\"async\" class=\"swiper-slide-image\" src=\"https:\/\/soymigrante.com\/revista\/wp-content\/uploads\/2023\/10\/Carteles-expresan-mensajes-de-respaldo-para-los-manifestantes-en-Guatemala--768x418.webp\" alt=\"Carteles expresan mensajes de respaldo para los manifestantes en Guatemala\" \/><figcaption class=\"elementor-image-carousel-caption\">Carteles expresan mensajes de respaldo para los manifestantes en Guatemala<\/figcaption><\/figure><\/div><div class=\"swiper-slide\" role=\"group\" aria-roledescription=\"slide\" aria-label=\"4 de 6\"><figure class=\"swiper-slide-inner\"><img decoding=\"async\" class=\"swiper-slide-image\" src=\"https:\/\/soymigrante.com\/revista\/wp-content\/uploads\/2023\/10\/Varios-migrantes-guatemaltecos-asistieron-a-la-vigilia-con-banderas-del-pabellon-nacional--768x427.webp\" alt=\"Varios migrantes guatemaltecos asistieron a la vigilia con banderas del pabell\u00f3n nacional\" \/><figcaption class=\"elementor-image-carousel-caption\">Varios migrantes guatemaltecos asistieron a la vigilia con banderas del pabell\u00f3n nacional, carteles y entusiasmo <\/figcaption><\/figure><\/div><div class=\"swiper-slide\" role=\"group\" aria-roledescription=\"slide\" aria-label=\"5 de 6\"><figure class=\"swiper-slide-inner\"><img decoding=\"async\" class=\"swiper-slide-image\" src=\"https:\/\/soymigrante.com\/revista\/wp-content\/uploads\/2023\/10\/Imagen-de-WhatsApp-2023-10-12-a-las-10.05.33_97abceaa-1-768x512.webp\" alt=\"Bajo el azul y blanco los guatemaltecos entonaron el Himno Nacional como punto inicial de la actividad.\" \/><figcaption class=\"elementor-image-carousel-caption\">Bajo el azul y blanco los guatemaltecos entonaron el Himno Nacional como punto inicial de la actividad. <\/figcaption><\/figure><\/div><div class=\"swiper-slide\" role=\"group\" aria-roledescription=\"slide\" aria-label=\"6 de 6\"><figure class=\"swiper-slide-inner\"><img decoding=\"async\" class=\"swiper-slide-image\" src=\"https:\/\/soymigrante.com\/revista\/wp-content\/uploads\/2023\/10\/Imagen-de-WhatsApp-2023-10-12-a-las-10.05.23_609a790f-1-768x512.webp\" alt=\"Pedimos paz y respeto a los resultados electorales. Dios ampare a Guatemala, fueron algunas de las expresiones de los guatemaltecos congregados en un parqueo de una organizaci\u00f3n humanitaria en Houston.\" \/><figcaption class=\"elementor-image-carousel-caption\">Pedimos paz y respeto a los resultados electorales. Dios ampare a Guatemala, fueron algunas de las expresiones de los guatemaltecos congregados en un parqueo de una organizaci\u00f3n humanitaria en Houston.<\/figcaption><\/figure><\/div>\t\t\t<\/div>\n\t\t\t\t\t\t\t\t\t\t\t\t<div class=\"elementor-swiper-button elementor-swiper-button-prev\" role=\"button\" tabindex=\"0\">\n\t\t\t\t\t\t<i aria-hidden=\"true\" class=\"eicon-chevron-left\"><\/i>\t\t\t\t\t<\/div>\n\t\t\t\t\t<div class=\"elementor-swiper-button elementor-swiper-button-next\" role=\"button\" tabindex=\"0\">\n\t\t\t\t\t\t<i aria-hidden=\"true\" class=\"eicon-chevron-right\"><\/i>\t\t\t\t\t<\/div>\n\t\t\t\t\n\t\t\t\t\t\t\t\t\t<div class=\"swiper-pagination\"><\/div>\n\t\t\t\t\t\t\t\t\t<\/div>\n\t\t\t\t\t\t<\/div>\n\t\t\t\t\t<\/div>\n\t\t<\/div>\n\t\t\t\t\t<\/div>\n\t\t<\/section>\n\t\t\t\t<section data-particle_enable=\"false\" data-particle-mobile-disabled=\"false\" class=\"elementor-section elementor-top-section elementor-element elementor-element-f8e2756 elementor-section-boxed elementor-section-height-default elementor-section-height-default\" data-id=\"f8e2756\" data-element_type=\"section\" data-e-type=\"section\">\n\t\t\t\t\t\t<div class=\"elementor-container elementor-column-gap-default\">\n\t\t\t\t\t<div class=\"elementor-column elementor-col-100 elementor-top-column elementor-element elementor-element-2945f4c\" data-id=\"2945f4c\" data-element_type=\"column\" data-e-type=\"column\">\n\t\t\t<div class=\"elementor-widget-wrap elementor-element-populated\">\n\t\t\t\t\t\t<div class=\"elementor-element elementor-element-c907bb0 elementor-widget elementor-widget-heading\" data-id=\"c907bb0\" data-element_type=\"widget\" data-e-type=\"widget\" data-widget_type=\"heading.default\">\n\t\t\t\t\t<h2 class=\"elementor-heading-title elementor-size-default\">Piden a Dios por su patria y sus familias<\/h2>\t\t\t\t<\/div>\n\t\t\t\t<div class=\"elementor-element elementor-element-4093c53 elementor-widget elementor-widget-text-editor\" data-id=\"4093c53\" data-element_type=\"widget\" data-e-type=\"widget\" data-widget_type=\"text-editor.default\">\n\t\t\t\t\t\t\t\t\t<p>\u00a0<\/p><p><span style=\"font-weight: 400;\">Fiel Houston es una organizaci\u00f3n con origen mexicano que brinda apoyo los procesos legales, estudiantiles y familiares de migrantes centroamericanos. Con la intervenci\u00f3n del director Cesar Espinoza dijo:<\/span><span style=\"font-weight: 400; color: var( --e-global-color-text ); background-color: var(--ak-bg-color);\">\u00a0\u201cTodos somos hermanos, respeto la cultura guatemalteca, mi compromiso con ustedes y la comunidad guatemalteca es recordarles que si vienen por uno vienen por todos\u201d, en alusi\u00f3n al da\u00f1o que un grupo intenta perpetrar contra la democracia en el pa\u00eds.<\/span><\/p><p><span style=\"font-weight: 400;\">\u00a0\u201cSomos de diferentes nacionalidades, pero somos hermanos latinos y estamos al frente de nuestra comunidad\u201d, dijo otro de los asistentes, que no era de Guatemala pero se identificaba con la situaci\u00f3n que se vive.\u00a0 \u00a0<\/span><\/p><p><span style=\"font-weight: 400;\">Los actos protocolarios finalizaron con las palabras de agradecimiento, luego la vigilia inici\u00f3 con una oraci\u00f3n y reflexi\u00f3n \u201cUn aplauso para nuestra gente que esta en las carreteras\u201d, cantos, discursos, aplausos y un momento de conexi\u00f3n expres\u00f3 la comunidad guatemalteca radicada en Estados Unidos.<\/span><\/p><p><span style=\"font-weight: 400;\">Con una vela en las manos los asistentes oraron por la comunidad manifestante en Guatemala donde exigen la renuncia de la fiscal general Consuelo Porras, el jefe de la Fiscal\u00eda Especial Contra la Impunidad (FECI) Rafael Curruchiche y el juez s\u00e9ptimo penal Fredy Orellana.<\/span><\/p>\t\t\t\t\t\t\t\t<\/div>\n\t\t\t\t\t<\/div>\n\t\t<\/div>\n\t\t\t\t\t<\/div>\n\t\t<\/section>\n\t\t\t\t<section data-particle_enable=\"false\" data-particle-mobile-disabled=\"false\" class=\"elementor-section elementor-top-section elementor-element elementor-element-0bacbd6 elementor-section-boxed elementor-section-height-default elementor-section-height-default\" data-id=\"0bacbd6\" data-element_type=\"section\" data-e-type=\"section\">\n\t\t\t\t\t\t<div class=\"elementor-container elementor-column-gap-default\">\n\t\t\t\t\t<div class=\"elementor-column elementor-col-100 elementor-top-column elementor-element elementor-element-125760b\" data-id=\"125760b\" data-element_type=\"column\" data-e-type=\"column\">\n\t\t\t<div class=\"elementor-widget-wrap elementor-element-populated\">\n\t\t\t\t\t\t<div class=\"elementor-element elementor-element-735e425 elementor-widget elementor-widget-video\" data-id=\"735e425\" data-element_type=\"widget\" data-e-type=\"widget\" data-settings=\"{&quot;youtube_url&quot;:&quot;https:\\\/\\\/www.youtube.com\\\/watch?v=MFsfzM4NaYE&quot;,&quot;start&quot;:79,&quot;autoplay&quot;:&quot;yes&quot;,&quot;video_type&quot;:&quot;youtube&quot;,&quot;controls&quot;:&quot;yes&quot;}\" data-widget_type=\"video.default\">\n\t\t\t\t\t\t\t<div class=\"elementor-wrapper elementor-open-inline\">\n\t\t\t<div class=\"elementor-video\"><\/div>\t\t<\/div>\n\t\t\t\t\t\t<\/div>\n\t\t\t\t\t<\/div>\n\t\t<\/div>\n\t\t\t\t\t<\/div>\n\t\t<\/section>\n\t\t\t\t<section data-particle_enable=\"false\" data-particle-mobile-disabled=\"false\" class=\"elementor-section elementor-top-section elementor-element elementor-element-2d4f3bf elementor-section-boxed elementor-section-height-default elementor-section-height-default\" data-id=\"2d4f3bf\" data-element_type=\"section\" data-e-type=\"section\">\n\t\t\t\t\t\t<div class=\"elementor-container elementor-column-gap-default\">\n\t\t\t\t\t<div class=\"elementor-column elementor-col-100 elementor-top-column elementor-element elementor-element-755ddc1\" data-id=\"755ddc1\" data-element_type=\"column\" data-e-type=\"column\">\n\t\t\t<div class=\"elementor-widget-wrap elementor-element-populated\">\n\t\t\t\t\t\t<div class=\"elementor-element elementor-element-699f74e elementor-widget elementor-widget-facebook-page\" data-id=\"699f74e\" data-element_type=\"widget\" data-e-type=\"widget\" data-widget_type=\"facebook-page.default\">\n\t\t\t\t\t<div class=\"elementor-facebook-widget fb-page\" data-href=\"https:\/\/www.facebook.com\/chapinesdecorazonhouston\" data-tabs=\"timeline,events\" data-height=\"500px\" data-width=\"500px\" data-small-header=\"false\" data-hide-cover=\"false\" data-show-facepile=\"true\" data-hide-cta=\"false\" style=\"min-height: 1px;height:500px\"><\/div>\t\t\t\t<\/div>\n\t\t\t\t<div class=\"elementor-element elementor-element-e747e2f elementor-widget elementor-widget-heading\" data-id=\"e747e2f\" data-element_type=\"widget\" data-e-type=\"widget\" data-widget_type=\"heading.default\">\n\t\t\t\t\t<h2 class=\"elementor-heading-title elementor-size-default\">Nueva vigilia migrante programada para este viernes 13 de octubre en Washington D.C.<\/h2>\t\t\t\t<\/div>\n\t\t\t\t\t<\/div>\n\t\t<\/div>\n\t\t\t\t\t<\/div>\n\t\t<\/section>\n\t\t\t\t<section data-particle_enable=\"false\" data-particle-mobile-disabled=\"false\" class=\"elementor-section elementor-top-section elementor-element elementor-element-d58ec7f elementor-section-boxed elementor-section-height-default elementor-section-height-default\" data-id=\"d58ec7f\" data-element_type=\"section\" data-e-type=\"section\">\n\t\t\t\t\t\t<div class=\"elementor-container elementor-column-gap-default\">\n\t\t\t\t\t<div class=\"elementor-column elementor-col-100 elementor-top-column elementor-element elementor-element-2c5d044\" data-id=\"2c5d044\" data-element_type=\"column\" data-e-type=\"column\">\n\t\t\t<div class=\"elementor-widget-wrap elementor-element-populated\">\n\t\t\t\t\t\t<div class=\"elementor-element elementor-element-a09604e elementor-widget elementor-widget-image\" data-id=\"a09604e\" data-element_type=\"widget\" data-e-type=\"widget\" data-widget_type=\"image.default\">\n\t\t\t\t\t\t\t\t\t\t\t\t<figure class=\"wp-caption\">\n\t\t\t\t\t\t\t\t\t\t<img decoding=\"async\" width=\"768\" height=\"644\" src=\"https:\/\/soymigrante.com\/revista\/wp-content\/uploads\/2023\/10\/Mas-grupos-migrantes-en-Estados-Unidos-se-suman-a-protestas-y-oracion-1024x859.webp\" class=\"attachment-large size-large wp-image-2922\" alt=\"M\u00e1s grupos migrantes en Estados Unidos se suman a protestas y oraci\u00f3n\" srcset=\"https:\/\/soymigrante.com\/revista\/wp-content\/uploads\/2023\/10\/Mas-grupos-migrantes-en-Estados-Unidos-se-suman-a-protestas-y-oracion-1024x859.webp 1024w, https:\/\/soymigrante.com\/revista\/wp-content\/uploads\/2023\/10\/Mas-grupos-migrantes-en-Estados-Unidos-se-suman-a-protestas-y-oracion-300x252.webp 300w, https:\/\/soymigrante.com\/revista\/wp-content\/uploads\/2023\/10\/Mas-grupos-migrantes-en-Estados-Unidos-se-suman-a-protestas-y-oracion-768x644.webp 768w, https:\/\/soymigrante.com\/revista\/wp-content\/uploads\/2023\/10\/Mas-grupos-migrantes-en-Estados-Unidos-se-suman-a-protestas-y-oracion-750x629.webp 750w, https:\/\/soymigrante.com\/revista\/wp-content\/uploads\/2023\/10\/Mas-grupos-migrantes-en-Estados-Unidos-se-suman-a-protestas-y-oracion.webp 1080w\" sizes=\"(max-width: 768px) 100vw, 768px\" title=\"M\u00e1s grupos migrantes en Estados Unidos se suman a protestas y oraci\u00f3n \u2013 SoyMigrante.com REVISTA\" \/>\t\t\t\t\t\t\t\t\t\t\t<figcaption class=\"widget-image-caption wp-caption-text\">M\u00e1s grupos migrantes en Estados Unidos se suman a protestas y oraci\u00f3n<\/figcaption>\n\t\t\t\t\t\t\t\t\t\t<\/figure>\n\t\t\t\t\t\t\t\t\t<\/div>\n\t\t\t\t\t<\/div>\n\t\t<\/div>\n\t\t\t\t\t<\/div>\n\t\t<\/section>\n\t\t\t\t<section data-particle_enable=\"false\" data-particle-mobile-disabled=\"false\" class=\"elementor-section elementor-top-section elementor-element elementor-element-895064d elementor-section-boxed elementor-section-height-default elementor-section-height-default\" data-id=\"895064d\" data-element_type=\"section\" data-e-type=\"section\">\n\t\t\t\t\t\t<div class=\"elementor-container elementor-column-gap-default\">\n\t\t\t\t\t<div class=\"elementor-column elementor-col-100 elementor-top-column elementor-element elementor-element-dde124b\" data-id=\"dde124b\" data-element_type=\"column\" data-e-type=\"column\">\n\t\t\t<div class=\"elementor-widget-wrap elementor-element-populated\">\n\t\t\t\t\t\t<div class=\"elementor-element elementor-element-ecca88c elementor-widget elementor-widget-text-editor\" data-id=\"ecca88c\" data-element_type=\"widget\" data-e-type=\"widget\" data-widget_type=\"text-editor.default\">\n\t\t\t\t\t\t\t\t\t<p><span style=\"font-weight: 400;\">Organizaciones migrantes convocan a una protesta y vigilia para este viernes 13 de octubre, frente a la embajada de Guatemala en Washington DC.\u00a0<\/span><span style=\"font-weight: 400; color: var( --e-global-color-text ); background-color: var(--ak-bg-color);\">Participar\u00e1n m\u00fasicos, artistas y la oraci\u00f3n en nombre del pueblo de Guatemala. \u201cFiesta pac\u00edfica por nuestra democracia\u201d.<\/span><\/p>\t\t\t\t\t\t\t\t<\/div>\n\t\t\t\t\t<\/div>\n\t\t<\/div>\n\t\t\t\t\t<\/div>\n\t\t<\/section>\n\t\t\t\t<section data-particle_enable=\"false\" data-particle-mobile-disabled=\"false\" class=\"elementor-section elementor-top-section elementor-element elementor-element-4f75566 elementor-section-boxed elementor-section-height-default elementor-section-height-default\" data-id=\"4f75566\" data-element_type=\"section\" data-e-type=\"section\">\n\t\t\t\t\t\t<div class=\"elementor-container elementor-column-gap-default\">\n\t\t\t\t\t<div class=\"elementor-column elementor-col-100 elementor-top-column elementor-element elementor-element-1297107\" data-id=\"1297107\" data-element_type=\"column\" data-e-type=\"column\">\n\t\t\t<div class=\"elementor-widget-wrap\">\n\t\t\t\t\t\t\t<\/div>\n\t\t<\/div>\n\t\t\t\t\t<\/div>\n\t\t<\/section>\n\t\t\t\t<section data-particle_enable=\"false\" data-particle-mobile-disabled=\"false\" class=\"elementor-section elementor-top-section elementor-element elementor-element-1ecf926 elementor-section-boxed elementor-section-height-default elementor-section-height-default\" data-id=\"1ecf926\" data-element_type=\"section\" data-e-type=\"section\">\n\t\t\t\t\t\t<div class=\"elementor-container elementor-column-gap-default\">\n\t\t\t\t\t<div class=\"elementor-column elementor-col-100 elementor-top-column elementor-element elementor-element-26fda47\" data-id=\"26fda47\" data-element_type=\"column\" data-e-type=\"column\">\n\t\t\t<div class=\"elementor-widget-wrap elementor-element-populated\">\n\t\t\t\t\t\t<div class=\"elementor-element elementor-element-7f21fd1 elementor-grid-eael-col-1 elementor-grid-tablet-eael-col-2 elementor-grid-mobile-eael-col-1 elementor-widget elementor-widget-eael-post-grid\" data-id=\"7f21fd1\" data-element_type=\"widget\" data-e-type=\"widget\" data-settings=\"{&quot;eael_post_grid_columns&quot;:&quot;eael-col-1&quot;,&quot;eael_post_grid_columns_tablet&quot;:&quot;eael-col-2&quot;,&quot;eael_post_grid_columns_mobile&quot;:&quot;eael-col-1&quot;}\" data-widget_type=\"eael-post-grid.default\">\n\t\t\t\t\t<div id=\"eael-post-grid-7f21fd1\" class=\"eael-post-grid-container\">\n            <div class=\"eael-post-grid eael-post-appender eael-post-appender-7f21fd1 eael-post-grid-style-one\" data-layout-mode=\"masonry\"><article class=\"eael-grid-post  eael-post-grid-column eael-pg-post-2815 category-estamos-unidos tags-remesas-migrantes\" data-id=\"2815\">\n        <div class=\"eael-grid-post-holder\">\n            <div class=\"eael-grid-post-holder-inner\"><div class=\"eael-entry-media\"><div class=\"eael-entry-overlay fade-in\"><i class=\"fas fa-long-arrow-alt-right\" aria-hidden=\"true\"><\/i><a href=\"https:\/\/soymigrante.com\/revista\/editorial-remesas-de-migrantes-suman-ya-14-mil-773-millones-y-su-voz-cuenta\/\"><\/a><\/div><div class=\"eael-entry-thumbnail \">\n                <img loading=\"lazy\" decoding=\"async\" width=\"300\" height=\"222\" src=\"https:\/\/soymigrante.com\/revista\/wp-content\/uploads\/2023\/10\/dolarix-e1696524369386-300x222.webp\" class=\"attachment-medium size-medium wp-image-2819\" alt=\"\" srcset=\"https:\/\/soymigrante.com\/revista\/wp-content\/uploads\/2023\/10\/dolarix-e1696524369386-300x222.webp 300w, https:\/\/soymigrante.com\/revista\/wp-content\/uploads\/2023\/10\/dolarix-e1696524369386-768x568.webp 768w, https:\/\/soymigrante.com\/revista\/wp-content\/uploads\/2023\/10\/dolarix-e1696524369386-750x555.webp 750w, https:\/\/soymigrante.com\/revista\/wp-content\/uploads\/2023\/10\/dolarix-e1696524369386.webp 942w\" sizes=\"(max-width: 300px) 100vw, 300px\" \/>\n            <\/div>\n        <\/div><div class=\"eael-entry-wrapper\"><header class=\"eael-entry-header\"><h2 class=\"eael-entry-title\"><a class=\"eael-grid-post-link\" href=\"https:\/\/soymigrante.com\/revista\/editorial-remesas-de-migrantes-suman-ya-14-mil-773-millones-y-su-voz-cuenta\/\" title=\"EDITORIAL: Van 14 mil 774 millones de razones para que los migrantes guatemaltecos sean escuchados\">EDITORIAL: Van 14 mil 774 millones de razones para que los migrantes guatemaltecos sean escuchados<\/a><\/h2><\/header><\/div><\/div>\n        <\/div>\n    <\/article><\/div>\n            <div class=\"clearfix\"><\/div>\n        <\/div>\t\t\t\t<\/div>\n\t\t\t\t\t<\/div>\n\t\t<\/div>\n\t\t\t\t\t<\/div>\n\t\t<\/section>\n\t\t\t\t<\/div>\n\t\t","protected":false},"excerpt":{"rendered":"<p>Migrantes guatemaltecos participan en vigilia y manifestaci\u00f3n Por la Paz, en Houston, Texas, para respaldar al pueblo de Guatemala y pedir la continuidad democr\u00e1tica en el pa\u00eds. En Washington D.C. se programa otra vigilia La alegr\u00eda no falt\u00f3 sin restarle nada de seriedad y convicci\u00f3n a esta reuni\u00f3n de compatriotas guatemaltecos para pedir por la [&hellip;]<\/p>\n","protected":false},"author":10,"featured_media":2934,"comment_status":"open","ping_status":"open","sticky":false,"template":"","format":"standard","meta":{"_acf_changed":false,"_eb_attr":"","footnotes":""},"categories":[54],"tags":[],"class_list":["post-2918","post","type-post","status-publish","format-standard","has-post-thumbnail","hentry","category-estamos-unidos"],"acf":[],"aioseo_notices":[],"aioseo_head":"\n\t\t<!-- All in One SEO Pro 4.9.6.2 - aioseo.com -->\n\t<meta name=\"description\" content=\"Aporte de remesas familiares de migrantes guatemaltecos en Estados Unidos solo durante el mes de septiembre de 2023 fue de US$1,699.5 millones de d\u00f3lares, con lo cual se totalizan US$14 mil 774 millones en este a\u00f1o: raz\u00f3n de peso para que su voz sea atendida en la actual crisis causada por actos antidemocr\u00e1ticos Migrantes cumplen\" \/>\n\t<meta name=\"robots\" content=\"max-snippet:-1, max-image-preview:large, max-video-preview:-1\" \/>\n\t<meta name=\"author\" content=\"Diana Batz\"\/>\n\t<link rel=\"canonical\" href=\"https:\/\/soymigrante.com\/revista\/migrantes-en-houston-oran-por-el-pueblo-de-guatemala-y-por-la-democracia\/\" \/>\n\t<meta name=\"generator\" content=\"All in One SEO Pro (AIOSEO) 4.9.6.2\" \/>\n\n\t\t<link rel=\"preconnect\" href=\"https:\/\/fonts.googleapis.com\" crossorigin>\n<link rel=\"preconnect\" href=\"https:\/\/fonts.gstatic.com\" crossorigin>\n\t\t<meta property=\"og:locale\" content=\"es_ES\" \/>\n\t\t<meta property=\"og:site_name\" content=\"SoyMigrante.com REVISTA \u2013 Nuestra misi\u00f3n es reconocer y dignificar al migrante.\" \/>\n\t\t<meta property=\"og:type\" content=\"article\" \/>\n\t\t<meta property=\"og:title\" content=\"Migrantes en Houston se re\u00fanen para orar por Guatemala \u2013 SoyMigrante.com REVISTA Migrantes guatemaltecos oran por Guatemala\" \/>\n\t\t<meta property=\"og:description\" content=\"Migrantes guatemaltecos participan en una vigilia y manifestaci\u00f3n \u201cPor la Paz\u201d en Houston Texas como respaldo al pueblo guatemalteco.\" \/>\n\t\t<meta property=\"og:url\" content=\"https:\/\/soymigrante.com\/revista\/migrantes-en-houston-oran-por-el-pueblo-de-guatemala-y-por-la-democracia\/\" \/>\n\t\t<meta property=\"og:image\" content=\"https:\/\/soymigrante.com\/revista\/wp-content\/uploads\/2023\/10\/Imagen-de-WhatsApp-2023-10-12-a-las-10.04.41_4d11f44d.webp\" \/>\n\t\t<meta property=\"og:image:secure_url\" content=\"https:\/\/soymigrante.com\/revista\/wp-content\/uploads\/2023\/10\/Imagen-de-WhatsApp-2023-10-12-a-las-10.04.41_4d11f44d.webp\" \/>\n\t\t<meta property=\"og:image:width\" content=\"1079\" \/>\n\t\t<meta property=\"og:image:height\" content=\"720\" \/>\n\t\t<meta property=\"article:published_time\" content=\"2023-10-12T15:47:08+00:00\" \/>\n\t\t<meta property=\"article:modified_time\" content=\"2024-07-30T09:21:10+00:00\" \/>\n\t\t<meta property=\"article:publisher\" content=\"https:\/\/www.facebook.com\/soymigrantecom\" \/>\n\t\t<meta name=\"twitter:card\" content=\"summary_large_image\" \/>\n\t\t<meta name=\"twitter:site\" content=\"@SoyMigrante_com\" \/>\n\t\t<meta name=\"twitter:title\" content=\"Migrantes en Houston se re\u00fanen para orar por Guatemala \u2013 SoyMigrante.com REVISTA Migrantes guatemaltecos oran por Guatemala\" \/>\n\t\t<meta name=\"twitter:description\" content=\"Migrantes guatemaltecos participan en una vigilia y manifestaci\u00f3n \u201cPor la Paz\u201d en Houston Texas como respaldo al pueblo guatemalteco.\" \/>\n\t\t<meta name=\"twitter:creator\" content=\"@SoyMigrante_com\" \/>\n\t\t<meta name=\"twitter:image\" content=\"https:\/\/soymigrante.com\/revista\/wp-content\/uploads\/2023\/10\/Imagen-de-WhatsApp-2023-10-12-a-las-10.04.41_4d11f44d.webp\" \/>\n\t\t<!-- All in One SEO Pro -->\r\n\t\t<title>Migrantes en Houston se re\u00fanen para orar por Guatemala \u2013 SoyMigrante.com REVISTA Migrantes guatemaltecos oran por Guatemala<\/title>\n\n","aioseo_head_json":{"title":"Migrantes en Houston se re\u00fanen para orar por Guatemala \u2013 SoyMigrante.com REVISTA Migrantes guatemaltecos oran por Guatemala","description":"Migrantes guatemaltecos participan en una vigilia y manifestaci\u00f3n \u201cPor la Paz\u201d en Houston Texas como respaldo al pueblo guatemalteco.","canonical_url":"https:\/\/soymigrante.com\/revista\/migrantes-en-houston-oran-por-el-pueblo-de-guatemala-y-por-la-democracia\/","robots":"max-snippet:-1, max-image-preview:large, max-video-preview:-1","keywords":"","webmasterTools":{"miscellaneous":"&lt;link rel=\"preconnect\" href=\"https:\/\/fonts.googleapis.com\" crossorigin&gt;\n&lt;link rel=\"preconnect\" href=\"https:\/\/fonts.gstatic.com\" crossorigin&gt;"},"schema":null,"og:locale":"es_ES","og:site_name":"SoyMigrante.com REVISTA \u2013 Nuestra misi\u00f3n es reconocer y dignificar al migrante.","og:type":"article","og:title":"Migrantes en Houston se re\u00fanen para orar por Guatemala \u2013 SoyMigrante.com REVISTA Migrantes guatemaltecos oran por Guatemala","og:description":"Migrantes guatemaltecos participan en una vigilia y manifestaci\u00f3n \u201cPor la Paz\u201d en Houston Texas como respaldo al pueblo guatemalteco.","og:url":"https:\/\/soymigrante.com\/revista\/migrantes-en-houston-oran-por-el-pueblo-de-guatemala-y-por-la-democracia\/","og:image":"https:\/\/soymigrante.com\/revista\/wp-content\/uploads\/2023\/10\/Imagen-de-WhatsApp-2023-10-12-a-las-10.04.41_4d11f44d.webp","og:image:secure_url":"https:\/\/soymigrante.com\/revista\/wp-content\/uploads\/2023\/10\/Imagen-de-WhatsApp-2023-10-12-a-las-10.04.41_4d11f44d.webp","og:image:width":1079,"og:image:height":720,"article:published_time":"2023-10-12T15:47:08+00:00","article:modified_time":"2024-07-30T09:21:10+00:00","article:publisher":"https:\/\/www.facebook.com\/soymigrantecom","twitter:card":"summary_large_image","twitter:site":"@SoyMigrante_com","twitter:title":"Migrantes en Houston se re\u00fanen para orar por Guatemala \u2013 SoyMigrante.com REVISTA Migrantes guatemaltecos oran por Guatemala","twitter:description":"Migrantes guatemaltecos participan en una vigilia y manifestaci\u00f3n \u201cPor la Paz\u201d en Houston Texas como respaldo al pueblo guatemalteco.","twitter:creator":"@SoyMigrante_com","twitter:image":"https:\/\/soymigrante.com\/revista\/wp-content\/uploads\/2023\/10\/Imagen-de-WhatsApp-2023-10-12-a-las-10.04.41_4d11f44d.webp"},"aioseo_meta_data":{"post_id":"2918","title":"#post_title #separator_sa #site_title Migrantes guatemaltecos oran por Guatemala","description":"Migrantes guatemaltecos participan en una vigilia y manifestaci\u00f3n \u201cPor la Paz\u201d en Houston Texas como respaldo al pueblo guatemalteco.","keywords":[],"keyphrases":{"focus":{"keyphrase":"guatemaltecos","score":85,"analysis":{"keyphraseInTitle":{"score":9,"maxScore":9,"error":0},"keyphraseInDescription":{"score":9,"maxScore":9,"error":0},"keyphraseLength":{"score":9,"maxScore":9,"error":0,"length":1},"keyphraseInURL":{"score":1,"maxScore":5,"error":1},"keyphraseInIntroduction":{"score":3,"maxScore":9,"error":1},"keyphraseInSubHeadings":{"score":9,"maxScore":9,"error":0},"keyphraseInImageAlt":{"score":9,"maxScore":9,"error":0},"keywordDensity":{"type":"best","score":9,"maxScore":9,"error":0}}},"additional":[]},"primary_term":null,"canonical_url":null,"og_title":null,"og_description":null,"og_object_type":"default","og_image_type":"default","og_image_url":null,"og_image_width":null,"og_image_height":null,"og_image_custom_url":null,"og_image_custom_fields":null,"og_video":"","og_custom_url":null,"og_article_section":null,"og_article_tags":[],"twitter_use_og":false,"twitter_card":"default","twitter_image_type":"default","twitter_image_url":null,"twitter_image_custom_url":null,"twitter_image_custom_fields":null,"twitter_title":null,"twitter_description":null,"schema":{"blockGraphs":[],"customGraphs":[],"default":{"data":{"Article":[],"Course":[],"Dataset":[],"FAQPage":[],"Movie":[],"Person":[],"Product":[],"ProductReview":[],"Car":[],"Recipe":[],"Service":[],"SoftwareApplication":[],"WebPage":[]},"graphName":"BlogPosting","isEnabled":true},"graphs":[]},"schema_type":"default","schema_type_options":null,"pillar_content":false,"robots_default":true,"robots_noindex":false,"robots_noarchive":false,"robots_nosnippet":false,"robots_nofollow":false,"robots_noimageindex":false,"robots_noodp":false,"robots_notranslate":false,"robots_max_snippet":"-1","robots_max_videopreview":"-1","robots_max_imagepreview":"large","priority":null,"frequency":"default","local_seo":null,"seo_analyzer_scan_date":"2025-10-08 20:30:57","breadcrumb_settings":null,"limit_modified_date":false,"reviewed_by":null,"open_ai":null,"ai":null,"created":"2023-10-12 06:47:57","updated":"2026-02-04 09:46:21"},"aioseo_breadcrumb":"<div class=\"aioseo-breadcrumbs\"><span class=\"aioseo-breadcrumb\">\n\t<a href=\"https:\/\/soymigrante.com\/revista\" title=\"Home\">Home<\/a>\n<\/span><span class=\"aioseo-breadcrumb-separator\">\u00bb<\/span><span class=\"aioseo-breadcrumb\">\n\t<a href=\"https:\/\/soymigrante.com\/revista\/category\/estamos-unidos\/\" title=\"Estamos Unidos\">Estamos Unidos<\/a>\n<\/span><span class=\"aioseo-breadcrumb-separator\">\u00bb<\/span><span class=\"aioseo-breadcrumb\">\n\tMigrantes en Houston se re\u00fanen para orar por Guatemala\n<\/span><\/div>","aioseo_breadcrumb_json":[{"label":"Home","link":"https:\/\/soymigrante.com\/revista"},{"label":"Estamos Unidos","link":"https:\/\/soymigrante.com\/revista\/category\/estamos-unidos\/"},{"label":"Migrantes en Houston se re\u00fanen para orar por Guatemala","link":"https:\/\/soymigrante.com\/revista\/migrantes-en-houston-oran-por-el-pueblo-de-guatemala-y-por-la-democracia\/"}],"_links":{"self":[{"href":"https:\/\/soymigrante.com\/revista\/wp-json\/wp\/v2\/posts\/2918","targetHints":{"allow":["GET"]}}],"collection":[{"href":"https:\/\/soymigrante.com\/revista\/wp-json\/wp\/v2\/posts"}],"about":[{"href":"https:\/\/soymigrante.com\/revista\/wp-json\/wp\/v2\/types\/post"}],"author":[{"embeddable":true,"href":"https:\/\/soymigrante.com\/revista\/wp-json\/wp\/v2\/users\/10"}],"replies":[{"embeddable":true,"href":"https:\/\/soymigrante.com\/revista\/wp-json\/wp\/v2\/comments?post=2918"}],"version-history":[{"count":0,"href":"https:\/\/soymigrante.com\/revista\/wp-json\/wp\/v2\/posts\/2918\/revisions"}],"wp:featuredmedia":[{"embeddable":true,"href":"https:\/\/soymigrante.com\/revista\/wp-json\/wp\/v2\/media\/2934"}],"wp:attachment":[{"href":"https:\/\/soymigrante.com\/revista\/wp-json\/wp\/v2\/media?parent=2918"}],"wp:term":[{"taxonomy":"category","embeddable":true,"href":"https:\/\/soymigrante.com\/revista\/wp-json\/wp\/v2\/categories?post=2918"},{"taxonomy":"post_tag","embeddable":true,"href":"https:\/\/soymigrante.com\/revista\/wp-json\/wp\/v2\/tags?post=2918"}],"curies":[{"name":"wp","href":"https:\/\/api.w.org\/{rel}","templated":true}]}}