{"id":29172,"date":"2025-03-28T05:00:00","date_gmt":"2025-03-28T11:00:00","guid":{"rendered":"https:\/\/soymigrante.com\/revista\/?p=29172"},"modified":"2025-03-27T19:42:20","modified_gmt":"2025-03-28T01:42:20","slug":"ejercicio-en-la-tercera-edad-como-empezar-o-retomar-una-rutina","status":"publish","type":"post","link":"https:\/\/soymigrante.com\/revista\/ejercicio-en-la-tercera-edad-como-empezar-o-retomar-una-rutina\/","title":{"rendered":"Ejercicio en la tercera edad: C\u00f3mo empezar o retomar una rutina"},"content":{"rendered":"\t\t<div data-elementor-type=\"wp-post\" data-elementor-id=\"29172\" class=\"elementor elementor-29172\" data-elementor-post-type=\"post\">\n\t\t\t\t<div data-particle_enable=\"false\" data-particle-mobile-disabled=\"false\" class=\"elementor-element elementor-element-a39bf2a e-flex e-con-boxed e-con e-parent\" data-id=\"a39bf2a\" data-element_type=\"container\" data-e-type=\"container\">\n\t\t\t\t\t<div class=\"e-con-inner\">\n\t\t\t\t<div class=\"elementor-element elementor-element-d75559d elementor-widget elementor-widget-heading\" data-id=\"d75559d\" data-element_type=\"widget\" data-e-type=\"widget\" data-widget_type=\"heading.default\">\n\t\t\t\t\t<h2 class=\"elementor-heading-title elementor-size-default\">Hacer ejercicio en la tercera edad es una inversi\u00f3n en salud, siempre que se realice de manera segura y con el apoyo de una buena alimentaci\u00f3n e hidrataci\u00f3n. \n<\/h2>\t\t\t\t<\/div>\n\t\t\t\t\t<\/div>\n\t\t\t\t<\/div>\n\t\t<div data-particle_enable=\"false\" data-particle-mobile-disabled=\"false\" class=\"elementor-element elementor-element-7d134db e-flex e-con-boxed e-con e-parent\" data-id=\"7d134db\" data-element_type=\"container\" data-e-type=\"container\">\n\t\t\t\t\t<div class=\"e-con-inner\">\n\t\t\t\t<div class=\"elementor-element elementor-element-74ab0c1 elementor-widget elementor-widget-text-editor\" data-id=\"74ab0c1\" data-element_type=\"widget\" data-e-type=\"widget\" data-widget_type=\"text-editor.default\">\n\t\t\t\t\t\t\t\t\t<p>Mantenerse activo en la tercera edad es fundamental para la salud f\u00edsica y mental, <a href=\"https:\/\/soymigrante.com\/revista\/como-incorporar-ejercicio-si-tienes-una-vida-sedentaria-crea-un-habito-sin-pretextos\/\" target=\"_blank\" rel=\"noopener\">pero no todos los ejercicios son adecuados.<\/a><\/p><p>Es importante conocer qu\u00e9 actividades se recomiendan, cu\u00e1les se deben evitar y c\u00f3mo complementarlas con una buena alimentaci\u00f3n e hidrataci\u00f3n.<\/p>\t\t\t\t\t\t\t\t<\/div>\n\t\t\t\t\t<\/div>\n\t\t\t\t<\/div>\n\t\t<div data-particle_enable=\"false\" data-particle-mobile-disabled=\"false\" class=\"elementor-element elementor-element-4d01296 e-flex e-con-boxed e-con e-parent\" data-id=\"4d01296\" data-element_type=\"container\" data-e-type=\"container\">\n\t\t\t\t\t<div class=\"e-con-inner\">\n\t\t\t\t<div class=\"elementor-element elementor-element-9a0c8b9 elementor-widget elementor-widget-heading\" data-id=\"9a0c8b9\" data-element_type=\"widget\" data-e-type=\"widget\" data-widget_type=\"heading.default\">\n\t\t\t\t\t<h3 class=\"elementor-heading-title elementor-size-default\">\u00bfPor qu\u00e9 es importante el ejercicio en la tercera edad?<\/h3>\t\t\t\t<\/div>\n\t\t\t\t\t<\/div>\n\t\t\t\t<\/div>\n\t\t<div data-particle_enable=\"false\" data-particle-mobile-disabled=\"false\" class=\"elementor-element elementor-element-67e8fe3 e-flex e-con-boxed e-con e-parent\" data-id=\"67e8fe3\" data-element_type=\"container\" data-e-type=\"container\">\n\t\t\t\t\t<div class=\"e-con-inner\">\n\t\t\t\t<div class=\"elementor-element elementor-element-fc3cdb7 elementor-widget elementor-widget-text-editor\" data-id=\"fc3cdb7\" data-element_type=\"widget\" data-e-type=\"widget\" data-widget_type=\"text-editor.default\">\n\t\t\t\t\t\t\t\t\t<div><a href=\"https:\/\/soymigrante.com\/revista\/como-incorporar-ejercicio-si-tienes-una-vida-sedentaria-crea-un-habito-sin-pretextos\/\" target=\"_blank\" rel=\"noopener\">El envejecimiento trae consigo la p\u00e9rdida de masa muscular, reducci\u00f3n en la flexibilidad<\/a> y menor densidad \u00f3sea, lo que aumenta el riesgo de ca\u00eddas y enfermedades cr\u00f3nicas. Hacer ejercicio de forma adecuada ayuda a:<\/div><div>\u2022Mejorar la movilidad y equilibrio.<\/div><div>\u2022Fortalecer m\u00fasculos y huesos.<\/div><div>\u2022Reducir el riesgo de enfermedades cardiovasculares.<\/div><div>\u2022Mejorar el estado de \u00e1nimo y la salud mental.<\/div>\t\t\t\t\t\t\t\t<\/div>\n\t\t\t\t\t<\/div>\n\t\t\t\t<\/div>\n\t\t<div data-particle_enable=\"false\" data-particle-mobile-disabled=\"false\" class=\"elementor-element elementor-element-855cb75 e-flex e-con-boxed e-con e-parent\" data-id=\"855cb75\" data-element_type=\"container\" data-e-type=\"container\">\n\t\t\t\t\t<div class=\"e-con-inner\">\n\t\t\t\t<div class=\"elementor-element elementor-element-6ed84b7 elementor-widget elementor-widget-heading\" data-id=\"6ed84b7\" data-element_type=\"widget\" data-e-type=\"widget\" data-widget_type=\"heading.default\">\n\t\t\t\t\t<h3 class=\"elementor-heading-title elementor-size-default\">\u00bfC\u00f3mo empezar a hacer ejercicio?<\/h3>\t\t\t\t<\/div>\n\t\t\t\t\t<\/div>\n\t\t\t\t<\/div>\n\t\t<div data-particle_enable=\"false\" data-particle-mobile-disabled=\"false\" class=\"elementor-element elementor-element-784d90a e-flex e-con-boxed e-con e-parent\" data-id=\"784d90a\" data-element_type=\"container\" data-e-type=\"container\">\n\t\t\t\t\t<div class=\"e-con-inner\">\n\t\t\t\t<div class=\"elementor-element elementor-element-17fd0bc elementor-widget elementor-widget-text-editor\" data-id=\"17fd0bc\" data-element_type=\"widget\" data-e-type=\"widget\" data-widget_type=\"text-editor.default\">\n\t\t\t\t\t\t\t\t\t<div><a href=\"https:\/\/soymigrante.com\/revista\/como-incorporar-ejercicio-si-tienes-una-vida-sedentaria-crea-un-habito-sin-pretextos\/\" target=\"_blank\" rel=\"noopener\">Si una persona mayor ha llevado una vida sedentaria,<\/a> es fundamental iniciar de manera progresiva. <strong>Antes de comenzar, se recomienda:<\/strong><\/div><div>1.Consultar al m\u00e9dico para conocer qu\u00e9 tipo de ejercicios son adecuados seg\u00fan la condici\u00f3n de cada persona.<\/div><div>2.Iniciar con sesiones cortas de 10 a 15 minutos, aumentando poco a poco el tiempo y la intensidad.<\/div><div>3.Elegir ejercicios de bajo impacto para evitar lesiones.<\/div><div>4.Realizar calentamiento y estiramiento antes y despu\u00e9s de la rutina.<\/div>\t\t\t\t\t\t\t\t<\/div>\n\t\t\t\t\t<\/div>\n\t\t\t\t<\/div>\n\t\t<div data-particle_enable=\"false\" data-particle-mobile-disabled=\"false\" class=\"elementor-element elementor-element-c226b49 e-flex e-con-boxed e-con e-parent\" data-id=\"c226b49\" data-element_type=\"container\" data-e-type=\"container\">\n\t\t\t\t\t<div class=\"e-con-inner\">\n\t\t\t\t<div class=\"elementor-element elementor-element-46678df elementor-widget elementor-widget-image\" data-id=\"46678df\" data-element_type=\"widget\" data-e-type=\"widget\" data-widget_type=\"image.default\">\n\t\t\t\t\t\t\t\t\t\t\t\t<figure class=\"wp-caption\">\n\t\t\t\t\t\t\t\t\t\t<img fetchpriority=\"high\" decoding=\"async\" width=\"768\" height=\"512\" src=\"https:\/\/soymigrante.com\/revista\/wp-content\/uploads\/2025\/03\/Ejercicio-en-la-tercera-edad-Co\u0301mo-empezar-2-1024x683.jpg\" class=\"attachment-large size-large wp-image-29182\" alt=\"Ejercicio en la tercera edad: C\u00f3mo empezar\" srcset=\"https:\/\/soymigrante.com\/revista\/wp-content\/uploads\/2025\/03\/Ejercicio-en-la-tercera-edad-Co\u0301mo-empezar-2-1024x683.jpg 1024w, https:\/\/soymigrante.com\/revista\/wp-content\/uploads\/2025\/03\/Ejercicio-en-la-tercera-edad-Co\u0301mo-empezar-2-300x200.jpg 300w, https:\/\/soymigrante.com\/revista\/wp-content\/uploads\/2025\/03\/Ejercicio-en-la-tercera-edad-Co\u0301mo-empezar-2-768x512.jpg 768w, https:\/\/soymigrante.com\/revista\/wp-content\/uploads\/2025\/03\/Ejercicio-en-la-tercera-edad-Co\u0301mo-empezar-2-1536x1024.jpg 1536w, https:\/\/soymigrante.com\/revista\/wp-content\/uploads\/2025\/03\/Ejercicio-en-la-tercera-edad-Co\u0301mo-empezar-2-2048x1365.jpg 2048w, https:\/\/soymigrante.com\/revista\/wp-content\/uploads\/2025\/03\/Ejercicio-en-la-tercera-edad-Co\u0301mo-empezar-2-750x500.webp 750w, https:\/\/soymigrante.com\/revista\/wp-content\/uploads\/2025\/03\/Ejercicio-en-la-tercera-edad-Co\u0301mo-empezar-2-1140x760.webp 1140w, https:\/\/soymigrante.com\/revista\/wp-content\/uploads\/2025\/03\/Ejercicio-en-la-tercera-edad-Co\u0301mo-empezar-2-scaled.webp 1920w\" sizes=\"(max-width: 768px) 100vw, 768px\" title=\"Ejercicio en la tercera edad Co\u0301mo empezar 2 \u2013 SoyMigrante.com REVISTA\" \/>\t\t\t\t\t\t\t\t\t\t\t<figcaption class=\"widget-image-caption wp-caption-text\">Si se ha llevado una vida sedentaria se debe empezar por pocos con el ejercicio. (Foto: Pexels)<\/figcaption>\n\t\t\t\t\t\t\t\t\t\t<\/figure>\n\t\t\t\t\t\t\t\t\t<\/div>\n\t\t\t\t\t<\/div>\n\t\t\t\t<\/div>\n\t\t<div data-particle_enable=\"false\" data-particle-mobile-disabled=\"false\" class=\"elementor-element elementor-element-00a734e e-flex e-con-boxed e-con e-parent\" data-id=\"00a734e\" data-element_type=\"container\" data-e-type=\"container\">\n\t\t\t\t\t<div class=\"e-con-inner\">\n\t\t\t\t<div class=\"elementor-element elementor-element-a1883c0 elementor-widget elementor-widget-heading\" data-id=\"a1883c0\" data-element_type=\"widget\" data-e-type=\"widget\" data-widget_type=\"heading.default\">\n\t\t\t\t\t<h3 class=\"elementor-heading-title elementor-size-default\">Ejercicios recomendados<\/h3>\t\t\t\t<\/div>\n\t\t\t\t\t<\/div>\n\t\t\t\t<\/div>\n\t\t<div data-particle_enable=\"false\" data-particle-mobile-disabled=\"false\" class=\"elementor-element elementor-element-4b28ef4 e-flex e-con-boxed e-con e-parent\" data-id=\"4b28ef4\" data-element_type=\"container\" data-e-type=\"container\">\n\t\t\t\t\t<div class=\"e-con-inner\">\n\t\t\t\t<div class=\"elementor-element elementor-element-915b32c elementor-widget elementor-widget-text-editor\" data-id=\"915b32c\" data-element_type=\"widget\" data-e-type=\"widget\" data-widget_type=\"text-editor.default\">\n\t\t\t\t\t\t\t\t\t<div><strong>\u2022 Caminar:<\/strong> Es una de las mejores opciones para fortalecer el coraz\u00f3n y las articulaciones.<\/div><div><strong>\u2022Nataci\u00f3n o ejercicios en agua:<\/strong> Ayuda a mejorar la movilidad sin impacto en las articulaciones.<\/div><div><strong>\u2022Tai Chi o yoga:<\/strong> Aumenta el equilibrio y la flexibilidad.<\/div><div><strong>\u2022Ejercicios de fuerza con el propio peso:<\/strong> Sentadillas suaves, levantamiento de piernas o ejercicios con bandas el\u00e1sticas ayudan a mantener la masa muscular.<\/div>\t\t\t\t\t\t\t\t<\/div>\n\t\t\t\t\t<\/div>\n\t\t\t\t<\/div>\n\t\t<div data-particle_enable=\"false\" data-particle-mobile-disabled=\"false\" class=\"elementor-element elementor-element-5459d6e e-flex e-con-boxed e-con e-parent\" data-id=\"5459d6e\" data-element_type=\"container\" data-e-type=\"container\">\n\t\t\t\t\t<div class=\"e-con-inner\">\n\t\t\t\t<div class=\"elementor-element elementor-element-7b89339 elementor-widget elementor-widget-heading\" data-id=\"7b89339\" data-element_type=\"widget\" data-e-type=\"widget\" data-widget_type=\"heading.default\">\n\t\t\t\t\t<h3 class=\"elementor-heading-title elementor-size-default\">Ejercicios NO recomendados<\/h3>\t\t\t\t<\/div>\n\t\t\t\t\t<\/div>\n\t\t\t\t<\/div>\n\t\t<div data-particle_enable=\"false\" data-particle-mobile-disabled=\"false\" class=\"elementor-element elementor-element-7b77176 e-flex e-con-boxed e-con e-parent\" data-id=\"7b77176\" data-element_type=\"container\" data-e-type=\"container\">\n\t\t\t\t\t<div class=\"e-con-inner\">\n\t\t\t\t<div class=\"elementor-element elementor-element-6130800 elementor-widget elementor-widget-text-editor\" data-id=\"6130800\" data-element_type=\"widget\" data-e-type=\"widget\" data-widget_type=\"text-editor.default\">\n\t\t\t\t\t\t\t\t\t<div><a href=\"https:\/\/soymigrante.com\/revista\/como-incorporar-ejercicio-si-tienes-una-vida-sedentaria-crea-un-habito-sin-pretextos\/\" target=\"_blank\" rel=\"noopener\">\u2022 Levantamiento de pesas pesadas,<\/a> ya que puede generar presi\u00f3n en las articulaciones y aumentar el riesgo de lesiones.<\/div><div>\u2022Ejercicios de alto impacto, como saltos o carreras intensas, que pueden afectar rodillas y caderas.<\/div><div>\u2022Movimientos bruscos o de torsi\u00f3n excesiva, que pueden comprometer la columna vertebral.<\/div>\t\t\t\t\t\t\t\t<\/div>\n\t\t\t\t\t<\/div>\n\t\t\t\t<\/div>\n\t\t<div data-particle_enable=\"false\" data-particle-mobile-disabled=\"false\" class=\"elementor-element elementor-element-1ca510d e-flex e-con-boxed e-con e-parent\" data-id=\"1ca510d\" data-element_type=\"container\" data-e-type=\"container\">\n\t\t\t\t\t<div class=\"e-con-inner\">\n\t\t\t\t<div class=\"elementor-element elementor-element-89ea277 elementor-widget elementor-widget-heading\" data-id=\"89ea277\" data-element_type=\"widget\" data-e-type=\"widget\" data-widget_type=\"heading.default\">\n\t\t\t\t\t<h3 class=\"elementor-heading-title elementor-size-default\">Alimentaci\u00f3n e hidrataci\u00f3n: claves para el ejercicio en la tercera edad<\/h3>\t\t\t\t<\/div>\n\t\t\t\t\t<\/div>\n\t\t\t\t<\/div>\n\t\t<div data-particle_enable=\"false\" data-particle-mobile-disabled=\"false\" class=\"elementor-element elementor-element-f2d632a e-flex e-con-boxed e-con e-parent\" data-id=\"f2d632a\" data-element_type=\"container\" data-e-type=\"container\">\n\t\t\t\t\t<div class=\"e-con-inner\">\n\t\t\t\t<div class=\"elementor-element elementor-element-e685970 elementor-widget elementor-widget-text-editor\" data-id=\"e685970\" data-element_type=\"widget\" data-e-type=\"widget\" data-widget_type=\"text-editor.default\">\n\t\t\t\t\t\t\t\t\t<div><strong>Alimentos recomendados<\/strong><\/div><div><strong>\u2022Prote\u00ednas saludables:<\/strong> Pollo, pescado, huevos, frijoles y lentejas para mantener la masa muscular.<\/div><div><strong>\u2022Frutas y verduras:<\/strong> Aportan vitaminas y minerales esenciales para la recuperaci\u00f3n y energ\u00eda.<\/div><div><strong>\u2022Grasas saludables:<\/strong> Aguacate, aceite de oliva y frutos secos benefician la salud cardiovascular.<\/div><div><strong>\u2022Carbohidratos complejos:<\/strong> Avena, arroz integral y pan integral brindan energ\u00eda sostenida.<\/div>\t\t\t\t\t\t\t\t<\/div>\n\t\t\t\t\t<\/div>\n\t\t\t\t<\/div>\n\t\t<div data-particle_enable=\"false\" data-particle-mobile-disabled=\"false\" class=\"elementor-element elementor-element-1c0b65f e-flex e-con-boxed e-con e-parent\" data-id=\"1c0b65f\" data-element_type=\"container\" data-e-type=\"container\">\n\t\t\t\t\t<div class=\"e-con-inner\">\n\t\t\t\t<div class=\"elementor-element elementor-element-ec81389 elementor-widget elementor-widget-image\" data-id=\"ec81389\" data-element_type=\"widget\" data-e-type=\"widget\" data-widget_type=\"image.default\">\n\t\t\t\t\t\t\t\t\t\t\t\t<figure class=\"wp-caption\">\n\t\t\t\t\t\t\t\t\t\t<img decoding=\"async\" width=\"683\" height=\"1024\" src=\"https:\/\/soymigrante.com\/revista\/wp-content\/uploads\/2025\/03\/Ejercicio-en-la-tercera-edad-Co\u0301mo-empezar-3-683x1024.jpg\" class=\"attachment-large size-large wp-image-29183\" alt=\"Ejercicio en la tercera edad: C\u00f3mo empezar\" srcset=\"https:\/\/soymigrante.com\/revista\/wp-content\/uploads\/2025\/03\/Ejercicio-en-la-tercera-edad-Co\u0301mo-empezar-3-683x1024.jpg 683w, https:\/\/soymigrante.com\/revista\/wp-content\/uploads\/2025\/03\/Ejercicio-en-la-tercera-edad-Co\u0301mo-empezar-3-200x300.jpg 200w, https:\/\/soymigrante.com\/revista\/wp-content\/uploads\/2025\/03\/Ejercicio-en-la-tercera-edad-Co\u0301mo-empezar-3-768x1152.jpg 768w, https:\/\/soymigrante.com\/revista\/wp-content\/uploads\/2025\/03\/Ejercicio-en-la-tercera-edad-Co\u0301mo-empezar-3-1024x1536.jpg 1024w, https:\/\/soymigrante.com\/revista\/wp-content\/uploads\/2025\/03\/Ejercicio-en-la-tercera-edad-Co\u0301mo-empezar-3-1365x2048.jpg 1365w, https:\/\/soymigrante.com\/revista\/wp-content\/uploads\/2025\/03\/Ejercicio-en-la-tercera-edad-Co\u0301mo-empezar-3-750x1125.webp 750w, https:\/\/soymigrante.com\/revista\/wp-content\/uploads\/2025\/03\/Ejercicio-en-la-tercera-edad-Co\u0301mo-empezar-3-1140x1710.webp 1140w, https:\/\/soymigrante.com\/revista\/wp-content\/uploads\/2025\/03\/Ejercicio-en-la-tercera-edad-Co\u0301mo-empezar-3-scaled.webp 1280w\" sizes=\"(max-width: 683px) 100vw, 683px\" title=\"Ejercicio en la tercera edad Co\u0301mo empezar 3 \u2013 SoyMigrante.com REVISTA\" \/>\t\t\t\t\t\t\t\t\t\t\t<figcaption class=\"widget-image-caption wp-caption-text\">Empezar a caminar puede ser el primer ejercicio para cambiar la vida. (Foto: Pexels)<\/figcaption>\n\t\t\t\t\t\t\t\t\t\t<\/figure>\n\t\t\t\t\t\t\t\t\t<\/div>\n\t\t\t\t\t<\/div>\n\t\t\t\t<\/div>\n\t\t<div data-particle_enable=\"false\" data-particle-mobile-disabled=\"false\" class=\"elementor-element elementor-element-bf6268d e-flex e-con-boxed e-con e-parent\" data-id=\"bf6268d\" data-element_type=\"container\" data-e-type=\"container\">\n\t\t\t\t\t<div class=\"e-con-inner\">\n\t\t\t\t<div class=\"elementor-element elementor-element-147f7ca elementor-widget elementor-widget-text-editor\" data-id=\"147f7ca\" data-element_type=\"widget\" data-e-type=\"widget\" data-widget_type=\"text-editor.default\">\n\t\t\t\t\t\t\t\t\t<div><strong>Alimentos que se deben evitar en exceso<\/strong><\/div><div>\u2022Az\u00facares refinados y bebidas gaseosas, que pueden causar picos de glucosa y aumentar el riesgo de diabetes.<\/div><div>\u2022Comida ultraprocesada y frituras, que pueden provocar inflamaci\u00f3n y problemas digestivos.<\/div><div>\u2022Exceso de sal, que puede afectar la presi\u00f3n arterial.<\/div>\t\t\t\t\t\t\t\t<\/div>\n\t\t\t\t\t<\/div>\n\t\t\t\t<\/div>\n\t\t<div data-particle_enable=\"false\" data-particle-mobile-disabled=\"false\" class=\"elementor-element elementor-element-9a07488 e-flex e-con-boxed e-con e-parent\" data-id=\"9a07488\" data-element_type=\"container\" data-e-type=\"container\">\n\t\t\t\t\t<div class=\"e-con-inner\">\n\t\t\t\t<div class=\"elementor-element elementor-element-1d6c941 elementor-widget elementor-widget-heading\" data-id=\"1d6c941\" data-element_type=\"widget\" data-e-type=\"widget\" data-widget_type=\"heading.default\">\n\t\t\t\t\t<h3 class=\"elementor-heading-title elementor-size-default\">Hidrataci\u00f3n<\/h3>\t\t\t\t<\/div>\n\t\t\t\t\t<\/div>\n\t\t\t\t<\/div>\n\t\t<div data-particle_enable=\"false\" data-particle-mobile-disabled=\"false\" class=\"elementor-element elementor-element-e462a15 e-flex e-con-boxed e-con e-parent\" data-id=\"e462a15\" data-element_type=\"container\" data-e-type=\"container\">\n\t\t\t\t\t<div class=\"e-con-inner\">\n\t\t\t\t<div class=\"elementor-element elementor-element-e8b2faf elementor-widget elementor-widget-text-editor\" data-id=\"e8b2faf\" data-element_type=\"widget\" data-e-type=\"widget\" data-widget_type=\"text-editor.default\">\n\t\t\t\t\t\t\t\t\t<div><a href=\"https:\/\/soymigrante.com\/revista\/como-incorporar-ejercicio-si-tienes-una-vida-sedentaria-crea-un-habito-sin-pretextos\/\" target=\"_blank\" rel=\"noopener\">La deshidrataci\u00f3n es un problema com\u00fan en la tercera edad,<\/a> ya que la sensaci\u00f3n de sed disminuye con los a\u00f1os. Se recomienda:<\/div><div>\u2022Beber al menos 6 a 8 vasos de agua al d\u00eda.<\/div><div>\u2022Evitar el consumo excesivo de caf\u00e9 o alcohol, ya que pueden deshidratar.<\/div><div>\u2022Optar por agua natural, infusiones o jugos naturales sin az\u00facar.<\/div>\t\t\t\t\t\t\t\t<\/div>\n\t\t\t\t\t<\/div>\n\t\t\t\t<\/div>\n\t\t<div data-particle_enable=\"false\" data-particle-mobile-disabled=\"false\" class=\"elementor-element elementor-element-26af270 e-flex e-con-boxed e-con e-parent\" data-id=\"26af270\" data-element_type=\"container\" data-e-type=\"container\">\n\t\t\t\t\t<div class=\"e-con-inner\">\n\t\t\t\t<div class=\"elementor-element elementor-element-8fabe4d elementor-widget elementor-widget-heading\" data-id=\"8fabe4d\" data-element_type=\"widget\" data-e-type=\"widget\" data-widget_type=\"heading.default\">\n\t\t\t\t\t<h2 class=\"elementor-heading-title elementor-size-default\">Conoce estos temas que te pueden interesar...<\/h2>\t\t\t\t<\/div>\n\t\t\t\t\t<\/div>\n\t\t\t\t<\/div>\n\t\t<div data-particle_enable=\"false\" data-particle-mobile-disabled=\"false\" class=\"elementor-element elementor-element-28e6d5f e-flex e-con-boxed e-con e-parent\" data-id=\"28e6d5f\" data-element_type=\"container\" data-e-type=\"container\">\n\t\t\t\t\t<div class=\"e-con-inner\">\n\t\t\t\t<div class=\"elementor-element elementor-element-aeefad3 elementor-grid-eael-col-3 elementor-grid-tablet-eael-col-2 elementor-grid-mobile-eael-col-1 elementor-widget elementor-widget-eael-post-grid\" data-id=\"aeefad3\" data-element_type=\"widget\" data-e-type=\"widget\" data-settings=\"{&quot;eael_post_grid_columns&quot;:&quot;eael-col-3&quot;,&quot;eael_post_grid_columns_tablet&quot;:&quot;eael-col-2&quot;,&quot;eael_post_grid_columns_mobile&quot;:&quot;eael-col-1&quot;}\" data-widget_type=\"eael-post-grid.default\">\n\t\t\t\t\t<div id=\"eael-post-grid-aeefad3\" class=\"eael-post-grid-container\">\n            <div class=\"eael-post-grid eael-post-appender eael-post-appender-aeefad3 eael-post-grid-style-one\" data-layout-mode=\"masonry\"><article class=\"eael-grid-post  eael-post-grid-column eael-pg-post-29001 category-bienestar\" data-id=\"29001\">\n        <div class=\"eael-grid-post-holder\">\n            <div class=\"eael-grid-post-holder-inner\"><div class=\"eael-entry-media\"><div class=\"eael-entry-overlay fade-in\"><i class=\"far fa-hand-pointer\" aria-hidden=\"true\"><\/i><a href=\"https:\/\/soymigrante.com\/revista\/como-incorporar-ejercicio-si-tienes-una-vida-sedentaria-crea-un-habito-sin-pretextos\/\"><\/a><\/div><div class=\"eael-entry-thumbnail \">\n                <img decoding=\"async\" width=\"1024\" height=\"683\" src=\"https:\/\/soymigrante.com\/revista\/wp-content\/uploads\/2025\/03\/Co\u0301mo-incorporar-ejercicio-si-tienes-una-vida-sedentaria-1-1024x683.jpg\" class=\"attachment-large size-large wp-image-29002\" alt=\"C\u00f3mo incorporar ejercicio si tienes una vida sedentaria\" srcset=\"https:\/\/soymigrante.com\/revista\/wp-content\/uploads\/2025\/03\/Co\u0301mo-incorporar-ejercicio-si-tienes-una-vida-sedentaria-1-1024x683.jpg 1024w, https:\/\/soymigrante.com\/revista\/wp-content\/uploads\/2025\/03\/Co\u0301mo-incorporar-ejercicio-si-tienes-una-vida-sedentaria-1-300x200.jpg 300w, https:\/\/soymigrante.com\/revista\/wp-content\/uploads\/2025\/03\/Co\u0301mo-incorporar-ejercicio-si-tienes-una-vida-sedentaria-1-768x512.jpg 768w, https:\/\/soymigrante.com\/revista\/wp-content\/uploads\/2025\/03\/Co\u0301mo-incorporar-ejercicio-si-tienes-una-vida-sedentaria-1-1536x1024.jpg 1536w, https:\/\/soymigrante.com\/revista\/wp-content\/uploads\/2025\/03\/Co\u0301mo-incorporar-ejercicio-si-tienes-una-vida-sedentaria-1-2048x1365.jpg 2048w, https:\/\/soymigrante.com\/revista\/wp-content\/uploads\/2025\/03\/Co\u0301mo-incorporar-ejercicio-si-tienes-una-vida-sedentaria-1-750x500.webp 750w, https:\/\/soymigrante.com\/revista\/wp-content\/uploads\/2025\/03\/Co\u0301mo-incorporar-ejercicio-si-tienes-una-vida-sedentaria-1-1140x760.webp 1140w, https:\/\/soymigrante.com\/revista\/wp-content\/uploads\/2025\/03\/Co\u0301mo-incorporar-ejercicio-si-tienes-una-vida-sedentaria-1-scaled.webp 1920w\" sizes=\"(max-width: 1024px) 100vw, 1024px\" \/>\n            <\/div>\n        <\/div><div class=\"eael-entry-wrapper\"><header class=\"eael-entry-header\"><h2 class=\"eael-entry-title\"><a class=\"eael-grid-post-link\" href=\"https:\/\/soymigrante.com\/revista\/como-incorporar-ejercicio-si-tienes-una-vida-sedentaria-crea-un-habito-sin-pretextos\/\" title=\"C\u00f3mo incorporar ejercicio si tienes una vida sedentaria: crea un h\u00e1bito sin pretextos\">C\u00f3mo incorporar ejercicio si tienes una vida sedentaria: crea un h\u00e1bito sin pretextos<\/a><\/h2><\/header><div class=\"eael-entry-content\">\n                        <div class=\"eael-grid-post-excerpt\"><a href=\"https:\/\/soymigrante.com\/revista\/como-incorporar-ejercicio-si-tienes-una-vida-sedentaria-crea-un-habito-sin-pretextos\/\" class=\"eael-post-elements-readmore-btn\">CONOCE SU HISTORIA <\/a><\/div>\n                    <\/div><\/div><\/div>\n        <\/div>\n    <\/article><article class=\"eael-grid-post  eael-post-grid-column eael-pg-post-21276 category-bienestar\" data-id=\"21276\">\n        <div class=\"eael-grid-post-holder\">\n            <div class=\"eael-grid-post-holder-inner\"><div class=\"eael-entry-media\"><div class=\"eael-entry-overlay fade-in\"><i class=\"far fa-hand-pointer\" aria-hidden=\"true\"><\/i><a href=\"https:\/\/soymigrante.com\/revista\/como-saber-si-mi-hijo-tiene-sobrepeso-y-que-hacer\/\"><\/a><\/div><div class=\"eael-entry-thumbnail \">\n                <img loading=\"lazy\" decoding=\"async\" width=\"869\" height=\"850\" src=\"https:\/\/soymigrante.com\/revista\/wp-content\/uploads\/2025\/01\/peso-obesidad-2.webp\" class=\"attachment-large size-large wp-image-21434\" alt=\"Indicador de peso en una balanza anal\u00f3gica con marcas en kilogramos, con \u00e9nfasis en peso y migraci\u00f3n.\" srcset=\"https:\/\/soymigrante.com\/revista\/wp-content\/uploads\/2025\/01\/peso-obesidad-2.webp 869w, https:\/\/soymigrante.com\/revista\/wp-content\/uploads\/2025\/01\/peso-obesidad-2-300x293.jpg 300w, https:\/\/soymigrante.com\/revista\/wp-content\/uploads\/2025\/01\/peso-obesidad-2-768x751.jpg 768w, https:\/\/soymigrante.com\/revista\/wp-content\/uploads\/2025\/01\/peso-obesidad-2-750x734.webp 750w\" sizes=\"(max-width: 869px) 100vw, 869px\" \/>\n            <\/div>\n        <\/div><div class=\"eael-entry-wrapper\"><header class=\"eael-entry-header\"><h2 class=\"eael-entry-title\"><a class=\"eael-grid-post-link\" href=\"https:\/\/soymigrante.com\/revista\/como-saber-si-mi-hijo-tiene-sobrepeso-y-que-hacer\/\" title=\"\u00bfC\u00f3mo saber si mi hijo tiene sobrepeso y qu\u00e9 hacer?\">\u00bfC\u00f3mo saber si mi hijo tiene sobrepeso y qu\u00e9 hacer?<\/a><\/h2><\/header><div class=\"eael-entry-content\">\n                        <div class=\"eael-grid-post-excerpt\"><a href=\"https:\/\/soymigrante.com\/revista\/como-saber-si-mi-hijo-tiene-sobrepeso-y-que-hacer\/\" class=\"eael-post-elements-readmore-btn\">CONOCE SU HISTORIA <\/a><\/div>\n                    <\/div><\/div><\/div>\n        <\/div>\n    <\/article><article class=\"eael-grid-post  eael-post-grid-column eael-pg-post-7915 category-bienestar\" data-id=\"7915\">\n        <div class=\"eael-grid-post-holder\">\n            <div class=\"eael-grid-post-holder-inner\"><div class=\"eael-entry-media\"><div class=\"eael-entry-overlay fade-in\"><i class=\"far fa-hand-pointer\" aria-hidden=\"true\"><\/i><a href=\"https:\/\/soymigrante.com\/revista\/no-todos-pensamos-en-una-refaccion-saludable-pero-debemos\/\"><\/a><\/div><div class=\"eael-entry-thumbnail \">\n                <img loading=\"lazy\" decoding=\"async\" width=\"487\" height=\"486\" src=\"https:\/\/soymigrante.com\/revista\/wp-content\/uploads\/2024\/08\/refaccion-saludable-en-el-trabajo-soy-migrante4-e1723753062880.webp\" class=\"attachment-large size-large wp-image-7960\" alt=\"Fruta fresca en un frasco de vidrio con yogurt y cereales, s\u00edmbolo de salud y bienestar, en un entorno minimalista.\" srcset=\"https:\/\/soymigrante.com\/revista\/wp-content\/uploads\/2024\/08\/refaccion-saludable-en-el-trabajo-soy-migrante4-e1723753062880.webp 487w, https:\/\/soymigrante.com\/revista\/wp-content\/uploads\/2024\/08\/refaccion-saludable-en-el-trabajo-soy-migrante4-e1723753062880-300x300.webp 300w, https:\/\/soymigrante.com\/revista\/wp-content\/uploads\/2024\/08\/refaccion-saludable-en-el-trabajo-soy-migrante4-e1723753062880-150x150.webp 150w, https:\/\/soymigrante.com\/revista\/wp-content\/uploads\/2024\/08\/refaccion-saludable-en-el-trabajo-soy-migrante4-e1723753062880-75x75.webp 75w\" sizes=\"(max-width: 487px) 100vw, 487px\" \/>\n            <\/div>\n        <\/div><div class=\"eael-entry-wrapper\"><header class=\"eael-entry-header\"><h2 class=\"eael-entry-title\"><a class=\"eael-grid-post-link\" href=\"https:\/\/soymigrante.com\/revista\/no-todos-pensamos-en-una-refaccion-saludable-pero-debemos\/\" title=\"No todos pensamos en una refacci\u00f3n saludable, pero debemos\">No todos pensamos en una refacci\u00f3n saludable, pero debemos<\/a><\/h2><\/header><div class=\"eael-entry-content\">\n                        <div class=\"eael-grid-post-excerpt\"><a href=\"https:\/\/soymigrante.com\/revista\/no-todos-pensamos-en-una-refaccion-saludable-pero-debemos\/\" class=\"eael-post-elements-readmore-btn\">CONOCE SU HISTORIA <\/a><\/div>\n                    <\/div><\/div><\/div>\n        <\/div>\n    <\/article><\/div>\n            <div class=\"clearfix\"><\/div>\n        <\/div>\t\t\t\t<\/div>\n\t\t\t\t\t<\/div>\n\t\t\t\t<\/div>\n\t\t\t\t<\/div>\n\t\t","protected":false},"excerpt":{"rendered":"<p>Hacer ejercicio en la tercera edad es una inversi\u00f3n en salud, siempre que se realice de manera segura y con el apoyo de una buena alimentaci\u00f3n e hidrataci\u00f3n. Mantenerse activo en la tercera edad es fundamental para la salud f\u00edsica y mental, pero no todos los ejercicios son adecuados. Es importante conocer qu\u00e9 actividades se [&hellip;]<\/p>\n","protected":false},"author":19,"featured_media":29174,"comment_status":"open","ping_status":"open","sticky":false,"template":"","format":"standard","meta":{"_acf_changed":false,"_eb_attr":"","footnotes":""},"categories":[55],"tags":[],"class_list":["post-29172","post","type-post","status-publish","format-standard","has-post-thumbnail","hentry","category-bienestar"],"acf":[],"aioseo_notices":[],"aioseo_head":"\n\t\t<!-- All in One SEO Pro 4.9.6.2 - aioseo.com -->\n\t<meta name=\"description\" content=\"En este art\u00edculo te recomendamos varios tips para que a la hora de tu refacci\u00f3n aproveches mejor los nutrientes para desempe\u00f1ar mejor tus labores, con salud.\" \/>\n\t<meta name=\"robots\" content=\"max-snippet:-1, max-image-preview:large, max-video-preview:-1\" \/>\n\t<meta name=\"author\" content=\"Beatriz Tercero\"\/>\n\t<link rel=\"canonical\" href=\"https:\/\/soymigrante.com\/revista\/no-todos-pensamos-en-una-refaccion-saludable-pero-debemos\/\" \/>\n\t<meta name=\"generator\" content=\"All in One SEO Pro (AIOSEO) 4.9.6.2\" \/>\n\n\t\t<link rel=\"preconnect\" href=\"https:\/\/fonts.googleapis.com\" crossorigin>\n<link rel=\"preconnect\" href=\"https:\/\/fonts.gstatic.com\" crossorigin>\n\t\t<meta property=\"og:locale\" content=\"es_ES\" \/>\n\t\t<meta property=\"og:site_name\" content=\"SoyMigrante.com REVISTA \u2013 Nuestra misi\u00f3n es reconocer y dignificar al migrante.\" \/>\n\t\t<meta property=\"og:type\" content=\"article\" \/>\n\t\t<meta property=\"og:title\" content=\"Consejos para una refacci\u00f3n saludable en tu horario laboral\" \/>\n\t\t<meta property=\"og:description\" content=\"En este art\u00edculo te recomendamos varios tips para que a la hora de tu refacci\u00f3n aproveches mejor los nutrientes para desempe\u00f1ar mejor tus labores, con salud.\" \/>\n\t\t<meta property=\"og:url\" content=\"https:\/\/soymigrante.com\/revista\/no-todos-pensamos-en-una-refaccion-saludable-pero-debemos\/\" \/>\n\t\t<meta property=\"og:image\" content=\"https:\/\/soymigrante.com\/revista\/wp-content\/uploads\/2024\/08\/refaccion-saludable-en-el-trabajo-soy-migrante4-e1723753062880.webp\" \/>\n\t\t<meta property=\"og:image:secure_url\" content=\"https:\/\/soymigrante.com\/revista\/wp-content\/uploads\/2024\/08\/refaccion-saludable-en-el-trabajo-soy-migrante4-e1723753062880.webp\" \/>\n\t\t<meta property=\"og:image:width\" content=\"487\" \/>\n\t\t<meta property=\"og:image:height\" content=\"486\" \/>\n\t\t<meta property=\"article:published_time\" content=\"2024-08-12T16:24:17+00:00\" \/>\n\t\t<meta property=\"article:modified_time\" content=\"2024-08-15T20:18:48+00:00\" \/>\n\t\t<meta property=\"article:publisher\" content=\"https:\/\/www.facebook.com\/soymigrantecom\" \/>\n\t\t<meta name=\"twitter:card\" content=\"summary_large_image\" \/>\n\t\t<meta name=\"twitter:site\" content=\"@SoyMigrante_com\" \/>\n\t\t<meta name=\"twitter:title\" content=\"Consejos para una refacci\u00f3n saludable en tu horario laboral\" \/>\n\t\t<meta name=\"twitter:description\" content=\"En este art\u00edculo te recomendamos varios tips para que a la hora de tu refacci\u00f3n aproveches mejor los nutrientes para desempe\u00f1ar mejor tus labores, con salud.\" \/>\n\t\t<meta name=\"twitter:creator\" content=\"@SoyMigrante_com\" \/>\n\t\t<meta name=\"twitter:image\" content=\"https:\/\/soymigrante.com\/revista\/wp-content\/uploads\/2024\/08\/refaccion-saludable-en-el-trabajo-soy-migrante4-e1723753062880.webp\" \/>\n\t\t<!-- All in One SEO Pro -->\r\n\t\t<title>Consejos para una refacci\u00f3n saludable en tu horario laboral<\/title>\n\n","aioseo_head_json":{"title":"Consejos para una refacci\u00f3n saludable en tu horario laboral","description":"En este art\u00edculo te recomendamos varios tips para que a la hora de tu refacci\u00f3n aproveches mejor los nutrientes para desempe\u00f1ar mejor tus labores, con salud.","canonical_url":"https:\/\/soymigrante.com\/revista\/no-todos-pensamos-en-una-refaccion-saludable-pero-debemos\/","robots":"max-snippet:-1, max-image-preview:large, max-video-preview:-1","keywords":"","webmasterTools":{"miscellaneous":"&lt;link rel=\"preconnect\" href=\"https:\/\/fonts.googleapis.com\" crossorigin&gt;\n&lt;link rel=\"preconnect\" href=\"https:\/\/fonts.gstatic.com\" crossorigin&gt;"},"schema":null,"og:locale":"es_ES","og:site_name":"SoyMigrante.com REVISTA \u2013 Nuestra misi\u00f3n es reconocer y dignificar al migrante.","og:type":"article","og:title":"Consejos para una refacci\u00f3n saludable en tu horario laboral","og:description":"En este art\u00edculo te recomendamos varios tips para que a la hora de tu refacci\u00f3n aproveches mejor los nutrientes para desempe\u00f1ar mejor tus labores, con salud.","og:url":"https:\/\/soymigrante.com\/revista\/no-todos-pensamos-en-una-refaccion-saludable-pero-debemos\/","og:image":"https:\/\/soymigrante.com\/revista\/wp-content\/uploads\/2024\/08\/refaccion-saludable-en-el-trabajo-soy-migrante4-e1723753062880.webp","og:image:secure_url":"https:\/\/soymigrante.com\/revista\/wp-content\/uploads\/2024\/08\/refaccion-saludable-en-el-trabajo-soy-migrante4-e1723753062880.webp","og:image:width":487,"og:image:height":486,"article:published_time":"2024-08-12T16:24:17+00:00","article:modified_time":"2024-08-15T20:18:48+00:00","article:publisher":"https:\/\/www.facebook.com\/soymigrantecom","twitter:card":"summary_large_image","twitter:site":"@SoyMigrante_com","twitter:title":"Consejos para una refacci\u00f3n saludable en tu horario laboral","twitter:description":"En este art\u00edculo te recomendamos varios tips para que a la hora de tu refacci\u00f3n aproveches mejor los nutrientes para desempe\u00f1ar mejor tus labores, con salud.","twitter:creator":"@SoyMigrante_com","twitter:image":"https:\/\/soymigrante.com\/revista\/wp-content\/uploads\/2024\/08\/refaccion-saludable-en-el-trabajo-soy-migrante4-e1723753062880.webp"},"aioseo_meta_data":{"post_id":"29172","title":null,"description":"Hacer ejercicio en la tercera edad es una inversi\u00f3n en salud, siempre que se realice de manera segura y con el apoyo de una buena alimentaci\u00f3n e hidrataci\u00f3n.","keywords":null,"keyphrases":{"focus":{"keyphrase":"Ejercicio","score":78,"analysis":{"keyphraseInTitle":{"score":9,"maxScore":9,"error":0},"keyphraseInDescription":{"score":9,"maxScore":9,"error":0},"keyphraseLength":{"score":9,"maxScore":9,"error":0,"length":1},"keyphraseInURL":{"score":5,"maxScore":5,"error":0},"keyphraseInIntroduction":{"score":3,"maxScore":9,"error":1},"keyphraseInSubHeadings":{"score":9,"maxScore":9,"error":0},"keyphraseInImageAlt":{"score":9,"maxScore":9,"error":0},"keywordDensity":{"type":"high","score":0,"maxScore":9,"error":1}}},"additional":[{"keyphrase":"ejercicio","score":67,"analysis":{"keyphraseInDescription":{"score":9,"maxScore":9,"error":0},"keyphraseLength":{"score":9,"maxScore":9,"error":0,"length":1},"keyphraseInIntroduction":{"score":3,"maxScore":9,"error":1},"keyphraseInImageAlt":{"score":9,"maxScore":9,"error":0},"keywordDensity":{"type":"high","score":0,"maxScore":9,"error":1}}},{"keyphrase":"tercera edad","score":100,"analysis":{"keyphraseInDescription":{"score":9,"maxScore":9,"error":0},"keyphraseLength":{"score":9,"maxScore":9,"error":0,"length":2},"keyphraseInIntroduction":{"score":9,"maxScore":9,"error":0},"keyphraseInImageAlt":{"score":9,"maxScore":9,"error":0},"keywordDensity":{"type":"best","score":9,"maxScore":9,"error":0}}}]},"primary_term":null,"canonical_url":null,"og_title":null,"og_description":null,"og_object_type":"default","og_image_type":"default","og_image_url":null,"og_image_width":null,"og_image_height":null,"og_image_custom_url":null,"og_image_custom_fields":null,"og_video":"","og_custom_url":null,"og_article_section":null,"og_article_tags":null,"twitter_use_og":false,"twitter_card":"default","twitter_image_type":"default","twitter_image_url":null,"twitter_image_custom_url":null,"twitter_image_custom_fields":null,"twitter_title":null,"twitter_description":null,"schema":{"blockGraphs":[],"customGraphs":[],"default":{"data":{"Article":[],"Course":[],"Dataset":[],"FAQPage":[],"Movie":[],"Person":[],"Product":[],"ProductReview":[],"Car":[],"Recipe":[],"Service":[],"SoftwareApplication":[],"WebPage":[]},"graphName":"BlogPosting","isEnabled":true},"graphs":[]},"schema_type":"default","schema_type_options":null,"pillar_content":false,"robots_default":true,"robots_noindex":false,"robots_noarchive":false,"robots_nosnippet":false,"robots_nofollow":false,"robots_noimageindex":false,"robots_noodp":false,"robots_notranslate":false,"robots_max_snippet":"-1","robots_max_videopreview":"-1","robots_max_imagepreview":"large","priority":null,"frequency":"default","local_seo":null,"seo_analyzer_scan_date":"2025-10-09 03:50:22","breadcrumb_settings":null,"limit_modified_date":false,"reviewed_by":null,"open_ai":"{\"title\":{\"suggestions\":[],\"usage\":0},\"description\":{\"suggestions\":[],\"usage\":0}}","ai":null,"created":"2025-03-24 20:38:03","updated":"2026-02-04 22:24:55"},"aioseo_breadcrumb":"<div class=\"aioseo-breadcrumbs\"><span class=\"aioseo-breadcrumb\">\n\t<a href=\"https:\/\/soymigrante.com\/revista\" title=\"Home\">Home<\/a>\n<\/span><span class=\"aioseo-breadcrumb-separator\">\u00bb<\/span><span class=\"aioseo-breadcrumb\">\n\t<a href=\"https:\/\/soymigrante.com\/revista\/category\/bienestar\/\" title=\"Bienestar\">Bienestar<\/a>\n<\/span><span class=\"aioseo-breadcrumb-separator\">\u00bb<\/span><span class=\"aioseo-breadcrumb\">\n\tEjercicio en la tercera edad: C\u00f3mo empezar o retomar una rutina\n<\/span><\/div>","aioseo_breadcrumb_json":[{"label":"Home","link":"https:\/\/soymigrante.com\/revista"},{"label":"Bienestar","link":"https:\/\/soymigrante.com\/revista\/category\/bienestar\/"},{"label":"Ejercicio en la tercera edad: C\u00f3mo empezar o retomar una rutina","link":"https:\/\/soymigrante.com\/revista\/ejercicio-en-la-tercera-edad-como-empezar-o-retomar-una-rutina\/"}],"_links":{"self":[{"href":"https:\/\/soymigrante.com\/revista\/wp-json\/wp\/v2\/posts\/29172","targetHints":{"allow":["GET"]}}],"collection":[{"href":"https:\/\/soymigrante.com\/revista\/wp-json\/wp\/v2\/posts"}],"about":[{"href":"https:\/\/soymigrante.com\/revista\/wp-json\/wp\/v2\/types\/post"}],"author":[{"embeddable":true,"href":"https:\/\/soymigrante.com\/revista\/wp-json\/wp\/v2\/users\/19"}],"replies":[{"embeddable":true,"href":"https:\/\/soymigrante.com\/revista\/wp-json\/wp\/v2\/comments?post=29172"}],"version-history":[{"count":0,"href":"https:\/\/soymigrante.com\/revista\/wp-json\/wp\/v2\/posts\/29172\/revisions"}],"wp:featuredmedia":[{"embeddable":true,"href":"https:\/\/soymigrante.com\/revista\/wp-json\/wp\/v2\/media\/29174"}],"wp:attachment":[{"href":"https:\/\/soymigrante.com\/revista\/wp-json\/wp\/v2\/media?parent=29172"}],"wp:term":[{"taxonomy":"category","embeddable":true,"href":"https:\/\/soymigrante.com\/revista\/wp-json\/wp\/v2\/categories?post=29172"},{"taxonomy":"post_tag","embeddable":true,"href":"https:\/\/soymigrante.com\/revista\/wp-json\/wp\/v2\/tags?post=29172"}],"curies":[{"name":"wp","href":"https:\/\/api.w.org\/{rel}","templated":true}]}}