{"id":28990,"date":"2025-03-25T05:00:00","date_gmt":"2025-03-25T11:00:00","guid":{"rendered":"https:\/\/soymigrante.com\/revista\/?p=28990"},"modified":"2025-03-24T19:58:59","modified_gmt":"2025-03-25T01:58:59","slug":"cafes-que-no-son-cafes-pero-si-una-tradicion-en-guatemala","status":"publish","type":"post","link":"https:\/\/soymigrante.com\/revista\/cafes-que-no-son-cafes-pero-si-una-tradicion-en-guatemala\/","title":{"rendered":"Caf\u00e9s que no son caf\u00e9s, pero s\u00ed una tradici\u00f3n en Guatemala"},"content":{"rendered":"\t\t<div data-elementor-type=\"wp-post\" data-elementor-id=\"28990\" class=\"elementor elementor-28990\" data-elementor-post-type=\"post\">\n\t\t\t\t<div data-particle_enable=\"false\" data-particle-mobile-disabled=\"false\" class=\"elementor-element elementor-element-8b3b945 e-flex e-con-boxed e-con e-parent\" data-id=\"8b3b945\" data-element_type=\"container\" data-e-type=\"container\">\n\t\t\t\t\t<div class=\"e-con-inner\">\n\t\t\t\t<div class=\"elementor-element elementor-element-62442b4 elementor-widget elementor-widget-heading\" data-id=\"62442b4\" data-element_type=\"widget\" data-e-type=\"widget\" data-widget_type=\"heading.default\">\n\t\t\t\t\t<h2 class=\"elementor-heading-title elementor-size-default\">Los caf\u00e9s de Guatemala son conocidos por su sabor y olor, pero tambi\u00e9n por su calidad, aunque hay otras variedades que debes conocer. \n<\/h2>\t\t\t\t<\/div>\n\t\t\t\t\t<\/div>\n\t\t\t\t<\/div>\n\t\t<div data-particle_enable=\"false\" data-particle-mobile-disabled=\"false\" class=\"elementor-element elementor-element-368d826 e-flex e-con-boxed e-con e-parent\" data-id=\"368d826\" data-element_type=\"container\" data-e-type=\"container\">\n\t\t\t\t\t<div class=\"e-con-inner\">\n\t\t\t\t<div class=\"elementor-element elementor-element-8ff9ad9 elementor-widget elementor-widget-text-editor\" data-id=\"8ff9ad9\" data-element_type=\"widget\" data-e-type=\"widget\" data-widget_type=\"text-editor.default\">\n\t\t\t\t\t\t\t\t\t<p>En Guatemala, <a href=\"https:\/\/soymigrante.com\/revista\/cafe-de-guatemala-y-sus-10-regiones-de-cultivo-cada-una-con-sabor-y-aroma-propio\/\" target=\"_blank\" rel=\"noopener\">el caf\u00e9 es parte esencial de la cultura<\/a>, pero no todas las bebidas llamadas \u201ccaf\u00e9\u201d provienen del grano de caf\u00e9.<\/p><p>A lo largo de los a\u00f1os, han surgido alternativas elaboradas con ingredientes locales, muchas de ellas por necesidad y otras como parte de la tradici\u00f3n.<\/p>\t\t\t\t\t\t\t\t<\/div>\n\t\t\t\t\t<\/div>\n\t\t\t\t<\/div>\n\t\t<div data-particle_enable=\"false\" data-particle-mobile-disabled=\"false\" class=\"elementor-element elementor-element-ced0a67 e-flex e-con-boxed e-con e-parent\" data-id=\"ced0a67\" data-element_type=\"container\" data-e-type=\"container\">\n\t\t\t\t\t<div class=\"e-con-inner\">\n\t\t\t\t<div class=\"elementor-element elementor-element-876a5fd elementor-widget elementor-widget-image\" data-id=\"876a5fd\" data-element_type=\"widget\" data-e-type=\"widget\" data-widget_type=\"image.default\">\n\t\t\t\t\t\t\t\t\t\t\t\t<figure class=\"wp-caption\">\n\t\t\t\t\t\t\t\t\t\t<img fetchpriority=\"high\" decoding=\"async\" width=\"390\" height=\"485\" src=\"https:\/\/soymigrante.com\/revista\/wp-content\/uploads\/2025\/03\/Captura-de-pantalla-2025-03-24-195541.webp\" class=\"attachment-large size-large wp-image-29217\" alt=\"Taza de caf\u00e9 artesanal en cer\u00e1mica, aprecio por el caf\u00e9 de calidad y la cultura en la gastronom\u00eda internacional relacionada con migrantes.\" srcset=\"https:\/\/soymigrante.com\/revista\/wp-content\/uploads\/2025\/03\/Captura-de-pantalla-2025-03-24-195541.webp 390w, https:\/\/soymigrante.com\/revista\/wp-content\/uploads\/2025\/03\/Captura-de-pantalla-2025-03-24-195541-241x300.jpg 241w\" sizes=\"(max-width: 390px) 100vw, 390px\" title=\"Caf\u00e9 sin cafe\u00edna \u2013 SoyMigrante.com REVISTA\" \/>\t\t\t\t\t\t\t\t\t\t\t<figcaption class=\"widget-image-caption wp-caption-text\">Una persona sostiene una taza de caf\u00e9 artesanal en cer\u00e1mica en un ambiente c\u00e1lido, resaltando la cultura del caf\u00e9 y la tradici\u00f3n en comunidades migrantes.<\/figcaption>\n\t\t\t\t\t\t\t\t\t\t<\/figure>\n\t\t\t\t\t\t\t\t\t<\/div>\n\t\t\t\t\t<\/div>\n\t\t\t\t<\/div>\n\t\t<div data-particle_enable=\"false\" data-particle-mobile-disabled=\"false\" class=\"elementor-element elementor-element-70287b1 e-flex e-con-boxed e-con e-parent\" data-id=\"70287b1\" data-element_type=\"container\" data-e-type=\"container\">\n\t\t\t\t\t<div class=\"e-con-inner\">\n\t\t\t\t<div class=\"elementor-element elementor-element-fb681fc elementor-widget elementor-widget-text-editor\" data-id=\"fb681fc\" data-element_type=\"widget\" data-e-type=\"widget\" data-widget_type=\"text-editor.default\">\n\t\t\t\t\t\t\t\t\t<p>Entre estas destacan el<a href=\"https:\/\/soymigrante.com\/revista\/cafe-de-guatemala-y-sus-10-regiones-de-cultivo-cada-una-con-sabor-y-aroma-propio\/\" target=\"_blank\" rel=\"noopener\"> caf\u00e9 de cereales y el caf\u00e9 de tortilla quemada<\/a>, bebidas que han acompa\u00f1ado a generaciones de guatemaltecos y que a\u00fan hoy se siguen consumiendo.<\/p>\t\t\t\t\t\t\t\t<\/div>\n\t\t\t\t\t<\/div>\n\t\t\t\t<\/div>\n\t\t<div data-particle_enable=\"false\" data-particle-mobile-disabled=\"false\" class=\"elementor-element elementor-element-ac263d7 e-flex e-con-boxed e-con e-parent\" data-id=\"ac263d7\" data-element_type=\"container\" data-e-type=\"container\">\n\t\t\t\t\t<div class=\"e-con-inner\">\n\t\t\t\t<div class=\"elementor-element elementor-element-7017a90 elementor-widget elementor-widget-heading\" data-id=\"7017a90\" data-element_type=\"widget\" data-e-type=\"widget\" data-widget_type=\"heading.default\">\n\t\t\t\t\t<h3 class=\"elementor-heading-title elementor-size-default\">Caf\u00e9 de cereales: el sustituto con historia<\/h3>\t\t\t\t<\/div>\n\t\t\t\t\t<\/div>\n\t\t\t\t<\/div>\n\t\t<div data-particle_enable=\"false\" data-particle-mobile-disabled=\"false\" class=\"elementor-element elementor-element-af8472f e-flex e-con-boxed e-con e-parent\" data-id=\"af8472f\" data-element_type=\"container\" data-e-type=\"container\">\n\t\t\t\t\t<div class=\"e-con-inner\">\n\t\t\t\t<div class=\"elementor-element elementor-element-3a89ff5 elementor-widget elementor-widget-text-editor\" data-id=\"3a89ff5\" data-element_type=\"widget\" data-e-type=\"widget\" data-widget_type=\"text-editor.default\">\n\t\t\t\t\t\t\t\t\t<p><a href=\"https:\/\/soymigrante.com\/revista\/cafe-de-guatemala-y-sus-10-regiones-de-cultivo-cada-una-con-sabor-y-aroma-propio\/\" target=\"_blank\" rel=\"noopener\">El caf\u00e9<\/a> de cereales es una bebida elaborada a partir de ma\u00edz, trigo, cebada o incluso arroz tostado y molido.<\/p><p>Su origen se remonta a \u00e9pocas en las que el caf\u00e9 era un lujo inalcanzable para muchas familias, especialmente en el \u00e1rea rural.<\/p><p>Para sustituirlo, se comenzaron a tostar y moler cereales, logrando un sabor similar al caf\u00e9 tradicional, aunque sin cafe\u00edna.<\/p>\t\t\t\t\t\t\t\t<\/div>\n\t\t\t\t\t<\/div>\n\t\t\t\t<\/div>\n\t\t<div data-particle_enable=\"false\" data-particle-mobile-disabled=\"false\" class=\"elementor-element elementor-element-ef1f7e7 e-flex e-con-boxed e-con e-parent\" data-id=\"ef1f7e7\" data-element_type=\"container\" data-e-type=\"container\">\n\t\t\t\t\t<div class=\"e-con-inner\">\n\t\t\t\t<div class=\"elementor-element elementor-element-be43b59 elementor-widget elementor-widget-text-editor\" data-id=\"be43b59\" data-element_type=\"widget\" data-e-type=\"widget\" data-widget_type=\"text-editor.default\">\n\t\t\t\t\t\t\t\t\t<p>Para prepararlo, los cereales tostados se hierven en agua y, en algunos casos, se endulzan con az\u00facar o panela.<\/p><p><a href=\"https:\/\/soymigrante.com\/revista\/cafe-de-guatemala-y-sus-10-regiones-de-cultivo-cada-una-con-sabor-y-aroma-propio\/\" target=\"_blank\" rel=\"noopener\">Su sabor es suave, con un ligero toque ahumado y terroso.<\/a> Aunque en la actualidad el caf\u00e9 es m\u00e1s accesible, muchas personas siguen prefiriendo esta versi\u00f3n por su sabor nost\u00e1lgico y porque es una opci\u00f3n libre de cafe\u00edna.<\/p>\t\t\t\t\t\t\t\t<\/div>\n\t\t\t\t\t<\/div>\n\t\t\t\t<\/div>\n\t\t<div data-particle_enable=\"false\" data-particle-mobile-disabled=\"false\" class=\"elementor-element elementor-element-25af648 e-flex e-con-boxed e-con e-parent\" data-id=\"25af648\" data-element_type=\"container\" data-e-type=\"container\">\n\t\t\t\t\t<div class=\"e-con-inner\">\n\t\t\t\t<div class=\"elementor-element elementor-element-16e684e elementor-widget elementor-widget-video\" data-id=\"16e684e\" data-element_type=\"widget\" data-e-type=\"widget\" data-settings=\"{&quot;youtube_url&quot;:&quot;https:\\\/\\\/www.youtube.com\\\/watch?v=KUTcBfAVqpk&quot;,&quot;video_type&quot;:&quot;youtube&quot;,&quot;controls&quot;:&quot;yes&quot;}\" data-widget_type=\"video.default\">\n\t\t\t\t\t\t\t<div class=\"elementor-wrapper elementor-open-inline\">\n\t\t\t<div class=\"elementor-video\"><\/div>\t\t<\/div>\n\t\t\t\t\t\t<\/div>\n\t\t\t\t\t<\/div>\n\t\t\t\t<\/div>\n\t\t<div data-particle_enable=\"false\" data-particle-mobile-disabled=\"false\" class=\"elementor-element elementor-element-cd36f2f e-flex e-con-boxed e-con e-parent\" data-id=\"cd36f2f\" data-element_type=\"container\" data-e-type=\"container\">\n\t\t\t\t\t<div class=\"e-con-inner\">\n\t\t\t\t<div class=\"elementor-element elementor-element-284939f elementor-widget elementor-widget-heading\" data-id=\"284939f\" data-element_type=\"widget\" data-e-type=\"widget\" data-widget_type=\"heading.default\">\n\t\t\t\t\t<h3 class=\"elementor-heading-title elementor-size-default\">Caf\u00e9 de tortilla quemada: ingenio y tradici\u00f3n<\/h3>\t\t\t\t<\/div>\n\t\t\t\t\t<\/div>\n\t\t\t\t<\/div>\n\t\t<div data-particle_enable=\"false\" data-particle-mobile-disabled=\"false\" class=\"elementor-element elementor-element-06be50b e-flex e-con-boxed e-con e-parent\" data-id=\"06be50b\" data-element_type=\"container\" data-e-type=\"container\">\n\t\t\t\t\t<div class=\"e-con-inner\">\n\t\t\t\t<div class=\"elementor-element elementor-element-99f2303 elementor-widget elementor-widget-text-editor\" data-id=\"99f2303\" data-element_type=\"widget\" data-e-type=\"widget\" data-widget_type=\"text-editor.default\">\n\t\t\t\t\t\t\t\t\t<p>Otro<a href=\"https:\/\/soymigrante.com\/revista\/cafe-de-guatemala-y-sus-10-regiones-de-cultivo-cada-una-con-sabor-y-aroma-propio\/\" target=\"_blank\" rel=\"noopener\"> sustituto popular del caf\u00e9 en Guatemala es el caf\u00e9 de tortilla quemada.<\/a> Esta bebida se elabora a partir de tortillas de ma\u00edz quemadas y molidas, que al hervirse en agua caliente producen un l\u00edquido oscuro con un aroma similar al caf\u00e9.<\/p><p>Su origen se asocia con tiempos de escasez, en los que las familias guatemaltecas buscaban alternativas accesibles para tener una bebida caliente en las ma\u00f1anas. Aunque su sabor es m\u00e1s amargo y con notas ahumadas, muchas personas lo disfrutan como parte de su herencia culinaria.<\/p>\t\t\t\t\t\t\t\t<\/div>\n\t\t\t\t\t<\/div>\n\t\t\t\t<\/div>\n\t\t<div data-particle_enable=\"false\" data-particle-mobile-disabled=\"false\" class=\"elementor-element elementor-element-aeb32e9 e-flex e-con-boxed e-con e-parent\" data-id=\"aeb32e9\" data-element_type=\"container\" data-e-type=\"container\">\n\t\t\t\t\t<div class=\"e-con-inner\">\n\t\t\t\t<div class=\"elementor-element elementor-element-37ba6cd elementor-widget elementor-widget-video\" data-id=\"37ba6cd\" data-element_type=\"widget\" data-e-type=\"widget\" data-settings=\"{&quot;youtube_url&quot;:&quot;https:\\\/\\\/www.youtube.com\\\/watch?v=ypncWKVEJD8&quot;,&quot;video_type&quot;:&quot;youtube&quot;,&quot;controls&quot;:&quot;yes&quot;}\" data-widget_type=\"video.default\">\n\t\t\t\t\t\t\t<div class=\"elementor-wrapper elementor-open-inline\">\n\t\t\t<div class=\"elementor-video\"><\/div>\t\t<\/div>\n\t\t\t\t\t\t<\/div>\n\t\t\t\t\t<\/div>\n\t\t\t\t<\/div>\n\t\t<div data-particle_enable=\"false\" data-particle-mobile-disabled=\"false\" class=\"elementor-element elementor-element-dc78ad3 e-flex e-con-boxed e-con e-parent\" data-id=\"dc78ad3\" data-element_type=\"container\" data-e-type=\"container\">\n\t\t\t\t\t<div class=\"e-con-inner\">\n\t\t\t\t<div class=\"elementor-element elementor-element-68bc290 elementor-widget elementor-widget-heading\" data-id=\"68bc290\" data-element_type=\"widget\" data-e-type=\"widget\" data-widget_type=\"heading.default\">\n\t\t\t\t\t<h3 class=\"elementor-heading-title elementor-size-default\">M\u00e1s all\u00e1 de la escasez: una bebida saludable y con identidad<\/h3>\t\t\t\t<\/div>\n\t\t\t\t\t<\/div>\n\t\t\t\t<\/div>\n\t\t<div data-particle_enable=\"false\" data-particle-mobile-disabled=\"false\" class=\"elementor-element elementor-element-3d776ed e-flex e-con-boxed e-con e-parent\" data-id=\"3d776ed\" data-element_type=\"container\" data-e-type=\"container\">\n\t\t\t\t\t<div class=\"e-con-inner\">\n\t\t\t\t<div class=\"elementor-element elementor-element-156692d elementor-widget elementor-widget-text-editor\" data-id=\"156692d\" data-element_type=\"widget\" data-e-type=\"widget\" data-widget_type=\"text-editor.default\">\n\t\t\t\t\t\t\t\t\t<p><a href=\"https:\/\/soymigrante.com\/revista\/cafe-de-guatemala-y-sus-10-regiones-de-cultivo-cada-una-con-sabor-y-aroma-propio\/\" target=\"_blank\" rel=\"noopener\">Aunque estos \u201ccaf\u00e9s\u201d nacieron como alternativas econ\u00f3micas,<\/a>\u00a0o para evitar la cafe\u00edna, con el tiempo se han convertido en parte de la tradici\u00f3n guatemalteca. Adem\u00e1s, en los \u00faltimos a\u00f1os han sido revalorizados por su car\u00e1cter natural y libre de cafe\u00edna, lo que los hace una opci\u00f3n atractiva para quienes buscan reducir su consumo de estimulantes.<\/p><p><a href=\"https:\/\/soymigrante.com\/revista\/cafe-de-guatemala-y-sus-10-regiones-de-cultivo-cada-una-con-sabor-y-aroma-propio\/\" target=\"_blank\" rel=\"noopener\">En mercados y hogares guatemaltecos a\u00fan es posible encontrar estas preparaciones,<\/a> muchas veces acompa\u00f1adas de pan dulce o tamalitos.<\/p><p>Son un recordatorio del ingenio de generaciones pasadas y de c\u00f3mo, con creatividad y tradici\u00f3n, se pueden transformar ingredientes simples en bebidas con historia y significado.<\/p>\t\t\t\t\t\t\t\t<\/div>\n\t\t\t\t\t<\/div>\n\t\t\t\t<\/div>\n\t\t<div data-particle_enable=\"false\" data-particle-mobile-disabled=\"false\" class=\"elementor-element elementor-element-b96fd62 e-flex e-con-boxed e-con e-parent\" data-id=\"b96fd62\" data-element_type=\"container\" data-e-type=\"container\">\n\t\t\t\t\t<div class=\"e-con-inner\">\n\t\t\t\t<div class=\"elementor-element elementor-element-3e755d4 elementor-widget elementor-widget-heading\" data-id=\"3e755d4\" data-element_type=\"widget\" data-e-type=\"widget\" data-widget_type=\"heading.default\">\n\t\t\t\t\t<h2 class=\"elementor-heading-title elementor-size-default\">Conoce m\u00e1s temas de caf\u00e9 que te puedan interesar...<\/h2>\t\t\t\t<\/div>\n\t\t\t\t\t<\/div>\n\t\t\t\t<\/div>\n\t\t<div data-particle_enable=\"false\" data-particle-mobile-disabled=\"false\" class=\"elementor-element elementor-element-03e0e2d e-flex e-con-boxed e-con e-parent\" data-id=\"03e0e2d\" data-element_type=\"container\" data-e-type=\"container\">\n\t\t\t\t\t<div class=\"e-con-inner\">\n\t\t\t\t<div class=\"elementor-element elementor-element-b3123bd elementor-grid-eael-col-3 elementor-grid-tablet-eael-col-2 elementor-grid-mobile-eael-col-1 elementor-widget elementor-widget-eael-post-grid\" data-id=\"b3123bd\" data-element_type=\"widget\" data-e-type=\"widget\" data-settings=\"{&quot;eael_post_grid_columns&quot;:&quot;eael-col-3&quot;,&quot;eael_post_grid_columns_tablet&quot;:&quot;eael-col-2&quot;,&quot;eael_post_grid_columns_mobile&quot;:&quot;eael-col-1&quot;}\" data-widget_type=\"eael-post-grid.default\">\n\t\t\t\t\t<div id=\"eael-post-grid-b3123bd\" class=\"eael-post-grid-container\">\n            <div class=\"eael-post-grid eael-post-appender eael-post-appender-b3123bd eael-post-grid-style-one\" data-layout-mode=\"masonry\"><article class=\"eael-grid-post  eael-post-grid-column eael-pg-post-15968 category-guate-nuestra\" data-id=\"15968\">\n        <div class=\"eael-grid-post-holder\">\n            <div class=\"eael-grid-post-holder-inner\"><div class=\"eael-entry-media\"><div class=\"eael-entry-overlay fade-in\"><i class=\"far fa-hand-pointer\" aria-hidden=\"true\"><\/i><a href=\"https:\/\/soymigrante.com\/revista\/cafe-de-guatemala-y-sus-10-regiones-de-cultivo-cada-una-con-sabor-y-aroma-propio\/\"><\/a><\/div><div class=\"eael-entry-thumbnail \">\n                <img decoding=\"async\" width=\"1024\" height=\"1024\" src=\"https:\/\/soymigrante.com\/revista\/wp-content\/uploads\/2024\/12\/Cafe\u0301-de-Guatemala-scaled-e1733862410674-1024x1024.jpg\" class=\"attachment-large size-large wp-image-15969\" alt=\"Los 10 caf\u00e9s y sus regiones m\u00e1s destacados de Guatemala\" srcset=\"https:\/\/soymigrante.com\/revista\/wp-content\/uploads\/2024\/12\/Cafe\u0301-de-Guatemala-scaled-e1733862410674-1024x1024.jpg 1024w, https:\/\/soymigrante.com\/revista\/wp-content\/uploads\/2024\/12\/Cafe\u0301-de-Guatemala-scaled-e1733862410674-300x300.jpg 300w, https:\/\/soymigrante.com\/revista\/wp-content\/uploads\/2024\/12\/Cafe\u0301-de-Guatemala-scaled-e1733862410674-150x150.jpg 150w, https:\/\/soymigrante.com\/revista\/wp-content\/uploads\/2024\/12\/Cafe\u0301-de-Guatemala-scaled-e1733862410674-768x768.jpg 768w, https:\/\/soymigrante.com\/revista\/wp-content\/uploads\/2024\/12\/Cafe\u0301-de-Guatemala-scaled-e1733862410674-1536x1536.jpg 1536w, https:\/\/soymigrante.com\/revista\/wp-content\/uploads\/2024\/12\/Cafe\u0301-de-Guatemala-scaled-e1733862410674-75x75.webp 75w, https:\/\/soymigrante.com\/revista\/wp-content\/uploads\/2024\/12\/Cafe\u0301-de-Guatemala-scaled-e1733862410674-750x750.webp 750w, https:\/\/soymigrante.com\/revista\/wp-content\/uploads\/2024\/12\/Cafe\u0301-de-Guatemala-scaled-e1733862410674-1140x1140.webp 1140w, https:\/\/soymigrante.com\/revista\/wp-content\/uploads\/2024\/12\/Cafe\u0301-de-Guatemala-scaled-e1733862410674.webp 1707w\" sizes=\"(max-width: 1024px) 100vw, 1024px\" \/>\n            <\/div>\n        <\/div><div class=\"eael-entry-wrapper\"><header class=\"eael-entry-header\"><h2 class=\"eael-entry-title\"><a class=\"eael-grid-post-link\" href=\"https:\/\/soymigrante.com\/revista\/cafe-de-guatemala-y-sus-10-regiones-de-cultivo-cada-una-con-sabor-y-aroma-propio\/\" title=\"Caf\u00e9 de Guatemala y sus 10 regiones de cultivo, cada una con  sabor y aroma propio\">Caf\u00e9 de Guatemala y sus 10 regiones de cultivo, cada una con  sabor y aroma propio<\/a><\/h2><\/header><div class=\"eael-entry-content\">\n                        <div class=\"eael-grid-post-excerpt\"><a href=\"https:\/\/soymigrante.com\/revista\/cafe-de-guatemala-y-sus-10-regiones-de-cultivo-cada-una-con-sabor-y-aroma-propio\/\" class=\"eael-post-elements-readmore-btn\">CONOCE SU HISTORIA <\/a><\/div>\n                    <\/div><\/div><\/div>\n        <\/div>\n    <\/article><article class=\"eael-grid-post  eael-post-grid-column eael-pg-post-7098 category-estamos-unidos\" data-id=\"7098\">\n        <div class=\"eael-grid-post-holder\">\n            <div class=\"eael-grid-post-holder-inner\"><div class=\"eael-entry-media\"><div class=\"eael-entry-overlay fade-in\"><i class=\"far fa-hand-pointer\" aria-hidden=\"true\"><\/i><a href=\"https:\/\/soymigrante.com\/revista\/cafe-con-causa-de-guatemala-ya-a-la-venta-en-estados-unidos\/\"><\/a><\/div><div class=\"eael-entry-thumbnail \">\n                <img decoding=\"async\" width=\"841\" height=\"841\" src=\"https:\/\/soymigrante.com\/revista\/wp-content\/uploads\/2024\/06\/Captura-de-pantalla-2024-06-23-212600.webp\" class=\"attachment-large size-large wp-image-7100\" alt=\"Ni\u00f1as con vestimenta tradicional guatemalteca en un entorno escolar, promoviendo la cultura ind\u00edgena y la educaci\u00f3n en comunidades rurales de Guatemala.\" srcset=\"https:\/\/soymigrante.com\/revista\/wp-content\/uploads\/2024\/06\/Captura-de-pantalla-2024-06-23-212600.webp 841w, https:\/\/soymigrante.com\/revista\/wp-content\/uploads\/2024\/06\/Captura-de-pantalla-2024-06-23-212600-300x300.webp 300w, https:\/\/soymigrante.com\/revista\/wp-content\/uploads\/2024\/06\/Captura-de-pantalla-2024-06-23-212600-150x150.webp 150w, https:\/\/soymigrante.com\/revista\/wp-content\/uploads\/2024\/06\/Captura-de-pantalla-2024-06-23-212600-768x768.webp 768w, https:\/\/soymigrante.com\/revista\/wp-content\/uploads\/2024\/06\/Captura-de-pantalla-2024-06-23-212600-75x75.webp 75w, https:\/\/soymigrante.com\/revista\/wp-content\/uploads\/2024\/06\/Captura-de-pantalla-2024-06-23-212600-750x750.webp 750w\" sizes=\"(max-width: 841px) 100vw, 841px\" \/>\n            <\/div>\n        <\/div><div class=\"eael-entry-wrapper\"><header class=\"eael-entry-header\"><h2 class=\"eael-entry-title\"><a class=\"eael-grid-post-link\" href=\"https:\/\/soymigrante.com\/revista\/cafe-con-causa-de-guatemala-ya-a-la-venta-en-estados-unidos\/\" title=\"Caf\u00e9 con Causa, de Guatemala, ya a la venta en Estados Unidos\">Caf\u00e9 con Causa, de Guatemala, ya a la venta en Estados Unidos<\/a><\/h2><\/header><div class=\"eael-entry-content\">\n                        <div class=\"eael-grid-post-excerpt\"><a href=\"https:\/\/soymigrante.com\/revista\/cafe-con-causa-de-guatemala-ya-a-la-venta-en-estados-unidos\/\" class=\"eael-post-elements-readmore-btn\">CONOCE SU HISTORIA <\/a><\/div>\n                    <\/div><\/div><\/div>\n        <\/div>\n    <\/article><article class=\"eael-grid-post  eael-post-grid-column eael-pg-post-5499 category-estamos-unidos\" data-id=\"5499\">\n        <div class=\"eael-grid-post-holder\">\n            <div class=\"eael-grid-post-holder-inner\"><div class=\"eael-entry-media\"><div class=\"eael-entry-overlay fade-in\"><i class=\"far fa-hand-pointer\" aria-hidden=\"true\"><\/i><a href=\"https:\/\/soymigrante.com\/revista\/migrante-retornado-cafe-de-guatemala-campesinos-momostenango\/\"><\/a><\/div><div class=\"eael-entry-thumbnail \">\n                <img loading=\"lazy\" decoding=\"async\" width=\"1024\" height=\"668\" src=\"https:\/\/soymigrante.com\/revista\/wp-content\/uploads\/2024\/03\/Captura-de-pantalla-2024-03-19-093618-1024x668.webp\" class=\"attachment-large size-large wp-image-5500\" alt=\"Campesinos de Momostenango, Totonicap\u00e1n cultivan y cosechan el grano que llega a convertirse en la marca El alma del caf\u00e9 de Momostenango, distribuida por Momostipan, proyecto del migrante retornado Angel Ambrocio.\" srcset=\"https:\/\/soymigrante.com\/revista\/wp-content\/uploads\/2024\/03\/Captura-de-pantalla-2024-03-19-093618-1024x668.webp 1024w, https:\/\/soymigrante.com\/revista\/wp-content\/uploads\/2024\/03\/Captura-de-pantalla-2024-03-19-093618-300x196.webp 300w, https:\/\/soymigrante.com\/revista\/wp-content\/uploads\/2024\/03\/Captura-de-pantalla-2024-03-19-093618-768x501.webp 768w, https:\/\/soymigrante.com\/revista\/wp-content\/uploads\/2024\/03\/Captura-de-pantalla-2024-03-19-093618-750x489.webp 750w, https:\/\/soymigrante.com\/revista\/wp-content\/uploads\/2024\/03\/Captura-de-pantalla-2024-03-19-093618-1140x743.webp 1140w, https:\/\/soymigrante.com\/revista\/wp-content\/uploads\/2024\/03\/Captura-de-pantalla-2024-03-19-093618.webp 1353w\" sizes=\"(max-width: 1024px) 100vw, 1024px\" \/>\n            <\/div>\n        <\/div><div class=\"eael-entry-wrapper\"><header class=\"eael-entry-header\"><h2 class=\"eael-entry-title\"><a class=\"eael-grid-post-link\" href=\"https:\/\/soymigrante.com\/revista\/migrante-retornado-cafe-de-guatemala-campesinos-momostenango\/\" title=\"Caf\u00e9 de Guatemala: Migrante retornado impulsa a caficultores de Momostenango\">Caf\u00e9 de Guatemala: Migrante retornado impulsa a caficultores de Momostenango<\/a><\/h2><\/header><div class=\"eael-entry-content\">\n                        <div class=\"eael-grid-post-excerpt\"><a href=\"https:\/\/soymigrante.com\/revista\/migrante-retornado-cafe-de-guatemala-campesinos-momostenango\/\" class=\"eael-post-elements-readmore-btn\">CONOCE SU HISTORIA <\/a><\/div>\n                    <\/div><\/div><\/div>\n        <\/div>\n    <\/article><\/div>\n            <div class=\"clearfix\"><\/div>\n        <\/div>\t\t\t\t<\/div>\n\t\t\t\t\t<\/div>\n\t\t\t\t<\/div>\n\t\t\t\t<\/div>\n\t\t","protected":false},"excerpt":{"rendered":"<p>Los caf\u00e9s de Guatemala son conocidos por su sabor y olor, pero tambi\u00e9n por su calidad, aunque hay otras variedades que debes conocer. En Guatemala, el caf\u00e9 es parte esencial de la cultura, pero no todas las bebidas llamadas \u201ccaf\u00e9\u201d provienen del grano de caf\u00e9. A lo largo de los a\u00f1os, han surgido alternativas elaboradas [&hellip;]<\/p>\n","protected":false},"author":19,"featured_media":28991,"comment_status":"open","ping_status":"open","sticky":false,"template":"","format":"standard","meta":{"_acf_changed":false,"_eb_attr":"","footnotes":""},"categories":[58],"tags":[],"class_list":["post-28990","post","type-post","status-publish","format-standard","has-post-thumbnail","hentry","category-guate-nuestra"],"acf":[],"aioseo_notices":[],"aioseo_head":"\n\t\t<!-- All in One SEO Pro 4.9.6.2 - aioseo.com -->\n\t<meta name=\"description\" content=\"Alma del caf\u00e9 de Momostenango es el proyecto impulsado por el migrante \u00c1ngel Ambrocio y Momostip\u00e1n, que busca pagar precios dignos a los campesinos, procesar grano de alta calidad y distribuirlo sin fronteras. El migrante retornado guatemalteco sabe y disfruta la catadur\u00eda de caf\u00e9 todas las regiones del pa\u00eds. Est\u00e1 convencido de que Guatemala tiene\" \/>\n\t<meta name=\"robots\" content=\"max-snippet:-1, max-image-preview:large, max-video-preview:-1\" \/>\n\t<meta name=\"author\" content=\"Marysabel Aldana\"\/>\n\t<link rel=\"canonical\" href=\"https:\/\/soymigrante.com\/revista\/cafes-que-no-son-cafes-pero-si-una-tradicion-en-guatemala\/\" \/>\n\t<meta name=\"generator\" content=\"All in One SEO Pro (AIOSEO) 4.9.6.2\" \/>\n\n\t\t<link rel=\"preconnect\" href=\"https:\/\/fonts.googleapis.com\" crossorigin>\n<link rel=\"preconnect\" href=\"https:\/\/fonts.gstatic.com\" crossorigin>\n\t\t<meta property=\"og:locale\" content=\"es_ES\" \/>\n\t\t<meta property=\"og:site_name\" content=\"SoyMigrante.com REVISTA \u2013 Nuestra misi\u00f3n es reconocer y dignificar al migrante.\" \/>\n\t\t<meta property=\"og:type\" content=\"article\" \/>\n\t\t<meta property=\"og:title\" content=\"Caf\u00e9s que no son caf\u00e9s, pero s\u00ed una tradici\u00f3n en Guatemala\" \/>\n\t\t<meta property=\"og:description\" content=\"A algunas personas no les cae bien la cafe\u00edna pero buscan una bebida parecida al caf\u00e9: con cereales o incluso con tortillas se puede preparar una bebida parecida\" \/>\n\t\t<meta property=\"og:url\" content=\"https:\/\/soymigrante.com\/revista\/cafes-que-no-son-cafes-pero-si-una-tradicion-en-guatemala\/\" \/>\n\t\t<meta property=\"og:image\" content=\"https:\/\/soymigrante.com\/revista\/wp-content\/uploads\/2025\/03\/Cafe\u0301s-que-no-son-cafe\u0301s-pero-si\u0301-tradicio\u0301n-en-Guatemala3-scaled.webp\" \/>\n\t\t<meta property=\"og:image:secure_url\" content=\"https:\/\/soymigrante.com\/revista\/wp-content\/uploads\/2025\/03\/Cafe\u0301s-que-no-son-cafe\u0301s-pero-si\u0301-tradicio\u0301n-en-Guatemala3-scaled.webp\" \/>\n\t\t<meta property=\"og:image:width\" content=\"1920\" \/>\n\t\t<meta property=\"og:image:height\" content=\"1280\" \/>\n\t\t<meta property=\"article:published_time\" content=\"2025-03-25T11:00:00+00:00\" \/>\n\t\t<meta property=\"article:modified_time\" content=\"2025-03-25T01:58:59+00:00\" \/>\n\t\t<meta property=\"article:publisher\" content=\"https:\/\/www.facebook.com\/soymigrantecom\" \/>\n\t\t<meta name=\"twitter:card\" content=\"summary_large_image\" \/>\n\t\t<meta name=\"twitter:site\" content=\"@SoyMigrante_com\" \/>\n\t\t<meta name=\"twitter:title\" content=\"Caf\u00e9s que no son caf\u00e9s, pero s\u00ed una tradici\u00f3n en Guatemala\" \/>\n\t\t<meta name=\"twitter:description\" content=\"A algunas personas no les cae bien la cafe\u00edna pero buscan una bebida parecida al caf\u00e9: con cereales o incluso con tortillas se puede preparar una bebida parecida\" \/>\n\t\t<meta name=\"twitter:creator\" content=\"@SoyMigrante_com\" \/>\n\t\t<meta name=\"twitter:image\" content=\"https:\/\/soymigrante.com\/revista\/wp-content\/uploads\/2025\/03\/Cafe\u0301s-que-no-son-cafe\u0301s-pero-si\u0301-tradicio\u0301n-en-Guatemala3-scaled.webp\" \/>\n\t\t<!-- All in One SEO Pro -->\r\n\t\t<title>Caf\u00e9s que no son caf\u00e9s, pero s\u00ed una tradici\u00f3n en Guatemala<\/title>\n\n","aioseo_head_json":{"title":"Caf\u00e9s que no son caf\u00e9s, pero s\u00ed una tradici\u00f3n en Guatemala","description":"A algunas personas no les cae bien la cafe\u00edna pero buscan una bebida parecida al caf\u00e9: con cereales o incluso con tortillas se puede preparar una bebida parecida","canonical_url":"https:\/\/soymigrante.com\/revista\/cafes-que-no-son-cafes-pero-si-una-tradicion-en-guatemala\/","robots":"max-snippet:-1, max-image-preview:large, max-video-preview:-1","keywords":"","webmasterTools":{"miscellaneous":"&lt;link rel=\"preconnect\" href=\"https:\/\/fonts.googleapis.com\" crossorigin&gt;\n&lt;link rel=\"preconnect\" href=\"https:\/\/fonts.gstatic.com\" crossorigin&gt;"},"schema":null,"og:locale":"es_ES","og:site_name":"SoyMigrante.com REVISTA \u2013 Nuestra misi\u00f3n es reconocer y dignificar al migrante.","og:type":"article","og:title":"Caf\u00e9s que no son caf\u00e9s, pero s\u00ed una tradici\u00f3n en Guatemala","og:description":"A algunas personas no les cae bien la cafe\u00edna pero buscan una bebida parecida al caf\u00e9: con cereales o incluso con tortillas se puede preparar una bebida parecida","og:url":"https:\/\/soymigrante.com\/revista\/cafes-que-no-son-cafes-pero-si-una-tradicion-en-guatemala\/","og:image":"https:\/\/soymigrante.com\/revista\/wp-content\/uploads\/2025\/03\/Cafe\u0301s-que-no-son-cafe\u0301s-pero-si\u0301-tradicio\u0301n-en-Guatemala3-scaled.webp","og:image:secure_url":"https:\/\/soymigrante.com\/revista\/wp-content\/uploads\/2025\/03\/Cafe\u0301s-que-no-son-cafe\u0301s-pero-si\u0301-tradicio\u0301n-en-Guatemala3-scaled.webp","og:image:width":1920,"og:image:height":1280,"article:published_time":"2025-03-25T11:00:00+00:00","article:modified_time":"2025-03-25T01:58:59+00:00","article:publisher":"https:\/\/www.facebook.com\/soymigrantecom","twitter:card":"summary_large_image","twitter:site":"@SoyMigrante_com","twitter:title":"Caf\u00e9s que no son caf\u00e9s, pero s\u00ed una tradici\u00f3n en Guatemala","twitter:description":"A algunas personas no les cae bien la cafe\u00edna pero buscan una bebida parecida al caf\u00e9: con cereales o incluso con tortillas se puede preparar una bebida parecida","twitter:creator":"@SoyMigrante_com","twitter:image":"https:\/\/soymigrante.com\/revista\/wp-content\/uploads\/2025\/03\/Cafe\u0301s-que-no-son-cafe\u0301s-pero-si\u0301-tradicio\u0301n-en-Guatemala3-scaled.webp"},"aioseo_meta_data":{"post_id":"28990","title":null,"description":"A algunas personas no les cae bien la cafe\u00edna pero buscan una bebida parecida al caf\u00e9: con cereales o incluso con tortillas se puede preparar una bebida parecida","keywords":null,"keyphrases":{"focus":{"keyphrase":"Caf\u00e9s","score":60,"analysis":{"keyphraseInTitle":{"score":9,"maxScore":9,"error":0},"keyphraseInDescription":{"score":3,"maxScore":9,"error":1},"keyphraseLength":{"score":9,"maxScore":9,"error":0,"length":2},"keyphraseInURL":{"score":5,"maxScore":5,"error":0},"keyphraseInIntroduction":{"score":3,"maxScore":9,"error":1},"keyphraseInSubHeadings":{"score":3,"maxScore":9,"error":1},"keyphraseInImageAlt":{"score":9,"maxScore":9,"error":0},"keywordDensity":{"score":0,"type":"low","maxScore":9,"error":1}}},"additional":[{"keyphrase":"Caf\u00e9s","score":53,"analysis":{"keyphraseInDescription":{"score":3,"maxScore":9,"error":1},"keyphraseLength":{"score":9,"maxScore":9,"error":0,"length":2},"keyphraseInIntroduction":{"score":3,"maxScore":9,"error":1},"keyphraseInImageAlt":{"score":9,"maxScore":9,"error":0},"keywordDensity":{"score":0,"type":"low","maxScore":9,"error":1}}},{"keyphrase":"Guatemala","score":87,"analysis":{"keyphraseInDescription":{"score":3,"maxScore":9,"error":1},"keyphraseLength":{"score":9,"maxScore":9,"error":0,"length":1},"keyphraseInIntroduction":{"score":9,"maxScore":9,"error":0},"keyphraseInImageAlt":{"score":9,"maxScore":9,"error":0},"keywordDensity":{"type":"best","score":9,"maxScore":9,"error":0}}}]},"primary_term":null,"canonical_url":null,"og_title":null,"og_description":null,"og_object_type":"default","og_image_type":"default","og_image_url":null,"og_image_width":null,"og_image_height":null,"og_image_custom_url":null,"og_image_custom_fields":null,"og_video":"","og_custom_url":null,"og_article_section":null,"og_article_tags":null,"twitter_use_og":false,"twitter_card":"default","twitter_image_type":"default","twitter_image_url":null,"twitter_image_custom_url":null,"twitter_image_custom_fields":null,"twitter_title":null,"twitter_description":null,"schema":{"blockGraphs":[],"customGraphs":[],"default":{"data":{"Article":[],"Course":[],"Dataset":[],"FAQPage":[],"Movie":[],"Person":[],"Product":[],"ProductReview":[],"Car":[],"Recipe":[],"Service":[],"SoftwareApplication":[],"WebPage":[]},"graphName":"BlogPosting","isEnabled":true},"graphs":[]},"schema_type":"default","schema_type_options":null,"pillar_content":false,"robots_default":true,"robots_noindex":false,"robots_noarchive":false,"robots_nosnippet":false,"robots_nofollow":false,"robots_noimageindex":false,"robots_noodp":false,"robots_notranslate":false,"robots_max_snippet":"-1","robots_max_videopreview":"-1","robots_max_imagepreview":"large","priority":null,"frequency":"default","local_seo":null,"seo_analyzer_scan_date":"2025-10-09 03:44:03","breadcrumb_settings":null,"limit_modified_date":false,"reviewed_by":null,"open_ai":"{\"title\":{\"suggestions\":[],\"usage\":0},\"description\":{\"suggestions\":[],\"usage\":0}}","ai":null,"created":"2025-03-21 15:27:08","updated":"2026-02-04 22:22:30"},"aioseo_breadcrumb":"<div class=\"aioseo-breadcrumbs\"><span class=\"aioseo-breadcrumb\">\n\t<a href=\"https:\/\/soymigrante.com\/revista\" title=\"Home\">Home<\/a>\n<\/span><span class=\"aioseo-breadcrumb-separator\">\u00bb<\/span><span class=\"aioseo-breadcrumb\">\n\t<a href=\"https:\/\/soymigrante.com\/revista\/category\/guate-nuestra\/\" title=\"Guate Nuestra\">Guate Nuestra<\/a>\n<\/span><span class=\"aioseo-breadcrumb-separator\">\u00bb<\/span><span class=\"aioseo-breadcrumb\">\n\tCaf\u00e9s que no son caf\u00e9s, pero s\u00ed una tradici\u00f3n en Guatemala\n<\/span><\/div>","aioseo_breadcrumb_json":[{"label":"Home","link":"https:\/\/soymigrante.com\/revista"},{"label":"Guate Nuestra","link":"https:\/\/soymigrante.com\/revista\/category\/guate-nuestra\/"},{"label":"Caf\u00e9s que no son caf\u00e9s, pero s\u00ed una tradici\u00f3n en Guatemala","link":"https:\/\/soymigrante.com\/revista\/cafes-que-no-son-cafes-pero-si-una-tradicion-en-guatemala\/"}],"_links":{"self":[{"href":"https:\/\/soymigrante.com\/revista\/wp-json\/wp\/v2\/posts\/28990","targetHints":{"allow":["GET"]}}],"collection":[{"href":"https:\/\/soymigrante.com\/revista\/wp-json\/wp\/v2\/posts"}],"about":[{"href":"https:\/\/soymigrante.com\/revista\/wp-json\/wp\/v2\/types\/post"}],"author":[{"embeddable":true,"href":"https:\/\/soymigrante.com\/revista\/wp-json\/wp\/v2\/users\/19"}],"replies":[{"embeddable":true,"href":"https:\/\/soymigrante.com\/revista\/wp-json\/wp\/v2\/comments?post=28990"}],"version-history":[{"count":0,"href":"https:\/\/soymigrante.com\/revista\/wp-json\/wp\/v2\/posts\/28990\/revisions"}],"wp:featuredmedia":[{"embeddable":true,"href":"https:\/\/soymigrante.com\/revista\/wp-json\/wp\/v2\/media\/28991"}],"wp:attachment":[{"href":"https:\/\/soymigrante.com\/revista\/wp-json\/wp\/v2\/media?parent=28990"}],"wp:term":[{"taxonomy":"category","embeddable":true,"href":"https:\/\/soymigrante.com\/revista\/wp-json\/wp\/v2\/categories?post=28990"},{"taxonomy":"post_tag","embeddable":true,"href":"https:\/\/soymigrante.com\/revista\/wp-json\/wp\/v2\/tags?post=28990"}],"curies":[{"name":"wp","href":"https:\/\/api.w.org\/{rel}","templated":true}]}}