{"id":28933,"date":"2025-03-26T06:00:00","date_gmt":"2025-03-26T12:00:00","guid":{"rendered":"https:\/\/soymigrante.com\/revista\/?p=28933"},"modified":"2025-03-25T22:12:17","modified_gmt":"2025-03-26T04:12:17","slug":"a-la-mascota-con-carino-cuidados-del-perro-que-no-siempre-se-conocen","status":"publish","type":"post","link":"https:\/\/soymigrante.com\/revista\/a-la-mascota-con-carino-cuidados-del-perro-que-no-siempre-se-conocen\/","title":{"rendered":"A la mascota con cari\u00f1o: cuidados del perro que no siempre se conocen"},"content":{"rendered":"\t\t<div data-elementor-type=\"wp-post\" data-elementor-id=\"28933\" class=\"elementor elementor-28933\" data-elementor-post-type=\"post\">\n\t\t\t\t<div data-particle_enable=\"false\" data-particle-mobile-disabled=\"false\" class=\"elementor-element elementor-element-27b78ae e-flex e-con-boxed e-con e-parent\" data-id=\"27b78ae\" data-element_type=\"container\" data-e-type=\"container\">\n\t\t\t\t\t<div class=\"e-con-inner\">\n\t\t\t\t<div class=\"elementor-element elementor-element-2b6688e elementor-widget elementor-widget-heading\" data-id=\"2b6688e\" data-element_type=\"widget\" data-e-type=\"widget\" data-widget_type=\"heading.default\">\n\t\t\t\t\t<h2 class=\"elementor-heading-title elementor-size-default\">Cuidados del perro que implican conocer sus necesidades m\u00e1s all\u00e1 de lo b\u00e1sico.<\/h2>\t\t\t\t<\/div>\n\t\t\t\t\t<\/div>\n\t\t\t\t<\/div>\n\t\t<div data-particle_enable=\"false\" data-particle-mobile-disabled=\"false\" class=\"elementor-element elementor-element-d17aaab e-flex e-con-boxed e-con e-parent\" data-id=\"d17aaab\" data-element_type=\"container\" data-e-type=\"container\">\n\t\t\t\t\t<div class=\"e-con-inner\">\n\t\t\t\t<div class=\"elementor-element elementor-element-0718fca elementor-widget elementor-widget-text-editor\" data-id=\"0718fca\" data-element_type=\"widget\" data-e-type=\"widget\" data-widget_type=\"text-editor.default\">\n\t\t\t\t\t\t\t\t\t<p><a href=\"https:\/\/soymigrante.com\/revista\/tener-mascota-en-usa-no-es-cualquier-cosa-detalles-que-quiza-ya-sabias-o-tal-vez-no\/\" target=\"_blank\" rel=\"noopener\">Tener un perro como mascota<\/a> implica m\u00e1s que solo alimentarlo y sacarlo a pasear. Muchos due\u00f1os desconocen ciertos cuidados esenciales para su bienestar y, en algunos casos, cometen errores que pueden afectar su salud.<\/p><p>A continuaci\u00f3n, te contamos algunos cuidados poco conocidos y lo que no deber\u00edas hacer al cuidar a tu perro, algunas de estas recomendaciones son del doctor veterinario, Alejandro Castillo.<\/p>\t\t\t\t\t\t\t\t<\/div>\n\t\t\t\t\t<\/div>\n\t\t\t\t<\/div>\n\t\t<div data-particle_enable=\"false\" data-particle-mobile-disabled=\"false\" class=\"elementor-element elementor-element-d528025 e-flex e-con-boxed e-con e-parent\" data-id=\"d528025\" data-element_type=\"container\" data-e-type=\"container\">\n\t\t\t\t\t<div class=\"e-con-inner\">\n\t\t\t\t<div class=\"elementor-element elementor-element-2dd8e8d elementor-widget elementor-widget-heading\" data-id=\"2dd8e8d\" data-element_type=\"widget\" data-e-type=\"widget\" data-widget_type=\"heading.default\">\n\t\t\t\t\t<h3 class=\"elementor-heading-title elementor-size-default\">Cuidados que no siempre se conocen<\/h3>\t\t\t\t<\/div>\n\t\t\t\t\t<\/div>\n\t\t\t\t<\/div>\n\t\t<div data-particle_enable=\"false\" data-particle-mobile-disabled=\"false\" class=\"elementor-element elementor-element-fdc8fc4 e-flex e-con-boxed e-con e-parent\" data-id=\"fdc8fc4\" data-element_type=\"container\" data-e-type=\"container\">\n\t\t\t\t\t<div class=\"e-con-inner\">\n\t\t\t\t<div class=\"elementor-element elementor-element-f269385 elementor-widget elementor-widget-text-editor\" data-id=\"f269385\" data-element_type=\"widget\" data-e-type=\"widget\" data-widget_type=\"text-editor.default\">\n\t\t\t\t\t\t\t\t\t<p><strong>1. Revisar sus dientes regularmente<\/strong><\/p><p>Muchos due\u00f1os no prestan atenci\u00f3n a la higiene dental de sus perros, <a href=\"https:\/\/soymigrante.com\/revista\/tener-mascota-en-usa-no-es-cualquier-cosa-detalles-que-quiza-ya-sabias-o-tal-vez-no\/\" target=\"_blank\" rel=\"noopener\">lo que puede llevar a enfermedades en las enc\u00edas,<\/a> mal aliento y p\u00e9rdida de dientes. Es recomendable cepillar sus dientes al menos tres veces por semana con un cepillo y pasta especial para perros.<\/p>\t\t\t\t\t\t\t\t<\/div>\n\t\t\t\t\t<\/div>\n\t\t\t\t<\/div>\n\t\t<div data-particle_enable=\"false\" data-particle-mobile-disabled=\"false\" class=\"elementor-element elementor-element-03d234a e-flex e-con-boxed e-con e-parent\" data-id=\"03d234a\" data-element_type=\"container\" data-e-type=\"container\">\n\t\t\t\t\t<div class=\"e-con-inner\">\n\t\t\t\t<div class=\"elementor-element elementor-element-9cd8df0 elementor-widget elementor-widget-text-editor\" data-id=\"9cd8df0\" data-element_type=\"widget\" data-e-type=\"widget\" data-widget_type=\"text-editor.default\">\n\t\t\t\t\t\t\t\t\t<p><strong>2. Controlar el tama\u00f1o y forma de sus u\u00f1as<\/strong><\/p><p>Las u\u00f1as largas pueden dificultar el caminar del perro y causar dolor. <a href=\"https:\/\/soymigrante.com\/revista\/tener-mascota-en-usa-no-es-cualquier-cosa-detalles-que-quiza-ya-sabias-o-tal-vez-no\/\" target=\"_blank\" rel=\"noopener\">Se deben recortar cada tres o cuatro semanas<\/a> con un corta\u00fa\u00f1as especial, teniendo cuidado de no cortar demasiado para evitar sangrados.<\/p>\t\t\t\t\t\t\t\t<\/div>\n\t\t\t\t\t<\/div>\n\t\t\t\t<\/div>\n\t\t<div data-particle_enable=\"false\" data-particle-mobile-disabled=\"false\" class=\"elementor-element elementor-element-48b84e3 e-flex e-con-boxed e-con e-parent\" data-id=\"48b84e3\" data-element_type=\"container\" data-e-type=\"container\">\n\t\t\t\t\t<div class=\"e-con-inner\">\n\t\t\t\t<div class=\"elementor-element elementor-element-f3573fd elementor-widget elementor-widget-image\" data-id=\"f3573fd\" data-element_type=\"widget\" data-e-type=\"widget\" data-widget_type=\"image.default\">\n\t\t\t\t\t\t\t\t\t\t\t\t<figure class=\"wp-caption\">\n\t\t\t\t\t\t\t\t\t\t<img fetchpriority=\"high\" decoding=\"async\" width=\"768\" height=\"512\" src=\"https:\/\/soymigrante.com\/revista\/wp-content\/uploads\/2025\/03\/Cuidados-del-perro-que-no-siempre-se-conocen-2-1024x683.jpg\" class=\"attachment-large size-large wp-image-28936\" alt=\"Perros con accesorios navide\u00f1os, uno con capucha de navidad y otro con diademas de ciervo, celebrando la temporada festiva con alegr\u00eda y esp\u00edritu navide\u00f1o.\" srcset=\"https:\/\/soymigrante.com\/revista\/wp-content\/uploads\/2025\/03\/Cuidados-del-perro-que-no-siempre-se-conocen-2-1024x683.jpg 1024w, https:\/\/soymigrante.com\/revista\/wp-content\/uploads\/2025\/03\/Cuidados-del-perro-que-no-siempre-se-conocen-2-300x200.jpg 300w, https:\/\/soymigrante.com\/revista\/wp-content\/uploads\/2025\/03\/Cuidados-del-perro-que-no-siempre-se-conocen-2-768x513.jpg 768w, https:\/\/soymigrante.com\/revista\/wp-content\/uploads\/2025\/03\/Cuidados-del-perro-que-no-siempre-se-conocen-2-1536x1025.jpg 1536w, https:\/\/soymigrante.com\/revista\/wp-content\/uploads\/2025\/03\/Cuidados-del-perro-que-no-siempre-se-conocen-2-2048x1367.jpg 2048w, https:\/\/soymigrante.com\/revista\/wp-content\/uploads\/2025\/03\/Cuidados-del-perro-que-no-siempre-se-conocen-2-750x501.webp 750w, https:\/\/soymigrante.com\/revista\/wp-content\/uploads\/2025\/03\/Cuidados-del-perro-que-no-siempre-se-conocen-2-1140x761.webp 1140w, https:\/\/soymigrante.com\/revista\/wp-content\/uploads\/2025\/03\/Cuidados-del-perro-que-no-siempre-se-conocen-2-scaled.webp 1920w\" sizes=\"(max-width: 768px) 100vw, 768px\" title=\"Cuidados del perro que no siempre se conocen \u2013 SoyMigrante.com REVISTA\" \/>\t\t\t\t\t\t\t\t\t\t\t<figcaption class=\"widget-image-caption wp-caption-text\">Perros con accesorios navide\u00f1os, uno con gorro y bufanda rojos, y otro con cuernos de reno, en una imagen que transmite alegr\u00eda, compa\u00f1erismo y el esp\u00edritu festivo de Navidad.<\/figcaption>\n\t\t\t\t\t\t\t\t\t\t<\/figure>\n\t\t\t\t\t\t\t\t\t<\/div>\n\t\t\t\t\t<\/div>\n\t\t\t\t<\/div>\n\t\t<div data-particle_enable=\"false\" data-particle-mobile-disabled=\"false\" class=\"elementor-element elementor-element-78fdab0 e-flex e-con-boxed e-con e-parent\" data-id=\"78fdab0\" data-element_type=\"container\" data-e-type=\"container\">\n\t\t\t\t\t<div class=\"e-con-inner\">\n\t\t\t\t<div class=\"elementor-element elementor-element-2192dbd elementor-widget elementor-widget-text-editor\" data-id=\"2192dbd\" data-element_type=\"widget\" data-e-type=\"widget\" data-widget_type=\"text-editor.default\">\n\t\t\t\t\t\t\t\t\t<p><strong>3. Limpiar sus orejas con frecuencia<\/strong><\/p><p>Algunas razas son m\u00e1s propensas a infecciones en los o\u00eddos debido a la acumulaci\u00f3n de cera y suciedad. Se recomienda limpiarlas una vez por semana con un pa\u00f1o h\u00famedo o productos espec\u00edficos para perros.<\/p>\t\t\t\t\t\t\t\t<\/div>\n\t\t\t\t\t<\/div>\n\t\t\t\t<\/div>\n\t\t<div data-particle_enable=\"false\" data-particle-mobile-disabled=\"false\" class=\"elementor-element elementor-element-ca13ea4 e-flex e-con-boxed e-con e-parent\" data-id=\"ca13ea4\" data-element_type=\"container\" data-e-type=\"container\">\n\t\t\t\t\t<div class=\"e-con-inner\">\n\t\t\t\t<div class=\"elementor-element elementor-element-6a3c6e5 elementor-widget elementor-widget-text-editor\" data-id=\"6a3c6e5\" data-element_type=\"widget\" data-e-type=\"widget\" data-widget_type=\"text-editor.default\">\n\t\t\t\t\t\t\t\t\t<p><strong>4. Vigilar su hidrataci\u00f3n y calidad del agua<\/strong><\/p><p>No basta con dejar un recipiente con agua. <a href=\"https:\/\/soymigrante.com\/revista\/tener-mascota-en-usa-no-es-cualquier-cosa-detalles-que-quiza-ya-sabias-o-tal-vez-no\/\" target=\"_blank\" rel=\"noopener\">El agua debe cambiarse diariamente,<\/a> y en d\u00edas calurosos, asegurarse de que tenga suficiente para mantenerse hidratado.<\/p>\t\t\t\t\t\t\t\t<\/div>\n\t\t\t\t\t<\/div>\n\t\t\t\t<\/div>\n\t\t<div data-particle_enable=\"false\" data-particle-mobile-disabled=\"false\" class=\"elementor-element elementor-element-b83a7cb e-flex e-con-boxed e-con e-parent\" data-id=\"b83a7cb\" data-element_type=\"container\" data-e-type=\"container\">\n\t\t\t\t\t<div class=\"e-con-inner\">\n\t\t\t\t<div class=\"elementor-element elementor-element-4be4dd0 elementor-widget elementor-widget-image\" data-id=\"4be4dd0\" data-element_type=\"widget\" data-e-type=\"widget\" data-widget_type=\"image.default\">\n\t\t\t\t\t\t\t\t\t\t\t\t<figure class=\"wp-caption\">\n\t\t\t\t\t\t\t\t\t\t<img decoding=\"async\" width=\"768\" height=\"510\" src=\"https:\/\/soymigrante.com\/revista\/wp-content\/uploads\/2025\/03\/Cuidados-del-perro-que-no-siempre-se-conocen-3-1024x680.jpg\" class=\"attachment-large size-large wp-image-28937\" alt=\"Perros de trabajo en la naturaleza, perros de b\u00fasqueda y rescate en el bosque, actividades caninas al aire libre para protecci\u00f3n y aventura.\" srcset=\"https:\/\/soymigrante.com\/revista\/wp-content\/uploads\/2025\/03\/Cuidados-del-perro-que-no-siempre-se-conocen-3-1024x680.jpg 1024w, https:\/\/soymigrante.com\/revista\/wp-content\/uploads\/2025\/03\/Cuidados-del-perro-que-no-siempre-se-conocen-3-300x199.jpg 300w, https:\/\/soymigrante.com\/revista\/wp-content\/uploads\/2025\/03\/Cuidados-del-perro-que-no-siempre-se-conocen-3-768x510.jpg 768w, https:\/\/soymigrante.com\/revista\/wp-content\/uploads\/2025\/03\/Cuidados-del-perro-que-no-siempre-se-conocen-3-1536x1020.jpg 1536w, https:\/\/soymigrante.com\/revista\/wp-content\/uploads\/2025\/03\/Cuidados-del-perro-que-no-siempre-se-conocen-3-2048x1360.jpg 2048w, https:\/\/soymigrante.com\/revista\/wp-content\/uploads\/2025\/03\/Cuidados-del-perro-que-no-siempre-se-conocen-3-750x498.webp 750w, https:\/\/soymigrante.com\/revista\/wp-content\/uploads\/2025\/03\/Cuidados-del-perro-que-no-siempre-se-conocen-3-1140x757.webp 1140w, https:\/\/soymigrante.com\/revista\/wp-content\/uploads\/2025\/03\/Cuidados-del-perro-que-no-siempre-se-conocen-3-scaled.webp 1920w\" sizes=\"(max-width: 768px) 100vw, 768px\" title=\"Cuidados del perro que no siempre se conocen \u2013 SoyMigrante.com REVISTA\" \/>\t\t\t\t\t\t\t\t\t\t\t<figcaption class=\"widget-image-caption wp-caption-text\">Los perros necesitan por lo menos 30 minutos de ejercicio. (Foto: Pexels)<\/figcaption>\n\t\t\t\t\t\t\t\t\t\t<\/figure>\n\t\t\t\t\t\t\t\t\t<\/div>\n\t\t\t\t\t<\/div>\n\t\t\t\t<\/div>\n\t\t<div data-particle_enable=\"false\" data-particle-mobile-disabled=\"false\" class=\"elementor-element elementor-element-d62978d e-flex e-con-boxed e-con e-parent\" data-id=\"d62978d\" data-element_type=\"container\" data-e-type=\"container\">\n\t\t\t\t\t<div class=\"e-con-inner\">\n\t\t\t\t<div class=\"elementor-element elementor-element-854a1ef elementor-widget elementor-widget-text-editor\" data-id=\"854a1ef\" data-element_type=\"widget\" data-e-type=\"widget\" data-widget_type=\"text-editor.default\">\n\t\t\t\t\t\t\t\t\t<p><strong>5. Proteger sus patas del calor o el fr\u00edo extremo<\/strong><\/p><p>Las almohadillas de los perros pueden quemarse con el asfalto caliente en verano o agrietarse en invierno. Se recomienda pasearlos en horarios donde el suelo no est\u00e9 extremadamente caliente y aplicar b\u00e1lsamos especiales para proteger sus patas.<\/p>\t\t\t\t\t\t\t\t<\/div>\n\t\t\t\t\t<\/div>\n\t\t\t\t<\/div>\n\t\t<div data-particle_enable=\"false\" data-particle-mobile-disabled=\"false\" class=\"elementor-element elementor-element-70b7e1b e-flex e-con-boxed e-con e-parent\" data-id=\"70b7e1b\" data-element_type=\"container\" data-e-type=\"container\">\n\t\t\t\t\t<div class=\"e-con-inner\">\n\t\t\t\t<div class=\"elementor-element elementor-element-c132122 elementor-widget elementor-widget-text-editor\" data-id=\"c132122\" data-element_type=\"widget\" data-e-type=\"widget\" data-widget_type=\"text-editor.default\">\n\t\t\t\t\t\t\t\t\t<p><strong>6. Evitar cambios bruscos en la alimentaci\u00f3n<\/strong><\/p><p>Cambiar repentinamente la marca o el tipo de alimento puede provocar problemas digestivos. <a href=\"https:\/\/soymigrante.com\/revista\/tener-mascota-en-usa-no-es-cualquier-cosa-detalles-que-quiza-ya-sabias-o-tal-vez-no\/\" target=\"_blank\" rel=\"noopener\">Es mejor hacer la transici\u00f3n de manera gradual,<\/a> mezclando ambos alimentos durante una o dos semanas.<\/p>\t\t\t\t\t\t\t\t<\/div>\n\t\t\t\t\t<\/div>\n\t\t\t\t<\/div>\n\t\t<div data-particle_enable=\"false\" data-particle-mobile-disabled=\"false\" class=\"elementor-element elementor-element-70fe32f e-flex e-con-boxed e-con e-parent\" data-id=\"70fe32f\" data-element_type=\"container\" data-e-type=\"container\">\n\t\t\t\t\t<div class=\"e-con-inner\">\n\t\t\t\t<div class=\"elementor-element elementor-element-2fb01ea elementor-widget elementor-widget-image\" data-id=\"2fb01ea\" data-element_type=\"widget\" data-e-type=\"widget\" data-widget_type=\"image.default\">\n\t\t\t\t\t\t\t\t\t\t\t\t<figure class=\"wp-caption\">\n\t\t\t\t\t\t\t\t\t\t<img decoding=\"async\" width=\"768\" height=\"512\" src=\"https:\/\/soymigrante.com\/revista\/wp-content\/uploads\/2025\/03\/Cuidados-del-perro-que-no-siempre-se-conocen-4-1024x683.jpg\" class=\"attachment-large size-large wp-image-28938\" alt=\"Perros felices en el campo, perros de raza mix, con pelajes dorado y negro, disfrutando al aire libre en un d\u00eda soleado.\" srcset=\"https:\/\/soymigrante.com\/revista\/wp-content\/uploads\/2025\/03\/Cuidados-del-perro-que-no-siempre-se-conocen-4-1024x683.jpg 1024w, https:\/\/soymigrante.com\/revista\/wp-content\/uploads\/2025\/03\/Cuidados-del-perro-que-no-siempre-se-conocen-4-300x200.jpg 300w, https:\/\/soymigrante.com\/revista\/wp-content\/uploads\/2025\/03\/Cuidados-del-perro-que-no-siempre-se-conocen-4-768x512.jpg 768w, https:\/\/soymigrante.com\/revista\/wp-content\/uploads\/2025\/03\/Cuidados-del-perro-que-no-siempre-se-conocen-4-1536x1024.jpg 1536w, https:\/\/soymigrante.com\/revista\/wp-content\/uploads\/2025\/03\/Cuidados-del-perro-que-no-siempre-se-conocen-4-2048x1366.jpg 2048w, https:\/\/soymigrante.com\/revista\/wp-content\/uploads\/2025\/03\/Cuidados-del-perro-que-no-siempre-se-conocen-4-750x500.webp 750w, https:\/\/soymigrante.com\/revista\/wp-content\/uploads\/2025\/03\/Cuidados-del-perro-que-no-siempre-se-conocen-4-1140x760.webp 1140w, https:\/\/soymigrante.com\/revista\/wp-content\/uploads\/2025\/03\/Cuidados-del-perro-que-no-siempre-se-conocen-4-scaled.webp 1920w\" sizes=\"(max-width: 768px) 100vw, 768px\" title=\"Cuidados del perro que no siempre se conocen \u2013 SoyMigrante.com REVISTA\" \/>\t\t\t\t\t\t\t\t\t\t\t<figcaption class=\"widget-image-caption wp-caption-text\">Dos perros felices y amigables en el c\u00e9sped, representando la alegr\u00eda y la amistad entre mascotas.<\/figcaption>\n\t\t\t\t\t\t\t\t\t\t<\/figure>\n\t\t\t\t\t\t\t\t\t<\/div>\n\t\t\t\t\t<\/div>\n\t\t\t\t<\/div>\n\t\t<div data-particle_enable=\"false\" data-particle-mobile-disabled=\"false\" class=\"elementor-element elementor-element-d24ebf6 e-flex e-con-boxed e-con e-parent\" data-id=\"d24ebf6\" data-element_type=\"container\" data-e-type=\"container\">\n\t\t\t\t\t<div class=\"e-con-inner\">\n\t\t\t\t<div class=\"elementor-element elementor-element-6cf530d elementor-widget elementor-widget-heading\" data-id=\"6cf530d\" data-element_type=\"widget\" data-e-type=\"widget\" data-widget_type=\"heading.default\">\n\t\t\t\t\t<h3 class=\"elementor-heading-title elementor-size-default\">Lo que no se debe hacer<\/h3>\t\t\t\t<\/div>\n\t\t\t\t\t<\/div>\n\t\t\t\t<\/div>\n\t\t<div data-particle_enable=\"false\" data-particle-mobile-disabled=\"false\" class=\"elementor-element elementor-element-fdb7ec7 e-flex e-con-boxed e-con e-parent\" data-id=\"fdb7ec7\" data-element_type=\"container\" data-e-type=\"container\">\n\t\t\t\t\t<div class=\"e-con-inner\">\n\t\t\t\t<div class=\"elementor-element elementor-element-fdd4b6b elementor-widget elementor-widget-text-editor\" data-id=\"fdd4b6b\" data-element_type=\"widget\" data-e-type=\"widget\" data-widget_type=\"text-editor.default\">\n\t\t\t\t\t\t\t\t\t<p><strong>1. Darle comida casera sin consultar a un veterinario<\/strong><\/p><p>Algunos alimentos humanos pueden ser peligrosos para los perros, como el chocolate, la cebolla, el ajo, las uvas y los huesos cocidos. Siempre es mejor optar por croquetas o dietas supervisadas por un especialista.<\/p>\t\t\t\t\t\t\t\t<\/div>\n\t\t\t\t\t<\/div>\n\t\t\t\t<\/div>\n\t\t<div data-particle_enable=\"false\" data-particle-mobile-disabled=\"false\" class=\"elementor-element elementor-element-2517464 e-flex e-con-boxed e-con e-parent\" data-id=\"2517464\" data-element_type=\"container\" data-e-type=\"container\">\n\t\t\t\t\t<div class=\"e-con-inner\">\n\t\t\t\t<div class=\"elementor-element elementor-element-c48b2cd elementor-widget elementor-widget-text-editor\" data-id=\"c48b2cd\" data-element_type=\"widget\" data-e-type=\"widget\" data-widget_type=\"text-editor.default\">\n\t\t\t\t\t\t\t\t\t<p><strong>2. Ba\u00f1arlo en exceso<\/strong><\/p><p>Ba\u00f1ar al perro con demasiada frecuencia puede eliminar los aceites naturales de su piel y provocar sequedad o irritaci\u00f3n. La mayor\u00eda de los perros necesitan un ba\u00f1o cada 3 o 4 semanas, a menos que se ensucien mucho.<\/p>\t\t\t\t\t\t\t\t<\/div>\n\t\t\t\t\t<\/div>\n\t\t\t\t<\/div>\n\t\t<div data-particle_enable=\"false\" data-particle-mobile-disabled=\"false\" class=\"elementor-element elementor-element-7a365ce e-flex e-con-boxed e-con e-parent\" data-id=\"7a365ce\" data-element_type=\"container\" data-e-type=\"container\">\n\t\t\t\t\t<div class=\"e-con-inner\">\n\t\t\t\t<div class=\"elementor-element elementor-element-9a84c69 elementor-widget elementor-widget-image\" data-id=\"9a84c69\" data-element_type=\"widget\" data-e-type=\"widget\" data-widget_type=\"image.default\">\n\t\t\t\t\t\t\t\t\t\t\t\t<figure class=\"wp-caption\">\n\t\t\t\t\t\t\t\t\t\t<img loading=\"lazy\" decoding=\"async\" width=\"768\" height=\"512\" src=\"https:\/\/soymigrante.com\/revista\/wp-content\/uploads\/2025\/03\/Cuidados-del-perro-que-no-siempre-se-conocen-5-1024x683.jpg\" class=\"attachment-large size-large wp-image-28939\" alt=\"Perro blanco con gafas de coraz\u00f3n rosa, imagen adorable y moderna, perfecta para temas de mascotas, verano y estilo de vida.\" srcset=\"https:\/\/soymigrante.com\/revista\/wp-content\/uploads\/2025\/03\/Cuidados-del-perro-que-no-siempre-se-conocen-5-1024x683.jpg 1024w, https:\/\/soymigrante.com\/revista\/wp-content\/uploads\/2025\/03\/Cuidados-del-perro-que-no-siempre-se-conocen-5-300x200.jpg 300w, https:\/\/soymigrante.com\/revista\/wp-content\/uploads\/2025\/03\/Cuidados-del-perro-que-no-siempre-se-conocen-5-768x512.jpg 768w, https:\/\/soymigrante.com\/revista\/wp-content\/uploads\/2025\/03\/Cuidados-del-perro-que-no-siempre-se-conocen-5-1536x1024.jpg 1536w, https:\/\/soymigrante.com\/revista\/wp-content\/uploads\/2025\/03\/Cuidados-del-perro-que-no-siempre-se-conocen-5-2048x1365.jpg 2048w, https:\/\/soymigrante.com\/revista\/wp-content\/uploads\/2025\/03\/Cuidados-del-perro-que-no-siempre-se-conocen-5-750x500.webp 750w, https:\/\/soymigrante.com\/revista\/wp-content\/uploads\/2025\/03\/Cuidados-del-perro-que-no-siempre-se-conocen-5-1140x760.webp 1140w, https:\/\/soymigrante.com\/revista\/wp-content\/uploads\/2025\/03\/Cuidados-del-perro-que-no-siempre-se-conocen-5-scaled.webp 1920w\" sizes=\"(max-width: 768px) 100vw, 768px\" title=\"Cuidados del perro que no siempre se conocen \u2013 SoyMigrante.com REVISTA\" \/>\t\t\t\t\t\t\t\t\t\t\t<figcaption class=\"widget-image-caption wp-caption-text\">Perro con gafas de coraz\u00f3n rosa, estilo de vida, mascotas y tendencia, ideal para art\u00edculos relacionados con animales y moda; imagen linda y actual.<\/figcaption>\n\t\t\t\t\t\t\t\t\t\t<\/figure>\n\t\t\t\t\t\t\t\t\t<\/div>\n\t\t\t\t\t<\/div>\n\t\t\t\t<\/div>\n\t\t<div data-particle_enable=\"false\" data-particle-mobile-disabled=\"false\" class=\"elementor-element elementor-element-fcc3fb3 e-flex e-con-boxed e-con e-parent\" data-id=\"fcc3fb3\" data-element_type=\"container\" data-e-type=\"container\">\n\t\t\t\t\t<div class=\"e-con-inner\">\n\t\t\t\t<div class=\"elementor-element elementor-element-88e1152 elementor-widget elementor-widget-text-editor\" data-id=\"88e1152\" data-element_type=\"widget\" data-e-type=\"widget\" data-widget_type=\"text-editor.default\">\n\t\t\t\t\t\t\t\t\t<p><strong>3. Usar collares inadecuados<\/strong><\/p><p><a href=\"https:\/\/soymigrante.com\/revista\/tener-mascota-en-usa-no-es-cualquier-cosa-detalles-que-quiza-ya-sabias-o-tal-vez-no\/\" target=\"_blank\" rel=\"noopener\">Algunas personas usan collares demasiado apretados o collares de castigo sin saber que pueden lastimar la tr\u00e1quea del perro<\/a>. Es mejor optar por un arn\u00e9s si el perro tira mucho de la correa.<\/p>\t\t\t\t\t\t\t\t<\/div>\n\t\t\t\t\t<\/div>\n\t\t\t\t<\/div>\n\t\t<div data-particle_enable=\"false\" data-particle-mobile-disabled=\"false\" class=\"elementor-element elementor-element-38e5e49 e-flex e-con-boxed e-con e-parent\" data-id=\"38e5e49\" data-element_type=\"container\" data-e-type=\"container\">\n\t\t\t\t\t<div class=\"e-con-inner\">\n\t\t\t\t<div class=\"elementor-element elementor-element-74565df elementor-widget elementor-widget-text-editor\" data-id=\"74565df\" data-element_type=\"widget\" data-e-type=\"widget\" data-widget_type=\"text-editor.default\">\n\t\t\t\t\t\t\t\t\t<p><strong>4. Dejarlo solo por largos per\u00edodos<\/strong><\/p><p>Los perros son animales sociales y necesitan compa\u00f1\u00eda. Dejarlos solos muchas horas al d\u00eda puede causarles ansiedad y comportamientos destructivos.<\/p>\t\t\t\t\t\t\t\t<\/div>\n\t\t\t\t\t<\/div>\n\t\t\t\t<\/div>\n\t\t<div data-particle_enable=\"false\" data-particle-mobile-disabled=\"false\" class=\"elementor-element elementor-element-7763199 e-flex e-con-boxed e-con e-parent\" data-id=\"7763199\" data-element_type=\"container\" data-e-type=\"container\">\n\t\t\t\t\t<div class=\"e-con-inner\">\n\t\t\t\t<div class=\"elementor-element elementor-element-4f72fae elementor-widget elementor-widget-image\" data-id=\"4f72fae\" data-element_type=\"widget\" data-e-type=\"widget\" data-widget_type=\"image.default\">\n\t\t\t\t\t\t\t\t\t\t\t\t<figure class=\"wp-caption\">\n\t\t\t\t\t\t\t\t\t\t<img loading=\"lazy\" decoding=\"async\" width=\"711\" height=\"1024\" src=\"https:\/\/soymigrante.com\/revista\/wp-content\/uploads\/2025\/03\/Cuidados-del-perro-que-no-siempre-se-conocen-6-711x1024.jpg\" class=\"attachment-large size-large wp-image-28940\" alt=\"Perro Golden Retriever con fondo de palmeras y atardecer, imagen amistosa y adorable para contenidos de migrantes, comunidades latinas y vida cotidiana.\" srcset=\"https:\/\/soymigrante.com\/revista\/wp-content\/uploads\/2025\/03\/Cuidados-del-perro-que-no-siempre-se-conocen-6-711x1024.jpg 711w, https:\/\/soymigrante.com\/revista\/wp-content\/uploads\/2025\/03\/Cuidados-del-perro-que-no-siempre-se-conocen-6-208x300.jpg 208w, https:\/\/soymigrante.com\/revista\/wp-content\/uploads\/2025\/03\/Cuidados-del-perro-que-no-siempre-se-conocen-6-768x1106.jpg 768w, https:\/\/soymigrante.com\/revista\/wp-content\/uploads\/2025\/03\/Cuidados-del-perro-que-no-siempre-se-conocen-6-1066x1536.jpg 1066w, https:\/\/soymigrante.com\/revista\/wp-content\/uploads\/2025\/03\/Cuidados-del-perro-que-no-siempre-se-conocen-6-1422x2048.jpg 1422w, https:\/\/soymigrante.com\/revista\/wp-content\/uploads\/2025\/03\/Cuidados-del-perro-que-no-siempre-se-conocen-6-750x1080.webp 750w, https:\/\/soymigrante.com\/revista\/wp-content\/uploads\/2025\/03\/Cuidados-del-perro-que-no-siempre-se-conocen-6-1140x1642.webp 1140w, https:\/\/soymigrante.com\/revista\/wp-content\/uploads\/2025\/03\/Cuidados-del-perro-que-no-siempre-se-conocen-6.webp 1333w\" sizes=\"(max-width: 711px) 100vw, 711px\" title=\"Cuidados del perro que no siempre se conocen \u2013 SoyMigrante.com REVISTA\" \/>\t\t\t\t\t\t\t\t\t\t\t<figcaption class=\"widget-image-caption wp-caption-text\">Dando la bienvenida con un perro adorable, esta imagen simboliza comunidad, hogar y conexi\u00f3n en temas relacionados con migrantes y cultura latina.<\/figcaption>\n\t\t\t\t\t\t\t\t\t\t<\/figure>\n\t\t\t\t\t\t\t\t\t<\/div>\n\t\t\t\t\t<\/div>\n\t\t\t\t<\/div>\n\t\t<div data-particle_enable=\"false\" data-particle-mobile-disabled=\"false\" class=\"elementor-element elementor-element-45197b9 e-flex e-con-boxed e-con e-parent\" data-id=\"45197b9\" data-element_type=\"container\" data-e-type=\"container\">\n\t\t\t\t\t<div class=\"e-con-inner\">\n\t\t\t\t<div class=\"elementor-element elementor-element-2fdecb9 elementor-widget elementor-widget-text-editor\" data-id=\"2fdecb9\" data-element_type=\"widget\" data-e-type=\"widget\" data-widget_type=\"text-editor.default\">\n\t\t\t\t\t\t\t\t\t<p><strong>5. No llevarlo al veterinario regularmente<\/strong><\/p><p>Muchos due\u00f1os solo llevan a su perro al veterinario cuando est\u00e1 enfermo. Sin embargo, es fundamental hacer chequeos al menos una vez al a\u00f1o para prevenir enfermedades y mantener sus vacunas al d\u00eda.<\/p>\t\t\t\t\t\t\t\t<\/div>\n\t\t\t\t\t<\/div>\n\t\t\t\t<\/div>\n\t\t<div data-particle_enable=\"false\" data-particle-mobile-disabled=\"false\" class=\"elementor-element elementor-element-6352e84 e-flex e-con-boxed e-con e-parent\" data-id=\"6352e84\" data-element_type=\"container\" data-e-type=\"container\">\n\t\t\t\t\t<div class=\"e-con-inner\">\n\t\t\t\t<div class=\"elementor-element elementor-element-834815c elementor-widget elementor-widget-text-editor\" data-id=\"834815c\" data-element_type=\"widget\" data-e-type=\"widget\" data-widget_type=\"text-editor.default\">\n\t\t\t\t\t\t\t\t\t<p>Con estos consejos, <a href=\"https:\/\/soymigrante.com\/revista\/tener-mascota-en-usa-no-es-cualquier-cosa-detalles-que-quiza-ya-sabias-o-tal-vez-no\/\" target=\"_blank\" rel=\"noopener\">puedes garantizar que tu mascota tenga una vida larga, sana y feliz.<\/a><\/p>\t\t\t\t\t\t\t\t<\/div>\n\t\t\t\t\t<\/div>\n\t\t\t\t<\/div>\n\t\t<div data-particle_enable=\"false\" data-particle-mobile-disabled=\"false\" class=\"elementor-element elementor-element-391f83d e-flex e-con-boxed e-con e-parent\" data-id=\"391f83d\" data-element_type=\"container\" data-e-type=\"container\">\n\t\t\t\t\t<div class=\"e-con-inner\">\n\t\t\t\t<div class=\"elementor-element elementor-element-c9f069b elementor-widget elementor-widget-heading\" data-id=\"c9f069b\" data-element_type=\"widget\" data-e-type=\"widget\" data-widget_type=\"heading.default\">\n\t\t\t\t\t<h2 class=\"elementor-heading-title elementor-size-default\">Estos temas te pueden interesar...<\/h2>\t\t\t\t<\/div>\n\t\t\t\t\t<\/div>\n\t\t\t\t<\/div>\n\t\t<div data-particle_enable=\"false\" data-particle-mobile-disabled=\"false\" class=\"elementor-element elementor-element-a716923 e-flex e-con-boxed e-con e-parent\" data-id=\"a716923\" data-element_type=\"container\" data-e-type=\"container\">\n\t\t\t\t\t<div class=\"e-con-inner\">\n\t\t\t\t<div class=\"elementor-element elementor-element-99f32fc elementor-grid-eael-col-3 elementor-grid-tablet-eael-col-2 elementor-grid-mobile-eael-col-1 elementor-widget elementor-widget-eael-post-grid\" data-id=\"99f32fc\" data-element_type=\"widget\" data-e-type=\"widget\" data-settings=\"{&quot;eael_post_grid_columns&quot;:&quot;eael-col-3&quot;,&quot;eael_post_grid_columns_tablet&quot;:&quot;eael-col-2&quot;,&quot;eael_post_grid_columns_mobile&quot;:&quot;eael-col-1&quot;}\" data-widget_type=\"eael-post-grid.default\">\n\t\t\t\t\t<div id=\"eael-post-grid-99f32fc\" class=\"eael-post-grid-container\">\n            <div class=\"eael-post-grid eael-post-appender eael-post-appender-99f32fc eael-post-grid-style-one\" data-layout-mode=\"masonry\"><article class=\"eael-grid-post  eael-post-grid-column eael-pg-post-24297 category-guate-nuestra\" data-id=\"24297\">\n        <div class=\"eael-grid-post-holder\">\n            <div class=\"eael-grid-post-holder-inner\"><div class=\"eael-entry-media\"><div class=\"eael-entry-overlay fade-in\"><i class=\"far fa-hand-pointer\" aria-hidden=\"true\"><\/i><a href=\"https:\/\/soymigrante.com\/revista\/la-unica-raza-de-perros-originaria-de-centro-america-el-dogo-guatemalteco\/\"><\/a><\/div><div class=\"eael-entry-thumbnail \">\n                <img loading=\"lazy\" decoding=\"async\" width=\"735\" height=\"488\" src=\"https:\/\/soymigrante.com\/revista\/wp-content\/uploads\/2025\/02\/Dogo-guatemalteco-3.webp\" class=\"attachment-large size-large wp-image-24298\" alt=\"Perro cachorro raza pitbull en campo al aire libre.\" srcset=\"https:\/\/soymigrante.com\/revista\/wp-content\/uploads\/2025\/02\/Dogo-guatemalteco-3.webp 735w, https:\/\/soymigrante.com\/revista\/wp-content\/uploads\/2025\/02\/Dogo-guatemalteco-3-300x199.jpeg 300w\" sizes=\"(max-width: 735px) 100vw, 735px\" \/>\n            <\/div>\n        <\/div><div class=\"eael-entry-wrapper\"><header class=\"eael-entry-header\"><h2 class=\"eael-entry-title\"><a class=\"eael-grid-post-link\" href=\"https:\/\/soymigrante.com\/revista\/la-unica-raza-de-perros-originaria-de-centro-america-el-dogo-guatemalteco\/\" title=\"Dogo guatemalteco es la \u00fanica raza de perros originaria de Centro Am\u00e9rica\">Dogo guatemalteco es la \u00fanica raza de perros originaria de Centro Am\u00e9rica<\/a><\/h2><\/header><div class=\"eael-entry-content\">\n                        <div class=\"eael-grid-post-excerpt\"><a href=\"https:\/\/soymigrante.com\/revista\/la-unica-raza-de-perros-originaria-de-centro-america-el-dogo-guatemalteco\/\" class=\"eael-post-elements-readmore-btn\">CONOCE SU HISTORIA <\/a><\/div>\n                    <\/div><\/div><\/div>\n        <\/div>\n    <\/article><article class=\"eael-grid-post  eael-post-grid-column eael-pg-post-13831 category-bienestar\" data-id=\"13831\">\n        <div class=\"eael-grid-post-holder\">\n            <div class=\"eael-grid-post-holder-inner\"><div class=\"eael-entry-media\"><div class=\"eael-entry-overlay fade-in\"><i class=\"far fa-hand-pointer\" aria-hidden=\"true\"><\/i><a href=\"https:\/\/soymigrante.com\/revista\/tener-mascota-en-usa-no-es-cualquier-cosa-detalles-que-quiza-ya-sabias-o-tal-vez-no\/\"><\/a><\/div><div class=\"eael-entry-thumbnail \">\n                <img loading=\"lazy\" decoding=\"async\" width=\"887\" height=\"887\" src=\"https:\/\/soymigrante.com\/revista\/wp-content\/uploads\/2024\/11\/mascotas-en-usa.webp\" class=\"attachment-large size-large wp-image-14159\" alt=\"Un perro con una manta encima, en un ambiente hogare\u00f1o, resaltando la tem\u00e1tica de mascotas y bienestar animal en la revista SoyMigrante.com REVISTA.\" srcset=\"https:\/\/soymigrante.com\/revista\/wp-content\/uploads\/2024\/11\/mascotas-en-usa.webp 887w, https:\/\/soymigrante.com\/revista\/wp-content\/uploads\/2024\/11\/mascotas-en-usa-300x300.jpg 300w, https:\/\/soymigrante.com\/revista\/wp-content\/uploads\/2024\/11\/mascotas-en-usa-150x150.jpg 150w, https:\/\/soymigrante.com\/revista\/wp-content\/uploads\/2024\/11\/mascotas-en-usa-768x768.jpg 768w, https:\/\/soymigrante.com\/revista\/wp-content\/uploads\/2024\/11\/mascotas-en-usa-75x75.webp 75w, https:\/\/soymigrante.com\/revista\/wp-content\/uploads\/2024\/11\/mascotas-en-usa-750x750.webp 750w\" sizes=\"(max-width: 887px) 100vw, 887px\" \/>\n            <\/div>\n        <\/div><div class=\"eael-entry-wrapper\"><header class=\"eael-entry-header\"><h2 class=\"eael-entry-title\"><a class=\"eael-grid-post-link\" href=\"https:\/\/soymigrante.com\/revista\/tener-mascota-en-usa-no-es-cualquier-cosa-detalles-que-quiza-ya-sabias-o-tal-vez-no\/\" title=\"Tener mascota en USA no es cualquier cosa: detalles que quiz\u00e1 ya sab\u00edas o tal vez no\">Tener mascota en USA no es cualquier cosa: detalles que quiz\u00e1 ya sab\u00edas o tal vez no<\/a><\/h2><\/header><div class=\"eael-entry-content\">\n                        <div class=\"eael-grid-post-excerpt\"><a href=\"https:\/\/soymigrante.com\/revista\/tener-mascota-en-usa-no-es-cualquier-cosa-detalles-que-quiza-ya-sabias-o-tal-vez-no\/\" class=\"eael-post-elements-readmore-btn\">CONOCE SU HISTORIA <\/a><\/div>\n                    <\/div><\/div><\/div>\n        <\/div>\n    <\/article><article class=\"eael-grid-post  eael-post-grid-column eael-pg-post-8026 category-bienestar\" data-id=\"8026\">\n        <div class=\"eael-grid-post-holder\">\n            <div class=\"eael-grid-post-holder-inner\"><div class=\"eael-entry-media\"><div class=\"eael-entry-overlay fade-in\"><i class=\"far fa-hand-pointer\" aria-hidden=\"true\"><\/i><a href=\"https:\/\/soymigrante.com\/revista\/algunas-claves-sobre-el-cuidado-de-los-ninos-de-cero-a-5-anos\/\"><\/a><\/div><div class=\"eael-entry-thumbnail \">\n                <img loading=\"lazy\" decoding=\"async\" width=\"1024\" height=\"683\" src=\"https:\/\/soymigrante.com\/revista\/wp-content\/uploads\/2024\/08\/Desarrollo-infantil-envato-1024x683.webp\" class=\"attachment-large size-large wp-image-8041\" alt=\"Ni\u00f1a en parque infantil deslizando en tobog\u00e1n, juego para ni\u00f1os, diversi\u00f3n infantil, espacio de recreo y esparcimiento, infancia y juegos.\" \/>\n            <\/div>\n        <\/div><div class=\"eael-entry-wrapper\"><header class=\"eael-entry-header\"><h2 class=\"eael-entry-title\"><a class=\"eael-grid-post-link\" href=\"https:\/\/soymigrante.com\/revista\/algunas-claves-sobre-el-cuidado-de-los-ninos-de-cero-a-5-anos\/\" title=\"Algunas claves sobre el cuidado de los ni\u00f1os de cero a 5 a\u00f1os\">Algunas claves sobre el cuidado de los ni\u00f1os de cero a 5 a\u00f1os<\/a><\/h2><\/header><div class=\"eael-entry-content\">\n                        <div class=\"eael-grid-post-excerpt\"><a href=\"https:\/\/soymigrante.com\/revista\/algunas-claves-sobre-el-cuidado-de-los-ninos-de-cero-a-5-anos\/\" class=\"eael-post-elements-readmore-btn\">CONOCE SU HISTORIA <\/a><\/div>\n                    <\/div><\/div><\/div>\n        <\/div>\n    <\/article><\/div>\n            <div class=\"clearfix\"><\/div>\n        <\/div>\t\t\t\t<\/div>\n\t\t\t\t\t<\/div>\n\t\t\t\t<\/div>\n\t\t\t\t<\/div>\n\t\t","protected":false},"excerpt":{"rendered":"<p>Cuidados del perro que implican conocer sus necesidades m\u00e1s all\u00e1 de lo b\u00e1sico. Tener un perro como mascota implica m\u00e1s que solo alimentarlo y sacarlo a pasear. Muchos due\u00f1os desconocen ciertos cuidados esenciales para su bienestar y, en algunos casos, cometen errores que pueden afectar su salud. A continuaci\u00f3n, te contamos algunos cuidados poco conocidos [&hellip;]<\/p>\n","protected":false},"author":19,"featured_media":28934,"comment_status":"open","ping_status":"open","sticky":false,"template":"","format":"standard","meta":{"_acf_changed":false,"_eb_attr":"","footnotes":""},"categories":[55],"tags":[],"class_list":["post-28933","post","type-post","status-publish","format-standard","has-post-thumbnail","hentry","category-bienestar"],"acf":[],"aioseo_notices":[],"aioseo_head":"\n\t\t<!-- All in One SEO Pro 4.9.6.2 - aioseo.com -->\n\t<meta name=\"description\" content=\"El desarrollo de tus hijos entre el primer a\u00f1o y los cincos a\u00f1os de vida son fundamentales en su desenvolvimiento y aprendizaje.\" \/>\n\t<meta name=\"robots\" content=\"max-snippet:-1, max-image-preview:large, max-video-preview:-1\" \/>\n\t<meta name=\"author\" content=\"Beatriz Tercero\"\/>\n\t<link rel=\"canonical\" href=\"https:\/\/soymigrante.com\/revista\/algunas-claves-sobre-el-cuidado-de-los-ninos-de-cero-a-5-anos\/\" \/>\n\t<meta name=\"generator\" content=\"All in One SEO Pro (AIOSEO) 4.9.6.2\" \/>\n\n\t\t<link rel=\"preconnect\" href=\"https:\/\/fonts.googleapis.com\" crossorigin>\n<link rel=\"preconnect\" href=\"https:\/\/fonts.gstatic.com\" crossorigin>\n\t\t<meta property=\"og:locale\" content=\"es_ES\" \/>\n\t\t<meta property=\"og:site_name\" content=\"SoyMigrante.com REVISTA \u2013 Nuestra misi\u00f3n es reconocer y dignificar al migrante.\" \/>\n\t\t<meta property=\"og:type\" content=\"article\" \/>\n\t\t<meta property=\"og:title\" content=\"Algunas claves para el cuidado de ni\u00f1os de 0 a 5 a\u00f1os\" \/>\n\t\t<meta property=\"og:description\" content=\"El desarrollo de tus hijos entre el primer a\u00f1o y los cincos a\u00f1os de vida son fundamentales en su desenvolvimiento y aprendizaje.\" \/>\n\t\t<meta property=\"og:url\" content=\"https:\/\/soymigrante.com\/revista\/algunas-claves-sobre-el-cuidado-de-los-ninos-de-cero-a-5-anos\/\" \/>\n\t\t<meta property=\"og:image\" content=\"https:\/\/soymigrante.com\/revista\/wp-content\/uploads\/2024\/08\/Desarrollo-infantil-envato-scaled-e1723822763708.webp\" \/>\n\t\t<meta property=\"og:image:secure_url\" content=\"https:\/\/soymigrante.com\/revista\/wp-content\/uploads\/2024\/08\/Desarrollo-infantil-envato-scaled-e1723822763708.webp\" \/>\n\t\t<meta property=\"og:image:width\" content=\"1020\" \/>\n\t\t<meta property=\"og:image:height\" content=\"1020\" \/>\n\t\t<meta property=\"article:published_time\" content=\"2024-08-16T15:26:18+00:00\" \/>\n\t\t<meta property=\"article:modified_time\" content=\"2024-08-16T15:39:32+00:00\" \/>\n\t\t<meta property=\"article:publisher\" content=\"https:\/\/www.facebook.com\/soymigrantecom\" \/>\n\t\t<meta name=\"twitter:card\" content=\"summary_large_image\" \/>\n\t\t<meta name=\"twitter:site\" content=\"@SoyMigrante_com\" \/>\n\t\t<meta name=\"twitter:title\" content=\"Algunas claves para el cuidado de ni\u00f1os de 0 a 5 a\u00f1os\" \/>\n\t\t<meta name=\"twitter:description\" content=\"El desarrollo de tus hijos entre el primer a\u00f1o y los cincos a\u00f1os de vida son fundamentales en su desenvolvimiento y aprendizaje.\" \/>\n\t\t<meta name=\"twitter:creator\" content=\"@SoyMigrante_com\" \/>\n\t\t<meta name=\"twitter:image\" content=\"https:\/\/soymigrante.com\/revista\/wp-content\/uploads\/2024\/08\/Desarrollo-infantil-envato-scaled-e1723822763708.webp\" \/>\n\t\t<!-- All in One SEO Pro -->\r\n\t\t<title>Algunas claves para el cuidado de ni\u00f1os de 0 a 5 a\u00f1os<\/title>\n\n","aioseo_head_json":{"title":"Algunas claves para el cuidado de ni\u00f1os de 0 a 5 a\u00f1os","description":"El desarrollo de tus hijos entre el primer a\u00f1o y los cincos a\u00f1os de vida son fundamentales en su desenvolvimiento y aprendizaje.","canonical_url":"https:\/\/soymigrante.com\/revista\/algunas-claves-sobre-el-cuidado-de-los-ninos-de-cero-a-5-anos\/","robots":"max-snippet:-1, max-image-preview:large, max-video-preview:-1","keywords":"","webmasterTools":{"miscellaneous":"&lt;link rel=\"preconnect\" href=\"https:\/\/fonts.googleapis.com\" crossorigin&gt;\n&lt;link rel=\"preconnect\" href=\"https:\/\/fonts.gstatic.com\" crossorigin&gt;"},"schema":null,"og:locale":"es_ES","og:site_name":"SoyMigrante.com REVISTA \u2013 Nuestra misi\u00f3n es reconocer y dignificar al migrante.","og:type":"article","og:title":"Algunas claves para el cuidado de ni\u00f1os de 0 a 5 a\u00f1os","og:description":"El desarrollo de tus hijos entre el primer a\u00f1o y los cincos a\u00f1os de vida son fundamentales en su desenvolvimiento y aprendizaje.","og:url":"https:\/\/soymigrante.com\/revista\/algunas-claves-sobre-el-cuidado-de-los-ninos-de-cero-a-5-anos\/","og:image":"https:\/\/soymigrante.com\/revista\/wp-content\/uploads\/2024\/08\/Desarrollo-infantil-envato-scaled-e1723822763708.webp","og:image:secure_url":"https:\/\/soymigrante.com\/revista\/wp-content\/uploads\/2024\/08\/Desarrollo-infantil-envato-scaled-e1723822763708.webp","og:image:width":1020,"og:image:height":1020,"article:published_time":"2024-08-16T15:26:18+00:00","article:modified_time":"2024-08-16T15:39:32+00:00","article:publisher":"https:\/\/www.facebook.com\/soymigrantecom","twitter:card":"summary_large_image","twitter:site":"@SoyMigrante_com","twitter:title":"Algunas claves para el cuidado de ni\u00f1os de 0 a 5 a\u00f1os","twitter:description":"El desarrollo de tus hijos entre el primer a\u00f1o y los cincos a\u00f1os de vida son fundamentales en su desenvolvimiento y aprendizaje.","twitter:creator":"@SoyMigrante_com","twitter:image":"https:\/\/soymigrante.com\/revista\/wp-content\/uploads\/2024\/08\/Desarrollo-infantil-envato-scaled-e1723822763708.webp"},"aioseo_meta_data":{"post_id":"28933","title":"Cari\u00f1o a la mascota \u00bfPracticas estos cuidados con tu perro?","description":"Las mascotas ocupan un lugar especial en la vida de las familias. Si se trata de un perro nunca est\u00e1 de m\u00e1s repasar los cuidados que necesita.","keywords":null,"keyphrases":{"focus":{"keyphrase":"Cuidados del perro","score":51,"analysis":{"keyphraseInTitle":{"score":3,"maxScore":9,"error":1},"keyphraseInDescription":{"score":3,"maxScore":9,"error":1},"keyphraseLength":{"score":9,"maxScore":9,"error":0,"length":3},"keyphraseInURL":{"score":5,"maxScore":5,"error":0},"keyphraseInIntroduction":{"score":3,"maxScore":9,"error":1},"keyphraseInSubHeadings":{"score":3,"maxScore":9,"error":1},"keyphraseInImageAlt":{"score":9,"maxScore":9,"error":0},"keywordDensity":{"score":0,"type":"low","maxScore":9,"error":1}}},"additional":[{"keyphrase":"Mascotas","score":67,"analysis":{"keyphraseInDescription":{"score":9,"maxScore":9,"error":0},"keyphraseLength":{"score":9,"maxScore":9,"error":0,"length":1},"keyphraseInIntroduction":{"score":3,"maxScore":9,"error":1},"keyphraseInImageAlt":{"score":9,"maxScore":9,"error":0},"keywordDensity":{"score":0,"type":"low","maxScore":9,"error":1}}}]},"primary_term":null,"canonical_url":null,"og_title":null,"og_description":null,"og_object_type":"default","og_image_type":"default","og_image_url":null,"og_image_width":null,"og_image_height":null,"og_image_custom_url":null,"og_image_custom_fields":null,"og_video":"","og_custom_url":null,"og_article_section":null,"og_article_tags":null,"twitter_use_og":false,"twitter_card":"default","twitter_image_type":"default","twitter_image_url":null,"twitter_image_custom_url":null,"twitter_image_custom_fields":null,"twitter_title":null,"twitter_description":null,"schema":{"blockGraphs":[],"customGraphs":[],"default":{"data":{"Article":[],"Course":[],"Dataset":[],"FAQPage":[],"Movie":[],"Person":[],"Product":[],"ProductReview":[],"Car":[],"Recipe":[],"Service":[],"SoftwareApplication":[],"WebPage":[]},"graphName":"BlogPosting","isEnabled":true},"graphs":[]},"schema_type":"default","schema_type_options":null,"pillar_content":false,"robots_default":true,"robots_noindex":false,"robots_noarchive":false,"robots_nosnippet":false,"robots_nofollow":false,"robots_noimageindex":false,"robots_noodp":false,"robots_notranslate":false,"robots_max_snippet":"-1","robots_max_videopreview":"-1","robots_max_imagepreview":"large","priority":null,"frequency":"default","local_seo":null,"seo_analyzer_scan_date":"2025-10-09 03:45:22","breadcrumb_settings":null,"limit_modified_date":false,"reviewed_by":null,"open_ai":"{\"title\":{\"suggestions\":[],\"usage\":0},\"description\":{\"suggestions\":[],\"usage\":0}}","ai":null,"created":"2025-03-20 20:10:44","updated":"2026-02-04 22:24:53"},"aioseo_breadcrumb":"<div class=\"aioseo-breadcrumbs\"><span class=\"aioseo-breadcrumb\">\n\t<a href=\"https:\/\/soymigrante.com\/revista\" title=\"Home\">Home<\/a>\n<\/span><span class=\"aioseo-breadcrumb-separator\">\u00bb<\/span><span class=\"aioseo-breadcrumb\">\n\t<a href=\"https:\/\/soymigrante.com\/revista\/category\/bienestar\/\" title=\"Bienestar\">Bienestar<\/a>\n<\/span><span class=\"aioseo-breadcrumb-separator\">\u00bb<\/span><span class=\"aioseo-breadcrumb\">\n\tA la mascota con cari\u00f1o: cuidados del perro que no siempre se conocen\n<\/span><\/div>","aioseo_breadcrumb_json":[{"label":"Home","link":"https:\/\/soymigrante.com\/revista"},{"label":"Bienestar","link":"https:\/\/soymigrante.com\/revista\/category\/bienestar\/"},{"label":"A la mascota con cari\u00f1o: cuidados del perro que no siempre se conocen","link":"https:\/\/soymigrante.com\/revista\/a-la-mascota-con-carino-cuidados-del-perro-que-no-siempre-se-conocen\/"}],"_links":{"self":[{"href":"https:\/\/soymigrante.com\/revista\/wp-json\/wp\/v2\/posts\/28933","targetHints":{"allow":["GET"]}}],"collection":[{"href":"https:\/\/soymigrante.com\/revista\/wp-json\/wp\/v2\/posts"}],"about":[{"href":"https:\/\/soymigrante.com\/revista\/wp-json\/wp\/v2\/types\/post"}],"author":[{"embeddable":true,"href":"https:\/\/soymigrante.com\/revista\/wp-json\/wp\/v2\/users\/19"}],"replies":[{"embeddable":true,"href":"https:\/\/soymigrante.com\/revista\/wp-json\/wp\/v2\/comments?post=28933"}],"version-history":[{"count":0,"href":"https:\/\/soymigrante.com\/revista\/wp-json\/wp\/v2\/posts\/28933\/revisions"}],"wp:featuredmedia":[{"embeddable":true,"href":"https:\/\/soymigrante.com\/revista\/wp-json\/wp\/v2\/media\/28934"}],"wp:attachment":[{"href":"https:\/\/soymigrante.com\/revista\/wp-json\/wp\/v2\/media?parent=28933"}],"wp:term":[{"taxonomy":"category","embeddable":true,"href":"https:\/\/soymigrante.com\/revista\/wp-json\/wp\/v2\/categories?post=28933"},{"taxonomy":"post_tag","embeddable":true,"href":"https:\/\/soymigrante.com\/revista\/wp-json\/wp\/v2\/tags?post=28933"}],"curies":[{"name":"wp","href":"https:\/\/api.w.org\/{rel}","templated":true}]}}