{"id":28902,"date":"2025-04-25T08:00:00","date_gmt":"2025-04-25T14:00:00","guid":{"rendered":"https:\/\/soymigrante.com\/revista\/?p=28902"},"modified":"2025-08-27T11:42:17","modified_gmt":"2025-08-27T17:42:17","slug":"como-organizar-la-fiesta-infantil-perfecta","status":"publish","type":"post","link":"https:\/\/soymigrante.com\/revista\/como-organizar-la-fiesta-infantil-perfecta\/","title":{"rendered":"\u00bfC\u00f3mo organizar la fiesta infantil perfecta?"},"content":{"rendered":"\t\t<div data-elementor-type=\"wp-post\" data-elementor-id=\"28902\" class=\"elementor elementor-28902\" data-elementor-post-type=\"post\">\n\t\t\t\t<div data-particle_enable=\"false\" data-particle-mobile-disabled=\"false\" class=\"elementor-element elementor-element-2c68e91 e-flex e-con-boxed e-con e-parent\" data-id=\"2c68e91\" data-element_type=\"container\" data-e-type=\"container\">\n\t\t\t\t\t<div class=\"e-con-inner\">\n\t\t\t\t<div class=\"elementor-element elementor-element-d19c779 elementor-widget elementor-widget-heading\" data-id=\"d19c779\" data-element_type=\"widget\" data-e-type=\"widget\" data-widget_type=\"heading.default\">\n\t\t\t\t\t<h2 class=\"elementor-heading-title elementor-size-default\">La fiesta infantil perfecta es aquella que combina diversi\u00f3n, organizaci\u00f3n y seguridad.<\/h2>\t\t\t\t<\/div>\n\t\t\t\t\t<\/div>\n\t\t\t\t<\/div>\n\t\t<div data-particle_enable=\"false\" data-particle-mobile-disabled=\"false\" class=\"elementor-element elementor-element-540f3cf e-flex e-con-boxed e-con e-parent\" data-id=\"540f3cf\" data-element_type=\"container\" data-e-type=\"container\">\n\t\t\t\t\t<div class=\"e-con-inner\">\n\t\t\t\t<div class=\"elementor-element elementor-element-bc7c916 elementor-widget elementor-widget-text-editor\" data-id=\"bc7c916\" data-element_type=\"widget\" data-e-type=\"widget\" data-widget_type=\"text-editor.default\">\n\t\t\t\t\t\t\t\t\t<p>Organizar una fiesta infantil puede ser un desaf\u00edo, ya que se debe equilibrar diversi\u00f3n, seguridad y comodidad para los peque\u00f1os invitados.<\/p><p>Para que la celebraci\u00f3n sea un \u00e9xito, es importante<a href=\"https:\/\/soymigrante.com\/revista\/ensenar-a-los-ninos-a-identificar-las-emociones-puede-fortalecerlos\/\" target=\"_blank\" rel=\"noopener\"> planificar cada detalle con anticipaci\u00f3n.<\/a><\/p>\t\t\t\t\t\t\t\t<\/div>\n\t\t\t\t\t<\/div>\n\t\t\t\t<\/div>\n\t\t<div data-particle_enable=\"false\" data-particle-mobile-disabled=\"false\" class=\"elementor-element elementor-element-3e52cac e-flex e-con-boxed e-con e-parent\" data-id=\"3e52cac\" data-element_type=\"container\" data-e-type=\"container\">\n\t\t\t\t\t<div class=\"e-con-inner\">\n\t\t\t\t<div class=\"elementor-element elementor-element-d09c3f1 elementor-widget elementor-widget-heading\" data-id=\"d09c3f1\" data-element_type=\"widget\" data-e-type=\"widget\" data-widget_type=\"heading.default\">\n\t\t\t\t\t<h3 class=\"elementor-heading-title elementor-size-default\">\u00bfCu\u00e1l es la fiesta infantil perfecta?<\/h3>\t\t\t\t<\/div>\n\t\t\t\t\t<\/div>\n\t\t\t\t<\/div>\n\t\t<div data-particle_enable=\"false\" data-particle-mobile-disabled=\"false\" class=\"elementor-element elementor-element-1ab9666 e-flex e-con-boxed e-con e-parent\" data-id=\"1ab9666\" data-element_type=\"container\" data-e-type=\"container\">\n\t\t\t\t\t<div class=\"e-con-inner\">\n\t\t\t\t<div class=\"elementor-element elementor-element-d973bab elementor-widget elementor-widget-text-editor\" data-id=\"d973bab\" data-element_type=\"widget\" data-e-type=\"widget\" data-widget_type=\"text-editor.default\">\n\t\t\t\t\t\t\t\t\t<div>La fiesta infantil ideal <a href=\"https:\/\/soymigrante.com\/revista\/ensenar-a-los-ninos-a-identificar-las-emociones-puede-fortalecerlos\/\" target=\"_blank\" rel=\"noopener\">es aquella que logra que los ni\u00f1os se diviertan y disfruten sin complicaciones.<\/a><\/div><div>No es necesario un evento lujoso, sino uno en el que la tem\u00e1tica, los juegos y la comida sean adecuados para la edad de los invitados.<\/div><div>\u00a0<\/div><div>Algunos elementos que pueden hacer que una fiesta sea memorable incluyen:<\/div><div><strong>\u2022Tem\u00e1tica atractiva<\/strong>: Elegir un tema seg\u00fan los gustos del cumplea\u00f1ero (dibujos animados, superh\u00e9roes, princesas, deportes, etc.).<\/div><div><strong>\u2022Actividades entretenidas:<\/strong> Juegos al aire libre, din\u00e1micas grupales, pi\u00f1atas o estaciones de manualidades.<\/div><div><strong>\u2022Un ambiente seguro:<\/strong> Espacios adecuados para la edad de los ni\u00f1os, sin objetos peligrosos o de riesgo.<\/div><div><strong>\u2022Buena organizaci\u00f3n:<\/strong> Un cronograma que permita mantener el orden, evitando momentos de aburrimiento o caos.<\/div>\t\t\t\t\t\t\t\t<\/div>\n\t\t\t\t\t<\/div>\n\t\t\t\t<\/div>\n\t\t<div data-particle_enable=\"false\" data-particle-mobile-disabled=\"false\" class=\"elementor-element elementor-element-bd64527 e-flex e-con-boxed e-con e-parent\" data-id=\"bd64527\" data-element_type=\"container\" data-e-type=\"container\">\n\t\t\t\t\t<div class=\"e-con-inner\">\n\t\t\t\t<div class=\"elementor-element elementor-element-50854c2 elementor-widget elementor-widget-image\" data-id=\"50854c2\" data-element_type=\"widget\" data-e-type=\"widget\" data-widget_type=\"image.default\">\n\t\t\t\t\t\t\t\t\t\t\t\t<figure class=\"wp-caption\">\n\t\t\t\t\t\t\t\t\t\t<img fetchpriority=\"high\" decoding=\"async\" width=\"768\" height=\"513\" src=\"https:\/\/soymigrante.com\/revista\/wp-content\/uploads\/2025\/03\/Co\u0301mo-organizar-la-fiesta-infantil-perfecta3-1024x684.jpg\" class=\"attachment-large size-large wp-image-28908\" alt=\"\u00bfC\u00f3mo organizar la fiesta infantil perfecta?\" srcset=\"https:\/\/soymigrante.com\/revista\/wp-content\/uploads\/2025\/03\/Co\u0301mo-organizar-la-fiesta-infantil-perfecta3-1024x684.jpg 1024w, https:\/\/soymigrante.com\/revista\/wp-content\/uploads\/2025\/03\/Co\u0301mo-organizar-la-fiesta-infantil-perfecta3-300x200.jpg 300w, https:\/\/soymigrante.com\/revista\/wp-content\/uploads\/2025\/03\/Co\u0301mo-organizar-la-fiesta-infantil-perfecta3-768x513.jpg 768w, https:\/\/soymigrante.com\/revista\/wp-content\/uploads\/2025\/03\/Co\u0301mo-organizar-la-fiesta-infantil-perfecta3-1536x1025.jpg 1536w, https:\/\/soymigrante.com\/revista\/wp-content\/uploads\/2025\/03\/Co\u0301mo-organizar-la-fiesta-infantil-perfecta3-2048x1367.jpg 2048w, https:\/\/soymigrante.com\/revista\/wp-content\/uploads\/2025\/03\/Co\u0301mo-organizar-la-fiesta-infantil-perfecta3-750x501.webp 750w, https:\/\/soymigrante.com\/revista\/wp-content\/uploads\/2025\/03\/Co\u0301mo-organizar-la-fiesta-infantil-perfecta3-1140x761.webp 1140w, https:\/\/soymigrante.com\/revista\/wp-content\/uploads\/2025\/03\/Co\u0301mo-organizar-la-fiesta-infantil-perfecta3-scaled.webp 1920w\" sizes=\"(max-width: 768px) 100vw, 768px\" title=\"\u00bfC\u00f3mo organizar la fiesta infantil perfecta? \u2013 SoyMigrante.com REVISTA\" \/>\t\t\t\t\t\t\t\t\t\t\t<figcaption class=\"widget-image-caption wp-caption-text\">Las fiestas infantiles son para que los ni\u00f1os lo pasen bien con las personas que ellos quieren. (Foto: Pexels)<\/figcaption>\n\t\t\t\t\t\t\t\t\t\t<\/figure>\n\t\t\t\t\t\t\t\t\t<\/div>\n\t\t\t\t\t<\/div>\n\t\t\t\t<\/div>\n\t\t<div data-particle_enable=\"false\" data-particle-mobile-disabled=\"false\" class=\"elementor-element elementor-element-adf0af4 e-flex e-con-boxed e-con e-parent\" data-id=\"adf0af4\" data-element_type=\"container\" data-e-type=\"container\">\n\t\t\t\t\t<div class=\"e-con-inner\">\n\t\t\t\t<div class=\"elementor-element elementor-element-7264ba2 elementor-widget elementor-widget-heading\" data-id=\"7264ba2\" data-element_type=\"widget\" data-e-type=\"widget\" data-widget_type=\"heading.default\">\n\t\t\t\t\t<h3 class=\"elementor-heading-title elementor-size-default\">\u00bfQu\u00e9 no puede faltar en una fiesta infantil?<\/h3>\t\t\t\t<\/div>\n\t\t\t\t\t<\/div>\n\t\t\t\t<\/div>\n\t\t<div data-particle_enable=\"false\" data-particle-mobile-disabled=\"false\" class=\"elementor-element elementor-element-adb9a73 e-flex e-con-boxed e-con e-parent\" data-id=\"adb9a73\" data-element_type=\"container\" data-e-type=\"container\">\n\t\t\t\t\t<div class=\"e-con-inner\">\n\t\t\t\t<div class=\"elementor-element elementor-element-aefda13 elementor-widget elementor-widget-text-editor\" data-id=\"aefda13\" data-element_type=\"widget\" data-e-type=\"widget\" data-widget_type=\"text-editor.default\">\n\t\t\t\t\t\t\t\t\t<div>Para que la celebraci\u00f3n<a href=\"https:\/\/soymigrante.com\/revista\/ensenar-a-los-ninos-a-identificar-las-emociones-puede-fortalecerlos\/\" target=\"_blank\" rel=\"noopener\"> sea completa, estos elementos son indispensables:<\/a><\/div><div><strong>1.Invitaciones:<\/strong> Pueden ser f\u00edsicas o digitales, pero deben indicar claramente la hora, el lugar y la tem\u00e1tica.<\/div><div><strong>2.Decoraci\u00f3n:<\/strong> Globos, guirnaldas, manteles tem\u00e1ticos o carteles alusivos al evento.<\/div><div><strong>3.Comida y bebidas:<\/strong> Opciones sencillas y del agrado de los ni\u00f1os, como s\u00e1ndwiches, hot dogs, pizza, frutas, jugos y agua.<\/div><div><strong>4.Pastel de cumplea\u00f1os:<\/strong> Es el momento m\u00e1s esperado y debe ser acorde al gusto del festejado.<\/div><div><strong>5.Juegos y entretenimiento:<\/strong> Un animador, m\u00fasica infantil, payasos o simplemente juegos organizados como carreras, baile o b\u00fasqueda del tesoro.<\/div><div><strong>6.Pi\u00f1ata y sorpresas:<\/strong> Dulces y peque\u00f1os regalos para los ni\u00f1os al final de la fiesta.<\/div>\t\t\t\t\t\t\t\t<\/div>\n\t\t\t\t\t<\/div>\n\t\t\t\t<\/div>\n\t\t<div data-particle_enable=\"false\" data-particle-mobile-disabled=\"false\" class=\"elementor-element elementor-element-81eb726 e-flex e-con-boxed e-con e-parent\" data-id=\"81eb726\" data-element_type=\"container\" data-e-type=\"container\">\n\t\t\t\t\t<div class=\"e-con-inner\">\n\t\t\t\t<div class=\"elementor-element elementor-element-c3f2ba8 elementor-widget elementor-widget-image\" data-id=\"c3f2ba8\" data-element_type=\"widget\" data-e-type=\"widget\" data-widget_type=\"image.default\">\n\t\t\t\t\t\t\t\t\t\t\t\t<figure class=\"wp-caption\">\n\t\t\t\t\t\t\t\t\t\t<img decoding=\"async\" width=\"768\" height=\"513\" src=\"https:\/\/soymigrante.com\/revista\/wp-content\/uploads\/2025\/03\/Co\u0301mo-organizar-la-fiesta-infantil-perfecta4-1024x684.jpg\" class=\"attachment-large size-large wp-image-28909\" alt=\"\u00bfC\u00f3mo organizar la fiesta infantil perfecta?\" srcset=\"https:\/\/soymigrante.com\/revista\/wp-content\/uploads\/2025\/03\/Co\u0301mo-organizar-la-fiesta-infantil-perfecta4-1024x684.jpg 1024w, https:\/\/soymigrante.com\/revista\/wp-content\/uploads\/2025\/03\/Co\u0301mo-organizar-la-fiesta-infantil-perfecta4-300x200.jpg 300w, https:\/\/soymigrante.com\/revista\/wp-content\/uploads\/2025\/03\/Co\u0301mo-organizar-la-fiesta-infantil-perfecta4-768x513.jpg 768w, https:\/\/soymigrante.com\/revista\/wp-content\/uploads\/2025\/03\/Co\u0301mo-organizar-la-fiesta-infantil-perfecta4-1536x1025.jpg 1536w, https:\/\/soymigrante.com\/revista\/wp-content\/uploads\/2025\/03\/Co\u0301mo-organizar-la-fiesta-infantil-perfecta4-2048x1367.jpg 2048w, https:\/\/soymigrante.com\/revista\/wp-content\/uploads\/2025\/03\/Co\u0301mo-organizar-la-fiesta-infantil-perfecta4-750x501.webp 750w, https:\/\/soymigrante.com\/revista\/wp-content\/uploads\/2025\/03\/Co\u0301mo-organizar-la-fiesta-infantil-perfecta4-1140x761.webp 1140w, https:\/\/soymigrante.com\/revista\/wp-content\/uploads\/2025\/03\/Co\u0301mo-organizar-la-fiesta-infantil-perfecta4-scaled.webp 1920w\" sizes=\"(max-width: 768px) 100vw, 768px\" title=\"\u00bfC\u00f3mo organizar la fiesta infantil perfecta? \u2013 SoyMigrante.com REVISTA\" \/>\t\t\t\t\t\t\t\t\t\t\t<figcaption class=\"widget-image-caption wp-caption-text\">Las fiestas infantiles deben tener las tem\u00e1ticas correctas. (Foto: Pexels)<\/figcaption>\n\t\t\t\t\t\t\t\t\t\t<\/figure>\n\t\t\t\t\t\t\t\t\t<\/div>\n\t\t\t\t\t<\/div>\n\t\t\t\t<\/div>\n\t\t<div data-particle_enable=\"false\" data-particle-mobile-disabled=\"false\" class=\"elementor-element elementor-element-4174c6d e-flex e-con-boxed e-con e-parent\" data-id=\"4174c6d\" data-element_type=\"container\" data-e-type=\"container\">\n\t\t\t\t\t<div class=\"e-con-inner\">\n\t\t\t\t<div class=\"elementor-element elementor-element-53ea8e1 elementor-widget elementor-widget-heading\" data-id=\"53ea8e1\" data-element_type=\"widget\" data-e-type=\"widget\" data-widget_type=\"heading.default\">\n\t\t\t\t\t<h3 class=\"elementor-heading-title elementor-size-default\">\u00bfQu\u00e9 no se deber\u00eda hacer en una fiesta infantil?<\/h3>\t\t\t\t<\/div>\n\t\t\t\t\t<\/div>\n\t\t\t\t<\/div>\n\t\t<div data-particle_enable=\"false\" data-particle-mobile-disabled=\"false\" class=\"elementor-element elementor-element-fd40c97 e-flex e-con-boxed e-con e-parent\" data-id=\"fd40c97\" data-element_type=\"container\" data-e-type=\"container\">\n\t\t\t\t\t<div class=\"e-con-inner\">\n\t\t\t\t<div class=\"elementor-element elementor-element-b1657f2 elementor-widget elementor-widget-text-editor\" data-id=\"b1657f2\" data-element_type=\"widget\" data-e-type=\"widget\" data-widget_type=\"text-editor.default\">\n\t\t\t\t\t\t\t\t\t<div>Hay ciertos errores que pueden arruinar la experiencia de los ni\u00f1os y los padres:<\/div><div><strong>\u2022No planificar con anticipaci\u00f3n:<\/strong> Improvisar puede generar caos y estr\u00e9s innecesario.<\/div><div><strong>\u2022Ofrecer comidas inadecuadas:<\/strong> Evitar alimentos que puedan causar alergias o que sean dif\u00edciles de manejar para los ni\u00f1os.<\/div><div><strong>\u2022M\u00fasica o actividades inapropiadas:<\/strong> <a href=\"https:\/\/soymigrante.com\/revista\/ensenar-a-los-ninos-a-identificar-las-emociones-puede-fortalecerlos\/\" target=\"_blank\" rel=\"noopener\">Es fundamental que el contenido sea adecuado para la edad de los ni\u00f1os.<\/a><\/div><div>\u2022<strong>Prolongar demasiado la fiesta:<\/strong> M\u00e1s de tres horas puede ser agotador para los peque\u00f1os y los padres.<\/div><div><strong>\u2022No prever emergencias:<\/strong> Tener un botiqu\u00edn b\u00e1sico y un contacto de emergencia siempre es recomendable.<\/div>\t\t\t\t\t\t\t\t<\/div>\n\t\t\t\t\t<\/div>\n\t\t\t\t<\/div>\n\t\t<div data-particle_enable=\"false\" data-particle-mobile-disabled=\"false\" class=\"elementor-element elementor-element-c068dab e-flex e-con-boxed e-con e-parent\" data-id=\"c068dab\" data-element_type=\"container\" data-e-type=\"container\">\n\t\t\t\t\t<div class=\"e-con-inner\">\n\t\t\t\t<div class=\"elementor-element elementor-element-61529ae elementor-widget elementor-widget-image\" data-id=\"61529ae\" data-element_type=\"widget\" data-e-type=\"widget\" data-widget_type=\"image.default\">\n\t\t\t\t\t\t\t\t\t\t\t\t<figure class=\"wp-caption\">\n\t\t\t\t\t\t\t\t\t\t<img decoding=\"async\" width=\"768\" height=\"512\" src=\"https:\/\/soymigrante.com\/revista\/wp-content\/uploads\/2025\/03\/Co\u0301mo-organizar-la-fiesta-infantil-perfecta5-1024x683.jpg\" class=\"attachment-large size-large wp-image-28910\" alt=\"\u00bfC\u00f3mo organizar la fiesta infantil perfecta?\" srcset=\"https:\/\/soymigrante.com\/revista\/wp-content\/uploads\/2025\/03\/Co\u0301mo-organizar-la-fiesta-infantil-perfecta5-1024x683.jpg 1024w, https:\/\/soymigrante.com\/revista\/wp-content\/uploads\/2025\/03\/Co\u0301mo-organizar-la-fiesta-infantil-perfecta5-300x200.jpg 300w, https:\/\/soymigrante.com\/revista\/wp-content\/uploads\/2025\/03\/Co\u0301mo-organizar-la-fiesta-infantil-perfecta5-768x512.jpg 768w, https:\/\/soymigrante.com\/revista\/wp-content\/uploads\/2025\/03\/Co\u0301mo-organizar-la-fiesta-infantil-perfecta5-1536x1024.jpg 1536w, https:\/\/soymigrante.com\/revista\/wp-content\/uploads\/2025\/03\/Co\u0301mo-organizar-la-fiesta-infantil-perfecta5-2048x1365.jpg 2048w, https:\/\/soymigrante.com\/revista\/wp-content\/uploads\/2025\/03\/Co\u0301mo-organizar-la-fiesta-infantil-perfecta5-750x500.webp 750w, https:\/\/soymigrante.com\/revista\/wp-content\/uploads\/2025\/03\/Co\u0301mo-organizar-la-fiesta-infantil-perfecta5-1140x760.webp 1140w, https:\/\/soymigrante.com\/revista\/wp-content\/uploads\/2025\/03\/Co\u0301mo-organizar-la-fiesta-infantil-perfecta5-scaled.webp 1920w\" sizes=\"(max-width: 768px) 100vw, 768px\" title=\"\u00bfC\u00f3mo organizar la fiesta infantil perfecta? \u2013 SoyMigrante.com REVISTA\" \/>\t\t\t\t\t\t\t\t\t\t\t<figcaption class=\"widget-image-caption wp-caption-text\">La decoraci\u00f3n es una de las cosas m\u00e1s importantes de la fiesta infantil. (Foto: Pexels)<\/figcaption>\n\t\t\t\t\t\t\t\t\t\t<\/figure>\n\t\t\t\t\t\t\t\t\t<\/div>\n\t\t\t\t\t<\/div>\n\t\t\t\t<\/div>\n\t\t<div data-particle_enable=\"false\" data-particle-mobile-disabled=\"false\" class=\"elementor-element elementor-element-1143715 e-flex e-con-boxed e-con e-parent\" data-id=\"1143715\" data-element_type=\"container\" data-e-type=\"container\">\n\t\t\t\t\t<div class=\"e-con-inner\">\n\t\t\t\t<div class=\"elementor-element elementor-element-1f5fc89 elementor-widget elementor-widget-heading\" data-id=\"1f5fc89\" data-element_type=\"widget\" data-e-type=\"widget\" data-widget_type=\"heading.default\">\n\t\t\t\t\t<h3 class=\"elementor-heading-title elementor-size-default\">\u00bfCu\u00e1ntas personas debo invitar?<\/h3>\t\t\t\t<\/div>\n\t\t\t\t\t<\/div>\n\t\t\t\t<\/div>\n\t\t<div data-particle_enable=\"false\" data-particle-mobile-disabled=\"false\" class=\"elementor-element elementor-element-4423d6b e-flex e-con-boxed e-con e-parent\" data-id=\"4423d6b\" data-element_type=\"container\" data-e-type=\"container\">\n\t\t\t\t\t<div class=\"e-con-inner\">\n\t\t\t\t<div class=\"elementor-element elementor-element-d06d2eb elementor-widget elementor-widget-text-editor\" data-id=\"d06d2eb\" data-element_type=\"widget\" data-e-type=\"widget\" data-widget_type=\"text-editor.default\">\n\t\t\t\t\t\t\t\t\t<div><a href=\"https:\/\/soymigrante.com\/revista\/ensenar-a-los-ninos-a-identificar-las-emociones-puede-fortalecerlos\/\" target=\"_blank\" rel=\"noopener\">El n\u00famero de invitados depender\u00e1 del espacio disponible<\/a> y de la edad del festejado. Algunas recomendaciones son:<\/div><div><strong>\u2022Para ni\u00f1os menores de 5 a\u00f1os:<\/strong> Lo ideal es un grupo peque\u00f1o de entre 5 y 10 ni\u00f1os, para que la celebraci\u00f3n sea manejable.<\/div><div><strong>\u2022Para ni\u00f1os entre 6 y 10 a\u00f1os:<\/strong> Se puede ampliar a 15 o 20 invitados, dependiendo del lugar y la din\u00e1mica de la fiesta.<\/div><div><strong>\u2022Fiestas grandes:<\/strong> Si se cuenta con suficiente espacio y recursos, pueden ser de 30 o m\u00e1s ni\u00f1os, pero es recomendable tener ayuda extra para supervisar.<\/div>\t\t\t\t\t\t\t\t<\/div>\n\t\t\t\t\t<\/div>\n\t\t\t\t<\/div>\n\t\t<div data-particle_enable=\"false\" data-particle-mobile-disabled=\"false\" class=\"elementor-element elementor-element-f44e051 e-flex e-con-boxed e-con e-parent\" data-id=\"f44e051\" data-element_type=\"container\" data-e-type=\"container\">\n\t\t\t\t\t<div class=\"e-con-inner\">\n\t\t\t\t<div class=\"elementor-element elementor-element-8cf6b19 elementor-widget elementor-widget-text-editor\" data-id=\"8cf6b19\" data-element_type=\"widget\" data-e-type=\"widget\" data-widget_type=\"text-editor.default\">\n\t\t\t\t\t\t\t\t\t<p>Con una buena planificaci\u00f3n y evitando los errores comunes, se puede garantizar que los ni\u00f1os disfruten al m\u00e1ximo su d\u00eda especial.<\/p>\t\t\t\t\t\t\t\t<\/div>\n\t\t\t\t\t<\/div>\n\t\t\t\t<\/div>\n\t\t<div data-particle_enable=\"false\" data-particle-mobile-disabled=\"false\" class=\"elementor-element elementor-element-02b6562 e-flex e-con-boxed e-con e-parent\" data-id=\"02b6562\" data-element_type=\"container\" data-e-type=\"container\">\n\t\t\t\t\t<div class=\"e-con-inner\">\n\t\t\t\t<div class=\"elementor-element elementor-element-8c25b39 elementor-widget elementor-widget-heading\" data-id=\"8c25b39\" data-element_type=\"widget\" data-e-type=\"widget\" data-widget_type=\"heading.default\">\n\t\t\t\t\t<h2 class=\"elementor-heading-title elementor-size-default\">Conoce otros temas que te pueden interesar...<\/h2>\t\t\t\t<\/div>\n\t\t\t\t\t<\/div>\n\t\t\t\t<\/div>\n\t\t<div data-particle_enable=\"false\" data-particle-mobile-disabled=\"false\" class=\"elementor-element elementor-element-7d8345b e-flex e-con-boxed e-con e-parent\" data-id=\"7d8345b\" data-element_type=\"container\" data-e-type=\"container\">\n\t\t\t\t\t<div class=\"e-con-inner\">\n\t\t\t\t<div class=\"elementor-element elementor-element-02c4769 elementor-grid-eael-col-3 elementor-grid-tablet-eael-col-2 elementor-grid-mobile-eael-col-1 elementor-widget elementor-widget-eael-post-grid\" data-id=\"02c4769\" data-element_type=\"widget\" data-e-type=\"widget\" data-settings=\"{&quot;eael_post_grid_columns&quot;:&quot;eael-col-3&quot;,&quot;eael_post_grid_columns_tablet&quot;:&quot;eael-col-2&quot;,&quot;eael_post_grid_columns_mobile&quot;:&quot;eael-col-1&quot;}\" data-widget_type=\"eael-post-grid.default\">\n\t\t\t\t\t<div id=\"eael-post-grid-02c4769\" class=\"eael-post-grid-container\">\n            <div class=\"eael-post-grid eael-post-appender eael-post-appender-02c4769 eael-post-grid-style-one\" data-layout-mode=\"masonry\"><article class=\"eael-grid-post  eael-post-grid-column eael-pg-post-12606 category-bienestar\" data-id=\"12606\">\n        <div class=\"eael-grid-post-holder\">\n            <div class=\"eael-grid-post-holder-inner\"><div class=\"eael-entry-media\"><div class=\"eael-entry-overlay fade-in\"><i class=\"far fa-hand-pointer\" aria-hidden=\"true\"><\/i><a href=\"https:\/\/soymigrante.com\/revista\/salud-bucal-de-los-ninos-migrantes-todo-reto-tiene-una-solucion\/\"><\/a><\/div><div class=\"eael-entry-thumbnail \">\n                <img loading=\"lazy\" decoding=\"async\" width=\"1024\" height=\"1024\" src=\"https:\/\/soymigrante.com\/revista\/wp-content\/uploads\/2024\/11\/Salud-bucal-de-los-nin\u0303os-migrantes-Retos-y-soluciones--scaled-e1731012276108-1024x1024.webp\" class=\"attachment-large size-large wp-image-12608\" alt=\"Salud bucal de los ni\u00f1os migrantes: Retos y soluciones\" srcset=\"https:\/\/soymigrante.com\/revista\/wp-content\/uploads\/2024\/11\/Salud-bucal-de-los-nin\u0303os-migrantes-Retos-y-soluciones--scaled-e1731012276108-1024x1024.webp 1024w, https:\/\/soymigrante.com\/revista\/wp-content\/uploads\/2024\/11\/Salud-bucal-de-los-nin\u0303os-migrantes-Retos-y-soluciones--scaled-e1731012276108-300x300.webp 300w, https:\/\/soymigrante.com\/revista\/wp-content\/uploads\/2024\/11\/Salud-bucal-de-los-nin\u0303os-migrantes-Retos-y-soluciones--scaled-e1731012276108-150x150.webp 150w, https:\/\/soymigrante.com\/revista\/wp-content\/uploads\/2024\/11\/Salud-bucal-de-los-nin\u0303os-migrantes-Retos-y-soluciones--scaled-e1731012276108-768x768.webp 768w, https:\/\/soymigrante.com\/revista\/wp-content\/uploads\/2024\/11\/Salud-bucal-de-los-nin\u0303os-migrantes-Retos-y-soluciones--scaled-e1731012276108-75x75.webp 75w, https:\/\/soymigrante.com\/revista\/wp-content\/uploads\/2024\/11\/Salud-bucal-de-los-nin\u0303os-migrantes-Retos-y-soluciones--scaled-e1731012276108-750x750.webp 750w, https:\/\/soymigrante.com\/revista\/wp-content\/uploads\/2024\/11\/Salud-bucal-de-los-nin\u0303os-migrantes-Retos-y-soluciones--scaled-e1731012276108-1140x1140.webp 1140w, https:\/\/soymigrante.com\/revista\/wp-content\/uploads\/2024\/11\/Salud-bucal-de-los-nin\u0303os-migrantes-Retos-y-soluciones--scaled-e1731012276108.webp 1280w\" sizes=\"(max-width: 1024px) 100vw, 1024px\" \/>\n            <\/div>\n        <\/div><div class=\"eael-entry-wrapper\"><header class=\"eael-entry-header\"><h2 class=\"eael-entry-title\"><a class=\"eael-grid-post-link\" href=\"https:\/\/soymigrante.com\/revista\/salud-bucal-de-los-ninos-migrantes-todo-reto-tiene-una-solucion\/\" title=\"Salud bucal de los ni\u00f1os migrantes: todo reto tiene una soluci\u00f3n\">Salud bucal de los ni\u00f1os migrantes: todo reto tiene una soluci\u00f3n<\/a><\/h2><\/header><div class=\"eael-entry-content\">\n                        <div class=\"eael-grid-post-excerpt\"><a href=\"https:\/\/soymigrante.com\/revista\/salud-bucal-de-los-ninos-migrantes-todo-reto-tiene-una-solucion\/\" class=\"eael-post-elements-readmore-btn\">CONOCE SU HISTORIA <\/a><\/div>\n                    <\/div><\/div><\/div>\n        <\/div>\n    <\/article><article class=\"eael-grid-post  eael-post-grid-column eael-pg-post-9439 category-bienestar\" data-id=\"9439\">\n        <div class=\"eael-grid-post-holder\">\n            <div class=\"eael-grid-post-holder-inner\"><div class=\"eael-entry-media\"><div class=\"eael-entry-overlay fade-in\"><i class=\"far fa-hand-pointer\" aria-hidden=\"true\"><\/i><a href=\"https:\/\/soymigrante.com\/revista\/claves-para-evitar-caer-en-pensamientos-daninos-o-destructivos\/\"><\/a><\/div><div class=\"eael-entry-thumbnail \">\n                <img loading=\"lazy\" decoding=\"async\" width=\"526\" height=\"526\" src=\"https:\/\/soymigrante.com\/revista\/wp-content\/uploads\/2024\/09\/pensamento-positivo.webp\" class=\"attachment-large size-large wp-image-9499\" alt=\"Think Pawsitive perro con mensaje motivacional en bata y fondo neutro.\" srcset=\"https:\/\/soymigrante.com\/revista\/wp-content\/uploads\/2024\/09\/pensamento-positivo.webp 526w, https:\/\/soymigrante.com\/revista\/wp-content\/uploads\/2024\/09\/pensamento-positivo-300x300.webp 300w, https:\/\/soymigrante.com\/revista\/wp-content\/uploads\/2024\/09\/pensamento-positivo-150x150.webp 150w, https:\/\/soymigrante.com\/revista\/wp-content\/uploads\/2024\/09\/pensamento-positivo-75x75.webp 75w\" sizes=\"(max-width: 526px) 100vw, 526px\" \/>\n            <\/div>\n        <\/div><div class=\"eael-entry-wrapper\"><header class=\"eael-entry-header\"><h2 class=\"eael-entry-title\"><a class=\"eael-grid-post-link\" href=\"https:\/\/soymigrante.com\/revista\/claves-para-evitar-caer-en-pensamientos-daninos-o-destructivos\/\" title=\"Claves para evitar caer en pensamientos da\u00f1inos o destructivos\">Claves para evitar caer en pensamientos da\u00f1inos o destructivos<\/a><\/h2><\/header><div class=\"eael-entry-content\">\n                        <div class=\"eael-grid-post-excerpt\"><a href=\"https:\/\/soymigrante.com\/revista\/claves-para-evitar-caer-en-pensamientos-daninos-o-destructivos\/\" class=\"eael-post-elements-readmore-btn\">CONOCE SU HISTORIA <\/a><\/div>\n                    <\/div><\/div><\/div>\n        <\/div>\n    <\/article><article class=\"eael-grid-post  eael-post-grid-column eael-pg-post-6871 category-bienestar\" data-id=\"6871\">\n        <div class=\"eael-grid-post-holder\">\n            <div class=\"eael-grid-post-holder-inner\"><div class=\"eael-entry-media\"><div class=\"eael-entry-overlay fade-in\"><i class=\"far fa-hand-pointer\" aria-hidden=\"true\"><\/i><a href=\"https:\/\/soymigrante.com\/revista\/como-ensenar-a-los-ninos-a-reconocer-y-vencer-la-frustracion\/\"><\/a><\/div><div class=\"eael-entry-thumbnail \">\n                <img loading=\"lazy\" decoding=\"async\" width=\"1024\" height=\"1024\" src=\"https:\/\/soymigrante.com\/revista\/wp-content\/uploads\/2024\/06\/footballer-5010770_1280-e1718137863274-1024x1024.webp\" class=\"attachment-large size-large wp-image-6877\" alt=\"Ni\u00f1o jugando al f\u00fatbol en un campo al aire libre durante un partido infantil de deporte.\" srcset=\"https:\/\/soymigrante.com\/revista\/wp-content\/uploads\/2024\/06\/footballer-5010770_1280-e1718137863274-1024x1024.webp 1024w, https:\/\/soymigrante.com\/revista\/wp-content\/uploads\/2024\/06\/footballer-5010770_1280-e1718137863274-300x300.webp 300w, https:\/\/soymigrante.com\/revista\/wp-content\/uploads\/2024\/06\/footballer-5010770_1280-e1718137863274-150x150.webp 150w, https:\/\/soymigrante.com\/revista\/wp-content\/uploads\/2024\/06\/footballer-5010770_1280-e1718137863274-768x768.webp 768w, https:\/\/soymigrante.com\/revista\/wp-content\/uploads\/2024\/06\/footballer-5010770_1280-e1718137863274-75x75.webp 75w, https:\/\/soymigrante.com\/revista\/wp-content\/uploads\/2024\/06\/footballer-5010770_1280-e1718137863274-750x750.webp 750w, https:\/\/soymigrante.com\/revista\/wp-content\/uploads\/2024\/06\/footballer-5010770_1280-e1718137863274.webp 1124w\" sizes=\"(max-width: 1024px) 100vw, 1024px\" \/>\n            <\/div>\n        <\/div><div class=\"eael-entry-wrapper\"><header class=\"eael-entry-header\"><h2 class=\"eael-entry-title\"><a class=\"eael-grid-post-link\" href=\"https:\/\/soymigrante.com\/revista\/como-ensenar-a-los-ninos-a-reconocer-y-vencer-la-frustracion\/\" title=\"Como ense\u00f1ar a los ni\u00f1os a reconocer y vencer la frustraci\u00f3n\">Como ense\u00f1ar a los ni\u00f1os a reconocer y vencer la frustraci\u00f3n<\/a><\/h2><\/header><div class=\"eael-entry-content\">\n                        <div class=\"eael-grid-post-excerpt\"><a href=\"https:\/\/soymigrante.com\/revista\/como-ensenar-a-los-ninos-a-reconocer-y-vencer-la-frustracion\/\" class=\"eael-post-elements-readmore-btn\">CONOCE SU HISTORIA <\/a><\/div>\n                    <\/div><\/div><\/div>\n        <\/div>\n    <\/article><\/div>\n            <div class=\"clearfix\"><\/div>\n        <\/div>\t\t\t\t<\/div>\n\t\t\t\t\t<\/div>\n\t\t\t\t<\/div>\n\t\t\t\t<\/div>\n\t\t","protected":false},"excerpt":{"rendered":"<p>La fiesta infantil perfecta es aquella que combina diversi\u00f3n, organizaci\u00f3n y seguridad. Organizar una fiesta infantil puede ser un desaf\u00edo, ya que se debe equilibrar diversi\u00f3n, seguridad y comodidad para los peque\u00f1os invitados. Para que la celebraci\u00f3n sea un \u00e9xito, es importante planificar cada detalle con anticipaci\u00f3n. \u00bfCu\u00e1l es la fiesta infantil perfecta? La fiesta [&hellip;]<\/p>\n","protected":false},"author":19,"featured_media":28903,"comment_status":"open","ping_status":"open","sticky":false,"template":"","format":"standard","meta":{"_acf_changed":false,"_eb_attr":"","footnotes":""},"categories":[55,266],"tags":[81],"class_list":["post-28902","post","type-post","status-publish","format-standard","has-post-thumbnail","hentry","category-bienestar","category-en-familia","tag-en-familia"],"acf":[],"aioseo_notices":[],"aioseo_head":"\n\t\t<!-- All in One SEO Pro 4.9.6.2 - aioseo.com -->\n\t<meta name=\"description\" content=\"Si a los adultos les cuesta a veces reconocer y afrontar la frustraci\u00f3n, imag\u00ednese a los ni\u00f1os. Psic\u00f3loga guatemalteca brinda clavespara ayudar a los peques\" \/>\n\t<meta name=\"robots\" content=\"max-snippet:-1, max-image-preview:large, max-video-preview:-1\" \/>\n\t<meta name=\"author\" content=\"Marysabel Aldana\"\/>\n\t<link rel=\"canonical\" href=\"https:\/\/soymigrante.com\/revista\/como-ensenar-a-los-ninos-a-reconocer-y-vencer-la-frustracion\/\" \/>\n\t<meta name=\"generator\" content=\"All in One SEO Pro (AIOSEO) 4.9.6.2\" \/>\n\n\t\t<link rel=\"preconnect\" href=\"https:\/\/fonts.googleapis.com\" crossorigin>\n<link rel=\"preconnect\" href=\"https:\/\/fonts.gstatic.com\" crossorigin>\n\t\t<meta property=\"og:locale\" content=\"es_ES\" \/>\n\t\t<meta property=\"og:site_name\" content=\"SoyMigrante.com REVISTA \u2013 Nuestra misi\u00f3n es reconocer y dignificar al migrante.\" \/>\n\t\t<meta property=\"og:type\" content=\"article\" \/>\n\t\t<meta property=\"og:title\" content=\"Como ense\u00f1ar a los ni\u00f1os a reconocer y vencer la frustraci\u00f3n\" \/>\n\t\t<meta property=\"og:description\" content=\"Si a los adultos les cuesta a veces reconocer y afrontar la frustraci\u00f3n, imag\u00ednese a los ni\u00f1os. Psic\u00f3loga guatemalteca brinda clavespara ayudar a los peques\" \/>\n\t\t<meta property=\"og:url\" content=\"https:\/\/soymigrante.com\/revista\/como-ensenar-a-los-ninos-a-reconocer-y-vencer-la-frustracion\/\" \/>\n\t\t<meta property=\"og:image\" content=\"https:\/\/soymigrante.com\/revista\/wp-content\/uploads\/2024\/06\/footballer-5010770_1280-e1718137863274.webp\" \/>\n\t\t<meta property=\"og:image:secure_url\" content=\"https:\/\/soymigrante.com\/revista\/wp-content\/uploads\/2024\/06\/footballer-5010770_1280-e1718137863274.webp\" \/>\n\t\t<meta property=\"og:image:width\" content=\"1124\" \/>\n\t\t<meta property=\"og:image:height\" content=\"1124\" \/>\n\t\t<meta property=\"article:published_time\" content=\"2024-06-07T23:14:43+00:00\" \/>\n\t\t<meta property=\"article:modified_time\" content=\"2024-07-27T08:38:52+00:00\" \/>\n\t\t<meta property=\"article:publisher\" content=\"https:\/\/www.facebook.com\/soymigrantecom\" \/>\n\t\t<meta name=\"twitter:card\" content=\"summary_large_image\" \/>\n\t\t<meta name=\"twitter:site\" content=\"@SoyMigrante_com\" \/>\n\t\t<meta name=\"twitter:title\" content=\"Como ense\u00f1ar a los ni\u00f1os a reconocer y vencer la frustraci\u00f3n\" \/>\n\t\t<meta name=\"twitter:description\" content=\"Si a los adultos les cuesta a veces reconocer y afrontar la frustraci\u00f3n, imag\u00ednese a los ni\u00f1os. Psic\u00f3loga guatemalteca brinda clavespara ayudar a los peques\" \/>\n\t\t<meta name=\"twitter:creator\" content=\"@SoyMigrante_com\" \/>\n\t\t<meta name=\"twitter:image\" content=\"https:\/\/soymigrante.com\/revista\/wp-content\/uploads\/2024\/06\/footballer-5010770_1280-e1718137863274.webp\" \/>\n\t\t<!-- All in One SEO Pro -->\r\n\t\t<title>Como ense\u00f1ar a los ni\u00f1os a reconocer y vencer la frustraci\u00f3n<\/title>\n\n","aioseo_head_json":{"title":"Como ense\u00f1ar a los ni\u00f1os a reconocer y vencer la frustraci\u00f3n","description":"Si a los adultos les cuesta a veces reconocer y afrontar la frustraci\u00f3n, imag\u00ednese a los ni\u00f1os. Psic\u00f3loga guatemalteca brinda clavespara ayudar a los peques","canonical_url":"https:\/\/soymigrante.com\/revista\/como-ensenar-a-los-ninos-a-reconocer-y-vencer-la-frustracion\/","robots":"max-snippet:-1, max-image-preview:large, max-video-preview:-1","keywords":"","webmasterTools":{"miscellaneous":"&lt;link rel=\"preconnect\" href=\"https:\/\/fonts.googleapis.com\" crossorigin&gt;\n&lt;link rel=\"preconnect\" href=\"https:\/\/fonts.gstatic.com\" crossorigin&gt;"},"schema":null,"og:locale":"es_ES","og:site_name":"SoyMigrante.com REVISTA \u2013 Nuestra misi\u00f3n es reconocer y dignificar al migrante.","og:type":"article","og:title":"Como ense\u00f1ar a los ni\u00f1os a reconocer y vencer la frustraci\u00f3n","og:description":"Si a los adultos les cuesta a veces reconocer y afrontar la frustraci\u00f3n, imag\u00ednese a los ni\u00f1os. Psic\u00f3loga guatemalteca brinda clavespara ayudar a los peques","og:url":"https:\/\/soymigrante.com\/revista\/como-ensenar-a-los-ninos-a-reconocer-y-vencer-la-frustracion\/","og:image":"https:\/\/soymigrante.com\/revista\/wp-content\/uploads\/2024\/06\/footballer-5010770_1280-e1718137863274.webp","og:image:secure_url":"https:\/\/soymigrante.com\/revista\/wp-content\/uploads\/2024\/06\/footballer-5010770_1280-e1718137863274.webp","og:image:width":1124,"og:image:height":1124,"article:published_time":"2024-06-07T23:14:43+00:00","article:modified_time":"2024-07-27T08:38:52+00:00","article:publisher":"https:\/\/www.facebook.com\/soymigrantecom","twitter:card":"summary_large_image","twitter:site":"@SoyMigrante_com","twitter:title":"Como ense\u00f1ar a los ni\u00f1os a reconocer y vencer la frustraci\u00f3n","twitter:description":"Si a los adultos les cuesta a veces reconocer y afrontar la frustraci\u00f3n, imag\u00ednese a los ni\u00f1os. Psic\u00f3loga guatemalteca brinda clavespara ayudar a los peques","twitter:creator":"@SoyMigrante_com","twitter:image":"https:\/\/soymigrante.com\/revista\/wp-content\/uploads\/2024\/06\/footballer-5010770_1280-e1718137863274.webp"},"aioseo_meta_data":{"post_id":"28902","title":"#post_title","description":"Sea de cumplea\u00f1os, de primera comuni\u00f3n u otro festejo, una fiesta para hijos, sobrinos o nietos se puede planificar para garantizar alegr\u00eda, orden y uni\u00f3n.","keywords":null,"keyphrases":{"focus":{"keyphrase":"Fiesta infantil","score":91,"analysis":{"keyphraseInTitle":{"score":9,"maxScore":9,"error":0},"keyphraseInDescription":{"score":3,"maxScore":9,"error":1},"keyphraseLength":{"score":9,"maxScore":9,"error":0,"length":2},"keyphraseInURL":{"score":5,"maxScore":5,"error":0},"keyphraseInIntroduction":{"score":9,"maxScore":9,"error":0},"keyphraseInSubHeadings":{"score":9,"maxScore":9,"error":0},"keyphraseInImageAlt":{"score":9,"maxScore":9,"error":0},"keywordDensity":{"type":"best","score":9,"maxScore":9,"error":0}}},"additional":[{"keyphrase":"Festejo","score":53,"analysis":{"keyphraseInDescription":{"score":9,"maxScore":9,"error":0},"keyphraseLength":{"score":9,"maxScore":9,"error":0,"length":1},"keyphraseInIntroduction":{"score":3,"maxScore":9,"error":1},"keyphraseInImageAlt":{"score":3,"maxScore":9,"error":1},"keywordDensity":{"score":0,"type":"low","maxScore":9,"error":1}}},{"keyphrase":"Ni\u00f1os","score":73,"analysis":{"keyphraseInDescription":{"score":3,"maxScore":9,"error":1},"keyphraseLength":{"score":9,"maxScore":9,"error":0,"length":2},"keyphraseInIntroduction":{"score":3,"maxScore":9,"error":1},"keyphraseInImageAlt":{"score":9,"maxScore":9,"error":0},"keywordDensity":{"type":"best","score":9,"maxScore":9,"error":0}}},{"keyphrase":"Familia","score":40,"analysis":{"keyphraseInDescription":{"score":3,"maxScore":9,"error":1},"keyphraseLength":{"score":9,"maxScore":9,"error":0,"length":1},"keyphraseInIntroduction":{"score":3,"maxScore":9,"error":1},"keyphraseInImageAlt":{"score":3,"maxScore":9,"error":1},"keywordDensity":{"score":0,"type":"low","maxScore":9,"error":1}}}]},"primary_term":null,"canonical_url":null,"og_title":null,"og_description":null,"og_object_type":"default","og_image_type":"default","og_image_url":null,"og_image_width":null,"og_image_height":null,"og_image_custom_url":null,"og_image_custom_fields":null,"og_video":"","og_custom_url":null,"og_article_section":null,"og_article_tags":null,"twitter_use_og":false,"twitter_card":"default","twitter_image_type":"default","twitter_image_url":null,"twitter_image_custom_url":null,"twitter_image_custom_fields":null,"twitter_title":null,"twitter_description":null,"schema":{"blockGraphs":[],"customGraphs":[],"default":{"data":{"Article":[],"Course":[],"Dataset":[],"FAQPage":[],"Movie":[],"Person":[],"Product":[],"ProductReview":[],"Car":[],"Recipe":[],"Service":[],"SoftwareApplication":[],"WebPage":[]},"graphName":"none","isEnabled":true},"graphs":[]},"schema_type":"default","schema_type_options":null,"pillar_content":false,"robots_default":true,"robots_noindex":false,"robots_noarchive":false,"robots_nosnippet":false,"robots_nofollow":false,"robots_noimageindex":false,"robots_noodp":false,"robots_notranslate":false,"robots_max_snippet":"-1","robots_max_videopreview":"-1","robots_max_imagepreview":"large","priority":null,"frequency":"default","local_seo":null,"seo_analyzer_scan_date":"2025-10-09 04:37:59","breadcrumb_settings":null,"limit_modified_date":false,"reviewed_by":null,"open_ai":"{\"title\":{\"suggestions\":[],\"usage\":0},\"description\":{\"suggestions\":[],\"usage\":0}}","ai":null,"created":"2025-03-20 18:18:00","updated":"2026-02-04 23:21:21"},"aioseo_breadcrumb":"<div class=\"aioseo-breadcrumbs\"><span class=\"aioseo-breadcrumb\">\n\t<a href=\"https:\/\/soymigrante.com\/revista\" title=\"Home\">Home<\/a>\n<\/span><span class=\"aioseo-breadcrumb-separator\">\u00bb<\/span><span class=\"aioseo-breadcrumb\">\n\t<a href=\"https:\/\/soymigrante.com\/revista\/category\/bienestar\/\" title=\"Bienestar\">Bienestar<\/a>\n<\/span><span class=\"aioseo-breadcrumb-separator\">\u00bb<\/span><span class=\"aioseo-breadcrumb\">\n\t<a href=\"https:\/\/soymigrante.com\/revista\/category\/bienestar\/en-familia\/\" title=\"En Familia\">En Familia<\/a>\n<\/span><span class=\"aioseo-breadcrumb-separator\">\u00bb<\/span><span class=\"aioseo-breadcrumb\">\n\t\u00bfC\u00f3mo organizar la fiesta infantil perfecta?\n<\/span><\/div>","aioseo_breadcrumb_json":[{"label":"Home","link":"https:\/\/soymigrante.com\/revista"},{"label":"Bienestar","link":"https:\/\/soymigrante.com\/revista\/category\/bienestar\/"},{"label":"En Familia","link":"https:\/\/soymigrante.com\/revista\/category\/bienestar\/en-familia\/"},{"label":"\u00bfC\u00f3mo organizar la fiesta infantil perfecta?","link":"https:\/\/soymigrante.com\/revista\/como-organizar-la-fiesta-infantil-perfecta\/"}],"_links":{"self":[{"href":"https:\/\/soymigrante.com\/revista\/wp-json\/wp\/v2\/posts\/28902","targetHints":{"allow":["GET"]}}],"collection":[{"href":"https:\/\/soymigrante.com\/revista\/wp-json\/wp\/v2\/posts"}],"about":[{"href":"https:\/\/soymigrante.com\/revista\/wp-json\/wp\/v2\/types\/post"}],"author":[{"embeddable":true,"href":"https:\/\/soymigrante.com\/revista\/wp-json\/wp\/v2\/users\/19"}],"replies":[{"embeddable":true,"href":"https:\/\/soymigrante.com\/revista\/wp-json\/wp\/v2\/comments?post=28902"}],"version-history":[{"count":4,"href":"https:\/\/soymigrante.com\/revista\/wp-json\/wp\/v2\/posts\/28902\/revisions"}],"predecessor-version":[{"id":31905,"href":"https:\/\/soymigrante.com\/revista\/wp-json\/wp\/v2\/posts\/28902\/revisions\/31905"}],"wp:featuredmedia":[{"embeddable":true,"href":"https:\/\/soymigrante.com\/revista\/wp-json\/wp\/v2\/media\/28903"}],"wp:attachment":[{"href":"https:\/\/soymigrante.com\/revista\/wp-json\/wp\/v2\/media?parent=28902"}],"wp:term":[{"taxonomy":"category","embeddable":true,"href":"https:\/\/soymigrante.com\/revista\/wp-json\/wp\/v2\/categories?post=28902"},{"taxonomy":"post_tag","embeddable":true,"href":"https:\/\/soymigrante.com\/revista\/wp-json\/wp\/v2\/tags?post=28902"}],"curies":[{"name":"wp","href":"https:\/\/api.w.org\/{rel}","templated":true}]}}