{"id":28825,"date":"2025-03-20T09:00:00","date_gmt":"2025-03-20T15:00:00","guid":{"rendered":"https:\/\/soymigrante.com\/revista\/?p=28825"},"modified":"2025-04-17T08:00:23","modified_gmt":"2025-04-17T14:00:23","slug":"que-es-el-sindrome-del-impostor-y-como-superarlo","status":"publish","type":"post","link":"https:\/\/soymigrante.com\/revista\/que-es-el-sindrome-del-impostor-y-como-superarlo\/","title":{"rendered":"\u00bfQu\u00e9 es el s\u00edndrome del impostor y c\u00f3mo superarlo?"},"content":{"rendered":"\t\t<div data-elementor-type=\"wp-post\" data-elementor-id=\"28825\" class=\"elementor elementor-28825\" data-elementor-post-type=\"post\">\n\t\t\t\t<div data-particle_enable=\"false\" data-particle-mobile-disabled=\"false\" class=\"elementor-element elementor-element-32314a2 e-flex e-con-boxed e-con e-parent\" data-id=\"32314a2\" data-element_type=\"container\" data-e-type=\"container\">\n\t\t\t\t\t<div class=\"e-con-inner\">\n\t\t\t\t<div class=\"elementor-element elementor-element-7f5619d elementor-widget elementor-widget-heading\" data-id=\"7f5619d\" data-element_type=\"widget\" data-e-type=\"widget\" data-widget_type=\"heading.default\">\n\t\t\t\t\t<h2 class=\"elementor-heading-title elementor-size-default\">El s\u00edndrome del impostor afecta en mayo grado a las mujeres, seg\u00fan los expertos, pero con la ayuda correcta es m\u00e1s f\u00e1cil manejarlo. \n<\/h2>\t\t\t\t<\/div>\n\t\t\t\t\t<\/div>\n\t\t\t\t<\/div>\n\t\t<div data-particle_enable=\"false\" data-particle-mobile-disabled=\"false\" class=\"elementor-element elementor-element-0a63a49 e-flex e-con-boxed e-con e-parent\" data-id=\"0a63a49\" data-element_type=\"container\" data-e-type=\"container\">\n\t\t\t\t\t<div class=\"e-con-inner\">\n\t\t\t\t<div class=\"elementor-element elementor-element-9451b1c elementor-widget elementor-widget-text-editor\" data-id=\"9451b1c\" data-element_type=\"widget\" data-e-type=\"widget\" data-widget_type=\"text-editor.default\">\n\t\t\t\t\t\t\t\t\t<p>El s\u00edndrome del impostor es un fen\u00f3meno <a href=\"https:\/\/soymigrante.com\/revista\/como-superar-los-traumas-y-recuperar-el-bienestar-emocional\/\" target=\"_blank\" rel=\"noopener\">psicol\u00f3gico en el que las personas,<\/a> a pesar de sus logros y competencias, sienten una persistente duda sobre su capacidad y temen ser descubiertas como un \u201cfraude\u201d.<\/p><p>Este s\u00edndrome no est\u00e1 reconocido como un trastorno mental en manuales diagn\u00f3sticos oficiales, pero afecta significativamente la autoestima y el bienestar de quienes lo padecen.<\/p>\t\t\t\t\t\t\t\t<\/div>\n\t\t\t\t\t<\/div>\n\t\t\t\t<\/div>\n\t\t<div data-particle_enable=\"false\" data-particle-mobile-disabled=\"false\" class=\"elementor-element elementor-element-731fa22 e-flex e-con-boxed e-con e-parent\" data-id=\"731fa22\" data-element_type=\"container\" data-e-type=\"container\">\n\t\t\t\t\t<div class=\"e-con-inner\">\n\t\t\t\t<div class=\"elementor-element elementor-element-dbf2531 elementor-widget elementor-widget-heading\" data-id=\"dbf2531\" data-element_type=\"widget\" data-e-type=\"widget\" data-widget_type=\"heading.default\">\n\t\t\t\t\t<h3 class=\"elementor-heading-title elementor-size-default\">Manifestaciones del s\u00edndrome del impostor<\/h3>\t\t\t\t<\/div>\n\t\t\t\t\t<\/div>\n\t\t\t\t<\/div>\n\t\t<div data-particle_enable=\"false\" data-particle-mobile-disabled=\"false\" class=\"elementor-element elementor-element-c816e47 e-flex e-con-boxed e-con e-parent\" data-id=\"c816e47\" data-element_type=\"container\" data-e-type=\"container\">\n\t\t\t\t\t<div class=\"e-con-inner\">\n\t\t\t\t<div class=\"elementor-element elementor-element-8b2e636 elementor-widget elementor-widget-text-editor\" data-id=\"8b2e636\" data-element_type=\"widget\" data-e-type=\"widget\" data-widget_type=\"text-editor.default\">\n\t\t\t\t\t\t\t\t\t<p>Quienes experimentan este s\u00edndrome suelen atribuir sus \u00e9xitos a factores externos, como la suerte, y minimizan su propio esfuerzo y habilidad.<\/p><p><a href=\"https:\/\/soymigrante.com\/revista\/como-superar-los-traumas-y-recuperar-el-bienestar-emocional\/\" target=\"_blank\" rel=\"noopener\">Esta autopercepci\u00f3n distorsionada puede llevar a la ansiedad,<\/a> el estr\u00e9s y la falta de satisfacci\u00f3n personal.<\/p>\t\t\t\t\t\t\t\t<\/div>\n\t\t\t\t\t<\/div>\n\t\t\t\t<\/div>\n\t\t<div data-particle_enable=\"false\" data-particle-mobile-disabled=\"false\" class=\"elementor-element elementor-element-5b25983 e-flex e-con-boxed e-con e-parent\" data-id=\"5b25983\" data-element_type=\"container\" data-e-type=\"container\">\n\t\t\t\t\t<div class=\"e-con-inner\">\n\t\t\t\t<div class=\"elementor-element elementor-element-0204311 elementor-widget elementor-widget-image\" data-id=\"0204311\" data-element_type=\"widget\" data-e-type=\"widget\" data-widget_type=\"image.default\">\n\t\t\t\t\t\t\t\t\t\t\t\t<figure class=\"wp-caption\">\n\t\t\t\t\t\t\t\t\t\t<img fetchpriority=\"high\" decoding=\"async\" width=\"768\" height=\"512\" src=\"https:\/\/soymigrante.com\/revista\/wp-content\/uploads\/2025\/03\/Que\u0301-es-el-si\u0301ndrome-del-impostor-y-co\u0301mo-combatirlo2-1024x683.jpg\" class=\"attachment-large size-large wp-image-28828\" alt=\"\u00bfQu\u00e9 es el s\u00edndrome del impostor y c\u00f3mo combatirlo?\" srcset=\"https:\/\/soymigrante.com\/revista\/wp-content\/uploads\/2025\/03\/Que\u0301-es-el-si\u0301ndrome-del-impostor-y-co\u0301mo-combatirlo2-1024x683.jpg 1024w, https:\/\/soymigrante.com\/revista\/wp-content\/uploads\/2025\/03\/Que\u0301-es-el-si\u0301ndrome-del-impostor-y-co\u0301mo-combatirlo2-300x200.jpg 300w, https:\/\/soymigrante.com\/revista\/wp-content\/uploads\/2025\/03\/Que\u0301-es-el-si\u0301ndrome-del-impostor-y-co\u0301mo-combatirlo2-768x512.jpg 768w, https:\/\/soymigrante.com\/revista\/wp-content\/uploads\/2025\/03\/Que\u0301-es-el-si\u0301ndrome-del-impostor-y-co\u0301mo-combatirlo2-1536x1024.jpg 1536w, https:\/\/soymigrante.com\/revista\/wp-content\/uploads\/2025\/03\/Que\u0301-es-el-si\u0301ndrome-del-impostor-y-co\u0301mo-combatirlo2-2048x1365.jpg 2048w, https:\/\/soymigrante.com\/revista\/wp-content\/uploads\/2025\/03\/Que\u0301-es-el-si\u0301ndrome-del-impostor-y-co\u0301mo-combatirlo2-750x500.webp 750w, https:\/\/soymigrante.com\/revista\/wp-content\/uploads\/2025\/03\/Que\u0301-es-el-si\u0301ndrome-del-impostor-y-co\u0301mo-combatirlo2-1140x760.webp 1140w, https:\/\/soymigrante.com\/revista\/wp-content\/uploads\/2025\/03\/Que\u0301-es-el-si\u0301ndrome-del-impostor-y-co\u0301mo-combatirlo2-scaled.webp 1920w\" sizes=\"(max-width: 768px) 100vw, 768px\" title=\"\u00bfQu\u00e9 es el s\u00edndrome del impostor y c\u00f3mo combatirlo? \u2013 SoyMigrante.com REVISTA\" \/>\t\t\t\t\t\t\t\t\t\t\t<figcaption class=\"widget-image-caption wp-caption-text\">Este s\u00edndrome no est\u00e1 reconocido como un trastorno mental. (Foto: Pexels)<\/figcaption>\n\t\t\t\t\t\t\t\t\t\t<\/figure>\n\t\t\t\t\t\t\t\t\t<\/div>\n\t\t\t\t\t<\/div>\n\t\t\t\t<\/div>\n\t\t<div data-particle_enable=\"false\" data-particle-mobile-disabled=\"false\" class=\"elementor-element elementor-element-251f56b e-flex e-con-boxed e-con e-parent\" data-id=\"251f56b\" data-element_type=\"container\" data-e-type=\"container\">\n\t\t\t\t\t<div class=\"e-con-inner\">\n\t\t\t\t<div class=\"elementor-element elementor-element-9a982f0 elementor-widget elementor-widget-heading\" data-id=\"9a982f0\" data-element_type=\"widget\" data-e-type=\"widget\" data-widget_type=\"heading.default\">\n\t\t\t\t\t<h3 class=\"elementor-heading-title elementor-size-default\">Recomendaciones para combatir el s\u00edndrome del impostor<\/h3>\t\t\t\t<\/div>\n\t\t\t\t\t<\/div>\n\t\t\t\t<\/div>\n\t\t<div data-particle_enable=\"false\" data-particle-mobile-disabled=\"false\" class=\"elementor-element elementor-element-45e43f4 e-flex e-con-boxed e-con e-parent\" data-id=\"45e43f4\" data-element_type=\"container\" data-e-type=\"container\">\n\t\t\t\t\t<div class=\"e-con-inner\">\n\t\t\t\t<div class=\"elementor-element elementor-element-ca4587a elementor-widget elementor-widget-text-editor\" data-id=\"ca4587a\" data-element_type=\"widget\" data-e-type=\"widget\" data-widget_type=\"text-editor.default\">\n\t\t\t\t\t\t\t\t\t<div><a href=\"https:\/\/soymigrante.com\/revista\/como-superar-los-traumas-y-recuperar-el-bienestar-emocional\/\" target=\"_blank\" rel=\"noopener\">Para enfrentar y superar este s\u00edndrome, se sugieren las siguientes estrategias:<\/a><\/div><div>\u00a0<\/div><div><strong>1.Reconocer y aceptar los sentimientos:<\/strong> El primer paso es identificar y aceptar las emociones de inseguridad. Comprender que estos sentimientos son comunes y no reflejan la realidad de nuestras capacidades es fundamental.\u00a0\u00a0<\/div><div>\u00a0<\/div><div><strong>2.Compartir experiencias:<\/strong> Hablar sobre estos sentimientos con colegas, amigos o mentores puede ser liberador y ayuda a darse cuenta de que no se est\u00e1 solo en esta experiencia.<\/div><div>\u00a0<\/div><div><strong>3.Enfocarse en los hechos:<\/strong> Centrarse en las evidencias objetivas de los propios logros y habilidades, en lugar de en las percepciones negativas, ayuda a contrarrestar las dudas infundadas.\u00a0\u00a0<\/div><div>\u00a0<\/div><div><strong>4.Aceptar la imperfecci\u00f3n:<\/strong> Entender que la perfecci\u00f3n es inalcanzable y que cometer errores es parte del proceso de aprendizaje es crucial para reducir la autocr\u00edtica.\u00a0\u00a0<\/div><div>\u00a0<\/div><div><strong>5.Celebrar los logros:<\/strong> Reconocer y celebrar las propias metas alcanzadas, por peque\u00f1as que sean, fortalece la autoestima y reafirma las competencias personales.<\/div>\t\t\t\t\t\t\t\t<\/div>\n\t\t\t\t\t<\/div>\n\t\t\t\t<\/div>\n\t\t<div data-particle_enable=\"false\" data-particle-mobile-disabled=\"false\" class=\"elementor-element elementor-element-e91ced4 e-flex e-con-boxed e-con e-parent\" data-id=\"e91ced4\" data-element_type=\"container\" data-e-type=\"container\">\n\t\t\t\t\t<div class=\"e-con-inner\">\n\t\t\t\t<div class=\"elementor-element elementor-element-c05c1cf elementor-widget elementor-widget-heading\" data-id=\"c05c1cf\" data-element_type=\"widget\" data-e-type=\"widget\" data-widget_type=\"heading.default\">\n\t\t\t\t\t<h3 class=\"elementor-heading-title elementor-size-default\">C\u00f3mo abordar el s\u00edndrome del impostor<\/h3>\t\t\t\t<\/div>\n\t\t\t\t\t<\/div>\n\t\t\t\t<\/div>\n\t\t<div data-particle_enable=\"false\" data-particle-mobile-disabled=\"false\" class=\"elementor-element elementor-element-1c0c903 e-flex e-con-boxed e-con e-parent\" data-id=\"1c0c903\" data-element_type=\"container\" data-e-type=\"container\">\n\t\t\t\t\t<div class=\"e-con-inner\">\n\t\t\t\t<div class=\"elementor-element elementor-element-ff1fdb5 elementor-widget elementor-widget-text-editor\" data-id=\"ff1fdb5\" data-element_type=\"widget\" data-e-type=\"widget\" data-widget_type=\"text-editor.default\">\n\t\t\t\t\t\t\t\t\t<div>La doctora Valerie G\u00f3mez, experta en este \u00e1mbito y psic\u00f3loga, ha categorizado los comportamientos relacionados con este s\u00edndrome en cinco grupos:\u00a0<\/div><div><strong>\u2022Perfeccionistas:<\/strong> Aquellos que nunca est\u00e1n satisfechos con sus logros y siempre creen que podr\u00edan haberlo hecho mejor.\u00a0<\/div><div><strong>\u2022Individualistas:<\/strong> Personas que rechazan la ayuda, sintiendo que deben lograr todo por s\u00ed mismas para demostrar su val\u00eda.\u00a0<\/div><div><strong>\u2022Expertos:<\/strong> Quienes piensan que no han sido honestos en su selecci\u00f3n y temen ser descubiertos como fraudes.\u00a0<\/div><div><strong>\u2022Genios naturales:<\/strong> Individuos que se juzgan a s\u00ed mismos y se estresan si no hacen las cosas con rapidez y facilidad desde el inicio.\u00a0<\/div><div><strong>\u2022Superhumanos:<\/strong> Personas que se presionan para trabajar m\u00e1s duro y estar a la altura, lo que puede da\u00f1ar su salud mental y relaciones sociales.\u00a0<\/div>\t\t\t\t\t\t\t\t<\/div>\n\t\t\t\t\t<\/div>\n\t\t\t\t<\/div>\n\t\t<div data-particle_enable=\"false\" data-particle-mobile-disabled=\"false\" class=\"elementor-element elementor-element-1e1558f e-flex e-con-boxed e-con e-parent\" data-id=\"1e1558f\" data-element_type=\"container\" data-e-type=\"container\">\n\t\t\t\t\t<div class=\"e-con-inner\">\n\t\t\t\t<div class=\"elementor-element elementor-element-022171f elementor-widget elementor-widget-image\" data-id=\"022171f\" data-element_type=\"widget\" data-e-type=\"widget\" data-widget_type=\"image.default\">\n\t\t\t\t\t\t\t\t\t\t\t\t<figure class=\"wp-caption\">\n\t\t\t\t\t\t\t\t\t\t<img decoding=\"async\" width=\"683\" height=\"1024\" src=\"https:\/\/soymigrante.com\/revista\/wp-content\/uploads\/2025\/03\/Que\u0301-es-el-si\u0301ndrome-del-impostor-y-co\u0301mo-combatirlo1-683x1024.jpg\" class=\"attachment-large size-large wp-image-28829\" alt=\"\u00bfQu\u00e9 es el s\u00edndrome del impostor y c\u00f3mo combatirlo?\" srcset=\"https:\/\/soymigrante.com\/revista\/wp-content\/uploads\/2025\/03\/Que\u0301-es-el-si\u0301ndrome-del-impostor-y-co\u0301mo-combatirlo1-683x1024.jpg 683w, https:\/\/soymigrante.com\/revista\/wp-content\/uploads\/2025\/03\/Que\u0301-es-el-si\u0301ndrome-del-impostor-y-co\u0301mo-combatirlo1-200x300.jpg 200w, https:\/\/soymigrante.com\/revista\/wp-content\/uploads\/2025\/03\/Que\u0301-es-el-si\u0301ndrome-del-impostor-y-co\u0301mo-combatirlo1-768x1152.jpg 768w, https:\/\/soymigrante.com\/revista\/wp-content\/uploads\/2025\/03\/Que\u0301-es-el-si\u0301ndrome-del-impostor-y-co\u0301mo-combatirlo1-1024x1536.jpg 1024w, https:\/\/soymigrante.com\/revista\/wp-content\/uploads\/2025\/03\/Que\u0301-es-el-si\u0301ndrome-del-impostor-y-co\u0301mo-combatirlo1-1365x2048.jpg 1365w, https:\/\/soymigrante.com\/revista\/wp-content\/uploads\/2025\/03\/Que\u0301-es-el-si\u0301ndrome-del-impostor-y-co\u0301mo-combatirlo1-750x1125.webp 750w, https:\/\/soymigrante.com\/revista\/wp-content\/uploads\/2025\/03\/Que\u0301-es-el-si\u0301ndrome-del-impostor-y-co\u0301mo-combatirlo1-1140x1710.webp 1140w, https:\/\/soymigrante.com\/revista\/wp-content\/uploads\/2025\/03\/Que\u0301-es-el-si\u0301ndrome-del-impostor-y-co\u0301mo-combatirlo1-scaled.webp 1280w\" sizes=\"(max-width: 683px) 100vw, 683px\" title=\"Que\u0301 es el si\u0301ndrome del impostor y co\u0301mo combatirlo1 \u2013 SoyMigrante.com REVISTA\" \/>\t\t\t\t\t\t\t\t\t\t\t<figcaption class=\"widget-image-caption wp-caption-text\">Quienes experimentan este s\u00edndrome suelen atribuir sus \u00e9xitos a factores externos, como la suerte, y minimizan su propio esfuerzo y habilidad. (Foto: Pexels)<\/figcaption>\n\t\t\t\t\t\t\t\t\t\t<\/figure>\n\t\t\t\t\t\t\t\t\t<\/div>\n\t\t\t\t\t<\/div>\n\t\t\t\t<\/div>\n\t\t<div data-particle_enable=\"false\" data-particle-mobile-disabled=\"false\" class=\"elementor-element elementor-element-df1a9f1 e-flex e-con-boxed e-con e-parent\" data-id=\"df1a9f1\" data-element_type=\"container\" data-e-type=\"container\">\n\t\t\t\t\t<div class=\"e-con-inner\">\n\t\t\t\t<div class=\"elementor-element elementor-element-67c57b4 elementor-widget elementor-widget-text-editor\" data-id=\"67c57b4\" data-element_type=\"widget\" data-e-type=\"widget\" data-widget_type=\"text-editor.default\">\n\t\t\t\t\t\t\t\t\t<p>Adem\u00e1s, Gomez, ha abordado el s\u00edndrome del impostor desde una perspectiva de g\u00e9nero, se\u00f1alando que las mujeres suelen experimentar este fen\u00f3meno debido a la socializaci\u00f3n y la falta de referentes de \u00e9xito femeninos.<\/p><p>Ella argumenta que, en cantidades razonables, <a href=\"https:\/\/soymigrante.com\/revista\/como-superar-los-traumas-y-recuperar-el-bienestar-emocional\/\" target=\"_blank\" rel=\"noopener\">este s\u00edndrome puede ser beneficioso al mantener la seguridad y el orgullo dentro de l\u00edmites saludables.<\/a><\/p>\t\t\t\t\t\t\t\t<\/div>\n\t\t\t\t\t<\/div>\n\t\t\t\t<\/div>\n\t\t<div data-particle_enable=\"false\" data-particle-mobile-disabled=\"false\" class=\"elementor-element elementor-element-abb1c40 e-flex e-con-boxed e-con e-parent\" data-id=\"abb1c40\" data-element_type=\"container\" data-e-type=\"container\">\n\t\t\t\t\t<div class=\"e-con-inner\">\n\t\t\t\t<div class=\"elementor-element elementor-element-4975ba2 elementor-widget elementor-widget-text-editor\" data-id=\"4975ba2\" data-element_type=\"widget\" data-e-type=\"widget\" data-widget_type=\"text-editor.default\">\n\t\t\t\t\t\t\t\t\t<p>El s\u00edndrome del impostor es una experiencia com\u00fan que puede afectar a cualquier persona, independientemente de su \u00e9xito o competencia. Reconocerlo y aplicar estrategias para combatirlo es esencial para el bienestar personal y profesional.<\/p>\t\t\t\t\t\t\t\t<\/div>\n\t\t\t\t\t<\/div>\n\t\t\t\t<\/div>\n\t\t<div data-particle_enable=\"false\" data-particle-mobile-disabled=\"false\" class=\"elementor-element elementor-element-b571510 e-flex e-con-boxed e-con e-parent\" data-id=\"b571510\" data-element_type=\"container\" data-e-type=\"container\">\n\t\t\t\t\t<div class=\"e-con-inner\">\n\t\t\t\t<div class=\"elementor-element elementor-element-f179d9f elementor-widget elementor-widget-heading\" data-id=\"f179d9f\" data-element_type=\"widget\" data-e-type=\"widget\" data-widget_type=\"heading.default\">\n\t\t\t\t\t<h2 class=\"elementor-heading-title elementor-size-default\">Conoce otros temas que te pueden interesar...<\/h2>\t\t\t\t<\/div>\n\t\t\t\t\t<\/div>\n\t\t\t\t<\/div>\n\t\t<div data-particle_enable=\"false\" data-particle-mobile-disabled=\"false\" class=\"elementor-element elementor-element-2fdafa6 e-flex e-con-boxed e-con e-parent\" data-id=\"2fdafa6\" data-element_type=\"container\" data-e-type=\"container\">\n\t\t\t\t\t<div class=\"e-con-inner\">\n\t\t\t\t<div class=\"elementor-element elementor-element-2a928da elementor-grid-eael-col-3 elementor-grid-tablet-eael-col-2 elementor-grid-mobile-eael-col-1 elementor-widget elementor-widget-eael-post-grid\" data-id=\"2a928da\" data-element_type=\"widget\" data-e-type=\"widget\" data-settings=\"{&quot;eael_post_grid_columns&quot;:&quot;eael-col-3&quot;,&quot;eael_post_grid_columns_tablet&quot;:&quot;eael-col-2&quot;,&quot;eael_post_grid_columns_mobile&quot;:&quot;eael-col-1&quot;}\" data-widget_type=\"eael-post-grid.default\">\n\t\t\t\t\t<div id=\"eael-post-grid-2a928da\" class=\"eael-post-grid-container\">\n            <div class=\"eael-post-grid eael-post-appender eael-post-appender-2a928da eael-post-grid-style-one\" data-layout-mode=\"masonry\"><article class=\"eael-grid-post  eael-post-grid-column eael-pg-post-27161 category-bienestar\" data-id=\"27161\">\n        <div class=\"eael-grid-post-holder\">\n            <div class=\"eael-grid-post-holder-inner\"><div class=\"eael-entry-media\"><div class=\"eael-entry-overlay fade-in\"><i class=\"far fa-hand-pointer\" aria-hidden=\"true\"><\/i><a href=\"https:\/\/soymigrante.com\/revista\/como-superar-los-traumas-y-recuperar-el-bienestar-emocional\/\"><\/a><\/div><div class=\"eael-entry-thumbnail \">\n                <img decoding=\"async\" width=\"1024\" height=\"1024\" src=\"https:\/\/soymigrante.com\/revista\/wp-content\/uploads\/2025\/03\/Co\u0301mo-superar-los-traumas-y-recuperar-el-bienestar-emocional-1-scaled-e1741203495869-1024x1024.webp\" class=\"attachment-large size-large wp-image-27162\" alt=\"C\u00f3mo superar los traumas y recuperar el bienestar emocional\" srcset=\"https:\/\/soymigrante.com\/revista\/wp-content\/uploads\/2025\/03\/Co\u0301mo-superar-los-traumas-y-recuperar-el-bienestar-emocional-1-scaled-e1741203495869-1024x1024.webp 1024w, https:\/\/soymigrante.com\/revista\/wp-content\/uploads\/2025\/03\/Co\u0301mo-superar-los-traumas-y-recuperar-el-bienestar-emocional-1-scaled-e1741203495869-300x300.webp 300w, https:\/\/soymigrante.com\/revista\/wp-content\/uploads\/2025\/03\/Co\u0301mo-superar-los-traumas-y-recuperar-el-bienestar-emocional-1-scaled-e1741203495869-150x150.webp 150w, https:\/\/soymigrante.com\/revista\/wp-content\/uploads\/2025\/03\/Co\u0301mo-superar-los-traumas-y-recuperar-el-bienestar-emocional-1-scaled-e1741203495869-768x768.webp 768w, https:\/\/soymigrante.com\/revista\/wp-content\/uploads\/2025\/03\/Co\u0301mo-superar-los-traumas-y-recuperar-el-bienestar-emocional-1-scaled-e1741203495869-75x75.webp 75w, https:\/\/soymigrante.com\/revista\/wp-content\/uploads\/2025\/03\/Co\u0301mo-superar-los-traumas-y-recuperar-el-bienestar-emocional-1-scaled-e1741203495869-750x750.webp 750w, https:\/\/soymigrante.com\/revista\/wp-content\/uploads\/2025\/03\/Co\u0301mo-superar-los-traumas-y-recuperar-el-bienestar-emocional-1-scaled-e1741203495869-1140x1140.webp 1140w, https:\/\/soymigrante.com\/revista\/wp-content\/uploads\/2025\/03\/Co\u0301mo-superar-los-traumas-y-recuperar-el-bienestar-emocional-1-scaled-e1741203495869.webp 1280w\" sizes=\"(max-width: 1024px) 100vw, 1024px\" \/>\n            <\/div>\n        <\/div><div class=\"eael-entry-wrapper\"><header class=\"eael-entry-header\"><h2 class=\"eael-entry-title\"><a class=\"eael-grid-post-link\" href=\"https:\/\/soymigrante.com\/revista\/como-superar-los-traumas-y-recuperar-el-bienestar-emocional\/\" title=\"C\u00f3mo superar los traumas y recuperar el bienestar emocional\">C\u00f3mo superar los traumas y recuperar el bienestar emocional<\/a><\/h2><\/header><div class=\"eael-entry-content\">\n                        <div class=\"eael-grid-post-excerpt\"><a href=\"https:\/\/soymigrante.com\/revista\/como-superar-los-traumas-y-recuperar-el-bienestar-emocional\/\" class=\"eael-post-elements-readmore-btn\">CONOCE SU HISTORIA <\/a><\/div>\n                    <\/div><\/div><\/div>\n        <\/div>\n    <\/article><article class=\"eael-grid-post  eael-post-grid-column eael-pg-post-1235 category-bienestar\" data-id=\"1235\">\n        <div class=\"eael-grid-post-holder\">\n            <div class=\"eael-grid-post-holder-inner\"><div class=\"eael-entry-media\"><div class=\"eael-entry-overlay fade-in\"><i class=\"far fa-hand-pointer\" aria-hidden=\"true\"><\/i><a href=\"https:\/\/soymigrante.com\/revista\/superar-emociones-negativas-al-migrar\/\"><\/a><\/div><div class=\"eael-entry-thumbnail \">\n                <img loading=\"lazy\" decoding=\"async\" width=\"1024\" height=\"1024\" src=\"https:\/\/soymigrante.com\/revista\/wp-content\/uploads\/2023\/06\/SUPERAR-MIGRACION-ARTICULO-HENRY-ARMAS-1-1024x1024.png\" class=\"attachment-large size-large wp-image-1236\" alt=\"\" srcset=\"https:\/\/soymigrante.com\/revista\/wp-content\/uploads\/2023\/06\/SUPERAR-MIGRACION-ARTICULO-HENRY-ARMAS-1-1024x1024.png 1024w, https:\/\/soymigrante.com\/revista\/wp-content\/uploads\/2023\/06\/SUPERAR-MIGRACION-ARTICULO-HENRY-ARMAS-1-300x300.webp 300w, https:\/\/soymigrante.com\/revista\/wp-content\/uploads\/2023\/06\/SUPERAR-MIGRACION-ARTICULO-HENRY-ARMAS-1-150x150.webp 150w, https:\/\/soymigrante.com\/revista\/wp-content\/uploads\/2023\/06\/SUPERAR-MIGRACION-ARTICULO-HENRY-ARMAS-1-768x768.png 768w, https:\/\/soymigrante.com\/revista\/wp-content\/uploads\/2023\/06\/SUPERAR-MIGRACION-ARTICULO-HENRY-ARMAS-1-1536x1536.png 1536w, https:\/\/soymigrante.com\/revista\/wp-content\/uploads\/2023\/06\/SUPERAR-MIGRACION-ARTICULO-HENRY-ARMAS-1-2048x2048.png 2048w, https:\/\/soymigrante.com\/revista\/wp-content\/uploads\/2023\/06\/SUPERAR-MIGRACION-ARTICULO-HENRY-ARMAS-1-75x75.webp 75w, https:\/\/soymigrante.com\/revista\/wp-content\/uploads\/2023\/06\/SUPERAR-MIGRACION-ARTICULO-HENRY-ARMAS-1-750x750.webp 750w, https:\/\/soymigrante.com\/revista\/wp-content\/uploads\/2023\/06\/SUPERAR-MIGRACION-ARTICULO-HENRY-ARMAS-1-1140x1140.png 1140w, https:\/\/soymigrante.com\/revista\/wp-content\/uploads\/2023\/06\/SUPERAR-MIGRACION-ARTICULO-HENRY-ARMAS-1-600x600.png 600w, https:\/\/soymigrante.com\/revista\/wp-content\/uploads\/2023\/06\/SUPERAR-MIGRACION-ARTICULO-HENRY-ARMAS-1.webp 1919w\" sizes=\"(max-width: 1024px) 100vw, 1024px\" \/>\n            <\/div>\n        <\/div><div class=\"eael-entry-wrapper\"><header class=\"eael-entry-header\"><h2 class=\"eael-entry-title\"><a class=\"eael-grid-post-link\" href=\"https:\/\/soymigrante.com\/revista\/superar-emociones-negativas-al-migrar\/\" title=\"Cinco herramientas para superar emociones negativas al migrar\">Cinco herramientas para superar emociones negativas al migrar<\/a><\/h2><\/header><div class=\"eael-entry-content\">\n                        <div class=\"eael-grid-post-excerpt\"><a href=\"https:\/\/soymigrante.com\/revista\/superar-emociones-negativas-al-migrar\/\" class=\"eael-post-elements-readmore-btn\">CONOCE SU HISTORIA <\/a><\/div>\n                    <\/div><\/div><\/div>\n        <\/div>\n    <\/article><article class=\"eael-grid-post  eael-post-grid-column eael-pg-post-300 category-bienestar\" data-id=\"300\">\n        <div class=\"eael-grid-post-holder\">\n            <div class=\"eael-grid-post-holder-inner\"><div class=\"eael-entry-media\"><div class=\"eael-entry-overlay fade-in\"><i class=\"far fa-hand-pointer\" aria-hidden=\"true\"><\/i><a href=\"https:\/\/soymigrante.com\/revista\/el-duelo-migratorio-existe-y-no-solo-es-uno-son-siete-los-duelos-del-migrante\/\"><\/a><\/div><div class=\"eael-entry-thumbnail \">\n                <img loading=\"lazy\" decoding=\"async\" width=\"1024\" height=\"1024\" src=\"https:\/\/soymigrante.com\/revista\/wp-content\/uploads\/2024\/01\/Duelo-de-distancia-es-real.webp\" class=\"attachment-large size-large wp-image-6099\" alt=\"Hermosa ilustraci\u00f3n de un atardecer en una cafeter\u00eda, mostrando una figura sentada contemplando el paisaje y la luna llena, con tonos c\u00e1lidos y un ambiente introspectivo, ideal para temas de migraci\u00f3n, reflexi\u00f3n y cultura.\" srcset=\"https:\/\/soymigrante.com\/revista\/wp-content\/uploads\/2024\/01\/Duelo-de-distancia-es-real.webp 1024w, https:\/\/soymigrante.com\/revista\/wp-content\/uploads\/2024\/01\/Duelo-de-distancia-es-real-300x300.webp 300w, https:\/\/soymigrante.com\/revista\/wp-content\/uploads\/2024\/01\/Duelo-de-distancia-es-real-150x150.webp 150w, https:\/\/soymigrante.com\/revista\/wp-content\/uploads\/2024\/01\/Duelo-de-distancia-es-real-768x768.webp 768w, https:\/\/soymigrante.com\/revista\/wp-content\/uploads\/2024\/01\/Duelo-de-distancia-es-real-75x75.webp 75w, https:\/\/soymigrante.com\/revista\/wp-content\/uploads\/2024\/01\/Duelo-de-distancia-es-real-750x750.webp 750w, https:\/\/soymigrante.com\/revista\/wp-content\/uploads\/2024\/01\/Duelo-de-distancia-es-real-600x600.webp 600w\" sizes=\"(max-width: 1024px) 100vw, 1024px\" \/>\n            <\/div>\n        <\/div><div class=\"eael-entry-wrapper\"><header class=\"eael-entry-header\"><h2 class=\"eael-entry-title\"><a class=\"eael-grid-post-link\" href=\"https:\/\/soymigrante.com\/revista\/el-duelo-migratorio-existe-y-no-solo-es-uno-son-siete-los-duelos-del-migrante\/\" title=\"Duelo de distancia  es real pero se puede y se debe superar\">Duelo de distancia  es real pero se puede y se debe superar<\/a><\/h2><\/header><div class=\"eael-entry-content\">\n                        <div class=\"eael-grid-post-excerpt\"><a href=\"https:\/\/soymigrante.com\/revista\/el-duelo-migratorio-existe-y-no-solo-es-uno-son-siete-los-duelos-del-migrante\/\" class=\"eael-post-elements-readmore-btn\">CONOCE SU HISTORIA <\/a><\/div>\n                    <\/div><\/div><\/div>\n        <\/div>\n    <\/article><\/div>\n            <div class=\"clearfix\"><\/div>\n        <\/div>\t\t\t\t<\/div>\n\t\t\t\t\t<\/div>\n\t\t\t\t<\/div>\n\t\t\t\t<\/div>\n\t\t","protected":false},"excerpt":{"rendered":"<p>El s\u00edndrome del impostor afecta en mayo grado a las mujeres, seg\u00fan los expertos, pero con la ayuda correcta es m\u00e1s f\u00e1cil manejarlo. El s\u00edndrome del impostor es un fen\u00f3meno psicol\u00f3gico en el que las personas, a pesar de sus logros y competencias, sienten una persistente duda sobre su capacidad y temen ser descubiertas como [&hellip;]<\/p>\n","protected":false},"author":19,"featured_media":28826,"comment_status":"open","ping_status":"open","sticky":false,"template":"","format":"standard","meta":{"_acf_changed":false,"_eb_attr":"","footnotes":""},"categories":[55],"tags":[],"class_list":["post-28825","post","type-post","status-publish","format-standard","has-post-thumbnail","hentry","category-bienestar"],"acf":[],"aioseo_notices":[],"aioseo_head":"\n\t\t<!-- All in One SEO Pro 4.9.6.2 - aioseo.com -->\n\t<meta name=\"description\" content=\"Toda persona que se traslada a vivir a una localidad distante de su lugar de origen o de habitual residencia...\" \/>\n\t<meta name=\"robots\" content=\"max-snippet:-1, max-image-preview:large, max-video-preview:-1\" \/>\n\t<meta name=\"author\" content=\"SoyMigrante.com REVISTA\"\/>\n\t<link rel=\"canonical\" href=\"https:\/\/soymigrante.com\/revista\/el-duelo-migratorio-existe-y-no-solo-es-uno-son-siete-los-duelos-del-migrante\/\" \/>\n\t<meta name=\"generator\" content=\"All in One SEO Pro (AIOSEO) 4.9.6.2\" \/>\n\n\t\t<link rel=\"preconnect\" href=\"https:\/\/fonts.googleapis.com\" crossorigin>\n<link rel=\"preconnect\" href=\"https:\/\/fonts.gstatic.com\" crossorigin>\n\t\t<meta property=\"og:locale\" content=\"es_ES\" \/>\n\t\t<meta property=\"og:site_name\" content=\"SoyMigrante.com REVISTA \u2013 Nuestra misi\u00f3n es reconocer y dignificar al migrante.\" \/>\n\t\t<meta property=\"og:type\" content=\"article\" \/>\n\t\t<meta property=\"og:title\" content=\"Duelo de distancia es real pero se puede y se debe superar\" \/>\n\t\t<meta property=\"og:description\" content=\"Toda persona que se traslada a vivir a una localidad distante de su lugar de origen o de habitual residencia...\" \/>\n\t\t<meta property=\"og:url\" content=\"https:\/\/soymigrante.com\/revista\/el-duelo-migratorio-existe-y-no-solo-es-uno-son-siete-los-duelos-del-migrante\/\" \/>\n\t\t<meta property=\"og:image\" content=\"https:\/\/soymigrante.com\/revista\/wp-content\/uploads\/2024\/01\/Duelo-de-distancia-es-real.webp\" \/>\n\t\t<meta property=\"og:image:secure_url\" content=\"https:\/\/soymigrante.com\/revista\/wp-content\/uploads\/2024\/01\/Duelo-de-distancia-es-real.webp\" \/>\n\t\t<meta property=\"og:image:width\" content=\"1024\" \/>\n\t\t<meta property=\"og:image:height\" content=\"1024\" \/>\n\t\t<meta property=\"article:published_time\" content=\"2023-05-26T00:42:37+00:00\" \/>\n\t\t<meta property=\"article:modified_time\" content=\"2024-06-25T22:34:59+00:00\" \/>\n\t\t<meta property=\"article:publisher\" content=\"https:\/\/www.facebook.com\/soymigrantecom\" \/>\n\t\t<meta name=\"twitter:card\" content=\"summary_large_image\" \/>\n\t\t<meta name=\"twitter:site\" content=\"@SoyMigrante_com\" \/>\n\t\t<meta name=\"twitter:title\" content=\"Duelo de distancia es real pero se puede y se debe superar\" \/>\n\t\t<meta name=\"twitter:description\" content=\"Toda persona que se traslada a vivir a una localidad distante de su lugar de origen o de habitual residencia...\" \/>\n\t\t<meta name=\"twitter:creator\" content=\"@SoyMigrante_com\" \/>\n\t\t<meta name=\"twitter:image\" content=\"https:\/\/soymigrante.com\/revista\/wp-content\/uploads\/2024\/01\/Duelo-de-distancia-es-real.webp\" \/>\n\t\t<!-- All in One SEO Pro -->\r\n\t\t<title>Duelo de distancia es real pero se puede y se debe superar<\/title>\n\n","aioseo_head_json":{"title":"Duelo de distancia es real pero se puede y se debe superar","description":"Toda persona que se traslada a vivir a una localidad distante de su lugar de origen o de habitual residencia...","canonical_url":"https:\/\/soymigrante.com\/revista\/el-duelo-migratorio-existe-y-no-solo-es-uno-son-siete-los-duelos-del-migrante\/","robots":"max-snippet:-1, max-image-preview:large, max-video-preview:-1","keywords":"","webmasterTools":{"miscellaneous":"&lt;link rel=\"preconnect\" href=\"https:\/\/fonts.googleapis.com\" crossorigin&gt;\n&lt;link rel=\"preconnect\" href=\"https:\/\/fonts.gstatic.com\" crossorigin&gt;"},"schema":null,"og:locale":"es_ES","og:site_name":"SoyMigrante.com REVISTA \u2013 Nuestra misi\u00f3n es reconocer y dignificar al migrante.","og:type":"article","og:title":"Duelo de distancia es real pero se puede y se debe superar","og:description":"Toda persona que se traslada a vivir a una localidad distante de su lugar de origen o de habitual residencia...","og:url":"https:\/\/soymigrante.com\/revista\/el-duelo-migratorio-existe-y-no-solo-es-uno-son-siete-los-duelos-del-migrante\/","og:image":"https:\/\/soymigrante.com\/revista\/wp-content\/uploads\/2024\/01\/Duelo-de-distancia-es-real.webp","og:image:secure_url":"https:\/\/soymigrante.com\/revista\/wp-content\/uploads\/2024\/01\/Duelo-de-distancia-es-real.webp","og:image:width":1024,"og:image:height":1024,"article:published_time":"2023-05-26T00:42:37+00:00","article:modified_time":"2024-06-25T22:34:59+00:00","article:publisher":"https:\/\/www.facebook.com\/soymigrantecom","twitter:card":"summary_large_image","twitter:site":"@SoyMigrante_com","twitter:title":"Duelo de distancia es real pero se puede y se debe superar","twitter:description":"Toda persona que se traslada a vivir a una localidad distante de su lugar de origen o de habitual residencia...","twitter:creator":"@SoyMigrante_com","twitter:image":"https:\/\/soymigrante.com\/revista\/wp-content\/uploads\/2024\/01\/Duelo-de-distancia-es-real.webp"},"aioseo_meta_data":{"post_id":"28825","title":null,"description":"\u00bfSientes que no te mereces todo lo que has conseguido a pesar de tanto esfuerzo? Quiz\u00e1 puedas estar pasando por este s\u00edndrome. Identificalo y sup\u00e9ralo. Se puede.","keywords":null,"keyphrases":{"focus":{"keyphrase":"s\u00edndrome del impostor","score":91,"analysis":{"keyphraseInTitle":{"score":9,"maxScore":9,"error":0},"keyphraseInDescription":{"score":3,"maxScore":9,"error":1},"keyphraseLength":{"score":9,"maxScore":9,"error":0,"length":4},"keyphraseInURL":{"score":5,"maxScore":5,"error":0},"keyphraseInIntroduction":{"score":9,"maxScore":9,"error":0},"keyphraseInSubHeadings":{"score":9,"maxScore":9,"error":0},"keyphraseInImageAlt":{"score":9,"maxScore":9,"error":0},"keywordDensity":{"type":"best","score":9,"maxScore":9,"error":0}}},"additional":[{"keyphrase":"Psicolog\u00eda","score":40,"analysis":{"keyphraseInDescription":{"score":3,"maxScore":9,"error":1},"keyphraseLength":{"score":9,"maxScore":9,"error":0,"length":2},"keyphraseInIntroduction":{"score":3,"maxScore":9,"error":1},"keyphraseInImageAlt":{"score":3,"maxScore":9,"error":1},"keywordDensity":{"score":0,"type":"low","maxScore":9,"error":1}}},{"keyphrase":"Exito","score":40,"analysis":{"keyphraseInDescription":{"score":3,"maxScore":9,"error":1},"keyphraseLength":{"score":9,"maxScore":9,"error":0,"length":1},"keyphraseInIntroduction":{"score":3,"maxScore":9,"error":1},"keyphraseInImageAlt":{"score":3,"maxScore":9,"error":1},"keywordDensity":{"score":0,"type":"low","maxScore":9,"error":1}}}]},"primary_term":null,"canonical_url":null,"og_title":null,"og_description":null,"og_object_type":"default","og_image_type":"default","og_image_url":null,"og_image_width":null,"og_image_height":null,"og_image_custom_url":null,"og_image_custom_fields":null,"og_video":"","og_custom_url":null,"og_article_section":null,"og_article_tags":null,"twitter_use_og":false,"twitter_card":"default","twitter_image_type":"default","twitter_image_url":null,"twitter_image_custom_url":null,"twitter_image_custom_fields":null,"twitter_title":null,"twitter_description":null,"schema":{"blockGraphs":[],"customGraphs":[],"default":{"data":{"Article":[],"Course":[],"Dataset":[],"FAQPage":[],"Movie":[],"Person":[],"Product":[],"ProductReview":[],"Car":[],"Recipe":[],"Service":[],"SoftwareApplication":[],"WebPage":[]},"graphName":"BlogPosting","isEnabled":true},"graphs":[]},"schema_type":"default","schema_type_options":null,"pillar_content":false,"robots_default":true,"robots_noindex":false,"robots_noarchive":false,"robots_nosnippet":false,"robots_nofollow":false,"robots_noimageindex":false,"robots_noodp":false,"robots_notranslate":false,"robots_max_snippet":"-1","robots_max_videopreview":"-1","robots_max_imagepreview":"large","priority":null,"frequency":"default","local_seo":null,"seo_analyzer_scan_date":"2025-10-09 03:40:43","breadcrumb_settings":null,"limit_modified_date":false,"reviewed_by":null,"open_ai":"{\"title\":{\"suggestions\":[],\"usage\":0},\"description\":{\"suggestions\":[],\"usage\":0}}","ai":null,"created":"2025-03-19 21:10:46","updated":"2026-02-04 22:20:13"},"aioseo_breadcrumb":"<div class=\"aioseo-breadcrumbs\"><span class=\"aioseo-breadcrumb\">\n\t<a href=\"https:\/\/soymigrante.com\/revista\" title=\"Home\">Home<\/a>\n<\/span><span class=\"aioseo-breadcrumb-separator\">\u00bb<\/span><span class=\"aioseo-breadcrumb\">\n\t<a href=\"https:\/\/soymigrante.com\/revista\/category\/bienestar\/\" title=\"Bienestar\">Bienestar<\/a>\n<\/span><span class=\"aioseo-breadcrumb-separator\">\u00bb<\/span><span class=\"aioseo-breadcrumb\">\n\t\u00bfQu\u00e9 es el s\u00edndrome del impostor y c\u00f3mo superarlo?\n<\/span><\/div>","aioseo_breadcrumb_json":[{"label":"Home","link":"https:\/\/soymigrante.com\/revista"},{"label":"Bienestar","link":"https:\/\/soymigrante.com\/revista\/category\/bienestar\/"},{"label":"\u00bfQu\u00e9 es el s\u00edndrome del impostor y c\u00f3mo superarlo?","link":"https:\/\/soymigrante.com\/revista\/que-es-el-sindrome-del-impostor-y-como-superarlo\/"}],"_links":{"self":[{"href":"https:\/\/soymigrante.com\/revista\/wp-json\/wp\/v2\/posts\/28825","targetHints":{"allow":["GET"]}}],"collection":[{"href":"https:\/\/soymigrante.com\/revista\/wp-json\/wp\/v2\/posts"}],"about":[{"href":"https:\/\/soymigrante.com\/revista\/wp-json\/wp\/v2\/types\/post"}],"author":[{"embeddable":true,"href":"https:\/\/soymigrante.com\/revista\/wp-json\/wp\/v2\/users\/19"}],"replies":[{"embeddable":true,"href":"https:\/\/soymigrante.com\/revista\/wp-json\/wp\/v2\/comments?post=28825"}],"version-history":[{"count":1,"href":"https:\/\/soymigrante.com\/revista\/wp-json\/wp\/v2\/posts\/28825\/revisions"}],"predecessor-version":[{"id":31382,"href":"https:\/\/soymigrante.com\/revista\/wp-json\/wp\/v2\/posts\/28825\/revisions\/31382"}],"wp:featuredmedia":[{"embeddable":true,"href":"https:\/\/soymigrante.com\/revista\/wp-json\/wp\/v2\/media\/28826"}],"wp:attachment":[{"href":"https:\/\/soymigrante.com\/revista\/wp-json\/wp\/v2\/media?parent=28825"}],"wp:term":[{"taxonomy":"category","embeddable":true,"href":"https:\/\/soymigrante.com\/revista\/wp-json\/wp\/v2\/categories?post=28825"},{"taxonomy":"post_tag","embeddable":true,"href":"https:\/\/soymigrante.com\/revista\/wp-json\/wp\/v2\/tags?post=28825"}],"curies":[{"name":"wp","href":"https:\/\/api.w.org\/{rel}","templated":true}]}}