{"id":28778,"date":"2026-03-13T14:03:09","date_gmt":"2026-03-13T20:03:09","guid":{"rendered":"https:\/\/soymigrante.com\/revista\/?p=28778"},"modified":"2026-03-13T14:19:21","modified_gmt":"2026-03-13T20:19:21","slug":"es-el-21-de-marzo-el-cumpleanos-de-la-republica-de-guatemala","status":"publish","type":"post","link":"https:\/\/soymigrante.com\/revista\/es-el-21-de-marzo-el-cumpleanos-de-la-republica-de-guatemala\/","title":{"rendered":"\u00bfPor qu\u00e9 el 21 de marzo es el cumplea\u00f1os de la Rep\u00fablica de Guatemala?"},"content":{"rendered":"\t\t<div data-elementor-type=\"wp-post\" data-elementor-id=\"28778\" class=\"elementor elementor-28778\" data-elementor-post-type=\"post\">\n\t\t\t\t<div data-particle_enable=\"false\" data-particle-mobile-disabled=\"false\" class=\"elementor-element elementor-element-c581103 e-flex e-con-boxed e-con e-parent\" data-id=\"c581103\" data-element_type=\"container\" data-e-type=\"container\">\n\t\t\t\t\t<div class=\"e-con-inner\">\n\t\t\t\t<div class=\"elementor-element elementor-element-679fc29 elementor-widget elementor-widget-heading\" data-id=\"679fc29\" data-element_type=\"widget\" data-e-type=\"widget\" data-widget_type=\"heading.default\">\n\t\t\t\t\t<h2 class=\"elementor-heading-title elementor-size-default\"><span style=\"font-size: 31.2px\">Aunque la tradicional fiesta patria se celebra el 15 de septiembre d\u00eda de la Independencia; fue el 21 de marzo de 1847 cuando se proclama la Rep\u00fablica de Guatemala, como Naci\u00f3n libre, soberana e independiente. \u00bfQu\u00e9 dice la historia? \u00bfY qu\u00e9 opinas t\u00fa?<br><\/span><\/h2>\t\t\t\t<\/div>\n\t\t\t\t\t<\/div>\n\t\t\t\t<\/div>\n\t\t<div data-particle_enable=\"false\" data-particle-mobile-disabled=\"false\" class=\"elementor-element elementor-element-d37ae20 e-flex e-con-boxed e-con e-parent\" data-id=\"d37ae20\" data-element_type=\"container\" data-e-type=\"container\">\n\t\t\t\t\t<div class=\"e-con-inner\">\n\t\t\t\t<div class=\"elementor-element elementor-element-58c7856 elementor-widget elementor-widget-text-editor\" data-id=\"58c7856\" data-element_type=\"widget\" data-e-type=\"widget\" data-widget_type=\"text-editor.default\">\n\t\t\t\t\t\t\t\t\t<p>S\u00ed, el 21 de marzo de 1847 es la fecha en la que se declara legalmente como libre, soberana e independiente la Rep\u00fablica de Guatemala. Para esa fecha ya otros Estados de Centro Am\u00e9rica se hab\u00edan declarado independientes.\u00a0<span style=\"color: var( --e-global-color-text ); text-align: var(--text-align);\">\u00a0Guatemala fue el \u00faltimo Estado en abandonar la Federaci\u00f3n Centroamericana, que surgi\u00f3 en 1824. En fin&#8230; vamos por partes con algunos hechos.<\/span><\/p><p>En 2021 se celebr\u00f3 el Bicentenario de la Independencia de Centroam\u00e9rica, firmada el 15 de septiembre de 1821. En todos los pa\u00edses centroamericanos hubo festejos. Despu\u00e9s de la independencia de 1821 se declar\u00f3 una anexi\u00f3n temporal a M\u00e9xico que empez\u00f3 en 1822 y finaliz\u00f3 en 1823; un a\u00f1o despu\u00e9s.<\/p><p>En 1824, surgieron las Provincias Unidas de Centroam\u00e9rica, un intento de convertir a los Estados de Centroam\u00e9rica en una Federaci\u00f3n, similar a Estados Unidos, M\u00e9xico o Argentina.<\/p>\t\t\t\t\t\t\t\t<\/div>\n\t\t\t\t\t<\/div>\n\t\t\t\t<\/div>\n\t\t<div data-particle_enable=\"false\" data-particle-mobile-disabled=\"false\" class=\"elementor-element elementor-element-0175478 e-flex e-con-boxed e-con e-parent\" data-id=\"0175478\" data-element_type=\"container\" data-e-type=\"container\">\n\t\t\t\t\t<div class=\"e-con-inner\">\n\t\t\t\t<div class=\"elementor-element elementor-element-9b9f1ab elementor-widget elementor-widget-image\" data-id=\"9b9f1ab\" data-element_type=\"widget\" data-e-type=\"widget\" data-widget_type=\"image.default\">\n\t\t\t\t\t\t\t\t\t\t\t\t<figure class=\"wp-caption\">\n\t\t\t\t\t\t\t\t\t\t<img fetchpriority=\"high\" decoding=\"async\" width=\"697\" height=\"686\" src=\"https:\/\/soymigrante.com\/revista\/wp-content\/uploads\/2025\/01\/rafael-carrera.webp\" class=\"attachment-large size-large wp-image-22941\" alt=\"Soldado hist\u00f3rico con uniforme militar y banda presidencial, en un entorno art\u00edstico y cultural de M\u00e9xico.\" srcset=\"https:\/\/soymigrante.com\/revista\/wp-content\/uploads\/2025\/01\/rafael-carrera.webp 697w, https:\/\/soymigrante.com\/revista\/wp-content\/uploads\/2025\/01\/rafael-carrera-300x295.jpg 300w, https:\/\/soymigrante.com\/revista\/wp-content\/uploads\/2025\/01\/rafael-carrera-75x75.webp 75w\" sizes=\"(max-width: 697px) 100vw, 697px\" title=\"Rafael Carrera naci\u00f3 en 1814 en el barrio Candelaria. Se cas\u00f3 con la hija de un finquero de Mataquescuintla y empez\u00f3 un movimiento de resistencia opuesto a los liberales. Tom\u00f3 la capital de Guatemala en 1838 y fue Carrera quien proclam\u00f3 la  Rep\u00fablica de Guatemala en 1847. Muri\u00f3 en 1865. \u2013 SoyMigrante.com REVISTA\" \/>\t\t\t\t\t\t\t\t\t\t\t<figcaption class=\"widget-image-caption wp-caption-text\">Imagen de un personaje hist\u00f3rico vestido con uniforme militar y banda presidencial, representando la historia y cultura mexicana en un contexto museogr\u00e1fico.<\/figcaption>\n\t\t\t\t\t\t\t\t\t\t<\/figure>\n\t\t\t\t\t\t\t\t\t<\/div>\n\t\t\t\t\t<\/div>\n\t\t\t\t<\/div>\n\t\t<div data-particle_enable=\"false\" data-particle-mobile-disabled=\"false\" class=\"elementor-element elementor-element-180339b e-flex e-con-boxed e-con e-parent\" data-id=\"180339b\" data-element_type=\"container\" data-e-type=\"container\">\n\t\t\t\t\t<div class=\"e-con-inner\">\n\t\t\t\t<div class=\"elementor-element elementor-element-5a07ff2 elementor-widget elementor-widget-text-editor\" data-id=\"5a07ff2\" data-element_type=\"widget\" data-e-type=\"widget\" data-widget_type=\"text-editor.default\">\n\t\t\t\t\t\t\t\t\t<p>Guatemala solo uno de cinco Estados junto con El Salvador, Honduras, Nicaragua y Costa Rica.\u00a0En cada Estado hab\u00eda un Jefe de Estado, pero tambi\u00e9n hab\u00eda un Presidente para toda la Federaci\u00f3n. Aqu\u00ed es donde hab\u00eda luchas de poder.\u00a0<\/p><p>En 1838 se intent\u00f3 separar el territorio de un Sexto Estado, llamado Estado de Los Altos, que abarc\u00f3 varios departamentos del Occidente. En 1840, dicho territorio fue reintegrado a Guatemala por el presidente Rafael Carrera. Debido a las rivalidades pol\u00edticas o<span style=\"color: var( --e-global-color-text ); text-align: var(--text-align);\">tros Estados de Centroam\u00e9rica empezaron a declararse Rep\u00fablicas independientes (M\u00e1s adelante se presentan las fechas en que eso ocurri\u00f3). Guatemala qued\u00f3 como el \u00fanico Estado en la Federaci\u00f3n y por eso, el 21 de marzo de 1847 es la fecha en que nace Guatemala como Rep\u00fablica.<\/span><\/p><p><i>&#8220;Todos los habitantes del Estado, sus autoridades y funcionarios obrar\u00e1n en el sentido de esta declaratoria&#8230; y a quienes corresponda, cuidar\u00e1n de que los actos p\u00fablicos, como las ejecutorias y provisiones de los Tribunales, sean expedidos a nombre de la Rep\u00fablica de Guatemala&#8221;:<\/i> Decreto 15 del 21 de marzo de 1847, firmado por el presidente Rafael Carrera.\u00a0Dicho decreto documenta la fecha de fundaci\u00f3n o proclamaci\u00f3n de la Rep\u00fablica de Guatemala<\/p>\t\t\t\t\t\t\t\t<\/div>\n\t\t\t\t\t<\/div>\n\t\t\t\t<\/div>\n\t\t<div data-particle_enable=\"false\" data-particle-mobile-disabled=\"false\" class=\"elementor-element elementor-element-e21402a e-flex e-con-boxed e-con e-parent\" data-id=\"e21402a\" data-element_type=\"container\" data-e-type=\"container\">\n\t\t\t\t\t<div class=\"e-con-inner\">\n\t\t\t\t<div class=\"elementor-element elementor-element-b18e6ba elementor-widget elementor-widget-image\" data-id=\"b18e6ba\" data-element_type=\"widget\" data-e-type=\"widget\" data-widget_type=\"image.default\">\n\t\t\t\t\t\t\t\t\t\t\t\t<figure class=\"wp-caption\">\n\t\t\t\t\t\t\t\t\t\t<img decoding=\"async\" width=\"656\" height=\"272\" src=\"https:\/\/soymigrante.com\/revista\/wp-content\/uploads\/2025\/03\/mapa-de-1845.webp\" class=\"attachment-large size-large wp-image-28787\" alt=\"Mapa antiguo de Am\u00e9rica Central y del Sur, resaltando rutas migratorias y relaciones internacionales para migrantes.\" srcset=\"https:\/\/soymigrante.com\/revista\/wp-content\/uploads\/2025\/03\/mapa-de-1845.webp 656w, https:\/\/soymigrante.com\/revista\/wp-content\/uploads\/2025\/03\/mapa-de-1845-300x124.png 300w\" sizes=\"(max-width: 656px) 100vw, 656px\" title=\"Este es un mapa franc\u00e9s de Centro Am\u00e9rica publicado en 1845, cuando ya varios pa\u00edses de Centro Am\u00e9rica hab\u00edan declarado su salida de la Federaci\u00f3n Centroamericana. \u2013 SoyMigrante.com REVISTA\" \/>\t\t\t\t\t\t\t\t\t\t\t<figcaption class=\"widget-image-caption wp-caption-text\">Revista SoyMigrante.com: Informaci\u00f3n y recursos para migrantes en Am\u00e9rica.<\/figcaption>\n\t\t\t\t\t\t\t\t\t\t<\/figure>\n\t\t\t\t\t\t\t\t\t<\/div>\n\t\t\t\t\t<\/div>\n\t\t\t\t<\/div>\n\t\t<div data-particle_enable=\"false\" data-particle-mobile-disabled=\"false\" class=\"elementor-element elementor-element-971c91c e-flex e-con-boxed e-con e-parent\" data-id=\"971c91c\" data-element_type=\"container\" data-e-type=\"container\">\n\t\t\t\t\t<div class=\"e-con-inner\">\n\t\t\t\t<div class=\"elementor-element elementor-element-0edda27 elementor-widget elementor-widget-text-editor\" data-id=\"0edda27\" data-element_type=\"widget\" data-e-type=\"widget\" data-widget_type=\"text-editor.default\">\n\t\t\t\t\t\t\t\t\t<h3><span style=\"color: var( --e-global-color-text ); text-align: var(--text-align);\">\u00bfPor qu\u00e9 termin\u00f3 la Federaci\u00f3n Centroamericana?<\/span><\/h3><p>Libros y libros se han escrito sobre eso. Historiadores se\u00f1alan muchos factores, pero el principal fueron las luchas de poder entre los bandos Liberal y Conservador. Los liberales impulsaban el apoyo a la clase econ\u00f3mica comerciante, la reducci\u00f3n de privilegios a la Iglesia y tambi\u00e9n a los antiguos descendientes de espa\u00f1oles, la modernizaci\u00f3n de la legislaci\u00f3n y, por supuesto, el gobierno federal. Los conservadores defend\u00edan la soberan\u00eda de cada provincia o Estado, deseaban mantener ciertos privilegios de la colonia, defend\u00edan a la Iglesia y tambi\u00e9n ciertos derechos ind\u00edgenas. Las \u00e9lites liberales y conservadoras de cada Estado manten\u00edan rivalidad con el gobierno federal.<\/p>\t\t\t\t\t\t\t\t<\/div>\n\t\t\t\t\t<\/div>\n\t\t\t\t<\/div>\n\t\t<div data-particle_enable=\"false\" data-particle-mobile-disabled=\"false\" class=\"elementor-element elementor-element-0f74003 e-flex e-con-boxed e-con e-parent\" data-id=\"0f74003\" data-element_type=\"container\" data-e-type=\"container\">\n\t\t\t\t\t<div class=\"e-con-inner\">\n\t\t\t\t<div class=\"elementor-element elementor-element-b626815 elementor-widget elementor-widget-video\" data-id=\"b626815\" data-element_type=\"widget\" data-e-type=\"widget\" data-settings=\"{&quot;youtube_url&quot;:&quot;https:\\\/\\\/www.youtube.com\\\/watch?v=1w9faaYjhyU&quot;,&quot;video_type&quot;:&quot;youtube&quot;,&quot;controls&quot;:&quot;yes&quot;}\" data-widget_type=\"video.default\">\n\t\t\t\t\t\t\t<div class=\"elementor-wrapper elementor-open-inline\">\n\t\t\t<div class=\"elementor-video\"><\/div>\t\t<\/div>\n\t\t\t\t\t\t<\/div>\n\t\t\t\t\t<\/div>\n\t\t\t\t<\/div>\n\t\t<div data-particle_enable=\"false\" data-particle-mobile-disabled=\"false\" class=\"elementor-element elementor-element-2f9a1a4 e-flex e-con-boxed e-con e-parent\" data-id=\"2f9a1a4\" data-element_type=\"container\" data-e-type=\"container\">\n\t\t\t\t\t<div class=\"e-con-inner\">\n\t\t\t\t<div class=\"elementor-element elementor-element-e14d2c9 elementor-widget elementor-widget-text-editor\" data-id=\"e14d2c9\" data-element_type=\"widget\" data-e-type=\"widget\" data-widget_type=\"text-editor.default\">\n\t\t\t\t\t\t\t\t\t<h3><span style=\"color: var( --e-global-color-text ); text-align: var(--text-align);\">\u00bfEn qu\u00e9 a\u00f1o finaliz\u00f3 la Federaci\u00f3n?<\/span><\/h3><p>El 22 de noviembre de 1824 qued\u00f3 constituida la Rep\u00fablica Federal de Centroam\u00e9rica. Esta estaba formada por Costa Rica, El Salvador, Guatemala, Honduras y Nicaragua. Juntas formaban un estado federado, con un presidente y un congreso federal, mientras que cada una conservaba un estado con su propio jefe o presidente de Estado, similar al modelo de Estados Unidos. <br \/>Las luchas entre bandos impidieron que progresara. <br \/>&#8220;Nicaragua se separ\u00f3 el 30 de abril de 1838, Honduras lo hizo el 28 de octubre de 1838 y Costa Rica, el 14 de noviembre del mismo a\u00f1o. El 1 de febrero de 1839, la Federaci\u00f3n Centroamericana qued\u00f3 disuelta oficialmente. El Salvador no aprob\u00f3 la separaci\u00f3n sino hasta 1841. Literalmente, el \u00fanico Estado sobreviviente de la federaci\u00f3n era Guatemala&#8221;, dice la Historia General de Guatemala. <br \/>El \u00faltimo presidente fue el l\u00edder liberal hondure\u00f1o Francisco Moraz\u00e1n, quien tom\u00f3 la capital de Guatemala en 1838 tras la renuncia del jefe de Estado Mariano G\u00e1lvez. Fue derrotado por Rafael Carrera y obligado a huir a Costa Rica, donde fue fusilado en 1842.<\/p>\t\t\t\t\t\t\t\t<\/div>\n\t\t\t\t\t<\/div>\n\t\t\t\t<\/div>\n\t\t<div data-particle_enable=\"false\" data-particle-mobile-disabled=\"false\" class=\"elementor-element elementor-element-0a57d47 e-flex e-con-boxed e-con e-parent\" data-id=\"0a57d47\" data-element_type=\"container\" data-e-type=\"container\">\n\t\t\t\t\t<div class=\"e-con-inner\">\n\t\t\t\t<div class=\"elementor-element elementor-element-ea56dcc elementor-widget elementor-widget-image\" data-id=\"ea56dcc\" data-element_type=\"widget\" data-e-type=\"widget\" data-widget_type=\"image.default\">\n\t\t\t\t\t\t\t\t\t\t\t\t<figure class=\"wp-caption\">\n\t\t\t\t\t\t\t\t\t\t<img decoding=\"async\" width=\"1024\" height=\"768\" src=\"https:\/\/soymigrante.com\/revista\/wp-content\/uploads\/2025\/03\/fundacion-republica-de-guatemala-1024x768.jpg\" class=\"attachment-large size-large wp-image-28788\" alt=\"Decreto de fundaci\u00f3n de Guatemala, documento hist\u00f3rico con banderas de Guatemala, Alemania y Espa\u00f1a, sobre la historia y derechos de la Rep\u00fablica de Guatemala. Foto en exposici\u00f3n para revista SoyMigrante.com REVISTA.\" srcset=\"https:\/\/soymigrante.com\/revista\/wp-content\/uploads\/2025\/03\/fundacion-republica-de-guatemala-1024x768.jpg 1024w, https:\/\/soymigrante.com\/revista\/wp-content\/uploads\/2025\/03\/fundacion-republica-de-guatemala-300x225.jpg 300w, https:\/\/soymigrante.com\/revista\/wp-content\/uploads\/2025\/03\/fundacion-republica-de-guatemala-768x576.jpg 768w, https:\/\/soymigrante.com\/revista\/wp-content\/uploads\/2025\/03\/fundacion-republica-de-guatemala-1536x1152.jpg 1536w, https:\/\/soymigrante.com\/revista\/wp-content\/uploads\/2025\/03\/fundacion-republica-de-guatemala-750x563.webp 750w, https:\/\/soymigrante.com\/revista\/wp-content\/uploads\/2025\/03\/fundacion-republica-de-guatemala-1140x855.webp 1140w, https:\/\/soymigrante.com\/revista\/wp-content\/uploads\/2025\/03\/fundacion-republica-de-guatemala.webp 1920w\" sizes=\"(max-width: 1024px) 100vw, 1024px\" title=\"Actta de Proclamaci\u00f3n de la Rep\u00fablica de Guatemala el 21 de marzo de 1847, conservada en el Museo del Ej\u00e9rcito de Guatemala. Los colores que atraviesan el documento eran los que integraban entonces la Bandera de Guatemala. El azul y blanco actuales se decret\u00f3 en 1871 durante el gobierno de Miguel Garc\u00eda Granados. \u2013 SoyMigrante.com REVISTA\" \/>\t\t\t\t\t\t\t\t\t\t\t<figcaption class=\"widget-image-caption wp-caption-text\">Gu\u00eda visual de un documento hist\u00f3rico en formato de exhibici\u00f3n, destacando la importancia del patrimonio documental de Guatemala. Incluye banderas nacionales y texto legal, ideal para contenido sobre historia, inmigrantes y derechos humanos en Latinoam\u00e9rica.<\/figcaption>\n\t\t\t\t\t\t\t\t\t\t<\/figure>\n\t\t\t\t\t\t\t\t\t<\/div>\n\t\t\t\t\t<\/div>\n\t\t\t\t<\/div>\n\t\t<div data-particle_enable=\"false\" data-particle-mobile-disabled=\"false\" class=\"elementor-element elementor-element-63eff27 e-flex e-con-boxed e-con e-parent\" data-id=\"63eff27\" data-element_type=\"container\" data-e-type=\"container\">\n\t\t\t\t\t<div class=\"e-con-inner\">\n\t\t\t\t<div class=\"elementor-element elementor-element-5d05f6f elementor-widget elementor-widget-text-editor\" data-id=\"5d05f6f\" data-element_type=\"widget\" data-e-type=\"widget\" data-widget_type=\"text-editor.default\">\n\t\t\t\t\t\t\t\t\t<h4><span style=\"color: var( --e-global-color-text ); text-align: var(--text-align);\">\u00bfC\u00f3mo ocurri\u00f3 la Proclamaci\u00f3n de la Rep\u00fablica de Guatemala?<\/span><\/h4><p>Cuando Rafael Carrera asumi\u00f3 la presidencia del estado de Guatemala, en 1844, exist\u00edan las condiciones para crear la Rep\u00fablica de Guatemala, ya que, ante la disoluci\u00f3n de la Rep\u00fablica Federal, y ante las pocas probabilidades de revivirla, no hab\u00eda m\u00e1s opci\u00f3n que establecer dicha rep\u00fablica.\u00a0<\/p><p>Igualmente, hab\u00eda presiones externas para tal fundaci\u00f3n. Tanto el c\u00f3nsul general de la Gran Breta\u00f1a en Centroam\u00e9rica, Frederick Chatfield, como Rudolph Klee, c\u00f3nsul general para Centroam\u00e9rica de las Ciudades hans\u00e9aticas de Bremen y Hamburgo, y los reinos de Hannover y Prusia, presionaron para que Guatemala se constituyera como Estado independiente.<\/p>\t\t\t\t\t\t\t\t<\/div>\n\t\t\t\t\t<\/div>\n\t\t\t\t<\/div>\n\t\t<div data-particle_enable=\"false\" data-particle-mobile-disabled=\"false\" class=\"elementor-element elementor-element-308fa8b e-flex e-con-boxed e-con e-parent\" data-id=\"308fa8b\" data-element_type=\"container\" data-e-type=\"container\">\n\t\t\t\t\t<div class=\"e-con-inner\">\n\t\t\t\t<div class=\"elementor-element elementor-element-589f09a elementor-widget elementor-widget-image\" data-id=\"589f09a\" data-element_type=\"widget\" data-e-type=\"widget\" data-widget_type=\"image.default\">\n\t\t\t\t\t\t\t\t\t\t\t\t<figure class=\"wp-caption\">\n\t\t\t\t\t\t\t\t\t\t<img loading=\"lazy\" decoding=\"async\" width=\"1024\" height=\"648\" src=\"https:\/\/soymigrante.com\/revista\/wp-content\/uploads\/2024\/09\/bandera-guatemala-1024x648.webp\" class=\"attachment-large size-large wp-image-8648\" alt=\"Bandera de Guatemala ondeada por un joven en un hermoso paisaje al atardecer, representando cultura, identidad y orgullo nacional, ideal para art\u00edculos sobre Guatemala, migraci\u00f3n y cultura centroamericana.\" srcset=\"https:\/\/soymigrante.com\/revista\/wp-content\/uploads\/2024\/09\/bandera-guatemala-1024x648.webp 1024w, https:\/\/soymigrante.com\/revista\/wp-content\/uploads\/2024\/09\/bandera-guatemala-300x190.webp 300w, https:\/\/soymigrante.com\/revista\/wp-content\/uploads\/2024\/09\/bandera-guatemala-768x486.webp 768w, https:\/\/soymigrante.com\/revista\/wp-content\/uploads\/2024\/09\/bandera-guatemala-1536x972.webp 1536w, https:\/\/soymigrante.com\/revista\/wp-content\/uploads\/2024\/09\/bandera-guatemala-scaled.webp 1920w, https:\/\/soymigrante.com\/revista\/wp-content\/uploads\/2024\/09\/bandera-guatemala-750x474.webp 750w\" sizes=\"(max-width: 1024px) 100vw, 1024px\" title=\"Guatemala es una Rep\u00fablica Libre, Soberana e Independiente desde 1847. Antes de eso era un Estado, pero no hab\u00eda sido declarada como Rep\u00fablica. \u2013 SoyMigrante.com REVISTA\" \/>\t\t\t\t\t\t\t\t\t\t\t<figcaption class=\"widget-image-caption wp-caption-text\">Guatemalteca orgullosa con bandera durante atardecer en paisaje natural con lago y monta\u00f1as, enfatizando identidad y cultura guatemalteca en un entorno hermoso.<\/figcaption>\n\t\t\t\t\t\t\t\t\t\t<\/figure>\n\t\t\t\t\t\t\t\t\t<\/div>\n\t\t\t\t\t<\/div>\n\t\t\t\t<\/div>\n\t\t<div data-particle_enable=\"false\" data-particle-mobile-disabled=\"false\" class=\"elementor-element elementor-element-501bfd4 e-flex e-con-boxed e-con e-parent\" data-id=\"501bfd4\" data-element_type=\"container\" data-e-type=\"container\">\n\t\t\t\t\t<div class=\"e-con-inner\">\n\t\t\t\t<div class=\"elementor-element elementor-element-3a607da elementor-widget elementor-widget-text-editor\" data-id=\"3a607da\" data-element_type=\"widget\" data-e-type=\"widget\" data-widget_type=\"text-editor.default\">\n\t\t\t\t\t\t\t\t\t<h4><span style=\"color: var( --e-global-color-text ); text-align: var(--text-align);\">\u00bfPor qu\u00e9 no se celebra con tanto entusiasmo el cumplea\u00f1os de la Rep\u00fablica de Guatemala?<\/span><\/h4><p><span style=\"color: var( --e-global-color-text ); text-align: var(--text-align);\">Quiz\u00e1 porque en la educaci\u00f3n se enfatiza m\u00e1s la fecha 15 de septiembre. Pero detr\u00e1s de esto tambi\u00e9n influyeron\u00a0<\/span><span style=\"color: var( --e-global-color-text ); text-align: var(--text-align);\">rivalidades pol\u00edticas. Rafael Carrera, quien proclam\u00f3 la Rep\u00fablica era del bando conservador y gobern\u00f3 el pa\u00eds como dictador hasta 1865, a\u00f1o en que falleci\u00f3 por disenter\u00eda. El gobierno conservador fue derrocado en 1871 por la Revoluci\u00f3n Liberal de Justo Rufino Barrios y Miguel Garc\u00eda Granados.<\/span><\/p><p>El nuevo oficialismo liberal buscaba exaltar todos los logros de los liberales y opacar los conservadores. De hecho, Justo Rufino Barrios intent\u00f3 reunificar Centroam\u00e9rica por la fuerza y muri\u00f3 en el intento. <br \/>Sin embargo, esto no resta valor ni veracidad al hecho de que el 21 de marzo de 1847 se declar\u00f3 la Rep\u00fablica.<\/p>\t\t\t\t\t\t\t\t<\/div>\n\t\t\t\t\t<\/div>\n\t\t\t\t<\/div>\n\t\t<div data-particle_enable=\"false\" data-particle-mobile-disabled=\"false\" class=\"elementor-element elementor-element-7060289 e-flex e-con-boxed e-con e-parent\" data-id=\"7060289\" data-element_type=\"container\" data-e-type=\"container\">\n\t\t\t\t\t<div class=\"e-con-inner\">\n\t\t\t\t<div class=\"elementor-element elementor-element-1c3195b elementor-grid-eael-col-1 elementor-grid-tablet-eael-col-2 elementor-grid-mobile-eael-col-1 elementor-widget elementor-widget-eael-post-grid\" data-id=\"1c3195b\" data-element_type=\"widget\" data-e-type=\"widget\" data-settings=\"{&quot;eael_post_grid_columns&quot;:&quot;eael-col-1&quot;,&quot;eael_post_grid_columns_tablet&quot;:&quot;eael-col-2&quot;,&quot;eael_post_grid_columns_mobile&quot;:&quot;eael-col-1&quot;}\" data-widget_type=\"eael-post-grid.default\">\n\t\t\t\t\t<div id=\"eael-post-grid-1c3195b\" class=\"eael-post-grid-container\">\n            <div class=\"eael-post-grid eael-post-appender eael-post-appender-1c3195b eael-post-grid-style-one\" data-layout-mode=\"masonry\"><article class=\"eael-grid-post  eael-post-grid-column eael-pg-post-28544 category-guate-nuestra tags-departamentos-de-guatemala\" data-id=\"28544\">\n        <div class=\"eael-grid-post-holder\">\n            <div class=\"eael-grid-post-holder-inner\"><div class=\"eael-entry-media\"><div class=\"eael-entry-overlay fade-in\"><i class=\"far fa-hand-pointer\" aria-hidden=\"true\"><\/i><a href=\"https:\/\/soymigrante.com\/revista\/22-departamentos-de-guatemala-un-corazon-multicultural-compartido\/\"><\/a><\/div><div class=\"eael-entry-thumbnail eael-image-ratio\">\n                <img loading=\"lazy\" decoding=\"async\" width=\"1024\" height=\"1024\" src=\"https:\/\/soymigrante.com\/revista\/wp-content\/uploads\/2025\/03\/GUATEMALA-FOTO--1024x1024.jpg\" class=\"attachment-large size-large wp-image-28546\" alt=\"Pa\u00edses de Am\u00e9rica Central y frontera con Guatemala y Honduras, vista satelital con detalles de l\u00edmites y cuerpos de agua, en tonalidades verdes y azules, relacionado con la migraci\u00f3n en la regi\u00f3n.\" srcset=\"https:\/\/soymigrante.com\/revista\/wp-content\/uploads\/2025\/03\/GUATEMALA-FOTO--1024x1024.jpg 1024w, https:\/\/soymigrante.com\/revista\/wp-content\/uploads\/2025\/03\/GUATEMALA-FOTO--300x300.jpg 300w, https:\/\/soymigrante.com\/revista\/wp-content\/uploads\/2025\/03\/GUATEMALA-FOTO--150x150.jpg 150w, https:\/\/soymigrante.com\/revista\/wp-content\/uploads\/2025\/03\/GUATEMALA-FOTO--768x768.jpg 768w, https:\/\/soymigrante.com\/revista\/wp-content\/uploads\/2025\/03\/GUATEMALA-FOTO--75x75.webp 75w, https:\/\/soymigrante.com\/revista\/wp-content\/uploads\/2025\/03\/GUATEMALA-FOTO--750x750.webp 750w, https:\/\/soymigrante.com\/revista\/wp-content\/uploads\/2025\/03\/GUATEMALA-FOTO-.webp 1076w\" sizes=\"(max-width: 1024px) 100vw, 1024px\" \/>\n            <\/div>\n        <\/div><div class=\"eael-entry-wrapper\"><header class=\"eael-entry-header\"><h2 class=\"eael-entry-title\"><a class=\"eael-grid-post-link\" href=\"https:\/\/soymigrante.com\/revista\/22-departamentos-de-guatemala-un-corazon-multicultural-compartido\/\" title=\"22 departamentos de Guatemala: un solo coraz\u00f3n multicultural y mosaico de identidades\">22 departamentos de Guatemala: un solo coraz\u00f3n multicultural y mosaico de identidades<\/a><\/h2><\/header><div class=\"eael-entry-content\">\n                        <div class=\"eael-grid-post-excerpt\"><a href=\"https:\/\/soymigrante.com\/revista\/22-departamentos-de-guatemala-un-corazon-multicultural-compartido\/\" class=\"eael-post-elements-readmore-btn\">CONOCE SU HISTORIA <\/a><\/div>\n                    <\/div><\/div><\/div>\n        <\/div>\n    <\/article><\/div>\n            <div class=\"clearfix\"><\/div>\n        <\/div>\t\t\t\t<\/div>\n\t\t\t\t\t<\/div>\n\t\t\t\t<\/div>\n\t\t<div data-particle_enable=\"false\" data-particle-mobile-disabled=\"false\" class=\"elementor-element elementor-element-478cacd e-flex e-con-boxed e-con e-parent\" data-id=\"478cacd\" data-element_type=\"container\" data-e-type=\"container\">\n\t\t\t\t\t<div class=\"e-con-inner\">\n\t\t\t\t<div class=\"elementor-element elementor-element-025f157 elementor-widget elementor-widget-text-editor\" data-id=\"025f157\" data-element_type=\"widget\" data-e-type=\"widget\" data-widget_type=\"text-editor.default\">\n\t\t\t\t\t\t\t\t\t<h3><span style=\"color: var( --e-global-color-text ); text-align: var(--text-align);\">\u00bfEs o no es el cumplea\u00f1os de la Rep\u00fablica de Guatemala?<\/span><\/h3><p>S\u00ed es. Una comisi\u00f3n de la Academia de Geograf\u00eda e Historia de Guatemala, integrada por notables historiadores, elabor\u00f3 un informe en 1970 en el cual llega a la conclusi\u00f3n de que es innegable reconocer como fecha de proclamaci\u00f3n de la Rep\u00fablica de Guatemala el 21 de marzo de 1847.<\/p><p>&#8220;Esta Comisi\u00f3n que suscribe ha estudiado debidamente la cuesti\u00f3n planteada y los documentos pertinentes, llegando a la conclusi\u00f3n de que, tanto jur\u00eddica como hist\u00f3ricamente, corresponde tener, por ser primera en tiempo, como fecha de proclamaci\u00f3n de la &#8216;Rep\u00fablica de Guatemala&#8217; como Estado independiente, la del Decreto n\u00famero 15, es decir, la fecha del 21 de marzo de 1847. Este Decreto n\u00famero 15 fue publicado en la &#8216;Gaceta Oficial de Guatemala&#8217; del 29 de marzo de 1847&#8230; En diversos actos, interna e internacionalmente, el Gobierno de Guatemala reafirm\u00f3 su decisi\u00f3n de actuar como Rep\u00fablica independiente a partir de la emisi\u00f3n de ese Decreto n\u00famero 15 y ejercit\u00f3 derechos como tal.&#8221;, dice el informe publicado en la Revista Anales de la Academia de Geograf\u00eda e Historia.\u00a0<\/p><p>\u00bfCelebrarlo o no? Esa es una decisi\u00f3n de ciudadanos y autoridades, sobre ense\u00f1ar y reforzar m\u00e1s esta fecha en los planteles de educaci\u00f3n p\u00fablica y privada. \u00bfT\u00fa que opinas?<\/p>\t\t\t\t\t\t\t\t<\/div>\n\t\t\t\t\t<\/div>\n\t\t\t\t<\/div>\n\t\t<div data-particle_enable=\"false\" data-particle-mobile-disabled=\"false\" class=\"elementor-element elementor-element-2f90128 e-flex e-con-boxed e-con e-parent\" data-id=\"2f90128\" data-element_type=\"container\" data-e-type=\"container\">\n\t\t\t\t\t<div class=\"e-con-inner\">\n\t\t\t\t<div class=\"elementor-element elementor-element-ebebb7c elementor-widget elementor-widget-heading\" data-id=\"ebebb7c\" data-element_type=\"widget\" data-e-type=\"widget\" data-widget_type=\"heading.default\">\n\t\t\t\t\t<h2 class=\"elementor-heading-title elementor-size-default\">S\u00edmbolos patrios de Guatemala<\/h2>\t\t\t\t<\/div>\n\t\t\t\t\t<\/div>\n\t\t\t\t<\/div>\n\t\t<div data-particle_enable=\"false\" data-particle-mobile-disabled=\"false\" class=\"elementor-element elementor-element-604e135 e-flex e-con-boxed e-con e-parent\" data-id=\"604e135\" data-element_type=\"container\" data-e-type=\"container\">\n\t\t\t\t\t<div class=\"e-con-inner\">\n\t\t\t\t<div class=\"elementor-element elementor-element-fb80c32 elementor-grid-eael-col-3 elementor-grid-tablet-eael-col-2 elementor-grid-mobile-eael-col-1 elementor-widget elementor-widget-eael-post-grid\" data-id=\"fb80c32\" data-element_type=\"widget\" data-e-type=\"widget\" data-settings=\"{&quot;eael_post_grid_columns&quot;:&quot;eael-col-3&quot;,&quot;eael_post_grid_columns_tablet&quot;:&quot;eael-col-2&quot;,&quot;eael_post_grid_columns_mobile&quot;:&quot;eael-col-1&quot;}\" data-widget_type=\"eael-post-grid.default\">\n\t\t\t\t\t<div id=\"eael-post-grid-fb80c32\" class=\"eael-post-grid-container\">\n            <div class=\"eael-post-grid eael-post-appender eael-post-appender-fb80c32 eael-post-grid-style-one\" data-layout-mode=\"masonry\"><article class=\"eael-grid-post  eael-post-grid-column eael-pg-post-827 category-guate-nuestra-simbolos-patrios-guate-nuestra\" data-id=\"827\">\n        <div class=\"eael-grid-post-holder\">\n            <div class=\"eael-grid-post-holder-inner\"><div class=\"eael-entry-media\"><div class=\"eael-entry-overlay fade-in\"><i class=\"far fa-hand-pointer\" aria-hidden=\"true\"><\/i><a href=\"https:\/\/soymigrante.com\/revista\/10-datos-del-quetzal-que-tal-vez-ya-conocias-o-quiza-no\/\"><\/a><\/div><div class=\"eael-entry-thumbnail \">\n                <img loading=\"lazy\" decoding=\"async\" width=\"1024\" height=\"745\" src=\"https:\/\/soymigrante.com\/revista\/wp-content\/uploads\/2023\/03\/soy-migrante-quetzal-alimenta-se-ve-pichon-credito-ottoniel-cojulun-1024x745.jpg\" class=\"attachment-large size-large wp-image-625\" alt=\"Foto: Ottoniel Cojul\u00fan\" srcset=\"https:\/\/soymigrante.com\/revista\/wp-content\/uploads\/2023\/03\/soy-migrante-quetzal-alimenta-se-ve-pichon-credito-ottoniel-cojulun-1024x745.jpg 1024w, https:\/\/soymigrante.com\/revista\/wp-content\/uploads\/2023\/03\/soy-migrante-quetzal-alimenta-se-ve-pichon-credito-ottoniel-cojulun-300x218.webp 300w, https:\/\/soymigrante.com\/revista\/wp-content\/uploads\/2023\/03\/soy-migrante-quetzal-alimenta-se-ve-pichon-credito-ottoniel-cojulun-768x558.jpg 768w, https:\/\/soymigrante.com\/revista\/wp-content\/uploads\/2023\/03\/soy-migrante-quetzal-alimenta-se-ve-pichon-credito-ottoniel-cojulun-1536x1117.jpg 1536w, https:\/\/soymigrante.com\/revista\/wp-content\/uploads\/2023\/03\/soy-migrante-quetzal-alimenta-se-ve-pichon-credito-ottoniel-cojulun-120x86.webp 120w, https:\/\/soymigrante.com\/revista\/wp-content\/uploads\/2023\/03\/soy-migrante-quetzal-alimenta-se-ve-pichon-credito-ottoniel-cojulun-750x545.webp 750w, https:\/\/soymigrante.com\/revista\/wp-content\/uploads\/2023\/03\/soy-migrante-quetzal-alimenta-se-ve-pichon-credito-ottoniel-cojulun-1140x829.jpg 1140w, https:\/\/soymigrante.com\/revista\/wp-content\/uploads\/2023\/03\/soy-migrante-quetzal-alimenta-se-ve-pichon-credito-ottoniel-cojulun.webp 1920w\" sizes=\"(max-width: 1024px) 100vw, 1024px\" \/>\n            <\/div>\n        <\/div><div class=\"eael-entry-wrapper\"><header class=\"eael-entry-header\"><h2 class=\"eael-entry-title\"><a class=\"eael-grid-post-link\" href=\"https:\/\/soymigrante.com\/revista\/10-datos-del-quetzal-que-tal-vez-ya-conocias-o-quiza-no\/\" title=\"\u00bfEn d\u00f3nde habita el Quetzal?&#8230; y otras 10 preguntas sobre el ave s\u00edmbolo de Guatemala\">\u00bfEn d\u00f3nde habita el Quetzal?&#8230; y otras 10 preguntas sobre el ave s\u00edmbolo de Guatemala<\/a><\/h2><\/header><div class=\"eael-entry-content\">\n                        <div class=\"eael-grid-post-excerpt\"><a href=\"https:\/\/soymigrante.com\/revista\/10-datos-del-quetzal-que-tal-vez-ya-conocias-o-quiza-no\/\" class=\"eael-post-elements-readmore-btn\">CONOCE M\u00c1S<\/a><\/div>\n                    <\/div><\/div><\/div>\n        <\/div>\n    <\/article><article class=\"eael-grid-post  eael-post-grid-column eael-pg-post-3542 category-guate-nuestra-simbolos-patrios-guate-nuestra\" data-id=\"3542\">\n        <div class=\"eael-grid-post-holder\">\n            <div class=\"eael-grid-post-holder-inner\"><div class=\"eael-entry-media\"><div class=\"eael-entry-overlay fade-in\"><i class=\"far fa-hand-pointer\" aria-hidden=\"true\"><\/i><a href=\"https:\/\/soymigrante.com\/revista\/simbolos-patrios-de-guatemala-el-escudo-nacional\/\"><\/a><\/div><div class=\"eael-entry-thumbnail \">\n                <img loading=\"lazy\" decoding=\"async\" width=\"1024\" height=\"761\" src=\"https:\/\/soymigrante.com\/revista\/wp-content\/uploads\/2023\/11\/Captura-de-pantalla-2023-11-27-140941-1024x761.webp\" class=\"attachment-large size-large wp-image-3546\" alt=\"El Escudo Nacional de Guatemala explicado de la A a la F\" srcset=\"https:\/\/soymigrante.com\/revista\/wp-content\/uploads\/2023\/11\/Captura-de-pantalla-2023-11-27-140941-1024x761.webp 1024w, https:\/\/soymigrante.com\/revista\/wp-content\/uploads\/2023\/11\/Captura-de-pantalla-2023-11-27-140941-300x223.webp 300w, https:\/\/soymigrante.com\/revista\/wp-content\/uploads\/2023\/11\/Captura-de-pantalla-2023-11-27-140941-768x571.webp 768w, https:\/\/soymigrante.com\/revista\/wp-content\/uploads\/2023\/11\/Captura-de-pantalla-2023-11-27-140941-750x557.webp 750w, https:\/\/soymigrante.com\/revista\/wp-content\/uploads\/2023\/11\/Captura-de-pantalla-2023-11-27-140941-1140x847.webp 1140w, https:\/\/soymigrante.com\/revista\/wp-content\/uploads\/2023\/11\/Captura-de-pantalla-2023-11-27-140941.webp 1265w\" sizes=\"(max-width: 1024px) 100vw, 1024px\" \/>\n            <\/div>\n        <\/div><div class=\"eael-entry-wrapper\"><header class=\"eael-entry-header\"><h2 class=\"eael-entry-title\"><a class=\"eael-grid-post-link\" href=\"https:\/\/soymigrante.com\/revista\/simbolos-patrios-de-guatemala-el-escudo-nacional\/\" title=\"El Escudo Nacional de Guatemala explicado de la A a la F\">El Escudo Nacional de Guatemala explicado de la A a la F<\/a><\/h2><\/header><div class=\"eael-entry-content\">\n                        <div class=\"eael-grid-post-excerpt\"><a href=\"https:\/\/soymigrante.com\/revista\/simbolos-patrios-de-guatemala-el-escudo-nacional\/\" class=\"eael-post-elements-readmore-btn\">CONOCE M\u00c1S<\/a><\/div>\n                    <\/div><\/div><\/div>\n        <\/div>\n    <\/article><article class=\"eael-grid-post  eael-post-grid-column eael-pg-post-3451 category-guate-nuestra-simbolos-patrios-guate-nuestra\" data-id=\"3451\">\n        <div class=\"eael-grid-post-holder\">\n            <div class=\"eael-grid-post-holder-inner\"><div class=\"eael-entry-media\"><div class=\"eael-entry-overlay fade-in\"><i class=\"far fa-hand-pointer\" aria-hidden=\"true\"><\/i><a href=\"https:\/\/soymigrante.com\/revista\/simbolos-patrios-de-guatemala-bandera-nacional\/\"><\/a><\/div><div class=\"eael-entry-thumbnail \">\n                <img loading=\"lazy\" decoding=\"async\" width=\"533\" height=\"367\" src=\"https:\/\/soymigrante.com\/revista\/wp-content\/uploads\/2023\/10\/guatemaltecos-houston-1.webp\" class=\"attachment-large size-large wp-image-2991\" alt=\"Migrantes guatemaltecos, al igual que millonees de connacionales en el pa\u00eds, acudieron a las citas c\u00edvicas del 25 de junio y 20 de agosto. Votaron, decidieron y las misiones de observaci\u00f3n electoral certificaron que no hubo anomal\u00edas ni indicio alguno de fraude.\" srcset=\"https:\/\/soymigrante.com\/revista\/wp-content\/uploads\/2023\/10\/guatemaltecos-houston-1.webp 533w, https:\/\/soymigrante.com\/revista\/wp-content\/uploads\/2023\/10\/guatemaltecos-houston-1-300x207.webp 300w\" sizes=\"(max-width: 533px) 100vw, 533px\" \/>\n            <\/div>\n        <\/div><div class=\"eael-entry-wrapper\"><header class=\"eael-entry-header\"><h2 class=\"eael-entry-title\"><a class=\"eael-grid-post-link\" href=\"https:\/\/soymigrante.com\/revista\/simbolos-patrios-de-guatemala-bandera-nacional\/\" title=\"La bandera Nacional de Guatemala: colores azul y blanco tambi\u00e9n son bicentenarios\">La bandera Nacional de Guatemala: colores azul y blanco tambi\u00e9n son bicentenarios<\/a><\/h2><\/header><div class=\"eael-entry-content\">\n                        <div class=\"eael-grid-post-excerpt\"><a href=\"https:\/\/soymigrante.com\/revista\/simbolos-patrios-de-guatemala-bandera-nacional\/\" class=\"eael-post-elements-readmore-btn\">CONOCE M\u00c1S<\/a><\/div>\n                    <\/div><\/div><\/div>\n        <\/div>\n    <\/article><\/div>\n            <div class=\"clearfix\"><\/div>\n        <\/div>\t\t\t\t<\/div>\n\t\t\t\t\t<\/div>\n\t\t\t\t<\/div>\n\t\t\t\t<\/div>\n\t\t","protected":false},"excerpt":{"rendered":"<p>Aunque la tradicional fiesta patria se celebra el 15 de septiembre d\u00eda de la Independencia; fue el 21 de marzo de 1847 cuando se proclama la Rep\u00fablica de Guatemala, como Naci\u00f3n libre, soberana e independiente. \u00bfQu\u00e9 dice la historia? \u00bfY qu\u00e9 opinas t\u00fa? S\u00ed, el 21 de marzo de 1847 es la fecha en la [&hellip;]<\/p>\n","protected":false},"author":7,"featured_media":8650,"comment_status":"open","ping_status":"open","sticky":false,"template":"","format":"standard","meta":{"_acf_changed":false,"_eb_attr":"","footnotes":""},"categories":[58],"tags":[],"class_list":["post-28778","post","type-post","status-publish","format-standard","has-post-thumbnail","hentry","category-guate-nuestra"],"acf":[],"aioseo_notices":[],"aioseo_head":"\n\t\t<!-- All in One SEO Pro 4.9.6.2 - aioseo.com -->\n\t<meta name=\"description\" content=\"S\u00edmbolo patrio de los guatemaltecos, dentro y fuera del pa\u00eds: la azul y blanco se luce con orgullo, con dignidad, con respeto y a menudo con nostalgia por la distancia, el tiempo y los ideales. Estos son algunos datos hist\u00f3ricos de la Bandera Nacional de Guatemala. Desde la declaraci\u00f3n de Independencia, en 1821, Guatemala ha\" \/>\n\t<meta name=\"robots\" content=\"max-snippet:-1, max-image-preview:large, max-video-preview:-1\" \/>\n\t<meta name=\"author\" content=\"Gustavo Montenegro\"\/>\n\t<link rel=\"canonical\" href=\"https:\/\/soymigrante.com\/revista\/es-el-21-de-marzo-el-cumpleanos-de-la-republica-de-guatemala\/\" \/>\n\t<meta name=\"generator\" content=\"All in One SEO Pro (AIOSEO) 4.9.6.2\" \/>\n\n\t\t<link rel=\"preconnect\" href=\"https:\/\/fonts.googleapis.com\" crossorigin>\n<link rel=\"preconnect\" href=\"https:\/\/fonts.gstatic.com\" crossorigin>\n\t\t<meta property=\"og:locale\" content=\"es_ES\" \/>\n\t\t<meta property=\"og:site_name\" content=\"SoyMigrante.com REVISTA \u2013 Nuestra misi\u00f3n es reconocer y dignificar al migrante.\" \/>\n\t\t<meta property=\"og:type\" content=\"article\" \/>\n\t\t<meta property=\"og:title\" content=\"El 21 de marzo cumple a\u00f1os la Republica de Guatemala\" \/>\n\t\t<meta property=\"og:description\" content=\"La Independencia de Centro Am\u00e9rica fue el 15 de septiembre de 1821, pero Guatemala fue declarada Rep\u00fablica en1847. \u00bfQu\u00e9 dice la historia? Ent\u00e9rate aqu\u00ed.\" \/>\n\t\t<meta property=\"og:url\" content=\"https:\/\/soymigrante.com\/revista\/es-el-21-de-marzo-el-cumpleanos-de-la-republica-de-guatemala\/\" \/>\n\t\t<meta property=\"og:image\" content=\"https:\/\/soymigrante.com\/revista\/wp-content\/uploads\/2024\/09\/bandera-guatemala-copia-scaled-e1742410999520.webp\" \/>\n\t\t<meta property=\"og:image:secure_url\" content=\"https:\/\/soymigrante.com\/revista\/wp-content\/uploads\/2024\/09\/bandera-guatemala-copia-scaled-e1742410999520.webp\" \/>\n\t\t<meta property=\"og:image:width\" content=\"1020\" \/>\n\t\t<meta property=\"og:image:height\" content=\"1017\" \/>\n\t\t<meta property=\"article:published_time\" content=\"2026-03-13T20:03:09+00:00\" \/>\n\t\t<meta property=\"article:modified_time\" content=\"2026-03-13T20:19:21+00:00\" \/>\n\t\t<meta property=\"article:publisher\" content=\"https:\/\/www.facebook.com\/soymigrantecom\" \/>\n\t\t<meta name=\"twitter:card\" content=\"summary_large_image\" \/>\n\t\t<meta name=\"twitter:site\" content=\"@SoyMigrante_com\" \/>\n\t\t<meta name=\"twitter:title\" content=\"El 21 de marzo cumple a\u00f1os la Republica de Guatemala\" \/>\n\t\t<meta name=\"twitter:description\" content=\"La Independencia de Centro Am\u00e9rica fue el 15 de septiembre de 1821, pero Guatemala fue declarada Rep\u00fablica en1847. \u00bfQu\u00e9 dice la historia? Ent\u00e9rate aqu\u00ed.\" \/>\n\t\t<meta name=\"twitter:creator\" content=\"@SoyMigrante_com\" \/>\n\t\t<meta name=\"twitter:image\" content=\"https:\/\/soymigrante.com\/revista\/wp-content\/uploads\/2024\/09\/bandera-guatemala-copia-scaled-e1742410999520.webp\" \/>\n\t\t<!-- All in One SEO Pro -->\r\n\t\t<title>El 21 de marzo cumple a\u00f1os la Republica de Guatemala<\/title>\n\n","aioseo_head_json":{"title":"El 21 de marzo cumple a\u00f1os la Republica de Guatemala","description":"La Independencia de Centro Am\u00e9rica fue el 15 de septiembre de 1821, pero Guatemala fue declarada Rep\u00fablica en1847. \u00bfQu\u00e9 dice la historia? Ent\u00e9rate aqu\u00ed.","canonical_url":"https:\/\/soymigrante.com\/revista\/es-el-21-de-marzo-el-cumpleanos-de-la-republica-de-guatemala\/","robots":"max-snippet:-1, max-image-preview:large, max-video-preview:-1","keywords":"","webmasterTools":{"miscellaneous":"&lt;link rel=\"preconnect\" href=\"https:\/\/fonts.googleapis.com\" crossorigin&gt;\n&lt;link rel=\"preconnect\" href=\"https:\/\/fonts.gstatic.com\" crossorigin&gt;"},"schema":null,"og:locale":"es_ES","og:site_name":"SoyMigrante.com REVISTA \u2013 Nuestra misi\u00f3n es reconocer y dignificar al migrante.","og:type":"article","og:title":"El 21 de marzo cumple a\u00f1os la Republica de Guatemala","og:description":"La Independencia de Centro Am\u00e9rica fue el 15 de septiembre de 1821, pero Guatemala fue declarada Rep\u00fablica en1847. \u00bfQu\u00e9 dice la historia? Ent\u00e9rate aqu\u00ed.","og:url":"https:\/\/soymigrante.com\/revista\/es-el-21-de-marzo-el-cumpleanos-de-la-republica-de-guatemala\/","og:image":"https:\/\/soymigrante.com\/revista\/wp-content\/uploads\/2024\/09\/bandera-guatemala-copia-scaled-e1742410999520.webp","og:image:secure_url":"https:\/\/soymigrante.com\/revista\/wp-content\/uploads\/2024\/09\/bandera-guatemala-copia-scaled-e1742410999520.webp","og:image:width":1020,"og:image:height":1017,"article:published_time":"2026-03-13T20:03:09+00:00","article:modified_time":"2026-03-13T20:19:21+00:00","article:publisher":"https:\/\/www.facebook.com\/soymigrantecom","twitter:card":"summary_large_image","twitter:site":"@SoyMigrante_com","twitter:title":"El 21 de marzo cumple a\u00f1os la Republica de Guatemala","twitter:description":"La Independencia de Centro Am\u00e9rica fue el 15 de septiembre de 1821, pero Guatemala fue declarada Rep\u00fablica en1847. \u00bfQu\u00e9 dice la historia? Ent\u00e9rate aqu\u00ed.","twitter:creator":"@SoyMigrante_com","twitter:image":"https:\/\/soymigrante.com\/revista\/wp-content\/uploads\/2024\/09\/bandera-guatemala-copia-scaled-e1742410999520.webp"},"aioseo_meta_data":{"post_id":"28778","title":"El 21 de marzo cumple a\u00f1os la Republica de Guatemala","description":"La Independencia de Centro Am\u00e9rica fue el 15 de septiembre de 1821, pero Guatemala fue declarada Rep\u00fablica en1847. \u00bfQu\u00e9 dice la historia? Ent\u00e9rate aqu\u00ed.","keywords":null,"keyphrases":{"focus":{"keyphrase":"Guatemala","score":91,"analysis":{"keyphraseInTitle":{"score":9,"maxScore":9,"error":0},"keyphraseInDescription":{"score":9,"maxScore":9,"error":0},"keyphraseLength":{"score":9,"maxScore":9,"error":0,"length":1},"keyphraseInURL":{"score":5,"maxScore":5,"error":0},"keyphraseInIntroduction":{"score":9,"maxScore":9,"error":0},"keyphraseInSubHeadings":{"score":3,"maxScore":9,"error":1},"keyphraseInImageAlt":{"score":9,"maxScore":9,"error":0},"keywordDensity":{"type":"best","score":9,"maxScore":9,"error":0}}},"additional":[{"keyphrase":"Rep\u00fablica de Guatemala","score":87,"analysis":{"keyphraseInDescription":{"score":3,"maxScore":9,"error":1},"keyphraseLength":{"score":9,"maxScore":9,"error":0,"length":4},"keyphraseInIntroduction":{"score":9,"maxScore":9,"error":0},"keyphraseInImageAlt":{"score":9,"maxScore":9,"error":0},"keywordDensity":{"type":"best","score":9,"maxScore":9,"error":0}}},{"keyphrase":"1847","score":87,"analysis":{"keyphraseInDescription":{"score":3,"maxScore":9,"error":1},"keyphraseLength":{"score":9,"maxScore":9,"error":0,"length":1},"keyphraseInIntroduction":{"score":9,"maxScore":9,"error":0},"keyphraseInImageAlt":{"score":9,"maxScore":9,"error":0},"keywordDensity":{"type":"best","score":9,"maxScore":9,"error":0}}},{"keyphrase":"Rafael Carrera","score":40,"analysis":{"keyphraseInDescription":{"score":3,"maxScore":9,"error":1},"keyphraseLength":{"score":9,"maxScore":9,"error":0,"length":2},"keyphraseInIntroduction":{"score":3,"maxScore":9,"error":1},"keyphraseInImageAlt":{"score":3,"maxScore":9,"error":1},"keywordDensity":{"score":0,"type":"low","maxScore":9,"error":1}}}]},"primary_term":null,"canonical_url":null,"og_title":null,"og_description":null,"og_object_type":"default","og_image_type":"default","og_image_url":null,"og_image_width":null,"og_image_height":null,"og_image_custom_url":null,"og_image_custom_fields":null,"og_video":"","og_custom_url":null,"og_article_section":null,"og_article_tags":null,"twitter_use_og":false,"twitter_card":"default","twitter_image_type":"default","twitter_image_url":null,"twitter_image_custom_url":null,"twitter_image_custom_fields":null,"twitter_title":null,"twitter_description":null,"schema":{"blockGraphs":[],"customGraphs":[],"default":{"data":{"Article":[],"Course":[],"Dataset":[],"FAQPage":[],"Movie":[],"Person":[],"Product":[],"ProductReview":[],"Car":[],"Recipe":[],"Service":[],"SoftwareApplication":[],"WebPage":[]},"graphName":"NewsArticle","isEnabled":true},"graphs":[]},"schema_type":"default","schema_type_options":null,"pillar_content":false,"robots_default":true,"robots_noindex":false,"robots_noarchive":false,"robots_nosnippet":false,"robots_nofollow":false,"robots_noimageindex":false,"robots_noodp":false,"robots_notranslate":false,"robots_max_snippet":"-1","robots_max_videopreview":"-1","robots_max_imagepreview":"large","priority":null,"frequency":"default","local_seo":null,"seo_analyzer_scan_date":null,"breadcrumb_settings":null,"limit_modified_date":false,"reviewed_by":"0","open_ai":"{\"title\":{\"suggestions\":[],\"usage\":0},\"description\":{\"suggestions\":[],\"usage\":0}}","ai":{"faqs":[],"keyPoints":[],"titles":[],"descriptions":[],"socialPosts":{"email":[],"linkedin":[],"twitter":[],"facebook":[],"instagram":[]}},"created":"2025-03-19 17:58:51","updated":"2026-03-13 20:59:39"},"aioseo_breadcrumb":"<div class=\"aioseo-breadcrumbs\"><span class=\"aioseo-breadcrumb\">\n\t<a href=\"https:\/\/soymigrante.com\/revista\" title=\"Home\">Home<\/a>\n<\/span><span class=\"aioseo-breadcrumb-separator\">\u00bb<\/span><span class=\"aioseo-breadcrumb\">\n\t<a href=\"https:\/\/soymigrante.com\/revista\/category\/guate-nuestra\/\" title=\"Guate Nuestra\">Guate Nuestra<\/a>\n<\/span><span class=\"aioseo-breadcrumb-separator\">\u00bb<\/span><span class=\"aioseo-breadcrumb\">\n\t\u00bfPor qu\u00e9 el 21 de marzo es el cumplea\u00f1os de la Rep\u00fablica de Guatemala?\n<\/span><\/div>","aioseo_breadcrumb_json":[{"label":"Home","link":"https:\/\/soymigrante.com\/revista"},{"label":"Guate Nuestra","link":"https:\/\/soymigrante.com\/revista\/category\/guate-nuestra\/"},{"label":"\u00bfPor qu\u00e9 el 21 de marzo es el cumplea\u00f1os de la Rep\u00fablica de Guatemala?","link":"https:\/\/soymigrante.com\/revista\/es-el-21-de-marzo-el-cumpleanos-de-la-republica-de-guatemala\/"}],"_links":{"self":[{"href":"https:\/\/soymigrante.com\/revista\/wp-json\/wp\/v2\/posts\/28778","targetHints":{"allow":["GET"]}}],"collection":[{"href":"https:\/\/soymigrante.com\/revista\/wp-json\/wp\/v2\/posts"}],"about":[{"href":"https:\/\/soymigrante.com\/revista\/wp-json\/wp\/v2\/types\/post"}],"author":[{"embeddable":true,"href":"https:\/\/soymigrante.com\/revista\/wp-json\/wp\/v2\/users\/7"}],"replies":[{"embeddable":true,"href":"https:\/\/soymigrante.com\/revista\/wp-json\/wp\/v2\/comments?post=28778"}],"version-history":[{"count":2,"href":"https:\/\/soymigrante.com\/revista\/wp-json\/wp\/v2\/posts\/28778\/revisions"}],"predecessor-version":[{"id":53638,"href":"https:\/\/soymigrante.com\/revista\/wp-json\/wp\/v2\/posts\/28778\/revisions\/53638"}],"wp:featuredmedia":[{"embeddable":true,"href":"https:\/\/soymigrante.com\/revista\/wp-json\/wp\/v2\/media\/8650"}],"wp:attachment":[{"href":"https:\/\/soymigrante.com\/revista\/wp-json\/wp\/v2\/media?parent=28778"}],"wp:term":[{"taxonomy":"category","embeddable":true,"href":"https:\/\/soymigrante.com\/revista\/wp-json\/wp\/v2\/categories?post=28778"},{"taxonomy":"post_tag","embeddable":true,"href":"https:\/\/soymigrante.com\/revista\/wp-json\/wp\/v2\/tags?post=28778"}],"curies":[{"name":"wp","href":"https:\/\/api.w.org\/{rel}","templated":true}]}}