{"id":28695,"date":"2025-03-21T05:06:00","date_gmt":"2025-03-21T11:06:00","guid":{"rendered":"https:\/\/soymigrante.com\/revista\/?p=28695"},"modified":"2025-03-20T22:55:37","modified_gmt":"2025-03-21T04:55:37","slug":"llevar-un-bebe-en-el-turno-y-otras-costumbres-populares-de-cucuruchos-en-procesiones","status":"publish","type":"post","link":"https:\/\/soymigrante.com\/revista\/llevar-un-bebe-en-el-turno-y-otras-costumbres-populares-de-cucuruchos-en-procesiones\/","title":{"rendered":"Llevar un beb\u00e9 en el turno y otras costumbres populares de cucuruchos en procesiones"},"content":{"rendered":"\t\t<div data-elementor-type=\"wp-post\" data-elementor-id=\"28695\" class=\"elementor elementor-28695\" data-elementor-post-type=\"post\">\n\t\t\t\t<div data-particle_enable=\"false\" data-particle-mobile-disabled=\"false\" class=\"elementor-element elementor-element-e6a39cb e-flex e-con-boxed e-con e-parent\" data-id=\"e6a39cb\" data-element_type=\"container\" data-e-type=\"container\">\n\t\t\t\t\t<div class=\"e-con-inner\">\n\t\t\t\t<div class=\"elementor-element elementor-element-5c9aea4 elementor-widget elementor-widget-heading\" data-id=\"5c9aea4\" data-element_type=\"widget\" data-e-type=\"widget\" data-widget_type=\"heading.default\">\n\t\t\t\t\t<h2 class=\"elementor-heading-title elementor-size-default\">Los cucuruchos no solo cargan las andas, sino tambi\u00e9n historias de fe, sacrificio y tradici\u00f3n llenas de curiosidades. \n<\/h2>\t\t\t\t<\/div>\n\t\t\t\t\t<\/div>\n\t\t\t\t<\/div>\n\t\t<div data-particle_enable=\"false\" data-particle-mobile-disabled=\"false\" class=\"elementor-element elementor-element-9ca9ba1 e-flex e-con-boxed e-con e-parent\" data-id=\"9ca9ba1\" data-element_type=\"container\" data-e-type=\"container\">\n\t\t\t\t\t<div class=\"e-con-inner\">\n\t\t\t\t<div class=\"elementor-element elementor-element-d4faa18 elementor-widget elementor-widget-text-editor\" data-id=\"d4faa18\" data-element_type=\"widget\" data-e-type=\"widget\" data-widget_type=\"text-editor.default\">\n\t\t\t\t\t\t\t\t\t<p><a href=\"https:\/\/soymigrante.com\/revista\/algunas-sugerencias-para-que-devotos-migrantes-vivan-mejor-la-cuaresma-y-semana-santa\/\" target=\"_blank\" rel=\"noopener\">En Guatemala, la Semana Santa<\/a> es una de las celebraciones m\u00e1s significativas del a\u00f1o, y los cucuruchos \u2014nombre con el que se conoce a los penitentes que cargan las andas procesionales\u2014 desempe\u00f1an un papel esencial en estas tradiciones.<\/p><p>M\u00e1s all\u00e1 de su vestimenta morada y su devoci\u00f3n, <a href=\"https:\/\/soymigrante.com\/revista\/algunas-sugerencias-para-que-devotos-migrantes-vivan-mejor-la-cuaresma-y-semana-santa\/\" target=\"_blank\" rel=\"noopener\">los cucuruchos guardan historias y costumbres peculiares<\/a> que han pasado de generaci\u00f3n en generaci\u00f3n.<\/p>\t\t\t\t\t\t\t\t<\/div>\n\t\t\t\t\t<\/div>\n\t\t\t\t<\/div>\n\t\t<div data-particle_enable=\"false\" data-particle-mobile-disabled=\"false\" class=\"elementor-element elementor-element-ad23db6 e-flex e-con-boxed e-con e-parent\" data-id=\"ad23db6\" data-element_type=\"container\" data-e-type=\"container\">\n\t\t\t\t\t<div class=\"e-con-inner\">\n\t\t\t\t<div class=\"elementor-element elementor-element-f827a42 elementor-widget elementor-widget-heading\" data-id=\"f827a42\" data-element_type=\"widget\" data-e-type=\"widget\" data-widget_type=\"heading.default\">\n\t\t\t\t\t<h3 class=\"elementor-heading-title elementor-size-default\">1. Los turnos de penitentes debajo del anda<\/h3>\t\t\t\t<\/div>\n\t\t\t\t\t<\/div>\n\t\t\t\t<\/div>\n\t\t<div data-particle_enable=\"false\" data-particle-mobile-disabled=\"false\" class=\"elementor-element elementor-element-0e53719 e-flex e-con-boxed e-con e-parent\" data-id=\"0e53719\" data-element_type=\"container\" data-e-type=\"container\">\n\t\t\t\t\t<div class=\"e-con-inner\">\n\t\t\t\t<div class=\"elementor-element elementor-element-f926d8c elementor-widget elementor-widget-text-editor\" data-id=\"f926d8c\" data-element_type=\"widget\" data-e-type=\"widget\" data-widget_type=\"text-editor.default\">\n\t\t\t\t\t\t\t\t\t<p><a href=\"https:\/\/soymigrante.com\/revista\/algunas-sugerencias-para-que-devotos-migrantes-vivan-mejor-la-cuaresma-y-semana-santa\/\" target=\"_blank\" rel=\"noopener\">Las procesiones en Guatemala<\/a> siguen un riguroso sistema de turnos que determina qu\u00e9 cucuruchos cargan en cada momento. Sin embargo, hay un grupo especial de cargadores que van debajo del anda en la parte central, en un espacio m\u00e1s reducido y con menos ventilaci\u00f3n.<\/p><p>Estos penitentes son conocidos por asumir un mayor esfuerzo y carga.<\/p>\t\t\t\t\t\t\t\t<\/div>\n\t\t\t\t\t<\/div>\n\t\t\t\t<\/div>\n\t\t<div data-particle_enable=\"false\" data-particle-mobile-disabled=\"false\" class=\"elementor-element elementor-element-59467a6 e-flex e-con-boxed e-con e-parent\" data-id=\"59467a6\" data-element_type=\"container\" data-e-type=\"container\">\n\t\t\t\t\t<div class=\"e-con-inner\">\n\t\t\t\t<div class=\"elementor-element elementor-element-7140697 elementor-widget elementor-widget-heading\" data-id=\"7140697\" data-element_type=\"widget\" data-e-type=\"widget\" data-widget_type=\"heading.default\">\n\t\t\t\t\t<h3 class=\"elementor-heading-title elementor-size-default\">\u00bfPor qu\u00e9 existen estos turnos?<\/h3>\t\t\t\t<\/div>\n\t\t\t\t\t<\/div>\n\t\t\t\t<\/div>\n\t\t<div data-particle_enable=\"false\" data-particle-mobile-disabled=\"false\" class=\"elementor-element elementor-element-b4d3ca1 e-flex e-con-boxed e-con e-parent\" data-id=\"b4d3ca1\" data-element_type=\"container\" data-e-type=\"container\">\n\t\t\t\t\t<div class=\"e-con-inner\">\n\t\t\t\t<div class=\"elementor-element elementor-element-17f4558 elementor-widget elementor-widget-text-editor\" data-id=\"17f4558\" data-element_type=\"widget\" data-e-type=\"widget\" data-widget_type=\"text-editor.default\">\n\t\t\t\t\t\t\t\t\t<p>Hist\u00f3ricamente, los turnos bajo el anda han sido <a href=\"https:\/\/soymigrante.com\/revista\/algunas-sugerencias-para-que-devotos-migrantes-vivan-mejor-la-cuaresma-y-semana-santa\/\" target=\"_blank\" rel=\"noopener\">asignados a los devotos m\u00e1s fuertes o experimentados,<\/a> quienes consideran un honor y una muestra de sacrificio ir en ese lugar. Se cree que esta tradici\u00f3n proviene de los antiguos cargadores ind\u00edgenas que, durante la \u00e9poca colonial, eran asignados a los puntos de mayor esfuerzo en las procesiones.<\/p><p>\u201cLa primera vez que fui debajo del anda sent\u00ed que me faltaba el aire, pero aguant\u00e9 por fe. Cargar all\u00ed es una prueba de resistencia, pero tambi\u00e9n de entrega. Para nosotros, los cucuruchos, es una forma de agradecer los milagros recibidos. Aunque la procesi\u00f3n avance lento, all\u00ed dentro todo se siente m\u00e1s pesado, m\u00e1s \u00edntimo, como si realmente estuvi\u00e9ramos cargando nuestras penas y las de los dem\u00e1s\u201d, coment\u00f3, Juan Pablo L\u00f3pez, cucurucho desde hace 25 a\u00f1os<\/p>\t\t\t\t\t\t\t\t<\/div>\n\t\t\t\t\t<\/div>\n\t\t\t\t<\/div>\n\t\t<div data-particle_enable=\"false\" data-particle-mobile-disabled=\"false\" class=\"elementor-element elementor-element-0b777d0 e-flex e-con-boxed e-con e-parent\" data-id=\"0b777d0\" data-element_type=\"container\" data-e-type=\"container\">\n\t\t\t\t\t<div class=\"e-con-inner\">\n\t\t\t\t<div class=\"elementor-element elementor-element-c98d93b elementor-widget elementor-widget-video\" data-id=\"c98d93b\" data-element_type=\"widget\" data-e-type=\"widget\" data-settings=\"{&quot;youtube_url&quot;:&quot;https:\\\/\\\/www.youtube.com\\\/watch?v=Fw6Solk-5x8&quot;,&quot;video_type&quot;:&quot;youtube&quot;,&quot;controls&quot;:&quot;yes&quot;}\" data-widget_type=\"video.default\">\n\t\t\t\t\t\t\t<div class=\"elementor-wrapper elementor-open-inline\">\n\t\t\t<div class=\"elementor-video\"><\/div>\t\t<\/div>\n\t\t\t\t\t\t<\/div>\n\t\t\t\t\t<\/div>\n\t\t\t\t<\/div>\n\t\t<div data-particle_enable=\"false\" data-particle-mobile-disabled=\"false\" class=\"elementor-element elementor-element-63e75a5 e-flex e-con-boxed e-con e-parent\" data-id=\"63e75a5\" data-element_type=\"container\" data-e-type=\"container\">\n\t\t\t\t\t<div class=\"e-con-inner\">\n\t\t\t\t<div class=\"elementor-element elementor-element-58184a5 elementor-widget elementor-widget-heading\" data-id=\"58184a5\" data-element_type=\"widget\" data-e-type=\"widget\" data-widget_type=\"heading.default\">\n\t\t\t\t\t<h3 class=\"elementor-heading-title elementor-size-default\">2. Los pap\u00e1s cucuruchos que cargan a sus hijos<\/h3>\t\t\t\t<\/div>\n\t\t\t\t\t<\/div>\n\t\t\t\t<\/div>\n\t\t<div data-particle_enable=\"false\" data-particle-mobile-disabled=\"false\" class=\"elementor-element elementor-element-dc4e15b e-flex e-con-boxed e-con e-parent\" data-id=\"dc4e15b\" data-element_type=\"container\" data-e-type=\"container\">\n\t\t\t\t\t<div class=\"e-con-inner\">\n\t\t\t\t<div class=\"elementor-element elementor-element-13b75ed elementor-widget elementor-widget-text-editor\" data-id=\"13b75ed\" data-element_type=\"widget\" data-e-type=\"widget\" data-widget_type=\"text-editor.default\">\n\t\t\t\t\t\t\t\t\t<p>Una de las im\u00e1genes m\u00e1s conmovedoras de la <a href=\"https:\/\/soymigrante.com\/revista\/algunas-sugerencias-para-que-devotos-migrantes-vivan-mejor-la-cuaresma-y-semana-santa\/\" target=\"_blank\" rel=\"noopener\">Semana Santa en Guatemala<\/a> es la de los padres cucuruchos que, con una mano, sostienen a sus peque\u00f1os hijos y, con la otra, cargan el anda.<\/p><p>Esta tradici\u00f3n refleja la herencia de la fe y el deseo de que las futuras generaciones contin\u00faen participando en las procesiones.<\/p>\t\t\t\t\t\t\t\t<\/div>\n\t\t\t\t\t<\/div>\n\t\t\t\t<\/div>\n\t\t<div data-particle_enable=\"false\" data-particle-mobile-disabled=\"false\" class=\"elementor-element elementor-element-1360a99 e-flex e-con-boxed e-con e-parent\" data-id=\"1360a99\" data-element_type=\"container\" data-e-type=\"container\">\n\t\t\t\t\t<div class=\"e-con-inner\">\n\t\t\t\t<div class=\"elementor-element elementor-element-dcc5113 elementor-widget elementor-widget-heading\" data-id=\"dcc5113\" data-element_type=\"widget\" data-e-type=\"widget\" data-widget_type=\"heading.default\">\n\t\t\t\t\t<h3 class=\"elementor-heading-title elementor-size-default\">\u00bfC\u00f3mo naci\u00f3 esta tradici\u00f3n?<\/h3>\t\t\t\t<\/div>\n\t\t\t\t\t<\/div>\n\t\t\t\t<\/div>\n\t\t<div data-particle_enable=\"false\" data-particle-mobile-disabled=\"false\" class=\"elementor-element elementor-element-0c8e46f e-flex e-con-boxed e-con e-parent\" data-id=\"0c8e46f\" data-element_type=\"container\" data-e-type=\"container\">\n\t\t\t\t\t<div class=\"e-con-inner\">\n\t\t\t\t<div class=\"elementor-element elementor-element-6770a5c elementor-widget elementor-widget-text-editor\" data-id=\"6770a5c\" data-element_type=\"widget\" data-e-type=\"widget\" data-widget_type=\"text-editor.default\">\n\t\t\t\t\t\t\t\t\t<p><a href=\"https:\/\/soymigrante.com\/revista\/algunas-sugerencias-para-que-devotos-migrantes-vivan-mejor-la-cuaresma-y-semana-santa\/\" target=\"_blank\" rel=\"noopener\">Muchos cucuruchos relatan que comenzaron a cargar desde muy peque\u00f1os porque sus padres los llevaban con ellos a las procesiones<\/a>. Antes de que existieran turnos especiales para ni\u00f1os, los pap\u00e1s los sub\u00edan en brazos para que compartieran el momento de devoci\u00f3n.<\/p><p>\u201cCuando mi hijo cumpli\u00f3 un a\u00f1o, lo llev\u00e9 conmigo a cargar. Lo sostuve con un brazo mientras con el otro cargaba el anda. La gente me dec\u00eda que era dif\u00edcil, pero para m\u00ed fue un momento \u00fanico. Quiero que mi hijo sienta la fe que me ense\u00f1\u00f3 mi pap\u00e1. Hoy, \u00e9l ya tiene 10 a\u00f1os y carga en las procesiones infantiles. Es una tradici\u00f3n que no quiero que se pierda en nuestra familia\u201d, mencion\u00f3, Luis Garc\u00eda, padre y cucurucho.<\/p>\t\t\t\t\t\t\t\t<\/div>\n\t\t\t\t\t<\/div>\n\t\t\t\t<\/div>\n\t\t<div data-particle_enable=\"false\" data-particle-mobile-disabled=\"false\" class=\"elementor-element elementor-element-5991aa4 e-flex e-con-boxed e-con e-parent\" data-id=\"5991aa4\" data-element_type=\"container\" data-e-type=\"container\">\n\t\t\t\t\t<div class=\"e-con-inner\">\n\t\t\t\t<div class=\"elementor-element elementor-element-5e01852 elementor-invisible elementor-widget elementor-widget-facebook-embed\" data-id=\"5e01852\" data-element_type=\"widget\" data-e-type=\"widget\" data-settings=\"{&quot;_animation&quot;:&quot;zoomInDown&quot;}\" data-widget_type=\"facebook-embed.default\">\n\t\t\t\t\t<div style=\"min-height: 1px\" class=\"elementor-facebook-widget fb-post\" data-href=\"https:\/\/www.facebook.com\/photo.php?fbid=927006262939193&#038;set=pb.100068894834661.-2207520000&#038;type=3\" data-show-text=\"false\"><\/div>\t\t\t\t<\/div>\n\t\t\t\t\t<\/div>\n\t\t\t\t<\/div>\n\t\t<div data-particle_enable=\"false\" data-particle-mobile-disabled=\"false\" class=\"elementor-element elementor-element-d8c3aa8 e-flex e-con-boxed e-con e-parent\" data-id=\"d8c3aa8\" data-element_type=\"container\" data-e-type=\"container\">\n\t\t\t\t\t<div class=\"e-con-inner\">\n\t\t\t\t<div class=\"elementor-element elementor-element-606f52d elementor-widget elementor-widget-heading\" data-id=\"606f52d\" data-element_type=\"widget\" data-e-type=\"widget\" data-widget_type=\"heading.default\">\n\t\t\t\t\t<h3 class=\"elementor-heading-title elementor-size-default\">3. Cucuruchos que no lavan su t\u00fanica por tradici\u00f3n<\/h3>\t\t\t\t<\/div>\n\t\t\t\t\t<\/div>\n\t\t\t\t<\/div>\n\t\t<div data-particle_enable=\"false\" data-particle-mobile-disabled=\"false\" class=\"elementor-element elementor-element-435c5a8 e-flex e-con-boxed e-con e-parent\" data-id=\"435c5a8\" data-element_type=\"container\" data-e-type=\"container\">\n\t\t\t\t\t<div class=\"e-con-inner\">\n\t\t\t\t<div class=\"elementor-element elementor-element-5c84184 elementor-widget elementor-widget-text-editor\" data-id=\"5c84184\" data-element_type=\"widget\" data-e-type=\"widget\" data-widget_type=\"text-editor.default\">\n\t\t\t\t\t\t\t\t\t<p>Uno de los aspectos m\u00e1s peculiares de los cucuruchos es que algunos nunca lavan su t\u00fanica. <a href=\"https:\/\/soymigrante.com\/revista\/algunas-sugerencias-para-que-devotos-migrantes-vivan-mejor-la-cuaresma-y-semana-santa\/\" target=\"_blank\" rel=\"noopener\">Esta creencia, que ha sido transmitida de generaci\u00f3n en generaci\u00f3n,<\/a> indica que lavar la t\u00fanica puede \u201cborrar la bendici\u00f3n\u201d o \u201cquitar la suerte\u201d obtenida durante la Semana Santa.<\/p>\t\t\t\t\t\t\t\t<\/div>\n\t\t\t\t\t<\/div>\n\t\t\t\t<\/div>\n\t\t<div data-particle_enable=\"false\" data-particle-mobile-disabled=\"false\" class=\"elementor-element elementor-element-850e311 e-flex e-con-boxed e-con e-parent\" data-id=\"850e311\" data-element_type=\"container\" data-e-type=\"container\">\n\t\t\t\t\t<div class=\"e-con-inner\">\n\t\t\t\t<div class=\"elementor-element elementor-element-9dcfe2a elementor-widget elementor-widget-heading\" data-id=\"9dcfe2a\" data-element_type=\"widget\" data-e-type=\"widget\" data-widget_type=\"heading.default\">\n\t\t\t\t\t<h3 class=\"elementor-heading-title elementor-size-default\">\u00bfDe d\u00f3nde proviene esta creencia?<\/h3>\t\t\t\t<\/div>\n\t\t\t\t\t<\/div>\n\t\t\t\t<\/div>\n\t\t<div data-particle_enable=\"false\" data-particle-mobile-disabled=\"false\" class=\"elementor-element elementor-element-235de1e e-flex e-con-boxed e-con e-parent\" data-id=\"235de1e\" data-element_type=\"container\" data-e-type=\"container\">\n\t\t\t\t\t<div class=\"e-con-inner\">\n\t\t\t\t<div class=\"elementor-element elementor-element-212d516 elementor-widget elementor-widget-text-editor\" data-id=\"212d516\" data-element_type=\"widget\" data-e-type=\"widget\" data-widget_type=\"text-editor.default\">\n\t\t\t\t\t\t\t\t\t<p><a href=\"https:\/\/soymigrante.com\/revista\/algunas-sugerencias-para-que-devotos-migrantes-vivan-mejor-la-cuaresma-y-semana-santa\/\" target=\"_blank\" rel=\"noopener\">Algunos cucuruchos explican que la t\u00fanica adquiere un valor especial con el tiempo, pues ha sido usada en m\u00faltiples procesiones,<\/a> absorbiendo el sudor, el esfuerzo y las plegarias de cada a\u00f1o. Para muchos, lavarla es como perder una parte de su conexi\u00f3n con la tradici\u00f3n.<\/p><p>\u201cMi t\u00fanica tiene m\u00e1s de 15 a\u00f1os y jam\u00e1s la he lavado. Mi abuela dec\u00eda que al lavarla se iba la fe que uno pon\u00eda al cargar. Mi esposa al principio no entend\u00eda, pero ahora sabe que es parte de mi devoci\u00f3n. La t\u00fanica se guarda con respeto y solo se usa en Semana Santa. Para m\u00ed, cada mancha es un recuerdo de las procesiones pasadas, pero procuro mantenerla limpia\u201d, coment\u00f3 Ernesto Chac\u00f3n, cucurucho por m\u00e1s de 30 a\u00f1os.<\/p>\t\t\t\t\t\t\t\t<\/div>\n\t\t\t\t\t<\/div>\n\t\t\t\t<\/div>\n\t\t<div data-particle_enable=\"false\" data-particle-mobile-disabled=\"false\" class=\"elementor-element elementor-element-5c52b4e e-flex e-con-boxed e-con e-parent\" data-id=\"5c52b4e\" data-element_type=\"container\" data-e-type=\"container\">\n\t\t\t\t\t<div class=\"e-con-inner\">\n\t\t\t\t<div class=\"elementor-element elementor-element-006fbeb elementor-invisible elementor-widget elementor-widget-facebook-embed\" data-id=\"006fbeb\" data-element_type=\"widget\" data-e-type=\"widget\" data-settings=\"{&quot;_animation&quot;:&quot;zoomInDown&quot;}\" data-widget_type=\"facebook-embed.default\">\n\t\t\t\t\t<div style=\"min-height: 1px\" class=\"elementor-facebook-widget fb-post\" data-href=\"https:\/\/www.facebook.com\/photo\/?fbid=951350587171427&#038;set=pb.100068894834661.-2207520000\" data-show-text=\"false\"><\/div>\t\t\t\t<\/div>\n\t\t\t\t\t<\/div>\n\t\t\t\t<\/div>\n\t\t<div data-particle_enable=\"false\" data-particle-mobile-disabled=\"false\" class=\"elementor-element elementor-element-536824c e-flex e-con-boxed e-con e-parent\" data-id=\"536824c\" data-element_type=\"container\" data-e-type=\"container\">\n\t\t\t\t\t<div class=\"e-con-inner\">\n\t\t\t\t<div class=\"elementor-element elementor-element-783ae08 elementor-widget elementor-widget-text-editor\" data-id=\"783ae08\" data-element_type=\"widget\" data-e-type=\"widget\" data-widget_type=\"text-editor.default\">\n\t\t\t\t\t\t\t\t\t<p>Desde los turnos de penitencia debajo del anda, hasta los padres que cargan junto a sus hijos y aquellos que conservan su t\u00fanica sin lavar, cada costumbre refleja el profundo significado espiritual que tiene<a href=\"https:\/\/soymigrante.com\/revista\/algunas-sugerencias-para-que-devotos-migrantes-vivan-mejor-la-cuaresma-y-semana-santa\/\" target=\"_blank\" rel=\"noopener\"> la Semana Santa en Guatemala.<\/a> M\u00e1s all\u00e1 de una manifestaci\u00f3n religiosa, estas tradiciones se han convertido en un legado que pasa de generaci\u00f3n en generaci\u00f3n, manteniendo viva la devoci\u00f3n de miles de guatemaltecos.<\/p>\t\t\t\t\t\t\t\t<\/div>\n\t\t\t\t\t<\/div>\n\t\t\t\t<\/div>\n\t\t<div data-particle_enable=\"false\" data-particle-mobile-disabled=\"false\" class=\"elementor-element elementor-element-4f5118d e-flex e-con-boxed e-con e-parent\" data-id=\"4f5118d\" data-element_type=\"container\" data-e-type=\"container\">\n\t\t\t\t\t<div class=\"e-con-inner\">\n\t\t\t\t<div class=\"elementor-element elementor-element-5fde634 elementor-widget elementor-widget-heading\" data-id=\"5fde634\" data-element_type=\"widget\" data-e-type=\"widget\" data-widget_type=\"heading.default\">\n\t\t\t\t\t<h2 class=\"elementor-heading-title elementor-size-default\">Conoce m\u00e1s de la Semana Santa guatemalteca, ac\u00e1...<\/h2>\t\t\t\t<\/div>\n\t\t\t\t\t<\/div>\n\t\t\t\t<\/div>\n\t\t<div data-particle_enable=\"false\" data-particle-mobile-disabled=\"false\" class=\"elementor-element elementor-element-3ad579e e-flex e-con-boxed e-con e-parent\" data-id=\"3ad579e\" data-element_type=\"container\" data-e-type=\"container\">\n\t\t\t\t\t<div class=\"e-con-inner\">\n\t\t\t\t<div class=\"elementor-element elementor-element-5cbf411 elementor-grid-eael-col-3 elementor-grid-tablet-eael-col-2 elementor-grid-mobile-eael-col-1 elementor-widget elementor-widget-eael-post-grid\" data-id=\"5cbf411\" data-element_type=\"widget\" data-e-type=\"widget\" data-settings=\"{&quot;eael_post_grid_columns&quot;:&quot;eael-col-3&quot;,&quot;eael_post_grid_columns_tablet&quot;:&quot;eael-col-2&quot;,&quot;eael_post_grid_columns_mobile&quot;:&quot;eael-col-1&quot;}\" data-widget_type=\"eael-post-grid.default\">\n\t\t\t\t\t<div id=\"eael-post-grid-5cbf411\" class=\"eael-post-grid-container\">\n            <div class=\"eael-post-grid eael-post-appender eael-post-appender-5cbf411 eael-post-grid-style-one\" data-layout-mode=\"masonry\"><article class=\"eael-grid-post  eael-post-grid-column eael-pg-post-27785 category-guate-nuestra\" data-id=\"27785\">\n        <div class=\"eael-grid-post-holder\">\n            <div class=\"eael-grid-post-holder-inner\"><div class=\"eael-entry-media\"><div class=\"eael-entry-overlay fade-in\"><i class=\"far fa-hand-pointer\" aria-hidden=\"true\"><\/i><a href=\"https:\/\/soymigrante.com\/revista\/carlos-sandoval-lleva-40-anos-en-usa-y-siempre-vuelve-a-la-semana-santa-guatemalteca\/\"><\/a><\/div><div class=\"eael-entry-thumbnail \">\n                <img fetchpriority=\"high\" decoding=\"async\" width=\"768\" height=\"1024\" src=\"https:\/\/soymigrante.com\/revista\/wp-content\/uploads\/2025\/03\/Carlos-Sandoval3-768x1024.jpeg\" class=\"attachment-large size-large wp-image-27788\" alt=\"Cristo crucificado y esculturas religiosas en acto religioso con detalles religiosos y devoci\u00f3n en la ceremonia.\" \/>\n            <\/div>\n        <\/div><div class=\"eael-entry-wrapper\"><header class=\"eael-entry-header\"><h2 class=\"eael-entry-title\"><a class=\"eael-grid-post-link\" href=\"https:\/\/soymigrante.com\/revista\/carlos-sandoval-lleva-40-anos-en-usa-y-siempre-vuelve-a-la-semana-santa-guatemalteca\/\" title=\"Carlos Sandoval lleva 40 a\u00f1os en USA y siempre vuelve a la Semana Santa Guatemalteca\">Carlos Sandoval lleva 40 a\u00f1os en USA y siempre vuelve a la Semana Santa Guatemalteca<\/a><\/h2><\/header><div class=\"eael-entry-content\">\n                        <div class=\"eael-grid-post-excerpt\"><a href=\"https:\/\/soymigrante.com\/revista\/carlos-sandoval-lleva-40-anos-en-usa-y-siempre-vuelve-a-la-semana-santa-guatemalteca\/\" class=\"eael-post-elements-readmore-btn\">CONOCE SU HISTORIA <\/a><\/div>\n                    <\/div><\/div><\/div>\n        <\/div>\n    <\/article><article class=\"eael-grid-post  eael-post-grid-column eael-pg-post-27268 category-guate-nuestra\" data-id=\"27268\">\n        <div class=\"eael-grid-post-holder\">\n            <div class=\"eael-grid-post-holder-inner\"><div class=\"eael-entry-media\"><div class=\"eael-entry-overlay fade-in\"><i class=\"far fa-hand-pointer\" aria-hidden=\"true\"><\/i><a href=\"https:\/\/soymigrante.com\/revista\/los-huertos-de-semana-santa-y-sus-historias-de-agradecimientos\/\"><\/a><\/div><div class=\"eael-entry-thumbnail \">\n                <img decoding=\"async\" width=\"303\" height=\"303\" src=\"https:\/\/soymigrante.com\/revista\/wp-content\/uploads\/2025\/03\/hnuertos--e1741284463853.webp\" class=\"attachment-large size-large wp-image-27269\" alt=\"Jard\u00edn floral decorativo con alfombra de flores coloridas y detalles tradicionales, exhibido en la Catedral de Antigua Guatemala durante la Semana Santa 2008.\" srcset=\"https:\/\/soymigrante.com\/revista\/wp-content\/uploads\/2025\/03\/hnuertos--e1741284463853.webp 303w, https:\/\/soymigrante.com\/revista\/wp-content\/uploads\/2025\/03\/hnuertos--e1741284463853-300x300.png 300w, https:\/\/soymigrante.com\/revista\/wp-content\/uploads\/2025\/03\/hnuertos--e1741284463853-150x150.png 150w, https:\/\/soymigrante.com\/revista\/wp-content\/uploads\/2025\/03\/hnuertos--e1741284463853-75x75.webp 75w\" sizes=\"(max-width: 303px) 100vw, 303px\" \/>\n            <\/div>\n        <\/div><div class=\"eael-entry-wrapper\"><header class=\"eael-entry-header\"><h2 class=\"eael-entry-title\"><a class=\"eael-grid-post-link\" href=\"https:\/\/soymigrante.com\/revista\/los-huertos-de-semana-santa-y-sus-historias-de-agradecimientos\/\" title=\"Los huertos de Semana Santa y sus historias de agradecimientos\">Los huertos de Semana Santa y sus historias de agradecimientos<\/a><\/h2><\/header><div class=\"eael-entry-content\">\n                        <div class=\"eael-grid-post-excerpt\"><a href=\"https:\/\/soymigrante.com\/revista\/los-huertos-de-semana-santa-y-sus-historias-de-agradecimientos\/\" class=\"eael-post-elements-readmore-btn\">CONOCE SU HISTORIA <\/a><\/div>\n                    <\/div><\/div><\/div>\n        <\/div>\n    <\/article><article class=\"eael-grid-post  eael-post-grid-column eael-pg-post-5615 category-bienestar\" data-id=\"5615\">\n        <div class=\"eael-grid-post-holder\">\n            <div class=\"eael-grid-post-holder-inner\"><div class=\"eael-entry-media\"><div class=\"eael-entry-overlay fade-in\"><i class=\"far fa-hand-pointer\" aria-hidden=\"true\"><\/i><a href=\"https:\/\/soymigrante.com\/revista\/dar-y-compartir-en-esta-semana-santa-y-mas-alla\/\"><\/a><\/div><div class=\"eael-entry-thumbnail \">\n                <img decoding=\"async\" width=\"1002\" height=\"700\" src=\"https:\/\/soymigrante.com\/revista\/wp-content\/uploads\/2024\/03\/Captura-de-pantalla-2024-03-25-132254.webp\" class=\"attachment-large size-large wp-image-5616\" alt=\"Consejos de salud f\u00edsica y espiritual para migrantes en Semana Santa. Foto de atardecer mujer en oraci\u00f3n\" srcset=\"https:\/\/soymigrante.com\/revista\/wp-content\/uploads\/2024\/03\/Captura-de-pantalla-2024-03-25-132254.webp 1002w, https:\/\/soymigrante.com\/revista\/wp-content\/uploads\/2024\/03\/Captura-de-pantalla-2024-03-25-132254-300x210.webp 300w, https:\/\/soymigrante.com\/revista\/wp-content\/uploads\/2024\/03\/Captura-de-pantalla-2024-03-25-132254-768x537.webp 768w, https:\/\/soymigrante.com\/revista\/wp-content\/uploads\/2024\/03\/Captura-de-pantalla-2024-03-25-132254-750x524.webp 750w\" sizes=\"(max-width: 1002px) 100vw, 1002px\" \/>\n            <\/div>\n        <\/div><div class=\"eael-entry-wrapper\"><header class=\"eael-entry-header\"><h2 class=\"eael-entry-title\"><a class=\"eael-grid-post-link\" href=\"https:\/\/soymigrante.com\/revista\/dar-y-compartir-en-esta-semana-santa-y-mas-alla\/\" title=\"Salud f\u00edsica y espiritual en esta Semana Santa y m\u00e1s all\u00e1\">Salud f\u00edsica y espiritual en esta Semana Santa y m\u00e1s all\u00e1<\/a><\/h2><\/header><div class=\"eael-entry-content\">\n                        <div class=\"eael-grid-post-excerpt\"><a href=\"https:\/\/soymigrante.com\/revista\/dar-y-compartir-en-esta-semana-santa-y-mas-alla\/\" class=\"eael-post-elements-readmore-btn\">CONOCE SU HISTORIA <\/a><\/div>\n                    <\/div><\/div><\/div>\n        <\/div>\n    <\/article><\/div>\n            <div class=\"clearfix\"><\/div>\n        <\/div>\t\t\t\t<\/div>\n\t\t\t\t\t<\/div>\n\t\t\t\t<\/div>\n\t\t\t\t<\/div>\n\t\t","protected":false},"excerpt":{"rendered":"<p>Los cucuruchos no solo cargan las andas, sino tambi\u00e9n historias de fe, sacrificio y tradici\u00f3n llenas de curiosidades. En Guatemala, la Semana Santa es una de las celebraciones m\u00e1s significativas del a\u00f1o, y los cucuruchos \u2014nombre con el que se conoce a los penitentes que cargan las andas procesionales\u2014 desempe\u00f1an un papel esencial en estas [&hellip;]<\/p>\n","protected":false},"author":19,"featured_media":27912,"comment_status":"open","ping_status":"open","sticky":false,"template":"","format":"standard","meta":{"_acf_changed":false,"_eb_attr":"","footnotes":""},"categories":[58],"tags":[],"class_list":["post-28695","post","type-post","status-publish","format-standard","has-post-thumbnail","hentry","category-guate-nuestra"],"acf":[],"aioseo_notices":[],"aioseo_head":"\n\t\t<!-- All in One SEO Pro 4.9.6.2 - aioseo.com -->\n\t<meta name=\"description\" content=\"La vida del migrante tiene aspiraciones y trabajos, dificultades y momentos en que se clama al cielo o se ayuda a alguien m\u00e1s. Esta Semana Santa puede ser para descubrir a Dios y ayudar a los dem\u00e1s a encontrarlo. Por Guillermo Delgado, fraile dominico, espcial para SoyMigrante.com En esta Semana Santa deseamos que todo lo\" \/>\n\t<meta name=\"robots\" content=\"max-snippet:-1, max-image-preview:large, max-video-preview:-1\" \/>\n\t<meta name=\"author\" content=\"Marysabel Aldana\"\/>\n\t<link rel=\"canonical\" href=\"https:\/\/soymigrante.com\/revista\/llevar-un-bebe-en-el-turno-y-otras-costumbres-populares-de-cucuruchos-en-procesiones\/\" \/>\n\t<meta name=\"generator\" content=\"All in One SEO Pro (AIOSEO) 4.9.6.2\" \/>\n\n\t\t<link rel=\"preconnect\" href=\"https:\/\/fonts.googleapis.com\" crossorigin>\n<link rel=\"preconnect\" href=\"https:\/\/fonts.gstatic.com\" crossorigin>\n\t\t<meta property=\"og:locale\" content=\"es_ES\" \/>\n\t\t<meta property=\"og:site_name\" content=\"SoyMigrante.com REVISTA \u2013 Nuestra misi\u00f3n es reconocer y dignificar al migrante.\" \/>\n\t\t<meta property=\"og:type\" content=\"article\" \/>\n\t\t<meta property=\"og:title\" content=\"Algunas costumbres y tradiciones curiosas de cucuruchos\" \/>\n\t\t<meta property=\"og:description\" content=\"Los cucuruchos no solo cargan las andas, sino tambi\u00e9n historias de fe, sacrificio y tradici\u00f3n llenas de color popular. Estas son algunas de esas costumbres\" \/>\n\t\t<meta property=\"og:url\" content=\"https:\/\/soymigrante.com\/revista\/llevar-un-bebe-en-el-turno-y-otras-costumbres-populares-de-cucuruchos-en-procesiones\/\" \/>\n\t\t<meta property=\"og:image\" content=\"https:\/\/soymigrante.com\/revista\/wp-content\/uploads\/2025\/03\/cordon-e1742337605519.webp\" \/>\n\t\t<meta property=\"og:image:secure_url\" content=\"https:\/\/soymigrante.com\/revista\/wp-content\/uploads\/2025\/03\/cordon-e1742337605519.webp\" \/>\n\t\t<meta property=\"og:image:width\" content=\"716\" \/>\n\t\t<meta property=\"og:image:height\" content=\"716\" \/>\n\t\t<meta property=\"article:published_time\" content=\"2025-03-21T11:06:00+00:00\" \/>\n\t\t<meta property=\"article:modified_time\" content=\"2025-03-21T04:55:37+00:00\" \/>\n\t\t<meta property=\"article:publisher\" content=\"https:\/\/www.facebook.com\/soymigrantecom\" \/>\n\t\t<meta name=\"twitter:card\" content=\"summary_large_image\" \/>\n\t\t<meta name=\"twitter:site\" content=\"@SoyMigrante_com\" \/>\n\t\t<meta name=\"twitter:title\" content=\"Algunas costumbres y tradiciones curiosas de cucuruchos\" \/>\n\t\t<meta name=\"twitter:description\" content=\"Los cucuruchos no solo cargan las andas, sino tambi\u00e9n historias de fe, sacrificio y tradici\u00f3n llenas de color popular. Estas son algunas de esas costumbres\" \/>\n\t\t<meta name=\"twitter:creator\" content=\"@SoyMigrante_com\" \/>\n\t\t<meta name=\"twitter:image\" content=\"https:\/\/soymigrante.com\/revista\/wp-content\/uploads\/2025\/03\/cordon-e1742337605519.webp\" \/>\n\t\t<!-- All in One SEO Pro -->\r\n\t\t<title>Algunas costumbres y tradiciones curiosas de cucuruchos<\/title>\n\n","aioseo_head_json":{"title":"Algunas costumbres y tradiciones curiosas de cucuruchos","description":"Los cucuruchos no solo cargan las andas, sino tambi\u00e9n historias de fe, sacrificio y tradici\u00f3n llenas de color popular. Estas son algunas de esas costumbres","canonical_url":"https:\/\/soymigrante.com\/revista\/llevar-un-bebe-en-el-turno-y-otras-costumbres-populares-de-cucuruchos-en-procesiones\/","robots":"max-snippet:-1, max-image-preview:large, max-video-preview:-1","keywords":"","webmasterTools":{"miscellaneous":"&lt;link rel=\"preconnect\" href=\"https:\/\/fonts.googleapis.com\" crossorigin&gt;\n&lt;link rel=\"preconnect\" href=\"https:\/\/fonts.gstatic.com\" crossorigin&gt;"},"schema":null,"og:locale":"es_ES","og:site_name":"SoyMigrante.com REVISTA \u2013 Nuestra misi\u00f3n es reconocer y dignificar al migrante.","og:type":"article","og:title":"Algunas costumbres y tradiciones curiosas de cucuruchos","og:description":"Los cucuruchos no solo cargan las andas, sino tambi\u00e9n historias de fe, sacrificio y tradici\u00f3n llenas de color popular. Estas son algunas de esas costumbres","og:url":"https:\/\/soymigrante.com\/revista\/llevar-un-bebe-en-el-turno-y-otras-costumbres-populares-de-cucuruchos-en-procesiones\/","og:image":"https:\/\/soymigrante.com\/revista\/wp-content\/uploads\/2025\/03\/cordon-e1742337605519.webp","og:image:secure_url":"https:\/\/soymigrante.com\/revista\/wp-content\/uploads\/2025\/03\/cordon-e1742337605519.webp","og:image:width":716,"og:image:height":716,"article:published_time":"2025-03-21T11:06:00+00:00","article:modified_time":"2025-03-21T04:55:37+00:00","article:publisher":"https:\/\/www.facebook.com\/soymigrantecom","twitter:card":"summary_large_image","twitter:site":"@SoyMigrante_com","twitter:title":"Algunas costumbres y tradiciones curiosas de cucuruchos","twitter:description":"Los cucuruchos no solo cargan las andas, sino tambi\u00e9n historias de fe, sacrificio y tradici\u00f3n llenas de color popular. Estas son algunas de esas costumbres","twitter:creator":"@SoyMigrante_com","twitter:image":"https:\/\/soymigrante.com\/revista\/wp-content\/uploads\/2025\/03\/cordon-e1742337605519.webp"},"aioseo_meta_data":{"post_id":"28695","title":"Algunas costumbres y tradiciones curiosas de cucuruchos","description":"Los cucuruchos no solo cargan las andas, sino tambi\u00e9n historias de fe, sacrificio y tradici\u00f3n llenas de color popular. Estas son algunas de esas costumbres","keywords":null,"keyphrases":{"focus":{"keyphrase":"Cucuruchos","score":82,"analysis":{"keyphraseInTitle":{"score":9,"maxScore":9,"error":0},"keyphraseInDescription":{"score":9,"maxScore":9,"error":0},"keyphraseLength":{"score":9,"maxScore":9,"error":0,"length":1},"keyphraseInURL":{"score":5,"maxScore":5,"error":0},"keyphraseInIntroduction":{"score":9,"maxScore":9,"error":0},"keyphraseInSubHeadings":{"score":3,"maxScore":9,"error":1},"keyphraseInImageAlt":{"score":3,"maxScore":9,"error":1},"keywordDensity":{"type":"best","score":9,"maxScore":9,"error":0}}},"additional":[{"keyphrase":"Procesiones","score":60,"analysis":{"keyphraseInDescription":{"score":3,"maxScore":9,"error":1},"keyphraseLength":{"score":9,"maxScore":9,"error":0,"length":1},"keyphraseInIntroduction":{"score":3,"maxScore":9,"error":1},"keyphraseInImageAlt":{"score":3,"maxScore":9,"error":1},"keywordDensity":{"type":"best","score":9,"maxScore":9,"error":0}}}]},"primary_term":null,"canonical_url":null,"og_title":null,"og_description":null,"og_object_type":"default","og_image_type":"default","og_image_url":null,"og_image_width":null,"og_image_height":null,"og_image_custom_url":null,"og_image_custom_fields":null,"og_video":"","og_custom_url":null,"og_article_section":null,"og_article_tags":null,"twitter_use_og":false,"twitter_card":"default","twitter_image_type":"default","twitter_image_url":null,"twitter_image_custom_url":null,"twitter_image_custom_fields":null,"twitter_title":null,"twitter_description":null,"schema":{"blockGraphs":[],"customGraphs":[],"default":{"data":{"Article":[],"Course":[],"Dataset":[],"FAQPage":[],"Movie":[],"Person":[],"Product":[],"ProductReview":[],"Car":[],"Recipe":[],"Service":[],"SoftwareApplication":[],"WebPage":[]},"graphName":"BlogPosting","isEnabled":true},"graphs":[]},"schema_type":"default","schema_type_options":null,"pillar_content":false,"robots_default":true,"robots_noindex":false,"robots_noarchive":false,"robots_nosnippet":false,"robots_nofollow":false,"robots_noimageindex":false,"robots_noodp":false,"robots_notranslate":false,"robots_max_snippet":"-1","robots_max_videopreview":"-1","robots_max_imagepreview":"large","priority":null,"frequency":"default","local_seo":null,"seo_analyzer_scan_date":"2025-10-09 03:40:45","breadcrumb_settings":null,"limit_modified_date":false,"reviewed_by":null,"open_ai":"{\"title\":{\"suggestions\":[],\"usage\":0},\"description\":{\"suggestions\":[],\"usage\":0}}","ai":null,"created":"2025-03-18 22:40:43","updated":"2026-02-04 22:20:14"},"aioseo_breadcrumb":"<div class=\"aioseo-breadcrumbs\"><span class=\"aioseo-breadcrumb\">\n\t<a href=\"https:\/\/soymigrante.com\/revista\" title=\"Home\">Home<\/a>\n<\/span><span class=\"aioseo-breadcrumb-separator\">\u00bb<\/span><span class=\"aioseo-breadcrumb\">\n\t<a href=\"https:\/\/soymigrante.com\/revista\/category\/guate-nuestra\/\" title=\"Guate Nuestra\">Guate Nuestra<\/a>\n<\/span><span class=\"aioseo-breadcrumb-separator\">\u00bb<\/span><span class=\"aioseo-breadcrumb\">\n\tLlevar un beb\u00e9 en el turno y otras costumbres populares de cucuruchos en procesiones\n<\/span><\/div>","aioseo_breadcrumb_json":[{"label":"Home","link":"https:\/\/soymigrante.com\/revista"},{"label":"Guate Nuestra","link":"https:\/\/soymigrante.com\/revista\/category\/guate-nuestra\/"},{"label":"Llevar un beb\u00e9 en el turno y otras costumbres populares de cucuruchos en procesiones","link":"https:\/\/soymigrante.com\/revista\/llevar-un-bebe-en-el-turno-y-otras-costumbres-populares-de-cucuruchos-en-procesiones\/"}],"_links":{"self":[{"href":"https:\/\/soymigrante.com\/revista\/wp-json\/wp\/v2\/posts\/28695","targetHints":{"allow":["GET"]}}],"collection":[{"href":"https:\/\/soymigrante.com\/revista\/wp-json\/wp\/v2\/posts"}],"about":[{"href":"https:\/\/soymigrante.com\/revista\/wp-json\/wp\/v2\/types\/post"}],"author":[{"embeddable":true,"href":"https:\/\/soymigrante.com\/revista\/wp-json\/wp\/v2\/users\/19"}],"replies":[{"embeddable":true,"href":"https:\/\/soymigrante.com\/revista\/wp-json\/wp\/v2\/comments?post=28695"}],"version-history":[{"count":0,"href":"https:\/\/soymigrante.com\/revista\/wp-json\/wp\/v2\/posts\/28695\/revisions"}],"wp:featuredmedia":[{"embeddable":true,"href":"https:\/\/soymigrante.com\/revista\/wp-json\/wp\/v2\/media\/27912"}],"wp:attachment":[{"href":"https:\/\/soymigrante.com\/revista\/wp-json\/wp\/v2\/media?parent=28695"}],"wp:term":[{"taxonomy":"category","embeddable":true,"href":"https:\/\/soymigrante.com\/revista\/wp-json\/wp\/v2\/categories?post=28695"},{"taxonomy":"post_tag","embeddable":true,"href":"https:\/\/soymigrante.com\/revista\/wp-json\/wp\/v2\/tags?post=28695"}],"curies":[{"name":"wp","href":"https:\/\/api.w.org\/{rel}","templated":true}]}}