{"id":2867,"date":"2023-10-08T10:23:37","date_gmt":"2023-10-08T16:23:37","guid":{"rendered":"https:\/\/soymigrante.com\/revista\/?p=2867"},"modified":"2024-11-01T08:46:29","modified_gmt":"2024-11-01T14:46:29","slug":"migrantes-guatemaltecos-exigen-respeto-a-la-democracia","status":"publish","type":"post","link":"https:\/\/soymigrante.com\/revista\/migrantes-guatemaltecos-exigen-respeto-a-la-democracia\/","title":{"rendered":"Migrantes guatemaltecos exigen respeto a la democracia desde Washington D.C., Nueva York y Los Angeles"},"content":{"rendered":"\t\t<div data-elementor-type=\"wp-post\" data-elementor-id=\"2867\" class=\"elementor elementor-2867\" data-elementor-post-type=\"post\">\n\t\t\t\t\t\t<section data-particle_enable=\"false\" data-particle-mobile-disabled=\"false\" class=\"elementor-section elementor-top-section elementor-element elementor-element-eb372c3 elementor-section-boxed elementor-section-height-default elementor-section-height-default\" data-id=\"eb372c3\" data-element_type=\"section\" data-e-type=\"section\">\n\t\t\t\t\t\t<div class=\"elementor-container elementor-column-gap-default\">\n\t\t\t\t\t<div class=\"elementor-column elementor-col-100 elementor-top-column elementor-element elementor-element-715e302\" data-id=\"715e302\" data-element_type=\"column\" data-e-type=\"column\">\n\t\t\t<div class=\"elementor-widget-wrap elementor-element-populated\">\n\t\t\t\t\t\t<div class=\"elementor-element elementor-element-3c3a6d5 elementor-widget elementor-widget-heading\" data-id=\"3c3a6d5\" data-element_type=\"widget\" data-e-type=\"widget\" data-widget_type=\"heading.default\">\n\t\t\t\t\t<h1 class=\"elementor-heading-title elementor-size-default\">Renuncia de la fiscal general Consuelo Porras y repudio total al intento de golpe contra la democracia en Guatemala exigieron migrantes guatemaltecos frente a la embajada  en Washington D.C., pero tambi\u00e9n en Los Angeles y Nueva York.<\/h1>\t\t\t\t<\/div>\n\t\t\t\t\t<\/div>\n\t\t<\/div>\n\t\t\t\t\t<\/div>\n\t\t<\/section>\n\t\t\t\t<section data-particle_enable=\"false\" data-particle-mobile-disabled=\"false\" class=\"elementor-section elementor-top-section elementor-element elementor-element-2e8b761 elementor-section-boxed elementor-section-height-default elementor-section-height-default\" data-id=\"2e8b761\" data-element_type=\"section\" data-e-type=\"section\">\n\t\t\t\t\t\t<div class=\"elementor-container elementor-column-gap-default\">\n\t\t\t\t\t<div class=\"elementor-column elementor-col-100 elementor-top-column elementor-element elementor-element-fa2f57b\" data-id=\"fa2f57b\" data-element_type=\"column\" data-e-type=\"column\">\n\t\t\t<div class=\"elementor-widget-wrap elementor-element-populated\">\n\t\t\t\t\t\t<div class=\"elementor-element elementor-element-eb2c611 elementor-widget elementor-widget-image\" data-id=\"eb2c611\" data-element_type=\"widget\" data-e-type=\"widget\" data-widget_type=\"image.default\">\n\t\t\t\t\t\t\t\t\t\t\t\t<figure class=\"wp-caption\">\n\t\t\t\t\t\t\t\t\t\t<img fetchpriority=\"high\" decoding=\"async\" width=\"768\" height=\"576\" src=\"https:\/\/soymigrante.com\/revista\/wp-content\/uploads\/2023\/10\/ALVARO-MONTENEGRO-EMBAJADA-X-2-1024x768.webp\" class=\"attachment-large size-large wp-image-2868\" alt=\"Migrantes guatemalteco0s y l\u00edderes de organizaciones de connacionales del \u00e1rea de Washington D.C. y Maryland se hicieron presentes frente a la Embajada de Guatemala en Estados Unidos para protestar contra las acciones antidemocr\u00e1ticas del Ministerio P\u00fablico y un jjuez que apuntan a sabotear los resultados electorales. (Fotograf\u00eda en X, antes Twitter: Alvaro Montenegro)\" srcset=\"https:\/\/soymigrante.com\/revista\/wp-content\/uploads\/2023\/10\/ALVARO-MONTENEGRO-EMBAJADA-X-2-1024x768.webp 1024w, https:\/\/soymigrante.com\/revista\/wp-content\/uploads\/2023\/10\/ALVARO-MONTENEGRO-EMBAJADA-X-2-300x225.webp 300w, https:\/\/soymigrante.com\/revista\/wp-content\/uploads\/2023\/10\/ALVARO-MONTENEGRO-EMBAJADA-X-2-768x576.webp 768w, https:\/\/soymigrante.com\/revista\/wp-content\/uploads\/2023\/10\/ALVARO-MONTENEGRO-EMBAJADA-X-2-1536x1152.webp 1536w, https:\/\/soymigrante.com\/revista\/wp-content\/uploads\/2023\/10\/ALVARO-MONTENEGRO-EMBAJADA-X-2-750x563.webp 750w, https:\/\/soymigrante.com\/revista\/wp-content\/uploads\/2023\/10\/ALVARO-MONTENEGRO-EMBAJADA-X-2-1140x855.webp 1140w, https:\/\/soymigrante.com\/revista\/wp-content\/uploads\/2023\/10\/ALVARO-MONTENEGRO-EMBAJADA-X-2.webp 1920w\" sizes=\"(max-width: 768px) 100vw, 768px\" title=\"Migrantes guatemalteco0s y l\u00edderes de organizaciones de connacionales del \u00e1rea de Washington D.C. y Maryland se hicieron presentes frente a la Embajada de Guatemala en Estados Unidos para protestar contra las acciones antidemocr\u00e1ticas del Ministerio P\u00fablico y un jjuez que apuntan a sabotear los resultados electorales. (Fotograf\u00eda  en X, antes Twitter: Alvaro Montenegro) \u2013 SoyMigrante.com REVISTA\" \/>\t\t\t\t\t\t\t\t\t\t\t<figcaption class=\"widget-image-caption wp-caption-text\">Migrantes guatemalteco0s y l\u00edderes de organizaciones de connacionales del \u00e1rea de Washington D.C. y Maryland se hicieron presentes frente a la Embajada de Guatemala en Estados Unidos para protestar contra las acciones antidemocr\u00e1ticas del Ministerio P\u00fablico y un jjuez que apuntan a sabotear los resultados electorales. (Fotograf\u00eda  en X, antes Twitter: Alvaro Montenegro)<\/figcaption>\n\t\t\t\t\t\t\t\t\t\t<\/figure>\n\t\t\t\t\t\t\t\t\t<\/div>\n\t\t\t\t\t<\/div>\n\t\t<\/div>\n\t\t\t\t\t<\/div>\n\t\t<\/section>\n\t\t\t\t<section data-particle_enable=\"false\" data-particle-mobile-disabled=\"false\" class=\"elementor-section elementor-top-section elementor-element elementor-element-bfef963 elementor-section-boxed elementor-section-height-default elementor-section-height-default\" data-id=\"bfef963\" data-element_type=\"section\" data-e-type=\"section\">\n\t\t\t\t\t\t<div class=\"elementor-container elementor-column-gap-default\">\n\t\t\t\t\t<div class=\"elementor-column elementor-col-100 elementor-top-column elementor-element elementor-element-7bceb48\" data-id=\"7bceb48\" data-element_type=\"column\" data-e-type=\"column\">\n\t\t\t<div class=\"elementor-widget-wrap elementor-element-populated\">\n\t\t\t\t\t\t<div class=\"elementor-element elementor-element-a627f4d elementor-widget__width-initial elementor-widget elementor-widget-heading\" data-id=\"a627f4d\" data-element_type=\"widget\" data-e-type=\"widget\" data-widget_type=\"heading.default\">\n\t\t\t\t\t<h2 class=\"elementor-heading-title elementor-size-default\">Migrantes exigen respeto a la democracia  en el pa\u00eds<\/h2>\t\t\t\t<\/div>\n\t\t\t\t\t<\/div>\n\t\t<\/div>\n\t\t\t\t\t<\/div>\n\t\t<\/section>\n\t\t\t\t<section data-particle_enable=\"false\" data-particle-mobile-disabled=\"false\" class=\"elementor-section elementor-top-section elementor-element elementor-element-594ad90 elementor-section-boxed elementor-section-height-default elementor-section-height-default\" data-id=\"594ad90\" data-element_type=\"section\" data-e-type=\"section\">\n\t\t\t\t\t\t<div class=\"elementor-container elementor-column-gap-default\">\n\t\t\t\t\t<div class=\"elementor-column elementor-col-100 elementor-top-column elementor-element elementor-element-9614de0\" data-id=\"9614de0\" data-element_type=\"column\" data-e-type=\"column\">\n\t\t\t<div class=\"elementor-widget-wrap elementor-element-populated\">\n\t\t\t\t\t\t<div class=\"elementor-element elementor-element-ce2f860 elementor-widget elementor-widget-text-editor\" data-id=\"ce2f860\" data-element_type=\"widget\" data-e-type=\"widget\" data-widget_type=\"text-editor.default\">\n\t\t\t\t\t\t\t\t\t<p>&#8220;\u00a1Que nadie nos robe la esperanza de tener un pa\u00eds con oportunidades para todos, sin pobreza, sin desnutrici\u00f3n, libre de corrupci\u00f3n e impunidad!, donde no haya cabida para funcionarios ladrones. Como guatemaltecos en el extranjero somos v\u00edctimas de estos mercenarios que solo llegan al poder para acrecentar sus emporios individuales&#8221;,\u00a0 expresaron los migrantes guatemaltecos organizados en el \u00e1rea de Washington D.C.\u00a0\u00a0<\/p><p>Similares demandas efectuaron guatemaltecos, portando banderas, frente a los consulados guatemaltecos de Los Angeles, California y Nueva York. Ninguna de las actividades ten\u00eda filiaci\u00f3n pol\u00edtica y en todas se expres\u00f3 la preocupaci\u00f3n por la situaci\u00f3nd el pa\u00eds causada por las acciones del Ministerio P\u00fablico en contra del proceso electoral, cuyo abuso m\u00e1ximo fue el secuestro de actas electorales, nunca antes ocurrido.<\/p><p><span style=\"color: var( --e-global-color-text ); background-color: var(--ak-bg-color);\">A la convocatoria frente a la embajada acudieron medio centenar de connacionales. Durante el acto se cant\u00f3 el Himno Nacional y se escucharon llamados a proteger la democracia, exigencias de renuncia a la Fiscal General guatemalteca Consuelo Porras y apoyar las manifestaciones en favor de la democracia y las garant\u00edas constitucionales en el pa\u00eds<\/span><\/p>\t\t\t\t\t\t\t\t<\/div>\n\t\t\t\t\t<\/div>\n\t\t<\/div>\n\t\t\t\t\t<\/div>\n\t\t<\/section>\n\t\t\t\t<section data-particle_enable=\"false\" data-particle-mobile-disabled=\"false\" class=\"elementor-section elementor-top-section elementor-element elementor-element-04b5f0b elementor-section-boxed elementor-section-height-default elementor-section-height-default\" data-id=\"04b5f0b\" data-element_type=\"section\" data-e-type=\"section\">\n\t\t\t\t\t\t<div class=\"elementor-container elementor-column-gap-default\">\n\t\t\t\t\t<div class=\"elementor-column elementor-col-100 elementor-top-column elementor-element elementor-element-2e19524\" data-id=\"2e19524\" data-element_type=\"column\" data-e-type=\"column\">\n\t\t\t<div class=\"elementor-widget-wrap elementor-element-populated\">\n\t\t\t\t\t\t<div class=\"elementor-element elementor-element-c25acde elementor-invisible elementor-widget elementor-widget-facebook-embed\" data-id=\"c25acde\" data-element_type=\"widget\" data-e-type=\"widget\" data-settings=\"{&quot;_animation&quot;:&quot;lightSpeedIn&quot;}\" data-widget_type=\"facebook-embed.default\">\n\t\t\t\t\t<div style=\"min-height: 1px\" class=\"elementor-facebook-widget fb-post\" data-href=\"https:\/\/www.facebook.com\/100000012264142\/videos\/3743166675904461\/\" data-show-text=\"true\"><\/div>\t\t\t\t<\/div>\n\t\t\t\t\t<\/div>\n\t\t<\/div>\n\t\t\t\t\t<\/div>\n\t\t<\/section>\n\t\t\t\t<section data-particle_enable=\"false\" data-particle-mobile-disabled=\"false\" class=\"elementor-section elementor-top-section elementor-element elementor-element-3a3e210 elementor-section-boxed elementor-section-height-default elementor-section-height-default\" data-id=\"3a3e210\" data-element_type=\"section\" data-e-type=\"section\">\n\t\t\t\t\t\t<div class=\"elementor-container elementor-column-gap-default\">\n\t\t\t\t\t<div class=\"elementor-column elementor-col-100 elementor-top-column elementor-element elementor-element-17b3c9c\" data-id=\"17b3c9c\" data-element_type=\"column\" data-e-type=\"column\">\n\t\t\t<div class=\"elementor-widget-wrap elementor-element-populated\">\n\t\t\t\t\t\t<div class=\"elementor-element elementor-element-63b6c34 elementor-widget elementor-widget-text-editor\" data-id=\"63b6c34\" data-element_type=\"widget\" data-e-type=\"widget\" data-widget_type=\"text-editor.default\">\n\t\t\t\t\t\t\t\t\t<p>El migrante guatemalteco Carlos Lam transmiti\u00f3 en vivo la manifestaci\u00f3n de los connacionales..<\/p>\t\t\t\t\t\t\t\t<\/div>\n\t\t\t\t\t<\/div>\n\t\t<\/div>\n\t\t\t\t\t<\/div>\n\t\t<\/section>\n\t\t\t\t<section data-particle_enable=\"false\" data-particle-mobile-disabled=\"false\" class=\"elementor-section elementor-top-section elementor-element elementor-element-f00adde elementor-section-boxed elementor-section-height-default elementor-section-height-default\" data-id=\"f00adde\" data-element_type=\"section\" data-e-type=\"section\">\n\t\t\t\t\t\t<div class=\"elementor-container elementor-column-gap-default\">\n\t\t\t\t\t<div class=\"elementor-column elementor-col-100 elementor-top-column elementor-element elementor-element-05438c7\" data-id=\"05438c7\" data-element_type=\"column\" data-e-type=\"column\">\n\t\t\t<div class=\"elementor-widget-wrap elementor-element-populated\">\n\t\t\t\t\t\t<div class=\"elementor-element elementor-element-9619cb7 elementor-widget-divider--view-line elementor-widget elementor-widget-divider\" data-id=\"9619cb7\" data-element_type=\"widget\" data-e-type=\"widget\" data-widget_type=\"divider.default\">\n\t\t\t\t\t\t\t<div class=\"elementor-divider\">\n\t\t\t<span class=\"elementor-divider-separator\">\n\t\t\t\t\t\t<\/span>\n\t\t<\/div>\n\t\t\t\t\t\t<\/div>\n\t\t\t\t\t<\/div>\n\t\t<\/div>\n\t\t\t\t\t<\/div>\n\t\t<\/section>\n\t\t\t\t<section data-particle_enable=\"false\" data-particle-mobile-disabled=\"false\" class=\"elementor-section elementor-top-section elementor-element elementor-element-df829e7 elementor-section-boxed elementor-section-height-default elementor-section-height-default\" data-id=\"df829e7\" data-element_type=\"section\" data-e-type=\"section\">\n\t\t\t\t\t\t<div class=\"elementor-container elementor-column-gap-default\">\n\t\t\t\t\t<div class=\"elementor-column elementor-col-100 elementor-top-column elementor-element elementor-element-06c921d\" data-id=\"06c921d\" data-element_type=\"column\" data-e-type=\"column\">\n\t\t\t<div class=\"elementor-widget-wrap elementor-element-populated\">\n\t\t\t\t\t\t<div class=\"elementor-element elementor-element-37d3ae1 elementor-widget elementor-widget-heading\" data-id=\"37d3ae1\" data-element_type=\"widget\" data-e-type=\"widget\" data-widget_type=\"heading.default\">\n\t\t\t\t\t<h2 class=\"elementor-heading-title elementor-size-default\">Se planea convocar a una actividad llamada \"Un d\u00eda sin remesas\"<\/h2>\t\t\t\t<\/div>\n\t\t\t\t\t<\/div>\n\t\t<\/div>\n\t\t\t\t\t<\/div>\n\t\t<\/section>\n\t\t\t\t<section data-particle_enable=\"false\" data-particle-mobile-disabled=\"false\" class=\"elementor-section elementor-top-section elementor-element elementor-element-a0ad24e elementor-section-boxed elementor-section-height-default elementor-section-height-default\" data-id=\"a0ad24e\" data-element_type=\"section\" data-e-type=\"section\">\n\t\t\t\t\t\t<div class=\"elementor-container elementor-column-gap-default\">\n\t\t\t\t\t<div class=\"elementor-column elementor-col-100 elementor-top-column elementor-element elementor-element-7a1f8e1\" data-id=\"7a1f8e1\" data-element_type=\"column\" data-e-type=\"column\">\n\t\t\t<div class=\"elementor-widget-wrap elementor-element-populated\">\n\t\t\t\t\t\t<div class=\"elementor-element elementor-element-94f496f elementor-widget elementor-widget-text-editor\" data-id=\"94f496f\" data-element_type=\"widget\" data-e-type=\"widget\" data-widget_type=\"text-editor.default\">\n\t\t\t\t\t\t\t\t\t<p>\u201cPara el 20 de octubre estamos impulsando la iniciativa Un d\u00eda sin remesas, para que sientan la presi\u00f3n\u201d, anunci\u00f3 el migrante Mynor Aguirre, de la asociaci\u00f3n Guatemala Primaveral, con el objetivo de demostrar y reafirmar la importancia del aporte de los guatemaltecos radicados en Estados Unidos.\u00a0<\/p><p>Se reconoci\u00f3 que tal actividad puede implicar una afectaci\u00f3n para los familiares, pero tambi\u00e9n puede enviar un mensaje contundente, para que se escuche la voz de los guatemaltecos que tuvieron que marcharse en busca de oportunidades.\u00a0<\/p><p>Efectivamente, las remesas enviadas por guatemaltecos desde Estados Unidos representan un 20% de la econom\u00eda de Guatemala. Apenas en 9 meses de 2023 han enviado US$14 mil 774 millones al pa\u00eds, una cifra que todav\u00eda crecer\u00e1 m\u00e1s en los tres meses que restan al a\u00f1o y podr\u00edan marcar un nuevo r\u00e9cord.<\/p><p>Por ese mismo aporte, los guatemaltecos migrantes que acudieron a la actividad reafurnaron la necesidad de ser reconocidos, escuchados y atendidos en sus reclamos.\u00a0<\/p><p>\u00a0<\/p>\t\t\t\t\t\t\t\t<\/div>\n\t\t\t\t\t<\/div>\n\t\t<\/div>\n\t\t\t\t\t<\/div>\n\t\t<\/section>\n\t\t\t\t<section data-particle_enable=\"false\" data-particle-mobile-disabled=\"false\" class=\"elementor-section elementor-top-section elementor-element elementor-element-9498ea2 elementor-section-boxed elementor-section-height-default elementor-section-height-default\" data-id=\"9498ea2\" data-element_type=\"section\" data-e-type=\"section\">\n\t\t\t\t\t\t<div class=\"elementor-container elementor-column-gap-default\">\n\t\t\t\t\t<div class=\"elementor-column elementor-col-100 elementor-top-column elementor-element elementor-element-14d24b1\" data-id=\"14d24b1\" data-element_type=\"column\" data-e-type=\"column\">\n\t\t\t<div class=\"elementor-widget-wrap elementor-element-populated\">\n\t\t\t\t\t\t<div class=\"elementor-element elementor-element-2628474 elementor-widget elementor-widget-blfe-post-grid\" data-id=\"2628474\" data-element_type=\"widget\" data-e-type=\"widget\" data-settings=\"{&quot;columns&quot;:&quot;12&quot;,&quot;columns_tablet&quot;:&quot;6&quot;,&quot;columns_mobile&quot;:&quot;12&quot;,&quot;hero1_layout_column_gap&quot;:{&quot;unit&quot;:&quot;px&quot;,&quot;size&quot;:30,&quot;sizes&quot;:[]},&quot;hero1_layout_column_gap_tablet&quot;:{&quot;unit&quot;:&quot;px&quot;,&quot;size&quot;:&quot;&quot;,&quot;sizes&quot;:[]},&quot;hero1_layout_column_gap_mobile&quot;:{&quot;unit&quot;:&quot;px&quot;,&quot;size&quot;:&quot;&quot;,&quot;sizes&quot;:[]},&quot;hero1_layout_row_gap&quot;:{&quot;unit&quot;:&quot;px&quot;,&quot;size&quot;:30,&quot;sizes&quot;:[]},&quot;hero1_layout_row_gap_tablet&quot;:{&quot;unit&quot;:&quot;px&quot;,&quot;size&quot;:&quot;&quot;,&quot;sizes&quot;:[]},&quot;hero1_layout_row_gap_mobile&quot;:{&quot;unit&quot;:&quot;px&quot;,&quot;size&quot;:&quot;&quot;,&quot;sizes&quot;:[]}}\" data-widget_type=\"blfe-post-grid.hero1\">\n\t\t\t\t<div class=\"elementor-widget-container\">\n\t\t\t\t\t\n                        <div class=\"blfe-post-grid-container \">\n            \n                <div data-skin=\"hero1\" class=\"blfe-row blfe-posts-inner blfe-hero1 blfe-posts-inner blfe-col-12 blfe-col-tab-6 blfe-col-mob-12     \">\n                            <div class=\"blfe-post-grid-item\">\n            <div class=\"blfe-post-grid-item-inner blfe-modern-zoom\">\n                        <div class=\"blfe-post-grid-bg-image\">\n            <a class=\"blfe-post-grid-image-inner\" href=\"https:\/\/soymigrante.com\/revista\/remesas-migrantes-en-marzo-2026-supera-por-us448-millones-al-mismo-mes-de-2025\/\" title=\"Env\u00edo de remesas migrantes a Guatemala en marzo 2026 supera por US$448 millones a marzo 2025\" rel=\"nofollow\" target=\"_blank\"><img decoding=\"async\" src=\"https:\/\/soymigrante.com\/revista\/wp-content\/uploads\/2026\/04\/remesas-migrantes-2.png\" alt=\"Env\u00edo de remesas migrantes a Guatemala en marzo 2026 supera por US$448 millones a marzo 2025\"\/><\/a>        <\/div>\n                        <div class=\"blfe-post-grid-details\">\n                    <div class=\"blfe-post-grid-details-inner\">\n                        <span class=\"blfe-post-category\"><a href=\"https:\/\/soymigrante.com\/revista\/category\/estamos-unidos\/\">Estamos Unidos<\/a><\/span>                        <h3 class=\"blfe-post-grid-title\">\n            <a href=\"https:\/\/soymigrante.com\/revista\/remesas-migrantes-en-marzo-2026-supera-por-us448-millones-al-mismo-mes-de-2025\/\" title=\"Env\u00edo de remesas migrantes a Guatemala en marzo 2026 supera por US$448 millones a marzo 2025\" rel=\"nofollow\" target=\"_blank\">Env\u00edo de remesas migrantes a Guatemala en marzo 2026 supera por US$448 millones a marzo 2025<\/a>\n            <\/h3>                                                            <div class=\"blfe-post-grid-meta\">\n                <span class=\"blfe-post-grid-author\"><i class=\"fa fa-user far fa-user\"><\/i>by <a href=\"https:\/\/soymigrante.com\/revista\/author\/soymigrante\/\">SoyMigrante.com REVISTA<\/a><\/span>                    <div class=\"blfe-post-meta-dot\"><\/div>\n                    <span class=\"blfe-post-grid-date\"><i class=\"fa fa-calendar-alt far fa-calendar-alt\"><\/i>09\/04\/2026<\/span>                    <div class=\"blfe-post-meta-dot\"><\/div>\n                                <\/div>\n                                                        <\/div>\n                <\/div>\n\n            <\/div>\n        <\/div>\n                        <\/div>\n\n                        <\/div>\n            \n                        <div class=\"blfe-post-footer\">\n                        <\/div>\n            \t\t\t\t<\/div>\n\t\t\t\t<\/div>\n\t\t\t\t\t<\/div>\n\t\t<\/div>\n\t\t\t\t\t<\/div>\n\t\t<\/section>\n\t\t\t\t<section data-particle_enable=\"false\" data-particle-mobile-disabled=\"false\" class=\"elementor-section elementor-top-section elementor-element elementor-element-fd4929f elementor-section-boxed elementor-section-height-default elementor-section-height-default\" data-id=\"fd4929f\" data-element_type=\"section\" data-e-type=\"section\">\n\t\t\t\t\t\t<div class=\"elementor-container elementor-column-gap-default\">\n\t\t\t\t\t<div class=\"elementor-column elementor-col-100 elementor-top-column elementor-element elementor-element-5409d7b\" data-id=\"5409d7b\" data-element_type=\"column\" data-e-type=\"column\">\n\t\t\t<div class=\"elementor-widget-wrap\">\n\t\t\t\t\t\t\t<\/div>\n\t\t<\/div>\n\t\t\t\t\t<\/div>\n\t\t<\/section>\n\t\t\t\t<section data-particle_enable=\"false\" data-particle-mobile-disabled=\"false\" class=\"elementor-section elementor-top-section elementor-element elementor-element-285d507 elementor-section-boxed elementor-section-height-default elementor-section-height-default\" data-id=\"285d507\" data-element_type=\"section\" data-e-type=\"section\">\n\t\t\t\t\t\t<div class=\"elementor-container elementor-column-gap-default\">\n\t\t\t\t\t<div class=\"elementor-column elementor-col-100 elementor-top-column elementor-element elementor-element-f713ccd\" data-id=\"f713ccd\" data-element_type=\"column\" data-e-type=\"column\">\n\t\t\t<div class=\"elementor-widget-wrap elementor-element-populated\">\n\t\t\t\t\t\t<div class=\"elementor-element elementor-element-95371c6 elementor-widget elementor-widget-heading\" data-id=\"95371c6\" data-element_type=\"widget\" data-e-type=\"widget\" data-widget_type=\"heading.default\">\n\t\t\t\t\t<h2 class=\"elementor-heading-title elementor-size-default\">\u00a1Queremos democracia en Guatemala!<\/h2>\t\t\t\t<\/div>\n\t\t\t\t\t<\/div>\n\t\t<\/div>\n\t\t\t\t\t<\/div>\n\t\t<\/section>\n\t\t\t\t<section data-particle_enable=\"false\" data-particle-mobile-disabled=\"false\" class=\"elementor-section elementor-top-section elementor-element elementor-element-6d4ec20 elementor-section-boxed elementor-section-height-default elementor-section-height-default\" data-id=\"6d4ec20\" data-element_type=\"section\" data-e-type=\"section\">\n\t\t\t\t\t\t<div class=\"elementor-container elementor-column-gap-default\">\n\t\t\t\t\t<div class=\"elementor-column elementor-col-100 elementor-top-column elementor-element elementor-element-43dcd9c\" data-id=\"43dcd9c\" data-element_type=\"column\" data-e-type=\"column\">\n\t\t\t<div class=\"elementor-widget-wrap elementor-element-populated\">\n\t\t\t\t\t\t<div class=\"elementor-element elementor-element-ce2be47 elementor-widget elementor-widget-text-editor\" data-id=\"ce2be47\" data-element_type=\"widget\" data-e-type=\"widget\" data-widget_type=\"text-editor.default\">\n\t\t\t\t\t\t\t\t\t<p><span style=\"color: var( --e-global-color-text ); background-color: var(--ak-bg-color);\">&#8220;Han abusado del poder y de la decisi\u00f3n de la soberan\u00eda del pueblo con su voto. Es una democracia que no queremos que se pierda&#8221;, agreg\u00f3 Aguirre, quien invit\u00f3 a los asistentes a expresar sus motivos para acudir libremente a esta convocatoria.<\/span><\/p><p>&#8220;Mucha gente ha muerto, por causa de esos corruptos que nos han robado nuestro dinero, nuestros impuestos, ya no queremos&#8221;, dijo un joven migrante guatemalteco, identificado como Javier.<\/p><p><span style=\"color: var( --e-global-color-text ); background-color: var(--ak-bg-color);\">&#8220;Agradecidos por la lucha de todo el pueblo de Guatemala&#8230; Los migrantes tambi\u00e9n sufrimos las consecuencias de la corrupci\u00f3n, sufrimos todo el trayecto que hacemos debido a la expulsi\u00f3n de un Estado cooptado por la corrupci\u00f3n, es momento de alzar la voz. Quisi\u00e9ramos regresar a un pa\u00eds pr\u00f3spero&#8221;, dijo Mercedes, migrante originaria de Totonicap\u00e1n.<\/span><span style=\"color: var( --e-global-color-text ); background-color: var(--ak-bg-color);\">Javier: \u201cesa clase de gente dividi\u00e9ndonos a nosotros, no la queremos m\u00e1s. Mucha gente ha muerto, por causa de esos corruptos que nos han robado nuestro dinero, nuestros impuestos, ya no queremos.\u00a0<\/span><\/p>\t\t\t\t\t\t\t\t<\/div>\n\t\t\t\t<div class=\"elementor-element elementor-element-6590715 elementor-widget elementor-widget-image\" data-id=\"6590715\" data-element_type=\"widget\" data-e-type=\"widget\" data-widget_type=\"image.default\">\n\t\t\t\t\t\t\t\t\t\t\t\t<figure class=\"wp-caption\">\n\t\t\t\t\t\t\t\t\t\t<img decoding=\"async\" width=\"768\" height=\"576\" src=\"https:\/\/soymigrante.com\/revista\/wp-content\/uploads\/2023\/10\/x-alvaro-montenegro-embajada-1024x768.webp\" class=\"attachment-large size-large wp-image-2870\" alt=\"Migrantes cuatemaltecos acudieron al llamado a expresar su rechazo a las acciones que atentan contra la democracial. (Fotograf\u00eda de X, antes Twitter: Alvaro Montenegro)\" srcset=\"https:\/\/soymigrante.com\/revista\/wp-content\/uploads\/2023\/10\/x-alvaro-montenegro-embajada-1024x768.webp 1024w, https:\/\/soymigrante.com\/revista\/wp-content\/uploads\/2023\/10\/x-alvaro-montenegro-embajada-300x225.webp 300w, https:\/\/soymigrante.com\/revista\/wp-content\/uploads\/2023\/10\/x-alvaro-montenegro-embajada-768x576.webp 768w, https:\/\/soymigrante.com\/revista\/wp-content\/uploads\/2023\/10\/x-alvaro-montenegro-embajada-1536x1152.webp 1536w, https:\/\/soymigrante.com\/revista\/wp-content\/uploads\/2023\/10\/x-alvaro-montenegro-embajada-750x563.webp 750w, https:\/\/soymigrante.com\/revista\/wp-content\/uploads\/2023\/10\/x-alvaro-montenegro-embajada-1140x855.webp 1140w, https:\/\/soymigrante.com\/revista\/wp-content\/uploads\/2023\/10\/x-alvaro-montenegro-embajada.webp 1920w\" sizes=\"(max-width: 768px) 100vw, 768px\" title=\"Migrantes cuatemaltecos acudieron al llamado a expresar su rechazo a las acciones que atentan contra la democracial. (Fotograf\u00eda de X, antes Twitter: Alvaro Montenegro) \u2013 SoyMigrante.com REVISTA\" \/>\t\t\t\t\t\t\t\t\t\t\t<figcaption class=\"widget-image-caption wp-caption-text\">Migrantes cuatemaltecos acudieron al llamado a expresar su rechazo a las acciones que atentan contra la democracial. (Fotograf\u00eda de X, antes Twitter: Alvaro Montenegro)<\/figcaption>\n\t\t\t\t\t\t\t\t\t\t<\/figure>\n\t\t\t\t\t\t\t\t\t<\/div>\n\t\t\t\t\t<\/div>\n\t\t<\/div>\n\t\t\t\t\t<\/div>\n\t\t<\/section>\n\t\t\t\t<section data-particle_enable=\"false\" data-particle-mobile-disabled=\"false\" class=\"elementor-section elementor-top-section elementor-element elementor-element-e910e28 elementor-section-boxed elementor-section-height-default elementor-section-height-default\" data-id=\"e910e28\" data-element_type=\"section\" data-e-type=\"section\">\n\t\t\t\t\t\t<div class=\"elementor-container elementor-column-gap-default\">\n\t\t\t\t\t<div class=\"elementor-column elementor-col-100 elementor-top-column elementor-element elementor-element-08ec695\" data-id=\"08ec695\" data-element_type=\"column\" data-e-type=\"column\">\n\t\t\t<div class=\"elementor-widget-wrap elementor-element-populated\">\n\t\t\t\t\t\t<div class=\"elementor-element elementor-element-fb2bf97 elementor-headline--style-highlight elementor-widget elementor-widget-animated-headline\" data-id=\"fb2bf97\" data-element_type=\"widget\" data-e-type=\"widget\" data-settings=\"{&quot;highlighted_text&quot;:&quot;jam\\u00e1s ser\\u00e1n vencidos!\\&quot;&quot;,&quot;headline_style&quot;:&quot;highlight&quot;,&quot;marker&quot;:&quot;circle&quot;,&quot;loop&quot;:&quot;yes&quot;,&quot;highlight_animation_duration&quot;:1200,&quot;highlight_iteration_delay&quot;:8000}\" data-widget_type=\"animated-headline.default\">\n\t\t\t\t\t\t\t<h3 class=\"elementor-headline\">\n\t\t\t\t\t<span class=\"elementor-headline-plain-text elementor-headline-text-wrapper\">\"\u00a1Migrantes unidos <\/span>\n\t\t\t\t<span class=\"elementor-headline-dynamic-wrapper elementor-headline-text-wrapper\">\n\t\t\t\t\t<span class=\"elementor-headline-dynamic-text elementor-headline-text-active\">jam\u00e1s ser\u00e1n vencidos!\"<\/span>\n\t\t\t\t<\/span>\n\t\t\t\t\t<span class=\"elementor-headline-plain-text elementor-headline-text-wrapper\">fue una frase constante durante la actividad<\/span>\n\t\t\t\t\t<\/h3>\n\t\t\t\t\t\t<\/div>\n\t\t\t\t\t<\/div>\n\t\t<\/div>\n\t\t\t\t\t<\/div>\n\t\t<\/section>\n\t\t\t\t<section data-particle_enable=\"false\" data-particle-mobile-disabled=\"false\" class=\"elementor-section elementor-top-section elementor-element elementor-element-53b723a elementor-section-boxed elementor-section-height-default elementor-section-height-default\" data-id=\"53b723a\" data-element_type=\"section\" data-e-type=\"section\">\n\t\t\t\t\t\t<div class=\"elementor-container elementor-column-gap-default\">\n\t\t\t\t\t<div class=\"elementor-column elementor-col-100 elementor-top-column elementor-element elementor-element-cb0bda5\" data-id=\"cb0bda5\" data-element_type=\"column\" data-e-type=\"column\">\n\t\t\t<div class=\"elementor-widget-wrap elementor-element-populated\">\n\t\t\t\t\t\t<div class=\"elementor-element elementor-element-66a8586 elementor-widget elementor-widget-heading\" data-id=\"66a8586\" data-element_type=\"widget\" data-e-type=\"widget\" data-widget_type=\"heading.default\">\n\t\t\t\t\t<h2 class=\"elementor-heading-title elementor-size-default\">Sendas protestas en Los Angeles y Nueva York<\/h2>\t\t\t\t<\/div>\n\t\t\t\t\t<\/div>\n\t\t<\/div>\n\t\t\t\t\t<\/div>\n\t\t<\/section>\n\t\t\t\t<section data-particle_enable=\"false\" data-particle-mobile-disabled=\"false\" class=\"elementor-section elementor-top-section elementor-element elementor-element-e20ea7f elementor-section-boxed elementor-section-height-default elementor-section-height-default\" data-id=\"e20ea7f\" data-element_type=\"section\" data-e-type=\"section\">\n\t\t\t\t\t\t<div class=\"elementor-container elementor-column-gap-default\">\n\t\t\t\t\t<div class=\"elementor-column elementor-col-100 elementor-top-column elementor-element elementor-element-5bba8d7\" data-id=\"5bba8d7\" data-element_type=\"column\" data-e-type=\"column\">\n\t\t\t<div class=\"elementor-widget-wrap elementor-element-populated\">\n\t\t\t\t\t\t<div class=\"elementor-element elementor-element-faceaea elementor-invisible elementor-widget elementor-widget-facebook-embed\" data-id=\"faceaea\" data-element_type=\"widget\" data-e-type=\"widget\" data-settings=\"{&quot;_animation&quot;:&quot;pulse&quot;}\" data-widget_type=\"facebook-embed.default\">\n\t\t\t\t\t<div style=\"min-height: 1px\" class=\"elementor-facebook-widget fb-post\" data-href=\"https:\/\/www.facebook.com\/RedMigranteGuate\/videos\/281422961468115\" data-show-text=\"true\"><\/div>\t\t\t\t<\/div>\n\t\t\t\t\t<\/div>\n\t\t<\/div>\n\t\t\t\t\t<\/div>\n\t\t<\/section>\n\t\t\t\t<section data-particle_enable=\"false\" data-particle-mobile-disabled=\"false\" class=\"elementor-section elementor-top-section elementor-element elementor-element-2791cd8 elementor-section-boxed elementor-section-height-default elementor-section-height-default\" data-id=\"2791cd8\" data-element_type=\"section\" data-e-type=\"section\">\n\t\t\t\t\t\t<div class=\"elementor-container elementor-column-gap-default\">\n\t\t\t\t\t<div class=\"elementor-column elementor-col-100 elementor-top-column elementor-element elementor-element-5c55cbf\" data-id=\"5c55cbf\" data-element_type=\"column\" data-e-type=\"column\">\n\t\t\t<div class=\"elementor-widget-wrap elementor-element-populated\">\n\t\t\t\t\t\t<div class=\"elementor-element elementor-element-d59ec00 elementor-widget elementor-widget-text-editor\" data-id=\"d59ec00\" data-element_type=\"widget\" data-e-type=\"widget\" data-widget_type=\"text-editor.default\">\n\t\t\t\t\t\t\t\t\t<p>A trav\u00e9s de sus redes sociales, la entidad Red Migrante Guatemalteca transmiti\u00f3 la concentraci\u00f3n de compatriotas frente a los consulados del pa\u00eds para protestar contra el atentado antidemocr\u00e1tico y exigir al gobierno el respeto absoluto a la transici\u00f3n de poder hacia las autoridades electas.<\/p><p>En todas las actividades se cant\u00f3 el Himno Nacional de Guatemala como s\u00edmbolo de unidad y solidaridad con los habitantes del pa\u00eds. Los migrantes resaltaron su aporte a la econom\u00eda del pa\u00eds a trav\u00e9s de remesas como un motivo para ser tomados en cuenta.<\/p>\t\t\t\t\t\t\t\t<\/div>\n\t\t\t\t\t<\/div>\n\t\t<\/div>\n\t\t\t\t\t<\/div>\n\t\t<\/section>\n\t\t\t\t<section data-particle_enable=\"false\" data-particle-mobile-disabled=\"false\" class=\"elementor-section elementor-top-section elementor-element elementor-element-2710be6 elementor-section-boxed elementor-section-height-default elementor-section-height-default\" data-id=\"2710be6\" data-element_type=\"section\" data-e-type=\"section\">\n\t\t\t\t\t\t<div class=\"elementor-container elementor-column-gap-default\">\n\t\t\t\t\t<div class=\"elementor-column elementor-col-100 elementor-top-column elementor-element elementor-element-7763db2\" data-id=\"7763db2\" data-element_type=\"column\" data-e-type=\"column\">\n\t\t\t<div class=\"elementor-widget-wrap elementor-element-populated\">\n\t\t\t\t\t\t<div class=\"elementor-element elementor-element-c16b232 elementor-widget elementor-widget-heading\" data-id=\"c16b232\" data-element_type=\"widget\" data-e-type=\"widget\" data-widget_type=\"heading.default\">\n\t\t\t\t\t<h2 class=\"elementor-heading-title elementor-size-default\">Historias inspiradoras que podr\u00edan interesarle<\/h2>\t\t\t\t<\/div>\n\t\t\t\t<div class=\"elementor-element elementor-element-d9c4176 elementor-widget elementor-widget-blfe-post-grid\" data-id=\"d9c4176\" data-element_type=\"widget\" data-e-type=\"widget\" data-settings=\"{&quot;columns&quot;:&quot;6&quot;,&quot;columns_tablet&quot;:&quot;6&quot;,&quot;columns_mobile&quot;:&quot;12&quot;,&quot;hero1_layout_column_gap&quot;:{&quot;unit&quot;:&quot;px&quot;,&quot;size&quot;:30,&quot;sizes&quot;:[]},&quot;hero1_layout_column_gap_tablet&quot;:{&quot;unit&quot;:&quot;px&quot;,&quot;size&quot;:&quot;&quot;,&quot;sizes&quot;:[]},&quot;hero1_layout_column_gap_mobile&quot;:{&quot;unit&quot;:&quot;px&quot;,&quot;size&quot;:&quot;&quot;,&quot;sizes&quot;:[]},&quot;hero1_layout_row_gap&quot;:{&quot;unit&quot;:&quot;px&quot;,&quot;size&quot;:30,&quot;sizes&quot;:[]},&quot;hero1_layout_row_gap_tablet&quot;:{&quot;unit&quot;:&quot;px&quot;,&quot;size&quot;:&quot;&quot;,&quot;sizes&quot;:[]},&quot;hero1_layout_row_gap_mobile&quot;:{&quot;unit&quot;:&quot;px&quot;,&quot;size&quot;:&quot;&quot;,&quot;sizes&quot;:[]}}\" data-widget_type=\"blfe-post-grid.hero1\">\n\t\t\t\t<div class=\"elementor-widget-container\">\n\t\t\t\t\t\n                        <div class=\"blfe-post-grid-container \">\n            \n                <div data-skin=\"hero1\" class=\"blfe-row blfe-posts-inner blfe-hero1 blfe-posts-inner blfe-col-6 blfe-col-tab-6 blfe-col-mob-12     \">\n                            <div class=\"blfe-post-grid-item\">\n            <div class=\"blfe-post-grid-item-inner blfe-modern-zoom\">\n                        <div class=\"blfe-post-grid-bg-image\">\n            <a class=\"blfe-post-grid-image-inner\" href=\"https:\/\/soymigrante.com\/revista\/migrantes-guatemaltecos-en-ee-uu-demuestran-valores-servicio-creatividad-excelencia-y-mas\/\" title=\"Historias de migrantes guatemaltecos en USA muestran valores en constante acci\u00f3n\" rel=\"nofollow\" target=\"_blank\"><img decoding=\"async\" src=\"https:\/\/soymigrante.com\/revista\/wp-content\/uploads\/2024\/11\/tiana-ochoa-lider-migrante-rhode-island-13.webp\" alt=\"Historias de migrantes guatemaltecos en USA muestran valores en constante acci\u00f3n\"\/><\/a>        <\/div>\n                        <div class=\"blfe-post-grid-details\">\n                    <div class=\"blfe-post-grid-details-inner\">\n                        <span class=\"blfe-post-category\"><a href=\"https:\/\/soymigrante.com\/revista\/category\/exitos\/\">\u00c9xitos<\/a><\/span>                        <h3 class=\"blfe-post-grid-title\">\n            <a href=\"https:\/\/soymigrante.com\/revista\/migrantes-guatemaltecos-en-ee-uu-demuestran-valores-servicio-creatividad-excelencia-y-mas\/\" title=\"Historias de migrantes guatemaltecos en USA muestran valores en constante acci\u00f3n\" rel=\"nofollow\" target=\"_blank\">Historias de migrantes guatemaltecos en USA muestran valores en constante acci\u00f3n<\/a>\n            <\/h3>                                                            <div class=\"blfe-post-grid-meta\">\n                <span class=\"blfe-post-grid-author\"><i class=\"fa fa-user far fa-user\"><\/i>by <a href=\"https:\/\/soymigrante.com\/revista\/author\/gustavo\/\">Gustavo Montenegro<\/a><\/span>                    <div class=\"blfe-post-meta-dot\"><\/div>\n                    <span class=\"blfe-post-grid-time\"><i class=\"fas fa-book-reader\"><\/i>5 Min read<\/span>            <\/div>\n                                                        <\/div>\n                <\/div>\n\n            <\/div>\n        <\/div>\n                <div class=\"blfe-post-grid-item\">\n            <div class=\"blfe-post-grid-item-inner blfe-modern-zoom\">\n                        <div class=\"blfe-post-grid-bg-image\">\n            <a class=\"blfe-post-grid-image-inner\" href=\"https:\/\/soymigrante.com\/revista\/rene-amiel-de-la-adversidad-al-servicio-comunitario-en-los-angeles-en-pro-del-migrante\/\" title=\"Ren\u00e9 Amiel: De la adversidad al servicio comunitario en Los Angeles en pro del migrante\" rel=\"nofollow\" target=\"_blank\"><img decoding=\"async\" src=\"https:\/\/soymigrante.com\/revista\/wp-content\/uploads\/2024\/11\/amgla-rene-amiel-1.webp\" alt=\"Ren\u00e9 Amiel: De la adversidad al servicio comunitario en Los Angeles en pro del migrante\"\/><\/a>        <\/div>\n                        <div class=\"blfe-post-grid-details\">\n                    <div class=\"blfe-post-grid-details-inner\">\n                        <span class=\"blfe-post-category\"><a href=\"https:\/\/soymigrante.com\/revista\/category\/exitos\/\">\u00c9xitos<\/a><\/span>                        <h3 class=\"blfe-post-grid-title\">\n            <a href=\"https:\/\/soymigrante.com\/revista\/rene-amiel-de-la-adversidad-al-servicio-comunitario-en-los-angeles-en-pro-del-migrante\/\" title=\"Ren\u00e9 Amiel: De la adversidad al servicio comunitario en Los Angeles en pro del migrante\" rel=\"nofollow\" target=\"_blank\">Ren\u00e9 Amiel: De la adversidad al servicio comunitario en Los Angeles en pro del migrante<\/a>\n            <\/h3>                                                            <div class=\"blfe-post-grid-meta\">\n                <span class=\"blfe-post-grid-author\"><i class=\"fa fa-user far fa-user\"><\/i>by <a href=\"https:\/\/soymigrante.com\/revista\/author\/beatriz-tercero\/\">Beatriz Tercero<\/a><\/span>                    <div class=\"blfe-post-meta-dot\"><\/div>\n                    <span class=\"blfe-post-grid-time\"><i class=\"fas fa-book-reader\"><\/i>5 Min read<\/span>            <\/div>\n                                                        <\/div>\n                <\/div>\n\n            <\/div>\n        <\/div>\n                        <\/div>\n\n                        <\/div>\n            \n                        <div class=\"blfe-post-footer\">\n                        <\/div>\n            \t\t\t\t<\/div>\n\t\t\t\t<\/div>\n\t\t\t\t\t<\/div>\n\t\t<\/div>\n\t\t\t\t\t<\/div>\n\t\t<\/section>\n\t\t\t\t<\/div>\n\t\t","protected":false},"excerpt":{"rendered":"<p>Renuncia de la fiscal general Consuelo Porras y repudio total al intento de golpe contra la democracia en Guatemala exigieron migrantes guatemaltecos frente a la embajada en Washington D.C., pero tambi\u00e9n en Los Angeles y Nueva York. Migrantes guatemalteco0s y l\u00edderes de organizaciones de connacionales del \u00e1rea de Washington D.C. y Maryland se hicieron presentes [&hellip;]<\/p>\n","protected":false},"author":7,"featured_media":2872,"comment_status":"open","ping_status":"open","sticky":false,"template":"","format":"standard","meta":{"_acf_changed":false,"_eb_attr":"","footnotes":""},"categories":[54],"tags":[],"class_list":["post-2867","post","type-post","status-publish","format-standard","has-post-thumbnail","hentry","category-estamos-unidos"],"acf":[],"aioseo_notices":[],"aioseo_head":"\n\t\t<!-- All in One SEO Pro 4.9.6.2 - aioseo.com -->\n\t<meta name=\"description\" content=\"De vivir en las calles y enfrentarse a la adversidad, a convertirse en un l\u00edder comunitario que transforma vidas: conoce la historia de Ren\u00e9 Amiel Panigua0\" \/>\n\t<meta name=\"robots\" content=\"max-snippet:-1, max-image-preview:large, max-video-preview:-1\" \/>\n\t<meta name=\"author\" content=\"Beatriz Tercero\"\/>\n\t<link rel=\"canonical\" href=\"https:\/\/soymigrante.com\/revista\/rene-amiel-de-la-adversidad-al-servicio-comunitario-en-los-angeles-en-pro-del-migrante\/\" \/>\n\t<meta name=\"generator\" content=\"All in One SEO Pro (AIOSEO) 4.9.6.2\" \/>\n\n\t\t<link rel=\"preconnect\" href=\"https:\/\/fonts.googleapis.com\" crossorigin>\n<link rel=\"preconnect\" href=\"https:\/\/fonts.gstatic.com\" crossorigin>\n\t\t<meta property=\"og:locale\" content=\"es_ES\" \/>\n\t\t<meta property=\"og:site_name\" content=\"SoyMigrante.com REVISTA \u2013 Nuestra misi\u00f3n es reconocer y dignificar al migrante.\" \/>\n\t\t<meta property=\"og:type\" content=\"article\" \/>\n\t\t<meta property=\"og:title\" content=\"Ren\u00e9 Amiel Panigua: de la adversidad al servicio comunitario\" \/>\n\t\t<meta property=\"og:description\" content=\"De vivir en las calles y enfrentarse a la adversidad, a convertirse en un l\u00edder comunitario que transforma vidas: conoce la historia de Ren\u00e9 Amiel Panigua0\" \/>\n\t\t<meta property=\"og:url\" content=\"https:\/\/soymigrante.com\/revista\/rene-amiel-de-la-adversidad-al-servicio-comunitario-en-los-angeles-en-pro-del-migrante\/\" \/>\n\t\t<meta property=\"og:image\" content=\"https:\/\/soymigrante.com\/revista\/wp-content\/uploads\/2024\/11\/amgla-rene-amiel-1.webp\" \/>\n\t\t<meta property=\"og:image:secure_url\" content=\"https:\/\/soymigrante.com\/revista\/wp-content\/uploads\/2024\/11\/amgla-rene-amiel-1.webp\" \/>\n\t\t<meta property=\"og:image:width\" content=\"1536\" \/>\n\t\t<meta property=\"og:image:height\" content=\"1536\" \/>\n\t\t<meta property=\"article:published_time\" content=\"2024-12-02T12:30:00+00:00\" \/>\n\t\t<meta property=\"article:modified_time\" content=\"2024-12-02T02:16:01+00:00\" \/>\n\t\t<meta property=\"article:publisher\" content=\"https:\/\/www.facebook.com\/soymigrantecom\" \/>\n\t\t<meta name=\"twitter:card\" content=\"summary_large_image\" \/>\n\t\t<meta name=\"twitter:site\" content=\"@SoyMigrante_com\" \/>\n\t\t<meta name=\"twitter:title\" content=\"Ren\u00e9 Amiel Panigua: de la adversidad al servicio comunitario\" \/>\n\t\t<meta name=\"twitter:description\" content=\"De vivir en las calles y enfrentarse a la adversidad, a convertirse en un l\u00edder comunitario que transforma vidas: conoce la historia de Ren\u00e9 Amiel Panigua0\" \/>\n\t\t<meta name=\"twitter:creator\" content=\"@SoyMigrante_com\" \/>\n\t\t<meta name=\"twitter:image\" content=\"https:\/\/soymigrante.com\/revista\/wp-content\/uploads\/2024\/11\/amgla-rene-amiel-1.webp\" \/>\n\t\t<!-- All in One SEO Pro -->\r\n\t\t<title>Ren\u00e9 Amiel Panigua: de la adversidad al servicio comunitario<\/title>\n\n","aioseo_head_json":{"title":"Ren\u00e9 Amiel Panigua: de la adversidad al servicio comunitario","description":"De vivir en las calles y enfrentarse a la adversidad, a convertirse en un l\u00edder comunitario que transforma vidas: conoce la historia de Ren\u00e9 Amiel Panigua0","canonical_url":"https:\/\/soymigrante.com\/revista\/rene-amiel-de-la-adversidad-al-servicio-comunitario-en-los-angeles-en-pro-del-migrante\/","robots":"max-snippet:-1, max-image-preview:large, max-video-preview:-1","keywords":"","webmasterTools":{"miscellaneous":"&lt;link rel=\"preconnect\" href=\"https:\/\/fonts.googleapis.com\" crossorigin&gt;\n&lt;link rel=\"preconnect\" href=\"https:\/\/fonts.gstatic.com\" crossorigin&gt;"},"schema":null,"og:locale":"es_ES","og:site_name":"SoyMigrante.com REVISTA \u2013 Nuestra misi\u00f3n es reconocer y dignificar al migrante.","og:type":"article","og:title":"Ren\u00e9 Amiel Panigua: de la adversidad al servicio comunitario","og:description":"De vivir en las calles y enfrentarse a la adversidad, a convertirse en un l\u00edder comunitario que transforma vidas: conoce la historia de Ren\u00e9 Amiel Panigua0","og:url":"https:\/\/soymigrante.com\/revista\/rene-amiel-de-la-adversidad-al-servicio-comunitario-en-los-angeles-en-pro-del-migrante\/","og:image":"https:\/\/soymigrante.com\/revista\/wp-content\/uploads\/2024\/11\/amgla-rene-amiel-1.webp","og:image:secure_url":"https:\/\/soymigrante.com\/revista\/wp-content\/uploads\/2024\/11\/amgla-rene-amiel-1.webp","og:image:width":1536,"og:image:height":1536,"article:published_time":"2024-12-02T12:30:00+00:00","article:modified_time":"2024-12-02T02:16:01+00:00","article:publisher":"https:\/\/www.facebook.com\/soymigrantecom","twitter:card":"summary_large_image","twitter:site":"@SoyMigrante_com","twitter:title":"Ren\u00e9 Amiel Panigua: de la adversidad al servicio comunitario","twitter:description":"De vivir en las calles y enfrentarse a la adversidad, a convertirse en un l\u00edder comunitario que transforma vidas: conoce la historia de Ren\u00e9 Amiel Panigua0","twitter:creator":"@SoyMigrante_com","twitter:image":"https:\/\/soymigrante.com\/revista\/wp-content\/uploads\/2024\/11\/amgla-rene-amiel-1.webp"},"aioseo_meta_data":{"post_id":"2867","title":null,"description":null,"keywords":[],"keyphrases":{"focus":{"keyphrase":"migrantes","score":91,"analysis":{"keyphraseInTitle":{"score":9,"maxScore":9,"error":0},"keyphraseInDescription":{"score":9,"maxScore":9,"error":0},"keyphraseLength":{"score":9,"maxScore":9,"error":0,"length":1},"keyphraseInURL":{"score":5,"maxScore":5,"error":0},"keyphraseInIntroduction":{"score":9,"maxScore":9,"error":0},"keyphraseInSubHeadings":{"score":3,"maxScore":9,"error":1},"keyphraseInImageAlt":{"score":9,"maxScore":9,"error":0},"keywordDensity":{"type":"best","score":9,"maxScore":9,"error":0}}},"additional":[]},"primary_term":null,"canonical_url":null,"og_title":null,"og_description":null,"og_object_type":"default","og_image_type":"default","og_image_url":null,"og_image_width":null,"og_image_height":null,"og_image_custom_url":null,"og_image_custom_fields":null,"og_video":"","og_custom_url":null,"og_article_section":null,"og_article_tags":[],"twitter_use_og":false,"twitter_card":"default","twitter_image_type":"default","twitter_image_url":null,"twitter_image_custom_url":null,"twitter_image_custom_fields":null,"twitter_title":null,"twitter_description":null,"schema":{"blockGraphs":[],"customGraphs":[],"default":{"data":{"Article":[],"Course":[],"Dataset":[],"FAQPage":[],"Movie":[],"Person":[],"Product":[],"ProductReview":[],"Car":[],"Recipe":[],"Service":[],"SoftwareApplication":[],"WebPage":[]},"graphName":"BlogPosting","isEnabled":true},"graphs":[]},"schema_type":"default","schema_type_options":null,"pillar_content":false,"robots_default":true,"robots_noindex":false,"robots_noarchive":false,"robots_nosnippet":false,"robots_nofollow":false,"robots_noimageindex":false,"robots_noodp":false,"robots_notranslate":false,"robots_max_snippet":"-1","robots_max_videopreview":"-1","robots_max_imagepreview":"large","priority":null,"frequency":"default","local_seo":null,"seo_analyzer_scan_date":"2025-10-08 20:29:54","breadcrumb_settings":null,"limit_modified_date":false,"reviewed_by":null,"open_ai":null,"ai":null,"created":"2023-10-08 15:57:39","updated":"2026-02-04 09:42:19"},"aioseo_breadcrumb":"<div class=\"aioseo-breadcrumbs\"><span class=\"aioseo-breadcrumb\">\n\t<a href=\"https:\/\/soymigrante.com\/revista\" title=\"Home\">Home<\/a>\n<\/span><span class=\"aioseo-breadcrumb-separator\">\u00bb<\/span><span class=\"aioseo-breadcrumb\">\n\t<a href=\"https:\/\/soymigrante.com\/revista\/category\/estamos-unidos\/\" title=\"Estamos Unidos\">Estamos Unidos<\/a>\n<\/span><span class=\"aioseo-breadcrumb-separator\">\u00bb<\/span><span class=\"aioseo-breadcrumb\">\n\tMigrantes guatemaltecos exigen respeto a la democracia desde Washington D.C., Nueva York y Los Angeles\n<\/span><\/div>","aioseo_breadcrumb_json":[{"label":"Home","link":"https:\/\/soymigrante.com\/revista"},{"label":"Estamos Unidos","link":"https:\/\/soymigrante.com\/revista\/category\/estamos-unidos\/"},{"label":"Migrantes guatemaltecos exigen respeto a la democracia desde Washington D.C., Nueva York y Los Angeles","link":"https:\/\/soymigrante.com\/revista\/migrantes-guatemaltecos-exigen-respeto-a-la-democracia\/"}],"_links":{"self":[{"href":"https:\/\/soymigrante.com\/revista\/wp-json\/wp\/v2\/posts\/2867","targetHints":{"allow":["GET"]}}],"collection":[{"href":"https:\/\/soymigrante.com\/revista\/wp-json\/wp\/v2\/posts"}],"about":[{"href":"https:\/\/soymigrante.com\/revista\/wp-json\/wp\/v2\/types\/post"}],"author":[{"embeddable":true,"href":"https:\/\/soymigrante.com\/revista\/wp-json\/wp\/v2\/users\/7"}],"replies":[{"embeddable":true,"href":"https:\/\/soymigrante.com\/revista\/wp-json\/wp\/v2\/comments?post=2867"}],"version-history":[{"count":0,"href":"https:\/\/soymigrante.com\/revista\/wp-json\/wp\/v2\/posts\/2867\/revisions"}],"wp:featuredmedia":[{"embeddable":true,"href":"https:\/\/soymigrante.com\/revista\/wp-json\/wp\/v2\/media\/2872"}],"wp:attachment":[{"href":"https:\/\/soymigrante.com\/revista\/wp-json\/wp\/v2\/media?parent=2867"}],"wp:term":[{"taxonomy":"category","embeddable":true,"href":"https:\/\/soymigrante.com\/revista\/wp-json\/wp\/v2\/categories?post=2867"},{"taxonomy":"post_tag","embeddable":true,"href":"https:\/\/soymigrante.com\/revista\/wp-json\/wp\/v2\/tags?post=2867"}],"curies":[{"name":"wp","href":"https:\/\/api.w.org\/{rel}","templated":true}]}}