{"id":28619,"date":"2025-03-18T13:40:10","date_gmt":"2025-03-18T19:40:10","guid":{"rendered":"https:\/\/soymigrante.com\/revista\/?p=28619"},"modified":"2025-10-03T14:51:07","modified_gmt":"2025-10-03T20:51:07","slug":"lissett-garcia-es-sonrisa-solidaridad-fe-poesia-musica-y-servicio-en-lakeland-florida","status":"publish","type":"post","link":"https:\/\/soymigrante.com\/revista\/lissett-garcia-es-sonrisa-solidaridad-fe-poesia-musica-y-servicio-en-lakeland-florida\/","title":{"rendered":"Lissett Garc\u00eda es sonrisa, solidaridad, fe, poes\u00eda, m\u00fasica y servicio en Lakeland, Florida"},"content":{"rendered":"\t\t<div data-elementor-type=\"wp-post\" data-elementor-id=\"28619\" class=\"elementor elementor-28619\" data-elementor-post-type=\"post\">\n\t\t\t\t<div data-particle_enable=\"false\" data-particle-mobile-disabled=\"false\" class=\"elementor-element elementor-element-c2fb5de e-flex e-con-boxed e-con e-parent\" data-id=\"c2fb5de\" data-element_type=\"container\" data-e-type=\"container\">\n\t\t\t\t\t<div class=\"e-con-inner\">\n\t\t\t\t<div class=\"elementor-element elementor-element-c0e3d17 elementor-widget elementor-widget-heading\" data-id=\"c0e3d17\" data-element_type=\"widget\" data-e-type=\"widget\" data-widget_type=\"heading.default\">\n\t\t\t\t\t<h2 class=\"elementor-heading-title elementor-size-default\"><span style=\"font-size: 31.2px\">Comunicadora guatemalteca originaria de Chuaquenum, Joyabaj, Quich\u00e9 apoya  nobles causas en favor de la ni\u00f1ez y la comunidad migrante con alegr\u00eda y \u00e1nimo de esperanza. Lanza mensajes positivos en el canal digital TV Radio Luz y por si fuera poco, escribe poes\u00eda y canciones.<\/span><\/h2>\t\t\t\t<\/div>\n\t\t\t\t<div class=\"elementor-element elementor-element-54b9dc1 elementor-widget elementor-widget-html\" data-id=\"54b9dc1\" data-element_type=\"widget\" data-e-type=\"widget\" data-widget_type=\"html.default\">\n\t\t\t\t\t<div id=\"buzzsprout-player-16826154\"><\/div><script src=\"https:\/\/www.buzzsprout.com\/2444168\/episodes\/16826154-lissett-garcia-sonrisa-y-esperanza-guatemalteca-en-florida.js?container_id=buzzsprout-player-16826154&player=small\" type=\"text\/javascript\" charset=\"utf-8\"><\/script>\t\t\t\t<\/div>\n\t\t\t\t\t<\/div>\n\t\t\t\t<\/div>\n\t\t<div data-particle_enable=\"false\" data-particle-mobile-disabled=\"false\" class=\"elementor-element elementor-element-29a9e9e e-flex e-con-boxed e-con e-parent\" data-id=\"29a9e9e\" data-element_type=\"container\" data-e-type=\"container\">\n\t\t\t\t\t<div class=\"e-con-inner\">\n\t\t\t\t<div class=\"elementor-element elementor-element-504c1a9 elementor-widget elementor-widget-text-editor\" data-id=\"504c1a9\" data-element_type=\"widget\" data-e-type=\"widget\" data-widget_type=\"text-editor.default\">\n\t\t\t\t\t\t\t\t\t<p>El nombre de su perfil de Facebook lo dice todo: Liss Sonr\u00ede. Lisset Garc\u00eda no solo sonr\u00ede con el rostro sino con las palabras y la inspiraci\u00f3n positiva de cada poema, cada canci\u00f3n, cade mensaje de \u00e1nimo y tambi\u00e9n cada causa de apoyo a la ni\u00f1ez que emprende. Desde Florida busca recursos y medios para atender a peque\u00f1os pacientes de enfermedades raras hasta actividades de recolecci\u00f3n de fondos para la <a href=\"https:\/\/soymigrante.com\/revista\/desde-florida-migrantes-suman-esfuerzo-para-apoyar-lucha-contra-el-cancer-infantil-en-guatemala\/\">Unidad de Oncolog\u00eda Pedi\u00e1trica de Guatemala<\/a>.<\/p>\n<p>Pero adem\u00e1s de ese apoyo social, tambi\u00e9n atiende y alimenta corazones a trav\u00e9s de sus composiciones po\u00e9ticas y musicales <a href=\"https:\/\/soymigrante.com\/revista\/actitud-v8-puede-ser-el-motor-del-exito\/\">optimistas<\/a>, un don que fue cultivado por el cari\u00f1o de su abuelito Santos Garc\u00eda, en la aldea&nbsp;&nbsp;<span style=\"color: var( --e-global-color-text ); text-align: var(--text-align);\">Chuaquenum, Joyabaj, Quich\u00e9.<\/span><\/p><p>&#8220;Mi abuelito me dec\u00eda: Mi ni\u00f1a de la sonrisa m\u00e1s hermosa del mundo mundial, \u00bfqu\u00e9 vas a ser cuando seas grande? Y yo, brincando a mis 5 a\u00f1itos le respond\u00eda: ser\u00e9 una doctora locutora&#8221;, cuenta. &#8220;Y el abuelo le daba un \u00faltimo consejo: Liss, sonr\u00ede siempre&#8221;.&nbsp;&nbsp;<\/p>\t\t\t\t\t\t\t\t<\/div>\n\t\t\t\t\t<\/div>\n\t\t\t\t<\/div>\n\t\t<div data-particle_enable=\"false\" data-particle-mobile-disabled=\"false\" class=\"elementor-element elementor-element-ed750b3 e-flex e-con-boxed e-con e-parent\" data-id=\"ed750b3\" data-element_type=\"container\" data-e-type=\"container\">\n\t\t\t\t\t<div class=\"e-con-inner\">\n\t\t\t\t<div class=\"elementor-element elementor-element-83fdc20 elementor-widget elementor-widget-video\" data-id=\"83fdc20\" data-element_type=\"widget\" data-e-type=\"widget\" data-settings=\"{&quot;youtube_url&quot;:&quot;https:\\\/\\\/www.youtube.com\\\/watch?v=mzJRp2kD094&quot;,&quot;video_type&quot;:&quot;youtube&quot;,&quot;controls&quot;:&quot;yes&quot;}\" data-widget_type=\"video.default\">\n\t\t\t\t\t\t\t<div class=\"elementor-wrapper elementor-open-inline\">\n\t\t\t<div class=\"elementor-video\"><\/div>\t\t<\/div>\n\t\t\t\t\t\t<\/div>\n\t\t\t\t\t<\/div>\n\t\t\t\t<\/div>\n\t\t<div data-particle_enable=\"false\" data-particle-mobile-disabled=\"false\" class=\"elementor-element elementor-element-89adb48 e-flex e-con-boxed e-con e-parent\" data-id=\"89adb48\" data-element_type=\"container\" data-e-type=\"container\">\n\t\t\t\t\t<div class=\"e-con-inner\">\n\t\t\t\t<div class=\"elementor-element elementor-element-fe93e6b elementor-widget elementor-widget-heading\" data-id=\"fe93e6b\" data-element_type=\"widget\" data-e-type=\"widget\" data-widget_type=\"heading.default\">\n\t\t\t\t\t<h3 class=\"elementor-heading-title elementor-size-default\">Sabidur\u00eda para la felicidad<\/h3>\t\t\t\t<\/div>\n\t\t\t\t\t<\/div>\n\t\t\t\t<\/div>\n\t\t<div data-particle_enable=\"false\" data-particle-mobile-disabled=\"false\" class=\"elementor-element elementor-element-ecb27e2 e-flex e-con-boxed e-con e-parent\" data-id=\"ecb27e2\" data-element_type=\"container\" data-e-type=\"container\">\n\t\t\t\t\t<div class=\"e-con-inner\">\n\t\t\t\t<div class=\"elementor-element elementor-element-1bc0aaf elementor-widget elementor-widget-text-editor\" data-id=\"1bc0aaf\" data-element_type=\"widget\" data-e-type=\"widget\" data-widget_type=\"text-editor.default\">\n\t\t\t\t\t\t\t\t\t<p><span style=\"color: var( --e-global-color-text ); text-align: var(--text-align);\">El abuelo de Lissett es el gran inspirador. &#8220;Viv\u00ed 14 a\u00f1os con sus consejos y cari\u00f1o. \u00c9l me regal\u00f3 el n\u00e9ctar de su coraz\u00f3n a trav\u00e9s de su vida noble, sus historias, sus cuentos, canciones, comunicaci\u00f3n constante que me ha inspirado siempre&#8221;.<\/span><\/p><p>Desde esos a\u00f1os de ni\u00f1ez, Liss descubri\u00f3 que hab\u00eda algunos ni\u00f1os con una enfermedad. &#8220;Necesitaba descubrir porque y siempre lo pregunt\u00e9 pero nunca hab\u00eda una respuesta. Hasta que ya en Estados Unidos quise hacer algo por ellos&#8221;.<\/p><p>&#8220;Yo era una ni\u00f1a traviesa, exploradora, me encantaba experimentar. A veces me correg\u00edan. Mi abuelo me dec\u00eda: Recibe con amor la correcci\u00f3n de <a href=\"https:\/\/soymigrante.com\/revista\/autoridad-de-ambos-padres-psicologia\/\">tus padres<\/a>, un d\u00eda lo vas a entender. Liss: sonr\u00ede siempre&#8221;.\u00a0<\/p>\t\t\t\t\t\t\t\t<\/div>\n\t\t\t\t\t<\/div>\n\t\t\t\t<\/div>\n\t\t<div data-particle_enable=\"false\" data-particle-mobile-disabled=\"false\" class=\"elementor-element elementor-element-c9d83f1 e-flex e-con-boxed e-con e-parent\" data-id=\"c9d83f1\" data-element_type=\"container\" data-e-type=\"container\">\n\t\t\t\t\t<div class=\"e-con-inner\">\n\t\t\t\t<div class=\"elementor-element elementor-element-16a6b9b elementor-widget elementor-widget-image\" data-id=\"16a6b9b\" data-element_type=\"widget\" data-e-type=\"widget\" data-widget_type=\"image.default\">\n\t\t\t\t\t\t\t\t\t\t\t\t<figure class=\"wp-caption\">\n\t\t\t\t\t\t\t\t\t\t<img fetchpriority=\"high\" decoding=\"async\" width=\"1024\" height=\"1024\" src=\"https:\/\/soymigrante.com\/revista\/wp-content\/uploads\/2025\/03\/lisset-garcia-3-1024x1024.jpg\" class=\"attachment-large size-large wp-image-28628\" alt=\"Voz femenina en estudio de radio, con auriculares y micr\u00f3fono, transmitiendo contenido religioso y de adoraci\u00f3n en SoyMigrante.com Revista.\" srcset=\"https:\/\/soymigrante.com\/revista\/wp-content\/uploads\/2025\/03\/lisset-garcia-3-1024x1024.jpg 1024w, https:\/\/soymigrante.com\/revista\/wp-content\/uploads\/2025\/03\/lisset-garcia-3-300x300.jpg 300w, https:\/\/soymigrante.com\/revista\/wp-content\/uploads\/2025\/03\/lisset-garcia-3-150x150.jpg 150w, https:\/\/soymigrante.com\/revista\/wp-content\/uploads\/2025\/03\/lisset-garcia-3-768x768.jpg 768w, https:\/\/soymigrante.com\/revista\/wp-content\/uploads\/2025\/03\/lisset-garcia-3-1536x1536.jpg 1536w, https:\/\/soymigrante.com\/revista\/wp-content\/uploads\/2025\/03\/lisset-garcia-3-75x75.webp 75w, https:\/\/soymigrante.com\/revista\/wp-content\/uploads\/2025\/03\/lisset-garcia-3-750x750.webp 750w, https:\/\/soymigrante.com\/revista\/wp-content\/uploads\/2025\/03\/lisset-garcia-3-1140x1140.webp 1140w, https:\/\/soymigrante.com\/revista\/wp-content\/uploads\/2025\/03\/lisset-garcia-3.webp 1920w\" sizes=\"(max-width: 1024px) 100vw, 1024px\" title=\"Lissett Garcia se ha desempe\u00f1ado como maestra de espa\u00f1ol y tambi\u00e9n locutora de radio. Su convicci\u00f3n es transmitir alegr\u00eda, paz, esperanza y  fe en Dios, as\u00ed como motivar a la acci\u00f3n solidaria en favor de los m\u00e1s necesitados, sobre todo la ni\u00f1ez. \u2013 SoyMigrante.com REVISTA\" \/>\t\t\t\t\t\t\t\t\t\t\t<figcaption class=\"widget-image-caption wp-caption-text\">Una mujer en estudio de grabaci\u00f3n compartiendo mensajes de oraci\u00f3n y adoraci\u00f3n en SoyMigrante.com Revista.<\/figcaption>\n\t\t\t\t\t\t\t\t\t\t<\/figure>\n\t\t\t\t\t\t\t\t\t<\/div>\n\t\t\t\t\t<\/div>\n\t\t\t\t<\/div>\n\t\t<div data-particle_enable=\"false\" data-particle-mobile-disabled=\"false\" class=\"elementor-element elementor-element-d4dcc17 e-flex e-con-boxed e-con e-parent\" data-id=\"d4dcc17\" data-element_type=\"container\" data-e-type=\"container\">\n\t\t\t\t\t<div class=\"e-con-inner\">\n\t\t\t\t<div class=\"elementor-element elementor-element-b183e22 elementor-widget elementor-widget-heading\" data-id=\"b183e22\" data-element_type=\"widget\" data-e-type=\"widget\" data-widget_type=\"heading.default\">\n\t\t\t\t\t<h3 class=\"elementor-heading-title elementor-size-default\">Desaf\u00edos superados con fe <\/h3>\t\t\t\t<\/div>\n\t\t\t\t\t<\/div>\n\t\t\t\t<\/div>\n\t\t<div data-particle_enable=\"false\" data-particle-mobile-disabled=\"false\" class=\"elementor-element elementor-element-905d495 e-flex e-con-boxed e-con e-parent\" data-id=\"905d495\" data-element_type=\"container\" data-e-type=\"container\">\n\t\t\t\t\t<div class=\"e-con-inner\">\n\t\t\t\t<div class=\"elementor-element elementor-element-a3d2630 elementor-widget elementor-widget-text-editor\" data-id=\"a3d2630\" data-element_type=\"widget\" data-e-type=\"widget\" data-widget_type=\"text-editor.default\">\n\t\t\t\t\t\t\t\t\t<p><span style=\"color: var( --e-global-color-text ); text-align: var(--text-align);\">Cuando migr\u00f3 de Guatemala a <a href=\"https:\/\/soymigrante.com\/revista\/pablo-pineda-un-aliado-humanitario-en-chicago-con-su-restaurante-latin-patio\/\">Chicago, Illinois<\/a>, Lissett no encontr\u00f3 un camino de rosas. &#8220;Fue un cambio dr\u00e1stico y triste por muchas razones. Llegu\u00e9 en invierno y a pesar del clima, al d\u00eda siguiente de llegar estaba caminando 21 cuadras para encontrar trabajo, con mi cargando a mi hijo en la espalda.\u00a0\u00a0<\/span><span style=\"color: var( --e-global-color-text ); text-align: var(--text-align);\">Qui\u00e9n me contrat\u00f3 dijo: &#8220;Eres la ni\u00f1a de <a href=\"https:\/\/soymigrante.com\/revista\/editorial-la-guatemala-migrante-trabaja-aporta-ama-y-vuela-alto\/\">Guatemala<\/a>&#8230; \u00a1la que no murio de amor!&#8221;.<\/span><\/p><p>Con esfuerzo y grandes sue\u00f1os, Lisset sigui\u00f3 avanzando y lleg\u00f3 a trabajar como maestra de espa\u00f1ol y tambi\u00e9n fue locutora en una radio local. &#8220;Me tocaban horarios extensos, pero cuando amas lo que haces no se siente como trabajo&#8221;, expresa. Esta actitud positiva le permite abordar los retos con fe en Dios y tambi\u00e9n con la alegr\u00eda del aprendizaje de nuevos logros. Todo esto alimenta su vena po\u00e9tica, como esta composici\u00f3n:<\/p><p><i>Por las ma\u00f1anas al despertar<br \/><span style=\"color: var( --e-global-color-text ); text-align: var(--text-align);\">Los p\u00e1jaros cantan sin parar\u00a0<br \/><\/span><span style=\"color: var( --e-global-color-text ); text-align: var(--text-align);\">Un nuevo d\u00eda empieza\u00a0<br \/><\/span><span style=\"color: var( --e-global-color-text ); text-align: var(--text-align);\">El caf\u00e9 humea\u00a0<br \/><\/span><span style=\"color: var( --e-global-color-text ); text-align: var(--text-align);\">Veo la ciudad<br \/><\/span><span style=\"color: var( --e-global-color-text ); text-align: var(--text-align);\">Las calles llenas de vida y paz<br \/><\/span><span style=\"color: var( --e-global-color-text ); text-align: var(--text-align);\">Hoy nada nada me puede frenar<br \/><\/span><span style=\"color: var( --e-global-color-text ); text-align: var(--text-align);\">Este es un lugar especial<br \/><\/span><span style=\"color: var( --e-global-color-text ); text-align: var(--text-align);\">La melod\u00eda me lleva a bailar<br \/><\/span><span style=\"color: var( --e-global-color-text ); text-align: var(--text-align);\">Riendo mucho sin mirar atr\u00e1s<br \/><\/span><span style=\"color: var( --e-global-color-text ); text-align: var(--text-align);\">La vida empieza al despertar.<\/span><\/i><\/p>\t\t\t\t\t\t\t\t<\/div>\n\t\t\t\t\t<\/div>\n\t\t\t\t<\/div>\n\t\t<div data-particle_enable=\"false\" data-particle-mobile-disabled=\"false\" class=\"elementor-element elementor-element-7dfd412 e-flex e-con-boxed e-con e-parent\" data-id=\"7dfd412\" data-element_type=\"container\" data-e-type=\"container\">\n\t\t\t\t\t<div class=\"e-con-inner\">\n\t\t\t\t<div class=\"elementor-element elementor-element-dfcdc50 elementor-widget elementor-widget-facebook-page\" data-id=\"dfcdc50\" data-element_type=\"widget\" data-e-type=\"widget\" data-widget_type=\"facebook-page.default\">\n\t\t\t\t\t<div class=\"elementor-facebook-widget fb-page\" data-href=\"https:\/\/www.facebook.com\/lissonriesiempre\" data-tabs=\"timeline\" data-height=\"500px\" data-width=\"500px\" data-small-header=\"false\" data-hide-cover=\"false\" data-show-facepile=\"true\" data-hide-cta=\"false\" style=\"min-height: 1px;height:500px\"><\/div>\t\t\t\t<\/div>\n\t\t\t\t\t<\/div>\n\t\t\t\t<\/div>\n\t\t<div data-particle_enable=\"false\" data-particle-mobile-disabled=\"false\" class=\"elementor-element elementor-element-54b53e8 e-flex e-con-boxed e-con e-parent\" data-id=\"54b53e8\" data-element_type=\"container\" data-e-type=\"container\">\n\t\t\t\t\t<div class=\"e-con-inner\">\n\t\t\t\t<div class=\"elementor-element elementor-element-a33a56a elementor-widget elementor-widget-heading\" data-id=\"a33a56a\" data-element_type=\"widget\" data-e-type=\"widget\" data-widget_type=\"heading.default\">\n\t\t\t\t\t<h3 class=\"elementor-heading-title elementor-size-default\">Inspiraci\u00f3n inagotable<\/h3>\t\t\t\t<\/div>\n\t\t\t\t\t<\/div>\n\t\t\t\t<\/div>\n\t\t<div data-particle_enable=\"false\" data-particle-mobile-disabled=\"false\" class=\"elementor-element elementor-element-bbe6b0c e-flex e-con-boxed e-con e-parent\" data-id=\"bbe6b0c\" data-element_type=\"container\" data-e-type=\"container\">\n\t\t\t\t\t<div class=\"e-con-inner\">\n\t\t\t\t<div class=\"elementor-element elementor-element-9f3d624 elementor-widget elementor-widget-text-editor\" data-id=\"9f3d624\" data-element_type=\"widget\" data-e-type=\"widget\" data-widget_type=\"text-editor.default\">\n\t\t\t\t\t\t\t\t\t<p><span style=\"color: var( --e-global-color-text ); text-align: var(--text-align);\">Actualmente Lissett vive en Lakeland, Florida, desde donde <\/span><a style=\"text-align: var(--text-align);\" href=\"https:\/\/soymigrante.com\/revista\/migrantes-guatemaltecos-en-ee-uu-demuestran-valores-servicio-creatividad-excelencia-y-mas\/\">impulsa<\/a><span style=\"color: var( --e-global-color-text ); text-align: var(--text-align);\"> apoyos para que ni\u00f1os que padecen enfermedades raras en Guatemala reciban atenci\u00f3n m\u00e9dica especializada en Estados Unidos. Para esto recauda donativos para que los tratamientos tengan seguimiento.<\/span><\/p><p>Otro de sus campos de servicio es reunir aportes para la Asociaci\u00f3n Ay\u00fadame a Vivir de Guatemala, que apoya al Hospital para ni\u00f1os con c\u00e1ncer. Cada a\u00f1o efect\u00faa una cena ben\u00e9fica para que migrantes disfruten una velada agradable y a la vez contribuyan con la salud infantil. Lissett tambi\u00e9n organiza una carrera ben\u00e9fica con el mismo objetivo.<\/p><p><span style=\"color: var( --e-global-color-text ); text-align: var(--text-align);\">Lisset tambi\u00e9n compone canciones, algunas de las cuales son interpretadas por la joven cantante Heidy Ocampo. Uno de esos temas es &#8220;La alegr\u00eda de vivir&#8221;, cuya letra transmite optimismo y esp\u00edritu de agradecimiento.<\/span><\/p>\t\t\t\t\t\t\t\t<\/div>\n\t\t\t\t\t<\/div>\n\t\t\t\t<\/div>\n\t\t<div data-particle_enable=\"false\" data-particle-mobile-disabled=\"false\" class=\"elementor-element elementor-element-52c1599 e-flex e-con-boxed e-con e-parent\" data-id=\"52c1599\" data-element_type=\"container\" data-e-type=\"container\">\n\t\t\t\t\t<div class=\"e-con-inner\">\n\t\t\t\t<div class=\"elementor-element elementor-element-26d71a3 elementor-widget elementor-widget-image\" data-id=\"26d71a3\" data-element_type=\"widget\" data-e-type=\"widget\" data-widget_type=\"image.default\">\n\t\t\t\t\t\t\t\t\t\t\t\t<figure class=\"wp-caption\">\n\t\t\t\t\t\t\t\t\t\t<img decoding=\"async\" width=\"768\" height=\"1024\" src=\"https:\/\/soymigrante.com\/revista\/wp-content\/uploads\/2025\/03\/472095348_8833873609982978_754461820800535310_n-768x1024.jpg\" class=\"attachment-large size-large wp-image-28629\" alt=\"Corredoras con camisetas de AYUVI en un parque, promoviendo la lucha contra el c\u00e1ncer infantil y la solidaridad en eventos deportivos en Los \u00c1ngeles.\" srcset=\"https:\/\/soymigrante.com\/revista\/wp-content\/uploads\/2025\/03\/472095348_8833873609982978_754461820800535310_n-768x1024.jpg 768w, https:\/\/soymigrante.com\/revista\/wp-content\/uploads\/2025\/03\/472095348_8833873609982978_754461820800535310_n-225x300.jpg 225w, https:\/\/soymigrante.com\/revista\/wp-content\/uploads\/2025\/03\/472095348_8833873609982978_754461820800535310_n-1152x1536.jpg 1152w, https:\/\/soymigrante.com\/revista\/wp-content\/uploads\/2025\/03\/472095348_8833873609982978_754461820800535310_n-750x1000.webp 750w, https:\/\/soymigrante.com\/revista\/wp-content\/uploads\/2025\/03\/472095348_8833873609982978_754461820800535310_n-1140x1520.webp 1140w, https:\/\/soymigrante.com\/revista\/wp-content\/uploads\/2025\/03\/472095348_8833873609982978_754461820800535310_n.webp 1440w\" sizes=\"(max-width: 768px) 100vw, 768px\" title=\"El apoyo a la asociaci\u00f3n Ay\u00fadame a Vivir, a favor de ni\u00f1os con c\u00e1ncer en Guatemala, es otra de las causas impulsadas por Lissett Garc\u00eda mediante actividades deportivas y cenas ben\u00e9ficas. \u2013 SoyMigrante.com REVISTA\" \/>\t\t\t\t\t\t\t\t\t\t\t<figcaption class=\"widget-image-caption wp-caption-text\">Camisetas de AYUVI, organizaci\u00f3n que apoya a ni\u00f1os con c\u00e1ncer en carreras y eventos solidarios en Los \u00c1ngeles.<\/figcaption>\n\t\t\t\t\t\t\t\t\t\t<\/figure>\n\t\t\t\t\t\t\t\t\t<\/div>\n\t\t\t\t\t<\/div>\n\t\t\t\t<\/div>\n\t\t<div data-particle_enable=\"false\" data-particle-mobile-disabled=\"false\" class=\"elementor-element elementor-element-4783919 e-flex e-con-boxed e-con e-parent\" data-id=\"4783919\" data-element_type=\"container\" data-e-type=\"container\">\n\t\t\t\t\t<div class=\"e-con-inner\">\n\t\t\t\t<div class=\"elementor-element elementor-element-be61788 elementor-widget elementor-widget-heading\" data-id=\"be61788\" data-element_type=\"widget\" data-e-type=\"widget\" data-widget_type=\"heading.default\">\n\t\t\t\t\t<h3 class=\"elementor-heading-title elementor-size-default\">Apoyo a la ni\u00f1ez necesitada<\/h3>\t\t\t\t<\/div>\n\t\t\t\t\t<\/div>\n\t\t\t\t<\/div>\n\t\t<div data-particle_enable=\"false\" data-particle-mobile-disabled=\"false\" class=\"elementor-element elementor-element-ef50383 e-flex e-con-boxed e-con e-parent\" data-id=\"ef50383\" data-element_type=\"container\" data-e-type=\"container\">\n\t\t\t\t\t<div class=\"e-con-inner\">\n\t\t\t\t<div class=\"elementor-element elementor-element-f7245f9 elementor-widget elementor-widget-text-editor\" data-id=\"f7245f9\" data-element_type=\"widget\" data-e-type=\"widget\" data-widget_type=\"text-editor.default\">\n\t\t\t\t\t\t\t\t\t<p><span style=\"color: var( --e-global-color-text ); text-align: var(--text-align);\">Actualmente Lissett vive en Lakeland, Florida, desde donde impulsa apoyos para que ni\u00f1os que padecen enfermedades raras en Guatemala reciban atenci\u00f3n m\u00e9dica especializada en Estados Unidos. Para esto recauda donativos para que los tratamientos tengan seguimiento. Tambi\u00e9n participa en las Caridades Cat\u00f3licas para poder generar y fomentar m\u00e1s lazos de empat\u00eda en la comunidad.<\/span><\/p><p>Otro de sus campos de servicio es reunir aportes para la Asociaci\u00f3n Ay\u00fadame a Vivir de Guatemala, que apoya al Hospital para ni\u00f1os con c\u00e1ncer. Cada a\u00f1o efect\u00faa una cena ben\u00e9fica para que migrantes disfruten una velada agradable y a la vez contribuyan con la salud infantil. Lissett tambi\u00e9n organiza una carrera ben\u00e9fica con el mismo objetivo.<\/p><p><span style=\"color: var( --e-global-color-text ); text-align: var(--text-align);\">Lisset tambi\u00e9n compone canciones, algunas de las cuales son interpretadas por la joven cantante Heidy Ocampo. Uno de esos temas es &#8220;La alegr\u00eda de vivir&#8221;, cuya letra transmite optimismo y esp\u00edritu de agradecimiento.<\/span><\/p>\t\t\t\t\t\t\t\t<\/div>\n\t\t\t\t\t<\/div>\n\t\t\t\t<\/div>\n\t\t<div data-particle_enable=\"false\" data-particle-mobile-disabled=\"false\" class=\"elementor-element elementor-element-e2ca982 e-flex e-con-boxed e-con e-parent\" data-id=\"e2ca982\" data-element_type=\"container\" data-e-type=\"container\">\n\t\t\t\t\t<div class=\"e-con-inner\">\n\t\t\t\t<div class=\"elementor-element elementor-element-0f5d894 elementor-widget elementor-widget-video\" data-id=\"0f5d894\" data-element_type=\"widget\" data-e-type=\"widget\" data-settings=\"{&quot;youtube_url&quot;:&quot;https:\\\/\\\/www.youtube.com\\\/watch?v=x_EGD5X3yao&quot;,&quot;video_type&quot;:&quot;youtube&quot;,&quot;controls&quot;:&quot;yes&quot;}\" data-widget_type=\"video.default\">\n\t\t\t\t\t\t\t<div class=\"elementor-wrapper elementor-open-inline\">\n\t\t\t<div class=\"elementor-video\"><\/div>\t\t<\/div>\n\t\t\t\t\t\t<\/div>\n\t\t\t\t\t<\/div>\n\t\t\t\t<\/div>\n\t\t<div data-particle_enable=\"false\" data-particle-mobile-disabled=\"false\" class=\"elementor-element elementor-element-20c6fc6 e-flex e-con-boxed e-con e-parent\" data-id=\"20c6fc6\" data-element_type=\"container\" data-e-type=\"container\">\n\t\t\t\t\t<div class=\"e-con-inner\">\n\t\t\t\t<div class=\"elementor-element elementor-element-7247b2a elementor-widget elementor-widget-heading\" data-id=\"7247b2a\" data-element_type=\"widget\" data-e-type=\"widget\" data-widget_type=\"heading.default\">\n\t\t\t\t\t<h2 class=\"elementor-heading-title elementor-size-default\">Aporte migrante y constante<\/h2>\t\t\t\t<\/div>\n\t\t\t\t\t<\/div>\n\t\t\t\t<\/div>\n\t\t<div data-particle_enable=\"false\" data-particle-mobile-disabled=\"false\" class=\"elementor-element elementor-element-c95b3e9 e-flex e-con-boxed e-con e-parent\" data-id=\"c95b3e9\" data-element_type=\"container\" data-e-type=\"container\">\n\t\t\t\t\t<div class=\"e-con-inner\">\n\t\t\t\t<div class=\"elementor-element elementor-element-0ce3827 elementor-grid-eael-col-3 elementor-grid-tablet-eael-col-2 elementor-grid-mobile-eael-col-1 elementor-widget elementor-widget-eael-post-grid\" data-id=\"0ce3827\" data-element_type=\"widget\" data-e-type=\"widget\" data-settings=\"{&quot;eael_post_grid_columns&quot;:&quot;eael-col-3&quot;,&quot;eael_post_grid_columns_tablet&quot;:&quot;eael-col-2&quot;,&quot;eael_post_grid_columns_mobile&quot;:&quot;eael-col-1&quot;}\" data-widget_type=\"eael-post-grid.default\">\n\t\t\t\t\t<div id=\"eael-post-grid-0ce3827\" class=\"eael-post-grid-container\">\n            <div class=\"eael-post-grid eael-post-appender eael-post-appender-0ce3827 eael-post-grid-style-one\" data-layout-mode=\"masonry\"><article class=\"eael-grid-post  eael-post-grid-column eael-pg-post-9925 category-estamos-unidos\" data-id=\"9925\">\n        <div class=\"eael-grid-post-holder\">\n            <div class=\"eael-grid-post-holder-inner\"><div class=\"eael-entry-media\"><div class=\"eael-entry-overlay fade-in\"><i class=\"far fa-hand-pointer\" aria-hidden=\"true\"><\/i><a href=\"https:\/\/soymigrante.com\/revista\/ninos-festejan-su-dia-gracias-a-aportes-de-migrantes-guatemaltecos\/\"><\/a><\/div><div class=\"eael-entry-thumbnail \">\n                <img decoding=\"async\" width=\"1024\" height=\"1024\" src=\"https:\/\/soymigrante.com\/revista\/wp-content\/uploads\/2024\/10\/dia-del-nino-2024-1024x1024.webp\" class=\"attachment-large size-large wp-image-9926\" alt=\"Torta de cumplea\u00f1os con ni\u00f1os en aula escolar, celebraci\u00f3n en comunidad educativa, actividades culturales y sociales, Revista SoyMigrante.com, integraci\u00f3n y alegr\u00eda infantil.\" srcset=\"https:\/\/soymigrante.com\/revista\/wp-content\/uploads\/2024\/10\/dia-del-nino-2024-1024x1024.webp 1024w, https:\/\/soymigrante.com\/revista\/wp-content\/uploads\/2024\/10\/dia-del-nino-2024-300x300.webp 300w, https:\/\/soymigrante.com\/revista\/wp-content\/uploads\/2024\/10\/dia-del-nino-2024-150x150.webp 150w, https:\/\/soymigrante.com\/revista\/wp-content\/uploads\/2024\/10\/dia-del-nino-2024-768x768.webp 768w, https:\/\/soymigrante.com\/revista\/wp-content\/uploads\/2024\/10\/dia-del-nino-2024-75x75.webp 75w, https:\/\/soymigrante.com\/revista\/wp-content\/uploads\/2024\/10\/dia-del-nino-2024-750x750.webp 750w, https:\/\/soymigrante.com\/revista\/wp-content\/uploads\/2024\/10\/dia-del-nino-2024-1140x1140.webp 1140w, https:\/\/soymigrante.com\/revista\/wp-content\/uploads\/2024\/10\/dia-del-nino-2024.webp 1200w\" sizes=\"(max-width: 1024px) 100vw, 1024px\" \/>\n            <\/div>\n        <\/div><div class=\"eael-entry-wrapper\"><header class=\"eael-entry-header\"><h2 class=\"eael-entry-title\"><a class=\"eael-grid-post-link\" href=\"https:\/\/soymigrante.com\/revista\/ninos-festejan-su-dia-gracias-a-aportes-de-migrantes-guatemaltecos\/\" title=\"Ni\u00f1os festejan su D\u00eda gracias a aportes de migrantes guatemaltecos\">Ni\u00f1os festejan su D\u00eda gracias a aportes de migrantes guatemaltecos<\/a><\/h2><\/header><div class=\"eael-entry-content\">\n                        <div class=\"eael-grid-post-excerpt\"><a href=\"https:\/\/soymigrante.com\/revista\/ninos-festejan-su-dia-gracias-a-aportes-de-migrantes-guatemaltecos\/\" class=\"eael-post-elements-readmore-btn\">CONOCE SU HISTORIA <\/a><\/div>\n                    <\/div><\/div><\/div>\n        <\/div>\n    <\/article><article class=\"eael-grid-post  eael-post-grid-column eael-pg-post-7769 category-estamos-unidos\" data-id=\"7769\">\n        <div class=\"eael-grid-post-holder\">\n            <div class=\"eael-grid-post-holder-inner\"><div class=\"eael-entry-media\"><div class=\"eael-entry-overlay fade-in\"><i class=\"far fa-hand-pointer\" aria-hidden=\"true\"><\/i><a href=\"https:\/\/soymigrante.com\/revista\/migrantes-indocumentados-aportan-us100-mil-millones-en-impuestos-a-estados-unidos\/\"><\/a><\/div><div class=\"eael-entry-thumbnail \">\n                <img loading=\"lazy\" decoding=\"async\" width=\"681\" height=\"681\" src=\"https:\/\/soymigrante.com\/revista\/wp-content\/uploads\/2024\/08\/aporte-migrante-en-impuestos-en-estados-unidos-2.webp\" class=\"attachment-large size-large wp-image-7775\" alt=\"Reparador de ventanas en altura en un edificio de vidrio, realizando mantenimiento exterior con equipo de seguridad en un rascacielos, en un contexto urbano y empresarial.\" srcset=\"https:\/\/soymigrante.com\/revista\/wp-content\/uploads\/2024\/08\/aporte-migrante-en-impuestos-en-estados-unidos-2.webp 681w, https:\/\/soymigrante.com\/revista\/wp-content\/uploads\/2024\/08\/aporte-migrante-en-impuestos-en-estados-unidos-2-300x300.webp 300w, https:\/\/soymigrante.com\/revista\/wp-content\/uploads\/2024\/08\/aporte-migrante-en-impuestos-en-estados-unidos-2-150x150.webp 150w, https:\/\/soymigrante.com\/revista\/wp-content\/uploads\/2024\/08\/aporte-migrante-en-impuestos-en-estados-unidos-2-75x75.webp 75w\" sizes=\"(max-width: 681px) 100vw, 681px\" \/>\n            <\/div>\n        <\/div><div class=\"eael-entry-wrapper\"><header class=\"eael-entry-header\"><h2 class=\"eael-entry-title\"><a class=\"eael-grid-post-link\" href=\"https:\/\/soymigrante.com\/revista\/migrantes-indocumentados-aportan-us100-mil-millones-en-impuestos-a-estados-unidos\/\" title=\"Migrantes indocumentados aportan US$96 mil millones en impuestos a Estados Unidos\">Migrantes indocumentados aportan US$96 mil millones en impuestos a Estados Unidos<\/a><\/h2><\/header><div class=\"eael-entry-content\">\n                        <div class=\"eael-grid-post-excerpt\"><a href=\"https:\/\/soymigrante.com\/revista\/migrantes-indocumentados-aportan-us100-mil-millones-en-impuestos-a-estados-unidos\/\" class=\"eael-post-elements-readmore-btn\">CONOCE SU HISTORIA <\/a><\/div>\n                    <\/div><\/div><\/div>\n        <\/div>\n    <\/article><article class=\"eael-grid-post  eael-post-grid-column eael-pg-post-4809 category-exitos\" data-id=\"4809\">\n        <div class=\"eael-grid-post-holder\">\n            <div class=\"eael-grid-post-holder-inner\"><div class=\"eael-entry-media\"><div class=\"eael-entry-overlay fade-in\"><i class=\"far fa-hand-pointer\" aria-hidden=\"true\"><\/i><a href=\"https:\/\/soymigrante.com\/revista\/migrante-mister-oklahoma-donativo-utiles-escolares-guatemala\/\"><\/a><\/div><div class=\"eael-entry-thumbnail \">\n                <img loading=\"lazy\" decoding=\"async\" width=\"501\" height=\"455\" src=\"https:\/\/soymigrante.com\/revista\/wp-content\/uploads\/2024\/02\/mr.webp\" class=\"attachment-large size-large wp-image-4815\" alt=\"Migrante Brian de Leon recaud\u00f3 donativos en Oklahoma y los vino a entregar en utiles escolares a Guatemala. Brian de Leon Mister Oklahoma\" srcset=\"https:\/\/soymigrante.com\/revista\/wp-content\/uploads\/2024\/02\/mr.webp 501w, https:\/\/soymigrante.com\/revista\/wp-content\/uploads\/2024\/02\/mr-300x272.webp 300w\" sizes=\"(max-width: 501px) 100vw, 501px\" \/>\n            <\/div>\n        <\/div><div class=\"eael-entry-wrapper\"><header class=\"eael-entry-header\"><h2 class=\"eael-entry-title\"><a class=\"eael-grid-post-link\" href=\"https:\/\/soymigrante.com\/revista\/migrante-mister-oklahoma-donativo-utiles-escolares-guatemala\/\" title=\"M\u00edster Oklahoma Brian de Le\u00f3n entrega donativo migrante en Guatemala\">M\u00edster Oklahoma Brian de Le\u00f3n entrega donativo migrante en Guatemala<\/a><\/h2><\/header><div class=\"eael-entry-content\">\n                        <div class=\"eael-grid-post-excerpt\"><a href=\"https:\/\/soymigrante.com\/revista\/migrante-mister-oklahoma-donativo-utiles-escolares-guatemala\/\" class=\"eael-post-elements-readmore-btn\">CONOCE SU HISTORIA <\/a><\/div>\n                    <\/div><\/div><\/div>\n        <\/div>\n    <\/article><\/div>\n            <div class=\"clearfix\"><\/div>\n        <\/div>\t\t\t\t<\/div>\n\t\t\t\t\t<\/div>\n\t\t\t\t<\/div>\n\t\t\t\t<\/div>\n\t\t","protected":false},"excerpt":{"rendered":"<p>Comunicadora guatemalteca originaria de Chuaquenum, Joyabaj, Quich\u00e9 apoya nobles causas en favor de la ni\u00f1ez y la comunidad migrante con alegr\u00eda y \u00e1nimo de esperanza. Lanza mensajes positivos en el canal digital TV Radio Luz y por si fuera poco, escribe poes\u00eda y canciones. El nombre de su perfil de Facebook lo dice todo: Liss [&hellip;]<\/p>\n","protected":false},"author":7,"featured_media":28634,"comment_status":"open","ping_status":"open","sticky":false,"template":"","format":"standard","meta":{"_acf_changed":false,"_eb_attr":"","footnotes":""},"categories":[50,274],"tags":[],"class_list":["post-28619","post","type-post","status-publish","format-standard","has-post-thumbnail","hentry","category-exitos","category-guatemala"],"acf":[],"aioseo_notices":[],"aioseo_head":"\n\t\t<!-- All in One SEO Pro 4.9.6.2 - aioseo.com -->\n\t<meta name=\"description\" content=\"Migrante guatemaltec m\u00edster Oklahoma, se propone contribuir a la educaci\u00f3n con la donaci\u00f3n de \u00fatiles escolares en su tierra natal Palestina de Los Altos\" \/>\n\t<meta name=\"robots\" content=\"max-snippet:-1, max-image-preview:large, max-video-preview:-1\" \/>\n\t<meta name=\"author\" content=\"Diana Batz\"\/>\n\t<link rel=\"canonical\" href=\"https:\/\/soymigrante.com\/revista\/migrante-mister-oklahoma-donativo-utiles-escolares-guatemala\/\" \/>\n\t<meta name=\"generator\" content=\"All in One SEO Pro (AIOSEO) 4.9.6.2\" \/>\n\n\t\t<link rel=\"preconnect\" href=\"https:\/\/fonts.googleapis.com\" crossorigin>\n<link rel=\"preconnect\" href=\"https:\/\/fonts.gstatic.com\" crossorigin>\n\t\t<meta property=\"og:locale\" content=\"es_ES\" \/>\n\t\t<meta property=\"og:site_name\" content=\"SoyMigrante.com REVISTA \u2013 Nuestra misi\u00f3n es reconocer y dignificar al migrante.\" \/>\n\t\t<meta property=\"og:type\" content=\"article\" \/>\n\t\t<meta property=\"og:title\" content=\"M\u00edster Oklahoma Brian de Le\u00f3n entrega donativo migrante en Guatemala\" \/>\n\t\t<meta property=\"og:description\" content=\"Migrante guatemaltec m\u00edster Oklahoma, se propone contribuir a la educaci\u00f3n con la donaci\u00f3n de \u00fatiles escolares en su tierra natal Palestina de Los Altos\" \/>\n\t\t<meta property=\"og:url\" content=\"https:\/\/soymigrante.com\/revista\/migrante-mister-oklahoma-donativo-utiles-escolares-guatemala\/\" \/>\n\t\t<meta property=\"og:image\" content=\"https:\/\/soymigrante.com\/revista\/wp-content\/uploads\/2024\/02\/mr.webp\" \/>\n\t\t<meta property=\"og:image:secure_url\" content=\"https:\/\/soymigrante.com\/revista\/wp-content\/uploads\/2024\/02\/mr.webp\" \/>\n\t\t<meta property=\"og:image:width\" content=\"501\" \/>\n\t\t<meta property=\"og:image:height\" content=\"455\" \/>\n\t\t<meta property=\"article:published_time\" content=\"2024-02-09T21:22:59+00:00\" \/>\n\t\t<meta property=\"article:modified_time\" content=\"2024-11-01T21:44:23+00:00\" \/>\n\t\t<meta property=\"article:publisher\" content=\"https:\/\/www.facebook.com\/soymigrantecom\" \/>\n\t\t<meta name=\"twitter:card\" content=\"summary_large_image\" \/>\n\t\t<meta name=\"twitter:site\" content=\"@SoyMigrante_com\" \/>\n\t\t<meta name=\"twitter:title\" content=\"M\u00edster Oklahoma Brian de Le\u00f3n entrega donativo migrante en Guatemala\" \/>\n\t\t<meta name=\"twitter:description\" content=\"Migrante guatemaltec m\u00edster Oklahoma, se propone contribuir a la educaci\u00f3n con la donaci\u00f3n de \u00fatiles escolares en su tierra natal Palestina de Los Altos\" \/>\n\t\t<meta name=\"twitter:creator\" content=\"@SoyMigrante_com\" \/>\n\t\t<meta name=\"twitter:image\" content=\"https:\/\/soymigrante.com\/revista\/wp-content\/uploads\/2024\/02\/mr.webp\" \/>\n\t\t<!-- All in One SEO Pro -->\r\n\t\t<title>M\u00edster Oklahoma Brian de Le\u00f3n entrega donativo migrante en Guatemala<\/title>\n\n","aioseo_head_json":{"title":"M\u00edster Oklahoma Brian de Le\u00f3n entrega donativo migrante en Guatemala","description":"Migrante guatemaltec m\u00edster Oklahoma, se propone contribuir a la educaci\u00f3n con la donaci\u00f3n de \u00fatiles escolares en su tierra natal Palestina de Los Altos","canonical_url":"https:\/\/soymigrante.com\/revista\/migrante-mister-oklahoma-donativo-utiles-escolares-guatemala\/","robots":"max-snippet:-1, max-image-preview:large, max-video-preview:-1","keywords":"","webmasterTools":{"miscellaneous":"&lt;link rel=\"preconnect\" href=\"https:\/\/fonts.googleapis.com\" crossorigin&gt;\n&lt;link rel=\"preconnect\" href=\"https:\/\/fonts.gstatic.com\" crossorigin&gt;"},"schema":null,"og:locale":"es_ES","og:site_name":"SoyMigrante.com REVISTA \u2013 Nuestra misi\u00f3n es reconocer y dignificar al migrante.","og:type":"article","og:title":"M\u00edster Oklahoma Brian de Le\u00f3n entrega donativo migrante en Guatemala","og:description":"Migrante guatemaltec m\u00edster Oklahoma, se propone contribuir a la educaci\u00f3n con la donaci\u00f3n de \u00fatiles escolares en su tierra natal Palestina de Los Altos","og:url":"https:\/\/soymigrante.com\/revista\/migrante-mister-oklahoma-donativo-utiles-escolares-guatemala\/","og:image":"https:\/\/soymigrante.com\/revista\/wp-content\/uploads\/2024\/02\/mr.webp","og:image:secure_url":"https:\/\/soymigrante.com\/revista\/wp-content\/uploads\/2024\/02\/mr.webp","og:image:width":501,"og:image:height":455,"article:published_time":"2024-02-09T21:22:59+00:00","article:modified_time":"2024-11-01T21:44:23+00:00","article:publisher":"https:\/\/www.facebook.com\/soymigrantecom","twitter:card":"summary_large_image","twitter:site":"@SoyMigrante_com","twitter:title":"M\u00edster Oklahoma Brian de Le\u00f3n entrega donativo migrante en Guatemala","twitter:description":"Migrante guatemaltec m\u00edster Oklahoma, se propone contribuir a la educaci\u00f3n con la donaci\u00f3n de \u00fatiles escolares en su tierra natal Palestina de Los Altos","twitter:creator":"@SoyMigrante_com","twitter:image":"https:\/\/soymigrante.com\/revista\/wp-content\/uploads\/2024\/02\/mr.webp"},"aioseo_meta_data":{"post_id":"28619","title":"Guatemalteca Lissett Garc\u00eda es voz de esperanza en Florida","description":"Migrante guatemalteca originaria de Quich\u00e9, trasmite mensajes positivos a trav\u00e9s de su plataforma Radio Luz; adem\u00e1s impulsa causas ben\u00e9ficas en favor de la ni\u00f1ez","keywords":null,"keyphrases":{"focus":{"keyphrase":"Migrante","score":82,"analysis":{"keyphraseInTitle":{"score":3,"maxScore":9,"error":1},"keyphraseInDescription":{"score":9,"maxScore":9,"error":0},"keyphraseLength":{"score":9,"maxScore":9,"error":0,"length":1},"keyphraseInURL":{"score":5,"maxScore":5,"error":0},"keyphraseInIntroduction":{"score":3,"maxScore":9,"error":1},"keyphraseInSubHeadings":{"score":9,"maxScore":9,"error":0},"keyphraseInImageAlt":{"score":9,"maxScore":9,"error":0},"keywordDensity":{"type":"best","score":9,"maxScore":9,"error":0}}},"additional":[{"keyphrase":"Guatemalteca","score":53,"analysis":{"keyphraseInDescription":{"score":9,"maxScore":9,"error":0},"keyphraseLength":{"score":9,"maxScore":9,"error":0,"length":1},"keyphraseInIntroduction":{"score":3,"maxScore":9,"error":1},"keyphraseInImageAlt":{"score":3,"maxScore":9,"error":1},"keywordDensity":{"score":0,"type":"low","maxScore":9,"error":1}}},{"keyphrase":"Esperanza","score":53,"analysis":{"keyphraseInDescription":{"score":3,"maxScore":9,"error":1},"keyphraseLength":{"score":9,"maxScore":9,"error":0,"length":1},"keyphraseInIntroduction":{"score":3,"maxScore":9,"error":1},"keyphraseInImageAlt":{"score":9,"maxScore":9,"error":0},"keywordDensity":{"score":0,"type":"low","maxScore":9,"error":1}}},{"keyphrase":"Florida","score":53,"analysis":{"keyphraseInDescription":{"score":3,"maxScore":9,"error":1},"keyphraseLength":{"score":9,"maxScore":9,"error":0,"length":1},"keyphraseInIntroduction":{"score":9,"maxScore":9,"error":0},"keyphraseInImageAlt":{"score":3,"maxScore":9,"error":1},"keywordDensity":{"score":0,"type":"low","maxScore":9,"error":1}}}]},"primary_term":null,"canonical_url":null,"og_title":null,"og_description":null,"og_object_type":"default","og_image_type":"default","og_image_url":null,"og_image_width":null,"og_image_height":null,"og_image_custom_url":null,"og_image_custom_fields":null,"og_video":"","og_custom_url":null,"og_article_section":null,"og_article_tags":null,"twitter_use_og":false,"twitter_card":"default","twitter_image_type":"default","twitter_image_url":null,"twitter_image_custom_url":null,"twitter_image_custom_fields":null,"twitter_title":null,"twitter_description":null,"schema":{"blockGraphs":[],"customGraphs":[],"default":{"data":{"Article":[],"Course":[],"Dataset":[],"FAQPage":[],"Movie":[],"Person":[],"Product":[],"ProductReview":[],"Car":[],"Recipe":[],"Service":[],"SoftwareApplication":[],"WebPage":[]},"graphName":"BlogPosting","isEnabled":true},"graphs":[]},"schema_type":"default","schema_type_options":null,"pillar_content":false,"robots_default":true,"robots_noindex":false,"robots_noarchive":false,"robots_nosnippet":false,"robots_nofollow":false,"robots_noimageindex":false,"robots_noodp":false,"robots_notranslate":false,"robots_max_snippet":"-1","robots_max_videopreview":"-1","robots_max_imagepreview":"large","priority":null,"frequency":"default","local_seo":null,"seo_analyzer_scan_date":"2025-10-09 03:34:47","breadcrumb_settings":null,"limit_modified_date":false,"reviewed_by":null,"open_ai":"{\"title\":{\"suggestions\":[],\"usage\":0},\"description\":{\"suggestions\":[],\"usage\":0}}","ai":null,"created":"2025-03-18 18:56:48","updated":"2026-02-04 22:16:51"},"aioseo_breadcrumb":"<div class=\"aioseo-breadcrumbs\"><span class=\"aioseo-breadcrumb\">\n\t<a href=\"https:\/\/soymigrante.com\/revista\" title=\"Home\">Home<\/a>\n<\/span><span class=\"aioseo-breadcrumb-separator\">\u00bb<\/span><span class=\"aioseo-breadcrumb\">\n\t<a href=\"https:\/\/soymigrante.com\/revista\/category\/exitos\/\" title=\"\u00c9xitos\">\u00c9xitos<\/a>\n<\/span><span class=\"aioseo-breadcrumb-separator\">\u00bb<\/span><span class=\"aioseo-breadcrumb\">\n\t<a href=\"https:\/\/soymigrante.com\/revista\/category\/exitos\/guatemala\/\" title=\"Guatemala\">Guatemala<\/a>\n<\/span><span class=\"aioseo-breadcrumb-separator\">\u00bb<\/span><span class=\"aioseo-breadcrumb\">\n\tLissett Garc\u00eda es sonrisa, solidaridad, fe, poes\u00eda, m\u00fasica y servicio en Lakeland, Florida\n<\/span><\/div>","aioseo_breadcrumb_json":[{"label":"Home","link":"https:\/\/soymigrante.com\/revista"},{"label":"\u00c9xitos","link":"https:\/\/soymigrante.com\/revista\/category\/exitos\/"},{"label":"Guatemala","link":"https:\/\/soymigrante.com\/revista\/category\/exitos\/guatemala\/"},{"label":"Lissett Garc\u00eda es sonrisa, solidaridad, fe, poes\u00eda, m\u00fasica y servicio en Lakeland, Florida","link":"https:\/\/soymigrante.com\/revista\/lissett-garcia-es-sonrisa-solidaridad-fe-poesia-musica-y-servicio-en-lakeland-florida\/"}],"_links":{"self":[{"href":"https:\/\/soymigrante.com\/revista\/wp-json\/wp\/v2\/posts\/28619","targetHints":{"allow":["GET"]}}],"collection":[{"href":"https:\/\/soymigrante.com\/revista\/wp-json\/wp\/v2\/posts"}],"about":[{"href":"https:\/\/soymigrante.com\/revista\/wp-json\/wp\/v2\/types\/post"}],"author":[{"embeddable":true,"href":"https:\/\/soymigrante.com\/revista\/wp-json\/wp\/v2\/users\/7"}],"replies":[{"embeddable":true,"href":"https:\/\/soymigrante.com\/revista\/wp-json\/wp\/v2\/comments?post=28619"}],"version-history":[{"count":1,"href":"https:\/\/soymigrante.com\/revista\/wp-json\/wp\/v2\/posts\/28619\/revisions"}],"predecessor-version":[{"id":46692,"href":"https:\/\/soymigrante.com\/revista\/wp-json\/wp\/v2\/posts\/28619\/revisions\/46692"}],"wp:featuredmedia":[{"embeddable":true,"href":"https:\/\/soymigrante.com\/revista\/wp-json\/wp\/v2\/media\/28634"}],"wp:attachment":[{"href":"https:\/\/soymigrante.com\/revista\/wp-json\/wp\/v2\/media?parent=28619"}],"wp:term":[{"taxonomy":"category","embeddable":true,"href":"https:\/\/soymigrante.com\/revista\/wp-json\/wp\/v2\/categories?post=28619"},{"taxonomy":"post_tag","embeddable":true,"href":"https:\/\/soymigrante.com\/revista\/wp-json\/wp\/v2\/tags?post=28619"}],"curies":[{"name":"wp","href":"https:\/\/api.w.org\/{rel}","templated":true}]}}