{"id":28616,"date":"2025-03-20T05:00:00","date_gmt":"2025-03-20T11:00:00","guid":{"rendered":"https:\/\/soymigrante.com\/revista\/?p=28616"},"modified":"2025-09-17T08:40:53","modified_gmt":"2025-09-17T14:40:53","slug":"lago-de-izabal-es-el-gigante-de-agua-dulce-en-guatemala","status":"publish","type":"post","link":"https:\/\/soymigrante.com\/revista\/lago-de-izabal-es-el-gigante-de-agua-dulce-en-guatemala\/","title":{"rendered":"Lago de Izabal es el gigante de agua dulce en Guatemala"},"content":{"rendered":"\t\t<div data-elementor-type=\"wp-post\" data-elementor-id=\"28616\" class=\"elementor elementor-28616\" data-elementor-post-type=\"post\">\n\t\t\t\t<div data-particle_enable=\"false\" data-particle-mobile-disabled=\"false\" class=\"elementor-element elementor-element-a99ce56 e-flex e-con-boxed e-con e-parent\" data-id=\"a99ce56\" data-element_type=\"container\" data-e-type=\"container\">\n\t\t\t\t\t<div class=\"e-con-inner\">\n\t\t\t\t<div class=\"elementor-element elementor-element-4646289 elementor-widget elementor-widget-heading\" data-id=\"4646289\" data-element_type=\"widget\" data-e-type=\"widget\" data-widget_type=\"heading.default\">\n\t\t\t\t\t<h2 class=\"elementor-heading-title elementor-size-default\">El lago de Izabal tiene una extensi\u00f3n de 589 kil\u00f3metros<\/h2>\t\t\t\t<\/div>\n\t\t\t\t\t<\/div>\n\t\t\t\t<\/div>\n\t\t<div data-particle_enable=\"false\" data-particle-mobile-disabled=\"false\" class=\"elementor-element elementor-element-68bc99d e-flex e-con-boxed e-con e-parent\" data-id=\"68bc99d\" data-element_type=\"container\" data-e-type=\"container\">\n\t\t\t\t\t<div class=\"e-con-inner\">\n\t\t\t\t<div class=\"elementor-element elementor-element-c0d7da7 elementor-widget elementor-widget-text-editor\" data-id=\"c0d7da7\" data-element_type=\"widget\" data-e-type=\"widget\" data-widget_type=\"text-editor.default\">\n\t\t\t\t\t\t\t\t\t<p><a href=\"https:\/\/soymigrante.com\/revista\/departamentos-de-guatemala-izabal-es-la-puerta-del-caribe\/\" target=\"_blank\" rel=\"noopener\">El lago de Izabal<\/a>, el m\u00e1s grande de Guatemala.\u00a0<span style=\"color: var( --e-global-color-text ); text-align: var(--text-align);\">Con una extensi\u00f3n de aproximadamente 589 km\u00b2, este cuerpo de agua se encuentra en el departamento de Izabal, en el noreste del pa\u00eds, y es una de las principales fuentes de biodiversidad de la regi\u00f3n.<\/span><\/p><p><span style=\"color: var( --e-global-color-text ); text-align: var(--text-align);\">Es tan grande que en la \u00e9poca colonial se le consideraba un golfo, pero su agua no es salada, es decir no es parte del mar Caribe. Su extensi\u00f3n es 4 veces y media la del lago de Atitl\u00e1n; o comparativamente, es un poco mayor que todo el departamento de Sacatep\u00e9quez (469 kil\u00f3metros). A su alrededor hay varios puntos de gran potencial tur\u00edstico que podr\u00edan ser mejor provistos de infraestructura para promover el desarrollo comunitario.<\/span><\/p>\t\t\t\t\t\t\t\t<\/div>\n\t\t\t\t\t<\/div>\n\t\t\t\t<\/div>\n\t\t<div data-particle_enable=\"false\" data-particle-mobile-disabled=\"false\" class=\"elementor-element elementor-element-8549237 e-flex e-con-boxed e-con e-parent\" data-id=\"8549237\" data-element_type=\"container\" data-e-type=\"container\">\n\t\t\t\t\t<div class=\"e-con-inner\">\n\t\t\t\t<div class=\"elementor-element elementor-element-7272389 elementor-widget elementor-widget-google_maps\" data-id=\"7272389\" data-element_type=\"widget\" data-e-type=\"widget\" data-widget_type=\"google_maps.default\">\n\t\t\t\t\t\t\t<div class=\"elementor-custom-embed\">\n\t\t\t<iframe loading=\"lazy\"\n\t\t\t\t\tsrc=\"https:\/\/maps.google.com\/maps?q=lago%20de%20izabal&#038;t=m&#038;z=10&#038;output=embed&#038;iwloc=near\"\n\t\t\t\t\ttitle=\"lago de izabal\"\n\t\t\t\t\taria-label=\"lago de izabal\"\n\t\t\t><\/iframe>\n\t\t<\/div>\n\t\t\t\t\t\t<\/div>\n\t\t\t\t\t<\/div>\n\t\t\t\t<\/div>\n\t\t<div data-particle_enable=\"false\" data-particle-mobile-disabled=\"false\" class=\"elementor-element elementor-element-b4d8481 e-flex e-con-boxed e-con e-parent\" data-id=\"b4d8481\" data-element_type=\"container\" data-e-type=\"container\">\n\t\t\t\t\t<div class=\"e-con-inner\">\n\t\t\t\t<div class=\"elementor-element elementor-element-8263d31 elementor-widget elementor-widget-heading\" data-id=\"8263d31\" data-element_type=\"widget\" data-e-type=\"widget\" data-widget_type=\"heading.default\">\n\t\t\t\t\t<h3 class=\"elementor-heading-title elementor-size-default\">Ubicaci\u00f3n, caracter\u00edsticas e historia<\/h3>\t\t\t\t<\/div>\n\t\t\t\t\t<\/div>\n\t\t\t\t<\/div>\n\t\t<div data-particle_enable=\"false\" data-particle-mobile-disabled=\"false\" class=\"elementor-element elementor-element-902a079 e-flex e-con-boxed e-con e-parent\" data-id=\"902a079\" data-element_type=\"container\" data-e-type=\"container\">\n\t\t\t\t\t<div class=\"e-con-inner\">\n\t\t\t\t<div class=\"elementor-element elementor-element-68e5cb3 elementor-widget elementor-widget-text-editor\" data-id=\"68e5cb3\" data-element_type=\"widget\" data-e-type=\"widget\" data-widget_type=\"text-editor.default\">\n\t\t\t\t\t\t\t\t\t<p>El lago de Izabal se localiza en el <a href=\"https:\/\/soymigrante.com\/revista\/departamentos-de-guatemala-izabal-es-la-puerta-del-caribe\/\" target=\"_blank\" rel=\"noopener\">departamento de Izabal<\/a> y est\u00e1 conectado con el r\u00edo Dulce, que lo une con el mar Caribe.<\/p><p>Su profundidad m\u00e1xima es de 18 metros y su altitud sobre el nivel del mar es de aproximadamente 88 metros.\u00a0<span style=\"color: var( --e-global-color-text ); text-align: var(--text-align);\">La temperatura del agua var\u00eda entre los 24 y 30 grados Celsius, lo que lo convierte en un ecosistema ideal para diversas especies de flora y fauna.\u00a0<\/span><\/p><p>Entre las primeras menciones documentadas del Lago de Izabal hay una de Gonzalo de Alvarado, primo del conquistador Pedro de Alvarado, en el cual hace alusi\u00f3n al &#8220;Golfo Dulce&#8221; en el a\u00f1o 1557, Seg\u00fan esta acompa\u00f1\u00f3 al licenciado Pedro Ram\u00edrez de Qui\u00f1\u00f3nez &#8220;a la<\/p><p>\u00a0Provincia de la Verapaz y Golfo Dulce y mar del Norte por mandado de la Real Audiencia&#8221;. Alvarado naufrag\u00f3 en una de las canoas en que iba por el lago de Izabal &#8220;y anduve m\u00e1s de dos horas en el agua, nadando a\u00a0 gran peligro de muerte, por haber muchos lagartos en el dicho golfo, que son muy peligrosos y el agua ser hondable&#8221;.<\/p><p>Posteriormente, en su ribera sur se cre\u00f3 un puerto llamado Bodegas, al cual entraban barcos de velas por el R\u00edo Dulce. Sin embargo actualmente no existen rastros de dicho puerto.<\/p>\t\t\t\t\t\t\t\t<\/div>\n\t\t\t\t\t<\/div>\n\t\t\t\t<\/div>\n\t\t<div data-particle_enable=\"false\" data-particle-mobile-disabled=\"false\" class=\"elementor-element elementor-element-48e548d e-flex e-con-boxed e-con e-parent\" data-id=\"48e548d\" data-element_type=\"container\" data-e-type=\"container\">\n\t\t\t\t\t<div class=\"e-con-inner\">\n\t\t\t\t<div class=\"elementor-element elementor-element-5110216 elementor-widget elementor-widget-image\" data-id=\"5110216\" data-element_type=\"widget\" data-e-type=\"widget\" data-widget_type=\"image.default\">\n\t\t\t\t\t\t\t\t\t\t\t\t<figure class=\"wp-caption\">\n\t\t\t\t\t\t\t\t\t\t<img fetchpriority=\"high\" decoding=\"async\" width=\"1024\" height=\"768\" src=\"https:\/\/soymigrante.com\/revista\/wp-content\/uploads\/2025\/03\/Lago-de-Izabal-1-1024x768.jpeg\" class=\"attachment-large size-large wp-image-28643\" alt=\"Lago de Izabal es el gigante de agua dulce en Guatemala - Mapa aereo\" srcset=\"https:\/\/soymigrante.com\/revista\/wp-content\/uploads\/2025\/03\/Lago-de-Izabal-1-1024x768.jpeg 1024w, https:\/\/soymigrante.com\/revista\/wp-content\/uploads\/2025\/03\/Lago-de-Izabal-1-300x225.jpeg 300w, https:\/\/soymigrante.com\/revista\/wp-content\/uploads\/2025\/03\/Lago-de-Izabal-1-768x576.jpeg 768w, https:\/\/soymigrante.com\/revista\/wp-content\/uploads\/2025\/03\/Lago-de-Izabal-1-750x563.webp 750w, https:\/\/soymigrante.com\/revista\/wp-content\/uploads\/2025\/03\/Lago-de-Izabal-1-1140x855.webp 1140w, https:\/\/soymigrante.com\/revista\/wp-content\/uploads\/2025\/03\/Lago-de-Izabal-1.jpeg 1280w\" sizes=\"(max-width: 1024px) 100vw, 1024px\" title=\"Lago de Izabal: El tesoro natural m\u00e1s grande de Guatemala \u2013 SoyMigrante.com REVISTA\" \/>\t\t\t\t\t\t\t\t\t\t\t<figcaption class=\"widget-image-caption wp-caption-text\">Lago de Izabal es el gigante de agua dulce en Guatemala - Mapa aereo<\/figcaption>\n\t\t\t\t\t\t\t\t\t\t<\/figure>\n\t\t\t\t\t\t\t\t\t<\/div>\n\t\t\t\t\t<\/div>\n\t\t\t\t<\/div>\n\t\t<div data-particle_enable=\"false\" data-particle-mobile-disabled=\"false\" class=\"elementor-element elementor-element-1f5ea60 e-flex e-con-boxed e-con e-parent\" data-id=\"1f5ea60\" data-element_type=\"container\" data-e-type=\"container\">\n\t\t\t\t\t<div class=\"e-con-inner\">\n\t\t\t\t<div class=\"elementor-element elementor-element-7632d8c elementor-widget elementor-widget-heading\" data-id=\"7632d8c\" data-element_type=\"widget\" data-e-type=\"widget\" data-widget_type=\"heading.default\">\n\t\t\t\t\t<h3 class=\"elementor-heading-title elementor-size-default\">Historia y relevancia cultural<\/h3>\t\t\t\t<\/div>\n\t\t\t\t\t<\/div>\n\t\t\t\t<\/div>\n\t\t<div data-particle_enable=\"false\" data-particle-mobile-disabled=\"false\" class=\"elementor-element elementor-element-cbbe6a7 e-flex e-con-boxed e-con e-parent\" data-id=\"cbbe6a7\" data-element_type=\"container\" data-e-type=\"container\">\n\t\t\t\t\t<div class=\"e-con-inner\">\n\t\t\t\t<div class=\"elementor-element elementor-element-e284e4c elementor-widget elementor-widget-text-editor\" data-id=\"e284e4c\" data-element_type=\"widget\" data-e-type=\"widget\" data-widget_type=\"text-editor.default\">\n\t\t\t\t\t\t\t\t\t<p>Desde tiempos prehisp\u00e1nicos, el lago de Izabal ha sido un punto clave para las civilizaciones mayas y posteriormente para los colonizadores espa\u00f1oles.<\/p><p>Durante la \u00e9poca colonial, <a href=\"https:\/\/soymigrante.com\/revista\/departamentos-de-guatemala-izabal-es-la-puerta-del-caribe\/\" target=\"_blank\" rel=\"noopener\">se convirti\u00f3 en una ruta comercial importante para el traslado de mercanc\u00edas entre el interior de Guatemala y el Caribe<\/a>. Sin embargo, esta regi\u00f3n tambi\u00e9n fue atacada en diversas ocasiones por piratas europeos, lo que llev\u00f3 a la construcci\u00f3n del Castillo de San Felipe de Lara en 1652, una fortaleza que todav\u00eda se conserva y es uno de los principales atractivos tur\u00edsticos.<\/p>\t\t\t\t\t\t\t\t<\/div>\n\t\t\t\t\t<\/div>\n\t\t\t\t<\/div>\n\t\t<div data-particle_enable=\"false\" data-particle-mobile-disabled=\"false\" class=\"elementor-element elementor-element-5980b9c e-flex e-con-boxed e-con e-parent\" data-id=\"5980b9c\" data-element_type=\"container\" data-e-type=\"container\">\n\t\t\t\t\t<div class=\"e-con-inner\">\n\t\t\t\t<div class=\"elementor-element elementor-element-822252e elementor-widget elementor-widget-video\" data-id=\"822252e\" data-element_type=\"widget\" data-e-type=\"widget\" data-settings=\"{&quot;youtube_url&quot;:&quot;https:\\\/\\\/www.youtube.com\\\/watch?v=fIpUYyTmwRE&quot;,&quot;video_type&quot;:&quot;youtube&quot;,&quot;controls&quot;:&quot;yes&quot;}\" data-widget_type=\"video.default\">\n\t\t\t\t\t\t\t<div class=\"elementor-wrapper elementor-open-inline\">\n\t\t\t<div class=\"elementor-video\"><\/div>\t\t<\/div>\n\t\t\t\t\t\t<\/div>\n\t\t\t\t\t<\/div>\n\t\t\t\t<\/div>\n\t\t<div data-particle_enable=\"false\" data-particle-mobile-disabled=\"false\" class=\"elementor-element elementor-element-7c36b45 e-flex e-con-boxed e-con e-parent\" data-id=\"7c36b45\" data-element_type=\"container\" data-e-type=\"container\">\n\t\t\t\t\t<div class=\"e-con-inner\">\n\t\t\t\t<div class=\"elementor-element elementor-element-f2cd9e2 elementor-widget elementor-widget-heading\" data-id=\"f2cd9e2\" data-element_type=\"widget\" data-e-type=\"widget\" data-widget_type=\"heading.default\">\n\t\t\t\t\t<h3 class=\"elementor-heading-title elementor-size-default\">Biodiversidad y riqueza natural<\/h3>\t\t\t\t<\/div>\n\t\t\t\t\t<\/div>\n\t\t\t\t<\/div>\n\t\t<div data-particle_enable=\"false\" data-particle-mobile-disabled=\"false\" class=\"elementor-element elementor-element-b621bb1 e-flex e-con-boxed e-con e-parent\" data-id=\"b621bb1\" data-element_type=\"container\" data-e-type=\"container\">\n\t\t\t\t\t<div class=\"e-con-inner\">\n\t\t\t\t<div class=\"elementor-element elementor-element-5b6b514 elementor-widget elementor-widget-text-editor\" data-id=\"5b6b514\" data-element_type=\"widget\" data-e-type=\"widget\" data-widget_type=\"text-editor.default\">\n\t\t\t\t\t\t\t\t\t<p><a href=\"https:\/\/soymigrante.com\/revista\/departamentos-de-guatemala-izabal-es-la-puerta-del-caribe\/\" target=\"_blank\" rel=\"noopener\">El lago de Izabal es hogar de una gran variedad de especies de flora y fauna<\/a>. Entre los animales m\u00e1s representativos se encuentran el manat\u00ed antillano, una especie en peligro de extinci\u00f3n, as\u00ed como tortugas, cocodrilos, peces y diversas aves acu\u00e1ticas.<\/p><p>En los alrededores del lago crecen manglares, selvas tropicales y una gran cantidad de plantas medicinales y ornamentales.<\/p>\t\t\t\t\t\t\t\t<\/div>\n\t\t\t\t\t<\/div>\n\t\t\t\t<\/div>\n\t\t<div data-particle_enable=\"false\" data-particle-mobile-disabled=\"false\" class=\"elementor-element elementor-element-fb0fb38 e-flex e-con-boxed e-con e-parent\" data-id=\"fb0fb38\" data-element_type=\"container\" data-e-type=\"container\">\n\t\t\t\t\t<div class=\"e-con-inner\">\n\t\t\t\t<div class=\"elementor-element elementor-element-a4d48f5 elementor-widget elementor-widget-image\" data-id=\"a4d48f5\" data-element_type=\"widget\" data-e-type=\"widget\" data-widget_type=\"image.default\">\n\t\t\t\t\t\t\t\t\t\t\t\t<figure class=\"wp-caption\">\n\t\t\t\t\t\t\t\t\t\t<img decoding=\"async\" width=\"1024\" height=\"576\" src=\"https:\/\/soymigrante.com\/revista\/wp-content\/uploads\/2025\/03\/PUEBLOS-ALREDEDOR-DE-LAGO-IZABAL-1024x576.jpg\" class=\"attachment-large size-large wp-image-28873\" alt=\"Lago de Izabal en Guatemala, imagen satelital destacando su ubicaci\u00f3n y alrededores, enfatizando temas de migraci\u00f3n, recursos naturales y comunidades locales en la regi\u00f3n.\" srcset=\"https:\/\/soymigrante.com\/revista\/wp-content\/uploads\/2025\/03\/PUEBLOS-ALREDEDOR-DE-LAGO-IZABAL-1024x576.jpg 1024w, https:\/\/soymigrante.com\/revista\/wp-content\/uploads\/2025\/03\/PUEBLOS-ALREDEDOR-DE-LAGO-IZABAL-300x169.jpg 300w, https:\/\/soymigrante.com\/revista\/wp-content\/uploads\/2025\/03\/PUEBLOS-ALREDEDOR-DE-LAGO-IZABAL-768x432.jpg 768w, https:\/\/soymigrante.com\/revista\/wp-content\/uploads\/2025\/03\/PUEBLOS-ALREDEDOR-DE-LAGO-IZABAL-1536x864.jpg 1536w, https:\/\/soymigrante.com\/revista\/wp-content\/uploads\/2025\/03\/PUEBLOS-ALREDEDOR-DE-LAGO-IZABAL-750x422.webp 750w, https:\/\/soymigrante.com\/revista\/wp-content\/uploads\/2025\/03\/PUEBLOS-ALREDEDOR-DE-LAGO-IZABAL-1140x641.webp 1140w, https:\/\/soymigrante.com\/revista\/wp-content\/uploads\/2025\/03\/PUEBLOS-ALREDEDOR-DE-LAGO-IZABAL.webp 1920w\" sizes=\"(max-width: 1024px) 100vw, 1024px\" title=\"Las comunidades alrededor del lago de Izabal est\u00e1n bastante distantes entre s\u00ed. Se puede llegar a algunas desde la ruta al Atl\u00e1ntico, la carretera a Pet\u00e9n y tambi\u00e9n por la llamada Ruta del Polochic. \u2013 SoyMigrante.com REVISTA\" \/>\t\t\t\t\t\t\t\t\t\t\t<figcaption class=\"widget-image-caption wp-caption-text\">Vista a\u00e9rea del Lago de Izabal en Guatemala, con enfoque en su relevancia para migrantes y comunidades locales, mostrando su paisaje natural y conexi\u00f3n con las rutas de movilidad en Centroam\u00e9rica.<\/figcaption>\n\t\t\t\t\t\t\t\t\t\t<\/figure>\n\t\t\t\t\t\t\t\t\t<\/div>\n\t\t\t\t\t<\/div>\n\t\t\t\t<\/div>\n\t\t<div data-particle_enable=\"false\" data-particle-mobile-disabled=\"false\" class=\"elementor-element elementor-element-5cd9d7c e-flex e-con-boxed e-con e-parent\" data-id=\"5cd9d7c\" data-element_type=\"container\" data-e-type=\"container\">\n\t\t\t\t\t<div class=\"e-con-inner\">\n\t\t\t\t<div class=\"elementor-element elementor-element-b2a36e4 elementor-widget elementor-widget-heading\" data-id=\"b2a36e4\" data-element_type=\"widget\" data-e-type=\"widget\" data-widget_type=\"heading.default\">\n\t\t\t\t\t<h3 class=\"elementor-heading-title elementor-size-default\">Turismo y actividades recreativas<\/h3>\t\t\t\t<\/div>\n\t\t\t\t\t<\/div>\n\t\t\t\t<\/div>\n\t\t<div data-particle_enable=\"false\" data-particle-mobile-disabled=\"false\" class=\"elementor-element elementor-element-a5c2511 e-flex e-con-boxed e-con e-parent\" data-id=\"a5c2511\" data-element_type=\"container\" data-e-type=\"container\">\n\t\t\t\t\t<div class=\"e-con-inner\">\n\t\t\t\t<div class=\"elementor-element elementor-element-879b87c elementor-widget elementor-widget-text-editor\" data-id=\"879b87c\" data-element_type=\"widget\" data-e-type=\"widget\" data-widget_type=\"text-editor.default\">\n\t\t\t\t\t\t\t\t\t<div>Este lago es un destino ideal para los amantes de la naturaleza y la aventura. Entre las actividades que se pueden realizar est\u00e1n:<\/div><div>\u2022<strong>Paseos en lancha:<\/strong> Para recorrer el lago y conocer lugares como el r\u00edo Dulce, el Biotopo Choc\u00f3n Machacas y el Castillo de San Felipe de Lara.<\/div><div><strong>\u2022Pesca deportiva:<\/strong> En el lago habitan especies como la mojarra, el r\u00f3balo y el s\u00e1balo, lo que lo convierte en un lugar ideal para los aficionados a la pesca.<\/div><div><strong>\u2022Avistamiento de aves y fauna silvestre:<\/strong> Es posible observar garzas, pel\u00edcanos, tucanes y manat\u00edes en su h\u00e1bitat natural.<\/div><div><strong>\u2022Visitas a comunidades locales:<\/strong> En las orillas del lago viven comunidades ind\u00edgenas q\u2019eqchi\u2019, quienes conservan sus tradiciones y ofrecen artesan\u00edas y gastronom\u00eda t\u00edpica.<\/div><div><strong style=\"font-style: normal; font-variant-ligatures: normal; font-variant-caps: normal; font-size: 16px; font-family: Roboto, sans-serif;\">\u2022Principales puntos tur\u00edsticos:<\/strong><span style=\"font-family: Roboto, sans-serif; font-size: 16px; font-style: normal; font-variant-ligatures: normal; font-variant-caps: normal; font-weight: 400;\">\u00a0En distintas riberas del lago, muy distantes entre s\u00ed, est\u00e1n los poblados de El Estor (llamado as\u00ed porque alguna vez existi\u00f3 una tienda que perteneci\u00f3 a un extranjero y se llamaba The Store, en ingl\u00e9s); Playa Dorada, Mariscos. Tambi\u00e9n existe el Parque Nacional Bocas del Polochic, cerca de la desembocadura de este r\u00edo que es afluente del Lago de Izabal.<\/span><\/div>\t\t\t\t\t\t\t\t<\/div>\n\t\t\t\t\t<\/div>\n\t\t\t\t<\/div>\n\t\t<div data-particle_enable=\"false\" data-particle-mobile-disabled=\"false\" class=\"elementor-element elementor-element-c9ec735 e-flex e-con-boxed e-con e-parent\" data-id=\"c9ec735\" data-element_type=\"container\" data-e-type=\"container\">\n\t\t\t\t\t<div class=\"e-con-inner\">\n\t\t\t\t<div class=\"elementor-element elementor-element-d8ae761 elementor-widget elementor-widget-image\" data-id=\"d8ae761\" data-element_type=\"widget\" data-e-type=\"widget\" data-widget_type=\"image.default\">\n\t\t\t\t\t\t\t\t\t\t\t\t<figure class=\"wp-caption\">\n\t\t\t\t\t\t\t\t\t\t<img decoding=\"async\" width=\"640\" height=\"480\" src=\"https:\/\/soymigrante.com\/revista\/wp-content\/uploads\/2025\/03\/Lago-de-Izabal-3.webp\" class=\"attachment-large size-large wp-image-28645\" alt=\"Lago de Izabal es el gigante de agua dulce en Guatemala - Mapa aereo\" srcset=\"https:\/\/soymigrante.com\/revista\/wp-content\/uploads\/2025\/03\/Lago-de-Izabal-3.webp 640w, https:\/\/soymigrante.com\/revista\/wp-content\/uploads\/2025\/03\/Lago-de-Izabal-3-300x225.jpeg 300w\" sizes=\"(max-width: 640px) 100vw, 640px\" title=\"Lago de Izabal: El tesoro natural m\u00e1s grande de Guatemala \u2013 SoyMigrante.com REVISTA\" \/>\t\t\t\t\t\t\t\t\t\t\t<figcaption class=\"widget-image-caption wp-caption-text\">Lago de Izabal es el gigante de agua dulce en Guatemala - Mapa aereo<\/figcaption>\n\t\t\t\t\t\t\t\t\t\t<\/figure>\n\t\t\t\t\t\t\t\t\t<\/div>\n\t\t\t\t\t<\/div>\n\t\t\t\t<\/div>\n\t\t<div data-particle_enable=\"false\" data-particle-mobile-disabled=\"false\" class=\"elementor-element elementor-element-455f17a e-flex e-con-boxed e-con e-parent\" data-id=\"455f17a\" data-element_type=\"container\" data-e-type=\"container\">\n\t\t\t\t\t<div class=\"e-con-inner\">\n\t\t\t\t<div class=\"elementor-element elementor-element-fbf3856 elementor-widget elementor-widget-heading\" data-id=\"fbf3856\" data-element_type=\"widget\" data-e-type=\"widget\" data-widget_type=\"heading.default\">\n\t\t\t\t\t<h3 class=\"elementor-heading-title elementor-size-default\">Importancia econ\u00f3mica y ambiental<\/h3>\t\t\t\t<\/div>\n\t\t\t\t\t<\/div>\n\t\t\t\t<\/div>\n\t\t<div data-particle_enable=\"false\" data-particle-mobile-disabled=\"false\" class=\"elementor-element elementor-element-0a77730 e-flex e-con-boxed e-con e-parent\" data-id=\"0a77730\" data-element_type=\"container\" data-e-type=\"container\">\n\t\t\t\t\t<div class=\"e-con-inner\">\n\t\t\t\t<div class=\"elementor-element elementor-element-e763b83 elementor-widget elementor-widget-text-editor\" data-id=\"e763b83\" data-element_type=\"widget\" data-e-type=\"widget\" data-widget_type=\"text-editor.default\">\n\t\t\t\t\t\t\t\t\t<p><a href=\"https:\/\/soymigrante.com\/revista\/departamentos-de-guatemala-izabal-es-la-puerta-del-caribe\/\" target=\"_blank\" rel=\"noopener\">El lago de Izabal es una fuente vital de recursos h\u00eddricos y alimenticios<\/a> para muchas comunidades cercanas. Adem\u00e1s, es fundamental para el equilibrio ecol\u00f3gico de la regi\u00f3n, ya que regula el clima y es hogar de numerosas especies. Sin embargo, enfrenta problemas como la contaminaci\u00f3n por desechos industriales, la deforestaci\u00f3n y la pesca indiscriminada, lo que amenaza su biodiversidad.<\/p><p>Su belleza y riqueza lo convierten en un destino imperdible para quienes buscan explorar la naturaleza guatemalteca, pero tambi\u00e9n es un ecosistema que requiere protecci\u00f3n y conservaci\u00f3n para las futuras generaciones.<\/p>\t\t\t\t\t\t\t\t<\/div>\n\t\t\t\t\t<\/div>\n\t\t\t\t<\/div>\n\t\t<div data-particle_enable=\"false\" data-particle-mobile-disabled=\"false\" class=\"elementor-element elementor-element-535e388 e-flex e-con-boxed e-con e-parent\" data-id=\"535e388\" data-element_type=\"container\" data-e-type=\"container\">\n\t\t\t\t\t<div class=\"e-con-inner\">\n\t\t\t\t<div class=\"elementor-element elementor-element-9bd7020 elementor-widget elementor-widget-heading\" data-id=\"9bd7020\" data-element_type=\"widget\" data-e-type=\"widget\" data-widget_type=\"heading.default\">\n\t\t\t\t\t<h2 class=\"elementor-heading-title elementor-size-default\">Conoce otros lugares impresionantes de Guatemala...<\/h2>\t\t\t\t<\/div>\n\t\t\t\t\t<\/div>\n\t\t\t\t<\/div>\n\t\t<div data-particle_enable=\"false\" data-particle-mobile-disabled=\"false\" class=\"elementor-element elementor-element-307dbd8 e-flex e-con-boxed e-con e-parent\" data-id=\"307dbd8\" data-element_type=\"container\" data-e-type=\"container\">\n\t\t\t\t\t<div class=\"e-con-inner\">\n\t\t\t\t<div class=\"elementor-element elementor-element-0dbe4a9 elementor-grid-eael-col-3 elementor-grid-tablet-eael-col-2 elementor-grid-mobile-eael-col-1 elementor-widget elementor-widget-eael-post-grid\" data-id=\"0dbe4a9\" data-element_type=\"widget\" data-e-type=\"widget\" data-settings=\"{&quot;eael_post_grid_columns&quot;:&quot;eael-col-3&quot;,&quot;eael_post_grid_columns_tablet&quot;:&quot;eael-col-2&quot;,&quot;eael_post_grid_columns_mobile&quot;:&quot;eael-col-1&quot;}\" data-widget_type=\"eael-post-grid.default\">\n\t\t\t\t\t<div id=\"eael-post-grid-0dbe4a9\" class=\"eael-post-grid-container\">\n            <div class=\"eael-post-grid eael-post-appender eael-post-appender-0dbe4a9 eael-post-grid-style-one\" data-layout-mode=\"masonry\"><article class=\"eael-grid-post  eael-post-grid-column eael-pg-post-10355 category-guate-nuestra tags-volcanes-de-guatemala\" data-id=\"10355\">\n        <div class=\"eael-grid-post-holder\">\n            <div class=\"eael-grid-post-holder-inner\"><div class=\"eael-entry-media\"><div class=\"eael-entry-overlay fade-in\"><i class=\"far fa-hand-pointer\" aria-hidden=\"true\"><\/i><a href=\"https:\/\/soymigrante.com\/revista\/tres-hermanos-tres-guardianes-del-lago-los-volcanes-atitlan-toliman-y-san-pedro\/\"><\/a><\/div><div class=\"eael-entry-thumbnail \">\n                <img loading=\"lazy\" decoding=\"async\" width=\"1024\" height=\"683\" src=\"https:\/\/soymigrante.com\/revista\/wp-content\/uploads\/2023\/02\/3-ATITLAN-2-1024x683.jpg\" class=\"attachment-large size-large wp-image-366\" alt=\"Los volcanes de Tolim\u00e1n y Atitl\u00e1n, en esta fotograf\u00eda, son el marco incomparable del lago. Foto Gustavo Montenegro\" srcset=\"https:\/\/soymigrante.com\/revista\/wp-content\/uploads\/2023\/02\/3-ATITLAN-2-1024x683.jpg 1024w, https:\/\/soymigrante.com\/revista\/wp-content\/uploads\/2023\/02\/3-ATITLAN-2-300x200.webp 300w, https:\/\/soymigrante.com\/revista\/wp-content\/uploads\/2023\/02\/3-ATITLAN-2-768x512.jpg 768w, https:\/\/soymigrante.com\/revista\/wp-content\/uploads\/2023\/02\/3-ATITLAN-2-1536x1024.jpg 1536w, https:\/\/soymigrante.com\/revista\/wp-content\/uploads\/2023\/02\/3-ATITLAN-2-2048x1365.jpg 2048w, https:\/\/soymigrante.com\/revista\/wp-content\/uploads\/2023\/02\/3-ATITLAN-2-750x500.webp 750w, https:\/\/soymigrante.com\/revista\/wp-content\/uploads\/2023\/02\/3-ATITLAN-2-1140x760.jpg 1140w, https:\/\/soymigrante.com\/revista\/wp-content\/uploads\/2023\/02\/3-ATITLAN-2-600x400.jpg 600w, https:\/\/soymigrante.com\/revista\/wp-content\/uploads\/2023\/02\/3-ATITLAN-2-scaled.webp 1920w\" sizes=\"(max-width: 1024px) 100vw, 1024px\" \/>\n            <\/div>\n        <\/div><div class=\"eael-entry-wrapper\"><header class=\"eael-entry-header\"><h2 class=\"eael-entry-title\"><a class=\"eael-grid-post-link\" href=\"https:\/\/soymigrante.com\/revista\/tres-hermanos-tres-guardianes-del-lago-los-volcanes-atitlan-toliman-y-san-pedro\/\" title=\"Tres gigantes custodian el lago de Atitl\u00e1n: los volcanes Atitl\u00e1n, Tolim\u00e1n y San Pedro\">Tres gigantes custodian el lago de Atitl\u00e1n: los volcanes Atitl\u00e1n, Tolim\u00e1n y San Pedro<\/a><\/h2><\/header><div class=\"eael-entry-content\">\n                        <div class=\"eael-grid-post-excerpt\"><a href=\"https:\/\/soymigrante.com\/revista\/tres-hermanos-tres-guardianes-del-lago-los-volcanes-atitlan-toliman-y-san-pedro\/\" class=\"eael-post-elements-readmore-btn\">CONOCE SU HISTORIA <\/a><\/div>\n                    <\/div><\/div><\/div>\n        <\/div>\n    <\/article><article class=\"eael-grid-post  eael-post-grid-column eael-pg-post-28307 category-guate-nuestra\" data-id=\"28307\">\n        <div class=\"eael-grid-post-holder\">\n            <div class=\"eael-grid-post-holder-inner\"><div class=\"eael-entry-media\"><div class=\"eael-entry-overlay fade-in\"><i class=\"far fa-hand-pointer\" aria-hidden=\"true\"><\/i><a href=\"https:\/\/soymigrante.com\/revista\/siempre-es-un-buen-dia-para-ir-a-pasear-a-rio-dulce\/\"><\/a><\/div><div class=\"eael-entry-thumbnail \">\n                <img loading=\"lazy\" decoding=\"async\" width=\"1024\" height=\"1024\" src=\"https:\/\/soymigrante.com\/revista\/wp-content\/uploads\/2025\/03\/rio-dulce-2-scaled-e1741974130663-1024x1024.jpg\" class=\"attachment-large size-large wp-image-28308\" alt=\"Puerto en R\u00edo Dulce, Guatemala, con antiguas fortalezas y abundantes palmas, reflej\u00e1ndose en aguas tranquilas, resaltando la belleza natural y cultural del destino tur\u00edstico.\" srcset=\"https:\/\/soymigrante.com\/revista\/wp-content\/uploads\/2025\/03\/rio-dulce-2-scaled-e1741974130663-1024x1024.jpg 1024w, https:\/\/soymigrante.com\/revista\/wp-content\/uploads\/2025\/03\/rio-dulce-2-scaled-e1741974130663-300x300.jpg 300w, https:\/\/soymigrante.com\/revista\/wp-content\/uploads\/2025\/03\/rio-dulce-2-scaled-e1741974130663-150x150.jpg 150w, https:\/\/soymigrante.com\/revista\/wp-content\/uploads\/2025\/03\/rio-dulce-2-scaled-e1741974130663-768x768.jpg 768w, https:\/\/soymigrante.com\/revista\/wp-content\/uploads\/2025\/03\/rio-dulce-2-scaled-e1741974130663-1536x1536.jpg 1536w, https:\/\/soymigrante.com\/revista\/wp-content\/uploads\/2025\/03\/rio-dulce-2-scaled-e1741974130663-75x75.webp 75w, https:\/\/soymigrante.com\/revista\/wp-content\/uploads\/2025\/03\/rio-dulce-2-scaled-e1741974130663-750x750.webp 750w, https:\/\/soymigrante.com\/revista\/wp-content\/uploads\/2025\/03\/rio-dulce-2-scaled-e1741974130663-1140x1140.webp 1140w, https:\/\/soymigrante.com\/revista\/wp-content\/uploads\/2025\/03\/rio-dulce-2-scaled-e1741974130663.webp 1707w\" sizes=\"(max-width: 1024px) 100vw, 1024px\" \/>\n            <\/div>\n        <\/div><div class=\"eael-entry-wrapper\"><header class=\"eael-entry-header\"><h2 class=\"eael-entry-title\"><a class=\"eael-grid-post-link\" href=\"https:\/\/soymigrante.com\/revista\/siempre-es-un-buen-dia-para-ir-a-pasear-a-rio-dulce\/\" title=\"Siempre es un buen d\u00eda para ir a pasear a R\u00edo Dulce\">Siempre es un buen d\u00eda para ir a pasear a R\u00edo Dulce<\/a><\/h2><\/header><div class=\"eael-entry-content\">\n                        <div class=\"eael-grid-post-excerpt\"><a href=\"https:\/\/soymigrante.com\/revista\/siempre-es-un-buen-dia-para-ir-a-pasear-a-rio-dulce\/\" class=\"eael-post-elements-readmore-btn\">CONOCE SU HISTORIA <\/a><\/div>\n                    <\/div><\/div><\/div>\n        <\/div>\n    <\/article><article class=\"eael-grid-post  eael-post-grid-column eael-pg-post-1536 category-guate-nuestra\" data-id=\"1536\">\n        <div class=\"eael-grid-post-holder\">\n            <div class=\"eael-grid-post-holder-inner\"><div class=\"eael-entry-media\"><div class=\"eael-entry-overlay fade-in\"><i class=\"far fa-hand-pointer\" aria-hidden=\"true\"><\/i><a href=\"https:\/\/soymigrante.com\/revista\/7-datos-que-ya-sabias-o-quiza-no-sobre-el-gran-jaguar-y-tikal\/\"><\/a><\/div><div class=\"eael-entry-thumbnail \">\n                <img loading=\"lazy\" decoding=\"async\" width=\"1024\" height=\"475\" src=\"https:\/\/soymigrante.com\/revista\/wp-content\/uploads\/2023\/06\/Captura-de-pantalla-2023-06-21-143338-1024x475.webp\" class=\"attachment-large size-large wp-image-1538\" alt=\"Tikal: 7 datos que ya sab\u00edas (o quiz\u00e1 no) sobre el Templo I o Gran Jaguar\" srcset=\"https:\/\/soymigrante.com\/revista\/wp-content\/uploads\/2023\/06\/Captura-de-pantalla-2023-06-21-143338-1024x475.webp 1024w, https:\/\/soymigrante.com\/revista\/wp-content\/uploads\/2023\/06\/Captura-de-pantalla-2023-06-21-143338-300x139.webp 300w, https:\/\/soymigrante.com\/revista\/wp-content\/uploads\/2023\/06\/Captura-de-pantalla-2023-06-21-143338-768x356.webp 768w, https:\/\/soymigrante.com\/revista\/wp-content\/uploads\/2023\/06\/Captura-de-pantalla-2023-06-21-143338-750x348.webp 750w, https:\/\/soymigrante.com\/revista\/wp-content\/uploads\/2023\/06\/Captura-de-pantalla-2023-06-21-143338-1140x529.webp 1140w, https:\/\/soymigrante.com\/revista\/wp-content\/uploads\/2023\/06\/Captura-de-pantalla-2023-06-21-143338.webp 1427w\" sizes=\"(max-width: 1024px) 100vw, 1024px\" \/>\n            <\/div>\n        <\/div><div class=\"eael-entry-wrapper\"><header class=\"eael-entry-header\"><h2 class=\"eael-entry-title\"><a class=\"eael-grid-post-link\" href=\"https:\/\/soymigrante.com\/revista\/7-datos-que-ya-sabias-o-quiza-no-sobre-el-gran-jaguar-y-tikal\/\" title=\"Tikal: 7 datos que ya sab\u00edas (o quiz\u00e1 no) sobre el Templo I o Gran Jaguar\">Tikal: 7 datos que ya sab\u00edas (o quiz\u00e1 no) sobre el Templo I o Gran Jaguar<\/a><\/h2><\/header><div class=\"eael-entry-content\">\n                        <div class=\"eael-grid-post-excerpt\"><a href=\"https:\/\/soymigrante.com\/revista\/7-datos-que-ya-sabias-o-quiza-no-sobre-el-gran-jaguar-y-tikal\/\" class=\"eael-post-elements-readmore-btn\">CONOCE SU HISTORIA <\/a><\/div>\n                    <\/div><\/div><\/div>\n        <\/div>\n    <\/article><\/div>\n            <div class=\"clearfix\"><\/div>\n        <\/div>\t\t\t\t<\/div>\n\t\t\t\t\t<\/div>\n\t\t\t\t<\/div>\n\t\t\t\t<\/div>\n\t\t","protected":false},"excerpt":{"rendered":"<p>El lago de Izabal tiene una extensi\u00f3n de 589 kil\u00f3metros El lago de Izabal, el m\u00e1s grande de Guatemala.\u00a0Con una extensi\u00f3n de aproximadamente 589 km\u00b2, este cuerpo de agua se encuentra en el departamento de Izabal, en el noreste del pa\u00eds, y es una de las principales fuentes de biodiversidad de la regi\u00f3n. Es tan [&hellip;]<\/p>\n","protected":false},"author":19,"featured_media":28863,"comment_status":"open","ping_status":"open","sticky":false,"template":"","format":"standard","meta":{"_acf_changed":false,"_eb_attr":"","footnotes":""},"categories":[58],"tags":[],"class_list":["post-28616","post","type-post","status-publish","format-standard","has-post-thumbnail","hentry","category-guate-nuestra"],"acf":[],"aioseo_notices":[],"aioseo_head":"\n\t\t<!-- All in One SEO Pro 4.9.6.2 - aioseo.com -->\n\t<meta name=\"description\" content=\"\u00cdcono mundial, Patrimonio Cultural de la Humanidad de la Humanidad desde 1979, Tikal a\u00fan refleja la magnificencia maya prehisp\u00e1nica e inspira recuerdos en muchos migrantes guatemaltecos. El Templo I de Tikal, m\u00e1s conocido como El Gran Jaguar, es uno de los \u00edconos mundiales de Guatemala y de la legendaria ciudad maya, enclavada en el centro\" \/>\n\t<meta name=\"robots\" content=\"max-snippet:-1, max-image-preview:large, max-video-preview:-1\" \/>\n\t<meta name=\"author\" content=\"Gustavo Montenegro\"\/>\n\t<link rel=\"canonical\" href=\"https:\/\/soymigrante.com\/revista\/7-datos-que-ya-sabias-o-quiza-no-sobre-el-gran-jaguar-y-tikal\/\" \/>\n\t<meta name=\"generator\" content=\"All in One SEO Pro (AIOSEO) 4.9.6.2\" \/>\n\n\t\t<link rel=\"preconnect\" href=\"https:\/\/fonts.googleapis.com\" crossorigin>\n<link rel=\"preconnect\" href=\"https:\/\/fonts.gstatic.com\" crossorigin>\n\t\t<meta property=\"og:locale\" content=\"es_ES\" \/>\n\t\t<meta property=\"og:site_name\" content=\"SoyMigrante.com REVISTA \u2013 Nuestra misi\u00f3n es reconocer y dignificar al migrante.\" \/>\n\t\t<meta property=\"og:type\" content=\"article\" \/>\n\t\t<meta property=\"og:title\" content=\"Tikal: 7 datos que ya sab\u00edas (o quiz\u00e1 no) sobre el Templo I o Gran Jaguar\" \/>\n\t\t<meta property=\"og:description\" content=\"\u00cdcono mundial, Patrimonio Cultural de la Humanidad de la Humanidad desde 1979, Tikal a\u00fan refleja la magnificencia maya prehisp\u00e1nica e inspira recuerdos en muchos migrantes guatemaltecos. El Templo I de Tikal, m\u00e1s conocido como El Gran Jaguar, es uno de los \u00edconos mundiales de Guatemala y de la legendaria ciudad maya, enclavada en el centro\" \/>\n\t\t<meta property=\"og:url\" content=\"https:\/\/soymigrante.com\/revista\/7-datos-que-ya-sabias-o-quiza-no-sobre-el-gran-jaguar-y-tikal\/\" \/>\n\t\t<meta property=\"og:image\" content=\"https:\/\/soymigrante.com\/revista\/wp-content\/uploads\/2023\/06\/Captura-de-pantalla-2023-06-21-143338.webp\" \/>\n\t\t<meta property=\"og:image:secure_url\" content=\"https:\/\/soymigrante.com\/revista\/wp-content\/uploads\/2023\/06\/Captura-de-pantalla-2023-06-21-143338.webp\" \/>\n\t\t<meta property=\"og:image:width\" content=\"1427\" \/>\n\t\t<meta property=\"og:image:height\" content=\"662\" \/>\n\t\t<meta property=\"article:published_time\" content=\"2023-06-22T20:28:51+00:00\" \/>\n\t\t<meta property=\"article:modified_time\" content=\"2025-09-15T23:22:23+00:00\" \/>\n\t\t<meta property=\"article:publisher\" content=\"https:\/\/www.facebook.com\/soymigrantecom\" \/>\n\t\t<meta name=\"twitter:card\" content=\"summary_large_image\" \/>\n\t\t<meta name=\"twitter:site\" content=\"@SoyMigrante_com\" \/>\n\t\t<meta name=\"twitter:title\" content=\"Tikal: 7 datos que ya sab\u00edas (o quiz\u00e1 no) sobre el Templo I o Gran Jaguar\" \/>\n\t\t<meta name=\"twitter:description\" content=\"\u00cdcono mundial, Patrimonio Cultural de la Humanidad de la Humanidad desde 1979, Tikal a\u00fan refleja la magnificencia maya prehisp\u00e1nica e inspira recuerdos en muchos migrantes guatemaltecos. El Templo I de Tikal, m\u00e1s conocido como El Gran Jaguar, es uno de los \u00edconos mundiales de Guatemala y de la legendaria ciudad maya, enclavada en el centro\" \/>\n\t\t<meta name=\"twitter:creator\" content=\"@SoyMigrante_com\" \/>\n\t\t<meta name=\"twitter:image\" content=\"https:\/\/soymigrante.com\/revista\/wp-content\/uploads\/2023\/06\/Captura-de-pantalla-2023-06-21-143338.webp\" \/>\n\t\t<!-- All in One SEO Pro -->\r\n\t\t<title>Tikal: 7 datos que ya sab\u00edas (o quiz\u00e1 no) sobre el Templo I o Gran Jaguar<\/title>\n\n","aioseo_head_json":{"title":"Tikal: 7 datos que ya sab\u00edas (o quiz\u00e1 no) sobre el Templo I o Gran Jaguar","description":"\u00cdcono mundial, Patrimonio Cultural de la Humanidad de la Humanidad desde 1979, Tikal a\u00fan refleja la magnificencia maya prehisp\u00e1nica e inspira recuerdos en muchos migrantes guatemaltecos. El Templo I de Tikal, m\u00e1s conocido como El Gran Jaguar, es uno de los \u00edconos mundiales de Guatemala y de la legendaria ciudad maya, enclavada en el centro","canonical_url":"https:\/\/soymigrante.com\/revista\/7-datos-que-ya-sabias-o-quiza-no-sobre-el-gran-jaguar-y-tikal\/","robots":"max-snippet:-1, max-image-preview:large, max-video-preview:-1","keywords":"","webmasterTools":{"miscellaneous":"&lt;link rel=\"preconnect\" href=\"https:\/\/fonts.googleapis.com\" crossorigin&gt;\n&lt;link rel=\"preconnect\" href=\"https:\/\/fonts.gstatic.com\" crossorigin&gt;"},"schema":null,"og:locale":"es_ES","og:site_name":"SoyMigrante.com REVISTA \u2013 Nuestra misi\u00f3n es reconocer y dignificar al migrante.","og:type":"article","og:title":"Tikal: 7 datos que ya sab\u00edas (o quiz\u00e1 no) sobre el Templo I o Gran Jaguar","og:description":"\u00cdcono mundial, Patrimonio Cultural de la Humanidad de la Humanidad desde 1979, Tikal a\u00fan refleja la magnificencia maya prehisp\u00e1nica e inspira recuerdos en muchos migrantes guatemaltecos. El Templo I de Tikal, m\u00e1s conocido como El Gran Jaguar, es uno de los \u00edconos mundiales de Guatemala y de la legendaria ciudad maya, enclavada en el centro","og:url":"https:\/\/soymigrante.com\/revista\/7-datos-que-ya-sabias-o-quiza-no-sobre-el-gran-jaguar-y-tikal\/","og:image":"https:\/\/soymigrante.com\/revista\/wp-content\/uploads\/2023\/06\/Captura-de-pantalla-2023-06-21-143338.webp","og:image:secure_url":"https:\/\/soymigrante.com\/revista\/wp-content\/uploads\/2023\/06\/Captura-de-pantalla-2023-06-21-143338.webp","og:image:width":1427,"og:image:height":662,"article:published_time":"2023-06-22T20:28:51+00:00","article:modified_time":"2025-09-15T23:22:23+00:00","article:publisher":"https:\/\/www.facebook.com\/soymigrantecom","twitter:card":"summary_large_image","twitter:site":"@SoyMigrante_com","twitter:title":"Tikal: 7 datos que ya sab\u00edas (o quiz\u00e1 no) sobre el Templo I o Gran Jaguar","twitter:description":"\u00cdcono mundial, Patrimonio Cultural de la Humanidad de la Humanidad desde 1979, Tikal a\u00fan refleja la magnificencia maya prehisp\u00e1nica e inspira recuerdos en muchos migrantes guatemaltecos. El Templo I de Tikal, m\u00e1s conocido como El Gran Jaguar, es uno de los \u00edconos mundiales de Guatemala y de la legendaria ciudad maya, enclavada en el centro","twitter:creator":"@SoyMigrante_com","twitter:image":"https:\/\/soymigrante.com\/revista\/wp-content\/uploads\/2023\/06\/Captura-de-pantalla-2023-06-21-143338.webp"},"aioseo_meta_data":{"post_id":"28616","title":null,"description":"El lago de Izabal es el mayor de Guatemala, con m\u00e1s de 557 kil\u00f3metros. Es tan grande que en la \u00e9poca colonial se le consideraba un golfo e incluso hubo un puerto.","keywords":null,"keyphrases":{"focus":{"keyphrase":"Lago de Izabal","score":91,"analysis":{"keyphraseInTitle":{"score":9,"maxScore":9,"error":0},"keyphraseInDescription":{"score":9,"maxScore":9,"error":0},"keyphraseLength":{"score":9,"maxScore":9,"error":0,"length":3},"keyphraseInURL":{"score":5,"maxScore":5,"error":0},"keyphraseInIntroduction":{"score":9,"maxScore":9,"error":0},"keyphraseInSubHeadings":{"score":3,"maxScore":9,"error":1},"keyphraseInImageAlt":{"score":9,"maxScore":9,"error":0},"keywordDensity":{"type":"best","score":9,"maxScore":9,"error":0}}},"additional":[{"keyphrase":"Lago de Izabal","score":100,"analysis":{"keyphraseInDescription":{"score":9,"maxScore":9,"error":0},"keyphraseLength":{"score":9,"maxScore":9,"error":0,"length":3},"keyphraseInIntroduction":{"score":9,"maxScore":9,"error":0},"keyphraseInImageAlt":{"score":9,"maxScore":9,"error":0},"keywordDensity":{"type":"best","score":9,"maxScore":9,"error":0}}}]},"primary_term":null,"canonical_url":null,"og_title":null,"og_description":null,"og_object_type":"default","og_image_type":"default","og_image_url":null,"og_image_width":null,"og_image_height":null,"og_image_custom_url":null,"og_image_custom_fields":null,"og_video":"","og_custom_url":null,"og_article_section":null,"og_article_tags":null,"twitter_use_og":false,"twitter_card":"default","twitter_image_type":"default","twitter_image_url":null,"twitter_image_custom_url":null,"twitter_image_custom_fields":null,"twitter_title":null,"twitter_description":null,"schema":{"blockGraphs":[],"customGraphs":[],"default":{"data":{"Article":[],"Course":[],"Dataset":[],"FAQPage":[],"Movie":[],"Person":[],"Product":[],"ProductReview":[],"Car":[],"Recipe":[],"Service":[],"SoftwareApplication":[],"WebPage":[]},"graphName":"none","isEnabled":true},"graphs":[]},"schema_type":"default","schema_type_options":null,"pillar_content":false,"robots_default":true,"robots_noindex":false,"robots_noarchive":false,"robots_nosnippet":false,"robots_nofollow":false,"robots_noimageindex":false,"robots_noodp":false,"robots_notranslate":false,"robots_max_snippet":"-1","robots_max_videopreview":"-1","robots_max_imagepreview":"large","priority":null,"frequency":"default","local_seo":null,"seo_analyzer_scan_date":"2025-10-09 03:38:29","breadcrumb_settings":null,"limit_modified_date":false,"reviewed_by":"0","open_ai":"{\"title\":{\"suggestions\":[],\"usage\":0},\"description\":{\"suggestions\":[],\"usage\":0}}","ai":{"faqs":[],"keyPoints":[],"titles":[],"descriptions":[],"socialPosts":{"email":[],"linkedin":[],"twitter":[],"facebook":[],"instagram":[]}},"created":"2025-03-18 18:45:47","updated":"2026-02-04 22:20:13"},"aioseo_breadcrumb":"<div class=\"aioseo-breadcrumbs\"><span class=\"aioseo-breadcrumb\">\n\t<a href=\"https:\/\/soymigrante.com\/revista\" title=\"Home\">Home<\/a>\n<\/span><span class=\"aioseo-breadcrumb-separator\">\u00bb<\/span><span class=\"aioseo-breadcrumb\">\n\t<a href=\"https:\/\/soymigrante.com\/revista\/category\/guate-nuestra\/\" title=\"Guate Nuestra\">Guate Nuestra<\/a>\n<\/span><span class=\"aioseo-breadcrumb-separator\">\u00bb<\/span><span class=\"aioseo-breadcrumb\">\n\tLago de Izabal es el gigante de agua dulce en Guatemala\n<\/span><\/div>","aioseo_breadcrumb_json":[{"label":"Home","link":"https:\/\/soymigrante.com\/revista"},{"label":"Guate Nuestra","link":"https:\/\/soymigrante.com\/revista\/category\/guate-nuestra\/"},{"label":"Lago de Izabal es el gigante de agua dulce en Guatemala","link":"https:\/\/soymigrante.com\/revista\/lago-de-izabal-es-el-gigante-de-agua-dulce-en-guatemala\/"}],"_links":{"self":[{"href":"https:\/\/soymigrante.com\/revista\/wp-json\/wp\/v2\/posts\/28616","targetHints":{"allow":["GET"]}}],"collection":[{"href":"https:\/\/soymigrante.com\/revista\/wp-json\/wp\/v2\/posts"}],"about":[{"href":"https:\/\/soymigrante.com\/revista\/wp-json\/wp\/v2\/types\/post"}],"author":[{"embeddable":true,"href":"https:\/\/soymigrante.com\/revista\/wp-json\/wp\/v2\/users\/19"}],"replies":[{"embeddable":true,"href":"https:\/\/soymigrante.com\/revista\/wp-json\/wp\/v2\/comments?post=28616"}],"version-history":[{"count":5,"href":"https:\/\/soymigrante.com\/revista\/wp-json\/wp\/v2\/posts\/28616\/revisions"}],"predecessor-version":[{"id":45151,"href":"https:\/\/soymigrante.com\/revista\/wp-json\/wp\/v2\/posts\/28616\/revisions\/45151"}],"wp:featuredmedia":[{"embeddable":true,"href":"https:\/\/soymigrante.com\/revista\/wp-json\/wp\/v2\/media\/28863"}],"wp:attachment":[{"href":"https:\/\/soymigrante.com\/revista\/wp-json\/wp\/v2\/media?parent=28616"}],"wp:term":[{"taxonomy":"category","embeddable":true,"href":"https:\/\/soymigrante.com\/revista\/wp-json\/wp\/v2\/categories?post=28616"},{"taxonomy":"post_tag","embeddable":true,"href":"https:\/\/soymigrante.com\/revista\/wp-json\/wp\/v2\/tags?post=28616"}],"curies":[{"name":"wp","href":"https:\/\/api.w.org\/{rel}","templated":true}]}}