{"id":2856,"date":"2023-10-06T13:57:08","date_gmt":"2023-10-06T19:57:08","guid":{"rendered":"https:\/\/soymigrante.com\/revista\/?p=2856"},"modified":"2024-07-30T03:21:15","modified_gmt":"2024-07-30T09:21:15","slug":"migrantes-convocan-a-manifestacion-pacifica-frente-a-embajada-de-guatemala-en-washington","status":"publish","type":"post","link":"https:\/\/soymigrante.com\/revista\/migrantes-convocan-a-manifestacion-pacifica-frente-a-embajada-de-guatemala-en-washington\/","title":{"rendered":"Migrantes llaman a manifestar ante embajada de Guatemala en Washington"},"content":{"rendered":"\t\t<div data-elementor-type=\"wp-post\" data-elementor-id=\"2856\" class=\"elementor elementor-2856\" data-elementor-post-type=\"post\">\n\t\t\t\t\t\t<section data-particle_enable=\"false\" data-particle-mobile-disabled=\"false\" class=\"elementor-section elementor-top-section elementor-element elementor-element-4addd42 elementor-section-boxed elementor-section-height-default elementor-section-height-default\" data-id=\"4addd42\" data-element_type=\"section\" data-e-type=\"section\">\n\t\t\t\t\t\t<div class=\"elementor-container elementor-column-gap-default\">\n\t\t\t\t\t<div class=\"elementor-column elementor-col-100 elementor-top-column elementor-element elementor-element-ee07937\" data-id=\"ee07937\" data-element_type=\"column\" data-e-type=\"column\">\n\t\t\t<div class=\"elementor-widget-wrap elementor-element-populated\">\n\t\t\t\t\t\t<div class=\"elementor-element elementor-element-bfee24a elementor-widget elementor-widget-heading\" data-id=\"bfee24a\" data-element_type=\"widget\" data-e-type=\"widget\" data-widget_type=\"heading.default\">\n\t\t\t\t\t<h1 class=\"elementor-heading-title elementor-size-default\">Guatemaltecos migrantes radicados en Estados Unidos llaman a compatriotas para protestar pac\u00edficamente en la capital estadounidense, el domingo 8 de octubre, en contra de actos antidemocr\u00e1ticos cometidos por autoridades.<\/h1>\t\t\t\t<\/div>\n\t\t\t\t\t<\/div>\n\t\t<\/div>\n\t\t\t\t\t<\/div>\n\t\t<\/section>\n\t\t\t\t<section data-particle_enable=\"false\" data-particle-mobile-disabled=\"false\" class=\"elementor-section elementor-top-section elementor-element elementor-element-74e0f36 elementor-section-boxed elementor-section-height-default elementor-section-height-default\" data-id=\"74e0f36\" data-element_type=\"section\" data-e-type=\"section\">\n\t\t\t\t\t\t<div class=\"elementor-container elementor-column-gap-default\">\n\t\t\t\t\t<div class=\"elementor-column elementor-col-100 elementor-top-column elementor-element elementor-element-3aabcbe\" data-id=\"3aabcbe\" data-element_type=\"column\" data-e-type=\"column\">\n\t\t\t<div class=\"elementor-widget-wrap elementor-element-populated\">\n\t\t\t\t\t\t<div class=\"elementor-element elementor-element-64256f3 elementor-widget elementor-widget-google_maps\" data-id=\"64256f3\" data-element_type=\"widget\" data-e-type=\"widget\" data-widget_type=\"google_maps.default\">\n\t\t\t\t\t\t\t<div class=\"elementor-custom-embed\">\n\t\t\t<iframe loading=\"lazy\"\n\t\t\t\t\tsrc=\"https:\/\/maps.google.com\/maps?q=Embajada%20de%20Guatemala%20en%20Washington&#038;t=m&#038;z=17&#038;output=embed&#038;iwloc=near\"\n\t\t\t\t\ttitle=\"Embajada de Guatemala en Washington\"\n\t\t\t\t\taria-label=\"Embajada de Guatemala en Washington\"\n\t\t\t><\/iframe>\n\t\t<\/div>\n\t\t\t\t\t\t<\/div>\n\t\t\t\t\t<\/div>\n\t\t<\/div>\n\t\t\t\t\t<\/div>\n\t\t<\/section>\n\t\t\t\t<section data-particle_enable=\"false\" data-particle-mobile-disabled=\"false\" class=\"elementor-section elementor-top-section elementor-element elementor-element-93dd68c elementor-section-boxed elementor-section-height-default elementor-section-height-default\" data-id=\"93dd68c\" data-element_type=\"section\" data-e-type=\"section\">\n\t\t\t\t\t\t<div class=\"elementor-container elementor-column-gap-default\">\n\t\t\t\t\t<div class=\"elementor-column elementor-col-100 elementor-top-column elementor-element elementor-element-9716bcb\" data-id=\"9716bcb\" data-element_type=\"column\" data-e-type=\"column\">\n\t\t\t<div class=\"elementor-widget-wrap elementor-element-populated\">\n\t\t\t\t\t\t<div class=\"elementor-element elementor-element-b09b2af elementor-widget elementor-widget-text-editor\" data-id=\"b09b2af\" data-element_type=\"widget\" data-e-type=\"widget\" data-widget_type=\"text-editor.default\">\n\t\t\t\t\t\t\t\t\t<p>El punto de reuni\u00f3n ser\u00e1 frente a la Embajada de Guatemala en Estados Unidos. Puede dar clic para seguir indicaciones de ruta.<\/p>\t\t\t\t\t\t\t\t<\/div>\n\t\t\t\t\t<\/div>\n\t\t<\/div>\n\t\t\t\t\t<\/div>\n\t\t<\/section>\n\t\t\t\t<section data-particle_enable=\"false\" data-particle-mobile-disabled=\"false\" class=\"elementor-section elementor-top-section elementor-element elementor-element-23cecf8 elementor-section-boxed elementor-section-height-default elementor-section-height-default\" data-id=\"23cecf8\" data-element_type=\"section\" data-e-type=\"section\">\n\t\t\t\t\t\t<div class=\"elementor-container elementor-column-gap-default\">\n\t\t\t\t\t<div class=\"elementor-column elementor-col-100 elementor-top-column elementor-element elementor-element-cce295c\" data-id=\"cce295c\" data-element_type=\"column\" data-e-type=\"column\">\n\t\t\t<div class=\"elementor-widget-wrap elementor-element-populated\">\n\t\t\t\t\t\t<div class=\"elementor-element elementor-element-0d666f9 elementor-widget elementor-widget-text-editor\" data-id=\"0d666f9\" data-element_type=\"widget\" data-e-type=\"widget\" data-widget_type=\"text-editor.default\">\n\t\t\t\t\t\t\t\t\t<p>Organizaciones de migrantes guatemaltecos efectuar\u00e1n un plant\u00f3n de protesta el pr\u00f3ximo domingo 8 de octubre, a partir de las 10 de la ma\u00f1ana, frente a la Embajada de Guatemala en los Estados Unidos, en Washington D.C.<\/p><p>Los connacionales quieren expresar su profundo rechazo a las acciones del Ministerio P\u00fablico en contra del proceso electoral y del Tribunal Supremo Electoral, con lo cual ponen en riesgo la fundamental y soberana voluntad ciudadana expresada en las elecciones del 25 de junio y 20 de agosto.<\/p><p>La convocatoria para esta manifestaci\u00f3n circula ya en varias redes sociales, y su veracidad fue confirmada por Mynor Aguirre, de la Asociaci\u00f3n Guatemala Primaveral, que impulsa la cultura guatemalteca y la uni\u00f3n de los chapines en Estados Unidos.<\/p><p>\u00a0<\/p><p>\u00a0<\/p>\t\t\t\t\t\t\t\t<\/div>\n\t\t\t\t\t<\/div>\n\t\t<\/div>\n\t\t\t\t\t<\/div>\n\t\t<\/section>\n\t\t\t\t<section data-particle_enable=\"false\" data-particle-mobile-disabled=\"false\" class=\"elementor-section elementor-top-section elementor-element elementor-element-2b49b21 elementor-section-boxed elementor-section-height-default elementor-section-height-default\" data-id=\"2b49b21\" data-element_type=\"section\" data-e-type=\"section\">\n\t\t\t\t\t\t<div class=\"elementor-container elementor-column-gap-default\">\n\t\t\t\t\t<div class=\"elementor-column elementor-col-100 elementor-top-column elementor-element elementor-element-357dc05\" data-id=\"357dc05\" data-element_type=\"column\" data-e-type=\"column\">\n\t\t\t<div class=\"elementor-widget-wrap\">\n\t\t\t\t\t\t\t<\/div>\n\t\t<\/div>\n\t\t\t\t\t<\/div>\n\t\t<\/section>\n\t\t\t\t<section data-particle_enable=\"false\" data-particle-mobile-disabled=\"false\" class=\"elementor-section elementor-top-section elementor-element elementor-element-9a79c57 elementor-section-boxed elementor-section-height-default elementor-section-height-default\" data-id=\"9a79c57\" data-element_type=\"section\" data-e-type=\"section\">\n\t\t\t\t\t\t<div class=\"elementor-container elementor-column-gap-default\">\n\t\t\t\t\t<div class=\"elementor-column elementor-col-100 elementor-top-column elementor-element elementor-element-0dfbb17\" data-id=\"0dfbb17\" data-element_type=\"column\" data-e-type=\"column\">\n\t\t\t<div class=\"elementor-widget-wrap elementor-element-populated\">\n\t\t\t\t\t\t<div class=\"elementor-element elementor-element-8a292de elementor-widget elementor-widget-image\" data-id=\"8a292de\" data-element_type=\"widget\" data-e-type=\"widget\" data-widget_type=\"image.default\">\n\t\t\t\t\t\t\t\t\t\t\t\t\t\t\t<img fetchpriority=\"high\" decoding=\"async\" width=\"510\" height=\"817\" src=\"https:\/\/soymigrante.com\/revista\/wp-content\/uploads\/2023\/10\/anuncio-protesta.webp\" class=\"attachment-large size-large wp-image-2862\" alt=\"\" srcset=\"https:\/\/soymigrante.com\/revista\/wp-content\/uploads\/2023\/10\/anuncio-protesta.webp 510w, https:\/\/soymigrante.com\/revista\/wp-content\/uploads\/2023\/10\/anuncio-protesta-187x300.webp 187w\" sizes=\"(max-width: 510px) 100vw, 510px\" title=\"anuncio protesta \u2013 SoyMigrante.com REVISTA\" \/>\t\t\t\t\t\t\t\t\t\t\t\t\t\t\t<\/div>\n\t\t\t\t\t<\/div>\n\t\t<\/div>\n\t\t\t\t\t<\/div>\n\t\t<\/section>\n\t\t\t\t<section data-particle_enable=\"false\" data-particle-mobile-disabled=\"false\" class=\"elementor-section elementor-top-section elementor-element elementor-element-f9c285a elementor-section-boxed elementor-section-height-default elementor-section-height-default\" data-id=\"f9c285a\" data-element_type=\"section\" data-e-type=\"section\">\n\t\t\t\t\t\t<div class=\"elementor-container elementor-column-gap-default\">\n\t\t\t\t\t<div class=\"elementor-column elementor-col-100 elementor-top-column elementor-element elementor-element-0754466\" data-id=\"0754466\" data-element_type=\"column\" data-e-type=\"column\">\n\t\t\t<div class=\"elementor-widget-wrap elementor-element-populated\">\n\t\t\t\t\t\t<div class=\"elementor-element elementor-element-0e3d466 elementor-widget elementor-widget-video\" data-id=\"0e3d466\" data-element_type=\"widget\" data-e-type=\"widget\" data-settings=\"{&quot;video_type&quot;:&quot;hosted&quot;,&quot;start&quot;:4,&quot;autoplay&quot;:&quot;yes&quot;,&quot;show_image_overlay&quot;:&quot;yes&quot;,&quot;image_overlay&quot;:{&quot;url&quot;:&quot;https:\\\/\\\/soymigrante.com\\\/revista\\\/wp-content\\\/uploads\\\/2023\\\/10\\\/BANDERITA.jpeg&quot;,&quot;id&quot;:2857,&quot;size&quot;:&quot;&quot;,&quot;alt&quot;:&quot;&quot;,&quot;source&quot;:&quot;library&quot;},&quot;controls&quot;:&quot;yes&quot;}\" data-widget_type=\"video.default\">\n\t\t\t\t\t\t\t<div class=\"e-hosted-video elementor-wrapper elementor-open-inline\">\n\t\t\t\t\t<video class=\"elementor-video\" src=\"https:\/\/soymigrante.com\/revista\/wp-content\/uploads\/2023\/10\/friends.mp4#t=4\" autoplay=\"\" controls=\"\" controlsList=\"nodownload\"><\/video>\n\t\t\t\t\t\t<div class=\"elementor-custom-embed-image-overlay\" style=\"background-image: url(https:\/\/soymigrante.com\/revista\/wp-content\/uploads\/2023\/10\/BANDERITA.webp);\">\n\t\t\t\t\t\t\t\t\t\t\t\t\t\t\t\t<div class=\"elementor-custom-embed-play\" role=\"button\" aria-label=\"Reproducir v\u00eddeo\" tabindex=\"0\">\n\t\t\t\t\t\t\t<i aria-hidden=\"true\" class=\"eicon-play\"><\/i>\t\t\t\t\t\t<\/div>\n\t\t\t\t\t\t\t\t\t<\/div>\n\t\t\t\t\t<\/div>\n\t\t\t\t\t\t<\/div>\n\t\t\t\t<div class=\"elementor-element elementor-element-28b25fd elementor-widget elementor-widget-heading\" data-id=\"28b25fd\" data-element_type=\"widget\" data-e-type=\"widget\" data-widget_type=\"heading.default\">\n\t\t\t\t\t<h2 class=\"elementor-heading-title elementor-size-default\">Recomiendan llevar banderas y \u00e1nimo<\/h2>\t\t\t\t<\/div>\n\t\t\t\t\t<\/div>\n\t\t<\/div>\n\t\t\t\t\t<\/div>\n\t\t<\/section>\n\t\t\t\t<section data-particle_enable=\"false\" data-particle-mobile-disabled=\"false\" class=\"elementor-section elementor-top-section elementor-element elementor-element-becaf69 elementor-section-boxed elementor-section-height-default elementor-section-height-default\" data-id=\"becaf69\" data-element_type=\"section\" data-e-type=\"section\">\n\t\t\t\t\t\t<div class=\"elementor-container elementor-column-gap-default\">\n\t\t\t\t\t<div class=\"elementor-column elementor-col-100 elementor-top-column elementor-element elementor-element-550deec\" data-id=\"550deec\" data-element_type=\"column\" data-e-type=\"column\">\n\t\t\t<div class=\"elementor-widget-wrap elementor-element-populated\">\n\t\t\t\t\t\t<div class=\"elementor-element elementor-element-a57a598 elementor-widget elementor-widget-text-editor\" data-id=\"a57a598\" data-element_type=\"widget\" data-e-type=\"widget\" data-widget_type=\"text-editor.default\">\n\t\t\t\t\t\t\t\t\t<p>La participaci\u00f3n en la actividad es totalmente libre y es completamente apol\u00edtica. Tiene un sentido nacionalista, c\u00edvico y de alta identidad con los guatemaltecos dentro y fuera del territorio nacional. El objetivo es resaltar el llamado de respeto al Estado de Derecho y a la Democracia en el pa\u00eds, seg\u00fan inform\u00f3 Aguirre.<\/p><p>Se recomienda llevar banderas, pancartas, camisolas de colores alusivos a Guatemala y otros elementos identificativos, para darle mayor significado.\u00a0<\/p><p>El pron\u00f3stico del clima para el domingo es soleado por la ma\u00f1ana aunque se prev\u00e9 algo de viento despu\u00e9s del mediod\u00eda.<\/p>\t\t\t\t\t\t\t\t<\/div>\n\t\t\t\t\t<\/div>\n\t\t<\/div>\n\t\t\t\t\t<\/div>\n\t\t<\/section>\n\t\t\t\t<section data-particle_enable=\"false\" data-particle-mobile-disabled=\"false\" class=\"elementor-section elementor-top-section elementor-element elementor-element-3e9789f elementor-section-boxed elementor-section-height-default elementor-section-height-default\" data-id=\"3e9789f\" data-element_type=\"section\" data-e-type=\"section\">\n\t\t\t\t\t\t<div class=\"elementor-container elementor-column-gap-default\">\n\t\t\t\t\t<div class=\"elementor-column elementor-col-100 elementor-top-column elementor-element elementor-element-dc9cf50\" data-id=\"dc9cf50\" data-element_type=\"column\" data-e-type=\"column\">\n\t\t\t<div class=\"elementor-widget-wrap elementor-element-populated\">\n\t\t\t\t\t\t<div class=\"elementor-element elementor-element-12f92c1 elementor-widget elementor-widget-image\" data-id=\"12f92c1\" data-element_type=\"widget\" data-e-type=\"widget\" data-widget_type=\"image.default\">\n\t\t\t\t\t\t\t\t\t\t\t\t<figure class=\"wp-caption\">\n\t\t\t\t\t\t\t\t\t\t<img decoding=\"async\" width=\"683\" height=\"1024\" src=\"https:\/\/soymigrante.com\/revista\/wp-content\/uploads\/2023\/10\/QUETZAL-OTTONIEL-COMPLETO-683x1024.webp\" class=\"attachment-large size-large wp-image-2863\" alt=\"Los valores fundamentales de la libertad y la democracia son los que enarbolan los migrantes guatemaltecos. El Quetzal llevando alimento a su nido a pesar del clima adverso. Emblem\u00e1tica fotograf\u00eda cortes\u00eda de Ottoniel Cojul\u00fan. FB. Ottoniel Supertramp\" srcset=\"https:\/\/soymigrante.com\/revista\/wp-content\/uploads\/2023\/10\/QUETZAL-OTTONIEL-COMPLETO-683x1024.webp 683w, https:\/\/soymigrante.com\/revista\/wp-content\/uploads\/2023\/10\/QUETZAL-OTTONIEL-COMPLETO-200x300.webp 200w, https:\/\/soymigrante.com\/revista\/wp-content\/uploads\/2023\/10\/QUETZAL-OTTONIEL-COMPLETO-768x1152.webp 768w, https:\/\/soymigrante.com\/revista\/wp-content\/uploads\/2023\/10\/QUETZAL-OTTONIEL-COMPLETO-1024x1536.webp 1024w, https:\/\/soymigrante.com\/revista\/wp-content\/uploads\/2023\/10\/QUETZAL-OTTONIEL-COMPLETO-750x1125.webp 750w, https:\/\/soymigrante.com\/revista\/wp-content\/uploads\/2023\/10\/QUETZAL-OTTONIEL-COMPLETO-1140x1710.webp 1140w, https:\/\/soymigrante.com\/revista\/wp-content\/uploads\/2023\/10\/QUETZAL-OTTONIEL-COMPLETO.webp 1280w\" sizes=\"(max-width: 683px) 100vw, 683px\" title=\"Los valores fundamentales de la libertad y la democracia son los que enarbolan los migrantes guatemaltecos. El Quetzal llevando alimento a su nido a pesar del clima adverso. Emblem\u00e1tica fotograf\u00eda cortes\u00eda de Ottoniel Cojul\u00fan.  FB. Ottoniel Supertramp \u2013 SoyMigrante.com REVISTA\" \/>\t\t\t\t\t\t\t\t\t\t\t<figcaption class=\"widget-image-caption wp-caption-text\">Los valores fundamentales de la libertad y la democracia son los que enarbolan los migrantes guatemaltecos. El Quetzal llevando alimento a su nido a pesar del clima adverso. Emblem\u00e1tica fotograf\u00eda cortes\u00eda de Ottoniel Cojul\u00fan.  FB. Ottoniel Supertramp<\/figcaption>\n\t\t\t\t\t\t\t\t\t\t<\/figure>\n\t\t\t\t\t\t\t\t\t<\/div>\n\t\t\t\t\t<\/div>\n\t\t<\/div>\n\t\t\t\t\t<\/div>\n\t\t<\/section>\n\t\t\t\t<section data-particle_enable=\"false\" data-particle-mobile-disabled=\"false\" class=\"elementor-section elementor-top-section elementor-element elementor-element-48bf2d7 elementor-section-boxed elementor-section-height-default elementor-section-height-default\" data-id=\"48bf2d7\" data-element_type=\"section\" data-e-type=\"section\">\n\t\t\t\t\t\t<div class=\"elementor-container elementor-column-gap-default\">\n\t\t\t\t\t<div class=\"elementor-column elementor-col-100 elementor-top-column elementor-element elementor-element-adee417\" data-id=\"adee417\" data-element_type=\"column\" data-e-type=\"column\">\n\t\t\t<div class=\"elementor-widget-wrap elementor-element-populated\">\n\t\t\t\t\t\t<div class=\"elementor-element elementor-element-ee677ad elementor-grid-eael-col-2 elementor-grid-tablet-eael-col-2 elementor-grid-mobile-eael-col-1 elementor-widget elementor-widget-eael-post-grid\" data-id=\"ee677ad\" data-element_type=\"widget\" data-e-type=\"widget\" data-settings=\"{&quot;eael_post_grid_columns&quot;:&quot;eael-col-2&quot;,&quot;eael_post_grid_columns_tablet&quot;:&quot;eael-col-2&quot;,&quot;eael_post_grid_columns_mobile&quot;:&quot;eael-col-1&quot;}\" data-widget_type=\"eael-post-grid.default\">\n\t\t\t\t\t<div id=\"eael-post-grid-ee677ad\" class=\"eael-post-grid-container\">\n            <div class=\"eael-post-grid eael-post-appender eael-post-appender-ee677ad eael-post-grid-style-one\" data-layout-mode=\"masonry\"><article class=\"eael-grid-post  eael-post-grid-column eael-pg-post-2815 category-estamos-unidos tags-remesas-migrantes\" data-id=\"2815\">\n        <div class=\"eael-grid-post-holder\">\n            <div class=\"eael-grid-post-holder-inner\"><div class=\"eael-entry-media\"><div class=\"eael-entry-overlay fade-in\"><i class=\"fas fa-long-arrow-alt-right\" aria-hidden=\"true\"><\/i><a href=\"https:\/\/soymigrante.com\/revista\/editorial-remesas-de-migrantes-suman-ya-14-mil-773-millones-y-su-voz-cuenta\/\"><\/a><\/div><div class=\"eael-entry-thumbnail \">\n                <img decoding=\"async\" width=\"150\" height=\"150\" src=\"https:\/\/soymigrante.com\/revista\/wp-content\/uploads\/2023\/10\/dolarix-e1696524369386-150x150.webp\" class=\"attachment-thumbnail size-thumbnail wp-image-2819\" alt=\"\" srcset=\"https:\/\/soymigrante.com\/revista\/wp-content\/uploads\/2023\/10\/dolarix-e1696524369386-150x150.webp 150w, https:\/\/soymigrante.com\/revista\/wp-content\/uploads\/2023\/10\/dolarix-e1696524369386-75x75.webp 75w, https:\/\/soymigrante.com\/revista\/wp-content\/uploads\/2023\/10\/dolarix-e1696524369386-600x600.webp 600w\" sizes=\"(max-width: 150px) 100vw, 150px\" \/>\n            <\/div>\n        <\/div><div class=\"eael-entry-wrapper\"><header class=\"eael-entry-header\"><h2 class=\"eael-entry-title\"><a class=\"eael-grid-post-link\" href=\"https:\/\/soymigrante.com\/revista\/editorial-remesas-de-migrantes-suman-ya-14-mil-773-millones-y-su-voz-cuenta\/\" title=\"EDITORIAL: Van 14 mil 774 millones de razones para que los migrantes guatemaltecos sean escuchados\">EDITORIAL: Van 14 mil 774 millones de razones para que los migrantes guatemaltecos sean escuchados<\/a><\/h2><\/header><div class=\"eael-entry-content\">\n                        <div class=\"eael-grid-post-excerpt\"><p>Aporte de remesas familiares de migrantes guatemaltecos en Estados Unidos solo durante el mes de septiembre de 2023 fue de US$1,699.5 millones de d\u00f3lares, con...<\/p><a href=\"https:\/\/soymigrante.com\/revista\/editorial-remesas-de-migrantes-suman-ya-14-mil-773-millones-y-su-voz-cuenta\/\" class=\"eael-post-elements-readmore-btn\">Read More<\/a><\/div>\n                    <\/div><\/div><\/div>\n        <\/div>\n    <\/article><\/div>\n            <div class=\"clearfix\"><\/div>\n        <\/div>\t\t\t\t<\/div>\n\t\t\t\t\t<\/div>\n\t\t<\/div>\n\t\t\t\t\t<\/div>\n\t\t<\/section>\n\t\t\t\t<\/div>\n\t\t","protected":false},"excerpt":{"rendered":"<p>Guatemaltecos migrantes radicados en Estados Unidos llaman a compatriotas para protestar pac\u00edficamente en la capital estadounidense, el domingo 8 de octubre, en contra de actos antidemocr\u00e1ticos cometidos por autoridades. El punto de reuni\u00f3n ser\u00e1 frente a la Embajada de Guatemala en Estados Unidos. Puede dar clic para seguir indicaciones de ruta. Organizaciones de migrantes guatemaltecos [&hellip;]<\/p>\n","protected":false},"author":7,"featured_media":2860,"comment_status":"open","ping_status":"open","sticky":false,"template":"","format":"standard","meta":{"_acf_changed":false,"_eb_attr":"","footnotes":""},"categories":[54],"tags":[],"class_list":["post-2856","post","type-post","status-publish","format-standard","has-post-thumbnail","hentry","category-estamos-unidos"],"acf":[],"aioseo_notices":[],"aioseo_head":"\n\t\t<!-- All in One SEO Pro 4.9.6.2 - aioseo.com -->\n\t<meta name=\"description\" content=\"Aporte de remesas familiares de migrantes guatemaltecos en Estados Unidos solo durante el mes de septiembre de 2023 fue de US$1,699.5 millones de d\u00f3lares, con lo cual se totalizan US$14 mil 774 millones en este a\u00f1o: raz\u00f3n de peso para que su voz sea atendida en la actual crisis causada por actos antidemocr\u00e1ticos Migrantes cumplen\" \/>\n\t<meta name=\"robots\" content=\"max-snippet:-1, max-image-preview:large, max-video-preview:-1\" \/>\n\t<meta name=\"author\" content=\"Gustavo Montenegro\"\/>\n\t<link rel=\"canonical\" href=\"https:\/\/soymigrante.com\/revista\/migrantes-convocan-a-manifestacion-pacifica-frente-a-embajada-de-guatemala-en-washington\/\" \/>\n\t<meta name=\"generator\" content=\"All in One SEO Pro (AIOSEO) 4.9.6.2\" \/>\n\n\t\t<link rel=\"preconnect\" href=\"https:\/\/fonts.googleapis.com\" crossorigin>\n<link rel=\"preconnect\" href=\"https:\/\/fonts.gstatic.com\" crossorigin>\n\t\t<meta property=\"og:locale\" content=\"es_ES\" \/>\n\t\t<meta property=\"og:site_name\" content=\"SoyMigrante.com REVISTA \u2013 Nuestra misi\u00f3n es reconocer y dignificar al migrante.\" \/>\n\t\t<meta property=\"og:type\" content=\"article\" \/>\n\t\t<meta property=\"og:title\" content=\"Migrantes llaman a manifestar ante embajada de Guatemala en Washington\" \/>\n\t\t<meta property=\"og:description\" content=\"Guatemaltecos migrantes radicados en Estados Unidos llaman a compatriotas para protestar pac\u00edficamente en la capital estadounidense, el domingo 8 de octubre, en contra de actos antidemocr\u00e1ticos cometidos por autoridades. El punto de reuni\u00f3n ser\u00e1 frente a la Embajada de Guatemala en Estados Unidos. Puede dar clic para seguir indicaciones de ruta. Organizaciones de migrantes guatemaltecos\" \/>\n\t\t<meta property=\"og:url\" content=\"https:\/\/soymigrante.com\/revista\/migrantes-convocan-a-manifestacion-pacifica-frente-a-embajada-de-guatemala-en-washington\/\" \/>\n\t\t<meta property=\"og:image\" content=\"https:\/\/soymigrante.com\/revista\/wp-content\/uploads\/2023\/10\/QUETZAL-OTTONIEL.webp\" \/>\n\t\t<meta property=\"og:image:secure_url\" content=\"https:\/\/soymigrante.com\/revista\/wp-content\/uploads\/2023\/10\/QUETZAL-OTTONIEL.webp\" \/>\n\t\t<meta property=\"og:image:width\" content=\"1141\" \/>\n\t\t<meta property=\"og:image:height\" content=\"793\" \/>\n\t\t<meta property=\"article:published_time\" content=\"2023-10-06T19:57:08+00:00\" \/>\n\t\t<meta property=\"article:modified_time\" content=\"2024-07-30T09:21:15+00:00\" \/>\n\t\t<meta property=\"article:publisher\" content=\"https:\/\/www.facebook.com\/soymigrantecom\" \/>\n\t\t<meta name=\"twitter:card\" content=\"summary_large_image\" \/>\n\t\t<meta name=\"twitter:site\" content=\"@SoyMigrante_com\" \/>\n\t\t<meta name=\"twitter:title\" content=\"Migrantes llaman a manifestar ante embajada de Guatemala en Washington\" \/>\n\t\t<meta name=\"twitter:description\" content=\"Guatemaltecos migrantes radicados en Estados Unidos llaman a compatriotas para protestar pac\u00edficamente en la capital estadounidense, el domingo 8 de octubre, en contra de actos antidemocr\u00e1ticos cometidos por autoridades. El punto de reuni\u00f3n ser\u00e1 frente a la Embajada de Guatemala en Estados Unidos. Puede dar clic para seguir indicaciones de ruta. Organizaciones de migrantes guatemaltecos\" \/>\n\t\t<meta name=\"twitter:creator\" content=\"@SoyMigrante_com\" \/>\n\t\t<meta name=\"twitter:image\" content=\"https:\/\/soymigrante.com\/revista\/wp-content\/uploads\/2023\/10\/QUETZAL-OTTONIEL.webp\" \/>\n\t\t<!-- All in One SEO Pro -->\r\n\t\t<title>Migrantes llaman a manifestar ante embajada de Guatemala en Washington<\/title>\n\n","aioseo_head_json":{"title":"Migrantes llaman a manifestar ante embajada de Guatemala en Washington","description":"Guatemaltecos migrantes radicados en Estados Unidos llaman a compatriotas para protestar pac\u00edficamente en la capital estadounidense, el domingo 8 de octubre, en contra de actos antidemocr\u00e1ticos cometidos por autoridades. El punto de reuni\u00f3n ser\u00e1 frente a la Embajada de Guatemala en Estados Unidos. Puede dar clic para seguir indicaciones de ruta. Organizaciones de migrantes guatemaltecos","canonical_url":"https:\/\/soymigrante.com\/revista\/migrantes-convocan-a-manifestacion-pacifica-frente-a-embajada-de-guatemala-en-washington\/","robots":"max-snippet:-1, max-image-preview:large, max-video-preview:-1","keywords":"","webmasterTools":{"miscellaneous":"&lt;link rel=\"preconnect\" href=\"https:\/\/fonts.googleapis.com\" crossorigin&gt;\n&lt;link rel=\"preconnect\" href=\"https:\/\/fonts.gstatic.com\" crossorigin&gt;"},"schema":null,"og:locale":"es_ES","og:site_name":"SoyMigrante.com REVISTA \u2013 Nuestra misi\u00f3n es reconocer y dignificar al migrante.","og:type":"article","og:title":"Migrantes llaman a manifestar ante embajada de Guatemala en Washington","og:description":"Guatemaltecos migrantes radicados en Estados Unidos llaman a compatriotas para protestar pac\u00edficamente en la capital estadounidense, el domingo 8 de octubre, en contra de actos antidemocr\u00e1ticos cometidos por autoridades. El punto de reuni\u00f3n ser\u00e1 frente a la Embajada de Guatemala en Estados Unidos. Puede dar clic para seguir indicaciones de ruta. Organizaciones de migrantes guatemaltecos","og:url":"https:\/\/soymigrante.com\/revista\/migrantes-convocan-a-manifestacion-pacifica-frente-a-embajada-de-guatemala-en-washington\/","og:image":"https:\/\/soymigrante.com\/revista\/wp-content\/uploads\/2023\/10\/QUETZAL-OTTONIEL.webp","og:image:secure_url":"https:\/\/soymigrante.com\/revista\/wp-content\/uploads\/2023\/10\/QUETZAL-OTTONIEL.webp","og:image:width":1141,"og:image:height":793,"article:published_time":"2023-10-06T19:57:08+00:00","article:modified_time":"2024-07-30T09:21:15+00:00","article:publisher":"https:\/\/www.facebook.com\/soymigrantecom","twitter:card":"summary_large_image","twitter:site":"@SoyMigrante_com","twitter:title":"Migrantes llaman a manifestar ante embajada de Guatemala en Washington","twitter:description":"Guatemaltecos migrantes radicados en Estados Unidos llaman a compatriotas para protestar pac\u00edficamente en la capital estadounidense, el domingo 8 de octubre, en contra de actos antidemocr\u00e1ticos cometidos por autoridades. El punto de reuni\u00f3n ser\u00e1 frente a la Embajada de Guatemala en Estados Unidos. Puede dar clic para seguir indicaciones de ruta. Organizaciones de migrantes guatemaltecos","twitter:creator":"@SoyMigrante_com","twitter:image":"https:\/\/soymigrante.com\/revista\/wp-content\/uploads\/2023\/10\/QUETZAL-OTTONIEL.webp"},"aioseo_meta_data":{"post_id":"2856","title":null,"description":null,"keywords":[],"keyphrases":{"focus":{"keyphrase":"migrantes","score":82,"analysis":{"keyphraseInTitle":{"score":9,"maxScore":9,"error":0},"keyphraseInDescription":{"score":9,"maxScore":9,"error":0},"keyphraseLength":{"score":9,"maxScore":9,"error":0,"length":1},"keyphraseInURL":{"score":5,"maxScore":5,"error":0},"keyphraseInIntroduction":{"score":3,"maxScore":9,"error":1},"keyphraseInSubHeadings":{"score":3,"maxScore":9,"error":1},"keyphraseInImageAlt":{"score":9,"maxScore":9,"error":0},"keywordDensity":{"type":"best","score":9,"maxScore":9,"error":0}}},"additional":[]},"primary_term":null,"canonical_url":null,"og_title":null,"og_description":null,"og_object_type":"default","og_image_type":"default","og_image_url":null,"og_image_width":null,"og_image_height":null,"og_image_custom_url":null,"og_image_custom_fields":null,"og_video":"","og_custom_url":null,"og_article_section":null,"og_article_tags":[],"twitter_use_og":false,"twitter_card":"default","twitter_image_type":"default","twitter_image_url":null,"twitter_image_custom_url":null,"twitter_image_custom_fields":null,"twitter_title":null,"twitter_description":null,"schema":{"blockGraphs":[],"customGraphs":[],"default":{"data":{"Article":[],"Course":[],"Dataset":[],"FAQPage":[],"Movie":[],"Person":[],"Product":[],"ProductReview":[],"Car":[],"Recipe":[],"Service":[],"SoftwareApplication":[],"WebPage":[]},"graphName":"BlogPosting","isEnabled":true},"graphs":[]},"schema_type":"default","schema_type_options":null,"pillar_content":false,"robots_default":true,"robots_noindex":false,"robots_noarchive":false,"robots_nosnippet":false,"robots_nofollow":false,"robots_noimageindex":false,"robots_noodp":false,"robots_notranslate":false,"robots_max_snippet":"-1","robots_max_videopreview":"-1","robots_max_imagepreview":"large","priority":null,"frequency":"default","local_seo":null,"seo_analyzer_scan_date":"2025-10-08 20:29:54","breadcrumb_settings":null,"limit_modified_date":false,"reviewed_by":null,"open_ai":null,"ai":null,"created":"2023-10-06 19:37:35","updated":"2026-02-04 09:42:19"},"aioseo_breadcrumb":"<div class=\"aioseo-breadcrumbs\"><span class=\"aioseo-breadcrumb\">\n\t<a href=\"https:\/\/soymigrante.com\/revista\" title=\"Home\">Home<\/a>\n<\/span><span class=\"aioseo-breadcrumb-separator\">\u00bb<\/span><span class=\"aioseo-breadcrumb\">\n\t<a href=\"https:\/\/soymigrante.com\/revista\/category\/estamos-unidos\/\" title=\"Estamos Unidos\">Estamos Unidos<\/a>\n<\/span><span class=\"aioseo-breadcrumb-separator\">\u00bb<\/span><span class=\"aioseo-breadcrumb\">\n\tMigrantes llaman a manifestar ante embajada de Guatemala en Washington\n<\/span><\/div>","aioseo_breadcrumb_json":[{"label":"Home","link":"https:\/\/soymigrante.com\/revista"},{"label":"Estamos Unidos","link":"https:\/\/soymigrante.com\/revista\/category\/estamos-unidos\/"},{"label":"Migrantes llaman a manifestar ante embajada de Guatemala en Washington","link":"https:\/\/soymigrante.com\/revista\/migrantes-convocan-a-manifestacion-pacifica-frente-a-embajada-de-guatemala-en-washington\/"}],"_links":{"self":[{"href":"https:\/\/soymigrante.com\/revista\/wp-json\/wp\/v2\/posts\/2856","targetHints":{"allow":["GET"]}}],"collection":[{"href":"https:\/\/soymigrante.com\/revista\/wp-json\/wp\/v2\/posts"}],"about":[{"href":"https:\/\/soymigrante.com\/revista\/wp-json\/wp\/v2\/types\/post"}],"author":[{"embeddable":true,"href":"https:\/\/soymigrante.com\/revista\/wp-json\/wp\/v2\/users\/7"}],"replies":[{"embeddable":true,"href":"https:\/\/soymigrante.com\/revista\/wp-json\/wp\/v2\/comments?post=2856"}],"version-history":[{"count":0,"href":"https:\/\/soymigrante.com\/revista\/wp-json\/wp\/v2\/posts\/2856\/revisions"}],"wp:featuredmedia":[{"embeddable":true,"href":"https:\/\/soymigrante.com\/revista\/wp-json\/wp\/v2\/media\/2860"}],"wp:attachment":[{"href":"https:\/\/soymigrante.com\/revista\/wp-json\/wp\/v2\/media?parent=2856"}],"wp:term":[{"taxonomy":"category","embeddable":true,"href":"https:\/\/soymigrante.com\/revista\/wp-json\/wp\/v2\/categories?post=2856"},{"taxonomy":"post_tag","embeddable":true,"href":"https:\/\/soymigrante.com\/revista\/wp-json\/wp\/v2\/tags?post=2856"}],"curies":[{"name":"wp","href":"https:\/\/api.w.org\/{rel}","templated":true}]}}