{"id":28544,"date":"2025-03-17T15:51:09","date_gmt":"2025-03-17T21:51:09","guid":{"rendered":"https:\/\/soymigrante.com\/revista\/?p=28544"},"modified":"2025-03-17T16:05:53","modified_gmt":"2025-03-17T22:05:53","slug":"22-departamentos-de-guatemala-un-corazon-multicultural-compartido","status":"publish","type":"post","link":"https:\/\/soymigrante.com\/revista\/22-departamentos-de-guatemala-un-corazon-multicultural-compartido\/","title":{"rendered":"22 departamentos de Guatemala: un solo coraz\u00f3n multicultural y mosaico de identidades"},"content":{"rendered":"\t\t<div data-elementor-type=\"wp-post\" data-elementor-id=\"28544\" class=\"elementor elementor-28544\" data-elementor-post-type=\"post\">\n\t\t\t\t<div data-particle_enable=\"false\" data-particle-mobile-disabled=\"false\" class=\"elementor-element elementor-element-51fcdf9 e-flex e-con-boxed e-con e-parent\" data-id=\"51fcdf9\" data-element_type=\"container\" data-e-type=\"container\">\n\t\t\t\t\t<div class=\"e-con-inner\">\n\t\t\t\t<div class=\"elementor-element elementor-element-7f428e8 elementor-widget elementor-widget-heading\" data-id=\"7f428e8\" data-element_type=\"widget\" data-e-type=\"widget\" data-widget_type=\"heading.default\">\n\t\t\t\t\t<h2 class=\"elementor-heading-title elementor-size-default\">El territorio guatemalteco est\u00e1 integrado por una distribuci\u00f3n pol\u00edtica de 22 departamentos. Alguna vez fueron solo 7, pero para prop\u00f3sitos administrativos se fueron subdividiendo y cambiando l\u00edmites hasta integrar los actuales, que a su vez se dividen en 340 municipios.<\/h2>\t\t\t\t<\/div>\n\t\t\t\t\t<\/div>\n\t\t\t\t<\/div>\n\t\t<div data-particle_enable=\"false\" data-particle-mobile-disabled=\"false\" class=\"elementor-element elementor-element-b156cd0 e-flex e-con-boxed e-con e-parent\" data-id=\"b156cd0\" data-element_type=\"container\" data-e-type=\"container\">\n\t\t\t\t\t<div class=\"e-con-inner\">\n\t\t\t\t<div class=\"elementor-element elementor-element-cdd5e40 elementor-widget elementor-widget-text-editor\" data-id=\"cdd5e40\" data-element_type=\"widget\" data-e-type=\"widget\" data-widget_type=\"text-editor.default\">\n\t\t\t\t\t\t\t\t\t<p>El \u00e1rea terrestre de la Rep\u00fablica de Guatemala es de 108,889 km, integrada actualmente por 22 departamentos. Originalmente, despu\u00e9s de la <a href=\"https:\/\/soymigrante.com\/revista\/la-independencia-es-un-dia-para-conmemorar-y-recordar-la-lucha-de-los-abuelos-rabin-ajau-2023\/\">Independencia<\/a> del 15 de septiembre de 1821, Guatemala estuvo dividida en menos departamentos. La Asamblea Constituyente de 1825 estableci\u00f3 7 departamentos, algunos de los cuales a\u00fan existen aunque obviamente con menos territorio porque de ellos se deslindaron otros para mejorar la administraci\u00f3n pol\u00edtica.<\/p><p>Esos primeros departamentos fueron: Verapaz (no se divid\u00eda en Alta y Baja, a\u00fan, e inclu\u00eda a Pet\u00e9n);\u00a0<span style=\"color: var( --e-global-color-text ); text-align: var(--text-align);\">Chiquimula (abarcaba los actuales Zacapa, Jutiapa, Izabal, Jalapa);\u00a0<\/span><span style=\"color: var( --e-global-color-text ); text-align: var(--text-align);\">Guatemala (que abarcaba la actual Escuintla y parte de Santa Rosa); Sacatep\u00e9quez; Solola, Quetzaltenango y Totonicap\u00e1n. Algunos de los actuales departamentos y cabeceras eran considerados distritos, villas\u00a0 o provincias. Es decir, ya exist\u00edan pero todav\u00eda no ten\u00edan la categor\u00eda que poseen actualmente.<\/span><\/p><p>En 1847 se fund\u00f3 la Rep\u00fablica de Guatemala, cuyo territorio manten\u00eda los departamentos inciales y\u00a0 a\u00fan inclu\u00eda oficialmente\u00a0 parte de Chiapas y Soconusco (hoy, M\u00e9xico). sin embargo, tras la Revoluci\u00f3n de 1871 se finaliz\u00f3 tal reclamaci\u00f3n y se trazaron los l\u00edmites actuales con M\u00e9xico en 1882. Fue a partir del gobierno de Justo Rufino Barrios (1873-1885) que se empezaron a configurar muchos de los actuales <a href=\"https:\/\/soymigrante.com\/revista\/tag\/departamentos-de-guatemala\/\">Departamentos de Guatemala.<\/a><\/p>\t\t\t\t\t\t\t\t<\/div>\n\t\t\t\t\t<\/div>\n\t\t\t\t<\/div>\n\t\t<div data-particle_enable=\"false\" data-particle-mobile-disabled=\"false\" class=\"elementor-element elementor-element-48e78b2 e-flex e-con-boxed e-con e-parent\" data-id=\"48e78b2\" data-element_type=\"container\" data-e-type=\"container\">\n\t\t\t\t\t<div class=\"e-con-inner\">\n\t\t\t\t<div class=\"elementor-element elementor-element-d2f14f1 elementor-widget elementor-widget-heading\" data-id=\"d2f14f1\" data-element_type=\"widget\" data-e-type=\"widget\" data-widget_type=\"heading.default\">\n\t\t\t\t\t<h4 class=\"elementor-heading-title elementor-size-default\">Tres mapas para ver c\u00f3mo vari\u00f3 el territorio de Guatemala<\/h4>\t\t\t\t<\/div>\n\t\t\t\t\t<\/div>\n\t\t\t\t<\/div>\n\t\t<div data-particle_enable=\"false\" data-particle-mobile-disabled=\"false\" class=\"elementor-element elementor-element-2c5e12c e-flex e-con-boxed e-con e-parent\" data-id=\"2c5e12c\" data-element_type=\"container\" data-e-type=\"container\">\n\t\t\t\t\t<div class=\"e-con-inner\">\n\t\t\t\t<div class=\"elementor-element elementor-element-0be3ff4 elementor-widget elementor-widget-image-gallery\" data-id=\"0be3ff4\" data-element_type=\"widget\" data-e-type=\"widget\" data-widget_type=\"image-gallery.default\">\n\t\t\t\t\t\t\t<div class=\"elementor-image-gallery\">\n\t\t\t<div id='gallery-1' class='gallery galleryid-28544 gallery-columns-1 gallery-size-large'><figure class='gallery-item'>\n\t\t\t<div class='gallery-icon landscape'>\n\t\t\t\t<a data-elementor-open-lightbox=\"yes\" data-elementor-lightbox-slideshow=\"0be3ff4\" data-elementor-lightbox-title=\"Al momento de la Independencia de 1821, la Capitan\u00eda General de Guatemala abarcaba desde el actual territorio de Chiapas hasta Costa Rica; despu\u00e9s de ser provincias pasaron a ser Estados de la Federaci\u00f3n Centroamericana, pero se fueron separando como Rep\u00fablicas Independientes entre 1832 y 1840. Guatemala se declar\u00f3 Rep\u00fablica en 1847.\" data-elementor-lightbox-description=\"Al momento de la Independencia de 1821, la Capitan\u00eda General de Guatemala abarcaba desde el actual territorio de Chiapas hasta Costa Rica; despu\u00e9s de ser provincias pasaron a ser Estados de la Federaci\u00f3n Centroamericana, pero se fueron separando como Rep\u00fablicas Independientes entre 1832 y 1840. Guatemala se declar\u00f3 Rep\u00fablica en 1847.\" data-e-action-hash=\"#elementor-action%3Aaction%3Dlightbox%26settings%3DeyJpZCI6Mjg1NDgsInVybCI6Imh0dHBzOlwvXC9zb3ltaWdyYW50ZS5jb21cL3JldmlzdGFcL3dwLWNvbnRlbnRcL3VwbG9hZHNcLzIwMjVcLzAzXC9NQVBBLUNBUElUQU5JQS1HRU5FUkFMLURFLUdVQVRFTUFMQS1zY2FsZWQud2VicCIsInNsaWRlc2hvdyI6IjBiZTNmZjQifQ%3D%3D\" href='https:\/\/soymigrante.com\/revista\/wp-content\/uploads\/2025\/03\/MAPA-CAPITANIA-GENERAL-DE-GUATEMALA-scaled.webp'><img fetchpriority=\"high\" decoding=\"async\" width=\"768\" height=\"612\" src=\"https:\/\/soymigrante.com\/revista\/wp-content\/uploads\/2025\/03\/MAPA-CAPITANIA-GENERAL-DE-GUATEMALA-1024x816.jpg\" class=\"attachment-large size-large\" alt=\"Hist\u00f3rico mapa antiguo de Guatemala, ilustrando su territorio en 1826, con detalles de r\u00edos, lagos y provincias, patrimonio cultural e historia para art\u00edculos sobre migraci\u00f3n y ra\u00edces guatemaltecas.\" aria-describedby=\"gallery-1-28548\" srcset=\"https:\/\/soymigrante.com\/revista\/wp-content\/uploads\/2025\/03\/MAPA-CAPITANIA-GENERAL-DE-GUATEMALA-1024x816.jpg 1024w, https:\/\/soymigrante.com\/revista\/wp-content\/uploads\/2025\/03\/MAPA-CAPITANIA-GENERAL-DE-GUATEMALA-300x239.jpg 300w, https:\/\/soymigrante.com\/revista\/wp-content\/uploads\/2025\/03\/MAPA-CAPITANIA-GENERAL-DE-GUATEMALA-768x612.jpg 768w, https:\/\/soymigrante.com\/revista\/wp-content\/uploads\/2025\/03\/MAPA-CAPITANIA-GENERAL-DE-GUATEMALA-1536x1224.jpg 1536w, https:\/\/soymigrante.com\/revista\/wp-content\/uploads\/2025\/03\/MAPA-CAPITANIA-GENERAL-DE-GUATEMALA-2048x1633.jpg 2048w, https:\/\/soymigrante.com\/revista\/wp-content\/uploads\/2025\/03\/MAPA-CAPITANIA-GENERAL-DE-GUATEMALA-750x598.webp 750w, https:\/\/soymigrante.com\/revista\/wp-content\/uploads\/2025\/03\/MAPA-CAPITANIA-GENERAL-DE-GUATEMALA-1140x909.webp 1140w, https:\/\/soymigrante.com\/revista\/wp-content\/uploads\/2025\/03\/MAPA-CAPITANIA-GENERAL-DE-GUATEMALA-scaled.webp 1920w\" sizes=\"(max-width: 768px) 100vw, 768px\" title=\"Al momento de la Independencia de 1821, la Capitan\u00eda General de Guatemala abarcaba desde el actual territorio de Chiapas hasta Costa Rica; despu\u00e9s de ser provincias pasaron a ser Estados de la Federaci\u00f3n Centroamericana, pero se fueron separando como Rep\u00fablicas Independientes entre 1832 y 1840. Guatemala se declar\u00f3 Rep\u00fablica en 1847. \u2013 SoyMigrante.com REVISTA\" \/><\/a>\n\t\t\t<\/div>\n\t\t\t\t<figcaption class='wp-caption-text gallery-caption' id='gallery-1-28548'>\n\t\t\t\tAl momento de la Independencia de 1821, la Capitan\u00eda General de Guatemala abarcaba desde el actual territorio de Chiapas hasta Costa Rica; despu\u00e9s de ser provincias pasaron a ser Estados de la Federaci\u00f3n Centroamericana, pero se fueron separando como Rep\u00fablicas Independientes entre 1832 y 1840. Guatemala se declar\u00f3 Rep\u00fablica en 1847.\n\t\t\t\t<\/figcaption><\/figure><figure class='gallery-item'>\n\t\t\t<div class='gallery-icon landscape'>\n\t\t\t\t<a data-elementor-open-lightbox=\"yes\" data-elementor-lightbox-slideshow=\"0be3ff4\" data-elementor-lightbox-title=\"Mapa de Guatemala de 1859. Refleja c\u00f3mo estaba integrada la Rep\u00fablica fundada en 1847, que a\u00fan inclu\u00eda territorios de Chiapas y Sononusco, que hoy son parte de M\u00e9xico.  Se publica este mapa con car\u00e1cter de ilustraci\u00f3n. El gobernante era el presidente Rafael Carrera.\" data-elementor-lightbox-description=\"Mapa de Guatemala de 1859. Refleja c\u00f3mo estaba integrada la Rep\u00fablica fundada en 1847, que a\u00fan inclu\u00eda territorios de Chiapas y Sononusco, que hoy son parte de M\u00e9xico.  Se publica este mapa con car\u00e1cter de ilustraci\u00f3n. El gobernante era el presidente Rafael Carrera.\" data-e-action-hash=\"#elementor-action%3Aaction%3Dlightbox%26settings%3DeyJpZCI6Mjg1NDksInVybCI6Imh0dHBzOlwvXC9zb3ltaWdyYW50ZS5jb21cL3JldmlzdGFcL3dwLWNvbnRlbnRcL3VwbG9hZHNcLzIwMjVcLzAzXC9NQVBBLVJFUFVCTElDQS1ERS1HVUFURU1BTEEtMTg1OS53ZWJwIiwic2xpZGVzaG93IjoiMGJlM2ZmNCJ9\" href='https:\/\/soymigrante.com\/revista\/wp-content\/uploads\/2025\/03\/MAPA-REPUBLICA-DE-GUATEMALA-1859.webp'><img decoding=\"async\" width=\"768\" height=\"752\" src=\"https:\/\/soymigrante.com\/revista\/wp-content\/uploads\/2025\/03\/MAPA-REPUBLICA-DE-GUATEMALA-1859-1024x1002.jpg\" class=\"attachment-large size-large\" alt=\"Guatemala mapa hist\u00f3rico, revista SoyMigrante.com, cultura y territorio, publicaci\u00f3n sobre historia y geograf\u00eda de Guatemala, art\u00edculos migratorios y culturales en la revista SoyMigrante.\" aria-describedby=\"gallery-1-28549\" srcset=\"https:\/\/soymigrante.com\/revista\/wp-content\/uploads\/2025\/03\/MAPA-REPUBLICA-DE-GUATEMALA-1859-1024x1002.jpg 1024w, https:\/\/soymigrante.com\/revista\/wp-content\/uploads\/2025\/03\/MAPA-REPUBLICA-DE-GUATEMALA-1859-300x294.jpg 300w, https:\/\/soymigrante.com\/revista\/wp-content\/uploads\/2025\/03\/MAPA-REPUBLICA-DE-GUATEMALA-1859-768x752.jpg 768w, https:\/\/soymigrante.com\/revista\/wp-content\/uploads\/2025\/03\/MAPA-REPUBLICA-DE-GUATEMALA-1859-1536x1503.jpg 1536w, https:\/\/soymigrante.com\/revista\/wp-content\/uploads\/2025\/03\/MAPA-REPUBLICA-DE-GUATEMALA-1859-750x734.webp 750w, https:\/\/soymigrante.com\/revista\/wp-content\/uploads\/2025\/03\/MAPA-REPUBLICA-DE-GUATEMALA-1859-1140x1116.webp 1140w, https:\/\/soymigrante.com\/revista\/wp-content\/uploads\/2025\/03\/MAPA-REPUBLICA-DE-GUATEMALA-1859.webp 1920w\" sizes=\"(max-width: 768px) 100vw, 768px\" title=\"Mapa de Guatemala de 1859. Refleja c\u00f3mo estaba integrada la Rep\u00fablica fundada en 1847, que a\u00fan inclu\u00eda territorios de Chiapas y Sononusco, que hoy son parte de M\u00e9xico.  Se publica este mapa con car\u00e1cter de ilustraci\u00f3n. El gobernante era el presidente Rafael Carrera. \u2013 SoyMigrante.com REVISTA\" \/><\/a>\n\t\t\t<\/div>\n\t\t\t\t<figcaption class='wp-caption-text gallery-caption' id='gallery-1-28549'>\n\t\t\t\tMapa de Guatemala de 1859. Refleja c\u00f3mo estaba integrada la Rep\u00fablica fundada en 1847, que a\u00fan inclu\u00eda territorios de Chiapas y Sononusco, que hoy son parte de M\u00e9xico.  Se publica este mapa con car\u00e1cter de ilustraci\u00f3n. El gobernante era el presidente Rafael Carrera.\n\t\t\t\t<\/figcaption><\/figure><figure class='gallery-item'>\n\t\t\t<div class='gallery-icon landscape'>\n\t\t\t\t<a data-elementor-open-lightbox=\"yes\" data-elementor-lightbox-slideshow=\"0be3ff4\" data-elementor-lightbox-title=\"Mapa actual de Guatemala por Google Earth con la actual divisi\u00f3n administrativa en 22 departamentos.\" data-elementor-lightbox-description=\"Mapa satelital de Guatemala mostrando fronteras, cuerpos de agua y relieve, ideal para entender la geograf\u00eda del pa\u00eds en art\u00edculos de migraci\u00f3n, cultura y actualidad en SoyMigrante.com.\" data-e-action-hash=\"#elementor-action%3Aaction%3Dlightbox%26settings%3DeyJpZCI6Mjg1NTIsInVybCI6Imh0dHBzOlwvXC9zb3ltaWdyYW50ZS5jb21cL3JldmlzdGFcL3dwLWNvbnRlbnRcL3VwbG9hZHNcLzIwMjVcLzAzXC9NQVBBLUdVQVRFTUFMQS1HT09HTEUtRUFSVEgud2VicCIsInNsaWRlc2hvdyI6IjBiZTNmZjQifQ%3D%3D\" href='https:\/\/soymigrante.com\/revista\/wp-content\/uploads\/2025\/03\/MAPA-GUATEMALA-GOOGLE-EARTH.webp'><img decoding=\"async\" width=\"768\" height=\"637\" src=\"https:\/\/soymigrante.com\/revista\/wp-content\/uploads\/2025\/03\/MAPA-GUATEMALA-GOOGLE-EARTH-1024x849.jpg\" class=\"attachment-large size-large\" alt=\"Guatemala mapa satelital con l\u00edmites y cuerpos de agua, destacando la geograf\u00eda diversa y las \u00e1reas naturales del pa\u00eds.\" aria-describedby=\"gallery-1-28552\" srcset=\"https:\/\/soymigrante.com\/revista\/wp-content\/uploads\/2025\/03\/MAPA-GUATEMALA-GOOGLE-EARTH-1024x849.jpg 1024w, https:\/\/soymigrante.com\/revista\/wp-content\/uploads\/2025\/03\/MAPA-GUATEMALA-GOOGLE-EARTH-300x250.webp 300w, https:\/\/soymigrante.com\/revista\/wp-content\/uploads\/2025\/03\/MAPA-GUATEMALA-GOOGLE-EARTH-768x637.jpg 768w, https:\/\/soymigrante.com\/revista\/wp-content\/uploads\/2025\/03\/MAPA-GUATEMALA-GOOGLE-EARTH-750x622.webp 750w, https:\/\/soymigrante.com\/revista\/wp-content\/uploads\/2025\/03\/MAPA-GUATEMALA-GOOGLE-EARTH-1140x946.webp 1140w, https:\/\/soymigrante.com\/revista\/wp-content\/uploads\/2025\/03\/MAPA-GUATEMALA-GOOGLE-EARTH.webp 1302w\" sizes=\"(max-width: 768px) 100vw, 768px\" title=\"Mapa actual de Guatemala por Google Earth con la actual divisi\u00f3n administrativa en 22 departamentos. \u2013 SoyMigrante.com REVISTA\" \/><\/a>\n\t\t\t<\/div>\n\t\t\t\t<figcaption class='wp-caption-text gallery-caption' id='gallery-1-28552'>\n\t\t\t\tRevista SoyMigrante.com presenta contenidos especializados en migraci\u00f3n y cultura guatemalteca, reflejando la diversidad y realidades del pa\u00eds y sus comunidades.\n\t\t\t\t<\/figcaption><\/figure>\n\t\t<\/div>\n\t\t<\/div>\n\t\t\t\t\t\t<\/div>\n\t\t\t\t\t<\/div>\n\t\t\t\t<\/div>\n\t\t<div data-particle_enable=\"false\" data-particle-mobile-disabled=\"false\" class=\"elementor-element elementor-element-64a8444 e-flex e-con-boxed e-con e-parent\" data-id=\"64a8444\" data-element_type=\"container\" data-e-type=\"container\">\n\t\t\t\t\t<div class=\"e-con-inner\">\n\t\t\t\t<div class=\"elementor-element elementor-element-5bf642d elementor-widget elementor-widget-heading\" data-id=\"5bf642d\" data-element_type=\"widget\" data-e-type=\"widget\" data-widget_type=\"heading.default\">\n\t\t\t\t\t<h3 class=\"elementor-heading-title elementor-size-default\">Regiones, alturas y climas<\/h3>\t\t\t\t<\/div>\n\t\t\t\t\t<\/div>\n\t\t\t\t<\/div>\n\t\t<div data-particle_enable=\"false\" data-particle-mobile-disabled=\"false\" class=\"elementor-element elementor-element-f3a2769 e-flex e-con-boxed e-con e-parent\" data-id=\"f3a2769\" data-element_type=\"container\" data-e-type=\"container\">\n\t\t\t\t\t<div class=\"e-con-inner\">\n\t\t\t\t<div class=\"elementor-element elementor-element-e897f2f elementor-widget elementor-widget-text-editor\" data-id=\"e897f2f\" data-element_type=\"widget\" data-e-type=\"widget\" data-widget_type=\"text-editor.default\">\n\t\t\t\t\t\t\t\t\t<p><span style=\"color: var( --e-global-color-text ); text-align: var(--text-align);\">El territorio de Guatemala presenta un relieve muy variado.\u00a0 En la Costa del Pac\u00edfico se extiende una planicie costera ancha, sin interrupciones topogr\u00e1ficas por serran\u00edas, cuyo l\u00edmite norte se puede localizar arbitrariamente a lo largo de 300 m de altura.\u00a0<\/span><\/p><p>Hacia el norte, y paralela a la planicie costera, la topograf\u00eda se eleva abruptamente por la presencia de una <a href=\"https:\/\/soymigrante.com\/revista\/7-volcanes-de-guatemala-datos-y-leyenda-que-quiza-ya-sabias-o-tal-vez-no\/\">cadena volc\u00e1nica,<\/a> que llega a alturas superiores a los 4,000 m. Con excepci\u00f3n de los conos volc\u00e1nicos, las alturas predominantes en esta \u00e1rea son de 1,000 a 2,000 m en su porci\u00f3n oriental, y superiores a los 2,000 m en su parte occidental, en la zona conocida como Altiplano.\u00a0<\/p><p>Al norte de la <a href=\"https:\/\/soymigrante.com\/revista\/7-volcanes-de-guatemala-datos-y-leyenda-que-quiza-ya-sabias-o-tal-vez-no\/\">zona volc\u00e1nica<\/a>, en la porci\u00f3n oriental del pa\u00eds, se encuentran varias sierras bajas, que se extienden hacia Honduras y cuyos nombres var\u00edan localmente.\u00a0<\/p><p>El R\u00edo Motagua sirve de separaci\u00f3n entre las monta\u00f1as citadas anteriormente y una serie de sierras mayores que cruza el pa\u00eds en direcci\u00f3n general este-oeste, con alturas superiores a los 2,000 m.\u00a0<\/p><p>La regi\u00f3n norte del pa\u00eds, que incluye parte de los Departamentos de Quich\u00e9 y Alta Verapaz y casi todo Pet\u00e9n, se caracteriza por una topograf\u00eda baja, con elevaciones inferiores a los 500 m. La mayor parte se ubica entre 100 y 200 m.<\/p>\t\t\t\t\t\t\t\t<\/div>\n\t\t\t\t\t<\/div>\n\t\t\t\t<\/div>\n\t\t<div data-particle_enable=\"false\" data-particle-mobile-disabled=\"false\" class=\"elementor-element elementor-element-ffcf913 e-flex e-con-boxed e-con e-parent\" data-id=\"ffcf913\" data-element_type=\"container\" data-e-type=\"container\">\n\t\t\t\t\t<div class=\"e-con-inner\">\n\t\t\t\t<div class=\"elementor-element elementor-element-d656a6a elementor-widget elementor-widget-image\" data-id=\"d656a6a\" data-element_type=\"widget\" data-e-type=\"widget\" data-widget_type=\"image.default\">\n\t\t\t\t\t\t\t\t\t\t\t\t<figure class=\"wp-caption\">\n\t\t\t\t\t\t\t\t\t\t<img loading=\"lazy\" decoding=\"async\" width=\"750\" height=\"720\" src=\"https:\/\/soymigrante.com\/revista\/wp-content\/uploads\/2025\/03\/GUATEMALA-POR-REGIONES-CLIMATICAS.webp\" class=\"attachment-large size-large wp-image-28557\" alt=\"L\u00cdNEA DEL TIEMPO: REVISTA SoyMigrante.com, que aborda temas sobre emigrantes, derechos laborales y cultura en M\u00e9xico y Am\u00e9rica Latina.\" srcset=\"https:\/\/soymigrante.com\/revista\/wp-content\/uploads\/2025\/03\/GUATEMALA-POR-REGIONES-CLIMATICAS.webp 750w, https:\/\/soymigrante.com\/revista\/wp-content\/uploads\/2025\/03\/GUATEMALA-POR-REGIONES-CLIMATICAS-300x288.jpg 300w\" sizes=\"(max-width: 750px) 100vw, 750px\" title=\"Mapa de Guatemala con la divisi\u00f3n administrativa departamental, pero en colores est\u00e1n marcadas las principales regiones clim\u00e1ticas seg\u00fan el Instituto Nacional de Sismolog\u00eda, Vulcanolog\u00eda, Meteorolog\u00eda e Hidrolog\u00eda, Insivumeh. \u2013 SoyMigrante.com REVISTA\" \/>\t\t\t\t\t\t\t\t\t\t\t<figcaption class=\"widget-image-caption wp-caption-text\">Revista SoyMigrante.com con art\u00edculos especializados que cubren migraci\u00f3n, derechos humanos y experiencias de migrantes en M\u00e9xico y Am\u00e9rica Latina.<\/figcaption>\n\t\t\t\t\t\t\t\t\t\t<\/figure>\n\t\t\t\t\t\t\t\t\t<\/div>\n\t\t\t\t\t<\/div>\n\t\t\t\t<\/div>\n\t\t<div data-particle_enable=\"false\" data-particle-mobile-disabled=\"false\" class=\"elementor-element elementor-element-6cc21d7 e-flex e-con-boxed e-con e-parent\" data-id=\"6cc21d7\" data-element_type=\"container\" data-e-type=\"container\">\n\t\t\t\t\t<div class=\"e-con-inner\">\n\t\t\t\t<div class=\"elementor-element elementor-element-af4268b elementor-widget elementor-widget-heading\" data-id=\"af4268b\" data-element_type=\"widget\" data-e-type=\"widget\" data-widget_type=\"heading.default\">\n\t\t\t\t\t<h3 class=\"elementor-heading-title elementor-size-default\">El camino del agua: las cuencas de r\u00edos<\/h3>\t\t\t\t<\/div>\n\t\t\t\t\t<\/div>\n\t\t\t\t<\/div>\n\t\t<div data-particle_enable=\"false\" data-particle-mobile-disabled=\"false\" class=\"elementor-element elementor-element-357ae2e e-flex e-con-boxed e-con e-parent\" data-id=\"357ae2e\" data-element_type=\"container\" data-e-type=\"container\">\n\t\t\t\t\t<div class=\"e-con-inner\">\n\t\t\t\t<div class=\"elementor-element elementor-element-99bb674 elementor-widget elementor-widget-text-editor\" data-id=\"99bb674\" data-element_type=\"widget\" data-e-type=\"widget\" data-widget_type=\"text-editor.default\">\n\t\t\t\t\t\t\t\t\t<p><span style=\"color: var( --e-global-color-text ); text-align: var(--text-align);\">En Guatemala existen dos vertientes: Hacia el Atl\u00e1ntico (desembocando en el Mar Caribe o en territorio mexicano hacia el Golfo de M\u00e9xico) y hacia el Pac\u00edfico.<\/span><\/p><p>La vertiente del Pac\u00edfico est\u00e1 formada por 18 cuencas, cuyos r\u00edos principales son, por lo general, de poca longitud y de pendientes fuertes en su parte alta, ya que se originan en la cadena volc\u00e1nica.<\/p><p>La cuenca del Caribe tiene r\u00edos de mayor longitud y menor pendiente. El Usumacinta es el r\u00edo de mayor caudal de cuantos desembocan en el Golfo de M\u00e9xico y el Mar Caribe. Mide 1000 kil\u00f3metros pero solo 188 de ellos est\u00e1n en contacto con Guatemala. Marca parte de la frontera entre Guatemala y M\u00e9xico. Sin embargo, el r\u00edo m\u00e1s largo que atraviesa Guatemala es el Motagua con 487 kil\u00f3metros de recorrido.\u00a0<\/p><p>Los lagos y lagunas de Guatemala ocupan en conjunto una superficie de 950 km2 aproximadamente. El mayor es el Lago de Izabal, que es parte del sistema hidrol\u00f3gico del R\u00edo Polochic; su extensi\u00f3n es de 509 km2. Es un lago de poca profundidad, ya que \u00e9sta s\u00f3lo alcanza un m\u00e1ximo de aproximadamente 20 m. En extensi\u00f3n le sigue el <a href=\"https:\/\/soymigrante.com\/revista\/panajachel-lago-atitlan-puerta-entrada-guatemala\/\">Lago de Atitl\u00e1n <\/a>que tiene 125 km2 de extensi\u00f3n, y una profundidad m\u00e1xima de 324 m.\u00a0<\/p>\t\t\t\t\t\t\t\t<\/div>\n\t\t\t\t\t<\/div>\n\t\t\t\t<\/div>\n\t\t<div data-particle_enable=\"false\" data-particle-mobile-disabled=\"false\" class=\"elementor-element elementor-element-3b1c33d e-flex e-con-boxed e-con e-parent\" data-id=\"3b1c33d\" data-element_type=\"container\" data-e-type=\"container\">\n\t\t\t\t\t<div class=\"e-con-inner\">\n\t\t\t\t<div class=\"elementor-element elementor-element-ce52606 elementor-widget elementor-widget-image\" data-id=\"ce52606\" data-element_type=\"widget\" data-e-type=\"widget\" data-widget_type=\"image.default\">\n\t\t\t\t\t\t\t\t\t\t\t\t<figure class=\"wp-caption\">\n\t\t\t\t\t\t\t\t\t\t<img loading=\"lazy\" decoding=\"async\" width=\"768\" height=\"811\" src=\"https:\/\/soymigrante.com\/revista\/wp-content\/uploads\/2025\/03\/Mapa-hidrologico-de-Guatemala-Cuencas-970x1024.jpg\" class=\"attachment-large size-large wp-image-28572\" alt=\"R\u00edo Guatemala y cuencas hidrogr\u00e1ficas en un mapa base del Atlas Hidrol\u00f3gico de Guatemala, muestra las principales corrientes de agua, r\u00edos y cuencas del pa\u00eds, elaborado por el Instituto Nacional de Sismolog\u00eda, Vulcanolog\u00eda, Meteorolog\u00eda e Hidrolog\u00eda.\" srcset=\"https:\/\/soymigrante.com\/revista\/wp-content\/uploads\/2025\/03\/Mapa-hidrologico-de-Guatemala-Cuencas-970x1024.jpg 970w, https:\/\/soymigrante.com\/revista\/wp-content\/uploads\/2025\/03\/Mapa-hidrologico-de-Guatemala-Cuencas-284x300.jpg 284w, https:\/\/soymigrante.com\/revista\/wp-content\/uploads\/2025\/03\/Mapa-hidrologico-de-Guatemala-Cuencas-768x811.jpg 768w, https:\/\/soymigrante.com\/revista\/wp-content\/uploads\/2025\/03\/Mapa-hidrologico-de-Guatemala-Cuencas-1455x1536.jpg 1455w, https:\/\/soymigrante.com\/revista\/wp-content\/uploads\/2025\/03\/Mapa-hidrologico-de-Guatemala-Cuencas-1940x2048.jpg 1940w, https:\/\/soymigrante.com\/revista\/wp-content\/uploads\/2025\/03\/Mapa-hidrologico-de-Guatemala-Cuencas-750x792.webp 750w, https:\/\/soymigrante.com\/revista\/wp-content\/uploads\/2025\/03\/Mapa-hidrologico-de-Guatemala-Cuencas-1140x1204.webp 1140w, https:\/\/soymigrante.com\/revista\/wp-content\/uploads\/2025\/03\/Mapa-hidrologico-de-Guatemala-Cuencas.webp 1818w\" sizes=\"(max-width: 768px) 100vw, 768px\" title=\"La l\u00ednea naranja mara la divisi\u00f3n de las cuencas de r\u00edos de Guatemala: Costa Sur, vertiente al Atl\u00e1ntico Caribe y vertiente al Atl\u00e1ntico Golfo de M\u00e9xico. Mapa Insivumeh \u2013 SoyMigrante.com REVISTA\" \/>\t\t\t\t\t\t\t\t\t\t\t<figcaption class=\"widget-image-caption wp-caption-text\">La l\u00ednea naranja mara la divisi\u00f3n de las cuencas de r\u00edos de Guatemala: Costa Sur, vertiente al Atl\u00e1ntico Caribe y vertiente al Atl\u00e1ntico Golfo de M\u00e9xico. Mapa Insivumeh<\/figcaption>\n\t\t\t\t\t\t\t\t\t\t<\/figure>\n\t\t\t\t\t\t\t\t\t<\/div>\n\t\t\t\t\t<\/div>\n\t\t\t\t<\/div>\n\t\t<div data-particle_enable=\"false\" data-particle-mobile-disabled=\"false\" class=\"elementor-element elementor-element-e962336 e-flex e-con-boxed e-con e-parent\" data-id=\"e962336\" data-element_type=\"container\" data-e-type=\"container\">\n\t\t\t\t\t<div class=\"e-con-inner\">\n\t\t\t\t<div class=\"elementor-element elementor-element-7e7581e elementor-widget elementor-widget-heading\" data-id=\"7e7581e\" data-element_type=\"widget\" data-e-type=\"widget\" data-widget_type=\"heading.default\">\n\t\t\t\t\t<h3 class=\"elementor-heading-title elementor-size-default\">El alma y la vida de Guatemala: su poblaci\u00f3n<\/h3>\t\t\t\t<\/div>\n\t\t\t\t\t<\/div>\n\t\t\t\t<\/div>\n\t\t<div data-particle_enable=\"false\" data-particle-mobile-disabled=\"false\" class=\"elementor-element elementor-element-fa33ca7 e-flex e-con-boxed e-con e-parent\" data-id=\"fa33ca7\" data-element_type=\"container\" data-e-type=\"container\">\n\t\t\t\t\t<div class=\"e-con-inner\">\n\t\t\t\t<div class=\"elementor-element elementor-element-6cbe665 elementor-widget elementor-widget-text-editor\" data-id=\"6cbe665\" data-element_type=\"widget\" data-e-type=\"widget\" data-widget_type=\"text-editor.default\">\n\t\t\t\t\t\t\t\t\t<p><span style=\"color: var( --e-global-color-text ); text-align: var(--text-align);\">Seg\u00fan el Censo Nacional de Poblaci\u00f3n 2018 Guatemala tiene alrededor de 17 millones 357 mil 188 habitantes. De esta poblaci\u00f3n, el 56% se identifica como ladino; un 42% forma parte de los 22 pueblos mayas; un 2% son pueblo xinca y un 0.3% son pueblo gar\u00ednagu o gar\u00edfuna. Es este crisol de identidades el que convierte a <a href=\"https:\/\/soymigrante.com\/revista\/category\/guate-nuestra\/pueblos-de-guatemala\/\">Guatemala en un pa\u00eds pluricultural y multiling\u00fce.<\/a><\/span><\/p><p>Sobre la poblaci\u00f3n y las caracter\u00edsticas de cada delimitaci\u00f3n territorial guatemalteca trata la serie Departamentos de Guatemala, con datos actualizados de poblaci\u00f3n, culturas y algunos referentes hist\u00f3ricos y tur\u00edsticos.<\/p>\t\t\t\t\t\t\t\t<\/div>\n\t\t\t\t\t<\/div>\n\t\t\t\t<\/div>\n\t\t<div data-particle_enable=\"false\" data-particle-mobile-disabled=\"false\" class=\"elementor-element elementor-element-939bcb9 e-flex e-con-boxed e-con e-parent\" data-id=\"939bcb9\" data-element_type=\"container\" data-e-type=\"container\">\n\t\t\t\t\t<div class=\"e-con-inner\">\n\t\t\t\t<div class=\"elementor-element elementor-element-28af345 elementor-widget elementor-widget-image\" data-id=\"28af345\" data-element_type=\"widget\" data-e-type=\"widget\" data-widget_type=\"image.default\">\n\t\t\t\t\t\t\t\t\t\t\t\t<figure class=\"wp-caption\">\n\t\t\t\t\t\t\t\t\t\t\t<a href=\"https:\/\/soymigrante.com\/revista\/category\/guate-nuestra\/pueblos-de-guatemala\/\">\n\t\t\t\t\t\t\t<img loading=\"lazy\" decoding=\"async\" width=\"600\" height=\"776\" src=\"https:\/\/soymigrante.com\/revista\/wp-content\/uploads\/2025\/03\/mapaLinguistico.webp\" class=\"attachment-large size-large wp-image-28564\" alt=\"Mapa ling\u00fc\u00edstico de Guatemala con idiomas mayas, xinka y gar\u00edfuna, destacando comunidades ind\u00edgenas y zonas multiling\u00fces para promover la diversidad cultural y ling\u00fc\u00edstica en el pa\u00eds.\" srcset=\"https:\/\/soymigrante.com\/revista\/wp-content\/uploads\/2025\/03\/mapaLinguistico.webp 600w, https:\/\/soymigrante.com\/revista\/wp-content\/uploads\/2025\/03\/mapaLinguistico-232x300.png 232w\" sizes=\"(max-width: 600px) 100vw, 600px\" title=\"Mapa con departamentos y en colores el \u00e1rea aproximada de distribuci\u00f3n de los pueblos mayas predominantes en regiones de Guatemala. Pero debe tomarse en cuenta que  la migraci\u00f3n interna y las actividades comerciales, sociales y productivas crean desplazamientos de poblaci\u00f3n en un pa\u00eds pluricultural y multiling\u00fce. \u2013 SoyMigrante.com REVISTA\" \/>\t\t\t\t\t\t\t\t<\/a>\n\t\t\t\t\t\t\t\t\t\t\t<figcaption class=\"widget-image-caption wp-caption-text\">Mapa ling\u00fc\u00edstico de Guatemala con idiomas mayas, xinka y gar\u00edfuna, destacando comunidades ind\u00edgenas y zonas multiling\u00fces para promover la diversidad cultural y ling\u00fc\u00edstica en el pa\u00eds.<\/figcaption>\n\t\t\t\t\t\t\t\t\t\t<\/figure>\n\t\t\t\t\t\t\t\t\t<\/div>\n\t\t\t\t\t<\/div>\n\t\t\t\t<\/div>\n\t\t<div data-particle_enable=\"false\" data-particle-mobile-disabled=\"false\" class=\"elementor-element elementor-element-a3eb6f5 e-flex e-con-boxed e-con e-parent\" data-id=\"a3eb6f5\" data-element_type=\"container\" data-e-type=\"container\">\n\t\t\t\t\t<div class=\"e-con-inner\">\n\t\t\t\t<div class=\"elementor-element elementor-element-0b538ec elementor-widget elementor-widget-heading\" data-id=\"0b538ec\" data-element_type=\"widget\" data-e-type=\"widget\" data-widget_type=\"heading.default\">\n\t\t\t\t\t<h2 class=\"elementor-heading-title elementor-size-default\">Serie Departamentos de Guatemala<\/h2>\t\t\t\t<\/div>\n\t\t\t\t\t<\/div>\n\t\t\t\t<\/div>\n\t\t<div data-particle_enable=\"false\" data-particle-mobile-disabled=\"false\" class=\"elementor-element elementor-element-b714427 e-flex e-con-boxed e-con e-parent\" data-id=\"b714427\" data-element_type=\"container\" data-e-type=\"container\">\n\t\t\t\t\t<div class=\"e-con-inner\">\n\t\t\t\t<div class=\"elementor-element elementor-element-b2ed9c8 elementor-grid-eael-col-3 elementor-grid-tablet-eael-col-2 elementor-grid-mobile-eael-col-1 elementor-widget elementor-widget-eael-post-grid\" data-id=\"b2ed9c8\" data-element_type=\"widget\" data-e-type=\"widget\" data-settings=\"{&quot;eael_post_grid_columns&quot;:&quot;eael-col-3&quot;,&quot;eael_post_grid_columns_tablet&quot;:&quot;eael-col-2&quot;,&quot;eael_post_grid_columns_mobile&quot;:&quot;eael-col-1&quot;}\" data-widget_type=\"eael-post-grid.default\">\n\t\t\t\t\t<div id=\"eael-post-grid-b2ed9c8\" class=\"eael-post-grid-container\">\n            <div class=\"eael-post-grid eael-post-appender eael-post-appender-b2ed9c8 eael-post-grid-style-one\" data-layout-mode=\"masonry\"><article class=\"eael-grid-post  eael-post-grid-column eael-pg-post-17996 category-guate-nuestra tags-departamentos-de-guatemala\" data-id=\"17996\">\n        <div class=\"eael-grid-post-holder\">\n            <div class=\"eael-grid-post-holder-inner\"><div class=\"eael-entry-media\"><div class=\"eael-entry-overlay fade-in\"><i class=\"far fa-hand-pointer\" aria-hidden=\"true\"><\/i><a href=\"https:\/\/soymigrante.com\/revista\/departamentos-de-guatemala-preguntas-y-respuestas-sobre-el-progreso\/\"><\/a><\/div><div class=\"eael-entry-thumbnail \">\n                <img loading=\"lazy\" decoding=\"async\" width=\"1024\" height=\"1024\" src=\"https:\/\/soymigrante.com\/revista\/wp-content\/uploads\/2025\/01\/iglesia-san-cristobal-acasaguastlan-1024x1024.jpg\" class=\"attachment-large size-large wp-image-19513\" alt=\"Im\u00e1genes de la iglesia colonial en un pueblo de M\u00e9xico con paisaje monta\u00f1oso y cielo despejado, representando patrimonio cultural y arquitect\u00f3nico.\" srcset=\"https:\/\/soymigrante.com\/revista\/wp-content\/uploads\/2025\/01\/iglesia-san-cristobal-acasaguastlan-1024x1024.jpg 1024w, https:\/\/soymigrante.com\/revista\/wp-content\/uploads\/2025\/01\/iglesia-san-cristobal-acasaguastlan-300x300.jpg 300w, https:\/\/soymigrante.com\/revista\/wp-content\/uploads\/2025\/01\/iglesia-san-cristobal-acasaguastlan-150x150.jpg 150w, https:\/\/soymigrante.com\/revista\/wp-content\/uploads\/2025\/01\/iglesia-san-cristobal-acasaguastlan-768x768.jpg 768w, https:\/\/soymigrante.com\/revista\/wp-content\/uploads\/2025\/01\/iglesia-san-cristobal-acasaguastlan-75x75.webp 75w, https:\/\/soymigrante.com\/revista\/wp-content\/uploads\/2025\/01\/iglesia-san-cristobal-acasaguastlan-750x750.webp 750w, https:\/\/soymigrante.com\/revista\/wp-content\/uploads\/2025\/01\/iglesia-san-cristobal-acasaguastlan-1140x1140.webp 1140w, https:\/\/soymigrante.com\/revista\/wp-content\/uploads\/2025\/01\/iglesia-san-cristobal-acasaguastlan.webp 1152w\" sizes=\"(max-width: 1024px) 100vw, 1024px\" \/>\n            <\/div>\n        <\/div><div class=\"eael-entry-wrapper\"><header class=\"eael-entry-header\"><h2 class=\"eael-entry-title\"><a class=\"eael-grid-post-link\" href=\"https:\/\/soymigrante.com\/revista\/departamentos-de-guatemala-preguntas-y-respuestas-sobre-el-progreso\/\" title=\"Departamentos de Guatemala: El Progreso re\u00fane riqueza hist\u00f3rica, cultural y productiva\">Departamentos de Guatemala: El Progreso re\u00fane riqueza hist\u00f3rica, cultural y productiva<\/a><\/h2><\/header><div class=\"eael-entry-content\">\n                        <div class=\"eael-grid-post-excerpt\"><a href=\"https:\/\/soymigrante.com\/revista\/departamentos-de-guatemala-preguntas-y-respuestas-sobre-el-progreso\/\" class=\"eael-post-elements-readmore-btn\">CONOCE SU HISTORIA <\/a><\/div>\n                    <\/div><\/div><\/div>\n        <\/div>\n    <\/article><article class=\"eael-grid-post  eael-post-grid-column eael-pg-post-18033 category-guate-nuestra tags-departamentos-de-guatemala\" data-id=\"18033\">\n        <div class=\"eael-grid-post-holder\">\n            <div class=\"eael-grid-post-holder-inner\"><div class=\"eael-entry-media\"><div class=\"eael-entry-overlay fade-in\"><i class=\"far fa-hand-pointer\" aria-hidden=\"true\"><\/i><a href=\"https:\/\/soymigrante.com\/revista\/departamentos-de-guatemala-guatemala-tiene-la-mayor-area-metropolitana\/\"><\/a><\/div><div class=\"eael-entry-thumbnail \">\n                <img loading=\"lazy\" decoding=\"async\" width=\"848\" height=\"848\" src=\"https:\/\/soymigrante.com\/revista\/wp-content\/uploads\/2025\/01\/departamento-de-guatemala.webp\" class=\"attachment-large size-large wp-image-20772\" alt=\"Am\u00e9rica Central vista desde sat\u00e9lite, resaltando \u00e1reas urbanas, cuerpos de agua y zonas verdes en un mapa detallado.\" srcset=\"https:\/\/soymigrante.com\/revista\/wp-content\/uploads\/2025\/01\/departamento-de-guatemala.webp 848w, https:\/\/soymigrante.com\/revista\/wp-content\/uploads\/2025\/01\/departamento-de-guatemala-300x300.jpg 300w, https:\/\/soymigrante.com\/revista\/wp-content\/uploads\/2025\/01\/departamento-de-guatemala-150x150.jpg 150w, https:\/\/soymigrante.com\/revista\/wp-content\/uploads\/2025\/01\/departamento-de-guatemala-768x768.jpg 768w, https:\/\/soymigrante.com\/revista\/wp-content\/uploads\/2025\/01\/departamento-de-guatemala-75x75.webp 75w, https:\/\/soymigrante.com\/revista\/wp-content\/uploads\/2025\/01\/departamento-de-guatemala-750x750.webp 750w\" sizes=\"(max-width: 848px) 100vw, 848px\" \/>\n            <\/div>\n        <\/div><div class=\"eael-entry-wrapper\"><header class=\"eael-entry-header\"><h2 class=\"eael-entry-title\"><a class=\"eael-grid-post-link\" href=\"https:\/\/soymigrante.com\/revista\/departamentos-de-guatemala-guatemala-tiene-la-mayor-area-metropolitana\/\" title=\"Departamentos de Guatemala: Guatemala tiene la mayor \u00e1rea metropolitana\">Departamentos de Guatemala: Guatemala tiene la mayor \u00e1rea metropolitana<\/a><\/h2><\/header><div class=\"eael-entry-content\">\n                        <div class=\"eael-grid-post-excerpt\"><a href=\"https:\/\/soymigrante.com\/revista\/departamentos-de-guatemala-guatemala-tiene-la-mayor-area-metropolitana\/\" class=\"eael-post-elements-readmore-btn\">CONOCE SU HISTORIA <\/a><\/div>\n                    <\/div><\/div><\/div>\n        <\/div>\n    <\/article><article class=\"eael-grid-post  eael-post-grid-column eael-pg-post-26923 category-guate-nuestra tags-departamentos-de-guatemala\" data-id=\"26923\">\n        <div class=\"eael-grid-post-holder\">\n            <div class=\"eael-grid-post-holder-inner\"><div class=\"eael-entry-media\"><div class=\"eael-entry-overlay fade-in\"><i class=\"far fa-hand-pointer\" aria-hidden=\"true\"><\/i><a href=\"https:\/\/soymigrante.com\/revista\/departamentos-de-guatemala-solola-tiene-un-corazon-de-agua-cristalina-entre-montanas\/\"><\/a><\/div><div class=\"eael-entry-thumbnail \">\n                <img loading=\"lazy\" decoding=\"async\" width=\"1024\" height=\"614\" src=\"https:\/\/soymigrante.com\/revista\/wp-content\/uploads\/2025\/03\/Solola\u0301--1024x614.jpeg\" class=\"attachment-large size-large wp-image-26924\" alt=\"Departamentos de Guatemala: Solol\u00e1 la cuna de colores y tradiciones\" \/>\n            <\/div>\n        <\/div><div class=\"eael-entry-wrapper\"><header class=\"eael-entry-header\"><h2 class=\"eael-entry-title\"><a class=\"eael-grid-post-link\" href=\"https:\/\/soymigrante.com\/revista\/departamentos-de-guatemala-solola-tiene-un-corazon-de-agua-cristalina-entre-montanas\/\" title=\"Departamentos de Guatemala: Solol\u00e1 tiene un coraz\u00f3n de agua cristalina entre monta\u00f1as\">Departamentos de Guatemala: Solol\u00e1 tiene un coraz\u00f3n de agua cristalina entre monta\u00f1as<\/a><\/h2><\/header><div class=\"eael-entry-content\">\n                        <div class=\"eael-grid-post-excerpt\"><a href=\"https:\/\/soymigrante.com\/revista\/departamentos-de-guatemala-solola-tiene-un-corazon-de-agua-cristalina-entre-montanas\/\" class=\"eael-post-elements-readmore-btn\">CONOCE SU HISTORIA <\/a><\/div>\n                    <\/div><\/div><\/div>\n        <\/div>\n    <\/article><\/div>\n            <div class=\"clearfix\"><\/div>\n        <\/div>            <div class=\"eael-load-more-button-wrap eael-force-hide\">\n                <button class=\"eael-load-more-button\" id=\"eael-load-more-btn-b2ed9c8\" data-widget-id=\"b2ed9c8\" data-widget=\"b2ed9c8\" data-page-id=\"28544\" data-template=\"{&quot;dir&quot;:&quot;lite&quot;,&quot;file_name&quot;:&quot;one.php&quot;,&quot;name&quot;:&quot;Post-Grid&quot;}\" data-class=\"Essential_Addons_Elementor\\Elements\\Post_Grid\" data-layout=\"masonry\" data-page=\"1\" data-args=\"orderby=rand&amp;order=desc&amp;ignore_sticky_posts=1&amp;post_status=publish&amp;posts_per_page=3&amp;offset=0&amp;post_type=post&amp;tax_query%5B0%5D%5Btaxonomy%5D=post_tag&amp;tax_query%5B0%5D%5Bfield%5D=term_id&amp;tax_query%5B0%5D%5Bterms%5D%5B0%5D=137&amp;tax_query%5Brelation%5D=AND\" data-max-page=\"7\">\n                    <span class=\"eael-btn-loader button__loader\"><\/span>\n                    <span class=\"eael_load_more_text\">Load More<\/span>\n                <\/button>\n            <\/div>\n            \t\t\t\t<\/div>\n\t\t\t\t\t<\/div>\n\t\t\t\t<\/div>\n\t\t\t\t<\/div>\n\t\t","protected":false},"excerpt":{"rendered":"<p>El territorio guatemalteco est\u00e1 integrado por una distribuci\u00f3n pol\u00edtica de 22 departamentos. Alguna vez fueron solo 7, pero para prop\u00f3sitos administrativos se fueron subdividiendo y cambiando l\u00edmites hasta integrar los actuales, que a su vez se dividen en 340 municipios. El \u00e1rea terrestre de la Rep\u00fablica de Guatemala es de 108,889 km, integrada actualmente por [&hellip;]<\/p>\n","protected":false},"author":7,"featured_media":28546,"comment_status":"open","ping_status":"open","sticky":false,"template":"","format":"standard","meta":{"_acf_changed":false,"_eb_attr":"","footnotes":""},"categories":[58],"tags":[137],"class_list":["post-28544","post","type-post","status-publish","format-standard","has-post-thumbnail","hentry","category-guate-nuestra","tag-departamentos-de-guatemala"],"acf":[],"aioseo_notices":[],"aioseo_head":"\n\t\t<!-- All in One SEO Pro 4.9.6.2 - aioseo.com -->\n\t<meta name=\"description\" content=\"Mosaico de paisajes, collage de pueblos, surcos donde florece gente laboriosa y tambi\u00e9n lienzo de artistas. Conoce m\u00e1s sobre el departamento de Solol\u00e1.\" \/>\n\t<meta name=\"robots\" content=\"max-snippet:-1, max-image-preview:large, max-video-preview:-1\" \/>\n\t<meta name=\"author\" content=\"Marysabel Aldana\"\/>\n\t<link rel=\"canonical\" href=\"https:\/\/soymigrante.com\/revista\/departamentos-de-guatemala-solola-tiene-un-corazon-de-agua-cristalina-entre-montanas\/\" \/>\n\t<meta name=\"generator\" content=\"All in One SEO Pro (AIOSEO) 4.9.6.2\" \/>\n\n\t\t<link rel=\"preconnect\" href=\"https:\/\/fonts.googleapis.com\" crossorigin>\n<link rel=\"preconnect\" href=\"https:\/\/fonts.gstatic.com\" crossorigin>\n\t\t<meta property=\"og:locale\" content=\"es_ES\" \/>\n\t\t<meta property=\"og:site_name\" content=\"SoyMigrante.com REVISTA \u2013 Nuestra misi\u00f3n es reconocer y dignificar al migrante.\" \/>\n\t\t<meta property=\"og:type\" content=\"article\" \/>\n\t\t<meta property=\"og:title\" content=\"Departamento de Solol\u00e1 tiene alma de cerro y coraz\u00f3n de lago\" \/>\n\t\t<meta property=\"og:description\" content=\"Mosaico de paisajes, collage de pueblos, surcos donde florece gente laboriosa y tambi\u00e9n lienzo de artistas. Conoce m\u00e1s sobre el departamento de Solol\u00e1.\" \/>\n\t\t<meta property=\"og:url\" content=\"https:\/\/soymigrante.com\/revista\/departamentos-de-guatemala-solola-tiene-un-corazon-de-agua-cristalina-entre-montanas\/\" \/>\n\t\t<meta property=\"og:image\" content=\"https:\/\/soymigrante.com\/revista\/wp-content\/uploads\/2025\/03\/Solola\u0301--e1741120204946.webp\" \/>\n\t\t<meta property=\"og:image:secure_url\" content=\"https:\/\/soymigrante.com\/revista\/wp-content\/uploads\/2025\/03\/Solola\u0301--e1741120204946.webp\" \/>\n\t\t<meta property=\"og:image:width\" content=\"720\" \/>\n\t\t<meta property=\"og:image:height\" content=\"720\" \/>\n\t\t<meta property=\"article:published_time\" content=\"2025-03-06T11:00:00+00:00\" \/>\n\t\t<meta property=\"article:modified_time\" content=\"2025-03-10T17:28:31+00:00\" \/>\n\t\t<meta property=\"article:publisher\" content=\"https:\/\/www.facebook.com\/soymigrantecom\" \/>\n\t\t<meta name=\"twitter:card\" content=\"summary_large_image\" \/>\n\t\t<meta name=\"twitter:site\" content=\"@SoyMigrante_com\" \/>\n\t\t<meta name=\"twitter:title\" content=\"Departamento de Solol\u00e1 tiene alma de cerro y coraz\u00f3n de lago\" \/>\n\t\t<meta name=\"twitter:description\" content=\"Mosaico de paisajes, collage de pueblos, surcos donde florece gente laboriosa y tambi\u00e9n lienzo de artistas. Conoce m\u00e1s sobre el departamento de Solol\u00e1.\" \/>\n\t\t<meta name=\"twitter:creator\" content=\"@SoyMigrante_com\" \/>\n\t\t<meta name=\"twitter:image\" content=\"https:\/\/soymigrante.com\/revista\/wp-content\/uploads\/2025\/03\/Solola\u0301--e1741120204946.webp\" \/>\n\t\t<!-- All in One SEO Pro -->\r\n\t\t<title>Departamento de Solol\u00e1 tiene alma de cerro y coraz\u00f3n de lago<\/title>\n\n","aioseo_head_json":{"title":"Departamento de Solol\u00e1 tiene alma de cerro y coraz\u00f3n de lago","description":"Mosaico de paisajes, collage de pueblos, surcos donde florece gente laboriosa y tambi\u00e9n lienzo de artistas. Conoce m\u00e1s sobre el departamento de Solol\u00e1.","canonical_url":"https:\/\/soymigrante.com\/revista\/departamentos-de-guatemala-solola-tiene-un-corazon-de-agua-cristalina-entre-montanas\/","robots":"max-snippet:-1, max-image-preview:large, max-video-preview:-1","keywords":"","webmasterTools":{"miscellaneous":"&lt;link rel=\"preconnect\" href=\"https:\/\/fonts.googleapis.com\" crossorigin&gt;\n&lt;link rel=\"preconnect\" href=\"https:\/\/fonts.gstatic.com\" crossorigin&gt;"},"schema":null,"og:locale":"es_ES","og:site_name":"SoyMigrante.com REVISTA \u2013 Nuestra misi\u00f3n es reconocer y dignificar al migrante.","og:type":"article","og:title":"Departamento de Solol\u00e1 tiene alma de cerro y coraz\u00f3n de lago","og:description":"Mosaico de paisajes, collage de pueblos, surcos donde florece gente laboriosa y tambi\u00e9n lienzo de artistas. Conoce m\u00e1s sobre el departamento de Solol\u00e1.","og:url":"https:\/\/soymigrante.com\/revista\/departamentos-de-guatemala-solola-tiene-un-corazon-de-agua-cristalina-entre-montanas\/","og:image":"https:\/\/soymigrante.com\/revista\/wp-content\/uploads\/2025\/03\/Solola\u0301--e1741120204946.webp","og:image:secure_url":"https:\/\/soymigrante.com\/revista\/wp-content\/uploads\/2025\/03\/Solola\u0301--e1741120204946.webp","og:image:width":720,"og:image:height":720,"article:published_time":"2025-03-06T11:00:00+00:00","article:modified_time":"2025-03-10T17:28:31+00:00","article:publisher":"https:\/\/www.facebook.com\/soymigrantecom","twitter:card":"summary_large_image","twitter:site":"@SoyMigrante_com","twitter:title":"Departamento de Solol\u00e1 tiene alma de cerro y coraz\u00f3n de lago","twitter:description":"Mosaico de paisajes, collage de pueblos, surcos donde florece gente laboriosa y tambi\u00e9n lienzo de artistas. Conoce m\u00e1s sobre el departamento de Solol\u00e1.","twitter:creator":"@SoyMigrante_com","twitter:image":"https:\/\/soymigrante.com\/revista\/wp-content\/uploads\/2025\/03\/Solola\u0301--e1741120204946.webp"},"aioseo_meta_data":{"post_id":"28544","title":"22 departamentos de Guatemala: un solo coraz\u00f3n","description":"Guatemala: mismo territorio compartido por 24 pueblos con diversas culturas y expresiones, mosaico de idiomas y tradiciones, de climas, talentos y potenciales.","keywords":null,"keyphrases":{"focus":{"keyphrase":"Guatemala","score":100,"analysis":{"keyphraseInTitle":{"score":9,"maxScore":9,"error":0},"keyphraseInDescription":{"score":9,"maxScore":9,"error":0},"keyphraseLength":{"score":9,"maxScore":9,"error":0,"length":1},"keyphraseInURL":{"score":5,"maxScore":5,"error":0},"keyphraseInIntroduction":{"score":9,"maxScore":9,"error":0},"keyphraseInSubHeadings":{"score":9,"maxScore":9,"error":0},"keyphraseInImageAlt":{"score":9,"maxScore":9,"error":0},"keywordDensity":{"type":"best","score":9,"maxScore":9,"error":0}}},"additional":[{"keyphrase":"Departamentos de Guatemala","score":73,"analysis":{"keyphraseInDescription":{"score":3,"maxScore":9,"error":1},"keyphraseLength":{"score":9,"maxScore":9,"error":0,"length":3},"keyphraseInIntroduction":{"score":3,"maxScore":9,"error":1},"keyphraseInImageAlt":{"score":9,"maxScore":9,"error":0},"keywordDensity":{"type":"best","score":9,"maxScore":9,"error":0}}}]},"primary_term":null,"canonical_url":null,"og_title":null,"og_description":null,"og_object_type":"default","og_image_type":"default","og_image_url":null,"og_image_width":null,"og_image_height":null,"og_image_custom_url":null,"og_image_custom_fields":null,"og_video":"","og_custom_url":null,"og_article_section":null,"og_article_tags":null,"twitter_use_og":false,"twitter_card":"default","twitter_image_type":"default","twitter_image_url":null,"twitter_image_custom_url":null,"twitter_image_custom_fields":null,"twitter_title":null,"twitter_description":null,"schema":{"blockGraphs":[],"customGraphs":[],"default":{"data":{"Article":[],"Course":[],"Dataset":[],"FAQPage":[],"Movie":[],"Person":[],"Product":[],"ProductReview":[],"Car":[],"Recipe":[],"Service":[],"SoftwareApplication":[],"WebPage":[]},"graphName":"BlogPosting","isEnabled":true},"graphs":[]},"schema_type":"default","schema_type_options":null,"pillar_content":false,"robots_default":true,"robots_noindex":false,"robots_noarchive":false,"robots_nosnippet":false,"robots_nofollow":false,"robots_noimageindex":false,"robots_noodp":false,"robots_notranslate":false,"robots_max_snippet":"-1","robots_max_videopreview":"-1","robots_max_imagepreview":"large","priority":null,"frequency":"default","local_seo":null,"seo_analyzer_scan_date":"2025-10-09 03:32:22","breadcrumb_settings":null,"limit_modified_date":false,"reviewed_by":null,"open_ai":"{\"title\":{\"suggestions\":[],\"usage\":0},\"description\":{\"suggestions\":[],\"usage\":0}}","ai":null,"created":"2025-03-17 21:03:56","updated":"2026-02-04 22:16:50"},"aioseo_breadcrumb":"<div class=\"aioseo-breadcrumbs\"><span class=\"aioseo-breadcrumb\">\n\t<a href=\"https:\/\/soymigrante.com\/revista\" title=\"Home\">Home<\/a>\n<\/span><span class=\"aioseo-breadcrumb-separator\">\u00bb<\/span><span class=\"aioseo-breadcrumb\">\n\t<a href=\"https:\/\/soymigrante.com\/revista\/category\/guate-nuestra\/\" title=\"Guate Nuestra\">Guate Nuestra<\/a>\n<\/span><span class=\"aioseo-breadcrumb-separator\">\u00bb<\/span><span class=\"aioseo-breadcrumb\">\n\t22 departamentos de Guatemala: un solo coraz\u00f3n multicultural y mosaico de identidades\n<\/span><\/div>","aioseo_breadcrumb_json":[{"label":"Home","link":"https:\/\/soymigrante.com\/revista"},{"label":"Guate Nuestra","link":"https:\/\/soymigrante.com\/revista\/category\/guate-nuestra\/"},{"label":"22 departamentos de Guatemala: un solo coraz\u00f3n multicultural y mosaico de identidades","link":"https:\/\/soymigrante.com\/revista\/22-departamentos-de-guatemala-un-corazon-multicultural-compartido\/"}],"_links":{"self":[{"href":"https:\/\/soymigrante.com\/revista\/wp-json\/wp\/v2\/posts\/28544","targetHints":{"allow":["GET"]}}],"collection":[{"href":"https:\/\/soymigrante.com\/revista\/wp-json\/wp\/v2\/posts"}],"about":[{"href":"https:\/\/soymigrante.com\/revista\/wp-json\/wp\/v2\/types\/post"}],"author":[{"embeddable":true,"href":"https:\/\/soymigrante.com\/revista\/wp-json\/wp\/v2\/users\/7"}],"replies":[{"embeddable":true,"href":"https:\/\/soymigrante.com\/revista\/wp-json\/wp\/v2\/comments?post=28544"}],"version-history":[{"count":0,"href":"https:\/\/soymigrante.com\/revista\/wp-json\/wp\/v2\/posts\/28544\/revisions"}],"wp:featuredmedia":[{"embeddable":true,"href":"https:\/\/soymigrante.com\/revista\/wp-json\/wp\/v2\/media\/28546"}],"wp:attachment":[{"href":"https:\/\/soymigrante.com\/revista\/wp-json\/wp\/v2\/media?parent=28544"}],"wp:term":[{"taxonomy":"category","embeddable":true,"href":"https:\/\/soymigrante.com\/revista\/wp-json\/wp\/v2\/categories?post=28544"},{"taxonomy":"post_tag","embeddable":true,"href":"https:\/\/soymigrante.com\/revista\/wp-json\/wp\/v2\/tags?post=28544"}],"curies":[{"name":"wp","href":"https:\/\/api.w.org\/{rel}","templated":true}]}}