{"id":28510,"date":"2025-03-18T05:53:21","date_gmt":"2025-03-18T11:53:21","guid":{"rendered":"https:\/\/soymigrante.com\/revista\/?p=28510"},"modified":"2025-03-18T05:59:32","modified_gmt":"2025-03-18T11:59:32","slug":"festejo-familiar-tradicional-quinceaneras-en-guatemala-y-sweet-sixteen-en-estados-unidos","status":"publish","type":"post","link":"https:\/\/soymigrante.com\/revista\/festejo-familiar-tradicional-quinceaneras-en-guatemala-y-sweet-sixteen-en-estados-unidos\/","title":{"rendered":"Los 15 a\u00f1os en Guatemala y Sweet Sixteen en USA: similitudes y diferencias"},"content":{"rendered":"\t\t<div data-elementor-type=\"wp-post\" data-elementor-id=\"28510\" class=\"elementor elementor-28510\" data-elementor-post-type=\"post\">\n\t\t\t\t<div data-particle_enable=\"false\" data-particle-mobile-disabled=\"false\" class=\"elementor-element elementor-element-e0a6ba4 e-flex e-con-boxed e-con e-parent\" data-id=\"e0a6ba4\" data-element_type=\"container\" data-e-type=\"container\">\n\t\t\t\t\t<div class=\"e-con-inner\">\n\t\t\t\t<div class=\"elementor-element elementor-element-50742bf elementor-widget elementor-widget-heading\" data-id=\"50742bf\" data-element_type=\"widget\" data-e-type=\"widget\" data-widget_type=\"heading.default\">\n\t\t\t\t\t<h2 class=\"elementor-heading-title elementor-size-default\">Tanto las Quincea\u00f1eras en Guatemala como los Sweet Sixteen en Estados Unidos celebran una etapa crucial en la vida de los j\u00f3venes. <\/h2>\t\t\t\t<\/div>\n\t\t\t\t\t<\/div>\n\t\t\t\t<\/div>\n\t\t<div data-particle_enable=\"false\" data-particle-mobile-disabled=\"false\" class=\"elementor-element elementor-element-892c084 e-flex e-con-boxed e-con e-parent\" data-id=\"892c084\" data-element_type=\"container\" data-e-type=\"container\">\n\t\t\t\t\t<div class=\"e-con-inner\">\n\t\t\t\t<div class=\"elementor-element elementor-element-a05336a elementor-widget elementor-widget-text-editor\" data-id=\"a05336a\" data-element_type=\"widget\" data-e-type=\"widget\" data-widget_type=\"text-editor.default\">\n\t\t\t\t\t\t\t\t\t<p><a href=\"https:\/\/soymigrante.com\/revista\/siete-claves-para-lograr-enfoque-en-tus-tareas-y-lograr-resultados\/\" target=\"_blank\" rel=\"noopener\">La transici\u00f3n de la ni\u00f1ez a la adultez es un momento significativo en diversas culturas,<\/a> marcado por celebraciones que reflejan valores y tradiciones propias.<\/p><p>En Guatemala, esta etapa se celebra con las Quincea\u00f1eras, mientras que en Estados Unidos es com\u00fan la festividad conocida como Sweet Sixteen.<\/p><p><a href=\"https:\/\/soymigrante.com\/revista\/siete-claves-para-lograr-enfoque-en-tus-tareas-y-lograr-resultados\/\" target=\"_blank\" rel=\"noopener\">Aunque ambas conmemoran el paso a la madurez,<\/a> presentan diferencias notables en su significado, rituales y organizaci\u00f3n.<\/p>\t\t\t\t\t\t\t\t<\/div>\n\t\t\t\t\t<\/div>\n\t\t\t\t<\/div>\n\t\t<div data-particle_enable=\"false\" data-particle-mobile-disabled=\"false\" class=\"elementor-element elementor-element-5f8f97f e-flex e-con-boxed e-con e-parent\" data-id=\"5f8f97f\" data-element_type=\"container\" data-e-type=\"container\">\n\t\t\t\t\t<div class=\"e-con-inner\">\n\t\t\t\t<div class=\"elementor-element elementor-element-7f790f5 elementor-widget elementor-widget-heading\" data-id=\"7f790f5\" data-element_type=\"widget\" data-e-type=\"widget\" data-widget_type=\"heading.default\">\n\t\t\t\t\t<h3 class=\"elementor-heading-title elementor-size-default\">Quincea\u00f1eras en Guatemala: tradici\u00f3n y significado<\/h3>\t\t\t\t<\/div>\n\t\t\t\t\t<\/div>\n\t\t\t\t<\/div>\n\t\t<div data-particle_enable=\"false\" data-particle-mobile-disabled=\"false\" class=\"elementor-element elementor-element-03a8843 e-flex e-con-boxed e-con e-parent\" data-id=\"03a8843\" data-element_type=\"container\" data-e-type=\"container\">\n\t\t\t\t\t<div class=\"e-con-inner\">\n\t\t\t\t<div class=\"elementor-element elementor-element-1387583 elementor-widget elementor-widget-text-editor\" data-id=\"1387583\" data-element_type=\"widget\" data-e-type=\"widget\" data-widget_type=\"text-editor.default\">\n\t\t\t\t\t\t\t\t\t<p>En Guatemala, la Quincea\u00f1era es una celebraci\u00f3n que marca el 15\u00ba cumplea\u00f1os de una joven, simbolizando su transici\u00f3n de ni\u00f1a a mujer.<\/p><p><a href=\"https:\/\/soymigrante.com\/revista\/siete-claves-para-lograr-enfoque-en-tus-tareas-y-lograr-resultados\/\" target=\"_blank\" rel=\"noopener\">Esta tradici\u00f3n, de ra\u00edces latinoamericanas, tiene una fuerte carga cultural y religiosa.<\/a><\/p>\t\t\t\t\t\t\t\t<\/div>\n\t\t\t\t\t<\/div>\n\t\t\t\t<\/div>\n\t\t<div data-particle_enable=\"false\" data-particle-mobile-disabled=\"false\" class=\"elementor-element elementor-element-d9e1790 e-flex e-con-boxed e-con e-parent\" data-id=\"d9e1790\" data-element_type=\"container\" data-e-type=\"container\">\n\t\t\t\t\t<div class=\"e-con-inner\">\n\t\t\t\t<div class=\"elementor-element elementor-element-86b872c elementor-widget elementor-widget-image\" data-id=\"86b872c\" data-element_type=\"widget\" data-e-type=\"widget\" data-widget_type=\"image.default\">\n\t\t\t\t\t\t\t\t\t\t\t\t<figure class=\"wp-caption\">\n\t\t\t\t\t\t\t\t\t\t<img fetchpriority=\"high\" decoding=\"async\" width=\"683\" height=\"1024\" src=\"https:\/\/soymigrante.com\/revista\/wp-content\/uploads\/2025\/03\/Quincean\u0303eras-en-Guatemala-y-Sweet-Sixteen-en-Estados-Unidos2-683x1024.jpg\" class=\"attachment-large size-large wp-image-28529\" alt=\"Quincea\u00f1eras en Guatemala y Sweet Sixteen en Estados Unidos\" srcset=\"https:\/\/soymigrante.com\/revista\/wp-content\/uploads\/2025\/03\/Quincean\u0303eras-en-Guatemala-y-Sweet-Sixteen-en-Estados-Unidos2-683x1024.jpg 683w, https:\/\/soymigrante.com\/revista\/wp-content\/uploads\/2025\/03\/Quincean\u0303eras-en-Guatemala-y-Sweet-Sixteen-en-Estados-Unidos2-200x300.jpg 200w, https:\/\/soymigrante.com\/revista\/wp-content\/uploads\/2025\/03\/Quincean\u0303eras-en-Guatemala-y-Sweet-Sixteen-en-Estados-Unidos2-768x1152.jpg 768w, https:\/\/soymigrante.com\/revista\/wp-content\/uploads\/2025\/03\/Quincean\u0303eras-en-Guatemala-y-Sweet-Sixteen-en-Estados-Unidos2-1024x1536.jpg 1024w, https:\/\/soymigrante.com\/revista\/wp-content\/uploads\/2025\/03\/Quincean\u0303eras-en-Guatemala-y-Sweet-Sixteen-en-Estados-Unidos2-1365x2048.jpg 1365w, https:\/\/soymigrante.com\/revista\/wp-content\/uploads\/2025\/03\/Quincean\u0303eras-en-Guatemala-y-Sweet-Sixteen-en-Estados-Unidos2-750x1125.webp 750w, https:\/\/soymigrante.com\/revista\/wp-content\/uploads\/2025\/03\/Quincean\u0303eras-en-Guatemala-y-Sweet-Sixteen-en-Estados-Unidos2-1140x1710.webp 1140w, https:\/\/soymigrante.com\/revista\/wp-content\/uploads\/2025\/03\/Quincean\u0303eras-en-Guatemala-y-Sweet-Sixteen-en-Estados-Unidos2-scaled.webp 1280w\" sizes=\"(max-width: 683px) 100vw, 683px\" title=\"Quincean\u0303eras en Guatemala y Sweet Sixteen en Estados Unidos2 \u2013 SoyMigrante.com REVISTA\" \/>\t\t\t\t\t\t\t\t\t\t\t<figcaption class=\"widget-image-caption wp-caption-text\">En Estados Unidos se celebran los 16 a\u00f1os, pero en Guatemala son los 15. Aunque son festividades distintas, tienen mucho parecido. (Foto: Pexels)<\/figcaption>\n\t\t\t\t\t\t\t\t\t\t<\/figure>\n\t\t\t\t\t\t\t\t\t<\/div>\n\t\t\t\t\t<\/div>\n\t\t\t\t<\/div>\n\t\t<div data-particle_enable=\"false\" data-particle-mobile-disabled=\"false\" class=\"elementor-element elementor-element-f145be5 e-flex e-con-boxed e-con e-parent\" data-id=\"f145be5\" data-element_type=\"container\" data-e-type=\"container\">\n\t\t\t\t\t<div class=\"e-con-inner\">\n\t\t\t\t<div class=\"elementor-element elementor-element-990769a elementor-widget elementor-widget-heading\" data-id=\"990769a\" data-element_type=\"widget\" data-e-type=\"widget\" data-widget_type=\"heading.default\">\n\t\t\t\t\t<h3 class=\"elementor-heading-title elementor-size-default\">Elementos clave de la celebraci\u00f3n de 15 a\u00f1os<\/h3>\t\t\t\t<\/div>\n\t\t\t\t\t<\/div>\n\t\t\t\t<\/div>\n\t\t<div data-particle_enable=\"false\" data-particle-mobile-disabled=\"false\" class=\"elementor-element elementor-element-17ac78b e-flex e-con-boxed e-con e-parent\" data-id=\"17ac78b\" data-element_type=\"container\" data-e-type=\"container\">\n\t\t\t\t\t<div class=\"e-con-inner\">\n\t\t\t\t<div class=\"elementor-element elementor-element-13598ea elementor-widget elementor-widget-text-editor\" data-id=\"13598ea\" data-element_type=\"widget\" data-e-type=\"widget\" data-widget_type=\"text-editor.default\">\n\t\t\t\t\t\t\t\t\t<div><strong>\u2022Ceremonia religiosa:<\/strong> La festividad suele comenzar con una misa cat\u00f3lica en la que la quincea\u00f1era recibe una bendici\u00f3n especial, resaltando su compromiso con la fe y la comunidad.<\/div><div><strong>\u2022Fiesta formal:<\/strong> Tras la ceremonia, se realiza una recepci\u00f3n que incluye m\u00fasica, baile y banquete. Un momento destacado es el vals que la joven baila con su padre, simbolizando su presentaci\u00f3n en sociedad.<\/div><div><strong>\u2022Rituales simb\u00f3licos:<\/strong> Tradiciones como el cambio de zapatos bajos a tacones altos y la entrega de la \u00faltima mu\u00f1eca representan el paso de la infancia a la adultez.<\/div>\t\t\t\t\t\t\t\t<\/div>\n\t\t\t\t\t<\/div>\n\t\t\t\t<\/div>\n\t\t<div data-particle_enable=\"false\" data-particle-mobile-disabled=\"false\" class=\"elementor-element elementor-element-1c20dda e-flex e-con-boxed e-con e-parent\" data-id=\"1c20dda\" data-element_type=\"container\" data-e-type=\"container\">\n\t\t\t\t\t<div class=\"e-con-inner\">\n\t\t\t\t<div class=\"elementor-element elementor-element-b24630d elementor-widget elementor-widget-image\" data-id=\"b24630d\" data-element_type=\"widget\" data-e-type=\"widget\" data-widget_type=\"image.default\">\n\t\t\t\t\t\t\t\t\t\t\t\t<figure class=\"wp-caption\">\n\t\t\t\t\t\t\t\t\t\t<img decoding=\"async\" width=\"683\" height=\"1024\" src=\"https:\/\/soymigrante.com\/revista\/wp-content\/uploads\/2025\/03\/Quincean\u0303eras-en-Guatemala-y-Sweet-Sixteen-en-Estados-Unidos3-683x1024.jpg\" class=\"attachment-large size-large wp-image-28530\" alt=\"Quincea\u00f1eras en Guatemala y Sweet Sixteen en Estados Unidos\" srcset=\"https:\/\/soymigrante.com\/revista\/wp-content\/uploads\/2025\/03\/Quincean\u0303eras-en-Guatemala-y-Sweet-Sixteen-en-Estados-Unidos3-683x1024.jpg 683w, https:\/\/soymigrante.com\/revista\/wp-content\/uploads\/2025\/03\/Quincean\u0303eras-en-Guatemala-y-Sweet-Sixteen-en-Estados-Unidos3-200x300.jpg 200w, https:\/\/soymigrante.com\/revista\/wp-content\/uploads\/2025\/03\/Quincean\u0303eras-en-Guatemala-y-Sweet-Sixteen-en-Estados-Unidos3-768x1152.jpg 768w, https:\/\/soymigrante.com\/revista\/wp-content\/uploads\/2025\/03\/Quincean\u0303eras-en-Guatemala-y-Sweet-Sixteen-en-Estados-Unidos3-1024x1536.jpg 1024w, https:\/\/soymigrante.com\/revista\/wp-content\/uploads\/2025\/03\/Quincean\u0303eras-en-Guatemala-y-Sweet-Sixteen-en-Estados-Unidos3-1365x2048.jpg 1365w, https:\/\/soymigrante.com\/revista\/wp-content\/uploads\/2025\/03\/Quincean\u0303eras-en-Guatemala-y-Sweet-Sixteen-en-Estados-Unidos3-750x1125.webp 750w, https:\/\/soymigrante.com\/revista\/wp-content\/uploads\/2025\/03\/Quincean\u0303eras-en-Guatemala-y-Sweet-Sixteen-en-Estados-Unidos3-1140x1710.webp 1140w, https:\/\/soymigrante.com\/revista\/wp-content\/uploads\/2025\/03\/Quincean\u0303eras-en-Guatemala-y-Sweet-Sixteen-en-Estados-Unidos3-scaled.webp 1280w\" sizes=\"(max-width: 683px) 100vw, 683px\" title=\"Quincean\u0303eras en Guatemala y Sweet Sixteen en Estados Unidos3 \u2013 SoyMigrante.com REVISTA\" \/>\t\t\t\t\t\t\t\t\t\t\t<figcaption class=\"widget-image-caption wp-caption-text\">En Guatemala se hace una fiesta formal por los 15 a\u00f1os, en Estados Unidos, es un poco m\u00e1s informal. (Foto: Pexels)<\/figcaption>\n\t\t\t\t\t\t\t\t\t\t<\/figure>\n\t\t\t\t\t\t\t\t\t<\/div>\n\t\t\t\t\t<\/div>\n\t\t\t\t<\/div>\n\t\t<div data-particle_enable=\"false\" data-particle-mobile-disabled=\"false\" class=\"elementor-element elementor-element-eee1b96 e-flex e-con-boxed e-con e-parent\" data-id=\"eee1b96\" data-element_type=\"container\" data-e-type=\"container\">\n\t\t\t\t\t<div class=\"e-con-inner\">\n\t\t\t\t<div class=\"elementor-element elementor-element-50bd170 elementor-widget elementor-widget-heading\" data-id=\"50bd170\" data-element_type=\"widget\" data-e-type=\"widget\" data-widget_type=\"heading.default\">\n\t\t\t\t\t<h3 class=\"elementor-heading-title elementor-size-default\">Sweet Sixteen en Estados Unidos: Celebraci\u00f3n de la juventud<\/h3>\t\t\t\t<\/div>\n\t\t\t\t\t<\/div>\n\t\t\t\t<\/div>\n\t\t<div data-particle_enable=\"false\" data-particle-mobile-disabled=\"false\" class=\"elementor-element elementor-element-eab0525 e-flex e-con-boxed e-con e-parent\" data-id=\"eab0525\" data-element_type=\"container\" data-e-type=\"container\">\n\t\t\t\t\t<div class=\"e-con-inner\">\n\t\t\t\t<div class=\"elementor-element elementor-element-36caec8 elementor-widget elementor-widget-text-editor\" data-id=\"36caec8\" data-element_type=\"widget\" data-e-type=\"widget\" data-widget_type=\"text-editor.default\">\n\t\t\t\t\t\t\t\t\t<div>En contraste, el Sweet Sixteen es una fiesta que celebra el 16\u00ba cumplea\u00f1os, especialmente popular en Estados Unidos y Canad\u00e1. <a href=\"https:\/\/soymigrante.com\/revista\/siete-claves-para-lograr-enfoque-en-tus-tareas-y-lograr-resultados\/\" target=\"_blank\" rel=\"noopener\">Aunque tambi\u00e9n marca una transici\u00f3n hacia la adultez,<\/a> su enfoque es menos formal y menos ligado a rituales religiosos.<\/div><div>\u00a0<\/div><div>Caracter\u00edsticas principales:<\/div><div><strong>\u2022Enfoque en la diversi\u00f3n:<\/strong> Estas fiestas suelen centrarse en el entretenimiento, con m\u00fasica, baile y tem\u00e1ticas personalizadas seg\u00fan los gustos del festejado o festejada.<\/div><div><strong>\u2022Flexibilidad en la organizaci\u00f3n:<\/strong> A diferencia de las quincea\u00f1eras, los Sweet Sixteen no siguen un protocolo estricto, permitiendo una mayor libertad en la planificaci\u00f3n y ejecuci\u00f3n del evento.<\/div>\t\t\t\t\t\t\t\t<\/div>\n\t\t\t\t\t<\/div>\n\t\t\t\t<\/div>\n\t\t<div data-particle_enable=\"false\" data-particle-mobile-disabled=\"false\" class=\"elementor-element elementor-element-490da29 e-flex e-con-boxed e-con e-parent\" data-id=\"490da29\" data-element_type=\"container\" data-e-type=\"container\">\n\t\t\t\t\t<div class=\"e-con-inner\">\n\t\t\t\t<div class=\"elementor-element elementor-element-ac528b6 elementor-widget elementor-widget-image\" data-id=\"ac528b6\" data-element_type=\"widget\" data-e-type=\"widget\" data-widget_type=\"image.default\">\n\t\t\t\t\t\t\t\t\t\t\t\t<figure class=\"wp-caption\">\n\t\t\t\t\t\t\t\t\t\t<img decoding=\"async\" width=\"768\" height=\"960\" src=\"https:\/\/soymigrante.com\/revista\/wp-content\/uploads\/2025\/03\/Quincean\u0303eras-en-Guatemala-y-Sweet-Sixteen-en-Estados-Unidos4-819x1024.jpg\" class=\"attachment-large size-large wp-image-28531\" alt=\"Quincea\u00f1eras en Guatemala y Sweet Sixteen en Estados Unidos\" srcset=\"https:\/\/soymigrante.com\/revista\/wp-content\/uploads\/2025\/03\/Quincean\u0303eras-en-Guatemala-y-Sweet-Sixteen-en-Estados-Unidos4-819x1024.jpg 819w, https:\/\/soymigrante.com\/revista\/wp-content\/uploads\/2025\/03\/Quincean\u0303eras-en-Guatemala-y-Sweet-Sixteen-en-Estados-Unidos4-240x300.jpg 240w, https:\/\/soymigrante.com\/revista\/wp-content\/uploads\/2025\/03\/Quincean\u0303eras-en-Guatemala-y-Sweet-Sixteen-en-Estados-Unidos4-768x960.jpg 768w, https:\/\/soymigrante.com\/revista\/wp-content\/uploads\/2025\/03\/Quincean\u0303eras-en-Guatemala-y-Sweet-Sixteen-en-Estados-Unidos4-1228x1536.jpg 1228w, https:\/\/soymigrante.com\/revista\/wp-content\/uploads\/2025\/03\/Quincean\u0303eras-en-Guatemala-y-Sweet-Sixteen-en-Estados-Unidos4-1638x2048.jpg 1638w, https:\/\/soymigrante.com\/revista\/wp-content\/uploads\/2025\/03\/Quincean\u0303eras-en-Guatemala-y-Sweet-Sixteen-en-Estados-Unidos4-750x938.webp 750w, https:\/\/soymigrante.com\/revista\/wp-content\/uploads\/2025\/03\/Quincean\u0303eras-en-Guatemala-y-Sweet-Sixteen-en-Estados-Unidos4-1140x1425.webp 1140w, https:\/\/soymigrante.com\/revista\/wp-content\/uploads\/2025\/03\/Quincean\u0303eras-en-Guatemala-y-Sweet-Sixteen-en-Estados-Unidos4-scaled.webp 1535w\" sizes=\"(max-width: 768px) 100vw, 768px\" title=\"Quincean\u0303eras en Guatemala y Sweet Sixteen en Estados Unidos4 \u2013 SoyMigrante.com REVISTA\" \/>\t\t\t\t\t\t\t\t\t\t\t<figcaption class=\"widget-image-caption wp-caption-text\">Las j\u00f3venes pasan por esta celebraci\u00f3n como muestra de alcanzar m\u00e1s madurez. (Foto: Pexels)<\/figcaption>\n\t\t\t\t\t\t\t\t\t\t<\/figure>\n\t\t\t\t\t\t\t\t\t<\/div>\n\t\t\t\t\t<\/div>\n\t\t\t\t<\/div>\n\t\t<div data-particle_enable=\"false\" data-particle-mobile-disabled=\"false\" class=\"elementor-element elementor-element-acc01af e-flex e-con-boxed e-con e-parent\" data-id=\"acc01af\" data-element_type=\"container\" data-e-type=\"container\">\n\t\t\t\t\t<div class=\"e-con-inner\">\n\t\t\t\t<div class=\"elementor-element elementor-element-3411332 elementor-widget elementor-widget-heading\" data-id=\"3411332\" data-element_type=\"widget\" data-e-type=\"widget\" data-widget_type=\"heading.default\">\n\t\t\t\t\t<h3 class=\"elementor-heading-title elementor-size-default\">Perspectiva de organizadores de eventos<\/h3>\t\t\t\t<\/div>\n\t\t\t\t\t<\/div>\n\t\t\t\t<\/div>\n\t\t<div data-particle_enable=\"false\" data-particle-mobile-disabled=\"false\" class=\"elementor-element elementor-element-3d20833 e-flex e-con-boxed e-con e-parent\" data-id=\"3d20833\" data-element_type=\"container\" data-e-type=\"container\">\n\t\t\t\t\t<div class=\"e-con-inner\">\n\t\t\t\t<div class=\"elementor-element elementor-element-3e77aa5 elementor-widget elementor-widget-text-editor\" data-id=\"3e77aa5\" data-element_type=\"widget\" data-e-type=\"widget\" data-widget_type=\"text-editor.default\">\n\t\t\t\t\t\t\t\t\t<p><a href=\"https:\/\/soymigrante.com\/revista\/siete-claves-para-lograr-enfoque-en-tus-tareas-y-lograr-resultados\/\" target=\"_blank\" rel=\"noopener\">Para profundizar en las diferencias y razones detr\u00e1s de estas celebraciones,<\/a> consultamos a expertos en organizaci\u00f3n de eventos.<\/p><p>Mar\u00eda L\u00f3pez, organizadora de eventos en Guatemala, destac\u00f3 que los quince son un momento para mostrar a la joven a la sociedad.<\/p><p>\u201cLa quincea\u00f1era es una tradici\u00f3n profundamente arraigada en nuestra cultura. M\u00e1s all\u00e1 de la fiesta, es un rito de paso que involucra a la familia y la comunidad, con un fuerte componente religioso. Cada detalle, desde la misa hasta el vals, tiene un significado especial.\u201d<\/p>\t\t\t\t\t\t\t\t<\/div>\n\t\t\t\t\t<\/div>\n\t\t\t\t<\/div>\n\t\t<div data-particle_enable=\"false\" data-particle-mobile-disabled=\"false\" class=\"elementor-element elementor-element-2d101d3 e-flex e-con-boxed e-con e-parent\" data-id=\"2d101d3\" data-element_type=\"container\" data-e-type=\"container\">\n\t\t\t\t\t<div class=\"e-con-inner\">\n\t\t\t\t<div class=\"elementor-element elementor-element-d721b83 elementor-widget elementor-widget-text-editor\" data-id=\"d721b83\" data-element_type=\"widget\" data-e-type=\"widget\" data-widget_type=\"text-editor.default\">\n\t\t\t\t\t\t\t\t\t<p>Por otro lado, nos contactamos con John Smith, <a href=\"https:\/\/soymigrante.com\/revista\/siete-claves-para-lograr-enfoque-en-tus-tareas-y-lograr-resultados\/\" target=\"_blank\" rel=\"noopener\">planificador de eventos en Estados Unidos,<\/a> quien coment\u00f3, que esta es una celebraci\u00f3n m\u00e1s personalizada.<\/p><p>\u201cEl Sweet Sixteen es m\u00e1s una celebraci\u00f3n personalizada de la juventud. Aunque marca una etapa importante, no est\u00e1 cargada de rituales tradicionales. Se trata de crear una experiencia divertida y memorable para el adolescente, reflejando su personalidad y preferencias.\u201d<\/p>\t\t\t\t\t\t\t\t<\/div>\n\t\t\t\t\t<\/div>\n\t\t\t\t<\/div>\n\t\t<div data-particle_enable=\"false\" data-particle-mobile-disabled=\"false\" class=\"elementor-element elementor-element-5f143fd e-flex e-con-boxed e-con e-parent\" data-id=\"5f143fd\" data-element_type=\"container\" data-e-type=\"container\">\n\t\t\t\t\t<div class=\"e-con-inner\">\n\t\t\t\t<div class=\"elementor-element elementor-element-e452500 elementor-widget elementor-widget-image\" data-id=\"e452500\" data-element_type=\"widget\" data-e-type=\"widget\" data-widget_type=\"image.default\">\n\t\t\t\t\t\t\t\t\t\t\t\t<figure class=\"wp-caption\">\n\t\t\t\t\t\t\t\t\t\t<img loading=\"lazy\" decoding=\"async\" width=\"683\" height=\"1024\" src=\"https:\/\/soymigrante.com\/revista\/wp-content\/uploads\/2025\/03\/Quincean\u0303eras-en-Guatemala-y-Sweet-Sixteen-en-Estados-Unidos5-683x1024.jpg\" class=\"attachment-large size-large wp-image-28532\" alt=\"Quincea\u00f1eras en Guatemala y Sweet Sixteen en Estados Unidos\" srcset=\"https:\/\/soymigrante.com\/revista\/wp-content\/uploads\/2025\/03\/Quincean\u0303eras-en-Guatemala-y-Sweet-Sixteen-en-Estados-Unidos5-683x1024.jpg 683w, https:\/\/soymigrante.com\/revista\/wp-content\/uploads\/2025\/03\/Quincean\u0303eras-en-Guatemala-y-Sweet-Sixteen-en-Estados-Unidos5-200x300.jpg 200w, https:\/\/soymigrante.com\/revista\/wp-content\/uploads\/2025\/03\/Quincean\u0303eras-en-Guatemala-y-Sweet-Sixteen-en-Estados-Unidos5-768x1152.jpg 768w, https:\/\/soymigrante.com\/revista\/wp-content\/uploads\/2025\/03\/Quincean\u0303eras-en-Guatemala-y-Sweet-Sixteen-en-Estados-Unidos5-1024x1536.jpg 1024w, https:\/\/soymigrante.com\/revista\/wp-content\/uploads\/2025\/03\/Quincean\u0303eras-en-Guatemala-y-Sweet-Sixteen-en-Estados-Unidos5-1365x2048.jpg 1365w, https:\/\/soymigrante.com\/revista\/wp-content\/uploads\/2025\/03\/Quincean\u0303eras-en-Guatemala-y-Sweet-Sixteen-en-Estados-Unidos5-750x1125.webp 750w, https:\/\/soymigrante.com\/revista\/wp-content\/uploads\/2025\/03\/Quincean\u0303eras-en-Guatemala-y-Sweet-Sixteen-en-Estados-Unidos5-1140x1710.webp 1140w, https:\/\/soymigrante.com\/revista\/wp-content\/uploads\/2025\/03\/Quincean\u0303eras-en-Guatemala-y-Sweet-Sixteen-en-Estados-Unidos5-scaled.webp 1280w\" sizes=\"(max-width: 683px) 100vw, 683px\" title=\"Quincean\u0303eras en Guatemala y Sweet Sixteen en Estados Unidos5 \u2013 SoyMigrante.com REVISTA\" \/>\t\t\t\t\t\t\t\t\t\t\t<figcaption class=\"widget-image-caption wp-caption-text\">Los Sweet Sixteen tambi\u00e9n representan un cambio de ni\u00f1a a mujer. (Foto: Pexels)<\/figcaption>\n\t\t\t\t\t\t\t\t\t\t<\/figure>\n\t\t\t\t\t\t\t\t\t<\/div>\n\t\t\t\t\t<\/div>\n\t\t\t\t<\/div>\n\t\t<div data-particle_enable=\"false\" data-particle-mobile-disabled=\"false\" class=\"elementor-element elementor-element-3d61d88 e-flex e-con-boxed e-con e-parent\" data-id=\"3d61d88\" data-element_type=\"container\" data-e-type=\"container\">\n\t\t\t\t\t<div class=\"e-con-inner\">\n\t\t\t\t<div class=\"elementor-element elementor-element-475df36 elementor-widget elementor-widget-heading\" data-id=\"475df36\" data-element_type=\"widget\" data-e-type=\"widget\" data-widget_type=\"heading.default\">\n\t\t\t\t\t<h3 class=\"elementor-heading-title elementor-size-default\">Diferentes, pero buscando la felicidad <\/h3>\t\t\t\t<\/div>\n\t\t\t\t\t<\/div>\n\t\t\t\t<\/div>\n\t\t<div data-particle_enable=\"false\" data-particle-mobile-disabled=\"false\" class=\"elementor-element elementor-element-61349af e-flex e-con-boxed e-con e-parent\" data-id=\"61349af\" data-element_type=\"container\" data-e-type=\"container\">\n\t\t\t\t\t<div class=\"e-con-inner\">\n\t\t\t\t<div class=\"elementor-element elementor-element-291d58b elementor-widget elementor-widget-text-editor\" data-id=\"291d58b\" data-element_type=\"widget\" data-e-type=\"widget\" data-widget_type=\"text-editor.default\">\n\t\t\t\t\t\t\t\t\t<p><a href=\"https:\/\/soymigrante.com\/revista\/siete-claves-para-lograr-enfoque-en-tus-tareas-y-lograr-resultados\/\" target=\"_blank\" rel=\"noopener\">Mientras que los quince est\u00e1n profundamente enraizadas en tradiciones culturales y religiosas<\/a>, los dulces 16 ofrece una celebraci\u00f3n m\u00e1s flexible y centrada en la individualidad. Ambas, sin embargo, comparten el objetivo de reconocer y festejar el paso hacia una nueva fase de la vida.<\/p>\t\t\t\t\t\t\t\t<\/div>\n\t\t\t\t\t<\/div>\n\t\t\t\t<\/div>\n\t\t<div data-particle_enable=\"false\" data-particle-mobile-disabled=\"false\" class=\"elementor-element elementor-element-37bdf22 e-flex e-con-boxed e-con e-parent\" data-id=\"37bdf22\" data-element_type=\"container\" data-e-type=\"container\">\n\t\t\t\t\t<div class=\"e-con-inner\">\n\t\t\t\t<div class=\"elementor-element elementor-element-4d2b0db elementor-widget elementor-widget-heading\" data-id=\"4d2b0db\" data-element_type=\"widget\" data-e-type=\"widget\" data-widget_type=\"heading.default\">\n\t\t\t\t\t<h2 class=\"elementor-heading-title elementor-size-default\">Conoce m\u00e1s de Guatemala, ac\u00e1...<\/h2>\t\t\t\t<\/div>\n\t\t\t\t\t<\/div>\n\t\t\t\t<\/div>\n\t\t<div data-particle_enable=\"false\" data-particle-mobile-disabled=\"false\" class=\"elementor-element elementor-element-7cba3a4 e-flex e-con-boxed e-con e-parent\" data-id=\"7cba3a4\" data-element_type=\"container\" data-e-type=\"container\">\n\t\t\t\t\t<div class=\"e-con-inner\">\n\t\t\t\t<div class=\"elementor-element elementor-element-d583d8b elementor-grid-eael-col-3 elementor-grid-tablet-eael-col-2 elementor-grid-mobile-eael-col-1 elementor-widget elementor-widget-eael-post-grid\" data-id=\"d583d8b\" data-element_type=\"widget\" data-e-type=\"widget\" data-settings=\"{&quot;eael_post_grid_columns&quot;:&quot;eael-col-3&quot;,&quot;eael_post_grid_columns_tablet&quot;:&quot;eael-col-2&quot;,&quot;eael_post_grid_columns_mobile&quot;:&quot;eael-col-1&quot;}\" data-widget_type=\"eael-post-grid.default\">\n\t\t\t\t\t<div id=\"eael-post-grid-d583d8b\" class=\"eael-post-grid-container\">\n            <div class=\"eael-post-grid eael-post-appender eael-post-appender-d583d8b eael-post-grid-style-one\" data-layout-mode=\"masonry\"><article class=\"eael-grid-post  eael-post-grid-column eael-pg-post-22543 category-guate-nuestra\" data-id=\"22543\">\n        <div class=\"eael-grid-post-holder\">\n            <div class=\"eael-grid-post-holder-inner\"><div class=\"eael-entry-media\"><div class=\"eael-entry-overlay fade-in\"><i class=\"far fa-hand-pointer\" aria-hidden=\"true\"><\/i><a href=\"https:\/\/soymigrante.com\/revista\/rabinal-baja-verapaz-fiesta-patronal-2025\/\"><\/a><\/div><div class=\"eael-entry-thumbnail \">\n                <img loading=\"lazy\" decoding=\"async\" width=\"1024\" height=\"1024\" src=\"https:\/\/soymigrante.com\/revista\/wp-content\/uploads\/2025\/01\/rabinal-fature-1024x1024.jpg\" class=\"attachment-large size-large wp-image-22545\" alt=\"Coloquio de celebraci\u00f3n tradicional en M\u00e9xico durante la feria, con personas vestidas con trajes t\u00edpicos y desfiles de carros aleg\u00f3ricos decorados con flores y colores vibrantes.\" srcset=\"https:\/\/soymigrante.com\/revista\/wp-content\/uploads\/2025\/01\/rabinal-fature-1024x1024.jpg 1024w, https:\/\/soymigrante.com\/revista\/wp-content\/uploads\/2025\/01\/rabinal-fature-300x300.jpg 300w, https:\/\/soymigrante.com\/revista\/wp-content\/uploads\/2025\/01\/rabinal-fature-150x150.jpg 150w, https:\/\/soymigrante.com\/revista\/wp-content\/uploads\/2025\/01\/rabinal-fature-768x768.jpg 768w, https:\/\/soymigrante.com\/revista\/wp-content\/uploads\/2025\/01\/rabinal-fature-75x75.webp 75w, https:\/\/soymigrante.com\/revista\/wp-content\/uploads\/2025\/01\/rabinal-fature-750x750.webp 750w, https:\/\/soymigrante.com\/revista\/wp-content\/uploads\/2025\/01\/rabinal-fature.webp 1064w\" sizes=\"(max-width: 1024px) 100vw, 1024px\" \/>\n            <\/div>\n        <\/div><div class=\"eael-entry-wrapper\"><header class=\"eael-entry-header\"><h2 class=\"eael-entry-title\"><a class=\"eael-grid-post-link\" href=\"https:\/\/soymigrante.com\/revista\/rabinal-baja-verapaz-fiesta-patronal-2025\/\" title=\"Con devoci\u00f3n, colorido y marimba, Rabinal festeja su fiesta titular\">Con devoci\u00f3n, colorido y marimba, Rabinal festeja su fiesta titular<\/a><\/h2><\/header><div class=\"eael-entry-content\">\n                        <div class=\"eael-grid-post-excerpt\"><a href=\"https:\/\/soymigrante.com\/revista\/rabinal-baja-verapaz-fiesta-patronal-2025\/\" class=\"eael-post-elements-readmore-btn\">CONOCE SU HISTORIA <\/a><\/div>\n                    <\/div><\/div><\/div>\n        <\/div>\n    <\/article><article class=\"eael-grid-post  eael-post-grid-column eael-pg-post-9400 category-bienestar\" data-id=\"9400\">\n        <div class=\"eael-grid-post-holder\">\n            <div class=\"eael-grid-post-holder-inner\"><div class=\"eael-entry-media\"><div class=\"eael-entry-overlay fade-in\"><i class=\"far fa-hand-pointer\" aria-hidden=\"true\"><\/i><a href=\"https:\/\/soymigrante.com\/revista\/la-diabetes-tipo-2-tambien-afecta-a-ninos-y-adolescentes-en-usa-claves-para-enfrentarla\/\"><\/a><\/div><div class=\"eael-entry-thumbnail \">\n                <img loading=\"lazy\" decoding=\"async\" width=\"1024\" height=\"1024\" src=\"https:\/\/soymigrante.com\/revista\/wp-content\/uploads\/2024\/09\/diabetes-soy-migrante3-1024x1024.webp\" class=\"attachment-large size-large wp-image-9413\" alt=\"Niveles altos de glucosa en sangre en un paciente diabetic, monitorizaci\u00f3n de az\u00facar en sangre con gluc\u00f3metro y resultado de niveles altos, salud y diabetes.\" srcset=\"https:\/\/soymigrante.com\/revista\/wp-content\/uploads\/2024\/09\/diabetes-soy-migrante3-1024x1024.webp 1024w, https:\/\/soymigrante.com\/revista\/wp-content\/uploads\/2024\/09\/diabetes-soy-migrante3-300x300.webp 300w, https:\/\/soymigrante.com\/revista\/wp-content\/uploads\/2024\/09\/diabetes-soy-migrante3-150x150.webp 150w, https:\/\/soymigrante.com\/revista\/wp-content\/uploads\/2024\/09\/diabetes-soy-migrante3-768x768.webp 768w, https:\/\/soymigrante.com\/revista\/wp-content\/uploads\/2024\/09\/diabetes-soy-migrante3-1536x1536.webp 1536w, https:\/\/soymigrante.com\/revista\/wp-content\/uploads\/2024\/09\/diabetes-soy-migrante3-scaled.webp 1920w, https:\/\/soymigrante.com\/revista\/wp-content\/uploads\/2024\/09\/diabetes-soy-migrante3-75x75.webp 75w, https:\/\/soymigrante.com\/revista\/wp-content\/uploads\/2024\/09\/diabetes-soy-migrante3-750x750.webp 750w, https:\/\/soymigrante.com\/revista\/wp-content\/uploads\/2024\/09\/diabetes-soy-migrante3-1140x1140.webp 1140w\" sizes=\"(max-width: 1024px) 100vw, 1024px\" \/>\n            <\/div>\n        <\/div><div class=\"eael-entry-wrapper\"><header class=\"eael-entry-header\"><h2 class=\"eael-entry-title\"><a class=\"eael-grid-post-link\" href=\"https:\/\/soymigrante.com\/revista\/la-diabetes-tipo-2-tambien-afecta-a-ninos-y-adolescentes-en-usa-claves-para-enfrentarla\/\" title=\"La diabetes tipo 2 tambi\u00e9n afecta a ni\u00f1os y adolescentes en USA: claves para enfrentarla\">La diabetes tipo 2 tambi\u00e9n afecta a ni\u00f1os y adolescentes en USA: claves para enfrentarla<\/a><\/h2><\/header><div class=\"eael-entry-content\">\n                        <div class=\"eael-grid-post-excerpt\"><a href=\"https:\/\/soymigrante.com\/revista\/la-diabetes-tipo-2-tambien-afecta-a-ninos-y-adolescentes-en-usa-claves-para-enfrentarla\/\" class=\"eael-post-elements-readmore-btn\">CONOCE SU HISTORIA <\/a><\/div>\n                    <\/div><\/div><\/div>\n        <\/div>\n    <\/article><article class=\"eael-grid-post  eael-post-grid-column eael-pg-post-1214 category-estamos-unidos\" data-id=\"1214\">\n        <div class=\"eael-grid-post-holder\">\n            <div class=\"eael-grid-post-holder-inner\"><div class=\"eael-entry-media\"><div class=\"eael-entry-overlay fade-in\"><i class=\"far fa-hand-pointer\" aria-hidden=\"true\"><\/i><a href=\"https:\/\/soymigrante.com\/revista\/super-fiesta-migrante-guatemalteca-se-celebrara-en-los-angeles\/\"><\/a><\/div><div class=\"eael-entry-thumbnail \">\n                <img loading=\"lazy\" decoding=\"async\" width=\"1024\" height=\"682\" src=\"https:\/\/soymigrante.com\/revista\/wp-content\/uploads\/2023\/06\/fiesta-guatemalteca-1024x682.jpeg\" class=\"attachment-large size-large wp-image-1226\" alt=\"\" srcset=\"https:\/\/soymigrante.com\/revista\/wp-content\/uploads\/2023\/06\/fiesta-guatemalteca-1024x682.jpeg 1024w, https:\/\/soymigrante.com\/revista\/wp-content\/uploads\/2023\/06\/fiesta-guatemalteca-300x200.webp 300w, https:\/\/soymigrante.com\/revista\/wp-content\/uploads\/2023\/06\/fiesta-guatemalteca-768x511.jpeg 768w, https:\/\/soymigrante.com\/revista\/wp-content\/uploads\/2023\/06\/fiesta-guatemalteca-1536x1022.jpeg 1536w, https:\/\/soymigrante.com\/revista\/wp-content\/uploads\/2023\/06\/fiesta-guatemalteca-2048x1363.jpeg 2048w, https:\/\/soymigrante.com\/revista\/wp-content\/uploads\/2023\/06\/fiesta-guatemalteca-750x499.webp 750w, https:\/\/soymigrante.com\/revista\/wp-content\/uploads\/2023\/06\/fiesta-guatemalteca-1140x759.jpeg 1140w, https:\/\/soymigrante.com\/revista\/wp-content\/uploads\/2023\/06\/fiesta-guatemalteca-600x400.jpeg 600w, https:\/\/soymigrante.com\/revista\/wp-content\/uploads\/2023\/06\/fiesta-guatemalteca-scaled.webp 1920w\" sizes=\"(max-width: 1024px) 100vw, 1024px\" \/>\n            <\/div>\n        <\/div><div class=\"eael-entry-wrapper\"><header class=\"eael-entry-header\"><h2 class=\"eael-entry-title\"><a class=\"eael-grid-post-link\" href=\"https:\/\/soymigrante.com\/revista\/super-fiesta-migrante-guatemalteca-se-celebrara-en-los-angeles\/\" title=\"S\u00faper fiesta migrante guatemalteca se celebrar\u00e1 en Los Angeles\">S\u00faper fiesta migrante guatemalteca se celebrar\u00e1 en Los Angeles<\/a><\/h2><\/header><div class=\"eael-entry-content\">\n                        <div class=\"eael-grid-post-excerpt\"><a href=\"https:\/\/soymigrante.com\/revista\/super-fiesta-migrante-guatemalteca-se-celebrara-en-los-angeles\/\" class=\"eael-post-elements-readmore-btn\">CONOCE SU HISTORIA <\/a><\/div>\n                    <\/div><\/div><\/div>\n        <\/div>\n    <\/article><\/div>\n            <div class=\"clearfix\"><\/div>\n        <\/div>\t\t\t\t<\/div>\n\t\t\t\t\t<\/div>\n\t\t\t\t<\/div>\n\t\t\t\t<\/div>\n\t\t","protected":false},"excerpt":{"rendered":"<p>Tanto las Quincea\u00f1eras en Guatemala como los Sweet Sixteen en Estados Unidos celebran una etapa crucial en la vida de los j\u00f3venes. La transici\u00f3n de la ni\u00f1ez a la adultez es un momento significativo en diversas culturas, marcado por celebraciones que reflejan valores y tradiciones propias. En Guatemala, esta etapa se celebra con las Quincea\u00f1eras, [&hellip;]<\/p>\n","protected":false},"author":19,"featured_media":28512,"comment_status":"open","ping_status":"open","sticky":false,"template":"","format":"standard","meta":{"_acf_changed":false,"_eb_attr":"","footnotes":""},"categories":[54],"tags":[],"class_list":["post-28510","post","type-post","status-publish","format-standard","has-post-thumbnail","hentry","category-estamos-unidos"],"acf":[],"aioseo_notices":[],"aioseo_head":"\n\t\t<!-- All in One SEO Pro 4.9.6.2 - aioseo.com -->\n\t<meta name=\"description\" content=\"La II Feria Cultural Guatemalteca de Los \u00c1ngeles tendr\u00e1 m\u00fasica de marimba, bailes tradicionales, exposici\u00f3n y venta de artesan\u00edas, comida t\u00edpica, juegos, pero sobre todo, lo m\u00e1s valioso: la uni\u00f3n de miles de migrantes guatemaltecos El s\u00e1bado 17 y domingo 18 de junio de 2023, los migrantes guatemaltecos de California y Estados vecinos est\u00e1n invitados\" \/>\n\t<meta name=\"robots\" content=\"max-snippet:-1, max-image-preview:large, max-video-preview:-1\" \/>\n\t<meta name=\"author\" content=\"Gustavo Montenegro\"\/>\n\t<link rel=\"canonical\" href=\"https:\/\/soymigrante.com\/revista\/super-fiesta-migrante-guatemalteca-se-celebrara-en-los-angeles\/\" \/>\n\t<meta name=\"generator\" content=\"All in One SEO Pro (AIOSEO) 4.9.6.2\" \/>\n\n\t\t<link rel=\"preconnect\" href=\"https:\/\/fonts.googleapis.com\" crossorigin>\n<link rel=\"preconnect\" href=\"https:\/\/fonts.gstatic.com\" crossorigin>\n\t\t<meta property=\"og:locale\" content=\"es_ES\" \/>\n\t\t<meta property=\"og:site_name\" content=\"SoyMigrante.com REVISTA \u2013 Nuestra misi\u00f3n es reconocer y dignificar al migrante.\" \/>\n\t\t<meta property=\"og:type\" content=\"article\" \/>\n\t\t<meta property=\"og:title\" content=\"S\u00faper fiesta migrante guatemalteca se celebrar\u00e1 en Los Angeles\" \/>\n\t\t<meta property=\"og:description\" content=\"La II Feria Cultural Guatemalteca de Los \u00c1ngeles tendr\u00e1 m\u00fasica de marimba, bailes tradicionales, exposici\u00f3n y venta de artesan\u00edas, comida t\u00edpica, juegos, pero sobre todo, lo m\u00e1s valioso: la uni\u00f3n de miles de migrantes guatemaltecos El s\u00e1bado 17 y domingo 18 de junio de 2023, los migrantes guatemaltecos de California y Estados vecinos est\u00e1n invitados\" \/>\n\t\t<meta property=\"og:url\" content=\"https:\/\/soymigrante.com\/revista\/super-fiesta-migrante-guatemalteca-se-celebrara-en-los-angeles\/\" \/>\n\t\t<meta property=\"og:image\" content=\"https:\/\/soymigrante.com\/revista\/wp-content\/uploads\/2023\/06\/fiesta-guatemalteca-scaled.webp\" \/>\n\t\t<meta property=\"og:image:secure_url\" content=\"https:\/\/soymigrante.com\/revista\/wp-content\/uploads\/2023\/06\/fiesta-guatemalteca-scaled.webp\" \/>\n\t\t<meta property=\"og:image:width\" content=\"1920\" \/>\n\t\t<meta property=\"og:image:height\" content=\"1278\" \/>\n\t\t<meta property=\"article:published_time\" content=\"2023-06-05T21:11:18+00:00\" \/>\n\t\t<meta property=\"article:modified_time\" content=\"2024-11-01T10:52:05+00:00\" \/>\n\t\t<meta property=\"article:publisher\" content=\"https:\/\/www.facebook.com\/soymigrantecom\" \/>\n\t\t<meta name=\"twitter:card\" content=\"summary_large_image\" \/>\n\t\t<meta name=\"twitter:site\" content=\"@SoyMigrante_com\" \/>\n\t\t<meta name=\"twitter:title\" content=\"S\u00faper fiesta migrante guatemalteca se celebrar\u00e1 en Los Angeles\" \/>\n\t\t<meta name=\"twitter:description\" content=\"La II Feria Cultural Guatemalteca de Los \u00c1ngeles tendr\u00e1 m\u00fasica de marimba, bailes tradicionales, exposici\u00f3n y venta de artesan\u00edas, comida t\u00edpica, juegos, pero sobre todo, lo m\u00e1s valioso: la uni\u00f3n de miles de migrantes guatemaltecos El s\u00e1bado 17 y domingo 18 de junio de 2023, los migrantes guatemaltecos de California y Estados vecinos est\u00e1n invitados\" \/>\n\t\t<meta name=\"twitter:creator\" content=\"@SoyMigrante_com\" \/>\n\t\t<meta name=\"twitter:image\" content=\"https:\/\/soymigrante.com\/revista\/wp-content\/uploads\/2023\/06\/fiesta-guatemalteca-scaled.webp\" \/>\n\t\t<!-- All in One SEO Pro -->\r\n\t\t<title>S\u00faper fiesta migrante guatemalteca se celebrar\u00e1 en Los Angeles<\/title>\n\n","aioseo_head_json":{"title":"S\u00faper fiesta migrante guatemalteca se celebrar\u00e1 en Los Angeles","description":"La II Feria Cultural Guatemalteca de Los \u00c1ngeles tendr\u00e1 m\u00fasica de marimba, bailes tradicionales, exposici\u00f3n y venta de artesan\u00edas, comida t\u00edpica, juegos, pero sobre todo, lo m\u00e1s valioso: la uni\u00f3n de miles de migrantes guatemaltecos El s\u00e1bado 17 y domingo 18 de junio de 2023, los migrantes guatemaltecos de California y Estados vecinos est\u00e1n invitados","canonical_url":"https:\/\/soymigrante.com\/revista\/super-fiesta-migrante-guatemalteca-se-celebrara-en-los-angeles\/","robots":"max-snippet:-1, max-image-preview:large, max-video-preview:-1","keywords":"","webmasterTools":{"miscellaneous":"&lt;link rel=\"preconnect\" href=\"https:\/\/fonts.googleapis.com\" crossorigin&gt;\n&lt;link rel=\"preconnect\" href=\"https:\/\/fonts.gstatic.com\" crossorigin&gt;"},"schema":null,"og:locale":"es_ES","og:site_name":"SoyMigrante.com REVISTA \u2013 Nuestra misi\u00f3n es reconocer y dignificar al migrante.","og:type":"article","og:title":"S\u00faper fiesta migrante guatemalteca se celebrar\u00e1 en Los Angeles","og:description":"La II Feria Cultural Guatemalteca de Los \u00c1ngeles tendr\u00e1 m\u00fasica de marimba, bailes tradicionales, exposici\u00f3n y venta de artesan\u00edas, comida t\u00edpica, juegos, pero sobre todo, lo m\u00e1s valioso: la uni\u00f3n de miles de migrantes guatemaltecos El s\u00e1bado 17 y domingo 18 de junio de 2023, los migrantes guatemaltecos de California y Estados vecinos est\u00e1n invitados","og:url":"https:\/\/soymigrante.com\/revista\/super-fiesta-migrante-guatemalteca-se-celebrara-en-los-angeles\/","og:image":"https:\/\/soymigrante.com\/revista\/wp-content\/uploads\/2023\/06\/fiesta-guatemalteca-scaled.webp","og:image:secure_url":"https:\/\/soymigrante.com\/revista\/wp-content\/uploads\/2023\/06\/fiesta-guatemalteca-scaled.webp","og:image:width":1920,"og:image:height":1278,"article:published_time":"2023-06-05T21:11:18+00:00","article:modified_time":"2024-11-01T10:52:05+00:00","article:publisher":"https:\/\/www.facebook.com\/soymigrantecom","twitter:card":"summary_large_image","twitter:site":"@SoyMigrante_com","twitter:title":"S\u00faper fiesta migrante guatemalteca se celebrar\u00e1 en Los Angeles","twitter:description":"La II Feria Cultural Guatemalteca de Los \u00c1ngeles tendr\u00e1 m\u00fasica de marimba, bailes tradicionales, exposici\u00f3n y venta de artesan\u00edas, comida t\u00edpica, juegos, pero sobre todo, lo m\u00e1s valioso: la uni\u00f3n de miles de migrantes guatemaltecos El s\u00e1bado 17 y domingo 18 de junio de 2023, los migrantes guatemaltecos de California y Estados vecinos est\u00e1n invitados","twitter:creator":"@SoyMigrante_com","twitter:image":"https:\/\/soymigrante.com\/revista\/wp-content\/uploads\/2023\/06\/fiesta-guatemalteca-scaled.webp"},"aioseo_meta_data":{"post_id":"28510","title":"15 a\u00f1os en Guatemala y Sweet 16 en USA: parecidos y diferencias","description":"Festejo de 15 A\u00f1os en Guatemala y Latinoam\u00e9rica, como los Sweet Sixteen en Estados Unidos representan el paso de una etapa crucial en la vida de las j\u00f3venes.","keywords":null,"keyphrases":{"focus":{"keyphrase":"Quincea\u00f1eras","score":65,"analysis":{"keyphraseInTitle":{"score":3,"maxScore":9,"error":1},"keyphraseInDescription":{"score":3,"maxScore":9,"error":1},"keyphraseLength":{"score":9,"maxScore":9,"error":0,"length":2},"keyphraseInURL":{"score":5,"maxScore":5,"error":0},"keyphraseInIntroduction":{"score":3,"maxScore":9,"error":1},"keyphraseInSubHeadings":{"score":3,"maxScore":9,"error":1},"keyphraseInImageAlt":{"score":9,"maxScore":9,"error":0},"keywordDensity":{"type":"best","score":9,"maxScore":9,"error":0}}},"additional":[{"keyphrase":"Quincea\u00f1eras","score":73,"analysis":{"keyphraseInDescription":{"score":3,"maxScore":9,"error":1},"keyphraseLength":{"score":9,"maxScore":9,"error":0,"length":2},"keyphraseInIntroduction":{"score":3,"maxScore":9,"error":1},"keyphraseInImageAlt":{"score":9,"maxScore":9,"error":0},"keywordDensity":{"type":"best","score":9,"maxScore":9,"error":0}}},{"keyphrase":"Sweet Sixteen","score":87,"analysis":{"keyphraseInDescription":{"score":9,"maxScore":9,"error":0},"keyphraseLength":{"score":9,"maxScore":9,"error":0,"length":2},"keyphraseInIntroduction":{"score":3,"maxScore":9,"error":1},"keyphraseInImageAlt":{"score":9,"maxScore":9,"error":0},"keywordDensity":{"type":"best","score":9,"maxScore":9,"error":0}}},{"keyphrase":"15 a\u00f1os","score":53,"analysis":{"keyphraseInDescription":{"score":9,"maxScore":9,"error":0},"keyphraseLength":{"score":9,"maxScore":9,"error":0,"length":3},"keyphraseInIntroduction":{"score":3,"maxScore":9,"error":1},"keyphraseInImageAlt":{"score":3,"maxScore":9,"error":1},"keywordDensity":{"score":0,"type":"low","maxScore":9,"error":1}}},{"keyphrase":"Quince A\u00f1os","score":53,"analysis":{"keyphraseInDescription":{"score":3,"maxScore":9,"error":1},"keyphraseLength":{"score":9,"maxScore":9,"error":0,"length":3},"keyphraseInIntroduction":{"score":3,"maxScore":9,"error":1},"keyphraseInImageAlt":{"score":9,"maxScore":9,"error":0},"keywordDensity":{"score":0,"type":"low","maxScore":9,"error":1}}}]},"primary_term":null,"canonical_url":null,"og_title":null,"og_description":null,"og_object_type":"default","og_image_type":"default","og_image_url":null,"og_image_width":null,"og_image_height":null,"og_image_custom_url":null,"og_image_custom_fields":null,"og_video":"","og_custom_url":null,"og_article_section":null,"og_article_tags":null,"twitter_use_og":false,"twitter_card":"default","twitter_image_type":"default","twitter_image_url":null,"twitter_image_custom_url":null,"twitter_image_custom_fields":null,"twitter_title":null,"twitter_description":null,"schema":{"blockGraphs":[],"customGraphs":[],"default":{"data":{"Article":[],"Course":[],"Dataset":[],"FAQPage":[],"Movie":[],"Person":[],"Product":[],"ProductReview":[],"Car":[],"Recipe":[],"Service":[],"SoftwareApplication":[],"WebPage":[]},"graphName":"BlogPosting","isEnabled":true},"graphs":[]},"schema_type":"default","schema_type_options":null,"pillar_content":false,"robots_default":true,"robots_noindex":false,"robots_noarchive":false,"robots_nosnippet":false,"robots_nofollow":false,"robots_noimageindex":false,"robots_noodp":false,"robots_notranslate":false,"robots_max_snippet":"-1","robots_max_videopreview":"-1","robots_max_imagepreview":"large","priority":null,"frequency":"default","local_seo":null,"seo_analyzer_scan_date":"2025-10-09 03:32:22","breadcrumb_settings":null,"limit_modified_date":false,"reviewed_by":null,"open_ai":"{\"title\":{\"suggestions\":[],\"usage\":0},\"description\":{\"suggestions\":[],\"usage\":0}}","ai":null,"created":"2025-03-17 20:34:04","updated":"2026-02-04 22:16:50"},"aioseo_breadcrumb":"<div class=\"aioseo-breadcrumbs\"><span class=\"aioseo-breadcrumb\">\n\t<a href=\"https:\/\/soymigrante.com\/revista\" title=\"Home\">Home<\/a>\n<\/span><span class=\"aioseo-breadcrumb-separator\">\u00bb<\/span><span class=\"aioseo-breadcrumb\">\n\t<a href=\"https:\/\/soymigrante.com\/revista\/category\/estamos-unidos\/\" title=\"Estamos Unidos\">Estamos Unidos<\/a>\n<\/span><span class=\"aioseo-breadcrumb-separator\">\u00bb<\/span><span class=\"aioseo-breadcrumb\">\n\tLos 15 a\u00f1os en Guatemala y Sweet Sixteen en USA: similitudes y diferencias\n<\/span><\/div>","aioseo_breadcrumb_json":[{"label":"Home","link":"https:\/\/soymigrante.com\/revista"},{"label":"Estamos Unidos","link":"https:\/\/soymigrante.com\/revista\/category\/estamos-unidos\/"},{"label":"Los 15 a\u00f1os en Guatemala y Sweet Sixteen en USA: similitudes y diferencias","link":"https:\/\/soymigrante.com\/revista\/festejo-familiar-tradicional-quinceaneras-en-guatemala-y-sweet-sixteen-en-estados-unidos\/"}],"_links":{"self":[{"href":"https:\/\/soymigrante.com\/revista\/wp-json\/wp\/v2\/posts\/28510","targetHints":{"allow":["GET"]}}],"collection":[{"href":"https:\/\/soymigrante.com\/revista\/wp-json\/wp\/v2\/posts"}],"about":[{"href":"https:\/\/soymigrante.com\/revista\/wp-json\/wp\/v2\/types\/post"}],"author":[{"embeddable":true,"href":"https:\/\/soymigrante.com\/revista\/wp-json\/wp\/v2\/users\/19"}],"replies":[{"embeddable":true,"href":"https:\/\/soymigrante.com\/revista\/wp-json\/wp\/v2\/comments?post=28510"}],"version-history":[{"count":0,"href":"https:\/\/soymigrante.com\/revista\/wp-json\/wp\/v2\/posts\/28510\/revisions"}],"wp:featuredmedia":[{"embeddable":true,"href":"https:\/\/soymigrante.com\/revista\/wp-json\/wp\/v2\/media\/28512"}],"wp:attachment":[{"href":"https:\/\/soymigrante.com\/revista\/wp-json\/wp\/v2\/media?parent=28510"}],"wp:term":[{"taxonomy":"category","embeddable":true,"href":"https:\/\/soymigrante.com\/revista\/wp-json\/wp\/v2\/categories?post=28510"},{"taxonomy":"post_tag","embeddable":true,"href":"https:\/\/soymigrante.com\/revista\/wp-json\/wp\/v2\/tags?post=28510"}],"curies":[{"name":"wp","href":"https:\/\/api.w.org\/{rel}","templated":true}]}}