{"id":2848,"date":"2023-10-13T14:39:00","date_gmt":"2023-10-13T20:39:00","guid":{"rendered":"https:\/\/soymigrante.com\/revista\/?p=2848"},"modified":"2024-07-31T11:40:53","modified_gmt":"2024-07-31T17:40:53","slug":"migrante-hugo-navarro-coordina-proteccion-de-un-tesoro-natural-guatemalteco","status":"publish","type":"post","link":"https:\/\/soymigrante.com\/revista\/migrante-hugo-navarro-coordina-proteccion-de-un-tesoro-natural-guatemalteco\/","title":{"rendered":"Migrante Hugo Navarro dirige cuidado de joya  ecol\u00f3gica de Guatemala"},"content":{"rendered":"\t\t<div data-elementor-type=\"wp-post\" data-elementor-id=\"2848\" class=\"elementor elementor-2848\" data-elementor-post-type=\"post\">\n\t\t\t\t\t\t<section data-particle_enable=\"false\" data-particle-mobile-disabled=\"false\" class=\"elementor-section elementor-top-section elementor-element elementor-element-e1e1f23 elementor-section-boxed elementor-section-height-default elementor-section-height-default\" data-id=\"e1e1f23\" data-element_type=\"section\" data-e-type=\"section\">\n\t\t\t\t\t\t<div class=\"elementor-container elementor-column-gap-default\">\n\t\t\t\t\t<div class=\"elementor-column elementor-col-100 elementor-top-column elementor-element elementor-element-e12d1ec\" data-id=\"e12d1ec\" data-element_type=\"column\" data-e-type=\"column\">\n\t\t\t<div class=\"elementor-widget-wrap elementor-element-populated\">\n\t\t\t\t\t\t<div class=\"elementor-element elementor-element-d869d56 elementor-widget elementor-widget-heading\" data-id=\"d869d56\" data-element_type=\"widget\" data-e-type=\"widget\" data-widget_type=\"heading.default\">\n\t\t\t\t\t<h1 class=\"elementor-heading-title elementor-size-default\">Preservar 3 mil hect\u00e1reas de manglar con toda su riqueza de flora y fauna, en la barra de Las Lisas, en Taxisco Santa Rosa es la misi\u00f3n que motiva a Hugo Navarro, experto en turismo sostenible y migrante guatemalteco<\/h1>\t\t\t\t<\/div>\n\t\t\t\t\t<\/div>\n\t\t<\/div>\n\t\t\t\t\t<\/div>\n\t\t<\/section>\n\t\t\t\t<section data-particle_enable=\"false\" data-particle-mobile-disabled=\"false\" class=\"elementor-section elementor-top-section elementor-element elementor-element-0095c25 elementor-section-boxed elementor-section-height-default elementor-section-height-default\" data-id=\"0095c25\" data-element_type=\"section\" data-e-type=\"section\">\n\t\t\t\t\t\t<div class=\"elementor-container elementor-column-gap-default\">\n\t\t\t\t\t<div class=\"elementor-column elementor-col-100 elementor-top-column elementor-element elementor-element-a4fa1da\" data-id=\"a4fa1da\" data-element_type=\"column\" data-e-type=\"column\">\n\t\t\t<div class=\"elementor-widget-wrap elementor-element-populated\">\n\t\t\t\t\t\t<div class=\"elementor-element elementor-element-3d6f642 elementor-widget elementor-widget-image\" data-id=\"3d6f642\" data-element_type=\"widget\" data-e-type=\"widget\" data-widget_type=\"image.default\">\n\t\t\t\t\t\t\t\t\t\t\t\t<figure class=\"wp-caption\">\n\t\t\t\t\t\t\t\t\t\t<img fetchpriority=\"high\" decoding=\"async\" width=\"768\" height=\"576\" src=\"https:\/\/soymigrante.com\/revista\/wp-content\/uploads\/2023\/10\/WhatsApp-Image-2023-09-11-at-5.16.06-PM.webp\" class=\"attachment-large size-large wp-image-2960\" alt=\"Como coordinador del Centro de Rescate y Conservaci\u00f3n Arcas Las Lisas, Hugo Navarro coordina el trabajo de guardarecursos y fomenta la cooperaci\u00f3n de los pobladores en la conservaci\u00f3n de la barrera de manglar.\" srcset=\"https:\/\/soymigrante.com\/revista\/wp-content\/uploads\/2023\/10\/WhatsApp-Image-2023-09-11-at-5.16.06-PM.webp 1024w, https:\/\/soymigrante.com\/revista\/wp-content\/uploads\/2023\/10\/WhatsApp-Image-2023-09-11-at-5.16.06-PM-300x225.webp 300w, https:\/\/soymigrante.com\/revista\/wp-content\/uploads\/2023\/10\/WhatsApp-Image-2023-09-11-at-5.16.06-PM-768x576.webp 768w, https:\/\/soymigrante.com\/revista\/wp-content\/uploads\/2023\/10\/WhatsApp-Image-2023-09-11-at-5.16.06-PM-750x563.webp 750w\" sizes=\"(max-width: 768px) 100vw, 768px\" title=\"Como coordinador del Centro de Rescate y Conservaci\u00f3n Arcas Las Lisas, Hugo Navarro coordina el trabajo de guardarecursos y fomenta la cooperaci\u00f3n de los pobladores en la conservaci\u00f3n de la barrera de manglar. \u2013 SoyMigrante.com REVISTA\" \/>\t\t\t\t\t\t\t\t\t\t\t<figcaption class=\"widget-image-caption wp-caption-text\">Como coordinador del Centro de Rescate y Conservaci\u00f3n Arcas Las Lisas, Hugo Navarro coordina el trabajo de guardarecursos y fomenta la cooperaci\u00f3n de los pobladores en la conservaci\u00f3n de la barrera de manglar.<\/figcaption>\n\t\t\t\t\t\t\t\t\t\t<\/figure>\n\t\t\t\t\t\t\t\t\t<\/div>\n\t\t\t\t\t<\/div>\n\t\t<\/div>\n\t\t\t\t\t<\/div>\n\t\t<\/section>\n\t\t\t\t<section data-particle_enable=\"false\" data-particle-mobile-disabled=\"false\" class=\"elementor-section elementor-top-section elementor-element elementor-element-6be8a18 elementor-section-boxed elementor-section-height-default elementor-section-height-default\" data-id=\"6be8a18\" data-element_type=\"section\" data-e-type=\"section\">\n\t\t\t\t\t\t<div class=\"elementor-container elementor-column-gap-default\">\n\t\t\t\t\t<div class=\"elementor-column elementor-col-100 elementor-top-column elementor-element elementor-element-bae723a\" data-id=\"bae723a\" data-element_type=\"column\" data-e-type=\"column\">\n\t\t\t<div class=\"elementor-widget-wrap elementor-element-populated\">\n\t\t\t\t\t\t<div class=\"elementor-element elementor-element-0333a71 elementor-widget elementor-widget-text-editor\" data-id=\"0333a71\" data-element_type=\"widget\" data-e-type=\"widget\" data-widget_type=\"text-editor.default\">\n\t\t\t\t\t\t\t\t\t<p><span style=\"background-color: var(--ak-bg-color);\">En la vida de <a href=\"https:\/\/www.linkedin.com\/in\/hugo-navarro-599a5170\/\">Hugo Navarro<\/a> (1976) se entrecruzan la conservaci\u00f3n ambiental, la geolog\u00eda, la fotograf\u00eda. Emigr\u00f3 a Estados Unidos a los 13 a\u00f1os, en una traves\u00eda como menor no acompa\u00f1ado, llena de peligros que hoy le convencen de que siempre hay \u00e1ngeles en el camino de cada persona.<\/span><\/p><p><span style=\"color: var( --e-global-color-text ); background-color: var(--ak-bg-color);\">Actualmente trabaja como coordinador de la reserva de protecci\u00f3n de flora y fauna de la organizaci\u00f3n <a href=\"https:\/\/arcasguatemala.org\/es\/donde-estamos\/arcas-hawaii\/\">Arcas, en Hawaii, Taxisco, Santa Rosa. Abarca m\u00e1s de 3 mil hect\u00e1reas de bosque de mangle: un aut\u00e9ntico tesoro natural y tur\u00edstico que afronta varias amenazas.<\/a><\/span><\/p>\t\t\t\t\t\t\t\t<\/div>\n\t\t\t\t\t<\/div>\n\t\t<\/div>\n\t\t\t\t\t<\/div>\n\t\t<\/section>\n\t\t\t\t<section data-particle_enable=\"false\" data-particle-mobile-disabled=\"false\" class=\"elementor-section elementor-top-section elementor-element elementor-element-4799140 elementor-section-boxed elementor-section-height-default elementor-section-height-default\" data-id=\"4799140\" data-element_type=\"section\" data-e-type=\"section\">\n\t\t\t\t\t\t<div class=\"elementor-container elementor-column-gap-default\">\n\t\t\t\t\t<div class=\"elementor-column elementor-col-100 elementor-top-column elementor-element elementor-element-6a0a9ba\" data-id=\"6a0a9ba\" data-element_type=\"column\" data-e-type=\"column\">\n\t\t\t<div class=\"elementor-widget-wrap elementor-element-populated\">\n\t\t\t\t\t\t<div class=\"elementor-element elementor-element-1fe1c9d elementor-widget elementor-widget-google_maps\" data-id=\"1fe1c9d\" data-element_type=\"widget\" data-e-type=\"widget\" data-widget_type=\"google_maps.default\">\n\t\t\t\t\t\t\t<div class=\"elementor-custom-embed\">\n\t\t\t<iframe loading=\"lazy\"\n\t\t\t\t\tsrc=\"https:\/\/maps.google.com\/maps?q=arcas%20hawaii&#038;t=m&#038;z=14&#038;output=embed&#038;iwloc=near\"\n\t\t\t\t\ttitle=\"arcas hawaii\"\n\t\t\t\t\taria-label=\"arcas hawaii\"\n\t\t\t><\/iframe>\n\t\t<\/div>\n\t\t\t\t\t\t<\/div>\n\t\t\t\t\t<\/div>\n\t\t<\/div>\n\t\t\t\t\t<\/div>\n\t\t<\/section>\n\t\t\t\t<section data-particle_enable=\"false\" data-particle-mobile-disabled=\"false\" class=\"elementor-section elementor-top-section elementor-element elementor-element-905df58 elementor-section-boxed elementor-section-height-default elementor-section-height-default\" data-id=\"905df58\" data-element_type=\"section\" data-e-type=\"section\">\n\t\t\t\t\t\t<div class=\"elementor-container elementor-column-gap-default\">\n\t\t\t\t\t<div class=\"elementor-column elementor-col-100 elementor-top-column elementor-element elementor-element-48a50e7\" data-id=\"48a50e7\" data-element_type=\"column\" data-e-type=\"column\">\n\t\t\t<div class=\"elementor-widget-wrap elementor-element-populated\">\n\t\t\t\t\t\t<div class=\"elementor-element elementor-element-e88338a elementor-widget elementor-widget-heading\" data-id=\"e88338a\" data-element_type=\"widget\" data-e-type=\"widget\" data-widget_type=\"heading.default\">\n\t\t\t\t\t<h2 class=\"elementor-heading-title elementor-size-default\">Un migrante en el Pac\u00edfico guatemalteco<\/h2>\t\t\t\t<\/div>\n\t\t\t\t\t<\/div>\n\t\t<\/div>\n\t\t\t\t\t<\/div>\n\t\t<\/section>\n\t\t\t\t<section data-particle_enable=\"false\" data-particle-mobile-disabled=\"false\" class=\"elementor-section elementor-top-section elementor-element elementor-element-6eff26b elementor-section-boxed elementor-section-height-default elementor-section-height-default\" data-id=\"6eff26b\" data-element_type=\"section\" data-e-type=\"section\">\n\t\t\t\t\t\t<div class=\"elementor-container elementor-column-gap-default\">\n\t\t\t\t\t<div class=\"elementor-column elementor-col-100 elementor-top-column elementor-element elementor-element-66c5f9d\" data-id=\"66c5f9d\" data-element_type=\"column\" data-e-type=\"column\">\n\t\t\t<div class=\"elementor-widget-wrap elementor-element-populated\">\n\t\t\t\t\t\t<div class=\"elementor-element elementor-element-ec8c3d9 elementor-widget elementor-widget-text-editor\" data-id=\"ec8c3d9\" data-element_type=\"widget\" data-e-type=\"widget\" data-widget_type=\"text-editor.default\">\n\t\t\t\t\t\t\t\t\t<p><span style=\"background-color: var(--ak-bg-color);\">De la conservaci\u00f3n del biotopo Monterrico Hawaii dependen decenas de especies de aves, mam\u00edferos, anfibios, reptiles y peces. Pero tambi\u00e9n\u00a0 la propia comunidad humana que\u00a0 habita a lo largo de las aldeas circundantes en un territorio de 8 mil hect\u00e1reas. Hugo busca crear alianzas entre pobladores, pescadores, lancheros, gu\u00edas tur\u00edsticos, propietarios para evitar el deterioro.<\/span><\/p><p>Pero all\u00ed est\u00e1 el reto: &#8220;Hay pocos fondos econ\u00f3micos, pocos guardarrecursos y cubrimos en total unas 8 mil hect\u00e1reas: si existe un \u00e1rea protegida, quiere decir que hay que protegerla de algo, y es de las personas que quieren talar, cazar sin permiso o contaminar&#8221;, relata Hugo.<br \/><span style=\"color: var( --e-global-color-text ); background-color: var(--ak-bg-color);\">Pero \u00bfcomo as\u00ed? \u00bfMigr\u00f3 y ahora est\u00e1 de regreso?<\/span><\/p>\t\t\t\t\t\t\t\t<\/div>\n\t\t\t\t\t<\/div>\n\t\t<\/div>\n\t\t\t\t\t<\/div>\n\t\t<\/section>\n\t\t\t\t<section data-particle_enable=\"false\" data-particle-mobile-disabled=\"false\" class=\"elementor-section elementor-top-section elementor-element elementor-element-91aa39d elementor-section-boxed elementor-section-height-default elementor-section-height-default\" data-id=\"91aa39d\" data-element_type=\"section\" data-e-type=\"section\">\n\t\t\t\t\t\t<div class=\"elementor-container elementor-column-gap-default\">\n\t\t\t\t\t<div class=\"elementor-column elementor-col-100 elementor-top-column elementor-element elementor-element-1627bb0\" data-id=\"1627bb0\" data-element_type=\"column\" data-e-type=\"column\">\n\t\t\t<div class=\"elementor-widget-wrap elementor-element-populated\">\n\t\t\t\t\t\t<div class=\"elementor-element elementor-element-3f78176 elementor-widget elementor-widget-image\" data-id=\"3f78176\" data-element_type=\"widget\" data-e-type=\"widget\" data-widget_type=\"image.default\">\n\t\t\t\t\t\t\t\t\t\t\t\t<figure class=\"wp-caption\">\n\t\t\t\t\t\t\t\t\t\t<img decoding=\"async\" width=\"768\" height=\"576\" src=\"https:\/\/soymigrante.com\/revista\/wp-content\/uploads\/2023\/10\/591c8fd7-f5b7-461d-9dd2-fc683b4bed75-1.webp\" class=\"attachment-large size-large wp-image-2955\" alt=\"Hugo Navarro estudio Ecolog\u00eda Humana y tambi\u00e9n Administraci\u00f3n de Negocios de Turismo Sostenible, para poder generar planes de conservaci\u00f3n y a la vez de sano aprovechamiento econ\u00f3mico de la naturaleza.\" srcset=\"https:\/\/soymigrante.com\/revista\/wp-content\/uploads\/2023\/10\/591c8fd7-f5b7-461d-9dd2-fc683b4bed75-1.webp 1024w, https:\/\/soymigrante.com\/revista\/wp-content\/uploads\/2023\/10\/591c8fd7-f5b7-461d-9dd2-fc683b4bed75-1-300x225.webp 300w, https:\/\/soymigrante.com\/revista\/wp-content\/uploads\/2023\/10\/591c8fd7-f5b7-461d-9dd2-fc683b4bed75-1-768x576.webp 768w, https:\/\/soymigrante.com\/revista\/wp-content\/uploads\/2023\/10\/591c8fd7-f5b7-461d-9dd2-fc683b4bed75-1-750x563.webp 750w\" sizes=\"(max-width: 768px) 100vw, 768px\" title=\"Hugo Navarro estudio Ecolog\u00eda Humana y tambi\u00e9n Administraci\u00f3n de Negocios de Turismo Sostenible, para poder generar planes de conservaci\u00f3n y a la vez de  sano aprovechamiento econ\u00f3mico de la naturaleza. \u2013 SoyMigrante.com REVISTA\" \/>\t\t\t\t\t\t\t\t\t\t\t<figcaption class=\"widget-image-caption wp-caption-text\">Hugo Navarro estudio Ecolog\u00eda Humana y tambi\u00e9n Administraci\u00f3n de Negocios de Turismo Sostenible, para poder generar planes de conservaci\u00f3n y a la vez de  sano aprovechamiento econ\u00f3mico de la naturaleza.<\/figcaption>\n\t\t\t\t\t\t\t\t\t\t<\/figure>\n\t\t\t\t\t\t\t\t\t<\/div>\n\t\t\t\t\t<\/div>\n\t\t<\/div>\n\t\t\t\t\t<\/div>\n\t\t<\/section>\n\t\t\t\t<section data-particle_enable=\"false\" data-particle-mobile-disabled=\"false\" class=\"elementor-section elementor-top-section elementor-element elementor-element-1940387 elementor-section-boxed elementor-section-height-default elementor-section-height-default\" data-id=\"1940387\" data-element_type=\"section\" data-e-type=\"section\">\n\t\t\t\t\t\t<div class=\"elementor-container elementor-column-gap-default\">\n\t\t\t\t\t<div class=\"elementor-column elementor-col-100 elementor-top-column elementor-element elementor-element-a197dc1\" data-id=\"a197dc1\" data-element_type=\"column\" data-e-type=\"column\">\n\t\t\t<div class=\"elementor-widget-wrap elementor-element-populated\">\n\t\t\t\t\t\t<div class=\"elementor-element elementor-element-a4c647c elementor-widget elementor-widget-heading\" data-id=\"a4c647c\" data-element_type=\"widget\" data-e-type=\"widget\" data-widget_type=\"heading.default\">\n\t\t\t\t\t<h2 class=\"elementor-heading-title elementor-size-default\">De la Quinta Samayoa hasta New Jersey<\/h2>\t\t\t\t<\/div>\n\t\t\t\t\t<\/div>\n\t\t<\/div>\n\t\t\t\t\t<\/div>\n\t\t<\/section>\n\t\t\t\t<section data-particle_enable=\"false\" data-particle-mobile-disabled=\"false\" class=\"elementor-section elementor-top-section elementor-element elementor-element-259c7e0 elementor-section-boxed elementor-section-height-default elementor-section-height-default\" data-id=\"259c7e0\" data-element_type=\"section\" data-e-type=\"section\">\n\t\t\t\t\t\t<div class=\"elementor-container elementor-column-gap-default\">\n\t\t\t\t\t<div class=\"elementor-column elementor-col-100 elementor-top-column elementor-element elementor-element-351bf9c\" data-id=\"351bf9c\" data-element_type=\"column\" data-e-type=\"column\">\n\t\t\t<div class=\"elementor-widget-wrap elementor-element-populated\">\n\t\t\t\t\t\t<div class=\"elementor-element elementor-element-aea810e elementor-widget elementor-widget-text-editor\" data-id=\"aea810e\" data-element_type=\"widget\" data-e-type=\"widget\" data-widget_type=\"text-editor.default\">\n\t\t\t\t\t\t\t\t\t<p><span style=\"color: var( --e-global-color-text ); background-color: var(--ak-bg-color);\">A los 13 a\u00f1os Hugo se enfrent\u00f3 a un lugar desconocido. Lleg\u00f3 a New Jersey: &#8220;No conoces a nadie. Debes comenzar de cero. Sin papeles, sin ayuda, sin amigos, sin nada. Los amigos, vecinos de la Quinta Samayoa, zona 7 de la capital, no estaban m\u00e1s&#8221;.&nbsp;<\/span><span style=\"font-family: Roboto, sans-serif; font-size: 16px; font-style: normal; font-variant-ligatures: normal; font-variant-caps: normal; font-weight: 400; color: var( --e-global-color-text ); background-color: var(--ak-bg-color);\">Su mam\u00e1 hab\u00eda migrado 8 meses antes con su hermana y mand\u00f3 por \u00e9l, que se qued\u00f3 con una t\u00eda.<\/span><\/p>\n<p><span style=\"color: var( --e-global-color-text ); background-color: var(--ak-bg-color);\">&#8220;El primer d\u00eda de clases de Primero B\u00e1sico fue el \u00faltimo: porque esa noche sal\u00ed con rumbo a la frontera de Tec\u00fan Um\u00e1n. N<\/span><span style=\"background-color: var(--ak-bg-color); color: var( --e-global-color-text );\">o llevaba dinero ni nada, el coyote lo llevaba. En el trayecto por M\u00e9xico me dejaba en un cuarto y luego aparec\u00eda borracho, golpeado. Segu\u00edamos el camino. Una vez, \u00edbamos en un tren, pero hab\u00eda un ret\u00e9n de migraci\u00f3n. Me dijo: mira esa viejita, plat\u00edcale y cuando pasen los vendedores de gaseosas y frituras, c\u00f3mprale algo. As\u00ed lo hice y cuando pasaron los polic\u00edas, siguieron de largo porque creyeron que era mi abuela. Ella me pregunt\u00f3 a donde iba y yo le dije el nombre del pueblo. Ella me dijo: pero si es aqu\u00ed donde estamos&#8221;. Esa abuelita fue un \u00e1ngel. M\u00e1s adelante, \u00edbamos a comprar una hamburguesa, ya en San Diego. Y otra se\u00f1ora nos dijo: all\u00e1 est\u00e1 la migraci\u00f3n. Otro \u00e1ngel.<\/span><\/p>\n<p>&nbsp;<\/p>\t\t\t\t\t\t\t\t<\/div>\n\t\t\t\t\t<\/div>\n\t\t<\/div>\n\t\t\t\t\t<\/div>\n\t\t<\/section>\n\t\t\t\t<section data-particle_enable=\"false\" data-particle-mobile-disabled=\"false\" class=\"elementor-section elementor-top-section elementor-element elementor-element-a6b79ca elementor-section-boxed elementor-section-height-default elementor-section-height-default\" data-id=\"a6b79ca\" data-element_type=\"section\" data-e-type=\"section\">\n\t\t\t\t\t\t<div class=\"elementor-container elementor-column-gap-default\">\n\t\t\t\t\t<div class=\"elementor-column elementor-col-100 elementor-top-column elementor-element elementor-element-8fd88b7\" data-id=\"8fd88b7\" data-element_type=\"column\" data-e-type=\"column\">\n\t\t\t<div class=\"elementor-widget-wrap elementor-element-populated\">\n\t\t\t\t\t\t<div class=\"elementor-element elementor-element-2c1d4f8 elementor-widget elementor-widget-image\" data-id=\"2c1d4f8\" data-element_type=\"widget\" data-e-type=\"widget\" data-widget_type=\"image.default\">\n\t\t\t\t\t\t\t\t\t\t\t\t<figure class=\"wp-caption\">\n\t\t\t\t\t\t\t\t\t\t<img decoding=\"async\" width=\"768\" height=\"512\" src=\"https:\/\/soymigrante.com\/revista\/wp-content\/uploads\/2023\/10\/2011-HUGO-1024x683.webp\" class=\"attachment-large size-large wp-image-2850\" alt=\"Hugo Navarro durante una cobertura period\u00edstica en su etapa como fotorreportero en Guatemala, entre 1998 y 2002, mientras se autorizaba su residencia permanente en Estados Unidos.\" srcset=\"https:\/\/soymigrante.com\/revista\/wp-content\/uploads\/2023\/10\/2011-HUGO-1024x683.webp 1024w, https:\/\/soymigrante.com\/revista\/wp-content\/uploads\/2023\/10\/2011-HUGO-300x200.webp 300w, https:\/\/soymigrante.com\/revista\/wp-content\/uploads\/2023\/10\/2011-HUGO-768x512.webp 768w, https:\/\/soymigrante.com\/revista\/wp-content\/uploads\/2023\/10\/2011-HUGO-1536x1024.webp 1536w, https:\/\/soymigrante.com\/revista\/wp-content\/uploads\/2023\/10\/2011-HUGO-750x500.webp 750w, https:\/\/soymigrante.com\/revista\/wp-content\/uploads\/2023\/10\/2011-HUGO-1140x760.webp 1140w, https:\/\/soymigrante.com\/revista\/wp-content\/uploads\/2023\/10\/2011-HUGO-600x400.webp 600w, https:\/\/soymigrante.com\/revista\/wp-content\/uploads\/2023\/10\/2011-HUGO.webp 1920w\" sizes=\"(max-width: 768px) 100vw, 768px\" title=\"Hugo Navarro durante una cobertura period\u00edstica en su etapa como fotorreportero en Guatemala, entre 1998 y 2002, mientras se autorizaba su residencia permanente en Estados Unidos. \u2013 SoyMigrante.com REVISTA\" \/>\t\t\t\t\t\t\t\t\t\t\t<figcaption class=\"widget-image-caption wp-caption-text\">Hugo Navarro durante una cobertura period\u00edstica en su etapa como fotorreportero en Guatemala, entre 1998 y 2002, mientras se autorizaba su residencia permanente en Estados Unidos.<\/figcaption>\n\t\t\t\t\t\t\t\t\t\t<\/figure>\n\t\t\t\t\t\t\t\t\t<\/div>\n\t\t\t\t\t<\/div>\n\t\t<\/div>\n\t\t\t\t\t<\/div>\n\t\t<\/section>\n\t\t\t\t<section data-particle_enable=\"false\" data-particle-mobile-disabled=\"false\" class=\"elementor-section elementor-top-section elementor-element elementor-element-7f0cb69 elementor-section-boxed elementor-section-height-default elementor-section-height-default\" data-id=\"7f0cb69\" data-element_type=\"section\" data-e-type=\"section\">\n\t\t\t\t\t\t<div class=\"elementor-container elementor-column-gap-default\">\n\t\t\t\t\t<div class=\"elementor-column elementor-col-100 elementor-top-column elementor-element elementor-element-3cc9801\" data-id=\"3cc9801\" data-element_type=\"column\" data-e-type=\"column\">\n\t\t\t<div class=\"elementor-widget-wrap elementor-element-populated\">\n\t\t\t\t\t\t<div class=\"elementor-element elementor-element-0a63114 elementor-widget elementor-widget-text-editor\" data-id=\"0a63114\" data-element_type=\"widget\" data-e-type=\"widget\" data-widget_type=\"text-editor.default\">\n\t\t\t\t\t\t\t\t\t<p><span style=\"color: var( --e-global-color-text ); background-color: var(--ak-bg-color);\">Hugo pas\u00f3 varios a\u00f1os con un permiso temporal por ser menor de edad. Pero al cumplir 18, tuvo que salir de Estados Unidos patra continuar su tr\u00e1mite migratorio. &#8220;En 1998 entr\u00e9 a trabajar como fot\u00f3grafo a Prensa Libre en Guatemala. Me hab\u00eda interesado la fot\u00f3graf\u00eda algunos a\u00f1os atr\u00e1s cuando un primo me vendi\u00f3 una c\u00e1mara Minolta, mec\u00e1nica, de pel\u00edcula. Se convirti\u00f3 en una pasi\u00f3n para m\u00ed. Al salir la autorizaci\u00f3n, volv\u00ed a Estados Unidos&#8221;.<\/span><br><\/p>\t\t\t\t\t\t\t\t<\/div>\n\t\t\t\t\t<\/div>\n\t\t<\/div>\n\t\t\t\t\t<\/div>\n\t\t<\/section>\n\t\t\t\t<section data-particle_enable=\"false\" data-particle-mobile-disabled=\"false\" class=\"elementor-section elementor-top-section elementor-element elementor-element-a154772 elementor-section-boxed elementor-section-height-default elementor-section-height-default\" data-id=\"a154772\" data-element_type=\"section\" data-e-type=\"section\">\n\t\t\t\t\t\t<div class=\"elementor-container elementor-column-gap-default\">\n\t\t\t\t\t<div class=\"elementor-column elementor-col-100 elementor-top-column elementor-element elementor-element-ad8a556\" data-id=\"ad8a556\" data-element_type=\"column\" data-e-type=\"column\">\n\t\t\t<div class=\"elementor-widget-wrap elementor-element-populated\">\n\t\t\t\t\t\t<div class=\"elementor-element elementor-element-9480617 elementor-widget elementor-widget-heading\" data-id=\"9480617\" data-element_type=\"widget\" data-e-type=\"widget\" data-widget_type=\"heading.default\">\n\t\t\t\t\t<h2 class=\"elementor-heading-title elementor-size-default\">Fotos con amor a la vida<\/h2>\t\t\t\t<\/div>\n\t\t\t\t\t<\/div>\n\t\t<\/div>\n\t\t\t\t\t<\/div>\n\t\t<\/section>\n\t\t\t\t<section data-particle_enable=\"false\" data-particle-mobile-disabled=\"false\" class=\"elementor-section elementor-top-section elementor-element elementor-element-58dc3c2 elementor-section-boxed elementor-section-height-default elementor-section-height-default\" data-id=\"58dc3c2\" data-element_type=\"section\" data-e-type=\"section\">\n\t\t\t\t\t\t<div class=\"elementor-container elementor-column-gap-default\">\n\t\t\t\t\t<div class=\"elementor-column elementor-col-100 elementor-top-column elementor-element elementor-element-493f8f5\" data-id=\"493f8f5\" data-element_type=\"column\" data-e-type=\"column\">\n\t\t\t<div class=\"elementor-widget-wrap elementor-element-populated\">\n\t\t\t\t\t\t<div class=\"elementor-element elementor-element-28ff59b elementor-arrows-position-inside elementor-pagination-position-outside elementor-widget elementor-widget-image-carousel\" data-id=\"28ff59b\" data-element_type=\"widget\" data-e-type=\"widget\" data-settings=\"{&quot;slides_to_show&quot;:&quot;1&quot;,&quot;navigation&quot;:&quot;both&quot;,&quot;autoplay&quot;:&quot;yes&quot;,&quot;pause_on_hover&quot;:&quot;yes&quot;,&quot;pause_on_interaction&quot;:&quot;yes&quot;,&quot;autoplay_speed&quot;:5000,&quot;infinite&quot;:&quot;yes&quot;,&quot;effect&quot;:&quot;slide&quot;,&quot;speed&quot;:500}\" data-widget_type=\"image-carousel.default\">\n\t\t\t\t\t\t\t<div class=\"elementor-image-carousel-wrapper swiper\" role=\"region\" aria-roledescription=\"carousel\" aria-label=\"Carrusel de im\u00e1genes\" dir=\"rtl\">\n\t\t\t<div class=\"elementor-image-carousel swiper-wrapper\" aria-live=\"off\">\n\t\t\t\t\t\t\t\t<div class=\"swiper-slide\" role=\"group\" aria-roledescription=\"slide\" aria-label=\"1 de 8\"><figure class=\"swiper-slide-inner\"><img decoding=\"async\" class=\"swiper-slide-image\" src=\"https:\/\/soymigrante.com\/revista\/wp-content\/uploads\/2023\/10\/WhatsApp-Image-2023-09-11-at-5.50.50-PM-2.webp\" alt=\"La reserva de manglar de Monterrico-Hawaii ese un ecosistema \u00fanico en su tipo, con gran potencial tur\u00edstico y ecol\u00f3gico. Fotograf\u00eda: Hugo Navarro.\" \/><figcaption class=\"elementor-image-carousel-caption\">La reserva de manglar de Monterrico-Hawaii ese un ecosistema \u00fanico en su tipo, con gran potencial tur\u00edstico y ecol\u00f3gico. Fotograf\u00eda: Hugo Navarro.<\/figcaption><\/figure><\/div><div class=\"swiper-slide\" role=\"group\" aria-roledescription=\"slide\" aria-label=\"2 de 8\"><figure class=\"swiper-slide-inner\"><img decoding=\"async\" class=\"swiper-slide-image\" src=\"https:\/\/soymigrante.com\/revista\/wp-content\/uploads\/2023\/10\/WhatsApp-Image-2023-09-11-at-5.50.50-PM-3.webp\" alt=\"Una cr\u00eda de lagarto es rescatada en el centro de conservac\u00f3n Arcas Hawaii, para ser posteriormente reintroducido a su h\u00e1bitat natural. (Foto Hugo Navarro)\" \/><figcaption class=\"elementor-image-carousel-caption\">Una cr\u00eda de lagarto es rescatada en el centro de conservac\u00f3n Arcas Hawaii, para ser posteriormente reintroducido a su h\u00e1bitat natural. (Foto Hugo Navarro)<\/figcaption><\/figure><\/div><div class=\"swiper-slide\" role=\"group\" aria-roledescription=\"slide\" aria-label=\"3 de 8\"><figure class=\"swiper-slide-inner\"><img decoding=\"async\" class=\"swiper-slide-image\" src=\"https:\/\/soymigrante.com\/revista\/wp-content\/uploads\/2023\/10\/navarro-1-1024x768.webp\" alt=\"El rescate de huevos de tortuga parlama y posterior liberaci\u00f3n de cr\u00edas es una de las actividades que m\u00e1s visitantes atrae al centro Arcas Hawaii (Fotograf\u00eda Hugo Navarro)\" \/><figcaption class=\"elementor-image-carousel-caption\">El rescate de huevos de tortuga parlama y posterior liberaci\u00f3n de cr\u00edas es una de las actividades que m\u00e1s visitantes atrae al centro Arcas Hawaii (Fotograf\u00eda Hugo Navarro)<\/figcaption><\/figure><\/div><div class=\"swiper-slide\" role=\"group\" aria-roledescription=\"slide\" aria-label=\"4 de 8\"><figure class=\"swiper-slide-inner\"><img decoding=\"async\" class=\"swiper-slide-image\" src=\"https:\/\/soymigrante.com\/revista\/wp-content\/uploads\/2023\/10\/bb2c31df-0295-4b24-b34d-c2562b87e4e9-1-e1697227581757.webp\" alt=\"Hugo Navarro estuvo en Noruega durante un semestre como parte de sus estudios de Maestr\u00eda en Administraci\u00f3n sostenible. All\u00ed pudo aprender de modelos de conservaci\u00f3n y aprovechamiento natural.\" \/><figcaption class=\"elementor-image-carousel-caption\">Hugo Navarro estuvo en Noruega durante un semestre como parte de sus estudios de Maestr\u00eda en Administraci\u00f3n sostenible. All\u00ed pudo aprender de modelos de conservaci\u00f3n y aprovechamiento natural.<\/figcaption><\/figure><\/div><div class=\"swiper-slide\" role=\"group\" aria-roledescription=\"slide\" aria-label=\"5 de 8\"><figure class=\"swiper-slide-inner\"><img decoding=\"async\" class=\"swiper-slide-image\" src=\"https:\/\/soymigrante.com\/revista\/wp-content\/uploads\/2023\/10\/WhatsApp-Image-2023-09-11-at-5.21.47-PM.webp\" alt=\"Por supuesto, tambi\u00e9n experiment\u00f3 las g\u00e9lidas temperaturas n\u00f3rdicas.\" \/><figcaption class=\"elementor-image-carousel-caption\">Por supuesto, tambi\u00e9n experiment\u00f3 las g\u00e9lidas temperaturas n\u00f3rdicas.<\/figcaption><\/figure><\/div><div class=\"swiper-slide\" role=\"group\" aria-roledescription=\"slide\" aria-label=\"6 de 8\"><figure class=\"swiper-slide-inner\"><img decoding=\"async\" class=\"swiper-slide-image\" src=\"https:\/\/soymigrante.com\/revista\/wp-content\/uploads\/2023\/10\/WhatsApp-Image-2023-09-11-at-5.50.50-PM.webp\" alt=\"La aurora boreal qued\u00f3 registrada en esta fotograf\u00eda de Hugo Navarro.\" \/><figcaption class=\"elementor-image-carousel-caption\">La aurora boreal qued\u00f3 registrada en esta fotograf\u00eda de Hugo Navarro.<\/figcaption><\/figure><\/div><div class=\"swiper-slide\" role=\"group\" aria-roledescription=\"slide\" aria-label=\"7 de 8\"><figure class=\"swiper-slide-inner\"><img decoding=\"async\" class=\"swiper-slide-image\" src=\"https:\/\/soymigrante.com\/revista\/wp-content\/uploads\/2023\/10\/19055469_10210659524263153_7994782834045652743_o-1-1-1024x608.webp\" alt=\"El migrante guatemalteco Hugo Navarro tambi\u00e9n ha trabajado como gu\u00eda de recorridos mar\u00edtimos y de avistamiento de ballenas en Maine, Estados Unidosl.\" \/><figcaption class=\"elementor-image-carousel-caption\">El migrante guatemalteco Hugo Navarro tambi\u00e9n ha trabajado como gu\u00eda de recorridos mar\u00edtimos y de avistamiento de ballenas en Maine, Estados Unidosl.<\/figcaption><\/figure><\/div><div class=\"swiper-slide\" role=\"group\" aria-roledescription=\"slide\" aria-label=\"8 de 8\"><figure class=\"swiper-slide-inner\"><img decoding=\"async\" class=\"swiper-slide-image\" src=\"https:\/\/soymigrante.com\/revista\/wp-content\/uploads\/2023\/10\/341322917_6519843091372725_3118205469535948056_n-e1697229766343-1024x723.webp\" alt=\"Guacamayas decomisadas a traficantes de especies, son entregadas al refugio de Arcas para su recuperaci\u00f3n y reinserci\u00f3n en su h\u00e1bitat natural.\" \/><figcaption class=\"elementor-image-carousel-caption\">Guacamayas decomisadas a traficantes de especies, son entregadas al refugio de Arcas para su recuperaci\u00f3n y reinserci\u00f3n en su h\u00e1bitat natural.<\/figcaption><\/figure><\/div>\t\t\t<\/div>\n\t\t\t\t\t\t\t\t\t\t\t\t<div class=\"elementor-swiper-button elementor-swiper-button-prev\" role=\"button\" tabindex=\"0\">\n\t\t\t\t\t\t<i aria-hidden=\"true\" class=\"eicon-chevron-left\"><\/i>\t\t\t\t\t<\/div>\n\t\t\t\t\t<div class=\"elementor-swiper-button elementor-swiper-button-next\" role=\"button\" tabindex=\"0\">\n\t\t\t\t\t\t<i aria-hidden=\"true\" class=\"eicon-chevron-right\"><\/i>\t\t\t\t\t<\/div>\n\t\t\t\t\n\t\t\t\t\t\t\t\t\t<div class=\"swiper-pagination\"><\/div>\n\t\t\t\t\t\t\t\t\t<\/div>\n\t\t\t\t\t\t<\/div>\n\t\t\t\t\t<\/div>\n\t\t<\/div>\n\t\t\t\t\t<\/div>\n\t\t<\/section>\n\t\t\t\t<section data-particle_enable=\"false\" data-particle-mobile-disabled=\"false\" class=\"elementor-section elementor-top-section elementor-element elementor-element-3f6c786 elementor-section-boxed elementor-section-height-default elementor-section-height-default\" data-id=\"3f6c786\" data-element_type=\"section\" data-e-type=\"section\">\n\t\t\t\t\t\t<div class=\"elementor-container elementor-column-gap-default\">\n\t\t\t\t\t<div class=\"elementor-column elementor-col-100 elementor-top-column elementor-element elementor-element-9f77cd3\" data-id=\"9f77cd3\" data-element_type=\"column\" data-e-type=\"column\">\n\t\t\t<div class=\"elementor-widget-wrap elementor-element-populated\">\n\t\t\t\t\t\t<div class=\"elementor-element elementor-element-15f2109 elementor-widget elementor-widget-heading\" data-id=\"15f2109\" data-element_type=\"widget\" data-e-type=\"widget\" data-widget_type=\"heading.default\">\n\t\t\t\t\t<h2 class=\"elementor-heading-title elementor-size-default\">Geolog\u00eda, fotograf\u00eda y ecolog\u00eda <\/h2>\t\t\t\t<\/div>\n\t\t\t\t\t<\/div>\n\t\t<\/div>\n\t\t\t\t\t<\/div>\n\t\t<\/section>\n\t\t\t\t<section data-particle_enable=\"false\" data-particle-mobile-disabled=\"false\" class=\"elementor-section elementor-top-section elementor-element elementor-element-63280a1 elementor-section-boxed elementor-section-height-default elementor-section-height-default\" data-id=\"63280a1\" data-element_type=\"section\" data-e-type=\"section\">\n\t\t\t\t\t\t<div class=\"elementor-container elementor-column-gap-default\">\n\t\t\t\t\t<div class=\"elementor-column elementor-col-100 elementor-top-column elementor-element elementor-element-a670455\" data-id=\"a670455\" data-element_type=\"column\" data-e-type=\"column\">\n\t\t\t<div class=\"elementor-widget-wrap elementor-element-populated\">\n\t\t\t\t\t\t<div class=\"elementor-element elementor-element-8142be1 elementor-widget elementor-widget-text-editor\" data-id=\"8142be1\" data-element_type=\"widget\" data-e-type=\"widget\" data-widget_type=\"text-editor.default\">\n\t\t\t\t\t\t\t\t\t<p><span style=\"background-color: var(--ak-bg-color);\">En la Universidad Rutgers de New Jersey, antes de salir por su tr\u00e1mite, el migrante Hugo Navarro hab\u00eda iniciado estudios de Geolog\u00eda. &#8220;Pensaba que al ser Guatemala un verdadero laboratorio natural, con tanta riqueza de suelos, se podr\u00eda aplicar en algo, alguna vez&#8221;. Pero no concluy\u00f3 esa carrera.\u00a0<\/span><\/p><p><span style=\"background-color: var(--ak-bg-color); color: var( --e-global-color-text );\">Al regresar a Estados Unidos, se decidi\u00f3 por estudiar Ecolog\u00eda Humana y posteriormente una maestr\u00eda en Administraci\u00f3n de Turismo Sostenible con la Universidad del Valle, que estudi\u00f3 en modalidad h\u00edbrida desde Estados Unidos. Ha trabajado como gu\u00eda de turismo marino y avistamiento de ballenas en Maine, Estados Unidos.\u00a0 &#8220;<\/span><span style=\"color: var( --e-global-color-text ); background-color: var(--ak-bg-color);\">Fue durante estos estudios que conoc\u00ed a la directora ejecutiva de una organizaci\u00f3n conservacionista llamada Arcas Guatemala, a cuyo cargo, est\u00e1 la reserva de manglar de Chiquimulilla. Empec\u00e9 haciendo una consultor\u00eda y termin\u00e9 qued\u00e1ndome temporalmente como director<\/span><span style=\"color: var( --e-global-color-text ); background-color: var(--ak-bg-color);\">.\u00a0<\/span><\/p><p><span style=\"color: var( --e-global-color-text ); background-color: var(--ak-bg-color);\">Hugo no puede evitar expresar su admiraci\u00f3n: &#8220;Este es un espacio, puro limpio, de gran potencial tur\u00edstico, pero necesita de mucha ayuda. Pienso que muy pronto tendr\u00e9 que ir de regreso a Estados Unidos para volver a ganar dinero,. Aunque en un futuro ya no trabaje a cargo de este parque, quisiera seguir aportando a su conservaci\u00f3n&#8221;, expresa convencido.<\/span><\/p>\t\t\t\t\t\t\t\t<\/div>\n\t\t\t\t\t<\/div>\n\t\t<\/div>\n\t\t\t\t\t<\/div>\n\t\t<\/section>\n\t\t\t\t<section data-particle_enable=\"false\" data-particle-mobile-disabled=\"false\" class=\"elementor-section elementor-top-section elementor-element elementor-element-963d99d elementor-section-boxed elementor-section-height-default elementor-section-height-default\" data-id=\"963d99d\" data-element_type=\"section\" data-e-type=\"section\">\n\t\t\t\t\t\t<div class=\"elementor-container elementor-column-gap-default\">\n\t\t\t\t\t<div class=\"elementor-column elementor-col-100 elementor-top-column elementor-element elementor-element-4a7d567\" data-id=\"4a7d567\" data-element_type=\"column\" data-e-type=\"column\">\n\t\t\t<div class=\"elementor-widget-wrap elementor-element-populated\">\n\t\t\t\t\t\t<div class=\"elementor-element elementor-element-243eae4 elementor-widget elementor-widget-facebook-embed\" data-id=\"243eae4\" data-element_type=\"widget\" data-e-type=\"widget\" data-widget_type=\"facebook-embed.default\">\n\t\t\t\t\t<div style=\"min-height: 1px\" class=\"elementor-facebook-widget fb-post\" data-href=\"https:\/\/www.facebook.com\/ArcasGuatemala\/videos\/648011313299893\" data-show-text=\"false\"><\/div>\t\t\t\t<\/div>\n\t\t\t\t\t<\/div>\n\t\t<\/div>\n\t\t\t\t\t<\/div>\n\t\t<\/section>\n\t\t\t\t<section data-particle_enable=\"false\" data-particle-mobile-disabled=\"false\" class=\"elementor-section elementor-top-section elementor-element elementor-element-a6b33a3 elementor-section-boxed elementor-section-height-default elementor-section-height-default\" data-id=\"a6b33a3\" data-element_type=\"section\" data-e-type=\"section\">\n\t\t\t\t\t\t<div class=\"elementor-container elementor-column-gap-default\">\n\t\t\t\t\t<div class=\"elementor-column elementor-col-100 elementor-top-column elementor-element elementor-element-9cc4e8e\" data-id=\"9cc4e8e\" data-element_type=\"column\" data-e-type=\"column\">\n\t\t\t<div class=\"elementor-widget-wrap elementor-element-populated\">\n\t\t\t\t\t\t<div class=\"elementor-element elementor-element-e152e19 elementor-widget elementor-widget-heading\" data-id=\"e152e19\" data-element_type=\"widget\" data-e-type=\"widget\" data-widget_type=\"heading.default\">\n\t\t\t\t\t<h2 class=\"elementor-heading-title elementor-size-default\">M\u00e1s historias llenas de inspiraci\u00f3n... <\/h2>\t\t\t\t<\/div>\n\t\t\t\t\t<\/div>\n\t\t<\/div>\n\t\t\t\t\t<\/div>\n\t\t<\/section>\n\t\t\t\t<section data-particle_enable=\"false\" data-particle-mobile-disabled=\"false\" class=\"elementor-section elementor-top-section elementor-element elementor-element-5643c4e elementor-section-boxed elementor-section-height-default elementor-section-height-default\" data-id=\"5643c4e\" data-element_type=\"section\" data-e-type=\"section\">\n\t\t\t\t\t\t<div class=\"elementor-container elementor-column-gap-default\">\n\t\t\t\t\t<div class=\"elementor-column elementor-col-100 elementor-top-column elementor-element elementor-element-121d11f\" data-id=\"121d11f\" data-element_type=\"column\" data-e-type=\"column\">\n\t\t\t<div class=\"elementor-widget-wrap elementor-element-populated\">\n\t\t\t\t\t\t<div class=\"elementor-element elementor-element-809a6b9 elementor-grid-eael-col-2 elementor-grid-tablet-eael-col-2 elementor-grid-mobile-eael-col-1 elementor-invisible elementor-widget elementor-widget-eael-post-grid\" data-id=\"809a6b9\" data-element_type=\"widget\" data-e-type=\"widget\" data-settings=\"{&quot;eael_post_grid_columns&quot;:&quot;eael-col-2&quot;,&quot;_animation&quot;:&quot;rollIn&quot;,&quot;eael_post_grid_columns_tablet&quot;:&quot;eael-col-2&quot;,&quot;eael_post_grid_columns_mobile&quot;:&quot;eael-col-1&quot;}\" data-widget_type=\"eael-post-grid.default\">\n\t\t\t\t\t<div id=\"eael-post-grid-809a6b9\" class=\"eael-post-grid-container\">\n            <div class=\"eael-post-grid eael-post-appender eael-post-appender-809a6b9 eael-post-grid-style-one\" data-layout-mode=\"grid\"><article class=\"eael-grid-post  eael-post-grid-column eael-pg-post-1766 category-exitos-guatemala tags-nueva-jersey\" data-id=\"1766\">\n        <div class=\"eael-grid-post-holder\">\n            <div class=\"eael-grid-post-holder-inner\"><div class=\"eael-entry-media\"><div class=\"eael-entry-overlay fade-in\"><i class=\"fas fa-long-arrow-alt-right\" aria-hidden=\"true\"><\/i><a href=\"https:\/\/soymigrante.com\/revista\/osvaldo-sanan-migrante-guatemalteco-futbol\/\"><\/a><\/div><div class=\"eael-entry-thumbnail \">\n                <img loading=\"lazy\" decoding=\"async\" width=\"225\" height=\"300\" src=\"https:\/\/soymigrante.com\/revista\/wp-content\/uploads\/2023\/07\/334131953_1213068632928628_5605940686833100766_n-1-225x300.webp\" class=\"attachment-medium size-medium wp-image-1771\" alt=\"MIgrante guatemalteco Osvaldo San\u00e1n en New Jersey\" srcset=\"https:\/\/soymigrante.com\/revista\/wp-content\/uploads\/2023\/07\/334131953_1213068632928628_5605940686833100766_n-1-225x300.webp 225w, https:\/\/soymigrante.com\/revista\/wp-content\/uploads\/2023\/07\/334131953_1213068632928628_5605940686833100766_n-1-768x1024.webp 768w, https:\/\/soymigrante.com\/revista\/wp-content\/uploads\/2023\/07\/334131953_1213068632928628_5605940686833100766_n-1-1152x1536.webp 1152w, https:\/\/soymigrante.com\/revista\/wp-content\/uploads\/2023\/07\/334131953_1213068632928628_5605940686833100766_n-1-750x1000.webp 750w, https:\/\/soymigrante.com\/revista\/wp-content\/uploads\/2023\/07\/334131953_1213068632928628_5605940686833100766_n-1-1140x1520.webp 1140w, https:\/\/soymigrante.com\/revista\/wp-content\/uploads\/2023\/07\/334131953_1213068632928628_5605940686833100766_n-1.webp 1440w\" sizes=\"(max-width: 225px) 100vw, 225px\" \/>\n            <\/div>\n        <\/div><div class=\"eael-entry-wrapper\"><header class=\"eael-entry-header\"><h2 class=\"eael-entry-title\"><a class=\"eael-grid-post-link\" href=\"https:\/\/soymigrante.com\/revista\/osvaldo-sanan-migrante-guatemalteco-futbol\/\" title=\"Osvaldo San\u00e1n: un migrante guatemalteco con pasi\u00f3n por el f\u00fatbol\">Osvaldo San\u00e1n: un migrante guatemalteco con pasi\u00f3n por el f\u00fatbol<\/a><\/h2><\/header><\/div><\/div>\n        <\/div>\n    <\/article><article class=\"eael-grid-post  eael-post-grid-column eael-pg-post-1694 category-exitos tags-nueva-jersey\" data-id=\"1694\">\n        <div class=\"eael-grid-post-holder\">\n            <div class=\"eael-grid-post-holder-inner\"><div class=\"eael-entry-media\"><div class=\"eael-entry-overlay fade-in\"><i class=\"fas fa-long-arrow-alt-right\" aria-hidden=\"true\"><\/i><a href=\"https:\/\/soymigrante.com\/revista\/alfredo-canastuj-marimba-guatemalteca-eeuu\/\"><\/a><\/div><div class=\"eael-entry-thumbnail \">\n                <img loading=\"lazy\" decoding=\"async\" width=\"300\" height=\"200\" src=\"https:\/\/soymigrante.com\/revista\/wp-content\/uploads\/2023\/07\/Alfredo-portador-del-talento-300x200.webp\" class=\"attachment-medium size-medium wp-image-1705\" alt=\"Alfredo portador del talento\" srcset=\"https:\/\/soymigrante.com\/revista\/wp-content\/uploads\/2023\/07\/Alfredo-portador-del-talento-300x200.webp 300w, https:\/\/soymigrante.com\/revista\/wp-content\/uploads\/2023\/07\/Alfredo-portador-del-talento-1024x682.webp 1024w, https:\/\/soymigrante.com\/revista\/wp-content\/uploads\/2023\/07\/Alfredo-portador-del-talento-768x512.webp 768w, https:\/\/soymigrante.com\/revista\/wp-content\/uploads\/2023\/07\/Alfredo-portador-del-talento-1536x1023.webp 1536w, https:\/\/soymigrante.com\/revista\/wp-content\/uploads\/2023\/07\/Alfredo-portador-del-talento-750x500.webp 750w, https:\/\/soymigrante.com\/revista\/wp-content\/uploads\/2023\/07\/Alfredo-portador-del-talento-1140x760.webp 1140w, https:\/\/soymigrante.com\/revista\/wp-content\/uploads\/2023\/07\/Alfredo-portador-del-talento-600x400.webp 600w, https:\/\/soymigrante.com\/revista\/wp-content\/uploads\/2023\/07\/Alfredo-portador-del-talento.webp 1600w\" sizes=\"(max-width: 300px) 100vw, 300px\" \/>\n            <\/div>\n        <\/div><div class=\"eael-entry-wrapper\"><header class=\"eael-entry-header\"><h2 class=\"eael-entry-title\"><a class=\"eael-grid-post-link\" href=\"https:\/\/soymigrante.com\/revista\/alfredo-canastuj-marimba-guatemalteca-eeuu\/\" title=\"Rey K&#8217;ich\u00e9 migrante hace vibrar la marimba en Estados Unidos\">Rey K&#8217;ich\u00e9 migrante hace vibrar la marimba en Estados Unidos<\/a><\/h2><\/header><\/div><\/div>\n        <\/div>\n    <\/article><\/div>\n            <div class=\"clearfix\"><\/div>\n        <\/div>\t\t\t\t<\/div>\n\t\t\t\t\t<\/div>\n\t\t<\/div>\n\t\t\t\t\t<\/div>\n\t\t<\/section>\n\t\t\t\t<\/div>\n\t\t","protected":false},"excerpt":{"rendered":"<p>Preservar 3 mil hect\u00e1reas de manglar con toda su riqueza de flora y fauna, en la barra de Las Lisas, en Taxisco Santa Rosa es la misi\u00f3n que motiva a Hugo Navarro, experto en turismo sostenible y migrante guatemalteco Como coordinador del Centro de Rescate y Conservaci\u00f3n Arcas Las Lisas, Hugo Navarro coordina el trabajo [&hellip;]<\/p>\n","protected":false},"author":7,"featured_media":2952,"comment_status":"open","ping_status":"open","sticky":false,"template":"","format":"standard","meta":{"_acf_changed":false,"_eb_attr":"","footnotes":""},"categories":[50],"tags":[],"class_list":["post-2848","post","type-post","status-publish","format-standard","has-post-thumbnail","hentry","category-exitos"],"acf":[],"aioseo_notices":[],"aioseo_head":"\n\t\t<!-- All in One SEO Pro 4.9.6.2 - aioseo.com -->\n\t<meta name=\"description\" content=\"Alfredo Canastuj, originario de Barranech\u00e9, toca la marimba en EE.UU., uniendo a guatemaltecos y conquistando corazones estadounidenses con su m\u00fasica.\" \/>\n\t<meta name=\"robots\" content=\"max-snippet:-1, max-image-preview:large, max-video-preview:-1\" \/>\n\t<meta name=\"author\" content=\"Diana Batz\"\/>\n\t<link rel=\"canonical\" href=\"https:\/\/soymigrante.com\/revista\/alfredo-canastuj-marimba-guatemalteca-eeuu\/\" \/>\n\t<meta name=\"generator\" content=\"All in One SEO Pro (AIOSEO) 4.9.6.2\" \/>\n\n\t\t<link rel=\"preconnect\" href=\"https:\/\/fonts.googleapis.com\" crossorigin>\n<link rel=\"preconnect\" href=\"https:\/\/fonts.gstatic.com\" crossorigin>\n\t\t<meta property=\"og:locale\" content=\"es_ES\" \/>\n\t\t<meta property=\"og:site_name\" content=\"SoyMigrante.com REVISTA \u2013 Nuestra misi\u00f3n es reconocer y dignificar al migrante.\" \/>\n\t\t<meta property=\"og:type\" content=\"article\" \/>\n\t\t<meta property=\"og:title\" content=\"Rey K\u2019ich\u00e9 migrante hace vibrar la marimba en Estados Unidos\" \/>\n\t\t<meta property=\"og:description\" content=\"Alfredo Canastuj, originario de Barranech\u00e9, toca la marimba en EE.UU., uniendo a guatemaltecos y conquistando corazones estadounidenses con su m\u00fasica.\" \/>\n\t\t<meta property=\"og:url\" content=\"https:\/\/soymigrante.com\/revista\/alfredo-canastuj-marimba-guatemalteca-eeuu\/\" \/>\n\t\t<meta property=\"og:image\" content=\"https:\/\/soymigrante.com\/revista\/wp-content\/uploads\/2023\/07\/Alfredo-portador-del-talento.webp\" \/>\n\t\t<meta property=\"og:image:secure_url\" content=\"https:\/\/soymigrante.com\/revista\/wp-content\/uploads\/2023\/07\/Alfredo-portador-del-talento.webp\" \/>\n\t\t<meta property=\"og:image:width\" content=\"1600\" \/>\n\t\t<meta property=\"og:image:height\" content=\"1066\" \/>\n\t\t<meta property=\"article:published_time\" content=\"2023-07-04T15:52:19+00:00\" \/>\n\t\t<meta property=\"article:modified_time\" content=\"2026-03-11T22:44:15+00:00\" \/>\n\t\t<meta property=\"article:publisher\" content=\"https:\/\/www.facebook.com\/soymigrantecom\" \/>\n\t\t<meta name=\"twitter:card\" content=\"summary_large_image\" \/>\n\t\t<meta name=\"twitter:site\" content=\"@SoyMigrante_com\" \/>\n\t\t<meta name=\"twitter:title\" content=\"Rey K\u2019ich\u00e9 migrante hace vibrar la marimba en Estados Unidos\" \/>\n\t\t<meta name=\"twitter:description\" content=\"Alfredo Canastuj, originario de Barranech\u00e9, toca la marimba en EE.UU., uniendo a guatemaltecos y conquistando corazones estadounidenses con su m\u00fasica.\" \/>\n\t\t<meta name=\"twitter:creator\" content=\"@SoyMigrante_com\" \/>\n\t\t<meta name=\"twitter:image\" content=\"https:\/\/soymigrante.com\/revista\/wp-content\/uploads\/2023\/07\/Alfredo-portador-del-talento.webp\" \/>\n\t\t<!-- All in One SEO Pro -->\r\n\t\t<title>Rey K\u2019ich\u00e9 migrante hace vibrar la marimba en Estados Unidos<\/title>\n\n","aioseo_head_json":{"title":"Rey K\u2019ich\u00e9 migrante hace vibrar la marimba en Estados Unidos","description":"Alfredo Canastuj, originario de Barranech\u00e9, toca la marimba en EE.UU., uniendo a guatemaltecos y conquistando corazones estadounidenses con su m\u00fasica.","canonical_url":"https:\/\/soymigrante.com\/revista\/alfredo-canastuj-marimba-guatemalteca-eeuu\/","robots":"max-snippet:-1, max-image-preview:large, max-video-preview:-1","keywords":"","webmasterTools":{"miscellaneous":"&lt;link rel=\"preconnect\" href=\"https:\/\/fonts.googleapis.com\" crossorigin&gt;\n&lt;link rel=\"preconnect\" href=\"https:\/\/fonts.gstatic.com\" crossorigin&gt;"},"schema":null,"og:locale":"es_ES","og:site_name":"SoyMigrante.com REVISTA \u2013 Nuestra misi\u00f3n es reconocer y dignificar al migrante.","og:type":"article","og:title":"Rey K\u2019ich\u00e9 migrante hace vibrar la marimba en Estados Unidos","og:description":"Alfredo Canastuj, originario de Barranech\u00e9, toca la marimba en EE.UU., uniendo a guatemaltecos y conquistando corazones estadounidenses con su m\u00fasica.","og:url":"https:\/\/soymigrante.com\/revista\/alfredo-canastuj-marimba-guatemalteca-eeuu\/","og:image":"https:\/\/soymigrante.com\/revista\/wp-content\/uploads\/2023\/07\/Alfredo-portador-del-talento.webp","og:image:secure_url":"https:\/\/soymigrante.com\/revista\/wp-content\/uploads\/2023\/07\/Alfredo-portador-del-talento.webp","og:image:width":1600,"og:image:height":1066,"article:published_time":"2023-07-04T15:52:19+00:00","article:modified_time":"2026-03-11T22:44:15+00:00","article:publisher":"https:\/\/www.facebook.com\/soymigrantecom","twitter:card":"summary_large_image","twitter:site":"@SoyMigrante_com","twitter:title":"Rey K\u2019ich\u00e9 migrante hace vibrar la marimba en Estados Unidos","twitter:description":"Alfredo Canastuj, originario de Barranech\u00e9, toca la marimba en EE.UU., uniendo a guatemaltecos y conquistando corazones estadounidenses con su m\u00fasica.","twitter:creator":"@SoyMigrante_com","twitter:image":"https:\/\/soymigrante.com\/revista\/wp-content\/uploads\/2023\/07\/Alfredo-portador-del-talento.webp"},"aioseo_meta_data":{"post_id":"2848","title":null,"description":null,"keywords":[],"keyphrases":{"focus":{"keyphrase":"Migrante","score":82,"analysis":{"keyphraseInTitle":{"score":9,"maxScore":9,"error":0},"keyphraseInDescription":{"score":9,"maxScore":9,"error":0},"keyphraseLength":{"score":9,"maxScore":9,"error":0,"length":1},"keyphraseInURL":{"score":5,"maxScore":5,"error":0},"keyphraseInIntroduction":{"score":3,"maxScore":9,"error":1},"keyphraseInSubHeadings":{"score":3,"maxScore":9,"error":1},"keyphraseInImageAlt":{"score":9,"maxScore":9,"error":0},"keywordDensity":{"type":"best","score":9,"maxScore":9,"error":0}}},"additional":[]},"primary_term":null,"canonical_url":null,"og_title":null,"og_description":null,"og_object_type":"default","og_image_type":"default","og_image_url":null,"og_image_width":null,"og_image_height":null,"og_image_custom_url":null,"og_image_custom_fields":null,"og_video":"","og_custom_url":null,"og_article_section":null,"og_article_tags":[],"twitter_use_og":false,"twitter_card":"default","twitter_image_type":"default","twitter_image_url":null,"twitter_image_custom_url":null,"twitter_image_custom_fields":null,"twitter_title":null,"twitter_description":null,"schema":{"blockGraphs":[],"customGraphs":[],"default":{"data":{"Article":[],"Course":[],"Dataset":[],"FAQPage":[],"Movie":[],"Person":[],"Product":[],"ProductReview":[],"Car":[],"Recipe":[],"Service":[],"SoftwareApplication":[],"WebPage":[]},"graphName":"BlogPosting","isEnabled":true},"graphs":[]},"schema_type":"default","schema_type_options":null,"pillar_content":false,"robots_default":true,"robots_noindex":false,"robots_noarchive":false,"robots_nosnippet":false,"robots_nofollow":false,"robots_noimageindex":false,"robots_noodp":false,"robots_notranslate":false,"robots_max_snippet":"-1","robots_max_videopreview":"-1","robots_max_imagepreview":"large","priority":null,"frequency":"default","local_seo":null,"seo_analyzer_scan_date":"2025-10-08 20:30:57","breadcrumb_settings":null,"limit_modified_date":false,"reviewed_by":null,"open_ai":null,"ai":null,"created":"2023-10-14 00:29:54","updated":"2026-02-04 09:46:21"},"aioseo_breadcrumb":"<div class=\"aioseo-breadcrumbs\"><span class=\"aioseo-breadcrumb\">\n\t<a href=\"https:\/\/soymigrante.com\/revista\" title=\"Home\">Home<\/a>\n<\/span><span class=\"aioseo-breadcrumb-separator\">\u00bb<\/span><span class=\"aioseo-breadcrumb\">\n\t<a href=\"https:\/\/soymigrante.com\/revista\/category\/exitos\/\" title=\"\u00c9xitos\">\u00c9xitos<\/a>\n<\/span><span class=\"aioseo-breadcrumb-separator\">\u00bb<\/span><span class=\"aioseo-breadcrumb\">\n\tMigrante Hugo Navarro dirige cuidado de joya  ecol\u00f3gica de Guatemala\n<\/span><\/div>","aioseo_breadcrumb_json":[{"label":"Home","link":"https:\/\/soymigrante.com\/revista"},{"label":"\u00c9xitos","link":"https:\/\/soymigrante.com\/revista\/category\/exitos\/"},{"label":"Migrante Hugo Navarro dirige cuidado de joya  ecol\u00f3gica de Guatemala","link":"https:\/\/soymigrante.com\/revista\/migrante-hugo-navarro-coordina-proteccion-de-un-tesoro-natural-guatemalteco\/"}],"_links":{"self":[{"href":"https:\/\/soymigrante.com\/revista\/wp-json\/wp\/v2\/posts\/2848","targetHints":{"allow":["GET"]}}],"collection":[{"href":"https:\/\/soymigrante.com\/revista\/wp-json\/wp\/v2\/posts"}],"about":[{"href":"https:\/\/soymigrante.com\/revista\/wp-json\/wp\/v2\/types\/post"}],"author":[{"embeddable":true,"href":"https:\/\/soymigrante.com\/revista\/wp-json\/wp\/v2\/users\/7"}],"replies":[{"embeddable":true,"href":"https:\/\/soymigrante.com\/revista\/wp-json\/wp\/v2\/comments?post=2848"}],"version-history":[{"count":0,"href":"https:\/\/soymigrante.com\/revista\/wp-json\/wp\/v2\/posts\/2848\/revisions"}],"wp:featuredmedia":[{"embeddable":true,"href":"https:\/\/soymigrante.com\/revista\/wp-json\/wp\/v2\/media\/2952"}],"wp:attachment":[{"href":"https:\/\/soymigrante.com\/revista\/wp-json\/wp\/v2\/media?parent=2848"}],"wp:term":[{"taxonomy":"category","embeddable":true,"href":"https:\/\/soymigrante.com\/revista\/wp-json\/wp\/v2\/categories?post=2848"},{"taxonomy":"post_tag","embeddable":true,"href":"https:\/\/soymigrante.com\/revista\/wp-json\/wp\/v2\/tags?post=2848"}],"curies":[{"name":"wp","href":"https:\/\/api.w.org\/{rel}","templated":true}]}}