{"id":28364,"date":"2025-03-20T07:00:00","date_gmt":"2025-03-20T13:00:00","guid":{"rendered":"https:\/\/soymigrante.com\/revista\/?p=28364"},"modified":"2025-04-17T08:32:36","modified_gmt":"2025-04-17T14:32:36","slug":"el-curtido-el-acompanante-tradicional-de-la-semana-santa-en-guatemala","status":"publish","type":"post","link":"https:\/\/soymigrante.com\/revista\/el-curtido-el-acompanante-tradicional-de-la-semana-santa-en-guatemala\/","title":{"rendered":"Curtido o encurtido es guarnici\u00f3n tradicional de  la Cuaresma guatemalteca"},"content":{"rendered":"\t\t<div data-elementor-type=\"wp-post\" data-elementor-id=\"28364\" class=\"elementor elementor-28364\" data-elementor-post-type=\"post\">\n\t\t\t\t<div data-particle_enable=\"false\" data-particle-mobile-disabled=\"false\" class=\"elementor-element elementor-element-ae11f8a e-flex e-con-boxed e-con e-parent\" data-id=\"ae11f8a\" data-element_type=\"container\" data-e-type=\"container\">\n\t\t\t\t\t<div class=\"e-con-inner\">\n\t\t\t\t<div class=\"elementor-element elementor-element-e862b7a elementor-widget elementor-widget-heading\" data-id=\"e862b7a\" data-element_type=\"widget\" data-e-type=\"widget\" data-widget_type=\"heading.default\">\n\t\t\t\t\t<h2 class=\"elementor-heading-title elementor-size-default\">El curtido es un platillo para acompa\u00f1ar las comidas de Semana Santa. <\/h2>\t\t\t\t<\/div>\n\t\t\t\t\t<\/div>\n\t\t\t\t<\/div>\n\t\t<div data-particle_enable=\"false\" data-particle-mobile-disabled=\"false\" class=\"elementor-element elementor-element-dd134bf e-flex e-con-boxed e-con e-parent\" data-id=\"dd134bf\" data-element_type=\"container\" data-e-type=\"container\">\n\t\t\t\t\t<div class=\"e-con-inner\">\n\t\t\t\t<div class=\"elementor-element elementor-element-e8739eb elementor-widget elementor-widget-text-editor\" data-id=\"e8739eb\" data-element_type=\"widget\" data-e-type=\"widget\" data-widget_type=\"text-editor.default\">\n\t\t\t\t\t\t\t\t\t<p><a href=\"https:\/\/soymigrante.com\/revista\/chapines-food-comida-guatemalteca-antojitos\/\" target=\"_blank\" rel=\"noopener\">La Semana Santa en Guatemala<\/a> no solo es una \u00e9poca de fervor religioso, sino tambi\u00e9n de tradiciones gastron\u00f3micas que se disfrutan en familia.<\/p><p>Entre los platillos m\u00e1s representativos de la temporada est\u00e1 el curtido, una preparaci\u00f3n de vegetales encurtidos que acompa\u00f1a diversas comidas t\u00edpicas de la festividad, como las tostadas, las tortillas y los tamales de viaje.<\/p>\t\t\t\t\t\t\t\t<\/div>\n\t\t\t\t\t<\/div>\n\t\t\t\t<\/div>\n\t\t<div data-particle_enable=\"false\" data-particle-mobile-disabled=\"false\" class=\"elementor-element elementor-element-592d695 e-flex e-con-boxed e-con e-parent\" data-id=\"592d695\" data-element_type=\"container\" data-e-type=\"container\">\n\t\t\t\t\t<div class=\"e-con-inner\">\n\t\t\t\t<div class=\"elementor-element elementor-element-f92786d elementor-widget elementor-widget-heading\" data-id=\"f92786d\" data-element_type=\"widget\" data-e-type=\"widget\" data-widget_type=\"heading.default\">\n\t\t\t\t\t<h3 class=\"elementor-heading-title elementor-size-default\">\u00bfQu\u00e9 es el curtido?<\/h3>\t\t\t\t<\/div>\n\t\t\t\t\t<\/div>\n\t\t\t\t<\/div>\n\t\t<div data-particle_enable=\"false\" data-particle-mobile-disabled=\"false\" class=\"elementor-element elementor-element-d50f5ec e-flex e-con-boxed e-con e-parent\" data-id=\"d50f5ec\" data-element_type=\"container\" data-e-type=\"container\">\n\t\t\t\t\t<div class=\"e-con-inner\">\n\t\t\t\t<div class=\"elementor-element elementor-element-f6b1d93 elementor-widget elementor-widget-text-editor\" data-id=\"f6b1d93\" data-element_type=\"widget\" data-e-type=\"widget\" data-widget_type=\"text-editor.default\">\n\t\t\t\t\t\t\t\t\t<p>El curtido es una mezcla de repollo rallado, zanahoria, cebolla, remolacha y otras verduras, aderezada con vinagre, sal, pimienta y hierbas arom\u00e1ticas. Su sabor es ligeramente \u00e1cido y refrescante, lo que lo <a href=\"https:\/\/soymigrante.com\/revista\/chapines-food-comida-guatemalteca-antojitos\/\" target=\"_blank\" rel=\"noopener\">convierte en el complemento perfecto para equilibrar la riqueza<\/a> de los platillos t\u00edpicos de Semana Santa.<\/p>\t\t\t\t\t\t\t\t<\/div>\n\t\t\t\t\t<\/div>\n\t\t\t\t<\/div>\n\t\t<div data-particle_enable=\"false\" data-particle-mobile-disabled=\"false\" class=\"elementor-element elementor-element-c6f0c54 e-flex e-con-boxed e-con e-parent\" data-id=\"c6f0c54\" data-element_type=\"container\" data-e-type=\"container\">\n\t\t\t\t\t<div class=\"e-con-inner\">\n\t\t\t\t<div class=\"elementor-element elementor-element-109de5e elementor-widget elementor-widget-image\" data-id=\"109de5e\" data-element_type=\"widget\" data-e-type=\"widget\" data-widget_type=\"image.default\">\n\t\t\t\t\t\t\t\t\t\t\t\t<figure class=\"wp-caption\">\n\t\t\t\t\t\t\t\t\t\t<img fetchpriority=\"high\" decoding=\"async\" width=\"768\" height=\"432\" src=\"https:\/\/soymigrante.com\/revista\/wp-content\/uploads\/2025\/03\/Curtido-4-1024x576.jpg\" class=\"attachment-large size-large wp-image-28367\" alt=\"Colorful ensalada de verduras frescas con coliflor, zanahorias, r\u00e1banos y chiles, perfecta para una dieta saludable y nutritiva, ideal para quienes buscan recetas tradicionales y saludables mexicanas.\" srcset=\"https:\/\/soymigrante.com\/revista\/wp-content\/uploads\/2025\/03\/Curtido-4-1024x576.jpg 1024w, https:\/\/soymigrante.com\/revista\/wp-content\/uploads\/2025\/03\/Curtido-4-300x169.jpg 300w, https:\/\/soymigrante.com\/revista\/wp-content\/uploads\/2025\/03\/Curtido-4-768x432.jpg 768w, https:\/\/soymigrante.com\/revista\/wp-content\/uploads\/2025\/03\/Curtido-4-750x422.webp 750w, https:\/\/soymigrante.com\/revista\/wp-content\/uploads\/2025\/03\/Curtido-4-1140x641.webp 1140w, https:\/\/soymigrante.com\/revista\/wp-content\/uploads\/2025\/03\/Curtido-4.webp 1280w\" sizes=\"(max-width: 768px) 100vw, 768px\" title=\"El curtido: el acompa\u00f1ante tradicional de la Semana Santa en Guatemala \u2013 SoyMigrante.com REVISTA\" \/>\t\t\t\t\t\t\t\t\t\t\t<figcaption class=\"widget-image-caption wp-caption-text\">Revista SoyMigrante.com, enfoque en cultura y alimentaci\u00f3n mexicana, recetas tradicionales y estilo de vida de la comunidad migrante.<\/figcaption>\n\t\t\t\t\t\t\t\t\t\t<\/figure>\n\t\t\t\t\t\t\t\t\t<\/div>\n\t\t\t\t\t<\/div>\n\t\t\t\t<\/div>\n\t\t<div data-particle_enable=\"false\" data-particle-mobile-disabled=\"false\" class=\"elementor-element elementor-element-bb6d17b e-flex e-con-boxed e-con e-parent\" data-id=\"bb6d17b\" data-element_type=\"container\" data-e-type=\"container\">\n\t\t\t\t\t<div class=\"e-con-inner\">\n\t\t\t\t<div class=\"elementor-element elementor-element-1aff896 elementor-widget elementor-widget-heading\" data-id=\"1aff896\" data-element_type=\"widget\" data-e-type=\"widget\" data-widget_type=\"heading.default\">\n\t\t\t\t\t<h3 class=\"elementor-heading-title elementor-size-default\">Un infaltable en las comidas de la temporada<\/h3>\t\t\t\t<\/div>\n\t\t\t\t\t<\/div>\n\t\t\t\t<\/div>\n\t\t<div data-particle_enable=\"false\" data-particle-mobile-disabled=\"false\" class=\"elementor-element elementor-element-06ba51a e-flex e-con-boxed e-con e-parent\" data-id=\"06ba51a\" data-element_type=\"container\" data-e-type=\"container\">\n\t\t\t\t\t<div class=\"e-con-inner\">\n\t\t\t\t<div class=\"elementor-element elementor-element-65b7c84 elementor-widget elementor-widget-text-editor\" data-id=\"65b7c84\" data-element_type=\"widget\" data-e-type=\"widget\" data-widget_type=\"text-editor.default\">\n\t\t\t\t\t\t\t\t\t<div><a href=\"https:\/\/soymigrante.com\/revista\/chapines-food-comida-guatemalteca-antojitos\/\" target=\"_blank\" rel=\"noopener\">Durante la Semana Santa,<\/a> el curtido es un acompa\u00f1ante esencial en la mesa guatemalteca. Se sirve con:<\/div><div><strong>\u2022Tostadas:<\/strong> Se coloca sobre una tostada crujiente, acompa\u00f1ado de guacamol, salsa de tomate o frijoles colados.<\/div><div><strong>\u2022Tortillas:<\/strong> Se disfruta como guarnici\u00f3n en las comidas, a\u00f1adi\u00e9ndolo a tacos o simplemente sobre una tortilla caliente.<\/div><div><strong>\u2022Tamales de viaje:<\/strong> Es un complemento ideal para estos tamales peque\u00f1os, que son f\u00e1ciles de transportar y consumir durante los recorridos procesionales o paseos familiares.<\/div>\t\t\t\t\t\t\t\t<\/div>\n\t\t\t\t\t<\/div>\n\t\t\t\t<\/div>\n\t\t<div data-particle_enable=\"false\" data-particle-mobile-disabled=\"false\" class=\"elementor-element elementor-element-c31d943 e-flex e-con-boxed e-con e-parent\" data-id=\"c31d943\" data-element_type=\"container\" data-e-type=\"container\">\n\t\t\t\t\t<div class=\"e-con-inner\">\n\t\t\t\t<div class=\"elementor-element elementor-element-2d2e954 elementor-widget elementor-widget-image\" data-id=\"2d2e954\" data-element_type=\"widget\" data-e-type=\"widget\" data-widget_type=\"image.default\">\n\t\t\t\t\t\t\t\t\t\t\t\t<figure class=\"wp-caption\">\n\t\t\t\t\t\t\t\t\t\t<img decoding=\"async\" width=\"474\" height=\"355\" src=\"https:\/\/soymigrante.com\/revista\/wp-content\/uploads\/2025\/03\/Curtido-2.webp\" class=\"attachment-large size-large wp-image-28374\" alt=\"Verduras en una bowl blanca, preparaci\u00f3n saludable, ensalada de repollo y zanahoria.\" srcset=\"https:\/\/soymigrante.com\/revista\/wp-content\/uploads\/2025\/03\/Curtido-2.webp 474w, https:\/\/soymigrante.com\/revista\/wp-content\/uploads\/2025\/03\/Curtido-2-300x225.jpg 300w\" sizes=\"(max-width: 474px) 100vw, 474px\" title=\"El curtido: el acompa\u00f1ante tradicional de la Semana Santa en Guatemala \u2013 SoyMigrante.com REVISTA\" \/>\t\t\t\t\t\t\t\t\t\t\t<figcaption class=\"widget-image-caption wp-caption-text\">Ensalada fresca y nutritiva de repollo y zanahoria, perfecta para una alimentaci\u00f3n saludable.<\/figcaption>\n\t\t\t\t\t\t\t\t\t\t<\/figure>\n\t\t\t\t\t\t\t\t\t<\/div>\n\t\t\t\t\t<\/div>\n\t\t\t\t<\/div>\n\t\t<div data-particle_enable=\"false\" data-particle-mobile-disabled=\"false\" class=\"elementor-element elementor-element-1caa36f e-flex e-con-boxed e-con e-parent\" data-id=\"1caa36f\" data-element_type=\"container\" data-e-type=\"container\">\n\t\t\t\t\t<div class=\"e-con-inner\">\n\t\t\t\t<div class=\"elementor-element elementor-element-359b078 elementor-widget elementor-widget-heading\" data-id=\"359b078\" data-element_type=\"widget\" data-e-type=\"widget\" data-widget_type=\"heading.default\">\n\t\t\t\t\t<h3 class=\"elementor-heading-title elementor-size-default\">Un platillo con historia y sabor<\/h3>\t\t\t\t<\/div>\n\t\t\t\t\t<\/div>\n\t\t\t\t<\/div>\n\t\t<div data-particle_enable=\"false\" data-particle-mobile-disabled=\"false\" class=\"elementor-element elementor-element-624635c e-flex e-con-boxed e-con e-parent\" data-id=\"624635c\" data-element_type=\"container\" data-e-type=\"container\">\n\t\t\t\t\t<div class=\"e-con-inner\">\n\t\t\t\t<div class=\"elementor-element elementor-element-f580e81 elementor-widget elementor-widget-text-editor\" data-id=\"f580e81\" data-element_type=\"widget\" data-e-type=\"widget\" data-widget_type=\"text-editor.default\">\n\t\t\t\t\t\t\t\t\t<p><a href=\"https:\/\/soymigrante.com\/revista\/chapines-food-comida-guatemalteca-antojitos\/\" target=\"_blank\" rel=\"noopener\">El curtido no solo aporta frescura y textura a los platillos,<\/a> sino que tambi\u00e9n tiene un papel importante en la conservaci\u00f3n de los alimentos. Su preparaci\u00f3n con vinagre ayuda a prolongar su duraci\u00f3n, lo que lo hace perfecto para los d\u00edas de Semana Santa, cuando muchas familias prefieren evitar la carne y buscan opciones frescas y ligeras.<\/p><p>Adem\u00e1s, es una receta accesible y f\u00e1cil de preparar, lo que permite que cada familia le d\u00e9 su toque especial, agregando ingredientes como chile, hierbas o incluso un toque de jugo de naranja para suavizar su acidez.<\/p>\t\t\t\t\t\t\t\t<\/div>\n\t\t\t\t\t<\/div>\n\t\t\t\t<\/div>\n\t\t<div data-particle_enable=\"false\" data-particle-mobile-disabled=\"false\" class=\"elementor-element elementor-element-912ee2c e-flex e-con-boxed e-con e-parent\" data-id=\"912ee2c\" data-element_type=\"container\" data-e-type=\"container\">\n\t\t\t\t\t<div class=\"e-con-inner\">\n\t\t\t\t<div class=\"elementor-element elementor-element-e8e1111 elementor-widget elementor-widget-image\" data-id=\"e8e1111\" data-element_type=\"widget\" data-e-type=\"widget\" data-widget_type=\"image.default\">\n\t\t\t\t\t\t\t\t\t\t\t\t<figure class=\"wp-caption\">\n\t\t\t\t\t\t\t\t\t\t<img decoding=\"async\" width=\"768\" height=\"432\" src=\"https:\/\/soymigrante.com\/revista\/wp-content\/uploads\/2025\/03\/Curtido-1-1024x576.jpg\" class=\"attachment-large size-large wp-image-28375\" alt=\"Taz\u00f3n lleno de ensalada de col con zanahoria y cebolla, ideal para acompa\u00f1ar platos mexicanos y culinaria internacional, fresca y saludable.\" srcset=\"https:\/\/soymigrante.com\/revista\/wp-content\/uploads\/2025\/03\/Curtido-1-1024x576.jpg 1024w, https:\/\/soymigrante.com\/revista\/wp-content\/uploads\/2025\/03\/Curtido-1-300x169.jpg 300w, https:\/\/soymigrante.com\/revista\/wp-content\/uploads\/2025\/03\/Curtido-1-768x432.jpg 768w, https:\/\/soymigrante.com\/revista\/wp-content\/uploads\/2025\/03\/Curtido-1-750x422.webp 750w, https:\/\/soymigrante.com\/revista\/wp-content\/uploads\/2025\/03\/Curtido-1-1140x641.webp 1140w, https:\/\/soymigrante.com\/revista\/wp-content\/uploads\/2025\/03\/Curtido-1.webp 1280w\" sizes=\"(max-width: 768px) 100vw, 768px\" title=\"El curtido: el acompa\u00f1ante tradicional de la Semana Santa en Guatemala \u2013 SoyMigrante.com REVISTA\" \/>\t\t\t\t\t\t\t\t\t\t\t<figcaption class=\"widget-image-caption wp-caption-text\">Ensalada de col y zanahoria preparada con ingredientes frescos, perfecta para recetas saludables y acompa\u00f1amientos en la gastronom\u00eda mexicana e internacional.<\/figcaption>\n\t\t\t\t\t\t\t\t\t\t<\/figure>\n\t\t\t\t\t\t\t\t\t<\/div>\n\t\t\t\t\t<\/div>\n\t\t\t\t<\/div>\n\t\t<div data-particle_enable=\"false\" data-particle-mobile-disabled=\"false\" class=\"elementor-element elementor-element-da5fd81 e-flex e-con-boxed e-con e-parent\" data-id=\"da5fd81\" data-element_type=\"container\" data-e-type=\"container\">\n\t\t\t\t\t<div class=\"e-con-inner\">\n\t\t\t\t<div class=\"elementor-element elementor-element-63f9066 elementor-widget elementor-widget-heading\" data-id=\"63f9066\" data-element_type=\"widget\" data-e-type=\"widget\" data-widget_type=\"heading.default\">\n\t\t\t\t\t<h3 class=\"elementor-heading-title elementor-size-default\">Una tradici\u00f3n que sigue vigente<\/h3>\t\t\t\t<\/div>\n\t\t\t\t\t<\/div>\n\t\t\t\t<\/div>\n\t\t<div data-particle_enable=\"false\" data-particle-mobile-disabled=\"false\" class=\"elementor-element elementor-element-b071f81 e-flex e-con-boxed e-con e-parent\" data-id=\"b071f81\" data-element_type=\"container\" data-e-type=\"container\">\n\t\t\t\t\t<div class=\"e-con-inner\">\n\t\t\t\t<div class=\"elementor-element elementor-element-106306a elementor-widget elementor-widget-text-editor\" data-id=\"106306a\" data-element_type=\"widget\" data-e-type=\"widget\" data-widget_type=\"text-editor.default\">\n\t\t\t\t\t\t\t\t\t<p><a href=\"https:\/\/soymigrante.com\/revista\/chapines-food-comida-guatemalteca-antojitos\/\" target=\"_blank\" rel=\"noopener\">El curtido es m\u00e1s que un simple acompa\u00f1amiento: es parte del legado culinario de Guatemala<\/a> y de las costumbres que se viven en Semana Santa.<\/p><p>Su versatilidad y su sabor lo han convertido en un imprescindible de la temporada, record\u00e1ndonos que la gastronom\u00eda tambi\u00e9n es una forma de celebrar la tradici\u00f3n y la cultura del pa\u00eds.<\/p>\t\t\t\t\t\t\t\t<\/div>\n\t\t\t\t\t<\/div>\n\t\t\t\t<\/div>\n\t\t<div data-particle_enable=\"false\" data-particle-mobile-disabled=\"false\" class=\"elementor-element elementor-element-e369798 e-flex e-con-boxed e-con e-parent\" data-id=\"e369798\" data-element_type=\"container\" data-e-type=\"container\">\n\t\t\t\t\t<div class=\"e-con-inner\">\n\t\t\t\t<div class=\"elementor-element elementor-element-62d91c4 elementor-widget elementor-widget-heading\" data-id=\"62d91c4\" data-element_type=\"widget\" data-e-type=\"widget\" data-widget_type=\"heading.default\">\n\t\t\t\t\t<h2 class=\"elementor-heading-title elementor-size-default\">Conoce otros platillos de Guatemala, ac\u00e1...<\/h2>\t\t\t\t<\/div>\n\t\t\t\t\t<\/div>\n\t\t\t\t<\/div>\n\t\t<div data-particle_enable=\"false\" data-particle-mobile-disabled=\"false\" class=\"elementor-element elementor-element-c132d7f e-flex e-con-boxed e-con e-parent\" data-id=\"c132d7f\" data-element_type=\"container\" data-e-type=\"container\">\n\t\t\t\t\t<div class=\"e-con-inner\">\n\t\t\t\t<div class=\"elementor-element elementor-element-385ea4a elementor-grid-eael-col-3 elementor-grid-tablet-eael-col-2 elementor-grid-mobile-eael-col-1 elementor-widget elementor-widget-eael-post-grid\" data-id=\"385ea4a\" data-element_type=\"widget\" data-e-type=\"widget\" data-settings=\"{&quot;eael_post_grid_columns&quot;:&quot;eael-col-3&quot;,&quot;eael_post_grid_columns_tablet&quot;:&quot;eael-col-2&quot;,&quot;eael_post_grid_columns_mobile&quot;:&quot;eael-col-1&quot;}\" data-widget_type=\"eael-post-grid.default\">\n\t\t\t\t\t<div id=\"eael-post-grid-385ea4a\" class=\"eael-post-grid-container\">\n            <div class=\"eael-post-grid eael-post-appender eael-post-appender-385ea4a eael-post-grid-style-one\" data-layout-mode=\"masonry\"><article class=\"eael-grid-post  eael-post-grid-column eael-pg-post-25974 category-guate-nuestra\" data-id=\"25974\">\n        <div class=\"eael-grid-post-holder\">\n            <div class=\"eael-grid-post-holder-inner\"><div class=\"eael-entry-media\"><div class=\"eael-entry-overlay fade-in\"><i class=\"far fa-hand-pointer\" aria-hidden=\"true\"><\/i><a href=\"https:\/\/soymigrante.com\/revista\/salpicon-guatemalteco-una-receta-rapida-versatil-y-exquisita\/\"><\/a><\/div><div class=\"eael-entry-thumbnail \">\n                <img loading=\"lazy\" decoding=\"async\" width=\"560\" height=\"1020\" src=\"https:\/\/soymigrante.com\/revista\/wp-content\/uploads\/2025\/02\/Salpico\u0301n-e1739989779950.webp\" class=\"attachment-large size-large wp-image-25975\" alt=\"Salpic\u00f3n guatemalteco: una receta llena de frescura\" \/>\n            <\/div>\n        <\/div><div class=\"eael-entry-wrapper\"><header class=\"eael-entry-header\"><h2 class=\"eael-entry-title\"><a class=\"eael-grid-post-link\" href=\"https:\/\/soymigrante.com\/revista\/salpicon-guatemalteco-una-receta-rapida-versatil-y-exquisita\/\" title=\"Salpic\u00f3n guatemalteco: una receta r\u00e1pida, vers\u00e1til y exquisita\">Salpic\u00f3n guatemalteco: una receta r\u00e1pida, vers\u00e1til y exquisita<\/a><\/h2><\/header><div class=\"eael-entry-content\">\n                        <div class=\"eael-grid-post-excerpt\"><a href=\"https:\/\/soymigrante.com\/revista\/salpicon-guatemalteco-una-receta-rapida-versatil-y-exquisita\/\" class=\"eael-post-elements-readmore-btn\">CONOCE SU HISTORIA <\/a><\/div>\n                    <\/div><\/div><\/div>\n        <\/div>\n    <\/article><article class=\"eael-grid-post  eael-post-grid-column eael-pg-post-20100 category-guate-nuestra\" data-id=\"20100\">\n        <div class=\"eael-grid-post-holder\">\n            <div class=\"eael-grid-post-holder-inner\"><div class=\"eael-entry-media\"><div class=\"eael-entry-overlay fade-in\"><i class=\"far fa-hand-pointer\" aria-hidden=\"true\"><\/i><a href=\"https:\/\/soymigrante.com\/revista\/atol-de-elote-es-una-bebida-ancestral-que-endulza-muchas-tardes-guatemaltecas\/\"><\/a><\/div><div class=\"eael-entry-thumbnail \">\n                <img loading=\"lazy\" decoding=\"async\" width=\"1024\" height=\"722\" src=\"https:\/\/soymigrante.com\/revista\/wp-content\/uploads\/2025\/01\/atol-de-elote-1024x722.jpg\" class=\"attachment-large size-large wp-image-20124\" alt=\"Taz\u00f3n de crema de elote y canela en plato blanco, acompa\u00f1ada de ma\u00edz y canela en un fondo de madera rustic; gastronom\u00eda tradicional mexicana, bebida caliente, sabor aut\u00e9ntico.\" srcset=\"https:\/\/soymigrante.com\/revista\/wp-content\/uploads\/2025\/01\/atol-de-elote-1024x722.jpg 1024w, https:\/\/soymigrante.com\/revista\/wp-content\/uploads\/2025\/01\/atol-de-elote-300x212.jpg 300w, https:\/\/soymigrante.com\/revista\/wp-content\/uploads\/2025\/01\/atol-de-elote-768x542.jpg 768w, https:\/\/soymigrante.com\/revista\/wp-content\/uploads\/2025\/01\/atol-de-elote-1536x1084.jpg 1536w, https:\/\/soymigrante.com\/revista\/wp-content\/uploads\/2025\/01\/atol-de-elote-2048x1445.jpg 2048w, https:\/\/soymigrante.com\/revista\/wp-content\/uploads\/2025\/01\/atol-de-elote-120x86.webp 120w, https:\/\/soymigrante.com\/revista\/wp-content\/uploads\/2025\/01\/atol-de-elote-750x529.webp 750w, https:\/\/soymigrante.com\/revista\/wp-content\/uploads\/2025\/01\/atol-de-elote-1140x804.webp 1140w, https:\/\/soymigrante.com\/revista\/wp-content\/uploads\/2025\/01\/atol-de-elote-scaled.webp 1920w\" sizes=\"(max-width: 1024px) 100vw, 1024px\" \/>\n            <\/div>\n        <\/div><div class=\"eael-entry-wrapper\"><header class=\"eael-entry-header\"><h2 class=\"eael-entry-title\"><a class=\"eael-grid-post-link\" href=\"https:\/\/soymigrante.com\/revista\/atol-de-elote-es-una-bebida-ancestral-que-endulza-muchas-tardes-guatemaltecas\/\" title=\"Atol de elote es una bebida ancestral que endulza muchas tardes guatemaltecas\">Atol de elote es una bebida ancestral que endulza muchas tardes guatemaltecas<\/a><\/h2><\/header><div class=\"eael-entry-content\">\n                        <div class=\"eael-grid-post-excerpt\"><a href=\"https:\/\/soymigrante.com\/revista\/atol-de-elote-es-una-bebida-ancestral-que-endulza-muchas-tardes-guatemaltecas\/\" class=\"eael-post-elements-readmore-btn\">CONOCE SU HISTORIA <\/a><\/div>\n                    <\/div><\/div><\/div>\n        <\/div>\n    <\/article><article class=\"eael-grid-post  eael-post-grid-column eael-pg-post-5824 category-recetas-guatemaltecas\" data-id=\"5824\">\n        <div class=\"eael-grid-post-holder\">\n            <div class=\"eael-grid-post-holder-inner\"><div class=\"eael-entry-media\"><div class=\"eael-entry-overlay fade-in\"><i class=\"far fa-hand-pointer\" aria-hidden=\"true\"><\/i><a href=\"https:\/\/soymigrante.com\/revista\/receta-de-paches-quezaltecos-de-papa-que-delicia\/\"><\/a><\/div><div class=\"eael-entry-thumbnail \">\n                <img loading=\"lazy\" decoding=\"async\" width=\"1024\" height=\"681\" src=\"https:\/\/soymigrante.com\/revista\/wp-content\/uploads\/2024\/04\/receta-para-elaborar-paches-de-papa-xela-3-1024x681.webp\" class=\"attachment-large size-large wp-image-5825\" alt=\"receta para elaborar paches de papa xela. Recetas chapinas: Paches quezaltecos de papa \u00a1Qu\u00e9 delicia!\" srcset=\"https:\/\/soymigrante.com\/revista\/wp-content\/uploads\/2024\/04\/receta-para-elaborar-paches-de-papa-xela-3-1024x681.webp 1024w, https:\/\/soymigrante.com\/revista\/wp-content\/uploads\/2024\/04\/receta-para-elaborar-paches-de-papa-xela-3-300x200.webp 300w, https:\/\/soymigrante.com\/revista\/wp-content\/uploads\/2024\/04\/receta-para-elaborar-paches-de-papa-xela-3-768x511.webp 768w, https:\/\/soymigrante.com\/revista\/wp-content\/uploads\/2024\/04\/receta-para-elaborar-paches-de-papa-xela-3.webp 1920w\" sizes=\"(max-width: 1024px) 100vw, 1024px\" \/>\n            <\/div>\n        <\/div><div class=\"eael-entry-wrapper\"><header class=\"eael-entry-header\"><h2 class=\"eael-entry-title\"><a class=\"eael-grid-post-link\" href=\"https:\/\/soymigrante.com\/revista\/receta-de-paches-quezaltecos-de-papa-que-delicia\/\" title=\"Recetas chapinas: Paches quezaltecos de papa \u00a1Qu\u00e9 delicia!\">Recetas chapinas: Paches quezaltecos de papa \u00a1Qu\u00e9 delicia!<\/a><\/h2><\/header><div class=\"eael-entry-content\">\n                        <div class=\"eael-grid-post-excerpt\"><a href=\"https:\/\/soymigrante.com\/revista\/receta-de-paches-quezaltecos-de-papa-que-delicia\/\" class=\"eael-post-elements-readmore-btn\">CONOCE SU HISTORIA <\/a><\/div>\n                    <\/div><\/div><\/div>\n        <\/div>\n    <\/article><\/div>\n            <div class=\"clearfix\"><\/div>\n        <\/div>\t\t\t\t<\/div>\n\t\t\t\t\t<\/div>\n\t\t\t\t<\/div>\n\t\t\t\t<\/div>\n\t\t","protected":false},"excerpt":{"rendered":"<p>El curtido es un platillo para acompa\u00f1ar las comidas de Semana Santa. La Semana Santa en Guatemala no solo es una \u00e9poca de fervor religioso, sino tambi\u00e9n de tradiciones gastron\u00f3micas que se disfrutan en familia. Entre los platillos m\u00e1s representativos de la temporada est\u00e1 el curtido, una preparaci\u00f3n de vegetales encurtidos que acompa\u00f1a diversas comidas [&hellip;]<\/p>\n","protected":false},"author":19,"featured_media":28365,"comment_status":"open","ping_status":"open","sticky":false,"template":"","format":"standard","meta":{"_acf_changed":false,"_eb_attr":"","footnotes":""},"categories":[58],"tags":[],"class_list":["post-28364","post","type-post","status-publish","format-standard","has-post-thumbnail","hentry","category-guate-nuestra"],"acf":[],"aioseo_notices":[],"aioseo_head":"\n\t\t<!-- All in One SEO Pro 4.9.6.2 - aioseo.com -->\n\t<meta name=\"description\" content=\"No hay guatemalteco, dentro o fuera del pa\u00eds, que no sepa lo que significa la expresi\u00f3n &quot;Jueves de paches&quot;: un platillo cl\u00e1sico de la gastronom\u00eda chapina. Esta es una receta de abuelita quetzalteca. Los paches de papa se encuentran dentro de esos sabores que distinguen a la comida chapina y que hasta tienen un d\u00eda\" \/>\n\t<meta name=\"robots\" content=\"max-snippet:-1, max-image-preview:large, max-video-preview:-1\" \/>\n\t<meta name=\"author\" content=\"Marysabel Aldana\"\/>\n\t<link rel=\"canonical\" href=\"https:\/\/soymigrante.com\/revista\/el-curtido-el-acompanante-tradicional-de-la-semana-santa-en-guatemala\/\" \/>\n\t<meta name=\"generator\" content=\"All in One SEO Pro (AIOSEO) 4.9.6.2\" \/>\n\n\t\t<link rel=\"preconnect\" href=\"https:\/\/fonts.googleapis.com\" crossorigin>\n<link rel=\"preconnect\" href=\"https:\/\/fonts.gstatic.com\" crossorigin>\n\t\t<meta property=\"og:locale\" content=\"es_ES\" \/>\n\t\t<meta property=\"og:site_name\" content=\"SoyMigrante.com REVISTA \u2013 Nuestra misi\u00f3n es reconocer y dignificar al migrante.\" \/>\n\t\t<meta property=\"og:type\" content=\"article\" \/>\n\t\t<meta property=\"og:title\" content=\"Curtido o encurtido es guarnici\u00f3n tradicional de la Cuaresma guatemalteca\" \/>\n\t\t<meta property=\"og:description\" content=\"El curtido es un platillo para acompa\u00f1ar las comidas de Semana Santa.\" \/>\n\t\t<meta property=\"og:url\" content=\"https:\/\/soymigrante.com\/revista\/el-curtido-el-acompanante-tradicional-de-la-semana-santa-en-guatemala\/\" \/>\n\t\t<meta property=\"og:image\" content=\"https:\/\/soymigrante.com\/revista\/wp-content\/uploads\/2025\/03\/Curtido-3-e1741982523447.webp\" \/>\n\t\t<meta property=\"og:image:secure_url\" content=\"https:\/\/soymigrante.com\/revista\/wp-content\/uploads\/2025\/03\/Curtido-3-e1741982523447.webp\" \/>\n\t\t<meta property=\"og:image:width\" content=\"635\" \/>\n\t\t<meta property=\"og:image:height\" content=\"635\" \/>\n\t\t<meta property=\"article:published_time\" content=\"2025-03-20T13:00:00+00:00\" \/>\n\t\t<meta property=\"article:modified_time\" content=\"2025-04-17T14:32:36+00:00\" \/>\n\t\t<meta property=\"article:publisher\" content=\"https:\/\/www.facebook.com\/soymigrantecom\" \/>\n\t\t<meta name=\"twitter:card\" content=\"summary_large_image\" \/>\n\t\t<meta name=\"twitter:site\" content=\"@SoyMigrante_com\" \/>\n\t\t<meta name=\"twitter:title\" content=\"Curtido o encurtido es guarnici\u00f3n tradicional de la Cuaresma guatemalteca\" \/>\n\t\t<meta name=\"twitter:description\" content=\"El curtido es un platillo para acompa\u00f1ar las comidas de Semana Santa.\" \/>\n\t\t<meta name=\"twitter:creator\" content=\"@SoyMigrante_com\" \/>\n\t\t<meta name=\"twitter:image\" content=\"https:\/\/soymigrante.com\/revista\/wp-content\/uploads\/2025\/03\/Curtido-3-e1741982523447.webp\" \/>\n\t\t<!-- All in One SEO Pro -->\r\n\t\t<title>Curtido o encurtido es guarnici\u00f3n tradicional de la Cuaresma guatemalteca<\/title>\n\n","aioseo_head_json":{"title":"Curtido o encurtido es guarnici\u00f3n tradicional de la Cuaresma guatemalteca","description":"El curtido es un platillo para acompa\u00f1ar las comidas de Semana Santa.","canonical_url":"https:\/\/soymigrante.com\/revista\/el-curtido-el-acompanante-tradicional-de-la-semana-santa-en-guatemala\/","robots":"max-snippet:-1, max-image-preview:large, max-video-preview:-1","keywords":"","webmasterTools":{"miscellaneous":"&lt;link rel=\"preconnect\" href=\"https:\/\/fonts.googleapis.com\" crossorigin&gt;\n&lt;link rel=\"preconnect\" href=\"https:\/\/fonts.gstatic.com\" crossorigin&gt;"},"schema":null,"og:locale":"es_ES","og:site_name":"SoyMigrante.com REVISTA \u2013 Nuestra misi\u00f3n es reconocer y dignificar al migrante.","og:type":"article","og:title":"Curtido o encurtido es guarnici\u00f3n tradicional de la Cuaresma guatemalteca","og:description":"El curtido es un platillo para acompa\u00f1ar las comidas de Semana Santa.","og:url":"https:\/\/soymigrante.com\/revista\/el-curtido-el-acompanante-tradicional-de-la-semana-santa-en-guatemala\/","og:image":"https:\/\/soymigrante.com\/revista\/wp-content\/uploads\/2025\/03\/Curtido-3-e1741982523447.webp","og:image:secure_url":"https:\/\/soymigrante.com\/revista\/wp-content\/uploads\/2025\/03\/Curtido-3-e1741982523447.webp","og:image:width":635,"og:image:height":635,"article:published_time":"2025-03-20T13:00:00+00:00","article:modified_time":"2025-04-17T14:32:36+00:00","article:publisher":"https:\/\/www.facebook.com\/soymigrantecom","twitter:card":"summary_large_image","twitter:site":"@SoyMigrante_com","twitter:title":"Curtido o encurtido es guarnici\u00f3n tradicional de la Cuaresma guatemalteca","twitter:description":"El curtido es un platillo para acompa\u00f1ar las comidas de Semana Santa.","twitter:creator":"@SoyMigrante_com","twitter:image":"https:\/\/soymigrante.com\/revista\/wp-content\/uploads\/2025\/03\/Curtido-3-e1741982523447.webp"},"aioseo_meta_data":{"post_id":"28364","title":null,"description":"El curtido es un platillo para acompa\u00f1ar las comidas de Semana Santa.","keywords":null,"keyphrases":{"focus":{"keyphrase":"Curtido","score":91,"analysis":{"keyphraseInTitle":{"score":9,"maxScore":9,"error":0},"keyphraseInDescription":{"score":9,"maxScore":9,"error":0},"keyphraseLength":{"score":9,"maxScore":9,"error":0,"length":1},"keyphraseInURL":{"score":5,"maxScore":5,"error":0},"keyphraseInIntroduction":{"score":3,"maxScore":9,"error":1},"keyphraseInSubHeadings":{"score":9,"maxScore":9,"error":0},"keyphraseInImageAlt":{"score":9,"maxScore":9,"error":0},"keywordDensity":{"type":"best","score":9,"maxScore":9,"error":0}}},"additional":[{"keyphrase":"Curtido","score":87,"analysis":{"keyphraseInDescription":{"score":9,"maxScore":9,"error":0},"keyphraseLength":{"score":9,"maxScore":9,"error":0,"length":1},"keyphraseInIntroduction":{"score":3,"maxScore":9,"error":1},"keyphraseInImageAlt":{"score":9,"maxScore":9,"error":0},"keywordDensity":{"type":"best","score":9,"maxScore":9,"error":0}}}]},"primary_term":null,"canonical_url":null,"og_title":null,"og_description":null,"og_object_type":"default","og_image_type":"default","og_image_url":null,"og_image_width":null,"og_image_height":null,"og_image_custom_url":null,"og_image_custom_fields":null,"og_video":"","og_custom_url":null,"og_article_section":null,"og_article_tags":null,"twitter_use_og":false,"twitter_card":"default","twitter_image_type":"default","twitter_image_url":null,"twitter_image_custom_url":null,"twitter_image_custom_fields":null,"twitter_title":null,"twitter_description":null,"schema":{"blockGraphs":[],"customGraphs":[],"default":{"data":{"Article":[],"Course":[],"Dataset":[],"FAQPage":[],"Movie":[],"Person":[],"Product":[],"ProductReview":[],"Car":[],"Recipe":[],"Service":[],"SoftwareApplication":[],"WebPage":[]},"graphName":"BlogPosting","isEnabled":true},"graphs":[]},"schema_type":"default","schema_type_options":null,"pillar_content":false,"robots_default":true,"robots_noindex":false,"robots_noarchive":false,"robots_nosnippet":false,"robots_nofollow":false,"robots_noimageindex":false,"robots_noodp":false,"robots_notranslate":false,"robots_max_snippet":"-1","robots_max_videopreview":"-1","robots_max_imagepreview":"large","priority":null,"frequency":"default","local_seo":null,"seo_analyzer_scan_date":"2025-10-09 03:38:30","breadcrumb_settings":null,"limit_modified_date":false,"reviewed_by":null,"open_ai":"{\"title\":{\"suggestions\":[],\"usage\":0},\"description\":{\"suggestions\":[],\"usage\":0}}","ai":null,"created":"2025-03-14 20:01:48","updated":"2026-02-04 22:20:13"},"aioseo_breadcrumb":"<div class=\"aioseo-breadcrumbs\"><span class=\"aioseo-breadcrumb\">\n\t<a href=\"https:\/\/soymigrante.com\/revista\" title=\"Home\">Home<\/a>\n<\/span><span class=\"aioseo-breadcrumb-separator\">\u00bb<\/span><span class=\"aioseo-breadcrumb\">\n\t<a href=\"https:\/\/soymigrante.com\/revista\/category\/guate-nuestra\/\" title=\"Guate Nuestra\">Guate Nuestra<\/a>\n<\/span><span class=\"aioseo-breadcrumb-separator\">\u00bb<\/span><span class=\"aioseo-breadcrumb\">\n\tCurtido o encurtido es guarnici\u00f3n tradicional de  la Cuaresma guatemalteca\n<\/span><\/div>","aioseo_breadcrumb_json":[{"label":"Home","link":"https:\/\/soymigrante.com\/revista"},{"label":"Guate Nuestra","link":"https:\/\/soymigrante.com\/revista\/category\/guate-nuestra\/"},{"label":"Curtido o encurtido es guarnici\u00f3n tradicional de  la Cuaresma guatemalteca","link":"https:\/\/soymigrante.com\/revista\/el-curtido-el-acompanante-tradicional-de-la-semana-santa-en-guatemala\/"}],"_links":{"self":[{"href":"https:\/\/soymigrante.com\/revista\/wp-json\/wp\/v2\/posts\/28364","targetHints":{"allow":["GET"]}}],"collection":[{"href":"https:\/\/soymigrante.com\/revista\/wp-json\/wp\/v2\/posts"}],"about":[{"href":"https:\/\/soymigrante.com\/revista\/wp-json\/wp\/v2\/types\/post"}],"author":[{"embeddable":true,"href":"https:\/\/soymigrante.com\/revista\/wp-json\/wp\/v2\/users\/19"}],"replies":[{"embeddable":true,"href":"https:\/\/soymigrante.com\/revista\/wp-json\/wp\/v2\/comments?post=28364"}],"version-history":[{"count":1,"href":"https:\/\/soymigrante.com\/revista\/wp-json\/wp\/v2\/posts\/28364\/revisions"}],"predecessor-version":[{"id":31388,"href":"https:\/\/soymigrante.com\/revista\/wp-json\/wp\/v2\/posts\/28364\/revisions\/31388"}],"wp:featuredmedia":[{"embeddable":true,"href":"https:\/\/soymigrante.com\/revista\/wp-json\/wp\/v2\/media\/28365"}],"wp:attachment":[{"href":"https:\/\/soymigrante.com\/revista\/wp-json\/wp\/v2\/media?parent=28364"}],"wp:term":[{"taxonomy":"category","embeddable":true,"href":"https:\/\/soymigrante.com\/revista\/wp-json\/wp\/v2\/categories?post=28364"},{"taxonomy":"post_tag","embeddable":true,"href":"https:\/\/soymigrante.com\/revista\/wp-json\/wp\/v2\/tags?post=28364"}],"curies":[{"name":"wp","href":"https:\/\/api.w.org\/{rel}","templated":true}]}}