{"id":28332,"date":"2025-03-17T07:00:00","date_gmt":"2025-03-17T13:00:00","guid":{"rendered":"https:\/\/soymigrante.com\/revista\/?p=28332"},"modified":"2025-04-17T09:09:18","modified_gmt":"2025-04-17T15:09:18","slug":"el-canal-de-chiquimulilla-tesoro-turistico-y-ecologico-del-sur","status":"publish","type":"post","link":"https:\/\/soymigrante.com\/revista\/el-canal-de-chiquimulilla-tesoro-turistico-y-ecologico-del-sur\/","title":{"rendered":"El Canal de Chiquimulilla: tesoro tur\u00edstico y ecol\u00f3gico del sur"},"content":{"rendered":"\t\t<div data-elementor-type=\"wp-post\" data-elementor-id=\"28332\" class=\"elementor elementor-28332\" data-elementor-post-type=\"post\">\n\t\t\t\t<div data-particle_enable=\"false\" data-particle-mobile-disabled=\"false\" class=\"elementor-element elementor-element-238c511 e-flex e-con-boxed e-con e-parent\" data-id=\"238c511\" data-element_type=\"container\" data-e-type=\"container\">\n\t\t\t\t\t<div class=\"e-con-inner\">\n\t\t\t\t<div class=\"elementor-element elementor-element-7dbcea6 elementor-widget elementor-widget-heading\" data-id=\"7dbcea6\" data-element_type=\"widget\" data-e-type=\"widget\" data-widget_type=\"heading.default\">\n\t\t\t\t\t<h2 class=\"elementor-heading-title elementor-size-default\">El Canal de Chiquimulilla es una puerta a la biodiversidad, un largo corredor acu\u00e1tico y tur\u00edstico que a la vez se convierte en hogar y fuente de trabajo para miles de guatemaltecos.\n<\/h2>\t\t\t\t<\/div>\n\t\t\t\t\t<\/div>\n\t\t\t\t<\/div>\n\t\t<div data-particle_enable=\"false\" data-particle-mobile-disabled=\"false\" class=\"elementor-element elementor-element-cd54b7b e-flex e-con-boxed e-con e-parent\" data-id=\"cd54b7b\" data-element_type=\"container\" data-e-type=\"container\">\n\t\t\t\t\t<div class=\"e-con-inner\">\n\t\t\t\t<div class=\"elementor-element elementor-element-1da37ec elementor-widget elementor-widget-text-editor\" data-id=\"1da37ec\" data-element_type=\"widget\" data-e-type=\"widget\" data-widget_type=\"text-editor.default\">\n\t\t\t\t\t\t\t\t\t<p><a href=\"https:\/\/soymigrante.com\/revista\/departamentos-de-guatemala-santa-rosa-es-considerado-el-centro-de-las-americas\/\" target=\"_blank\" rel=\"noopener\">El Canal de Chiquimulilla es una de las maravillas naturales<\/a> de la costa sur de Guatemala.<\/p><p>Este canal de agua dulce corre paralelo al Oc\u00e9ano Pac\u00edfico, formando un ecosistema de humedales que alberga una gran diversidad biol\u00f3gica y conecta varias comunidades pesqueras.<\/p>\t\t\t\t\t\t\t\t<\/div>\n\t\t\t\t\t<\/div>\n\t\t\t\t<\/div>\n\t\t<div data-particle_enable=\"false\" data-particle-mobile-disabled=\"false\" class=\"elementor-element elementor-element-d6415d9 e-flex e-con-boxed e-con e-parent\" data-id=\"d6415d9\" data-element_type=\"container\" data-e-type=\"container\">\n\t\t\t\t\t<div class=\"e-con-inner\">\n\t\t\t\t<div class=\"elementor-element elementor-element-e9a62e7 elementor-widget elementor-widget-heading\" data-id=\"e9a62e7\" data-element_type=\"widget\" data-e-type=\"widget\" data-widget_type=\"heading.default\">\n\t\t\t\t\t<h3 class=\"elementor-heading-title elementor-size-default\">\u00bfDe d\u00f3nde a d\u00f3nde va el Canal de Chiquimulilla?<\/h3>\t\t\t\t<\/div>\n\t\t\t\t\t<\/div>\n\t\t\t\t<\/div>\n\t\t<div data-particle_enable=\"false\" data-particle-mobile-disabled=\"false\" class=\"elementor-element elementor-element-2ed739f e-flex e-con-boxed e-con e-parent\" data-id=\"2ed739f\" data-element_type=\"container\" data-e-type=\"container\">\n\t\t\t\t\t<div class=\"e-con-inner\">\n\t\t\t\t<div class=\"elementor-element elementor-element-d06471d elementor-widget elementor-widget-text-editor\" data-id=\"d06471d\" data-element_type=\"widget\" data-e-type=\"widget\" data-widget_type=\"text-editor.default\">\n\t\t\t\t\t\t\t\t\t<p><a href=\"https:\/\/soymigrante.com\/revista\/departamentos-de-guatemala-santa-rosa-es-considerado-el-centro-de-las-americas\/\" target=\"_blank\" rel=\"noopener\">El canal se extiende desde el departamento de Santa Rosa<\/a> hasta San Marcos, recorriendo aproximadamente 140 kil\u00f3metros a lo largo de la franja costera del pa\u00eds.<\/p><p>Inicia en Escuintla y se extiende a lo largo de la costa de Santa Rosa y parte de Jutiapa. Constituye una v\u00eda acu\u00e1tica entre comunidades a la vez que un canal de transporte de turistas, comercio y productos marinos.<\/p>\t\t\t\t\t\t\t\t<\/div>\n\t\t\t\t\t<\/div>\n\t\t\t\t<\/div>\n\t\t<div data-particle_enable=\"false\" data-particle-mobile-disabled=\"false\" class=\"elementor-element elementor-element-870960a e-flex e-con-boxed e-con e-parent\" data-id=\"870960a\" data-element_type=\"container\" data-e-type=\"container\">\n\t\t\t\t\t<div class=\"e-con-inner\">\n\t\t\t\t<div class=\"elementor-element elementor-element-711a52c elementor-widget elementor-widget-image\" data-id=\"711a52c\" data-element_type=\"widget\" data-e-type=\"widget\" data-widget_type=\"image.default\">\n\t\t\t\t\t\t\t\t\t\t\t\t<figure class=\"wp-caption\">\n\t\t\t\t\t\t\t\t\t\t<img fetchpriority=\"high\" decoding=\"async\" width=\"768\" height=\"512\" src=\"https:\/\/soymigrante.com\/revista\/wp-content\/uploads\/2025\/03\/Canal-de-Chiquimulilla-4.webp\" class=\"attachment-large size-large wp-image-28335\" alt=\"Barco de migrantes navegando por un r\u00edo rodeado de vegetaci\u00f3n en un entorno natural.\" srcset=\"https:\/\/soymigrante.com\/revista\/wp-content\/uploads\/2025\/03\/Canal-de-Chiquimulilla-4.webp 800w, https:\/\/soymigrante.com\/revista\/wp-content\/uploads\/2025\/03\/Canal-de-Chiquimulilla-4-300x200.jpg 300w, https:\/\/soymigrante.com\/revista\/wp-content\/uploads\/2025\/03\/Canal-de-Chiquimulilla-4-768x512.jpg 768w, https:\/\/soymigrante.com\/revista\/wp-content\/uploads\/2025\/03\/Canal-de-Chiquimulilla-4-750x500.webp 750w\" sizes=\"(max-width: 768px) 100vw, 768px\" title=\"El Canal de Chiquimulilla: Un corredor natural \u2013 SoyMigrante.com REVISTA\" \/>\t\t\t\t\t\t\t\t\t\t\t<figcaption class=\"widget-image-caption wp-caption-text\">Embarcaci\u00f3n de migrantes en un r\u00edo, representando retos y experiencias de la migraci\u00f3n en entornos naturales, en un paisaje de naturaleza y aventura.<\/figcaption>\n\t\t\t\t\t\t\t\t\t\t<\/figure>\n\t\t\t\t\t\t\t\t\t<\/div>\n\t\t\t\t\t<\/div>\n\t\t\t\t<\/div>\n\t\t<div data-particle_enable=\"false\" data-particle-mobile-disabled=\"false\" class=\"elementor-element elementor-element-7ac2c9b e-flex e-con-boxed e-con e-parent\" data-id=\"7ac2c9b\" data-element_type=\"container\" data-e-type=\"container\">\n\t\t\t\t\t<div class=\"e-con-inner\">\n\t\t\t\t<div class=\"elementor-element elementor-element-ec649f8 elementor-widget elementor-widget-heading\" data-id=\"ec649f8\" data-element_type=\"widget\" data-e-type=\"widget\" data-widget_type=\"heading.default\">\n\t\t\t\t\t<h3 class=\"elementor-heading-title elementor-size-default\">Principales tramos del canal<\/h3>\t\t\t\t<\/div>\n\t\t\t\t\t<\/div>\n\t\t\t\t<\/div>\n\t\t<div data-particle_enable=\"false\" data-particle-mobile-disabled=\"false\" class=\"elementor-element elementor-element-5a51dcb e-flex e-con-boxed e-con e-parent\" data-id=\"5a51dcb\" data-element_type=\"container\" data-e-type=\"container\">\n\t\t\t\t\t<div class=\"e-con-inner\">\n\t\t\t\t<div class=\"elementor-element elementor-element-3e04e1f elementor-widget elementor-widget-text-editor\" data-id=\"3e04e1f\" data-element_type=\"widget\" data-e-type=\"widget\" data-widget_type=\"text-editor.default\">\n\t\t\t\t\t\t\t\t\t<div>A lo largo de su recorrido, el <a href=\"https:\/\/soymigrante.com\/revista\/departamentos-de-guatemala-santa-rosa-es-considerado-el-centro-de-las-americas\/\" target=\"_blank\" rel=\"noopener\">canal atraviesa importantes sectores de la costa sur<\/a>, entre ellos:<\/div><div><strong>\u2022Monterrico y Hawaii:<\/strong> Conocidos por sus playas de arena volc\u00e1nica y la Reserva Natural de Monterrico, un santuario para tortugas marinas.<\/div><div><strong>\u2022Sipacate:<\/strong> Una zona de manglares y esteros, ideal para la pesca y el ecoturismo.<\/div><div><strong>\u2022El Pared\u00f3n:<\/strong> Un destino emergente en Escuintla para el surf y el turismo comunitario.<\/div><div>\u00a0<\/div>\t\t\t\t\t\t\t\t<\/div>\n\t\t\t\t\t<\/div>\n\t\t\t\t<\/div>\n\t\t<div data-particle_enable=\"false\" data-particle-mobile-disabled=\"false\" class=\"elementor-element elementor-element-a67c40c e-flex e-con-boxed e-con e-parent\" data-id=\"a67c40c\" data-element_type=\"container\" data-e-type=\"container\">\n\t\t\t\t\t<div class=\"e-con-inner\">\n\t\t\t\t<div class=\"elementor-element elementor-element-e4dbef8 elementor-widget elementor-widget-image\" data-id=\"e4dbef8\" data-element_type=\"widget\" data-e-type=\"widget\" data-widget_type=\"image.default\">\n\t\t\t\t\t\t\t\t\t\t\t\t<figure class=\"wp-caption\">\n\t\t\t\t\t\t\t\t\t\t<img decoding=\"async\" width=\"768\" height=\"291\" src=\"https:\/\/soymigrante.com\/revista\/wp-content\/uploads\/2025\/03\/canal-de-chiquimulilla.webp\" class=\"attachment-large size-large wp-image-28419\" alt=\"Puente San Jos\u00e9 en Veracruz, M\u00e9xico, mostrando las rutas migratorias desde Puente Vista hasta Las Lisas, clave en el tr\u00e1nsito de migrantes centroamericanos hacia Estados Unidos.\" srcset=\"https:\/\/soymigrante.com\/revista\/wp-content\/uploads\/2025\/03\/canal-de-chiquimulilla.webp 914w, https:\/\/soymigrante.com\/revista\/wp-content\/uploads\/2025\/03\/canal-de-chiquimulilla-300x114.png 300w, https:\/\/soymigrante.com\/revista\/wp-content\/uploads\/2025\/03\/canal-de-chiquimulilla-768x291.png 768w, https:\/\/soymigrante.com\/revista\/wp-content\/uploads\/2025\/03\/canal-de-chiquimulilla-750x284.webp 750w\" sizes=\"(max-width: 768px) 100vw, 768px\" title=\"Vista satelital de las costas de Escuintla, Santa Rosa y Jutiapa, las cuales abarca el Canal de Chiquimulilla, marcado en flechas rojas. El ancho de la v\u00eda acu\u00e1tica  y de la barrera de manglar var\u00eda. En Santa Rosa est\u00e1 el \u00e1rea de mejor conservaci\u00f3n. \u2013 SoyMigrante.com REVISTA\" \/>\t\t\t\t\t\t\t\t\t\t\t<figcaption class=\"widget-image-caption wp-caption-text\">Puente San Jos\u00e9 en Veracruz, M\u00e9xico, conectado con varias rutas migratorias importantes desde Puente Vista hasta Las Lisas para la migraci\u00f3n centroamericana.<\/figcaption>\n\t\t\t\t\t\t\t\t\t\t<\/figure>\n\t\t\t\t\t\t\t\t\t<\/div>\n\t\t\t\t\t<\/div>\n\t\t\t\t<\/div>\n\t\t<div data-particle_enable=\"false\" data-particle-mobile-disabled=\"false\" class=\"elementor-element elementor-element-fcbbd4b e-flex e-con-boxed e-con e-parent\" data-id=\"fcbbd4b\" data-element_type=\"container\" data-e-type=\"container\">\n\t\t\t\t\t<div class=\"e-con-inner\">\n\t\t\t\t<div class=\"elementor-element elementor-element-14c7516 elementor-widget elementor-widget-heading\" data-id=\"14c7516\" data-element_type=\"widget\" data-e-type=\"widget\" data-widget_type=\"heading.default\">\n\t\t\t\t\t<h3 class=\"elementor-heading-title elementor-size-default\">Riqueza biol\u00f3gica del Canal de Chiquimulilla<\/h3>\t\t\t\t<\/div>\n\t\t\t\t\t<\/div>\n\t\t\t\t<\/div>\n\t\t<div data-particle_enable=\"false\" data-particle-mobile-disabled=\"false\" class=\"elementor-element elementor-element-1a00471 e-flex e-con-boxed e-con e-parent\" data-id=\"1a00471\" data-element_type=\"container\" data-e-type=\"container\">\n\t\t\t\t\t<div class=\"e-con-inner\">\n\t\t\t\t<div class=\"elementor-element elementor-element-aff4099 elementor-widget elementor-widget-text-editor\" data-id=\"aff4099\" data-element_type=\"widget\" data-e-type=\"widget\" data-widget_type=\"text-editor.default\">\n\t\t\t\t\t\t\t\t\t<p><a href=\"https:\/\/soymigrante.com\/revista\/departamentos-de-guatemala-santa-rosa-es-considerado-el-centro-de-las-americas\/\" target=\"_blank\" rel=\"noopener\">El canal y sus alrededores son el hogar de una gran variedad de especies.<\/a> Sus manglares y aguas tranquilas sirven de refugio para aves migratorias, cocodrilos, tortugas marinas, cangrejos y una gran cantidad de peces. Adem\u00e1s, los bosques de mangle que bordean el canal son fundamentales para la protecci\u00f3n de la costa contra la erosi\u00f3n y contribuyen al equilibrio ecol\u00f3gico de la regi\u00f3n.<\/p>\t\t\t\t\t\t\t\t<\/div>\n\t\t\t\t\t<\/div>\n\t\t\t\t<\/div>\n\t\t<div data-particle_enable=\"false\" data-particle-mobile-disabled=\"false\" class=\"elementor-element elementor-element-8ced00e e-flex e-con-boxed e-con e-parent\" data-id=\"8ced00e\" data-element_type=\"container\" data-e-type=\"container\">\n\t\t\t\t\t<div class=\"e-con-inner\">\n\t\t\t\t<div class=\"elementor-element elementor-element-c157cdf elementor-widget elementor-widget-image\" data-id=\"c157cdf\" data-element_type=\"widget\" data-e-type=\"widget\" data-widget_type=\"image.default\">\n\t\t\t\t\t\t\t\t\t\t\t\t<figure class=\"wp-caption\">\n\t\t\t\t\t\t\t\t\t\t<img decoding=\"async\" width=\"500\" height=\"309\" src=\"https:\/\/soymigrante.com\/revista\/wp-content\/uploads\/2025\/03\/Canal-de-Chiquimulilla-3.webp\" class=\"attachment-large size-large wp-image-28336\" alt=\"Un barco navegando por un r\u00edo rodeado de juncos verdes bajo un cielo azul despejado.\" srcset=\"https:\/\/soymigrante.com\/revista\/wp-content\/uploads\/2025\/03\/Canal-de-Chiquimulilla-3.webp 500w, https:\/\/soymigrante.com\/revista\/wp-content\/uploads\/2025\/03\/Canal-de-Chiquimulilla-3-300x185.jpg 300w\" sizes=\"(max-width: 500px) 100vw, 500px\" title=\"El Canal de Chiquimulilla: Un corredor natural \u2013 SoyMigrante.com REVISTA\" \/>\t\t\t\t\t\t\t\t\t\t\t<figcaption class=\"widget-image-caption wp-caption-text\">Navega por la revista SoyMigrante.com REVISTA y descubre historias, cultura y desaf\u00edos de la migraci\u00f3n en entornos naturales y culturales diversos.<\/figcaption>\n\t\t\t\t\t\t\t\t\t\t<\/figure>\n\t\t\t\t\t\t\t\t\t<\/div>\n\t\t\t\t\t<\/div>\n\t\t\t\t<\/div>\n\t\t<div data-particle_enable=\"false\" data-particle-mobile-disabled=\"false\" class=\"elementor-element elementor-element-de76ea2 e-flex e-con-boxed e-con e-parent\" data-id=\"de76ea2\" data-element_type=\"container\" data-e-type=\"container\">\n\t\t\t\t\t<div class=\"e-con-inner\">\n\t\t\t\t<div class=\"elementor-element elementor-element-8fef5bc elementor-widget elementor-widget-heading\" data-id=\"8fef5bc\" data-element_type=\"widget\" data-e-type=\"widget\" data-widget_type=\"heading.default\">\n\t\t\t\t\t<h3 class=\"elementor-heading-title elementor-size-default\">Comunidades que conecta<\/h3>\t\t\t\t<\/div>\n\t\t\t\t\t<\/div>\n\t\t\t\t<\/div>\n\t\t<div data-particle_enable=\"false\" data-particle-mobile-disabled=\"false\" class=\"elementor-element elementor-element-b970225 e-flex e-con-boxed e-con e-parent\" data-id=\"b970225\" data-element_type=\"container\" data-e-type=\"container\">\n\t\t\t\t\t<div class=\"e-con-inner\">\n\t\t\t\t<div class=\"elementor-element elementor-element-c6be24c elementor-widget elementor-widget-text-editor\" data-id=\"c6be24c\" data-element_type=\"widget\" data-e-type=\"widget\" data-widget_type=\"text-editor.default\">\n\t\t\t\t\t\t\t\t\t<div><a href=\"https:\/\/soymigrante.com\/revista\/departamentos-de-guatemala-santa-rosa-es-considerado-el-centro-de-las-americas\/\" target=\"_blank\" rel=\"noopener\">El canal es una v\u00eda de transporte fundamental<\/a> para muchas comunidades pesqueras y tur\u00edsticas. Entre las principales localidades conectadas por el Canal de Chiquimulilla est\u00e1n:<br \/><div style=\"font-style: normal; font-variant-ligatures: normal; font-variant-caps: normal; font-weight: 400; font-size: 16px; font-family: Roboto, sans-serif;\"><strong style=\"color: var( --e-global-color-text ); text-align: var(--text-align);\">\u2022Las Lisas, la Barrita y la Barrona (Jutiapa)<\/strong><\/div><strong style=\"color: var( --e-global-color-text ); text-align: var(--text-align);\">\u2022Monterrico (Santa Rosa)<\/strong><\/div><div><strong>\u2022Sipacate (Escuintla)<\/strong><\/div><div><strong>\u2022Iztapa (Escuintla)<\/strong><\/div><div><strong>\u2022El Pared\u00f3n (Escuintla)<\/strong><\/div><div>\u00a0<\/div><div>Para muchas de estas comunidades, el canal es una fuente de vida, ya que permite la pesca, el comercio y el turismo sostenible.<\/div>\t\t\t\t\t\t\t\t<\/div>\n\t\t\t\t\t<\/div>\n\t\t\t\t<\/div>\n\t\t<div data-particle_enable=\"false\" data-particle-mobile-disabled=\"false\" class=\"elementor-element elementor-element-7d6d296 e-flex e-con-boxed e-con e-parent\" data-id=\"7d6d296\" data-element_type=\"container\" data-e-type=\"container\">\n\t\t\t\t\t<div class=\"e-con-inner\">\n\t\t\t\t<div class=\"elementor-element elementor-element-ee498bf elementor-widget elementor-widget-google_maps\" data-id=\"ee498bf\" data-element_type=\"widget\" data-e-type=\"widget\" data-widget_type=\"google_maps.default\">\n\t\t\t\t\t\t\t<div class=\"elementor-custom-embed\">\n\t\t\t<iframe loading=\"lazy\"\n\t\t\t\t\tsrc=\"https:\/\/maps.google.com\/maps?q=Canal%20de%20Chiqimulilla&#038;t=m&#038;z=10&#038;output=embed&#038;iwloc=near\"\n\t\t\t\t\ttitle=\"Canal de Chiqimulilla\"\n\t\t\t\t\taria-label=\"Canal de Chiqimulilla\"\n\t\t\t><\/iframe>\n\t\t<\/div>\n\t\t\t\t\t\t<\/div>\n\t\t\t\t\t<\/div>\n\t\t\t\t<\/div>\n\t\t<div data-particle_enable=\"false\" data-particle-mobile-disabled=\"false\" class=\"elementor-element elementor-element-7885ea6 e-flex e-con-boxed e-con e-parent\" data-id=\"7885ea6\" data-element_type=\"container\" data-e-type=\"container\">\n\t\t\t\t\t<div class=\"e-con-inner\">\n\t\t\t\t<div class=\"elementor-element elementor-element-78e50fc elementor-widget elementor-widget-heading\" data-id=\"78e50fc\" data-element_type=\"widget\" data-e-type=\"widget\" data-widget_type=\"heading.default\">\n\t\t\t\t\t<h3 class=\"elementor-heading-title elementor-size-default\">Principales atractivos del Canal de Chiquimulilla<\/h3>\t\t\t\t<\/div>\n\t\t\t\t\t<\/div>\n\t\t\t\t<\/div>\n\t\t<div data-particle_enable=\"false\" data-particle-mobile-disabled=\"false\" class=\"elementor-element elementor-element-ec8d211 e-flex e-con-boxed e-con e-parent\" data-id=\"ec8d211\" data-element_type=\"container\" data-e-type=\"container\">\n\t\t\t\t\t<div class=\"e-con-inner\">\n\t\t\t\t<div class=\"elementor-element elementor-element-09d1b8c elementor-widget elementor-widget-text-editor\" data-id=\"09d1b8c\" data-element_type=\"widget\" data-e-type=\"widget\" data-widget_type=\"text-editor.default\">\n\t\t\t\t\t\t\t\t\t<div><strong>1.Reserva Natural de Monterrico<\/strong><\/div><div>Es una de las \u00e1reas protegidas m\u00e1s importantes del pa\u00eds, con programas de conservaci\u00f3n de tortugas marinas y recorridos en lancha entre los manglares.<\/div><div><strong>2.El Pared\u00f3n<\/strong><\/div><div>Un destino emergente para el surf y el ecoturismo, donde los turistas pueden hacer recorridos en kayak por el canal y aprender sobre la vida en los manglares.<\/div><div><strong>3.Sipacate-Naranjo<\/strong><\/div><div>Este parque nacional alberga una diversidad de aves y es un sitio ideal para la pesca y la observaci\u00f3n de la biodiversidad.\u00a0<\/div>\t\t\t\t\t\t\t\t<\/div>\n\t\t\t\t\t<\/div>\n\t\t\t\t<\/div>\n\t\t<div data-particle_enable=\"false\" data-particle-mobile-disabled=\"false\" class=\"elementor-element elementor-element-80b90b7 e-flex e-con-boxed e-con e-parent\" data-id=\"80b90b7\" data-element_type=\"container\" data-e-type=\"container\">\n\t\t\t\t\t<div class=\"e-con-inner\">\n\t\t\t\t<div class=\"elementor-element elementor-element-f934c72 elementor-widget elementor-widget-video\" data-id=\"f934c72\" data-element_type=\"widget\" data-e-type=\"widget\" data-settings=\"{&quot;youtube_url&quot;:&quot;https:\\\/\\\/www.youtube.com\\\/watch?v=CfPc0ln11qg&quot;,&quot;video_type&quot;:&quot;youtube&quot;,&quot;controls&quot;:&quot;yes&quot;}\" data-widget_type=\"video.default\">\n\t\t\t\t\t\t\t<div class=\"elementor-wrapper elementor-open-inline\">\n\t\t\t<div class=\"elementor-video\"><\/div>\t\t<\/div>\n\t\t\t\t\t\t<\/div>\n\t\t\t\t\t<\/div>\n\t\t\t\t<\/div>\n\t\t<div data-particle_enable=\"false\" data-particle-mobile-disabled=\"false\" class=\"elementor-element elementor-element-227762a e-flex e-con-boxed e-con e-parent\" data-id=\"227762a\" data-element_type=\"container\" data-e-type=\"container\">\n\t\t\t\t\t<div class=\"e-con-inner\">\n\t\t\t\t<div class=\"elementor-element elementor-element-4d53cee elementor-widget elementor-widget-heading\" data-id=\"4d53cee\" data-element_type=\"widget\" data-e-type=\"widget\" data-widget_type=\"heading.default\">\n\t\t\t\t\t<h3 class=\"elementor-heading-title elementor-size-default\">Un canal vital para Guatemala<\/h3>\t\t\t\t<\/div>\n\t\t\t\t\t<\/div>\n\t\t\t\t<\/div>\n\t\t<div data-particle_enable=\"false\" data-particle-mobile-disabled=\"false\" class=\"elementor-element elementor-element-daacc0f e-flex e-con-boxed e-con e-parent\" data-id=\"daacc0f\" data-element_type=\"container\" data-e-type=\"container\">\n\t\t\t\t\t<div class=\"e-con-inner\">\n\t\t\t\t<div class=\"elementor-element elementor-element-adcfd64 elementor-widget elementor-widget-text-editor\" data-id=\"adcfd64\" data-element_type=\"widget\" data-e-type=\"widget\" data-widget_type=\"text-editor.default\">\n\t\t\t\t\t\t\t\t\t<p><a href=\"https:\/\/soymigrante.com\/revista\/departamentos-de-guatemala-santa-rosa-es-considerado-el-centro-de-las-americas\/\" target=\"_blank\" rel=\"noopener\">El Canal de Chiquimulilla es m\u00e1s que una v\u00eda de agua<\/a>: es un ecosistema clave para la biodiversidad y un sustento para muchas comunidades costeras.<\/p><p>Su riqueza natural y su importancia para el turismo y la pesca lo convierten en un tesoro invaluable que merece ser protegido y promovido como destino ecotur\u00edstico en Guatemala.<\/p>\t\t\t\t\t\t\t\t<\/div>\n\t\t\t\t\t<\/div>\n\t\t\t\t<\/div>\n\t\t<div data-particle_enable=\"false\" data-particle-mobile-disabled=\"false\" class=\"elementor-element elementor-element-30e1644 e-flex e-con-boxed e-con e-parent\" data-id=\"30e1644\" data-element_type=\"container\" data-e-type=\"container\">\n\t\t\t\t\t<div class=\"e-con-inner\">\n\t\t\t\t<div class=\"elementor-element elementor-element-b8328b1 elementor-widget elementor-widget-heading\" data-id=\"b8328b1\" data-element_type=\"widget\" data-e-type=\"widget\" data-widget_type=\"heading.default\">\n\t\t\t\t\t<h2 class=\"elementor-heading-title elementor-size-default\">Conoce otras maravillas de Guatemala, ac\u00e1...<\/h2>\t\t\t\t<\/div>\n\t\t\t\t\t<\/div>\n\t\t\t\t<\/div>\n\t\t<div data-particle_enable=\"false\" data-particle-mobile-disabled=\"false\" class=\"elementor-element elementor-element-67c717e e-flex e-con-boxed e-con e-parent\" data-id=\"67c717e\" data-element_type=\"container\" data-e-type=\"container\">\n\t\t\t\t\t<div class=\"e-con-inner\">\n\t\t\t\t<div class=\"elementor-element elementor-element-c87895a elementor-grid-eael-col-3 elementor-grid-tablet-eael-col-2 elementor-grid-mobile-eael-col-1 elementor-widget elementor-widget-eael-post-grid\" data-id=\"c87895a\" data-element_type=\"widget\" data-e-type=\"widget\" data-settings=\"{&quot;eael_post_grid_columns&quot;:&quot;eael-col-3&quot;,&quot;eael_post_grid_columns_tablet&quot;:&quot;eael-col-2&quot;,&quot;eael_post_grid_columns_mobile&quot;:&quot;eael-col-1&quot;}\" data-widget_type=\"eael-post-grid.default\">\n\t\t\t\t\t<div id=\"eael-post-grid-c87895a\" class=\"eael-post-grid-container\">\n            <div class=\"eael-post-grid eael-post-appender eael-post-appender-c87895a eael-post-grid-style-one\" data-layout-mode=\"masonry\"><article class=\"eael-grid-post  eael-post-grid-column eael-pg-post-10243 category-guate-nuestra\" data-id=\"10243\">\n        <div class=\"eael-grid-post-holder\">\n            <div class=\"eael-grid-post-holder-inner\"><div class=\"eael-entry-media\"><div class=\"eael-entry-overlay fade-in\"><i class=\"far fa-hand-pointer\" aria-hidden=\"true\"><\/i><a href=\"https:\/\/soymigrante.com\/revista\/10-cosas-que-ya-conocias-o-quiza-no-del-lago-peten-itza\/\"><\/a><\/div><div class=\"eael-entry-thumbnail \">\n                <img loading=\"lazy\" decoding=\"async\" width=\"1024\" height=\"1024\" src=\"https:\/\/soymigrante.com\/revista\/wp-content\/uploads\/2024\/10\/peten-itza-erick-suarez-1024x1024.webp\" class=\"attachment-large size-large wp-image-10278\" alt=\"Puerto en el r\u00edo con estructura de muelle y vista al agua, ideal para publicaciones sobre migrantes, viajes y cultura en Am\u00e9rica Latina.\" srcset=\"https:\/\/soymigrante.com\/revista\/wp-content\/uploads\/2024\/10\/peten-itza-erick-suarez-1024x1024.webp 1024w, https:\/\/soymigrante.com\/revista\/wp-content\/uploads\/2024\/10\/peten-itza-erick-suarez-300x300.webp 300w, https:\/\/soymigrante.com\/revista\/wp-content\/uploads\/2024\/10\/peten-itza-erick-suarez-150x150.webp 150w, https:\/\/soymigrante.com\/revista\/wp-content\/uploads\/2024\/10\/peten-itza-erick-suarez-768x768.webp 768w, https:\/\/soymigrante.com\/revista\/wp-content\/uploads\/2024\/10\/peten-itza-erick-suarez-75x75.webp 75w, https:\/\/soymigrante.com\/revista\/wp-content\/uploads\/2024\/10\/peten-itza-erick-suarez-750x750.webp 750w, https:\/\/soymigrante.com\/revista\/wp-content\/uploads\/2024\/10\/peten-itza-erick-suarez.webp 1080w\" sizes=\"(max-width: 1024px) 100vw, 1024px\" \/>\n            <\/div>\n        <\/div><div class=\"eael-entry-wrapper\"><header class=\"eael-entry-header\"><h2 class=\"eael-entry-title\"><a class=\"eael-grid-post-link\" href=\"https:\/\/soymigrante.com\/revista\/10-cosas-que-ya-conocias-o-quiza-no-del-lago-peten-itza\/\" title=\"10 cosas que ya conoc\u00edas (o quiz\u00e1 no) del Lago Pet\u00e9n Itz\u00e1\">10 cosas que ya conoc\u00edas (o quiz\u00e1 no) del Lago Pet\u00e9n Itz\u00e1<\/a><\/h2><\/header><div class=\"eael-entry-content\">\n                        <div class=\"eael-grid-post-excerpt\"><a href=\"https:\/\/soymigrante.com\/revista\/10-cosas-que-ya-conocias-o-quiza-no-del-lago-peten-itza\/\" class=\"eael-post-elements-readmore-btn\">CONOCE SU HISTORIA <\/a><\/div>\n                    <\/div><\/div><\/div>\n        <\/div>\n    <\/article><article class=\"eael-grid-post  eael-post-grid-column eael-pg-post-8824 category-guate-nuestra\" data-id=\"8824\">\n        <div class=\"eael-grid-post-holder\">\n            <div class=\"eael-grid-post-holder-inner\"><div class=\"eael-entry-media\"><div class=\"eael-entry-overlay fade-in\"><i class=\"far fa-hand-pointer\" aria-hidden=\"true\"><\/i><a href=\"https:\/\/soymigrante.com\/revista\/cinco-parques-tematicos-en-retalhuleu-que-si-o-si-debes-visitar\/\"><\/a><\/div><div class=\"eael-entry-thumbnail \">\n                <img loading=\"lazy\" decoding=\"async\" width=\"1024\" height=\"1024\" src=\"https:\/\/soymigrante.com\/revista\/wp-content\/uploads\/2024\/09\/IMG_2712-copia-1024x1024.webp\" class=\"attachment-large size-large wp-image-8839\" alt=\"Torre de la Independencia en la Ciudad de M\u00e9xico, s\u00edmbolo de historia y cultura mexicana. Ubicaci\u00f3n central, rodeada de \u00e1reas verdes y edificios tradicionales, ideal para visitantes y residentes.\" srcset=\"https:\/\/soymigrante.com\/revista\/wp-content\/uploads\/2024\/09\/IMG_2712-copia-1024x1024.webp 1024w, https:\/\/soymigrante.com\/revista\/wp-content\/uploads\/2024\/09\/IMG_2712-copia-300x300.webp 300w, https:\/\/soymigrante.com\/revista\/wp-content\/uploads\/2024\/09\/IMG_2712-copia-150x150.webp 150w, https:\/\/soymigrante.com\/revista\/wp-content\/uploads\/2024\/09\/IMG_2712-copia-768x768.webp 768w, https:\/\/soymigrante.com\/revista\/wp-content\/uploads\/2024\/09\/IMG_2712-copia-1536x1536.webp 1536w, https:\/\/soymigrante.com\/revista\/wp-content\/uploads\/2024\/09\/IMG_2712-copia.webp 1920w, https:\/\/soymigrante.com\/revista\/wp-content\/uploads\/2024\/09\/IMG_2712-copia-75x75.webp 75w, https:\/\/soymigrante.com\/revista\/wp-content\/uploads\/2024\/09\/IMG_2712-copia-750x750.webp 750w, https:\/\/soymigrante.com\/revista\/wp-content\/uploads\/2024\/09\/IMG_2712-copia-1140x1140.jpg 1140w\" sizes=\"(max-width: 1024px) 100vw, 1024px\" \/>\n            <\/div>\n        <\/div><div class=\"eael-entry-wrapper\"><header class=\"eael-entry-header\"><h2 class=\"eael-entry-title\"><a class=\"eael-grid-post-link\" href=\"https:\/\/soymigrante.com\/revista\/cinco-parques-tematicos-en-retalhuleu-que-si-o-si-debes-visitar\/\" title=\"Cinco parques tem\u00e1ticos en Retalhuleu, que s\u00ed o s\u00ed debes visitar\">Cinco parques tem\u00e1ticos en Retalhuleu, que s\u00ed o s\u00ed debes visitar<\/a><\/h2><\/header><div class=\"eael-entry-content\">\n                        <div class=\"eael-grid-post-excerpt\"><a href=\"https:\/\/soymigrante.com\/revista\/cinco-parques-tematicos-en-retalhuleu-que-si-o-si-debes-visitar\/\" class=\"eael-post-elements-readmore-btn\">CONOCE SU HISTORIA <\/a><\/div>\n                    <\/div><\/div><\/div>\n        <\/div>\n    <\/article><article class=\"eael-grid-post  eael-post-grid-column eael-pg-post-353 category-guate-nuestra\" data-id=\"353\">\n        <div class=\"eael-grid-post-holder\">\n            <div class=\"eael-grid-post-holder-inner\"><div class=\"eael-entry-media\"><div class=\"eael-entry-overlay fade-in\"><i class=\"far fa-hand-pointer\" aria-hidden=\"true\"><\/i><a href=\"https:\/\/soymigrante.com\/revista\/indumentaria-tradicional-del-varon-tzutujil\/\"><\/a><\/div><div class=\"eael-entry-thumbnail \">\n                <img loading=\"lazy\" decoding=\"async\" width=\"1024\" height=\"682\" src=\"https:\/\/soymigrante.com\/revista\/wp-content\/uploads\/2023\/02\/San-Juan-pantalon-3-ecastro-1024x682.png\" class=\"attachment-large size-large wp-image-356\" alt=\"San Juan pantal\u00f3n 3 - ecastro\" srcset=\"https:\/\/soymigrante.com\/revista\/wp-content\/uploads\/2023\/02\/San-Juan-pantalon-3-ecastro-1024x682.png 1024w, https:\/\/soymigrante.com\/revista\/wp-content\/uploads\/2023\/02\/San-Juan-pantalon-3-ecastro-300x200.webp 300w, https:\/\/soymigrante.com\/revista\/wp-content\/uploads\/2023\/02\/San-Juan-pantalon-3-ecastro-768x512.png 768w, https:\/\/soymigrante.com\/revista\/wp-content\/uploads\/2023\/02\/San-Juan-pantalon-3-ecastro-750x500.webp 750w, https:\/\/soymigrante.com\/revista\/wp-content\/uploads\/2023\/02\/San-Juan-pantalon-3-ecastro-1140x760.png 1140w, https:\/\/soymigrante.com\/revista\/wp-content\/uploads\/2023\/02\/San-Juan-pantalon-3-ecastro-600x400.png 600w, https:\/\/soymigrante.com\/revista\/wp-content\/uploads\/2023\/02\/San-Juan-pantalon-3-ecastro.webp 1349w\" sizes=\"(max-width: 1024px) 100vw, 1024px\" \/>\n            <\/div>\n        <\/div><div class=\"eael-entry-wrapper\"><header class=\"eael-entry-header\"><h2 class=\"eael-entry-title\"><a class=\"eael-grid-post-link\" href=\"https:\/\/soymigrante.com\/revista\/indumentaria-tradicional-del-varon-tzutujil\/\" title=\"Legendario \u201cN\u2019skaw\u201d: pantal\u00f3n del var\u00f3n tz&#8217;utuj&#8217;il de San Juan la Laguna\">Legendario \u201cN\u2019skaw\u201d: pantal\u00f3n del var\u00f3n tz&#8217;utuj&#8217;il de San Juan la Laguna<\/a><\/h2><\/header><div class=\"eael-entry-content\">\n                        <div class=\"eael-grid-post-excerpt\"><a href=\"https:\/\/soymigrante.com\/revista\/indumentaria-tradicional-del-varon-tzutujil\/\" class=\"eael-post-elements-readmore-btn\">CONOCE SU HISTORIA <\/a><\/div>\n                    <\/div><\/div><\/div>\n        <\/div>\n    <\/article><\/div>\n            <div class=\"clearfix\"><\/div>\n        <\/div>\t\t\t\t<\/div>\n\t\t\t\t\t<\/div>\n\t\t\t\t<\/div>\n\t\t\t\t<\/div>\n\t\t","protected":false},"excerpt":{"rendered":"<p>El Canal de Chiquimulilla es una puerta a la biodiversidad, un largo corredor acu\u00e1tico y tur\u00edstico que a la vez se convierte en hogar y fuente de trabajo para miles de guatemaltecos. El Canal de Chiquimulilla es una de las maravillas naturales de la costa sur de Guatemala. Este canal de agua dulce corre paralelo [&hellip;]<\/p>\n","protected":false},"author":19,"featured_media":28415,"comment_status":"open","ping_status":"open","sticky":false,"template":"","format":"standard","meta":{"_acf_changed":false,"_eb_attr":"","footnotes":""},"categories":[58],"tags":[],"class_list":["post-28332","post","type-post","status-publish","format-standard","has-post-thumbnail","hentry","category-guate-nuestra"],"acf":[],"aioseo_notices":[],"aioseo_head":"\n\t\t<!-- All in One SEO Pro 4.9.6.2 - aioseo.com -->\n\t<meta name=\"description\" content=\"Legendario \u201cN\u2019skaw\u201d: pantal\u00f3n del var\u00f3n tz&#039;utuj&#039;il de San Juan la Laguna\" \/>\n\t<meta name=\"robots\" content=\"max-snippet:-1, max-image-preview:large, max-video-preview:-1\" \/>\n\t<meta name=\"author\" content=\"SoyMigrante.com REVISTA\"\/>\n\t<link rel=\"canonical\" href=\"https:\/\/soymigrante.com\/revista\/indumentaria-tradicional-del-varon-tzutujil\/\" \/>\n\t<meta name=\"generator\" content=\"All in One SEO Pro (AIOSEO) 4.9.6.2\" \/>\n\n\t\t<link rel=\"preconnect\" href=\"https:\/\/fonts.googleapis.com\" crossorigin>\n<link rel=\"preconnect\" href=\"https:\/\/fonts.gstatic.com\" crossorigin>\n\t\t<meta property=\"og:locale\" content=\"es_ES\" \/>\n\t\t<meta property=\"og:site_name\" content=\"SoyMigrante.com REVISTA \u2013 Nuestra misi\u00f3n es reconocer y dignificar al migrante.\" \/>\n\t\t<meta property=\"og:type\" content=\"article\" \/>\n\t\t<meta property=\"og:title\" content=\"Legendario \u201cN\u2019skaw\u201d: pantal\u00f3n del var\u00f3n tz\u2019utuj\u2019il de San Juan la Laguna\" \/>\n\t\t<meta property=\"og:description\" content=\"Legendario \u201cN\u2019skaw\u201d: pantal\u00f3n del var\u00f3n tz&#039;utuj&#039;il de San Juan la Laguna\" \/>\n\t\t<meta property=\"og:url\" content=\"https:\/\/soymigrante.com\/revista\/indumentaria-tradicional-del-varon-tzutujil\/\" \/>\n\t\t<meta property=\"og:image\" content=\"https:\/\/soymigrante.com\/revista\/wp-content\/uploads\/2023\/02\/San-Juan-pantalon-3-ecastro.webp\" \/>\n\t\t<meta property=\"og:image:secure_url\" content=\"https:\/\/soymigrante.com\/revista\/wp-content\/uploads\/2023\/02\/San-Juan-pantalon-3-ecastro.webp\" \/>\n\t\t<meta property=\"og:image:width\" content=\"1349\" \/>\n\t\t<meta property=\"og:image:height\" content=\"899\" \/>\n\t\t<meta property=\"article:published_time\" content=\"2023-05-26T00:30:46+00:00\" \/>\n\t\t<meta property=\"article:modified_time\" content=\"2025-09-16T12:41:58+00:00\" \/>\n\t\t<meta property=\"article:publisher\" content=\"https:\/\/www.facebook.com\/soymigrantecom\" \/>\n\t\t<meta name=\"twitter:card\" content=\"summary_large_image\" \/>\n\t\t<meta name=\"twitter:site\" content=\"@SoyMigrante_com\" \/>\n\t\t<meta name=\"twitter:title\" content=\"Legendario \u201cN\u2019skaw\u201d: pantal\u00f3n del var\u00f3n tz\u2019utuj\u2019il de San Juan la Laguna\" \/>\n\t\t<meta name=\"twitter:description\" content=\"Legendario \u201cN\u2019skaw\u201d: pantal\u00f3n del var\u00f3n tz&#039;utuj&#039;il de San Juan la Laguna\" \/>\n\t\t<meta name=\"twitter:creator\" content=\"@SoyMigrante_com\" \/>\n\t\t<meta name=\"twitter:image\" content=\"https:\/\/soymigrante.com\/revista\/wp-content\/uploads\/2023\/02\/San-Juan-pantalon-3-ecastro.webp\" \/>\n\t\t<!-- All in One SEO Pro -->\r\n\t\t<title>Legendario \u201cN\u2019skaw\u201d: pantal\u00f3n del var\u00f3n tz\u2019utuj\u2019il de San Juan la Laguna<\/title>\n\n","aioseo_head_json":{"title":"Legendario \u201cN\u2019skaw\u201d: pantal\u00f3n del var\u00f3n tz\u2019utuj\u2019il de San Juan la Laguna","description":"Legendario \u201cN\u2019skaw\u201d: pantal\u00f3n del var\u00f3n tz'utuj'il de San Juan la Laguna","canonical_url":"https:\/\/soymigrante.com\/revista\/indumentaria-tradicional-del-varon-tzutujil\/","robots":"max-snippet:-1, max-image-preview:large, max-video-preview:-1","keywords":"","webmasterTools":{"miscellaneous":"&lt;link rel=\"preconnect\" href=\"https:\/\/fonts.googleapis.com\" crossorigin&gt;\n&lt;link rel=\"preconnect\" href=\"https:\/\/fonts.gstatic.com\" crossorigin&gt;"},"schema":null,"og:locale":"es_ES","og:site_name":"SoyMigrante.com REVISTA \u2013 Nuestra misi\u00f3n es reconocer y dignificar al migrante.","og:type":"article","og:title":"Legendario \u201cN\u2019skaw\u201d: pantal\u00f3n del var\u00f3n tz\u2019utuj\u2019il de San Juan la Laguna","og:description":"Legendario \u201cN\u2019skaw\u201d: pantal\u00f3n del var\u00f3n tz'utuj'il de San Juan la Laguna","og:url":"https:\/\/soymigrante.com\/revista\/indumentaria-tradicional-del-varon-tzutujil\/","og:image":"https:\/\/soymigrante.com\/revista\/wp-content\/uploads\/2023\/02\/San-Juan-pantalon-3-ecastro.webp","og:image:secure_url":"https:\/\/soymigrante.com\/revista\/wp-content\/uploads\/2023\/02\/San-Juan-pantalon-3-ecastro.webp","og:image:width":1349,"og:image:height":899,"article:published_time":"2023-05-26T00:30:46+00:00","article:modified_time":"2025-09-16T12:41:58+00:00","article:publisher":"https:\/\/www.facebook.com\/soymigrantecom","twitter:card":"summary_large_image","twitter:site":"@SoyMigrante_com","twitter:title":"Legendario \u201cN\u2019skaw\u201d: pantal\u00f3n del var\u00f3n tz\u2019utuj\u2019il de San Juan la Laguna","twitter:description":"Legendario \u201cN\u2019skaw\u201d: pantal\u00f3n del var\u00f3n tz'utuj'il de San Juan la Laguna","twitter:creator":"@SoyMigrante_com","twitter:image":"https:\/\/soymigrante.com\/revista\/wp-content\/uploads\/2023\/02\/San-Juan-pantalon-3-ecastro.webp"},"aioseo_meta_data":{"post_id":"28332","title":null,"description":"El Canal de Chiquimulilla es una puerta a la biodiversidad y su recorrido abarca tres departamentos. Conoce m\u00e1s sobre sus caracteristicas.","keywords":null,"keyphrases":{"focus":{"keyphrase":"Chiquimulilla","score":100,"analysis":{"keyphraseInTitle":{"score":9,"maxScore":9,"error":0},"keyphraseInDescription":{"score":9,"maxScore":9,"error":0},"keyphraseLength":{"score":9,"maxScore":9,"error":0,"length":1},"keyphraseInURL":{"score":5,"maxScore":5,"error":0},"keyphraseInIntroduction":{"score":9,"maxScore":9,"error":0},"keyphraseInSubHeadings":{"score":9,"maxScore":9,"error":0},"keyphraseInImageAlt":{"score":9,"maxScore":9,"error":0},"keywordDensity":{"type":"best","score":9,"maxScore":9,"error":0}}},"additional":[{"keyphrase":"Chiquimulilla","score":100,"analysis":{"keyphraseInDescription":{"score":9,"maxScore":9,"error":0},"keyphraseLength":{"score":9,"maxScore":9,"error":0,"length":1},"keyphraseInIntroduction":{"score":9,"maxScore":9,"error":0},"keyphraseInImageAlt":{"score":9,"maxScore":9,"error":0},"keywordDensity":{"type":"best","score":9,"maxScore":9,"error":0}}}]},"primary_term":null,"canonical_url":null,"og_title":null,"og_description":null,"og_object_type":"default","og_image_type":"default","og_image_url":null,"og_image_width":null,"og_image_height":null,"og_image_custom_url":null,"og_image_custom_fields":null,"og_video":"","og_custom_url":null,"og_article_section":null,"og_article_tags":null,"twitter_use_og":false,"twitter_card":"default","twitter_image_type":"default","twitter_image_url":null,"twitter_image_custom_url":null,"twitter_image_custom_fields":null,"twitter_title":null,"twitter_description":null,"schema":{"blockGraphs":[],"customGraphs":[],"default":{"data":{"Article":[],"Course":[],"Dataset":[],"FAQPage":[],"Movie":[],"Person":[],"Product":[],"ProductReview":[],"Car":[],"Recipe":[],"Service":[],"SoftwareApplication":[],"WebPage":[]},"graphName":"BlogPosting","isEnabled":true},"graphs":[]},"schema_type":"default","schema_type_options":null,"pillar_content":false,"robots_default":true,"robots_noindex":false,"robots_noarchive":false,"robots_nosnippet":false,"robots_nofollow":false,"robots_noimageindex":false,"robots_noodp":false,"robots_notranslate":false,"robots_max_snippet":"-1","robots_max_videopreview":"-1","robots_max_imagepreview":"large","priority":null,"frequency":"default","local_seo":null,"seo_analyzer_scan_date":"2025-10-09 03:31:07","breadcrumb_settings":null,"limit_modified_date":false,"reviewed_by":null,"open_ai":"{\"title\":{\"suggestions\":[],\"usage\":0},\"description\":{\"suggestions\":[],\"usage\":0}}","ai":null,"created":"2025-03-14 18:49:25","updated":"2026-02-04 22:16:49"},"aioseo_breadcrumb":"<div class=\"aioseo-breadcrumbs\"><span class=\"aioseo-breadcrumb\">\n\t<a href=\"https:\/\/soymigrante.com\/revista\" title=\"Home\">Home<\/a>\n<\/span><span class=\"aioseo-breadcrumb-separator\">\u00bb<\/span><span class=\"aioseo-breadcrumb\">\n\t<a href=\"https:\/\/soymigrante.com\/revista\/category\/guate-nuestra\/\" title=\"Guate Nuestra\">Guate Nuestra<\/a>\n<\/span><span class=\"aioseo-breadcrumb-separator\">\u00bb<\/span><span class=\"aioseo-breadcrumb\">\n\tEl Canal de Chiquimulilla: tesoro tur\u00edstico y ecol\u00f3gico del sur\n<\/span><\/div>","aioseo_breadcrumb_json":[{"label":"Home","link":"https:\/\/soymigrante.com\/revista"},{"label":"Guate Nuestra","link":"https:\/\/soymigrante.com\/revista\/category\/guate-nuestra\/"},{"label":"El Canal de Chiquimulilla: tesoro tur\u00edstico y ecol\u00f3gico del sur","link":"https:\/\/soymigrante.com\/revista\/el-canal-de-chiquimulilla-tesoro-turistico-y-ecologico-del-sur\/"}],"_links":{"self":[{"href":"https:\/\/soymigrante.com\/revista\/wp-json\/wp\/v2\/posts\/28332","targetHints":{"allow":["GET"]}}],"collection":[{"href":"https:\/\/soymigrante.com\/revista\/wp-json\/wp\/v2\/posts"}],"about":[{"href":"https:\/\/soymigrante.com\/revista\/wp-json\/wp\/v2\/types\/post"}],"author":[{"embeddable":true,"href":"https:\/\/soymigrante.com\/revista\/wp-json\/wp\/v2\/users\/19"}],"replies":[{"embeddable":true,"href":"https:\/\/soymigrante.com\/revista\/wp-json\/wp\/v2\/comments?post=28332"}],"version-history":[{"count":1,"href":"https:\/\/soymigrante.com\/revista\/wp-json\/wp\/v2\/posts\/28332\/revisions"}],"predecessor-version":[{"id":31394,"href":"https:\/\/soymigrante.com\/revista\/wp-json\/wp\/v2\/posts\/28332\/revisions\/31394"}],"wp:featuredmedia":[{"embeddable":true,"href":"https:\/\/soymigrante.com\/revista\/wp-json\/wp\/v2\/media\/28415"}],"wp:attachment":[{"href":"https:\/\/soymigrante.com\/revista\/wp-json\/wp\/v2\/media?parent=28332"}],"wp:term":[{"taxonomy":"category","embeddable":true,"href":"https:\/\/soymigrante.com\/revista\/wp-json\/wp\/v2\/categories?post=28332"},{"taxonomy":"post_tag","embeddable":true,"href":"https:\/\/soymigrante.com\/revista\/wp-json\/wp\/v2\/tags?post=28332"}],"curies":[{"name":"wp","href":"https:\/\/api.w.org\/{rel}","templated":true}]}}