{"id":28240,"date":"2026-02-12T16:46:13","date_gmt":"2026-02-12T22:46:13","guid":{"rendered":"https:\/\/soymigrante.com\/revista\/?p=28240"},"modified":"2026-02-16T18:58:57","modified_gmt":"2026-02-17T00:58:57","slug":"la-marimba-de-tecomates-maravilla-sonora-ancestral-esta-en-peligro","status":"publish","type":"post","link":"https:\/\/soymigrante.com\/revista\/la-marimba-de-tecomates-maravilla-sonora-ancestral-esta-en-peligro\/","title":{"rendered":"Mark Lux lucha por mantener viva la Marimba de Tecomates, tesoro ancestral"},"content":{"rendered":"\t\t<div data-elementor-type=\"wp-post\" data-elementor-id=\"28240\" class=\"elementor elementor-28240\" data-elementor-post-type=\"post\">\n\t\t\t\t<div data-particle_enable=\"false\" data-particle-mobile-disabled=\"false\" class=\"elementor-element elementor-element-82c549e e-flex e-con-boxed e-con e-parent\" data-id=\"82c549e\" data-element_type=\"container\" data-e-type=\"container\">\n\t\t\t\t\t<div class=\"e-con-inner\">\n\t\t\t\t<div class=\"elementor-element elementor-element-0759607 elementor-widget elementor-widget-heading\" data-id=\"0759607\" data-element_type=\"widget\" data-e-type=\"widget\" data-widget_type=\"heading.default\">\n\t\t\t\t\t<h2 class=\"elementor-heading-title elementor-size-default\">La Marimba de Tecomates acompa\u00f1a festejos tradicionales en Chichicastenango. Su teclado produce melod\u00edas que se heredan de generaci\u00f3n en generaci\u00f3n. Pero \u00bfest\u00e1 el riesgo este instrumento? El marimbista k'iche Mark Lux de Chichicastenango impulsa este tesoro ancestral que a\u00fan sigue sonando. <\/h2>\t\t\t\t<\/div>\n\t\t\t\t<div class=\"elementor-element elementor-element-578b696 elementor-widget elementor-widget-html\" data-id=\"578b696\" data-element_type=\"widget\" data-e-type=\"widget\" data-widget_type=\"html.default\">\n\t\t\t\t\t<div id=\"buzzsprout-player-18696585\"><\/div><script src=\"https:\/\/www.buzzsprout.com\/2444168\/episodes\/18696585-salvar-la-marimba-de-tecomates-el-ideal-de-mark-lux.js?container_id=buzzsprout-player-18696585&player=small\" type=\"text\/javascript\" charset=\"utf-8\"><\/script>\t\t\t\t<\/div>\n\t\t\t\t\t<\/div>\n\t\t\t\t<\/div>\n\t\t<div data-particle_enable=\"false\" data-particle-mobile-disabled=\"false\" class=\"elementor-element elementor-element-a5b0c8b e-flex e-con-boxed e-con e-parent\" data-id=\"a5b0c8b\" data-element_type=\"container\" data-e-type=\"container\">\n\t\t\t\t\t<div class=\"e-con-inner\">\n\t\t\t\t<div class=\"elementor-element elementor-element-f61a7ed elementor-widget elementor-widget-text-editor\" data-id=\"f61a7ed\" data-element_type=\"widget\" data-e-type=\"widget\" data-widget_type=\"text-editor.default\">\n\t\t\t\t\t\t\t\t\t<p><span style=\"text-align: var(--text-align);\">Hasta 12 horas puede durar una ceremonia maya k&#8217;iche y durante ese tiempo la marimba de tecomates sigue sonando porque sus melod\u00edas &#8220;alimentan el alma y traen de vuelta el esp\u00edritu de los ancestros&#8221;, dice Mark Lux Xiloj, maya k&#8217;iche&#8217; int\u00e9rprete y guardi\u00e1n de dicho instrumento en Chichicastenango, Quich\u00e9. Esta es la marimba maya ancestral que dio origen a la marimba moderna, pero que tiene su propio sonido y tradici\u00f3n.<\/span><\/p><p><span style=\"text-align: var(--text-align);\">&#8220;La marimba de tecomates est\u00e1 presente en las actividades de las cofrad\u00edas de santos patronos, tambi\u00e9n en ceremonias en Gumarcaaj o con el Pascual Abaj, en las monta\u00f1as, tambi\u00e9n en eventos como la cosecha de maiz, en bailes y en actos sociales, religiosos&#8221;, agrega Lux Xiloj, quien ha recorrido las 92 comunidades de Chichicastenango y tambi\u00e9n otros departamentos del pa\u00eds interpretando este instrumento, cuyo teclado es simple y cuyas cajas de resonancia son j\u00edcaras, pero no cualesquiera j\u00edcaras: deben ser tecomates&#8221;.\u00a0<\/span><\/p><p><span style=\"text-align: var(--text-align);\">\u00bfEst\u00e1 en peligro? La respuesta es s\u00ed por la dificultad para encontrar tecomates de repuesto o para fabricar nuevas marimbas, pero tambi\u00e9n porque el registro de melod\u00edas no est\u00e1 por escrito, sino solo de generaci\u00f3n en generaci\u00f3n.<\/span><\/p><p><span style=\"text-align: var(--text-align);\">Sobre eso y m\u00e1s, Mark Lux explica.<\/span><\/p>\t\t\t\t\t\t\t\t<\/div>\n\t\t\t\t\t<\/div>\n\t\t\t\t<\/div>\n\t\t<div data-particle_enable=\"false\" data-particle-mobile-disabled=\"false\" class=\"elementor-element elementor-element-1e9e6e5 e-flex e-con-boxed e-con e-parent\" data-id=\"1e9e6e5\" data-element_type=\"container\" data-e-type=\"container\">\n\t\t\t\t\t<div class=\"e-con-inner\">\n\t\t\t\t<div class=\"elementor-element elementor-element-8648d22 elementor-widget elementor-widget-image\" data-id=\"8648d22\" data-element_type=\"widget\" data-e-type=\"widget\" data-widget_type=\"image.default\">\n\t\t\t\t\t\t\t\t\t\t\t\t<figure class=\"wp-caption\">\n\t\t\t\t\t\t\t\t\t\t<img fetchpriority=\"high\" decoding=\"async\" width=\"1024\" height=\"890\" src=\"https:\/\/soymigrante.com\/revista\/wp-content\/uploads\/2025\/03\/Mark-Lux-marimba-de-tecomates-4-1024x890.jpg\" class=\"attachment-large size-large wp-image-28284\" alt=\"Artesano ind\u00edgena tocando xil\u00f3fono tradicional, cultura y m\u00fasica originaria en M\u00e9xico, en evento comunitario, preservando las ra\u00edces culturales.\" srcset=\"https:\/\/soymigrante.com\/revista\/wp-content\/uploads\/2025\/03\/Mark-Lux-marimba-de-tecomates-4-1024x890.jpg 1024w, https:\/\/soymigrante.com\/revista\/wp-content\/uploads\/2025\/03\/Mark-Lux-marimba-de-tecomates-4-300x261.jpg 300w, https:\/\/soymigrante.com\/revista\/wp-content\/uploads\/2025\/03\/Mark-Lux-marimba-de-tecomates-4-768x668.jpg 768w, https:\/\/soymigrante.com\/revista\/wp-content\/uploads\/2025\/03\/Mark-Lux-marimba-de-tecomates-4-1536x1335.jpg 1536w, https:\/\/soymigrante.com\/revista\/wp-content\/uploads\/2025\/03\/Mark-Lux-marimba-de-tecomates-4-750x652.webp 750w, https:\/\/soymigrante.com\/revista\/wp-content\/uploads\/2025\/03\/Mark-Lux-marimba-de-tecomates-4-1140x991.webp 1140w, https:\/\/soymigrante.com\/revista\/wp-content\/uploads\/2025\/03\/Mark-Lux-marimba-de-tecomates-4.webp 1920w\" sizes=\"(max-width: 1024px) 100vw, 1024px\" title=\"Mark Lux aprendi\u00f3 a tocar la marimba de tecomates con un alcalde ind\u00edgena y l\u00edder espiritual quien falleci\u00f3 pero le encomend\u00f3 proseguir esta tradici\u00f3n sonora maya. \u2013 SoyMigrante.com REVISTA\" \/>\t\t\t\t\t\t\t\t\t\t\t<figcaption class=\"widget-image-caption wp-caption-text\">Fotograf\u00eda de un artesano ind\u00edgena tocando xil\u00f3fono en un evento cultural, representando la riqueza de las tradiciones mexicanas y el mestizaje cultural.<\/figcaption>\n\t\t\t\t\t\t\t\t\t\t<\/figure>\n\t\t\t\t\t\t\t\t\t<\/div>\n\t\t\t\t\t<\/div>\n\t\t\t\t<\/div>\n\t\t<div data-particle_enable=\"false\" data-particle-mobile-disabled=\"false\" class=\"elementor-element elementor-element-0f10706 e-flex e-con-boxed e-con e-parent\" data-id=\"0f10706\" data-element_type=\"container\" data-e-type=\"container\">\n\t\t\t\t\t<div class=\"e-con-inner\">\n\t\t\t\t<div class=\"elementor-element elementor-element-a752fb4 elementor-widget elementor-widget-text-editor\" data-id=\"a752fb4\" data-element_type=\"widget\" data-e-type=\"widget\" data-widget_type=\"text-editor.default\">\n\t\t\t\t\t\t\t\t\t<p><span style=\"text-align: var(--text-align); color: var( --e-global-color-text );\"><b>\u00bfCu\u00e1nto tiempo lleva interpretando la Marimba de Tecomates?<\/b><\/span><\/p><p>La Marimba de Tecomates de Mark Lux empez\u00f3 en 2015. O sea ya son 10 a\u00f1os de ir tocando el instrumento ancestral por las comunidades. Tambi\u00e9n soy gu\u00eda espiritual maya, particip\u00f3 en m\u00faltiples actividades de nuestro municipio: cofrad\u00edas, ferias, ceremonias religiosas.\u00a0 Tambi\u00e9n tocamos el tampor y la chirim\u00eda<span style=\"color: var( --e-global-color-text ); text-align: var(--text-align);\">.<\/span><\/p><p><b>\u00bfC\u00f3mo aprendi\u00f3 a tocar la marimba de tecomates?<\/b><\/p><p><span style=\"color: var( --e-global-color-text ); text-align: var(--text-align);\">Empec\u00e9 a participar en 2012 como Cofrade, en la cofrad\u00eda de la Virgen de Dolores y de la Santa Cruz, en septiembre.\u00a0 Mi maestro fue Jos\u00e9 Ajanel, tambi\u00e9n anciano, alcalde ind\u00edgena y gu\u00eda espiritual de gran sabidur\u00eda que toc\u00f3 la marimba por 48 a\u00f1os.<\/span><span style=\"color: var( --e-global-color-text ); text-align: var(--text-align);\">\u00a0 Me animaba a aprender\u00a0 a tocar y me ense\u00f1aba en sus d\u00edas de descanso. Fue mi maestro y mi amigo.\u00a0<\/span><\/p><p><span style=\"color: var( --e-global-color-text ); text-align: var(--text-align);\">Por ser un instrumento solista, la marimba de Tecomates, se toca con una mano la armon\u00eda y con otra la melod\u00eda. Durante siete a\u00f1os practiqu\u00e9.<\/span><\/p>\t\t\t\t\t\t\t\t<\/div>\n\t\t\t\t\t<\/div>\n\t\t\t\t<\/div>\n\t\t<div data-particle_enable=\"false\" data-particle-mobile-disabled=\"false\" class=\"elementor-element elementor-element-fb176ae e-flex e-con-boxed e-con e-parent\" data-id=\"fb176ae\" data-element_type=\"container\" data-e-type=\"container\">\n\t\t\t\t\t<div class=\"e-con-inner\">\n\t\t\t\t<div class=\"elementor-element elementor-element-4f9ac1e elementor-arrows-position-inside elementor-pagination-position-outside elementor-widget elementor-widget-image-carousel\" data-id=\"4f9ac1e\" data-element_type=\"widget\" data-e-type=\"widget\" data-settings=\"{&quot;slides_to_show&quot;:&quot;1&quot;,&quot;navigation&quot;:&quot;both&quot;,&quot;autoplay&quot;:&quot;yes&quot;,&quot;pause_on_hover&quot;:&quot;yes&quot;,&quot;pause_on_interaction&quot;:&quot;yes&quot;,&quot;autoplay_speed&quot;:5000,&quot;infinite&quot;:&quot;yes&quot;,&quot;effect&quot;:&quot;slide&quot;,&quot;speed&quot;:500}\" data-widget_type=\"image-carousel.default\">\n\t\t\t\t\t\t\t<div class=\"elementor-image-carousel-wrapper swiper\" role=\"region\" aria-roledescription=\"carousel\" aria-label=\"Carrusel de im\u00e1genes\" dir=\"ltr\">\n\t\t\t<div class=\"elementor-image-carousel swiper-wrapper\" aria-live=\"off\">\n\t\t\t\t\t\t\t\t<div class=\"swiper-slide\" role=\"group\" aria-roledescription=\"slide\" aria-label=\"1 de 7\"><figure class=\"swiper-slide-inner\"><img decoding=\"async\" class=\"swiper-slide-image\" src=\"https:\/\/soymigrante.com\/revista\/wp-content\/uploads\/2025\/03\/Mark-Lux-marimba-de-tecomates-8-771x1024.jpg\" alt=\"Colorido desfile tradicional con bailarines y m\u00e1scaras en celebraci\u00f3n cultural, promoviendo la diversidad y las expresiones culturales en M\u00e9xico.\" \/><figcaption class=\"elementor-image-carousel-caption\">Desfile cultural con m\u00e1scaras y bailes tradicionales, muestra de la riqueza de las expresiones culturales mexicanas en una comunidad ind\u00edgena.<\/figcaption><\/figure><\/div><div class=\"swiper-slide\" role=\"group\" aria-roledescription=\"slide\" aria-label=\"2 de 7\"><figure class=\"swiper-slide-inner\"><img decoding=\"async\" class=\"swiper-slide-image\" src=\"https:\/\/soymigrante.com\/revista\/wp-content\/uploads\/2025\/03\/Mark-Lux-marimba-de-tecomates-9-771x1024.jpg\" alt=\"Rocas volc\u00e1nicas en un entorno natural, s\u00edmbolo de patrimonio cultural y geol\u00f3gico, con elementos de cer\u00e1mica y fuego en un contexto que refleja tradiciones ancestrales y migratorias en M\u00e9xico.\" \/><figcaption class=\"elementor-image-carousel-caption\">Antena de piedra volc\u00e1nica en un paisaje natural, resaltando el patrimonio cultural y geol\u00f3gico de M\u00e9xico, con elementos tradicionales que representan migraci\u00f3n y ra\u00edces culturales en una escena inspiradora.<\/figcaption><\/figure><\/div><div class=\"swiper-slide\" role=\"group\" aria-roledescription=\"slide\" aria-label=\"3 de 7\"><figure class=\"swiper-slide-inner\"><img decoding=\"async\" class=\"swiper-slide-image\" src=\"https:\/\/soymigrante.com\/revista\/wp-content\/uploads\/2025\/03\/Mark-Lux-marimba-de-tecomates-7-771x1024.jpg\" alt=\"Palacio colonial en Puerto Lim\u00f3n, Costa Rica, con banderas, palmeras y visitantes disfrutando del turismo cultural y la historia en la revista SoyMigrante.com.\" \/><figcaption class=\"elementor-image-carousel-caption\">Im\u00e1genes de arquitectura hist\u00f3rica, comunidad y turismo en Costa Rica, resaltando la cultura y patrimonio en la Revista SoyMigrante.<\/figcaption><\/figure><\/div><div class=\"swiper-slide\" role=\"group\" aria-roledescription=\"slide\" aria-label=\"4 de 7\"><figure class=\"swiper-slide-inner\"><img decoding=\"async\" class=\"swiper-slide-image\" src=\"https:\/\/soymigrante.com\/revista\/wp-content\/uploads\/2025\/03\/Mark-Lux-marimba-de-tecomates-10-771x1024.jpg\" alt=\"Cacharros y mochilas sobre una mesa de madera en un entorno natural con personas en segundo plano, en un \u00e1rea de camping o recreativa en un entorno rural.\" \/><figcaption class=\"elementor-image-carousel-caption\">Escena de convivencia y actividades culturales en un espacio natural, resaltando la importancia del turismo receptivo y experiencias aut\u00f3ctonas para migrantes y turistas.<\/figcaption><\/figure><\/div><div class=\"swiper-slide\" role=\"group\" aria-roledescription=\"slide\" aria-label=\"5 de 7\"><figure class=\"swiper-slide-inner\"><img decoding=\"async\" class=\"swiper-slide-image\" src=\"https:\/\/soymigrante.com\/revista\/wp-content\/uploads\/2025\/03\/Mark-Lux-marimba-de-tecomates-11-771x1024.jpg\" alt=\"Celebraci\u00f3n tradicional ind\u00edgena mexicana en un ambiente colorido con flores y decoraciones de papel picado, durante una ceremonia espiritual con participaci\u00f3n comunitaria.\" \/><figcaption class=\"elementor-image-carousel-caption\">Celebraci\u00f3n cultural ind\u00edgena en M\u00e9xico con ofrenda, m\u00fasica y rituales tradicionales en un ambiente colorido y festivo.<\/figcaption><\/figure><\/div><div class=\"swiper-slide\" role=\"group\" aria-roledescription=\"slide\" aria-label=\"6 de 7\"><figure class=\"swiper-slide-inner\"><img decoding=\"async\" class=\"swiper-slide-image\" src=\"https:\/\/soymigrante.com\/revista\/wp-content\/uploads\/2025\/03\/Mark-Lux-marimba-de-tecomates-15-768x1024.jpg\" alt=\"Tambores y m\u00fasicos tradicionales en un entorno festivo, destacando la cultura y folclore latinoamericano para art\u00edculos sobre tradiciones y expresiones culturales.\" \/><figcaption class=\"elementor-image-carousel-caption\">El tun y la Chirim\u00eda, a veces tambi\u00e9n el Tzijolaj, acompa\u00f1an el sonido de la marimba de Tecomates, cuenta Lux. (Fotograf\u00eda Mark Lux)<\/figcaption><\/figure><\/div><div class=\"swiper-slide\" role=\"group\" aria-roledescription=\"slide\" aria-label=\"7 de 7\"><figure class=\"swiper-slide-inner\"><img decoding=\"async\" class=\"swiper-slide-image\" src=\"https:\/\/soymigrante.com\/revista\/wp-content\/uploads\/2025\/03\/Mark-Lux-marimba-de-tecomates-16-771x1024.jpg\" alt=\"Iglesia colonial en Quetzaltenango, Guatemala, iluminada al atardecer, con pasos de piedra y ambiente tranquilo, representando la cultura y arquitectura tradicional en un contexto de migrantes.\" \/><figcaption class=\"elementor-image-carousel-caption\">Im\u00e1genes de la iglesia hist\u00f3rica en un atardecer en M\u00e9xico, resaltando cultura y patrimonio en contexto de migrantes y comunidad.<\/figcaption><\/figure><\/div>\t\t\t<\/div>\n\t\t\t\t\t\t\t\t\t\t\t\t<div class=\"elementor-swiper-button elementor-swiper-button-prev\" role=\"button\" tabindex=\"0\">\n\t\t\t\t\t\t<i aria-hidden=\"true\" class=\"eicon-chevron-left\"><\/i>\t\t\t\t\t<\/div>\n\t\t\t\t\t<div class=\"elementor-swiper-button elementor-swiper-button-next\" role=\"button\" tabindex=\"0\">\n\t\t\t\t\t\t<i aria-hidden=\"true\" class=\"eicon-chevron-right\"><\/i>\t\t\t\t\t<\/div>\n\t\t\t\t\n\t\t\t\t\t\t\t\t\t<div class=\"swiper-pagination\"><\/div>\n\t\t\t\t\t\t\t\t\t<\/div>\n\t\t\t\t\t\t<\/div>\n\t\t\t\t\t<\/div>\n\t\t\t\t<\/div>\n\t\t<div data-particle_enable=\"false\" data-particle-mobile-disabled=\"false\" class=\"elementor-element elementor-element-ed64cf3 e-flex e-con-boxed e-con e-parent\" data-id=\"ed64cf3\" data-element_type=\"container\" data-e-type=\"container\">\n\t\t\t\t\t<div class=\"e-con-inner\">\n\t\t\t\t<div class=\"elementor-element elementor-element-6218e65 elementor-widget elementor-widget-text-editor\" data-id=\"6218e65\" data-element_type=\"widget\" data-e-type=\"widget\" data-widget_type=\"text-editor.default\">\n\t\t\t\t\t\t\t\t\t<p><span style=\"color: var( --e-global-color-text ); text-align: var(--text-align);\"><b>\u00bfEn qu\u00e9 eventos figura la Marimba de Tecomates?<\/b><\/span><\/p>\n<p><span style=\"color: var( --e-global-color-text ); text-align: var(--text-align);\">La interpretaci\u00f3n de la Marimba de Tecomates no solo necesita de saber interpretar sino tambi\u00e9n de resistencia. con esta marimba, las jornadas son largas: hay ceremonias o eventos comunitarios que empiezan a las 5 de la ma\u00f1ana y terminan a las 5 de la tarde, y a veces m\u00e1s horas, durante tres o cuatro d\u00edas. Participamos en fiestas patronales, tambi\u00e9n en ceremonias, actos sociales, cumplea\u00f1os, tambi\u00e9n velorios. festejos del pueblo, para la cosecha o la tapizca del ma\u00edz se toca mientras los otros cosechan&#8221;.<\/span><\/p>\n<p><span style=\"color: var( --e-global-color-text ); text-align: var(--text-align);\"><b>\u00bfCu\u00e1ntas personas saben tocar la Marimba de Tecomates?<\/b><\/span><\/p>\n<p><span style=\"color: var( --e-global-color-text ); text-align: var(--text-align);\">Actualmente habemos 7 personas que nos dedicamos a esto, a la Marimba de Tecomates. EStamos motivando&nbsp;<\/span><span style=\"color: var( --e-global-color-text ); text-align: var(--text-align);\">a m\u00e1s jovenes que se interesen por el instrumento.&nbsp; Chichicastenango es el \u00fanico municipio en donde la marimba ancestral tiene participaci\u00f3n fuerte junto a la chirim\u00eda, la flauta en eventos durante todo el a\u00f1o. Hemos tenido la oportunidad de llevar la Marimba de Tecomates a Mixco, Antigua, Quetzaltenango, la Capital y San Jos\u00e9 Pinula, as\u00ed como en muchas de las 92 comunidades de Chichicastenango.&nbsp;<\/span><\/p>\t\t\t\t\t\t\t\t<\/div>\n\t\t\t\t\t<\/div>\n\t\t\t\t<\/div>\n\t\t<div data-particle_enable=\"false\" data-particle-mobile-disabled=\"false\" class=\"elementor-element elementor-element-0e0a15b e-flex e-con-boxed e-con e-parent\" data-id=\"0e0a15b\" data-element_type=\"container\" data-e-type=\"container\">\n\t\t\t\t\t<div class=\"e-con-inner\">\n\t\t\t\t<div class=\"elementor-element elementor-element-ea897fa elementor-widget elementor-widget-heading\" data-id=\"ea897fa\" data-element_type=\"widget\" data-e-type=\"widget\" data-widget_type=\"heading.default\">\n\t\t\t\t\t<h4 class=\"elementor-heading-title elementor-size-default\">La cosecha de ma\u00edz se efect\u00faa con marimba de tecomates de fondo<\/h4>\t\t\t\t<\/div>\n\t\t\t\t\t<\/div>\n\t\t\t\t<\/div>\n\t\t<div data-particle_enable=\"false\" data-particle-mobile-disabled=\"false\" class=\"elementor-element elementor-element-ec0aa21 e-flex e-con-boxed e-con e-parent\" data-id=\"ec0aa21\" data-element_type=\"container\" data-e-type=\"container\">\n\t\t\t\t\t<div class=\"e-con-inner\">\n\t\t\t\t<div class=\"elementor-element elementor-element-a7da3fa elementor-widget elementor-widget-video\" data-id=\"a7da3fa\" data-element_type=\"widget\" data-e-type=\"widget\" data-settings=\"{&quot;youtube_url&quot;:&quot;https:\\\/\\\/www.youtube.com\\\/watch?v=10Y_tQPVXm8&quot;,&quot;video_type&quot;:&quot;youtube&quot;,&quot;controls&quot;:&quot;yes&quot;}\" data-widget_type=\"video.default\">\n\t\t\t\t\t\t\t<div class=\"elementor-wrapper elementor-open-inline\">\n\t\t\t<div class=\"elementor-video\"><\/div>\t\t<\/div>\n\t\t\t\t\t\t<\/div>\n\t\t\t\t\t<\/div>\n\t\t\t\t<\/div>\n\t\t<div data-particle_enable=\"false\" data-particle-mobile-disabled=\"false\" class=\"elementor-element elementor-element-9664fd2 e-flex e-con-boxed e-con e-parent\" data-id=\"9664fd2\" data-element_type=\"container\" data-e-type=\"container\">\n\t\t\t\t\t<div class=\"e-con-inner\">\n\t\t\t\t<div class=\"elementor-element elementor-element-7293254 elementor-widget elementor-widget-text-editor\" data-id=\"7293254\" data-element_type=\"widget\" data-e-type=\"widget\" data-widget_type=\"text-editor.default\">\n\t\t\t\t\t\t\t\t\t<p><span style=\"color: var( --e-global-color-text ); text-align: var(--text-align);\"><b>\u00bfEst\u00e1 en peligro la Marimba de Tecomates?<\/b><\/span><\/p><p><span style=\"color: var( --e-global-color-text ); text-align: var(--text-align);\">Pienso que s\u00ed, porque es un instrumento que\u00a0<\/span><span style=\"color: var( --e-global-color-text ); text-align: var(--text-align);\">requiere mucho compromiso y cuidado. No existe una escuela, ni existe un registro formal del repertorio. Tampoco existe un m\u00e9todo escrito de como mantener los tecomates en buen estado. Todo se transmite por ense\u00f1anza ancestral, de ancianos a j\u00f3venes.<\/span><\/p><p><span style=\"color: var( --e-global-color-text ); text-align: var(--text-align);\">Por ejemplo, hay que saber\u00a0<\/span><span style=\"color: var( --e-global-color-text ); text-align: var(--text-align);\">curar los tecoates con cera de abeja para que no se vuelvan polvo ni se piquen. En el montaje de la Marimba de Tecomates no se usan herramientas el\u00e9ctricas ni martilos ni clavos.<\/span><\/p><p><span style=\"color: var( --e-global-color-text ); text-align: var(--text-align);\">Tambi\u00e9n se hace cada vez m\u00e1s dif\u00edcil hallar los tecomates. La planta donde crecen es de tierra c\u00e1lida. Antes se usaban mucho como palanganas y recipientes de agua, pero hoy debido a los pl\u00e1sticos ya no se emplean. Adem\u00e1s se necesitan de tama\u00f1o largo para que funcionen como resonadores, pero cuesta hallar del largo, anchoy profundidad correctos. Es dif\u00edcil encontrarlos para sustituir alguno que se da\u00f1e en la marimba y m\u00e1s a\u00fan para fabricar una.<\/span><\/p>\t\t\t\t\t\t\t\t<\/div>\n\t\t\t\t\t<\/div>\n\t\t\t\t<\/div>\n\t\t<div data-particle_enable=\"false\" data-particle-mobile-disabled=\"false\" class=\"elementor-element elementor-element-0017d95 e-flex e-con-boxed e-con e-parent\" data-id=\"0017d95\" data-element_type=\"container\" data-e-type=\"container\">\n\t\t\t\t\t<div class=\"e-con-inner\">\n\t\t\t\t<div class=\"elementor-element elementor-element-5103002 elementor-widget elementor-widget-facebook-page\" data-id=\"5103002\" data-element_type=\"widget\" data-e-type=\"widget\" data-widget_type=\"facebook-page.default\">\n\t\t\t\t\t<div class=\"elementor-facebook-widget fb-page\" data-href=\"https:\/\/www.facebook.com\/marimbadetecomatesMarckLux\" data-tabs=\"timeline\" data-height=\"500px\" data-width=\"500px\" data-small-header=\"false\" data-hide-cover=\"false\" data-show-facepile=\"true\" data-hide-cta=\"false\" style=\"min-height: 1px;height:500px\"><\/div>\t\t\t\t<\/div>\n\t\t\t\t\t<\/div>\n\t\t\t\t<\/div>\n\t\t<div data-particle_enable=\"false\" data-particle-mobile-disabled=\"false\" class=\"elementor-element elementor-element-5085bbf e-flex e-con-boxed e-con e-parent\" data-id=\"5085bbf\" data-element_type=\"container\" data-e-type=\"container\">\n\t\t\t\t\t<div class=\"e-con-inner\">\n\t\t\t\t<div class=\"elementor-element elementor-element-9e7acce elementor-widget elementor-widget-text-editor\" data-id=\"9e7acce\" data-element_type=\"widget\" data-e-type=\"widget\" data-widget_type=\"text-editor.default\">\n\t\t\t\t\t\t\t\t\t<p><span style=\"color: var( --e-global-color-text ); text-align: var(--text-align);\"><b>\u00bfEn d\u00f3nde consiguen los tecomates?<\/b><\/span><\/p><p><span style=\"color: var( --e-global-color-text ); text-align: var(--text-align);\">Son de tierra caliente, pero las plantaciones ya se han perdido. Tratamos de cultivarlo en Chichicastenango pero por el clima nos dio tecomates muy peque\u00f1os.\u00a0 Se necesita cultivarlos para que la Marimba de Tecomates tenga nuevos instrumentos y para reparar los que existen. La planta se parece a la del pashte o el ayote.<\/span><\/p><p><span style=\"color: var( --e-global-color-text ); text-align: var(--text-align);\"><strong>\u00bfY existe un registro o archivo de las melod\u00edas que se interpreta?<\/strong><br \/>Es de memoria, ense\u00f1ado con el ejemplo por los ancianos.\u00a0 Algunos han tratado de grabar pero solo se ha hecho con algunas piezas. El repertorio de melod\u00edas s\u00ed est\u00e1 en peligro porque no hay un registro grabado y alguas tienen un uso especial solo en ciertas ocasiones.\u00a0 Es decir son \u00fanicas.<\/span><\/p><p><span style=\"color: var( --e-global-color-text ); text-align: var(--text-align);\">Hemos tratado de grabar algunas piezas en digital, pero no hay partituras. Existen unas 60 piezas u obras, algunas de las cuales tienen m\u00e1s de 200 a\u00f1os de antig\u00fcedad seg\u00fan los abuelos, pero cuando alguno de ellos muere sin ense\u00f1arla&#8230; se pierde.\u00a0 Por eso he tratado de registrarla en transnmisiones en vivo o en videos en Youtube, como el de La Tapisca, para que sobrevivan por m\u00e1s tiempo.<\/span><\/p>\t\t\t\t\t\t\t\t<\/div>\n\t\t\t\t\t<\/div>\n\t\t\t\t<\/div>\n\t\t<div data-particle_enable=\"false\" data-particle-mobile-disabled=\"false\" class=\"elementor-element elementor-element-025494b e-flex e-con-boxed e-con e-parent\" data-id=\"025494b\" data-element_type=\"container\" data-e-type=\"container\">\n\t\t\t\t\t<div class=\"e-con-inner\">\n\t\t\t\t<div class=\"elementor-element elementor-element-dd923f4 elementor-widget elementor-widget-heading\" data-id=\"dd923f4\" data-element_type=\"widget\" data-e-type=\"widget\" data-widget_type=\"heading.default\">\n\t\t\t\t\t<h4 class=\"elementor-heading-title elementor-size-default\">Escucha m\u00e1s melod\u00edas maravillosas con la Marimba de Tecomates de Mark Lux, de Chichicastenango<\/h4>\t\t\t\t<\/div>\n\t\t\t\t\t<\/div>\n\t\t\t\t<\/div>\n\t\t<div data-particle_enable=\"false\" data-particle-mobile-disabled=\"false\" class=\"elementor-element elementor-element-866fae1 e-flex e-con-boxed e-con e-parent\" data-id=\"866fae1\" data-element_type=\"container\" data-e-type=\"container\">\n\t\t\t\t\t<div class=\"e-con-inner\">\n\t\t\t\t<div class=\"elementor-element elementor-element-0452856 elementor-widget elementor-widget-video\" data-id=\"0452856\" data-element_type=\"widget\" data-e-type=\"widget\" data-settings=\"{&quot;youtube_url&quot;:&quot;https:\\\/\\\/www.youtube.com\\\/watch?v=nTc7d7A4KYA&quot;,&quot;video_type&quot;:&quot;youtube&quot;,&quot;controls&quot;:&quot;yes&quot;}\" data-widget_type=\"video.default\">\n\t\t\t\t\t\t\t<div class=\"elementor-wrapper elementor-open-inline\">\n\t\t\t<div class=\"elementor-video\"><\/div>\t\t<\/div>\n\t\t\t\t\t\t<\/div>\n\t\t\t\t\t<\/div>\n\t\t\t\t<\/div>\n\t\t<div data-particle_enable=\"false\" data-particle-mobile-disabled=\"false\" class=\"elementor-element elementor-element-7acdd1e e-flex e-con-boxed e-con e-parent\" data-id=\"7acdd1e\" data-element_type=\"container\" data-e-type=\"container\">\n\t\t\t\t\t<div class=\"e-con-inner\">\n\t\t\t\t<div class=\"elementor-element elementor-element-7f4fb74 elementor-widget elementor-widget-heading\" data-id=\"7f4fb74\" data-element_type=\"widget\" data-e-type=\"widget\" data-widget_type=\"heading.default\">\n\t\t\t\t\t<h2 class=\"elementor-heading-title elementor-size-default\">M\u00e1s sobre la marimba<\/h2>\t\t\t\t<\/div>\n\t\t\t\t\t<\/div>\n\t\t\t\t<\/div>\n\t\t<div data-particle_enable=\"false\" data-particle-mobile-disabled=\"false\" class=\"elementor-element elementor-element-f12ff4a e-flex e-con-boxed e-con e-parent\" data-id=\"f12ff4a\" data-element_type=\"container\" data-e-type=\"container\">\n\t\t\t\t\t<div class=\"e-con-inner\">\n\t\t\t\t<div class=\"elementor-element elementor-element-06af697 elementor-grid-eael-col-3 elementor-grid-tablet-eael-col-2 elementor-grid-mobile-eael-col-1 elementor-widget elementor-widget-eael-post-grid\" data-id=\"06af697\" data-element_type=\"widget\" data-e-type=\"widget\" data-settings=\"{&quot;eael_post_grid_columns&quot;:&quot;eael-col-3&quot;,&quot;eael_post_grid_columns_tablet&quot;:&quot;eael-col-2&quot;,&quot;eael_post_grid_columns_mobile&quot;:&quot;eael-col-1&quot;}\" data-widget_type=\"eael-post-grid.default\">\n\t\t\t\t\t<div id=\"eael-post-grid-06af697\" class=\"eael-post-grid-container\">\n            <div class=\"eael-post-grid eael-post-appender eael-post-appender-06af697 eael-post-grid-style-one\" data-layout-mode=\"masonry\"><article class=\"eael-grid-post  eael-post-grid-column eael-pg-post-6774 category-arte-cultura-guate-nuestra\" data-id=\"6774\">\n        <div class=\"eael-grid-post-holder\">\n            <div class=\"eael-grid-post-holder-inner\"><div class=\"eael-entry-media\"><div class=\"eael-entry-overlay fade-in\"><i class=\"far fa-hand-pointer\" aria-hidden=\"true\"><\/i><a href=\"https:\/\/soymigrante.com\/revista\/cuando-llego-la-primera-marimba-guatemalteca-migrante-a-usa\/\"><\/a><\/div><div class=\"eael-entry-thumbnail \">\n                <img decoding=\"async\" width=\"622\" height=\"617\" src=\"https:\/\/soymigrante.com\/revista\/wp-content\/uploads\/2024\/05\/Captura-de-pantalla-2024-05-31-173324.webp\" class=\"attachment-large size-large wp-image-6775\" alt=\"Retrato de m\u00fasicos mexicanos en uniforme formal tocando instrumentos tradicionales en un evento hist\u00f3rico, representando la cultura y el talento art\u00edstico en M\u00e9xico.\" srcset=\"https:\/\/soymigrante.com\/revista\/wp-content\/uploads\/2024\/05\/Captura-de-pantalla-2024-05-31-173324.webp 622w, https:\/\/soymigrante.com\/revista\/wp-content\/uploads\/2024\/05\/Captura-de-pantalla-2024-05-31-173324-300x298.webp 300w, https:\/\/soymigrante.com\/revista\/wp-content\/uploads\/2024\/05\/Captura-de-pantalla-2024-05-31-173324-150x150.webp 150w, https:\/\/soymigrante.com\/revista\/wp-content\/uploads\/2024\/05\/Captura-de-pantalla-2024-05-31-173324-75x75.webp 75w\" sizes=\"(max-width: 622px) 100vw, 622px\" \/>\n            <\/div>\n        <\/div><div class=\"eael-entry-wrapper\"><header class=\"eael-entry-header\"><h2 class=\"eael-entry-title\"><a class=\"eael-grid-post-link\" href=\"https:\/\/soymigrante.com\/revista\/cuando-llego-la-primera-marimba-guatemalteca-migrante-a-usa\/\" title=\"\u00bfCu\u00e1ndo lleg\u00f3 la primera marimba guatemalteca migrante a Estados Unidos?\">\u00bfCu\u00e1ndo lleg\u00f3 la primera marimba guatemalteca migrante a Estados Unidos?<\/a><\/h2><\/header><div class=\"eael-entry-content\">\n                        <div class=\"eael-grid-post-excerpt\"><a href=\"https:\/\/soymigrante.com\/revista\/cuando-llego-la-primera-marimba-guatemalteca-migrante-a-usa\/\" class=\"eael-post-elements-readmore-btn\">CONOCE SU HISTORIA <\/a><\/div>\n                    <\/div><\/div><\/div>\n        <\/div>\n    <\/article><article class=\"eael-grid-post  eael-post-grid-column eael-pg-post-4978 category-guate-nuestra-simbolos-patrios-guate-nuestra\" data-id=\"4978\">\n        <div class=\"eael-grid-post-holder\">\n            <div class=\"eael-grid-post-holder-inner\"><div class=\"eael-entry-media\"><div class=\"eael-entry-overlay fade-in\"><i class=\"far fa-hand-pointer\" aria-hidden=\"true\"><\/i><a href=\"https:\/\/soymigrante.com\/revista\/marimba-guatemalteca-simbolo-patrio-datos-quiza-no-sabias-o-tal-vez-si\/\"><\/a><\/div><div class=\"eael-entry-thumbnail \">\n                <img decoding=\"async\" width=\"960\" height=\"743\" src=\"https:\/\/soymigrante.com\/revista\/wp-content\/uploads\/2024\/02\/marimbero.webp\" class=\"attachment-large size-large wp-image-4979\" alt=\"Desde la innovaci\u00f3n del doble teclado, la Marimba Guatemalteca se ha expandido a todas partes del pa\u00eds e incluso del mundo, con un repertorio inmenso en todos los ritmos y adaptaciones de obras de todos los g\u00e9neros, dada su versatilidad. Fotograf\u00eda de la marimba Gaudia Cantorum dirigida por uno de tantos grandes impulsores, el arquitecto Erick Su\u00e1rez\" srcset=\"https:\/\/soymigrante.com\/revista\/wp-content\/uploads\/2024\/02\/marimbero.webp 960w, https:\/\/soymigrante.com\/revista\/wp-content\/uploads\/2024\/02\/marimbero-300x232.webp 300w, https:\/\/soymigrante.com\/revista\/wp-content\/uploads\/2024\/02\/marimbero-768x594.webp 768w, https:\/\/soymigrante.com\/revista\/wp-content\/uploads\/2024\/02\/marimbero-750x580.webp 750w\" sizes=\"(max-width: 960px) 100vw, 960px\" \/>\n            <\/div>\n        <\/div><div class=\"eael-entry-wrapper\"><header class=\"eael-entry-header\"><h2 class=\"eael-entry-title\"><a class=\"eael-grid-post-link\" href=\"https:\/\/soymigrante.com\/revista\/marimba-guatemalteca-simbolo-patrio-datos-quiza-no-sabias-o-tal-vez-si\/\" title=\"\u00bfPorqu\u00e9 se celebra el D\u00eda de la Marimba el 20 de febrero?\">\u00bfPorqu\u00e9 se celebra el D\u00eda de la Marimba el 20 de febrero?<\/a><\/h2><\/header><div class=\"eael-entry-content\">\n                        <div class=\"eael-grid-post-excerpt\"><a href=\"https:\/\/soymigrante.com\/revista\/marimba-guatemalteca-simbolo-patrio-datos-quiza-no-sabias-o-tal-vez-si\/\" class=\"eael-post-elements-readmore-btn\">CONOCE SU HISTORIA <\/a><\/div>\n                    <\/div><\/div><\/div>\n        <\/div>\n    <\/article><article class=\"eael-grid-post  eael-post-grid-column eael-pg-post-8513 category-guate-nuestra\" data-id=\"8513\">\n        <div class=\"eael-grid-post-holder\">\n            <div class=\"eael-grid-post-holder-inner\"><div class=\"eael-entry-media\"><div class=\"eael-entry-overlay fade-in\"><i class=\"far fa-hand-pointer\" aria-hidden=\"true\"><\/i><a href=\"https:\/\/soymigrante.com\/revista\/10-piezas-de-marimba-de-guatemala-para-bailar-y-recordar-tus-raices\/\"><\/a><\/div><div class=\"eael-entry-thumbnail \">\n                <img loading=\"lazy\" decoding=\"async\" width=\"960\" height=\"958\" src=\"https:\/\/soymigrante.com\/revista\/wp-content\/uploads\/2023\/12\/marimba-maya-awal.webp\" class=\"attachment-large size-large wp-image-3657\" alt=\"\" srcset=\"https:\/\/soymigrante.com\/revista\/wp-content\/uploads\/2023\/12\/marimba-maya-awal.webp 960w, https:\/\/soymigrante.com\/revista\/wp-content\/uploads\/2023\/12\/marimba-maya-awal-300x300.webp 300w, https:\/\/soymigrante.com\/revista\/wp-content\/uploads\/2023\/12\/marimba-maya-awal-150x150.webp 150w, https:\/\/soymigrante.com\/revista\/wp-content\/uploads\/2023\/12\/marimba-maya-awal-768x766.webp 768w, https:\/\/soymigrante.com\/revista\/wp-content\/uploads\/2023\/12\/marimba-maya-awal-75x75.webp 75w, https:\/\/soymigrante.com\/revista\/wp-content\/uploads\/2023\/12\/marimba-maya-awal-750x748.jpg 750w, https:\/\/soymigrante.com\/revista\/wp-content\/uploads\/2023\/12\/marimba-maya-awal-600x600.jpg 600w\" sizes=\"(max-width: 960px) 100vw, 960px\" \/>\n            <\/div>\n        <\/div><div class=\"eael-entry-wrapper\"><header class=\"eael-entry-header\"><h2 class=\"eael-entry-title\"><a class=\"eael-grid-post-link\" href=\"https:\/\/soymigrante.com\/revista\/10-piezas-de-marimba-de-guatemala-para-bailar-y-recordar-tus-raices\/\" title=\"Marimba de Guatemala: Diez melod\u00edas  que despiertan recuerdos y emociones\">Marimba de Guatemala: Diez melod\u00edas  que despiertan recuerdos y emociones<\/a><\/h2><\/header><div class=\"eael-entry-content\">\n                        <div class=\"eael-grid-post-excerpt\"><a href=\"https:\/\/soymigrante.com\/revista\/10-piezas-de-marimba-de-guatemala-para-bailar-y-recordar-tus-raices\/\" class=\"eael-post-elements-readmore-btn\">CONOCE SU HISTORIA <\/a><\/div>\n                    <\/div><\/div><\/div>\n        <\/div>\n    <\/article><\/div>\n            <div class=\"clearfix\"><\/div>\n        <\/div>\t\t\t\t<\/div>\n\t\t\t\t\t<\/div>\n\t\t\t\t<\/div>\n\t\t\t\t<\/div>\n\t\t","protected":false},"excerpt":{"rendered":"<p>La Marimba de Tecomates acompa\u00f1a festejos tradicionales en Chichicastenango. Su teclado produce melod\u00edas que se heredan de generaci\u00f3n en generaci\u00f3n. Pero \u00bfest\u00e1 el riesgo este instrumento? El marimbista k&#8217;iche Mark Lux de Chichicastenango impulsa este tesoro ancestral que a\u00fan sigue sonando. Hasta 12 horas puede durar una ceremonia maya k&#8217;iche y durante ese tiempo la [&hellip;]<\/p>\n","protected":false},"author":7,"featured_media":28269,"comment_status":"open","ping_status":"open","sticky":false,"template":"","format":"standard","meta":{"_acf_changed":false,"_eb_attr":"","footnotes":""},"categories":[91,58],"tags":[],"class_list":["post-28240","post","type-post","status-publish","format-standard","has-post-thumbnail","hentry","category-arte-cultura","category-guate-nuestra"],"acf":[],"aioseo_notices":[],"aioseo_head":"\n\t\t<!-- All in One SEO Pro 4.9.6.2 - aioseo.com -->\n\t<meta name=\"description\" content=\"El sonido de la marimba guatemalteca sencillamente \u00fanico en el mundo. Este instrumento fue considerado s\u00edmbolo patrio en 1999. Estas son 10 melod\u00edas inolvidables.\" \/>\n\t<meta name=\"robots\" content=\"max-snippet:-1, max-image-preview:large, max-video-preview:-1\" \/>\n\t<meta name=\"author\" content=\"Beatriz Tercero\"\/>\n\t<link rel=\"canonical\" href=\"https:\/\/soymigrante.com\/revista\/10-piezas-de-marimba-de-guatemala-para-bailar-y-recordar-tus-raices\/\" \/>\n\t<meta name=\"generator\" content=\"All in One SEO Pro (AIOSEO) 4.9.6.2\" \/>\n\n\t\t<link rel=\"preconnect\" href=\"https:\/\/fonts.googleapis.com\" crossorigin>\n<link rel=\"preconnect\" href=\"https:\/\/fonts.gstatic.com\" crossorigin>\n\t\t<meta property=\"og:locale\" content=\"es_ES\" \/>\n\t\t<meta property=\"og:site_name\" content=\"SoyMigrante.com REVISTA \u2013 Nuestra misi\u00f3n es reconocer y dignificar al migrante.\" \/>\n\t\t<meta property=\"og:type\" content=\"article\" \/>\n\t\t<meta property=\"og:title\" content=\"Marimba de Guatemala: Diez melod\u00edas que despiertan recuerdos y emociones\" \/>\n\t\t<meta property=\"og:description\" content=\"El sonido de la marimba guatemalteca sencillamente \u00fanico en el mundo. Este instrumento fue considerado s\u00edmbolo patrio en 1999. Estas son 10 melod\u00edas inolvidables.\" \/>\n\t\t<meta property=\"og:url\" content=\"https:\/\/soymigrante.com\/revista\/10-piezas-de-marimba-de-guatemala-para-bailar-y-recordar-tus-raices\/\" \/>\n\t\t<meta property=\"og:image\" content=\"https:\/\/soymigrante.com\/revista\/wp-content\/uploads\/2023\/12\/marimba-maya-awal.webp\" \/>\n\t\t<meta property=\"og:image:secure_url\" content=\"https:\/\/soymigrante.com\/revista\/wp-content\/uploads\/2023\/12\/marimba-maya-awal.webp\" \/>\n\t\t<meta property=\"og:image:width\" content=\"960\" \/>\n\t\t<meta property=\"og:image:height\" content=\"958\" \/>\n\t\t<meta property=\"article:published_time\" content=\"2025-02-09T23:39:16+00:00\" \/>\n\t\t<meta property=\"article:modified_time\" content=\"2025-02-13T20:21:48+00:00\" \/>\n\t\t<meta property=\"article:publisher\" content=\"https:\/\/www.facebook.com\/soymigrantecom\" \/>\n\t\t<meta name=\"twitter:card\" content=\"summary_large_image\" \/>\n\t\t<meta name=\"twitter:site\" content=\"@SoyMigrante_com\" \/>\n\t\t<meta name=\"twitter:title\" content=\"Marimba de Guatemala: Diez melod\u00edas que despiertan recuerdos y emociones\" \/>\n\t\t<meta name=\"twitter:description\" content=\"El sonido de la marimba guatemalteca sencillamente \u00fanico en el mundo. Este instrumento fue considerado s\u00edmbolo patrio en 1999. Estas son 10 melod\u00edas inolvidables.\" \/>\n\t\t<meta name=\"twitter:creator\" content=\"@SoyMigrante_com\" \/>\n\t\t<meta name=\"twitter:image\" content=\"https:\/\/soymigrante.com\/revista\/wp-content\/uploads\/2023\/12\/marimba-maya-awal.webp\" \/>\n\t\t<!-- All in One SEO Pro -->\r\n\t\t<title>Marimba de Guatemala: Diez melod\u00edas que despiertan recuerdos y emociones<\/title>\n\n","aioseo_head_json":{"title":"Marimba de Guatemala: Diez melod\u00edas que despiertan recuerdos y emociones","description":"El sonido de la marimba guatemalteca sencillamente \u00fanico en el mundo. Este instrumento fue considerado s\u00edmbolo patrio en 1999. Estas son 10 melod\u00edas inolvidables.","canonical_url":"https:\/\/soymigrante.com\/revista\/10-piezas-de-marimba-de-guatemala-para-bailar-y-recordar-tus-raices\/","robots":"max-snippet:-1, max-image-preview:large, max-video-preview:-1","keywords":"","webmasterTools":{"miscellaneous":"&lt;link rel=\"preconnect\" href=\"https:\/\/fonts.googleapis.com\" crossorigin&gt;\n&lt;link rel=\"preconnect\" href=\"https:\/\/fonts.gstatic.com\" crossorigin&gt;"},"schema":null,"og:locale":"es_ES","og:site_name":"SoyMigrante.com REVISTA \u2013 Nuestra misi\u00f3n es reconocer y dignificar al migrante.","og:type":"article","og:title":"Marimba de Guatemala: Diez melod\u00edas que despiertan recuerdos y emociones","og:description":"El sonido de la marimba guatemalteca sencillamente \u00fanico en el mundo. Este instrumento fue considerado s\u00edmbolo patrio en 1999. Estas son 10 melod\u00edas inolvidables.","og:url":"https:\/\/soymigrante.com\/revista\/10-piezas-de-marimba-de-guatemala-para-bailar-y-recordar-tus-raices\/","og:image":"https:\/\/soymigrante.com\/revista\/wp-content\/uploads\/2023\/12\/marimba-maya-awal.webp","og:image:secure_url":"https:\/\/soymigrante.com\/revista\/wp-content\/uploads\/2023\/12\/marimba-maya-awal.webp","og:image:width":960,"og:image:height":958,"article:published_time":"2025-02-09T23:39:16+00:00","article:modified_time":"2025-02-13T20:21:48+00:00","article:publisher":"https:\/\/www.facebook.com\/soymigrantecom","twitter:card":"summary_large_image","twitter:site":"@SoyMigrante_com","twitter:title":"Marimba de Guatemala: Diez melod\u00edas que despiertan recuerdos y emociones","twitter:description":"El sonido de la marimba guatemalteca sencillamente \u00fanico en el mundo. Este instrumento fue considerado s\u00edmbolo patrio en 1999. Estas son 10 melod\u00edas inolvidables.","twitter:creator":"@SoyMigrante_com","twitter:image":"https:\/\/soymigrante.com\/revista\/wp-content\/uploads\/2023\/12\/marimba-maya-awal.webp"},"aioseo_meta_data":{"post_id":"28240","title":"\u00bfPeligra la Marimba de Tecomates, maravilla sonora ancestral?","description":"Mark Lux Xiloj marimbista k'iche de Chichicastenango toca y cuida el instrumento maya de tecomates. \u00bfComo aprendi\u00f3? \u00bfEn qu\u00e9 ocasiones toca? \u00bfQu\u00e9 riesgos hay?","keywords":null,"keyphrases":{"focus":{"keyphrase":"Marimba de tecomates","score":82,"analysis":{"keyphraseInTitle":{"score":9,"maxScore":9,"error":0},"keyphraseInDescription":{"score":3,"maxScore":9,"error":1},"keyphraseLength":{"score":9,"maxScore":9,"error":0,"length":3},"keyphraseInURL":{"score":5,"maxScore":5,"error":0},"keyphraseInIntroduction":{"score":9,"maxScore":9,"error":0},"keyphraseInSubHeadings":{"score":3,"maxScore":9,"error":1},"keyphraseInImageAlt":{"score":9,"maxScore":9,"error":0},"keywordDensity":{"type":"best","score":9,"maxScore":9,"error":0}}},"additional":[{"keyphrase":"Marimba","score":67,"analysis":{"keyphraseInDescription":{"score":3,"maxScore":9,"error":1},"keyphraseLength":{"score":9,"maxScore":9,"error":0,"length":1},"keyphraseInIntroduction":{"score":9,"maxScore":9,"error":0},"keyphraseInImageAlt":{"score":9,"maxScore":9,"error":0},"keywordDensity":{"type":"high","score":0,"maxScore":9,"error":1}}},{"keyphrase":"Chichicastenango","score":100,"analysis":{"keyphraseInDescription":{"score":9,"maxScore":9,"error":0},"keyphraseLength":{"score":9,"maxScore":9,"error":0,"length":1},"keyphraseInIntroduction":{"score":9,"maxScore":9,"error":0},"keyphraseInImageAlt":{"score":9,"maxScore":9,"error":0},"keywordDensity":{"type":"best","score":9,"maxScore":9,"error":0}}},{"keyphrase":"k'iche'","score":53,"analysis":{"keyphraseInDescription":{"score":3,"maxScore":9,"error":1},"keyphraseLength":{"score":9,"maxScore":9,"error":0,"length":1},"keyphraseInIntroduction":{"score":9,"maxScore":9,"error":0},"keyphraseInImageAlt":{"score":3,"maxScore":9,"error":1},"keywordDensity":{"score":0,"type":"low","maxScore":9,"error":1}}}]},"primary_term":null,"canonical_url":null,"og_title":null,"og_description":null,"og_object_type":"default","og_image_type":"default","og_image_url":null,"og_image_width":null,"og_image_height":null,"og_image_custom_url":null,"og_image_custom_fields":null,"og_video":"","og_custom_url":null,"og_article_section":null,"og_article_tags":null,"twitter_use_og":false,"twitter_card":"default","twitter_image_type":"default","twitter_image_url":null,"twitter_image_custom_url":null,"twitter_image_custom_fields":null,"twitter_title":null,"twitter_description":null,"schema":{"blockGraphs":[],"customGraphs":[],"default":{"data":{"Article":[],"Course":[],"Dataset":[],"FAQPage":[],"Movie":[],"Person":[],"Product":[],"ProductReview":[],"Car":[],"Recipe":[],"Service":[],"SoftwareApplication":[],"WebPage":[]},"graphName":"NewsArticle","isEnabled":true},"graphs":[]},"schema_type":"default","schema_type_options":null,"pillar_content":false,"robots_default":true,"robots_noindex":false,"robots_noarchive":false,"robots_nosnippet":false,"robots_nofollow":false,"robots_noimageindex":false,"robots_noodp":false,"robots_notranslate":false,"robots_max_snippet":"-1","robots_max_videopreview":"-1","robots_max_imagepreview":"large","priority":null,"frequency":"default","local_seo":null,"seo_analyzer_scan_date":null,"breadcrumb_settings":null,"limit_modified_date":false,"reviewed_by":"0","open_ai":"{\"title\":{\"suggestions\":[],\"usage\":0},\"description\":{\"suggestions\":[],\"usage\":0}}","ai":{"faqs":[],"keyPoints":[],"titles":[],"descriptions":[],"socialPosts":{"email":[],"linkedin":[],"twitter":[],"facebook":[],"instagram":[]}},"created":"2025-03-14 16:07:46","updated":"2026-03-06 15:45:41"},"aioseo_breadcrumb":"<div class=\"aioseo-breadcrumbs\"><span class=\"aioseo-breadcrumb\">\n\t<a href=\"https:\/\/soymigrante.com\/revista\" title=\"Home\">Home<\/a>\n<\/span><span class=\"aioseo-breadcrumb-separator\">\u00bb<\/span><span class=\"aioseo-breadcrumb\">\n\t<a href=\"https:\/\/soymigrante.com\/revista\/category\/guate-nuestra\/\" title=\"Guate Nuestra\">Guate Nuestra<\/a>\n<\/span><span class=\"aioseo-breadcrumb-separator\">\u00bb<\/span><span class=\"aioseo-breadcrumb\">\n\t<a href=\"https:\/\/soymigrante.com\/revista\/category\/guate-nuestra\/arte-cultura\/\" title=\"Cultura de Guatemala\">Cultura de Guatemala<\/a>\n<\/span><span class=\"aioseo-breadcrumb-separator\">\u00bb<\/span><span class=\"aioseo-breadcrumb\">\n\tMark Lux lucha por mantener viva la Marimba de Tecomates, tesoro ancestral\n<\/span><\/div>","aioseo_breadcrumb_json":[{"label":"Home","link":"https:\/\/soymigrante.com\/revista"},{"label":"Guate Nuestra","link":"https:\/\/soymigrante.com\/revista\/category\/guate-nuestra\/"},{"label":"Cultura de Guatemala","link":"https:\/\/soymigrante.com\/revista\/category\/guate-nuestra\/arte-cultura\/"},{"label":"Mark Lux lucha por mantener viva la Marimba de Tecomates, tesoro ancestral","link":"https:\/\/soymigrante.com\/revista\/la-marimba-de-tecomates-maravilla-sonora-ancestral-esta-en-peligro\/"}],"_links":{"self":[{"href":"https:\/\/soymigrante.com\/revista\/wp-json\/wp\/v2\/posts\/28240","targetHints":{"allow":["GET"]}}],"collection":[{"href":"https:\/\/soymigrante.com\/revista\/wp-json\/wp\/v2\/posts"}],"about":[{"href":"https:\/\/soymigrante.com\/revista\/wp-json\/wp\/v2\/types\/post"}],"author":[{"embeddable":true,"href":"https:\/\/soymigrante.com\/revista\/wp-json\/wp\/v2\/users\/7"}],"replies":[{"embeddable":true,"href":"https:\/\/soymigrante.com\/revista\/wp-json\/wp\/v2\/comments?post=28240"}],"version-history":[{"count":5,"href":"https:\/\/soymigrante.com\/revista\/wp-json\/wp\/v2\/posts\/28240\/revisions"}],"predecessor-version":[{"id":52578,"href":"https:\/\/soymigrante.com\/revista\/wp-json\/wp\/v2\/posts\/28240\/revisions\/52578"}],"wp:featuredmedia":[{"embeddable":true,"href":"https:\/\/soymigrante.com\/revista\/wp-json\/wp\/v2\/media\/28269"}],"wp:attachment":[{"href":"https:\/\/soymigrante.com\/revista\/wp-json\/wp\/v2\/media?parent=28240"}],"wp:term":[{"taxonomy":"category","embeddable":true,"href":"https:\/\/soymigrante.com\/revista\/wp-json\/wp\/v2\/categories?post=28240"},{"taxonomy":"post_tag","embeddable":true,"href":"https:\/\/soymigrante.com\/revista\/wp-json\/wp\/v2\/tags?post=28240"}],"curies":[{"name":"wp","href":"https:\/\/api.w.org\/{rel}","templated":true}]}}