{"id":28202,"date":"2025-03-14T07:00:00","date_gmt":"2025-03-14T13:00:00","guid":{"rendered":"https:\/\/soymigrante.com\/revista\/?p=28202"},"modified":"2025-05-12T15:56:34","modified_gmt":"2025-05-12T21:56:34","slug":"joyas-mayas-migrantes-gobernante-de-piedras-negras-toma-el-poder","status":"publish","type":"post","link":"https:\/\/soymigrante.com\/revista\/joyas-mayas-migrantes-gobernante-de-piedras-negras-toma-el-poder\/","title":{"rendered":"Joyas mayas migrantes: Gobernante de Piedras Negras toma el poder"},"content":{"rendered":"\t\t<div data-elementor-type=\"wp-post\" data-elementor-id=\"28202\" class=\"elementor elementor-28202\" data-elementor-post-type=\"post\">\n\t\t\t\t<div data-particle_enable=\"false\" data-particle-mobile-disabled=\"false\" class=\"elementor-element elementor-element-64cccf0 e-flex e-con-boxed e-con e-parent\" data-id=\"64cccf0\" data-element_type=\"container\" data-e-type=\"container\">\n\t\t\t\t\t<div class=\"e-con-inner\">\n\t\t\t\t<div class=\"elementor-element elementor-element-08e659c elementor-widget elementor-widget-heading\" data-id=\"08e659c\" data-element_type=\"widget\" data-e-type=\"widget\" data-widget_type=\"heading.default\">\n\t\t\t\t\t<h2 class=\"elementor-heading-title elementor-size-default\">El sitio arqueol\u00f3gico Piedras Negras floreci\u00f3 a la orilla del R\u00edo Usumacinta entre el siglo IV antes de Cristo y el siglo IX de nuestra era. La estela 14, aproximadamente del a\u00f1o 658, refleja un momento de gran poder\u00edo, cuando asciende al trono Yo'nal Ahk III, heredero de la dinast\u00eda de los se\u00f1ores Tortuga.<\/h2>\t\t\t\t<\/div>\n\t\t\t\t<div class=\"elementor-element elementor-element-7799c76 elementor-widget elementor-widget-html\" data-id=\"7799c76\" data-element_type=\"widget\" data-e-type=\"widget\" data-widget_type=\"html.default\">\n\t\t\t\t\t<div id=\"buzzsprout-player-17147607\"><\/div><script src=\"https:\/\/www.buzzsprout.com\/2444168\/episodes\/17147607-un-gobernante-de-piedras-negras-asciende-al-poder.js?container_id=buzzsprout-player-17147607&player=small\" type=\"text\/javascript\" charset=\"utf-8\"><\/script>\t\t\t\t<\/div>\n\t\t\t\t\t<\/div>\n\t\t\t\t<\/div>\n\t\t<div data-particle_enable=\"false\" data-particle-mobile-disabled=\"false\" class=\"elementor-element elementor-element-225f6a9 e-flex e-con-boxed e-con e-parent\" data-id=\"225f6a9\" data-element_type=\"container\" data-e-type=\"container\">\n\t\t\t\t\t<div class=\"e-con-inner\">\n\t\t\t\t<div class=\"elementor-element elementor-element-b8657e4 elementor-widget elementor-widget-text-editor\" data-id=\"b8657e4\" data-element_type=\"widget\" data-e-type=\"widget\" data-widget_type=\"text-editor.default\">\n\t\t\t\t\t\t\t\t\t<p>La estela 14 de Piedras Negras es de estilo &#8220;nicho&#8221; debido a una especie de marco que rodea a la figura principal: el gobernante\u00a0Yo&#8217;nal Ahk III, que se encuentra asumiendo el poder, con una pose de predominio y se\u00f1or\u00edo.\u00a0 El nombre original prehisp\u00e1nico de <a href=\"https:\/\/soymigrante.com\/revista\/piezas-mayas-en-usa-estela-11-de-piedras-negras-se-conserva-en-houston\/\">Piedras Negras<\/a> fue Yok&#8217;ib y fue un poderoso reino que floreci\u00f3 a orillas del R\u00edo Usumacinta, en el actual noroeste de Pet\u00e9n.<\/p><p>La Estela 14 de Piedras Negras, erigida en el a\u00f1o 758 d.C., es un monumento de gran valor hist\u00f3rico y art\u00edstico que se conserva en el Museo de la Universidad de Pensilvania o <a href=\"https:\/\/soymigrante.com\/revista\/joyas-mayas-migrantes-el-vaso-chama-en-pennsylvania\/\">Penn Museum.<\/a>\u00a0 En esta escena aparece e<span style=\"color: var( --e-global-color-text ); text-align: var(--text-align);\">l joven rey sentado en un trono elevado, adornado con un tocado y joyas de jade, mientras sostiene una bolsa con incienso.\u00a0<\/span><\/p><p><span style=\"color: var( --e-global-color-text ); text-align: var(--text-align);\">La inscripci\u00f3n en el lado izquierdo del monumento marca el evento de su ascensi\u00f3n al poder y su nuevo nombre real. A su lado, se encuentra una figura femenina, que podr\u00eda ser la madre o la consorte del gobernante, quien sostiene un manojo de plumas, mirando cari\u00f1osamente al gran se\u00f1or.<\/span><\/p>\t\t\t\t\t\t\t\t<\/div>\n\t\t\t\t\t<\/div>\n\t\t\t\t<\/div>\n\t\t<div data-particle_enable=\"false\" data-particle-mobile-disabled=\"false\" class=\"elementor-element elementor-element-c7ae512 e-flex e-con-boxed e-con e-parent\" data-id=\"c7ae512\" data-element_type=\"container\" data-e-type=\"container\">\n\t\t\t\t\t<div class=\"e-con-inner\">\n\t\t\t\t<div class=\"elementor-element elementor-element-13b4348 elementor-widget elementor-widget-image\" data-id=\"13b4348\" data-element_type=\"widget\" data-e-type=\"widget\" data-widget_type=\"image.default\">\n\t\t\t\t\t\t\t\t\t\t\t\t<figure class=\"wp-caption\">\n\t\t\t\t\t\t\t\t\t\t<img fetchpriority=\"high\" decoding=\"async\" width=\"400\" height=\"875\" src=\"https:\/\/soymigrante.com\/revista\/wp-content\/uploads\/2025\/03\/ESTELA-14-PIEDRAS-NEGRAS-2.webp\" class=\"attachment-large size-large wp-image-28205\" alt=\"Atribuci\u00f3n del dios mesoamericano en piedra con detalles ancestrales y s\u00edmbolos mayas, representando cultura y historia prehisp\u00e1nica.\" srcset=\"https:\/\/soymigrante.com\/revista\/wp-content\/uploads\/2025\/03\/ESTELA-14-PIEDRAS-NEGRAS-2.webp 400w, https:\/\/soymigrante.com\/revista\/wp-content\/uploads\/2025\/03\/ESTELA-14-PIEDRAS-NEGRAS-2-137x300.jpg 137w\" sizes=\"(max-width: 400px) 100vw, 400px\" title=\"La estela 14 de Piedras Negras es impresionante porque muestra al nuevo gobernante acompa\u00f1ado de una mujer, que podr\u00eda ser la madre o la esposa del nuevo soberano del reino Yok&#039;ib, nombre prehisp\u00e1nico de Piedras Negras. La estela se conserva en el Museo de la Universidad de Pensilvania. \u2013 SoyMigrante.com REVISTA\" \/>\t\t\t\t\t\t\t\t\t\t\t<figcaption class=\"widget-image-caption wp-caption-text\">Estatua de piedra con motivos culturales mayas y s\u00edmbolos antiguos, destacando la riqueza de la historia prehisp\u00e1nica en Mesoam\u00e9rica, ideal para temas de cultura, historia y arqueolog\u00eda.<\/figcaption>\n\t\t\t\t\t\t\t\t\t\t<\/figure>\n\t\t\t\t\t\t\t\t\t<\/div>\n\t\t\t\t\t<\/div>\n\t\t\t\t<\/div>\n\t\t<div data-particle_enable=\"false\" data-particle-mobile-disabled=\"false\" class=\"elementor-element elementor-element-8184e83 e-flex e-con-boxed e-con e-parent\" data-id=\"8184e83\" data-element_type=\"container\" data-e-type=\"container\">\n\t\t\t\t\t<div class=\"e-con-inner\">\n\t\t\t\t<div class=\"elementor-element elementor-element-1066e04 elementor-widget elementor-widget-heading\" data-id=\"1066e04\" data-element_type=\"widget\" data-e-type=\"widget\" data-widget_type=\"heading.default\">\n\t\t\t\t\t<h3 class=\"elementor-heading-title elementor-size-default\">Jerarqu\u00eda de poder e influencia<\/h3>\t\t\t\t<\/div>\n\t\t\t\t\t<\/div>\n\t\t\t\t<\/div>\n\t\t<div data-particle_enable=\"false\" data-particle-mobile-disabled=\"false\" class=\"elementor-element elementor-element-ec59cb1 e-flex e-con-boxed e-con e-parent\" data-id=\"ec59cb1\" data-element_type=\"container\" data-e-type=\"container\">\n\t\t\t\t\t<div class=\"e-con-inner\">\n\t\t\t\t<div class=\"elementor-element elementor-element-a17337a elementor-widget elementor-widget-text-editor\" data-id=\"a17337a\" data-element_type=\"widget\" data-e-type=\"widget\" data-widget_type=\"text-editor.default\">\n\t\t\t\t\t\t\t\t\t<p><span style=\"color: var( --e-global-color-text ); text-align: var(--text-align);\">Lo m\u00e1s fascinante de esta estela es la representaci\u00f3n detallada del momento de la entronizaci\u00f3n, en la que se aprecia no solo la figura del rey, sino tambi\u00e9n la de la mujer. En la escena, la figura femenina se destaca por su cercan\u00eda y protagonismo, lo que aporta una innovadora perspectiva en la representaci\u00f3n de la dinast\u00eda real maya.\u00a0<\/span><\/p><p><span style=\"color: var( --e-global-color-text ); text-align: var(--text-align);\">En Piedras Negras se encontraron unos 60 monumentos y estelas que fueron esculpidos a lo largo de unos cuatro siglos. En ellos figuran\u00a0<\/span><span style=\"text-align: var(--text-align); color: var( --e-global-color-text );\">gobernantes junto a guerreros, consortes y tambi\u00e9n prisioneros.\u00a0 La dinast\u00eda de los Se\u00f1ores Tortuga dur\u00f3 varias generaciones y se heredaban el nombre.<\/span><\/p>\t\t\t\t\t\t\t\t<\/div>\n\t\t\t\t\t<\/div>\n\t\t\t\t<\/div>\n\t\t<div data-particle_enable=\"false\" data-particle-mobile-disabled=\"false\" class=\"elementor-element elementor-element-326ac54 e-flex e-con-boxed e-con e-parent\" data-id=\"326ac54\" data-element_type=\"container\" data-e-type=\"container\">\n\t\t\t\t\t<div class=\"e-con-inner\">\n\t\t\t\t<div class=\"elementor-element elementor-element-0eb96d0 elementor-widget elementor-widget-image\" data-id=\"0eb96d0\" data-element_type=\"widget\" data-e-type=\"widget\" data-widget_type=\"image.default\">\n\t\t\t\t\t\t\t\t\t\t\t\t<figure class=\"wp-caption\">\n\t\t\t\t\t\t\t\t\t\t\t<a href=\"http:\/\/www.famsi.org\/research\/montgomery\/index.html\">\n\t\t\t\t\t\t\t<img decoding=\"async\" width=\"403\" height=\"1024\" src=\"https:\/\/soymigrante.com\/revista\/wp-content\/uploads\/2025\/03\/estela-14-piedras-negras-dibujo-403x1024.jpg\" class=\"attachment-large size-large wp-image-28212\" alt=\"Dibujo de arte mesoamericano con figuras y s\u00edmbolos tradicionales, con motivos culturales y religiosos, en estilo gr\u00e1fico en blanco y negro que refleja la historia y mitolog\u00eda de las civilizaciones antiguas.\" srcset=\"https:\/\/soymigrante.com\/revista\/wp-content\/uploads\/2025\/03\/estela-14-piedras-negras-dibujo-403x1024.jpg 403w, https:\/\/soymigrante.com\/revista\/wp-content\/uploads\/2025\/03\/estela-14-piedras-negras-dibujo-118x300.jpg 118w, https:\/\/soymigrante.com\/revista\/wp-content\/uploads\/2025\/03\/estela-14-piedras-negras-dibujo.webp 524w\" sizes=\"(max-width: 403px) 100vw, 403px\" title=\"Este es un dibujo de la estela 14 de Piedras Negras que permite admirar sus detalles y la majestuosidad de la escena de ascenso del nuevo gobernante. Este dibujo forma parte del legado de John Montgomery (1951-2005) considerado uno de los grandes retratistas del universo maya. \u2013 SoyMigrante.com REVISTA\" \/>\t\t\t\t\t\t\t\t<\/a>\n\t\t\t\t\t\t\t\t\t\t\t<figcaption class=\"widget-image-caption wp-caption-text\">Coloridos artefactos y motivos culturales en un dibujo inspirado en el arte mesoamericano, destacando elementos hist\u00f3ricos y mitol\u00f3gicos en un estilo gr\u00e1fico en blanco y negro.<\/figcaption>\n\t\t\t\t\t\t\t\t\t\t<\/figure>\n\t\t\t\t\t\t\t\t\t<\/div>\n\t\t\t\t\t<\/div>\n\t\t\t\t<\/div>\n\t\t<div data-particle_enable=\"false\" data-particle-mobile-disabled=\"false\" class=\"elementor-element elementor-element-2d00042 e-flex e-con-boxed e-con e-parent\" data-id=\"2d00042\" data-element_type=\"container\" data-e-type=\"container\">\n\t\t\t\t\t<div class=\"e-con-inner\">\n\t\t\t\t<div class=\"elementor-element elementor-element-3ee23e0 elementor-widget elementor-widget-text-editor\" data-id=\"3ee23e0\" data-element_type=\"widget\" data-e-type=\"widget\" data-widget_type=\"text-editor.default\">\n\t\t\t\t\t\t\t\t\t<p><span style=\"color: var( --e-global-color-text ); text-align: var(--text-align);\">La estela 14 de <a href=\"https:\/\/soymigrante.com\/revista\/piezas-mayas-en-usa-estela-11-de-piedras-negras-se-conserva-en-houston\/\">Piedras Negras<\/a> fue elaborada en el estilo nicho, utilizado por los escultores de la regi\u00f3n desde el siglo VII, y las firmas de los artesanos en el monumento, especialmente la de Koto&#8217;l Tz&#8217;ihb&#8217; Pol, quien tambi\u00e9n tall\u00f3 para otros gobernantes, ofrecen un valioso testimonio del trabajo art\u00edstico en Piedras Negras.\u00a0 Esta estela fue creada por hasta seis artistas.\u00a0<\/span><\/p>\t\t\t\t\t\t\t\t<\/div>\n\t\t\t\t\t<\/div>\n\t\t\t\t<\/div>\n\t\t<div data-particle_enable=\"false\" data-particle-mobile-disabled=\"false\" class=\"elementor-element elementor-element-569bc19 e-flex e-con-boxed e-con e-parent\" data-id=\"569bc19\" data-element_type=\"container\" data-e-type=\"container\">\n\t\t\t\t\t<div class=\"e-con-inner\">\n\t\t\t\t<div class=\"elementor-element elementor-element-9ae41f9 elementor-widget elementor-widget-image\" data-id=\"9ae41f9\" data-element_type=\"widget\" data-e-type=\"widget\" data-widget_type=\"image.default\">\n\t\t\t\t\t\t\t\t\t\t\t\t<figure class=\"wp-caption\">\n\t\t\t\t\t\t\t\t\t\t<img decoding=\"async\" width=\"660\" height=\"731\" src=\"https:\/\/soymigrante.com\/revista\/wp-content\/uploads\/2025\/03\/ESTELA-14-PIEDRAS-NEGRAS-4.webp\" class=\"attachment-large size-large wp-image-28207\" alt=\"Antigua escultura de piedra con rostro antropom\u00f3rfico en estilo prehisp\u00e1nico, probable evidencia cultural ancestral en sitio arqueol\u00f3gico.\" srcset=\"https:\/\/soymigrante.com\/revista\/wp-content\/uploads\/2025\/03\/ESTELA-14-PIEDRAS-NEGRAS-4.webp 660w, https:\/\/soymigrante.com\/revista\/wp-content\/uploads\/2025\/03\/ESTELA-14-PIEDRAS-NEGRAS-4-271x300.jpg 271w\" sizes=\"(max-width: 660px) 100vw, 660px\" title=\"Arriba del nicho donde se representa al gobernante existe un mascar\u00f3n que representa a un ser del inframundo, posiblemente un ancestro. La estela 14 est\u00e1 perfectamente conservada y ha sido intensamente estudiada en el Museo de la Universidad de Pensilvania,. \u2013 SoyMigrante.com REVISTA\" \/>\t\t\t\t\t\t\t\t\t\t\t<figcaption class=\"widget-image-caption wp-caption-text\">Escultura prehisp\u00e1nica de piedra con rostro ancestral en sitio arqueol\u00f3gico.<\/figcaption>\n\t\t\t\t\t\t\t\t\t\t<\/figure>\n\t\t\t\t\t\t\t\t\t<\/div>\n\t\t\t\t\t<\/div>\n\t\t\t\t<\/div>\n\t\t<div data-particle_enable=\"false\" data-particle-mobile-disabled=\"false\" class=\"elementor-element elementor-element-6b898be e-flex e-con-boxed e-con e-parent\" data-id=\"6b898be\" data-element_type=\"container\" data-e-type=\"container\">\n\t\t\t\t\t<div class=\"e-con-inner\">\n\t\t\t\t<div class=\"elementor-element elementor-element-eaf2577 elementor-widget elementor-widget-text-editor\" data-id=\"eaf2577\" data-element_type=\"widget\" data-e-type=\"widget\" data-widget_type=\"text-editor.default\">\n\t\t\t\t\t\t\t\t\t<p><span style=\"color: var( --e-global-color-text ); text-align: var(--text-align);\">La Estela 14 es crucial para entender la pol\u00edtica y la cultura maya, pues no solo documenta la ascensi\u00f3n de Yo&#8217;nal Ahk III, sino que tambi\u00e9n refleja la importancia de los rituales de entronizaci\u00f3n y las relaciones din\u00e1sticas. Gracias al trabajo de investigadoras como la arque\u00f3loga rusa Tatiana Proskouriakoff, se logr\u00f3 entender que estos monumentos no solo ten\u00edan fines religiosos, sino que celebraban la vida y los logros de los gobernantes, ayudando a desentra\u00f1ar la historia pol\u00edtica de los mayas.<\/span><\/p>\t\t\t\t\t\t\t\t<\/div>\n\t\t\t\t\t<\/div>\n\t\t\t\t<\/div>\n\t\t<div data-particle_enable=\"false\" data-particle-mobile-disabled=\"false\" class=\"elementor-element elementor-element-fd8a548 e-flex e-con-boxed e-con e-parent\" data-id=\"fd8a548\" data-element_type=\"container\" data-e-type=\"container\">\n\t\t\t\t\t<div class=\"e-con-inner\">\n\t\t\t\t<div class=\"elementor-element elementor-element-2b9bd6e elementor-widget elementor-widget-google_maps\" data-id=\"2b9bd6e\" data-element_type=\"widget\" data-e-type=\"widget\" data-widget_type=\"google_maps.default\">\n\t\t\t\t\t\t\t<div class=\"elementor-custom-embed\">\n\t\t\t<iframe loading=\"lazy\"\n\t\t\t\t\tsrc=\"https:\/\/maps.google.com\/maps?q=Piedras%20Negras&#038;t=m&#038;z=10&#038;output=embed&#038;iwloc=near\"\n\t\t\t\t\ttitle=\"Piedras Negras\"\n\t\t\t\t\taria-label=\"Piedras Negras\"\n\t\t\t><\/iframe>\n\t\t<\/div>\n\t\t\t\t\t\t<\/div>\n\t\t\t\t\t<\/div>\n\t\t\t\t<\/div>\n\t\t<div data-particle_enable=\"false\" data-particle-mobile-disabled=\"false\" class=\"elementor-element elementor-element-53f6575 e-flex e-con-boxed e-con e-parent\" data-id=\"53f6575\" data-element_type=\"container\" data-e-type=\"container\">\n\t\t\t\t\t<div class=\"e-con-inner\">\n\t\t\t\t<div class=\"elementor-element elementor-element-5d3bdff elementor-widget elementor-widget-video\" data-id=\"5d3bdff\" data-element_type=\"widget\" data-e-type=\"widget\" data-settings=\"{&quot;youtube_url&quot;:&quot;https:\\\/\\\/www.youtube.com\\\/watch?v=Pd00QtZz2Kg&quot;,&quot;video_type&quot;:&quot;youtube&quot;,&quot;controls&quot;:&quot;yes&quot;}\" data-widget_type=\"video.default\">\n\t\t\t\t\t\t\t<div class=\"elementor-wrapper elementor-open-inline\">\n\t\t\t<div class=\"elementor-video\"><\/div>\t\t<\/div>\n\t\t\t\t\t\t<\/div>\n\t\t\t\t\t<\/div>\n\t\t\t\t<\/div>\n\t\t<div data-particle_enable=\"false\" data-particle-mobile-disabled=\"false\" class=\"elementor-element elementor-element-996f83e e-flex e-con-boxed e-con e-parent\" data-id=\"996f83e\" data-element_type=\"container\" data-e-type=\"container\">\n\t\t\t\t\t<div class=\"e-con-inner\">\n\t\t\t\t<div class=\"elementor-element elementor-element-461a3d5 elementor-widget elementor-widget-heading\" data-id=\"461a3d5\" data-element_type=\"widget\" data-e-type=\"widget\" data-widget_type=\"heading.default\">\n\t\t\t\t\t<h2 class=\"elementor-heading-title elementor-size-default\">M\u00e1s joyas mayas migrantes en EE.UU.<\/h2>\t\t\t\t<\/div>\n\t\t\t\t\t<\/div>\n\t\t\t\t<\/div>\n\t\t<div data-particle_enable=\"false\" data-particle-mobile-disabled=\"false\" class=\"elementor-element elementor-element-1ef73e5 e-flex e-con-boxed e-con e-parent\" data-id=\"1ef73e5\" data-element_type=\"container\" data-e-type=\"container\">\n\t\t\t\t\t<div class=\"e-con-inner\">\n\t\t\t\t<div class=\"elementor-element elementor-element-55b757e elementor-widget elementor-widget-blfe-post-grid\" data-id=\"55b757e\" data-element_type=\"widget\" data-e-type=\"widget\" data-settings=\"{&quot;columns&quot;:&quot;3&quot;,&quot;columns_tablet&quot;:&quot;6&quot;,&quot;columns_mobile&quot;:&quot;12&quot;,&quot;hero1_layout_column_gap&quot;:{&quot;unit&quot;:&quot;px&quot;,&quot;size&quot;:30,&quot;sizes&quot;:[]},&quot;hero1_layout_column_gap_tablet&quot;:{&quot;unit&quot;:&quot;px&quot;,&quot;size&quot;:&quot;&quot;,&quot;sizes&quot;:[]},&quot;hero1_layout_column_gap_mobile&quot;:{&quot;unit&quot;:&quot;px&quot;,&quot;size&quot;:&quot;&quot;,&quot;sizes&quot;:[]},&quot;hero1_layout_row_gap&quot;:{&quot;unit&quot;:&quot;px&quot;,&quot;size&quot;:30,&quot;sizes&quot;:[]},&quot;hero1_layout_row_gap_tablet&quot;:{&quot;unit&quot;:&quot;px&quot;,&quot;size&quot;:&quot;&quot;,&quot;sizes&quot;:[]},&quot;hero1_layout_row_gap_mobile&quot;:{&quot;unit&quot;:&quot;px&quot;,&quot;size&quot;:&quot;&quot;,&quot;sizes&quot;:[]}}\" data-widget_type=\"blfe-post-grid.hero1\">\n\t\t\t\t<div class=\"elementor-widget-container\">\n\t\t\t\t\t\n                        <div class=\"blfe-post-grid-container \">\n            \n                <div data-skin=\"hero1\" class=\"blfe-row blfe-posts-inner blfe-hero1 blfe-posts-inner blfe-col-3 blfe-col-tab-6 blfe-col-mob-12     \">\n                            <div class=\"blfe-post-grid-item\">\n            <div class=\"blfe-post-grid-item-inner blfe-modern-zoom\">\n                        <div class=\"blfe-post-grid-bg-image\">\n            <a class=\"blfe-post-grid-image-inner\" href=\"https:\/\/soymigrante.com\/revista\/piezas-mayas-en-usa-estela-11-de-piedras-negras-se-conserva-en-houston\/\" title=\"Joyas mayas migrantes: Estela 11 de Piedras Negras se conserva en Houston\" rel=\"nofollow\" target=\"_blank\"><img decoding=\"async\" src=\"https:\/\/soymigrante.com\/revista\/wp-content\/uploads\/2024\/07\/joyas-mayas-estela-de-piedras-negras-guatemala.webp\" alt=\"Joyas mayas migrantes: Estela 11 de Piedras Negras se conserva en Houston\"\/><\/a>        <\/div>\n                        <div class=\"blfe-post-grid-details\">\n                    <div class=\"blfe-post-grid-details-inner\">\n                        <span class=\"blfe-post-category\"><a href=\"https:\/\/soymigrante.com\/revista\/category\/guate-nuestra\/\">Guate Nuestra<\/a><\/span>                        <h3 class=\"blfe-post-grid-title\">\n            <a href=\"https:\/\/soymigrante.com\/revista\/piezas-mayas-en-usa-estela-11-de-piedras-negras-se-conserva-en-houston\/\" title=\"Joyas mayas migrantes: Estela 11 de Piedras Negras se conserva en Houston\" rel=\"nofollow\" target=\"_blank\">Joyas mayas migrantes: Estela 11 de Piedras Negras se conserva en Houston<\/a>\n            <\/h3>                                                            <div class=\"blfe-post-grid-meta\">\n                <span class=\"blfe-post-grid-time\"><i class=\"fas fa-book-reader\"><\/i>5 Min read<\/span>            <\/div>\n                                                        <\/div>\n                <\/div>\n\n            <\/div>\n        <\/div>\n                <div class=\"blfe-post-grid-item\">\n            <div class=\"blfe-post-grid-item-inner blfe-modern-zoom\">\n                        <div class=\"blfe-post-grid-bg-image\">\n            <a class=\"blfe-post-grid-image-inner\" href=\"https:\/\/soymigrante.com\/revista\/joyas-mayas-migrantes-el-vaso-chama-en-pennsylvania\/\" title=\"Joyas mayas migrantes: el vaso Cham\u00e1, en Pennsylvania\" rel=\"nofollow\" target=\"_blank\"><img decoding=\"async\" src=\"https:\/\/soymigrante.com\/revista\/wp-content\/uploads\/2024\/07\/vaso-chama-penn-museum.webp\" alt=\"Joyas mayas migrantes: el vaso Cham\u00e1, en Pennsylvania\"\/><\/a>        <\/div>\n                        <div class=\"blfe-post-grid-details\">\n                    <div class=\"blfe-post-grid-details-inner\">\n                        <span class=\"blfe-post-category\"><a href=\"https:\/\/soymigrante.com\/revista\/category\/guate-nuestra\/\">Guate Nuestra<\/a><\/span>                        <h3 class=\"blfe-post-grid-title\">\n            <a href=\"https:\/\/soymigrante.com\/revista\/joyas-mayas-migrantes-el-vaso-chama-en-pennsylvania\/\" title=\"Joyas mayas migrantes: el vaso Cham\u00e1, en Pennsylvania\" rel=\"nofollow\" target=\"_blank\">Joyas mayas migrantes: el vaso Cham\u00e1, en Pennsylvania<\/a>\n            <\/h3>                                                            <div class=\"blfe-post-grid-meta\">\n                <span class=\"blfe-post-grid-time\"><i class=\"fas fa-book-reader\"><\/i>5 Min read<\/span>            <\/div>\n                                                        <\/div>\n                <\/div>\n\n            <\/div>\n        <\/div>\n                <div class=\"blfe-post-grid-item\">\n            <div class=\"blfe-post-grid-item-inner blfe-modern-zoom\">\n                        <div class=\"blfe-post-grid-bg-image\">\n            <a class=\"blfe-post-grid-image-inner\" href=\"https:\/\/soymigrante.com\/revista\/joyas-mayas-migrantes-jarra-con-relieve-en-el-met-museum-ny\/\" title=\"Joyas mayas migrantes: Chocolatera en el Met Museum NY. Conoce su significado\" rel=\"nofollow\" target=\"_blank\"><img decoding=\"async\" src=\"https:\/\/soymigrante.com\/revista\/wp-content\/uploads\/2024\/07\/jarra-maya-grabada-met-1.webp\" alt=\"Joyas mayas migrantes: Chocolatera en el Met Museum NY. Conoce su significado\"\/><\/a>        <\/div>\n                        <div class=\"blfe-post-grid-details\">\n                    <div class=\"blfe-post-grid-details-inner\">\n                        <span class=\"blfe-post-category\"><a href=\"https:\/\/soymigrante.com\/revista\/category\/guate-nuestra\/\">Guate Nuestra<\/a><\/span>                        <h3 class=\"blfe-post-grid-title\">\n            <a href=\"https:\/\/soymigrante.com\/revista\/joyas-mayas-migrantes-jarra-con-relieve-en-el-met-museum-ny\/\" title=\"Joyas mayas migrantes: Chocolatera en el Met Museum NY. Conoce su significado\" rel=\"nofollow\" target=\"_blank\">Joyas mayas migrantes: Chocolatera en el Met Museum NY. Conoce su significado<\/a>\n            <\/h3>                                                            <div class=\"blfe-post-grid-meta\">\n                <span class=\"blfe-post-grid-time\"><i class=\"fas fa-book-reader\"><\/i>4 Min read<\/span>            <\/div>\n                                                        <\/div>\n                <\/div>\n\n            <\/div>\n        <\/div>\n                        <\/div>\n\n                        <\/div>\n            \n                        <div class=\"blfe-post-footer\">\n                        <\/div>\n            \t\t\t\t<\/div>\n\t\t\t\t<\/div>\n\t\t\t\t\t<\/div>\n\t\t\t\t<\/div>\n\t\t\t\t<\/div>\n\t\t","protected":false},"excerpt":{"rendered":"<p>El sitio arqueol\u00f3gico Piedras Negras floreci\u00f3 a la orilla del R\u00edo Usumacinta entre el siglo IV antes de Cristo y el siglo IX de nuestra era. La estela 14, aproximadamente del a\u00f1o 658, refleja un momento de gran poder\u00edo, cuando asciende al trono Yo&#8217;nal Ahk III, heredero de la dinast\u00eda de los se\u00f1ores Tortuga. La [&hellip;]<\/p>\n","protected":false},"author":7,"featured_media":28203,"comment_status":"open","ping_status":"open","sticky":false,"template":"","format":"standard","meta":{"_acf_changed":false,"_eb_attr":"","footnotes":""},"categories":[58],"tags":[134],"class_list":["post-28202","post","type-post","status-publish","format-standard","has-post-thumbnail","hentry","category-guate-nuestra","tag-joyas-mayas-migrantes"],"acf":[],"aioseo_notices":[],"aioseo_head":"\n\t\t<!-- All in One SEO Pro 4.9.6.2 - aioseo.com -->\n\t<meta name=\"description\" content=\"Recipiente maya con un fascinante dise\u00f1o tallado en relieve sobre material calizo. Se conserva en la colecci\u00f3n del Museo Metropolitano de Nueva York. Con\u00f3celo\" \/>\n\t<meta name=\"robots\" content=\"max-snippet:-1, max-image-preview:large, max-video-preview:-1\" \/>\n\t<meta name=\"author\" content=\"Gustavo Montenegro\"\/>\n\t<link rel=\"canonical\" href=\"https:\/\/soymigrante.com\/revista\/joyas-mayas-migrantes-jarra-con-relieve-en-el-met-museum-ny\/\" \/>\n\t<meta name=\"generator\" content=\"All in One SEO Pro (AIOSEO) 4.9.6.2\" \/>\n\n\t\t<link rel=\"preconnect\" href=\"https:\/\/fonts.googleapis.com\" crossorigin>\n<link rel=\"preconnect\" href=\"https:\/\/fonts.gstatic.com\" crossorigin>\n\t\t<meta property=\"og:locale\" content=\"es_ES\" \/>\n\t\t<meta property=\"og:site_name\" content=\"SoyMigrante.com REVISTA \u2013 Nuestra misi\u00f3n es reconocer y dignificar al migrante.\" \/>\n\t\t<meta property=\"og:type\" content=\"article\" \/>\n\t\t<meta property=\"og:title\" content=\"Joyas mayas migrantes: Chocolatera en el Met Museum NY\" \/>\n\t\t<meta property=\"og:description\" content=\"Recipiente maya con un fascinante dise\u00f1o tallado en relieve sobre material calizo. Se conserva en la colecci\u00f3n del Museo Metropolitano de Nueva York. Con\u00f3celo\" \/>\n\t\t<meta property=\"og:url\" content=\"https:\/\/soymigrante.com\/revista\/joyas-mayas-migrantes-jarra-con-relieve-en-el-met-museum-ny\/\" \/>\n\t\t<meta property=\"og:image\" content=\"https:\/\/soymigrante.com\/revista\/wp-content\/uploads\/2024\/07\/jarra-maya-grabada-met-1.webp\" \/>\n\t\t<meta property=\"og:image:secure_url\" content=\"https:\/\/soymigrante.com\/revista\/wp-content\/uploads\/2024\/07\/jarra-maya-grabada-met-1.webp\" \/>\n\t\t<meta property=\"og:image:width\" content=\"850\" \/>\n\t\t<meta property=\"og:image:height\" content=\"850\" \/>\n\t\t<meta property=\"article:published_time\" content=\"2024-07-29T16:46:14+00:00\" \/>\n\t\t<meta property=\"article:modified_time\" content=\"2025-05-16T17:07:26+00:00\" \/>\n\t\t<meta property=\"article:publisher\" content=\"https:\/\/www.facebook.com\/soymigrantecom\" \/>\n\t\t<meta name=\"twitter:card\" content=\"summary_large_image\" \/>\n\t\t<meta name=\"twitter:site\" content=\"@SoyMigrante_com\" \/>\n\t\t<meta name=\"twitter:title\" content=\"Joyas mayas migrantes: Chocolatera en el Met Museum NY\" \/>\n\t\t<meta name=\"twitter:description\" content=\"Recipiente maya con un fascinante dise\u00f1o tallado en relieve sobre material calizo. Se conserva en la colecci\u00f3n del Museo Metropolitano de Nueva York. Con\u00f3celo\" \/>\n\t\t<meta name=\"twitter:creator\" content=\"@SoyMigrante_com\" \/>\n\t\t<meta name=\"twitter:image\" content=\"https:\/\/soymigrante.com\/revista\/wp-content\/uploads\/2024\/07\/jarra-maya-grabada-met-1.webp\" \/>\n\t\t<!-- All in One SEO Pro -->\r\n\t\t<title>Joyas mayas migrantes: Chocolatera en el Met Museum NY<\/title>\n\n","aioseo_head_json":{"title":"Joyas mayas migrantes: Chocolatera en el Met Museum NY","description":"Recipiente maya con un fascinante dise\u00f1o tallado en relieve sobre material calizo. Se conserva en la colecci\u00f3n del Museo Metropolitano de Nueva York. Con\u00f3celo","canonical_url":"https:\/\/soymigrante.com\/revista\/joyas-mayas-migrantes-jarra-con-relieve-en-el-met-museum-ny\/","robots":"max-snippet:-1, max-image-preview:large, max-video-preview:-1","keywords":"","webmasterTools":{"miscellaneous":"&lt;link rel=\"preconnect\" href=\"https:\/\/fonts.googleapis.com\" crossorigin&gt;\n&lt;link rel=\"preconnect\" href=\"https:\/\/fonts.gstatic.com\" crossorigin&gt;"},"schema":null,"og:locale":"es_ES","og:site_name":"SoyMigrante.com REVISTA \u2013 Nuestra misi\u00f3n es reconocer y dignificar al migrante.","og:type":"article","og:title":"Joyas mayas migrantes: Chocolatera en el Met Museum NY","og:description":"Recipiente maya con un fascinante dise\u00f1o tallado en relieve sobre material calizo. Se conserva en la colecci\u00f3n del Museo Metropolitano de Nueva York. Con\u00f3celo","og:url":"https:\/\/soymigrante.com\/revista\/joyas-mayas-migrantes-jarra-con-relieve-en-el-met-museum-ny\/","og:image":"https:\/\/soymigrante.com\/revista\/wp-content\/uploads\/2024\/07\/jarra-maya-grabada-met-1.webp","og:image:secure_url":"https:\/\/soymigrante.com\/revista\/wp-content\/uploads\/2024\/07\/jarra-maya-grabada-met-1.webp","og:image:width":850,"og:image:height":850,"article:published_time":"2024-07-29T16:46:14+00:00","article:modified_time":"2025-05-16T17:07:26+00:00","article:publisher":"https:\/\/www.facebook.com\/soymigrantecom","twitter:card":"summary_large_image","twitter:site":"@SoyMigrante_com","twitter:title":"Joyas mayas migrantes: Chocolatera en el Met Museum NY","twitter:description":"Recipiente maya con un fascinante dise\u00f1o tallado en relieve sobre material calizo. Se conserva en la colecci\u00f3n del Museo Metropolitano de Nueva York. Con\u00f3celo","twitter:creator":"@SoyMigrante_com","twitter:image":"https:\/\/soymigrante.com\/revista\/wp-content\/uploads\/2024\/07\/jarra-maya-grabada-met-1.webp"},"aioseo_meta_data":{"post_id":"28202","title":"Joyas mayas migrantes: Gobernante asciende en Piedras Negras","description":"La Estela 14 de Piedras Negras Pet\u00e9n se encuentra resguardada en el Penn Museum. Es un majestuoso monumento que registra el ascenso de Yo'nal Ahk III en 658","keywords":null,"keyphrases":{"focus":{"keyphrase":"Joyas mayas migrantes","score":82,"analysis":{"keyphraseInTitle":{"score":9,"maxScore":9,"error":0},"keyphraseInDescription":{"score":3,"maxScore":9,"error":1},"keyphraseLength":{"score":9,"maxScore":9,"error":0,"length":3},"keyphraseInURL":{"score":5,"maxScore":5,"error":0},"keyphraseInIntroduction":{"score":3,"maxScore":9,"error":1},"keyphraseInSubHeadings":{"score":9,"maxScore":9,"error":0},"keyphraseInImageAlt":{"score":9,"maxScore":9,"error":0},"keywordDensity":{"type":"best","score":9,"maxScore":9,"error":0}}},"additional":[{"keyphrase":"Piedras Negras","score":100,"analysis":{"keyphraseInDescription":{"score":9,"maxScore":9,"error":0},"keyphraseLength":{"score":9,"maxScore":9,"error":0,"length":2},"keyphraseInIntroduction":{"score":9,"maxScore":9,"error":0},"keyphraseInImageAlt":{"score":9,"maxScore":9,"error":0},"keywordDensity":{"type":"best","score":9,"maxScore":9,"error":0}}},{"keyphrase":"Pet\u00e9n","score":67,"analysis":{"keyphraseInDescription":{"score":9,"maxScore":9,"error":0},"keyphraseLength":{"score":9,"maxScore":9,"error":0,"length":2},"keyphraseInIntroduction":{"score":9,"maxScore":9,"error":0},"keyphraseInImageAlt":{"score":3,"maxScore":9,"error":1},"keywordDensity":{"score":0,"type":"low","maxScore":9,"error":1}}},{"keyphrase":"Guatemala","score":40,"analysis":{"keyphraseInDescription":{"score":3,"maxScore":9,"error":1},"keyphraseLength":{"score":9,"maxScore":9,"error":0,"length":1},"keyphraseInIntroduction":{"score":3,"maxScore":9,"error":1},"keyphraseInImageAlt":{"score":3,"maxScore":9,"error":1},"keywordDensity":{"score":0,"type":"low","maxScore":9,"error":1}}}]},"primary_term":null,"canonical_url":null,"og_title":null,"og_description":null,"og_object_type":"default","og_image_type":"default","og_image_url":null,"og_image_width":null,"og_image_height":null,"og_image_custom_url":null,"og_image_custom_fields":null,"og_video":"","og_custom_url":null,"og_article_section":null,"og_article_tags":null,"twitter_use_og":false,"twitter_card":"default","twitter_image_type":"default","twitter_image_url":null,"twitter_image_custom_url":null,"twitter_image_custom_fields":null,"twitter_title":null,"twitter_description":null,"schema":{"blockGraphs":[],"customGraphs":[],"default":{"data":{"Article":[],"Course":[],"Dataset":[],"FAQPage":[],"Movie":[],"Person":[],"Product":[],"ProductReview":[],"Car":[],"Recipe":[],"Service":[],"SoftwareApplication":[],"WebPage":[]},"graphName":"BlogPosting","isEnabled":true},"graphs":[]},"schema_type":"default","schema_type_options":null,"pillar_content":false,"robots_default":true,"robots_noindex":false,"robots_noarchive":false,"robots_nosnippet":false,"robots_nofollow":false,"robots_noimageindex":false,"robots_noodp":false,"robots_notranslate":false,"robots_max_snippet":"-1","robots_max_videopreview":"-1","robots_max_imagepreview":"large","priority":null,"frequency":"default","local_seo":null,"seo_analyzer_scan_date":"2025-10-09 03:26:55","breadcrumb_settings":null,"limit_modified_date":false,"reviewed_by":null,"open_ai":"{\"title\":{\"suggestions\":[],\"usage\":0},\"description\":{\"suggestions\":[],\"usage\":0}}","ai":null,"created":"2025-03-14 04:56:46","updated":"2026-02-04 22:12:48"},"aioseo_breadcrumb":"<div class=\"aioseo-breadcrumbs\"><span class=\"aioseo-breadcrumb\">\n\t<a href=\"https:\/\/soymigrante.com\/revista\" title=\"Home\">Home<\/a>\n<\/span><span class=\"aioseo-breadcrumb-separator\">\u00bb<\/span><span class=\"aioseo-breadcrumb\">\n\t<a href=\"https:\/\/soymigrante.com\/revista\/category\/guate-nuestra\/\" title=\"Guate Nuestra\">Guate Nuestra<\/a>\n<\/span><span class=\"aioseo-breadcrumb-separator\">\u00bb<\/span><span class=\"aioseo-breadcrumb\">\n\tJoyas mayas migrantes: Gobernante de Piedras Negras toma el poder\n<\/span><\/div>","aioseo_breadcrumb_json":[{"label":"Home","link":"https:\/\/soymigrante.com\/revista"},{"label":"Guate Nuestra","link":"https:\/\/soymigrante.com\/revista\/category\/guate-nuestra\/"},{"label":"Joyas mayas migrantes: Gobernante de Piedras Negras toma el poder","link":"https:\/\/soymigrante.com\/revista\/joyas-mayas-migrantes-gobernante-de-piedras-negras-toma-el-poder\/"}],"_links":{"self":[{"href":"https:\/\/soymigrante.com\/revista\/wp-json\/wp\/v2\/posts\/28202","targetHints":{"allow":["GET"]}}],"collection":[{"href":"https:\/\/soymigrante.com\/revista\/wp-json\/wp\/v2\/posts"}],"about":[{"href":"https:\/\/soymigrante.com\/revista\/wp-json\/wp\/v2\/types\/post"}],"author":[{"embeddable":true,"href":"https:\/\/soymigrante.com\/revista\/wp-json\/wp\/v2\/users\/7"}],"replies":[{"embeddable":true,"href":"https:\/\/soymigrante.com\/revista\/wp-json\/wp\/v2\/comments?post=28202"}],"version-history":[{"count":3,"href":"https:\/\/soymigrante.com\/revista\/wp-json\/wp\/v2\/posts\/28202\/revisions"}],"predecessor-version":[{"id":33322,"href":"https:\/\/soymigrante.com\/revista\/wp-json\/wp\/v2\/posts\/28202\/revisions\/33322"}],"wp:featuredmedia":[{"embeddable":true,"href":"https:\/\/soymigrante.com\/revista\/wp-json\/wp\/v2\/media\/28203"}],"wp:attachment":[{"href":"https:\/\/soymigrante.com\/revista\/wp-json\/wp\/v2\/media?parent=28202"}],"wp:term":[{"taxonomy":"category","embeddable":true,"href":"https:\/\/soymigrante.com\/revista\/wp-json\/wp\/v2\/categories?post=28202"},{"taxonomy":"post_tag","embeddable":true,"href":"https:\/\/soymigrante.com\/revista\/wp-json\/wp\/v2\/tags?post=28202"}],"curies":[{"name":"wp","href":"https:\/\/api.w.org\/{rel}","templated":true}]}}