{"id":28134,"date":"2025-03-13T16:16:07","date_gmt":"2025-03-13T22:16:07","guid":{"rendered":"https:\/\/soymigrante.com\/revista\/?p=28134"},"modified":"2025-03-13T16:16:09","modified_gmt":"2025-03-13T22:16:09","slug":"como-cuidar-tu-piel-hidratacion-y-proteccion-contra-el-calor","status":"publish","type":"post","link":"https:\/\/soymigrante.com\/revista\/como-cuidar-tu-piel-hidratacion-y-proteccion-contra-el-calor\/","title":{"rendered":"C\u00f3mo cuidar tu piel: Hidrataci\u00f3n y protecci\u00f3n contra el calor"},"content":{"rendered":"\t\t<div data-elementor-type=\"wp-post\" data-elementor-id=\"28134\" class=\"elementor elementor-28134\" data-elementor-post-type=\"post\">\n\t\t\t\t<div data-particle_enable=\"false\" data-particle-mobile-disabled=\"false\" class=\"elementor-element elementor-element-bf21381 e-flex e-con-boxed e-con e-parent\" data-id=\"bf21381\" data-element_type=\"container\" data-e-type=\"container\">\n\t\t\t\t\t<div class=\"e-con-inner\">\n\t\t\t\t<div class=\"elementor-element elementor-element-58b7914 elementor-widget elementor-widget-heading\" data-id=\"58b7914\" data-element_type=\"widget\" data-e-type=\"widget\" data-widget_type=\"heading.default\">\n\t\t\t\t\t<h2 class=\"elementor-heading-title elementor-size-default\">Cuidar la piel es una rutina diaria que requiere constancia. Siguiendo estos consejos, podr\u00e1s mantenerla hidratada, protegida y radiante, incluso en los d\u00edas m\u00e1s calurosos.\n <\/h2>\t\t\t\t<\/div>\n\t\t\t\t\t<\/div>\n\t\t\t\t<\/div>\n\t\t<div data-particle_enable=\"false\" data-particle-mobile-disabled=\"false\" class=\"elementor-element elementor-element-6798b17 e-flex e-con-boxed e-con e-parent\" data-id=\"6798b17\" data-element_type=\"container\" data-e-type=\"container\">\n\t\t\t\t\t<div class=\"e-con-inner\">\n\t\t\t\t<div class=\"elementor-element elementor-element-b140b13 elementor-widget elementor-widget-text-editor\" data-id=\"b140b13\" data-element_type=\"widget\" data-e-type=\"widget\" data-widget_type=\"text-editor.default\">\n\t\t\t\t\t\t\t\t\t<p>La piel es el \u00f3rgano m\u00e1s grande del cuerpo y requiere cuidados constantes para mantenerse saludable.<\/p><p><a href=\"https:\/\/soymigrante.com\/revista\/horario-de-verano-2025-cuando-inicia-el-cambio-de-hora\/\" target=\"_blank\" rel=\"noopener\">La exposici\u00f3n prolongada al sol y al calor puede provocar deshidrataci\u00f3n,<\/a> envejecimiento prematuro y otros problemas cut\u00e1neos.<\/p><p>A continuaci\u00f3n, te compartimos consejos esenciales del dermat\u00f3logo, Byron Perea, para mantener tu piel hidratada y protegida del calor.<\/p>\t\t\t\t\t\t\t\t<\/div>\n\t\t\t\t\t<\/div>\n\t\t\t\t<\/div>\n\t\t<div data-particle_enable=\"false\" data-particle-mobile-disabled=\"false\" class=\"elementor-element elementor-element-9c75a28 e-flex e-con-boxed e-con e-parent\" data-id=\"9c75a28\" data-element_type=\"container\" data-e-type=\"container\">\n\t\t\t\t\t<div class=\"e-con-inner\">\n\t\t\t\t<div class=\"elementor-element elementor-element-67f57d4 elementor-widget elementor-widget-heading\" data-id=\"67f57d4\" data-element_type=\"widget\" data-e-type=\"widget\" data-widget_type=\"heading.default\">\n\t\t\t\t\t<h3 class=\"elementor-heading-title elementor-size-default\">1. Hidrataci\u00f3n: La clave para una piel sana<\/h3>\t\t\t\t<\/div>\n\t\t\t\t\t<\/div>\n\t\t\t\t<\/div>\n\t\t<div data-particle_enable=\"false\" data-particle-mobile-disabled=\"false\" class=\"elementor-element elementor-element-d792e61 e-flex e-con-boxed e-con e-parent\" data-id=\"d792e61\" data-element_type=\"container\" data-e-type=\"container\">\n\t\t\t\t\t<div class=\"e-con-inner\">\n\t\t\t\t<div class=\"elementor-element elementor-element-b698b3f elementor-widget elementor-widget-text-editor\" data-id=\"b698b3f\" data-element_type=\"widget\" data-e-type=\"widget\" data-widget_type=\"text-editor.default\">\n\t\t\t\t\t\t\t\t\t<div><a href=\"https:\/\/soymigrante.com\/revista\/horario-de-verano-2025-cuando-inicia-el-cambio-de-hora\/\" target=\"_blank\" rel=\"noopener\">La hidrataci\u00f3n es fundamental para una piel luminosa y el\u00e1stica<\/a>. Aqu\u00ed algunas recomendaciones:<\/div><div><strong>\u2022Bebe suficiente agua:<\/strong> Lo ideal es consumir al menos 2 litros de agua al d\u00eda para mantener la piel hidratada desde el interior.<\/div><div><strong>\u2022Usa cremas humectantes:<\/strong> Elige productos con ingredientes como \u00e1cido hialur\u00f3nico, glicerina y aloe vera, que ayudan a retener la humedad en la piel.<\/div><div><strong>\u2022Evita el agua caliente:<\/strong> Las duchas con agua muy caliente pueden eliminar los aceites naturales de la piel, dej\u00e1ndola seca y opaca.<\/div>\t\t\t\t\t\t\t\t<\/div>\n\t\t\t\t\t<\/div>\n\t\t\t\t<\/div>\n\t\t<div data-particle_enable=\"false\" data-particle-mobile-disabled=\"false\" class=\"elementor-element elementor-element-f65de72 e-flex e-con-boxed e-con e-parent\" data-id=\"f65de72\" data-element_type=\"container\" data-e-type=\"container\">\n\t\t\t\t\t<div class=\"e-con-inner\">\n\t\t\t\t<div class=\"elementor-element elementor-element-b70c435 elementor-widget elementor-widget-image\" data-id=\"b70c435\" data-element_type=\"widget\" data-e-type=\"widget\" data-widget_type=\"image.default\">\n\t\t\t\t\t\t\t\t\t\t\t\t<figure class=\"wp-caption\">\n\t\t\t\t\t\t\t\t\t\t<img fetchpriority=\"high\" decoding=\"async\" width=\"768\" height=\"510\" src=\"https:\/\/soymigrante.com\/revista\/wp-content\/uploads\/2025\/03\/Co\u0301mo-cuidar-tu-piel2-1024x680.jpg\" class=\"attachment-large size-large wp-image-28140\" alt=\"C\u00f3mo cuidar tu piel: Hidrataci\u00f3n y protecci\u00f3n contra el calor\" srcset=\"https:\/\/soymigrante.com\/revista\/wp-content\/uploads\/2025\/03\/Co\u0301mo-cuidar-tu-piel2-1024x680.jpg 1024w, https:\/\/soymigrante.com\/revista\/wp-content\/uploads\/2025\/03\/Co\u0301mo-cuidar-tu-piel2-300x199.jpg 300w, https:\/\/soymigrante.com\/revista\/wp-content\/uploads\/2025\/03\/Co\u0301mo-cuidar-tu-piel2-768x510.jpg 768w, https:\/\/soymigrante.com\/revista\/wp-content\/uploads\/2025\/03\/Co\u0301mo-cuidar-tu-piel2-750x498.webp 750w, https:\/\/soymigrante.com\/revista\/wp-content\/uploads\/2025\/03\/Co\u0301mo-cuidar-tu-piel2-1140x757.webp 1140w, https:\/\/soymigrante.com\/revista\/wp-content\/uploads\/2025\/03\/Co\u0301mo-cuidar-tu-piel2.webp 1280w\" sizes=\"(max-width: 768px) 100vw, 768px\" title=\"C\u00f3mo cuidar tu piel: Hidrataci\u00f3n y protecci\u00f3n contra el calor \u2013 SoyMigrante.com REVISTA\" \/>\t\t\t\t\t\t\t\t\t\t\t<figcaption class=\"widget-image-caption wp-caption-text\">La piel es el \u00f3rgano m\u00e1s grande del cuerpo. (Foto: Pixabay)<\/figcaption>\n\t\t\t\t\t\t\t\t\t\t<\/figure>\n\t\t\t\t\t\t\t\t\t<\/div>\n\t\t\t\t\t<\/div>\n\t\t\t\t<\/div>\n\t\t<div data-particle_enable=\"false\" data-particle-mobile-disabled=\"false\" class=\"elementor-element elementor-element-47ca7d3 e-flex e-con-boxed e-con e-parent\" data-id=\"47ca7d3\" data-element_type=\"container\" data-e-type=\"container\">\n\t\t\t\t\t<div class=\"e-con-inner\">\n\t\t\t\t<div class=\"elementor-element elementor-element-82d4932 elementor-widget elementor-widget-heading\" data-id=\"82d4932\" data-element_type=\"widget\" data-e-type=\"widget\" data-widget_type=\"heading.default\">\n\t\t\t\t\t<h3 class=\"elementor-heading-title elementor-size-default\">2. Protecci\u00f3n contra el calor y el sol<\/h3>\t\t\t\t<\/div>\n\t\t\t\t\t<\/div>\n\t\t\t\t<\/div>\n\t\t<div data-particle_enable=\"false\" data-particle-mobile-disabled=\"false\" class=\"elementor-element elementor-element-803779b e-flex e-con-boxed e-con e-parent\" data-id=\"803779b\" data-element_type=\"container\" data-e-type=\"container\">\n\t\t\t\t\t<div class=\"e-con-inner\">\n\t\t\t\t<div class=\"elementor-element elementor-element-f2cc18b elementor-widget elementor-widget-text-editor\" data-id=\"f2cc18b\" data-element_type=\"widget\" data-e-type=\"widget\" data-widget_type=\"text-editor.default\">\n\t\t\t\t\t\t\t\t\t<div>Las altas temperaturas y la exposici\u00f3n prolongada al sol pueden causar da\u00f1os graves en la piel. Sigue estos consejos para evitar problemas:<\/div><div><strong>\u2022Aplica protector solar:<\/strong> Usa un protector solar de al menos SPF 30 y reapl\u00edcalo cada dos horas, especialmente si sudas o te mojas.<\/div><div><strong>\u2022Usa ropa adecuada:<\/strong> Opta por prendas ligeras y de manga larga, as\u00ed como sombreros y gafas de sol para protegerte de los rayos UV.<\/div><div><strong>\u2022Evita el sol en horas pico:<\/strong> Entre las 10 a. m. y las 4 p. m., la radiaci\u00f3n solar es m\u00e1s intensa. Si es posible, busca sombra o usa un paraguas.<\/div>\t\t\t\t\t\t\t\t<\/div>\n\t\t\t\t\t<\/div>\n\t\t\t\t<\/div>\n\t\t<div data-particle_enable=\"false\" data-particle-mobile-disabled=\"false\" class=\"elementor-element elementor-element-7e1615b e-flex e-con-boxed e-con e-parent\" data-id=\"7e1615b\" data-element_type=\"container\" data-e-type=\"container\">\n\t\t\t\t\t<div class=\"e-con-inner\">\n\t\t\t\t<div class=\"elementor-element elementor-element-3a91a53 elementor-widget elementor-widget-image\" data-id=\"3a91a53\" data-element_type=\"widget\" data-e-type=\"widget\" data-widget_type=\"image.default\">\n\t\t\t\t\t\t\t\t\t\t\t\t<figure class=\"wp-caption\">\n\t\t\t\t\t\t\t\t\t\t<img decoding=\"async\" width=\"768\" height=\"512\" src=\"https:\/\/soymigrante.com\/revista\/wp-content\/uploads\/2025\/03\/Co\u0301mo-cuidar-tu-piel3-1024x682.jpg\" class=\"attachment-large size-large wp-image-28141\" alt=\"C\u00f3mo cuidar tu piel: Hidrataci\u00f3n y protecci\u00f3n contra el calor\" srcset=\"https:\/\/soymigrante.com\/revista\/wp-content\/uploads\/2025\/03\/Co\u0301mo-cuidar-tu-piel3-1024x682.jpg 1024w, https:\/\/soymigrante.com\/revista\/wp-content\/uploads\/2025\/03\/Co\u0301mo-cuidar-tu-piel3-300x200.jpg 300w, https:\/\/soymigrante.com\/revista\/wp-content\/uploads\/2025\/03\/Co\u0301mo-cuidar-tu-piel3-768x512.jpg 768w, https:\/\/soymigrante.com\/revista\/wp-content\/uploads\/2025\/03\/Co\u0301mo-cuidar-tu-piel3-750x500.webp 750w, https:\/\/soymigrante.com\/revista\/wp-content\/uploads\/2025\/03\/Co\u0301mo-cuidar-tu-piel3-1140x760.webp 1140w, https:\/\/soymigrante.com\/revista\/wp-content\/uploads\/2025\/03\/Co\u0301mo-cuidar-tu-piel3.webp 1280w\" sizes=\"(max-width: 768px) 100vw, 768px\" title=\"C\u00f3mo cuidar tu piel: Hidrataci\u00f3n y protecci\u00f3n contra el calor \u2013 SoyMigrante.com REVISTA\" \/>\t\t\t\t\t\t\t\t\t\t\t<figcaption class=\"widget-image-caption wp-caption-text\">La piel se debe cuidar para mantenerla sana e hidratada. (Foto: Pixabay)<\/figcaption>\n\t\t\t\t\t\t\t\t\t\t<\/figure>\n\t\t\t\t\t\t\t\t\t<\/div>\n\t\t\t\t\t<\/div>\n\t\t\t\t<\/div>\n\t\t<div data-particle_enable=\"false\" data-particle-mobile-disabled=\"false\" class=\"elementor-element elementor-element-9e8f101 e-flex e-con-boxed e-con e-parent\" data-id=\"9e8f101\" data-element_type=\"container\" data-e-type=\"container\">\n\t\t\t\t\t<div class=\"e-con-inner\">\n\t\t\t\t<div class=\"elementor-element elementor-element-f47cb9d elementor-widget elementor-widget-heading\" data-id=\"f47cb9d\" data-element_type=\"widget\" data-e-type=\"widget\" data-widget_type=\"heading.default\">\n\t\t\t\t\t<h3 class=\"elementor-heading-title elementor-size-default\">3. Alimentaci\u00f3n y h\u00e1bitos saludables<\/h3>\t\t\t\t<\/div>\n\t\t\t\t\t<\/div>\n\t\t\t\t<\/div>\n\t\t<div data-particle_enable=\"false\" data-particle-mobile-disabled=\"false\" class=\"elementor-element elementor-element-8f483c8 e-flex e-con-boxed e-con e-parent\" data-id=\"8f483c8\" data-element_type=\"container\" data-e-type=\"container\">\n\t\t\t\t\t<div class=\"e-con-inner\">\n\t\t\t\t<div class=\"elementor-element elementor-element-fc3da81 elementor-widget elementor-widget-text-editor\" data-id=\"fc3da81\" data-element_type=\"widget\" data-e-type=\"widget\" data-widget_type=\"text-editor.default\">\n\t\t\t\t\t\t\t\t\t<div><a href=\"https:\/\/soymigrante.com\/revista\/horario-de-verano-2025-cuando-inicia-el-cambio-de-hora\/\" target=\"_blank\" rel=\"noopener\">Lo que comes tambi\u00e9n influye en la salud de tu piel.<\/a> Para fortalecerla desde adentro:<\/div><div><strong>\u2022Consume frutas y verduras:<\/strong> Alimentos ricos en antioxidantes como zanahorias, naranjas y espinacas ayudan a prevenir el da\u00f1o celular.<\/div><div><strong>\u2022Evita el exceso de alcohol y cafe\u00edna:<\/strong> Estas sustancias pueden deshidratar la piel y hacerla m\u00e1s propensa a la resequedad.<\/div><div><strong>\u2022Duerme lo suficiente:<\/strong> Un buen descanso ayuda a la regeneraci\u00f3n celular y mantiene la piel con un aspecto fresco y saludable.<\/div><div>\u00a0<\/div>\t\t\t\t\t\t\t\t<\/div>\n\t\t\t\t\t<\/div>\n\t\t\t\t<\/div>\n\t\t<div data-particle_enable=\"false\" data-particle-mobile-disabled=\"false\" class=\"elementor-element elementor-element-1e6c2c3 e-flex e-con-boxed e-con e-parent\" data-id=\"1e6c2c3\" data-element_type=\"container\" data-e-type=\"container\">\n\t\t\t\t\t<div class=\"e-con-inner\">\n\t\t\t\t<div class=\"elementor-element elementor-element-e34baaf elementor-widget elementor-widget-heading\" data-id=\"e34baaf\" data-element_type=\"widget\" data-e-type=\"widget\" data-widget_type=\"heading.default\">\n\t\t\t\t\t<h2 class=\"elementor-heading-title elementor-size-default\">Conoce otros consejos para cuidar tu cuerpo...<\/h2>\t\t\t\t<\/div>\n\t\t\t\t\t<\/div>\n\t\t\t\t<\/div>\n\t\t<div data-particle_enable=\"false\" data-particle-mobile-disabled=\"false\" class=\"elementor-element elementor-element-edfe46a e-flex e-con-boxed e-con e-parent\" data-id=\"edfe46a\" data-element_type=\"container\" data-e-type=\"container\">\n\t\t\t\t\t<div class=\"e-con-inner\">\n\t\t\t\t<div class=\"elementor-element elementor-element-2e495c0 elementor-grid-eael-col-3 elementor-grid-tablet-eael-col-2 elementor-grid-mobile-eael-col-1 elementor-widget elementor-widget-eael-post-grid\" data-id=\"2e495c0\" data-element_type=\"widget\" data-e-type=\"widget\" data-settings=\"{&quot;eael_post_grid_columns&quot;:&quot;eael-col-3&quot;,&quot;eael_post_grid_columns_tablet&quot;:&quot;eael-col-2&quot;,&quot;eael_post_grid_columns_mobile&quot;:&quot;eael-col-1&quot;}\" data-widget_type=\"eael-post-grid.default\">\n\t\t\t\t\t<div id=\"eael-post-grid-2e495c0\" class=\"eael-post-grid-container\">\n            <div class=\"eael-post-grid eael-post-appender eael-post-appender-2e495c0 eael-post-grid-style-one\" data-layout-mode=\"masonry\"><article class=\"eael-grid-post  eael-post-grid-column eael-pg-post-9400 category-bienestar\" data-id=\"9400\">\n        <div class=\"eael-grid-post-holder\">\n            <div class=\"eael-grid-post-holder-inner\"><div class=\"eael-entry-media\"><div class=\"eael-entry-overlay fade-in\"><i class=\"far fa-hand-pointer\" aria-hidden=\"true\"><\/i><a href=\"https:\/\/soymigrante.com\/revista\/la-diabetes-tipo-2-tambien-afecta-a-ninos-y-adolescentes-en-usa-claves-para-enfrentarla\/\"><\/a><\/div><div class=\"eael-entry-thumbnail \">\n                <img decoding=\"async\" width=\"1024\" height=\"1024\" src=\"https:\/\/soymigrante.com\/revista\/wp-content\/uploads\/2024\/09\/diabetes-soy-migrante3-1024x1024.webp\" class=\"attachment-large size-large wp-image-9413\" alt=\"Niveles altos de glucosa en sangre en un paciente diabetic, monitorizaci\u00f3n de az\u00facar en sangre con gluc\u00f3metro y resultado de niveles altos, salud y diabetes.\" srcset=\"https:\/\/soymigrante.com\/revista\/wp-content\/uploads\/2024\/09\/diabetes-soy-migrante3-1024x1024.webp 1024w, https:\/\/soymigrante.com\/revista\/wp-content\/uploads\/2024\/09\/diabetes-soy-migrante3-300x300.webp 300w, https:\/\/soymigrante.com\/revista\/wp-content\/uploads\/2024\/09\/diabetes-soy-migrante3-150x150.webp 150w, https:\/\/soymigrante.com\/revista\/wp-content\/uploads\/2024\/09\/diabetes-soy-migrante3-768x768.webp 768w, https:\/\/soymigrante.com\/revista\/wp-content\/uploads\/2024\/09\/diabetes-soy-migrante3-1536x1536.webp 1536w, https:\/\/soymigrante.com\/revista\/wp-content\/uploads\/2024\/09\/diabetes-soy-migrante3-scaled.webp 1920w, https:\/\/soymigrante.com\/revista\/wp-content\/uploads\/2024\/09\/diabetes-soy-migrante3-75x75.webp 75w, https:\/\/soymigrante.com\/revista\/wp-content\/uploads\/2024\/09\/diabetes-soy-migrante3-750x750.webp 750w, https:\/\/soymigrante.com\/revista\/wp-content\/uploads\/2024\/09\/diabetes-soy-migrante3-1140x1140.webp 1140w\" sizes=\"(max-width: 1024px) 100vw, 1024px\" \/>\n            <\/div>\n        <\/div><div class=\"eael-entry-wrapper\"><header class=\"eael-entry-header\"><h2 class=\"eael-entry-title\"><a class=\"eael-grid-post-link\" href=\"https:\/\/soymigrante.com\/revista\/la-diabetes-tipo-2-tambien-afecta-a-ninos-y-adolescentes-en-usa-claves-para-enfrentarla\/\" title=\"La diabetes tipo 2 tambi\u00e9n afecta a ni\u00f1os y adolescentes en USA: claves para enfrentarla\">La diabetes tipo 2 tambi\u00e9n afecta a ni\u00f1os y adolescentes en USA: claves para enfrentarla<\/a><\/h2><\/header><div class=\"eael-entry-content\">\n                        <div class=\"eael-grid-post-excerpt\"><a href=\"https:\/\/soymigrante.com\/revista\/la-diabetes-tipo-2-tambien-afecta-a-ninos-y-adolescentes-en-usa-claves-para-enfrentarla\/\" class=\"eael-post-elements-readmore-btn\">CONOCE SU HISTORIA <\/a><\/div>\n                    <\/div><\/div><\/div>\n        <\/div>\n    <\/article><article class=\"eael-grid-post  eael-post-grid-column eael-pg-post-12606 category-bienestar\" data-id=\"12606\">\n        <div class=\"eael-grid-post-holder\">\n            <div class=\"eael-grid-post-holder-inner\"><div class=\"eael-entry-media\"><div class=\"eael-entry-overlay fade-in\"><i class=\"far fa-hand-pointer\" aria-hidden=\"true\"><\/i><a href=\"https:\/\/soymigrante.com\/revista\/salud-bucal-de-los-ninos-migrantes-todo-reto-tiene-una-solucion\/\"><\/a><\/div><div class=\"eael-entry-thumbnail \">\n                <img loading=\"lazy\" decoding=\"async\" width=\"1024\" height=\"1024\" src=\"https:\/\/soymigrante.com\/revista\/wp-content\/uploads\/2024\/11\/Salud-bucal-de-los-nin\u0303os-migrantes-Retos-y-soluciones--scaled-e1731012276108-1024x1024.webp\" class=\"attachment-large size-large wp-image-12608\" alt=\"Salud bucal de los ni\u00f1os migrantes: Retos y soluciones\" srcset=\"https:\/\/soymigrante.com\/revista\/wp-content\/uploads\/2024\/11\/Salud-bucal-de-los-nin\u0303os-migrantes-Retos-y-soluciones--scaled-e1731012276108-1024x1024.webp 1024w, https:\/\/soymigrante.com\/revista\/wp-content\/uploads\/2024\/11\/Salud-bucal-de-los-nin\u0303os-migrantes-Retos-y-soluciones--scaled-e1731012276108-300x300.webp 300w, https:\/\/soymigrante.com\/revista\/wp-content\/uploads\/2024\/11\/Salud-bucal-de-los-nin\u0303os-migrantes-Retos-y-soluciones--scaled-e1731012276108-150x150.webp 150w, https:\/\/soymigrante.com\/revista\/wp-content\/uploads\/2024\/11\/Salud-bucal-de-los-nin\u0303os-migrantes-Retos-y-soluciones--scaled-e1731012276108-768x768.webp 768w, https:\/\/soymigrante.com\/revista\/wp-content\/uploads\/2024\/11\/Salud-bucal-de-los-nin\u0303os-migrantes-Retos-y-soluciones--scaled-e1731012276108-75x75.webp 75w, https:\/\/soymigrante.com\/revista\/wp-content\/uploads\/2024\/11\/Salud-bucal-de-los-nin\u0303os-migrantes-Retos-y-soluciones--scaled-e1731012276108-750x750.webp 750w, https:\/\/soymigrante.com\/revista\/wp-content\/uploads\/2024\/11\/Salud-bucal-de-los-nin\u0303os-migrantes-Retos-y-soluciones--scaled-e1731012276108-1140x1140.webp 1140w, https:\/\/soymigrante.com\/revista\/wp-content\/uploads\/2024\/11\/Salud-bucal-de-los-nin\u0303os-migrantes-Retos-y-soluciones--scaled-e1731012276108.webp 1280w\" sizes=\"(max-width: 1024px) 100vw, 1024px\" \/>\n            <\/div>\n        <\/div><div class=\"eael-entry-wrapper\"><header class=\"eael-entry-header\"><h2 class=\"eael-entry-title\"><a class=\"eael-grid-post-link\" href=\"https:\/\/soymigrante.com\/revista\/salud-bucal-de-los-ninos-migrantes-todo-reto-tiene-una-solucion\/\" title=\"Salud bucal de los ni\u00f1os migrantes: todo reto tiene una soluci\u00f3n\">Salud bucal de los ni\u00f1os migrantes: todo reto tiene una soluci\u00f3n<\/a><\/h2><\/header><div class=\"eael-entry-content\">\n                        <div class=\"eael-grid-post-excerpt\"><a href=\"https:\/\/soymigrante.com\/revista\/salud-bucal-de-los-ninos-migrantes-todo-reto-tiene-una-solucion\/\" class=\"eael-post-elements-readmore-btn\">CONOCE SU HISTORIA <\/a><\/div>\n                    <\/div><\/div><\/div>\n        <\/div>\n    <\/article><article class=\"eael-grid-post  eael-post-grid-column eael-pg-post-8116 category-bienestar\" data-id=\"8116\">\n        <div class=\"eael-grid-post-holder\">\n            <div class=\"eael-grid-post-holder-inner\"><div class=\"eael-entry-media\"><div class=\"eael-entry-overlay fade-in\"><i class=\"far fa-hand-pointer\" aria-hidden=\"true\"><\/i><a href=\"https:\/\/soymigrante.com\/revista\/vacunas-son-vitales-para-ninos-sean-o-no-migrantes-en-ee-uu\/\"><\/a><\/div><div class=\"eael-entry-thumbnail \">\n                <img loading=\"lazy\" decoding=\"async\" width=\"814\" height=\"814\" src=\"https:\/\/soymigrante.com\/revista\/wp-content\/uploads\/2024\/08\/vacunacion-ninos-e1724080565706.webp\" class=\"attachment-large size-large wp-image-8148\" alt=\"Ni\u00f1a jugando con bal\u00f3n de f\u00fatbol en parque, disfrutando de actividades deportivas para ni\u00f1os.\" srcset=\"https:\/\/soymigrante.com\/revista\/wp-content\/uploads\/2024\/08\/vacunacion-ninos-e1724080565706.webp 814w, https:\/\/soymigrante.com\/revista\/wp-content\/uploads\/2024\/08\/vacunacion-ninos-e1724080565706-300x300.webp 300w, https:\/\/soymigrante.com\/revista\/wp-content\/uploads\/2024\/08\/vacunacion-ninos-e1724080565706-150x150.webp 150w, https:\/\/soymigrante.com\/revista\/wp-content\/uploads\/2024\/08\/vacunacion-ninos-e1724080565706-768x768.webp 768w, https:\/\/soymigrante.com\/revista\/wp-content\/uploads\/2024\/08\/vacunacion-ninos-e1724080565706-75x75.webp 75w, https:\/\/soymigrante.com\/revista\/wp-content\/uploads\/2024\/08\/vacunacion-ninos-e1724080565706-750x750.webp 750w\" sizes=\"(max-width: 814px) 100vw, 814px\" \/>\n            <\/div>\n        <\/div><div class=\"eael-entry-wrapper\"><header class=\"eael-entry-header\"><h2 class=\"eael-entry-title\"><a class=\"eael-grid-post-link\" href=\"https:\/\/soymigrante.com\/revista\/vacunas-son-vitales-para-ninos-sean-o-no-migrantes-en-ee-uu\/\" title=\"Vacunas son vitales para ni\u00f1os, sean o no migrantes en EE.UU.\">Vacunas son vitales para ni\u00f1os, sean o no migrantes en EE.UU.<\/a><\/h2><\/header><div class=\"eael-entry-content\">\n                        <div class=\"eael-grid-post-excerpt\"><a href=\"https:\/\/soymigrante.com\/revista\/vacunas-son-vitales-para-ninos-sean-o-no-migrantes-en-ee-uu\/\" class=\"eael-post-elements-readmore-btn\">CONOCE SU HISTORIA <\/a><\/div>\n                    <\/div><\/div><\/div>\n        <\/div>\n    <\/article><\/div>\n            <div class=\"clearfix\"><\/div>\n        <\/div>\t\t\t\t<\/div>\n\t\t\t\t\t<\/div>\n\t\t\t\t<\/div>\n\t\t\t\t<\/div>\n\t\t","protected":false},"excerpt":{"rendered":"<p>Cuidar la piel es una rutina diaria que requiere constancia. Siguiendo estos consejos, podr\u00e1s mantenerla hidratada, protegida y radiante, incluso en los d\u00edas m\u00e1s calurosos. La piel es el \u00f3rgano m\u00e1s grande del cuerpo y requiere cuidados constantes para mantenerse saludable. La exposici\u00f3n prolongada al sol y al calor puede provocar deshidrataci\u00f3n, envejecimiento prematuro y [&hellip;]<\/p>\n","protected":false},"author":19,"featured_media":28135,"comment_status":"open","ping_status":"open","sticky":false,"template":"","format":"standard","meta":{"_acf_changed":false,"_eb_attr":"","footnotes":""},"categories":[55],"tags":[],"class_list":["post-28134","post","type-post","status-publish","format-standard","has-post-thumbnail","hentry","category-bienestar"],"acf":[],"aioseo_notices":[],"aioseo_head":"\n\t\t<!-- All in One SEO Pro 4.9.6.2 - aioseo.com -->\n\t<meta name=\"description\" content=\"Los migrantes en EE.UU. no deben descuidar la salud de sus hijos menores de 5 a\u00f1os y vacunarlos es un factor fundamental. Algunos datos sobre el esquema de inmunizaci\u00f3n.\" \/>\n\t<meta name=\"robots\" content=\"max-snippet:-1, max-image-preview:large, max-video-preview:-1\" \/>\n\t<meta name=\"author\" content=\"Beatriz Tercero\"\/>\n\t<link rel=\"canonical\" href=\"https:\/\/soymigrante.com\/revista\/vacunas-son-vitales-para-ninos-sean-o-no-migrantes-en-ee-uu\/\" \/>\n\t<meta name=\"generator\" content=\"All in One SEO Pro (AIOSEO) 4.9.6.2\" \/>\n\n\t\t<link rel=\"preconnect\" href=\"https:\/\/fonts.googleapis.com\" crossorigin>\n<link rel=\"preconnect\" href=\"https:\/\/fonts.gstatic.com\" crossorigin>\n\t\t<meta property=\"og:locale\" content=\"es_ES\" \/>\n\t\t<meta property=\"og:site_name\" content=\"SoyMigrante.com REVISTA \u2013 Nuestra misi\u00f3n es reconocer y dignificar al migrante.\" \/>\n\t\t<meta property=\"og:type\" content=\"article\" \/>\n\t\t<meta property=\"og:title\" content=\"Vacunaci\u00f3n de ni\u00f1os en USA: sean o no migrantes, las necesitan\" \/>\n\t\t<meta property=\"og:description\" content=\"Los migrantes en EE.UU. no deben descuidar la salud de sus hijos menores de 5 a\u00f1os y vacunarlos es un factor fundamental. Algunos datos sobre el esquema de inmunizaci\u00f3n.\" \/>\n\t\t<meta property=\"og:url\" content=\"https:\/\/soymigrante.com\/revista\/vacunas-son-vitales-para-ninos-sean-o-no-migrantes-en-ee-uu\/\" \/>\n\t\t<meta property=\"og:image\" content=\"https:\/\/soymigrante.com\/revista\/wp-content\/uploads\/2024\/08\/vacunacion-ninos-e1724080565706.webp\" \/>\n\t\t<meta property=\"og:image:secure_url\" content=\"https:\/\/soymigrante.com\/revista\/wp-content\/uploads\/2024\/08\/vacunacion-ninos-e1724080565706.webp\" \/>\n\t\t<meta property=\"og:image:width\" content=\"814\" \/>\n\t\t<meta property=\"og:image:height\" content=\"814\" \/>\n\t\t<meta property=\"article:published_time\" content=\"2024-10-01T17:22:00+00:00\" \/>\n\t\t<meta property=\"article:modified_time\" content=\"2024-10-01T17:22:01+00:00\" \/>\n\t\t<meta property=\"article:publisher\" content=\"https:\/\/www.facebook.com\/soymigrantecom\" \/>\n\t\t<meta name=\"twitter:card\" content=\"summary_large_image\" \/>\n\t\t<meta name=\"twitter:site\" content=\"@SoyMigrante_com\" \/>\n\t\t<meta name=\"twitter:title\" content=\"Vacunaci\u00f3n de ni\u00f1os en USA: sean o no migrantes, las necesitan\" \/>\n\t\t<meta name=\"twitter:description\" content=\"Los migrantes en EE.UU. no deben descuidar la salud de sus hijos menores de 5 a\u00f1os y vacunarlos es un factor fundamental. Algunos datos sobre el esquema de inmunizaci\u00f3n.\" \/>\n\t\t<meta name=\"twitter:creator\" content=\"@SoyMigrante_com\" \/>\n\t\t<meta name=\"twitter:image\" content=\"https:\/\/soymigrante.com\/revista\/wp-content\/uploads\/2024\/08\/vacunacion-ninos-e1724080565706.webp\" \/>\n\t\t<!-- All in One SEO Pro -->\r\n\t\t<title>Vacunaci\u00f3n de ni\u00f1os en USA: sean o no migrantes, las necesitan<\/title>\n\n","aioseo_head_json":{"title":"Vacunaci\u00f3n de ni\u00f1os en USA: sean o no migrantes, las necesitan","description":"Los migrantes en EE.UU. no deben descuidar la salud de sus hijos menores de 5 a\u00f1os y vacunarlos es un factor fundamental. Algunos datos sobre el esquema de inmunizaci\u00f3n.","canonical_url":"https:\/\/soymigrante.com\/revista\/vacunas-son-vitales-para-ninos-sean-o-no-migrantes-en-ee-uu\/","robots":"max-snippet:-1, max-image-preview:large, max-video-preview:-1","keywords":"","webmasterTools":{"miscellaneous":"&lt;link rel=\"preconnect\" href=\"https:\/\/fonts.googleapis.com\" crossorigin&gt;\n&lt;link rel=\"preconnect\" href=\"https:\/\/fonts.gstatic.com\" crossorigin&gt;"},"schema":null,"og:locale":"es_ES","og:site_name":"SoyMigrante.com REVISTA \u2013 Nuestra misi\u00f3n es reconocer y dignificar al migrante.","og:type":"article","og:title":"Vacunaci\u00f3n de ni\u00f1os en USA: sean o no migrantes, las necesitan","og:description":"Los migrantes en EE.UU. no deben descuidar la salud de sus hijos menores de 5 a\u00f1os y vacunarlos es un factor fundamental. Algunos datos sobre el esquema de inmunizaci\u00f3n.","og:url":"https:\/\/soymigrante.com\/revista\/vacunas-son-vitales-para-ninos-sean-o-no-migrantes-en-ee-uu\/","og:image":"https:\/\/soymigrante.com\/revista\/wp-content\/uploads\/2024\/08\/vacunacion-ninos-e1724080565706.webp","og:image:secure_url":"https:\/\/soymigrante.com\/revista\/wp-content\/uploads\/2024\/08\/vacunacion-ninos-e1724080565706.webp","og:image:width":814,"og:image:height":814,"article:published_time":"2024-10-01T17:22:00+00:00","article:modified_time":"2024-10-01T17:22:01+00:00","article:publisher":"https:\/\/www.facebook.com\/soymigrantecom","twitter:card":"summary_large_image","twitter:site":"@SoyMigrante_com","twitter:title":"Vacunaci\u00f3n de ni\u00f1os en USA: sean o no migrantes, las necesitan","twitter:description":"Los migrantes en EE.UU. no deben descuidar la salud de sus hijos menores de 5 a\u00f1os y vacunarlos es un factor fundamental. Algunos datos sobre el esquema de inmunizaci\u00f3n.","twitter:creator":"@SoyMigrante_com","twitter:image":"https:\/\/soymigrante.com\/revista\/wp-content\/uploads\/2024\/08\/vacunacion-ninos-e1724080565706.webp"},"aioseo_meta_data":{"post_id":"28134","title":null,"description":"Cuidar la piel es una rutina diaria que requiere constancia. Siguiendo estos consejos, podr\u00e1s mantenerla radiante.","keywords":null,"keyphrases":{"focus":{"keyphrase":"piel","score":78,"analysis":{"keyphraseInTitle":{"score":9,"maxScore":9,"error":0},"keyphraseInDescription":{"score":9,"maxScore":9,"error":0},"keyphraseLength":{"score":9,"maxScore":9,"error":0,"length":1},"keyphraseInURL":{"score":5,"maxScore":5,"error":0},"keyphraseInIntroduction":{"score":9,"maxScore":9,"error":0},"keyphraseInSubHeadings":{"score":3,"maxScore":9,"error":1},"keyphraseInImageAlt":{"score":9,"maxScore":9,"error":0},"keywordDensity":{"type":"high","score":0,"maxScore":9,"error":1}}},"additional":[{"keyphrase":"piel","score":80,"analysis":{"keyphraseInDescription":{"score":9,"maxScore":9,"error":0},"keyphraseLength":{"score":9,"maxScore":9,"error":0,"length":1},"keyphraseInIntroduction":{"score":9,"maxScore":9,"error":0},"keyphraseInImageAlt":{"score":9,"maxScore":9,"error":0},"keywordDensity":{"type":"high","score":0,"maxScore":9,"error":1}}}]},"primary_term":null,"canonical_url":null,"og_title":null,"og_description":null,"og_object_type":"default","og_image_type":"default","og_image_url":null,"og_image_width":null,"og_image_height":null,"og_image_custom_url":null,"og_image_custom_fields":null,"og_video":"","og_custom_url":null,"og_article_section":null,"og_article_tags":null,"twitter_use_og":false,"twitter_card":"default","twitter_image_type":"default","twitter_image_url":null,"twitter_image_custom_url":null,"twitter_image_custom_fields":null,"twitter_title":null,"twitter_description":null,"schema":{"blockGraphs":[],"customGraphs":[],"default":{"data":{"Article":[],"Course":[],"Dataset":[],"FAQPage":[],"Movie":[],"Person":[],"Product":[],"ProductReview":[],"Car":[],"Recipe":[],"Service":[],"SoftwareApplication":[],"WebPage":[]},"graphName":"BlogPosting","isEnabled":true},"graphs":[]},"schema_type":"default","schema_type_options":null,"pillar_content":false,"robots_default":true,"robots_noindex":false,"robots_noarchive":false,"robots_nosnippet":false,"robots_nofollow":false,"robots_noimageindex":false,"robots_noodp":false,"robots_notranslate":false,"robots_max_snippet":"-1","robots_max_videopreview":"-1","robots_max_imagepreview":"large","priority":null,"frequency":"default","local_seo":null,"seo_analyzer_scan_date":"2025-10-09 03:26:53","breadcrumb_settings":null,"limit_modified_date":false,"reviewed_by":null,"open_ai":"{\"title\":{\"suggestions\":[],\"usage\":0},\"description\":{\"suggestions\":[],\"usage\":0}}","ai":null,"created":"2025-03-13 19:15:56","updated":"2026-02-04 22:12:47"},"aioseo_breadcrumb":"<div class=\"aioseo-breadcrumbs\"><span class=\"aioseo-breadcrumb\">\n\t<a href=\"https:\/\/soymigrante.com\/revista\" title=\"Home\">Home<\/a>\n<\/span><span class=\"aioseo-breadcrumb-separator\">\u00bb<\/span><span class=\"aioseo-breadcrumb\">\n\t<a href=\"https:\/\/soymigrante.com\/revista\/category\/bienestar\/\" title=\"Bienestar\">Bienestar<\/a>\n<\/span><span class=\"aioseo-breadcrumb-separator\">\u00bb<\/span><span class=\"aioseo-breadcrumb\">\n\tC\u00f3mo cuidar tu piel: Hidrataci\u00f3n y protecci\u00f3n contra el calor\n<\/span><\/div>","aioseo_breadcrumb_json":[{"label":"Home","link":"https:\/\/soymigrante.com\/revista"},{"label":"Bienestar","link":"https:\/\/soymigrante.com\/revista\/category\/bienestar\/"},{"label":"C\u00f3mo cuidar tu piel: Hidrataci\u00f3n y protecci\u00f3n contra el calor","link":"https:\/\/soymigrante.com\/revista\/como-cuidar-tu-piel-hidratacion-y-proteccion-contra-el-calor\/"}],"_links":{"self":[{"href":"https:\/\/soymigrante.com\/revista\/wp-json\/wp\/v2\/posts\/28134","targetHints":{"allow":["GET"]}}],"collection":[{"href":"https:\/\/soymigrante.com\/revista\/wp-json\/wp\/v2\/posts"}],"about":[{"href":"https:\/\/soymigrante.com\/revista\/wp-json\/wp\/v2\/types\/post"}],"author":[{"embeddable":true,"href":"https:\/\/soymigrante.com\/revista\/wp-json\/wp\/v2\/users\/19"}],"replies":[{"embeddable":true,"href":"https:\/\/soymigrante.com\/revista\/wp-json\/wp\/v2\/comments?post=28134"}],"version-history":[{"count":0,"href":"https:\/\/soymigrante.com\/revista\/wp-json\/wp\/v2\/posts\/28134\/revisions"}],"wp:featuredmedia":[{"embeddable":true,"href":"https:\/\/soymigrante.com\/revista\/wp-json\/wp\/v2\/media\/28135"}],"wp:attachment":[{"href":"https:\/\/soymigrante.com\/revista\/wp-json\/wp\/v2\/media?parent=28134"}],"wp:term":[{"taxonomy":"category","embeddable":true,"href":"https:\/\/soymigrante.com\/revista\/wp-json\/wp\/v2\/categories?post=28134"},{"taxonomy":"post_tag","embeddable":true,"href":"https:\/\/soymigrante.com\/revista\/wp-json\/wp\/v2\/tags?post=28134"}],"curies":[{"name":"wp","href":"https:\/\/api.w.org\/{rel}","templated":true}]}}