{"id":28118,"date":"2025-03-13T10:47:31","date_gmt":"2025-03-13T16:47:31","guid":{"rendered":"https:\/\/soymigrante.com\/revista\/?p=28118"},"modified":"2025-09-10T13:19:31","modified_gmt":"2025-09-10T19:19:31","slug":"estreno-del-himno-nacional-de-guatemala-en-1897-fue-revivido-en-el-conservatorio-de-musica-escuchalo","status":"publish","type":"post","link":"https:\/\/soymigrante.com\/revista\/estreno-del-himno-nacional-de-guatemala-en-1897-fue-revivido-en-el-conservatorio-de-musica-escuchalo\/","title":{"rendered":"Estreno del Himno Nacional de Guatemala en 1897 fue revivido en el Conservatorio de M\u00fasica \u00a1Esc\u00fachalo!"},"content":{"rendered":"\t\t<div data-elementor-type=\"wp-post\" data-elementor-id=\"28118\" class=\"elementor elementor-28118\" data-elementor-post-type=\"post\">\n\t\t\t\t<div data-particle_enable=\"false\" data-particle-mobile-disabled=\"false\" class=\"elementor-element elementor-element-04358be e-flex e-con-boxed e-con e-parent\" data-id=\"04358be\" data-element_type=\"container\" data-e-type=\"container\">\n\t\t\t\t\t<div class=\"e-con-inner\">\n\t\t\t\t<div class=\"elementor-element elementor-element-56f97af elementor-widget elementor-widget-heading\" data-id=\"56f97af\" data-element_type=\"widget\" data-e-type=\"widget\" data-widget_type=\"heading.default\">\n\t\t\t\t\t<h2 class=\"elementor-heading-title elementor-size-default\">Si eres guatemalteco seguro te has preguntado \u00bfC\u00f3mo son\u00f3 el Himno Nacional de Guatemala en su estreno aquel 14 de marzo de 1897? Estudiantes del coro del Conservatorio Nacional y la Banda Marcial de Guatemala recrearon aquel momento con motivo del aniversario 128 de este s\u00edmbolo nacional. \u00a1Esc\u00fachalo!<\/h2>\t\t\t\t<\/div>\n\t\t\t\t\t<\/div>\n\t\t\t\t<\/div>\n\t\t<div data-particle_enable=\"false\" data-particle-mobile-disabled=\"false\" class=\"elementor-element elementor-element-39aadd3 e-flex e-con-boxed e-con e-parent\" data-id=\"39aadd3\" data-element_type=\"container\" data-e-type=\"container\">\n\t\t\t\t\t<div class=\"e-con-inner\">\n\t\t\t\t<div class=\"elementor-element elementor-element-2c74228 elementor-widget elementor-widget-text-editor\" data-id=\"2c74228\" data-element_type=\"widget\" data-e-type=\"widget\" data-widget_type=\"text-editor.default\">\n\t\t\t\t\t\t\t\t\t<p>Fue un momento emocionante y patri\u00f3tico: El coro del Conservatorio Nacional cant\u00f3 el Himno Nacional por primera vez el 14 de marzo de 1897. Por ese motivo, el 12 de marzo de 2025, estudiantes revivieron aquella ocasi\u00f3n hist\u00f3rica junto a la Banda Marcial de Guatemala, que tambi\u00e9n particip\u00f3 en aquel estreno 128 a\u00f1os atr\u00e1s.<\/p><p><span style=\"color: var( --e-global-color-text ); text-align: var(--text-align);\">Fueron semanas de preparaci\u00f3n y pr\u00e1ctica, con esfuerzo y alta exigencia. Bajo la direcci\u00f3n de maestros , se llev\u00f3 a cabo esta representaci\u00f3n memorable\u00a0<\/span><span style=\"color: var( --e-global-color-text ); text-align: var(--text-align);\">en el auditorio Germ\u00e1n Alc\u00e1ntara del Conservatorio, en al zona 1 de Guatemala. Tambi\u00e9n participaron integrantes del coro de la Escuela Municipal de M\u00fasica de San Lucas Sacatep\u00e9quez.<\/span><\/p><p><span style=\"color: var( --e-global-color-text ); text-align: var(--text-align);\">Al final de esta nota est\u00e1 un video de la presentaci\u00f3n por si deseas verla, escucharla y recrear aquellos momentos que hicieron historia patria hace 128 a\u00f1os.\u00a0<\/span><\/p>\t\t\t\t\t\t\t\t<\/div>\n\t\t\t\t\t<\/div>\n\t\t\t\t<\/div>\n\t\t<div data-particle_enable=\"false\" data-particle-mobile-disabled=\"false\" class=\"elementor-element elementor-element-c996643 e-flex e-con-boxed e-con e-parent\" data-id=\"c996643\" data-element_type=\"container\" data-e-type=\"container\">\n\t\t\t\t\t<div class=\"e-con-inner\">\n\t\t\t\t<div class=\"elementor-element elementor-element-33c5b94 elementor-widget elementor-widget-heading\" data-id=\"33c5b94\" data-element_type=\"widget\" data-e-type=\"widget\" data-widget_type=\"heading.default\">\n\t\t\t\t\t<h4 class=\"elementor-heading-title elementor-size-default\">Gabriel Yela, maestro del Conservatorio registr\u00f3  la hist\u00f3rica presentaci\u00f3n<\/h4>\t\t\t\t<\/div>\n\t\t\t\t\t<\/div>\n\t\t\t\t<\/div>\n\t\t<div data-particle_enable=\"false\" data-particle-mobile-disabled=\"false\" class=\"elementor-element elementor-element-961ab6c e-flex e-con-boxed e-con e-parent\" data-id=\"961ab6c\" data-element_type=\"container\" data-e-type=\"container\">\n\t\t\t\t\t<div class=\"e-con-inner\">\n\t\t\t\t<div class=\"elementor-element elementor-element-34d65a6 elementor-widget elementor-widget-html\" data-id=\"34d65a6\" data-element_type=\"widget\" data-e-type=\"widget\" data-widget_type=\"html.default\">\n\t\t\t\t\t<iframe width=\"560\" height=\"415\" src=\"https:\/\/www.youtube.com\/embed\/5ns--dbkMMU?si=xcnMNCun5pK8ENr9\" title=\"YouTube video player\" frameborder=\"0\" allow=\"accelerometer; autoplay; clipboard-write; encrypted-media; gyroscope; picture-in-picture; web-share\" referrerpolicy=\"strict-origin-when-cross-origin\" allowfullscreen><\/iframe>\t\t\t\t<\/div>\n\t\t\t\t\t<\/div>\n\t\t\t\t<\/div>\n\t\t<div data-particle_enable=\"false\" data-particle-mobile-disabled=\"false\" class=\"elementor-element elementor-element-14b3e6a e-flex e-con-boxed e-con e-parent\" data-id=\"14b3e6a\" data-element_type=\"container\" data-e-type=\"container\">\n\t\t\t\t\t<div class=\"e-con-inner\">\n\t\t\t\t<div class=\"elementor-element elementor-element-9c90fff elementor-widget elementor-widget-heading\" data-id=\"9c90fff\" data-element_type=\"widget\" data-e-type=\"widget\" data-widget_type=\"heading.default\">\n\t\t\t\t\t<h3 class=\"elementor-heading-title elementor-size-default\">Gran emoci\u00f3n de los estudiantes<\/h3>\t\t\t\t<\/div>\n\t\t\t\t\t<\/div>\n\t\t\t\t<\/div>\n\t\t<div data-particle_enable=\"false\" data-particle-mobile-disabled=\"false\" class=\"elementor-element elementor-element-972d8a3 e-flex e-con-boxed e-con e-parent\" data-id=\"972d8a3\" data-element_type=\"container\" data-e-type=\"container\">\n\t\t\t\t\t<div class=\"e-con-inner\">\n\t\t\t\t<div class=\"elementor-element elementor-element-fe59d48 elementor-widget elementor-widget-text-editor\" data-id=\"fe59d48\" data-element_type=\"widget\" data-e-type=\"widget\" data-widget_type=\"text-editor.default\">\n\t\t\t\t\t\t\t\t\t<p><span style=\"color: var( --e-global-color-text ); text-align: var(--text-align);\">&#8220;Los j\u00f3venes integrantes del coro participaron muy emocionados de este evento, tal y como se sintieron seguramente los j\u00f3venes hace 128 a\u00f1os cuando cantaron por primera vez ante el gabinete de gobierno del presidente general Jos\u00e9 Mar\u00eda Reyna Barrios, cuerpo diplom\u00e1tico y un gran p\u00fablico deseoso de escuchar el Himno Nacional, por primera vez&#8221;, expresa el maestro Vinicio Quezada, catedr\u00e1tico del Conservatorio Nacional de M\u00fasica.<\/span><\/p><p>En el piano estuvo a cargo el estudiante de cuarto grado Dante Yela. &#8220;Es un talentoso alumno del maestro Osmar Meli\u00e1. Con tan solo 10 a\u00f1os promete en el futuro ser una figura destacada dentro el \u00e1mbito \u00e1rt\u00edstico musical&#8221;, agrega Quezada, quien destaca que as\u00ed como \u00e9l hay muchos ni\u00f1os talentosos de diversos instrumentos musicales.\u00a0<\/p>\t\t\t\t\t\t\t\t<\/div>\n\t\t\t\t\t<\/div>\n\t\t\t\t<\/div>\n\t\t<div data-particle_enable=\"false\" data-particle-mobile-disabled=\"false\" class=\"elementor-element elementor-element-14f15ec e-flex e-con-boxed e-con e-parent\" data-id=\"14f15ec\" data-element_type=\"container\" data-e-type=\"container\">\n\t\t\t\t\t<div class=\"e-con-inner\">\n\t\t\t\t<div class=\"elementor-element elementor-element-3d029c4 elementor-widget elementor-widget-heading\" data-id=\"3d029c4\" data-element_type=\"widget\" data-e-type=\"widget\" data-widget_type=\"heading.default\">\n\t\t\t\t\t<h4 class=\"elementor-heading-title elementor-size-default\">Este fue uno de los ensayos corales para el concierto<\/h4>\t\t\t\t<\/div>\n\t\t\t\t\t<\/div>\n\t\t\t\t<\/div>\n\t\t<div data-particle_enable=\"false\" data-particle-mobile-disabled=\"false\" class=\"elementor-element elementor-element-fbab01c e-flex e-con-boxed e-con e-parent\" data-id=\"fbab01c\" data-element_type=\"container\" data-e-type=\"container\">\n\t\t\t\t\t<div class=\"e-con-inner\">\n\t\t\t\t<div class=\"elementor-element elementor-element-888aa0e elementor-widget elementor-widget-html\" data-id=\"888aa0e\" data-element_type=\"widget\" data-e-type=\"widget\" data-widget_type=\"html.default\">\n\t\t\t\t\t<iframe src=\"https:\/\/www.facebook.com\/plugins\/video.php?height=476&href=https%3A%2F%2Fwww.facebook.com%2Fvinicio.quezada.7%2Fvideos%2F4002648923392438%2F&show_text=true&width=267&t=0\" width=\"267\" height=\"591\" style=\"border:none;overflow:hidden\" scrolling=\"no\" frameborder=\"0\" allowfullscreen=\"true\" allow=\"autoplay; clipboard-write; encrypted-media; picture-in-picture; web-share\" allowFullScreen=\"true\"><\/iframe>\t\t\t\t<\/div>\n\t\t\t\t\t<\/div>\n\t\t\t\t<\/div>\n\t\t<div data-particle_enable=\"false\" data-particle-mobile-disabled=\"false\" class=\"elementor-element elementor-element-7c2748c e-flex e-con-boxed e-con e-parent\" data-id=\"7c2748c\" data-element_type=\"container\" data-e-type=\"container\">\n\t\t\t\t\t<div class=\"e-con-inner\">\n\t\t\t\t<div class=\"elementor-element elementor-element-32dc8d0 elementor-widget elementor-widget-text-editor\" data-id=\"32dc8d0\" data-element_type=\"widget\" data-e-type=\"widget\" data-widget_type=\"text-editor.default\">\n\t\t\t\t\t\t\t\t\t<p><span style=\"color: var( --e-global-color-text ); text-align: var(--text-align);\"><b>\u00bfC\u00f3mo surgi\u00f3 la idea de esta presentaci\u00f3n?<\/b><\/span><\/p><p>La idea de conmemorar la primera vez que se cant\u00f3 el Himno Nacional de Guatemala es un proyecto did\u00e1ctico que forma parte del curso de Practica coral del Conservatorio. &#8220;La mayor\u00eda de nuestros estudiantes no sab\u00eda, hasta ahora, que el coro del Conservatorio habia estrenado el Himno Nacional. Y por eso est\u00e1n verdaderamente emocionados&#8221;, dice Quezada.<\/p>\t\t\t\t\t\t\t\t<\/div>\n\t\t\t\t\t<\/div>\n\t\t\t\t<\/div>\n\t\t<div data-particle_enable=\"false\" data-particle-mobile-disabled=\"false\" class=\"elementor-element elementor-element-a859be8 e-flex e-con-boxed e-con e-parent\" data-id=\"a859be8\" data-element_type=\"container\" data-e-type=\"container\">\n\t\t\t\t\t<div class=\"e-con-inner\">\n\t\t\t\t<div class=\"elementor-element elementor-element-8b2be4f elementor-widget elementor-widget-html\" data-id=\"8b2be4f\" data-element_type=\"widget\" data-e-type=\"widget\" data-widget_type=\"html.default\">\n\t\t\t\t\t<iframe src=\"https:\/\/www.facebook.com\/plugins\/video.php?height=476&href=https%3A%2F%2Fwww.facebook.com%2Fvinicio.quezada.7%2Fvideos%2F1823041965156790%2F&show_text=true&width=267&t=0\" width=\"267\" height=\"591\" style=\"border:none;overflow:hidden\" scrolling=\"no\" frameborder=\"0\" allowfullscreen=\"true\" allow=\"autoplay; clipboard-write; encrypted-media; picture-in-picture; web-share\" allowFullScreen=\"true\"><\/iframe>\t\t\t\t<\/div>\n\t\t\t\t\t<\/div>\n\t\t\t\t<\/div>\n\t\t<div data-particle_enable=\"false\" data-particle-mobile-disabled=\"false\" class=\"elementor-element elementor-element-3f2be1f e-flex e-con-boxed e-con e-parent\" data-id=\"3f2be1f\" data-element_type=\"container\" data-e-type=\"container\">\n\t\t\t\t\t<div class=\"e-con-inner\">\n\t\t\t\t<div class=\"elementor-element elementor-element-a7309b4 elementor-widget elementor-widget-text-editor\" data-id=\"a7309b4\" data-element_type=\"widget\" data-e-type=\"widget\" data-widget_type=\"text-editor.default\">\n\t\t\t\t\t\t\t\t\t<p><b style=\"color: var( --e-global-color-text ); text-align: var(--text-align);\">\u00bfCu\u00e1l fue el mayor desaf\u00edo?<\/b><\/p><p>Primero, la preparaci\u00f3n t\u00e9cnica coral, dice Quezada: &#8220;Los estudiantes se deben aprender el Himno a cuatro voces distintas&#8221;. Luego tambi\u00e9n hubo otro reto: &#8220;La fusion con\u00a0 la banda marcial, al cual agradecemos su apoyo en este proyecto, pero que es realmente clave para revivir como fue realmente el estreno del Himno en 1887&#8221;.<\/p>\t\t\t\t\t\t\t\t<\/div>\n\t\t\t\t\t<\/div>\n\t\t\t\t<\/div>\n\t\t<div data-particle_enable=\"false\" data-particle-mobile-disabled=\"false\" class=\"elementor-element elementor-element-5d883a6 e-flex e-con-boxed e-con e-parent\" data-id=\"5d883a6\" data-element_type=\"container\" data-e-type=\"container\">\n\t\t\t\t\t<div class=\"e-con-inner\">\n\t\t\t\t<div class=\"elementor-element elementor-element-8bb1818 elementor-widget elementor-widget-heading\" data-id=\"8bb1818\" data-element_type=\"widget\" data-e-type=\"widget\" data-widget_type=\"heading.default\">\n\t\t\t\t\t<h2 class=\"elementor-heading-title elementor-size-default\">M\u00e1s sobre el Himno Nacional de Guatemala y S\u00edmbolos Patrios<\/h2>\t\t\t\t<\/div>\n\t\t\t\t\t<\/div>\n\t\t\t\t<\/div>\n\t\t<div data-particle_enable=\"false\" data-particle-mobile-disabled=\"false\" class=\"elementor-element elementor-element-73de4a4 e-flex e-con-boxed e-con e-parent\" data-id=\"73de4a4\" data-element_type=\"container\" data-e-type=\"container\">\n\t\t\t\t\t<div class=\"e-con-inner\">\n\t\t\t\t<div class=\"elementor-element elementor-element-5f06728 elementor-grid-eael-col-3 elementor-grid-tablet-eael-col-2 elementor-grid-mobile-eael-col-1 elementor-widget elementor-widget-eael-post-grid\" data-id=\"5f06728\" data-element_type=\"widget\" data-e-type=\"widget\" data-settings=\"{&quot;eael_post_grid_columns&quot;:&quot;eael-col-3&quot;,&quot;eael_post_grid_columns_tablet&quot;:&quot;eael-col-2&quot;,&quot;eael_post_grid_columns_mobile&quot;:&quot;eael-col-1&quot;}\" data-widget_type=\"eael-post-grid.default\">\n\t\t\t\t\t<div id=\"eael-post-grid-5f06728\" class=\"eael-post-grid-container\">\n            <div class=\"eael-post-grid eael-post-appender eael-post-appender-5f06728 eael-post-grid-style-one\" data-layout-mode=\"masonry\"><article class=\"eael-grid-post  eael-post-grid-column eael-pg-post-3242 category-simbolos-patrios-guate-nuestra\" data-id=\"3242\">\n        <div class=\"eael-grid-post-holder\">\n            <div class=\"eael-grid-post-holder-inner\"><div class=\"eael-entry-media\"><div class=\"eael-entry-overlay fade-in\"><i class=\"far fa-hand-pointer\" aria-hidden=\"true\"><\/i><a href=\"https:\/\/soymigrante.com\/revista\/himno-nacional-de-guatemala-6-fechas-que-todo-guatemalteco-debe-conocer\/\"><\/a><\/div><div class=\"eael-entry-thumbnail \">\n                <img fetchpriority=\"high\" decoding=\"async\" width=\"698\" height=\"727\" src=\"https:\/\/soymigrante.com\/revista\/wp-content\/uploads\/2025\/03\/himno-nacional.webp\" class=\"attachment-large size-large wp-image-28002\" alt=\"Ilustraci\u00f3n IA para nota del Himno Nacional de Guatemala. Envato Labs\" srcset=\"https:\/\/soymigrante.com\/revista\/wp-content\/uploads\/2025\/03\/himno-nacional.webp 698w, https:\/\/soymigrante.com\/revista\/wp-content\/uploads\/2025\/03\/himno-nacional-288x300.jpg 288w\" sizes=\"(max-width: 698px) 100vw, 698px\" \/>\n            <\/div>\n        <\/div><div class=\"eael-entry-wrapper\"><header class=\"eael-entry-header\"><h2 class=\"eael-entry-title\"><a class=\"eael-grid-post-link\" href=\"https:\/\/soymigrante.com\/revista\/himno-nacional-de-guatemala-6-fechas-que-todo-guatemalteco-debe-conocer\/\" title=\"\u00bfCu\u00e1ndo y d\u00f3nde se estren\u00f3 oficialmente Himno Nacional de Guatemala ?\">\u00bfCu\u00e1ndo y d\u00f3nde se estren\u00f3 oficialmente Himno Nacional de Guatemala ?<\/a><\/h2><\/header><div class=\"eael-entry-content\">\n                        <div class=\"eael-grid-post-excerpt\"><a href=\"https:\/\/soymigrante.com\/revista\/himno-nacional-de-guatemala-6-fechas-que-todo-guatemalteco-debe-conocer\/\" class=\"eael-post-elements-readmore-btn\">CONOCE SU HISTORIA <\/a><\/div>\n                    <\/div><\/div><\/div>\n        <\/div>\n    <\/article><article class=\"eael-grid-post  eael-post-grid-column eael-pg-post-3542 category-guate-nuestra-simbolos-patrios-guate-nuestra\" data-id=\"3542\">\n        <div class=\"eael-grid-post-holder\">\n            <div class=\"eael-grid-post-holder-inner\"><div class=\"eael-entry-media\"><div class=\"eael-entry-overlay fade-in\"><i class=\"far fa-hand-pointer\" aria-hidden=\"true\"><\/i><a href=\"https:\/\/soymigrante.com\/revista\/simbolos-patrios-de-guatemala-el-escudo-nacional\/\"><\/a><\/div><div class=\"eael-entry-thumbnail \">\n                <img decoding=\"async\" width=\"1024\" height=\"761\" src=\"https:\/\/soymigrante.com\/revista\/wp-content\/uploads\/2023\/11\/Captura-de-pantalla-2023-11-27-140941-1024x761.webp\" class=\"attachment-large size-large wp-image-3546\" alt=\"El Escudo Nacional de Guatemala explicado de la A a la F\" srcset=\"https:\/\/soymigrante.com\/revista\/wp-content\/uploads\/2023\/11\/Captura-de-pantalla-2023-11-27-140941-1024x761.webp 1024w, https:\/\/soymigrante.com\/revista\/wp-content\/uploads\/2023\/11\/Captura-de-pantalla-2023-11-27-140941-300x223.webp 300w, https:\/\/soymigrante.com\/revista\/wp-content\/uploads\/2023\/11\/Captura-de-pantalla-2023-11-27-140941-768x571.webp 768w, https:\/\/soymigrante.com\/revista\/wp-content\/uploads\/2023\/11\/Captura-de-pantalla-2023-11-27-140941-750x557.webp 750w, https:\/\/soymigrante.com\/revista\/wp-content\/uploads\/2023\/11\/Captura-de-pantalla-2023-11-27-140941-1140x847.webp 1140w, https:\/\/soymigrante.com\/revista\/wp-content\/uploads\/2023\/11\/Captura-de-pantalla-2023-11-27-140941.webp 1265w\" sizes=\"(max-width: 1024px) 100vw, 1024px\" \/>\n            <\/div>\n        <\/div><div class=\"eael-entry-wrapper\"><header class=\"eael-entry-header\"><h2 class=\"eael-entry-title\"><a class=\"eael-grid-post-link\" href=\"https:\/\/soymigrante.com\/revista\/simbolos-patrios-de-guatemala-el-escudo-nacional\/\" title=\"El Escudo Nacional de Guatemala explicado de la A a la F\">El Escudo Nacional de Guatemala explicado de la A a la F<\/a><\/h2><\/header><div class=\"eael-entry-content\">\n                        <div class=\"eael-grid-post-excerpt\"><a href=\"https:\/\/soymigrante.com\/revista\/simbolos-patrios-de-guatemala-el-escudo-nacional\/\" class=\"eael-post-elements-readmore-btn\">CONOCE SU HISTORIA <\/a><\/div>\n                    <\/div><\/div><\/div>\n        <\/div>\n    <\/article><article class=\"eael-grid-post  eael-post-grid-column eael-pg-post-3451 category-guate-nuestra-simbolos-patrios-guate-nuestra\" data-id=\"3451\">\n        <div class=\"eael-grid-post-holder\">\n            <div class=\"eael-grid-post-holder-inner\"><div class=\"eael-entry-media\"><div class=\"eael-entry-overlay fade-in\"><i class=\"far fa-hand-pointer\" aria-hidden=\"true\"><\/i><a href=\"https:\/\/soymigrante.com\/revista\/simbolos-patrios-de-guatemala-bandera-nacional\/\"><\/a><\/div><div class=\"eael-entry-thumbnail \">\n                <img decoding=\"async\" width=\"533\" height=\"367\" src=\"https:\/\/soymigrante.com\/revista\/wp-content\/uploads\/2023\/10\/guatemaltecos-houston-1.webp\" class=\"attachment-large size-large wp-image-2991\" alt=\"Migrantes guatemaltecos, al igual que millonees de connacionales en el pa\u00eds, acudieron a las citas c\u00edvicas del 25 de junio y 20 de agosto. Votaron, decidieron y las misiones de observaci\u00f3n electoral certificaron que no hubo anomal\u00edas ni indicio alguno de fraude.\" srcset=\"https:\/\/soymigrante.com\/revista\/wp-content\/uploads\/2023\/10\/guatemaltecos-houston-1.webp 533w, https:\/\/soymigrante.com\/revista\/wp-content\/uploads\/2023\/10\/guatemaltecos-houston-1-300x207.webp 300w\" sizes=\"(max-width: 533px) 100vw, 533px\" \/>\n            <\/div>\n        <\/div><div class=\"eael-entry-wrapper\"><header class=\"eael-entry-header\"><h2 class=\"eael-entry-title\"><a class=\"eael-grid-post-link\" href=\"https:\/\/soymigrante.com\/revista\/simbolos-patrios-de-guatemala-bandera-nacional\/\" title=\"La bandera Nacional de Guatemala: colores azul y blanco tambi\u00e9n son bicentenarios\">La bandera Nacional de Guatemala: colores azul y blanco tambi\u00e9n son bicentenarios<\/a><\/h2><\/header><div class=\"eael-entry-content\">\n                        <div class=\"eael-grid-post-excerpt\"><a href=\"https:\/\/soymigrante.com\/revista\/simbolos-patrios-de-guatemala-bandera-nacional\/\" class=\"eael-post-elements-readmore-btn\">CONOCE SU HISTORIA <\/a><\/div>\n                    <\/div><\/div><\/div>\n        <\/div>\n    <\/article><\/div>\n            <div class=\"clearfix\"><\/div>\n        <\/div>\t\t\t\t<\/div>\n\t\t\t\t\t<\/div>\n\t\t\t\t<\/div>\n\t\t\t\t<\/div>\n\t\t","protected":false},"excerpt":{"rendered":"<p>Si eres guatemalteco seguro te has preguntado \u00bfC\u00f3mo son\u00f3 el Himno Nacional de Guatemala en su estreno aquel 14 de marzo de 1897? Estudiantes del coro del Conservatorio Nacional y la Banda Marcial de Guatemala recrearon aquel momento con motivo del aniversario 128 de este s\u00edmbolo nacional. \u00a1Esc\u00fachalo! Fue un momento emocionante y patri\u00f3tico: El [&hellip;]<\/p>\n","protected":false},"author":7,"featured_media":28119,"comment_status":"open","ping_status":"open","sticky":false,"template":"","format":"standard","meta":{"_acf_changed":false,"_eb_attr":"","footnotes":""},"categories":[96],"tags":[],"class_list":["post-28118","post","type-post","status-publish","format-standard","has-post-thumbnail","hentry","category-simbolos-patrios-guate-nuestra"],"acf":[],"aioseo_notices":[],"aioseo_head":"\n\t\t<!-- All in One SEO Pro 4.9.6.2 - aioseo.com -->\n\t<meta name=\"description\" content=\"S\u00edmbolo patrio de los guatemaltecos, dentro y fuera del pa\u00eds: la azul y blanco se luce con orgullo, con dignidad, con respeto y a menudo con nostalgia por la distancia, el tiempo y los ideales. Estos son algunos datos hist\u00f3ricos de la Bandera Nacional de Guatemala. Desde la declaraci\u00f3n de Independencia, en 1821, Guatemala ha\" \/>\n\t<meta name=\"robots\" content=\"max-snippet:-1, max-image-preview:large, max-video-preview:-1\" \/>\n\t<meta name=\"author\" content=\"Gustavo Montenegro\"\/>\n\t<link rel=\"canonical\" href=\"https:\/\/soymigrante.com\/revista\/estreno-del-himno-nacional-de-guatemala-en-1897-fue-revivido-en-el-conservatorio-de-musica-escuchalo\/\" \/>\n\t<meta name=\"generator\" content=\"All in One SEO Pro (AIOSEO) 4.9.6.2\" \/>\n\n\t\t<link rel=\"preconnect\" href=\"https:\/\/fonts.googleapis.com\" crossorigin>\n<link rel=\"preconnect\" href=\"https:\/\/fonts.gstatic.com\" crossorigin>\n\t\t<meta property=\"og:locale\" content=\"es_ES\" \/>\n\t\t<meta property=\"og:site_name\" content=\"SoyMigrante.com REVISTA \u2013 Nuestra misi\u00f3n es reconocer y dignificar al migrante.\" \/>\n\t\t<meta property=\"og:type\" content=\"article\" \/>\n\t\t<meta property=\"og:title\" content=\"Estudiantes recrean estreno de Himno Nacional de Guatemala \u00a1Oye!\" \/>\n\t\t<meta property=\"og:description\" content=\"En 1897 se estren\u00f3 el Himno Nacional de Guatemala. Lo cant\u00f3 el coro del Conservatorio y la Banda Marcial. Estudiantes y maestros reviven aquella ocasi\u00f3n \u00a1Escuchalo!\" \/>\n\t\t<meta property=\"og:url\" content=\"https:\/\/soymigrante.com\/revista\/estreno-del-himno-nacional-de-guatemala-en-1897-fue-revivido-en-el-conservatorio-de-musica-escuchalo\/\" \/>\n\t\t<meta property=\"og:image\" content=\"https:\/\/soymigrante.com\/revista\/wp-content\/uploads\/2025\/03\/recreacoin-estreno-himno-nacional.webp\" \/>\n\t\t<meta property=\"og:image:secure_url\" content=\"https:\/\/soymigrante.com\/revista\/wp-content\/uploads\/2025\/03\/recreacoin-estreno-himno-nacional.webp\" \/>\n\t\t<meta property=\"og:image:width\" content=\"425\" \/>\n\t\t<meta property=\"og:image:height\" content=\"422\" \/>\n\t\t<meta property=\"article:published_time\" content=\"2025-03-13T16:47:31+00:00\" \/>\n\t\t<meta property=\"article:modified_time\" content=\"2025-09-10T19:19:31+00:00\" \/>\n\t\t<meta property=\"article:publisher\" content=\"https:\/\/www.facebook.com\/soymigrantecom\" \/>\n\t\t<meta name=\"twitter:card\" content=\"summary_large_image\" \/>\n\t\t<meta name=\"twitter:site\" content=\"@SoyMigrante_com\" \/>\n\t\t<meta name=\"twitter:title\" content=\"Estudiantes recrean estreno de Himno Nacional de Guatemala \u00a1Oye!\" \/>\n\t\t<meta name=\"twitter:description\" content=\"En 1897 se estren\u00f3 el Himno Nacional de Guatemala. Lo cant\u00f3 el coro del Conservatorio y la Banda Marcial. Estudiantes y maestros reviven aquella ocasi\u00f3n \u00a1Escuchalo!\" \/>\n\t\t<meta name=\"twitter:creator\" content=\"@SoyMigrante_com\" \/>\n\t\t<meta name=\"twitter:image\" content=\"https:\/\/soymigrante.com\/revista\/wp-content\/uploads\/2025\/03\/recreacoin-estreno-himno-nacional.webp\" \/>\n\t\t<!-- All in One SEO Pro -->\r\n\t\t<title>Estudiantes recrean estreno de Himno Nacional de Guatemala \u00a1Oye!<\/title>\n\n","aioseo_head_json":{"title":"Estudiantes recrean estreno de Himno Nacional de Guatemala \u00a1Oye!","description":"En 1897 se estren\u00f3 el Himno Nacional de Guatemala. Lo cant\u00f3 el coro del Conservatorio y la Banda Marcial. Estudiantes y maestros reviven aquella ocasi\u00f3n \u00a1Escuchalo!","canonical_url":"https:\/\/soymigrante.com\/revista\/estreno-del-himno-nacional-de-guatemala-en-1897-fue-revivido-en-el-conservatorio-de-musica-escuchalo\/","robots":"max-snippet:-1, max-image-preview:large, max-video-preview:-1","keywords":"","webmasterTools":{"miscellaneous":"&lt;link rel=\"preconnect\" href=\"https:\/\/fonts.googleapis.com\" crossorigin&gt;\n&lt;link rel=\"preconnect\" href=\"https:\/\/fonts.gstatic.com\" crossorigin&gt;"},"schema":null,"og:locale":"es_ES","og:site_name":"SoyMigrante.com REVISTA \u2013 Nuestra misi\u00f3n es reconocer y dignificar al migrante.","og:type":"article","og:title":"Estudiantes recrean estreno de Himno Nacional de Guatemala \u00a1Oye!","og:description":"En 1897 se estren\u00f3 el Himno Nacional de Guatemala. Lo cant\u00f3 el coro del Conservatorio y la Banda Marcial. Estudiantes y maestros reviven aquella ocasi\u00f3n \u00a1Escuchalo!","og:url":"https:\/\/soymigrante.com\/revista\/estreno-del-himno-nacional-de-guatemala-en-1897-fue-revivido-en-el-conservatorio-de-musica-escuchalo\/","og:image":"https:\/\/soymigrante.com\/revista\/wp-content\/uploads\/2025\/03\/recreacoin-estreno-himno-nacional.webp","og:image:secure_url":"https:\/\/soymigrante.com\/revista\/wp-content\/uploads\/2025\/03\/recreacoin-estreno-himno-nacional.webp","og:image:width":425,"og:image:height":422,"article:published_time":"2025-03-13T16:47:31+00:00","article:modified_time":"2025-09-10T19:19:31+00:00","article:publisher":"https:\/\/www.facebook.com\/soymigrantecom","twitter:card":"summary_large_image","twitter:site":"@SoyMigrante_com","twitter:title":"Estudiantes recrean estreno de Himno Nacional de Guatemala \u00a1Oye!","twitter:description":"En 1897 se estren\u00f3 el Himno Nacional de Guatemala. Lo cant\u00f3 el coro del Conservatorio y la Banda Marcial. Estudiantes y maestros reviven aquella ocasi\u00f3n \u00a1Escuchalo!","twitter:creator":"@SoyMigrante_com","twitter:image":"https:\/\/soymigrante.com\/revista\/wp-content\/uploads\/2025\/03\/recreacoin-estreno-himno-nacional.webp"},"aioseo_meta_data":{"post_id":"28118","title":"Estudiantes recrean estreno de Himno Nacional de Guatemala \u00a1Oye!","description":"En 1897 se estren\u00f3 el Himno Nacional de Guatemala. Lo cant\u00f3 el coro del Conservatorio y la Banda Marcial. Estudiantes y maestros reviven aquella ocasi\u00f3n \u00a1Escuchalo!","keywords":null,"keyphrases":{"focus":{"keyphrase":"Himno Nacional de Guatemala","score":82,"analysis":{"keyphraseInTitle":{"score":9,"maxScore":9,"error":0},"keyphraseInDescription":{"score":9,"maxScore":9,"error":0},"keyphraseLength":{"score":9,"maxScore":9,"error":0,"length":4},"keyphraseInURL":{"score":5,"maxScore":5,"error":0},"keyphraseInIntroduction":{"score":3,"maxScore":9,"error":1},"keyphraseInSubHeadings":{"score":3,"maxScore":9,"error":1},"keyphraseInImageAlt":{"score":9,"maxScore":9,"error":0},"keywordDensity":{"type":"best","score":9,"maxScore":9,"error":0}}},"additional":[{"keyphrase":"El Himno","score":100,"analysis":{"keyphraseInDescription":{"score":9,"maxScore":9,"error":0},"keyphraseLength":{"score":9,"maxScore":9,"error":0,"length":2},"keyphraseInIntroduction":{"score":9,"maxScore":9,"error":0},"keyphraseInImageAlt":{"score":9,"maxScore":9,"error":0},"keywordDensity":{"type":"best","score":9,"maxScore":9,"error":0}}},{"keyphrase":"Guatemala","score":100,"analysis":{"keyphraseInDescription":{"score":9,"maxScore":9,"error":0},"keyphraseLength":{"score":9,"maxScore":9,"error":0,"length":1},"keyphraseInIntroduction":{"score":9,"maxScore":9,"error":0},"keyphraseInImageAlt":{"score":9,"maxScore":9,"error":0},"keywordDensity":{"type":"best","score":9,"maxScore":9,"error":0}}}]},"primary_term":null,"canonical_url":null,"og_title":null,"og_description":null,"og_object_type":"default","og_image_type":"default","og_image_url":null,"og_image_width":null,"og_image_height":null,"og_image_custom_url":null,"og_image_custom_fields":null,"og_video":"","og_custom_url":null,"og_article_section":null,"og_article_tags":null,"twitter_use_og":false,"twitter_card":"default","twitter_image_type":"default","twitter_image_url":null,"twitter_image_custom_url":null,"twitter_image_custom_fields":null,"twitter_title":null,"twitter_description":null,"schema":{"blockGraphs":[],"customGraphs":[],"default":{"data":{"Article":[],"Course":[],"Dataset":[],"FAQPage":[],"Movie":[],"Person":[],"Product":[],"ProductReview":[],"Car":[],"Recipe":[],"Service":[],"SoftwareApplication":[],"WebPage":[]},"graphName":"BlogPosting","isEnabled":true},"graphs":[]},"schema_type":"default","schema_type_options":null,"pillar_content":false,"robots_default":true,"robots_noindex":false,"robots_noarchive":false,"robots_nosnippet":false,"robots_nofollow":false,"robots_noimageindex":false,"robots_noodp":false,"robots_notranslate":false,"robots_max_snippet":"-1","robots_max_videopreview":"-1","robots_max_imagepreview":"large","priority":null,"frequency":"default","local_seo":null,"seo_analyzer_scan_date":"2025-10-09 03:24:51","breadcrumb_settings":null,"limit_modified_date":false,"reviewed_by":null,"open_ai":"{\"title\":{\"suggestions\":[],\"usage\":0},\"description\":{\"suggestions\":[],\"usage\":0}}","ai":null,"created":"2025-03-13 16:08:47","updated":"2026-02-04 22:12:47"},"aioseo_breadcrumb":"<div class=\"aioseo-breadcrumbs\"><span class=\"aioseo-breadcrumb\">\n\t<a href=\"https:\/\/soymigrante.com\/revista\" title=\"Home\">Home<\/a>\n<\/span><span class=\"aioseo-breadcrumb-separator\">\u00bb<\/span><span class=\"aioseo-breadcrumb\">\n\t<a href=\"https:\/\/soymigrante.com\/revista\/category\/guate-nuestra\/\" title=\"Guate Nuestra\">Guate Nuestra<\/a>\n<\/span><span class=\"aioseo-breadcrumb-separator\">\u00bb<\/span><span class=\"aioseo-breadcrumb\">\n\t<a href=\"https:\/\/soymigrante.com\/revista\/category\/guate-nuestra\/simbolos-patrios-guate-nuestra\/\" title=\"S\u00edmbolos patrios\">S\u00edmbolos patrios<\/a>\n<\/span><span class=\"aioseo-breadcrumb-separator\">\u00bb<\/span><span class=\"aioseo-breadcrumb\">\n\tEstreno del Himno Nacional de Guatemala en 1897 fue revivido en el Conservatorio de M\u00fasica \u00a1Esc\u00fachalo!\n<\/span><\/div>","aioseo_breadcrumb_json":[{"label":"Home","link":"https:\/\/soymigrante.com\/revista"},{"label":"Guate Nuestra","link":"https:\/\/soymigrante.com\/revista\/category\/guate-nuestra\/"},{"label":"S\u00edmbolos patrios","link":"https:\/\/soymigrante.com\/revista\/category\/guate-nuestra\/simbolos-patrios-guate-nuestra\/"},{"label":"Estreno del Himno Nacional de Guatemala en 1897 fue revivido en el Conservatorio de M\u00fasica \u00a1Esc\u00fachalo!","link":"https:\/\/soymigrante.com\/revista\/estreno-del-himno-nacional-de-guatemala-en-1897-fue-revivido-en-el-conservatorio-de-musica-escuchalo\/"}],"_links":{"self":[{"href":"https:\/\/soymigrante.com\/revista\/wp-json\/wp\/v2\/posts\/28118","targetHints":{"allow":["GET"]}}],"collection":[{"href":"https:\/\/soymigrante.com\/revista\/wp-json\/wp\/v2\/posts"}],"about":[{"href":"https:\/\/soymigrante.com\/revista\/wp-json\/wp\/v2\/types\/post"}],"author":[{"embeddable":true,"href":"https:\/\/soymigrante.com\/revista\/wp-json\/wp\/v2\/users\/7"}],"replies":[{"embeddable":true,"href":"https:\/\/soymigrante.com\/revista\/wp-json\/wp\/v2\/comments?post=28118"}],"version-history":[{"count":4,"href":"https:\/\/soymigrante.com\/revista\/wp-json\/wp\/v2\/posts\/28118\/revisions"}],"predecessor-version":[{"id":44275,"href":"https:\/\/soymigrante.com\/revista\/wp-json\/wp\/v2\/posts\/28118\/revisions\/44275"}],"wp:featuredmedia":[{"embeddable":true,"href":"https:\/\/soymigrante.com\/revista\/wp-json\/wp\/v2\/media\/28119"}],"wp:attachment":[{"href":"https:\/\/soymigrante.com\/revista\/wp-json\/wp\/v2\/media?parent=28118"}],"wp:term":[{"taxonomy":"category","embeddable":true,"href":"https:\/\/soymigrante.com\/revista\/wp-json\/wp\/v2\/categories?post=28118"},{"taxonomy":"post_tag","embeddable":true,"href":"https:\/\/soymigrante.com\/revista\/wp-json\/wp\/v2\/tags?post=28118"}],"curies":[{"name":"wp","href":"https:\/\/api.w.org\/{rel}","templated":true}]}}