{"id":28036,"date":"2025-04-17T08:34:46","date_gmt":"2025-04-17T14:34:46","guid":{"rendered":"https:\/\/soymigrante.com\/revista\/?p=28036"},"modified":"2025-04-17T10:28:46","modified_gmt":"2025-04-17T16:28:46","slug":"los-12-apostoles-de-jesus-y-los-pueblos-de-guatemala-bajo-su-patronazgo","status":"publish","type":"post","link":"https:\/\/soymigrante.com\/revista\/los-12-apostoles-de-jesus-y-los-pueblos-de-guatemala-bajo-su-patronazgo\/","title":{"rendered":"Los 12 ap\u00f3stoles de Jes\u00fas y los municipios de Guatemala bajo su patronazgo"},"content":{"rendered":"\t\t<div data-elementor-type=\"wp-post\" data-elementor-id=\"28036\" class=\"elementor elementor-28036\" data-elementor-post-type=\"post\">\n\t\t\t\t<div data-particle_enable=\"false\" data-particle-mobile-disabled=\"false\" class=\"elementor-element elementor-element-8cffd81 e-flex e-con-boxed e-con e-parent\" data-id=\"8cffd81\" data-element_type=\"container\" data-e-type=\"container\">\n\t\t\t\t\t<div class=\"e-con-inner\">\n\t\t\t\t<div class=\"elementor-element elementor-element-c16781c elementor-widget elementor-widget-heading\" data-id=\"c16781c\" data-element_type=\"widget\" data-e-type=\"widget\" data-widget_type=\"heading.default\">\n\t\t\t\t\t<h2 class=\"elementor-heading-title elementor-size-default\">Los pueblos de Guatemala tienen como protectores, gu\u00edas y patronos a varios de los ap\u00f3stoles de Jes\u00fas, ac\u00e1 te contamos cu\u00e1les son. \n<\/h2>\t\t\t\t<\/div>\n\t\t\t\t\t<\/div>\n\t\t\t\t<\/div>\n\t\t<div data-particle_enable=\"false\" data-particle-mobile-disabled=\"false\" class=\"elementor-element elementor-element-884a3fa e-flex e-con-boxed e-con e-parent\" data-id=\"884a3fa\" data-element_type=\"container\" data-e-type=\"container\">\n\t\t\t\t\t<div class=\"e-con-inner\">\n\t\t\t\t<div class=\"elementor-element elementor-element-5605d82 elementor-widget elementor-widget-text-editor\" data-id=\"5605d82\" data-element_type=\"widget\" data-e-type=\"widget\" data-widget_type=\"text-editor.default\">\n\t\t\t\t\t\t\t\t\t<p>Los 12 ap\u00f3stoles fueron los disc\u00edpulos elegidos por Jes\u00fas para difundir su mensaje y ser testigos de su vida, muerte y resurrecci\u00f3n.<\/p><p>Cada uno tuvo una historia particular y una misi\u00f3n dentro del cristianismo.<\/p><p>A continuaci\u00f3n, te presentamos a los 12 ap\u00f3stoles con una breve rese\u00f1a de cada uno y<a href=\"https:\/\/soymigrante.com\/revista\/fiestas-patronales-en-guatemala-busque-su-municipio\/\" target=\"_blank\" rel=\"noopener\"> los pueblos guatemaltecos que los tienen como patronos<\/a>, junto con la fecha de su festividad.<\/p>\t\t\t\t\t\t\t\t<\/div>\n\t\t\t\t\t<\/div>\n\t\t\t\t<\/div>\n\t\t<div data-particle_enable=\"false\" data-particle-mobile-disabled=\"false\" class=\"elementor-element elementor-element-41ed657 e-flex e-con-boxed e-con e-parent\" data-id=\"41ed657\" data-element_type=\"container\" data-e-type=\"container\">\n\t\t\t\t\t<div class=\"e-con-inner\">\n\t\t\t\t<div class=\"elementor-element elementor-element-a27f65b elementor-widget elementor-widget-image\" data-id=\"a27f65b\" data-element_type=\"widget\" data-e-type=\"widget\" data-widget_type=\"image.default\">\n\t\t\t\t\t\t\t\t\t\t\t\t<figure class=\"wp-caption\">\n\t\t\t\t\t\t\t\t\t\t<img fetchpriority=\"high\" decoding=\"async\" width=\"768\" height=\"314\" src=\"https:\/\/soymigrante.com\/revista\/wp-content\/uploads\/2025\/04\/cena-1024x419.jpg\" class=\"attachment-large size-large wp-image-31392\" alt=\"Sagrada Cena Museo del Prado, pintura religiosa renacentista sobre la \u00daltima Cena de Jesucristo con sus ap\u00f3stoles. Obra maestra de arte sacro, destacando detalles hist\u00f3ricos y religiosos.\" srcset=\"https:\/\/soymigrante.com\/revista\/wp-content\/uploads\/2025\/04\/cena-1024x419.jpg 1024w, https:\/\/soymigrante.com\/revista\/wp-content\/uploads\/2025\/04\/cena-300x123.jpg 300w, https:\/\/soymigrante.com\/revista\/wp-content\/uploads\/2025\/04\/cena-768x314.jpg 768w, https:\/\/soymigrante.com\/revista\/wp-content\/uploads\/2025\/04\/cena-1536x628.jpg 1536w, https:\/\/soymigrante.com\/revista\/wp-content\/uploads\/2025\/04\/cena-2048x838.jpg 2048w, https:\/\/soymigrante.com\/revista\/wp-content\/uploads\/2025\/04\/cena-750x307.webp 750w, https:\/\/soymigrante.com\/revista\/wp-content\/uploads\/2025\/04\/cena-1140x466.webp 1140w, https:\/\/soymigrante.com\/revista\/wp-content\/uploads\/2025\/04\/cena-scaled.webp 1920w\" sizes=\"(max-width: 768px) 100vw, 768px\" title=\"ultima cena \u2013 SoyMigrante.com REVISTA\" \/>\t\t\t\t\t\t\t\t\t\t\t<figcaption class=\"widget-image-caption wp-caption-text\">Pintura de la \u00daltima Cena en el Museo del Prado, representando la escena b\u00edblica con personajes detallados y fondo hist\u00f3rico, ideal para amantes del arte religioso y cultura.<\/figcaption>\n\t\t\t\t\t\t\t\t\t\t<\/figure>\n\t\t\t\t\t\t\t\t\t<\/div>\n\t\t\t\t\t<\/div>\n\t\t\t\t<\/div>\n\t\t<div data-particle_enable=\"false\" data-particle-mobile-disabled=\"false\" class=\"elementor-element elementor-element-b426505 e-flex e-con-boxed e-con e-parent\" data-id=\"b426505\" data-element_type=\"container\" data-e-type=\"container\">\n\t\t\t\t\t<div class=\"e-con-inner\">\n\t\t\t\t<div class=\"elementor-element elementor-element-ec2a577 elementor-widget elementor-widget-heading\" data-id=\"ec2a577\" data-element_type=\"widget\" data-e-type=\"widget\" data-widget_type=\"heading.default\">\n\t\t\t\t\t<h3 class=\"elementor-heading-title elementor-size-default\">Los 12 ap\u00f3stoles de Jes\u00fas<\/h3>\t\t\t\t<\/div>\n\t\t\t\t\t<\/div>\n\t\t\t\t<\/div>\n\t\t<div data-particle_enable=\"false\" data-particle-mobile-disabled=\"false\" class=\"elementor-element elementor-element-2a8c7fb e-flex e-con-boxed e-con e-parent\" data-id=\"2a8c7fb\" data-element_type=\"container\" data-e-type=\"container\">\n\t\t\t\t\t<div class=\"e-con-inner\">\n\t\t\t\t<div class=\"elementor-element elementor-element-40fa518 elementor-widget elementor-widget-text-editor\" data-id=\"40fa518\" data-element_type=\"widget\" data-e-type=\"widget\" data-widget_type=\"text-editor.default\">\n\t\t\t\t\t\t\t\t\t<p><strong>1. Sim\u00f3n Pedro<\/strong><\/p><p>Fue un pescador de Galilea y uno de los primeros en ser llamado por Jes\u00fas. Se convirti\u00f3 en el l\u00edder de los ap\u00f3stoles y es considerado el primer Papa de la Iglesia. Muri\u00f3 crucificado en Roma.<\/p>\t\t\t\t\t\t\t\t<\/div>\n\t\t\t\t\t<\/div>\n\t\t\t\t<\/div>\n\t\t<div data-particle_enable=\"false\" data-particle-mobile-disabled=\"false\" class=\"elementor-element elementor-element-dda325d e-flex e-con-boxed e-con e-parent\" data-id=\"dda325d\" data-element_type=\"container\" data-e-type=\"container\">\n\t\t\t\t\t<div class=\"e-con-inner\">\n\t\t\t\t<div class=\"elementor-element elementor-element-3db68ad elementor-widget elementor-widget-text-editor\" data-id=\"3db68ad\" data-element_type=\"widget\" data-e-type=\"widget\" data-widget_type=\"text-editor.default\">\n\t\t\t\t\t\t\t\t\t<p><strong>2. Andr\u00e9s<\/strong><\/p><p>Hermano de Pedro y tambi\u00e9n pescador, Andr\u00e9s fue disc\u00edpulo de Juan el Bautista antes de seguir a Jes\u00fas. Predic\u00f3 en Grecia y Asia Menor y muri\u00f3 crucificado en una cruz en forma de X.<\/p>\t\t\t\t\t\t\t\t<\/div>\n\t\t\t\t\t<\/div>\n\t\t\t\t<\/div>\n\t\t<div data-particle_enable=\"false\" data-particle-mobile-disabled=\"false\" class=\"elementor-element elementor-element-0db5b81 e-flex e-con-boxed e-con e-parent\" data-id=\"0db5b81\" data-element_type=\"container\" data-e-type=\"container\">\n\t\t\t\t\t<div class=\"e-con-inner\">\n\t\t\t\t<div class=\"elementor-element elementor-element-727afab elementor-grid-eael-col-1 elementor-grid-tablet-eael-col-2 elementor-grid-mobile-eael-col-1 elementor-widget elementor-widget-eael-post-grid\" data-id=\"727afab\" data-element_type=\"widget\" data-e-type=\"widget\" data-settings=\"{&quot;eael_post_grid_columns&quot;:&quot;eael-col-1&quot;,&quot;eael_post_grid_columns_tablet&quot;:&quot;eael-col-2&quot;,&quot;eael_post_grid_columns_mobile&quot;:&quot;eael-col-1&quot;}\" data-widget_type=\"eael-post-grid.default\">\n\t\t\t\t\t<div id=\"eael-post-grid-727afab\" class=\"eael-post-grid-container\">\n            <div class=\"eael-post-grid eael-post-appender eael-post-appender-727afab eael-post-grid-style-one\" data-layout-mode=\"masonry\"><article class=\"eael-grid-post  eael-post-grid-column eael-pg-post-5968 category-guate-nuestra\" data-id=\"5968\">\n        <div class=\"eael-grid-post-holder\">\n            <div class=\"eael-grid-post-holder-inner\"><div class=\"eael-entry-media\"><div class=\"eael-entry-overlay fade-in\"><i class=\"far fa-hand-pointer\" aria-hidden=\"true\"><\/i><a href=\"https:\/\/soymigrante.com\/revista\/joyas-de-guatemala-la-colorida-iglesia-de-san-andres-xecul\/\"><\/a><\/div><div class=\"eael-entry-thumbnail eael-image-ratio\">\n                <img decoding=\"async\" width=\"1024\" height=\"504\" src=\"https:\/\/soymigrante.com\/revista\/wp-content\/uploads\/2024\/04\/Iglesia-de-San-Andres-Xecul-Totonicapan-fue-edificada-a-finales-del-siglo-XVIII-1024x504.webp\" class=\"attachment-large size-large wp-image-5970\" alt=\"Columna decorada y altar de fiesta patronal en un festival tradicional mexicano, con banderines y elementos culturales, reflejando celebraci\u00f3n y cultura popular.\" srcset=\"https:\/\/soymigrante.com\/revista\/wp-content\/uploads\/2024\/04\/Iglesia-de-San-Andres-Xecul-Totonicapan-fue-edificada-a-finales-del-siglo-XVIII-1024x504.webp 1024w, https:\/\/soymigrante.com\/revista\/wp-content\/uploads\/2024\/04\/Iglesia-de-San-Andres-Xecul-Totonicapan-fue-edificada-a-finales-del-siglo-XVIII-300x148.webp 300w, https:\/\/soymigrante.com\/revista\/wp-content\/uploads\/2024\/04\/Iglesia-de-San-Andres-Xecul-Totonicapan-fue-edificada-a-finales-del-siglo-XVIII-768x378.webp 768w, https:\/\/soymigrante.com\/revista\/wp-content\/uploads\/2024\/04\/Iglesia-de-San-Andres-Xecul-Totonicapan-fue-edificada-a-finales-del-siglo-XVIII-750x369.webp 750w, https:\/\/soymigrante.com\/revista\/wp-content\/uploads\/2024\/04\/Iglesia-de-San-Andres-Xecul-Totonicapan-fue-edificada-a-finales-del-siglo-XVIII-1140x561.webp 1140w, https:\/\/soymigrante.com\/revista\/wp-content\/uploads\/2024\/04\/Iglesia-de-San-Andres-Xecul-Totonicapan-fue-edificada-a-finales-del-siglo-XVIII.webp 1440w\" sizes=\"(max-width: 1024px) 100vw, 1024px\" \/>\n            <\/div>\n        <\/div><div class=\"eael-entry-wrapper\"><header class=\"eael-entry-header\"><h2 class=\"eael-entry-title\"><a class=\"eael-grid-post-link\" href=\"https:\/\/soymigrante.com\/revista\/joyas-de-guatemala-la-colorida-iglesia-de-san-andres-xecul\/\" title=\"Joyas de Guatemala:  la colorida iglesia de San Andr\u00e9s Xecul\">Joyas de Guatemala:  la colorida iglesia de San Andr\u00e9s Xecul<\/a><\/h2><\/header><div class=\"eael-entry-content\">\n                        <div class=\"eael-grid-post-excerpt\"><a href=\"https:\/\/soymigrante.com\/revista\/joyas-de-guatemala-la-colorida-iglesia-de-san-andres-xecul\/\" class=\"eael-post-elements-readmore-btn\">CONOCE SU HISTORIA <\/a><\/div>\n                    <\/div><\/div><\/div>\n        <\/div>\n    <\/article><\/div>\n            <div class=\"clearfix\"><\/div>\n        <\/div>\t\t\t\t<\/div>\n\t\t\t\t\t<\/div>\n\t\t\t\t<\/div>\n\t\t<div data-particle_enable=\"false\" data-particle-mobile-disabled=\"false\" class=\"elementor-element elementor-element-2ca5d6b e-flex e-con-boxed e-con e-parent\" data-id=\"2ca5d6b\" data-element_type=\"container\" data-e-type=\"container\">\n\t\t\t\t\t<div class=\"e-con-inner\">\n\t\t\t\t<div class=\"elementor-element elementor-element-d228ca3 elementor-widget elementor-widget-text-editor\" data-id=\"d228ca3\" data-element_type=\"widget\" data-e-type=\"widget\" data-widget_type=\"text-editor.default\">\n\t\t\t\t\t\t\t\t\t<p><strong>3. Santiago el Mayor<\/strong><\/p><p>Hijo de Zebedeo y hermano de Juan, fue el primero de los ap\u00f3stoles en morir martirizado. Su tumba est\u00e1 en Santiago de Compostela, Espa\u00f1a, y es muy venerado en la tradici\u00f3n cristiana.<\/p>\t\t\t\t\t\t\t\t<\/div>\n\t\t\t\t\t<\/div>\n\t\t\t\t<\/div>\n\t\t<div data-particle_enable=\"false\" data-particle-mobile-disabled=\"false\" class=\"elementor-element elementor-element-3340616 e-flex e-con-boxed e-con e-parent\" data-id=\"3340616\" data-element_type=\"container\" data-e-type=\"container\">\n\t\t\t\t\t<div class=\"e-con-inner\">\n\t\t\t\t<div class=\"elementor-element elementor-element-76c1233 elementor-widget elementor-widget-text-editor\" data-id=\"76c1233\" data-element_type=\"widget\" data-e-type=\"widget\" data-widget_type=\"text-editor.default\">\n\t\t\t\t\t\t\t\t\t<p><strong>4. Juan<\/strong><\/p><p>Hermano de Santiago el Mayor, fue el disc\u00edpulo amado de Jes\u00fas y autor del Evangelio de Juan, las cartas jo\u00e1nicas y el Apocalipsis. Muri\u00f3 en la isla de Patmos, siendo el \u00fanico ap\u00f3stol que no sufri\u00f3 martirio.<\/p>\t\t\t\t\t\t\t\t<\/div>\n\t\t\t\t\t<\/div>\n\t\t\t\t<\/div>\n\t\t<div data-particle_enable=\"false\" data-particle-mobile-disabled=\"false\" class=\"elementor-element elementor-element-23baf73 e-flex e-con-boxed e-con e-parent\" data-id=\"23baf73\" data-element_type=\"container\" data-e-type=\"container\">\n\t\t\t\t\t<div class=\"e-con-inner\">\n\t\t\t\t<div class=\"elementor-element elementor-element-7918b8c elementor-widget elementor-widget-text-editor\" data-id=\"7918b8c\" data-element_type=\"widget\" data-e-type=\"widget\" data-widget_type=\"text-editor.default\">\n\t\t\t\t\t\t\t\t\t<p><strong>5. Felipe<\/strong><\/p><p>Originario de Betsaida, fue quien present\u00f3 a Natanael (Bartolom\u00e9) a Jes\u00fas. Predic\u00f3 en Asia Menor y muri\u00f3 martirizado en Hier\u00e1polis.<\/p>\t\t\t\t\t\t\t\t<\/div>\n\t\t\t\t\t<\/div>\n\t\t\t\t<\/div>\n\t\t<div data-particle_enable=\"false\" data-particle-mobile-disabled=\"false\" class=\"elementor-element elementor-element-f112da8 e-flex e-con-boxed e-con e-parent\" data-id=\"f112da8\" data-element_type=\"container\" data-e-type=\"container\">\n\t\t\t\t\t<div class=\"e-con-inner\">\n\t\t\t\t<div class=\"elementor-element elementor-element-49c6d0b elementor-widget elementor-widget-text-editor\" data-id=\"49c6d0b\" data-element_type=\"widget\" data-e-type=\"widget\" data-widget_type=\"text-editor.default\">\n\t\t\t\t\t\t\t\t\t<p><strong>6. Bartolom\u00e9 (Natanael)<\/strong><\/p><p>Se cree que evangeliz\u00f3 en la India y Armenia. Seg\u00fan la tradici\u00f3n, fue desollado vivo y luego decapitado.<\/p>\t\t\t\t\t\t\t\t<\/div>\n\t\t\t\t\t<\/div>\n\t\t\t\t<\/div>\n\t\t<div data-particle_enable=\"false\" data-particle-mobile-disabled=\"false\" class=\"elementor-element elementor-element-392cb9f e-flex e-con-boxed e-con e-parent\" data-id=\"392cb9f\" data-element_type=\"container\" data-e-type=\"container\">\n\t\t\t\t\t<div class=\"e-con-inner\">\n\t\t\t\t<div class=\"elementor-element elementor-element-c1e4303 elementor-widget elementor-widget-text-editor\" data-id=\"c1e4303\" data-element_type=\"widget\" data-e-type=\"widget\" data-widget_type=\"text-editor.default\">\n\t\t\t\t\t\t\t\t\t<p><strong>7. Mateo (Lev\u00ed)<\/strong><\/p><p>Antes de ser ap\u00f3stol, era recaudador de impuestos. Es el autor del Evangelio de Mateo y predic\u00f3 en Etiop\u00eda y Persia, donde fue martirizado.<\/p>\t\t\t\t\t\t\t\t<\/div>\n\t\t\t\t\t<\/div>\n\t\t\t\t<\/div>\n\t\t<div data-particle_enable=\"false\" data-particle-mobile-disabled=\"false\" class=\"elementor-element elementor-element-89bcb65 e-flex e-con-boxed e-con e-parent\" data-id=\"89bcb65\" data-element_type=\"container\" data-e-type=\"container\">\n\t\t\t\t\t<div class=\"e-con-inner\">\n\t\t\t\t<div class=\"elementor-element elementor-element-63870c1 elementor-widget elementor-widget-text-editor\" data-id=\"63870c1\" data-element_type=\"widget\" data-e-type=\"widget\" data-widget_type=\"text-editor.default\">\n\t\t\t\t\t\t\t\t\t<p><strong>8. Tom\u00e1s (D\u00eddimo)<\/strong><\/p><p>Famoso por dudar de la resurrecci\u00f3n de Jes\u00fas hasta verlo con sus propios ojos. Predic\u00f3 en la India, donde fund\u00f3 comunidades cristianas y muri\u00f3 atravesado por lanzas.<\/p>\t\t\t\t\t\t\t\t<\/div>\n\t\t\t\t\t<\/div>\n\t\t\t\t<\/div>\n\t\t<div data-particle_enable=\"false\" data-particle-mobile-disabled=\"false\" class=\"elementor-element elementor-element-47d1505 e-flex e-con-boxed e-con e-parent\" data-id=\"47d1505\" data-element_type=\"container\" data-e-type=\"container\">\n\t\t\t\t\t<div class=\"e-con-inner\">\n\t\t\t\t<div class=\"elementor-element elementor-element-817a2a6 elementor-widget elementor-widget-text-editor\" data-id=\"817a2a6\" data-element_type=\"widget\" data-e-type=\"widget\" data-widget_type=\"text-editor.default\">\n\t\t\t\t\t\t\t\t\t<p><strong>9. Santiago el Menor<\/strong><\/p><p>Hijo de Alfeo, es considerado el primer obispo de Jerusal\u00e9n. Fue lapidado y golpeado hasta la muerte.<\/p>\t\t\t\t\t\t\t\t<\/div>\n\t\t\t\t\t<\/div>\n\t\t\t\t<\/div>\n\t\t<div data-particle_enable=\"false\" data-particle-mobile-disabled=\"false\" class=\"elementor-element elementor-element-ee37ba2 e-flex e-con-boxed e-con e-parent\" data-id=\"ee37ba2\" data-element_type=\"container\" data-e-type=\"container\">\n\t\t\t\t\t<div class=\"e-con-inner\">\n\t\t\t\t<div class=\"elementor-element elementor-element-05f7776 elementor-invisible elementor-widget elementor-widget-facebook-embed\" data-id=\"05f7776\" data-element_type=\"widget\" data-e-type=\"widget\" data-settings=\"{&quot;_animation&quot;:&quot;zoomInDown&quot;}\" data-widget_type=\"facebook-embed.default\">\n\t\t\t\t\t<div style=\"min-height: 1px\" class=\"elementor-facebook-widget fb-video\" data-href=\"https:\/\/www.facebook.com\/evangelizando.lafecatolica.1\/videos\/131107011259062\" data-show-text=\"false\" data-allowfullscreen=\"false\" data-autoplay=\"false\" data-show-captions=\"false\"><\/div>\t\t\t\t<\/div>\n\t\t\t\t\t<\/div>\n\t\t\t\t<\/div>\n\t\t<div data-particle_enable=\"false\" data-particle-mobile-disabled=\"false\" class=\"elementor-element elementor-element-c5fdeb1 e-flex e-con-boxed e-con e-parent\" data-id=\"c5fdeb1\" data-element_type=\"container\" data-e-type=\"container\">\n\t\t\t\t\t<div class=\"e-con-inner\">\n\t\t\t\t<div class=\"elementor-element elementor-element-eccc5f0 elementor-widget elementor-widget-text-editor\" data-id=\"eccc5f0\" data-element_type=\"widget\" data-e-type=\"widget\" data-widget_type=\"text-editor.default\">\n\t\t\t\t\t\t\t\t\t<p><strong>10. Judas Tadeo<\/strong><\/p><p>Conocido como el ap\u00f3stol de las causas dif\u00edciles, predic\u00f3 en Mesopotamia y Persia junto a Sim\u00f3n el Cananeo. Fue martirizado con una maza.<\/p>\t\t\t\t\t\t\t\t<\/div>\n\t\t\t\t\t<\/div>\n\t\t\t\t<\/div>\n\t\t<div data-particle_enable=\"false\" data-particle-mobile-disabled=\"false\" class=\"elementor-element elementor-element-04c0014 e-flex e-con-boxed e-con e-parent\" data-id=\"04c0014\" data-element_type=\"container\" data-e-type=\"container\">\n\t\t\t\t\t<div class=\"e-con-inner\">\n\t\t\t\t<div class=\"elementor-element elementor-element-e968715 elementor-widget elementor-widget-text-editor\" data-id=\"e968715\" data-element_type=\"widget\" data-e-type=\"widget\" data-widget_type=\"text-editor.default\">\n\t\t\t\t\t\t\t\t\t<p><strong>11. Sim\u00f3n el Cananeo (o el Zelote)<\/strong><\/p><p>Predic\u00f3 en Egipto y Persia junto a Judas Tadeo. Muri\u00f3 m\u00e1rtir, posiblemente aserrado en dos.<\/p>\t\t\t\t\t\t\t\t<\/div>\n\t\t\t\t\t<\/div>\n\t\t\t\t<\/div>\n\t\t<div data-particle_enable=\"false\" data-particle-mobile-disabled=\"false\" class=\"elementor-element elementor-element-6347e21 e-flex e-con-boxed e-con e-parent\" data-id=\"6347e21\" data-element_type=\"container\" data-e-type=\"container\">\n\t\t\t\t\t<div class=\"e-con-inner\">\n\t\t\t\t<div class=\"elementor-element elementor-element-902b1c7 elementor-widget elementor-widget-text-editor\" data-id=\"902b1c7\" data-element_type=\"widget\" data-e-type=\"widget\" data-widget_type=\"text-editor.default\">\n\t\t\t\t\t\t\t\t\t<p><strong>12. Judas Iscariote<\/strong><\/p><p>Es el ap\u00f3stol que traicion\u00f3 a Jes\u00fas por 30 monedas de plata. Tras su remordimiento, se ahorc\u00f3. Fue reemplazado posteriormente por Mat\u00edas.<\/p>\t\t\t\t\t\t\t\t<\/div>\n\t\t\t\t\t<\/div>\n\t\t\t\t<\/div>\n\t\t<div data-particle_enable=\"false\" data-particle-mobile-disabled=\"false\" class=\"elementor-element elementor-element-1ef2be9 e-flex e-con-boxed e-con e-parent\" data-id=\"1ef2be9\" data-element_type=\"container\" data-e-type=\"container\">\n\t\t\t\t\t<div class=\"e-con-inner\">\n\t\t\t\t<div class=\"elementor-element elementor-element-dc53dc5 elementor-widget elementor-widget-html\" data-id=\"dc53dc5\" data-element_type=\"widget\" data-e-type=\"widget\" data-widget_type=\"html.default\">\n\t\t\t\t\t<iframe src=\"https:\/\/www.facebook.com\/plugins\/video.php?height=314&href=https%3A%2F%2Fwww.facebook.com%2FArcangelCorp%2Fvideos%2F446333786945005%2F&show_text=true&width=560&t=0\" width=\"560\" height=\"429\" style=\"border:none;overflow:hidden\" scrolling=\"no\" frameborder=\"0\" allowfullscreen=\"true\" allow=\"autoplay; clipboard-write; encrypted-media; picture-in-picture; web-share\" allowFullScreen=\"true\"><\/iframe>\t\t\t\t<\/div>\n\t\t\t\t\t<\/div>\n\t\t\t\t<\/div>\n\t\t<div data-particle_enable=\"false\" data-particle-mobile-disabled=\"false\" class=\"elementor-element elementor-element-839bfb1 e-flex e-con-boxed e-con e-parent\" data-id=\"839bfb1\" data-element_type=\"container\" data-e-type=\"container\">\n\t\t\t\t\t<div class=\"e-con-inner\">\n\t\t\t\t<div class=\"elementor-element elementor-element-30fd63e elementor-widget elementor-widget-heading\" data-id=\"30fd63e\" data-element_type=\"widget\" data-e-type=\"widget\" data-widget_type=\"heading.default\">\n\t\t\t\t\t<h3 class=\"elementor-heading-title elementor-size-default\">Pueblos de Guatemala bajo el patronazgo de los ap\u00f3stoles y fechas de celebraci\u00f3n<\/h3>\t\t\t\t<\/div>\n\t\t\t\t\t<\/div>\n\t\t\t\t<\/div>\n\t\t<div data-particle_enable=\"false\" data-particle-mobile-disabled=\"false\" class=\"elementor-element elementor-element-72a5b18 e-flex e-con-boxed e-con e-parent\" data-id=\"72a5b18\" data-element_type=\"container\" data-e-type=\"container\">\n\t\t\t\t\t<div class=\"e-con-inner\">\n\t\t\t\t<div class=\"elementor-element elementor-element-bbd733b elementor-widget elementor-widget-text-editor\" data-id=\"bbd733b\" data-element_type=\"widget\" data-e-type=\"widget\" data-widget_type=\"text-editor.default\">\n\t\t\t\t\t\t\t\t\t<div><a href=\"https:\/\/soymigrante.com\/revista\/fiestas-patronales-en-guatemala-busque-su-municipio\/\" target=\"_blank\" rel=\"noopener\">Varios municipios y aldeas de Guatemala tienen a los ap\u00f3stoles como sus santos patronos,<\/a> y cada uno celebra su festividad con actividades religiosas y culturales. Santiago El Menor y San Judas Tadeo no tienen municipios bajo su patronazgo.<br><br><ul><li>&nbsp;<span style=\"font-family: Roboto, sans-serif; font-size: 16px; font-style: normal; font-variant-ligatures: normal; font-variant-caps: normal; font-weight: 400;\">\u2022<\/span><strong>San Pedro Ap\u00f3stol<\/strong><a href=\"https:\/\/soymigrante.com\/revista\/san-pedro-la-laguna-24-kilometros-de-cultura-belleza-y-paz-a-la-orilla-de-atitlan\/\">&nbsp;San Pedro La Laguna<\/a>, Solol\u00e1;&nbsp; San Pedro Pinula, Jalapa; San Pedro Ayampuc, Guatemala; San Pedro Carch\u00e1, Alta Verapaz; San Pedro Jocopilas, Quich\u00e9; San Pedro Necta y San Pedro Soloma, Huehuetenango.<\/li><li><strong>\u2022San Andr\u00e9s Ap\u00f3stol<\/strong> \u2013 San Andr\u00e9s Itzapa, Chimaltenango; San Andr\u00e9s Osuna, Escuintla; San Andr\u00e9s, Pet\u00e9n; San Andr\u00e9s Villaseca, Retalhuleu; San Andr\u00e9s Sajcabaj\u00e1, Quich\u00e9; San Andr\u00e9s Semetabaj, Solol\u00e1; San Andr\u00e9s, Xecul, Totonicap\u00e1n. Fiesta patronal 30 de noviembre.<\/li><li><strong style=\"font-style: normal; font-variant-ligatures: normal; font-variant-caps: normal; font-size: 16px; font-family: Roboto, sans-serif;\">\u2022Santiago Ap\u00f3stol &#8211; <\/strong><span style=\"font-style: normal; font-variant-ligatures: normal; font-variant-caps: normal; font-size: 16px; font-family: Roboto, sans-serif;\"><a href=\"https:\/\/soymigrante.com\/revista\/santiago-atitlan-es-otro-de-los-pueblos-alrededor-del-lago-mas-bello-del-mundo\/\">Santiago Atitl\u00e1n<\/a>, Solol\u00e1; Santiago Sacatep\u00e9quez, Sacatep\u00e9quez; Santiago Chimaltenango, Huehuetenango; y aunque sus nombres civiles actualmente no incluyen el del ap\u00f3stol tambi\u00e9n est\u00e1n bajo su patronazgo: Santiago Jocot\u00e1n, Chiquimula;&nbsp; Santiago Patzic\u00eda, Chimaltenango; Santiago Mataquescuintla, Jalapa; Santiago Momostenango, Totonicap\u00e1n; Santiago Tejutla, San Marcos y por supuesto Antigua Guatemala con el t\u00edtulo nobiliario de Santiago de los Caballeros de Guatemala (25 de julio)<\/span><\/li><li><strong>\u2022San Juan Ap\u00f3stol<\/strong> \u2013 San Juan Tecuaco, Santa Rosa.&nbsp;<a href=\"https:\/\/soymigrante.com\/revista\/san-juan-es-la-fiesta-patronal-en-15-municipios-en-guatemala\/\">S\u00ed hay m\u00e1s municipios que se llaman San Juan, pero el patrono es San Juan Bautista, el primo de Jes\u00fas.&nbsp;<\/a><\/li><li><strong>\u2022San Felipe Ap\u00f3stol<\/strong> \u2013 San Felipe, Retalhuleu (3 de mayo) (Una aldea&nbsp; de Antigua Guatemala se llama San Felipe de Jes\u00fas; no es municipio pero s\u00ed es muy conocida y visitada)<\/li><li><strong>\u2022San Bartolom\u00e9 Ap\u00f3stol<\/strong> \u2013 San Bartolom\u00e9 Milpas Altas, Sacatep\u00e9quez; San Bartolom\u00e9 Jocotenango, Quich\u00e9; San Bartolom\u00e9 Mazatenango, Suchitep\u00e9quez; San Bartolom\u00e9 Sipacapa, San Marcos (24 de agosto)<\/li><li><strong>\u2022San Mateo Ap\u00f3stol<\/strong> \u2013 San Mateo Ixtat\u00e1n, Huehuetenango; San Mateo, Quetzaltenango, San Mateo Salam\u00e1, cabecera de Baja Verapaz (21 de septiembre)<\/li><li><strong>\u2022Santo Tom\u00e1s Ap\u00f3stol<\/strong> \u2013 Santo Tom\u00e1s de Castilla, Izabal (nombrado bajo el patronazgo del santo y con el agregado de Castilla en honor del capit\u00e1n general Diego Criado de Castilla) ; Santo Tom\u00e1s La Uni\u00f3n, Suchitep\u00e9quez (21 de diciembre); Santo Tom\u00e1s Chichicastenango, Quich\u00e9; Santo Tom\u00e1s La Uni\u00f3n, Suchitep\u00e9quez; Santo Tom\u00e1s Teculut\u00e1n, Zacapa.<\/li><\/ul><\/div>\t\t\t\t\t\t\t\t<\/div>\n\t\t\t\t\t<\/div>\n\t\t\t\t<\/div>\n\t\t<div data-particle_enable=\"false\" data-particle-mobile-disabled=\"false\" class=\"elementor-element elementor-element-fad3984 e-flex e-con-boxed e-con e-parent\" data-id=\"fad3984\" data-element_type=\"container\" data-e-type=\"container\">\n\t\t\t\t\t<div class=\"e-con-inner\">\n\t\t\t\t<div class=\"elementor-element elementor-element-3774f3a elementor-widget elementor-widget-text-editor\" data-id=\"3774f3a\" data-element_type=\"widget\" data-e-type=\"widget\" data-widget_type=\"text-editor.default\">\n\t\t\t\t\t\t\t\t\t<p>Cada una de estas celebraciones refleja la fuerte tradici\u00f3n religiosa en Guatemala, donde los <a href=\"https:\/\/soymigrante.com\/revista\/fiestas-patronales-en-guatemala-busque-su-municipio\/\" target=\"_blank\" rel=\"noopener\">ap\u00f3stoles siguen siendo figuras de devoci\u00f3n y gu\u00eda espiritual.<\/a><\/p>\t\t\t\t\t\t\t\t<\/div>\n\t\t\t\t\t<\/div>\n\t\t\t\t<\/div>\n\t\t<div data-particle_enable=\"false\" data-particle-mobile-disabled=\"false\" class=\"elementor-element elementor-element-5a3600a e-flex e-con-boxed e-con e-parent\" data-id=\"5a3600a\" data-element_type=\"container\" data-e-type=\"container\">\n\t\t\t\t\t<div class=\"e-con-inner\">\n\t\t\t\t<div class=\"elementor-element elementor-element-c5cb60e elementor-widget elementor-widget-html\" data-id=\"c5cb60e\" data-element_type=\"widget\" data-e-type=\"widget\" data-widget_type=\"html.default\">\n\t\t\t\t\t<iframe src=\"https:\/\/www.facebook.com\/plugins\/video.php?height=314&href=https%3A%2F%2Fwww.facebook.com%2FCNPAG%2Fvideos%2F489124375719096%2F&show_text=true&width=560&t=0\" width=\"560\" height=\"429\" style=\"border:none;overflow:hidden\" scrolling=\"no\" frameborder=\"0\" allowfullscreen=\"true\" allow=\"autoplay; clipboard-write; encrypted-media; picture-in-picture; web-share\" allowFullScreen=\"true\"><\/iframe>\t\t\t\t<\/div>\n\t\t\t\t\t<\/div>\n\t\t\t\t<\/div>\n\t\t<div data-particle_enable=\"false\" data-particle-mobile-disabled=\"false\" class=\"elementor-element elementor-element-4342e54 e-flex e-con-boxed e-con e-parent\" data-id=\"4342e54\" data-element_type=\"container\" data-e-type=\"container\">\n\t\t\t\t\t<div class=\"e-con-inner\">\n\t\t\t\t<div class=\"elementor-element elementor-element-1b0b613 elementor-widget elementor-widget-heading\" data-id=\"1b0b613\" data-element_type=\"widget\" data-e-type=\"widget\" data-widget_type=\"heading.default\">\n\t\t\t\t\t<h2 class=\"elementor-heading-title elementor-size-default\">Conoce m\u00e1s de Guatemala, ac\u00e1...<\/h2>\t\t\t\t<\/div>\n\t\t\t\t\t<\/div>\n\t\t\t\t<\/div>\n\t\t<div data-particle_enable=\"false\" data-particle-mobile-disabled=\"false\" class=\"elementor-element elementor-element-aec7665 e-flex e-con-boxed e-con e-parent\" data-id=\"aec7665\" data-element_type=\"container\" data-e-type=\"container\">\n\t\t\t\t\t<div class=\"e-con-inner\">\n\t\t\t\t<div class=\"elementor-element elementor-element-3c859a1 elementor-grid-eael-col-3 elementor-grid-tablet-eael-col-2 elementor-grid-mobile-eael-col-1 elementor-widget elementor-widget-eael-post-grid\" data-id=\"3c859a1\" data-element_type=\"widget\" data-e-type=\"widget\" data-settings=\"{&quot;eael_post_grid_columns&quot;:&quot;eael-col-3&quot;,&quot;eael_post_grid_columns_tablet&quot;:&quot;eael-col-2&quot;,&quot;eael_post_grid_columns_mobile&quot;:&quot;eael-col-1&quot;}\" data-widget_type=\"eael-post-grid.default\">\n\t\t\t\t\t<div id=\"eael-post-grid-3c859a1\" class=\"eael-post-grid-container\">\n            <div class=\"eael-post-grid eael-post-appender eael-post-appender-3c859a1 eael-post-grid-style-one\" data-layout-mode=\"masonry\"><article class=\"eael-grid-post  eael-post-grid-column eael-pg-post-16311 category-guate-nuestra\" data-id=\"16311\">\n        <div class=\"eael-grid-post-holder\">\n            <div class=\"eael-grid-post-holder-inner\"><div class=\"eael-entry-media\"><div class=\"eael-entry-overlay fade-in\"><i class=\"far fa-hand-pointer\" aria-hidden=\"true\"><\/i><a href=\"https:\/\/soymigrante.com\/revista\/san-juan-del-obispo-pueblo-vecino-de-antigua-guatemala-reconocido-en-best-tourism-village-2024\/\"><\/a><\/div><div class=\"eael-entry-thumbnail \">\n                <img decoding=\"async\" width=\"1024\" height=\"1024\" src=\"https:\/\/soymigrante.com\/revista\/wp-content\/uploads\/2024\/12\/san-juan-del-obispo-1024x1024.jpg\" class=\"attachment-large size-large wp-image-16335\" alt=\"Antigua iglesia colonial en un pueblo mexicano, arquitectura hist\u00f3rica y cultural, turismo en M\u00e9xico, patrimonio arquitect\u00f3nico, iglesias coloniales mexicanas.\" srcset=\"https:\/\/soymigrante.com\/revista\/wp-content\/uploads\/2024\/12\/san-juan-del-obispo-1024x1024.jpg 1024w, https:\/\/soymigrante.com\/revista\/wp-content\/uploads\/2024\/12\/san-juan-del-obispo-300x300.jpg 300w, https:\/\/soymigrante.com\/revista\/wp-content\/uploads\/2024\/12\/san-juan-del-obispo-150x150.jpg 150w, https:\/\/soymigrante.com\/revista\/wp-content\/uploads\/2024\/12\/san-juan-del-obispo-768x768.jpg 768w, https:\/\/soymigrante.com\/revista\/wp-content\/uploads\/2024\/12\/san-juan-del-obispo-75x75.webp 75w, https:\/\/soymigrante.com\/revista\/wp-content\/uploads\/2024\/12\/san-juan-del-obispo-750x750.webp 750w, https:\/\/soymigrante.com\/revista\/wp-content\/uploads\/2024\/12\/san-juan-del-obispo-1140x1140.webp 1140w, https:\/\/soymigrante.com\/revista\/wp-content\/uploads\/2024\/12\/san-juan-del-obispo.webp 1173w\" sizes=\"(max-width: 1024px) 100vw, 1024px\" \/>\n            <\/div>\n        <\/div><div class=\"eael-entry-wrapper\"><header class=\"eael-entry-header\"><h2 class=\"eael-entry-title\"><a class=\"eael-grid-post-link\" href=\"https:\/\/soymigrante.com\/revista\/san-juan-del-obispo-pueblo-vecino-de-antigua-guatemala-reconocido-en-best-tourism-village-2024\/\" title=\"San Juan del Obispo,  cerca de Antigua Guatemala, es reconocido en Best Tourism Villages 2024\">San Juan del Obispo,  cerca de Antigua Guatemala, es reconocido en Best Tourism Villages 2024<\/a><\/h2><\/header><div class=\"eael-entry-content\">\n                        <div class=\"eael-grid-post-excerpt\"><a href=\"https:\/\/soymigrante.com\/revista\/san-juan-del-obispo-pueblo-vecino-de-antigua-guatemala-reconocido-en-best-tourism-village-2024\/\" class=\"eael-post-elements-readmore-btn\">CONOCE SU HISTORIA <\/a><\/div>\n                    <\/div><\/div><\/div>\n        <\/div>\n    <\/article><article class=\"eael-grid-post  eael-post-grid-column eael-pg-post-7044 category-guate-nuestra\" data-id=\"7044\">\n        <div class=\"eael-grid-post-holder\">\n            <div class=\"eael-grid-post-holder-inner\"><div class=\"eael-entry-media\"><div class=\"eael-entry-overlay fade-in\"><i class=\"far fa-hand-pointer\" aria-hidden=\"true\"><\/i><a href=\"https:\/\/soymigrante.com\/revista\/san-juan-es-la-fiesta-patronal-en-15-municipios-en-guatemala\/\"><\/a><\/div><div class=\"eael-entry-thumbnail \">\n                <img loading=\"lazy\" decoding=\"async\" width=\"1024\" height=\"732\" src=\"https:\/\/soymigrante.com\/revista\/wp-content\/uploads\/2024\/06\/448511494_877499334419904_7531734115353672560_n-1024x732.webp\" class=\"attachment-large size-large wp-image-7049\" alt=\"Tradicional desfile folkl\u00f3rico de ni\u00f1as en San Juan Sacatepequez con vestimenta t\u00edpica y paraguas en d\u00eda lluvioso.\" srcset=\"https:\/\/soymigrante.com\/revista\/wp-content\/uploads\/2024\/06\/448511494_877499334419904_7531734115353672560_n-1024x732.webp 1024w, https:\/\/soymigrante.com\/revista\/wp-content\/uploads\/2024\/06\/448511494_877499334419904_7531734115353672560_n-300x214.webp 300w, https:\/\/soymigrante.com\/revista\/wp-content\/uploads\/2024\/06\/448511494_877499334419904_7531734115353672560_n-768x549.webp 768w, https:\/\/soymigrante.com\/revista\/wp-content\/uploads\/2024\/06\/448511494_877499334419904_7531734115353672560_n-120x86.webp 120w, https:\/\/soymigrante.com\/revista\/wp-content\/uploads\/2024\/06\/448511494_877499334419904_7531734115353672560_n-350x250.webp 350w, https:\/\/soymigrante.com\/revista\/wp-content\/uploads\/2024\/06\/448511494_877499334419904_7531734115353672560_n-750x536.webp 750w, https:\/\/soymigrante.com\/revista\/wp-content\/uploads\/2024\/06\/448511494_877499334419904_7531734115353672560_n-1140x815.webp 1140w, https:\/\/soymigrante.com\/revista\/wp-content\/uploads\/2024\/06\/448511494_877499334419904_7531734115353672560_n.webp 1280w\" sizes=\"(max-width: 1024px) 100vw, 1024px\" \/>\n            <\/div>\n        <\/div><div class=\"eael-entry-wrapper\"><header class=\"eael-entry-header\"><h2 class=\"eael-entry-title\"><a class=\"eael-grid-post-link\" href=\"https:\/\/soymigrante.com\/revista\/san-juan-es-la-fiesta-patronal-en-15-municipios-en-guatemala\/\" title=\"San Juan es la fiesta patronal en 15 municipios en Guatemala\u00a0\">San Juan es la fiesta patronal en 15 municipios en Guatemala\u00a0<\/a><\/h2><\/header><div class=\"eael-entry-content\">\n                        <div class=\"eael-grid-post-excerpt\"><a href=\"https:\/\/soymigrante.com\/revista\/san-juan-es-la-fiesta-patronal-en-15-municipios-en-guatemala\/\" class=\"eael-post-elements-readmore-btn\">CONOCE SU HISTORIA <\/a><\/div>\n                    <\/div><\/div><\/div>\n        <\/div>\n    <\/article><article class=\"eael-grid-post  eael-post-grid-column eael-pg-post-1387 category-guate-nuestra\" data-id=\"1387\">\n        <div class=\"eael-grid-post-holder\">\n            <div class=\"eael-grid-post-holder-inner\"><div class=\"eael-entry-media\"><div class=\"eael-entry-overlay fade-in\"><i class=\"far fa-hand-pointer\" aria-hidden=\"true\"><\/i><a href=\"https:\/\/soymigrante.com\/revista\/siete-amaneceres-increibles-fotografiados-en-guatemala\/\"><\/a><\/div><div class=\"eael-entry-thumbnail \">\n                <img loading=\"lazy\" decoding=\"async\" width=\"1024\" height=\"684\" src=\"https:\/\/soymigrante.com\/revista\/wp-content\/uploads\/2023\/06\/Vistas-de-amaneceres-en-Guatemala-por-el-fotografo-Abel-Juarez-3-1024x684.webp\" class=\"attachment-large size-large wp-image-1390\" alt=\"Vistas de amaneceres en Guatemala por el fot\u00f3grafo Abel Ju\u00e1rez (3)\" srcset=\"https:\/\/soymigrante.com\/revista\/wp-content\/uploads\/2023\/06\/Vistas-de-amaneceres-en-Guatemala-por-el-fotografo-Abel-Juarez-3-1024x684.webp 1024w, https:\/\/soymigrante.com\/revista\/wp-content\/uploads\/2023\/06\/Vistas-de-amaneceres-en-Guatemala-por-el-fotografo-Abel-Juarez-3-300x200.webp 300w, https:\/\/soymigrante.com\/revista\/wp-content\/uploads\/2023\/06\/Vistas-de-amaneceres-en-Guatemala-por-el-fotografo-Abel-Juarez-3-768x513.webp 768w, https:\/\/soymigrante.com\/revista\/wp-content\/uploads\/2023\/06\/Vistas-de-amaneceres-en-Guatemala-por-el-fotografo-Abel-Juarez-3-1536x1025.webp 1536w, https:\/\/soymigrante.com\/revista\/wp-content\/uploads\/2023\/06\/Vistas-de-amaneceres-en-Guatemala-por-el-fotografo-Abel-Juarez-3-750x501.webp 750w, https:\/\/soymigrante.com\/revista\/wp-content\/uploads\/2023\/06\/Vistas-de-amaneceres-en-Guatemala-por-el-fotografo-Abel-Juarez-3-1140x761.webp 1140w, https:\/\/soymigrante.com\/revista\/wp-content\/uploads\/2023\/06\/Vistas-de-amaneceres-en-Guatemala-por-el-fotografo-Abel-Juarez-3-600x400.webp 600w, https:\/\/soymigrante.com\/revista\/wp-content\/uploads\/2023\/06\/Vistas-de-amaneceres-en-Guatemala-por-el-fotografo-Abel-Juarez-3.webp 1600w\" sizes=\"(max-width: 1024px) 100vw, 1024px\" \/>\n            <\/div>\n        <\/div><div class=\"eael-entry-wrapper\"><header class=\"eael-entry-header\"><h2 class=\"eael-entry-title\"><a class=\"eael-grid-post-link\" href=\"https:\/\/soymigrante.com\/revista\/siete-amaneceres-increibles-fotografiados-en-guatemala\/\" title=\"Solamente en Guatemala: 5 amaneceres y 2 atardeceres incre\u00edbles\">Solamente en Guatemala: 5 amaneceres y 2 atardeceres incre\u00edbles<\/a><\/h2><\/header><div class=\"eael-entry-content\">\n                        <div class=\"eael-grid-post-excerpt\"><a href=\"https:\/\/soymigrante.com\/revista\/siete-amaneceres-increibles-fotografiados-en-guatemala\/\" class=\"eael-post-elements-readmore-btn\">CONOCE SU HISTORIA <\/a><\/div>\n                    <\/div><\/div><\/div>\n        <\/div>\n    <\/article><\/div>\n            <div class=\"clearfix\"><\/div>\n        <\/div>\t\t\t\t<\/div>\n\t\t\t\t\t<\/div>\n\t\t\t\t<\/div>\n\t\t\t\t<\/div>\n\t\t","protected":false},"excerpt":{"rendered":"<p>Los pueblos de Guatemala tienen como protectores, gu\u00edas y patronos a varios de los ap\u00f3stoles de Jes\u00fas, ac\u00e1 te contamos cu\u00e1les son. Los 12 ap\u00f3stoles fueron los disc\u00edpulos elegidos por Jes\u00fas para difundir su mensaje y ser testigos de su vida, muerte y resurrecci\u00f3n. Cada uno tuvo una historia particular y una misi\u00f3n dentro del [&hellip;]<\/p>\n","protected":false},"author":19,"featured_media":5974,"comment_status":"open","ping_status":"open","sticky":false,"template":"","format":"standard","meta":{"_acf_changed":false,"_eb_attr":"","footnotes":""},"categories":[58],"tags":[],"class_list":["post-28036","post","type-post","status-publish","format-standard","has-post-thumbnail","hentry","category-guate-nuestra"],"acf":[],"aioseo_notices":[],"aioseo_head":"\n\t\t<!-- All in One SEO Pro 4.9.6.2 - aioseo.com -->\n\t<meta name=\"description\" content=\"&quot;\u00a1Salve, mi Patria querida, mi dulce Guatemala, salve! Delicia y amor de mi vida, mi fuente y origen&quot;: las palabras del gran poeta guatemalteco Rafael Land\u00edvar (1731-1793) saltan a la mente al observar estos siete instantes captados por el fot\u00f3grafo Abel Ju\u00e1rez. Libertad y silencio en la Pe\u00f1a Blanca La Pe\u00f1a Blanca es una formaci\u00f3n\" \/>\n\t<meta name=\"robots\" content=\"max-snippet:-1, max-image-preview:large, max-video-preview:-1\" \/>\n\t<meta name=\"author\" content=\"SoyMigrante.com REVISTA\"\/>\n\t<link rel=\"canonical\" href=\"https:\/\/soymigrante.com\/revista\/siete-amaneceres-increibles-fotografiados-en-guatemala\/\" \/>\n\t<meta name=\"generator\" content=\"All in One SEO Pro (AIOSEO) 4.9.6.2\" \/>\n\n\t\t<link rel=\"preconnect\" href=\"https:\/\/fonts.googleapis.com\" crossorigin>\n<link rel=\"preconnect\" href=\"https:\/\/fonts.gstatic.com\" crossorigin>\n\t\t<meta property=\"og:locale\" content=\"es_ES\" \/>\n\t\t<meta property=\"og:site_name\" content=\"SoyMigrante.com REVISTA \u2013 Nuestra misi\u00f3n es reconocer y dignificar al migrante.\" \/>\n\t\t<meta property=\"og:type\" content=\"article\" \/>\n\t\t<meta property=\"og:title\" content=\"Solamente en Guatemala: 5 amaneceres y 2 atardeceres incre\u00edbles\" \/>\n\t\t<meta property=\"og:description\" content=\"&quot;\u00a1Salve, mi Patria querida, mi dulce Guatemala, salve! Delicia y amor de mi vida, mi fuente y origen&quot;: las palabras del gran poeta guatemalteco Rafael Land\u00edvar (1731-1793) saltan a la mente al observar estos siete instantes captados por el fot\u00f3grafo Abel Ju\u00e1rez. Libertad y silencio en la Pe\u00f1a Blanca La Pe\u00f1a Blanca es una formaci\u00f3n\" \/>\n\t\t<meta property=\"og:url\" content=\"https:\/\/soymigrante.com\/revista\/siete-amaneceres-increibles-fotografiados-en-guatemala\/\" \/>\n\t\t<meta property=\"og:image\" content=\"https:\/\/soymigrante.com\/revista\/wp-content\/uploads\/2023\/06\/Vistas-de-amaneceres-en-Guatemala-por-el-fotografo-Abel-Juarez-3.webp\" \/>\n\t\t<meta property=\"og:image:secure_url\" content=\"https:\/\/soymigrante.com\/revista\/wp-content\/uploads\/2023\/06\/Vistas-de-amaneceres-en-Guatemala-por-el-fotografo-Abel-Juarez-3.webp\" \/>\n\t\t<meta property=\"og:image:width\" content=\"1600\" \/>\n\t\t<meta property=\"og:image:height\" content=\"1068\" \/>\n\t\t<meta property=\"article:published_time\" content=\"2023-06-15T01:19:22+00:00\" \/>\n\t\t<meta property=\"article:modified_time\" content=\"2025-08-01T01:55:50+00:00\" \/>\n\t\t<meta property=\"article:publisher\" content=\"https:\/\/www.facebook.com\/soymigrantecom\" \/>\n\t\t<meta name=\"twitter:card\" content=\"summary_large_image\" \/>\n\t\t<meta name=\"twitter:site\" content=\"@SoyMigrante_com\" \/>\n\t\t<meta name=\"twitter:title\" content=\"Solamente en Guatemala: 5 amaneceres y 2 atardeceres incre\u00edbles\" \/>\n\t\t<meta name=\"twitter:description\" content=\"&quot;\u00a1Salve, mi Patria querida, mi dulce Guatemala, salve! Delicia y amor de mi vida, mi fuente y origen&quot;: las palabras del gran poeta guatemalteco Rafael Land\u00edvar (1731-1793) saltan a la mente al observar estos siete instantes captados por el fot\u00f3grafo Abel Ju\u00e1rez. Libertad y silencio en la Pe\u00f1a Blanca La Pe\u00f1a Blanca es una formaci\u00f3n\" \/>\n\t\t<meta name=\"twitter:creator\" content=\"@SoyMigrante_com\" \/>\n\t\t<meta name=\"twitter:image\" content=\"https:\/\/soymigrante.com\/revista\/wp-content\/uploads\/2023\/06\/Vistas-de-amaneceres-en-Guatemala-por-el-fotografo-Abel-Juarez-3.webp\" \/>\n\t\t<!-- All in One SEO Pro -->\r\n\t\t<title>Solamente en Guatemala: 5 amaneceres y 2 atardeceres incre\u00edbles<\/title>\n\n","aioseo_head_json":{"title":"Solamente en Guatemala: 5 amaneceres y 2 atardeceres incre\u00edbles","description":"\"\u00a1Salve, mi Patria querida, mi dulce Guatemala, salve! Delicia y amor de mi vida, mi fuente y origen\": las palabras del gran poeta guatemalteco Rafael Land\u00edvar (1731-1793) saltan a la mente al observar estos siete instantes captados por el fot\u00f3grafo Abel Ju\u00e1rez. Libertad y silencio en la Pe\u00f1a Blanca La Pe\u00f1a Blanca es una formaci\u00f3n","canonical_url":"https:\/\/soymigrante.com\/revista\/siete-amaneceres-increibles-fotografiados-en-guatemala\/","robots":"max-snippet:-1, max-image-preview:large, max-video-preview:-1","keywords":"","webmasterTools":{"miscellaneous":"&lt;link rel=\"preconnect\" href=\"https:\/\/fonts.googleapis.com\" crossorigin&gt;\n&lt;link rel=\"preconnect\" href=\"https:\/\/fonts.gstatic.com\" crossorigin&gt;"},"schema":null,"og:locale":"es_ES","og:site_name":"SoyMigrante.com REVISTA \u2013 Nuestra misi\u00f3n es reconocer y dignificar al migrante.","og:type":"article","og:title":"Solamente en Guatemala: 5 amaneceres y 2 atardeceres incre\u00edbles","og:description":"&quot;\u00a1Salve, mi Patria querida, mi dulce Guatemala, salve! Delicia y amor de mi vida, mi fuente y origen&quot;: las palabras del gran poeta guatemalteco Rafael Land\u00edvar (1731-1793) saltan a la mente al observar estos siete instantes captados por el fot\u00f3grafo Abel Ju\u00e1rez. Libertad y silencio en la Pe\u00f1a Blanca La Pe\u00f1a Blanca es una formaci\u00f3n","og:url":"https:\/\/soymigrante.com\/revista\/siete-amaneceres-increibles-fotografiados-en-guatemala\/","og:image":"https:\/\/soymigrante.com\/revista\/wp-content\/uploads\/2023\/06\/Vistas-de-amaneceres-en-Guatemala-por-el-fotografo-Abel-Juarez-3.webp","og:image:secure_url":"https:\/\/soymigrante.com\/revista\/wp-content\/uploads\/2023\/06\/Vistas-de-amaneceres-en-Guatemala-por-el-fotografo-Abel-Juarez-3.webp","og:image:width":1600,"og:image:height":1068,"article:published_time":"2023-06-15T01:19:22+00:00","article:modified_time":"2025-08-01T01:55:50+00:00","article:publisher":"https:\/\/www.facebook.com\/soymigrantecom","twitter:card":"summary_large_image","twitter:site":"@SoyMigrante_com","twitter:title":"Solamente en Guatemala: 5 amaneceres y 2 atardeceres incre\u00edbles","twitter:description":"&quot;\u00a1Salve, mi Patria querida, mi dulce Guatemala, salve! Delicia y amor de mi vida, mi fuente y origen&quot;: las palabras del gran poeta guatemalteco Rafael Land\u00edvar (1731-1793) saltan a la mente al observar estos siete instantes captados por el fot\u00f3grafo Abel Ju\u00e1rez. Libertad y silencio en la Pe\u00f1a Blanca La Pe\u00f1a Blanca es una formaci\u00f3n","twitter:creator":"@SoyMigrante_com","twitter:image":"https:\/\/soymigrante.com\/revista\/wp-content\/uploads\/2023\/06\/Vistas-de-amaneceres-en-Guatemala-por-el-fotografo-Abel-Juarez-3.webp"},"aioseo_meta_data":{"post_id":"28036","title":null,"description":"Los pueblos de Guatemala tienen como protectores, gu\u00edas y patronos a varios de los ap\u00f3stoles de Jes\u00fas, ac\u00e1 te contamos cu\u00e1les son.","keywords":null,"keyphrases":{"focus":{"keyphrase":"Pueblos de Guatemala","score":60,"analysis":{"keyphraseInTitle":{"score":3,"maxScore":9,"error":1},"keyphraseInDescription":{"score":9,"maxScore":9,"error":0},"keyphraseLength":{"score":9,"maxScore":9,"error":0,"length":3},"keyphraseInURL":{"score":5,"maxScore":5,"error":0},"keyphraseInIntroduction":{"score":3,"maxScore":9,"error":1},"keyphraseInSubHeadings":{"score":9,"maxScore":9,"error":0},"keyphraseInImageAlt":{"score":3,"maxScore":9,"error":1},"keywordDensity":{"score":0,"type":"low","maxScore":9,"error":1}}},"additional":[{"keyphrase":"Pueblos de Guatemala","score":53,"analysis":{"keyphraseInDescription":{"score":9,"maxScore":9,"error":0},"keyphraseLength":{"score":9,"maxScore":9,"error":0,"length":3},"keyphraseInIntroduction":{"score":3,"maxScore":9,"error":1},"keyphraseInImageAlt":{"score":3,"maxScore":9,"error":1},"keywordDensity":{"score":0,"type":"low","maxScore":9,"error":1}}}]},"primary_term":null,"canonical_url":null,"og_title":null,"og_description":null,"og_object_type":"default","og_image_type":"default","og_image_url":null,"og_image_width":null,"og_image_height":null,"og_image_custom_url":null,"og_image_custom_fields":null,"og_video":"","og_custom_url":null,"og_article_section":null,"og_article_tags":null,"twitter_use_og":false,"twitter_card":"default","twitter_image_type":"default","twitter_image_url":null,"twitter_image_custom_url":null,"twitter_image_custom_fields":null,"twitter_title":null,"twitter_description":null,"schema":{"blockGraphs":[],"customGraphs":[],"default":{"data":{"Article":[],"Course":[],"Dataset":[],"FAQPage":[],"Movie":[],"Person":[],"Product":[],"ProductReview":[],"Car":[],"Recipe":[],"Service":[],"SoftwareApplication":[],"WebPage":[]},"graphName":"none","isEnabled":true},"graphs":[]},"schema_type":"default","schema_type_options":null,"pillar_content":false,"robots_default":true,"robots_noindex":false,"robots_noarchive":false,"robots_nosnippet":false,"robots_nofollow":false,"robots_noimageindex":false,"robots_noodp":false,"robots_notranslate":false,"robots_max_snippet":"-1","robots_max_videopreview":"-1","robots_max_imagepreview":"large","priority":null,"frequency":"default","local_seo":null,"seo_analyzer_scan_date":"2025-10-09 04:24:51","breadcrumb_settings":null,"limit_modified_date":false,"reviewed_by":null,"open_ai":"{\"title\":{\"suggestions\":[],\"usage\":0},\"description\":{\"suggestions\":[],\"usage\":0}}","ai":null,"created":"2025-03-12 20:58:06","updated":"2026-02-04 23:00:50"},"aioseo_breadcrumb":"<div class=\"aioseo-breadcrumbs\"><span class=\"aioseo-breadcrumb\">\n\t<a href=\"https:\/\/soymigrante.com\/revista\" title=\"Home\">Home<\/a>\n<\/span><span class=\"aioseo-breadcrumb-separator\">\u00bb<\/span><span class=\"aioseo-breadcrumb\">\n\t<a href=\"https:\/\/soymigrante.com\/revista\/category\/guate-nuestra\/\" title=\"Guate Nuestra\">Guate Nuestra<\/a>\n<\/span><span class=\"aioseo-breadcrumb-separator\">\u00bb<\/span><span class=\"aioseo-breadcrumb\">\n\tLos 12 ap\u00f3stoles de Jes\u00fas y los municipios de Guatemala bajo su patronazgo\n<\/span><\/div>","aioseo_breadcrumb_json":[{"label":"Home","link":"https:\/\/soymigrante.com\/revista"},{"label":"Guate Nuestra","link":"https:\/\/soymigrante.com\/revista\/category\/guate-nuestra\/"},{"label":"Los 12 ap\u00f3stoles de Jes\u00fas y los municipios de Guatemala bajo su patronazgo","link":"https:\/\/soymigrante.com\/revista\/los-12-apostoles-de-jesus-y-los-pueblos-de-guatemala-bajo-su-patronazgo\/"}],"_links":{"self":[{"href":"https:\/\/soymigrante.com\/revista\/wp-json\/wp\/v2\/posts\/28036","targetHints":{"allow":["GET"]}}],"collection":[{"href":"https:\/\/soymigrante.com\/revista\/wp-json\/wp\/v2\/posts"}],"about":[{"href":"https:\/\/soymigrante.com\/revista\/wp-json\/wp\/v2\/types\/post"}],"author":[{"embeddable":true,"href":"https:\/\/soymigrante.com\/revista\/wp-json\/wp\/v2\/users\/19"}],"replies":[{"embeddable":true,"href":"https:\/\/soymigrante.com\/revista\/wp-json\/wp\/v2\/comments?post=28036"}],"version-history":[{"count":27,"href":"https:\/\/soymigrante.com\/revista\/wp-json\/wp\/v2\/posts\/28036\/revisions"}],"predecessor-version":[{"id":31432,"href":"https:\/\/soymigrante.com\/revista\/wp-json\/wp\/v2\/posts\/28036\/revisions\/31432"}],"wp:featuredmedia":[{"embeddable":true,"href":"https:\/\/soymigrante.com\/revista\/wp-json\/wp\/v2\/media\/5974"}],"wp:attachment":[{"href":"https:\/\/soymigrante.com\/revista\/wp-json\/wp\/v2\/media?parent=28036"}],"wp:term":[{"taxonomy":"category","embeddable":true,"href":"https:\/\/soymigrante.com\/revista\/wp-json\/wp\/v2\/categories?post=28036"},{"taxonomy":"post_tag","embeddable":true,"href":"https:\/\/soymigrante.com\/revista\/wp-json\/wp\/v2\/tags?post=28036"}],"curies":[{"name":"wp","href":"https:\/\/api.w.org\/{rel}","templated":true}]}}