{"id":2801,"date":"2023-10-04T15:02:03","date_gmt":"2023-10-04T21:02:03","guid":{"rendered":"https:\/\/soymigrante.com\/revista\/?p=2801"},"modified":"2024-07-30T04:47:11","modified_gmt":"2024-07-30T10:47:11","slug":"organizaciones-de-migrantes-guatemaltecos-exigen-renuncia-de-fiscal-general-consuelo-porras","status":"publish","type":"post","link":"https:\/\/soymigrante.com\/revista\/organizaciones-de-migrantes-guatemaltecos-exigen-renuncia-de-fiscal-general-consuelo-porras\/","title":{"rendered":"Organizaciones guatemaltecas de migrantes exigen renuncia de fiscales y respeto a la democracia"},"content":{"rendered":"\t\t<div data-elementor-type=\"wp-post\" data-elementor-id=\"2801\" class=\"elementor elementor-2801\" data-elementor-post-type=\"post\">\n\t\t\t\t\t\t<section data-particle_enable=\"false\" data-particle-mobile-disabled=\"false\" class=\"elementor-section elementor-top-section elementor-element elementor-element-d575c57 elementor-section-boxed elementor-section-height-default elementor-section-height-default\" data-id=\"d575c57\" data-element_type=\"section\" data-e-type=\"section\">\n\t\t\t\t\t\t<div class=\"elementor-container elementor-column-gap-default\">\n\t\t\t\t\t<div class=\"elementor-column elementor-col-100 elementor-top-column elementor-element elementor-element-0926320\" data-id=\"0926320\" data-element_type=\"column\" data-e-type=\"column\">\n\t\t\t<div class=\"elementor-widget-wrap elementor-element-populated\">\n\t\t\t\t\t\t<div class=\"elementor-element elementor-element-25b8855 elementor-widget elementor-widget-heading\" data-id=\"25b8855\" data-element_type=\"widget\" data-e-type=\"widget\" data-widget_type=\"heading.default\">\n\t\t\t\t\t<h1 class=\"elementor-heading-title elementor-size-default\">Compatriotas migrantes de varios Estados de la Uni\u00f3n Americana se unen para exigir respeto a los resultados de las elecciones y la renuncia de los funcionarios del MP que acosan al Tribunal Supremo Electoral.<\/h1>\t\t\t\t<\/div>\n\t\t\t\t\t<\/div>\n\t\t<\/div>\n\t\t\t\t\t<\/div>\n\t\t<\/section>\n\t\t\t\t<section data-particle_enable=\"false\" data-particle-mobile-disabled=\"false\" class=\"elementor-section elementor-top-section elementor-element elementor-element-4cd5f13 elementor-section-boxed elementor-section-height-default elementor-section-height-default\" data-id=\"4cd5f13\" data-element_type=\"section\" data-e-type=\"section\">\n\t\t\t\t\t\t<div class=\"elementor-container elementor-column-gap-default\">\n\t\t\t\t\t<div class=\"elementor-column elementor-col-100 elementor-top-column elementor-element elementor-element-d98c838\" data-id=\"d98c838\" data-element_type=\"column\" data-e-type=\"column\">\n\t\t\t<div class=\"elementor-widget-wrap elementor-element-populated\">\n\t\t\t\t\t\t<div class=\"elementor-element elementor-element-18032db elementor-invisible elementor-widget elementor-widget-image\" data-id=\"18032db\" data-element_type=\"widget\" data-e-type=\"widget\" data-settings=\"{&quot;_animation&quot;:&quot;fadeInUp&quot;}\" data-widget_type=\"image.default\">\n\t\t\t\t\t\t\t\t\t\t\t\t<figure class=\"wp-caption\">\n\t\t\t\t\t\t\t\t\t\t<img fetchpriority=\"high\" decoding=\"async\" width=\"752\" height=\"394\" src=\"https:\/\/soymigrante.com\/revista\/wp-content\/uploads\/2023\/10\/quetzalon-1.webp\" class=\"attachment-large size-large wp-image-2802\" alt=\"\" srcset=\"https:\/\/soymigrante.com\/revista\/wp-content\/uploads\/2023\/10\/quetzalon-1.webp 752w, https:\/\/soymigrante.com\/revista\/wp-content\/uploads\/2023\/10\/quetzalon-1-300x157.webp 300w, https:\/\/soymigrante.com\/revista\/wp-content\/uploads\/2023\/10\/quetzalon-1-750x393.webp 750w\" sizes=\"(max-width: 752px) 100vw, 752px\" title=\"quetzalon 1 \u2013 SoyMigrante.com REVISTA\" \/>\t\t\t\t\t\t\t\t\t\t\t<figcaption class=\"widget-image-caption wp-caption-text\"><\/figcaption>\n\t\t\t\t\t\t\t\t\t\t<\/figure>\n\t\t\t\t\t\t\t\t\t<\/div>\n\t\t\t\t\t<\/div>\n\t\t<\/div>\n\t\t\t\t\t<\/div>\n\t\t<\/section>\n\t\t\t\t<section data-particle_enable=\"false\" data-particle-mobile-disabled=\"false\" class=\"elementor-section elementor-top-section elementor-element elementor-element-43479ca elementor-section-boxed elementor-section-height-default elementor-section-height-default\" data-id=\"43479ca\" data-element_type=\"section\" data-e-type=\"section\">\n\t\t\t\t\t\t<div class=\"elementor-container elementor-column-gap-default\">\n\t\t\t\t\t<div class=\"elementor-column elementor-col-100 elementor-top-column elementor-element elementor-element-ac740b4\" data-id=\"ac740b4\" data-element_type=\"column\" data-e-type=\"column\">\n\t\t\t<div class=\"elementor-widget-wrap elementor-element-populated\">\n\t\t\t\t\t\t<div class=\"elementor-element elementor-element-e9cbf79 elementor-widget elementor-widget-text-editor\" data-id=\"e9cbf79\" data-element_type=\"widget\" data-e-type=\"widget\" data-widget_type=\"text-editor.default\">\n\t\t\t\t\t\t\t\t\t<p><span style=\"background-color: var(--ak-bg-color);\">\u00edderes de organizaciones de guatemaltecos migrantes en varios estados de la Uni\u00f3n Americana rechazan los ataques contra la democracia de Guatemala, el asedio del Ministerio P\u00fablico contra el Tribunal Supremo Electoral y los intentos de sabotear los resultados de los comicios del 25 de junio y el 20 de agosto.<\/span><\/p><p>En un comunicado suscrito este 4 de octubre, los firmantes exigen la renuncia de la Fiscal General Mar\u00eda Consuelo Argueta, del Fiscal Especial contra la Impunidad, Rafael Curruchiche, de la fiscal Cinthia Monterroso y del juez Freddy Orellana, a quienes consideran causantes de la crisis que atraviesa el pa\u00eds y que ha generado protestas ciudadanas.<\/p>\t\t\t\t\t\t\t\t<\/div>\n\t\t\t\t\t<\/div>\n\t\t<\/div>\n\t\t\t\t\t<\/div>\n\t\t<\/section>\n\t\t\t\t<section data-particle_enable=\"false\" data-particle-mobile-disabled=\"false\" class=\"elementor-section elementor-top-section elementor-element elementor-element-edc6459 elementor-section-boxed elementor-section-height-default elementor-section-height-default\" data-id=\"edc6459\" data-element_type=\"section\" data-e-type=\"section\">\n\t\t\t\t\t\t<div class=\"elementor-container elementor-column-gap-default\">\n\t\t\t\t\t<div class=\"elementor-column elementor-col-100 elementor-top-column elementor-element elementor-element-d1cd965\" data-id=\"d1cd965\" data-element_type=\"column\" data-e-type=\"column\">\n\t\t\t<div class=\"elementor-widget-wrap elementor-element-populated\">\n\t\t\t\t\t\t<div class=\"elementor-element elementor-element-acb146a elementor-arrows-position-inside elementor-pagination-position-outside elementor-invisible elementor-widget elementor-widget-image-carousel\" data-id=\"acb146a\" data-element_type=\"widget\" data-e-type=\"widget\" data-settings=\"{&quot;slides_to_show&quot;:&quot;1&quot;,&quot;autoplay_speed&quot;:3000,&quot;_animation&quot;:&quot;pulse&quot;,&quot;navigation&quot;:&quot;both&quot;,&quot;autoplay&quot;:&quot;yes&quot;,&quot;pause_on_hover&quot;:&quot;yes&quot;,&quot;pause_on_interaction&quot;:&quot;yes&quot;,&quot;infinite&quot;:&quot;yes&quot;,&quot;effect&quot;:&quot;slide&quot;,&quot;speed&quot;:500}\" data-widget_type=\"image-carousel.default\">\n\t\t\t\t\t\t\t<div class=\"elementor-image-carousel-wrapper swiper\" role=\"region\" aria-roledescription=\"carousel\" aria-label=\"Carrusel de im\u00e1genes\" dir=\"ltr\">\n\t\t\t<div class=\"elementor-image-carousel swiper-wrapper\" aria-live=\"off\">\n\t\t\t\t\t\t\t\t<div class=\"swiper-slide\" role=\"group\" aria-roledescription=\"slide\" aria-label=\"1 de 4\"><figure class=\"swiper-slide-inner\"><img decoding=\"async\" class=\"swiper-slide-image\" src=\"https:\/\/soymigrante.com\/revista\/wp-content\/uploads\/2023\/10\/com.webp\" alt=\"com\" \/><\/figure><\/div><div class=\"swiper-slide\" role=\"group\" aria-roledescription=\"slide\" aria-label=\"2 de 4\"><figure class=\"swiper-slide-inner\"><img decoding=\"async\" class=\"swiper-slide-image\" src=\"https:\/\/soymigrante.com\/revista\/wp-content\/uploads\/2023\/10\/com-3.webp\" alt=\"com 3\" \/><\/figure><\/div><div class=\"swiper-slide\" role=\"group\" aria-roledescription=\"slide\" aria-label=\"3 de 4\"><figure class=\"swiper-slide-inner\"><img decoding=\"async\" class=\"swiper-slide-image\" src=\"https:\/\/soymigrante.com\/revista\/wp-content\/uploads\/2023\/10\/com-5.webp\" alt=\"com 5\" \/><\/figure><\/div><div class=\"swiper-slide\" role=\"group\" aria-roledescription=\"slide\" aria-label=\"4 de 4\"><figure class=\"swiper-slide-inner\"><img decoding=\"async\" class=\"swiper-slide-image\" src=\"https:\/\/soymigrante.com\/revista\/wp-content\/uploads\/2023\/10\/com-4.webp\" alt=\"com 4\" \/><\/figure><\/div>\t\t\t<\/div>\n\t\t\t\t\t\t\t\t\t\t\t\t<div class=\"elementor-swiper-button elementor-swiper-button-prev\" role=\"button\" tabindex=\"0\">\n\t\t\t\t\t\t<i aria-hidden=\"true\" class=\"eicon-chevron-left\"><\/i>\t\t\t\t\t<\/div>\n\t\t\t\t\t<div class=\"elementor-swiper-button elementor-swiper-button-next\" role=\"button\" tabindex=\"0\">\n\t\t\t\t\t\t<i aria-hidden=\"true\" class=\"eicon-chevron-right\"><\/i>\t\t\t\t\t<\/div>\n\t\t\t\t\n\t\t\t\t\t\t\t\t\t<div class=\"swiper-pagination\"><\/div>\n\t\t\t\t\t\t\t\t\t<\/div>\n\t\t\t\t\t\t<\/div>\n\t\t\t\t\t<\/div>\n\t\t<\/div>\n\t\t\t\t\t<\/div>\n\t\t<\/section>\n\t\t\t\t<section data-particle_enable=\"false\" data-particle-mobile-disabled=\"false\" class=\"elementor-section elementor-top-section elementor-element elementor-element-4ad1d71 elementor-section-boxed elementor-section-height-default elementor-section-height-default\" data-id=\"4ad1d71\" data-element_type=\"section\" data-e-type=\"section\">\n\t\t\t\t\t\t<div class=\"elementor-container elementor-column-gap-default\">\n\t\t\t\t\t<div class=\"elementor-column elementor-col-100 elementor-top-column elementor-element elementor-element-f7272a4\" data-id=\"f7272a4\" data-element_type=\"column\" data-e-type=\"column\">\n\t\t\t<div class=\"elementor-widget-wrap elementor-element-populated\">\n\t\t\t\t\t\t<div class=\"elementor-element elementor-element-0d66f4d elementor-widget elementor-widget-heading\" data-id=\"0d66f4d\" data-element_type=\"widget\" data-e-type=\"widget\" data-widget_type=\"heading.default\">\n\t\t\t\t\t<h2 class=\"elementor-heading-title elementor-size-default\">Rechazan ataques contra TSE<\/h2>\t\t\t\t<\/div>\n\t\t\t\t\t<\/div>\n\t\t<\/div>\n\t\t\t\t\t<\/div>\n\t\t<\/section>\n\t\t\t\t<section data-particle_enable=\"false\" data-particle-mobile-disabled=\"false\" class=\"elementor-section elementor-top-section elementor-element elementor-element-61c36c6 elementor-section-boxed elementor-section-height-default elementor-section-height-default\" data-id=\"61c36c6\" data-element_type=\"section\" data-e-type=\"section\">\n\t\t\t\t\t\t<div class=\"elementor-container elementor-column-gap-default\">\n\t\t\t\t\t<div class=\"elementor-column elementor-col-100 elementor-top-column elementor-element elementor-element-f882542\" data-id=\"f882542\" data-element_type=\"column\" data-e-type=\"column\">\n\t\t\t<div class=\"elementor-widget-wrap elementor-element-populated\">\n\t\t\t\t\t\t<div class=\"elementor-element elementor-element-6c7c490 elementor-widget elementor-widget-text-editor\" data-id=\"6c7c490\" data-element_type=\"widget\" data-e-type=\"widget\" data-widget_type=\"text-editor.default\">\n\t\t\t\t\t\t\t\t\t<p><span style=\"background-color: var(--ak-bg-color);\">El comunicado deplora \u201cla evidente persecuci\u00f3n que el MP ha emprendido con el \u00fanico prop\u00f3sito de socavar y destruir la democracia en nuestro pa\u00eds, as\u00ed como los recientes allanamientos que se realizaron en el Tribunal Supremo Electoral (TSE)\u201d.<\/span><\/p><p>Entre los firmantes figuran las organizaciones Plataforma de Guatemaltecos en el Extranjero,\u00a0 Misi\u00f3n Guatemala USA, Fraternidad Guatemala del Norte de Nevada, Alianza Guatemaltecos Unidos y Guatemaltecos En Nueva York,<\/p><p>Por debilitar el Estado de Derecho y contravenir la voluntad del pueblo de Guatemala, los l\u00edderes migrantes exigen las dimisiones ya mencionadas, pero tambi\u00e9n lanzan un fuerte mensaje a la Corte Suprema de Justicia y Corte de Constitucionalidad para \u201casumir la responsabilidad hist\u00f3rica de resolver en definitiva y conforme al derecho, a fin de evitar que nuestra democracia y el r\u00e9gimen de legalidad sean quebrantados\u201d.\u00a0<\/p>\t\t\t\t\t\t\t\t<\/div>\n\t\t\t\t\t<\/div>\n\t\t<\/div>\n\t\t\t\t\t<\/div>\n\t\t<\/section>\n\t\t\t\t<section data-particle_enable=\"false\" data-particle-mobile-disabled=\"false\" class=\"elementor-section elementor-top-section elementor-element elementor-element-9f72d29 elementor-section-boxed elementor-section-height-default elementor-section-height-default\" data-id=\"9f72d29\" data-element_type=\"section\" data-e-type=\"section\">\n\t\t\t\t\t\t<div class=\"elementor-container elementor-column-gap-default\">\n\t\t\t\t\t<div class=\"elementor-column elementor-col-100 elementor-top-column elementor-element elementor-element-1f60460\" data-id=\"1f60460\" data-element_type=\"column\" data-e-type=\"column\">\n\t\t\t<div class=\"elementor-widget-wrap elementor-element-populated\">\n\t\t\t\t\t\t<div class=\"elementor-element elementor-element-7f5a1a3 elementor-invisible elementor-widget elementor-widget-facebook-embed\" data-id=\"7f5a1a3\" data-element_type=\"widget\" data-e-type=\"widget\" data-settings=\"{&quot;_animation&quot;:&quot;wobble&quot;}\" data-widget_type=\"facebook-embed.default\">\n\t\t\t\t\t<div style=\"min-height: 1px\" class=\"elementor-facebook-widget fb-post\" data-href=\"https:\/\/www.facebook.com\/100064514299457\/videos\/1266553788076513\" data-show-text=\"true\"><\/div>\t\t\t\t<\/div>\n\t\t\t\t\t<\/div>\n\t\t<\/div>\n\t\t\t\t\t<\/div>\n\t\t<\/section>\n\t\t\t\t<section data-particle_enable=\"false\" data-particle-mobile-disabled=\"false\" class=\"elementor-section elementor-top-section elementor-element elementor-element-a03c520 elementor-section-boxed elementor-section-height-default elementor-section-height-default\" data-id=\"a03c520\" data-element_type=\"section\" data-e-type=\"section\">\n\t\t\t\t\t\t<div class=\"elementor-container elementor-column-gap-default\">\n\t\t\t\t\t<div class=\"elementor-column elementor-col-100 elementor-top-column elementor-element elementor-element-88f06c9\" data-id=\"88f06c9\" data-element_type=\"column\" data-e-type=\"column\">\n\t\t\t<div class=\"elementor-widget-wrap elementor-element-populated\">\n\t\t\t\t\t\t<div class=\"elementor-element elementor-element-6642222 elementor-widget elementor-widget-heading\" data-id=\"6642222\" data-element_type=\"widget\" data-e-type=\"widget\" data-widget_type=\"heading.default\">\n\t\t\t\t\t<h2 class=\"elementor-heading-title elementor-size-default\">Llamado a los organismos del Estado a respetar  la soberana voluntad del pueblo<\/h2>\t\t\t\t<\/div>\n\t\t\t\t\t<\/div>\n\t\t<\/div>\n\t\t\t\t\t<\/div>\n\t\t<\/section>\n\t\t\t\t<section data-particle_enable=\"false\" data-particle-mobile-disabled=\"false\" class=\"elementor-section elementor-top-section elementor-element elementor-element-f9b5fda elementor-section-boxed elementor-section-height-default elementor-section-height-default\" data-id=\"f9b5fda\" data-element_type=\"section\" data-e-type=\"section\">\n\t\t\t\t\t\t<div class=\"elementor-container elementor-column-gap-default\">\n\t\t\t\t\t<div class=\"elementor-column elementor-col-100 elementor-top-column elementor-element elementor-element-a0badf8\" data-id=\"a0badf8\" data-element_type=\"column\" data-e-type=\"column\">\n\t\t\t<div class=\"elementor-widget-wrap elementor-element-populated\">\n\t\t\t\t\t\t<div class=\"elementor-element elementor-element-963688a elementor-widget elementor-widget-text-editor\" data-id=\"963688a\" data-element_type=\"widget\" data-e-type=\"widget\" data-widget_type=\"text-editor.default\">\n\t\t\t\t\t\t\t\t\t<p><span style=\"background-color: var(--ak-bg-color);\">A los organismos Ejecutivo y Legislativo les exhortan a \u201cser respetuosos de la ley y del resultado del proceso electoral, reconociendo que, como altos dignatarios de la naci\u00f3n, est\u00e1n al servicio del pueblo en quien radica la soberan\u00eda\u201d.\u00a0<\/span><\/p><p>Finalmente, los guatemaltecos migrantes organizados se solidarizan con la poblaci\u00f3n guatemalteca residente en el pa\u00eds e invitan a participar en la defensa de la democracia. Asimismo piden a las organizaciones internacionales, al gobierno de Estados Unidos y a la Uni\u00f3n Europea mantener el acompa\u00f1amiento al pa\u00eds para que se efect\u00fae la transici\u00f3n de mando el 14 de enero de 2024.<\/p><p>Resaltan que la migraci\u00f3n de guatemaltecos a Estados Unidos es producto de la falta de oportunidades econ\u00f3micas y de desarrollo, por lo cual es necesario un cambio en el pa\u00eds.<\/p>\t\t\t\t\t\t\t\t<\/div>\n\t\t\t\t\t<\/div>\n\t\t<\/div>\n\t\t\t\t\t<\/div>\n\t\t<\/section>\n\t\t\t\t<section data-particle_enable=\"false\" data-particle-mobile-disabled=\"false\" class=\"elementor-section elementor-top-section elementor-element elementor-element-2327aff elementor-section-boxed elementor-section-height-default elementor-section-height-default\" data-id=\"2327aff\" data-element_type=\"section\" data-e-type=\"section\">\n\t\t\t\t\t\t<div class=\"elementor-container elementor-column-gap-default\">\n\t\t\t\t\t<div class=\"elementor-column elementor-col-100 elementor-top-column elementor-element elementor-element-30eb8b4\" data-id=\"30eb8b4\" data-element_type=\"column\" data-e-type=\"column\">\n\t\t\t<div class=\"elementor-widget-wrap elementor-element-populated\">\n\t\t\t\t\t\t<div class=\"elementor-element elementor-element-9b34fe5 animated-slow elementor-invisible elementor-widget elementor-widget-image\" data-id=\"9b34fe5\" data-element_type=\"widget\" data-e-type=\"widget\" data-settings=\"{&quot;_animation&quot;:&quot;shake&quot;}\" data-widget_type=\"image.default\">\n\t\t\t\t\t\t\t\t\t\t\t\t<figure class=\"wp-caption\">\n\t\t\t\t\t\t\t\t\t\t<img decoding=\"async\" width=\"768\" height=\"476\" src=\"https:\/\/soymigrante.com\/revista\/wp-content\/uploads\/2023\/10\/magistrados-1024x635.webp\" class=\"attachment-large size-large wp-image-2810\" alt=\"Esta fotograf\u00eda le ha dado la vuelta al mundo: momento en que fiscales del Ministerio P\u00fablico, varios de ellos enmascarados, secuestran las actas electorales en la sede del Tribunal Supremo Electoral. Magistrados electorales intentan infuctuosamente detener la salda de las cajas. Esto nunca antes hab\u00eda ocurrido en la historia democr\u00e1tica de Guatemala. Foto TSE\" srcset=\"https:\/\/soymigrante.com\/revista\/wp-content\/uploads\/2023\/10\/magistrados-1024x635.webp 1024w, https:\/\/soymigrante.com\/revista\/wp-content\/uploads\/2023\/10\/magistrados-300x186.webp 300w, https:\/\/soymigrante.com\/revista\/wp-content\/uploads\/2023\/10\/magistrados-768x476.webp 768w, https:\/\/soymigrante.com\/revista\/wp-content\/uploads\/2023\/10\/magistrados-750x465.webp 750w, https:\/\/soymigrante.com\/revista\/wp-content\/uploads\/2023\/10\/magistrados-1140x707.webp 1140w, https:\/\/soymigrante.com\/revista\/wp-content\/uploads\/2023\/10\/magistrados.webp 1188w\" sizes=\"(max-width: 768px) 100vw, 768px\" title=\"Esta fotograf\u00eda le ha dado la vuelta al mundo: momento en que fiscales del Ministerio P\u00fablico, varios de ellos enmascarados, secuestran las actas electorales en la sede del Tribunal Supremo Electoral. Magistrados electorales intentan infuctuosamente detener la salda de las cajas. Esto nunca antes hab\u00eda ocurrido en la historia democr\u00e1tica de Guatemala. Foto TSE \u2013 SoyMigrante.com REVISTA\" \/>\t\t\t\t\t\t\t\t\t\t\t<figcaption class=\"widget-image-caption wp-caption-text\">Esta fotograf\u00eda le ha dado la vuelta al mundo: momento en que fiscales del Ministerio P\u00fablico, varios de ellos enmascarados, secuestran las actas electorales en la sede del Tribunal Supremo Electoral. Magistrados electorales intentan infuctuosamente detener la salda de las cajas. Esto nunca antes hab\u00eda ocurrido en la historia democr\u00e1tica de Guatemala. Foto TSE<\/figcaption>\n\t\t\t\t\t\t\t\t\t\t<\/figure>\n\t\t\t\t\t\t\t\t\t<\/div>\n\t\t\t\t\t<\/div>\n\t\t<\/div>\n\t\t\t\t\t<\/div>\n\t\t<\/section>\n\t\t\t\t<section data-particle_enable=\"false\" data-particle-mobile-disabled=\"false\" class=\"elementor-section elementor-top-section elementor-element elementor-element-86d3570 elementor-section-boxed elementor-section-height-default elementor-section-height-default\" data-id=\"86d3570\" data-element_type=\"section\" data-e-type=\"section\">\n\t\t\t\t\t\t<div class=\"elementor-container elementor-column-gap-default\">\n\t\t\t\t\t<div class=\"elementor-column elementor-col-100 elementor-top-column elementor-element elementor-element-d3cbcbd\" data-id=\"d3cbcbd\" data-element_type=\"column\" data-e-type=\"column\">\n\t\t\t<div class=\"elementor-widget-wrap elementor-element-populated\">\n\t\t\t\t\t\t<div class=\"elementor-element elementor-element-2a44a7f elementor-widget elementor-widget-heading\" data-id=\"2a44a7f\" data-element_type=\"widget\" data-e-type=\"widget\" data-widget_type=\"heading.default\">\n\t\t\t\t\t<h2 class=\"elementor-heading-title elementor-size-default\">Los migrantes guatemaltecos son un pilar de la econom\u00eda guatemalteca. A trav\u00e9s del env\u00edo de remesas aportan el 20% del Producto Interno del pa\u00eds, con lo cual apuntalan la estabilidad.<\/h2>\t\t\t\t<\/div>\n\t\t\t\t\t<\/div>\n\t\t<\/div>\n\t\t\t\t\t<\/div>\n\t\t<\/section>\n\t\t\t\t<section data-particle_enable=\"false\" data-particle-mobile-disabled=\"false\" class=\"elementor-section elementor-top-section elementor-element elementor-element-0b18f16 elementor-section-boxed elementor-section-height-default elementor-section-height-default\" data-id=\"0b18f16\" data-element_type=\"section\" data-e-type=\"section\">\n\t\t\t\t\t\t<div class=\"elementor-container elementor-column-gap-default\">\n\t\t\t\t\t<div class=\"elementor-column elementor-col-100 elementor-top-column elementor-element elementor-element-7ce8e58\" data-id=\"7ce8e58\" data-element_type=\"column\" data-e-type=\"column\">\n\t\t\t<div class=\"elementor-widget-wrap elementor-element-populated\">\n\t\t\t\t\t\t<div class=\"elementor-element elementor-element-dac29df elementor-grid-eael-col-1 elementor-grid-tablet-eael-col-2 elementor-grid-mobile-eael-col-1 elementor-widget elementor-widget-eael-post-grid\" data-id=\"dac29df\" data-element_type=\"widget\" data-e-type=\"widget\" data-settings=\"{&quot;eael_post_grid_columns&quot;:&quot;eael-col-1&quot;,&quot;eael_post_grid_columns_tablet&quot;:&quot;eael-col-2&quot;,&quot;eael_post_grid_columns_mobile&quot;:&quot;eael-col-1&quot;}\" data-widget_type=\"eael-post-grid.default\">\n\t\t\t\t\t<div id=\"eael-post-grid-dac29df\" class=\"eael-post-grid-container\">\n            <div class=\"eael-post-grid eael-post-appender eael-post-appender-dac29df eael-post-grid-style-one\" data-layout-mode=\"masonry\"><article class=\"eael-grid-post  eael-post-grid-column eael-pg-post-2777 category-estamos-unidos\" data-id=\"2777\">\n        <div class=\"eael-grid-post-holder\">\n            <div class=\"eael-grid-post-holder-inner\"><div class=\"eael-entry-media\"><div class=\"eael-entry-overlay fade-in\"><i class=\"fas fa-long-arrow-alt-right\" aria-hidden=\"true\"><\/i><a href=\"https:\/\/soymigrante.com\/revista\/migrantes-guatemaltecos-rechazan-ataques-contra-la-democracia-en-su-patria\/\"><\/a><\/div><div class=\"eael-entry-thumbnail \">\n                <img decoding=\"async\" width=\"300\" height=\"152\" src=\"https:\/\/soymigrante.com\/revista\/wp-content\/uploads\/2023\/10\/Captura-de-pantalla-2023-10-02-205700-300x152.webp\" class=\"attachment-medium size-medium wp-image-2787\" alt=\"Migrantes guatemaltecos se reunen en Maryland para exigir el cese del acoso contra el proceso electoral guatemalteco.\" srcset=\"https:\/\/soymigrante.com\/revista\/wp-content\/uploads\/2023\/10\/Captura-de-pantalla-2023-10-02-205700-300x152.webp 300w, https:\/\/soymigrante.com\/revista\/wp-content\/uploads\/2023\/10\/Captura-de-pantalla-2023-10-02-205700-1024x518.webp 1024w, https:\/\/soymigrante.com\/revista\/wp-content\/uploads\/2023\/10\/Captura-de-pantalla-2023-10-02-205700-768x389.webp 768w, https:\/\/soymigrante.com\/revista\/wp-content\/uploads\/2023\/10\/Captura-de-pantalla-2023-10-02-205700-750x379.webp 750w, https:\/\/soymigrante.com\/revista\/wp-content\/uploads\/2023\/10\/Captura-de-pantalla-2023-10-02-205700-1140x577.webp 1140w, https:\/\/soymigrante.com\/revista\/wp-content\/uploads\/2023\/10\/Captura-de-pantalla-2023-10-02-205700.webp 1271w\" sizes=\"(max-width: 300px) 100vw, 300px\" \/>\n            <\/div>\n        <\/div><div class=\"eael-entry-wrapper\"><header class=\"eael-entry-header\"><h2 class=\"eael-entry-title\"><a class=\"eael-grid-post-link\" href=\"https:\/\/soymigrante.com\/revista\/migrantes-guatemaltecos-rechazan-ataques-contra-la-democracia-en-su-patria\/\" title=\"Migrantes guatemaltecos llaman a rechazar intento de golpe a la democracia en su patria.\">Migrantes guatemaltecos llaman a rechazar intento de golpe a la democracia en su patria.<\/a><\/h2><\/header><\/div><\/div>\n        <\/div>\n    <\/article><\/div>\n            <div class=\"clearfix\"><\/div>\n        <\/div>\t\t\t\t<\/div>\n\t\t\t\t\t<\/div>\n\t\t<\/div>\n\t\t\t\t\t<\/div>\n\t\t<\/section>\n\t\t\t\t<\/div>\n\t\t","protected":false},"excerpt":{"rendered":"<p>Compatriotas migrantes de varios Estados de la Uni\u00f3n Americana se unen para exigir respeto a los resultados de las elecciones y la renuncia de los funcionarios del MP que acosan al Tribunal Supremo Electoral. \u00edderes de organizaciones de guatemaltecos migrantes en varios estados de la Uni\u00f3n Americana rechazan los ataques contra la democracia de Guatemala, [&hellip;]<\/p>\n","protected":false},"author":7,"featured_media":2810,"comment_status":"open","ping_status":"open","sticky":false,"template":"","format":"standard","meta":{"_acf_changed":false,"_eb_attr":"","footnotes":""},"categories":[54],"tags":[],"class_list":["post-2801","post","type-post","status-publish","format-standard","has-post-thumbnail","hentry","category-estamos-unidos"],"acf":[],"aioseo_notices":[],"aioseo_head":"\n\t\t<!-- All in One SEO Pro 4.9.6.2 - aioseo.com -->\n\t<meta name=\"description\" content=\"\u00a1Migrantes unidos, jam\u00e1s ser\u00e1n vencidos!, gritan guatemaltecos reunidos en Maryland, para protestar pac\u00edficamente en contra de acciones ilegales de autoridades en contra de la democracia en su patria. Rechazo rotundo a las acciones del Ministerio P\u00fablico de Guatemala en contra del proceso electoral y de la democracia manifestaron migrantes guatemaltecos reunidos este lunes 2 de\" \/>\n\t<meta name=\"robots\" content=\"max-snippet:-1, max-image-preview:large, max-video-preview:-1\" \/>\n\t<meta name=\"author\" content=\"Gustavo Montenegro\"\/>\n\t<link rel=\"canonical\" href=\"https:\/\/soymigrante.com\/revista\/migrantes-guatemaltecos-rechazan-ataques-contra-la-democracia-en-su-patria\/\" \/>\n\t<meta name=\"generator\" content=\"All in One SEO Pro (AIOSEO) 4.9.6.2\" \/>\n\n\t\t<link rel=\"preconnect\" href=\"https:\/\/fonts.googleapis.com\" crossorigin>\n<link rel=\"preconnect\" href=\"https:\/\/fonts.gstatic.com\" crossorigin>\n\t\t<meta property=\"og:locale\" content=\"es_ES\" \/>\n\t\t<meta property=\"og:site_name\" content=\"SoyMigrante.com REVISTA \u2013 Nuestra misi\u00f3n es reconocer y dignificar al migrante.\" \/>\n\t\t<meta property=\"og:type\" content=\"article\" \/>\n\t\t<meta property=\"og:title\" content=\"Migrantes guatemaltecos llaman a rechazar intento de golpe a la democracia en su patria.\" \/>\n\t\t<meta property=\"og:description\" content=\"\u00a1Migrantes unidos, jam\u00e1s ser\u00e1n vencidos!, gritan guatemaltecos reunidos en Maryland, para protestar pac\u00edficamente en contra de acciones ilegales de autoridades en contra de la democracia en su patria. Rechazo rotundo a las acciones del Ministerio P\u00fablico de Guatemala en contra del proceso electoral y de la democracia manifestaron migrantes guatemaltecos reunidos este lunes 2 de\" \/>\n\t\t<meta property=\"og:url\" content=\"https:\/\/soymigrante.com\/revista\/migrantes-guatemaltecos-rechazan-ataques-contra-la-democracia-en-su-patria\/\" \/>\n\t\t<meta property=\"og:image\" content=\"https:\/\/soymigrante.com\/revista\/wp-content\/uploads\/2023\/10\/Captura-de-pantalla-2023-10-02-205700.webp\" \/>\n\t\t<meta property=\"og:image:secure_url\" content=\"https:\/\/soymigrante.com\/revista\/wp-content\/uploads\/2023\/10\/Captura-de-pantalla-2023-10-02-205700.webp\" \/>\n\t\t<meta property=\"og:image:width\" content=\"1271\" \/>\n\t\t<meta property=\"og:image:height\" content=\"643\" \/>\n\t\t<meta property=\"article:published_time\" content=\"2023-10-03T05:15:24+00:00\" \/>\n\t\t<meta property=\"article:modified_time\" content=\"2024-07-30T10:29:02+00:00\" \/>\n\t\t<meta property=\"article:publisher\" content=\"https:\/\/www.facebook.com\/soymigrantecom\" \/>\n\t\t<meta name=\"twitter:card\" content=\"summary_large_image\" \/>\n\t\t<meta name=\"twitter:site\" content=\"@SoyMigrante_com\" \/>\n\t\t<meta name=\"twitter:title\" content=\"Migrantes guatemaltecos llaman a rechazar intento de golpe a la democracia en su patria.\" \/>\n\t\t<meta name=\"twitter:description\" content=\"\u00a1Migrantes unidos, jam\u00e1s ser\u00e1n vencidos!, gritan guatemaltecos reunidos en Maryland, para protestar pac\u00edficamente en contra de acciones ilegales de autoridades en contra de la democracia en su patria. Rechazo rotundo a las acciones del Ministerio P\u00fablico de Guatemala en contra del proceso electoral y de la democracia manifestaron migrantes guatemaltecos reunidos este lunes 2 de\" \/>\n\t\t<meta name=\"twitter:creator\" content=\"@SoyMigrante_com\" \/>\n\t\t<meta name=\"twitter:image\" content=\"https:\/\/soymigrante.com\/revista\/wp-content\/uploads\/2023\/10\/Captura-de-pantalla-2023-10-02-205700.webp\" \/>\n\t\t<!-- All in One SEO Pro -->\r\n\t\t<title>Migrantes guatemaltecos llaman a rechazar intento de golpe a la democracia en su patria.<\/title>\n\n","aioseo_head_json":{"title":"Migrantes guatemaltecos llaman a rechazar intento de golpe a la democracia en su patria.","description":"\u00a1Migrantes unidos, jam\u00e1s ser\u00e1n vencidos!, gritan guatemaltecos reunidos en Maryland, para protestar pac\u00edficamente en contra de acciones ilegales de autoridades en contra de la democracia en su patria. Rechazo rotundo a las acciones del Ministerio P\u00fablico de Guatemala en contra del proceso electoral y de la democracia manifestaron migrantes guatemaltecos reunidos este lunes 2 de","canonical_url":"https:\/\/soymigrante.com\/revista\/migrantes-guatemaltecos-rechazan-ataques-contra-la-democracia-en-su-patria\/","robots":"max-snippet:-1, max-image-preview:large, max-video-preview:-1","keywords":"","webmasterTools":{"miscellaneous":"&lt;link rel=\"preconnect\" href=\"https:\/\/fonts.googleapis.com\" crossorigin&gt;\n&lt;link rel=\"preconnect\" href=\"https:\/\/fonts.gstatic.com\" crossorigin&gt;"},"schema":null,"og:locale":"es_ES","og:site_name":"SoyMigrante.com REVISTA \u2013 Nuestra misi\u00f3n es reconocer y dignificar al migrante.","og:type":"article","og:title":"Migrantes guatemaltecos llaman a rechazar intento de golpe a la democracia en su patria.","og:description":"\u00a1Migrantes unidos, jam\u00e1s ser\u00e1n vencidos!, gritan guatemaltecos reunidos en Maryland, para protestar pac\u00edficamente en contra de acciones ilegales de autoridades en contra de la democracia en su patria. Rechazo rotundo a las acciones del Ministerio P\u00fablico de Guatemala en contra del proceso electoral y de la democracia manifestaron migrantes guatemaltecos reunidos este lunes 2 de","og:url":"https:\/\/soymigrante.com\/revista\/migrantes-guatemaltecos-rechazan-ataques-contra-la-democracia-en-su-patria\/","og:image":"https:\/\/soymigrante.com\/revista\/wp-content\/uploads\/2023\/10\/Captura-de-pantalla-2023-10-02-205700.webp","og:image:secure_url":"https:\/\/soymigrante.com\/revista\/wp-content\/uploads\/2023\/10\/Captura-de-pantalla-2023-10-02-205700.webp","og:image:width":1271,"og:image:height":643,"article:published_time":"2023-10-03T05:15:24+00:00","article:modified_time":"2024-07-30T10:29:02+00:00","article:publisher":"https:\/\/www.facebook.com\/soymigrantecom","twitter:card":"summary_large_image","twitter:site":"@SoyMigrante_com","twitter:title":"Migrantes guatemaltecos llaman a rechazar intento de golpe a la democracia en su patria.","twitter:description":"\u00a1Migrantes unidos, jam\u00e1s ser\u00e1n vencidos!, gritan guatemaltecos reunidos en Maryland, para protestar pac\u00edficamente en contra de acciones ilegales de autoridades en contra de la democracia en su patria. Rechazo rotundo a las acciones del Ministerio P\u00fablico de Guatemala en contra del proceso electoral y de la democracia manifestaron migrantes guatemaltecos reunidos este lunes 2 de","twitter:creator":"@SoyMigrante_com","twitter:image":"https:\/\/soymigrante.com\/revista\/wp-content\/uploads\/2023\/10\/Captura-de-pantalla-2023-10-02-205700.webp"},"aioseo_meta_data":{"post_id":"2801","title":null,"description":null,"keywords":[],"keyphrases":{"focus":{"keyphrase":"Migrantes","score":74,"analysis":{"keyphraseInTitle":{"score":9,"maxScore":9,"error":0},"keyphraseInDescription":{"score":9,"maxScore":9,"error":0},"keyphraseLength":{"score":9,"maxScore":9,"error":0,"length":1},"keyphraseInURL":{"score":5,"maxScore":5,"error":0},"keyphraseInIntroduction":{"score":3,"maxScore":9,"error":1},"keyphraseInSubHeadings":{"score":3,"maxScore":9,"error":1},"keyphraseInImageAlt":{"score":3,"maxScore":9,"error":1},"keywordDensity":{"type":"best","score":9,"maxScore":9,"error":0}}},"additional":[]},"primary_term":null,"canonical_url":null,"og_title":null,"og_description":null,"og_object_type":"default","og_image_type":"default","og_image_url":null,"og_image_width":null,"og_image_height":null,"og_image_custom_url":null,"og_image_custom_fields":null,"og_video":"","og_custom_url":null,"og_article_section":null,"og_article_tags":[],"twitter_use_og":false,"twitter_card":"default","twitter_image_type":"default","twitter_image_url":null,"twitter_image_custom_url":null,"twitter_image_custom_fields":null,"twitter_title":null,"twitter_description":null,"schema":{"blockGraphs":[],"customGraphs":[],"default":{"data":{"Article":[],"Course":[],"Dataset":[],"FAQPage":[],"Movie":[],"Person":[],"Product":[],"ProductReview":[],"Car":[],"Recipe":[],"Service":[],"SoftwareApplication":[],"WebPage":[]},"graphName":"BlogPosting","isEnabled":true},"graphs":[]},"schema_type":"default","schema_type_options":null,"pillar_content":false,"robots_default":true,"robots_noindex":false,"robots_noarchive":false,"robots_nosnippet":false,"robots_nofollow":false,"robots_noimageindex":false,"robots_noodp":false,"robots_notranslate":false,"robots_max_snippet":"-1","robots_max_videopreview":"-1","robots_max_imagepreview":"large","priority":null,"frequency":"default","local_seo":null,"seo_analyzer_scan_date":"2025-10-08 20:29:53","breadcrumb_settings":null,"limit_modified_date":false,"reviewed_by":null,"open_ai":null,"ai":null,"created":"2023-10-04 20:40:02","updated":"2026-02-04 09:42:19"},"aioseo_breadcrumb":"<div class=\"aioseo-breadcrumbs\"><span class=\"aioseo-breadcrumb\">\n\t<a href=\"https:\/\/soymigrante.com\/revista\" title=\"Home\">Home<\/a>\n<\/span><span class=\"aioseo-breadcrumb-separator\">\u00bb<\/span><span class=\"aioseo-breadcrumb\">\n\t<a href=\"https:\/\/soymigrante.com\/revista\/category\/estamos-unidos\/\" title=\"Estamos Unidos\">Estamos Unidos<\/a>\n<\/span><span class=\"aioseo-breadcrumb-separator\">\u00bb<\/span><span class=\"aioseo-breadcrumb\">\n\tOrganizaciones guatemaltecas de migrantes exigen renuncia de fiscales y respeto a la democracia\n<\/span><\/div>","aioseo_breadcrumb_json":[{"label":"Home","link":"https:\/\/soymigrante.com\/revista"},{"label":"Estamos Unidos","link":"https:\/\/soymigrante.com\/revista\/category\/estamos-unidos\/"},{"label":"Organizaciones guatemaltecas de migrantes exigen renuncia de fiscales y respeto a la democracia","link":"https:\/\/soymigrante.com\/revista\/organizaciones-de-migrantes-guatemaltecos-exigen-renuncia-de-fiscal-general-consuelo-porras\/"}],"_links":{"self":[{"href":"https:\/\/soymigrante.com\/revista\/wp-json\/wp\/v2\/posts\/2801","targetHints":{"allow":["GET"]}}],"collection":[{"href":"https:\/\/soymigrante.com\/revista\/wp-json\/wp\/v2\/posts"}],"about":[{"href":"https:\/\/soymigrante.com\/revista\/wp-json\/wp\/v2\/types\/post"}],"author":[{"embeddable":true,"href":"https:\/\/soymigrante.com\/revista\/wp-json\/wp\/v2\/users\/7"}],"replies":[{"embeddable":true,"href":"https:\/\/soymigrante.com\/revista\/wp-json\/wp\/v2\/comments?post=2801"}],"version-history":[{"count":0,"href":"https:\/\/soymigrante.com\/revista\/wp-json\/wp\/v2\/posts\/2801\/revisions"}],"wp:featuredmedia":[{"embeddable":true,"href":"https:\/\/soymigrante.com\/revista\/wp-json\/wp\/v2\/media\/2810"}],"wp:attachment":[{"href":"https:\/\/soymigrante.com\/revista\/wp-json\/wp\/v2\/media?parent=2801"}],"wp:term":[{"taxonomy":"category","embeddable":true,"href":"https:\/\/soymigrante.com\/revista\/wp-json\/wp\/v2\/categories?post=2801"},{"taxonomy":"post_tag","embeddable":true,"href":"https:\/\/soymigrante.com\/revista\/wp-json\/wp\/v2\/tags?post=2801"}],"curies":[{"name":"wp","href":"https:\/\/api.w.org\/{rel}","templated":true}]}}