{"id":27964,"date":"2025-03-12T12:23:48","date_gmt":"2025-03-12T18:23:48","guid":{"rendered":"https:\/\/soymigrante.com\/revista\/?p=27964"},"modified":"2025-06-23T17:21:27","modified_gmt":"2025-06-23T23:21:27","slug":"garbanzos-en-miel-son-una-delicia-con-historia-receta-y-acompanamientos","status":"publish","type":"post","link":"https:\/\/soymigrante.com\/revista\/garbanzos-en-miel-son-una-delicia-con-historia-receta-y-acompanamientos\/","title":{"rendered":"Garbanzos en miel son una delicia con historia, receta y acompa\u00f1amientos"},"content":{"rendered":"\t\t<div data-elementor-type=\"wp-post\" data-elementor-id=\"27964\" class=\"elementor elementor-27964\" data-elementor-post-type=\"post\">\n\t\t\t\t<div data-particle_enable=\"false\" data-particle-mobile-disabled=\"false\" class=\"elementor-element elementor-element-b62e337 e-flex e-con-boxed e-con e-parent\" data-id=\"b62e337\" data-element_type=\"container\" data-e-type=\"container\">\n\t\t\t\t\t<div class=\"e-con-inner\">\n\t\t\t\t<div class=\"elementor-element elementor-element-8831d41 elementor-widget elementor-widget-heading\" data-id=\"8831d41\" data-element_type=\"widget\" data-e-type=\"widget\" data-widget_type=\"heading.default\">\n\t\t\t\t\t<h2 class=\"elementor-heading-title elementor-size-default\">Los garbanzos en miel son un postre tradicional guatemalteco que se consume en varias \u00e9pocas del a\u00f1o, incluida la Semana Santa. <\/h2>\t\t\t\t<\/div>\n\t\t\t\t\t<\/div>\n\t\t\t\t<\/div>\n\t\t<div data-particle_enable=\"false\" data-particle-mobile-disabled=\"false\" class=\"elementor-element elementor-element-9622947 e-flex e-con-boxed e-con e-parent\" data-id=\"9622947\" data-element_type=\"container\" data-e-type=\"container\">\n\t\t\t\t\t<div class=\"e-con-inner\">\n\t\t\t\t<div class=\"elementor-element elementor-element-55324ee elementor-widget elementor-widget-text-editor\" data-id=\"55324ee\" data-element_type=\"widget\" data-e-type=\"widget\" data-widget_type=\"text-editor.default\">\n\t\t\t\t\t\t\t\t\t<p>Los garbanzos en miel son un postre t\u00edpico de <a href=\"https:\/\/soymigrante.com\/revista\/chapines-food-comida-guatemalteca-antojitos\/\" target=\"_blank\" rel=\"noopener\">Guatemala que resalta durante la Cuaresma y la Semana Santa.<\/a><\/p><p>Su preparaci\u00f3n sencilla, pero con un sabor profundo, refleja la influencia de la gastronom\u00eda espa\u00f1ola fusionada con ingredientes locales.<\/p><p>A continuaci\u00f3n,<a href=\"https:\/\/soymigrante.com\/revista\/chapines-food-comida-guatemalteca-antojitos\/\" target=\"_blank\" rel=\"noopener\"> te contamos su origen, historia, la receta tradicional y algunas opciones para acompa\u00f1arlo<\/a>.<\/p>\t\t\t\t\t\t\t\t<\/div>\n\t\t\t\t\t<\/div>\n\t\t\t\t<\/div>\n\t\t<div data-particle_enable=\"false\" data-particle-mobile-disabled=\"false\" class=\"elementor-element elementor-element-925cf3c e-flex e-con-boxed e-con e-parent\" data-id=\"925cf3c\" data-element_type=\"container\" data-e-type=\"container\">\n\t\t\t\t\t<div class=\"e-con-inner\">\n\t\t\t\t<div class=\"elementor-element elementor-element-1d4e2c9 elementor-widget elementor-widget-heading\" data-id=\"1d4e2c9\" data-element_type=\"widget\" data-e-type=\"widget\" data-widget_type=\"heading.default\">\n\t\t\t\t\t<h3 class=\"elementor-heading-title elementor-size-default\">Origen e historia<\/h3>\t\t\t\t<\/div>\n\t\t\t\t\t<\/div>\n\t\t\t\t<\/div>\n\t\t<div data-particle_enable=\"false\" data-particle-mobile-disabled=\"false\" class=\"elementor-element elementor-element-eaaf5b5 e-flex e-con-boxed e-con e-parent\" data-id=\"eaaf5b5\" data-element_type=\"container\" data-e-type=\"container\">\n\t\t\t\t\t<div class=\"e-con-inner\">\n\t\t\t\t<div class=\"elementor-element elementor-element-f85e03f elementor-widget elementor-widget-text-editor\" data-id=\"f85e03f\" data-element_type=\"widget\" data-e-type=\"widget\" data-widget_type=\"text-editor.default\">\n\t\t\t\t\t\t\t\t\t<p>Los garbanzos en miel tienen ra\u00edces en la cocina espa\u00f1ola, donde los garbanzos han sido un ingrediente fundamental desde tiempos antiguos.<\/p><p>Con la llegada de los colonizadores a Am\u00e9rica, <a href=\"https:\/\/soymigrante.com\/revista\/chapines-food-comida-guatemalteca-antojitos\/\" target=\"_blank\" rel=\"noopener\">este platillo se adapt\u00f3 a los sabores y costumbres de la regi\u00f3n,<\/a> utilizando ingredientes locales como la panela y especias aut\u00f3ctonas.<\/p>\t\t\t\t\t\t\t\t<\/div>\n\t\t\t\t\t<\/div>\n\t\t\t\t<\/div>\n\t\t<div data-particle_enable=\"false\" data-particle-mobile-disabled=\"false\" class=\"elementor-element elementor-element-7dc38d6 e-flex e-con-boxed e-con e-parent\" data-id=\"7dc38d6\" data-element_type=\"container\" data-e-type=\"container\">\n\t\t\t\t\t<div class=\"e-con-inner\">\n\t\t\t\t<div class=\"elementor-element elementor-element-41ed555 elementor-widget elementor-widget-text-editor\" data-id=\"41ed555\" data-element_type=\"widget\" data-e-type=\"widget\" data-widget_type=\"text-editor.default\">\n\t\t\t\t\t\t\t\t\t<p>En Guatemala, los garbanzos en miel se convirtieron en <a href=\"https:\/\/soymigrante.com\/revista\/chapines-food-comida-guatemalteca-antojitos\/\" target=\"_blank\" rel=\"noopener\">un postre representativo de la Cuaresma y Semana Santa,<\/a> ya que no contienen carne y encajan dentro de las restricciones alimenticias de la \u00e9poca.<\/p><p>Su preparaci\u00f3n ha pasado de generaci\u00f3n en generaci\u00f3n, convirti\u00e9ndose en una tradici\u00f3n familiar que evoca nostalgia y uni\u00f3n.<\/p>\t\t\t\t\t\t\t\t<\/div>\n\t\t\t\t\t<\/div>\n\t\t\t\t<\/div>\n\t\t<div data-particle_enable=\"false\" data-particle-mobile-disabled=\"false\" class=\"elementor-element elementor-element-4c98820 e-flex e-con-boxed e-con e-parent\" data-id=\"4c98820\" data-element_type=\"container\" data-e-type=\"container\">\n\t\t\t\t\t<div class=\"e-con-inner\">\n\t\t\t\t<div class=\"elementor-element elementor-element-38ca6ff elementor-widget elementor-widget-image\" data-id=\"38ca6ff\" data-element_type=\"widget\" data-e-type=\"widget\" data-widget_type=\"image.default\">\n\t\t\t\t\t\t\t\t\t\t\t\t<figure class=\"wp-caption\">\n\t\t\t\t\t\t\t\t\t\t<img fetchpriority=\"high\" decoding=\"async\" width=\"752\" height=\"1024\" src=\"https:\/\/soymigrante.com\/revista\/wp-content\/uploads\/2025\/03\/Garbanzos-en-miel--752x1024.jpeg\" class=\"attachment-large size-large wp-image-27967\" alt=\"Jugos de amaranto, bebida tradicional mexicana, en una taza decorada con un tejido colorido, sobre una mesa de madera.\" srcset=\"https:\/\/soymigrante.com\/revista\/wp-content\/uploads\/2025\/03\/Garbanzos-en-miel--752x1024.jpeg 752w, https:\/\/soymigrante.com\/revista\/wp-content\/uploads\/2025\/03\/Garbanzos-en-miel--220x300.jpeg 220w, https:\/\/soymigrante.com\/revista\/wp-content\/uploads\/2025\/03\/Garbanzos-en-miel--768x1046.jpeg 768w, https:\/\/soymigrante.com\/revista\/wp-content\/uploads\/2025\/03\/Garbanzos-en-miel--1128x1536.jpeg 1128w, https:\/\/soymigrante.com\/revista\/wp-content\/uploads\/2025\/03\/Garbanzos-en-miel--750x1021.webp 750w, https:\/\/soymigrante.com\/revista\/wp-content\/uploads\/2025\/03\/Garbanzos-en-miel--1140x1552.webp 1140w, https:\/\/soymigrante.com\/revista\/wp-content\/uploads\/2025\/03\/Garbanzos-en-miel-.webp 1410w\" sizes=\"(max-width: 752px) 100vw, 752px\" title=\"Garbanzos en miel: historia, receta y acompa\u00f1amientos \u2013 SoyMigrante.com REVISTA\" \/>\t\t\t\t\t\t\t\t\t\t\t<figcaption class=\"widget-image-caption wp-caption-text\">Deliciosos jugos de amaranto en taza decorada con tejido colorido, reflejando la cultura mexicana y su tradici\u00f3n en bebidas saludables y nutritivas.<\/figcaption>\n\t\t\t\t\t\t\t\t\t\t<\/figure>\n\t\t\t\t\t\t\t\t\t<\/div>\n\t\t\t\t\t<\/div>\n\t\t\t\t<\/div>\n\t\t<div data-particle_enable=\"false\" data-particle-mobile-disabled=\"false\" class=\"elementor-element elementor-element-433790b e-flex e-con-boxed e-con e-parent\" data-id=\"433790b\" data-element_type=\"container\" data-e-type=\"container\">\n\t\t\t\t\t<div class=\"e-con-inner\">\n\t\t\t\t<div class=\"elementor-element elementor-element-44eb93f elementor-widget elementor-widget-heading\" data-id=\"44eb93f\" data-element_type=\"widget\" data-e-type=\"widget\" data-widget_type=\"heading.default\">\n\t\t\t\t\t<h3 class=\"elementor-heading-title elementor-size-default\">Receta tradicional de garbanzos en miel<\/h3>\t\t\t\t<\/div>\n\t\t\t\t\t<\/div>\n\t\t\t\t<\/div>\n\t\t<div data-particle_enable=\"false\" data-particle-mobile-disabled=\"false\" class=\"elementor-element elementor-element-ba5a014 e-flex e-con-boxed e-con e-parent\" data-id=\"ba5a014\" data-element_type=\"container\" data-e-type=\"container\">\n\t\t\t\t\t<div class=\"e-con-inner\">\n\t\t\t\t<div class=\"elementor-element elementor-element-9cd2564 elementor-widget elementor-widget-text-editor\" data-id=\"9cd2564\" data-element_type=\"widget\" data-e-type=\"widget\" data-widget_type=\"text-editor.default\">\n\t\t\t\t\t\t\t\t\t<div><strong>Ingredientes:<\/strong><\/div><div>\u20221 libra de garbanzos secos<\/div><div>\u20221 tapa de panela o piloncillo (aproximadamente 250 g)<\/div><div>\u20222 rajas de canela<\/div><div>\u20224 clavos de olor<\/div><div>\u20221 cucharadita de vainilla<\/div><div>\u20221 litro de agua<\/div><div>\u20221 c\u00e1scara de naranja (opcional)<\/div>\t\t\t\t\t\t\t\t<\/div>\n\t\t\t\t\t<\/div>\n\t\t\t\t<\/div>\n\t\t<div data-particle_enable=\"false\" data-particle-mobile-disabled=\"false\" class=\"elementor-element elementor-element-b360de0 e-flex e-con-boxed e-con e-parent\" data-id=\"b360de0\" data-element_type=\"container\" data-e-type=\"container\">\n\t\t\t\t\t<div class=\"e-con-inner\">\n\t\t\t\t<div class=\"elementor-element elementor-element-fb3c595 elementor-widget elementor-widget-text-editor\" data-id=\"fb3c595\" data-element_type=\"widget\" data-e-type=\"widget\" data-widget_type=\"text-editor.default\">\n\t\t\t\t\t\t\t\t\t<div><strong>Preparaci\u00f3n:<\/strong><\/div><div><strong>1.Remojar los garbanzos:<\/strong> La noche anterior, coloca los garbanzos en un recipiente con abundante agua y d\u00e9jalos en remojo para que se hidraten y se ablanden.<\/div><div><strong>2.Cocinar los garbanzos:<\/strong> Al d\u00eda siguiente, escurre y enjuaga los garbanzos, luego cu\u00e9celos en agua hasta que est\u00e9n suaves (aproximadamente 1 hora).<\/div><div><strong>3.Preparar la miel:<\/strong> En una olla aparte, disuelve la panela en 1 litro de agua a fuego medio. Agrega la canela, los clavos de olor y la c\u00e1scara de naranja. Cocina hasta que la miel espese un poco.<\/div><div><strong>4.A\u00f1adir los garbanzos:<\/strong> Incorpora los garbanzos cocidos a la miel y deja que se impregnen de su sabor a fuego bajo durante 30 minutos.<\/div><div><strong>5.Finalizar y servir:<\/strong> Retira del fuego, agrega la vainilla y deja reposar. Se puede servir caliente o fr\u00edo, seg\u00fan la preferencia.<\/div>\t\t\t\t\t\t\t\t<\/div>\n\t\t\t\t\t<\/div>\n\t\t\t\t<\/div>\n\t\t<div data-particle_enable=\"false\" data-particle-mobile-disabled=\"false\" class=\"elementor-element elementor-element-5078987 e-flex e-con-boxed e-con e-parent\" data-id=\"5078987\" data-element_type=\"container\" data-e-type=\"container\">\n\t\t\t\t\t<div class=\"e-con-inner\">\n\t\t\t\t<div class=\"elementor-element elementor-element-ec45315 elementor-widget elementor-widget-image\" data-id=\"ec45315\" data-element_type=\"widget\" data-e-type=\"widget\" data-widget_type=\"image.default\">\n\t\t\t\t\t\t\t\t\t\t\t\t<figure class=\"wp-caption\">\n\t\t\t\t\t\t\t\t\t\t<img decoding=\"async\" width=\"609\" height=\"609\" src=\"https:\/\/soymigrante.com\/revista\/wp-content\/uploads\/2025\/03\/Garbanzos-en-miel-3.webp\" class=\"attachment-large size-large wp-image-27969\" alt=\"Chickpea stew served in a glass dish with sauce, traditional Latin American cuisine.\" srcset=\"https:\/\/soymigrante.com\/revista\/wp-content\/uploads\/2025\/03\/Garbanzos-en-miel-3.webp 609w, https:\/\/soymigrante.com\/revista\/wp-content\/uploads\/2025\/03\/Garbanzos-en-miel-3-300x300.jpeg 300w, https:\/\/soymigrante.com\/revista\/wp-content\/uploads\/2025\/03\/Garbanzos-en-miel-3-150x150.jpeg 150w, https:\/\/soymigrante.com\/revista\/wp-content\/uploads\/2025\/03\/Garbanzos-en-miel-3-75x75.webp 75w\" sizes=\"(max-width: 609px) 100vw, 609px\" title=\"Garbanzos en miel: historia, receta y acompa\u00f1amientos \u2013 SoyMigrante.com REVISTA\" \/>\t\t\t\t\t\t\t\t\t\t\t<figcaption class=\"widget-image-caption wp-caption-text\">Revista SoyMigrante.com muestra recetas de comida tradicional para la comunidad inmigrante en Estados Unidos.<\/figcaption>\n\t\t\t\t\t\t\t\t\t\t<\/figure>\n\t\t\t\t\t\t\t\t\t<\/div>\n\t\t\t\t\t<\/div>\n\t\t\t\t<\/div>\n\t\t<div data-particle_enable=\"false\" data-particle-mobile-disabled=\"false\" class=\"elementor-element elementor-element-e6444ec e-flex e-con-boxed e-con e-parent\" data-id=\"e6444ec\" data-element_type=\"container\" data-e-type=\"container\">\n\t\t\t\t\t<div class=\"e-con-inner\">\n\t\t\t\t<div class=\"elementor-element elementor-element-22e7c0d elementor-widget elementor-widget-heading\" data-id=\"22e7c0d\" data-element_type=\"widget\" data-e-type=\"widget\" data-widget_type=\"heading.default\">\n\t\t\t\t\t<h3 class=\"elementor-heading-title elementor-size-default\">\u00bfCon qu\u00e9 se pueden acompa\u00f1ar los garbanzos en miel?<\/h3>\t\t\t\t<\/div>\n\t\t\t\t\t<\/div>\n\t\t\t\t<\/div>\n\t\t<div data-particle_enable=\"false\" data-particle-mobile-disabled=\"false\" class=\"elementor-element elementor-element-e3ea6bd e-flex e-con-boxed e-con e-parent\" data-id=\"e3ea6bd\" data-element_type=\"container\" data-e-type=\"container\">\n\t\t\t\t\t<div class=\"e-con-inner\">\n\t\t\t\t<div class=\"elementor-element elementor-element-7c974f0 elementor-widget elementor-widget-text-editor\" data-id=\"7c974f0\" data-element_type=\"widget\" data-e-type=\"widget\" data-widget_type=\"text-editor.default\">\n\t\t\t\t\t\t\t\t\t<div>Este postre es delicioso por s\u00ed solo, pero <a href=\"https:\/\/soymigrante.com\/revista\/chapines-food-comida-guatemalteca-antojitos\/\" target=\"_blank\" rel=\"noopener\">puede servirse con diferentes acompa\u00f1amientos<\/a> para resaltar su sabor:<\/div><div><strong>\u2022Pl\u00e1tanos en mole:<\/strong> La combinaci\u00f3n de los garbanzos en miel con pl\u00e1tanos ba\u00f1ados en mole de chocolate y especias crea un contraste de sabores \u00fanico.<\/div><div><strong>\u2022Tostadas o pan dulce:<\/strong> Un pedazo de pan dulce guatemalteco o tostadas crujientes ayudan a equilibrar la textura suave de los garbanzos.<\/div><div><strong>\u2022Queso crema o reques\u00f3n:<\/strong> Aunque no es una combinaci\u00f3n tradicional, algunos prefieren agregar un toque de queso para contrastar el dulzor de la miel.<\/div><div><strong>\u2022Frutas frescas:<\/strong> Unas rodajas de banano o fresas pueden darle un giro refrescante al postre.<\/div>\t\t\t\t\t\t\t\t<\/div>\n\t\t\t\t\t<\/div>\n\t\t\t\t<\/div>\n\t\t<div data-particle_enable=\"false\" data-particle-mobile-disabled=\"false\" class=\"elementor-element elementor-element-050e95f e-flex e-con-boxed e-con e-parent\" data-id=\"050e95f\" data-element_type=\"container\" data-e-type=\"container\">\n\t\t\t\t\t<div class=\"e-con-inner\">\n\t\t\t\t<div class=\"elementor-element elementor-element-39636db elementor-widget elementor-widget-text-editor\" data-id=\"39636db\" data-element_type=\"widget\" data-e-type=\"widget\" data-widget_type=\"text-editor.default\">\n\t\t\t\t\t\t\t\t\t<p><a href=\"https:\/\/soymigrante.com\/revista\/chapines-food-comida-guatemalteca-antojitos\/\" target=\"_blank\" rel=\"noopener\">Los garbanzos en miel son un tesoro de la gastronom\u00eda guatemalteca<\/a> que evoca recuerdos familiares y tradiciones centenarias.<\/p><p>Ya sea en Semana Santa o en cualquier \u00e9poca del a\u00f1o, este dulce sigue siendo un placer culinario que une a las familias alrededor de la mesa.<\/p>\t\t\t\t\t\t\t\t<\/div>\n\t\t\t\t\t<\/div>\n\t\t\t\t<\/div>\n\t\t<div data-particle_enable=\"false\" data-particle-mobile-disabled=\"false\" class=\"elementor-element elementor-element-945a208 e-flex e-con-boxed e-con e-parent\" data-id=\"945a208\" data-element_type=\"container\" data-e-type=\"container\">\n\t\t\t\t\t<div class=\"e-con-inner\">\n\t\t\t\t<div class=\"elementor-element elementor-element-b0fc253 elementor-widget elementor-widget-heading\" data-id=\"b0fc253\" data-element_type=\"widget\" data-e-type=\"widget\" data-widget_type=\"heading.default\">\n\t\t\t\t\t<h2 class=\"elementor-heading-title elementor-size-default\">Conoce otras curiosidades y platillos de Semana Santa...<\/h2>\t\t\t\t<\/div>\n\t\t\t\t\t<\/div>\n\t\t\t\t<\/div>\n\t\t<div data-particle_enable=\"false\" data-particle-mobile-disabled=\"false\" class=\"elementor-element elementor-element-896ece1 e-flex e-con-boxed e-con e-parent\" data-id=\"896ece1\" data-element_type=\"container\" data-e-type=\"container\">\n\t\t\t\t\t<div class=\"e-con-inner\">\n\t\t\t\t<div class=\"elementor-element elementor-element-eec42d0 elementor-grid-eael-col-3 elementor-grid-tablet-eael-col-2 elementor-grid-mobile-eael-col-1 elementor-widget elementor-widget-eael-post-grid\" data-id=\"eec42d0\" data-element_type=\"widget\" data-e-type=\"widget\" data-settings=\"{&quot;eael_post_grid_columns&quot;:&quot;eael-col-3&quot;,&quot;eael_post_grid_columns_tablet&quot;:&quot;eael-col-2&quot;,&quot;eael_post_grid_columns_mobile&quot;:&quot;eael-col-1&quot;}\" data-widget_type=\"eael-post-grid.default\">\n\t\t\t\t\t<div id=\"eael-post-grid-eec42d0\" class=\"eael-post-grid-container\">\n            <div class=\"eael-post-grid eael-post-appender eael-post-appender-eec42d0 eael-post-grid-style-one\" data-layout-mode=\"masonry\"><article class=\"eael-grid-post  eael-post-grid-column eael-pg-post-5562 category-guate-nuestra\" data-id=\"5562\">\n        <div class=\"eael-grid-post-holder\">\n            <div class=\"eael-grid-post-holder-inner\"><div class=\"eael-entry-media\"><div class=\"eael-entry-overlay fade-in\"><i class=\"far fa-hand-pointer\" aria-hidden=\"true\"><\/i><a href=\"https:\/\/soymigrante.com\/revista\/chapines-food-comida-guatemalteca-antojitos\/\"><\/a><\/div><div class=\"eael-entry-thumbnail \">\n                <img decoding=\"async\" width=\"1024\" height=\"456\" src=\"https:\/\/soymigrante.com\/revista\/wp-content\/uploads\/2024\/03\/comidas-guatemaltecas-para-semana-santa--1024x456.webp\" class=\"attachment-large size-large wp-image-5569\" alt=\"comidas guatemaltecas para semana santa\" srcset=\"https:\/\/soymigrante.com\/revista\/wp-content\/uploads\/2024\/03\/comidas-guatemaltecas-para-semana-santa--1024x456.webp 1024w, https:\/\/soymigrante.com\/revista\/wp-content\/uploads\/2024\/03\/comidas-guatemaltecas-para-semana-santa--300x134.webp 300w, https:\/\/soymigrante.com\/revista\/wp-content\/uploads\/2024\/03\/comidas-guatemaltecas-para-semana-santa--768x342.webp 768w, https:\/\/soymigrante.com\/revista\/wp-content\/uploads\/2024\/03\/comidas-guatemaltecas-para-semana-santa--750x334.webp 750w, https:\/\/soymigrante.com\/revista\/wp-content\/uploads\/2024\/03\/comidas-guatemaltecas-para-semana-santa-.webp 1141w\" sizes=\"(max-width: 1024px) 100vw, 1024px\" \/>\n            <\/div>\n        <\/div><div class=\"eael-entry-wrapper\"><header class=\"eael-entry-header\"><h2 class=\"eael-entry-title\"><a class=\"eael-grid-post-link\" href=\"https:\/\/soymigrante.com\/revista\/chapines-food-comida-guatemalteca-antojitos\/\" title=\"Antojitos guatemaltecos propios de Cuaresma y Semana Santa\">Antojitos guatemaltecos propios de Cuaresma y Semana Santa<\/a><\/h2><\/header><div class=\"eael-entry-content\">\n                        <div class=\"eael-grid-post-excerpt\"><a href=\"https:\/\/soymigrante.com\/revista\/chapines-food-comida-guatemalteca-antojitos\/\" class=\"eael-post-elements-readmore-btn\">CONOCE SU HISTORIA <\/a><\/div>\n                    <\/div><\/div><\/div>\n        <\/div>\n    <\/article><article class=\"eael-grid-post  eael-post-grid-column eael-pg-post-26140 category-guate-nuestra\" data-id=\"26140\">\n        <div class=\"eael-grid-post-holder\">\n            <div class=\"eael-grid-post-holder-inner\"><div class=\"eael-entry-media\"><div class=\"eael-entry-overlay fade-in\"><i class=\"far fa-hand-pointer\" aria-hidden=\"true\"><\/i><a href=\"https:\/\/soymigrante.com\/revista\/algunas-sugerencias-para-que-devotos-migrantes-vivan-mejor-la-cuaresma-y-semana-santa\/\"><\/a><\/div><div class=\"eael-entry-thumbnail \">\n                <img loading=\"lazy\" decoding=\"async\" width=\"720\" height=\"720\" src=\"https:\/\/soymigrante.com\/revista\/wp-content\/uploads\/2023\/03\/2-FOTOS-DE-NAZARENO-DE-CANDELARIA-CORTESIA-DE-LANZA-SAGRADA-4-e1740965775791.webp\" class=\"attachment-large size-large wp-image-615\" alt=\"\" srcset=\"https:\/\/soymigrante.com\/revista\/wp-content\/uploads\/2023\/03\/2-FOTOS-DE-NAZARENO-DE-CANDELARIA-CORTESIA-DE-LANZA-SAGRADA-4-e1740965775791.webp 720w, https:\/\/soymigrante.com\/revista\/wp-content\/uploads\/2023\/03\/2-FOTOS-DE-NAZARENO-DE-CANDELARIA-CORTESIA-DE-LANZA-SAGRADA-4-e1740965775791-300x300.webp 300w, https:\/\/soymigrante.com\/revista\/wp-content\/uploads\/2023\/03\/2-FOTOS-DE-NAZARENO-DE-CANDELARIA-CORTESIA-DE-LANZA-SAGRADA-4-e1740965775791-150x150.webp 150w, https:\/\/soymigrante.com\/revista\/wp-content\/uploads\/2023\/03\/2-FOTOS-DE-NAZARENO-DE-CANDELARIA-CORTESIA-DE-LANZA-SAGRADA-4-e1740965775791-75x75.webp 75w\" sizes=\"(max-width: 720px) 100vw, 720px\" \/>\n            <\/div>\n        <\/div><div class=\"eael-entry-wrapper\"><header class=\"eael-entry-header\"><h2 class=\"eael-entry-title\"><a class=\"eael-grid-post-link\" href=\"https:\/\/soymigrante.com\/revista\/algunas-sugerencias-para-que-devotos-migrantes-vivan-mejor-la-cuaresma-y-semana-santa\/\" title=\"Algunas sugerencias para que devotos migrantes vivan mejor la Cuaresma y Semana Santa\">Algunas sugerencias para que devotos migrantes vivan mejor la Cuaresma y Semana Santa<\/a><\/h2><\/header><div class=\"eael-entry-content\">\n                        <div class=\"eael-grid-post-excerpt\"><a href=\"https:\/\/soymigrante.com\/revista\/algunas-sugerencias-para-que-devotos-migrantes-vivan-mejor-la-cuaresma-y-semana-santa\/\" class=\"eael-post-elements-readmore-btn\">CONOCE SU HISTORIA <\/a><\/div>\n                    <\/div><\/div><\/div>\n        <\/div>\n    <\/article><article class=\"eael-grid-post  eael-post-grid-column eael-pg-post-5589 category-guate-nuestra\" data-id=\"5589\">\n        <div class=\"eael-grid-post-holder\">\n            <div class=\"eael-grid-post-holder-inner\"><div class=\"eael-entry-media\"><div class=\"eael-entry-overlay fade-in\"><i class=\"far fa-hand-pointer\" aria-hidden=\"true\"><\/i><a href=\"https:\/\/soymigrante.com\/revista\/semana-santa-guatemalteca-sin-fronteras-cruza-el-mar\/\"><\/a><\/div><div class=\"eael-entry-thumbnail \">\n                <img loading=\"lazy\" decoding=\"async\" width=\"795\" height=\"636\" src=\"https:\/\/soymigrante.com\/revista\/wp-content\/uploads\/2024\/03\/dfdfdfdf.webp\" class=\"attachment-large size-large wp-image-5601\" alt=\"Semana Santa guatemalteca fotos de Danny Gamboa\" srcset=\"https:\/\/soymigrante.com\/revista\/wp-content\/uploads\/2024\/03\/dfdfdfdf.webp 795w, https:\/\/soymigrante.com\/revista\/wp-content\/uploads\/2024\/03\/dfdfdfdf-300x240.webp 300w, https:\/\/soymigrante.com\/revista\/wp-content\/uploads\/2024\/03\/dfdfdfdf-768x614.webp 768w, https:\/\/soymigrante.com\/revista\/wp-content\/uploads\/2024\/03\/dfdfdfdf-750x600.webp 750w\" sizes=\"(max-width: 795px) 100vw, 795px\" \/>\n            <\/div>\n        <\/div><div class=\"eael-entry-wrapper\"><header class=\"eael-entry-header\"><h2 class=\"eael-entry-title\"><a class=\"eael-grid-post-link\" href=\"https:\/\/soymigrante.com\/revista\/semana-santa-guatemalteca-sin-fronteras-cruza-el-mar\/\" title=\"Semana Santa guatemalteca sobrepasa fronteras\">Semana Santa guatemalteca sobrepasa fronteras<\/a><\/h2><\/header><div class=\"eael-entry-content\">\n                        <div class=\"eael-grid-post-excerpt\"><a href=\"https:\/\/soymigrante.com\/revista\/semana-santa-guatemalteca-sin-fronteras-cruza-el-mar\/\" class=\"eael-post-elements-readmore-btn\">CONOCE SU HISTORIA <\/a><\/div>\n                    <\/div><\/div><\/div>\n        <\/div>\n    <\/article><\/div>\n            <div class=\"clearfix\"><\/div>\n        <\/div>\t\t\t\t<\/div>\n\t\t\t\t\t<\/div>\n\t\t\t\t<\/div>\n\t\t\t\t<\/div>\n\t\t","protected":false},"excerpt":{"rendered":"<p>Los garbanzos en miel son un postre tradicional guatemalteco que se consume en varias \u00e9pocas del a\u00f1o, incluida la Semana Santa. Los garbanzos en miel son un postre t\u00edpico de Guatemala que resalta durante la Cuaresma y la Semana Santa. Su preparaci\u00f3n sencilla, pero con un sabor profundo, refleja la influencia de la gastronom\u00eda espa\u00f1ola [&hellip;]<\/p>\n","protected":false},"author":19,"featured_media":27965,"comment_status":"open","ping_status":"open","sticky":false,"template":"","format":"standard","meta":{"_acf_changed":false,"_eb_attr":"","footnotes":""},"categories":[247],"tags":[],"class_list":["post-27964","post","type-post","status-publish","format-standard","has-post-thumbnail","hentry","category-recetas-guatemaltecas"],"acf":[],"aioseo_notices":[],"aioseo_head":"\n\t\t<!-- All in One SEO Pro 4.9.6.2 - aioseo.com -->\n\t<meta name=\"description\" content=\"Devoci\u00f3n, piedad popular y tradici\u00f3n de la Semana Santa en Guatemala es reflejada en las fotograf\u00edas de Danny Gamboa, quien expuso su trabajo en Casa de Am\u00e9rica, Sevilla, Espa\u00f1a junto a otros guatemaltecos. Cr\u00e9dito de todas las fotograf\u00edas: Danny Gamboa, fot\u00f3grafo guatemalteco A menudo no hay palabras para expresar las dimensiones que alcanca la piedad\" \/>\n\t<meta name=\"robots\" content=\"max-snippet:-1, max-image-preview:large, max-video-preview:-1\" \/>\n\t<meta name=\"author\" content=\"Marysabel Aldana\"\/>\n\t<link rel=\"canonical\" href=\"https:\/\/soymigrante.com\/revista\/garbanzos-en-miel-son-una-delicia-con-historia-receta-y-acompanamientos\/\" \/>\n\t<meta name=\"generator\" content=\"All in One SEO Pro (AIOSEO) 4.9.6.2\" \/>\n\n\t\t<link rel=\"preconnect\" href=\"https:\/\/fonts.googleapis.com\" crossorigin>\n<link rel=\"preconnect\" href=\"https:\/\/fonts.gstatic.com\" crossorigin>\n\t\t<meta property=\"og:locale\" content=\"es_ES\" \/>\n\t\t<meta property=\"og:site_name\" content=\"SoyMigrante.com REVISTA \u2013 Nuestra misi\u00f3n es reconocer y dignificar al migrante.\" \/>\n\t\t<meta property=\"og:type\" content=\"article\" \/>\n\t\t<meta property=\"og:title\" content=\"Garbanzos en miel son una delicia con historia, receta y acompa\u00f1amientos\" \/>\n\t\t<meta property=\"og:description\" content=\"\u00a1Qu\u00e9 delicia! Durante la Cuaresma y Semana Santa no puede faltar un postre muy guatemalteco: los garbanzos en miel. Si no sabes prepararlos, aqu\u00ed est\u00e1 la receta.\" \/>\n\t\t<meta property=\"og:url\" content=\"https:\/\/soymigrante.com\/revista\/garbanzos-en-miel-son-una-delicia-con-historia-receta-y-acompanamientos\/\" \/>\n\t\t<meta property=\"og:image\" content=\"https:\/\/soymigrante.com\/revista\/wp-content\/uploads\/2025\/03\/Garbanzos-en-miel-2-e1741791890217.webp\" \/>\n\t\t<meta property=\"og:image:secure_url\" content=\"https:\/\/soymigrante.com\/revista\/wp-content\/uploads\/2025\/03\/Garbanzos-en-miel-2-e1741791890217.webp\" \/>\n\t\t<meta property=\"og:image:width\" content=\"600\" \/>\n\t\t<meta property=\"og:image:height\" content=\"600\" \/>\n\t\t<meta property=\"article:published_time\" content=\"2025-03-12T18:23:48+00:00\" \/>\n\t\t<meta property=\"article:modified_time\" content=\"2025-06-23T23:21:27+00:00\" \/>\n\t\t<meta property=\"article:publisher\" content=\"https:\/\/www.facebook.com\/soymigrantecom\" \/>\n\t\t<meta name=\"twitter:card\" content=\"summary_large_image\" \/>\n\t\t<meta name=\"twitter:site\" content=\"@SoyMigrante_com\" \/>\n\t\t<meta name=\"twitter:title\" content=\"Garbanzos en miel son una delicia con historia, receta y acompa\u00f1amientos\" \/>\n\t\t<meta name=\"twitter:description\" content=\"\u00a1Qu\u00e9 delicia! Durante la Cuaresma y Semana Santa no puede faltar un postre muy guatemalteco: los garbanzos en miel. Si no sabes prepararlos, aqu\u00ed est\u00e1 la receta.\" \/>\n\t\t<meta name=\"twitter:creator\" content=\"@SoyMigrante_com\" \/>\n\t\t<meta name=\"twitter:image\" content=\"https:\/\/soymigrante.com\/revista\/wp-content\/uploads\/2025\/03\/Garbanzos-en-miel-2-e1741791890217.webp\" \/>\n\t\t<!-- All in One SEO Pro -->\r\n\t\t<title>Garbanzos en miel son una delicia con historia, receta y acompa\u00f1amientos<\/title>\n\n","aioseo_head_json":{"title":"Garbanzos en miel son una delicia con historia, receta y acompa\u00f1amientos","description":"\u00a1Qu\u00e9 delicia! Durante la Cuaresma y Semana Santa no puede faltar un postre muy guatemalteco: los garbanzos en miel. Si no sabes prepararlos, aqu\u00ed est\u00e1 la receta.","canonical_url":"https:\/\/soymigrante.com\/revista\/garbanzos-en-miel-son-una-delicia-con-historia-receta-y-acompanamientos\/","robots":"max-snippet:-1, max-image-preview:large, max-video-preview:-1","keywords":"","webmasterTools":{"miscellaneous":"&lt;link rel=\"preconnect\" href=\"https:\/\/fonts.googleapis.com\" crossorigin&gt;\n&lt;link rel=\"preconnect\" href=\"https:\/\/fonts.gstatic.com\" crossorigin&gt;"},"schema":null,"og:locale":"es_ES","og:site_name":"SoyMigrante.com REVISTA \u2013 Nuestra misi\u00f3n es reconocer y dignificar al migrante.","og:type":"article","og:title":"Garbanzos en miel son una delicia con historia, receta y acompa\u00f1amientos","og:description":"\u00a1Qu\u00e9 delicia! Durante la Cuaresma y Semana Santa no puede faltar un postre muy guatemalteco: los garbanzos en miel. Si no sabes prepararlos, aqu\u00ed est\u00e1 la receta.","og:url":"https:\/\/soymigrante.com\/revista\/garbanzos-en-miel-son-una-delicia-con-historia-receta-y-acompanamientos\/","og:image":"https:\/\/soymigrante.com\/revista\/wp-content\/uploads\/2025\/03\/Garbanzos-en-miel-2-e1741791890217.webp","og:image:secure_url":"https:\/\/soymigrante.com\/revista\/wp-content\/uploads\/2025\/03\/Garbanzos-en-miel-2-e1741791890217.webp","og:image:width":600,"og:image:height":600,"article:published_time":"2025-03-12T18:23:48+00:00","article:modified_time":"2025-06-23T23:21:27+00:00","article:publisher":"https:\/\/www.facebook.com\/soymigrantecom","twitter:card":"summary_large_image","twitter:site":"@SoyMigrante_com","twitter:title":"Garbanzos en miel son una delicia con historia, receta y acompa\u00f1amientos","twitter:description":"\u00a1Qu\u00e9 delicia! Durante la Cuaresma y Semana Santa no puede faltar un postre muy guatemalteco: los garbanzos en miel. Si no sabes prepararlos, aqu\u00ed est\u00e1 la receta.","twitter:creator":"@SoyMigrante_com","twitter:image":"https:\/\/soymigrante.com\/revista\/wp-content\/uploads\/2025\/03\/Garbanzos-en-miel-2-e1741791890217.webp"},"aioseo_meta_data":{"post_id":"27964","title":null,"description":"\u00a1Qu\u00e9 delicia! Durante la Cuaresma y Semana Santa no puede faltar un postre muy guatemalteco: los garbanzos en miel. Si no sabes prepararlos, aqu\u00ed est\u00e1 la receta.","keywords":null,"keyphrases":{"focus":{"keyphrase":"Garbanzos en miel","score":100,"analysis":{"keyphraseInTitle":{"score":9,"maxScore":9,"error":0},"keyphraseInDescription":{"score":9,"maxScore":9,"error":0},"keyphraseLength":{"score":9,"maxScore":9,"error":0,"length":3},"keyphraseInURL":{"score":5,"maxScore":5,"error":0},"keyphraseInIntroduction":{"score":9,"maxScore":9,"error":0},"keyphraseInSubHeadings":{"score":9,"maxScore":9,"error":0},"keyphraseInImageAlt":{"score":9,"maxScore":9,"error":0},"keywordDensity":{"type":"best","score":9,"maxScore":9,"error":0}}},"additional":[{"keyphrase":"Garbanzos en miel","score":100,"analysis":{"keyphraseInDescription":{"score":9,"maxScore":9,"error":0},"keyphraseLength":{"score":9,"maxScore":9,"error":0,"length":3},"keyphraseInIntroduction":{"score":9,"maxScore":9,"error":0},"keyphraseInImageAlt":{"score":9,"maxScore":9,"error":0},"keywordDensity":{"type":"best","score":9,"maxScore":9,"error":0}}},{"keyphrase":"Guatemala","score":53,"analysis":{"keyphraseInDescription":{"score":3,"maxScore":9,"error":1},"keyphraseLength":{"score":9,"maxScore":9,"error":0,"length":1},"keyphraseInIntroduction":{"score":9,"maxScore":9,"error":0},"keyphraseInImageAlt":{"score":3,"maxScore":9,"error":1},"keywordDensity":{"score":0,"type":"low","maxScore":9,"error":1}}},{"keyphrase":"Cuaresma","score":87,"analysis":{"keyphraseInDescription":{"score":9,"maxScore":9,"error":0},"keyphraseLength":{"score":9,"maxScore":9,"error":0,"length":1},"keyphraseInIntroduction":{"score":9,"maxScore":9,"error":0},"keyphraseInImageAlt":{"score":3,"maxScore":9,"error":1},"keywordDensity":{"type":"best","score":9,"maxScore":9,"error":0}}}]},"primary_term":null,"canonical_url":null,"og_title":null,"og_description":null,"og_object_type":"default","og_image_type":"default","og_image_url":null,"og_image_width":null,"og_image_height":null,"og_image_custom_url":null,"og_image_custom_fields":null,"og_video":"","og_custom_url":null,"og_article_section":null,"og_article_tags":null,"twitter_use_og":false,"twitter_card":"default","twitter_image_type":"default","twitter_image_url":null,"twitter_image_custom_url":null,"twitter_image_custom_fields":null,"twitter_title":null,"twitter_description":null,"schema":{"blockGraphs":[],"customGraphs":[],"default":{"data":{"Article":[],"Course":[],"Dataset":[],"FAQPage":[],"Movie":[],"Person":[],"Product":[],"ProductReview":[],"Car":[],"Recipe":[],"Service":[],"SoftwareApplication":[],"WebPage":[]},"graphName":"none","isEnabled":true},"graphs":[]},"schema_type":"default","schema_type_options":null,"pillar_content":false,"robots_default":true,"robots_noindex":false,"robots_noarchive":false,"robots_nosnippet":false,"robots_nofollow":false,"robots_noimageindex":false,"robots_noodp":false,"robots_notranslate":false,"robots_max_snippet":"-1","robots_max_videopreview":"-1","robots_max_imagepreview":"large","priority":null,"frequency":"default","local_seo":null,"seo_analyzer_scan_date":"2025-10-09 03:24:49","breadcrumb_settings":null,"limit_modified_date":false,"reviewed_by":"0","open_ai":"{\"title\":{\"suggestions\":[],\"usage\":0},\"description\":{\"suggestions\":[],\"usage\":0}}","ai":null,"created":"2025-03-12 15:05:47","updated":"2026-02-04 22:09:40"},"aioseo_breadcrumb":"<div class=\"aioseo-breadcrumbs\"><span class=\"aioseo-breadcrumb\">\n\t<a href=\"https:\/\/soymigrante.com\/revista\" title=\"Home\">Home<\/a>\n<\/span><span class=\"aioseo-breadcrumb-separator\">\u00bb<\/span><span class=\"aioseo-breadcrumb\">\n\t<a href=\"https:\/\/soymigrante.com\/revista\/category\/guate-nuestra\/\" title=\"Guate Nuestra\">Guate Nuestra<\/a>\n<\/span><span class=\"aioseo-breadcrumb-separator\">\u00bb<\/span><span class=\"aioseo-breadcrumb\">\n\t<a href=\"https:\/\/soymigrante.com\/revista\/category\/guate-nuestra\/recetas-guatemaltecas\/\" title=\"Recetas guatemaltecas\">Recetas guatemaltecas<\/a>\n<\/span><span class=\"aioseo-breadcrumb-separator\">\u00bb<\/span><span class=\"aioseo-breadcrumb\">\n\tGarbanzos en miel son una delicia con historia, receta y acompa\u00f1amientos\n<\/span><\/div>","aioseo_breadcrumb_json":[{"label":"Home","link":"https:\/\/soymigrante.com\/revista"},{"label":"Guate Nuestra","link":"https:\/\/soymigrante.com\/revista\/category\/guate-nuestra\/"},{"label":"Recetas guatemaltecas","link":"https:\/\/soymigrante.com\/revista\/category\/guate-nuestra\/recetas-guatemaltecas\/"},{"label":"Garbanzos en miel son una delicia con historia, receta y acompa\u00f1amientos","link":"https:\/\/soymigrante.com\/revista\/garbanzos-en-miel-son-una-delicia-con-historia-receta-y-acompanamientos\/"}],"_links":{"self":[{"href":"https:\/\/soymigrante.com\/revista\/wp-json\/wp\/v2\/posts\/27964","targetHints":{"allow":["GET"]}}],"collection":[{"href":"https:\/\/soymigrante.com\/revista\/wp-json\/wp\/v2\/posts"}],"about":[{"href":"https:\/\/soymigrante.com\/revista\/wp-json\/wp\/v2\/types\/post"}],"author":[{"embeddable":true,"href":"https:\/\/soymigrante.com\/revista\/wp-json\/wp\/v2\/users\/19"}],"replies":[{"embeddable":true,"href":"https:\/\/soymigrante.com\/revista\/wp-json\/wp\/v2\/comments?post=27964"}],"version-history":[{"count":1,"href":"https:\/\/soymigrante.com\/revista\/wp-json\/wp\/v2\/posts\/27964\/revisions"}],"predecessor-version":[{"id":37590,"href":"https:\/\/soymigrante.com\/revista\/wp-json\/wp\/v2\/posts\/27964\/revisions\/37590"}],"wp:featuredmedia":[{"embeddable":true,"href":"https:\/\/soymigrante.com\/revista\/wp-json\/wp\/v2\/media\/27965"}],"wp:attachment":[{"href":"https:\/\/soymigrante.com\/revista\/wp-json\/wp\/v2\/media?parent=27964"}],"wp:term":[{"taxonomy":"category","embeddable":true,"href":"https:\/\/soymigrante.com\/revista\/wp-json\/wp\/v2\/categories?post=27964"},{"taxonomy":"post_tag","embeddable":true,"href":"https:\/\/soymigrante.com\/revista\/wp-json\/wp\/v2\/tags?post=27964"}],"curies":[{"name":"wp","href":"https:\/\/api.w.org\/{rel}","templated":true}]}}