{"id":27940,"date":"2025-03-12T05:00:00","date_gmt":"2025-03-12T11:00:00","guid":{"rendered":"https:\/\/soymigrante.com\/revista\/?p=27940"},"modified":"2025-03-11T22:16:53","modified_gmt":"2025-03-12T04:16:53","slug":"guatemaltecos-unidos-en-paterson-new-jersey-impulsan-cena-para-fondo-de-becas-estudiantiles","status":"publish","type":"post","link":"https:\/\/soymigrante.com\/revista\/guatemaltecos-unidos-en-paterson-new-jersey-impulsan-cena-para-fondo-de-becas-estudiantiles\/","title":{"rendered":"Guatemaltecos Unidos en Paterson, New Jersey, impulsan cena para fondo de becas estudiantiles"},"content":{"rendered":"\t\t<div data-elementor-type=\"wp-post\" data-elementor-id=\"27940\" class=\"elementor elementor-27940\" data-elementor-post-type=\"post\">\n\t\t\t\t<div data-particle_enable=\"false\" data-particle-mobile-disabled=\"false\" class=\"elementor-element elementor-element-4268896 e-flex e-con-boxed e-con e-parent\" data-id=\"4268896\" data-element_type=\"container\" data-e-type=\"container\">\n\t\t\t\t\t<div class=\"e-con-inner\">\n\t\t\t\t<div class=\"elementor-element elementor-element-8932cda elementor-widget elementor-widget-heading\" data-id=\"8932cda\" data-element_type=\"widget\" data-e-type=\"widget\" data-widget_type=\"heading.default\">\n\t\t\t\t\t<h2 class=\"elementor-heading-title elementor-size-default\">Campa\u00f1a de recaudaci\u00f3n busca reunir recursos para posibilitar que hasta tres estudiantes hispanos talentosos de la ciudad de Patterson, incluyendo aspirantes guatemaltecos, puedan comenzar sus estudios universitarios. Nydia Cano, integrante de la asociaci\u00f3n cuenta m\u00e1s.<\/h2>\t\t\t\t<\/div>\n\t\t\t\t\t<\/div>\n\t\t\t\t<\/div>\n\t\t<div data-particle_enable=\"false\" data-particle-mobile-disabled=\"false\" class=\"elementor-element elementor-element-2bfa39a e-flex e-con-boxed e-con e-parent\" data-id=\"2bfa39a\" data-element_type=\"container\" data-e-type=\"container\">\n\t\t\t\t\t<div class=\"e-con-inner\">\n\t\t\t\t<div class=\"elementor-element elementor-element-8fbb184 elementor-widget elementor-widget-text-editor\" data-id=\"8fbb184\" data-element_type=\"widget\" data-e-type=\"widget\" data-widget_type=\"text-editor.default\">\n\t\t\t\t\t\t\t\t\t<p>Aunque la Asociaci\u00f3n Guatemaltecos Unidos de Paterson <a href=\"https:\/\/soymigrante.com\/revista\/espiritualidad-maya-kaqchiqel-tambien-es-migrante-en-new-jersey\/\">New Jersey<\/a> tiene varios a\u00f1os de estar integrada, no fue sino hasta el a\u00f1o 2022 en que se concret\u00f3 su personer\u00eda jur\u00eddica como organizaci\u00f3n ben\u00e9fica no lucrativa ante las autoridades de dicho Estado. Sin embargo, en ese corto tiempo han emprendido iniciativas como la de reunir fondos para donar sillas de ruedas y bastones en Guatemala.<\/p><p>Sin embargo, tienen el objetivo de <a href=\"https:\/\/soymigrante.com\/revista\/migrantes-en-ee-uu-tienen-mucho-que-ofrecer-a-traves-de-participacion-comunitaria-local\/\">aportar al desarrollo<\/a> de la comunidad en la cual viven y trabajan sus integrantes. La Asociaci\u00f3n es presidida actualmente por el guatemalteco Oscar Flores.\u00a0<\/p><p>La tambi\u00e9n guatemalteca Nydia Cano, empresaria, tesorera de la asociaci\u00f3n e impulsora de la educaci\u00f3n, se encarga de buscar apoyos, donaciones y colaboraciones para el fondo de becas. Por ello efectuar\u00e1n un evento de recaudaci\u00f3n el s\u00e1bado 15 de marzo pr\u00f3ximo.<\/p>\t\t\t\t\t\t\t\t<\/div>\n\t\t\t\t\t<\/div>\n\t\t\t\t<\/div>\n\t\t<div data-particle_enable=\"false\" data-particle-mobile-disabled=\"false\" class=\"elementor-element elementor-element-1eee333 e-flex e-con-boxed e-con e-parent\" data-id=\"1eee333\" data-element_type=\"container\" data-e-type=\"container\">\n\t\t\t\t\t<div class=\"e-con-inner\">\n\t\t\t\t<div class=\"elementor-element elementor-element-285bdf9 elementor-widget elementor-widget-image\" data-id=\"285bdf9\" data-element_type=\"widget\" data-e-type=\"widget\" data-widget_type=\"image.default\">\n\t\t\t\t\t\t\t\t\t\t\t\t<figure class=\"wp-caption\">\n\t\t\t\t\t\t\t\t\t\t<img fetchpriority=\"high\" decoding=\"async\" width=\"720\" height=\"418\" src=\"https:\/\/soymigrante.com\/revista\/wp-content\/uploads\/2025\/03\/integrantes-guatemaltecos-unidos-e1741751822696.webp\" class=\"attachment-large size-large wp-image-27948\" alt=\"Ninguna.\" srcset=\"https:\/\/soymigrante.com\/revista\/wp-content\/uploads\/2025\/03\/integrantes-guatemaltecos-unidos-e1741751822696.webp 720w, https:\/\/soymigrante.com\/revista\/wp-content\/uploads\/2025\/03\/integrantes-guatemaltecos-unidos-e1741751822696-300x174.jpg 300w\" sizes=\"(max-width: 720px) 100vw, 720px\" title=\"Tres integrantes de la directiva de Guatemaltecos Unidos de Paterson New Jersey: de izquierda a derecha, Carlos Horacio D\u00edaz uno de los fundadores; Oscar Flores, actual presidente y Nydia Cano, tesorera. \u2013 SoyMigrante.com REVISTA\" \/>\t\t\t\t\t\t\t\t\t\t\t<figcaption class=\"widget-image-caption wp-caption-text\">Grupo de personas con trajes formales y banderas en un evento c\u00edvico y cultural, participando en una ceremonia oficial en un entorno urbano.<\/figcaption>\n\t\t\t\t\t\t\t\t\t\t<\/figure>\n\t\t\t\t\t\t\t\t\t<\/div>\n\t\t\t\t\t<\/div>\n\t\t\t\t<\/div>\n\t\t<div data-particle_enable=\"false\" data-particle-mobile-disabled=\"false\" class=\"elementor-element elementor-element-93259b5 e-flex e-con-boxed e-con e-parent\" data-id=\"93259b5\" data-element_type=\"container\" data-e-type=\"container\">\n\t\t\t\t\t<div class=\"e-con-inner\">\n\t\t\t\t<div class=\"elementor-element elementor-element-d5938f1 elementor-widget elementor-widget-heading\" data-id=\"d5938f1\" data-element_type=\"widget\" data-e-type=\"widget\" data-widget_type=\"heading.default\">\n\t\t\t\t\t<h3 class=\"elementor-heading-title elementor-size-default\">Esperan lleno completo y mucha colaboraci\u00f3n<\/h3>\t\t\t\t<\/div>\n\t\t\t\t\t<\/div>\n\t\t\t\t<\/div>\n\t\t<div data-particle_enable=\"false\" data-particle-mobile-disabled=\"false\" class=\"elementor-element elementor-element-c77fe78 e-flex e-con-boxed e-con e-parent\" data-id=\"c77fe78\" data-element_type=\"container\" data-e-type=\"container\">\n\t\t\t\t\t<div class=\"e-con-inner\">\n\t\t\t\t<div class=\"elementor-element elementor-element-a0b540a elementor-widget elementor-widget-text-editor\" data-id=\"a0b540a\" data-element_type=\"widget\" data-e-type=\"widget\" data-widget_type=\"text-editor.default\">\n\t\t\t\t\t\t\t\t\t<p><span style=\"color: var( --e-global-color-text ); text-align: var(--text-align);\">&#8220;El s\u00e1bado 15 tendremos el evento de la cena de pasta: tenemos 300 lugares y ya van m\u00e1s de 200 lugares vendidos; la comida se obtiene a partir de donaciones de patrocinadores y esperamos que sea un lleno total. Deseamos que m\u00e1s guatemaltecos se sumen a esta actividad pues la mayor\u00eda de confirmados son de otras nacionalidades&#8221;, informa Cano, desde <a href=\"https:\/\/soymigrante.com\/revista\/joyas-mayas-migrantes-hombre-de-piedra-de-mas-de-2-mil-anos-se-conserva-en-new-jersey\/\">New Jersey.<\/a><\/span><\/p><p>&#8220;Adem\u00e1s de la cena habr\u00e1 otras actividades: se sortear\u00e1 una televisi\u00f3n, habr\u00e1 rifa de canastas familiares con alimentos y otros productos, as\u00ed como un sorteo 50\/50, en el cual el ganador se lleva la mitad del premio y la otra mitad va para el gran objetivo del fondo de becas. Habr\u00e1 concurso de baile y tambi\u00e9n un DJ&#8221;, agrega.\u00a0<\/p>\t\t\t\t\t\t\t\t<\/div>\n\t\t\t\t\t<\/div>\n\t\t\t\t<\/div>\n\t\t<div data-particle_enable=\"false\" data-particle-mobile-disabled=\"false\" class=\"elementor-element elementor-element-da7bf38 e-flex e-con-boxed e-con e-parent\" data-id=\"da7bf38\" data-element_type=\"container\" data-e-type=\"container\">\n\t\t\t\t\t<div class=\"e-con-inner\">\n\t\t\t\t<div class=\"elementor-element elementor-element-a1744bb elementor-widget elementor-widget-eael-creative-button\" data-id=\"a1744bb\" data-element_type=\"widget\" data-e-type=\"widget\" data-widget_type=\"eael-creative-button.default\">\n\t\t\t\t\t        <div class=\"eael-creative-button-wrapper\">\n\n            <a class=\"eael-creative-button eael-creative-button--default eael-cb-icon-position-\" href=\"https:\/\/www.facebook.com\/profile.php?id=61569905011564\" data-text=\"Go!\">\n            \t    \n                <div class=\"creative-button-inner\">\n\n                    \n                    <span class=\"cretive-button-text\">\u00bfDESEAS ASISTIR A LA ACTIVIDAD? CLIC AQU\u00cd PARA IR A LA FANPAGE DE LA ASOCIACION<\/span>\n\n                                    <\/div>\n\t                        <\/a>\n        <\/div>\n        \t\t\t\t<\/div>\n\t\t\t\t\t<\/div>\n\t\t\t\t<\/div>\n\t\t<div data-particle_enable=\"false\" data-particle-mobile-disabled=\"false\" class=\"elementor-element elementor-element-6097c70 e-flex e-con-boxed e-con e-parent\" data-id=\"6097c70\" data-element_type=\"container\" data-e-type=\"container\">\n\t\t\t\t\t<div class=\"e-con-inner\">\n\t\t\t\t<div class=\"elementor-element elementor-element-c32cef9 elementor-widget elementor-widget-image\" data-id=\"c32cef9\" data-element_type=\"widget\" data-e-type=\"widget\" data-widget_type=\"image.default\">\n\t\t\t\t\t\t\t\t\t\t\t\t<figure class=\"wp-caption\">\n\t\t\t\t\t\t\t\t\t\t<img decoding=\"async\" width=\"749\" height=\"764\" src=\"https:\/\/soymigrante.com\/revista\/wp-content\/uploads\/2025\/03\/guatemaltecos-patterson.webp\" class=\"attachment-large size-large wp-image-27949\" alt=\"Puente de ox\u00edgeno port\u00e1til en un espacio de almacenamiento para personas con movilidad reducida, utilizado en servicios de salud para facilitar la respiraci\u00f3n en emergencias m\u00e9dicas.\" srcset=\"https:\/\/soymigrante.com\/revista\/wp-content\/uploads\/2025\/03\/guatemaltecos-patterson.webp 749w, https:\/\/soymigrante.com\/revista\/wp-content\/uploads\/2025\/03\/guatemaltecos-patterson-294x300.jpg 294w\" sizes=\"(max-width: 749px) 100vw, 749px\" title=\"En la Asociaci\u00f3n Guatemaltecos Unidos de Paterson New Jersey organizaron la donaci\u00f3n y entrega de bastones, sillas de ruedas y otros art\u00edculos de uso terap\u00e9utico a personas de escasos recursos en algunas localidades de Guatemala en 2024. Nydia Cano regres\u00f3 as\u00ed a su tierra despu\u00e9s de 30 a\u00f1os. \u2013 SoyMigrante.com REVISTA\" \/>\t\t\t\t\t\t\t\t\t\t\t<figcaption class=\"widget-image-caption wp-caption-text\">Un dispositivo de oxigenoterapia port\u00e1til en un ambiente de almacenamiento, con sillas de ruedas y equipos m\u00e9dicos, ideal para art\u00edculos relacionados con la atenci\u00f3n a personas con discapacidad o en situaci\u00f3n de salud cr\u00edtica.<\/figcaption>\n\t\t\t\t\t\t\t\t\t\t<\/figure>\n\t\t\t\t\t\t\t\t\t<\/div>\n\t\t\t\t\t<\/div>\n\t\t\t\t<\/div>\n\t\t<div data-particle_enable=\"false\" data-particle-mobile-disabled=\"false\" class=\"elementor-element elementor-element-580a75b e-flex e-con-boxed e-con e-parent\" data-id=\"580a75b\" data-element_type=\"container\" data-e-type=\"container\">\n\t\t\t\t\t<div class=\"e-con-inner\">\n\t\t\t\t<div class=\"elementor-element elementor-element-41c8399 elementor-widget elementor-widget-heading\" data-id=\"41c8399\" data-element_type=\"widget\" data-e-type=\"widget\" data-widget_type=\"heading.default\">\n\t\t\t\t\t<h3 class=\"elementor-heading-title elementor-size-default\">Quieren aportar al desarrollo de talentos acad\u00e9micos<\/h3>\t\t\t\t<\/div>\n\t\t\t\t\t<\/div>\n\t\t\t\t<\/div>\n\t\t<div data-particle_enable=\"false\" data-particle-mobile-disabled=\"false\" class=\"elementor-element elementor-element-017f54f e-flex e-con-boxed e-con e-parent\" data-id=\"017f54f\" data-element_type=\"container\" data-e-type=\"container\">\n\t\t\t\t\t<div class=\"e-con-inner\">\n\t\t\t\t<div class=\"elementor-element elementor-element-96a0b63 elementor-widget elementor-widget-text-editor\" data-id=\"96a0b63\" data-element_type=\"widget\" data-e-type=\"widget\" data-widget_type=\"text-editor.default\">\n\t\t\t\t\t\t\t\t\t<p><span style=\"color: var( --e-global-color-text ); text-align: var(--text-align);\">Sobre la motivaci\u00f3n para emprender estas becas, Cano dice que hay estudiantes hispanos talentosos que egresan de High School con buenas notas, tienen potencial de emprender una carrera universitaria, pero no cuentan con los recursos para matricularse. &#8220;Como Asociaci\u00f3n tenemos poco tiempo a\u00fan de existir y no recibimos fondos estatales.\u00a0 Pero desde ya queremos mostrar que deseamos impulsar el desarrollo de j\u00f3venes de la comunidad a trav\u00e9s de los estudios universitarios&#8221;.<\/span><\/p><p>La actividad ser\u00e1 en el sal\u00f3n de la Iglesia Saint Paul, en 286 de Haledon Ave. Prospect Park, New Jersey, el pr\u00f3ximo s\u00e1bado 15 de marzo a partir de las 18.30 horas y durar\u00e1 hasta las 23.30 horas. Las entradas se pueden pedir a trav\u00e9s de la <a href=\"https:\/\/www.facebook.com\/profile.php?id=61569905011564\">fanpage de Guatemaltecos Unidos de Paterson. Clic aqu\u00ed.<\/a><\/p>\t\t\t\t\t\t\t\t<\/div>\n\t\t\t\t\t<\/div>\n\t\t\t\t<\/div>\n\t\t<div data-particle_enable=\"false\" data-particle-mobile-disabled=\"false\" class=\"elementor-element elementor-element-85257a4 e-flex e-con-boxed e-con e-parent\" data-id=\"85257a4\" data-element_type=\"container\" data-e-type=\"container\">\n\t\t\t\t\t<div class=\"e-con-inner\">\n\t\t\t\t<div class=\"elementor-element elementor-element-2102318 elementor-widget elementor-widget-image\" data-id=\"2102318\" data-element_type=\"widget\" data-e-type=\"widget\" data-widget_type=\"image.default\">\n\t\t\t\t\t\t\t\t\t\t\t\t<figure class=\"wp-caption\">\n\t\t\t\t\t\t\t\t\t\t<img decoding=\"async\" width=\"749\" height=\"333\" src=\"https:\/\/soymigrante.com\/revista\/wp-content\/uploads\/2025\/03\/guatemaltecos-unidos-new-jersey.webp\" class=\"attachment-large size-large wp-image-27950\" alt=\"Recurso de la revista SoyMigrante.com sobre temas de migraci\u00f3n, comunidad y eventos culturales en Guatemala y Nueva Jersey.\" srcset=\"https:\/\/soymigrante.com\/revista\/wp-content\/uploads\/2025\/03\/guatemaltecos-unidos-new-jersey.webp 749w, https:\/\/soymigrante.com\/revista\/wp-content\/uploads\/2025\/03\/guatemaltecos-unidos-new-jersey-300x133.jpg 300w\" sizes=\"(max-width: 749px) 100vw, 749px\" title=\"Todav\u00eda hay espacios para quienes deseen gozar una buena cena y una velada divertida en favor de la educaci\u00f3n. \u2013 SoyMigrante.com REVISTA\" \/>\t\t\t\t\t\t\t\t\t\t\t<figcaption class=\"widget-image-caption wp-caption-text\">Dulces y cenas de comida internacional en eventos solidarios y culturales para la comunidad migrante.<\/figcaption>\n\t\t\t\t\t\t\t\t\t\t<\/figure>\n\t\t\t\t\t\t\t\t\t<\/div>\n\t\t\t\t\t<\/div>\n\t\t\t\t<\/div>\n\t\t<div data-particle_enable=\"false\" data-particle-mobile-disabled=\"false\" class=\"elementor-element elementor-element-7cafebd e-flex e-con-boxed e-con e-parent\" data-id=\"7cafebd\" data-element_type=\"container\" data-e-type=\"container\">\n\t\t\t\t\t<div class=\"e-con-inner\">\n\t\t\t\t<div class=\"elementor-element elementor-element-e421359 elementor-widget elementor-widget-heading\" data-id=\"e421359\" data-element_type=\"widget\" data-e-type=\"widget\" data-widget_type=\"heading.default\">\n\t\t\t\t\t<h3 class=\"elementor-heading-title elementor-size-default\">Guatemalteco radicado en New Jersey<\/h3>\t\t\t\t<\/div>\n\t\t\t\t\t<\/div>\n\t\t\t\t<\/div>\n\t\t<div data-particle_enable=\"false\" data-particle-mobile-disabled=\"false\" class=\"elementor-element elementor-element-47e315e e-flex e-con-boxed e-con e-parent\" data-id=\"47e315e\" data-element_type=\"container\" data-e-type=\"container\">\n\t\t\t\t\t<div class=\"e-con-inner\">\n\t\t\t\t<div class=\"elementor-element elementor-element-7151636 elementor-widget elementor-widget-text-editor\" data-id=\"7151636\" data-element_type=\"widget\" data-e-type=\"widget\" data-widget_type=\"text-editor.default\">\n\t\t\t\t\t\t\t\t\t<p>\u00a0<\/p><p><span style=\"color: var( --e-global-color-text ); text-align: var(--text-align);\">&#8220;Tenemos mucha esperanza y mucha ilusi\u00f3n de que m\u00e1s compatriotas guatemaltecos lleguen a la actividad para crear este fondo destinado a educaci\u00f3n&#8221;, dijo <\/span><a style=\"text-align: var(--text-align);\" href=\"https:\/\/soymigrante.com\/revista\/carlos-horacio-diaz-fue-pionero-en-izar-la-bandera-de-guatemala-en-new-jersey-en-1986\/\">Carlos Horacio D\u00edaz,<\/a><span style=\"color: var( --e-global-color-text ); text-align: var(--text-align);\"> migrante que tambi\u00e9n forma parte de la Asociaci\u00f3n, quien iz\u00f3 por primera vez la bandera de Guatemala en Paterson hace m\u00e1s de tres d\u00e9cadas y quien actualmente se encuentra en el pa\u00eds.<\/span><\/p><p><span style=\"color: var( --e-global-color-text ); text-align: var(--text-align);\">D\u00edaz destaca que la Asociaci\u00f3n de Guatemaltecos Unidos de Paterson est\u00e1 abierta a todos los connacionales que deseen unirse, pues en la uni\u00f3n est\u00e1 la posibilidad de contribuir de mejor manera a la comunidad y al crecimiento de la cultura guatemalteca en ese Estado.<\/span><\/p>\t\t\t\t\t\t\t\t<\/div>\n\t\t\t\t\t<\/div>\n\t\t\t\t<\/div>\n\t\t<div data-particle_enable=\"false\" data-particle-mobile-disabled=\"false\" class=\"elementor-element elementor-element-bea79a9 e-flex e-con-boxed e-con e-parent\" data-id=\"bea79a9\" data-element_type=\"container\" data-e-type=\"container\">\n\t\t\t\t\t<div class=\"e-con-inner\">\n\t\t\t\t<div class=\"elementor-element elementor-element-d8e89ac elementor-widget elementor-widget-google_maps\" data-id=\"d8e89ac\" data-element_type=\"widget\" data-e-type=\"widget\" data-widget_type=\"google_maps.default\">\n\t\t\t\t\t\t\t<div class=\"elementor-custom-embed\">\n\t\t\t<iframe loading=\"lazy\"\n\t\t\t\t\tsrc=\"https:\/\/maps.google.com\/maps?q=St%20Paul%20Church%20New%20Haledon&#038;t=m&#038;z=10&#038;output=embed&#038;iwloc=near\"\n\t\t\t\t\ttitle=\"St Paul Church New Haledon\"\n\t\t\t\t\taria-label=\"St Paul Church New Haledon\"\n\t\t\t><\/iframe>\n\t\t<\/div>\n\t\t\t\t\t\t<\/div>\n\t\t\t\t\t<\/div>\n\t\t\t\t<\/div>\n\t\t<div data-particle_enable=\"false\" data-particle-mobile-disabled=\"false\" class=\"elementor-element elementor-element-ad70563 e-flex e-con-boxed e-con e-parent\" data-id=\"ad70563\" data-element_type=\"container\" data-e-type=\"container\">\n\t\t\t\t\t<div class=\"e-con-inner\">\n\t\t\t\t<div class=\"elementor-element elementor-element-b08948e elementor-widget elementor-widget-heading\" data-id=\"b08948e\" data-element_type=\"widget\" data-e-type=\"widget\" data-widget_type=\"heading.default\">\n\t\t\t\t\t<h2 class=\"elementor-heading-title elementor-size-default\">M\u00e1s iniciativas migrantes proactivas<\/h2>\t\t\t\t<\/div>\n\t\t\t\t\t<\/div>\n\t\t\t\t<\/div>\n\t\t<div data-particle_enable=\"false\" data-particle-mobile-disabled=\"false\" class=\"elementor-element elementor-element-9ca7bca e-flex e-con-boxed e-con e-parent\" data-id=\"9ca7bca\" data-element_type=\"container\" data-e-type=\"container\">\n\t\t\t\t\t<div class=\"e-con-inner\">\n\t\t\t\t<div class=\"elementor-element elementor-element-ebe3385 elementor-grid-eael-col-3 elementor-grid-tablet-eael-col-2 elementor-grid-mobile-eael-col-1 elementor-widget elementor-widget-eael-post-grid\" data-id=\"ebe3385\" data-element_type=\"widget\" data-e-type=\"widget\" data-settings=\"{&quot;eael_post_grid_columns&quot;:&quot;eael-col-3&quot;,&quot;eael_post_grid_columns_tablet&quot;:&quot;eael-col-2&quot;,&quot;eael_post_grid_columns_mobile&quot;:&quot;eael-col-1&quot;}\" data-widget_type=\"eael-post-grid.default\">\n\t\t\t\t\t<div id=\"eael-post-grid-ebe3385\" class=\"eael-post-grid-container\">\n            <div class=\"eael-post-grid eael-post-appender eael-post-appender-ebe3385 eael-post-grid-style-one\" data-layout-mode=\"masonry\"><article class=\"eael-grid-post  eael-post-grid-column eael-pg-post-16900 category-exitos\" data-id=\"16900\">\n        <div class=\"eael-grid-post-holder\">\n            <div class=\"eael-grid-post-holder-inner\"><div class=\"eael-entry-media\"><div class=\"eael-entry-overlay fade-in\"><i class=\"far fa-hand-pointer\" aria-hidden=\"true\"><\/i><a href=\"https:\/\/soymigrante.com\/revista\/karolin-espana-dirige-kika-proyecto-de-ayuda-alimentaria-impulsado-por-sus-hijas\/\"><\/a><\/div><div class=\"eael-entry-thumbnail \">\n                <img loading=\"lazy\" decoding=\"async\" width=\"861\" height=\"861\" src=\"https:\/\/soymigrante.com\/revista\/wp-content\/uploads\/2024\/12\/historia-karolin-espana-KIKA.webp\" class=\"attachment-large size-large wp-image-16901\" alt=\"Ni\u00f1a en desfile cultural participando en evento de apoyo a la infancia y la nutrici\u00f3n en M\u00e9xico, con grupo de personas en vestimenta tradicional y cartel de organizaci\u00f3n KIKA, promoviendo derechos infantiles.\" srcset=\"https:\/\/soymigrante.com\/revista\/wp-content\/uploads\/2024\/12\/historia-karolin-espana-KIKA.webp 861w, https:\/\/soymigrante.com\/revista\/wp-content\/uploads\/2024\/12\/historia-karolin-espana-KIKA-300x300.jpg 300w, https:\/\/soymigrante.com\/revista\/wp-content\/uploads\/2024\/12\/historia-karolin-espana-KIKA-150x150.jpg 150w, https:\/\/soymigrante.com\/revista\/wp-content\/uploads\/2024\/12\/historia-karolin-espana-KIKA-768x768.jpg 768w, https:\/\/soymigrante.com\/revista\/wp-content\/uploads\/2024\/12\/historia-karolin-espana-KIKA-75x75.webp 75w, https:\/\/soymigrante.com\/revista\/wp-content\/uploads\/2024\/12\/historia-karolin-espana-KIKA-750x750.webp 750w\" sizes=\"(max-width: 861px) 100vw, 861px\" \/>\n            <\/div>\n        <\/div><div class=\"eael-entry-wrapper\"><header class=\"eael-entry-header\"><h2 class=\"eael-entry-title\"><a class=\"eael-grid-post-link\" href=\"https:\/\/soymigrante.com\/revista\/karolin-espana-dirige-kika-proyecto-de-ayuda-alimentaria-impulsado-por-sus-hijas\/\" title=\"Karolin Rasc\u00f3n dirige KIKA, iniciativa de ayuda alimentaria desde L.A. a Guatemala, inspirada por sus hijas Kiara y Kaili\">Karolin Rasc\u00f3n dirige KIKA, iniciativa de ayuda alimentaria desde L.A. a Guatemala, inspirada por sus hijas Kiara y Kaili<\/a><\/h2><\/header><div class=\"eael-entry-content\">\n                        <div class=\"eael-grid-post-excerpt\"><a href=\"https:\/\/soymigrante.com\/revista\/karolin-espana-dirige-kika-proyecto-de-ayuda-alimentaria-impulsado-por-sus-hijas\/\" class=\"eael-post-elements-readmore-btn\">CONOCE SU HISTORIA <\/a><\/div>\n                    <\/div><\/div><\/div>\n        <\/div>\n    <\/article><article class=\"eael-grid-post  eael-post-grid-column eael-pg-post-4877 category-exitos\" data-id=\"4877\">\n        <div class=\"eael-grid-post-holder\">\n            <div class=\"eael-grid-post-holder-inner\"><div class=\"eael-entry-media\"><div class=\"eael-entry-overlay fade-in\"><i class=\"far fa-hand-pointer\" aria-hidden=\"true\"><\/i><a href=\"https:\/\/soymigrante.com\/revista\/migrante-guatemalteca-emilia-cifuentes-ingeniera-empresaria-supera-dificultades\/\"><\/a><\/div><div class=\"eael-entry-thumbnail \">\n                <img loading=\"lazy\" decoding=\"async\" width=\"1024\" height=\"852\" src=\"https:\/\/soymigrante.com\/revista\/wp-content\/uploads\/2024\/02\/mila-1024x852.webp\" class=\"attachment-large size-large wp-image-4878\" alt=\"\" srcset=\"https:\/\/soymigrante.com\/revista\/wp-content\/uploads\/2024\/02\/mila-1024x852.webp 1024w, https:\/\/soymigrante.com\/revista\/wp-content\/uploads\/2024\/02\/mila-300x250.webp 300w, https:\/\/soymigrante.com\/revista\/wp-content\/uploads\/2024\/02\/mila-768x639.webp 768w, https:\/\/soymigrante.com\/revista\/wp-content\/uploads\/2024\/02\/mila-750x624.webp 750w, https:\/\/soymigrante.com\/revista\/wp-content\/uploads\/2024\/02\/mila.webp 1065w\" sizes=\"(max-width: 1024px) 100vw, 1024px\" \/>\n            <\/div>\n        <\/div><div class=\"eael-entry-wrapper\"><header class=\"eael-entry-header\"><h2 class=\"eael-entry-title\"><a class=\"eael-grid-post-link\" href=\"https:\/\/soymigrante.com\/revista\/migrante-guatemalteca-emilia-cifuentes-ingeniera-empresaria-supera-dificultades\/\" title=\"Emilia Cifuentes es Mrs. Guatemala Oklahoma 2024-25 por su trayectoria y aporte\">Emilia Cifuentes es Mrs. Guatemala Oklahoma 2024-25 por su trayectoria y aporte<\/a><\/h2><\/header><div class=\"eael-entry-content\">\n                        <div class=\"eael-grid-post-excerpt\"><a href=\"https:\/\/soymigrante.com\/revista\/migrante-guatemalteca-emilia-cifuentes-ingeniera-empresaria-supera-dificultades\/\" class=\"eael-post-elements-readmore-btn\">CONOCE SU HISTORIA <\/a><\/div>\n                    <\/div><\/div><\/div>\n        <\/div>\n    <\/article><article class=\"eael-grid-post  eael-post-grid-column eael-pg-post-5160 category-exitos\" data-id=\"5160\">\n        <div class=\"eael-grid-post-holder\">\n            <div class=\"eael-grid-post-holder-inner\"><div class=\"eael-entry-media\"><div class=\"eael-entry-overlay fade-in\"><i class=\"far fa-hand-pointer\" aria-hidden=\"true\"><\/i><a href=\"https:\/\/soymigrante.com\/revista\/willy-barreno-ayuda-migrantes-quetzaltenango-proyecto\/\"><\/a><\/div><div class=\"eael-entry-thumbnail \">\n                <img loading=\"lazy\" decoding=\"async\" width=\"1024\" height=\"768\" src=\"https:\/\/soymigrante.com\/revista\/wp-content\/uploads\/2024\/03\/Chef-Willy-Barreno-3-1024x768.webp\" class=\"attachment-large size-large wp-image-5186\" alt=\"\" srcset=\"https:\/\/soymigrante.com\/revista\/wp-content\/uploads\/2024\/03\/Chef-Willy-Barreno-3-1024x768.webp 1024w, https:\/\/soymigrante.com\/revista\/wp-content\/uploads\/2024\/03\/Chef-Willy-Barreno-3-300x225.webp 300w, https:\/\/soymigrante.com\/revista\/wp-content\/uploads\/2024\/03\/Chef-Willy-Barreno-3-768x576.webp 768w, https:\/\/soymigrante.com\/revista\/wp-content\/uploads\/2024\/03\/Chef-Willy-Barreno-3-750x563.webp 750w, https:\/\/soymigrante.com\/revista\/wp-content\/uploads\/2024\/03\/Chef-Willy-Barreno-3-1140x855.webp 1140w, https:\/\/soymigrante.com\/revista\/wp-content\/uploads\/2024\/03\/Chef-Willy-Barreno-3.webp 1440w\" sizes=\"(max-width: 1024px) 100vw, 1024px\" \/>\n            <\/div>\n        <\/div><div class=\"eael-entry-wrapper\"><header class=\"eael-entry-header\"><h2 class=\"eael-entry-title\"><a class=\"eael-grid-post-link\" href=\"https:\/\/soymigrante.com\/revista\/willy-barreno-ayuda-migrantes-quetzaltenango-proyecto\/\" title=\"Willy Barreno: chef migrante ayuda a migrantes en su propia tierra\">Willy Barreno: chef migrante ayuda a migrantes en su propia tierra<\/a><\/h2><\/header><div class=\"eael-entry-content\">\n                        <div class=\"eael-grid-post-excerpt\"><a href=\"https:\/\/soymigrante.com\/revista\/willy-barreno-ayuda-migrantes-quetzaltenango-proyecto\/\" class=\"eael-post-elements-readmore-btn\">CONOCE SU HISTORIA <\/a><\/div>\n                    <\/div><\/div><\/div>\n        <\/div>\n    <\/article><\/div>\n            <div class=\"clearfix\"><\/div>\n        <\/div>\t\t\t\t<\/div>\n\t\t\t\t\t<\/div>\n\t\t\t\t<\/div>\n\t\t\t\t<\/div>\n\t\t","protected":false},"excerpt":{"rendered":"<p>Campa\u00f1a de recaudaci\u00f3n busca reunir recursos para posibilitar que hasta tres estudiantes hispanos talentosos de la ciudad de Patterson, incluyendo aspirantes guatemaltecos, puedan comenzar sus estudios universitarios. Nydia Cano, integrante de la asociaci\u00f3n cuenta m\u00e1s. Aunque la Asociaci\u00f3n Guatemaltecos Unidos de Paterson New Jersey tiene varios a\u00f1os de estar integrada, no fue sino hasta el [&hellip;]<\/p>\n","protected":false},"author":7,"featured_media":27941,"comment_status":"open","ping_status":"open","sticky":false,"template":"","format":"standard","meta":{"_acf_changed":false,"_eb_attr":"","footnotes":""},"categories":[54],"tags":[],"class_list":["post-27940","post","type-post","status-publish","format-standard","has-post-thumbnail","hentry","category-estamos-unidos"],"acf":[],"aioseo_notices":[],"aioseo_head":"\n\t\t<!-- All in One SEO Pro 4.9.6.2 - aioseo.com -->\n\t<meta name=\"description\" content=\"La muerte de una madre migrante cambi\u00f3 la vida del chef guatemalteco Willy Barreno quien desde Estados Unidos inici\u00f3 cre\u00f3 un proyecto social con sede en Quetzaltenango para capacitar a j\u00f3venes y apoyar a retornados. Willy Barreno migr\u00f3 a Estados Unidos en 1996, su objetivo: cumplir el anhelado sue\u00f1o americano. Sin embargo, la vida misma\" \/>\n\t<meta name=\"robots\" content=\"max-snippet:-1, max-image-preview:large, max-video-preview:-1\" \/>\n\t<meta name=\"author\" content=\"Gustavo Montenegro\"\/>\n\t<link rel=\"canonical\" href=\"https:\/\/soymigrante.com\/revista\/guatemaltecos-unidos-en-paterson-new-jersey-impulsan-cena-para-fondo-de-becas-estudiantiles\/\" \/>\n\t<meta name=\"generator\" content=\"All in One SEO Pro (AIOSEO) 4.9.6.2\" \/>\n\n\t\t<link rel=\"preconnect\" href=\"https:\/\/fonts.googleapis.com\" crossorigin>\n<link rel=\"preconnect\" href=\"https:\/\/fonts.gstatic.com\" crossorigin>\n\t\t<meta property=\"og:locale\" content=\"es_ES\" \/>\n\t\t<meta property=\"og:site_name\" content=\"SoyMigrante.com REVISTA \u2013 Nuestra misi\u00f3n es reconocer y dignificar al migrante.\" \/>\n\t\t<meta property=\"og:type\" content=\"article\" \/>\n\t\t<meta property=\"og:title\" content=\"Guatemaltecos impulsan fondo de beca estudiantil en New Jersey\" \/>\n\t\t<meta property=\"og:description\" content=\"Una cena con pastas italianas ser\u00e1 el siguiente evento de recaudaci\u00f3n de fondos impulsado por la asociacion no lucrativa Guatemaltecos Unidos en Paterson.\" \/>\n\t\t<meta property=\"og:url\" content=\"https:\/\/soymigrante.com\/revista\/guatemaltecos-unidos-en-paterson-new-jersey-impulsan-cena-para-fondo-de-becas-estudiantiles\/\" \/>\n\t\t<meta property=\"og:image\" content=\"https:\/\/soymigrante.com\/revista\/wp-content\/uploads\/2025\/03\/becas-new-jersey-2.webp\" \/>\n\t\t<meta property=\"og:image:secure_url\" content=\"https:\/\/soymigrante.com\/revista\/wp-content\/uploads\/2025\/03\/becas-new-jersey-2.webp\" \/>\n\t\t<meta property=\"og:image:width\" content=\"710\" \/>\n\t\t<meta property=\"og:image:height\" content=\"710\" \/>\n\t\t<meta property=\"article:published_time\" content=\"2025-03-12T11:00:00+00:00\" \/>\n\t\t<meta property=\"article:modified_time\" content=\"2025-03-12T04:16:53+00:00\" \/>\n\t\t<meta property=\"article:publisher\" content=\"https:\/\/www.facebook.com\/soymigrantecom\" \/>\n\t\t<meta name=\"twitter:card\" content=\"summary_large_image\" \/>\n\t\t<meta name=\"twitter:site\" content=\"@SoyMigrante_com\" \/>\n\t\t<meta name=\"twitter:title\" content=\"Guatemaltecos impulsan fondo de beca estudiantil en New Jersey\" \/>\n\t\t<meta name=\"twitter:description\" content=\"Una cena con pastas italianas ser\u00e1 el siguiente evento de recaudaci\u00f3n de fondos impulsado por la asociacion no lucrativa Guatemaltecos Unidos en Paterson.\" \/>\n\t\t<meta name=\"twitter:creator\" content=\"@SoyMigrante_com\" \/>\n\t\t<meta name=\"twitter:image\" content=\"https:\/\/soymigrante.com\/revista\/wp-content\/uploads\/2025\/03\/becas-new-jersey-2.webp\" \/>\n\t\t<!-- All in One SEO Pro -->\r\n\t\t<title>Guatemaltecos impulsan fondo de beca estudiantil en New Jersey<\/title>\n\n","aioseo_head_json":{"title":"Guatemaltecos impulsan fondo de beca estudiantil en New Jersey","description":"Una cena con pastas italianas ser\u00e1 el siguiente evento de recaudaci\u00f3n de fondos impulsado por la asociacion no lucrativa Guatemaltecos Unidos en Paterson.","canonical_url":"https:\/\/soymigrante.com\/revista\/guatemaltecos-unidos-en-paterson-new-jersey-impulsan-cena-para-fondo-de-becas-estudiantiles\/","robots":"max-snippet:-1, max-image-preview:large, max-video-preview:-1","keywords":"","webmasterTools":{"miscellaneous":"&lt;link rel=\"preconnect\" href=\"https:\/\/fonts.googleapis.com\" crossorigin&gt;\n&lt;link rel=\"preconnect\" href=\"https:\/\/fonts.gstatic.com\" crossorigin&gt;"},"schema":null,"og:locale":"es_ES","og:site_name":"SoyMigrante.com REVISTA \u2013 Nuestra misi\u00f3n es reconocer y dignificar al migrante.","og:type":"article","og:title":"Guatemaltecos impulsan fondo de beca estudiantil en New Jersey","og:description":"Una cena con pastas italianas ser\u00e1 el siguiente evento de recaudaci\u00f3n de fondos impulsado por la asociacion no lucrativa Guatemaltecos Unidos en Paterson.","og:url":"https:\/\/soymigrante.com\/revista\/guatemaltecos-unidos-en-paterson-new-jersey-impulsan-cena-para-fondo-de-becas-estudiantiles\/","og:image":"https:\/\/soymigrante.com\/revista\/wp-content\/uploads\/2025\/03\/becas-new-jersey-2.webp","og:image:secure_url":"https:\/\/soymigrante.com\/revista\/wp-content\/uploads\/2025\/03\/becas-new-jersey-2.webp","og:image:width":710,"og:image:height":710,"article:published_time":"2025-03-12T11:00:00+00:00","article:modified_time":"2025-03-12T04:16:53+00:00","article:publisher":"https:\/\/www.facebook.com\/soymigrantecom","twitter:card":"summary_large_image","twitter:site":"@SoyMigrante_com","twitter:title":"Guatemaltecos impulsan fondo de beca estudiantil en New Jersey","twitter:description":"Una cena con pastas italianas ser\u00e1 el siguiente evento de recaudaci\u00f3n de fondos impulsado por la asociacion no lucrativa Guatemaltecos Unidos en Paterson.","twitter:creator":"@SoyMigrante_com","twitter:image":"https:\/\/soymigrante.com\/revista\/wp-content\/uploads\/2025\/03\/becas-new-jersey-2.webp"},"aioseo_meta_data":{"post_id":"27940","title":"Guatemaltecos impulsan fondo de beca estudiantil en New Jersey","description":"Una cena con pastas italianas ser\u00e1 el siguiente evento de recaudaci\u00f3n de fondos impulsado por la asociacion no lucrativa Guatemaltecos Unidos en Paterson.","keywords":null,"keyphrases":{"focus":{"keyphrase":"Guatemaltecos","score":91,"analysis":{"keyphraseInTitle":{"score":9,"maxScore":9,"error":0},"keyphraseInDescription":{"score":9,"maxScore":9,"error":0},"keyphraseLength":{"score":9,"maxScore":9,"error":0,"length":1},"keyphraseInURL":{"score":5,"maxScore":5,"error":0},"keyphraseInIntroduction":{"score":9,"maxScore":9,"error":0},"keyphraseInSubHeadings":{"score":3,"maxScore":9,"error":1},"keyphraseInImageAlt":{"score":9,"maxScore":9,"error":0},"keywordDensity":{"type":"best","score":9,"maxScore":9,"error":0}}},"additional":[{"keyphrase":"Paterson","score":100,"analysis":{"keyphraseInDescription":{"score":9,"maxScore":9,"error":0},"keyphraseLength":{"score":9,"maxScore":9,"error":0,"length":1},"keyphraseInIntroduction":{"score":9,"maxScore":9,"error":0},"keyphraseInImageAlt":{"score":9,"maxScore":9,"error":0},"keywordDensity":{"type":"best","score":9,"maxScore":9,"error":0}}},{"keyphrase":"Asociaci\u00f3n","score":100,"analysis":{"keyphraseInDescription":{"score":9,"maxScore":9,"error":0},"keyphraseLength":{"score":9,"maxScore":9,"error":0,"length":2},"keyphraseInIntroduction":{"score":9,"maxScore":9,"error":0},"keyphraseInImageAlt":{"score":9,"maxScore":9,"error":0},"keywordDensity":{"type":"best","score":9,"maxScore":9,"error":0}}},{"keyphrase":"Becas","score":40,"analysis":{"keyphraseInDescription":{"score":3,"maxScore":9,"error":1},"keyphraseLength":{"score":9,"maxScore":9,"error":0,"length":1},"keyphraseInIntroduction":{"score":3,"maxScore":9,"error":1},"keyphraseInImageAlt":{"score":3,"maxScore":9,"error":1},"keywordDensity":{"score":0,"type":"low","maxScore":9,"error":1}}}]},"primary_term":null,"canonical_url":null,"og_title":null,"og_description":null,"og_object_type":"default","og_image_type":"default","og_image_url":null,"og_image_width":null,"og_image_height":null,"og_image_custom_url":null,"og_image_custom_fields":null,"og_video":"","og_custom_url":null,"og_article_section":null,"og_article_tags":null,"twitter_use_og":false,"twitter_card":"default","twitter_image_type":"default","twitter_image_url":null,"twitter_image_custom_url":null,"twitter_image_custom_fields":null,"twitter_title":null,"twitter_description":null,"schema":{"blockGraphs":[],"customGraphs":[],"default":{"data":{"Article":[],"Course":[],"Dataset":[],"FAQPage":[],"Movie":[],"Person":[],"Product":[],"ProductReview":[],"Car":[],"Recipe":[],"Service":[],"SoftwareApplication":[],"WebPage":[]},"graphName":"BlogPosting","isEnabled":true},"graphs":[]},"schema_type":"default","schema_type_options":null,"pillar_content":false,"robots_default":true,"robots_noindex":false,"robots_noarchive":false,"robots_nosnippet":false,"robots_nofollow":false,"robots_noimageindex":false,"robots_noodp":false,"robots_notranslate":false,"robots_max_snippet":"-1","robots_max_videopreview":"-1","robots_max_imagepreview":"large","priority":null,"frequency":"default","local_seo":null,"seo_analyzer_scan_date":"2025-10-09 03:22:17","breadcrumb_settings":null,"limit_modified_date":false,"reviewed_by":null,"open_ai":"{\"title\":{\"suggestions\":[],\"usage\":0},\"description\":{\"suggestions\":[],\"usage\":0}}","ai":null,"created":"2025-03-12 02:15:53","updated":"2026-02-04 22:09:39"},"aioseo_breadcrumb":"<div class=\"aioseo-breadcrumbs\"><span class=\"aioseo-breadcrumb\">\n\t<a href=\"https:\/\/soymigrante.com\/revista\" title=\"Home\">Home<\/a>\n<\/span><span class=\"aioseo-breadcrumb-separator\">\u00bb<\/span><span class=\"aioseo-breadcrumb\">\n\t<a href=\"https:\/\/soymigrante.com\/revista\/category\/estamos-unidos\/\" title=\"Estamos Unidos\">Estamos Unidos<\/a>\n<\/span><span class=\"aioseo-breadcrumb-separator\">\u00bb<\/span><span class=\"aioseo-breadcrumb\">\n\tGuatemaltecos Unidos en Paterson, New Jersey, impulsan cena para fondo de becas estudiantiles\n<\/span><\/div>","aioseo_breadcrumb_json":[{"label":"Home","link":"https:\/\/soymigrante.com\/revista"},{"label":"Estamos Unidos","link":"https:\/\/soymigrante.com\/revista\/category\/estamos-unidos\/"},{"label":"Guatemaltecos Unidos en Paterson, New Jersey, impulsan cena para fondo de becas estudiantiles","link":"https:\/\/soymigrante.com\/revista\/guatemaltecos-unidos-en-paterson-new-jersey-impulsan-cena-para-fondo-de-becas-estudiantiles\/"}],"_links":{"self":[{"href":"https:\/\/soymigrante.com\/revista\/wp-json\/wp\/v2\/posts\/27940","targetHints":{"allow":["GET"]}}],"collection":[{"href":"https:\/\/soymigrante.com\/revista\/wp-json\/wp\/v2\/posts"}],"about":[{"href":"https:\/\/soymigrante.com\/revista\/wp-json\/wp\/v2\/types\/post"}],"author":[{"embeddable":true,"href":"https:\/\/soymigrante.com\/revista\/wp-json\/wp\/v2\/users\/7"}],"replies":[{"embeddable":true,"href":"https:\/\/soymigrante.com\/revista\/wp-json\/wp\/v2\/comments?post=27940"}],"version-history":[{"count":0,"href":"https:\/\/soymigrante.com\/revista\/wp-json\/wp\/v2\/posts\/27940\/revisions"}],"wp:featuredmedia":[{"embeddable":true,"href":"https:\/\/soymigrante.com\/revista\/wp-json\/wp\/v2\/media\/27941"}],"wp:attachment":[{"href":"https:\/\/soymigrante.com\/revista\/wp-json\/wp\/v2\/media?parent=27940"}],"wp:term":[{"taxonomy":"category","embeddable":true,"href":"https:\/\/soymigrante.com\/revista\/wp-json\/wp\/v2\/categories?post=27940"},{"taxonomy":"post_tag","embeddable":true,"href":"https:\/\/soymigrante.com\/revista\/wp-json\/wp\/v2\/tags?post=27940"}],"curies":[{"name":"wp","href":"https:\/\/api.w.org\/{rel}","templated":true}]}}