{"id":27854,"date":"2025-03-11T17:07:05","date_gmt":"2025-03-11T23:07:05","guid":{"rendered":"https:\/\/soymigrante.com\/revista\/?p=27854"},"modified":"2026-02-11T16:37:47","modified_gmt":"2026-02-11T22:37:47","slug":"joya-colonial-de-antigua-guatemala-fue-carcel-de-hombres-durante-muchos-anos","status":"publish","type":"post","link":"https:\/\/soymigrante.com\/revista\/joya-colonial-de-antigua-guatemala-fue-carcel-de-hombres-durante-muchos-anos\/","title":{"rendered":"Joyas de Antigua Guatemala: Convento de Santa Teresa fue c\u00e1rcel de hombres por m\u00e1s de 50 a\u00f1os"},"content":{"rendered":"\t\t<div data-elementor-type=\"wp-post\" data-elementor-id=\"27854\" class=\"elementor elementor-27854\" data-elementor-post-type=\"post\">\n\t\t\t\t<div data-particle_enable=\"false\" data-particle-mobile-disabled=\"false\" class=\"elementor-element elementor-element-5f1b2d4 e-flex e-con-boxed e-con e-parent\" data-id=\"5f1b2d4\" data-element_type=\"container\" data-e-type=\"container\">\n\t\t\t\t\t<div class=\"e-con-inner\">\n\t\t\t\t<div class=\"elementor-element elementor-element-9c0a796 elementor-widget elementor-widget-heading\" data-id=\"9c0a796\" data-element_type=\"widget\" data-e-type=\"widget\" data-widget_type=\"heading.default\">\n\t\t\t\t\t<h2 class=\"elementor-heading-title elementor-size-default\">El Convento de las Carmelitas Descalzas de Santa Teresa de Jes\u00fas est\u00e1 en trabajos de restauraci\u00f3n pero \u00bfsab\u00edas que alguna vez fue presidio departamental de Sacatep\u00e9quez? Y no solo eso, tambi\u00e9n fue f\u00e1brica de vinos.<\/h2>\t\t\t\t<\/div>\n\t\t\t\t\t<\/div>\n\t\t\t\t<\/div>\n\t\t<div data-particle_enable=\"false\" data-particle-mobile-disabled=\"false\" class=\"elementor-element elementor-element-ed17c52 e-flex e-con-boxed e-con e-parent\" data-id=\"ed17c52\" data-element_type=\"container\" data-e-type=\"container\">\n\t\t\t\t\t<div class=\"e-con-inner\">\n\t\t\t\t<div class=\"elementor-element elementor-element-8c891a6 elementor-widget elementor-widget-text-editor\" data-id=\"8c891a6\" data-element_type=\"widget\" data-e-type=\"widget\" data-widget_type=\"text-editor.default\">\n\t\t\t\t\t\t\t\t\t<p>El Convento de las Monjas Carmelitas de Santa Teresa de Jes\u00fas fue fundado en el siglo XVII en Antigua Guatemala y se convirti\u00f3 en un n\u00facleo importante de difusi\u00f3n de la fe y la oraci\u00f3n. Tras la destrucci\u00f3n de la ciudad colonial por los terremotos del 29 de julio de 1773, qued\u00f3 en ruinas y como todos los otros conventos se traslad\u00f3 a la capital en la Nueva Guatemala de la Asunci\u00f3n.<\/p><p>Sin embargo, no fue totalmente abandonado. All\u00ed se instal\u00f3 una f\u00e1brica de vino y tambi\u00e9n se us\u00f3 como beneficio de caf\u00e9 en distintas \u00e9pocas. Tambi\u00e9n funcion\u00f3 durante m\u00e1s de medio siglo la prisi\u00f3n departamental de hombres, hasta el a\u00f1o 2008 en que fue trasladada. Hoy esta joya de Antigua Guatemala est\u00e1 en proceso de restauraci\u00f3n, se puede ingresar para conocerla y a\u00fan se notan vestigios de cuando fue c\u00e1rcel.\u00a0<\/p><p>Te contamos m\u00e1s sobre este tesoro colonial con m\u00e1s de 330 a\u00f1os de historia.<\/p>\t\t\t\t\t\t\t\t<\/div>\n\t\t\t\t\t<\/div>\n\t\t\t\t<\/div>\n\t\t<div data-particle_enable=\"false\" data-particle-mobile-disabled=\"false\" class=\"elementor-element elementor-element-1077b40 e-flex e-con-boxed e-con e-parent\" data-id=\"1077b40\" data-element_type=\"container\" data-e-type=\"container\">\n\t\t\t\t\t<div class=\"e-con-inner\">\n\t\t\t\t<div class=\"elementor-element elementor-element-34bb56b elementor-widget elementor-widget-image\" data-id=\"34bb56b\" data-element_type=\"widget\" data-e-type=\"widget\" data-widget_type=\"image.default\">\n\t\t\t\t\t\t\t\t\t\t\t\t<figure class=\"wp-caption\">\n\t\t\t\t\t\t\t\t\t\t<img fetchpriority=\"high\" decoding=\"async\" width=\"1024\" height=\"768\" src=\"https:\/\/soymigrante.com\/revista\/wp-content\/uploads\/2025\/03\/ruinas-santa-teresa-antigua-6-1024x768.jpg\" class=\"attachment-large size-large wp-image-27868\" alt=\"Puerta y columnas en un pasillo cubierto con arcos en un edificio hist\u00f3rico, resaltando arquitectura colonial y patrimonio cultural.\" srcset=\"https:\/\/soymigrante.com\/revista\/wp-content\/uploads\/2025\/03\/ruinas-santa-teresa-antigua-6-1024x768.jpg 1024w, https:\/\/soymigrante.com\/revista\/wp-content\/uploads\/2025\/03\/ruinas-santa-teresa-antigua-6-300x225.jpg 300w, https:\/\/soymigrante.com\/revista\/wp-content\/uploads\/2025\/03\/ruinas-santa-teresa-antigua-6-768x576.jpg 768w, https:\/\/soymigrante.com\/revista\/wp-content\/uploads\/2025\/03\/ruinas-santa-teresa-antigua-6-1536x1152.jpg 1536w, https:\/\/soymigrante.com\/revista\/wp-content\/uploads\/2025\/03\/ruinas-santa-teresa-antigua-6-750x563.webp 750w, https:\/\/soymigrante.com\/revista\/wp-content\/uploads\/2025\/03\/ruinas-santa-teresa-antigua-6-1140x855.webp 1140w, https:\/\/soymigrante.com\/revista\/wp-content\/uploads\/2025\/03\/ruinas-santa-teresa-antigua-6.webp 1600w\" sizes=\"(max-width: 1024px) 100vw, 1024px\" title=\"El Convento de las Carmelitas Descalzas empez\u00f3 a funcionar en 1787 y por sus corredores a\u00fan se puede imaginar a las religiosas seguidoras de Santa Teresa de Jes\u00fas caminando en direcci\u00f3n al templo., (Foto Gustavo Montenegro) \u2013 SoyMigrante.com REVISTA\" \/>\t\t\t\t\t\t\t\t\t\t\t<figcaption class=\"widget-image-caption wp-caption-text\">Pasillo colonial con arcos y columnas en edificio antiguo, espacio cultural y arquitect\u00f3nico con historia y car\u00e1cter.<\/figcaption>\n\t\t\t\t\t\t\t\t\t\t<\/figure>\n\t\t\t\t\t\t\t\t\t<\/div>\n\t\t\t\t\t<\/div>\n\t\t\t\t<\/div>\n\t\t<div data-particle_enable=\"false\" data-particle-mobile-disabled=\"false\" class=\"elementor-element elementor-element-9718ba3 e-flex e-con-boxed e-con e-parent\" data-id=\"9718ba3\" data-element_type=\"container\" data-e-type=\"container\">\n\t\t\t\t\t<div class=\"e-con-inner\">\n\t\t\t\t<div class=\"elementor-element elementor-element-08de280 elementor-widget elementor-widget-heading\" data-id=\"08de280\" data-element_type=\"widget\" data-e-type=\"widget\" data-widget_type=\"heading.default\">\n\t\t\t\t\t<h3 class=\"elementor-heading-title elementor-size-default\">Los or\u00edgenes del convento<\/h3>\t\t\t\t<\/div>\n\t\t\t\t\t<\/div>\n\t\t\t\t<\/div>\n\t\t<div data-particle_enable=\"false\" data-particle-mobile-disabled=\"false\" class=\"elementor-element elementor-element-dca86ea e-flex e-con-boxed e-con e-parent\" data-id=\"dca86ea\" data-element_type=\"container\" data-e-type=\"container\">\n\t\t\t\t\t<div class=\"e-con-inner\">\n\t\t\t\t<div class=\"elementor-element elementor-element-5cbc391 elementor-widget elementor-widget-text-editor\" data-id=\"5cbc391\" data-element_type=\"widget\" data-e-type=\"widget\" data-widget_type=\"text-editor.default\">\n\t\t\t\t\t\t\t\t\t<p><span style=\"color: var( --e-global-color-text ); text-align: var(--text-align);\">La idea de fundar un convento de carmelitas descalzas en Antigua Guatemala comenz\u00f3 a gestarse en la segunda mitad del siglo XVII. En 1675, Mar\u00eda de Sespedes, devota de Santa Teresa, dej\u00f3 en su testamento 50 pesos para contribuir a la construcci\u00f3n del convento. Las autoridades otorgaron la licencia para erigirlo. A esta solicitud se sumaron otros fieles, como Bernardino de Obando, quien viaj\u00f3 hasta Lima, Per\u00fa, para traer a las religiosas fundadoras del convento.<\/span><\/p><p>En 1677, las primeras carmelitas llegaron a Santiago de los Caballeros\u00a0 y comenzaron las gestiones para edificar el monasterio. El convento abri\u00f3 sus puertas en 1687, y la comunidad local celebr\u00f3 con una gran festividad el estreno de la nueva iglesia y convento de Santa Teresa.<\/p>\t\t\t\t\t\t\t\t<\/div>\n\t\t\t\t\t<\/div>\n\t\t\t\t<\/div>\n\t\t<div data-particle_enable=\"false\" data-particle-mobile-disabled=\"false\" class=\"elementor-element elementor-element-0faf16d e-flex e-con-boxed e-con e-parent\" data-id=\"0faf16d\" data-element_type=\"container\" data-e-type=\"container\">\n\t\t\t\t\t<div class=\"e-con-inner\">\n\t\t\t\t<div class=\"elementor-element elementor-element-ed49992 elementor-widget elementor-widget-image\" data-id=\"ed49992\" data-element_type=\"widget\" data-e-type=\"widget\" data-widget_type=\"image.default\">\n\t\t\t\t\t\t\t\t\t\t\t\t<figure class=\"wp-caption\">\n\t\t\t\t\t\t\t\t\t\t<img decoding=\"async\" width=\"768\" height=\"1024\" src=\"https:\/\/soymigrante.com\/revista\/wp-content\/uploads\/2025\/03\/ruinas-santa-teresa-antigua-5-768x1024.jpg\" class=\"attachment-large size-large wp-image-27869\" alt=\"Edificio hist\u00f3rico con fachada barroca en ruinas, detalles ornamentales y columnas, s\u00edmbolo del patrimonio cultural peruano y la migraci\u00f3n en Latinoam\u00e9rica.\" srcset=\"https:\/\/soymigrante.com\/revista\/wp-content\/uploads\/2025\/03\/ruinas-santa-teresa-antigua-5-768x1024.jpg 768w, https:\/\/soymigrante.com\/revista\/wp-content\/uploads\/2025\/03\/ruinas-santa-teresa-antigua-5-225x300.jpg 225w, https:\/\/soymigrante.com\/revista\/wp-content\/uploads\/2025\/03\/ruinas-santa-teresa-antigua-5-1152x1536.jpg 1152w, https:\/\/soymigrante.com\/revista\/wp-content\/uploads\/2025\/03\/ruinas-santa-teresa-antigua-5-750x1000.webp 750w, https:\/\/soymigrante.com\/revista\/wp-content\/uploads\/2025\/03\/ruinas-santa-teresa-antigua-5-1140x1520.webp 1140w, https:\/\/soymigrante.com\/revista\/wp-content\/uploads\/2025\/03\/ruinas-santa-teresa-antigua-5.webp 1200w\" sizes=\"(max-width: 768px) 100vw, 768px\" title=\"El frontispicio del templo a\u00fan refleja la magnificencia colonial que desafi\u00f3 a los mismos terremotos de 1773 porque a\u00fan sigue en pie (Foto Gustavo Montenegro) \u2013 SoyMigrante.com REVISTA\" \/>\t\t\t\t\t\t\t\t\t\t\t<figcaption class=\"widget-image-caption wp-caption-text\">Fachada de iglesia colonial en ruinas con detalles arquitect\u00f3nicos ornamentados y columnas cl\u00e1sicas, reflejando historia y patrimonio cultural en Latinoam\u00e9rica.<\/figcaption>\n\t\t\t\t\t\t\t\t\t\t<\/figure>\n\t\t\t\t\t\t\t\t\t<\/div>\n\t\t\t\t\t<\/div>\n\t\t\t\t<\/div>\n\t\t<div data-particle_enable=\"false\" data-particle-mobile-disabled=\"false\" class=\"elementor-element elementor-element-5d9d898 e-flex e-con-boxed e-con e-parent\" data-id=\"5d9d898\" data-element_type=\"container\" data-e-type=\"container\">\n\t\t\t\t\t<div class=\"e-con-inner\">\n\t\t\t\t<div class=\"elementor-element elementor-element-d674211 elementor-widget elementor-widget-heading\" data-id=\"d674211\" data-element_type=\"widget\" data-e-type=\"widget\" data-widget_type=\"heading.default\">\n\t\t\t\t\t<h3 class=\"elementor-heading-title elementor-size-default\">Destrucci\u00f3n en 1773<\/h3>\t\t\t\t<\/div>\n\t\t\t\t\t<\/div>\n\t\t\t\t<\/div>\n\t\t<div data-particle_enable=\"false\" data-particle-mobile-disabled=\"false\" class=\"elementor-element elementor-element-3937fbc e-flex e-con-boxed e-con e-parent\" data-id=\"3937fbc\" data-element_type=\"container\" data-e-type=\"container\">\n\t\t\t\t\t<div class=\"e-con-inner\">\n\t\t\t\t<div class=\"elementor-element elementor-element-61c28cf elementor-widget elementor-widget-text-editor\" data-id=\"61c28cf\" data-element_type=\"widget\" data-e-type=\"widget\" data-widget_type=\"text-editor.default\">\n\t\t\t\t\t\t\t\t\t<p><span style=\"color: var( --e-global-color-text ); text-align: var(--text-align);\">Como toda edificaci\u00f3n de la capital en Santiago de los Caballeros de Guatemala,\u00a0 el Convento de Santa Teresa sufri\u00f3 los embates de terremotos. Uno de gran magnitud ocurri\u00f3 en 1751 y dej\u00f3 da\u00f1os a la estructura. A pesar de la solicitud de las religiosas para recibir ayuda, esta fue denegada debido a la falta de recursos.<\/span><\/p><p><span style=\"color: var( --e-global-color-text ); text-align: var(--text-align);\">El terremoto de 1773 devast\u00f3 la ciudad.\u00a0 El artesonado del techo se cay\u00f3, las celdas de las religiosas quedaron colapsadas, y los muros se desplomaron en varias partes. En las palabras de los testigos de la \u00e9poca, el convento qued\u00f3 &#8220;pr\u00f3ximo a una total ruina&#8221;.<\/span><\/p>\t\t\t\t\t\t\t\t<\/div>\n\t\t\t\t\t<\/div>\n\t\t\t\t<\/div>\n\t\t<div data-particle_enable=\"false\" data-particle-mobile-disabled=\"false\" class=\"elementor-element elementor-element-3711c75 e-flex e-con-boxed e-con e-parent\" data-id=\"3711c75\" data-element_type=\"container\" data-e-type=\"container\">\n\t\t\t\t\t<div class=\"e-con-inner\">\n\t\t\t\t<div class=\"elementor-element elementor-element-a57b778 elementor-arrows-position-inside elementor-pagination-position-outside elementor-widget elementor-widget-image-carousel\" data-id=\"a57b778\" data-element_type=\"widget\" data-e-type=\"widget\" data-settings=\"{&quot;slides_to_show&quot;:&quot;1&quot;,&quot;navigation&quot;:&quot;both&quot;,&quot;autoplay&quot;:&quot;yes&quot;,&quot;pause_on_hover&quot;:&quot;yes&quot;,&quot;pause_on_interaction&quot;:&quot;yes&quot;,&quot;autoplay_speed&quot;:5000,&quot;infinite&quot;:&quot;yes&quot;,&quot;effect&quot;:&quot;slide&quot;,&quot;speed&quot;:500}\" data-widget_type=\"image-carousel.default\">\n\t\t\t\t\t\t\t<div class=\"elementor-image-carousel-wrapper swiper\" role=\"region\" aria-roledescription=\"carousel\" aria-label=\"Carrusel de im\u00e1genes\" dir=\"ltr\">\n\t\t\t<div class=\"elementor-image-carousel swiper-wrapper\" aria-live=\"off\">\n\t\t\t\t\t\t\t\t<div class=\"swiper-slide\" role=\"group\" aria-roledescription=\"slide\" aria-label=\"1 de 7\"><figure class=\"swiper-slide-inner\"><img decoding=\"async\" class=\"swiper-slide-image\" src=\"https:\/\/soymigrante.com\/revista\/wp-content\/uploads\/2025\/03\/convento-santa-teresa-antigua-4-768x1024.jpg\" alt=\"Cavidad arqueol\u00f3gica en condiciones precarias con restos de estructuras antiguas y rocas, ubicada en un espacio cerrado con paredes deterioradas, revelando importancia hist\u00f3rica y cultural en el contexto de migrantes y patrimonio.\" \/><figcaption class=\"elementor-image-carousel-caption\">En cada \u00e1rea del convento de Santa Teresa o de las Carmelitas en Antigua Guatemala es posible palpar, respirar, mirar la magia de la historia  y legado colonial. (Foto Gustavo Montenegro)<\/figcaption><\/figure><\/div><div class=\"swiper-slide\" role=\"group\" aria-roledescription=\"slide\" aria-label=\"2 de 7\"><figure class=\"swiper-slide-inner\"><img decoding=\"async\" class=\"swiper-slide-image\" src=\"https:\/\/soymigrante.com\/revista\/wp-content\/uploads\/2025\/03\/convento-santa-teresa-antigua-5-768x1024.jpg\" alt=\"Obra de teatro antigua y deteriorada en un teatro con techo da\u00f1ado y humedad visible, con la luna iluminando por la ventana, resaltando temas de cultura y migraci\u00f3n en la revista SoyMigrante.\" \/><figcaption class=\"elementor-image-carousel-caption\">Teatro antiguo con techo en deterioro y humedad, bajo la luz de la luna, reflejando temas culturales y de migraci\u00f3n en la revista SoyMigrante.<\/figcaption><\/figure><\/div><div class=\"swiper-slide\" role=\"group\" aria-roledescription=\"slide\" aria-label=\"3 de 7\"><figure class=\"swiper-slide-inner\"><img decoding=\"async\" class=\"swiper-slide-image\" src=\"https:\/\/soymigrante.com\/revista\/wp-content\/uploads\/2025\/03\/convento-santa-teresa-antigua-10-768x1024.jpg\" alt=\"Im\u00e1genes de iglesias hist\u00f3ricas en M\u00e9xico, con arquitectura colonial y detalles en ruinas, destacando patrimonio cultural y religioso en Am\u00e9rica Latina.\" \/><figcaption class=\"elementor-image-carousel-caption\">Iglesia en ruinas con arquitectura colonial mexicana, vista hacia el cielo, mostrando historia y patrimonio cultural en M\u00e9xico.<\/figcaption><\/figure><\/div><div class=\"swiper-slide\" role=\"group\" aria-roledescription=\"slide\" aria-label=\"4 de 7\"><figure class=\"swiper-slide-inner\"><img decoding=\"async\" class=\"swiper-slide-image\" src=\"https:\/\/soymigrante.com\/revista\/wp-content\/uploads\/2025\/03\/ruinas-santa-teresa-antigua-1-768x1024.jpg\" alt=\"Puente romano hist\u00f3rico en un sitio arqueol\u00f3gico, con columnas de piedra y un arco en un pasillo cubierto, mostrando arquitectura antigua y conservaci\u00f3n del patrimonio cultural.\" \/><figcaption class=\"elementor-image-carousel-caption\">Impresionante pasillo arqueol\u00f3gico con columnas de piedra, parte de un conjunto hist\u00f3rico romano, exhibiendo arquitectura cl\u00e1sica, antig\u00fcedad y la conservaci\u00f3n de restos culturales en buen estado.<\/figcaption><\/figure><\/div><div class=\"swiper-slide\" role=\"group\" aria-roledescription=\"slide\" aria-label=\"5 de 7\"><figure class=\"swiper-slide-inner\"><img decoding=\"async\" class=\"swiper-slide-image\" src=\"https:\/\/soymigrante.com\/revista\/wp-content\/uploads\/2025\/03\/ruinas-santa-teresa-antigua-4-768x1024.jpg\" alt=\"Escultura de piedra con motivos culturales e hist\u00f3ricos, representando figuras ancestrales y s\u00edmbolos tradicionales de cultura mexicana. Ideal para art\u00edculos sobre patrimonio, historia y arte en M\u00e9xico.\" \/><figcaption class=\"elementor-image-carousel-caption\">Escultura en piedra que representa figuras culturales de M\u00e9xico, reflejando la historia y tradici\u00f3n del pa\u00eds, perfecta para contenido relacionado con patrimonio, arte y cultura mexicana en la revista SoyMigrante.<\/figcaption><\/figure><\/div><div class=\"swiper-slide\" role=\"group\" aria-roledescription=\"slide\" aria-label=\"6 de 7\"><figure class=\"swiper-slide-inner\"><img decoding=\"async\" class=\"swiper-slide-image\" src=\"https:\/\/soymigrante.com\/revista\/wp-content\/uploads\/2025\/03\/ruinas-santa-teresa-antigua-7-768x1024.jpg\" alt=\"T\u00e9cnica escult\u00f3rica de piedra con figura infantil en un rinc\u00f3n de muro r\u00fastico, representando la cultura y arte tradicional mexicana en revista SoyMigrante.\" \/><figcaption class=\"elementor-image-carousel-caption\">Escultura de piedra con figura infantil, cl\u00e1sica y art\u00edstica, para cultura mexicana y migrante en revista SoyMigrante.<\/figcaption><\/figure><\/div><div class=\"swiper-slide\" role=\"group\" aria-roledescription=\"slide\" aria-label=\"7 de 7\"><figure class=\"swiper-slide-inner\"><img decoding=\"async\" class=\"swiper-slide-image\" src=\"https:\/\/soymigrante.com\/revista\/wp-content\/uploads\/2025\/03\/ruinas-santa-teresa-antigua-9-768x1024.jpg\" alt=\"Calidad de vida de migrantes en M\u00e9xico, cultura y tradiciones en la comunidad, historia y patrimonio en la revista SoyMigrante.com.\" \/><figcaption class=\"elementor-image-carousel-caption\">Antigua plaza con fuente central y arquitectura colonial en un pueblo mexicano.<\/figcaption><\/figure><\/div>\t\t\t<\/div>\n\t\t\t\t\t\t\t\t\t\t\t\t<div class=\"elementor-swiper-button elementor-swiper-button-prev\" role=\"button\" tabindex=\"0\">\n\t\t\t\t\t\t<i aria-hidden=\"true\" class=\"eicon-chevron-left\"><\/i>\t\t\t\t\t<\/div>\n\t\t\t\t\t<div class=\"elementor-swiper-button elementor-swiper-button-next\" role=\"button\" tabindex=\"0\">\n\t\t\t\t\t\t<i aria-hidden=\"true\" class=\"eicon-chevron-right\"><\/i>\t\t\t\t\t<\/div>\n\t\t\t\t\n\t\t\t\t\t\t\t\t\t<div class=\"swiper-pagination\"><\/div>\n\t\t\t\t\t\t\t\t\t<\/div>\n\t\t\t\t\t\t<\/div>\n\t\t\t\t\t<\/div>\n\t\t\t\t<\/div>\n\t\t<div data-particle_enable=\"false\" data-particle-mobile-disabled=\"false\" class=\"elementor-element elementor-element-d74b627 e-flex e-con-boxed e-con e-parent\" data-id=\"d74b627\" data-element_type=\"container\" data-e-type=\"container\">\n\t\t\t\t\t<div class=\"e-con-inner\">\n\t\t\t\t<div class=\"elementor-element elementor-element-62c3a56 elementor-widget elementor-widget-heading\" data-id=\"62c3a56\" data-element_type=\"widget\" data-e-type=\"widget\" data-widget_type=\"heading.default\">\n\t\t\t\t\t<h3 class=\"elementor-heading-title elementor-size-default\">Abandonado y despu\u00e9s reutilizado <\/h3>\t\t\t\t<\/div>\n\t\t\t\t\t<\/div>\n\t\t\t\t<\/div>\n\t\t<div data-particle_enable=\"false\" data-particle-mobile-disabled=\"false\" class=\"elementor-element elementor-element-3ef5e06 e-con-full e-flex e-con e-parent\" data-id=\"3ef5e06\" data-element_type=\"container\" data-e-type=\"container\">\n\t\t\t\t<div class=\"elementor-element elementor-element-0b5b18c elementor-widget elementor-widget-text-editor\" data-id=\"0b5b18c\" data-element_type=\"widget\" data-e-type=\"widget\" data-widget_type=\"text-editor.default\">\n\t\t\t\t\t\t\t\t\t<p>En 1775 se decret\u00f3 el abandono de la capital en el Valle de Panchoy para trasladarla a su actual ubicaci\u00f3n en el Valle de la Ermita o de la Virgen. Los Conventos en ruinas tambi\u00e9n se trasladaron, incluyendo el de las Carmelitas Descalzas.\u00a0<span style=\"color: var( --e-global-color-text ); text-align: var(--text-align);\">Sin embargo, la historia del monumento no termin\u00f3 all\u00ed, ya que, con el paso del tiempo se le dieron otros usos que no correspond\u00edan a su destino original.<\/span><\/p><p><span style=\"color: var( --e-global-color-text ); text-align: var(--text-align);\">Uno de los usos m\u00e1s documentados de este espacio fue su conversi\u00f3n en una f\u00e1brica de vino. Seg\u00fan consta en un documento del Archivo Municipal de 1906, el edificio fue subarrendado a Don Luis Morales, quien instal\u00f3 su f\u00e1brica de vino de fresa en cinco de las habitaciones del convento.\u00a0<\/span><\/p>\t\t\t\t\t\t\t\t<\/div>\n\t\t\t\t<\/div>\n\t\t<div data-particle_enable=\"false\" data-particle-mobile-disabled=\"false\" class=\"elementor-element elementor-element-dd8b18d e-flex e-con-boxed e-con e-parent\" data-id=\"dd8b18d\" data-element_type=\"container\" data-e-type=\"container\">\n\t\t\t\t\t<div class=\"e-con-inner\">\n\t\t\t\t<div class=\"elementor-element elementor-element-0ee1cbf elementor-widget elementor-widget-image\" data-id=\"0ee1cbf\" data-element_type=\"widget\" data-e-type=\"widget\" data-widget_type=\"image.default\">\n\t\t\t\t\t\t\t\t\t\t\t\t<figure class=\"wp-caption\">\n\t\t\t\t\t\t\t\t\t\t<img decoding=\"async\" width=\"768\" height=\"1024\" src=\"https:\/\/soymigrante.com\/revista\/wp-content\/uploads\/2025\/03\/convento-santa-teresa-antigua-8-768x1024.jpg\" class=\"attachment-large size-large wp-image-27878\" alt=\"Fuente de agua en una plaza, con arquitectura colonial y puertas de madera en el fondo, en un entorno de historia y cultura.\" srcset=\"https:\/\/soymigrante.com\/revista\/wp-content\/uploads\/2025\/03\/convento-santa-teresa-antigua-8-768x1024.jpg 768w, https:\/\/soymigrante.com\/revista\/wp-content\/uploads\/2025\/03\/convento-santa-teresa-antigua-8-225x300.jpg 225w, https:\/\/soymigrante.com\/revista\/wp-content\/uploads\/2025\/03\/convento-santa-teresa-antigua-8-1152x1536.jpg 1152w, https:\/\/soymigrante.com\/revista\/wp-content\/uploads\/2025\/03\/convento-santa-teresa-antigua-8-750x1000.webp 750w, https:\/\/soymigrante.com\/revista\/wp-content\/uploads\/2025\/03\/convento-santa-teresa-antigua-8-1140x1520.webp 1140w, https:\/\/soymigrante.com\/revista\/wp-content\/uploads\/2025\/03\/convento-santa-teresa-antigua-8-rotated.webp 1200w\" sizes=\"(max-width: 768px) 100vw, 768px\" title=\"Al admirar la belleza arquitect\u00f3nica y la serenidad de esta joya antig\u00fce\u00f1a se hace dif\u00edcil creer que haya sido empleada como c\u00e1rcel por m\u00e1s de 50 a\u00f1os, con los consiguientes impactos y da\u00f1os en sus muros. (Foto Gustavo Montenegro) \u2013 SoyMigrante.com REVISTA\" \/>\t\t\t\t\t\t\t\t\t\t\t<figcaption class=\"widget-image-caption wp-caption-text\">Fuente de agua en un ambiente colonial, con estructuras antiguas y puertas de madera, que reflejan la historia y cultura del lugar.<\/figcaption>\n\t\t\t\t\t\t\t\t\t\t<\/figure>\n\t\t\t\t\t\t\t\t\t<\/div>\n\t\t\t\t\t<\/div>\n\t\t\t\t<\/div>\n\t\t<div data-particle_enable=\"false\" data-particle-mobile-disabled=\"false\" class=\"elementor-element elementor-element-82aebcd e-flex e-con-boxed e-con e-parent\" data-id=\"82aebcd\" data-element_type=\"container\" data-e-type=\"container\">\n\t\t\t\t\t<div class=\"e-con-inner\">\n\t\t\t\t<div class=\"elementor-element elementor-element-d341ad9 elementor-widget elementor-widget-heading\" data-id=\"d341ad9\" data-element_type=\"widget\" data-e-type=\"widget\" data-widget_type=\"heading.default\">\n\t\t\t\t\t<h3 class=\"elementor-heading-title elementor-size-default\">Tambi\u00e9n se us\u00f3 para secar caf\u00e9<\/h3>\t\t\t\t<\/div>\n\t\t\t\t\t<\/div>\n\t\t\t\t<\/div>\n\t\t<div data-particle_enable=\"false\" data-particle-mobile-disabled=\"false\" class=\"elementor-element elementor-element-a9771f2 e-flex e-con-boxed e-con e-parent\" data-id=\"a9771f2\" data-element_type=\"container\" data-e-type=\"container\">\n\t\t\t\t\t<div class=\"e-con-inner\">\n\t\t\t\t<div class=\"elementor-element elementor-element-70582aa elementor-widget elementor-widget-text-editor\" data-id=\"70582aa\" data-element_type=\"widget\" data-e-type=\"widget\" data-widget_type=\"text-editor.default\">\n\t\t\t\t\t\t\t\t\t<p><span style=\"color: var( --e-global-color-text ); text-align: var(--text-align);\">Otro uso fue utilizar sus patios y terrazas sobrevivientes como espacio para el secado de caf\u00e9. A trav\u00e9s del an\u00e1lisis arqueol\u00f3gico realizado en el lugar, se ha podido identificar que, especialmente en la segunda planta, se crearon canales y bajantes de agua con argamasa y ladrillos para canalizar el exceso de agua dentro de las columnas que delimitan el patio.\u00a0 \u00a0<\/span><\/p><p>Este tipo de estructura es caracter\u00edstica de otros monumentos de la ciudad, como el convento de las Capuchinas y la Compa\u00f1\u00eda de Jes\u00fas, lo que sugiere que el convento fue utilizado como espacio para tender y secar caf\u00e9, aprovechando la exposici\u00f3n al sol en esos ambientes.\u00a0<\/p>\t\t\t\t\t\t\t\t<\/div>\n\t\t\t\t\t<\/div>\n\t\t\t\t<\/div>\n\t\t<div data-particle_enable=\"false\" data-particle-mobile-disabled=\"false\" class=\"elementor-element elementor-element-2692377 e-flex e-con-boxed e-con e-parent\" data-id=\"2692377\" data-element_type=\"container\" data-e-type=\"container\">\n\t\t\t\t\t<div class=\"e-con-inner\">\n\t\t\t\t<div class=\"elementor-element elementor-element-199bab2 elementor-widget elementor-widget-image\" data-id=\"199bab2\" data-element_type=\"widget\" data-e-type=\"widget\" data-widget_type=\"image.default\">\n\t\t\t\t\t\t\t\t\t\t\t\t<figure class=\"wp-caption\">\n\t\t\t\t\t\t\t\t\t\t<img loading=\"lazy\" decoding=\"async\" width=\"1024\" height=\"768\" src=\"https:\/\/soymigrante.com\/revista\/wp-content\/uploads\/2025\/03\/convento-santa-teresa-antigua-6-1024x768.jpg\" class=\"attachment-large size-large wp-image-27879\" alt=\"Antigua se\u00f1al de un presidio en Guatemala, en un lugar en construcci\u00f3n con bloques de cemento y paredes de adobe.\" srcset=\"https:\/\/soymigrante.com\/revista\/wp-content\/uploads\/2025\/03\/convento-santa-teresa-antigua-6-1024x768.jpg 1024w, https:\/\/soymigrante.com\/revista\/wp-content\/uploads\/2025\/03\/convento-santa-teresa-antigua-6-300x225.jpg 300w, https:\/\/soymigrante.com\/revista\/wp-content\/uploads\/2025\/03\/convento-santa-teresa-antigua-6-768x576.jpg 768w, https:\/\/soymigrante.com\/revista\/wp-content\/uploads\/2025\/03\/convento-santa-teresa-antigua-6-1536x1152.jpg 1536w, https:\/\/soymigrante.com\/revista\/wp-content\/uploads\/2025\/03\/convento-santa-teresa-antigua-6-750x563.webp 750w, https:\/\/soymigrante.com\/revista\/wp-content\/uploads\/2025\/03\/convento-santa-teresa-antigua-6-1140x855.webp 1140w, https:\/\/soymigrante.com\/revista\/wp-content\/uploads\/2025\/03\/convento-santa-teresa-antigua-6.webp 1600w\" sizes=\"(max-width: 1024px) 100vw, 1024px\" title=\"conventoLa prisi\u00f3n ya solo es un recuerdo. El proceso de restauraci\u00f3n sigue en marcha a cargo del Consejo Nacional para la Protecci\u00f3n de Antigua Guatemala (Foto Gustavo Montenegro) santa teresa antigua 6 \u2013 SoyMigrante.com REVISTA\" \/>\t\t\t\t\t\t\t\t\t\t\t<figcaption class=\"widget-image-caption wp-caption-text\">Presidio en Guatemala, historia del antiguo penal en construcci\u00f3n, muestra de un espacio hist\u00f3rico y cultural en proceso de restauraci\u00f3n o protecci\u00f3n.<\/figcaption>\n\t\t\t\t\t\t\t\t\t\t<\/figure>\n\t\t\t\t\t\t\t\t\t<\/div>\n\t\t\t\t\t<\/div>\n\t\t\t\t<\/div>\n\t\t<div data-particle_enable=\"false\" data-particle-mobile-disabled=\"false\" class=\"elementor-element elementor-element-409cce0 e-flex e-con-boxed e-con e-parent\" data-id=\"409cce0\" data-element_type=\"container\" data-e-type=\"container\">\n\t\t\t\t\t<div class=\"e-con-inner\">\n\t\t\t\t<div class=\"elementor-element elementor-element-74e4f75 elementor-widget elementor-widget-text-editor\" data-id=\"74e4f75\" data-element_type=\"widget\" data-e-type=\"widget\" data-widget_type=\"text-editor.default\">\n\t\t\t\t\t\t\t\t\t<p>A partir de 1945 el Convento de Santa Teresa fue utilizado primero como prisi\u00f3n de mujeres y en la d\u00e9cada 1950 fue convertido en prisi\u00f3n departamental de hombres. El impacto de esta utilizaci\u00f3n todav\u00eda se puede notar pues existen rastros de las \u00e1reas divididas con muros o barrotes para formar las celdas. Fue m\u00e1s de medio siglo el tiempo que dur\u00f3 esta joya tricentenaria como c\u00e1rcel.\u00a0<\/p><p>En 2008 se traslad\u00f3 la c\u00e1rcel a otro lugar y comenz\u00f3 el lento pero paulatino trabajo de recuperaci\u00f3n de esta joya colonial que en 2025 cumple 338 a\u00f1os. L<span style=\"font-family: Roboto, sans-serif; font-size: 16px; font-style: normal; font-variant-ligatures: normal; font-variant-caps: normal; font-weight: 400; color: var( --e-global-color-text ); text-align: var(--text-align);\">os rastros coloniales sobreviven.\u00a0<\/span><span style=\"font-family: Roboto, sans-serif; font-size: 16px; font-style: normal; font-variant-ligatures: normal; font-variant-caps: normal; font-weight: 400; color: var( --e-global-color-text ); text-align: var(--text-align);\">El an\u00e1lisis de los pisos originales de\u00a0 las celdas de las religiosas, permiti\u00f3 comprobar que eran de barro cocido, con entre 5 y 10 cent\u00edmetros de espesor.\u00a0<\/span><\/p><p style=\"font-style: normal; font-variant-ligatures: normal; font-variant-caps: normal; font-weight: 400; font-size: 16px; font-family: Roboto, sans-serif;\"><span style=\"color: var( --e-global-color-text ); text-align: var(--text-align);\">En la nave del antiguo templo de Santa Teresa, se descubri\u00f3 una cripta donde sepultaban a las religiosas. Sin embargo, la excavaci\u00f3n fue detenida para evitar el colapso de la b\u00f3veda.\u00a0<\/span><\/p><p style=\"font-style: normal; font-variant-ligatures: normal; font-variant-caps: normal; font-weight: 400; font-size: 16px; font-family: Roboto, sans-serif;\"><span style=\"color: var( --e-global-color-text ); text-align: var(--text-align);\">Al caminar por los corredores, patios y ambientes del convento a\u00fan se puede sentir a pesar de todo el aire m\u00edstico que alguna vez llen\u00f3 sus ambientes de oraci\u00f3n y fe.<\/span><\/p>\t\t\t\t\t\t\t\t<\/div>\n\t\t\t\t\t<\/div>\n\t\t\t\t<\/div>\n\t\t<div data-particle_enable=\"false\" data-particle-mobile-disabled=\"false\" class=\"elementor-element elementor-element-8d1ef84 e-flex e-con-boxed e-con e-parent\" data-id=\"8d1ef84\" data-element_type=\"container\" data-e-type=\"container\">\n\t\t\t\t\t<div class=\"e-con-inner\">\n\t\t\t\t<div class=\"elementor-element elementor-element-e750efb elementor-widget elementor-widget-google_maps\" data-id=\"e750efb\" data-element_type=\"widget\" data-e-type=\"widget\" data-widget_type=\"google_maps.default\">\n\t\t\t\t\t\t\t<div class=\"elementor-custom-embed\">\n\t\t\t<iframe loading=\"lazy\"\n\t\t\t\t\tsrc=\"https:\/\/maps.google.com\/maps?q=Ruinas%20de%20Santa%20Teresa%20Antigua%20Guatemala&#038;t=m&#038;z=10&#038;output=embed&#038;iwloc=near\"\n\t\t\t\t\ttitle=\"Ruinas de Santa Teresa Antigua Guatemala\"\n\t\t\t\t\taria-label=\"Ruinas de Santa Teresa Antigua Guatemala\"\n\t\t\t><\/iframe>\n\t\t<\/div>\n\t\t\t\t\t\t<\/div>\n\t\t\t\t\t<\/div>\n\t\t\t\t<\/div>\n\t\t<div data-particle_enable=\"false\" data-particle-mobile-disabled=\"false\" class=\"elementor-element elementor-element-7ce5e3b e-flex e-con-boxed e-con e-parent\" data-id=\"7ce5e3b\" data-element_type=\"container\" data-e-type=\"container\">\n\t\t\t\t\t<div class=\"e-con-inner\">\n\t\t\t\t<div class=\"elementor-element elementor-element-bd4972e elementor-widget elementor-widget-heading\" data-id=\"bd4972e\" data-element_type=\"widget\" data-e-type=\"widget\" data-widget_type=\"heading.default\">\n\t\t\t\t\t<h2 class=\"elementor-heading-title elementor-size-default\">Es que Antigua Guatemala es siempre fascinante \u00bfverdad que s\u00ed?<\/h2>\t\t\t\t<\/div>\n\t\t\t\t\t<\/div>\n\t\t\t\t<\/div>\n\t\t<div data-particle_enable=\"false\" data-particle-mobile-disabled=\"false\" class=\"elementor-element elementor-element-ebcf1c4 e-flex e-con-boxed e-con e-parent\" data-id=\"ebcf1c4\" data-element_type=\"container\" data-e-type=\"container\">\n\t\t\t\t\t<div class=\"e-con-inner\">\n\t\t\t\t<div class=\"elementor-element elementor-element-01f4ebd elementor-grid-eael-col-3 elementor-grid-tablet-eael-col-2 elementor-grid-mobile-eael-col-1 elementor-widget elementor-widget-eael-post-grid\" data-id=\"01f4ebd\" data-element_type=\"widget\" data-e-type=\"widget\" data-settings=\"{&quot;eael_post_grid_columns&quot;:&quot;eael-col-3&quot;,&quot;eael_post_grid_columns_tablet&quot;:&quot;eael-col-2&quot;,&quot;eael_post_grid_columns_mobile&quot;:&quot;eael-col-1&quot;}\" data-widget_type=\"eael-post-grid.default\">\n\t\t\t\t\t<div id=\"eael-post-grid-01f4ebd\" class=\"eael-post-grid-container\">\n            <div class=\"eael-post-grid eael-post-appender eael-post-appender-01f4ebd eael-post-grid-style-one\" data-layout-mode=\"masonry\"><article class=\"eael-grid-post  eael-post-grid-column eael-pg-post-5538 category-arte-cultura-guate-nuestra tags-joyas-de-antigua-guatemala\" data-id=\"5538\">\n        <div class=\"eael-grid-post-holder\">\n            <div class=\"eael-grid-post-holder-inner\"><div class=\"eael-entry-media\"><div class=\"eael-entry-overlay fade-in\"><i class=\"far fa-hand-pointer\" aria-hidden=\"true\"><\/i><a href=\"https:\/\/soymigrante.com\/revista\/antigua-guatemala-arco-de-santa-catalina-tesoro-colonial-patrimonio\/\"><\/a><\/div><div class=\"eael-entry-thumbnail \">\n                <img loading=\"lazy\" decoding=\"async\" width=\"1024\" height=\"760\" src=\"https:\/\/soymigrante.com\/revista\/wp-content\/uploads\/2024\/03\/copia-copia-1024x760.webp\" class=\"attachment-large size-large wp-image-5539\" alt=\"Arco de Santa Catalina cumple 330 a\u00f1os en 2024, se encuentra en Antigua Guatemala, ciudad colonial Patrimonio de la Humanidad.\" srcset=\"https:\/\/soymigrante.com\/revista\/wp-content\/uploads\/2024\/03\/copia-copia-1024x760.webp 1024w, https:\/\/soymigrante.com\/revista\/wp-content\/uploads\/2024\/03\/copia-copia-300x223.webp 300w, https:\/\/soymigrante.com\/revista\/wp-content\/uploads\/2024\/03\/copia-copia-768x570.webp 768w, https:\/\/soymigrante.com\/revista\/wp-content\/uploads\/2024\/03\/copia-copia-750x557.webp 750w, https:\/\/soymigrante.com\/revista\/wp-content\/uploads\/2024\/03\/copia-copia.webp 1048w\" sizes=\"(max-width: 1024px) 100vw, 1024px\" \/>\n            <\/div>\n        <\/div><div class=\"eael-entry-wrapper\"><header class=\"eael-entry-header\"><h2 class=\"eael-entry-title\"><a class=\"eael-grid-post-link\" href=\"https:\/\/soymigrante.com\/revista\/antigua-guatemala-arco-de-santa-catalina-tesoro-colonial-patrimonio\/\" title=\"Joyas de Antigua Guatemala: \u00bfCu\u00e1ndo se construy\u00f3 el ic\u00f3nico Arco de Santa Catalina y por qu\u00e9?\">Joyas de Antigua Guatemala: \u00bfCu\u00e1ndo se construy\u00f3 el ic\u00f3nico Arco de Santa Catalina y por qu\u00e9?<\/a><\/h2><\/header><div class=\"eael-entry-content\">\n                        <div class=\"eael-grid-post-excerpt\"><a href=\"https:\/\/soymigrante.com\/revista\/antigua-guatemala-arco-de-santa-catalina-tesoro-colonial-patrimonio\/\" class=\"eael-post-elements-readmore-btn\">CONOCE SU HISTORIA <\/a><\/div>\n                    <\/div><\/div><\/div>\n        <\/div>\n    <\/article><article class=\"eael-grid-post  eael-post-grid-column eael-pg-post-5664 category-arte-cultura-guate-nuestra tags-joyas-de-antigua-guatemala\" data-id=\"5664\">\n        <div class=\"eael-grid-post-holder\">\n            <div class=\"eael-grid-post-holder-inner\"><div class=\"eael-entry-media\"><div class=\"eael-entry-overlay fade-in\"><i class=\"far fa-hand-pointer\" aria-hidden=\"true\"><\/i><a href=\"https:\/\/soymigrante.com\/revista\/joyas-de-antigua-guatemala-7-datos-de-las-ruinas-de-santa-clara\/\"><\/a><\/div><div class=\"eael-entry-thumbnail \">\n                <img loading=\"lazy\" decoding=\"async\" width=\"888\" height=\"660\" src=\"https:\/\/soymigrante.com\/revista\/wp-content\/uploads\/2024\/03\/Captura-de-pantalla-2024-03-28-144931.webp\" class=\"attachment-large size-large wp-image-5672\" alt=\"\u00c1ngeles flanquean los lados del atrio interior de Santa Clara. N\u00f3tese el estilo de las columnas a los lados, de tipo serliano. Por eso este frontispicio es una de las mejores muestras del barroco guatemalteco.\" srcset=\"https:\/\/soymigrante.com\/revista\/wp-content\/uploads\/2024\/03\/Captura-de-pantalla-2024-03-28-144931.webp 888w, https:\/\/soymigrante.com\/revista\/wp-content\/uploads\/2024\/03\/Captura-de-pantalla-2024-03-28-144931-300x223.webp 300w, https:\/\/soymigrante.com\/revista\/wp-content\/uploads\/2024\/03\/Captura-de-pantalla-2024-03-28-144931-768x571.webp 768w, https:\/\/soymigrante.com\/revista\/wp-content\/uploads\/2024\/03\/Captura-de-pantalla-2024-03-28-144931-750x557.webp 750w\" sizes=\"(max-width: 888px) 100vw, 888px\" \/>\n            <\/div>\n        <\/div><div class=\"eael-entry-wrapper\"><header class=\"eael-entry-header\"><h2 class=\"eael-entry-title\"><a class=\"eael-grid-post-link\" href=\"https:\/\/soymigrante.com\/revista\/joyas-de-antigua-guatemala-7-datos-de-las-ruinas-de-santa-clara\/\" title=\"Joyas de Antigua Guatemala: 7 datos de las ruinas del convento de Santa Clara\">Joyas de Antigua Guatemala: 7 datos de las ruinas del convento de Santa Clara<\/a><\/h2><\/header><div class=\"eael-entry-content\">\n                        <div class=\"eael-grid-post-excerpt\"><a href=\"https:\/\/soymigrante.com\/revista\/joyas-de-antigua-guatemala-7-datos-de-las-ruinas-de-santa-clara\/\" class=\"eael-post-elements-readmore-btn\">CONOCE SU HISTORIA <\/a><\/div>\n                    <\/div><\/div><\/div>\n        <\/div>\n    <\/article><article class=\"eael-grid-post  eael-post-grid-column eael-pg-post-6872 category-guate-nuestra\" data-id=\"6872\">\n        <div class=\"eael-grid-post-holder\">\n            <div class=\"eael-grid-post-holder-inner\"><div class=\"eael-entry-media\"><div class=\"eael-entry-overlay fade-in\"><i class=\"far fa-hand-pointer\" aria-hidden=\"true\"><\/i><a href=\"https:\/\/soymigrante.com\/revista\/un-domingo-cualquiera-es-especial-en-la-antigua-guatemala\/\"><\/a><\/div><div class=\"eael-entry-thumbnail \">\n                <img loading=\"lazy\" decoding=\"async\" width=\"798\" height=\"798\" src=\"https:\/\/soymigrante.com\/revista\/wp-content\/uploads\/2024\/06\/antigua-guatemala.webp\" class=\"attachment-large size-large wp-image-6873\" alt=\"Bast\u00f3n de algod\u00f3n de az\u00facar multicolor en el parque, rodeado de personas disfrutando del evento y la feria, s\u00edmbolo tradicional de dulzura y celebraciones populares en M\u00e9xico.\" srcset=\"https:\/\/soymigrante.com\/revista\/wp-content\/uploads\/2024\/06\/antigua-guatemala.webp 798w, https:\/\/soymigrante.com\/revista\/wp-content\/uploads\/2024\/06\/antigua-guatemala-300x300.webp 300w, https:\/\/soymigrante.com\/revista\/wp-content\/uploads\/2024\/06\/antigua-guatemala-150x150.webp 150w, https:\/\/soymigrante.com\/revista\/wp-content\/uploads\/2024\/06\/antigua-guatemala-768x768.webp 768w, https:\/\/soymigrante.com\/revista\/wp-content\/uploads\/2024\/06\/antigua-guatemala-75x75.webp 75w, https:\/\/soymigrante.com\/revista\/wp-content\/uploads\/2024\/06\/antigua-guatemala-750x750.webp 750w\" sizes=\"(max-width: 798px) 100vw, 798px\" \/>\n            <\/div>\n        <\/div><div class=\"eael-entry-wrapper\"><header class=\"eael-entry-header\"><h2 class=\"eael-entry-title\"><a class=\"eael-grid-post-link\" href=\"https:\/\/soymigrante.com\/revista\/un-domingo-cualquiera-es-especial-en-la-antigua-guatemala\/\" title=\"Un domingo cualquiera es tan especial en La Antigua Guatemala\">Un domingo cualquiera es tan especial en La Antigua Guatemala<\/a><\/h2><\/header><div class=\"eael-entry-content\">\n                        <div class=\"eael-grid-post-excerpt\"><a href=\"https:\/\/soymigrante.com\/revista\/un-domingo-cualquiera-es-especial-en-la-antigua-guatemala\/\" class=\"eael-post-elements-readmore-btn\">CONOCE SU HISTORIA <\/a><\/div>\n                    <\/div><\/div><\/div>\n        <\/div>\n    <\/article><\/div>\n            <div class=\"clearfix\"><\/div>\n        <\/div>\t\t\t\t<\/div>\n\t\t\t\t\t<\/div>\n\t\t\t\t<\/div>\n\t\t\t\t<\/div>\n\t\t","protected":false},"excerpt":{"rendered":"<p>El Convento de las Carmelitas Descalzas de Santa Teresa de Jes\u00fas est\u00e1 en trabajos de restauraci\u00f3n pero \u00bfsab\u00edas que alguna vez fue presidio departamental de Sacatep\u00e9quez? Y no solo eso, tambi\u00e9n fue f\u00e1brica de vinos. El Convento de las Monjas Carmelitas de Santa Teresa de Jes\u00fas fue fundado en el siglo XVII en Antigua Guatemala [&hellip;]<\/p>\n","protected":false},"author":7,"featured_media":27888,"comment_status":"open","ping_status":"open","sticky":false,"template":"","format":"standard","meta":{"_acf_changed":false,"_eb_attr":"","footnotes":""},"categories":[91,58],"tags":[288],"class_list":["post-27854","post","type-post","status-publish","format-standard","has-post-thumbnail","hentry","category-arte-cultura","category-guate-nuestra","tag-joyas-de-antigua-guatemala"],"acf":[],"aioseo_notices":[],"aioseo_head":"\n\t\t<!-- All in One SEO Pro 4.9.6.2 - aioseo.com -->\n\t<meta name=\"description\" content=\"Todos los d\u00edas son perfectos en La Antigua Guatemala. Instantes, y pensamientos salen de las piedras y detras; la ciudad colonial es tambi\u00e9n moderna y casual.\" \/>\n\t<meta name=\"robots\" content=\"max-snippet:-1, max-image-preview:large, max-video-preview:-1\" \/>\n\t<meta name=\"author\" content=\"Gustavo Montenegro\"\/>\n\t<link rel=\"canonical\" href=\"https:\/\/soymigrante.com\/revista\/un-domingo-cualquiera-es-especial-en-la-antigua-guatemala\/\" \/>\n\t<meta name=\"generator\" content=\"All in One SEO Pro (AIOSEO) 4.9.6.2\" \/>\n\n\t\t<link rel=\"preconnect\" href=\"https:\/\/fonts.googleapis.com\" crossorigin>\n<link rel=\"preconnect\" href=\"https:\/\/fonts.gstatic.com\" crossorigin>\n\t\t<meta property=\"og:locale\" content=\"es_ES\" \/>\n\t\t<meta property=\"og:site_name\" content=\"SoyMigrante.com REVISTA \u2013 Nuestra misi\u00f3n es reconocer y dignificar al migrante.\" \/>\n\t\t<meta property=\"og:type\" content=\"article\" \/>\n\t\t<meta property=\"og:title\" content=\"Un domingo cualquiera es tan especial en La Antigua Guatemala\" \/>\n\t\t<meta property=\"og:description\" content=\"Todos los d\u00edas son perfectos en La Antigua Guatemala. Instantes, y pensamientos salen de las piedras y detras; la ciudad colonial es tambi\u00e9n moderna y casual.\" \/>\n\t\t<meta property=\"og:url\" content=\"https:\/\/soymigrante.com\/revista\/un-domingo-cualquiera-es-especial-en-la-antigua-guatemala\/\" \/>\n\t\t<meta property=\"og:image\" content=\"https:\/\/soymigrante.com\/revista\/wp-content\/uploads\/2024\/06\/antigua-guatemala.webp\" \/>\n\t\t<meta property=\"og:image:secure_url\" content=\"https:\/\/soymigrante.com\/revista\/wp-content\/uploads\/2024\/06\/antigua-guatemala.webp\" \/>\n\t\t<meta property=\"og:image:width\" content=\"798\" \/>\n\t\t<meta property=\"og:image:height\" content=\"798\" \/>\n\t\t<meta property=\"article:published_time\" content=\"2024-06-07T23:35:58+00:00\" \/>\n\t\t<meta property=\"article:modified_time\" content=\"2024-07-27T10:29:41+00:00\" \/>\n\t\t<meta property=\"article:publisher\" content=\"https:\/\/www.facebook.com\/soymigrantecom\" \/>\n\t\t<meta name=\"twitter:card\" content=\"summary_large_image\" \/>\n\t\t<meta name=\"twitter:site\" content=\"@SoyMigrante_com\" \/>\n\t\t<meta name=\"twitter:title\" content=\"Un domingo cualquiera es tan especial en La Antigua Guatemala\" \/>\n\t\t<meta name=\"twitter:description\" content=\"Todos los d\u00edas son perfectos en La Antigua Guatemala. Instantes, y pensamientos salen de las piedras y detras; la ciudad colonial es tambi\u00e9n moderna y casual.\" \/>\n\t\t<meta name=\"twitter:creator\" content=\"@SoyMigrante_com\" \/>\n\t\t<meta name=\"twitter:image\" content=\"https:\/\/soymigrante.com\/revista\/wp-content\/uploads\/2024\/06\/antigua-guatemala.webp\" \/>\n\t\t<!-- All in One SEO Pro -->\r\n\t\t<title>Un domingo cualquiera es tan especial en La Antigua Guatemala<\/title>\n\n","aioseo_head_json":{"title":"Un domingo cualquiera es tan especial en La Antigua Guatemala","description":"Todos los d\u00edas son perfectos en La Antigua Guatemala. Instantes, y pensamientos salen de las piedras y detras; la ciudad colonial es tambi\u00e9n moderna y casual.","canonical_url":"https:\/\/soymigrante.com\/revista\/un-domingo-cualquiera-es-especial-en-la-antigua-guatemala\/","robots":"max-snippet:-1, max-image-preview:large, max-video-preview:-1","keywords":"","webmasterTools":{"miscellaneous":"&lt;link rel=\"preconnect\" href=\"https:\/\/fonts.googleapis.com\" crossorigin&gt;\n&lt;link rel=\"preconnect\" href=\"https:\/\/fonts.gstatic.com\" crossorigin&gt;"},"schema":null,"og:locale":"es_ES","og:site_name":"SoyMigrante.com REVISTA \u2013 Nuestra misi\u00f3n es reconocer y dignificar al migrante.","og:type":"article","og:title":"Un domingo cualquiera es tan especial en La Antigua Guatemala","og:description":"Todos los d\u00edas son perfectos en La Antigua Guatemala. Instantes, y pensamientos salen de las piedras y detras; la ciudad colonial es tambi\u00e9n moderna y casual.","og:url":"https:\/\/soymigrante.com\/revista\/un-domingo-cualquiera-es-especial-en-la-antigua-guatemala\/","og:image":"https:\/\/soymigrante.com\/revista\/wp-content\/uploads\/2024\/06\/antigua-guatemala.webp","og:image:secure_url":"https:\/\/soymigrante.com\/revista\/wp-content\/uploads\/2024\/06\/antigua-guatemala.webp","og:image:width":798,"og:image:height":798,"article:published_time":"2024-06-07T23:35:58+00:00","article:modified_time":"2024-07-27T10:29:41+00:00","article:publisher":"https:\/\/www.facebook.com\/soymigrantecom","twitter:card":"summary_large_image","twitter:site":"@SoyMigrante_com","twitter:title":"Un domingo cualquiera es tan especial en La Antigua Guatemala","twitter:description":"Todos los d\u00edas son perfectos en La Antigua Guatemala. Instantes, y pensamientos salen de las piedras y detras; la ciudad colonial es tambi\u00e9n moderna y casual.","twitter:creator":"@SoyMigrante_com","twitter:image":"https:\/\/soymigrante.com\/revista\/wp-content\/uploads\/2024\/06\/antigua-guatemala.webp"},"aioseo_meta_data":{"post_id":"27854","title":"El convento colonial de Antigua Guatemala que fue c\u00e1rcel","description":"El Convento de Santa Teresa en Antigua Guatemala se encuentra a\u00fan en trabajos de restauraci\u00f3n; Hasta 2008 se us\u00f3 como prisi\u00f3n departamental de hombres.","keywords":null,"keyphrases":{"focus":{"keyphrase":"Antigua Guatemala","score":100,"analysis":{"keyphraseInTitle":{"score":9,"maxScore":9,"error":0},"keyphraseInDescription":{"score":9,"maxScore":9,"error":0},"keyphraseLength":{"score":9,"maxScore":9,"error":0,"length":2},"keyphraseInURL":{"score":5,"maxScore":5,"error":0},"keyphraseInIntroduction":{"score":9,"maxScore":9,"error":0},"keyphraseInSubHeadings":{"score":9,"maxScore":9,"error":0},"keyphraseInImageAlt":{"score":9,"maxScore":9,"error":0},"keywordDensity":{"type":"best","score":9,"maxScore":9,"error":0}}},"additional":[{"keyphrase":"Convento","score":100,"analysis":{"keyphraseInDescription":{"score":9,"maxScore":9,"error":0},"keyphraseLength":{"score":9,"maxScore":9,"error":0,"length":1},"keyphraseInIntroduction":{"score":9,"maxScore":9,"error":0},"keyphraseInImageAlt":{"score":9,"maxScore":9,"error":0},"keywordDensity":{"type":"best","score":9,"maxScore":9,"error":0}}},{"keyphrase":"Santa Teresa","score":100,"analysis":{"keyphraseInDescription":{"score":9,"maxScore":9,"error":0},"keyphraseLength":{"score":9,"maxScore":9,"error":0,"length":2},"keyphraseInIntroduction":{"score":9,"maxScore":9,"error":0},"keyphraseInImageAlt":{"score":9,"maxScore":9,"error":0},"keywordDensity":{"type":"best","score":9,"maxScore":9,"error":0}}}]},"primary_term":null,"canonical_url":null,"og_title":null,"og_description":null,"og_object_type":"default","og_image_type":"default","og_image_url":null,"og_image_width":null,"og_image_height":null,"og_image_custom_url":null,"og_image_custom_fields":null,"og_video":"","og_custom_url":null,"og_article_section":null,"og_article_tags":null,"twitter_use_og":false,"twitter_card":"default","twitter_image_type":"default","twitter_image_url":null,"twitter_image_custom_url":null,"twitter_image_custom_fields":null,"twitter_title":null,"twitter_description":null,"schema":{"blockGraphs":[],"customGraphs":[],"default":{"data":{"Article":[],"Course":[],"Dataset":[],"FAQPage":[],"Movie":[],"Person":[],"Product":[],"ProductReview":[],"Car":[],"Recipe":[],"Service":[],"SoftwareApplication":[],"WebPage":[]},"graphName":"NewsArticle","isEnabled":true},"graphs":[]},"schema_type":"default","schema_type_options":null,"pillar_content":false,"robots_default":true,"robots_noindex":false,"robots_noarchive":false,"robots_nosnippet":false,"robots_nofollow":false,"robots_noimageindex":false,"robots_noodp":false,"robots_notranslate":false,"robots_max_snippet":"-1","robots_max_videopreview":"-1","robots_max_imagepreview":"large","priority":null,"frequency":"default","local_seo":null,"seo_analyzer_scan_date":"2026-02-16 20:12:18","breadcrumb_settings":null,"limit_modified_date":false,"reviewed_by":"0","open_ai":"{\"title\":{\"suggestions\":[],\"usage\":0},\"description\":{\"suggestions\":[],\"usage\":0}}","ai":{"faqs":[],"keyPoints":[],"titles":[],"descriptions":[],"socialPosts":{"email":[],"linkedin":[],"twitter":[],"facebook":[],"instagram":[]}},"created":"2025-03-11 21:59:54","updated":"2026-03-06 15:45:34"},"aioseo_breadcrumb":"<div class=\"aioseo-breadcrumbs\"><span class=\"aioseo-breadcrumb\">\n\t<a href=\"https:\/\/soymigrante.com\/revista\" title=\"Home\">Home<\/a>\n<\/span><span class=\"aioseo-breadcrumb-separator\">\u00bb<\/span><span class=\"aioseo-breadcrumb\">\n\t<a href=\"https:\/\/soymigrante.com\/revista\/category\/guate-nuestra\/\" title=\"Guate Nuestra\">Guate Nuestra<\/a>\n<\/span><span class=\"aioseo-breadcrumb-separator\">\u00bb<\/span><span class=\"aioseo-breadcrumb\">\n\t<a href=\"https:\/\/soymigrante.com\/revista\/category\/guate-nuestra\/arte-cultura\/\" title=\"Cultura de Guatemala\">Cultura de Guatemala<\/a>\n<\/span><span class=\"aioseo-breadcrumb-separator\">\u00bb<\/span><span class=\"aioseo-breadcrumb\">\n\tJoyas de Antigua Guatemala: Convento de Santa Teresa fue c\u00e1rcel de hombres por m\u00e1s de 50 a\u00f1os\n<\/span><\/div>","aioseo_breadcrumb_json":[{"label":"Home","link":"https:\/\/soymigrante.com\/revista"},{"label":"Guate Nuestra","link":"https:\/\/soymigrante.com\/revista\/category\/guate-nuestra\/"},{"label":"Cultura de Guatemala","link":"https:\/\/soymigrante.com\/revista\/category\/guate-nuestra\/arte-cultura\/"},{"label":"Joyas de Antigua Guatemala: Convento de Santa Teresa fue c\u00e1rcel de hombres por m\u00e1s de 50 a\u00f1os","link":"https:\/\/soymigrante.com\/revista\/joya-colonial-de-antigua-guatemala-fue-carcel-de-hombres-durante-muchos-anos\/"}],"_links":{"self":[{"href":"https:\/\/soymigrante.com\/revista\/wp-json\/wp\/v2\/posts\/27854","targetHints":{"allow":["GET"]}}],"collection":[{"href":"https:\/\/soymigrante.com\/revista\/wp-json\/wp\/v2\/posts"}],"about":[{"href":"https:\/\/soymigrante.com\/revista\/wp-json\/wp\/v2\/types\/post"}],"author":[{"embeddable":true,"href":"https:\/\/soymigrante.com\/revista\/wp-json\/wp\/v2\/users\/7"}],"replies":[{"embeddable":true,"href":"https:\/\/soymigrante.com\/revista\/wp-json\/wp\/v2\/comments?post=27854"}],"version-history":[{"count":3,"href":"https:\/\/soymigrante.com\/revista\/wp-json\/wp\/v2\/posts\/27854\/revisions"}],"predecessor-version":[{"id":52413,"href":"https:\/\/soymigrante.com\/revista\/wp-json\/wp\/v2\/posts\/27854\/revisions\/52413"}],"wp:featuredmedia":[{"embeddable":true,"href":"https:\/\/soymigrante.com\/revista\/wp-json\/wp\/v2\/media\/27888"}],"wp:attachment":[{"href":"https:\/\/soymigrante.com\/revista\/wp-json\/wp\/v2\/media?parent=27854"}],"wp:term":[{"taxonomy":"category","embeddable":true,"href":"https:\/\/soymigrante.com\/revista\/wp-json\/wp\/v2\/categories?post=27854"},{"taxonomy":"post_tag","embeddable":true,"href":"https:\/\/soymigrante.com\/revista\/wp-json\/wp\/v2\/tags?post=27854"}],"curies":[{"name":"wp","href":"https:\/\/api.w.org\/{rel}","templated":true}]}}